{"id":113251,"date":"2019-01-02T22:23:18","date_gmt":"2019-01-02T22:23:18","guid":{"rendered":"http:\/\/candas365.es\/noticias\/?p=113251"},"modified":"2019-01-02T22:23:18","modified_gmt":"2019-01-02T22:23:18","slug":"jean-todt-a-michael-schumacher-le-ayudan-los-pensamientos-positivos","status":"publish","type":"post","link":"https:\/\/candas365.es\/noticias\/jean-todt-a-michael-schumacher-le-ayudan-los-pensamientos-positivos\/","title":{"rendered":"Jean Todt: A Michael Schumacher le ayudan los pensamientos positivos"},"content":{"rendered":"<p><img fetchpriority=\"high\" decoding=\"async\" class=\"alignleft size-medium wp-image-91805\" src=\"https:\/\/candas365.es\/noticias\/wp-content\/uploads\/2018\/03\/formula-1-630147_1280-360x239.jpg\" alt=\"\" width=\"360\" height=\"239\" srcset=\"https:\/\/candas365.es\/noticias\/wp-content\/uploads\/2018\/03\/formula-1-630147_1280-360x239.jpg 360w, https:\/\/candas365.es\/noticias\/wp-content\/uploads\/2018\/03\/formula-1-630147_1280-696x463.jpg 696w, https:\/\/candas365.es\/noticias\/wp-content\/uploads\/2018\/03\/formula-1-630147_1280-1068x710.jpg 1068w, https:\/\/candas365.es\/noticias\/wp-content\/uploads\/2018\/03\/formula-1-630147_1280-632x420.jpg 632w, https:\/\/candas365.es\/noticias\/wp-content\/uploads\/2018\/03\/formula-1-630147_1280-768x511.jpg 768w, https:\/\/candas365.es\/noticias\/wp-content\/uploads\/2018\/03\/formula-1-630147_1280-655x435.jpg 655w, https:\/\/candas365.es\/noticias\/wp-content\/uploads\/2018\/03\/formula-1-630147_1280.jpg 1280w\" sizes=\"(max-width: 360px) 100vw, 360px\" \/>Leipzig (Alemania), 2 ene (dpa) &#8211; Jean Todt, presidente de la Federaci\u00f3n Internacional de Automovilismo (FIA) y uno de los mejores amigos del ex piloto alem\u00e1n de F\u00f3rmula 1 Michael Schumacher, considera que la amistad que los une es \u00abun gran regalo\u00bb, seg\u00fan declar\u00f3 en una entrevista con el peri\u00f3dico \u00abDie Welt\u00bb publicada hoy.<\/p>\n<p>Schumacher, que se encuentra en un largo proceso de rehabilitaci\u00f3n amparado por la privacidad y la compa\u00f1\u00eda de su familia tras el accidente de esqu\u00ed que sufri\u00f3 a finales de 2013, cumple ma\u00f1ana 50 a\u00f1os.<\/p>\n<p>El ex piloto y siete veces campe\u00f3n del mundo de F\u00f3rmula 1 est\u00e1 luchando contra su terrible destino, subray\u00f3 Todt, de 72 a\u00f1os. \u00abSu familia tambi\u00e9n lucha (igual que \u00e9l), y, por su puesto, nuestra relaci\u00f3n, mejor dicho amistad, ya no puede ser como fue en el pasado, precisamente porque ya no tenemos la misma comunicaci\u00f3n que antes\u00bb, agreg\u00f3.<\/p>\n<p>Todt revel\u00f3 que visita a Schumacher al menos una vez al mes.<\/p>\n<p>Cuando visita a la leyenda del automovilismo alem\u00e1n, Todt no siente que no puede hacer nada. \u00abAl final, a \u00e9l solo le ayudan los pensamientos positivos\u00bb, coment\u00f3 el presidente de la FIA. \u00abA pesar de la situaci\u00f3n, tanto yo como toda su familia reaccionamos mentalmente en forma positiva\u00bb, agreg\u00f3 Todt.<\/p>\n","protected":false},"excerpt":{"rendered":"<p>Leipzig (Alemania), 2 ene (dpa) &#8211; Jean Todt, presidente de la Federaci\u00f3n Internacional de Automovilismo (FIA) y uno de los mejores amigos del ex piloto alem\u00e1n de F\u00f3rmula 1 Michael Schumacher, considera que la amistad que los une es \u00abun gran regalo\u00bb, seg\u00fan declar\u00f3 en una entrevista con el peri\u00f3dico \u00abDie Welt\u00bb publicada hoy. Schumacher,<\/p>\n","protected":false},"author":1,"featured_media":91805,"comment_status":"closed","ping_status":"closed","sticky":false,"template":"","format":"standard","meta":{"footnotes":""},"categories":[319],"tags":[],"class_list":{"0":"post-113251","1":"post","2":"type-post","3":"status-publish","4":"format-standard","5":"has-post-thumbnail","7":"category-deporte"},"aioseo_notices":[],"aioseo_head":"\n\t\t<!-- All in One SEO Pro 4.9.6.2 - aioseo.com -->\n\t<meta name=\"description\" content=\"Leipzig (Alemania), 2 ene (dpa) - Jean Todt, presidente de la Federaci\u00f3n Internacional de Automovilismo (FIA) y uno de los mejores amigos del ex piloto alem\u00e1n de F\u00f3rmula 1 Michael Schumacher, considera que la amistad que los une es &quot;un gran regalo&quot;, seg\u00fan declar\u00f3 en una entrevista con el peri\u00f3dico &quot;Die Welt&quot; publicada hoy. Schumacher,\" \/>\n\t<meta name=\"robots\" content=\"max-image-preview:large\" \/>\n\t<meta name=\"author\" content=\"Cand\u00e1s 365\"\/>\n\t<meta name=\"google-site-verification\" content=\"UA-32230408-1\" \/>\n\t<meta name=\"msvalidate.01\" content=\"354F3CDFB2DA171B47FBE9ABF1F88D5\" \/>\n\t<meta name=\"keywords\" content=\"deporte\" \/>\n\t<link rel=\"canonical\" href=\"https:\/\/candas365.es\/noticias\/jean-todt-a-michael-schumacher-le-ayudan-los-pensamientos-positivos\/\" \/>\n\t<meta name=\"generator\" content=\"All in One SEO Pro (AIOSEO) 4.9.6.2\" \/>\n\t\t<meta property=\"og:locale\" content=\"es_ES\" \/>\n\t\t<meta property=\"og:site_name\" content=\"Cand\u00e1s 365\" \/>\n\t\t<meta property=\"og:type\" content=\"article\" \/>\n\t\t<meta property=\"og:title\" content=\"Jean Todt: A Michael Schumacher le ayudan los pensamientos positivos | Cand\u00e1s 365\" \/>\n\t\t<meta property=\"og:description\" content=\"Leipzig (Alemania), 2 ene (dpa) - Jean Todt, presidente de la Federaci\u00f3n Internacional de Automovilismo (FIA) y uno de los mejores amigos del ex piloto alem\u00e1n de F\u00f3rmula 1 Michael Schumacher, considera que la amistad que los une es &quot;un gran regalo&quot;, seg\u00fan declar\u00f3 en una entrevista con el peri\u00f3dico &quot;Die Welt&quot; publicada hoy. Schumacher,\" \/>\n\t\t<meta property=\"og:url\" content=\"https:\/\/candas365.es\/noticias\/jean-todt-a-michael-schumacher-le-ayudan-los-pensamientos-positivos\/\" \/>\n\t\t<meta property=\"og:image\" content=\"https:\/\/candas365.es\/noticias\/wp-content\/uploads\/2018\/03\/formula-1-630147_1280.jpg\" \/>\n\t\t<meta property=\"og:image:secure_url\" content=\"https:\/\/candas365.es\/noticias\/wp-content\/uploads\/2018\/03\/formula-1-630147_1280.jpg\" \/>\n\t\t<meta property=\"og:image:width\" content=\"1280\" \/>\n\t\t<meta property=\"og:image:height\" content=\"851\" \/>\n\t\t<meta property=\"article:published_time\" content=\"2019-01-02T22:23:18+00:00\" \/>\n\t\t<meta property=\"article:modified_time\" content=\"2019-01-02T22:23:18+00:00\" \/>\n\t\t<meta property=\"article:publisher\" content=\"https:\/\/www.facebook.com\/Nachofdezber\" \/>\n\t\t<meta property=\"article:author\" content=\"https:\/\/www.facebook.com\/carrenoactualidad\" \/>\n\t\t<meta name=\"twitter:card\" content=\"summary_large_image\" \/>\n\t\t<meta name=\"twitter:site\" content=\"@NabercoDigital\" \/>\n\t\t<meta name=\"twitter:title\" content=\"Jean Todt: A Michael Schumacher le ayudan los pensamientos positivos | Cand\u00e1s 365\" \/>\n\t\t<meta name=\"twitter:description\" content=\"Leipzig (Alemania), 2 ene (dpa) - Jean Todt, presidente de la Federaci\u00f3n Internacional de Automovilismo (FIA) y uno de los mejores amigos del ex piloto alem\u00e1n de F\u00f3rmula 1 Michael Schumacher, considera que la amistad que los une es &quot;un gran regalo&quot;, seg\u00fan declar\u00f3 en una entrevista con el peri\u00f3dico &quot;Die Welt&quot; publicada hoy. Schumacher,\" \/>\n\t\t<meta name=\"twitter:creator\" content=\"@nbasturias\" \/>\n\t\t<meta name=\"twitter:image\" content=\"https:\/\/candas365.es\/noticias\/wp-content\/uploads\/2018\/03\/formula-1-630147_1280.jpg\" \/>\n\t\t<meta name=\"twitter:label1\" content=\"Escrito por\" \/>\n\t\t<meta name=\"twitter:data1\" content=\"Cand\u00e1s 365\" \/>\n\t\t<meta name=\"twitter:label2\" content=\"Tiempo de lectura estimado\" \/>\n\t\t<meta name=\"twitter:data2\" content=\"1 minuto\" \/>\n\t\t<script type=\"application\/ld+json\" class=\"aioseo-schema\">\n\t\t\t{\"@context\":\"https:\\\/\\\/schema.org\",\"@graph\":[{\"@type\":\"BreadcrumbList\",\"@id\":\"https:\\\/\\\/candas365.es\\\/noticias\\\/jean-todt-a-michael-schumacher-le-ayudan-los-pensamientos-positivos\\\/#breadcrumblist\",\"itemListElement\":[{\"@type\":\"ListItem\",\"@id\":\"https:\\\/\\\/candas365.es\\\/noticias#listItem\",\"position\":1,\"name\":\"Home\",\"item\":\"https:\\\/\\\/candas365.es\\\/noticias\",\"nextItem\":{\"@type\":\"ListItem\",\"@id\":\"https:\\\/\\\/candas365.es\\\/noticias\\\/category\\\/deporte\\\/#listItem\",\"name\":\"Deporte\"}},{\"@type\":\"ListItem\",\"@id\":\"https:\\\/\\\/candas365.es\\\/noticias\\\/category\\\/deporte\\\/#listItem\",\"position\":2,\"name\":\"Deporte\",\"item\":\"https:\\\/\\\/candas365.es\\\/noticias\\\/category\\\/deporte\\\/\",\"nextItem\":{\"@type\":\"ListItem\",\"@id\":\"https:\\\/\\\/candas365.es\\\/noticias\\\/jean-todt-a-michael-schumacher-le-ayudan-los-pensamientos-positivos\\\/#listItem\",\"name\":\"Jean Todt: A Michael Schumacher le ayudan los pensamientos positivos\"},\"previousItem\":{\"@type\":\"ListItem\",\"@id\":\"https:\\\/\\\/candas365.es\\\/noticias#listItem\",\"name\":\"Home\"}},{\"@type\":\"ListItem\",\"@id\":\"https:\\\/\\\/candas365.es\\\/noticias\\\/jean-todt-a-michael-schumacher-le-ayudan-los-pensamientos-positivos\\\/#listItem\",\"position\":3,\"name\":\"Jean Todt: A Michael Schumacher le ayudan los pensamientos positivos\",\"previousItem\":{\"@type\":\"ListItem\",\"@id\":\"https:\\\/\\\/candas365.es\\\/noticias\\\/category\\\/deporte\\\/#listItem\",\"name\":\"Deporte\"}}]},{\"@type\":\"NewsArticle\",\"@id\":\"https:\\\/\\\/candas365.es\\\/noticias\\\/jean-todt-a-michael-schumacher-le-ayudan-los-pensamientos-positivos\\\/#newsarticle\",\"name\":\"Jean Todt: A Michael Schumacher le ayudan los pensamientos positivos | Cand\\u00e1s 365\",\"headline\":\"Jean Todt: A Michael Schumacher le ayudan los pensamientos positivos\",\"author\":{\"@id\":\"https:\\\/\\\/candas365.es\\\/noticias\\\/author\\\/admin\\\/#author\"},\"publisher\":{\"@id\":\"https:\\\/\\\/candas365.es\\\/noticias\\\/#organization\"},\"image\":{\"@type\":\"ImageObject\",\"url\":\"https:\\\/\\\/candas365.es\\\/noticias\\\/wp-content\\\/uploads\\\/2018\\\/03\\\/formula-1-630147_1280.jpg\",\"width\":1280,\"height\":851},\"datePublished\":\"2019-01-02T22:23:18+01:00\",\"dateModified\":\"2019-01-02T22:23:18+01:00\",\"inLanguage\":\"es-ES\",\"mainEntityOfPage\":{\"@id\":\"https:\\\/\\\/candas365.es\\\/noticias\\\/jean-todt-a-michael-schumacher-le-ayudan-los-pensamientos-positivos\\\/#webpage\"},\"isPartOf\":{\"@id\":\"https:\\\/\\\/candas365.es\\\/noticias\\\/jean-todt-a-michael-schumacher-le-ayudan-los-pensamientos-positivos\\\/#webpage\"},\"articleSection\":\"Deporte\",\"dateline\":\"Publicado el enero 2, 2019.\"},{\"@type\":\"Organization\",\"@id\":\"https:\\\/\\\/candas365.es\\\/noticias\\\/#organization\",\"name\":\"Cand\\u00e1s 365\",\"description\":\"Cand\\u00e1s 365 es un diario digital independiente, fundado en 2012, con base en Asturias. Informamos con rigor sobre actualidad, sociedad, cultura y ocio, con una mirada local y global.\",\"url\":\"https:\\\/\\\/candas365.es\\\/noticias\\\/\",\"email\":\"info@candas365.es\",\"telephone\":\"+34652131393\",\"foundingDate\":\"2012-06-10\",\"logo\":{\"@type\":\"ImageObject\",\"url\":\"https:\\\/\\\/candas365.es\\\/noticias\\\/wp-content\\\/uploads\\\/2024\\\/09\\\/Candas-365-Redes.jpg\",\"@id\":\"https:\\\/\\\/candas365.es\\\/noticias\\\/jean-todt-a-michael-schumacher-le-ayudan-los-pensamientos-positivos\\\/#organizationLogo\",\"width\":1152,\"height\":864,\"caption\":\"Cand\\u00e1s 365 Redes\"},\"image\":{\"@id\":\"https:\\\/\\\/candas365.es\\\/noticias\\\/jean-todt-a-michael-schumacher-le-ayudan-los-pensamientos-positivos\\\/#organizationLogo\"},\"sameAs\":[\"https:\\\/\\\/www.facebook.com\\\/Nachofdezber\",\"https:\\\/\\\/x.com\\\/NabercoDigital\",\"https:\\\/\\\/www.instagram.com\\\/nachofdezber\\\/\",\"https:\\\/\\\/www.youtube.com\\\/channel\\\/UCZP-2wLEB9Rv6erhFmqVnvg\"],\"address\":{\"@id\":\"https:\\\/\\\/candas365.es\\\/noticias\\\/#postaladdress\",\"@type\":\"PostalAddress\",\"streetAddress\":\"san antonio 4, san antonio 4\",\"postalCode\":\"33430\",\"addressLocality\":\"Cand\\u00e1s\",\"addressRegion\":\"Asturias\",\"addressCountry\":\"ES\"}},{\"@type\":\"Person\",\"@id\":\"https:\\\/\\\/candas365.es\\\/noticias\\\/author\\\/admin\\\/#author\",\"url\":\"https:\\\/\\\/candas365.es\\\/noticias\\\/author\\\/admin\\\/\",\"name\":\"Cand\\u00e1s 365\",\"image\":{\"@type\":\"ImageObject\",\"@id\":\"https:\\\/\\\/candas365.es\\\/noticias\\\/jean-todt-a-michael-schumacher-le-ayudan-los-pensamientos-positivos\\\/#authorImage\",\"url\":\"https:\\\/\\\/secure.gravatar.com\\\/avatar\\\/496a8e03d0c493ede1718b7934145dbdf8d89be1036b0eec9544e1094c9de390?s=96&d=mm&r=g\",\"width\":96,\"height\":96,\"caption\":\"Cand\\u00e1s 365\"},\"sameAs\":[\"https:\\\/\\\/www.facebook.com\\\/carrenoactualidad\",\"https:\\\/\\\/twitter.com\\\/nbasturias\",\"https:\\\/\\\/www.instagram.com\\\/nachofdezber\\\/\",\"https:\\\/\\\/www.youtube.com\\\/channel\\\/UCZP-2wLEB9Rv6erhFmqVnvg\"]},{\"@type\":\"WebPage\",\"@id\":\"https:\\\/\\\/candas365.es\\\/noticias\\\/jean-todt-a-michael-schumacher-le-ayudan-los-pensamientos-positivos\\\/#webpage\",\"url\":\"https:\\\/\\\/candas365.es\\\/noticias\\\/jean-todt-a-michael-schumacher-le-ayudan-los-pensamientos-positivos\\\/\",\"name\":\"Jean Todt: A Michael Schumacher le ayudan los pensamientos positivos | Cand\\u00e1s 365\",\"description\":\"Leipzig (Alemania), 2 ene (dpa) - Jean Todt, presidente de la Federaci\\u00f3n Internacional de Automovilismo (FIA) y uno de los mejores amigos del ex piloto alem\\u00e1n de F\\u00f3rmula 1 Michael Schumacher, considera que la amistad que los une es \\\"un gran regalo\\\", seg\\u00fan declar\\u00f3 en una entrevista con el peri\\u00f3dico \\\"Die Welt\\\" publicada hoy. Schumacher,\",\"inLanguage\":\"es-ES\",\"isPartOf\":{\"@id\":\"https:\\\/\\\/candas365.es\\\/noticias\\\/#website\"},\"breadcrumb\":{\"@id\":\"https:\\\/\\\/candas365.es\\\/noticias\\\/jean-todt-a-michael-schumacher-le-ayudan-los-pensamientos-positivos\\\/#breadcrumblist\"},\"author\":{\"@id\":\"https:\\\/\\\/candas365.es\\\/noticias\\\/author\\\/admin\\\/#author\"},\"creator\":{\"@id\":\"https:\\\/\\\/candas365.es\\\/noticias\\\/author\\\/admin\\\/#author\"},\"image\":{\"@type\":\"ImageObject\",\"url\":\"https:\\\/\\\/candas365.es\\\/noticias\\\/wp-content\\\/uploads\\\/2018\\\/03\\\/formula-1-630147_1280.jpg\",\"@id\":\"https:\\\/\\\/candas365.es\\\/noticias\\\/jean-todt-a-michael-schumacher-le-ayudan-los-pensamientos-positivos\\\/#mainImage\",\"width\":1280,\"height\":851},\"primaryImageOfPage\":{\"@id\":\"https:\\\/\\\/candas365.es\\\/noticias\\\/jean-todt-a-michael-schumacher-le-ayudan-los-pensamientos-positivos\\\/#mainImage\"},\"datePublished\":\"2019-01-02T22:23:18+01:00\",\"dateModified\":\"2019-01-02T22:23:18+01:00\"},{\"@type\":\"WebSite\",\"@id\":\"https:\\\/\\\/candas365.es\\\/noticias\\\/#website\",\"url\":\"https:\\\/\\\/candas365.es\\\/noticias\\\/\",\"name\":\"Cand\\u00e1s 365\",\"alternateName\":\"Cand\\u00e1s 365 Noticias\",\"description\":\"Actualidad desde Carre\\u00f1o para el mundo\",\"inLanguage\":\"es-ES\",\"publisher\":{\"@id\":\"https:\\\/\\\/candas365.es\\\/noticias\\\/#organization\"}}]}\n\t\t<\/script>\n\t\t<!-- All in One SEO Pro -->\r\n\t\t<title>Jean Todt: A Michael Schumacher le ayudan los pensamientos positivos | Cand\u00e1s 365<\/title>\n\n","aioseo_head_json":{"title":"Jean Todt: A Michael Schumacher le ayudan los pensamientos positivos | Cand\u00e1s 365","description":"Leipzig (Alemania), 2 ene (dpa) - Jean Todt, presidente de la Federaci\u00f3n Internacional de Automovilismo (FIA) y uno de los mejores amigos del ex piloto alem\u00e1n de F\u00f3rmula 1 Michael Schumacher, considera que la amistad que los une es \"un gran regalo\", seg\u00fan declar\u00f3 en una entrevista con el peri\u00f3dico \"Die Welt\" publicada hoy. Schumacher,","canonical_url":"https:\/\/candas365.es\/noticias\/jean-todt-a-michael-schumacher-le-ayudan-los-pensamientos-positivos\/","robots":"max-image-preview:large","keywords":"deporte","webmasterTools":{"google-site-verification":"UA-32230408-1","msvalidate.01":"354F3CDFB2DA171B47FBE9ABF1F88D5","miscellaneous":""},"schema":{"@context":"https:\/\/schema.org","@graph":[{"@type":"BreadcrumbList","@id":"https:\/\/candas365.es\/noticias\/jean-todt-a-michael-schumacher-le-ayudan-los-pensamientos-positivos\/#breadcrumblist","itemListElement":[{"@type":"ListItem","@id":"https:\/\/candas365.es\/noticias#listItem","position":1,"name":"Home","item":"https:\/\/candas365.es\/noticias","nextItem":{"@type":"ListItem","@id":"https:\/\/candas365.es\/noticias\/category\/deporte\/#listItem","name":"Deporte"}},{"@type":"ListItem","@id":"https:\/\/candas365.es\/noticias\/category\/deporte\/#listItem","position":2,"name":"Deporte","item":"https:\/\/candas365.es\/noticias\/category\/deporte\/","nextItem":{"@type":"ListItem","@id":"https:\/\/candas365.es\/noticias\/jean-todt-a-michael-schumacher-le-ayudan-los-pensamientos-positivos\/#listItem","name":"Jean Todt: A Michael Schumacher le ayudan los pensamientos positivos"},"previousItem":{"@type":"ListItem","@id":"https:\/\/candas365.es\/noticias#listItem","name":"Home"}},{"@type":"ListItem","@id":"https:\/\/candas365.es\/noticias\/jean-todt-a-michael-schumacher-le-ayudan-los-pensamientos-positivos\/#listItem","position":3,"name":"Jean Todt: A Michael Schumacher le ayudan los pensamientos positivos","previousItem":{"@type":"ListItem","@id":"https:\/\/candas365.es\/noticias\/category\/deporte\/#listItem","name":"Deporte"}}]},{"@type":"NewsArticle","@id":"https:\/\/candas365.es\/noticias\/jean-todt-a-michael-schumacher-le-ayudan-los-pensamientos-positivos\/#newsarticle","name":"Jean Todt: A Michael Schumacher le ayudan los pensamientos positivos | Cand\u00e1s 365","headline":"Jean Todt: A Michael Schumacher le ayudan los pensamientos positivos","author":{"@id":"https:\/\/candas365.es\/noticias\/author\/admin\/#author"},"publisher":{"@id":"https:\/\/candas365.es\/noticias\/#organization"},"image":{"@type":"ImageObject","url":"https:\/\/candas365.es\/noticias\/wp-content\/uploads\/2018\/03\/formula-1-630147_1280.jpg","width":1280,"height":851},"datePublished":"2019-01-02T22:23:18+01:00","dateModified":"2019-01-02T22:23:18+01:00","inLanguage":"es-ES","mainEntityOfPage":{"@id":"https:\/\/candas365.es\/noticias\/jean-todt-a-michael-schumacher-le-ayudan-los-pensamientos-positivos\/#webpage"},"isPartOf":{"@id":"https:\/\/candas365.es\/noticias\/jean-todt-a-michael-schumacher-le-ayudan-los-pensamientos-positivos\/#webpage"},"articleSection":"Deporte","dateline":"Publicado el enero 2, 2019."},{"@type":"Organization","@id":"https:\/\/candas365.es\/noticias\/#organization","name":"Cand\u00e1s 365","description":"Cand\u00e1s 365 es un diario digital independiente, fundado en 2012, con base en Asturias. Informamos con rigor sobre actualidad, sociedad, cultura y ocio, con una mirada local y global.","url":"https:\/\/candas365.es\/noticias\/","email":"info@candas365.es","telephone":"+34652131393","foundingDate":"2012-06-10","logo":{"@type":"ImageObject","url":"https:\/\/candas365.es\/noticias\/wp-content\/uploads\/2024\/09\/Candas-365-Redes.jpg","@id":"https:\/\/candas365.es\/noticias\/jean-todt-a-michael-schumacher-le-ayudan-los-pensamientos-positivos\/#organizationLogo","width":1152,"height":864,"caption":"Cand\u00e1s 365 Redes"},"image":{"@id":"https:\/\/candas365.es\/noticias\/jean-todt-a-michael-schumacher-le-ayudan-los-pensamientos-positivos\/#organizationLogo"},"sameAs":["https:\/\/www.facebook.com\/Nachofdezber","https:\/\/x.com\/NabercoDigital","https:\/\/www.instagram.com\/nachofdezber\/","https:\/\/www.youtube.com\/channel\/UCZP-2wLEB9Rv6erhFmqVnvg"],"address":{"@id":"https:\/\/candas365.es\/noticias\/#postaladdress","@type":"PostalAddress","streetAddress":"san antonio 4, san antonio 4","postalCode":"33430","addressLocality":"Cand\u00e1s","addressRegion":"Asturias","addressCountry":"ES"}},{"@type":"Person","@id":"https:\/\/candas365.es\/noticias\/author\/admin\/#author","url":"https:\/\/candas365.es\/noticias\/author\/admin\/","name":"Cand\u00e1s 365","image":{"@type":"ImageObject","@id":"https:\/\/candas365.es\/noticias\/jean-todt-a-michael-schumacher-le-ayudan-los-pensamientos-positivos\/#authorImage","url":"https:\/\/secure.gravatar.com\/avatar\/496a8e03d0c493ede1718b7934145dbdf8d89be1036b0eec9544e1094c9de390?s=96&d=mm&r=g","width":96,"height":96,"caption":"Cand\u00e1s 365"},"sameAs":["https:\/\/www.facebook.com\/carrenoactualidad","https:\/\/twitter.com\/nbasturias","https:\/\/www.instagram.com\/nachofdezber\/","https:\/\/www.youtube.com\/channel\/UCZP-2wLEB9Rv6erhFmqVnvg"]},{"@type":"WebPage","@id":"https:\/\/candas365.es\/noticias\/jean-todt-a-michael-schumacher-le-ayudan-los-pensamientos-positivos\/#webpage","url":"https:\/\/candas365.es\/noticias\/jean-todt-a-michael-schumacher-le-ayudan-los-pensamientos-positivos\/","name":"Jean Todt: A Michael Schumacher le ayudan los pensamientos positivos | Cand\u00e1s 365","description":"Leipzig (Alemania), 2 ene (dpa) - Jean Todt, presidente de la Federaci\u00f3n Internacional de Automovilismo (FIA) y uno de los mejores amigos del ex piloto alem\u00e1n de F\u00f3rmula 1 Michael Schumacher, considera que la amistad que los une es \"un gran regalo\", seg\u00fan declar\u00f3 en una entrevista con el peri\u00f3dico \"Die Welt\" publicada hoy. Schumacher,","inLanguage":"es-ES","isPartOf":{"@id":"https:\/\/candas365.es\/noticias\/#website"},"breadcrumb":{"@id":"https:\/\/candas365.es\/noticias\/jean-todt-a-michael-schumacher-le-ayudan-los-pensamientos-positivos\/#breadcrumblist"},"author":{"@id":"https:\/\/candas365.es\/noticias\/author\/admin\/#author"},"creator":{"@id":"https:\/\/candas365.es\/noticias\/author\/admin\/#author"},"image":{"@type":"ImageObject","url":"https:\/\/candas365.es\/noticias\/wp-content\/uploads\/2018\/03\/formula-1-630147_1280.jpg","@id":"https:\/\/candas365.es\/noticias\/jean-todt-a-michael-schumacher-le-ayudan-los-pensamientos-positivos\/#mainImage","width":1280,"height":851},"primaryImageOfPage":{"@id":"https:\/\/candas365.es\/noticias\/jean-todt-a-michael-schumacher-le-ayudan-los-pensamientos-positivos\/#mainImage"},"datePublished":"2019-01-02T22:23:18+01:00","dateModified":"2019-01-02T22:23:18+01:00"},{"@type":"WebSite","@id":"https:\/\/candas365.es\/noticias\/#website","url":"https:\/\/candas365.es\/noticias\/","name":"Cand\u00e1s 365","alternateName":"Cand\u00e1s 365 Noticias","description":"Actualidad desde Carre\u00f1o para el mundo","inLanguage":"es-ES","publisher":{"@id":"https:\/\/candas365.es\/noticias\/#organization"}}]},"og:locale":"es_ES","og:site_name":"Cand\u00e1s 365","og:type":"article","og:title":"Jean Todt: A Michael Schumacher le ayudan los pensamientos positivos | Cand\u00e1s 365","og:description":"Leipzig (Alemania), 2 ene (dpa) - Jean Todt, presidente de la Federaci\u00f3n Internacional de Automovilismo (FIA) y uno de los mejores amigos del ex piloto alem\u00e1n de F\u00f3rmula 1 Michael Schumacher, considera que la amistad que los une es &quot;un gran regalo&quot;, seg\u00fan declar\u00f3 en una entrevista con el peri\u00f3dico &quot;Die Welt&quot; publicada hoy. Schumacher,","og:url":"https:\/\/candas365.es\/noticias\/jean-todt-a-michael-schumacher-le-ayudan-los-pensamientos-positivos\/","og:image":"https:\/\/candas365.es\/noticias\/wp-content\/uploads\/2018\/03\/formula-1-630147_1280.jpg","og:image:secure_url":"https:\/\/candas365.es\/noticias\/wp-content\/uploads\/2018\/03\/formula-1-630147_1280.jpg","og:image:width":1280,"og:image:height":851,"article:published_time":"2019-01-02T22:23:18+00:00","article:modified_time":"2019-01-02T22:23:18+00:00","article:publisher":"https:\/\/www.facebook.com\/Nachofdezber","article:author":"https:\/\/www.facebook.com\/carrenoactualidad","twitter:card":"summary_large_image","twitter:site":"@NabercoDigital","twitter:title":"Jean Todt: A Michael Schumacher le ayudan los pensamientos positivos | Cand\u00e1s 365","twitter:description":"Leipzig (Alemania), 2 ene (dpa) - Jean Todt, presidente de la Federaci\u00f3n Internacional de Automovilismo (FIA) y uno de los mejores amigos del ex piloto alem\u00e1n de F\u00f3rmula 1 Michael Schumacher, considera que la amistad que los une es &quot;un gran regalo&quot;, seg\u00fan declar\u00f3 en una entrevista con el peri\u00f3dico &quot;Die Welt&quot; publicada hoy. Schumacher,","twitter:creator":"@nbasturias","twitter:image":"https:\/\/candas365.es\/noticias\/wp-content\/uploads\/2018\/03\/formula-1-630147_1280.jpg","twitter:label1":"Escrito por","twitter:data1":"Cand\u00e1s 365","twitter:label2":"Tiempo de lectura estimado","twitter:data2":"1 minuto"},"aioseo_meta_data":{"post_id":"113251","title":null,"description":null,"keywords":null,"keyphrases":null,"primary_term":null,"canonical_url":null,"og_title":null,"og_description":null,"og_object_type":"default","og_image_type":"default","og_image_url":null,"og_image_width":null,"og_image_height":null,"og_image_custom_url":null,"og_image_custom_fields":null,"og_video":null,"og_custom_url":null,"og_article_section":null,"og_article_tags":null,"twitter_use_og":false,"twitter_card":"default","twitter_image_type":"default","twitter_image_url":null,"twitter_image_custom_url":null,"twitter_image_custom_fields":null,"twitter_title":null,"twitter_description":null,"schema":{"blockGraphs":[],"customGraphs":[],"default":{"data":{"Article":[],"Course":[],"Dataset":[],"FAQPage":[],"Movie":[],"Person":[],"Product":[],"ProductReview":[],"Car":[],"Recipe":[],"Service":[],"SoftwareApplication":[],"WebPage":[]},"graphName":"","isEnabled":true},"graphs":[]},"schema_type":null,"schema_type_options":null,"pillar_content":false,"robots_default":true,"robots_noindex":false,"robots_noarchive":false,"robots_nosnippet":false,"robots_nofollow":false,"robots_noimageindex":false,"robots_noodp":false,"robots_notranslate":false,"robots_max_snippet":null,"robots_max_videopreview":null,"robots_max_imagepreview":"large","priority":null,"frequency":null,"location":null,"local_seo":null,"seo_analyzer_scan_date":"2025-08-28 20:51:13","breadcrumb_settings":null,"limit_modified_date":false,"reviewed_by":null,"open_ai":null,"ai":null,"created":"2020-12-21 11:29:56","updated":"2025-08-28 20:51:13"},"aioseo_breadcrumb":"<div class=\"aioseo-breadcrumbs\"><span class=\"aioseo-breadcrumb\">\n\t<a href=\"https:\/\/candas365.es\/noticias\" title=\"Home\">Home<\/a>\n<\/span><span class=\"aioseo-breadcrumb-separator\">&ndash;<\/span><span class=\"aioseo-breadcrumb\">\n\t<a href=\"https:\/\/candas365.es\/noticias\/category\/deporte\/\" title=\"Deporte\">Deporte<\/a>\n<\/span><span class=\"aioseo-breadcrumb-separator\">&ndash;<\/span><span class=\"aioseo-breadcrumb\">\n\tJean Todt: A Michael Schumacher le ayudan los pensamientos positivos\n<\/span><\/div>","aioseo_breadcrumb_json":[{"label":"Home","link":"https:\/\/candas365.es\/noticias"},{"label":"Deporte","link":"https:\/\/candas365.es\/noticias\/category\/deporte\/"},{"label":"Jean Todt: A Michael Schumacher le ayudan los pensamientos positivos","link":"https:\/\/candas365.es\/noticias\/jean-todt-a-michael-schumacher-le-ayudan-los-pensamientos-positivos\/"}],"_links":{"self":[{"href":"https:\/\/candas365.es\/noticias\/wp-json\/wp\/v2\/posts\/113251","targetHints":{"allow":["GET"]}}],"collection":[{"href":"https:\/\/candas365.es\/noticias\/wp-json\/wp\/v2\/posts"}],"about":[{"href":"https:\/\/candas365.es\/noticias\/wp-json\/wp\/v2\/types\/post"}],"author":[{"embeddable":true,"href":"https:\/\/candas365.es\/noticias\/wp-json\/wp\/v2\/users\/1"}],"replies":[{"embeddable":true,"href":"https:\/\/candas365.es\/noticias\/wp-json\/wp\/v2\/comments?post=113251"}],"version-history":[{"count":0,"href":"https:\/\/candas365.es\/noticias\/wp-json\/wp\/v2\/posts\/113251\/revisions"}],"wp:featuredmedia":[{"embeddable":true,"href":"https:\/\/candas365.es\/noticias\/wp-json\/wp\/v2\/media\/91805"}],"wp:attachment":[{"href":"https:\/\/candas365.es\/noticias\/wp-json\/wp\/v2\/media?parent=113251"}],"wp:term":[{"taxonomy":"category","embeddable":true,"href":"https:\/\/candas365.es\/noticias\/wp-json\/wp\/v2\/categories?post=113251"},{"taxonomy":"post_tag","embeddable":true,"href":"https:\/\/candas365.es\/noticias\/wp-json\/wp\/v2\/tags?post=113251"}],"curies":[{"name":"wp","href":"https:\/\/api.w.org\/{rel}","templated":true}]}}