{"id":113249,"date":"2019-01-02T22:19:09","date_gmt":"2019-01-02T22:19:09","guid":{"rendered":"http:\/\/candas365.es\/noticias\/?p=113249"},"modified":"2019-01-02T22:19:09","modified_gmt":"2019-01-02T22:19:09","slug":"la-tasa-de-empleo-en-alemania-aumenta-a-nivel-record-desde-la-reunificacion","status":"publish","type":"post","link":"https:\/\/candas365.es\/noticias\/la-tasa-de-empleo-en-alemania-aumenta-a-nivel-record-desde-la-reunificacion\/","title":{"rendered":"La tasa de empleo en Alemania aumenta a nivel r\u00e9cord desde la reunificaci\u00f3n"},"content":{"rendered":"<p><img fetchpriority=\"high\" decoding=\"async\" class=\"alignleft size-medium wp-image-110949\" src=\"https:\/\/candas365.es\/noticias\/wp-content\/uploads\/2018\/11\/business-1477601_960_720-360x239.jpg\" alt=\"\" width=\"360\" height=\"239\" srcset=\"https:\/\/candas365.es\/noticias\/wp-content\/uploads\/2018\/11\/business-1477601_960_720-360x239.jpg 360w, https:\/\/candas365.es\/noticias\/wp-content\/uploads\/2018\/11\/business-1477601_960_720-768x510.jpg 768w, https:\/\/candas365.es\/noticias\/wp-content\/uploads\/2018\/11\/business-1477601_960_720-655x435.jpg 655w, https:\/\/candas365.es\/noticias\/wp-content\/uploads\/2018\/11\/business-1477601_960_720-696x463.jpg 696w, https:\/\/candas365.es\/noticias\/wp-content\/uploads\/2018\/11\/business-1477601_960_720-632x420.jpg 632w, https:\/\/candas365.es\/noticias\/wp-content\/uploads\/2018\/11\/business-1477601_960_720.jpg 960w\" sizes=\"(max-width: 360px) 100vw, 360px\" \/>Wiesbaden, 2 ene (dpa) &#8211; A pesar del envejecimiento de la sociedad en Alemania, en 2018 hubo tantas personas con empleo como nunca antes desde la reunificaci\u00f3n, inform\u00f3 hoy la Oficina Federal de Estad\u00edstica en Wiesbaden en base a datos provisionales.<\/p>\n<p>Seg\u00fan las estad\u00edsticas, una media de 44,8 millones de personas ten\u00edan empleo en 2018. Esto significa un aumento del 1,3 por ciento en un a\u00f1o y el nivel m\u00e1s alto desde 1991.<\/p>\n<p>Una mayor proporci\u00f3n de ciudadanos alemanes empleados y la afluencia de trabajadores extranjeros compensaron los efectos negativos del cambio demogr\u00e1fico, detalla el comunicado.<\/p>\n<p>Con un aumento de 384.000 empleados, el crecimiento en cifras absolutas fue especialmente elevado en el sector de los servicios. En particular, se crearon nuevos puestos de trabajo en los proveedores de servicios p\u00fablicos y en los sectores de la educaci\u00f3n y la salud.<\/p>\n<p>El empleo en la industria se desarroll\u00f3 a un ritmo superior a la media, indica el informe. En cifras absolutas, el incremento fue de 139.000 personas empleadas.<\/p>\n<p>El n\u00famero de empleos de escasa entidad disminuy\u00f3, al tiempo que creci\u00f3 el n\u00famero de personas sujetas a las cotizaciones a la seguridad social.<\/p>\n","protected":false},"excerpt":{"rendered":"<p>Wiesbaden, 2 ene (dpa) &#8211; A pesar del envejecimiento de la sociedad en Alemania, en 2018 hubo tantas personas con empleo como nunca antes desde la reunificaci\u00f3n, inform\u00f3 hoy la Oficina Federal de Estad\u00edstica en Wiesbaden en base a datos provisionales. Seg\u00fan las estad\u00edsticas, una media de 44,8 millones de personas ten\u00edan empleo en 2018.<\/p>\n","protected":false},"author":1,"featured_media":110949,"comment_status":"closed","ping_status":"closed","sticky":false,"template":"","format":"standard","meta":{"footnotes":""},"categories":[343],"tags":[],"class_list":{"0":"post-113249","1":"post","2":"type-post","3":"status-publish","4":"format-standard","5":"has-post-thumbnail","7":"category-actualidad"},"aioseo_notices":[],"aioseo_head":"\n\t\t<!-- All in One SEO Pro 4.9.6.2 - aioseo.com -->\n\t<meta name=\"description\" content=\"Wiesbaden, 2 ene (dpa) - A pesar del envejecimiento de la sociedad en Alemania, en 2018 hubo tantas personas con empleo como nunca antes desde la reunificaci\u00f3n, inform\u00f3 hoy la Oficina Federal de Estad\u00edstica en Wiesbaden en base a datos provisionales. Seg\u00fan las estad\u00edsticas, una media de 44,8 millones de personas ten\u00edan empleo en 2018.\" \/>\n\t<meta name=\"robots\" content=\"max-image-preview:large\" \/>\n\t<meta name=\"author\" content=\"Cand\u00e1s 365\"\/>\n\t<meta name=\"google-site-verification\" content=\"UA-32230408-1\" \/>\n\t<meta name=\"msvalidate.01\" content=\"354F3CDFB2DA171B47FBE9ABF1F88D5\" \/>\n\t<meta name=\"keywords\" content=\"actualidad\" \/>\n\t<link rel=\"canonical\" href=\"https:\/\/candas365.es\/noticias\/la-tasa-de-empleo-en-alemania-aumenta-a-nivel-record-desde-la-reunificacion\/\" \/>\n\t<meta name=\"generator\" content=\"All in One SEO Pro (AIOSEO) 4.9.6.2\" \/>\n\t\t<meta property=\"og:locale\" content=\"es_ES\" \/>\n\t\t<meta property=\"og:site_name\" content=\"Cand\u00e1s 365\" \/>\n\t\t<meta property=\"og:type\" content=\"article\" \/>\n\t\t<meta property=\"og:title\" content=\"La tasa de empleo en Alemania aumenta a nivel r\u00e9cord desde la reunificaci\u00f3n | Cand\u00e1s 365\" \/>\n\t\t<meta property=\"og:description\" content=\"Wiesbaden, 2 ene (dpa) - A pesar del envejecimiento de la sociedad en Alemania, en 2018 hubo tantas personas con empleo como nunca antes desde la reunificaci\u00f3n, inform\u00f3 hoy la Oficina Federal de Estad\u00edstica en Wiesbaden en base a datos provisionales. Seg\u00fan las estad\u00edsticas, una media de 44,8 millones de personas ten\u00edan empleo en 2018.\" \/>\n\t\t<meta property=\"og:url\" content=\"https:\/\/candas365.es\/noticias\/la-tasa-de-empleo-en-alemania-aumenta-a-nivel-record-desde-la-reunificacion\/\" \/>\n\t\t<meta property=\"og:image\" content=\"https:\/\/candas365.es\/noticias\/wp-content\/uploads\/2018\/11\/business-1477601_960_720.jpg\" \/>\n\t\t<meta property=\"og:image:secure_url\" content=\"https:\/\/candas365.es\/noticias\/wp-content\/uploads\/2018\/11\/business-1477601_960_720.jpg\" \/>\n\t\t<meta property=\"og:image:width\" content=\"960\" \/>\n\t\t<meta property=\"og:image:height\" content=\"638\" \/>\n\t\t<meta property=\"article:published_time\" content=\"2019-01-02T22:19:09+00:00\" \/>\n\t\t<meta property=\"article:modified_time\" content=\"2019-01-02T22:19:09+00:00\" \/>\n\t\t<meta property=\"article:publisher\" content=\"https:\/\/www.facebook.com\/Nachofdezber\" \/>\n\t\t<meta property=\"article:author\" content=\"https:\/\/www.facebook.com\/carrenoactualidad\" \/>\n\t\t<meta name=\"twitter:card\" content=\"summary_large_image\" \/>\n\t\t<meta name=\"twitter:site\" content=\"@NabercoDigital\" \/>\n\t\t<meta name=\"twitter:title\" content=\"La tasa de empleo en Alemania aumenta a nivel r\u00e9cord desde la reunificaci\u00f3n | Cand\u00e1s 365\" \/>\n\t\t<meta name=\"twitter:description\" content=\"Wiesbaden, 2 ene (dpa) - A pesar del envejecimiento de la sociedad en Alemania, en 2018 hubo tantas personas con empleo como nunca antes desde la reunificaci\u00f3n, inform\u00f3 hoy la Oficina Federal de Estad\u00edstica en Wiesbaden en base a datos provisionales. Seg\u00fan las estad\u00edsticas, una media de 44,8 millones de personas ten\u00edan empleo en 2018.\" \/>\n\t\t<meta name=\"twitter:creator\" content=\"@nbasturias\" \/>\n\t\t<meta name=\"twitter:image\" content=\"https:\/\/candas365.es\/noticias\/wp-content\/uploads\/2018\/11\/business-1477601_960_720.jpg\" \/>\n\t\t<meta name=\"twitter:label1\" content=\"Escrito por\" \/>\n\t\t<meta name=\"twitter:data1\" content=\"Cand\u00e1s 365\" \/>\n\t\t<meta name=\"twitter:label2\" content=\"Tiempo de lectura estimado\" \/>\n\t\t<meta name=\"twitter:data2\" content=\"1 minuto\" \/>\n\t\t<script type=\"application\/ld+json\" class=\"aioseo-schema\">\n\t\t\t{\"@context\":\"https:\\\/\\\/schema.org\",\"@graph\":[{\"@type\":\"BreadcrumbList\",\"@id\":\"https:\\\/\\\/candas365.es\\\/noticias\\\/la-tasa-de-empleo-en-alemania-aumenta-a-nivel-record-desde-la-reunificacion\\\/#breadcrumblist\",\"itemListElement\":[{\"@type\":\"ListItem\",\"@id\":\"https:\\\/\\\/candas365.es\\\/noticias#listItem\",\"position\":1,\"name\":\"Home\",\"item\":\"https:\\\/\\\/candas365.es\\\/noticias\",\"nextItem\":{\"@type\":\"ListItem\",\"@id\":\"https:\\\/\\\/candas365.es\\\/noticias\\\/category\\\/actualidad\\\/#listItem\",\"name\":\"Actualidad\"}},{\"@type\":\"ListItem\",\"@id\":\"https:\\\/\\\/candas365.es\\\/noticias\\\/category\\\/actualidad\\\/#listItem\",\"position\":2,\"name\":\"Actualidad\",\"item\":\"https:\\\/\\\/candas365.es\\\/noticias\\\/category\\\/actualidad\\\/\",\"nextItem\":{\"@type\":\"ListItem\",\"@id\":\"https:\\\/\\\/candas365.es\\\/noticias\\\/la-tasa-de-empleo-en-alemania-aumenta-a-nivel-record-desde-la-reunificacion\\\/#listItem\",\"name\":\"La tasa de empleo en Alemania aumenta a nivel r\\u00e9cord desde la reunificaci\\u00f3n\"},\"previousItem\":{\"@type\":\"ListItem\",\"@id\":\"https:\\\/\\\/candas365.es\\\/noticias#listItem\",\"name\":\"Home\"}},{\"@type\":\"ListItem\",\"@id\":\"https:\\\/\\\/candas365.es\\\/noticias\\\/la-tasa-de-empleo-en-alemania-aumenta-a-nivel-record-desde-la-reunificacion\\\/#listItem\",\"position\":3,\"name\":\"La tasa de empleo en Alemania aumenta a nivel r\\u00e9cord desde la reunificaci\\u00f3n\",\"previousItem\":{\"@type\":\"ListItem\",\"@id\":\"https:\\\/\\\/candas365.es\\\/noticias\\\/category\\\/actualidad\\\/#listItem\",\"name\":\"Actualidad\"}}]},{\"@type\":\"NewsArticle\",\"@id\":\"https:\\\/\\\/candas365.es\\\/noticias\\\/la-tasa-de-empleo-en-alemania-aumenta-a-nivel-record-desde-la-reunificacion\\\/#newsarticle\",\"name\":\"La tasa de empleo en Alemania aumenta a nivel r\\u00e9cord desde la reunificaci\\u00f3n | Cand\\u00e1s 365\",\"headline\":\"La tasa de empleo en Alemania aumenta a nivel r\\u00e9cord desde la reunificaci\\u00f3n\",\"author\":{\"@id\":\"https:\\\/\\\/candas365.es\\\/noticias\\\/author\\\/admin\\\/#author\"},\"publisher\":{\"@id\":\"https:\\\/\\\/candas365.es\\\/noticias\\\/#organization\"},\"image\":{\"@type\":\"ImageObject\",\"url\":\"https:\\\/\\\/candas365.es\\\/noticias\\\/wp-content\\\/uploads\\\/2018\\\/11\\\/business-1477601_960_720.jpg\",\"width\":960,\"height\":638},\"datePublished\":\"2019-01-02T22:19:09+01:00\",\"dateModified\":\"2019-01-02T22:19:09+01:00\",\"inLanguage\":\"es-ES\",\"mainEntityOfPage\":{\"@id\":\"https:\\\/\\\/candas365.es\\\/noticias\\\/la-tasa-de-empleo-en-alemania-aumenta-a-nivel-record-desde-la-reunificacion\\\/#webpage\"},\"isPartOf\":{\"@id\":\"https:\\\/\\\/candas365.es\\\/noticias\\\/la-tasa-de-empleo-en-alemania-aumenta-a-nivel-record-desde-la-reunificacion\\\/#webpage\"},\"articleSection\":\"Actualidad\",\"dateline\":\"Publicado el enero 2, 2019.\"},{\"@type\":\"Organization\",\"@id\":\"https:\\\/\\\/candas365.es\\\/noticias\\\/#organization\",\"name\":\"Cand\\u00e1s 365\",\"description\":\"Cand\\u00e1s 365 es un diario digital independiente, fundado en 2012, con base en Asturias. Informamos con rigor sobre actualidad, sociedad, cultura y ocio, con una mirada local y global.\",\"url\":\"https:\\\/\\\/candas365.es\\\/noticias\\\/\",\"email\":\"info@candas365.es\",\"telephone\":\"+34652131393\",\"foundingDate\":\"2012-06-10\",\"logo\":{\"@type\":\"ImageObject\",\"url\":\"https:\\\/\\\/candas365.es\\\/noticias\\\/wp-content\\\/uploads\\\/2024\\\/09\\\/Candas-365-Redes.jpg\",\"@id\":\"https:\\\/\\\/candas365.es\\\/noticias\\\/la-tasa-de-empleo-en-alemania-aumenta-a-nivel-record-desde-la-reunificacion\\\/#organizationLogo\",\"width\":1152,\"height\":864,\"caption\":\"Cand\\u00e1s 365 Redes\"},\"image\":{\"@id\":\"https:\\\/\\\/candas365.es\\\/noticias\\\/la-tasa-de-empleo-en-alemania-aumenta-a-nivel-record-desde-la-reunificacion\\\/#organizationLogo\"},\"sameAs\":[\"https:\\\/\\\/www.facebook.com\\\/Nachofdezber\",\"https:\\\/\\\/x.com\\\/NabercoDigital\",\"https:\\\/\\\/www.instagram.com\\\/nachofdezber\\\/\",\"https:\\\/\\\/www.youtube.com\\\/channel\\\/UCZP-2wLEB9Rv6erhFmqVnvg\"],\"address\":{\"@id\":\"https:\\\/\\\/candas365.es\\\/noticias\\\/#postaladdress\",\"@type\":\"PostalAddress\",\"streetAddress\":\"san antonio 4, san antonio 4\",\"postalCode\":\"33430\",\"addressLocality\":\"Cand\\u00e1s\",\"addressRegion\":\"Asturias\",\"addressCountry\":\"ES\"}},{\"@type\":\"Person\",\"@id\":\"https:\\\/\\\/candas365.es\\\/noticias\\\/author\\\/admin\\\/#author\",\"url\":\"https:\\\/\\\/candas365.es\\\/noticias\\\/author\\\/admin\\\/\",\"name\":\"Cand\\u00e1s 365\",\"image\":{\"@type\":\"ImageObject\",\"@id\":\"https:\\\/\\\/candas365.es\\\/noticias\\\/la-tasa-de-empleo-en-alemania-aumenta-a-nivel-record-desde-la-reunificacion\\\/#authorImage\",\"url\":\"https:\\\/\\\/secure.gravatar.com\\\/avatar\\\/496a8e03d0c493ede1718b7934145dbdf8d89be1036b0eec9544e1094c9de390?s=96&d=mm&r=g\",\"width\":96,\"height\":96,\"caption\":\"Cand\\u00e1s 365\"},\"sameAs\":[\"https:\\\/\\\/www.facebook.com\\\/carrenoactualidad\",\"https:\\\/\\\/twitter.com\\\/nbasturias\",\"https:\\\/\\\/www.instagram.com\\\/nachofdezber\\\/\",\"https:\\\/\\\/www.youtube.com\\\/channel\\\/UCZP-2wLEB9Rv6erhFmqVnvg\"]},{\"@type\":\"WebPage\",\"@id\":\"https:\\\/\\\/candas365.es\\\/noticias\\\/la-tasa-de-empleo-en-alemania-aumenta-a-nivel-record-desde-la-reunificacion\\\/#webpage\",\"url\":\"https:\\\/\\\/candas365.es\\\/noticias\\\/la-tasa-de-empleo-en-alemania-aumenta-a-nivel-record-desde-la-reunificacion\\\/\",\"name\":\"La tasa de empleo en Alemania aumenta a nivel r\\u00e9cord desde la reunificaci\\u00f3n | Cand\\u00e1s 365\",\"description\":\"Wiesbaden, 2 ene (dpa) - A pesar del envejecimiento de la sociedad en Alemania, en 2018 hubo tantas personas con empleo como nunca antes desde la reunificaci\\u00f3n, inform\\u00f3 hoy la Oficina Federal de Estad\\u00edstica en Wiesbaden en base a datos provisionales. Seg\\u00fan las estad\\u00edsticas, una media de 44,8 millones de personas ten\\u00edan empleo en 2018.\",\"inLanguage\":\"es-ES\",\"isPartOf\":{\"@id\":\"https:\\\/\\\/candas365.es\\\/noticias\\\/#website\"},\"breadcrumb\":{\"@id\":\"https:\\\/\\\/candas365.es\\\/noticias\\\/la-tasa-de-empleo-en-alemania-aumenta-a-nivel-record-desde-la-reunificacion\\\/#breadcrumblist\"},\"author\":{\"@id\":\"https:\\\/\\\/candas365.es\\\/noticias\\\/author\\\/admin\\\/#author\"},\"creator\":{\"@id\":\"https:\\\/\\\/candas365.es\\\/noticias\\\/author\\\/admin\\\/#author\"},\"image\":{\"@type\":\"ImageObject\",\"url\":\"https:\\\/\\\/candas365.es\\\/noticias\\\/wp-content\\\/uploads\\\/2018\\\/11\\\/business-1477601_960_720.jpg\",\"@id\":\"https:\\\/\\\/candas365.es\\\/noticias\\\/la-tasa-de-empleo-en-alemania-aumenta-a-nivel-record-desde-la-reunificacion\\\/#mainImage\",\"width\":960,\"height\":638},\"primaryImageOfPage\":{\"@id\":\"https:\\\/\\\/candas365.es\\\/noticias\\\/la-tasa-de-empleo-en-alemania-aumenta-a-nivel-record-desde-la-reunificacion\\\/#mainImage\"},\"datePublished\":\"2019-01-02T22:19:09+01:00\",\"dateModified\":\"2019-01-02T22:19:09+01:00\"},{\"@type\":\"WebSite\",\"@id\":\"https:\\\/\\\/candas365.es\\\/noticias\\\/#website\",\"url\":\"https:\\\/\\\/candas365.es\\\/noticias\\\/\",\"name\":\"Cand\\u00e1s 365\",\"alternateName\":\"Cand\\u00e1s 365 Noticias\",\"description\":\"Actualidad desde Carre\\u00f1o para el mundo\",\"inLanguage\":\"es-ES\",\"publisher\":{\"@id\":\"https:\\\/\\\/candas365.es\\\/noticias\\\/#organization\"}}]}\n\t\t<\/script>\n\t\t<!-- All in One SEO Pro -->\r\n\t\t<title>La tasa de empleo en Alemania aumenta a nivel r\u00e9cord desde la reunificaci\u00f3n | Cand\u00e1s 365<\/title>\n\n","aioseo_head_json":{"title":"La tasa de empleo en Alemania aumenta a nivel r\u00e9cord desde la reunificaci\u00f3n | Cand\u00e1s 365","description":"Wiesbaden, 2 ene (dpa) - A pesar del envejecimiento de la sociedad en Alemania, en 2018 hubo tantas personas con empleo como nunca antes desde la reunificaci\u00f3n, inform\u00f3 hoy la Oficina Federal de Estad\u00edstica en Wiesbaden en base a datos provisionales. Seg\u00fan las estad\u00edsticas, una media de 44,8 millones de personas ten\u00edan empleo en 2018.","canonical_url":"https:\/\/candas365.es\/noticias\/la-tasa-de-empleo-en-alemania-aumenta-a-nivel-record-desde-la-reunificacion\/","robots":"max-image-preview:large","keywords":"actualidad","webmasterTools":{"google-site-verification":"UA-32230408-1","msvalidate.01":"354F3CDFB2DA171B47FBE9ABF1F88D5","miscellaneous":""},"schema":{"@context":"https:\/\/schema.org","@graph":[{"@type":"BreadcrumbList","@id":"https:\/\/candas365.es\/noticias\/la-tasa-de-empleo-en-alemania-aumenta-a-nivel-record-desde-la-reunificacion\/#breadcrumblist","itemListElement":[{"@type":"ListItem","@id":"https:\/\/candas365.es\/noticias#listItem","position":1,"name":"Home","item":"https:\/\/candas365.es\/noticias","nextItem":{"@type":"ListItem","@id":"https:\/\/candas365.es\/noticias\/category\/actualidad\/#listItem","name":"Actualidad"}},{"@type":"ListItem","@id":"https:\/\/candas365.es\/noticias\/category\/actualidad\/#listItem","position":2,"name":"Actualidad","item":"https:\/\/candas365.es\/noticias\/category\/actualidad\/","nextItem":{"@type":"ListItem","@id":"https:\/\/candas365.es\/noticias\/la-tasa-de-empleo-en-alemania-aumenta-a-nivel-record-desde-la-reunificacion\/#listItem","name":"La tasa de empleo en Alemania aumenta a nivel r\u00e9cord desde la reunificaci\u00f3n"},"previousItem":{"@type":"ListItem","@id":"https:\/\/candas365.es\/noticias#listItem","name":"Home"}},{"@type":"ListItem","@id":"https:\/\/candas365.es\/noticias\/la-tasa-de-empleo-en-alemania-aumenta-a-nivel-record-desde-la-reunificacion\/#listItem","position":3,"name":"La tasa de empleo en Alemania aumenta a nivel r\u00e9cord desde la reunificaci\u00f3n","previousItem":{"@type":"ListItem","@id":"https:\/\/candas365.es\/noticias\/category\/actualidad\/#listItem","name":"Actualidad"}}]},{"@type":"NewsArticle","@id":"https:\/\/candas365.es\/noticias\/la-tasa-de-empleo-en-alemania-aumenta-a-nivel-record-desde-la-reunificacion\/#newsarticle","name":"La tasa de empleo en Alemania aumenta a nivel r\u00e9cord desde la reunificaci\u00f3n | Cand\u00e1s 365","headline":"La tasa de empleo en Alemania aumenta a nivel r\u00e9cord desde la reunificaci\u00f3n","author":{"@id":"https:\/\/candas365.es\/noticias\/author\/admin\/#author"},"publisher":{"@id":"https:\/\/candas365.es\/noticias\/#organization"},"image":{"@type":"ImageObject","url":"https:\/\/candas365.es\/noticias\/wp-content\/uploads\/2018\/11\/business-1477601_960_720.jpg","width":960,"height":638},"datePublished":"2019-01-02T22:19:09+01:00","dateModified":"2019-01-02T22:19:09+01:00","inLanguage":"es-ES","mainEntityOfPage":{"@id":"https:\/\/candas365.es\/noticias\/la-tasa-de-empleo-en-alemania-aumenta-a-nivel-record-desde-la-reunificacion\/#webpage"},"isPartOf":{"@id":"https:\/\/candas365.es\/noticias\/la-tasa-de-empleo-en-alemania-aumenta-a-nivel-record-desde-la-reunificacion\/#webpage"},"articleSection":"Actualidad","dateline":"Publicado el enero 2, 2019."},{"@type":"Organization","@id":"https:\/\/candas365.es\/noticias\/#organization","name":"Cand\u00e1s 365","description":"Cand\u00e1s 365 es un diario digital independiente, fundado en 2012, con base en Asturias. Informamos con rigor sobre actualidad, sociedad, cultura y ocio, con una mirada local y global.","url":"https:\/\/candas365.es\/noticias\/","email":"info@candas365.es","telephone":"+34652131393","foundingDate":"2012-06-10","logo":{"@type":"ImageObject","url":"https:\/\/candas365.es\/noticias\/wp-content\/uploads\/2024\/09\/Candas-365-Redes.jpg","@id":"https:\/\/candas365.es\/noticias\/la-tasa-de-empleo-en-alemania-aumenta-a-nivel-record-desde-la-reunificacion\/#organizationLogo","width":1152,"height":864,"caption":"Cand\u00e1s 365 Redes"},"image":{"@id":"https:\/\/candas365.es\/noticias\/la-tasa-de-empleo-en-alemania-aumenta-a-nivel-record-desde-la-reunificacion\/#organizationLogo"},"sameAs":["https:\/\/www.facebook.com\/Nachofdezber","https:\/\/x.com\/NabercoDigital","https:\/\/www.instagram.com\/nachofdezber\/","https:\/\/www.youtube.com\/channel\/UCZP-2wLEB9Rv6erhFmqVnvg"],"address":{"@id":"https:\/\/candas365.es\/noticias\/#postaladdress","@type":"PostalAddress","streetAddress":"san antonio 4, san antonio 4","postalCode":"33430","addressLocality":"Cand\u00e1s","addressRegion":"Asturias","addressCountry":"ES"}},{"@type":"Person","@id":"https:\/\/candas365.es\/noticias\/author\/admin\/#author","url":"https:\/\/candas365.es\/noticias\/author\/admin\/","name":"Cand\u00e1s 365","image":{"@type":"ImageObject","@id":"https:\/\/candas365.es\/noticias\/la-tasa-de-empleo-en-alemania-aumenta-a-nivel-record-desde-la-reunificacion\/#authorImage","url":"https:\/\/secure.gravatar.com\/avatar\/496a8e03d0c493ede1718b7934145dbdf8d89be1036b0eec9544e1094c9de390?s=96&d=mm&r=g","width":96,"height":96,"caption":"Cand\u00e1s 365"},"sameAs":["https:\/\/www.facebook.com\/carrenoactualidad","https:\/\/twitter.com\/nbasturias","https:\/\/www.instagram.com\/nachofdezber\/","https:\/\/www.youtube.com\/channel\/UCZP-2wLEB9Rv6erhFmqVnvg"]},{"@type":"WebPage","@id":"https:\/\/candas365.es\/noticias\/la-tasa-de-empleo-en-alemania-aumenta-a-nivel-record-desde-la-reunificacion\/#webpage","url":"https:\/\/candas365.es\/noticias\/la-tasa-de-empleo-en-alemania-aumenta-a-nivel-record-desde-la-reunificacion\/","name":"La tasa de empleo en Alemania aumenta a nivel r\u00e9cord desde la reunificaci\u00f3n | Cand\u00e1s 365","description":"Wiesbaden, 2 ene (dpa) - A pesar del envejecimiento de la sociedad en Alemania, en 2018 hubo tantas personas con empleo como nunca antes desde la reunificaci\u00f3n, inform\u00f3 hoy la Oficina Federal de Estad\u00edstica en Wiesbaden en base a datos provisionales. Seg\u00fan las estad\u00edsticas, una media de 44,8 millones de personas ten\u00edan empleo en 2018.","inLanguage":"es-ES","isPartOf":{"@id":"https:\/\/candas365.es\/noticias\/#website"},"breadcrumb":{"@id":"https:\/\/candas365.es\/noticias\/la-tasa-de-empleo-en-alemania-aumenta-a-nivel-record-desde-la-reunificacion\/#breadcrumblist"},"author":{"@id":"https:\/\/candas365.es\/noticias\/author\/admin\/#author"},"creator":{"@id":"https:\/\/candas365.es\/noticias\/author\/admin\/#author"},"image":{"@type":"ImageObject","url":"https:\/\/candas365.es\/noticias\/wp-content\/uploads\/2018\/11\/business-1477601_960_720.jpg","@id":"https:\/\/candas365.es\/noticias\/la-tasa-de-empleo-en-alemania-aumenta-a-nivel-record-desde-la-reunificacion\/#mainImage","width":960,"height":638},"primaryImageOfPage":{"@id":"https:\/\/candas365.es\/noticias\/la-tasa-de-empleo-en-alemania-aumenta-a-nivel-record-desde-la-reunificacion\/#mainImage"},"datePublished":"2019-01-02T22:19:09+01:00","dateModified":"2019-01-02T22:19:09+01:00"},{"@type":"WebSite","@id":"https:\/\/candas365.es\/noticias\/#website","url":"https:\/\/candas365.es\/noticias\/","name":"Cand\u00e1s 365","alternateName":"Cand\u00e1s 365 Noticias","description":"Actualidad desde Carre\u00f1o para el mundo","inLanguage":"es-ES","publisher":{"@id":"https:\/\/candas365.es\/noticias\/#organization"}}]},"og:locale":"es_ES","og:site_name":"Cand\u00e1s 365","og:type":"article","og:title":"La tasa de empleo en Alemania aumenta a nivel r\u00e9cord desde la reunificaci\u00f3n | Cand\u00e1s 365","og:description":"Wiesbaden, 2 ene (dpa) - A pesar del envejecimiento de la sociedad en Alemania, en 2018 hubo tantas personas con empleo como nunca antes desde la reunificaci\u00f3n, inform\u00f3 hoy la Oficina Federal de Estad\u00edstica en Wiesbaden en base a datos provisionales. Seg\u00fan las estad\u00edsticas, una media de 44,8 millones de personas ten\u00edan empleo en 2018.","og:url":"https:\/\/candas365.es\/noticias\/la-tasa-de-empleo-en-alemania-aumenta-a-nivel-record-desde-la-reunificacion\/","og:image":"https:\/\/candas365.es\/noticias\/wp-content\/uploads\/2018\/11\/business-1477601_960_720.jpg","og:image:secure_url":"https:\/\/candas365.es\/noticias\/wp-content\/uploads\/2018\/11\/business-1477601_960_720.jpg","og:image:width":960,"og:image:height":638,"article:published_time":"2019-01-02T22:19:09+00:00","article:modified_time":"2019-01-02T22:19:09+00:00","article:publisher":"https:\/\/www.facebook.com\/Nachofdezber","article:author":"https:\/\/www.facebook.com\/carrenoactualidad","twitter:card":"summary_large_image","twitter:site":"@NabercoDigital","twitter:title":"La tasa de empleo en Alemania aumenta a nivel r\u00e9cord desde la reunificaci\u00f3n | Cand\u00e1s 365","twitter:description":"Wiesbaden, 2 ene (dpa) - A pesar del envejecimiento de la sociedad en Alemania, en 2018 hubo tantas personas con empleo como nunca antes desde la reunificaci\u00f3n, inform\u00f3 hoy la Oficina Federal de Estad\u00edstica en Wiesbaden en base a datos provisionales. Seg\u00fan las estad\u00edsticas, una media de 44,8 millones de personas ten\u00edan empleo en 2018.","twitter:creator":"@nbasturias","twitter:image":"https:\/\/candas365.es\/noticias\/wp-content\/uploads\/2018\/11\/business-1477601_960_720.jpg","twitter:label1":"Escrito por","twitter:data1":"Cand\u00e1s 365","twitter:label2":"Tiempo de lectura estimado","twitter:data2":"1 minuto"},"aioseo_meta_data":{"post_id":"113249","title":null,"description":null,"keywords":null,"keyphrases":null,"primary_term":null,"canonical_url":null,"og_title":null,"og_description":null,"og_object_type":"default","og_image_type":"default","og_image_url":null,"og_image_width":null,"og_image_height":null,"og_image_custom_url":null,"og_image_custom_fields":null,"og_video":null,"og_custom_url":null,"og_article_section":null,"og_article_tags":null,"twitter_use_og":false,"twitter_card":"default","twitter_image_type":"default","twitter_image_url":null,"twitter_image_custom_url":null,"twitter_image_custom_fields":null,"twitter_title":null,"twitter_description":null,"schema":{"blockGraphs":[],"customGraphs":[],"default":{"data":{"Article":[],"Course":[],"Dataset":[],"FAQPage":[],"Movie":[],"Person":[],"Product":[],"ProductReview":[],"Car":[],"Recipe":[],"Service":[],"SoftwareApplication":[],"WebPage":[]},"graphName":"","isEnabled":true},"graphs":[],"defaultGraph":"","defaultPostTypeGraph":""},"schema_type":null,"schema_type_options":null,"pillar_content":false,"robots_default":true,"robots_noindex":false,"robots_noarchive":false,"robots_nosnippet":false,"robots_nofollow":false,"robots_noimageindex":false,"robots_noodp":false,"robots_notranslate":false,"robots_max_snippet":null,"robots_max_videopreview":null,"robots_max_imagepreview":"large","priority":null,"frequency":null,"location":null,"local_seo":null,"seo_analyzer_scan_date":"2025-08-28 20:51:12","breadcrumb_settings":null,"limit_modified_date":false,"reviewed_by":null,"open_ai":null,"ai":null,"created":"2020-12-21 11:29:56","updated":"2025-08-28 20:51:12"},"aioseo_breadcrumb":"<div class=\"aioseo-breadcrumbs\"><span class=\"aioseo-breadcrumb\">\n\t<a href=\"https:\/\/candas365.es\/noticias\" title=\"Home\">Home<\/a>\n<\/span><span class=\"aioseo-breadcrumb-separator\">&ndash;<\/span><span class=\"aioseo-breadcrumb\">\n\t<a href=\"https:\/\/candas365.es\/noticias\/category\/actualidad\/\" title=\"Actualidad\">Actualidad<\/a>\n<\/span><span class=\"aioseo-breadcrumb-separator\">&ndash;<\/span><span class=\"aioseo-breadcrumb\">\n\tLa tasa de empleo en Alemania aumenta a nivel r\u00e9cord desde la reunificaci\u00f3n\n<\/span><\/div>","aioseo_breadcrumb_json":[{"label":"Home","link":"https:\/\/candas365.es\/noticias"},{"label":"Actualidad","link":"https:\/\/candas365.es\/noticias\/category\/actualidad\/"},{"label":"La tasa de empleo en Alemania aumenta a nivel r\u00e9cord desde la reunificaci\u00f3n","link":"https:\/\/candas365.es\/noticias\/la-tasa-de-empleo-en-alemania-aumenta-a-nivel-record-desde-la-reunificacion\/"}],"_links":{"self":[{"href":"https:\/\/candas365.es\/noticias\/wp-json\/wp\/v2\/posts\/113249","targetHints":{"allow":["GET"]}}],"collection":[{"href":"https:\/\/candas365.es\/noticias\/wp-json\/wp\/v2\/posts"}],"about":[{"href":"https:\/\/candas365.es\/noticias\/wp-json\/wp\/v2\/types\/post"}],"author":[{"embeddable":true,"href":"https:\/\/candas365.es\/noticias\/wp-json\/wp\/v2\/users\/1"}],"replies":[{"embeddable":true,"href":"https:\/\/candas365.es\/noticias\/wp-json\/wp\/v2\/comments?post=113249"}],"version-history":[{"count":0,"href":"https:\/\/candas365.es\/noticias\/wp-json\/wp\/v2\/posts\/113249\/revisions"}],"wp:featuredmedia":[{"embeddable":true,"href":"https:\/\/candas365.es\/noticias\/wp-json\/wp\/v2\/media\/110949"}],"wp:attachment":[{"href":"https:\/\/candas365.es\/noticias\/wp-json\/wp\/v2\/media?parent=113249"}],"wp:term":[{"taxonomy":"category","embeddable":true,"href":"https:\/\/candas365.es\/noticias\/wp-json\/wp\/v2\/categories?post=113249"},{"taxonomy":"post_tag","embeddable":true,"href":"https:\/\/candas365.es\/noticias\/wp-json\/wp\/v2\/tags?post=113249"}],"curies":[{"name":"wp","href":"https:\/\/api.w.org\/{rel}","templated":true}]}}