{"id":113175,"date":"2019-01-02T15:39:22","date_gmt":"2019-01-02T15:39:22","guid":{"rendered":"http:\/\/candas365.es\/noticias\/?p=113175"},"modified":"2019-01-02T15:39:22","modified_gmt":"2019-01-02T15:39:22","slug":"dieter-kosslick-ante-su-ultima-berlinale-solia-tener-pesadillas","status":"publish","type":"post","link":"https:\/\/candas365.es\/noticias\/dieter-kosslick-ante-su-ultima-berlinale-solia-tener-pesadillas\/","title":{"rendered":"Dieter Kosslick ante su \u00faltima Berlinale: \u00abSol\u00eda tener pesadillas\u00bb"},"content":{"rendered":"<figure id=\"attachment_113176\" aria-describedby=\"caption-attachment-113176\" style=\"width: 360px\" class=\"wp-caption alignleft\"><img fetchpriority=\"high\" decoding=\"async\" class=\"size-medium wp-image-113176\" src=\"https:\/\/candas365.es\/noticias\/wp-content\/uploads\/2019\/01\/Dieter-Kosslick-ante-su-\u00faltima-Berlinale-360x275.jpg\" alt=\"\" width=\"360\" height=\"275\" srcset=\"https:\/\/candas365.es\/noticias\/wp-content\/uploads\/2019\/01\/Dieter-Kosslick-ante-su-\u00faltima-Berlinale-360x275.jpg 360w, https:\/\/candas365.es\/noticias\/wp-content\/uploads\/2019\/01\/Dieter-Kosslick-ante-su-\u00faltima-Berlinale-768x586.jpg 768w, https:\/\/candas365.es\/noticias\/wp-content\/uploads\/2019\/01\/Dieter-Kosslick-ante-su-\u00faltima-Berlinale-629x480.jpg 629w, https:\/\/candas365.es\/noticias\/wp-content\/uploads\/2019\/01\/Dieter-Kosslick-ante-su-\u00faltima-Berlinale-80x60.jpg 80w, https:\/\/candas365.es\/noticias\/wp-content\/uploads\/2019\/01\/Dieter-Kosslick-ante-su-\u00faltima-Berlinale-696x531.jpg 696w, https:\/\/candas365.es\/noticias\/wp-content\/uploads\/2019\/01\/Dieter-Kosslick-ante-su-\u00faltima-Berlinale-551x420.jpg 551w, https:\/\/candas365.es\/noticias\/wp-content\/uploads\/2019\/01\/Dieter-Kosslick-ante-su-\u00faltima-Berlinale.jpg 873w\" sizes=\"(max-width: 360px) 100vw, 360px\" \/><figcaption id=\"caption-attachment-113176\" class=\"wp-caption-text\">Foto: Jens Kalaene\/ZB\/dpa<\/figcaption><\/figure>\n<p>Berl\u00edn (dpa) &#8211; Nicole Kidman estaba casi tan nerviosa como \u00e9l. Y su primer festival fue un aut\u00e9ntico caos. El director del Festival Internacional de Cine de Berl\u00edn, Dieter Kosslick, caminar\u00e1 el 7 de febrero por \u00faltima vez sobre la alfombra roja de la Berlinale.<\/p>\n<p>En entrevista con la agencia dpa, habla de sus casi dos d\u00e9cadas al frente de uno de los mayores festivales de cine, de estrellas de Hollywood y de por qu\u00e9 sol\u00eda tener pesadillas.<\/p>\n<p>dpa: \u00bfQu\u00e9 siente ante su \u00faltima aparici\u00f3n en la alfombra roja de la Berlinale?<\/p>\n<p>KOSSLICK: El 7 de febrero, cuando descienda de mi coche frente al Palacio de la Berlinale, el miedo esc\u00e9nico alcanzar\u00e1 su punto m\u00e1s \u00e1lgido y estar\u00e1 mezclado esta vez con un poco de melancol\u00eda. Una vez en la alfombra roja, el nerviosismo se esfumar\u00e1 y comenzar\u00e1 una nueva edici\u00f3n de este emocionante espect\u00e1culo con grandes estrellas al que sin duda acudir\u00e1 gran cantidad de p\u00fablico ansioso de participar en esta \u00faltima presentaci\u00f3n.<\/p>\n<p>dpa: \u00bfCu\u00e1ntas pel\u00edculas habr\u00e1 visto y evaluado antes del comienzo de la Berlinale?<\/p>\n<p>KOSSLICK: Ser\u00e1n entre 200 y 250 producciones. Tambi\u00e9n veo muchas pel\u00edculas durante mis viajes: en Par\u00eds, Roma, M\u00e9xico o Nueva York. Normalmente seleccionamos un diez por ciento de las cintas que vemos.<\/p>\n<p>dpa: Echando la vista atr\u00e1s, \u00bfcu\u00e1les fueron sus tres momentos m\u00e1s bonitos de la Berlinale?<\/p>\n<p>KOSSLICK: El caos de mi primera Berlinale hace 18 a\u00f1os fue sensacional. El director georgiano-franc\u00e9s Otar Iosseliani se mostr\u00f3 contento al recoger su premio en el escenario y dijo que cre\u00eda a los alemanes capaces de muchas cosas, \u00abmais pas un petit bordel!\u00bb, pero no del caos, traducido libremente del franc\u00e9s. Y los alemanes entre el p\u00fablico se asombraron de por qu\u00e9 hablaba de repente de un burdel. Fue algo as\u00ed como los Hermanos Marx en \u00abTienda de Locos\u00bb. Este es uno de mis momentos favoritos, porque en muy poco tiempo movi\u00f3 la Berlinale en una direcci\u00f3n muy diferente.<\/p>\n<p>Toda la seriedad de la etapa de mi predecesor Moritz de Hadeln se esfum\u00f3 en un instante. Como Roberto Benigni, salt\u00e9 por encima de los asientos y tom\u00e9 el micr\u00f3fono despu\u00e9s de que Corinna Harfouch no pudiera hablar m\u00e1s porque s\u00f3lo se escuchaban pitidos. Horas despu\u00e9s qued\u00f3 claro que fueron unos apliques met\u00e1licos en su vestido los que provocaron los problemas t\u00e9cnicos. Y una actriz rusa, que deb\u00eda entregar un premio a cineastas j\u00f3venes, se olvid\u00f3 el sobre con el nombre del premiado en su asiento y al volver corriendo al escenario se rompi\u00f3 el tac\u00f3n. Anunci\u00f3 el nombre del premiado casi sin respiraci\u00f3n. \u00a1Maravilloso! \u00a1Fue grandioso!<\/p>\n<p>Tiempo despu\u00e9s fue inolvidable tambi\u00e9n el paso de los Rolling Stones en la alfombra roja. Y hubo una tarde muy personal cuando llev\u00e9 a mi hijo Fridolin, reci\u00e9n nacido. Una abuela fan de la Berlinale le hab\u00eda cosido un gorro amarillo con el oso rojo (emblema del festival) bordado. Mi hijo se despert\u00f3 cuando presentaba el programa para ni\u00f1os y j\u00f3venes y pens\u00e9: \u00a1qu\u00e9 bonito! Hay miles de ni\u00f1os y yo tengo uno.<\/p>\n<p>dpa: \u00bfQu\u00e9 pel\u00edcula le hizo llorar?<\/p>\n<p>KOSSLICK: Soy de los que lloran mucho en el cine. Incluso cuando veo televisi\u00f3n, lloro. Mi mujer siempre me pregunta: \u00bfEs que est\u00e1s llorando de nuevo? Lloro cuando sucede algo injusto, a veces basta con que un gato sea atropellado en la calle. Por supuesto que hay momentos en que las l\u00e1grimas tienen un motivo m\u00e1s serio. En la presentaci\u00f3n de, por ejemplo, \u00abKatyn\u00bb de Andrzej Wajda hubo diez minutos de absoluto silencio despu\u00e9s de los cr\u00e9ditos. Siempre hay pel\u00edculas en las que piensas: Por el amor de Dios, \u00bfen qu\u00e9 mundo vivimos? Antes sol\u00eda tener pesadillas de noche. Es imposible no conmoverse ante tanto sufrimiento e injusticia, y de nada vale decirse a s\u00ed mismo que es necesario mantener una distancia objetiva.<\/p>\n<p>dpa: \u00bfHubo estrellas que le sorprendieron por ser completamente diferentes a lo que usted pensaba?<\/p>\n<p>KOSSLICK: \u00a1S\u00ed, muchas! Nicole Kidman, por ejemplo. En su presencia no pod\u00eda con mi nerviosismo, y se lo dije. Me respondi\u00f3 sin tapujos: \u00bfC\u00f3mo crees que me siento yo? O Julianne Moore, una persona tan modesta. No se atrevi\u00f3 a hablar alem\u00e1n, aunque lo hace muy bien. Con Shah Rukh Khan terminamos bailando Bollywood en el Friedrichstadtpalast. Y en Hollywood, una vez confund\u00ed a Clint Eastwood con un amigo m\u00edo. Me present\u00e9 tartamudeando como Dieter. Y dijo: \u00abT\u00fa debes ese Dieter que siempre me escribe cartas invit\u00e1ndome a la Berlinale\u00bb. Al a\u00f1o siguiente tuvimos \u00abCartas de Iwo Jima\u00bb de Eastwood en el festival.<\/p>\n<p>dpa: Desde pel\u00edculas chinas prohibidas hasta la ausencia del cineasta cr\u00edtico del r\u00e9gimen iran\u00ed Jafar Panahi, \u00bfqu\u00e9 pel\u00edculas de la Berlinale han tenido m\u00e1s impacto pol\u00edtico y social?<\/p>\n<p>KOSSLICK: Hemos presentado muchas cintas con contenido pol\u00edtico. En cuanto a la trascendencia de las mismas, solo en muy pocos casos sabemos si la han tenido. Una de ellas es \u00abGrvabika (El secreto de Esma)\u00bb, de la bosnia Jasmila Zbanic, sobre el sufrimiento de las mujeres violadas en los campos de prisioneros serbios. Despu\u00e9s del Oso de Oro, esas mujeres fueron reconocidas como v\u00edctimas de guerra. Y creo que fue importante que mostr\u00e1semos pel\u00edculas como \u00abStandard Operating Procedure\u00bb sobre la prisi\u00f3n de Abu Ghraib en Bagdad, \u00abLo conocido desconocido\u00bb sobre el ex secretario de Defensa de los Estados Unidos Donald Rumsfeld, o el ganador del Oso de Oro \u00abFuego en el mar\u00bb sobre el tr\u00e1gico destino de los refugiados en el Mar Mediterr\u00e1neo, que fue premiada por el jurado presidido por Meryl Streep.<\/p>\n<p>dpa: \u00bfQu\u00e9 planes tiene tras la Berlinale?<\/p>\n<p>KOSSLICK: Ya veremos. Tendr\u00e9 entonces 71 a\u00f1os y 35 a\u00f1os en la industria cinematogr\u00e1fica. Estoy seguro de que no me aburrir\u00e9. Para decirlo al estilo de la canciller Merkel: \u00abYa se me ocurrir\u00e1 algo\u00bb.<\/p>\n<p>SOBRE DIETER KOSSLICK Y LA BERLINALE: El alem\u00e1n de 70 a\u00f1os caminar\u00e1 por \u00faltima vez la alfombra roja de la pr\u00f3xima edici\u00f3n de la Berlinale entre el 7 y el 17 de febrero. Nacido en la ciudad alemana de Pforzheim, es director del Festival Internacional de Cine desde 2001. En la Berlinale se proyectan cada a\u00f1o m\u00e1s de 400 pel\u00edculas de todo el mundo y se eligen los ganadores de los Osos de Oro y de Plata. Junto con los festivales de cine de Cannes y Venecia, el de Berl\u00edn es uno de los \u00abtres grandes\u00bb en Europa. El sucesor de Kosslick es el italiano Carlo Chatrian.<\/p>\n<p>Elke Vogel (dpa)<\/p>\n","protected":false},"excerpt":{"rendered":"<p>Berl\u00edn (dpa) &#8211; Nicole Kidman estaba casi tan nerviosa como \u00e9l. Y su primer festival fue un aut\u00e9ntico caos. El director del Festival Internacional de Cine de Berl\u00edn, Dieter Kosslick, caminar\u00e1 el 7 de febrero por \u00faltima vez sobre la alfombra roja de la Berlinale. En entrevista con la agencia dpa, habla de sus casi<\/p>\n","protected":false},"author":1,"featured_media":113176,"comment_status":"closed","ping_status":"closed","sticky":false,"template":"","format":"standard","meta":{"footnotes":""},"categories":[143],"tags":[],"class_list":{"0":"post-113175","1":"post","2":"type-post","3":"status-publish","4":"format-standard","5":"has-post-thumbnail","7":"category-sociedad"},"aioseo_notices":[],"aioseo_head":"\n\t\t<!-- All in One SEO Pro 4.9.6.2 - aioseo.com -->\n\t<meta name=\"description\" content=\"Berl\u00edn (dpa) - Nicole Kidman estaba casi tan nerviosa como \u00e9l. Y su primer festival fue un aut\u00e9ntico caos. El director del Festival Internacional de Cine de Berl\u00edn, Dieter Kosslick, caminar\u00e1 el 7 de febrero por \u00faltima vez sobre la alfombra roja de la Berlinale. En entrevista con la agencia dpa, habla de sus casi\" \/>\n\t<meta name=\"robots\" content=\"max-image-preview:large\" \/>\n\t<meta name=\"author\" content=\"Cand\u00e1s 365\"\/>\n\t<meta name=\"google-site-verification\" content=\"UA-32230408-1\" \/>\n\t<meta name=\"msvalidate.01\" content=\"354F3CDFB2DA171B47FBE9ABF1F88D5\" \/>\n\t<meta name=\"keywords\" content=\"sociedad\" \/>\n\t<link rel=\"canonical\" href=\"https:\/\/candas365.es\/noticias\/dieter-kosslick-ante-su-ultima-berlinale-solia-tener-pesadillas\/\" \/>\n\t<meta name=\"generator\" content=\"All in One SEO Pro (AIOSEO) 4.9.6.2\" \/>\n\t\t<meta property=\"og:locale\" content=\"es_ES\" \/>\n\t\t<meta property=\"og:site_name\" content=\"Cand\u00e1s 365\" \/>\n\t\t<meta property=\"og:type\" content=\"article\" \/>\n\t\t<meta property=\"og:title\" content=\"Dieter Kosslick ante su \u00faltima Berlinale: \u00abSol\u00eda tener pesadillas\u00bb | Cand\u00e1s 365\" \/>\n\t\t<meta property=\"og:description\" content=\"Berl\u00edn (dpa) - Nicole Kidman estaba casi tan nerviosa como \u00e9l. Y su primer festival fue un aut\u00e9ntico caos. El director del Festival Internacional de Cine de Berl\u00edn, Dieter Kosslick, caminar\u00e1 el 7 de febrero por \u00faltima vez sobre la alfombra roja de la Berlinale. En entrevista con la agencia dpa, habla de sus casi\" \/>\n\t\t<meta property=\"og:url\" content=\"https:\/\/candas365.es\/noticias\/dieter-kosslick-ante-su-ultima-berlinale-solia-tener-pesadillas\/\" \/>\n\t\t<meta property=\"og:image\" content=\"https:\/\/candas365.es\/noticias\/wp-content\/uploads\/2019\/01\/Dieter-Kosslick-ante-su-\u00faltima-Berlinale.jpg\" \/>\n\t\t<meta property=\"og:image:secure_url\" content=\"https:\/\/candas365.es\/noticias\/wp-content\/uploads\/2019\/01\/Dieter-Kosslick-ante-su-\u00faltima-Berlinale.jpg\" \/>\n\t\t<meta property=\"og:image:width\" content=\"873\" \/>\n\t\t<meta property=\"og:image:height\" content=\"666\" \/>\n\t\t<meta property=\"article:published_time\" content=\"2019-01-02T15:39:22+00:00\" \/>\n\t\t<meta property=\"article:modified_time\" content=\"2019-01-02T15:39:22+00:00\" \/>\n\t\t<meta property=\"article:publisher\" content=\"https:\/\/www.facebook.com\/Nachofdezber\" \/>\n\t\t<meta property=\"article:author\" content=\"https:\/\/www.facebook.com\/carrenoactualidad\" \/>\n\t\t<meta name=\"twitter:card\" content=\"summary_large_image\" \/>\n\t\t<meta name=\"twitter:site\" content=\"@NabercoDigital\" \/>\n\t\t<meta name=\"twitter:title\" content=\"Dieter Kosslick ante su \u00faltima Berlinale: \u00abSol\u00eda tener pesadillas\u00bb | Cand\u00e1s 365\" \/>\n\t\t<meta name=\"twitter:description\" content=\"Berl\u00edn (dpa) - Nicole Kidman estaba casi tan nerviosa como \u00e9l. Y su primer festival fue un aut\u00e9ntico caos. El director del Festival Internacional de Cine de Berl\u00edn, Dieter Kosslick, caminar\u00e1 el 7 de febrero por \u00faltima vez sobre la alfombra roja de la Berlinale. En entrevista con la agencia dpa, habla de sus casi\" \/>\n\t\t<meta name=\"twitter:creator\" content=\"@nbasturias\" \/>\n\t\t<meta name=\"twitter:image\" content=\"https:\/\/candas365.es\/noticias\/wp-content\/uploads\/2019\/01\/Dieter-Kosslick-ante-su-\u00faltima-Berlinale.jpg\" \/>\n\t\t<meta name=\"twitter:label1\" content=\"Escrito por\" \/>\n\t\t<meta name=\"twitter:data1\" content=\"Cand\u00e1s 365\" \/>\n\t\t<meta name=\"twitter:label2\" content=\"Tiempo de lectura estimado\" \/>\n\t\t<meta name=\"twitter:data2\" content=\"6 minutos\" \/>\n\t\t<script type=\"application\/ld+json\" class=\"aioseo-schema\">\n\t\t\t{\"@context\":\"https:\\\/\\\/schema.org\",\"@graph\":[{\"@type\":\"BreadcrumbList\",\"@id\":\"https:\\\/\\\/candas365.es\\\/noticias\\\/dieter-kosslick-ante-su-ultima-berlinale-solia-tener-pesadillas\\\/#breadcrumblist\",\"itemListElement\":[{\"@type\":\"ListItem\",\"@id\":\"https:\\\/\\\/candas365.es\\\/noticias#listItem\",\"position\":1,\"name\":\"Home\",\"item\":\"https:\\\/\\\/candas365.es\\\/noticias\",\"nextItem\":{\"@type\":\"ListItem\",\"@id\":\"https:\\\/\\\/candas365.es\\\/noticias\\\/category\\\/sociedad\\\/#listItem\",\"name\":\"Sociedad\"}},{\"@type\":\"ListItem\",\"@id\":\"https:\\\/\\\/candas365.es\\\/noticias\\\/category\\\/sociedad\\\/#listItem\",\"position\":2,\"name\":\"Sociedad\",\"item\":\"https:\\\/\\\/candas365.es\\\/noticias\\\/category\\\/sociedad\\\/\",\"nextItem\":{\"@type\":\"ListItem\",\"@id\":\"https:\\\/\\\/candas365.es\\\/noticias\\\/dieter-kosslick-ante-su-ultima-berlinale-solia-tener-pesadillas\\\/#listItem\",\"name\":\"Dieter Kosslick ante su \\u00faltima Berlinale: \\u00abSol\\u00eda tener pesadillas\\u00bb\"},\"previousItem\":{\"@type\":\"ListItem\",\"@id\":\"https:\\\/\\\/candas365.es\\\/noticias#listItem\",\"name\":\"Home\"}},{\"@type\":\"ListItem\",\"@id\":\"https:\\\/\\\/candas365.es\\\/noticias\\\/dieter-kosslick-ante-su-ultima-berlinale-solia-tener-pesadillas\\\/#listItem\",\"position\":3,\"name\":\"Dieter Kosslick ante su \\u00faltima Berlinale: \\u00abSol\\u00eda tener pesadillas\\u00bb\",\"previousItem\":{\"@type\":\"ListItem\",\"@id\":\"https:\\\/\\\/candas365.es\\\/noticias\\\/category\\\/sociedad\\\/#listItem\",\"name\":\"Sociedad\"}}]},{\"@type\":\"NewsArticle\",\"@id\":\"https:\\\/\\\/candas365.es\\\/noticias\\\/dieter-kosslick-ante-su-ultima-berlinale-solia-tener-pesadillas\\\/#newsarticle\",\"name\":\"Dieter Kosslick ante su \\u00faltima Berlinale: \\u00abSol\\u00eda tener pesadillas\\u00bb | Cand\\u00e1s 365\",\"headline\":\"Dieter Kosslick ante su \\u00faltima Berlinale: \\u00abSol\\u00eda tener pesadillas\\u00bb\",\"author\":{\"@id\":\"https:\\\/\\\/candas365.es\\\/noticias\\\/author\\\/admin\\\/#author\"},\"publisher\":{\"@id\":\"https:\\\/\\\/candas365.es\\\/noticias\\\/#organization\"},\"image\":{\"@type\":\"ImageObject\",\"url\":\"https:\\\/\\\/candas365.es\\\/noticias\\\/wp-content\\\/uploads\\\/2019\\\/01\\\/Dieter-Kosslick-ante-su-\\u00faltima-Berlinale.jpg\",\"width\":873,\"height\":666,\"caption\":\"Foto: Jens Kalaene\\\/ZB\\\/dpa\"},\"datePublished\":\"2019-01-02T15:39:22+01:00\",\"dateModified\":\"2019-01-02T15:39:22+01:00\",\"inLanguage\":\"es-ES\",\"mainEntityOfPage\":{\"@id\":\"https:\\\/\\\/candas365.es\\\/noticias\\\/dieter-kosslick-ante-su-ultima-berlinale-solia-tener-pesadillas\\\/#webpage\"},\"isPartOf\":{\"@id\":\"https:\\\/\\\/candas365.es\\\/noticias\\\/dieter-kosslick-ante-su-ultima-berlinale-solia-tener-pesadillas\\\/#webpage\"},\"articleSection\":\"Sociedad\",\"dateline\":\"Publicado el enero 2, 2019.\"},{\"@type\":\"Organization\",\"@id\":\"https:\\\/\\\/candas365.es\\\/noticias\\\/#organization\",\"name\":\"Cand\\u00e1s 365\",\"description\":\"Cand\\u00e1s 365 es un diario digital independiente, fundado en 2012, con base en Asturias. Informamos con rigor sobre actualidad, sociedad, cultura y ocio, con una mirada local y global.\",\"url\":\"https:\\\/\\\/candas365.es\\\/noticias\\\/\",\"email\":\"info@candas365.es\",\"telephone\":\"+34652131393\",\"foundingDate\":\"2012-06-10\",\"logo\":{\"@type\":\"ImageObject\",\"url\":\"https:\\\/\\\/candas365.es\\\/noticias\\\/wp-content\\\/uploads\\\/2024\\\/09\\\/Candas-365-Redes.jpg\",\"@id\":\"https:\\\/\\\/candas365.es\\\/noticias\\\/dieter-kosslick-ante-su-ultima-berlinale-solia-tener-pesadillas\\\/#organizationLogo\",\"width\":1152,\"height\":864,\"caption\":\"Cand\\u00e1s 365 Redes\"},\"image\":{\"@id\":\"https:\\\/\\\/candas365.es\\\/noticias\\\/dieter-kosslick-ante-su-ultima-berlinale-solia-tener-pesadillas\\\/#organizationLogo\"},\"sameAs\":[\"https:\\\/\\\/www.facebook.com\\\/Nachofdezber\",\"https:\\\/\\\/x.com\\\/NabercoDigital\",\"https:\\\/\\\/www.instagram.com\\\/nachofdezber\\\/\",\"https:\\\/\\\/www.youtube.com\\\/channel\\\/UCZP-2wLEB9Rv6erhFmqVnvg\"],\"address\":{\"@id\":\"https:\\\/\\\/candas365.es\\\/noticias\\\/#postaladdress\",\"@type\":\"PostalAddress\",\"streetAddress\":\"san antonio 4, san antonio 4\",\"postalCode\":\"33430\",\"addressLocality\":\"Cand\\u00e1s\",\"addressRegion\":\"Asturias\",\"addressCountry\":\"ES\"}},{\"@type\":\"Person\",\"@id\":\"https:\\\/\\\/candas365.es\\\/noticias\\\/author\\\/admin\\\/#author\",\"url\":\"https:\\\/\\\/candas365.es\\\/noticias\\\/author\\\/admin\\\/\",\"name\":\"Cand\\u00e1s 365\",\"image\":{\"@type\":\"ImageObject\",\"@id\":\"https:\\\/\\\/candas365.es\\\/noticias\\\/dieter-kosslick-ante-su-ultima-berlinale-solia-tener-pesadillas\\\/#authorImage\",\"url\":\"https:\\\/\\\/secure.gravatar.com\\\/avatar\\\/496a8e03d0c493ede1718b7934145dbdf8d89be1036b0eec9544e1094c9de390?s=96&d=mm&r=g\",\"width\":96,\"height\":96,\"caption\":\"Cand\\u00e1s 365\"},\"sameAs\":[\"https:\\\/\\\/www.facebook.com\\\/carrenoactualidad\",\"https:\\\/\\\/twitter.com\\\/nbasturias\",\"https:\\\/\\\/www.instagram.com\\\/nachofdezber\\\/\",\"https:\\\/\\\/www.youtube.com\\\/channel\\\/UCZP-2wLEB9Rv6erhFmqVnvg\"]},{\"@type\":\"WebPage\",\"@id\":\"https:\\\/\\\/candas365.es\\\/noticias\\\/dieter-kosslick-ante-su-ultima-berlinale-solia-tener-pesadillas\\\/#webpage\",\"url\":\"https:\\\/\\\/candas365.es\\\/noticias\\\/dieter-kosslick-ante-su-ultima-berlinale-solia-tener-pesadillas\\\/\",\"name\":\"Dieter Kosslick ante su \\u00faltima Berlinale: \\u00abSol\\u00eda tener pesadillas\\u00bb | Cand\\u00e1s 365\",\"description\":\"Berl\\u00edn (dpa) - Nicole Kidman estaba casi tan nerviosa como \\u00e9l. Y su primer festival fue un aut\\u00e9ntico caos. El director del Festival Internacional de Cine de Berl\\u00edn, Dieter Kosslick, caminar\\u00e1 el 7 de febrero por \\u00faltima vez sobre la alfombra roja de la Berlinale. En entrevista con la agencia dpa, habla de sus casi\",\"inLanguage\":\"es-ES\",\"isPartOf\":{\"@id\":\"https:\\\/\\\/candas365.es\\\/noticias\\\/#website\"},\"breadcrumb\":{\"@id\":\"https:\\\/\\\/candas365.es\\\/noticias\\\/dieter-kosslick-ante-su-ultima-berlinale-solia-tener-pesadillas\\\/#breadcrumblist\"},\"author\":{\"@id\":\"https:\\\/\\\/candas365.es\\\/noticias\\\/author\\\/admin\\\/#author\"},\"creator\":{\"@id\":\"https:\\\/\\\/candas365.es\\\/noticias\\\/author\\\/admin\\\/#author\"},\"image\":{\"@type\":\"ImageObject\",\"url\":\"https:\\\/\\\/candas365.es\\\/noticias\\\/wp-content\\\/uploads\\\/2019\\\/01\\\/Dieter-Kosslick-ante-su-\\u00faltima-Berlinale.jpg\",\"@id\":\"https:\\\/\\\/candas365.es\\\/noticias\\\/dieter-kosslick-ante-su-ultima-berlinale-solia-tener-pesadillas\\\/#mainImage\",\"width\":873,\"height\":666,\"caption\":\"Foto: Jens Kalaene\\\/ZB\\\/dpa\"},\"primaryImageOfPage\":{\"@id\":\"https:\\\/\\\/candas365.es\\\/noticias\\\/dieter-kosslick-ante-su-ultima-berlinale-solia-tener-pesadillas\\\/#mainImage\"},\"datePublished\":\"2019-01-02T15:39:22+01:00\",\"dateModified\":\"2019-01-02T15:39:22+01:00\"},{\"@type\":\"WebSite\",\"@id\":\"https:\\\/\\\/candas365.es\\\/noticias\\\/#website\",\"url\":\"https:\\\/\\\/candas365.es\\\/noticias\\\/\",\"name\":\"Cand\\u00e1s 365\",\"alternateName\":\"Cand\\u00e1s 365 Noticias\",\"description\":\"Actualidad desde Carre\\u00f1o para el mundo\",\"inLanguage\":\"es-ES\",\"publisher\":{\"@id\":\"https:\\\/\\\/candas365.es\\\/noticias\\\/#organization\"}}]}\n\t\t<\/script>\n\t\t<!-- All in One SEO Pro -->\r\n\t\t<title>Dieter Kosslick ante su \u00faltima Berlinale: \u00abSol\u00eda tener pesadillas\u00bb | Cand\u00e1s 365<\/title>\n\n","aioseo_head_json":{"title":"Dieter Kosslick ante su \u00faltima Berlinale: \u00abSol\u00eda tener pesadillas\u00bb | Cand\u00e1s 365","description":"Berl\u00edn (dpa) - Nicole Kidman estaba casi tan nerviosa como \u00e9l. Y su primer festival fue un aut\u00e9ntico caos. El director del Festival Internacional de Cine de Berl\u00edn, Dieter Kosslick, caminar\u00e1 el 7 de febrero por \u00faltima vez sobre la alfombra roja de la Berlinale. En entrevista con la agencia dpa, habla de sus casi","canonical_url":"https:\/\/candas365.es\/noticias\/dieter-kosslick-ante-su-ultima-berlinale-solia-tener-pesadillas\/","robots":"max-image-preview:large","keywords":"sociedad","webmasterTools":{"google-site-verification":"UA-32230408-1","msvalidate.01":"354F3CDFB2DA171B47FBE9ABF1F88D5","miscellaneous":""},"schema":{"@context":"https:\/\/schema.org","@graph":[{"@type":"BreadcrumbList","@id":"https:\/\/candas365.es\/noticias\/dieter-kosslick-ante-su-ultima-berlinale-solia-tener-pesadillas\/#breadcrumblist","itemListElement":[{"@type":"ListItem","@id":"https:\/\/candas365.es\/noticias#listItem","position":1,"name":"Home","item":"https:\/\/candas365.es\/noticias","nextItem":{"@type":"ListItem","@id":"https:\/\/candas365.es\/noticias\/category\/sociedad\/#listItem","name":"Sociedad"}},{"@type":"ListItem","@id":"https:\/\/candas365.es\/noticias\/category\/sociedad\/#listItem","position":2,"name":"Sociedad","item":"https:\/\/candas365.es\/noticias\/category\/sociedad\/","nextItem":{"@type":"ListItem","@id":"https:\/\/candas365.es\/noticias\/dieter-kosslick-ante-su-ultima-berlinale-solia-tener-pesadillas\/#listItem","name":"Dieter Kosslick ante su \u00faltima Berlinale: \u00abSol\u00eda tener pesadillas\u00bb"},"previousItem":{"@type":"ListItem","@id":"https:\/\/candas365.es\/noticias#listItem","name":"Home"}},{"@type":"ListItem","@id":"https:\/\/candas365.es\/noticias\/dieter-kosslick-ante-su-ultima-berlinale-solia-tener-pesadillas\/#listItem","position":3,"name":"Dieter Kosslick ante su \u00faltima Berlinale: \u00abSol\u00eda tener pesadillas\u00bb","previousItem":{"@type":"ListItem","@id":"https:\/\/candas365.es\/noticias\/category\/sociedad\/#listItem","name":"Sociedad"}}]},{"@type":"NewsArticle","@id":"https:\/\/candas365.es\/noticias\/dieter-kosslick-ante-su-ultima-berlinale-solia-tener-pesadillas\/#newsarticle","name":"Dieter Kosslick ante su \u00faltima Berlinale: \u00abSol\u00eda tener pesadillas\u00bb | Cand\u00e1s 365","headline":"Dieter Kosslick ante su \u00faltima Berlinale: \u00abSol\u00eda tener pesadillas\u00bb","author":{"@id":"https:\/\/candas365.es\/noticias\/author\/admin\/#author"},"publisher":{"@id":"https:\/\/candas365.es\/noticias\/#organization"},"image":{"@type":"ImageObject","url":"https:\/\/candas365.es\/noticias\/wp-content\/uploads\/2019\/01\/Dieter-Kosslick-ante-su-\u00faltima-Berlinale.jpg","width":873,"height":666,"caption":"Foto: Jens Kalaene\/ZB\/dpa"},"datePublished":"2019-01-02T15:39:22+01:00","dateModified":"2019-01-02T15:39:22+01:00","inLanguage":"es-ES","mainEntityOfPage":{"@id":"https:\/\/candas365.es\/noticias\/dieter-kosslick-ante-su-ultima-berlinale-solia-tener-pesadillas\/#webpage"},"isPartOf":{"@id":"https:\/\/candas365.es\/noticias\/dieter-kosslick-ante-su-ultima-berlinale-solia-tener-pesadillas\/#webpage"},"articleSection":"Sociedad","dateline":"Publicado el enero 2, 2019."},{"@type":"Organization","@id":"https:\/\/candas365.es\/noticias\/#organization","name":"Cand\u00e1s 365","description":"Cand\u00e1s 365 es un diario digital independiente, fundado en 2012, con base en Asturias. Informamos con rigor sobre actualidad, sociedad, cultura y ocio, con una mirada local y global.","url":"https:\/\/candas365.es\/noticias\/","email":"info@candas365.es","telephone":"+34652131393","foundingDate":"2012-06-10","logo":{"@type":"ImageObject","url":"https:\/\/candas365.es\/noticias\/wp-content\/uploads\/2024\/09\/Candas-365-Redes.jpg","@id":"https:\/\/candas365.es\/noticias\/dieter-kosslick-ante-su-ultima-berlinale-solia-tener-pesadillas\/#organizationLogo","width":1152,"height":864,"caption":"Cand\u00e1s 365 Redes"},"image":{"@id":"https:\/\/candas365.es\/noticias\/dieter-kosslick-ante-su-ultima-berlinale-solia-tener-pesadillas\/#organizationLogo"},"sameAs":["https:\/\/www.facebook.com\/Nachofdezber","https:\/\/x.com\/NabercoDigital","https:\/\/www.instagram.com\/nachofdezber\/","https:\/\/www.youtube.com\/channel\/UCZP-2wLEB9Rv6erhFmqVnvg"],"address":{"@id":"https:\/\/candas365.es\/noticias\/#postaladdress","@type":"PostalAddress","streetAddress":"san antonio 4, san antonio 4","postalCode":"33430","addressLocality":"Cand\u00e1s","addressRegion":"Asturias","addressCountry":"ES"}},{"@type":"Person","@id":"https:\/\/candas365.es\/noticias\/author\/admin\/#author","url":"https:\/\/candas365.es\/noticias\/author\/admin\/","name":"Cand\u00e1s 365","image":{"@type":"ImageObject","@id":"https:\/\/candas365.es\/noticias\/dieter-kosslick-ante-su-ultima-berlinale-solia-tener-pesadillas\/#authorImage","url":"https:\/\/secure.gravatar.com\/avatar\/496a8e03d0c493ede1718b7934145dbdf8d89be1036b0eec9544e1094c9de390?s=96&d=mm&r=g","width":96,"height":96,"caption":"Cand\u00e1s 365"},"sameAs":["https:\/\/www.facebook.com\/carrenoactualidad","https:\/\/twitter.com\/nbasturias","https:\/\/www.instagram.com\/nachofdezber\/","https:\/\/www.youtube.com\/channel\/UCZP-2wLEB9Rv6erhFmqVnvg"]},{"@type":"WebPage","@id":"https:\/\/candas365.es\/noticias\/dieter-kosslick-ante-su-ultima-berlinale-solia-tener-pesadillas\/#webpage","url":"https:\/\/candas365.es\/noticias\/dieter-kosslick-ante-su-ultima-berlinale-solia-tener-pesadillas\/","name":"Dieter Kosslick ante su \u00faltima Berlinale: \u00abSol\u00eda tener pesadillas\u00bb | Cand\u00e1s 365","description":"Berl\u00edn (dpa) - Nicole Kidman estaba casi tan nerviosa como \u00e9l. Y su primer festival fue un aut\u00e9ntico caos. El director del Festival Internacional de Cine de Berl\u00edn, Dieter Kosslick, caminar\u00e1 el 7 de febrero por \u00faltima vez sobre la alfombra roja de la Berlinale. En entrevista con la agencia dpa, habla de sus casi","inLanguage":"es-ES","isPartOf":{"@id":"https:\/\/candas365.es\/noticias\/#website"},"breadcrumb":{"@id":"https:\/\/candas365.es\/noticias\/dieter-kosslick-ante-su-ultima-berlinale-solia-tener-pesadillas\/#breadcrumblist"},"author":{"@id":"https:\/\/candas365.es\/noticias\/author\/admin\/#author"},"creator":{"@id":"https:\/\/candas365.es\/noticias\/author\/admin\/#author"},"image":{"@type":"ImageObject","url":"https:\/\/candas365.es\/noticias\/wp-content\/uploads\/2019\/01\/Dieter-Kosslick-ante-su-\u00faltima-Berlinale.jpg","@id":"https:\/\/candas365.es\/noticias\/dieter-kosslick-ante-su-ultima-berlinale-solia-tener-pesadillas\/#mainImage","width":873,"height":666,"caption":"Foto: Jens Kalaene\/ZB\/dpa"},"primaryImageOfPage":{"@id":"https:\/\/candas365.es\/noticias\/dieter-kosslick-ante-su-ultima-berlinale-solia-tener-pesadillas\/#mainImage"},"datePublished":"2019-01-02T15:39:22+01:00","dateModified":"2019-01-02T15:39:22+01:00"},{"@type":"WebSite","@id":"https:\/\/candas365.es\/noticias\/#website","url":"https:\/\/candas365.es\/noticias\/","name":"Cand\u00e1s 365","alternateName":"Cand\u00e1s 365 Noticias","description":"Actualidad desde Carre\u00f1o para el mundo","inLanguage":"es-ES","publisher":{"@id":"https:\/\/candas365.es\/noticias\/#organization"}}]},"og:locale":"es_ES","og:site_name":"Cand\u00e1s 365","og:type":"article","og:title":"Dieter Kosslick ante su \u00faltima Berlinale: \u00abSol\u00eda tener pesadillas\u00bb | Cand\u00e1s 365","og:description":"Berl\u00edn (dpa) - Nicole Kidman estaba casi tan nerviosa como \u00e9l. Y su primer festival fue un aut\u00e9ntico caos. El director del Festival Internacional de Cine de Berl\u00edn, Dieter Kosslick, caminar\u00e1 el 7 de febrero por \u00faltima vez sobre la alfombra roja de la Berlinale. En entrevista con la agencia dpa, habla de sus casi","og:url":"https:\/\/candas365.es\/noticias\/dieter-kosslick-ante-su-ultima-berlinale-solia-tener-pesadillas\/","og:image":"https:\/\/candas365.es\/noticias\/wp-content\/uploads\/2019\/01\/Dieter-Kosslick-ante-su-\u00faltima-Berlinale.jpg","og:image:secure_url":"https:\/\/candas365.es\/noticias\/wp-content\/uploads\/2019\/01\/Dieter-Kosslick-ante-su-\u00faltima-Berlinale.jpg","og:image:width":873,"og:image:height":666,"article:published_time":"2019-01-02T15:39:22+00:00","article:modified_time":"2019-01-02T15:39:22+00:00","article:publisher":"https:\/\/www.facebook.com\/Nachofdezber","article:author":"https:\/\/www.facebook.com\/carrenoactualidad","twitter:card":"summary_large_image","twitter:site":"@NabercoDigital","twitter:title":"Dieter Kosslick ante su \u00faltima Berlinale: \u00abSol\u00eda tener pesadillas\u00bb | Cand\u00e1s 365","twitter:description":"Berl\u00edn (dpa) - Nicole Kidman estaba casi tan nerviosa como \u00e9l. Y su primer festival fue un aut\u00e9ntico caos. El director del Festival Internacional de Cine de Berl\u00edn, Dieter Kosslick, caminar\u00e1 el 7 de febrero por \u00faltima vez sobre la alfombra roja de la Berlinale. En entrevista con la agencia dpa, habla de sus casi","twitter:creator":"@nbasturias","twitter:image":"https:\/\/candas365.es\/noticias\/wp-content\/uploads\/2019\/01\/Dieter-Kosslick-ante-su-\u00faltima-Berlinale.jpg","twitter:label1":"Escrito por","twitter:data1":"Cand\u00e1s 365","twitter:label2":"Tiempo de lectura estimado","twitter:data2":"6 minutos"},"aioseo_meta_data":{"post_id":"113175","title":null,"description":null,"keywords":null,"keyphrases":null,"primary_term":null,"canonical_url":null,"og_title":null,"og_description":null,"og_object_type":"default","og_image_type":"default","og_image_url":null,"og_image_width":null,"og_image_height":null,"og_image_custom_url":null,"og_image_custom_fields":null,"og_video":null,"og_custom_url":null,"og_article_section":null,"og_article_tags":null,"twitter_use_og":false,"twitter_card":"default","twitter_image_type":"default","twitter_image_url":null,"twitter_image_custom_url":null,"twitter_image_custom_fields":null,"twitter_title":null,"twitter_description":null,"schema":{"blockGraphs":[],"customGraphs":[],"default":{"data":{"Article":[],"Course":[],"Dataset":[],"FAQPage":[],"Movie":[],"Person":[],"Product":[],"ProductReview":[],"Car":[],"Recipe":[],"Service":[],"SoftwareApplication":[],"WebPage":[]},"graphName":"","isEnabled":true},"graphs":[]},"schema_type":null,"schema_type_options":null,"pillar_content":false,"robots_default":true,"robots_noindex":false,"robots_noarchive":false,"robots_nosnippet":false,"robots_nofollow":false,"robots_noimageindex":false,"robots_noodp":false,"robots_notranslate":false,"robots_max_snippet":null,"robots_max_videopreview":null,"robots_max_imagepreview":"large","priority":null,"frequency":null,"location":null,"local_seo":null,"seo_analyzer_scan_date":"2025-08-28 20:38:21","breadcrumb_settings":null,"limit_modified_date":false,"reviewed_by":null,"open_ai":null,"ai":null,"created":"2020-12-21 10:47:14","updated":"2025-08-28 20:38:21"},"aioseo_breadcrumb":"<div class=\"aioseo-breadcrumbs\"><span class=\"aioseo-breadcrumb\">\n\t<a href=\"https:\/\/candas365.es\/noticias\" title=\"Home\">Home<\/a>\n<\/span><span class=\"aioseo-breadcrumb-separator\">&ndash;<\/span><span class=\"aioseo-breadcrumb\">\n\t<a href=\"https:\/\/candas365.es\/noticias\/category\/sociedad\/\" title=\"Sociedad\">Sociedad<\/a>\n<\/span><span class=\"aioseo-breadcrumb-separator\">&ndash;<\/span><span class=\"aioseo-breadcrumb\">\n\tDieter Kosslick ante su \u00faltima Berlinale: \u00abSol\u00eda tener pesadillas\u00bb\n<\/span><\/div>","aioseo_breadcrumb_json":[{"label":"Home","link":"https:\/\/candas365.es\/noticias"},{"label":"Sociedad","link":"https:\/\/candas365.es\/noticias\/category\/sociedad\/"},{"label":"Dieter Kosslick ante su \u00faltima Berlinale: \u00abSol\u00eda tener pesadillas\u00bb","link":"https:\/\/candas365.es\/noticias\/dieter-kosslick-ante-su-ultima-berlinale-solia-tener-pesadillas\/"}],"_links":{"self":[{"href":"https:\/\/candas365.es\/noticias\/wp-json\/wp\/v2\/posts\/113175","targetHints":{"allow":["GET"]}}],"collection":[{"href":"https:\/\/candas365.es\/noticias\/wp-json\/wp\/v2\/posts"}],"about":[{"href":"https:\/\/candas365.es\/noticias\/wp-json\/wp\/v2\/types\/post"}],"author":[{"embeddable":true,"href":"https:\/\/candas365.es\/noticias\/wp-json\/wp\/v2\/users\/1"}],"replies":[{"embeddable":true,"href":"https:\/\/candas365.es\/noticias\/wp-json\/wp\/v2\/comments?post=113175"}],"version-history":[{"count":0,"href":"https:\/\/candas365.es\/noticias\/wp-json\/wp\/v2\/posts\/113175\/revisions"}],"wp:featuredmedia":[{"embeddable":true,"href":"https:\/\/candas365.es\/noticias\/wp-json\/wp\/v2\/media\/113176"}],"wp:attachment":[{"href":"https:\/\/candas365.es\/noticias\/wp-json\/wp\/v2\/media?parent=113175"}],"wp:term":[{"taxonomy":"category","embeddable":true,"href":"https:\/\/candas365.es\/noticias\/wp-json\/wp\/v2\/categories?post=113175"},{"taxonomy":"post_tag","embeddable":true,"href":"https:\/\/candas365.es\/noticias\/wp-json\/wp\/v2\/tags?post=113175"}],"curies":[{"name":"wp","href":"https:\/\/api.w.org\/{rel}","templated":true}]}}