{"id":113139,"date":"2019-01-01T18:46:33","date_gmt":"2019-01-01T18:46:33","guid":{"rendered":"http:\/\/candas365.es\/noticias\/?p=113139"},"modified":"2019-01-01T18:46:33","modified_gmt":"2019-01-01T18:46:33","slug":"un-cardenal-aleman-no-ve-relacion-entre-celibato-y-abuso-sexual","status":"publish","type":"post","link":"https:\/\/candas365.es\/noticias\/un-cardenal-aleman-no-ve-relacion-entre-celibato-y-abuso-sexual\/","title":{"rendered":"Un Cardenal alem\u00e1n no ve relaci\u00f3n entre celibato y abuso sexual"},"content":{"rendered":"<p><img fetchpriority=\"high\" decoding=\"async\" class=\"alignleft size-medium wp-image-91858\" src=\"https:\/\/candas365.es\/noticias\/wp-content\/uploads\/2018\/03\/rome-1945033_1280-360x202.jpg\" alt=\"\" width=\"360\" height=\"202\" srcset=\"https:\/\/candas365.es\/noticias\/wp-content\/uploads\/2018\/03\/rome-1945033_1280-360x202.jpg 360w, https:\/\/candas365.es\/noticias\/wp-content\/uploads\/2018\/03\/rome-1945033_1280-696x391.jpg 696w, https:\/\/candas365.es\/noticias\/wp-content\/uploads\/2018\/03\/rome-1945033_1280-1068x600.jpg 1068w, https:\/\/candas365.es\/noticias\/wp-content\/uploads\/2018\/03\/rome-1945033_1280-748x420.jpg 748w, https:\/\/candas365.es\/noticias\/wp-content\/uploads\/2018\/03\/rome-1945033_1280-768x431.jpg 768w, https:\/\/candas365.es\/noticias\/wp-content\/uploads\/2018\/03\/rome-1945033_1280-655x368.jpg 655w, https:\/\/candas365.es\/noticias\/wp-content\/uploads\/2018\/03\/rome-1945033_1280-499x280.jpg 499w, https:\/\/candas365.es\/noticias\/wp-content\/uploads\/2018\/03\/rome-1945033_1280.jpg 1280w\" sizes=\"(max-width: 360px) 100vw, 360px\" \/>Roma (Italia)\/Colonia (Alemania), 1 ene (dpa) &#8211; El cardenal cat\u00f3lico y te\u00f3logo alem\u00e1n Gerhard Ludwig M\u00fcller, ex prefecto de la Congregaci\u00f3n para la Doctrina de la Fe, no ve relaci\u00f3n alguna entre el celibato prescripto a los sacerdotes cat\u00f3licos y los m\u00faltiples casos de abuso sexual contra menores, seg\u00fan se\u00f1al\u00f3 en declaraciones a la agencia dpa.<\/p>\n<p>\u00abEs una suposici\u00f3n discriminatoria pensar que personas que con esta forma de vida siguen voluntariamente el llamado de Jes\u00fas est\u00e1n particularmente predispuestas a cometer delitos sexuales\u00bb, sentenci\u00f3 M\u00fcller.<\/p>\n<p>\u00abUtilizar el abominable abuso sexual de adolescentes para luchar contra una forma de vida fundada en el evangelio de Cristo solo porque parece indecente e incomprensible para el pensamiento puramente mundano no es m\u00e1s que una ideolog\u00eda que desprecia la dignidad humana\u00bb, subray\u00f3. Si se aboliera el celibato no se lograr\u00eda evitar ni un solo crimen, a\u00f1adi\u00f3 el te\u00f3logo.<\/p>\n<p>Los autores del estudio sobre el abuso sexual en la Iglesia cat\u00f3lica presentado en septiembre instaron a iniciar un debate sobre el celibato. De acuerdo con los resultados del estudio, los sacerdotes se ven involucrados cinco veces m\u00e1s en este tipo de casos que los di\u00e1conos cat\u00f3licos, quienes, a diferencia de los p\u00e1rrocos, tienen permitido casarse.<\/p>\n","protected":false},"excerpt":{"rendered":"<p>Roma (Italia)\/Colonia (Alemania), 1 ene (dpa) &#8211; El cardenal cat\u00f3lico y te\u00f3logo alem\u00e1n Gerhard Ludwig M\u00fcller, ex prefecto de la Congregaci\u00f3n para la Doctrina de la Fe, no ve relaci\u00f3n alguna entre el celibato prescripto a los sacerdotes cat\u00f3licos y los m\u00faltiples casos de abuso sexual contra menores, seg\u00fan se\u00f1al\u00f3 en declaraciones a la agencia<\/p>\n","protected":false},"author":1,"featured_media":91858,"comment_status":"closed","ping_status":"closed","sticky":false,"template":"","format":"standard","meta":{"footnotes":""},"categories":[343],"tags":[],"class_list":{"0":"post-113139","1":"post","2":"type-post","3":"status-publish","4":"format-standard","5":"has-post-thumbnail","7":"category-actualidad"},"aioseo_notices":[],"aioseo_head":"\n\t\t<!-- All in One SEO Pro 4.9.6.2 - aioseo.com -->\n\t<meta name=\"description\" content=\"Roma (Italia)\/Colonia (Alemania), 1 ene (dpa) - El cardenal cat\u00f3lico y te\u00f3logo alem\u00e1n Gerhard Ludwig M\u00fcller, ex prefecto de la Congregaci\u00f3n para la Doctrina de la Fe, no ve relaci\u00f3n alguna entre el celibato prescripto a los sacerdotes cat\u00f3licos y los m\u00faltiples casos de abuso sexual contra menores, seg\u00fan se\u00f1al\u00f3 en declaraciones a la agencia\" \/>\n\t<meta name=\"robots\" content=\"max-image-preview:large\" \/>\n\t<meta name=\"author\" content=\"Cand\u00e1s 365\"\/>\n\t<meta name=\"google-site-verification\" content=\"UA-32230408-1\" \/>\n\t<meta name=\"msvalidate.01\" content=\"354F3CDFB2DA171B47FBE9ABF1F88D5\" \/>\n\t<meta name=\"keywords\" content=\"actualidad\" \/>\n\t<link rel=\"canonical\" href=\"https:\/\/candas365.es\/noticias\/un-cardenal-aleman-no-ve-relacion-entre-celibato-y-abuso-sexual\/\" \/>\n\t<meta name=\"generator\" content=\"All in One SEO Pro (AIOSEO) 4.9.6.2\" \/>\n\t\t<meta property=\"og:locale\" content=\"es_ES\" \/>\n\t\t<meta property=\"og:site_name\" content=\"Cand\u00e1s 365\" \/>\n\t\t<meta property=\"og:type\" content=\"article\" \/>\n\t\t<meta property=\"og:title\" content=\"Un Cardenal alem\u00e1n no ve relaci\u00f3n entre celibato y abuso sexual | Cand\u00e1s 365\" \/>\n\t\t<meta property=\"og:description\" content=\"Roma (Italia)\/Colonia (Alemania), 1 ene (dpa) - El cardenal cat\u00f3lico y te\u00f3logo alem\u00e1n Gerhard Ludwig M\u00fcller, ex prefecto de la Congregaci\u00f3n para la Doctrina de la Fe, no ve relaci\u00f3n alguna entre el celibato prescripto a los sacerdotes cat\u00f3licos y los m\u00faltiples casos de abuso sexual contra menores, seg\u00fan se\u00f1al\u00f3 en declaraciones a la agencia\" \/>\n\t\t<meta property=\"og:url\" content=\"https:\/\/candas365.es\/noticias\/un-cardenal-aleman-no-ve-relacion-entre-celibato-y-abuso-sexual\/\" \/>\n\t\t<meta property=\"og:image\" content=\"https:\/\/candas365.es\/noticias\/wp-content\/uploads\/2018\/03\/rome-1945033_1280.jpg\" \/>\n\t\t<meta property=\"og:image:secure_url\" content=\"https:\/\/candas365.es\/noticias\/wp-content\/uploads\/2018\/03\/rome-1945033_1280.jpg\" \/>\n\t\t<meta property=\"og:image:width\" content=\"1280\" \/>\n\t\t<meta property=\"og:image:height\" content=\"719\" \/>\n\t\t<meta property=\"article:published_time\" content=\"2019-01-01T18:46:33+00:00\" \/>\n\t\t<meta property=\"article:modified_time\" content=\"2019-01-01T18:46:33+00:00\" \/>\n\t\t<meta property=\"article:publisher\" content=\"https:\/\/www.facebook.com\/Nachofdezber\" \/>\n\t\t<meta property=\"article:author\" content=\"https:\/\/www.facebook.com\/carrenoactualidad\" \/>\n\t\t<meta name=\"twitter:card\" content=\"summary_large_image\" \/>\n\t\t<meta name=\"twitter:site\" content=\"@NabercoDigital\" \/>\n\t\t<meta name=\"twitter:title\" content=\"Un Cardenal alem\u00e1n no ve relaci\u00f3n entre celibato y abuso sexual | Cand\u00e1s 365\" \/>\n\t\t<meta name=\"twitter:description\" content=\"Roma (Italia)\/Colonia (Alemania), 1 ene (dpa) - El cardenal cat\u00f3lico y te\u00f3logo alem\u00e1n Gerhard Ludwig M\u00fcller, ex prefecto de la Congregaci\u00f3n para la Doctrina de la Fe, no ve relaci\u00f3n alguna entre el celibato prescripto a los sacerdotes cat\u00f3licos y los m\u00faltiples casos de abuso sexual contra menores, seg\u00fan se\u00f1al\u00f3 en declaraciones a la agencia\" \/>\n\t\t<meta name=\"twitter:creator\" content=\"@nbasturias\" \/>\n\t\t<meta name=\"twitter:image\" content=\"https:\/\/candas365.es\/noticias\/wp-content\/uploads\/2018\/03\/rome-1945033_1280.jpg\" \/>\n\t\t<meta name=\"twitter:label1\" content=\"Escrito por\" \/>\n\t\t<meta name=\"twitter:data1\" content=\"Cand\u00e1s 365\" \/>\n\t\t<meta name=\"twitter:label2\" content=\"Tiempo de lectura estimado\" \/>\n\t\t<meta name=\"twitter:data2\" content=\"1 minuto\" \/>\n\t\t<script type=\"application\/ld+json\" class=\"aioseo-schema\">\n\t\t\t{\"@context\":\"https:\\\/\\\/schema.org\",\"@graph\":[{\"@type\":\"BreadcrumbList\",\"@id\":\"https:\\\/\\\/candas365.es\\\/noticias\\\/un-cardenal-aleman-no-ve-relacion-entre-celibato-y-abuso-sexual\\\/#breadcrumblist\",\"itemListElement\":[{\"@type\":\"ListItem\",\"@id\":\"https:\\\/\\\/candas365.es\\\/noticias#listItem\",\"position\":1,\"name\":\"Home\",\"item\":\"https:\\\/\\\/candas365.es\\\/noticias\",\"nextItem\":{\"@type\":\"ListItem\",\"@id\":\"https:\\\/\\\/candas365.es\\\/noticias\\\/category\\\/actualidad\\\/#listItem\",\"name\":\"Actualidad\"}},{\"@type\":\"ListItem\",\"@id\":\"https:\\\/\\\/candas365.es\\\/noticias\\\/category\\\/actualidad\\\/#listItem\",\"position\":2,\"name\":\"Actualidad\",\"item\":\"https:\\\/\\\/candas365.es\\\/noticias\\\/category\\\/actualidad\\\/\",\"nextItem\":{\"@type\":\"ListItem\",\"@id\":\"https:\\\/\\\/candas365.es\\\/noticias\\\/un-cardenal-aleman-no-ve-relacion-entre-celibato-y-abuso-sexual\\\/#listItem\",\"name\":\"Un Cardenal alem\\u00e1n no ve relaci\\u00f3n entre celibato y abuso sexual\"},\"previousItem\":{\"@type\":\"ListItem\",\"@id\":\"https:\\\/\\\/candas365.es\\\/noticias#listItem\",\"name\":\"Home\"}},{\"@type\":\"ListItem\",\"@id\":\"https:\\\/\\\/candas365.es\\\/noticias\\\/un-cardenal-aleman-no-ve-relacion-entre-celibato-y-abuso-sexual\\\/#listItem\",\"position\":3,\"name\":\"Un Cardenal alem\\u00e1n no ve relaci\\u00f3n entre celibato y abuso sexual\",\"previousItem\":{\"@type\":\"ListItem\",\"@id\":\"https:\\\/\\\/candas365.es\\\/noticias\\\/category\\\/actualidad\\\/#listItem\",\"name\":\"Actualidad\"}}]},{\"@type\":\"NewsArticle\",\"@id\":\"https:\\\/\\\/candas365.es\\\/noticias\\\/un-cardenal-aleman-no-ve-relacion-entre-celibato-y-abuso-sexual\\\/#newsarticle\",\"name\":\"Un Cardenal alem\\u00e1n no ve relaci\\u00f3n entre celibato y abuso sexual | Cand\\u00e1s 365\",\"headline\":\"Un Cardenal alem\\u00e1n no ve relaci\\u00f3n entre celibato y abuso sexual\",\"author\":{\"@id\":\"https:\\\/\\\/candas365.es\\\/noticias\\\/author\\\/admin\\\/#author\"},\"publisher\":{\"@id\":\"https:\\\/\\\/candas365.es\\\/noticias\\\/#organization\"},\"image\":{\"@type\":\"ImageObject\",\"url\":\"https:\\\/\\\/candas365.es\\\/noticias\\\/wp-content\\\/uploads\\\/2018\\\/03\\\/rome-1945033_1280.jpg\",\"width\":1280,\"height\":719},\"datePublished\":\"2019-01-01T18:46:33+01:00\",\"dateModified\":\"2019-01-01T18:46:33+01:00\",\"inLanguage\":\"es-ES\",\"mainEntityOfPage\":{\"@id\":\"https:\\\/\\\/candas365.es\\\/noticias\\\/un-cardenal-aleman-no-ve-relacion-entre-celibato-y-abuso-sexual\\\/#webpage\"},\"isPartOf\":{\"@id\":\"https:\\\/\\\/candas365.es\\\/noticias\\\/un-cardenal-aleman-no-ve-relacion-entre-celibato-y-abuso-sexual\\\/#webpage\"},\"articleSection\":\"Actualidad\",\"dateline\":\"Publicado el enero 1, 2019.\"},{\"@type\":\"Organization\",\"@id\":\"https:\\\/\\\/candas365.es\\\/noticias\\\/#organization\",\"name\":\"Cand\\u00e1s 365\",\"description\":\"Cand\\u00e1s 365 es un diario digital independiente, fundado en 2012, con base en Asturias. Informamos con rigor sobre actualidad, sociedad, cultura y ocio, con una mirada local y global.\",\"url\":\"https:\\\/\\\/candas365.es\\\/noticias\\\/\",\"email\":\"info@candas365.es\",\"telephone\":\"+34652131393\",\"foundingDate\":\"2012-06-10\",\"logo\":{\"@type\":\"ImageObject\",\"url\":\"https:\\\/\\\/candas365.es\\\/noticias\\\/wp-content\\\/uploads\\\/2024\\\/09\\\/Candas-365-Redes.jpg\",\"@id\":\"https:\\\/\\\/candas365.es\\\/noticias\\\/un-cardenal-aleman-no-ve-relacion-entre-celibato-y-abuso-sexual\\\/#organizationLogo\",\"width\":1152,\"height\":864,\"caption\":\"Cand\\u00e1s 365 Redes\"},\"image\":{\"@id\":\"https:\\\/\\\/candas365.es\\\/noticias\\\/un-cardenal-aleman-no-ve-relacion-entre-celibato-y-abuso-sexual\\\/#organizationLogo\"},\"sameAs\":[\"https:\\\/\\\/www.facebook.com\\\/Nachofdezber\",\"https:\\\/\\\/x.com\\\/NabercoDigital\",\"https:\\\/\\\/www.instagram.com\\\/nachofdezber\\\/\",\"https:\\\/\\\/www.youtube.com\\\/channel\\\/UCZP-2wLEB9Rv6erhFmqVnvg\"],\"address\":{\"@id\":\"https:\\\/\\\/candas365.es\\\/noticias\\\/#postaladdress\",\"@type\":\"PostalAddress\",\"streetAddress\":\"san antonio 4, san antonio 4\",\"postalCode\":\"33430\",\"addressLocality\":\"Cand\\u00e1s\",\"addressRegion\":\"Asturias\",\"addressCountry\":\"ES\"}},{\"@type\":\"Person\",\"@id\":\"https:\\\/\\\/candas365.es\\\/noticias\\\/author\\\/admin\\\/#author\",\"url\":\"https:\\\/\\\/candas365.es\\\/noticias\\\/author\\\/admin\\\/\",\"name\":\"Cand\\u00e1s 365\",\"image\":{\"@type\":\"ImageObject\",\"@id\":\"https:\\\/\\\/candas365.es\\\/noticias\\\/un-cardenal-aleman-no-ve-relacion-entre-celibato-y-abuso-sexual\\\/#authorImage\",\"url\":\"https:\\\/\\\/secure.gravatar.com\\\/avatar\\\/496a8e03d0c493ede1718b7934145dbdf8d89be1036b0eec9544e1094c9de390?s=96&d=mm&r=g\",\"width\":96,\"height\":96,\"caption\":\"Cand\\u00e1s 365\"},\"sameAs\":[\"https:\\\/\\\/www.facebook.com\\\/carrenoactualidad\",\"https:\\\/\\\/twitter.com\\\/nbasturias\",\"https:\\\/\\\/www.instagram.com\\\/nachofdezber\\\/\",\"https:\\\/\\\/www.youtube.com\\\/channel\\\/UCZP-2wLEB9Rv6erhFmqVnvg\"]},{\"@type\":\"WebPage\",\"@id\":\"https:\\\/\\\/candas365.es\\\/noticias\\\/un-cardenal-aleman-no-ve-relacion-entre-celibato-y-abuso-sexual\\\/#webpage\",\"url\":\"https:\\\/\\\/candas365.es\\\/noticias\\\/un-cardenal-aleman-no-ve-relacion-entre-celibato-y-abuso-sexual\\\/\",\"name\":\"Un Cardenal alem\\u00e1n no ve relaci\\u00f3n entre celibato y abuso sexual | Cand\\u00e1s 365\",\"description\":\"Roma (Italia)\\\/Colonia (Alemania), 1 ene (dpa) - El cardenal cat\\u00f3lico y te\\u00f3logo alem\\u00e1n Gerhard Ludwig M\\u00fcller, ex prefecto de la Congregaci\\u00f3n para la Doctrina de la Fe, no ve relaci\\u00f3n alguna entre el celibato prescripto a los sacerdotes cat\\u00f3licos y los m\\u00faltiples casos de abuso sexual contra menores, seg\\u00fan se\\u00f1al\\u00f3 en declaraciones a la agencia\",\"inLanguage\":\"es-ES\",\"isPartOf\":{\"@id\":\"https:\\\/\\\/candas365.es\\\/noticias\\\/#website\"},\"breadcrumb\":{\"@id\":\"https:\\\/\\\/candas365.es\\\/noticias\\\/un-cardenal-aleman-no-ve-relacion-entre-celibato-y-abuso-sexual\\\/#breadcrumblist\"},\"author\":{\"@id\":\"https:\\\/\\\/candas365.es\\\/noticias\\\/author\\\/admin\\\/#author\"},\"creator\":{\"@id\":\"https:\\\/\\\/candas365.es\\\/noticias\\\/author\\\/admin\\\/#author\"},\"image\":{\"@type\":\"ImageObject\",\"url\":\"https:\\\/\\\/candas365.es\\\/noticias\\\/wp-content\\\/uploads\\\/2018\\\/03\\\/rome-1945033_1280.jpg\",\"@id\":\"https:\\\/\\\/candas365.es\\\/noticias\\\/un-cardenal-aleman-no-ve-relacion-entre-celibato-y-abuso-sexual\\\/#mainImage\",\"width\":1280,\"height\":719},\"primaryImageOfPage\":{\"@id\":\"https:\\\/\\\/candas365.es\\\/noticias\\\/un-cardenal-aleman-no-ve-relacion-entre-celibato-y-abuso-sexual\\\/#mainImage\"},\"datePublished\":\"2019-01-01T18:46:33+01:00\",\"dateModified\":\"2019-01-01T18:46:33+01:00\"},{\"@type\":\"WebSite\",\"@id\":\"https:\\\/\\\/candas365.es\\\/noticias\\\/#website\",\"url\":\"https:\\\/\\\/candas365.es\\\/noticias\\\/\",\"name\":\"Cand\\u00e1s 365\",\"alternateName\":\"Cand\\u00e1s 365 Noticias\",\"description\":\"Actualidad desde Carre\\u00f1o para el mundo\",\"inLanguage\":\"es-ES\",\"publisher\":{\"@id\":\"https:\\\/\\\/candas365.es\\\/noticias\\\/#organization\"}}]}\n\t\t<\/script>\n\t\t<!-- All in One SEO Pro -->\r\n\t\t<title>Un Cardenal alem\u00e1n no ve relaci\u00f3n entre celibato y abuso sexual | Cand\u00e1s 365<\/title>\n\n","aioseo_head_json":{"title":"Un Cardenal alem\u00e1n no ve relaci\u00f3n entre celibato y abuso sexual | Cand\u00e1s 365","description":"Roma (Italia)\/Colonia (Alemania), 1 ene (dpa) - El cardenal cat\u00f3lico y te\u00f3logo alem\u00e1n Gerhard Ludwig M\u00fcller, ex prefecto de la Congregaci\u00f3n para la Doctrina de la Fe, no ve relaci\u00f3n alguna entre el celibato prescripto a los sacerdotes cat\u00f3licos y los m\u00faltiples casos de abuso sexual contra menores, seg\u00fan se\u00f1al\u00f3 en declaraciones a la agencia","canonical_url":"https:\/\/candas365.es\/noticias\/un-cardenal-aleman-no-ve-relacion-entre-celibato-y-abuso-sexual\/","robots":"max-image-preview:large","keywords":"actualidad","webmasterTools":{"google-site-verification":"UA-32230408-1","msvalidate.01":"354F3CDFB2DA171B47FBE9ABF1F88D5","miscellaneous":""},"schema":{"@context":"https:\/\/schema.org","@graph":[{"@type":"BreadcrumbList","@id":"https:\/\/candas365.es\/noticias\/un-cardenal-aleman-no-ve-relacion-entre-celibato-y-abuso-sexual\/#breadcrumblist","itemListElement":[{"@type":"ListItem","@id":"https:\/\/candas365.es\/noticias#listItem","position":1,"name":"Home","item":"https:\/\/candas365.es\/noticias","nextItem":{"@type":"ListItem","@id":"https:\/\/candas365.es\/noticias\/category\/actualidad\/#listItem","name":"Actualidad"}},{"@type":"ListItem","@id":"https:\/\/candas365.es\/noticias\/category\/actualidad\/#listItem","position":2,"name":"Actualidad","item":"https:\/\/candas365.es\/noticias\/category\/actualidad\/","nextItem":{"@type":"ListItem","@id":"https:\/\/candas365.es\/noticias\/un-cardenal-aleman-no-ve-relacion-entre-celibato-y-abuso-sexual\/#listItem","name":"Un Cardenal alem\u00e1n no ve relaci\u00f3n entre celibato y abuso sexual"},"previousItem":{"@type":"ListItem","@id":"https:\/\/candas365.es\/noticias#listItem","name":"Home"}},{"@type":"ListItem","@id":"https:\/\/candas365.es\/noticias\/un-cardenal-aleman-no-ve-relacion-entre-celibato-y-abuso-sexual\/#listItem","position":3,"name":"Un Cardenal alem\u00e1n no ve relaci\u00f3n entre celibato y abuso sexual","previousItem":{"@type":"ListItem","@id":"https:\/\/candas365.es\/noticias\/category\/actualidad\/#listItem","name":"Actualidad"}}]},{"@type":"NewsArticle","@id":"https:\/\/candas365.es\/noticias\/un-cardenal-aleman-no-ve-relacion-entre-celibato-y-abuso-sexual\/#newsarticle","name":"Un Cardenal alem\u00e1n no ve relaci\u00f3n entre celibato y abuso sexual | Cand\u00e1s 365","headline":"Un Cardenal alem\u00e1n no ve relaci\u00f3n entre celibato y abuso sexual","author":{"@id":"https:\/\/candas365.es\/noticias\/author\/admin\/#author"},"publisher":{"@id":"https:\/\/candas365.es\/noticias\/#organization"},"image":{"@type":"ImageObject","url":"https:\/\/candas365.es\/noticias\/wp-content\/uploads\/2018\/03\/rome-1945033_1280.jpg","width":1280,"height":719},"datePublished":"2019-01-01T18:46:33+01:00","dateModified":"2019-01-01T18:46:33+01:00","inLanguage":"es-ES","mainEntityOfPage":{"@id":"https:\/\/candas365.es\/noticias\/un-cardenal-aleman-no-ve-relacion-entre-celibato-y-abuso-sexual\/#webpage"},"isPartOf":{"@id":"https:\/\/candas365.es\/noticias\/un-cardenal-aleman-no-ve-relacion-entre-celibato-y-abuso-sexual\/#webpage"},"articleSection":"Actualidad","dateline":"Publicado el enero 1, 2019."},{"@type":"Organization","@id":"https:\/\/candas365.es\/noticias\/#organization","name":"Cand\u00e1s 365","description":"Cand\u00e1s 365 es un diario digital independiente, fundado en 2012, con base en Asturias. Informamos con rigor sobre actualidad, sociedad, cultura y ocio, con una mirada local y global.","url":"https:\/\/candas365.es\/noticias\/","email":"info@candas365.es","telephone":"+34652131393","foundingDate":"2012-06-10","logo":{"@type":"ImageObject","url":"https:\/\/candas365.es\/noticias\/wp-content\/uploads\/2024\/09\/Candas-365-Redes.jpg","@id":"https:\/\/candas365.es\/noticias\/un-cardenal-aleman-no-ve-relacion-entre-celibato-y-abuso-sexual\/#organizationLogo","width":1152,"height":864,"caption":"Cand\u00e1s 365 Redes"},"image":{"@id":"https:\/\/candas365.es\/noticias\/un-cardenal-aleman-no-ve-relacion-entre-celibato-y-abuso-sexual\/#organizationLogo"},"sameAs":["https:\/\/www.facebook.com\/Nachofdezber","https:\/\/x.com\/NabercoDigital","https:\/\/www.instagram.com\/nachofdezber\/","https:\/\/www.youtube.com\/channel\/UCZP-2wLEB9Rv6erhFmqVnvg"],"address":{"@id":"https:\/\/candas365.es\/noticias\/#postaladdress","@type":"PostalAddress","streetAddress":"san antonio 4, san antonio 4","postalCode":"33430","addressLocality":"Cand\u00e1s","addressRegion":"Asturias","addressCountry":"ES"}},{"@type":"Person","@id":"https:\/\/candas365.es\/noticias\/author\/admin\/#author","url":"https:\/\/candas365.es\/noticias\/author\/admin\/","name":"Cand\u00e1s 365","image":{"@type":"ImageObject","@id":"https:\/\/candas365.es\/noticias\/un-cardenal-aleman-no-ve-relacion-entre-celibato-y-abuso-sexual\/#authorImage","url":"https:\/\/secure.gravatar.com\/avatar\/496a8e03d0c493ede1718b7934145dbdf8d89be1036b0eec9544e1094c9de390?s=96&d=mm&r=g","width":96,"height":96,"caption":"Cand\u00e1s 365"},"sameAs":["https:\/\/www.facebook.com\/carrenoactualidad","https:\/\/twitter.com\/nbasturias","https:\/\/www.instagram.com\/nachofdezber\/","https:\/\/www.youtube.com\/channel\/UCZP-2wLEB9Rv6erhFmqVnvg"]},{"@type":"WebPage","@id":"https:\/\/candas365.es\/noticias\/un-cardenal-aleman-no-ve-relacion-entre-celibato-y-abuso-sexual\/#webpage","url":"https:\/\/candas365.es\/noticias\/un-cardenal-aleman-no-ve-relacion-entre-celibato-y-abuso-sexual\/","name":"Un Cardenal alem\u00e1n no ve relaci\u00f3n entre celibato y abuso sexual | Cand\u00e1s 365","description":"Roma (Italia)\/Colonia (Alemania), 1 ene (dpa) - El cardenal cat\u00f3lico y te\u00f3logo alem\u00e1n Gerhard Ludwig M\u00fcller, ex prefecto de la Congregaci\u00f3n para la Doctrina de la Fe, no ve relaci\u00f3n alguna entre el celibato prescripto a los sacerdotes cat\u00f3licos y los m\u00faltiples casos de abuso sexual contra menores, seg\u00fan se\u00f1al\u00f3 en declaraciones a la agencia","inLanguage":"es-ES","isPartOf":{"@id":"https:\/\/candas365.es\/noticias\/#website"},"breadcrumb":{"@id":"https:\/\/candas365.es\/noticias\/un-cardenal-aleman-no-ve-relacion-entre-celibato-y-abuso-sexual\/#breadcrumblist"},"author":{"@id":"https:\/\/candas365.es\/noticias\/author\/admin\/#author"},"creator":{"@id":"https:\/\/candas365.es\/noticias\/author\/admin\/#author"},"image":{"@type":"ImageObject","url":"https:\/\/candas365.es\/noticias\/wp-content\/uploads\/2018\/03\/rome-1945033_1280.jpg","@id":"https:\/\/candas365.es\/noticias\/un-cardenal-aleman-no-ve-relacion-entre-celibato-y-abuso-sexual\/#mainImage","width":1280,"height":719},"primaryImageOfPage":{"@id":"https:\/\/candas365.es\/noticias\/un-cardenal-aleman-no-ve-relacion-entre-celibato-y-abuso-sexual\/#mainImage"},"datePublished":"2019-01-01T18:46:33+01:00","dateModified":"2019-01-01T18:46:33+01:00"},{"@type":"WebSite","@id":"https:\/\/candas365.es\/noticias\/#website","url":"https:\/\/candas365.es\/noticias\/","name":"Cand\u00e1s 365","alternateName":"Cand\u00e1s 365 Noticias","description":"Actualidad desde Carre\u00f1o para el mundo","inLanguage":"es-ES","publisher":{"@id":"https:\/\/candas365.es\/noticias\/#organization"}}]},"og:locale":"es_ES","og:site_name":"Cand\u00e1s 365","og:type":"article","og:title":"Un Cardenal alem\u00e1n no ve relaci\u00f3n entre celibato y abuso sexual | Cand\u00e1s 365","og:description":"Roma (Italia)\/Colonia (Alemania), 1 ene (dpa) - El cardenal cat\u00f3lico y te\u00f3logo alem\u00e1n Gerhard Ludwig M\u00fcller, ex prefecto de la Congregaci\u00f3n para la Doctrina de la Fe, no ve relaci\u00f3n alguna entre el celibato prescripto a los sacerdotes cat\u00f3licos y los m\u00faltiples casos de abuso sexual contra menores, seg\u00fan se\u00f1al\u00f3 en declaraciones a la agencia","og:url":"https:\/\/candas365.es\/noticias\/un-cardenal-aleman-no-ve-relacion-entre-celibato-y-abuso-sexual\/","og:image":"https:\/\/candas365.es\/noticias\/wp-content\/uploads\/2018\/03\/rome-1945033_1280.jpg","og:image:secure_url":"https:\/\/candas365.es\/noticias\/wp-content\/uploads\/2018\/03\/rome-1945033_1280.jpg","og:image:width":1280,"og:image:height":719,"article:published_time":"2019-01-01T18:46:33+00:00","article:modified_time":"2019-01-01T18:46:33+00:00","article:publisher":"https:\/\/www.facebook.com\/Nachofdezber","article:author":"https:\/\/www.facebook.com\/carrenoactualidad","twitter:card":"summary_large_image","twitter:site":"@NabercoDigital","twitter:title":"Un Cardenal alem\u00e1n no ve relaci\u00f3n entre celibato y abuso sexual | Cand\u00e1s 365","twitter:description":"Roma (Italia)\/Colonia (Alemania), 1 ene (dpa) - El cardenal cat\u00f3lico y te\u00f3logo alem\u00e1n Gerhard Ludwig M\u00fcller, ex prefecto de la Congregaci\u00f3n para la Doctrina de la Fe, no ve relaci\u00f3n alguna entre el celibato prescripto a los sacerdotes cat\u00f3licos y los m\u00faltiples casos de abuso sexual contra menores, seg\u00fan se\u00f1al\u00f3 en declaraciones a la agencia","twitter:creator":"@nbasturias","twitter:image":"https:\/\/candas365.es\/noticias\/wp-content\/uploads\/2018\/03\/rome-1945033_1280.jpg","twitter:label1":"Escrito por","twitter:data1":"Cand\u00e1s 365","twitter:label2":"Tiempo de lectura estimado","twitter:data2":"1 minuto"},"aioseo_meta_data":{"post_id":"113139","title":null,"description":null,"keywords":null,"keyphrases":null,"primary_term":null,"canonical_url":null,"og_title":null,"og_description":null,"og_object_type":"default","og_image_type":"default","og_image_url":null,"og_image_width":null,"og_image_height":null,"og_image_custom_url":null,"og_image_custom_fields":null,"og_video":null,"og_custom_url":null,"og_article_section":null,"og_article_tags":null,"twitter_use_og":false,"twitter_card":"default","twitter_image_type":"default","twitter_image_url":null,"twitter_image_custom_url":null,"twitter_image_custom_fields":null,"twitter_title":null,"twitter_description":null,"schema":{"blockGraphs":[],"customGraphs":[],"default":{"data":{"Article":[],"Course":[],"Dataset":[],"FAQPage":[],"Movie":[],"Person":[],"Product":[],"ProductReview":[],"Car":[],"Recipe":[],"Service":[],"SoftwareApplication":[],"WebPage":[]},"graphName":"","isEnabled":true},"graphs":[]},"schema_type":null,"schema_type_options":null,"pillar_content":false,"robots_default":true,"robots_noindex":false,"robots_noarchive":false,"robots_nosnippet":false,"robots_nofollow":false,"robots_noimageindex":false,"robots_noodp":false,"robots_notranslate":false,"robots_max_snippet":null,"robots_max_videopreview":null,"robots_max_imagepreview":"large","priority":null,"frequency":null,"location":null,"local_seo":null,"seo_analyzer_scan_date":"2025-08-28 20:34:16","breadcrumb_settings":null,"limit_modified_date":false,"reviewed_by":null,"open_ai":null,"ai":null,"created":"2020-12-21 11:30:55","updated":"2025-08-28 20:34:16"},"aioseo_breadcrumb":"<div class=\"aioseo-breadcrumbs\"><span class=\"aioseo-breadcrumb\">\n\t<a href=\"https:\/\/candas365.es\/noticias\" title=\"Home\">Home<\/a>\n<\/span><span class=\"aioseo-breadcrumb-separator\">&ndash;<\/span><span class=\"aioseo-breadcrumb\">\n\t<a href=\"https:\/\/candas365.es\/noticias\/category\/actualidad\/\" title=\"Actualidad\">Actualidad<\/a>\n<\/span><span class=\"aioseo-breadcrumb-separator\">&ndash;<\/span><span class=\"aioseo-breadcrumb\">\n\tUn Cardenal alem\u00e1n no ve relaci\u00f3n entre celibato y abuso sexual\n<\/span><\/div>","aioseo_breadcrumb_json":[{"label":"Home","link":"https:\/\/candas365.es\/noticias"},{"label":"Actualidad","link":"https:\/\/candas365.es\/noticias\/category\/actualidad\/"},{"label":"Un Cardenal alem\u00e1n no ve relaci\u00f3n entre celibato y abuso sexual","link":"https:\/\/candas365.es\/noticias\/un-cardenal-aleman-no-ve-relacion-entre-celibato-y-abuso-sexual\/"}],"_links":{"self":[{"href":"https:\/\/candas365.es\/noticias\/wp-json\/wp\/v2\/posts\/113139","targetHints":{"allow":["GET"]}}],"collection":[{"href":"https:\/\/candas365.es\/noticias\/wp-json\/wp\/v2\/posts"}],"about":[{"href":"https:\/\/candas365.es\/noticias\/wp-json\/wp\/v2\/types\/post"}],"author":[{"embeddable":true,"href":"https:\/\/candas365.es\/noticias\/wp-json\/wp\/v2\/users\/1"}],"replies":[{"embeddable":true,"href":"https:\/\/candas365.es\/noticias\/wp-json\/wp\/v2\/comments?post=113139"}],"version-history":[{"count":0,"href":"https:\/\/candas365.es\/noticias\/wp-json\/wp\/v2\/posts\/113139\/revisions"}],"wp:featuredmedia":[{"embeddable":true,"href":"https:\/\/candas365.es\/noticias\/wp-json\/wp\/v2\/media\/91858"}],"wp:attachment":[{"href":"https:\/\/candas365.es\/noticias\/wp-json\/wp\/v2\/media?parent=113139"}],"wp:term":[{"taxonomy":"category","embeddable":true,"href":"https:\/\/candas365.es\/noticias\/wp-json\/wp\/v2\/categories?post=113139"},{"taxonomy":"post_tag","embeddable":true,"href":"https:\/\/candas365.es\/noticias\/wp-json\/wp\/v2\/tags?post=113139"}],"curies":[{"name":"wp","href":"https:\/\/api.w.org\/{rel}","templated":true}]}}