{"id":113065,"date":"2019-01-01T05:49:01","date_gmt":"2019-01-01T05:49:01","guid":{"rendered":"http:\/\/candas365.es\/noticias\/?p=113065"},"modified":"2019-01-01T05:49:01","modified_gmt":"2019-01-01T05:49:01","slug":"bavaria-film-quiere-producir-mas-peliculas","status":"publish","type":"post","link":"https:\/\/candas365.es\/noticias\/bavaria-film-quiere-producir-mas-peliculas\/","title":{"rendered":"Bavaria Film quiere producir m\u00e1s pel\u00edculas"},"content":{"rendered":"<p><img fetchpriority=\"high\" decoding=\"async\" class=\"alignleft size-medium wp-image-84232\" src=\"https:\/\/candas365.es\/noticias\/wp-content\/uploads\/2017\/11\/film-596009_960_720-360x254.jpg\" alt=\"\" width=\"360\" height=\"254\" srcset=\"https:\/\/candas365.es\/noticias\/wp-content\/uploads\/2017\/11\/film-596009_960_720-360x254.jpg 360w, https:\/\/candas365.es\/noticias\/wp-content\/uploads\/2017\/11\/film-596009_960_720-768x542.jpg 768w, https:\/\/candas365.es\/noticias\/wp-content\/uploads\/2017\/11\/film-596009_960_720-655x463.jpg 655w, https:\/\/candas365.es\/noticias\/wp-content\/uploads\/2017\/11\/film-596009_960_720-100x70.jpg 100w, https:\/\/candas365.es\/noticias\/wp-content\/uploads\/2017\/11\/film-596009_960_720-696x492.jpg 696w, https:\/\/candas365.es\/noticias\/wp-content\/uploads\/2017\/11\/film-596009_960_720-595x420.jpg 595w, https:\/\/candas365.es\/noticias\/wp-content\/uploads\/2017\/11\/film-596009_960_720.jpg 960w\" sizes=\"(max-width: 360px) 100vw, 360px\" \/>Gr\u00fcnwald (Alemania), 30 dic (dpa) &#8211; La compa\u00f1\u00eda cinematogr\u00e1fica Bavaria Film quiere concentrarse en el futuro en las producciones propias y planea a mediano plazo realizar entre una y dos pel\u00edculas por a\u00f1o, indic\u00f3 a la agencia dpa Achim Rohnke, gerente de la empresa.<\/p>\n<p>En su opini\u00f3n, el \u00e1rea de cine dentro de Bavaria Film tuvo poco peso en los \u00faltimos tiempos. En el pasado, se pens\u00f3 en forma err\u00f3nea que era posible llevar el negocio del cine como al pasar, agreg\u00f3. Pero el desarrollo y la financiaci\u00f3n de largometrajes se rigen por \u00ableyes propias\u00bb, coment\u00f3. Por eso la compa\u00f1\u00eda se tom\u00f3 su tiempo para reestructurar sus actividades cinematogr\u00e1ficas.<\/p>\n<p>Bavaria Film celebr\u00f3 uno de sus mayores \u00e9xitos de taquilla con \u00abDas Boot\u00bb (El submarino), pero en los \u00faltimos a\u00f1os se hab\u00eda concentrado en producciones para la televisi\u00f3n, por ejemplo en telenovelas.<\/p>\n<p>Los estudios de cine con sede en Gr\u00fcnwald, en las proximidades de M\u00fanich, cumplen cien a\u00f1os el 1 de enero de 2019.<\/p>\n","protected":false},"excerpt":{"rendered":"<p>Gr\u00fcnwald (Alemania), 30 dic (dpa) &#8211; La compa\u00f1\u00eda cinematogr\u00e1fica Bavaria Film quiere concentrarse en el futuro en las producciones propias y planea a mediano plazo realizar entre una y dos pel\u00edculas por a\u00f1o, indic\u00f3 a la agencia dpa Achim Rohnke, gerente de la empresa. En su opini\u00f3n, el \u00e1rea de cine dentro de Bavaria Film<\/p>\n","protected":false},"author":1,"featured_media":102150,"comment_status":"closed","ping_status":"closed","sticky":false,"template":"","format":"standard","meta":{"footnotes":""},"categories":[343],"tags":[],"class_list":{"0":"post-113065","1":"post","2":"type-post","3":"status-publish","4":"format-standard","5":"has-post-thumbnail","7":"category-actualidad"},"aioseo_notices":[],"aioseo_head":"\n\t\t<!-- All in One SEO Pro 4.9.6.2 - aioseo.com -->\n\t<meta name=\"description\" content=\"Gr\u00fcnwald (Alemania), 30 dic (dpa) - La compa\u00f1\u00eda cinematogr\u00e1fica Bavaria Film quiere concentrarse en el futuro en las producciones propias y planea a mediano plazo realizar entre una y dos pel\u00edculas por a\u00f1o, indic\u00f3 a la agencia dpa Achim Rohnke, gerente de la empresa. En su opini\u00f3n, el \u00e1rea de cine dentro de Bavaria Film\" \/>\n\t<meta name=\"robots\" content=\"max-image-preview:large\" \/>\n\t<meta name=\"author\" content=\"Cand\u00e1s 365\"\/>\n\t<meta name=\"google-site-verification\" content=\"UA-32230408-1\" \/>\n\t<meta name=\"msvalidate.01\" content=\"354F3CDFB2DA171B47FBE9ABF1F88D5\" \/>\n\t<meta name=\"keywords\" content=\"actualidad\" \/>\n\t<link rel=\"canonical\" href=\"https:\/\/candas365.es\/noticias\/bavaria-film-quiere-producir-mas-peliculas\/\" \/>\n\t<meta name=\"generator\" content=\"All in One SEO Pro (AIOSEO) 4.9.6.2\" \/>\n\t\t<meta property=\"og:locale\" content=\"es_ES\" \/>\n\t\t<meta property=\"og:site_name\" content=\"Cand\u00e1s 365\" \/>\n\t\t<meta property=\"og:type\" content=\"article\" \/>\n\t\t<meta property=\"og:title\" content=\"Bavaria Film quiere producir m\u00e1s pel\u00edculas | Cand\u00e1s 365\" \/>\n\t\t<meta property=\"og:description\" content=\"Gr\u00fcnwald (Alemania), 30 dic (dpa) - La compa\u00f1\u00eda cinematogr\u00e1fica Bavaria Film quiere concentrarse en el futuro en las producciones propias y planea a mediano plazo realizar entre una y dos pel\u00edculas por a\u00f1o, indic\u00f3 a la agencia dpa Achim Rohnke, gerente de la empresa. En su opini\u00f3n, el \u00e1rea de cine dentro de Bavaria Film\" \/>\n\t\t<meta property=\"og:url\" content=\"https:\/\/candas365.es\/noticias\/bavaria-film-quiere-producir-mas-peliculas\/\" \/>\n\t\t<meta property=\"og:image\" content=\"https:\/\/candas365.es\/noticias\/wp-content\/uploads\/2018\/08\/film-3057394_960_720.jpg\" \/>\n\t\t<meta property=\"og:image:secure_url\" content=\"https:\/\/candas365.es\/noticias\/wp-content\/uploads\/2018\/08\/film-3057394_960_720.jpg\" \/>\n\t\t<meta property=\"og:image:width\" content=\"960\" \/>\n\t\t<meta property=\"og:image:height\" content=\"540\" \/>\n\t\t<meta property=\"article:published_time\" content=\"2019-01-01T05:49:01+00:00\" \/>\n\t\t<meta property=\"article:modified_time\" content=\"2019-01-01T05:49:01+00:00\" \/>\n\t\t<meta property=\"article:publisher\" content=\"https:\/\/www.facebook.com\/Nachofdezber\" \/>\n\t\t<meta property=\"article:author\" content=\"https:\/\/www.facebook.com\/carrenoactualidad\" \/>\n\t\t<meta name=\"twitter:card\" content=\"summary_large_image\" \/>\n\t\t<meta name=\"twitter:site\" content=\"@NabercoDigital\" \/>\n\t\t<meta name=\"twitter:title\" content=\"Bavaria Film quiere producir m\u00e1s pel\u00edculas | Cand\u00e1s 365\" \/>\n\t\t<meta name=\"twitter:description\" content=\"Gr\u00fcnwald (Alemania), 30 dic (dpa) - La compa\u00f1\u00eda cinematogr\u00e1fica Bavaria Film quiere concentrarse en el futuro en las producciones propias y planea a mediano plazo realizar entre una y dos pel\u00edculas por a\u00f1o, indic\u00f3 a la agencia dpa Achim Rohnke, gerente de la empresa. En su opini\u00f3n, el \u00e1rea de cine dentro de Bavaria Film\" \/>\n\t\t<meta name=\"twitter:creator\" content=\"@nbasturias\" \/>\n\t\t<meta name=\"twitter:image\" content=\"https:\/\/candas365.es\/noticias\/wp-content\/uploads\/2018\/08\/film-3057394_960_720.jpg\" \/>\n\t\t<meta name=\"twitter:label1\" content=\"Escrito por\" \/>\n\t\t<meta name=\"twitter:data1\" content=\"Cand\u00e1s 365\" \/>\n\t\t<meta name=\"twitter:label2\" content=\"Tiempo de lectura estimado\" \/>\n\t\t<meta name=\"twitter:data2\" content=\"1 minuto\" \/>\n\t\t<script type=\"application\/ld+json\" class=\"aioseo-schema\">\n\t\t\t{\"@context\":\"https:\\\/\\\/schema.org\",\"@graph\":[{\"@type\":\"BreadcrumbList\",\"@id\":\"https:\\\/\\\/candas365.es\\\/noticias\\\/bavaria-film-quiere-producir-mas-peliculas\\\/#breadcrumblist\",\"itemListElement\":[{\"@type\":\"ListItem\",\"@id\":\"https:\\\/\\\/candas365.es\\\/noticias#listItem\",\"position\":1,\"name\":\"Home\",\"item\":\"https:\\\/\\\/candas365.es\\\/noticias\",\"nextItem\":{\"@type\":\"ListItem\",\"@id\":\"https:\\\/\\\/candas365.es\\\/noticias\\\/category\\\/actualidad\\\/#listItem\",\"name\":\"Actualidad\"}},{\"@type\":\"ListItem\",\"@id\":\"https:\\\/\\\/candas365.es\\\/noticias\\\/category\\\/actualidad\\\/#listItem\",\"position\":2,\"name\":\"Actualidad\",\"item\":\"https:\\\/\\\/candas365.es\\\/noticias\\\/category\\\/actualidad\\\/\",\"nextItem\":{\"@type\":\"ListItem\",\"@id\":\"https:\\\/\\\/candas365.es\\\/noticias\\\/bavaria-film-quiere-producir-mas-peliculas\\\/#listItem\",\"name\":\"Bavaria Film quiere producir m\\u00e1s pel\\u00edculas\"},\"previousItem\":{\"@type\":\"ListItem\",\"@id\":\"https:\\\/\\\/candas365.es\\\/noticias#listItem\",\"name\":\"Home\"}},{\"@type\":\"ListItem\",\"@id\":\"https:\\\/\\\/candas365.es\\\/noticias\\\/bavaria-film-quiere-producir-mas-peliculas\\\/#listItem\",\"position\":3,\"name\":\"Bavaria Film quiere producir m\\u00e1s pel\\u00edculas\",\"previousItem\":{\"@type\":\"ListItem\",\"@id\":\"https:\\\/\\\/candas365.es\\\/noticias\\\/category\\\/actualidad\\\/#listItem\",\"name\":\"Actualidad\"}}]},{\"@type\":\"NewsArticle\",\"@id\":\"https:\\\/\\\/candas365.es\\\/noticias\\\/bavaria-film-quiere-producir-mas-peliculas\\\/#newsarticle\",\"name\":\"Bavaria Film quiere producir m\\u00e1s pel\\u00edculas | Cand\\u00e1s 365\",\"headline\":\"Bavaria Film quiere producir m\\u00e1s pel\\u00edculas\",\"author\":{\"@id\":\"https:\\\/\\\/candas365.es\\\/noticias\\\/author\\\/admin\\\/#author\"},\"publisher\":{\"@id\":\"https:\\\/\\\/candas365.es\\\/noticias\\\/#organization\"},\"image\":{\"@type\":\"ImageObject\",\"url\":\"https:\\\/\\\/candas365.es\\\/noticias\\\/wp-content\\\/uploads\\\/2018\\\/08\\\/film-3057394_960_720.jpg\",\"width\":960,\"height\":540},\"datePublished\":\"2019-01-01T05:49:01+01:00\",\"dateModified\":\"2019-01-01T05:49:01+01:00\",\"inLanguage\":\"es-ES\",\"mainEntityOfPage\":{\"@id\":\"https:\\\/\\\/candas365.es\\\/noticias\\\/bavaria-film-quiere-producir-mas-peliculas\\\/#webpage\"},\"isPartOf\":{\"@id\":\"https:\\\/\\\/candas365.es\\\/noticias\\\/bavaria-film-quiere-producir-mas-peliculas\\\/#webpage\"},\"articleSection\":\"Actualidad\",\"dateline\":\"Publicado el enero 1, 2019.\"},{\"@type\":\"Organization\",\"@id\":\"https:\\\/\\\/candas365.es\\\/noticias\\\/#organization\",\"name\":\"Cand\\u00e1s 365\",\"description\":\"Cand\\u00e1s 365 es un diario digital independiente, fundado en 2012, con base en Asturias. Informamos con rigor sobre actualidad, sociedad, cultura y ocio, con una mirada local y global.\",\"url\":\"https:\\\/\\\/candas365.es\\\/noticias\\\/\",\"email\":\"info@candas365.es\",\"telephone\":\"+34652131393\",\"foundingDate\":\"2012-06-10\",\"logo\":{\"@type\":\"ImageObject\",\"url\":\"https:\\\/\\\/candas365.es\\\/noticias\\\/wp-content\\\/uploads\\\/2024\\\/09\\\/Candas-365-Redes.jpg\",\"@id\":\"https:\\\/\\\/candas365.es\\\/noticias\\\/bavaria-film-quiere-producir-mas-peliculas\\\/#organizationLogo\",\"width\":1152,\"height\":864,\"caption\":\"Cand\\u00e1s 365 Redes\"},\"image\":{\"@id\":\"https:\\\/\\\/candas365.es\\\/noticias\\\/bavaria-film-quiere-producir-mas-peliculas\\\/#organizationLogo\"},\"sameAs\":[\"https:\\\/\\\/www.facebook.com\\\/Nachofdezber\",\"https:\\\/\\\/x.com\\\/NabercoDigital\",\"https:\\\/\\\/www.instagram.com\\\/nachofdezber\\\/\",\"https:\\\/\\\/www.youtube.com\\\/channel\\\/UCZP-2wLEB9Rv6erhFmqVnvg\"],\"address\":{\"@id\":\"https:\\\/\\\/candas365.es\\\/noticias\\\/#postaladdress\",\"@type\":\"PostalAddress\",\"streetAddress\":\"san antonio 4, san antonio 4\",\"postalCode\":\"33430\",\"addressLocality\":\"Cand\\u00e1s\",\"addressRegion\":\"Asturias\",\"addressCountry\":\"ES\"}},{\"@type\":\"Person\",\"@id\":\"https:\\\/\\\/candas365.es\\\/noticias\\\/author\\\/admin\\\/#author\",\"url\":\"https:\\\/\\\/candas365.es\\\/noticias\\\/author\\\/admin\\\/\",\"name\":\"Cand\\u00e1s 365\",\"image\":{\"@type\":\"ImageObject\",\"@id\":\"https:\\\/\\\/candas365.es\\\/noticias\\\/bavaria-film-quiere-producir-mas-peliculas\\\/#authorImage\",\"url\":\"https:\\\/\\\/secure.gravatar.com\\\/avatar\\\/496a8e03d0c493ede1718b7934145dbdf8d89be1036b0eec9544e1094c9de390?s=96&d=mm&r=g\",\"width\":96,\"height\":96,\"caption\":\"Cand\\u00e1s 365\"},\"sameAs\":[\"https:\\\/\\\/www.facebook.com\\\/carrenoactualidad\",\"https:\\\/\\\/twitter.com\\\/nbasturias\",\"https:\\\/\\\/www.instagram.com\\\/nachofdezber\\\/\",\"https:\\\/\\\/www.youtube.com\\\/channel\\\/UCZP-2wLEB9Rv6erhFmqVnvg\"]},{\"@type\":\"WebPage\",\"@id\":\"https:\\\/\\\/candas365.es\\\/noticias\\\/bavaria-film-quiere-producir-mas-peliculas\\\/#webpage\",\"url\":\"https:\\\/\\\/candas365.es\\\/noticias\\\/bavaria-film-quiere-producir-mas-peliculas\\\/\",\"name\":\"Bavaria Film quiere producir m\\u00e1s pel\\u00edculas | Cand\\u00e1s 365\",\"description\":\"Gr\\u00fcnwald (Alemania), 30 dic (dpa) - La compa\\u00f1\\u00eda cinematogr\\u00e1fica Bavaria Film quiere concentrarse en el futuro en las producciones propias y planea a mediano plazo realizar entre una y dos pel\\u00edculas por a\\u00f1o, indic\\u00f3 a la agencia dpa Achim Rohnke, gerente de la empresa. En su opini\\u00f3n, el \\u00e1rea de cine dentro de Bavaria Film\",\"inLanguage\":\"es-ES\",\"isPartOf\":{\"@id\":\"https:\\\/\\\/candas365.es\\\/noticias\\\/#website\"},\"breadcrumb\":{\"@id\":\"https:\\\/\\\/candas365.es\\\/noticias\\\/bavaria-film-quiere-producir-mas-peliculas\\\/#breadcrumblist\"},\"author\":{\"@id\":\"https:\\\/\\\/candas365.es\\\/noticias\\\/author\\\/admin\\\/#author\"},\"creator\":{\"@id\":\"https:\\\/\\\/candas365.es\\\/noticias\\\/author\\\/admin\\\/#author\"},\"image\":{\"@type\":\"ImageObject\",\"url\":\"https:\\\/\\\/candas365.es\\\/noticias\\\/wp-content\\\/uploads\\\/2018\\\/08\\\/film-3057394_960_720.jpg\",\"@id\":\"https:\\\/\\\/candas365.es\\\/noticias\\\/bavaria-film-quiere-producir-mas-peliculas\\\/#mainImage\",\"width\":960,\"height\":540},\"primaryImageOfPage\":{\"@id\":\"https:\\\/\\\/candas365.es\\\/noticias\\\/bavaria-film-quiere-producir-mas-peliculas\\\/#mainImage\"},\"datePublished\":\"2019-01-01T05:49:01+01:00\",\"dateModified\":\"2019-01-01T05:49:01+01:00\"},{\"@type\":\"WebSite\",\"@id\":\"https:\\\/\\\/candas365.es\\\/noticias\\\/#website\",\"url\":\"https:\\\/\\\/candas365.es\\\/noticias\\\/\",\"name\":\"Cand\\u00e1s 365\",\"alternateName\":\"Cand\\u00e1s 365 Noticias\",\"description\":\"Actualidad desde Carre\\u00f1o para el mundo\",\"inLanguage\":\"es-ES\",\"publisher\":{\"@id\":\"https:\\\/\\\/candas365.es\\\/noticias\\\/#organization\"}}]}\n\t\t<\/script>\n\t\t<!-- All in One SEO Pro -->\r\n\t\t<title>Bavaria Film quiere producir m\u00e1s pel\u00edculas | Cand\u00e1s 365<\/title>\n\n","aioseo_head_json":{"title":"Bavaria Film quiere producir m\u00e1s pel\u00edculas | Cand\u00e1s 365","description":"Gr\u00fcnwald (Alemania), 30 dic (dpa) - La compa\u00f1\u00eda cinematogr\u00e1fica Bavaria Film quiere concentrarse en el futuro en las producciones propias y planea a mediano plazo realizar entre una y dos pel\u00edculas por a\u00f1o, indic\u00f3 a la agencia dpa Achim Rohnke, gerente de la empresa. En su opini\u00f3n, el \u00e1rea de cine dentro de Bavaria Film","canonical_url":"https:\/\/candas365.es\/noticias\/bavaria-film-quiere-producir-mas-peliculas\/","robots":"max-image-preview:large","keywords":"actualidad","webmasterTools":{"google-site-verification":"UA-32230408-1","msvalidate.01":"354F3CDFB2DA171B47FBE9ABF1F88D5","miscellaneous":""},"schema":{"@context":"https:\/\/schema.org","@graph":[{"@type":"BreadcrumbList","@id":"https:\/\/candas365.es\/noticias\/bavaria-film-quiere-producir-mas-peliculas\/#breadcrumblist","itemListElement":[{"@type":"ListItem","@id":"https:\/\/candas365.es\/noticias#listItem","position":1,"name":"Home","item":"https:\/\/candas365.es\/noticias","nextItem":{"@type":"ListItem","@id":"https:\/\/candas365.es\/noticias\/category\/actualidad\/#listItem","name":"Actualidad"}},{"@type":"ListItem","@id":"https:\/\/candas365.es\/noticias\/category\/actualidad\/#listItem","position":2,"name":"Actualidad","item":"https:\/\/candas365.es\/noticias\/category\/actualidad\/","nextItem":{"@type":"ListItem","@id":"https:\/\/candas365.es\/noticias\/bavaria-film-quiere-producir-mas-peliculas\/#listItem","name":"Bavaria Film quiere producir m\u00e1s pel\u00edculas"},"previousItem":{"@type":"ListItem","@id":"https:\/\/candas365.es\/noticias#listItem","name":"Home"}},{"@type":"ListItem","@id":"https:\/\/candas365.es\/noticias\/bavaria-film-quiere-producir-mas-peliculas\/#listItem","position":3,"name":"Bavaria Film quiere producir m\u00e1s pel\u00edculas","previousItem":{"@type":"ListItem","@id":"https:\/\/candas365.es\/noticias\/category\/actualidad\/#listItem","name":"Actualidad"}}]},{"@type":"NewsArticle","@id":"https:\/\/candas365.es\/noticias\/bavaria-film-quiere-producir-mas-peliculas\/#newsarticle","name":"Bavaria Film quiere producir m\u00e1s pel\u00edculas | Cand\u00e1s 365","headline":"Bavaria Film quiere producir m\u00e1s pel\u00edculas","author":{"@id":"https:\/\/candas365.es\/noticias\/author\/admin\/#author"},"publisher":{"@id":"https:\/\/candas365.es\/noticias\/#organization"},"image":{"@type":"ImageObject","url":"https:\/\/candas365.es\/noticias\/wp-content\/uploads\/2018\/08\/film-3057394_960_720.jpg","width":960,"height":540},"datePublished":"2019-01-01T05:49:01+01:00","dateModified":"2019-01-01T05:49:01+01:00","inLanguage":"es-ES","mainEntityOfPage":{"@id":"https:\/\/candas365.es\/noticias\/bavaria-film-quiere-producir-mas-peliculas\/#webpage"},"isPartOf":{"@id":"https:\/\/candas365.es\/noticias\/bavaria-film-quiere-producir-mas-peliculas\/#webpage"},"articleSection":"Actualidad","dateline":"Publicado el enero 1, 2019."},{"@type":"Organization","@id":"https:\/\/candas365.es\/noticias\/#organization","name":"Cand\u00e1s 365","description":"Cand\u00e1s 365 es un diario digital independiente, fundado en 2012, con base en Asturias. Informamos con rigor sobre actualidad, sociedad, cultura y ocio, con una mirada local y global.","url":"https:\/\/candas365.es\/noticias\/","email":"info@candas365.es","telephone":"+34652131393","foundingDate":"2012-06-10","logo":{"@type":"ImageObject","url":"https:\/\/candas365.es\/noticias\/wp-content\/uploads\/2024\/09\/Candas-365-Redes.jpg","@id":"https:\/\/candas365.es\/noticias\/bavaria-film-quiere-producir-mas-peliculas\/#organizationLogo","width":1152,"height":864,"caption":"Cand\u00e1s 365 Redes"},"image":{"@id":"https:\/\/candas365.es\/noticias\/bavaria-film-quiere-producir-mas-peliculas\/#organizationLogo"},"sameAs":["https:\/\/www.facebook.com\/Nachofdezber","https:\/\/x.com\/NabercoDigital","https:\/\/www.instagram.com\/nachofdezber\/","https:\/\/www.youtube.com\/channel\/UCZP-2wLEB9Rv6erhFmqVnvg"],"address":{"@id":"https:\/\/candas365.es\/noticias\/#postaladdress","@type":"PostalAddress","streetAddress":"san antonio 4, san antonio 4","postalCode":"33430","addressLocality":"Cand\u00e1s","addressRegion":"Asturias","addressCountry":"ES"}},{"@type":"Person","@id":"https:\/\/candas365.es\/noticias\/author\/admin\/#author","url":"https:\/\/candas365.es\/noticias\/author\/admin\/","name":"Cand\u00e1s 365","image":{"@type":"ImageObject","@id":"https:\/\/candas365.es\/noticias\/bavaria-film-quiere-producir-mas-peliculas\/#authorImage","url":"https:\/\/secure.gravatar.com\/avatar\/496a8e03d0c493ede1718b7934145dbdf8d89be1036b0eec9544e1094c9de390?s=96&d=mm&r=g","width":96,"height":96,"caption":"Cand\u00e1s 365"},"sameAs":["https:\/\/www.facebook.com\/carrenoactualidad","https:\/\/twitter.com\/nbasturias","https:\/\/www.instagram.com\/nachofdezber\/","https:\/\/www.youtube.com\/channel\/UCZP-2wLEB9Rv6erhFmqVnvg"]},{"@type":"WebPage","@id":"https:\/\/candas365.es\/noticias\/bavaria-film-quiere-producir-mas-peliculas\/#webpage","url":"https:\/\/candas365.es\/noticias\/bavaria-film-quiere-producir-mas-peliculas\/","name":"Bavaria Film quiere producir m\u00e1s pel\u00edculas | Cand\u00e1s 365","description":"Gr\u00fcnwald (Alemania), 30 dic (dpa) - La compa\u00f1\u00eda cinematogr\u00e1fica Bavaria Film quiere concentrarse en el futuro en las producciones propias y planea a mediano plazo realizar entre una y dos pel\u00edculas por a\u00f1o, indic\u00f3 a la agencia dpa Achim Rohnke, gerente de la empresa. En su opini\u00f3n, el \u00e1rea de cine dentro de Bavaria Film","inLanguage":"es-ES","isPartOf":{"@id":"https:\/\/candas365.es\/noticias\/#website"},"breadcrumb":{"@id":"https:\/\/candas365.es\/noticias\/bavaria-film-quiere-producir-mas-peliculas\/#breadcrumblist"},"author":{"@id":"https:\/\/candas365.es\/noticias\/author\/admin\/#author"},"creator":{"@id":"https:\/\/candas365.es\/noticias\/author\/admin\/#author"},"image":{"@type":"ImageObject","url":"https:\/\/candas365.es\/noticias\/wp-content\/uploads\/2018\/08\/film-3057394_960_720.jpg","@id":"https:\/\/candas365.es\/noticias\/bavaria-film-quiere-producir-mas-peliculas\/#mainImage","width":960,"height":540},"primaryImageOfPage":{"@id":"https:\/\/candas365.es\/noticias\/bavaria-film-quiere-producir-mas-peliculas\/#mainImage"},"datePublished":"2019-01-01T05:49:01+01:00","dateModified":"2019-01-01T05:49:01+01:00"},{"@type":"WebSite","@id":"https:\/\/candas365.es\/noticias\/#website","url":"https:\/\/candas365.es\/noticias\/","name":"Cand\u00e1s 365","alternateName":"Cand\u00e1s 365 Noticias","description":"Actualidad desde Carre\u00f1o para el mundo","inLanguage":"es-ES","publisher":{"@id":"https:\/\/candas365.es\/noticias\/#organization"}}]},"og:locale":"es_ES","og:site_name":"Cand\u00e1s 365","og:type":"article","og:title":"Bavaria Film quiere producir m\u00e1s pel\u00edculas | Cand\u00e1s 365","og:description":"Gr\u00fcnwald (Alemania), 30 dic (dpa) - La compa\u00f1\u00eda cinematogr\u00e1fica Bavaria Film quiere concentrarse en el futuro en las producciones propias y planea a mediano plazo realizar entre una y dos pel\u00edculas por a\u00f1o, indic\u00f3 a la agencia dpa Achim Rohnke, gerente de la empresa. En su opini\u00f3n, el \u00e1rea de cine dentro de Bavaria Film","og:url":"https:\/\/candas365.es\/noticias\/bavaria-film-quiere-producir-mas-peliculas\/","og:image":"https:\/\/candas365.es\/noticias\/wp-content\/uploads\/2018\/08\/film-3057394_960_720.jpg","og:image:secure_url":"https:\/\/candas365.es\/noticias\/wp-content\/uploads\/2018\/08\/film-3057394_960_720.jpg","og:image:width":960,"og:image:height":540,"article:published_time":"2019-01-01T05:49:01+00:00","article:modified_time":"2019-01-01T05:49:01+00:00","article:publisher":"https:\/\/www.facebook.com\/Nachofdezber","article:author":"https:\/\/www.facebook.com\/carrenoactualidad","twitter:card":"summary_large_image","twitter:site":"@NabercoDigital","twitter:title":"Bavaria Film quiere producir m\u00e1s pel\u00edculas | Cand\u00e1s 365","twitter:description":"Gr\u00fcnwald (Alemania), 30 dic (dpa) - La compa\u00f1\u00eda cinematogr\u00e1fica Bavaria Film quiere concentrarse en el futuro en las producciones propias y planea a mediano plazo realizar entre una y dos pel\u00edculas por a\u00f1o, indic\u00f3 a la agencia dpa Achim Rohnke, gerente de la empresa. En su opini\u00f3n, el \u00e1rea de cine dentro de Bavaria Film","twitter:creator":"@nbasturias","twitter:image":"https:\/\/candas365.es\/noticias\/wp-content\/uploads\/2018\/08\/film-3057394_960_720.jpg","twitter:label1":"Escrito por","twitter:data1":"Cand\u00e1s 365","twitter:label2":"Tiempo de lectura estimado","twitter:data2":"1 minuto"},"aioseo_meta_data":{"post_id":"113065","title":null,"description":null,"keywords":null,"keyphrases":null,"primary_term":null,"canonical_url":null,"og_title":null,"og_description":null,"og_object_type":"default","og_image_type":"default","og_image_url":null,"og_image_width":null,"og_image_height":null,"og_image_custom_url":null,"og_image_custom_fields":null,"og_video":null,"og_custom_url":null,"og_article_section":null,"og_article_tags":null,"twitter_use_og":false,"twitter_card":"default","twitter_image_type":"default","twitter_image_url":null,"twitter_image_custom_url":null,"twitter_image_custom_fields":null,"twitter_title":null,"twitter_description":null,"schema":{"blockGraphs":[],"customGraphs":[],"default":{"data":{"Article":[],"Course":[],"Dataset":[],"FAQPage":[],"Movie":[],"Person":[],"Product":[],"ProductReview":[],"Car":[],"Recipe":[],"Service":[],"SoftwareApplication":[],"WebPage":[]},"graphName":"","isEnabled":true},"graphs":[],"defaultGraph":"","defaultPostTypeGraph":""},"schema_type":null,"schema_type_options":null,"pillar_content":false,"robots_default":true,"robots_noindex":false,"robots_noarchive":false,"robots_nosnippet":false,"robots_nofollow":false,"robots_noimageindex":false,"robots_noodp":false,"robots_notranslate":false,"robots_max_snippet":null,"robots_max_videopreview":null,"robots_max_imagepreview":"large","priority":null,"frequency":null,"location":null,"local_seo":null,"seo_analyzer_scan_date":"2025-08-28 20:19:32","breadcrumb_settings":null,"limit_modified_date":false,"reviewed_by":null,"open_ai":null,"ai":null,"created":"2020-12-21 11:28:52","updated":"2025-08-28 20:19:32"},"aioseo_breadcrumb":"<div class=\"aioseo-breadcrumbs\"><span class=\"aioseo-breadcrumb\">\n\t<a href=\"https:\/\/candas365.es\/noticias\" title=\"Home\">Home<\/a>\n<\/span><span class=\"aioseo-breadcrumb-separator\">&ndash;<\/span><span class=\"aioseo-breadcrumb\">\n\t<a href=\"https:\/\/candas365.es\/noticias\/category\/actualidad\/\" title=\"Actualidad\">Actualidad<\/a>\n<\/span><span class=\"aioseo-breadcrumb-separator\">&ndash;<\/span><span class=\"aioseo-breadcrumb\">\n\tBavaria Film quiere producir m\u00e1s pel\u00edculas\n<\/span><\/div>","aioseo_breadcrumb_json":[{"label":"Home","link":"https:\/\/candas365.es\/noticias"},{"label":"Actualidad","link":"https:\/\/candas365.es\/noticias\/category\/actualidad\/"},{"label":"Bavaria Film quiere producir m\u00e1s pel\u00edculas","link":"https:\/\/candas365.es\/noticias\/bavaria-film-quiere-producir-mas-peliculas\/"}],"_links":{"self":[{"href":"https:\/\/candas365.es\/noticias\/wp-json\/wp\/v2\/posts\/113065","targetHints":{"allow":["GET"]}}],"collection":[{"href":"https:\/\/candas365.es\/noticias\/wp-json\/wp\/v2\/posts"}],"about":[{"href":"https:\/\/candas365.es\/noticias\/wp-json\/wp\/v2\/types\/post"}],"author":[{"embeddable":true,"href":"https:\/\/candas365.es\/noticias\/wp-json\/wp\/v2\/users\/1"}],"replies":[{"embeddable":true,"href":"https:\/\/candas365.es\/noticias\/wp-json\/wp\/v2\/comments?post=113065"}],"version-history":[{"count":0,"href":"https:\/\/candas365.es\/noticias\/wp-json\/wp\/v2\/posts\/113065\/revisions"}],"wp:featuredmedia":[{"embeddable":true,"href":"https:\/\/candas365.es\/noticias\/wp-json\/wp\/v2\/media\/102150"}],"wp:attachment":[{"href":"https:\/\/candas365.es\/noticias\/wp-json\/wp\/v2\/media?parent=113065"}],"wp:term":[{"taxonomy":"category","embeddable":true,"href":"https:\/\/candas365.es\/noticias\/wp-json\/wp\/v2\/categories?post=113065"},{"taxonomy":"post_tag","embeddable":true,"href":"https:\/\/candas365.es\/noticias\/wp-json\/wp\/v2\/tags?post=113065"}],"curies":[{"name":"wp","href":"https:\/\/api.w.org\/{rel}","templated":true}]}}