{"id":113062,"date":"2019-01-01T05:46:45","date_gmt":"2019-01-01T05:46:45","guid":{"rendered":"http:\/\/candas365.es\/noticias\/?p=113062"},"modified":"2019-01-01T05:46:45","modified_gmt":"2019-01-01T05:46:45","slug":"el-canal-aleman-de-musica-viva-cierra-en-nochevieja","status":"publish","type":"post","link":"https:\/\/candas365.es\/noticias\/el-canal-aleman-de-musica-viva-cierra-en-nochevieja\/","title":{"rendered":"El canal alem\u00e1n de m\u00fasica Viva cierra en Nochevieja"},"content":{"rendered":"<p><img fetchpriority=\"high\" decoding=\"async\" class=\"alignleft size-medium wp-image-113063\" src=\"https:\/\/candas365.es\/noticias\/wp-content\/uploads\/2019\/01\/mixing-desk-351478_960_720-360x239.jpg\" alt=\"\" width=\"360\" height=\"239\" srcset=\"https:\/\/candas365.es\/noticias\/wp-content\/uploads\/2019\/01\/mixing-desk-351478_960_720-360x239.jpg 360w, https:\/\/candas365.es\/noticias\/wp-content\/uploads\/2019\/01\/mixing-desk-351478_960_720-768x510.jpg 768w, https:\/\/candas365.es\/noticias\/wp-content\/uploads\/2019\/01\/mixing-desk-351478_960_720-655x435.jpg 655w, https:\/\/candas365.es\/noticias\/wp-content\/uploads\/2019\/01\/mixing-desk-351478_960_720-696x463.jpg 696w, https:\/\/candas365.es\/noticias\/wp-content\/uploads\/2019\/01\/mixing-desk-351478_960_720-632x420.jpg 632w, https:\/\/candas365.es\/noticias\/wp-content\/uploads\/2019\/01\/mixing-desk-351478_960_720.jpg 960w\" sizes=\"(max-width: 360px) 100vw, 360px\" \/>Berl\u00edn\/Colonia (Alemania), 30 dic (dpa) &#8211; Despu\u00e9s de m\u00e1s de 25 a\u00f1os de emisi\u00f3n, al canal alem\u00e1n de m\u00fasica por televisi\u00f3n Viva le llega la hora de despedirse.<\/p>\n<p>El canal, que fue creado como una alternativa germana a MTV, tiene fijada ya su \u00faltima hora en la televisi\u00f3n alemana.<\/p>\n<p>\u00abViva se emitir\u00e1 el 31 de diciembre hasta las 13:59:59\u00bb, comunic\u00f3 una portavoz del grupo medi\u00e1tico Viacom a la agencia dpa. A partir de las 12 del mediod\u00eda, el programa \u00abViva Forever &#8211; Die Show\u00bb emitir\u00e1 v\u00eddeos y los momentos estelares de la historia del canal, agreg\u00f3.<\/p>\n<p>Viva sali\u00f3 al aire en diciembre de 1993 y tuvo grandes momentos de \u00e9xito. Presentadores muy conocidos en Alemania como Stefan Raab, Charlotte Roche, Sarah Kuttner, Oliver Pocher, Matthias Opdenh\u00f6vel y Heike Makatsch empezaron sus carreras en este canal.<\/p>\n<p>Por \u00faltimo, ven\u00eda compartiendo desde hace ya tiempo la programaci\u00f3n con el canal Comedy Central, cuyo tiempo de emisi\u00f3n se ampliar\u00e1 ahora a 24 horas.<\/p>\n","protected":false},"excerpt":{"rendered":"<p>Berl\u00edn\/Colonia (Alemania), 30 dic (dpa) &#8211; Despu\u00e9s de m\u00e1s de 25 a\u00f1os de emisi\u00f3n, al canal alem\u00e1n de m\u00fasica por televisi\u00f3n Viva le llega la hora de despedirse. El canal, que fue creado como una alternativa germana a MTV, tiene fijada ya su \u00faltima hora en la televisi\u00f3n alemana. \u00abViva se emitir\u00e1 el 31 de<\/p>\n","protected":false},"author":1,"featured_media":113063,"comment_status":"closed","ping_status":"closed","sticky":false,"template":"","format":"standard","meta":{"footnotes":""},"categories":[343],"tags":[],"class_list":{"0":"post-113062","1":"post","2":"type-post","3":"status-publish","4":"format-standard","5":"has-post-thumbnail","7":"category-actualidad"},"aioseo_notices":[],"aioseo_head":"\n\t\t<!-- All in One SEO Pro 4.9.6.2 - aioseo.com -->\n\t<meta name=\"description\" content=\"Berl\u00edn\/Colonia (Alemania), 30 dic (dpa) - Despu\u00e9s de m\u00e1s de 25 a\u00f1os de emisi\u00f3n, al canal alem\u00e1n de m\u00fasica por televisi\u00f3n Viva le llega la hora de despedirse. El canal, que fue creado como una alternativa germana a MTV, tiene fijada ya su \u00faltima hora en la televisi\u00f3n alemana. &quot;Viva se emitir\u00e1 el 31 de\" \/>\n\t<meta name=\"robots\" content=\"max-image-preview:large\" \/>\n\t<meta name=\"author\" content=\"Cand\u00e1s 365\"\/>\n\t<meta name=\"google-site-verification\" content=\"UA-32230408-1\" \/>\n\t<meta name=\"msvalidate.01\" content=\"354F3CDFB2DA171B47FBE9ABF1F88D5\" \/>\n\t<meta name=\"keywords\" content=\"actualidad\" \/>\n\t<link rel=\"canonical\" href=\"https:\/\/candas365.es\/noticias\/el-canal-aleman-de-musica-viva-cierra-en-nochevieja\/\" \/>\n\t<meta name=\"generator\" content=\"All in One SEO Pro (AIOSEO) 4.9.6.2\" \/>\n\t\t<meta property=\"og:locale\" content=\"es_ES\" \/>\n\t\t<meta property=\"og:site_name\" content=\"Cand\u00e1s 365\" \/>\n\t\t<meta property=\"og:type\" content=\"article\" \/>\n\t\t<meta property=\"og:title\" content=\"El canal alem\u00e1n de m\u00fasica Viva cierra en Nochevieja | Cand\u00e1s 365\" \/>\n\t\t<meta property=\"og:description\" content=\"Berl\u00edn\/Colonia (Alemania), 30 dic (dpa) - Despu\u00e9s de m\u00e1s de 25 a\u00f1os de emisi\u00f3n, al canal alem\u00e1n de m\u00fasica por televisi\u00f3n Viva le llega la hora de despedirse. El canal, que fue creado como una alternativa germana a MTV, tiene fijada ya su \u00faltima hora en la televisi\u00f3n alemana. &quot;Viva se emitir\u00e1 el 31 de\" \/>\n\t\t<meta property=\"og:url\" content=\"https:\/\/candas365.es\/noticias\/el-canal-aleman-de-musica-viva-cierra-en-nochevieja\/\" \/>\n\t\t<meta property=\"og:image\" content=\"https:\/\/candas365.es\/noticias\/wp-content\/uploads\/2019\/01\/mixing-desk-351478_960_720.jpg\" \/>\n\t\t<meta property=\"og:image:secure_url\" content=\"https:\/\/candas365.es\/noticias\/wp-content\/uploads\/2019\/01\/mixing-desk-351478_960_720.jpg\" \/>\n\t\t<meta property=\"og:image:width\" content=\"960\" \/>\n\t\t<meta property=\"og:image:height\" content=\"638\" \/>\n\t\t<meta property=\"article:published_time\" content=\"2019-01-01T05:46:45+00:00\" \/>\n\t\t<meta property=\"article:modified_time\" content=\"2019-01-01T05:46:45+00:00\" \/>\n\t\t<meta property=\"article:publisher\" content=\"https:\/\/www.facebook.com\/Nachofdezber\" \/>\n\t\t<meta property=\"article:author\" content=\"https:\/\/www.facebook.com\/carrenoactualidad\" \/>\n\t\t<meta name=\"twitter:card\" content=\"summary_large_image\" \/>\n\t\t<meta name=\"twitter:site\" content=\"@NabercoDigital\" \/>\n\t\t<meta name=\"twitter:title\" content=\"El canal alem\u00e1n de m\u00fasica Viva cierra en Nochevieja | Cand\u00e1s 365\" \/>\n\t\t<meta name=\"twitter:description\" content=\"Berl\u00edn\/Colonia (Alemania), 30 dic (dpa) - Despu\u00e9s de m\u00e1s de 25 a\u00f1os de emisi\u00f3n, al canal alem\u00e1n de m\u00fasica por televisi\u00f3n Viva le llega la hora de despedirse. El canal, que fue creado como una alternativa germana a MTV, tiene fijada ya su \u00faltima hora en la televisi\u00f3n alemana. &quot;Viva se emitir\u00e1 el 31 de\" \/>\n\t\t<meta name=\"twitter:creator\" content=\"@nbasturias\" \/>\n\t\t<meta name=\"twitter:image\" content=\"https:\/\/candas365.es\/noticias\/wp-content\/uploads\/2019\/01\/mixing-desk-351478_960_720.jpg\" \/>\n\t\t<meta name=\"twitter:label1\" content=\"Escrito por\" \/>\n\t\t<meta name=\"twitter:data1\" content=\"Cand\u00e1s 365\" \/>\n\t\t<meta name=\"twitter:label2\" content=\"Tiempo de lectura estimado\" \/>\n\t\t<meta name=\"twitter:data2\" content=\"1 minuto\" \/>\n\t\t<script type=\"application\/ld+json\" class=\"aioseo-schema\">\n\t\t\t{\"@context\":\"https:\\\/\\\/schema.org\",\"@graph\":[{\"@type\":\"BreadcrumbList\",\"@id\":\"https:\\\/\\\/candas365.es\\\/noticias\\\/el-canal-aleman-de-musica-viva-cierra-en-nochevieja\\\/#breadcrumblist\",\"itemListElement\":[{\"@type\":\"ListItem\",\"@id\":\"https:\\\/\\\/candas365.es\\\/noticias#listItem\",\"position\":1,\"name\":\"Home\",\"item\":\"https:\\\/\\\/candas365.es\\\/noticias\",\"nextItem\":{\"@type\":\"ListItem\",\"@id\":\"https:\\\/\\\/candas365.es\\\/noticias\\\/category\\\/actualidad\\\/#listItem\",\"name\":\"Actualidad\"}},{\"@type\":\"ListItem\",\"@id\":\"https:\\\/\\\/candas365.es\\\/noticias\\\/category\\\/actualidad\\\/#listItem\",\"position\":2,\"name\":\"Actualidad\",\"item\":\"https:\\\/\\\/candas365.es\\\/noticias\\\/category\\\/actualidad\\\/\",\"nextItem\":{\"@type\":\"ListItem\",\"@id\":\"https:\\\/\\\/candas365.es\\\/noticias\\\/el-canal-aleman-de-musica-viva-cierra-en-nochevieja\\\/#listItem\",\"name\":\"El canal alem\\u00e1n de m\\u00fasica Viva cierra en Nochevieja\"},\"previousItem\":{\"@type\":\"ListItem\",\"@id\":\"https:\\\/\\\/candas365.es\\\/noticias#listItem\",\"name\":\"Home\"}},{\"@type\":\"ListItem\",\"@id\":\"https:\\\/\\\/candas365.es\\\/noticias\\\/el-canal-aleman-de-musica-viva-cierra-en-nochevieja\\\/#listItem\",\"position\":3,\"name\":\"El canal alem\\u00e1n de m\\u00fasica Viva cierra en Nochevieja\",\"previousItem\":{\"@type\":\"ListItem\",\"@id\":\"https:\\\/\\\/candas365.es\\\/noticias\\\/category\\\/actualidad\\\/#listItem\",\"name\":\"Actualidad\"}}]},{\"@type\":\"NewsArticle\",\"@id\":\"https:\\\/\\\/candas365.es\\\/noticias\\\/el-canal-aleman-de-musica-viva-cierra-en-nochevieja\\\/#newsarticle\",\"name\":\"El canal alem\\u00e1n de m\\u00fasica Viva cierra en Nochevieja | Cand\\u00e1s 365\",\"headline\":\"El canal alem\\u00e1n de m\\u00fasica Viva cierra en Nochevieja\",\"author\":{\"@id\":\"https:\\\/\\\/candas365.es\\\/noticias\\\/author\\\/admin\\\/#author\"},\"publisher\":{\"@id\":\"https:\\\/\\\/candas365.es\\\/noticias\\\/#organization\"},\"image\":{\"@type\":\"ImageObject\",\"url\":\"https:\\\/\\\/candas365.es\\\/noticias\\\/wp-content\\\/uploads\\\/2019\\\/01\\\/mixing-desk-351478_960_720.jpg\",\"width\":960,\"height\":638},\"datePublished\":\"2019-01-01T05:46:45+01:00\",\"dateModified\":\"2019-01-01T05:46:45+01:00\",\"inLanguage\":\"es-ES\",\"mainEntityOfPage\":{\"@id\":\"https:\\\/\\\/candas365.es\\\/noticias\\\/el-canal-aleman-de-musica-viva-cierra-en-nochevieja\\\/#webpage\"},\"isPartOf\":{\"@id\":\"https:\\\/\\\/candas365.es\\\/noticias\\\/el-canal-aleman-de-musica-viva-cierra-en-nochevieja\\\/#webpage\"},\"articleSection\":\"Actualidad\",\"dateline\":\"Publicado el enero 1, 2019.\"},{\"@type\":\"Organization\",\"@id\":\"https:\\\/\\\/candas365.es\\\/noticias\\\/#organization\",\"name\":\"Cand\\u00e1s 365\",\"description\":\"Cand\\u00e1s 365 es un diario digital independiente, fundado en 2012, con base en Asturias. Informamos con rigor sobre actualidad, sociedad, cultura y ocio, con una mirada local y global.\",\"url\":\"https:\\\/\\\/candas365.es\\\/noticias\\\/\",\"email\":\"info@candas365.es\",\"telephone\":\"+34652131393\",\"foundingDate\":\"2012-06-10\",\"logo\":{\"@type\":\"ImageObject\",\"url\":\"https:\\\/\\\/candas365.es\\\/noticias\\\/wp-content\\\/uploads\\\/2024\\\/09\\\/Candas-365-Redes.jpg\",\"@id\":\"https:\\\/\\\/candas365.es\\\/noticias\\\/el-canal-aleman-de-musica-viva-cierra-en-nochevieja\\\/#organizationLogo\",\"width\":1152,\"height\":864,\"caption\":\"Cand\\u00e1s 365 Redes\"},\"image\":{\"@id\":\"https:\\\/\\\/candas365.es\\\/noticias\\\/el-canal-aleman-de-musica-viva-cierra-en-nochevieja\\\/#organizationLogo\"},\"sameAs\":[\"https:\\\/\\\/www.facebook.com\\\/Nachofdezber\",\"https:\\\/\\\/x.com\\\/NabercoDigital\",\"https:\\\/\\\/www.instagram.com\\\/nachofdezber\\\/\",\"https:\\\/\\\/www.youtube.com\\\/channel\\\/UCZP-2wLEB9Rv6erhFmqVnvg\"],\"address\":{\"@id\":\"https:\\\/\\\/candas365.es\\\/noticias\\\/#postaladdress\",\"@type\":\"PostalAddress\",\"streetAddress\":\"san antonio 4, san antonio 4\",\"postalCode\":\"33430\",\"addressLocality\":\"Cand\\u00e1s\",\"addressRegion\":\"Asturias\",\"addressCountry\":\"ES\"}},{\"@type\":\"Person\",\"@id\":\"https:\\\/\\\/candas365.es\\\/noticias\\\/author\\\/admin\\\/#author\",\"url\":\"https:\\\/\\\/candas365.es\\\/noticias\\\/author\\\/admin\\\/\",\"name\":\"Cand\\u00e1s 365\",\"image\":{\"@type\":\"ImageObject\",\"@id\":\"https:\\\/\\\/candas365.es\\\/noticias\\\/el-canal-aleman-de-musica-viva-cierra-en-nochevieja\\\/#authorImage\",\"url\":\"https:\\\/\\\/secure.gravatar.com\\\/avatar\\\/496a8e03d0c493ede1718b7934145dbdf8d89be1036b0eec9544e1094c9de390?s=96&d=mm&r=g\",\"width\":96,\"height\":96,\"caption\":\"Cand\\u00e1s 365\"},\"sameAs\":[\"https:\\\/\\\/www.facebook.com\\\/carrenoactualidad\",\"https:\\\/\\\/twitter.com\\\/nbasturias\",\"https:\\\/\\\/www.instagram.com\\\/nachofdezber\\\/\",\"https:\\\/\\\/www.youtube.com\\\/channel\\\/UCZP-2wLEB9Rv6erhFmqVnvg\"]},{\"@type\":\"WebPage\",\"@id\":\"https:\\\/\\\/candas365.es\\\/noticias\\\/el-canal-aleman-de-musica-viva-cierra-en-nochevieja\\\/#webpage\",\"url\":\"https:\\\/\\\/candas365.es\\\/noticias\\\/el-canal-aleman-de-musica-viva-cierra-en-nochevieja\\\/\",\"name\":\"El canal alem\\u00e1n de m\\u00fasica Viva cierra en Nochevieja | Cand\\u00e1s 365\",\"description\":\"Berl\\u00edn\\\/Colonia (Alemania), 30 dic (dpa) - Despu\\u00e9s de m\\u00e1s de 25 a\\u00f1os de emisi\\u00f3n, al canal alem\\u00e1n de m\\u00fasica por televisi\\u00f3n Viva le llega la hora de despedirse. El canal, que fue creado como una alternativa germana a MTV, tiene fijada ya su \\u00faltima hora en la televisi\\u00f3n alemana. \\\"Viva se emitir\\u00e1 el 31 de\",\"inLanguage\":\"es-ES\",\"isPartOf\":{\"@id\":\"https:\\\/\\\/candas365.es\\\/noticias\\\/#website\"},\"breadcrumb\":{\"@id\":\"https:\\\/\\\/candas365.es\\\/noticias\\\/el-canal-aleman-de-musica-viva-cierra-en-nochevieja\\\/#breadcrumblist\"},\"author\":{\"@id\":\"https:\\\/\\\/candas365.es\\\/noticias\\\/author\\\/admin\\\/#author\"},\"creator\":{\"@id\":\"https:\\\/\\\/candas365.es\\\/noticias\\\/author\\\/admin\\\/#author\"},\"image\":{\"@type\":\"ImageObject\",\"url\":\"https:\\\/\\\/candas365.es\\\/noticias\\\/wp-content\\\/uploads\\\/2019\\\/01\\\/mixing-desk-351478_960_720.jpg\",\"@id\":\"https:\\\/\\\/candas365.es\\\/noticias\\\/el-canal-aleman-de-musica-viva-cierra-en-nochevieja\\\/#mainImage\",\"width\":960,\"height\":638},\"primaryImageOfPage\":{\"@id\":\"https:\\\/\\\/candas365.es\\\/noticias\\\/el-canal-aleman-de-musica-viva-cierra-en-nochevieja\\\/#mainImage\"},\"datePublished\":\"2019-01-01T05:46:45+01:00\",\"dateModified\":\"2019-01-01T05:46:45+01:00\"},{\"@type\":\"WebSite\",\"@id\":\"https:\\\/\\\/candas365.es\\\/noticias\\\/#website\",\"url\":\"https:\\\/\\\/candas365.es\\\/noticias\\\/\",\"name\":\"Cand\\u00e1s 365\",\"alternateName\":\"Cand\\u00e1s 365 Noticias\",\"description\":\"Actualidad desde Carre\\u00f1o para el mundo\",\"inLanguage\":\"es-ES\",\"publisher\":{\"@id\":\"https:\\\/\\\/candas365.es\\\/noticias\\\/#organization\"}}]}\n\t\t<\/script>\n\t\t<!-- All in One SEO Pro -->\r\n\t\t<title>El canal alem\u00e1n de m\u00fasica Viva cierra en Nochevieja | Cand\u00e1s 365<\/title>\n\n","aioseo_head_json":{"title":"El canal alem\u00e1n de m\u00fasica Viva cierra en Nochevieja | Cand\u00e1s 365","description":"Berl\u00edn\/Colonia (Alemania), 30 dic (dpa) - Despu\u00e9s de m\u00e1s de 25 a\u00f1os de emisi\u00f3n, al canal alem\u00e1n de m\u00fasica por televisi\u00f3n Viva le llega la hora de despedirse. El canal, que fue creado como una alternativa germana a MTV, tiene fijada ya su \u00faltima hora en la televisi\u00f3n alemana. \"Viva se emitir\u00e1 el 31 de","canonical_url":"https:\/\/candas365.es\/noticias\/el-canal-aleman-de-musica-viva-cierra-en-nochevieja\/","robots":"max-image-preview:large","keywords":"actualidad","webmasterTools":{"google-site-verification":"UA-32230408-1","msvalidate.01":"354F3CDFB2DA171B47FBE9ABF1F88D5","miscellaneous":""},"schema":{"@context":"https:\/\/schema.org","@graph":[{"@type":"BreadcrumbList","@id":"https:\/\/candas365.es\/noticias\/el-canal-aleman-de-musica-viva-cierra-en-nochevieja\/#breadcrumblist","itemListElement":[{"@type":"ListItem","@id":"https:\/\/candas365.es\/noticias#listItem","position":1,"name":"Home","item":"https:\/\/candas365.es\/noticias","nextItem":{"@type":"ListItem","@id":"https:\/\/candas365.es\/noticias\/category\/actualidad\/#listItem","name":"Actualidad"}},{"@type":"ListItem","@id":"https:\/\/candas365.es\/noticias\/category\/actualidad\/#listItem","position":2,"name":"Actualidad","item":"https:\/\/candas365.es\/noticias\/category\/actualidad\/","nextItem":{"@type":"ListItem","@id":"https:\/\/candas365.es\/noticias\/el-canal-aleman-de-musica-viva-cierra-en-nochevieja\/#listItem","name":"El canal alem\u00e1n de m\u00fasica Viva cierra en Nochevieja"},"previousItem":{"@type":"ListItem","@id":"https:\/\/candas365.es\/noticias#listItem","name":"Home"}},{"@type":"ListItem","@id":"https:\/\/candas365.es\/noticias\/el-canal-aleman-de-musica-viva-cierra-en-nochevieja\/#listItem","position":3,"name":"El canal alem\u00e1n de m\u00fasica Viva cierra en Nochevieja","previousItem":{"@type":"ListItem","@id":"https:\/\/candas365.es\/noticias\/category\/actualidad\/#listItem","name":"Actualidad"}}]},{"@type":"NewsArticle","@id":"https:\/\/candas365.es\/noticias\/el-canal-aleman-de-musica-viva-cierra-en-nochevieja\/#newsarticle","name":"El canal alem\u00e1n de m\u00fasica Viva cierra en Nochevieja | Cand\u00e1s 365","headline":"El canal alem\u00e1n de m\u00fasica Viva cierra en Nochevieja","author":{"@id":"https:\/\/candas365.es\/noticias\/author\/admin\/#author"},"publisher":{"@id":"https:\/\/candas365.es\/noticias\/#organization"},"image":{"@type":"ImageObject","url":"https:\/\/candas365.es\/noticias\/wp-content\/uploads\/2019\/01\/mixing-desk-351478_960_720.jpg","width":960,"height":638},"datePublished":"2019-01-01T05:46:45+01:00","dateModified":"2019-01-01T05:46:45+01:00","inLanguage":"es-ES","mainEntityOfPage":{"@id":"https:\/\/candas365.es\/noticias\/el-canal-aleman-de-musica-viva-cierra-en-nochevieja\/#webpage"},"isPartOf":{"@id":"https:\/\/candas365.es\/noticias\/el-canal-aleman-de-musica-viva-cierra-en-nochevieja\/#webpage"},"articleSection":"Actualidad","dateline":"Publicado el enero 1, 2019."},{"@type":"Organization","@id":"https:\/\/candas365.es\/noticias\/#organization","name":"Cand\u00e1s 365","description":"Cand\u00e1s 365 es un diario digital independiente, fundado en 2012, con base en Asturias. Informamos con rigor sobre actualidad, sociedad, cultura y ocio, con una mirada local y global.","url":"https:\/\/candas365.es\/noticias\/","email":"info@candas365.es","telephone":"+34652131393","foundingDate":"2012-06-10","logo":{"@type":"ImageObject","url":"https:\/\/candas365.es\/noticias\/wp-content\/uploads\/2024\/09\/Candas-365-Redes.jpg","@id":"https:\/\/candas365.es\/noticias\/el-canal-aleman-de-musica-viva-cierra-en-nochevieja\/#organizationLogo","width":1152,"height":864,"caption":"Cand\u00e1s 365 Redes"},"image":{"@id":"https:\/\/candas365.es\/noticias\/el-canal-aleman-de-musica-viva-cierra-en-nochevieja\/#organizationLogo"},"sameAs":["https:\/\/www.facebook.com\/Nachofdezber","https:\/\/x.com\/NabercoDigital","https:\/\/www.instagram.com\/nachofdezber\/","https:\/\/www.youtube.com\/channel\/UCZP-2wLEB9Rv6erhFmqVnvg"],"address":{"@id":"https:\/\/candas365.es\/noticias\/#postaladdress","@type":"PostalAddress","streetAddress":"san antonio 4, san antonio 4","postalCode":"33430","addressLocality":"Cand\u00e1s","addressRegion":"Asturias","addressCountry":"ES"}},{"@type":"Person","@id":"https:\/\/candas365.es\/noticias\/author\/admin\/#author","url":"https:\/\/candas365.es\/noticias\/author\/admin\/","name":"Cand\u00e1s 365","image":{"@type":"ImageObject","@id":"https:\/\/candas365.es\/noticias\/el-canal-aleman-de-musica-viva-cierra-en-nochevieja\/#authorImage","url":"https:\/\/secure.gravatar.com\/avatar\/496a8e03d0c493ede1718b7934145dbdf8d89be1036b0eec9544e1094c9de390?s=96&d=mm&r=g","width":96,"height":96,"caption":"Cand\u00e1s 365"},"sameAs":["https:\/\/www.facebook.com\/carrenoactualidad","https:\/\/twitter.com\/nbasturias","https:\/\/www.instagram.com\/nachofdezber\/","https:\/\/www.youtube.com\/channel\/UCZP-2wLEB9Rv6erhFmqVnvg"]},{"@type":"WebPage","@id":"https:\/\/candas365.es\/noticias\/el-canal-aleman-de-musica-viva-cierra-en-nochevieja\/#webpage","url":"https:\/\/candas365.es\/noticias\/el-canal-aleman-de-musica-viva-cierra-en-nochevieja\/","name":"El canal alem\u00e1n de m\u00fasica Viva cierra en Nochevieja | Cand\u00e1s 365","description":"Berl\u00edn\/Colonia (Alemania), 30 dic (dpa) - Despu\u00e9s de m\u00e1s de 25 a\u00f1os de emisi\u00f3n, al canal alem\u00e1n de m\u00fasica por televisi\u00f3n Viva le llega la hora de despedirse. El canal, que fue creado como una alternativa germana a MTV, tiene fijada ya su \u00faltima hora en la televisi\u00f3n alemana. \"Viva se emitir\u00e1 el 31 de","inLanguage":"es-ES","isPartOf":{"@id":"https:\/\/candas365.es\/noticias\/#website"},"breadcrumb":{"@id":"https:\/\/candas365.es\/noticias\/el-canal-aleman-de-musica-viva-cierra-en-nochevieja\/#breadcrumblist"},"author":{"@id":"https:\/\/candas365.es\/noticias\/author\/admin\/#author"},"creator":{"@id":"https:\/\/candas365.es\/noticias\/author\/admin\/#author"},"image":{"@type":"ImageObject","url":"https:\/\/candas365.es\/noticias\/wp-content\/uploads\/2019\/01\/mixing-desk-351478_960_720.jpg","@id":"https:\/\/candas365.es\/noticias\/el-canal-aleman-de-musica-viva-cierra-en-nochevieja\/#mainImage","width":960,"height":638},"primaryImageOfPage":{"@id":"https:\/\/candas365.es\/noticias\/el-canal-aleman-de-musica-viva-cierra-en-nochevieja\/#mainImage"},"datePublished":"2019-01-01T05:46:45+01:00","dateModified":"2019-01-01T05:46:45+01:00"},{"@type":"WebSite","@id":"https:\/\/candas365.es\/noticias\/#website","url":"https:\/\/candas365.es\/noticias\/","name":"Cand\u00e1s 365","alternateName":"Cand\u00e1s 365 Noticias","description":"Actualidad desde Carre\u00f1o para el mundo","inLanguage":"es-ES","publisher":{"@id":"https:\/\/candas365.es\/noticias\/#organization"}}]},"og:locale":"es_ES","og:site_name":"Cand\u00e1s 365","og:type":"article","og:title":"El canal alem\u00e1n de m\u00fasica Viva cierra en Nochevieja | Cand\u00e1s 365","og:description":"Berl\u00edn\/Colonia (Alemania), 30 dic (dpa) - Despu\u00e9s de m\u00e1s de 25 a\u00f1os de emisi\u00f3n, al canal alem\u00e1n de m\u00fasica por televisi\u00f3n Viva le llega la hora de despedirse. El canal, que fue creado como una alternativa germana a MTV, tiene fijada ya su \u00faltima hora en la televisi\u00f3n alemana. &quot;Viva se emitir\u00e1 el 31 de","og:url":"https:\/\/candas365.es\/noticias\/el-canal-aleman-de-musica-viva-cierra-en-nochevieja\/","og:image":"https:\/\/candas365.es\/noticias\/wp-content\/uploads\/2019\/01\/mixing-desk-351478_960_720.jpg","og:image:secure_url":"https:\/\/candas365.es\/noticias\/wp-content\/uploads\/2019\/01\/mixing-desk-351478_960_720.jpg","og:image:width":960,"og:image:height":638,"article:published_time":"2019-01-01T05:46:45+00:00","article:modified_time":"2019-01-01T05:46:45+00:00","article:publisher":"https:\/\/www.facebook.com\/Nachofdezber","article:author":"https:\/\/www.facebook.com\/carrenoactualidad","twitter:card":"summary_large_image","twitter:site":"@NabercoDigital","twitter:title":"El canal alem\u00e1n de m\u00fasica Viva cierra en Nochevieja | Cand\u00e1s 365","twitter:description":"Berl\u00edn\/Colonia (Alemania), 30 dic (dpa) - Despu\u00e9s de m\u00e1s de 25 a\u00f1os de emisi\u00f3n, al canal alem\u00e1n de m\u00fasica por televisi\u00f3n Viva le llega la hora de despedirse. El canal, que fue creado como una alternativa germana a MTV, tiene fijada ya su \u00faltima hora en la televisi\u00f3n alemana. &quot;Viva se emitir\u00e1 el 31 de","twitter:creator":"@nbasturias","twitter:image":"https:\/\/candas365.es\/noticias\/wp-content\/uploads\/2019\/01\/mixing-desk-351478_960_720.jpg","twitter:label1":"Escrito por","twitter:data1":"Cand\u00e1s 365","twitter:label2":"Tiempo de lectura estimado","twitter:data2":"1 minuto"},"aioseo_meta_data":{"post_id":"113062","title":null,"description":null,"keywords":null,"keyphrases":null,"primary_term":null,"canonical_url":null,"og_title":null,"og_description":null,"og_object_type":"default","og_image_type":"default","og_image_url":null,"og_image_width":null,"og_image_height":null,"og_image_custom_url":null,"og_image_custom_fields":null,"og_video":null,"og_custom_url":null,"og_article_section":null,"og_article_tags":null,"twitter_use_og":false,"twitter_card":"default","twitter_image_type":"default","twitter_image_url":null,"twitter_image_custom_url":null,"twitter_image_custom_fields":null,"twitter_title":null,"twitter_description":null,"schema":{"blockGraphs":[],"customGraphs":[],"default":{"data":{"Article":[],"Course":[],"Dataset":[],"FAQPage":[],"Movie":[],"Person":[],"Product":[],"ProductReview":[],"Car":[],"Recipe":[],"Service":[],"SoftwareApplication":[],"WebPage":[]},"graphName":"","isEnabled":true},"graphs":[],"defaultGraph":"","defaultPostTypeGraph":""},"schema_type":null,"schema_type_options":null,"pillar_content":false,"robots_default":true,"robots_noindex":false,"robots_noarchive":false,"robots_nosnippet":false,"robots_nofollow":false,"robots_noimageindex":false,"robots_noodp":false,"robots_notranslate":false,"robots_max_snippet":null,"robots_max_videopreview":null,"robots_max_imagepreview":"large","priority":null,"frequency":null,"location":null,"local_seo":null,"seo_analyzer_scan_date":"2025-08-28 20:19:30","breadcrumb_settings":null,"limit_modified_date":false,"reviewed_by":null,"open_ai":null,"ai":null,"created":"2020-12-21 11:30:55","updated":"2025-08-28 20:19:30"},"aioseo_breadcrumb":"<div class=\"aioseo-breadcrumbs\"><span class=\"aioseo-breadcrumb\">\n\t<a href=\"https:\/\/candas365.es\/noticias\" title=\"Home\">Home<\/a>\n<\/span><span class=\"aioseo-breadcrumb-separator\">&ndash;<\/span><span class=\"aioseo-breadcrumb\">\n\t<a href=\"https:\/\/candas365.es\/noticias\/category\/actualidad\/\" title=\"Actualidad\">Actualidad<\/a>\n<\/span><span class=\"aioseo-breadcrumb-separator\">&ndash;<\/span><span class=\"aioseo-breadcrumb\">\n\tEl canal alem\u00e1n de m\u00fasica Viva cierra en Nochevieja\n<\/span><\/div>","aioseo_breadcrumb_json":[{"label":"Home","link":"https:\/\/candas365.es\/noticias"},{"label":"Actualidad","link":"https:\/\/candas365.es\/noticias\/category\/actualidad\/"},{"label":"El canal alem\u00e1n de m\u00fasica Viva cierra en Nochevieja","link":"https:\/\/candas365.es\/noticias\/el-canal-aleman-de-musica-viva-cierra-en-nochevieja\/"}],"_links":{"self":[{"href":"https:\/\/candas365.es\/noticias\/wp-json\/wp\/v2\/posts\/113062","targetHints":{"allow":["GET"]}}],"collection":[{"href":"https:\/\/candas365.es\/noticias\/wp-json\/wp\/v2\/posts"}],"about":[{"href":"https:\/\/candas365.es\/noticias\/wp-json\/wp\/v2\/types\/post"}],"author":[{"embeddable":true,"href":"https:\/\/candas365.es\/noticias\/wp-json\/wp\/v2\/users\/1"}],"replies":[{"embeddable":true,"href":"https:\/\/candas365.es\/noticias\/wp-json\/wp\/v2\/comments?post=113062"}],"version-history":[{"count":0,"href":"https:\/\/candas365.es\/noticias\/wp-json\/wp\/v2\/posts\/113062\/revisions"}],"wp:featuredmedia":[{"embeddable":true,"href":"https:\/\/candas365.es\/noticias\/wp-json\/wp\/v2\/media\/113063"}],"wp:attachment":[{"href":"https:\/\/candas365.es\/noticias\/wp-json\/wp\/v2\/media?parent=113062"}],"wp:term":[{"taxonomy":"category","embeddable":true,"href":"https:\/\/candas365.es\/noticias\/wp-json\/wp\/v2\/categories?post=113062"},{"taxonomy":"post_tag","embeddable":true,"href":"https:\/\/candas365.es\/noticias\/wp-json\/wp\/v2\/tags?post=113062"}],"curies":[{"name":"wp","href":"https:\/\/api.w.org\/{rel}","templated":true}]}}