{"id":112975,"date":"2018-12-30T06:42:52","date_gmt":"2018-12-30T06:42:52","guid":{"rendered":"http:\/\/candas365.es\/noticias\/?p=112975"},"modified":"2018-12-30T06:42:52","modified_gmt":"2018-12-30T06:42:52","slug":"boateng-lamenta-los-pocos-avances-contra-el-racismo-en-el-futbol","status":"publish","type":"post","link":"https:\/\/candas365.es\/noticias\/boateng-lamenta-los-pocos-avances-contra-el-racismo-en-el-futbol\/","title":{"rendered":"Boateng lamenta los pocos avances contra el racismo en el f\u00fatbol"},"content":{"rendered":"<p><img fetchpriority=\"high\" decoding=\"async\" class=\"alignleft size-medium wp-image-98026\" src=\"https:\/\/candas365.es\/noticias\/wp-content\/uploads\/2018\/06\/football-1406106_960_720-1-360x241.jpg\" alt=\"\" width=\"360\" height=\"241\" srcset=\"https:\/\/candas365.es\/noticias\/wp-content\/uploads\/2018\/06\/football-1406106_960_720-1-360x241.jpg 360w, https:\/\/candas365.es\/noticias\/wp-content\/uploads\/2018\/06\/football-1406106_960_720-1-768x514.jpg 768w, https:\/\/candas365.es\/noticias\/wp-content\/uploads\/2018\/06\/football-1406106_960_720-1-655x439.jpg 655w, https:\/\/candas365.es\/noticias\/wp-content\/uploads\/2018\/06\/football-1406106_960_720-1-696x466.jpg 696w, https:\/\/candas365.es\/noticias\/wp-content\/uploads\/2018\/06\/football-1406106_960_720-1-627x420.jpg 627w, https:\/\/candas365.es\/noticias\/wp-content\/uploads\/2018\/06\/football-1406106_960_720-1.jpg 960w\" sizes=\"(max-width: 360px) 100vw, 360px\" \/>Roma, 29 dic (dpa) &#8211; El ex jugador de la Bundesliga Kevin-Prince Boateng se quej\u00f3 de que en los \u00faltimos a\u00f1os se avanz\u00f3 poco en la lucha contra el racismo en los estadios de f\u00fatbol, en declaraciones que publica hoy el diario italiano \u00abCorriere della Sera\u00bb.<\/p>\n<p>El futbolista, que actualmente juega en el club de la Liga italiana de f\u00fatbol Sassuolo Calcio, tambi\u00e9n fue objeto de insultos racistas durante su estad\u00eda en el Milan en 2013. \u00abPara algunas personas, una persona de color es un mono\u00bb, dijo Boateng al \u00abCorriere della Sera\u00bb.<\/p>\n<p>El jugador senegal\u00e9s Kalidou Koulibaly (Napoli) fue el blanco de insultos racistas durante el partido entre el Inter de Mil\u00e1n y el Napoli el d\u00eda de Navidad.<\/p>\n<p>Boateng naci\u00f3 en Berl\u00edn, su padre es de Ghana. Es muy posible que la situaci\u00f3n haya empeorado, explic\u00f3 el ex jugador del Eintracht Frankfurt. \u00abTeniendo en cuenta que una vez me atacaron 50 fans. En San Siro, el estadio de Mil\u00e1n, fueron diez mil\u00bb, agreg\u00f3.<\/p>\n<p>Tambi\u00e9n en Alemania la situaci\u00f3n no es muy diferente, opin\u00f3. Aunque no experiment\u00f3 discriminaci\u00f3n alguna en la vida cotidiana, \u00abpero mido 1,90 metros de altura y peso 90 kilos. Tal vez uno se lo piense antes\u00bb.<\/p>\n<p>Respecto a si el partido en Mil\u00e1n hubiera tenido que ser interrumpido, Boateng se\u00f1al\u00f3: \u00abIntente preguntarle a Koulibaly c\u00f3mo se sinti\u00f3 cuando estaba fuera del campo. Le digo, \u00e9l se sinti\u00f3 como que fue atropellado por un tren\u00bb.<\/p>\n<p>En general, no es suficiente con colgar carteles antirracistas. La sociedad deber\u00eda estar mejor sensibilizada. \u00abLos hechos hablan por s\u00ed mismos: todav\u00eda sucede, en todas partes. Por eso tenemos que empezar de inmediato\u00bb, concluy\u00f3.<\/p>\n","protected":false},"excerpt":{"rendered":"<p>Roma, 29 dic (dpa) &#8211; El ex jugador de la Bundesliga Kevin-Prince Boateng se quej\u00f3 de que en los \u00faltimos a\u00f1os se avanz\u00f3 poco en la lucha contra el racismo en los estadios de f\u00fatbol, en declaraciones que publica hoy el diario italiano \u00abCorriere della Sera\u00bb. El futbolista, que actualmente juega en el club de<\/p>\n","protected":false},"author":1,"featured_media":89552,"comment_status":"closed","ping_status":"closed","sticky":false,"template":"","format":"standard","meta":{"footnotes":""},"categories":[319],"tags":[],"class_list":{"0":"post-112975","1":"post","2":"type-post","3":"status-publish","4":"format-standard","5":"has-post-thumbnail","7":"category-deporte"},"aioseo_notices":[],"aioseo_head":"\n\t\t<!-- All in One SEO Pro 4.9.6.2 - aioseo.com -->\n\t<meta name=\"description\" content=\"Roma, 29 dic (dpa) - El ex jugador de la Bundesliga Kevin-Prince Boateng se quej\u00f3 de que en los \u00faltimos a\u00f1os se avanz\u00f3 poco en la lucha contra el racismo en los estadios de f\u00fatbol, en declaraciones que publica hoy el diario italiano &quot;Corriere della Sera&quot;. El futbolista, que actualmente juega en el club de\" \/>\n\t<meta name=\"robots\" content=\"max-image-preview:large\" \/>\n\t<meta name=\"author\" content=\"Cand\u00e1s 365\"\/>\n\t<meta name=\"google-site-verification\" content=\"UA-32230408-1\" \/>\n\t<meta name=\"msvalidate.01\" content=\"354F3CDFB2DA171B47FBE9ABF1F88D5\" \/>\n\t<meta name=\"keywords\" content=\"deporte\" \/>\n\t<link rel=\"canonical\" href=\"https:\/\/candas365.es\/noticias\/boateng-lamenta-los-pocos-avances-contra-el-racismo-en-el-futbol\/\" \/>\n\t<meta name=\"generator\" content=\"All in One SEO Pro (AIOSEO) 4.9.6.2\" \/>\n\t\t<meta property=\"og:locale\" content=\"es_ES\" \/>\n\t\t<meta property=\"og:site_name\" content=\"Cand\u00e1s 365\" \/>\n\t\t<meta property=\"og:type\" content=\"article\" \/>\n\t\t<meta property=\"og:title\" content=\"Boateng lamenta los pocos avances contra el racismo en el f\u00fatbol | Cand\u00e1s 365\" \/>\n\t\t<meta property=\"og:description\" content=\"Roma, 29 dic (dpa) - El ex jugador de la Bundesliga Kevin-Prince Boateng se quej\u00f3 de que en los \u00faltimos a\u00f1os se avanz\u00f3 poco en la lucha contra el racismo en los estadios de f\u00fatbol, en declaraciones que publica hoy el diario italiano &quot;Corriere della Sera&quot;. El futbolista, que actualmente juega en el club de\" \/>\n\t\t<meta property=\"og:url\" content=\"https:\/\/candas365.es\/noticias\/boateng-lamenta-los-pocos-avances-contra-el-racismo-en-el-futbol\/\" \/>\n\t\t<meta property=\"og:image\" content=\"https:\/\/candas365.es\/noticias\/wp-content\/uploads\/2018\/02\/football-1406106_1280.jpg\" \/>\n\t\t<meta property=\"og:image:secure_url\" content=\"https:\/\/candas365.es\/noticias\/wp-content\/uploads\/2018\/02\/football-1406106_1280.jpg\" \/>\n\t\t<meta property=\"og:image:width\" content=\"1280\" \/>\n\t\t<meta property=\"og:image:height\" content=\"857\" \/>\n\t\t<meta property=\"article:published_time\" content=\"2018-12-30T06:42:52+00:00\" \/>\n\t\t<meta property=\"article:modified_time\" content=\"2018-12-30T06:42:52+00:00\" \/>\n\t\t<meta property=\"article:publisher\" content=\"https:\/\/www.facebook.com\/Nachofdezber\" \/>\n\t\t<meta property=\"article:author\" content=\"https:\/\/www.facebook.com\/carrenoactualidad\" \/>\n\t\t<meta name=\"twitter:card\" content=\"summary_large_image\" \/>\n\t\t<meta name=\"twitter:site\" content=\"@NabercoDigital\" \/>\n\t\t<meta name=\"twitter:title\" content=\"Boateng lamenta los pocos avances contra el racismo en el f\u00fatbol | Cand\u00e1s 365\" \/>\n\t\t<meta name=\"twitter:description\" content=\"Roma, 29 dic (dpa) - El ex jugador de la Bundesliga Kevin-Prince Boateng se quej\u00f3 de que en los \u00faltimos a\u00f1os se avanz\u00f3 poco en la lucha contra el racismo en los estadios de f\u00fatbol, en declaraciones que publica hoy el diario italiano &quot;Corriere della Sera&quot;. El futbolista, que actualmente juega en el club de\" \/>\n\t\t<meta name=\"twitter:creator\" content=\"@nbasturias\" \/>\n\t\t<meta name=\"twitter:image\" content=\"https:\/\/candas365.es\/noticias\/wp-content\/uploads\/2018\/02\/football-1406106_1280.jpg\" \/>\n\t\t<meta name=\"twitter:label1\" content=\"Escrito por\" \/>\n\t\t<meta name=\"twitter:data1\" content=\"Cand\u00e1s 365\" \/>\n\t\t<meta name=\"twitter:label2\" content=\"Tiempo de lectura estimado\" \/>\n\t\t<meta name=\"twitter:data2\" content=\"1 minuto\" \/>\n\t\t<script type=\"application\/ld+json\" class=\"aioseo-schema\">\n\t\t\t{\"@context\":\"https:\\\/\\\/schema.org\",\"@graph\":[{\"@type\":\"BreadcrumbList\",\"@id\":\"https:\\\/\\\/candas365.es\\\/noticias\\\/boateng-lamenta-los-pocos-avances-contra-el-racismo-en-el-futbol\\\/#breadcrumblist\",\"itemListElement\":[{\"@type\":\"ListItem\",\"@id\":\"https:\\\/\\\/candas365.es\\\/noticias#listItem\",\"position\":1,\"name\":\"Home\",\"item\":\"https:\\\/\\\/candas365.es\\\/noticias\",\"nextItem\":{\"@type\":\"ListItem\",\"@id\":\"https:\\\/\\\/candas365.es\\\/noticias\\\/category\\\/deporte\\\/#listItem\",\"name\":\"Deporte\"}},{\"@type\":\"ListItem\",\"@id\":\"https:\\\/\\\/candas365.es\\\/noticias\\\/category\\\/deporte\\\/#listItem\",\"position\":2,\"name\":\"Deporte\",\"item\":\"https:\\\/\\\/candas365.es\\\/noticias\\\/category\\\/deporte\\\/\",\"nextItem\":{\"@type\":\"ListItem\",\"@id\":\"https:\\\/\\\/candas365.es\\\/noticias\\\/boateng-lamenta-los-pocos-avances-contra-el-racismo-en-el-futbol\\\/#listItem\",\"name\":\"Boateng lamenta los pocos avances contra el racismo en el f\\u00fatbol\"},\"previousItem\":{\"@type\":\"ListItem\",\"@id\":\"https:\\\/\\\/candas365.es\\\/noticias#listItem\",\"name\":\"Home\"}},{\"@type\":\"ListItem\",\"@id\":\"https:\\\/\\\/candas365.es\\\/noticias\\\/boateng-lamenta-los-pocos-avances-contra-el-racismo-en-el-futbol\\\/#listItem\",\"position\":3,\"name\":\"Boateng lamenta los pocos avances contra el racismo en el f\\u00fatbol\",\"previousItem\":{\"@type\":\"ListItem\",\"@id\":\"https:\\\/\\\/candas365.es\\\/noticias\\\/category\\\/deporte\\\/#listItem\",\"name\":\"Deporte\"}}]},{\"@type\":\"NewsArticle\",\"@id\":\"https:\\\/\\\/candas365.es\\\/noticias\\\/boateng-lamenta-los-pocos-avances-contra-el-racismo-en-el-futbol\\\/#newsarticle\",\"name\":\"Boateng lamenta los pocos avances contra el racismo en el f\\u00fatbol | Cand\\u00e1s 365\",\"headline\":\"Boateng lamenta los pocos avances contra el racismo en el f\\u00fatbol\",\"author\":{\"@id\":\"https:\\\/\\\/candas365.es\\\/noticias\\\/author\\\/admin\\\/#author\"},\"publisher\":{\"@id\":\"https:\\\/\\\/candas365.es\\\/noticias\\\/#organization\"},\"image\":{\"@type\":\"ImageObject\",\"url\":\"https:\\\/\\\/candas365.es\\\/noticias\\\/wp-content\\\/uploads\\\/2018\\\/02\\\/football-1406106_1280.jpg\",\"width\":1280,\"height\":857,\"caption\":\"football\"},\"datePublished\":\"2018-12-30T06:42:52+01:00\",\"dateModified\":\"2018-12-30T06:42:52+01:00\",\"inLanguage\":\"es-ES\",\"mainEntityOfPage\":{\"@id\":\"https:\\\/\\\/candas365.es\\\/noticias\\\/boateng-lamenta-los-pocos-avances-contra-el-racismo-en-el-futbol\\\/#webpage\"},\"isPartOf\":{\"@id\":\"https:\\\/\\\/candas365.es\\\/noticias\\\/boateng-lamenta-los-pocos-avances-contra-el-racismo-en-el-futbol\\\/#webpage\"},\"articleSection\":\"Deporte\",\"dateline\":\"Publicado el diciembre 30, 2018.\"},{\"@type\":\"Organization\",\"@id\":\"https:\\\/\\\/candas365.es\\\/noticias\\\/#organization\",\"name\":\"Cand\\u00e1s 365\",\"description\":\"Cand\\u00e1s 365 es un diario digital independiente, fundado en 2012, con base en Asturias. Informamos con rigor sobre actualidad, sociedad, cultura y ocio, con una mirada local y global.\",\"url\":\"https:\\\/\\\/candas365.es\\\/noticias\\\/\",\"email\":\"info@candas365.es\",\"telephone\":\"+34652131393\",\"foundingDate\":\"2012-06-10\",\"logo\":{\"@type\":\"ImageObject\",\"url\":\"https:\\\/\\\/candas365.es\\\/noticias\\\/wp-content\\\/uploads\\\/2024\\\/09\\\/Candas-365-Redes.jpg\",\"@id\":\"https:\\\/\\\/candas365.es\\\/noticias\\\/boateng-lamenta-los-pocos-avances-contra-el-racismo-en-el-futbol\\\/#organizationLogo\",\"width\":1152,\"height\":864,\"caption\":\"Cand\\u00e1s 365 Redes\"},\"image\":{\"@id\":\"https:\\\/\\\/candas365.es\\\/noticias\\\/boateng-lamenta-los-pocos-avances-contra-el-racismo-en-el-futbol\\\/#organizationLogo\"},\"sameAs\":[\"https:\\\/\\\/www.facebook.com\\\/Nachofdezber\",\"https:\\\/\\\/x.com\\\/NabercoDigital\",\"https:\\\/\\\/www.instagram.com\\\/nachofdezber\\\/\",\"https:\\\/\\\/www.youtube.com\\\/channel\\\/UCZP-2wLEB9Rv6erhFmqVnvg\"],\"address\":{\"@id\":\"https:\\\/\\\/candas365.es\\\/noticias\\\/#postaladdress\",\"@type\":\"PostalAddress\",\"streetAddress\":\"san antonio 4, san antonio 4\",\"postalCode\":\"33430\",\"addressLocality\":\"Cand\\u00e1s\",\"addressRegion\":\"Asturias\",\"addressCountry\":\"ES\"}},{\"@type\":\"Person\",\"@id\":\"https:\\\/\\\/candas365.es\\\/noticias\\\/author\\\/admin\\\/#author\",\"url\":\"https:\\\/\\\/candas365.es\\\/noticias\\\/author\\\/admin\\\/\",\"name\":\"Cand\\u00e1s 365\",\"image\":{\"@type\":\"ImageObject\",\"@id\":\"https:\\\/\\\/candas365.es\\\/noticias\\\/boateng-lamenta-los-pocos-avances-contra-el-racismo-en-el-futbol\\\/#authorImage\",\"url\":\"https:\\\/\\\/secure.gravatar.com\\\/avatar\\\/496a8e03d0c493ede1718b7934145dbdf8d89be1036b0eec9544e1094c9de390?s=96&d=mm&r=g\",\"width\":96,\"height\":96,\"caption\":\"Cand\\u00e1s 365\"},\"sameAs\":[\"https:\\\/\\\/www.facebook.com\\\/carrenoactualidad\",\"https:\\\/\\\/twitter.com\\\/nbasturias\",\"https:\\\/\\\/www.instagram.com\\\/nachofdezber\\\/\",\"https:\\\/\\\/www.youtube.com\\\/channel\\\/UCZP-2wLEB9Rv6erhFmqVnvg\"]},{\"@type\":\"WebPage\",\"@id\":\"https:\\\/\\\/candas365.es\\\/noticias\\\/boateng-lamenta-los-pocos-avances-contra-el-racismo-en-el-futbol\\\/#webpage\",\"url\":\"https:\\\/\\\/candas365.es\\\/noticias\\\/boateng-lamenta-los-pocos-avances-contra-el-racismo-en-el-futbol\\\/\",\"name\":\"Boateng lamenta los pocos avances contra el racismo en el f\\u00fatbol | Cand\\u00e1s 365\",\"description\":\"Roma, 29 dic (dpa) - El ex jugador de la Bundesliga Kevin-Prince Boateng se quej\\u00f3 de que en los \\u00faltimos a\\u00f1os se avanz\\u00f3 poco en la lucha contra el racismo en los estadios de f\\u00fatbol, en declaraciones que publica hoy el diario italiano \\\"Corriere della Sera\\\". El futbolista, que actualmente juega en el club de\",\"inLanguage\":\"es-ES\",\"isPartOf\":{\"@id\":\"https:\\\/\\\/candas365.es\\\/noticias\\\/#website\"},\"breadcrumb\":{\"@id\":\"https:\\\/\\\/candas365.es\\\/noticias\\\/boateng-lamenta-los-pocos-avances-contra-el-racismo-en-el-futbol\\\/#breadcrumblist\"},\"author\":{\"@id\":\"https:\\\/\\\/candas365.es\\\/noticias\\\/author\\\/admin\\\/#author\"},\"creator\":{\"@id\":\"https:\\\/\\\/candas365.es\\\/noticias\\\/author\\\/admin\\\/#author\"},\"image\":{\"@type\":\"ImageObject\",\"url\":\"https:\\\/\\\/candas365.es\\\/noticias\\\/wp-content\\\/uploads\\\/2018\\\/02\\\/football-1406106_1280.jpg\",\"@id\":\"https:\\\/\\\/candas365.es\\\/noticias\\\/boateng-lamenta-los-pocos-avances-contra-el-racismo-en-el-futbol\\\/#mainImage\",\"width\":1280,\"height\":857,\"caption\":\"football\"},\"primaryImageOfPage\":{\"@id\":\"https:\\\/\\\/candas365.es\\\/noticias\\\/boateng-lamenta-los-pocos-avances-contra-el-racismo-en-el-futbol\\\/#mainImage\"},\"datePublished\":\"2018-12-30T06:42:52+01:00\",\"dateModified\":\"2018-12-30T06:42:52+01:00\"},{\"@type\":\"WebSite\",\"@id\":\"https:\\\/\\\/candas365.es\\\/noticias\\\/#website\",\"url\":\"https:\\\/\\\/candas365.es\\\/noticias\\\/\",\"name\":\"Cand\\u00e1s 365\",\"alternateName\":\"Cand\\u00e1s 365 Noticias\",\"description\":\"Actualidad desde Carre\\u00f1o para el mundo\",\"inLanguage\":\"es-ES\",\"publisher\":{\"@id\":\"https:\\\/\\\/candas365.es\\\/noticias\\\/#organization\"}}]}\n\t\t<\/script>\n\t\t<!-- All in One SEO Pro -->\r\n\t\t<title>Boateng lamenta los pocos avances contra el racismo en el f\u00fatbol | Cand\u00e1s 365<\/title>\n\n","aioseo_head_json":{"title":"Boateng lamenta los pocos avances contra el racismo en el f\u00fatbol | Cand\u00e1s 365","description":"Roma, 29 dic (dpa) - El ex jugador de la Bundesliga Kevin-Prince Boateng se quej\u00f3 de que en los \u00faltimos a\u00f1os se avanz\u00f3 poco en la lucha contra el racismo en los estadios de f\u00fatbol, en declaraciones que publica hoy el diario italiano \"Corriere della Sera\". El futbolista, que actualmente juega en el club de","canonical_url":"https:\/\/candas365.es\/noticias\/boateng-lamenta-los-pocos-avances-contra-el-racismo-en-el-futbol\/","robots":"max-image-preview:large","keywords":"deporte","webmasterTools":{"google-site-verification":"UA-32230408-1","msvalidate.01":"354F3CDFB2DA171B47FBE9ABF1F88D5","miscellaneous":""},"schema":{"@context":"https:\/\/schema.org","@graph":[{"@type":"BreadcrumbList","@id":"https:\/\/candas365.es\/noticias\/boateng-lamenta-los-pocos-avances-contra-el-racismo-en-el-futbol\/#breadcrumblist","itemListElement":[{"@type":"ListItem","@id":"https:\/\/candas365.es\/noticias#listItem","position":1,"name":"Home","item":"https:\/\/candas365.es\/noticias","nextItem":{"@type":"ListItem","@id":"https:\/\/candas365.es\/noticias\/category\/deporte\/#listItem","name":"Deporte"}},{"@type":"ListItem","@id":"https:\/\/candas365.es\/noticias\/category\/deporte\/#listItem","position":2,"name":"Deporte","item":"https:\/\/candas365.es\/noticias\/category\/deporte\/","nextItem":{"@type":"ListItem","@id":"https:\/\/candas365.es\/noticias\/boateng-lamenta-los-pocos-avances-contra-el-racismo-en-el-futbol\/#listItem","name":"Boateng lamenta los pocos avances contra el racismo en el f\u00fatbol"},"previousItem":{"@type":"ListItem","@id":"https:\/\/candas365.es\/noticias#listItem","name":"Home"}},{"@type":"ListItem","@id":"https:\/\/candas365.es\/noticias\/boateng-lamenta-los-pocos-avances-contra-el-racismo-en-el-futbol\/#listItem","position":3,"name":"Boateng lamenta los pocos avances contra el racismo en el f\u00fatbol","previousItem":{"@type":"ListItem","@id":"https:\/\/candas365.es\/noticias\/category\/deporte\/#listItem","name":"Deporte"}}]},{"@type":"NewsArticle","@id":"https:\/\/candas365.es\/noticias\/boateng-lamenta-los-pocos-avances-contra-el-racismo-en-el-futbol\/#newsarticle","name":"Boateng lamenta los pocos avances contra el racismo en el f\u00fatbol | Cand\u00e1s 365","headline":"Boateng lamenta los pocos avances contra el racismo en el f\u00fatbol","author":{"@id":"https:\/\/candas365.es\/noticias\/author\/admin\/#author"},"publisher":{"@id":"https:\/\/candas365.es\/noticias\/#organization"},"image":{"@type":"ImageObject","url":"https:\/\/candas365.es\/noticias\/wp-content\/uploads\/2018\/02\/football-1406106_1280.jpg","width":1280,"height":857,"caption":"football"},"datePublished":"2018-12-30T06:42:52+01:00","dateModified":"2018-12-30T06:42:52+01:00","inLanguage":"es-ES","mainEntityOfPage":{"@id":"https:\/\/candas365.es\/noticias\/boateng-lamenta-los-pocos-avances-contra-el-racismo-en-el-futbol\/#webpage"},"isPartOf":{"@id":"https:\/\/candas365.es\/noticias\/boateng-lamenta-los-pocos-avances-contra-el-racismo-en-el-futbol\/#webpage"},"articleSection":"Deporte","dateline":"Publicado el diciembre 30, 2018."},{"@type":"Organization","@id":"https:\/\/candas365.es\/noticias\/#organization","name":"Cand\u00e1s 365","description":"Cand\u00e1s 365 es un diario digital independiente, fundado en 2012, con base en Asturias. Informamos con rigor sobre actualidad, sociedad, cultura y ocio, con una mirada local y global.","url":"https:\/\/candas365.es\/noticias\/","email":"info@candas365.es","telephone":"+34652131393","foundingDate":"2012-06-10","logo":{"@type":"ImageObject","url":"https:\/\/candas365.es\/noticias\/wp-content\/uploads\/2024\/09\/Candas-365-Redes.jpg","@id":"https:\/\/candas365.es\/noticias\/boateng-lamenta-los-pocos-avances-contra-el-racismo-en-el-futbol\/#organizationLogo","width":1152,"height":864,"caption":"Cand\u00e1s 365 Redes"},"image":{"@id":"https:\/\/candas365.es\/noticias\/boateng-lamenta-los-pocos-avances-contra-el-racismo-en-el-futbol\/#organizationLogo"},"sameAs":["https:\/\/www.facebook.com\/Nachofdezber","https:\/\/x.com\/NabercoDigital","https:\/\/www.instagram.com\/nachofdezber\/","https:\/\/www.youtube.com\/channel\/UCZP-2wLEB9Rv6erhFmqVnvg"],"address":{"@id":"https:\/\/candas365.es\/noticias\/#postaladdress","@type":"PostalAddress","streetAddress":"san antonio 4, san antonio 4","postalCode":"33430","addressLocality":"Cand\u00e1s","addressRegion":"Asturias","addressCountry":"ES"}},{"@type":"Person","@id":"https:\/\/candas365.es\/noticias\/author\/admin\/#author","url":"https:\/\/candas365.es\/noticias\/author\/admin\/","name":"Cand\u00e1s 365","image":{"@type":"ImageObject","@id":"https:\/\/candas365.es\/noticias\/boateng-lamenta-los-pocos-avances-contra-el-racismo-en-el-futbol\/#authorImage","url":"https:\/\/secure.gravatar.com\/avatar\/496a8e03d0c493ede1718b7934145dbdf8d89be1036b0eec9544e1094c9de390?s=96&d=mm&r=g","width":96,"height":96,"caption":"Cand\u00e1s 365"},"sameAs":["https:\/\/www.facebook.com\/carrenoactualidad","https:\/\/twitter.com\/nbasturias","https:\/\/www.instagram.com\/nachofdezber\/","https:\/\/www.youtube.com\/channel\/UCZP-2wLEB9Rv6erhFmqVnvg"]},{"@type":"WebPage","@id":"https:\/\/candas365.es\/noticias\/boateng-lamenta-los-pocos-avances-contra-el-racismo-en-el-futbol\/#webpage","url":"https:\/\/candas365.es\/noticias\/boateng-lamenta-los-pocos-avances-contra-el-racismo-en-el-futbol\/","name":"Boateng lamenta los pocos avances contra el racismo en el f\u00fatbol | Cand\u00e1s 365","description":"Roma, 29 dic (dpa) - El ex jugador de la Bundesliga Kevin-Prince Boateng se quej\u00f3 de que en los \u00faltimos a\u00f1os se avanz\u00f3 poco en la lucha contra el racismo en los estadios de f\u00fatbol, en declaraciones que publica hoy el diario italiano \"Corriere della Sera\". El futbolista, que actualmente juega en el club de","inLanguage":"es-ES","isPartOf":{"@id":"https:\/\/candas365.es\/noticias\/#website"},"breadcrumb":{"@id":"https:\/\/candas365.es\/noticias\/boateng-lamenta-los-pocos-avances-contra-el-racismo-en-el-futbol\/#breadcrumblist"},"author":{"@id":"https:\/\/candas365.es\/noticias\/author\/admin\/#author"},"creator":{"@id":"https:\/\/candas365.es\/noticias\/author\/admin\/#author"},"image":{"@type":"ImageObject","url":"https:\/\/candas365.es\/noticias\/wp-content\/uploads\/2018\/02\/football-1406106_1280.jpg","@id":"https:\/\/candas365.es\/noticias\/boateng-lamenta-los-pocos-avances-contra-el-racismo-en-el-futbol\/#mainImage","width":1280,"height":857,"caption":"football"},"primaryImageOfPage":{"@id":"https:\/\/candas365.es\/noticias\/boateng-lamenta-los-pocos-avances-contra-el-racismo-en-el-futbol\/#mainImage"},"datePublished":"2018-12-30T06:42:52+01:00","dateModified":"2018-12-30T06:42:52+01:00"},{"@type":"WebSite","@id":"https:\/\/candas365.es\/noticias\/#website","url":"https:\/\/candas365.es\/noticias\/","name":"Cand\u00e1s 365","alternateName":"Cand\u00e1s 365 Noticias","description":"Actualidad desde Carre\u00f1o para el mundo","inLanguage":"es-ES","publisher":{"@id":"https:\/\/candas365.es\/noticias\/#organization"}}]},"og:locale":"es_ES","og:site_name":"Cand\u00e1s 365","og:type":"article","og:title":"Boateng lamenta los pocos avances contra el racismo en el f\u00fatbol | Cand\u00e1s 365","og:description":"Roma, 29 dic (dpa) - El ex jugador de la Bundesliga Kevin-Prince Boateng se quej\u00f3 de que en los \u00faltimos a\u00f1os se avanz\u00f3 poco en la lucha contra el racismo en los estadios de f\u00fatbol, en declaraciones que publica hoy el diario italiano &quot;Corriere della Sera&quot;. El futbolista, que actualmente juega en el club de","og:url":"https:\/\/candas365.es\/noticias\/boateng-lamenta-los-pocos-avances-contra-el-racismo-en-el-futbol\/","og:image":"https:\/\/candas365.es\/noticias\/wp-content\/uploads\/2018\/02\/football-1406106_1280.jpg","og:image:secure_url":"https:\/\/candas365.es\/noticias\/wp-content\/uploads\/2018\/02\/football-1406106_1280.jpg","og:image:width":1280,"og:image:height":857,"article:published_time":"2018-12-30T06:42:52+00:00","article:modified_time":"2018-12-30T06:42:52+00:00","article:publisher":"https:\/\/www.facebook.com\/Nachofdezber","article:author":"https:\/\/www.facebook.com\/carrenoactualidad","twitter:card":"summary_large_image","twitter:site":"@NabercoDigital","twitter:title":"Boateng lamenta los pocos avances contra el racismo en el f\u00fatbol | Cand\u00e1s 365","twitter:description":"Roma, 29 dic (dpa) - El ex jugador de la Bundesliga Kevin-Prince Boateng se quej\u00f3 de que en los \u00faltimos a\u00f1os se avanz\u00f3 poco en la lucha contra el racismo en los estadios de f\u00fatbol, en declaraciones que publica hoy el diario italiano &quot;Corriere della Sera&quot;. El futbolista, que actualmente juega en el club de","twitter:creator":"@nbasturias","twitter:image":"https:\/\/candas365.es\/noticias\/wp-content\/uploads\/2018\/02\/football-1406106_1280.jpg","twitter:label1":"Escrito por","twitter:data1":"Cand\u00e1s 365","twitter:label2":"Tiempo de lectura estimado","twitter:data2":"1 minuto"},"aioseo_meta_data":{"post_id":"112975","title":null,"description":null,"keywords":null,"keyphrases":null,"primary_term":null,"canonical_url":null,"og_title":null,"og_description":null,"og_object_type":"default","og_image_type":"default","og_image_url":null,"og_image_width":null,"og_image_height":null,"og_image_custom_url":null,"og_image_custom_fields":null,"og_video":null,"og_custom_url":null,"og_article_section":null,"og_article_tags":null,"twitter_use_og":false,"twitter_card":"default","twitter_image_type":"default","twitter_image_url":null,"twitter_image_custom_url":null,"twitter_image_custom_fields":null,"twitter_title":null,"twitter_description":null,"schema":{"blockGraphs":[],"customGraphs":[],"default":{"data":{"Article":[],"Course":[],"Dataset":[],"FAQPage":[],"Movie":[],"Person":[],"Product":[],"ProductReview":[],"Car":[],"Recipe":[],"Service":[],"SoftwareApplication":[],"WebPage":[]},"graphName":"","isEnabled":true},"graphs":[]},"schema_type":null,"schema_type_options":null,"pillar_content":false,"robots_default":true,"robots_noindex":false,"robots_noarchive":false,"robots_nosnippet":false,"robots_nofollow":false,"robots_noimageindex":false,"robots_noodp":false,"robots_notranslate":false,"robots_max_snippet":null,"robots_max_videopreview":null,"robots_max_imagepreview":"large","priority":null,"frequency":null,"location":null,"local_seo":null,"seo_analyzer_scan_date":"2025-08-28 20:03:21","breadcrumb_settings":null,"limit_modified_date":false,"reviewed_by":null,"open_ai":null,"ai":null,"created":"2020-12-21 11:30:55","updated":"2025-08-28 20:03:21"},"aioseo_breadcrumb":"<div class=\"aioseo-breadcrumbs\"><span class=\"aioseo-breadcrumb\">\n\t<a href=\"https:\/\/candas365.es\/noticias\" title=\"Home\">Home<\/a>\n<\/span><span class=\"aioseo-breadcrumb-separator\">&ndash;<\/span><span class=\"aioseo-breadcrumb\">\n\t<a href=\"https:\/\/candas365.es\/noticias\/category\/deporte\/\" title=\"Deporte\">Deporte<\/a>\n<\/span><span class=\"aioseo-breadcrumb-separator\">&ndash;<\/span><span class=\"aioseo-breadcrumb\">\n\tBoateng lamenta los pocos avances contra el racismo en el f\u00fatbol\n<\/span><\/div>","aioseo_breadcrumb_json":[{"label":"Home","link":"https:\/\/candas365.es\/noticias"},{"label":"Deporte","link":"https:\/\/candas365.es\/noticias\/category\/deporte\/"},{"label":"Boateng lamenta los pocos avances contra el racismo en el f\u00fatbol","link":"https:\/\/candas365.es\/noticias\/boateng-lamenta-los-pocos-avances-contra-el-racismo-en-el-futbol\/"}],"_links":{"self":[{"href":"https:\/\/candas365.es\/noticias\/wp-json\/wp\/v2\/posts\/112975","targetHints":{"allow":["GET"]}}],"collection":[{"href":"https:\/\/candas365.es\/noticias\/wp-json\/wp\/v2\/posts"}],"about":[{"href":"https:\/\/candas365.es\/noticias\/wp-json\/wp\/v2\/types\/post"}],"author":[{"embeddable":true,"href":"https:\/\/candas365.es\/noticias\/wp-json\/wp\/v2\/users\/1"}],"replies":[{"embeddable":true,"href":"https:\/\/candas365.es\/noticias\/wp-json\/wp\/v2\/comments?post=112975"}],"version-history":[{"count":0,"href":"https:\/\/candas365.es\/noticias\/wp-json\/wp\/v2\/posts\/112975\/revisions"}],"wp:featuredmedia":[{"embeddable":true,"href":"https:\/\/candas365.es\/noticias\/wp-json\/wp\/v2\/media\/89552"}],"wp:attachment":[{"href":"https:\/\/candas365.es\/noticias\/wp-json\/wp\/v2\/media?parent=112975"}],"wp:term":[{"taxonomy":"category","embeddable":true,"href":"https:\/\/candas365.es\/noticias\/wp-json\/wp\/v2\/categories?post=112975"},{"taxonomy":"post_tag","embeddable":true,"href":"https:\/\/candas365.es\/noticias\/wp-json\/wp\/v2\/tags?post=112975"}],"curies":[{"name":"wp","href":"https:\/\/api.w.org\/{rel}","templated":true}]}}