{"id":112972,"date":"2018-12-30T06:32:44","date_gmt":"2018-12-30T06:32:44","guid":{"rendered":"http:\/\/candas365.es\/noticias\/?p=112972"},"modified":"2018-12-30T06:32:44","modified_gmt":"2018-12-30T06:32:44","slug":"tu-yo-y-el-vecin-en-llogorzana","status":"publish","type":"post","link":"https:\/\/candas365.es\/noticias\/tu-yo-y-el-vecin-en-llogorzana\/","title":{"rendered":"\u201cT\u00fa, yo y el vec\u00edn\u201d en LLogorzana"},"content":{"rendered":"<p><img fetchpriority=\"high\" decoding=\"async\" class=\"alignleft size-medium wp-image-112973\" src=\"https:\/\/candas365.es\/noticias\/wp-content\/uploads\/2018\/12\/3a7759b6c494-360x180.jpg\" alt=\"\" width=\"360\" height=\"180\" srcset=\"https:\/\/candas365.es\/noticias\/wp-content\/uploads\/2018\/12\/3a7759b6c494-360x180.jpg 360w, https:\/\/candas365.es\/noticias\/wp-content\/uploads\/2018\/12\/3a7759b6c494-768x384.jpg 768w, https:\/\/candas365.es\/noticias\/wp-content\/uploads\/2018\/12\/3a7759b6c494-655x328.jpg 655w, https:\/\/candas365.es\/noticias\/wp-content\/uploads\/2018\/12\/3a7759b6c494-696x348.jpg 696w, https:\/\/candas365.es\/noticias\/wp-content\/uploads\/2018\/12\/3a7759b6c494-1068x534.jpg 1068w, https:\/\/candas365.es\/noticias\/wp-content\/uploads\/2018\/12\/3a7759b6c494-840x420.jpg 840w, https:\/\/candas365.es\/noticias\/wp-content\/uploads\/2018\/12\/3a7759b6c494.jpg 1600w\" sizes=\"(max-width: 360px) 100vw, 360px\" \/>Las Escuelas de LLogorzana acogieron la inauguraci\u00f3n del programa cultural \u201cXIV Ronda Teatral\u201d por Carre\u00f1o, organizada por la Concejal\u00eda de Cultura. En una sala abarrotada de p\u00fablico ha tenido lugar la primera de las diez funciones teatrales que desde diciembre a mayo, se podr\u00e1n disfrutar en las diferentes parroquias del Concejo.<\/p>\n<p>Diez tardes de teatro, en las que, como ha ocurrido el s\u00e1bado, las risas, lloros, amor\u00edos, encuentros, desencuentros, reconciliaciones,\u2026 de los personajes de las obras se mezclan con los sentimientos del p\u00fablico asistente y recorrer\u00e1n todos los rincones de nuestro Concejo.<\/p>\n<p>Al acto acudi\u00f3 en representaci\u00f3n del Ayuntamiento el Concejal de Deportes Roberto Bueno, y vecino de la parroquia. El cual actu\u00f3 como maestro de ceremonias. Bueno dej\u00f3 constancia que \u201cestas representaciones teatrales nacen del acuerdo de colaboraci\u00f3n, por un lado, entre el Ayuntamiento de Carre\u00f1o y tres asociaciones asturianas: Federaci\u00f3n de Grupos de Teatro Amateur de Asturias, FETEAS; la Asociaci\u00f3n de Interpretes de la Canci\u00f3n Asturiana, AICA; y la Asociaci\u00f3n Cultural de la Canci\u00f3n Asturiana Narcea. Y por otro, de la colaboraci\u00f3n del Ayuntamiento y las entidades teatrales del Concejo, el Grupo de Teatro \u201cXana\u201d de Perlora y \u201cLes Ayalgues\u201d de Carre\u00f1o\u201d<\/p>\n<p>En esta primera sesi\u00f3n se ha contado con El Grupo de Teatro \u201cCarbay\u00edn\u201d de la parroquia de Carbay\u00edn &#8211; Siero. Pero primero Jos\u00e9 Manuel Gonz\u00e1lez \u201cCantu la Vara\u201d, acompa\u00f1ado de Juan\u00edn de la Torre \u201cNore\u00f1a\u201d a la guitarra ha deleitado al p\u00fablico asistente con su voz interpretando varios temas de la Canci\u00f3n Asturiana.<\/p>\n<p>El Grupo de Teatro \u201cCarbay\u00edn\u201d bajo la direcci\u00f3n de J.R. Oliva, Premio Aurora a la Mejor Direcci\u00f3n en el pasado Sal\u00f3n de Teatro Costumbrista de Cand\u00e1s, ha representado una obra cuyo autor es el propio Oliva, \u201cT\u00fa, yo y el vec\u00edn\u201d en la que un matrimonio quiere separase pero un vecino, un poco \u201cpejiguero\u201d intenta mediar entre la pareja intentando recordar c\u00f3mo han llegado a esa situaci\u00f3n.<\/p>\n<p>En 1979 el actual grupo de teatro recoge el testigo de la formaci\u00f3n teatral que ya exist\u00eda en su parroquia. Esta nueva iniciativa es tomada por el Centro Cultural \u201cNuestra Se\u00f1ora de Covadonga\u201d. A esta llamada responden componentes del antiguo grupo como nuevos actores y actrices. Como estreno de esta nueva andadura pusieron en escena la zarzuela asturiana \u201cLa Sosiega\u201d. Con el tiempo crean un grupo de ni\u00f1os y ni\u00f1as que junto con las nuevas incorporaciones se convierten en la nueva cantera de la formaci\u00f3n. En la actualidad aquellos ni\u00f1os y ni\u00f1as en el a\u00f1o 1991 recogen el testigo y se han convertido en los actores y actrices actualmente de la Compa\u00f1\u00eda.<\/p>\n<p>Han puesto en escena obras de los cl\u00e1sicos del Teatro Costumbrista Asturiano como Pach\u00edn de Melas, Eladio Verde, Pin de Pr\u00eda,\u2026 pero en los \u00faltimos 20 a\u00f1os las obras que han representado han sido escritas, expresamente para ser puestas en escena por el Grupo, por su director el dramaturgo asturiano Jos\u00e9 Ram\u00f3n Oliva.<\/p>\n<p>El \u201cCantu la Vara\u201d, aunque naci\u00f3 en Oviedo, ha pasado casi toda su vida en Riosa. Tras una peque\u00f1a estancia en Torrevieja, tras su jubilaci\u00f3n, actualmente reside en Cand\u00e1s. Lugar en el que en el 2012 crea una escuela de la Canci\u00f3n Asturiana.<\/p>\n<p>La primera vez que se sube a un escenario fue en su Concejo, en 1976 en un festival que se celebraba por la festividad del Rosario, en el que cantaban los grandes de la Canci\u00f3n Asturiana. A partir de esa actuaci\u00f3n se inicia su trayectoria como cantante de la Canci\u00f3n Asturiana de m\u00e1s de cuarenta a\u00f1os, en la que ha cosechado grandes \u00e9xitos.<\/p>\n<p>La siguiente tarde de teatro ser\u00e1 el s\u00e1bado 19 de enero en la \u201cCantina\u201d de la parroquia de Tam\u00f3n. Ese d\u00eda se subir\u00e1 al escenario el Grupo de Teatro \u201cEl H\u00f3rreo\u201d de Barcia-Vald\u00e9s con la obra \u201cSuperpep\u00edn\u201d tambi\u00e9n de Jos\u00e9 Ram\u00f3n Oliva. Obra con la que consiguieron hacerse con el cari\u00f1o del p\u00fablico que acude al Sal\u00f3n de Teatro Costumbrista, llev\u00e1ndose el Premio Aurora que otorga el p\u00fablico. Adem\u00e1s de contar con los mon\u00f3logos de Armando Felgueroso \u201cMin de les Pieces\u201d Premio Aurora al mejor Actor Secundario en el 2018.<\/p>\n<p>Las sesiones son todas a las 19:00 horas, gratuitas hasta completar aforo.<\/p>\n","protected":false},"excerpt":{"rendered":"<p>Las Escuelas de LLogorzana acogieron la inauguraci\u00f3n del programa cultural \u201cXIV Ronda Teatral\u201d por Carre\u00f1o, organizada por la Concejal\u00eda de Cultura. En una sala abarrotada de p\u00fablico ha tenido lugar la primera de las diez funciones teatrales que desde diciembre a mayo, se podr\u00e1n disfrutar en las diferentes parroquias del Concejo. Diez tardes de teatro,<\/p>\n","protected":false},"author":1,"featured_media":112973,"comment_status":"closed","ping_status":"closed","sticky":false,"template":"","format":"standard","meta":{"footnotes":""},"categories":[2],"tags":[],"class_list":{"0":"post-112972","1":"post","2":"type-post","3":"status-publish","4":"format-standard","5":"has-post-thumbnail","7":"category-noticias-carreno"},"aioseo_notices":[],"aioseo_head":"\n\t\t<!-- All in One SEO Pro 4.9.6.2 - aioseo.com -->\n\t<meta name=\"description\" content=\"Las Escuelas de LLogorzana acogieron la inauguraci\u00f3n del programa cultural \u201cXIV Ronda Teatral\u201d por Carre\u00f1o, organizada por la Concejal\u00eda de Cultura. En una sala abarrotada de p\u00fablico ha tenido lugar la primera de las diez funciones teatrales que desde diciembre a mayo, se podr\u00e1n disfrutar en las diferentes parroquias del Concejo. Diez tardes de teatro,\" \/>\n\t<meta name=\"robots\" content=\"max-image-preview:large\" \/>\n\t<meta name=\"author\" content=\"Cand\u00e1s 365\"\/>\n\t<meta name=\"google-site-verification\" content=\"UA-32230408-1\" \/>\n\t<meta name=\"msvalidate.01\" content=\"354F3CDFB2DA171B47FBE9ABF1F88D5\" \/>\n\t<meta name=\"keywords\" content=\"noticias carre\u00f1o\" \/>\n\t<link rel=\"canonical\" href=\"https:\/\/candas365.es\/noticias\/tu-yo-y-el-vecin-en-llogorzana\/\" \/>\n\t<meta name=\"generator\" content=\"All in One SEO Pro (AIOSEO) 4.9.6.2\" \/>\n\t\t<meta property=\"og:locale\" content=\"es_ES\" \/>\n\t\t<meta property=\"og:site_name\" content=\"Cand\u00e1s 365\" \/>\n\t\t<meta property=\"og:type\" content=\"article\" \/>\n\t\t<meta property=\"og:title\" content=\"\u201cT\u00fa, yo y el vec\u00edn\u201d en LLogorzana | Cand\u00e1s 365\" \/>\n\t\t<meta property=\"og:description\" content=\"Las Escuelas de LLogorzana acogieron la inauguraci\u00f3n del programa cultural \u201cXIV Ronda Teatral\u201d por Carre\u00f1o, organizada por la Concejal\u00eda de Cultura. En una sala abarrotada de p\u00fablico ha tenido lugar la primera de las diez funciones teatrales que desde diciembre a mayo, se podr\u00e1n disfrutar en las diferentes parroquias del Concejo. Diez tardes de teatro,\" \/>\n\t\t<meta property=\"og:url\" content=\"https:\/\/candas365.es\/noticias\/tu-yo-y-el-vecin-en-llogorzana\/\" \/>\n\t\t<meta property=\"og:image\" content=\"https:\/\/candas365.es\/noticias\/wp-content\/uploads\/2018\/12\/3a7759b6c494.jpg\" \/>\n\t\t<meta property=\"og:image:secure_url\" content=\"https:\/\/candas365.es\/noticias\/wp-content\/uploads\/2018\/12\/3a7759b6c494.jpg\" \/>\n\t\t<meta property=\"og:image:width\" content=\"1600\" \/>\n\t\t<meta property=\"og:image:height\" content=\"800\" \/>\n\t\t<meta property=\"article:published_time\" content=\"2018-12-30T06:32:44+00:00\" \/>\n\t\t<meta property=\"article:modified_time\" content=\"2018-12-30T06:32:44+00:00\" \/>\n\t\t<meta property=\"article:publisher\" content=\"https:\/\/www.facebook.com\/Nachofdezber\" \/>\n\t\t<meta property=\"article:author\" content=\"https:\/\/www.facebook.com\/carrenoactualidad\" \/>\n\t\t<meta name=\"twitter:card\" content=\"summary_large_image\" \/>\n\t\t<meta name=\"twitter:site\" content=\"@NabercoDigital\" \/>\n\t\t<meta name=\"twitter:title\" content=\"\u201cT\u00fa, yo y el vec\u00edn\u201d en LLogorzana | Cand\u00e1s 365\" \/>\n\t\t<meta name=\"twitter:description\" content=\"Las Escuelas de LLogorzana acogieron la inauguraci\u00f3n del programa cultural \u201cXIV Ronda Teatral\u201d por Carre\u00f1o, organizada por la Concejal\u00eda de Cultura. En una sala abarrotada de p\u00fablico ha tenido lugar la primera de las diez funciones teatrales que desde diciembre a mayo, se podr\u00e1n disfrutar en las diferentes parroquias del Concejo. Diez tardes de teatro,\" \/>\n\t\t<meta name=\"twitter:creator\" content=\"@nbasturias\" \/>\n\t\t<meta name=\"twitter:image\" content=\"https:\/\/candas365.es\/noticias\/wp-content\/uploads\/2018\/12\/3a7759b6c494.jpg\" \/>\n\t\t<meta name=\"twitter:label1\" content=\"Escrito por\" \/>\n\t\t<meta name=\"twitter:data1\" content=\"Cand\u00e1s 365\" \/>\n\t\t<meta name=\"twitter:label2\" content=\"Tiempo de lectura estimado\" \/>\n\t\t<meta name=\"twitter:data2\" content=\"4 minutos\" \/>\n\t\t<script type=\"application\/ld+json\" class=\"aioseo-schema\">\n\t\t\t{\"@context\":\"https:\\\/\\\/schema.org\",\"@graph\":[{\"@type\":\"BreadcrumbList\",\"@id\":\"https:\\\/\\\/candas365.es\\\/noticias\\\/tu-yo-y-el-vecin-en-llogorzana\\\/#breadcrumblist\",\"itemListElement\":[{\"@type\":\"ListItem\",\"@id\":\"https:\\\/\\\/candas365.es\\\/noticias#listItem\",\"position\":1,\"name\":\"Home\",\"item\":\"https:\\\/\\\/candas365.es\\\/noticias\",\"nextItem\":{\"@type\":\"ListItem\",\"@id\":\"https:\\\/\\\/candas365.es\\\/noticias\\\/category\\\/noticias-carreno\\\/#listItem\",\"name\":\"Noticias Carre\\u00f1o\"}},{\"@type\":\"ListItem\",\"@id\":\"https:\\\/\\\/candas365.es\\\/noticias\\\/category\\\/noticias-carreno\\\/#listItem\",\"position\":2,\"name\":\"Noticias Carre\\u00f1o\",\"item\":\"https:\\\/\\\/candas365.es\\\/noticias\\\/category\\\/noticias-carreno\\\/\",\"nextItem\":{\"@type\":\"ListItem\",\"@id\":\"https:\\\/\\\/candas365.es\\\/noticias\\\/tu-yo-y-el-vecin-en-llogorzana\\\/#listItem\",\"name\":\"\\u201cT\\u00fa, yo y el vec\\u00edn\\u201d en LLogorzana\"},\"previousItem\":{\"@type\":\"ListItem\",\"@id\":\"https:\\\/\\\/candas365.es\\\/noticias#listItem\",\"name\":\"Home\"}},{\"@type\":\"ListItem\",\"@id\":\"https:\\\/\\\/candas365.es\\\/noticias\\\/tu-yo-y-el-vecin-en-llogorzana\\\/#listItem\",\"position\":3,\"name\":\"\\u201cT\\u00fa, yo y el vec\\u00edn\\u201d en LLogorzana\",\"previousItem\":{\"@type\":\"ListItem\",\"@id\":\"https:\\\/\\\/candas365.es\\\/noticias\\\/category\\\/noticias-carreno\\\/#listItem\",\"name\":\"Noticias Carre\\u00f1o\"}}]},{\"@type\":\"NewsArticle\",\"@id\":\"https:\\\/\\\/candas365.es\\\/noticias\\\/tu-yo-y-el-vecin-en-llogorzana\\\/#newsarticle\",\"name\":\"\\u201cT\\u00fa, yo y el vec\\u00edn\\u201d en LLogorzana | Cand\\u00e1s 365\",\"headline\":\"\\u201cT\\u00fa, yo y el vec\\u00edn\\u201d en LLogorzana\",\"author\":{\"@id\":\"https:\\\/\\\/candas365.es\\\/noticias\\\/author\\\/admin\\\/#author\"},\"publisher\":{\"@id\":\"https:\\\/\\\/candas365.es\\\/noticias\\\/#organization\"},\"image\":{\"@type\":\"ImageObject\",\"url\":\"https:\\\/\\\/candas365.es\\\/noticias\\\/wp-content\\\/uploads\\\/2018\\\/12\\\/3a7759b6c494.jpg\",\"width\":1600,\"height\":800},\"datePublished\":\"2018-12-30T06:32:44+01:00\",\"dateModified\":\"2018-12-30T06:32:44+01:00\",\"inLanguage\":\"es-ES\",\"mainEntityOfPage\":{\"@id\":\"https:\\\/\\\/candas365.es\\\/noticias\\\/tu-yo-y-el-vecin-en-llogorzana\\\/#webpage\"},\"isPartOf\":{\"@id\":\"https:\\\/\\\/candas365.es\\\/noticias\\\/tu-yo-y-el-vecin-en-llogorzana\\\/#webpage\"},\"articleSection\":\"Noticias Carre\\u00f1o\",\"dateline\":\"Publicado el diciembre 30, 2018.\"},{\"@type\":\"Organization\",\"@id\":\"https:\\\/\\\/candas365.es\\\/noticias\\\/#organization\",\"name\":\"Cand\\u00e1s 365\",\"description\":\"Cand\\u00e1s 365 es un diario digital independiente, fundado en 2012, con base en Asturias. Informamos con rigor sobre actualidad, sociedad, cultura y ocio, con una mirada local y global.\",\"url\":\"https:\\\/\\\/candas365.es\\\/noticias\\\/\",\"email\":\"info@candas365.es\",\"telephone\":\"+34652131393\",\"foundingDate\":\"2012-06-10\",\"logo\":{\"@type\":\"ImageObject\",\"url\":\"https:\\\/\\\/candas365.es\\\/noticias\\\/wp-content\\\/uploads\\\/2024\\\/09\\\/Candas-365-Redes.jpg\",\"@id\":\"https:\\\/\\\/candas365.es\\\/noticias\\\/tu-yo-y-el-vecin-en-llogorzana\\\/#organizationLogo\",\"width\":1152,\"height\":864,\"caption\":\"Cand\\u00e1s 365 Redes\"},\"image\":{\"@id\":\"https:\\\/\\\/candas365.es\\\/noticias\\\/tu-yo-y-el-vecin-en-llogorzana\\\/#organizationLogo\"},\"sameAs\":[\"https:\\\/\\\/www.facebook.com\\\/Nachofdezber\",\"https:\\\/\\\/x.com\\\/NabercoDigital\",\"https:\\\/\\\/www.instagram.com\\\/nachofdezber\\\/\",\"https:\\\/\\\/www.youtube.com\\\/channel\\\/UCZP-2wLEB9Rv6erhFmqVnvg\"],\"address\":{\"@id\":\"https:\\\/\\\/candas365.es\\\/noticias\\\/#postaladdress\",\"@type\":\"PostalAddress\",\"streetAddress\":\"san antonio 4, san antonio 4\",\"postalCode\":\"33430\",\"addressLocality\":\"Cand\\u00e1s\",\"addressRegion\":\"Asturias\",\"addressCountry\":\"ES\"}},{\"@type\":\"Person\",\"@id\":\"https:\\\/\\\/candas365.es\\\/noticias\\\/author\\\/admin\\\/#author\",\"url\":\"https:\\\/\\\/candas365.es\\\/noticias\\\/author\\\/admin\\\/\",\"name\":\"Cand\\u00e1s 365\",\"image\":{\"@type\":\"ImageObject\",\"@id\":\"https:\\\/\\\/candas365.es\\\/noticias\\\/tu-yo-y-el-vecin-en-llogorzana\\\/#authorImage\",\"url\":\"https:\\\/\\\/secure.gravatar.com\\\/avatar\\\/496a8e03d0c493ede1718b7934145dbdf8d89be1036b0eec9544e1094c9de390?s=96&d=mm&r=g\",\"width\":96,\"height\":96,\"caption\":\"Cand\\u00e1s 365\"},\"sameAs\":[\"https:\\\/\\\/www.facebook.com\\\/carrenoactualidad\",\"https:\\\/\\\/twitter.com\\\/nbasturias\",\"https:\\\/\\\/www.instagram.com\\\/nachofdezber\\\/\",\"https:\\\/\\\/www.youtube.com\\\/channel\\\/UCZP-2wLEB9Rv6erhFmqVnvg\"]},{\"@type\":\"WebPage\",\"@id\":\"https:\\\/\\\/candas365.es\\\/noticias\\\/tu-yo-y-el-vecin-en-llogorzana\\\/#webpage\",\"url\":\"https:\\\/\\\/candas365.es\\\/noticias\\\/tu-yo-y-el-vecin-en-llogorzana\\\/\",\"name\":\"\\u201cT\\u00fa, yo y el vec\\u00edn\\u201d en LLogorzana | Cand\\u00e1s 365\",\"description\":\"Las Escuelas de LLogorzana acogieron la inauguraci\\u00f3n del programa cultural \\u201cXIV Ronda Teatral\\u201d por Carre\\u00f1o, organizada por la Concejal\\u00eda de Cultura. En una sala abarrotada de p\\u00fablico ha tenido lugar la primera de las diez funciones teatrales que desde diciembre a mayo, se podr\\u00e1n disfrutar en las diferentes parroquias del Concejo. Diez tardes de teatro,\",\"inLanguage\":\"es-ES\",\"isPartOf\":{\"@id\":\"https:\\\/\\\/candas365.es\\\/noticias\\\/#website\"},\"breadcrumb\":{\"@id\":\"https:\\\/\\\/candas365.es\\\/noticias\\\/tu-yo-y-el-vecin-en-llogorzana\\\/#breadcrumblist\"},\"author\":{\"@id\":\"https:\\\/\\\/candas365.es\\\/noticias\\\/author\\\/admin\\\/#author\"},\"creator\":{\"@id\":\"https:\\\/\\\/candas365.es\\\/noticias\\\/author\\\/admin\\\/#author\"},\"image\":{\"@type\":\"ImageObject\",\"url\":\"https:\\\/\\\/candas365.es\\\/noticias\\\/wp-content\\\/uploads\\\/2018\\\/12\\\/3a7759b6c494.jpg\",\"@id\":\"https:\\\/\\\/candas365.es\\\/noticias\\\/tu-yo-y-el-vecin-en-llogorzana\\\/#mainImage\",\"width\":1600,\"height\":800},\"primaryImageOfPage\":{\"@id\":\"https:\\\/\\\/candas365.es\\\/noticias\\\/tu-yo-y-el-vecin-en-llogorzana\\\/#mainImage\"},\"datePublished\":\"2018-12-30T06:32:44+01:00\",\"dateModified\":\"2018-12-30T06:32:44+01:00\"},{\"@type\":\"WebSite\",\"@id\":\"https:\\\/\\\/candas365.es\\\/noticias\\\/#website\",\"url\":\"https:\\\/\\\/candas365.es\\\/noticias\\\/\",\"name\":\"Cand\\u00e1s 365\",\"alternateName\":\"Cand\\u00e1s 365 Noticias\",\"description\":\"Actualidad desde Carre\\u00f1o para el mundo\",\"inLanguage\":\"es-ES\",\"publisher\":{\"@id\":\"https:\\\/\\\/candas365.es\\\/noticias\\\/#organization\"}}]}\n\t\t<\/script>\n\t\t<!-- All in One SEO Pro -->\r\n\t\t<title>\u201cT\u00fa, yo y el vec\u00edn\u201d en LLogorzana | Cand\u00e1s 365<\/title>\n\n","aioseo_head_json":{"title":"\u201cT\u00fa, yo y el vec\u00edn\u201d en LLogorzana | Cand\u00e1s 365","description":"Las Escuelas de LLogorzana acogieron la inauguraci\u00f3n del programa cultural \u201cXIV Ronda Teatral\u201d por Carre\u00f1o, organizada por la Concejal\u00eda de Cultura. En una sala abarrotada de p\u00fablico ha tenido lugar la primera de las diez funciones teatrales que desde diciembre a mayo, se podr\u00e1n disfrutar en las diferentes parroquias del Concejo. Diez tardes de teatro,","canonical_url":"https:\/\/candas365.es\/noticias\/tu-yo-y-el-vecin-en-llogorzana\/","robots":"max-image-preview:large","keywords":"noticias carre\u00f1o","webmasterTools":{"google-site-verification":"UA-32230408-1","msvalidate.01":"354F3CDFB2DA171B47FBE9ABF1F88D5","miscellaneous":""},"schema":{"@context":"https:\/\/schema.org","@graph":[{"@type":"BreadcrumbList","@id":"https:\/\/candas365.es\/noticias\/tu-yo-y-el-vecin-en-llogorzana\/#breadcrumblist","itemListElement":[{"@type":"ListItem","@id":"https:\/\/candas365.es\/noticias#listItem","position":1,"name":"Home","item":"https:\/\/candas365.es\/noticias","nextItem":{"@type":"ListItem","@id":"https:\/\/candas365.es\/noticias\/category\/noticias-carreno\/#listItem","name":"Noticias Carre\u00f1o"}},{"@type":"ListItem","@id":"https:\/\/candas365.es\/noticias\/category\/noticias-carreno\/#listItem","position":2,"name":"Noticias Carre\u00f1o","item":"https:\/\/candas365.es\/noticias\/category\/noticias-carreno\/","nextItem":{"@type":"ListItem","@id":"https:\/\/candas365.es\/noticias\/tu-yo-y-el-vecin-en-llogorzana\/#listItem","name":"\u201cT\u00fa, yo y el vec\u00edn\u201d en LLogorzana"},"previousItem":{"@type":"ListItem","@id":"https:\/\/candas365.es\/noticias#listItem","name":"Home"}},{"@type":"ListItem","@id":"https:\/\/candas365.es\/noticias\/tu-yo-y-el-vecin-en-llogorzana\/#listItem","position":3,"name":"\u201cT\u00fa, yo y el vec\u00edn\u201d en LLogorzana","previousItem":{"@type":"ListItem","@id":"https:\/\/candas365.es\/noticias\/category\/noticias-carreno\/#listItem","name":"Noticias Carre\u00f1o"}}]},{"@type":"NewsArticle","@id":"https:\/\/candas365.es\/noticias\/tu-yo-y-el-vecin-en-llogorzana\/#newsarticle","name":"\u201cT\u00fa, yo y el vec\u00edn\u201d en LLogorzana | Cand\u00e1s 365","headline":"\u201cT\u00fa, yo y el vec\u00edn\u201d en LLogorzana","author":{"@id":"https:\/\/candas365.es\/noticias\/author\/admin\/#author"},"publisher":{"@id":"https:\/\/candas365.es\/noticias\/#organization"},"image":{"@type":"ImageObject","url":"https:\/\/candas365.es\/noticias\/wp-content\/uploads\/2018\/12\/3a7759b6c494.jpg","width":1600,"height":800},"datePublished":"2018-12-30T06:32:44+01:00","dateModified":"2018-12-30T06:32:44+01:00","inLanguage":"es-ES","mainEntityOfPage":{"@id":"https:\/\/candas365.es\/noticias\/tu-yo-y-el-vecin-en-llogorzana\/#webpage"},"isPartOf":{"@id":"https:\/\/candas365.es\/noticias\/tu-yo-y-el-vecin-en-llogorzana\/#webpage"},"articleSection":"Noticias Carre\u00f1o","dateline":"Publicado el diciembre 30, 2018."},{"@type":"Organization","@id":"https:\/\/candas365.es\/noticias\/#organization","name":"Cand\u00e1s 365","description":"Cand\u00e1s 365 es un diario digital independiente, fundado en 2012, con base en Asturias. Informamos con rigor sobre actualidad, sociedad, cultura y ocio, con una mirada local y global.","url":"https:\/\/candas365.es\/noticias\/","email":"info@candas365.es","telephone":"+34652131393","foundingDate":"2012-06-10","logo":{"@type":"ImageObject","url":"https:\/\/candas365.es\/noticias\/wp-content\/uploads\/2024\/09\/Candas-365-Redes.jpg","@id":"https:\/\/candas365.es\/noticias\/tu-yo-y-el-vecin-en-llogorzana\/#organizationLogo","width":1152,"height":864,"caption":"Cand\u00e1s 365 Redes"},"image":{"@id":"https:\/\/candas365.es\/noticias\/tu-yo-y-el-vecin-en-llogorzana\/#organizationLogo"},"sameAs":["https:\/\/www.facebook.com\/Nachofdezber","https:\/\/x.com\/NabercoDigital","https:\/\/www.instagram.com\/nachofdezber\/","https:\/\/www.youtube.com\/channel\/UCZP-2wLEB9Rv6erhFmqVnvg"],"address":{"@id":"https:\/\/candas365.es\/noticias\/#postaladdress","@type":"PostalAddress","streetAddress":"san antonio 4, san antonio 4","postalCode":"33430","addressLocality":"Cand\u00e1s","addressRegion":"Asturias","addressCountry":"ES"}},{"@type":"Person","@id":"https:\/\/candas365.es\/noticias\/author\/admin\/#author","url":"https:\/\/candas365.es\/noticias\/author\/admin\/","name":"Cand\u00e1s 365","image":{"@type":"ImageObject","@id":"https:\/\/candas365.es\/noticias\/tu-yo-y-el-vecin-en-llogorzana\/#authorImage","url":"https:\/\/secure.gravatar.com\/avatar\/496a8e03d0c493ede1718b7934145dbdf8d89be1036b0eec9544e1094c9de390?s=96&d=mm&r=g","width":96,"height":96,"caption":"Cand\u00e1s 365"},"sameAs":["https:\/\/www.facebook.com\/carrenoactualidad","https:\/\/twitter.com\/nbasturias","https:\/\/www.instagram.com\/nachofdezber\/","https:\/\/www.youtube.com\/channel\/UCZP-2wLEB9Rv6erhFmqVnvg"]},{"@type":"WebPage","@id":"https:\/\/candas365.es\/noticias\/tu-yo-y-el-vecin-en-llogorzana\/#webpage","url":"https:\/\/candas365.es\/noticias\/tu-yo-y-el-vecin-en-llogorzana\/","name":"\u201cT\u00fa, yo y el vec\u00edn\u201d en LLogorzana | Cand\u00e1s 365","description":"Las Escuelas de LLogorzana acogieron la inauguraci\u00f3n del programa cultural \u201cXIV Ronda Teatral\u201d por Carre\u00f1o, organizada por la Concejal\u00eda de Cultura. En una sala abarrotada de p\u00fablico ha tenido lugar la primera de las diez funciones teatrales que desde diciembre a mayo, se podr\u00e1n disfrutar en las diferentes parroquias del Concejo. Diez tardes de teatro,","inLanguage":"es-ES","isPartOf":{"@id":"https:\/\/candas365.es\/noticias\/#website"},"breadcrumb":{"@id":"https:\/\/candas365.es\/noticias\/tu-yo-y-el-vecin-en-llogorzana\/#breadcrumblist"},"author":{"@id":"https:\/\/candas365.es\/noticias\/author\/admin\/#author"},"creator":{"@id":"https:\/\/candas365.es\/noticias\/author\/admin\/#author"},"image":{"@type":"ImageObject","url":"https:\/\/candas365.es\/noticias\/wp-content\/uploads\/2018\/12\/3a7759b6c494.jpg","@id":"https:\/\/candas365.es\/noticias\/tu-yo-y-el-vecin-en-llogorzana\/#mainImage","width":1600,"height":800},"primaryImageOfPage":{"@id":"https:\/\/candas365.es\/noticias\/tu-yo-y-el-vecin-en-llogorzana\/#mainImage"},"datePublished":"2018-12-30T06:32:44+01:00","dateModified":"2018-12-30T06:32:44+01:00"},{"@type":"WebSite","@id":"https:\/\/candas365.es\/noticias\/#website","url":"https:\/\/candas365.es\/noticias\/","name":"Cand\u00e1s 365","alternateName":"Cand\u00e1s 365 Noticias","description":"Actualidad desde Carre\u00f1o para el mundo","inLanguage":"es-ES","publisher":{"@id":"https:\/\/candas365.es\/noticias\/#organization"}}]},"og:locale":"es_ES","og:site_name":"Cand\u00e1s 365","og:type":"article","og:title":"\u201cT\u00fa, yo y el vec\u00edn\u201d en LLogorzana | Cand\u00e1s 365","og:description":"Las Escuelas de LLogorzana acogieron la inauguraci\u00f3n del programa cultural \u201cXIV Ronda Teatral\u201d por Carre\u00f1o, organizada por la Concejal\u00eda de Cultura. En una sala abarrotada de p\u00fablico ha tenido lugar la primera de las diez funciones teatrales que desde diciembre a mayo, se podr\u00e1n disfrutar en las diferentes parroquias del Concejo. Diez tardes de teatro,","og:url":"https:\/\/candas365.es\/noticias\/tu-yo-y-el-vecin-en-llogorzana\/","og:image":"https:\/\/candas365.es\/noticias\/wp-content\/uploads\/2018\/12\/3a7759b6c494.jpg","og:image:secure_url":"https:\/\/candas365.es\/noticias\/wp-content\/uploads\/2018\/12\/3a7759b6c494.jpg","og:image:width":1600,"og:image:height":800,"article:published_time":"2018-12-30T06:32:44+00:00","article:modified_time":"2018-12-30T06:32:44+00:00","article:publisher":"https:\/\/www.facebook.com\/Nachofdezber","article:author":"https:\/\/www.facebook.com\/carrenoactualidad","twitter:card":"summary_large_image","twitter:site":"@NabercoDigital","twitter:title":"\u201cT\u00fa, yo y el vec\u00edn\u201d en LLogorzana | Cand\u00e1s 365","twitter:description":"Las Escuelas de LLogorzana acogieron la inauguraci\u00f3n del programa cultural \u201cXIV Ronda Teatral\u201d por Carre\u00f1o, organizada por la Concejal\u00eda de Cultura. En una sala abarrotada de p\u00fablico ha tenido lugar la primera de las diez funciones teatrales que desde diciembre a mayo, se podr\u00e1n disfrutar en las diferentes parroquias del Concejo. Diez tardes de teatro,","twitter:creator":"@nbasturias","twitter:image":"https:\/\/candas365.es\/noticias\/wp-content\/uploads\/2018\/12\/3a7759b6c494.jpg","twitter:label1":"Escrito por","twitter:data1":"Cand\u00e1s 365","twitter:label2":"Tiempo de lectura estimado","twitter:data2":"4 minutos"},"aioseo_meta_data":{"post_id":"112972","title":null,"description":null,"keywords":null,"keyphrases":null,"primary_term":null,"canonical_url":null,"og_title":null,"og_description":null,"og_object_type":"default","og_image_type":"default","og_image_url":null,"og_image_width":null,"og_image_height":null,"og_image_custom_url":null,"og_image_custom_fields":null,"og_video":null,"og_custom_url":null,"og_article_section":null,"og_article_tags":null,"twitter_use_og":false,"twitter_card":"default","twitter_image_type":"default","twitter_image_url":null,"twitter_image_custom_url":null,"twitter_image_custom_fields":null,"twitter_title":null,"twitter_description":null,"schema":{"blockGraphs":[],"customGraphs":[],"default":{"data":{"Article":[],"Course":[],"Dataset":[],"FAQPage":[],"Movie":[],"Person":[],"Product":[],"ProductReview":[],"Car":[],"Recipe":[],"Service":[],"SoftwareApplication":[],"WebPage":[]},"graphName":"","isEnabled":true},"graphs":[],"defaultGraph":"","defaultPostTypeGraph":""},"schema_type":null,"schema_type_options":null,"pillar_content":false,"robots_default":true,"robots_noindex":false,"robots_noarchive":false,"robots_nosnippet":false,"robots_nofollow":false,"robots_noimageindex":false,"robots_noodp":false,"robots_notranslate":false,"robots_max_snippet":null,"robots_max_videopreview":null,"robots_max_imagepreview":"large","priority":null,"frequency":null,"location":null,"local_seo":null,"seo_analyzer_scan_date":"2025-08-28 20:03:18","breadcrumb_settings":null,"limit_modified_date":false,"reviewed_by":null,"open_ai":null,"ai":null,"created":"2020-12-21 11:30:55","updated":"2025-08-28 20:03:18"},"aioseo_breadcrumb":"<div class=\"aioseo-breadcrumbs\"><span class=\"aioseo-breadcrumb\">\n\t<a href=\"https:\/\/candas365.es\/noticias\" title=\"Home\">Home<\/a>\n<\/span><span class=\"aioseo-breadcrumb-separator\">&ndash;<\/span><span class=\"aioseo-breadcrumb\">\n\t<a href=\"https:\/\/candas365.es\/noticias\/category\/noticias-carreno\/\" title=\"Noticias Carre\u00f1o\">Noticias Carre\u00f1o<\/a>\n<\/span><span class=\"aioseo-breadcrumb-separator\">&ndash;<\/span><span class=\"aioseo-breadcrumb\">\n\t\u201cT\u00fa, yo y el vec\u00edn\u201d en LLogorzana\n<\/span><\/div>","aioseo_breadcrumb_json":[{"label":"Home","link":"https:\/\/candas365.es\/noticias"},{"label":"Noticias Carre\u00f1o","link":"https:\/\/candas365.es\/noticias\/category\/noticias-carreno\/"},{"label":"\u201cT\u00fa, yo y el vec\u00edn\u201d en LLogorzana","link":"https:\/\/candas365.es\/noticias\/tu-yo-y-el-vecin-en-llogorzana\/"}],"_links":{"self":[{"href":"https:\/\/candas365.es\/noticias\/wp-json\/wp\/v2\/posts\/112972","targetHints":{"allow":["GET"]}}],"collection":[{"href":"https:\/\/candas365.es\/noticias\/wp-json\/wp\/v2\/posts"}],"about":[{"href":"https:\/\/candas365.es\/noticias\/wp-json\/wp\/v2\/types\/post"}],"author":[{"embeddable":true,"href":"https:\/\/candas365.es\/noticias\/wp-json\/wp\/v2\/users\/1"}],"replies":[{"embeddable":true,"href":"https:\/\/candas365.es\/noticias\/wp-json\/wp\/v2\/comments?post=112972"}],"version-history":[{"count":0,"href":"https:\/\/candas365.es\/noticias\/wp-json\/wp\/v2\/posts\/112972\/revisions"}],"wp:featuredmedia":[{"embeddable":true,"href":"https:\/\/candas365.es\/noticias\/wp-json\/wp\/v2\/media\/112973"}],"wp:attachment":[{"href":"https:\/\/candas365.es\/noticias\/wp-json\/wp\/v2\/media?parent=112972"}],"wp:term":[{"taxonomy":"category","embeddable":true,"href":"https:\/\/candas365.es\/noticias\/wp-json\/wp\/v2\/categories?post=112972"},{"taxonomy":"post_tag","embeddable":true,"href":"https:\/\/candas365.es\/noticias\/wp-json\/wp\/v2\/tags?post=112972"}],"curies":[{"name":"wp","href":"https:\/\/api.w.org\/{rel}","templated":true}]}}