{"id":112935,"date":"2018-12-28T18:58:52","date_gmt":"2018-12-28T18:58:52","guid":{"rendered":"http:\/\/candas365.es\/noticias\/?p=112935"},"modified":"2018-12-28T18:58:52","modified_gmt":"2018-12-28T18:58:52","slug":"la-porcelana-alemana-de-meissen-confia-en-los-mercados-de-asia","status":"publish","type":"post","link":"https:\/\/candas365.es\/noticias\/la-porcelana-alemana-de-meissen-confia-en-los-mercados-de-asia\/","title":{"rendered":"La porcelana alemana de Meissen conf\u00eda en los mercados de Asia"},"content":{"rendered":"<p><img fetchpriority=\"high\" decoding=\"async\" class=\"alignleft size-medium wp-image-112936\" src=\"https:\/\/candas365.es\/noticias\/wp-content\/uploads\/2018\/12\/pocelana-1047384_960_720-360x240.jpg\" alt=\"\" width=\"360\" height=\"240\" srcset=\"https:\/\/candas365.es\/noticias\/wp-content\/uploads\/2018\/12\/pocelana-1047384_960_720-360x240.jpg 360w, https:\/\/candas365.es\/noticias\/wp-content\/uploads\/2018\/12\/pocelana-1047384_960_720-768x512.jpg 768w, https:\/\/candas365.es\/noticias\/wp-content\/uploads\/2018\/12\/pocelana-1047384_960_720-655x437.jpg 655w, https:\/\/candas365.es\/noticias\/wp-content\/uploads\/2018\/12\/pocelana-1047384_960_720-696x464.jpg 696w, https:\/\/candas365.es\/noticias\/wp-content\/uploads\/2018\/12\/pocelana-1047384_960_720-630x420.jpg 630w, https:\/\/candas365.es\/noticias\/wp-content\/uploads\/2018\/12\/pocelana-1047384_960_720.jpg 960w\" sizes=\"(max-width: 360px) 100vw, 360px\" \/>Dresde (Alemania), 28 dic (dpa) &#8211; La empresa de porcelana de la localidad alemana de Meissen quiere incrementar sus oportunidades de venta en el extranjero, especialmente en Asia, debido a que el consumidor chino de art\u00edculos de lujo tiene una gran afinidad por la artesan\u00eda europea.<\/p>\n<p>\u00abChina es el siguiente mercado m\u00e1s importante para nosotros. All\u00ed tuvimos un buen reinicio\u00bb, dijo a la agencia dpa el gerente de la compa\u00f1\u00eda, Georg Nussdorfer, responsable de marketing y ventas de la empresa del este de Alemania.<\/p>\n<p>\u00abAqu\u00ed vemos a Meissen como predestinado\u00bb. En Jap\u00f3n y Taiw\u00e1n, la artesan\u00eda de Meissen con las espadas azules ya goza de una gran demanda.<\/p>\n<p>La f\u00e1brica de porcelana m\u00e1s antigua de Europa fundada en 1710 se encuentra en medio de un per\u00edodo de cambio, despu\u00e9s de que fracasara el intento de convertirla en empresa de alta gama bajo la direcci\u00f3n de Christian Kurtzke, quien ampli\u00f3 la oferta de productos con joyas, indumentaria y accesorios.<\/p>\n<p>El concepto fall\u00f3, la f\u00e1brica acumul\u00f3 millones de p\u00e9rdidas, solo en el a\u00f1o anterior, las p\u00e9rdidas rondaron los cinco millones de euros. Con el cambio de rumbo anunciado en 2017 y el regreso a la porcelana, la compa\u00f1\u00eda estima volver a las cifras positivas en 2021.<\/p>\n<p>\u00abLos clientes valoran que volvamos a poner nuestro enfoque en la porcelana. A m\u00e1s de uno le ha costado aceptar que hayamos hecho tantos productos fuera de la porcelana\u00bb, se\u00f1al\u00f3 Tillmann Blaschke, tambi\u00e9n gerente de la empresa.<\/p>\n","protected":false},"excerpt":{"rendered":"<p>Dresde (Alemania), 28 dic (dpa) &#8211; La empresa de porcelana de la localidad alemana de Meissen quiere incrementar sus oportunidades de venta en el extranjero, especialmente en Asia, debido a que el consumidor chino de art\u00edculos de lujo tiene una gran afinidad por la artesan\u00eda europea. \u00abChina es el siguiente mercado m\u00e1s importante para nosotros.<\/p>\n","protected":false},"author":1,"featured_media":112936,"comment_status":"closed","ping_status":"closed","sticky":false,"template":"","format":"standard","meta":{"footnotes":""},"categories":[343],"tags":[],"class_list":{"0":"post-112935","1":"post","2":"type-post","3":"status-publish","4":"format-standard","5":"has-post-thumbnail","7":"category-actualidad"},"aioseo_notices":[],"aioseo_head":"\n\t\t<!-- All in One SEO Pro 4.9.6.2 - aioseo.com -->\n\t<meta name=\"description\" content=\"Dresde (Alemania), 28 dic (dpa) - La empresa de porcelana de la localidad alemana de Meissen quiere incrementar sus oportunidades de venta en el extranjero, especialmente en Asia, debido a que el consumidor chino de art\u00edculos de lujo tiene una gran afinidad por la artesan\u00eda europea. &quot;China es el siguiente mercado m\u00e1s importante para nosotros.\" \/>\n\t<meta name=\"robots\" content=\"max-image-preview:large\" \/>\n\t<meta name=\"author\" content=\"Cand\u00e1s 365\"\/>\n\t<meta name=\"google-site-verification\" content=\"UA-32230408-1\" \/>\n\t<meta name=\"msvalidate.01\" content=\"354F3CDFB2DA171B47FBE9ABF1F88D5\" \/>\n\t<meta name=\"keywords\" content=\"actualidad\" \/>\n\t<link rel=\"canonical\" href=\"https:\/\/candas365.es\/noticias\/la-porcelana-alemana-de-meissen-confia-en-los-mercados-de-asia\/\" \/>\n\t<meta name=\"generator\" content=\"All in One SEO Pro (AIOSEO) 4.9.6.2\" \/>\n\t\t<meta property=\"og:locale\" content=\"es_ES\" \/>\n\t\t<meta property=\"og:site_name\" content=\"Cand\u00e1s 365\" \/>\n\t\t<meta property=\"og:type\" content=\"article\" \/>\n\t\t<meta property=\"og:title\" content=\"La porcelana alemana de Meissen conf\u00eda en los mercados de Asia | Cand\u00e1s 365\" \/>\n\t\t<meta property=\"og:description\" content=\"Dresde (Alemania), 28 dic (dpa) - La empresa de porcelana de la localidad alemana de Meissen quiere incrementar sus oportunidades de venta en el extranjero, especialmente en Asia, debido a que el consumidor chino de art\u00edculos de lujo tiene una gran afinidad por la artesan\u00eda europea. &quot;China es el siguiente mercado m\u00e1s importante para nosotros.\" \/>\n\t\t<meta property=\"og:url\" content=\"https:\/\/candas365.es\/noticias\/la-porcelana-alemana-de-meissen-confia-en-los-mercados-de-asia\/\" \/>\n\t\t<meta property=\"og:image\" content=\"https:\/\/candas365.es\/noticias\/wp-content\/uploads\/2018\/12\/pocelana-1047384_960_720.jpg\" \/>\n\t\t<meta property=\"og:image:secure_url\" content=\"https:\/\/candas365.es\/noticias\/wp-content\/uploads\/2018\/12\/pocelana-1047384_960_720.jpg\" \/>\n\t\t<meta property=\"og:image:width\" content=\"960\" \/>\n\t\t<meta property=\"og:image:height\" content=\"640\" \/>\n\t\t<meta property=\"article:published_time\" content=\"2018-12-28T18:58:52+00:00\" \/>\n\t\t<meta property=\"article:modified_time\" content=\"2018-12-28T18:58:52+00:00\" \/>\n\t\t<meta property=\"article:publisher\" content=\"https:\/\/www.facebook.com\/Nachofdezber\" \/>\n\t\t<meta property=\"article:author\" content=\"https:\/\/www.facebook.com\/carrenoactualidad\" \/>\n\t\t<meta name=\"twitter:card\" content=\"summary_large_image\" \/>\n\t\t<meta name=\"twitter:site\" content=\"@NabercoDigital\" \/>\n\t\t<meta name=\"twitter:title\" content=\"La porcelana alemana de Meissen conf\u00eda en los mercados de Asia | Cand\u00e1s 365\" \/>\n\t\t<meta name=\"twitter:description\" content=\"Dresde (Alemania), 28 dic (dpa) - La empresa de porcelana de la localidad alemana de Meissen quiere incrementar sus oportunidades de venta en el extranjero, especialmente en Asia, debido a que el consumidor chino de art\u00edculos de lujo tiene una gran afinidad por la artesan\u00eda europea. &quot;China es el siguiente mercado m\u00e1s importante para nosotros.\" \/>\n\t\t<meta name=\"twitter:creator\" content=\"@nbasturias\" \/>\n\t\t<meta name=\"twitter:image\" content=\"https:\/\/candas365.es\/noticias\/wp-content\/uploads\/2018\/12\/pocelana-1047384_960_720.jpg\" \/>\n\t\t<meta name=\"twitter:label1\" content=\"Escrito por\" \/>\n\t\t<meta name=\"twitter:data1\" content=\"Cand\u00e1s 365\" \/>\n\t\t<meta name=\"twitter:label2\" content=\"Tiempo de lectura estimado\" \/>\n\t\t<meta name=\"twitter:data2\" content=\"1 minuto\" \/>\n\t\t<script type=\"application\/ld+json\" class=\"aioseo-schema\">\n\t\t\t{\"@context\":\"https:\\\/\\\/schema.org\",\"@graph\":[{\"@type\":\"BreadcrumbList\",\"@id\":\"https:\\\/\\\/candas365.es\\\/noticias\\\/la-porcelana-alemana-de-meissen-confia-en-los-mercados-de-asia\\\/#breadcrumblist\",\"itemListElement\":[{\"@type\":\"ListItem\",\"@id\":\"https:\\\/\\\/candas365.es\\\/noticias#listItem\",\"position\":1,\"name\":\"Home\",\"item\":\"https:\\\/\\\/candas365.es\\\/noticias\",\"nextItem\":{\"@type\":\"ListItem\",\"@id\":\"https:\\\/\\\/candas365.es\\\/noticias\\\/category\\\/actualidad\\\/#listItem\",\"name\":\"Actualidad\"}},{\"@type\":\"ListItem\",\"@id\":\"https:\\\/\\\/candas365.es\\\/noticias\\\/category\\\/actualidad\\\/#listItem\",\"position\":2,\"name\":\"Actualidad\",\"item\":\"https:\\\/\\\/candas365.es\\\/noticias\\\/category\\\/actualidad\\\/\",\"nextItem\":{\"@type\":\"ListItem\",\"@id\":\"https:\\\/\\\/candas365.es\\\/noticias\\\/la-porcelana-alemana-de-meissen-confia-en-los-mercados-de-asia\\\/#listItem\",\"name\":\"La porcelana alemana de Meissen conf\\u00eda en los mercados de Asia\"},\"previousItem\":{\"@type\":\"ListItem\",\"@id\":\"https:\\\/\\\/candas365.es\\\/noticias#listItem\",\"name\":\"Home\"}},{\"@type\":\"ListItem\",\"@id\":\"https:\\\/\\\/candas365.es\\\/noticias\\\/la-porcelana-alemana-de-meissen-confia-en-los-mercados-de-asia\\\/#listItem\",\"position\":3,\"name\":\"La porcelana alemana de Meissen conf\\u00eda en los mercados de Asia\",\"previousItem\":{\"@type\":\"ListItem\",\"@id\":\"https:\\\/\\\/candas365.es\\\/noticias\\\/category\\\/actualidad\\\/#listItem\",\"name\":\"Actualidad\"}}]},{\"@type\":\"NewsArticle\",\"@id\":\"https:\\\/\\\/candas365.es\\\/noticias\\\/la-porcelana-alemana-de-meissen-confia-en-los-mercados-de-asia\\\/#newsarticle\",\"name\":\"La porcelana alemana de Meissen conf\\u00eda en los mercados de Asia | Cand\\u00e1s 365\",\"headline\":\"La porcelana alemana de Meissen conf\\u00eda en los mercados de Asia\",\"author\":{\"@id\":\"https:\\\/\\\/candas365.es\\\/noticias\\\/author\\\/admin\\\/#author\"},\"publisher\":{\"@id\":\"https:\\\/\\\/candas365.es\\\/noticias\\\/#organization\"},\"image\":{\"@type\":\"ImageObject\",\"url\":\"https:\\\/\\\/candas365.es\\\/noticias\\\/wp-content\\\/uploads\\\/2018\\\/12\\\/pocelana-1047384_960_720.jpg\",\"width\":960,\"height\":640},\"datePublished\":\"2018-12-28T18:58:52+01:00\",\"dateModified\":\"2018-12-28T18:58:52+01:00\",\"inLanguage\":\"es-ES\",\"mainEntityOfPage\":{\"@id\":\"https:\\\/\\\/candas365.es\\\/noticias\\\/la-porcelana-alemana-de-meissen-confia-en-los-mercados-de-asia\\\/#webpage\"},\"isPartOf\":{\"@id\":\"https:\\\/\\\/candas365.es\\\/noticias\\\/la-porcelana-alemana-de-meissen-confia-en-los-mercados-de-asia\\\/#webpage\"},\"articleSection\":\"Actualidad\",\"dateline\":\"Publicado el diciembre 28, 2018.\"},{\"@type\":\"Organization\",\"@id\":\"https:\\\/\\\/candas365.es\\\/noticias\\\/#organization\",\"name\":\"Cand\\u00e1s 365\",\"description\":\"Cand\\u00e1s 365 es un diario digital independiente, fundado en 2012, con base en Asturias. Informamos con rigor sobre actualidad, sociedad, cultura y ocio, con una mirada local y global.\",\"url\":\"https:\\\/\\\/candas365.es\\\/noticias\\\/\",\"email\":\"info@candas365.es\",\"telephone\":\"+34652131393\",\"foundingDate\":\"2012-06-10\",\"logo\":{\"@type\":\"ImageObject\",\"url\":\"https:\\\/\\\/candas365.es\\\/noticias\\\/wp-content\\\/uploads\\\/2024\\\/09\\\/Candas-365-Redes.jpg\",\"@id\":\"https:\\\/\\\/candas365.es\\\/noticias\\\/la-porcelana-alemana-de-meissen-confia-en-los-mercados-de-asia\\\/#organizationLogo\",\"width\":1152,\"height\":864,\"caption\":\"Cand\\u00e1s 365 Redes\"},\"image\":{\"@id\":\"https:\\\/\\\/candas365.es\\\/noticias\\\/la-porcelana-alemana-de-meissen-confia-en-los-mercados-de-asia\\\/#organizationLogo\"},\"sameAs\":[\"https:\\\/\\\/www.facebook.com\\\/Nachofdezber\",\"https:\\\/\\\/x.com\\\/NabercoDigital\",\"https:\\\/\\\/www.instagram.com\\\/nachofdezber\\\/\",\"https:\\\/\\\/www.youtube.com\\\/channel\\\/UCZP-2wLEB9Rv6erhFmqVnvg\"],\"address\":{\"@id\":\"https:\\\/\\\/candas365.es\\\/noticias\\\/#postaladdress\",\"@type\":\"PostalAddress\",\"streetAddress\":\"san antonio 4, san antonio 4\",\"postalCode\":\"33430\",\"addressLocality\":\"Cand\\u00e1s\",\"addressRegion\":\"Asturias\",\"addressCountry\":\"ES\"}},{\"@type\":\"Person\",\"@id\":\"https:\\\/\\\/candas365.es\\\/noticias\\\/author\\\/admin\\\/#author\",\"url\":\"https:\\\/\\\/candas365.es\\\/noticias\\\/author\\\/admin\\\/\",\"name\":\"Cand\\u00e1s 365\",\"image\":{\"@type\":\"ImageObject\",\"@id\":\"https:\\\/\\\/candas365.es\\\/noticias\\\/la-porcelana-alemana-de-meissen-confia-en-los-mercados-de-asia\\\/#authorImage\",\"url\":\"https:\\\/\\\/secure.gravatar.com\\\/avatar\\\/496a8e03d0c493ede1718b7934145dbdf8d89be1036b0eec9544e1094c9de390?s=96&d=mm&r=g\",\"width\":96,\"height\":96,\"caption\":\"Cand\\u00e1s 365\"},\"sameAs\":[\"https:\\\/\\\/www.facebook.com\\\/carrenoactualidad\",\"https:\\\/\\\/twitter.com\\\/nbasturias\",\"https:\\\/\\\/www.instagram.com\\\/nachofdezber\\\/\",\"https:\\\/\\\/www.youtube.com\\\/channel\\\/UCZP-2wLEB9Rv6erhFmqVnvg\"]},{\"@type\":\"WebPage\",\"@id\":\"https:\\\/\\\/candas365.es\\\/noticias\\\/la-porcelana-alemana-de-meissen-confia-en-los-mercados-de-asia\\\/#webpage\",\"url\":\"https:\\\/\\\/candas365.es\\\/noticias\\\/la-porcelana-alemana-de-meissen-confia-en-los-mercados-de-asia\\\/\",\"name\":\"La porcelana alemana de Meissen conf\\u00eda en los mercados de Asia | Cand\\u00e1s 365\",\"description\":\"Dresde (Alemania), 28 dic (dpa) - La empresa de porcelana de la localidad alemana de Meissen quiere incrementar sus oportunidades de venta en el extranjero, especialmente en Asia, debido a que el consumidor chino de art\\u00edculos de lujo tiene una gran afinidad por la artesan\\u00eda europea. \\\"China es el siguiente mercado m\\u00e1s importante para nosotros.\",\"inLanguage\":\"es-ES\",\"isPartOf\":{\"@id\":\"https:\\\/\\\/candas365.es\\\/noticias\\\/#website\"},\"breadcrumb\":{\"@id\":\"https:\\\/\\\/candas365.es\\\/noticias\\\/la-porcelana-alemana-de-meissen-confia-en-los-mercados-de-asia\\\/#breadcrumblist\"},\"author\":{\"@id\":\"https:\\\/\\\/candas365.es\\\/noticias\\\/author\\\/admin\\\/#author\"},\"creator\":{\"@id\":\"https:\\\/\\\/candas365.es\\\/noticias\\\/author\\\/admin\\\/#author\"},\"image\":{\"@type\":\"ImageObject\",\"url\":\"https:\\\/\\\/candas365.es\\\/noticias\\\/wp-content\\\/uploads\\\/2018\\\/12\\\/pocelana-1047384_960_720.jpg\",\"@id\":\"https:\\\/\\\/candas365.es\\\/noticias\\\/la-porcelana-alemana-de-meissen-confia-en-los-mercados-de-asia\\\/#mainImage\",\"width\":960,\"height\":640},\"primaryImageOfPage\":{\"@id\":\"https:\\\/\\\/candas365.es\\\/noticias\\\/la-porcelana-alemana-de-meissen-confia-en-los-mercados-de-asia\\\/#mainImage\"},\"datePublished\":\"2018-12-28T18:58:52+01:00\",\"dateModified\":\"2018-12-28T18:58:52+01:00\"},{\"@type\":\"WebSite\",\"@id\":\"https:\\\/\\\/candas365.es\\\/noticias\\\/#website\",\"url\":\"https:\\\/\\\/candas365.es\\\/noticias\\\/\",\"name\":\"Cand\\u00e1s 365\",\"alternateName\":\"Cand\\u00e1s 365 Noticias\",\"description\":\"Actualidad desde Carre\\u00f1o para el mundo\",\"inLanguage\":\"es-ES\",\"publisher\":{\"@id\":\"https:\\\/\\\/candas365.es\\\/noticias\\\/#organization\"}}]}\n\t\t<\/script>\n\t\t<!-- All in One SEO Pro -->\r\n\t\t<title>La porcelana alemana de Meissen conf\u00eda en los mercados de Asia | Cand\u00e1s 365<\/title>\n\n","aioseo_head_json":{"title":"La porcelana alemana de Meissen conf\u00eda en los mercados de Asia | Cand\u00e1s 365","description":"Dresde (Alemania), 28 dic (dpa) - La empresa de porcelana de la localidad alemana de Meissen quiere incrementar sus oportunidades de venta en el extranjero, especialmente en Asia, debido a que el consumidor chino de art\u00edculos de lujo tiene una gran afinidad por la artesan\u00eda europea. \"China es el siguiente mercado m\u00e1s importante para nosotros.","canonical_url":"https:\/\/candas365.es\/noticias\/la-porcelana-alemana-de-meissen-confia-en-los-mercados-de-asia\/","robots":"max-image-preview:large","keywords":"actualidad","webmasterTools":{"google-site-verification":"UA-32230408-1","msvalidate.01":"354F3CDFB2DA171B47FBE9ABF1F88D5","miscellaneous":""},"schema":{"@context":"https:\/\/schema.org","@graph":[{"@type":"BreadcrumbList","@id":"https:\/\/candas365.es\/noticias\/la-porcelana-alemana-de-meissen-confia-en-los-mercados-de-asia\/#breadcrumblist","itemListElement":[{"@type":"ListItem","@id":"https:\/\/candas365.es\/noticias#listItem","position":1,"name":"Home","item":"https:\/\/candas365.es\/noticias","nextItem":{"@type":"ListItem","@id":"https:\/\/candas365.es\/noticias\/category\/actualidad\/#listItem","name":"Actualidad"}},{"@type":"ListItem","@id":"https:\/\/candas365.es\/noticias\/category\/actualidad\/#listItem","position":2,"name":"Actualidad","item":"https:\/\/candas365.es\/noticias\/category\/actualidad\/","nextItem":{"@type":"ListItem","@id":"https:\/\/candas365.es\/noticias\/la-porcelana-alemana-de-meissen-confia-en-los-mercados-de-asia\/#listItem","name":"La porcelana alemana de Meissen conf\u00eda en los mercados de Asia"},"previousItem":{"@type":"ListItem","@id":"https:\/\/candas365.es\/noticias#listItem","name":"Home"}},{"@type":"ListItem","@id":"https:\/\/candas365.es\/noticias\/la-porcelana-alemana-de-meissen-confia-en-los-mercados-de-asia\/#listItem","position":3,"name":"La porcelana alemana de Meissen conf\u00eda en los mercados de Asia","previousItem":{"@type":"ListItem","@id":"https:\/\/candas365.es\/noticias\/category\/actualidad\/#listItem","name":"Actualidad"}}]},{"@type":"NewsArticle","@id":"https:\/\/candas365.es\/noticias\/la-porcelana-alemana-de-meissen-confia-en-los-mercados-de-asia\/#newsarticle","name":"La porcelana alemana de Meissen conf\u00eda en los mercados de Asia | Cand\u00e1s 365","headline":"La porcelana alemana de Meissen conf\u00eda en los mercados de Asia","author":{"@id":"https:\/\/candas365.es\/noticias\/author\/admin\/#author"},"publisher":{"@id":"https:\/\/candas365.es\/noticias\/#organization"},"image":{"@type":"ImageObject","url":"https:\/\/candas365.es\/noticias\/wp-content\/uploads\/2018\/12\/pocelana-1047384_960_720.jpg","width":960,"height":640},"datePublished":"2018-12-28T18:58:52+01:00","dateModified":"2018-12-28T18:58:52+01:00","inLanguage":"es-ES","mainEntityOfPage":{"@id":"https:\/\/candas365.es\/noticias\/la-porcelana-alemana-de-meissen-confia-en-los-mercados-de-asia\/#webpage"},"isPartOf":{"@id":"https:\/\/candas365.es\/noticias\/la-porcelana-alemana-de-meissen-confia-en-los-mercados-de-asia\/#webpage"},"articleSection":"Actualidad","dateline":"Publicado el diciembre 28, 2018."},{"@type":"Organization","@id":"https:\/\/candas365.es\/noticias\/#organization","name":"Cand\u00e1s 365","description":"Cand\u00e1s 365 es un diario digital independiente, fundado en 2012, con base en Asturias. Informamos con rigor sobre actualidad, sociedad, cultura y ocio, con una mirada local y global.","url":"https:\/\/candas365.es\/noticias\/","email":"info@candas365.es","telephone":"+34652131393","foundingDate":"2012-06-10","logo":{"@type":"ImageObject","url":"https:\/\/candas365.es\/noticias\/wp-content\/uploads\/2024\/09\/Candas-365-Redes.jpg","@id":"https:\/\/candas365.es\/noticias\/la-porcelana-alemana-de-meissen-confia-en-los-mercados-de-asia\/#organizationLogo","width":1152,"height":864,"caption":"Cand\u00e1s 365 Redes"},"image":{"@id":"https:\/\/candas365.es\/noticias\/la-porcelana-alemana-de-meissen-confia-en-los-mercados-de-asia\/#organizationLogo"},"sameAs":["https:\/\/www.facebook.com\/Nachofdezber","https:\/\/x.com\/NabercoDigital","https:\/\/www.instagram.com\/nachofdezber\/","https:\/\/www.youtube.com\/channel\/UCZP-2wLEB9Rv6erhFmqVnvg"],"address":{"@id":"https:\/\/candas365.es\/noticias\/#postaladdress","@type":"PostalAddress","streetAddress":"san antonio 4, san antonio 4","postalCode":"33430","addressLocality":"Cand\u00e1s","addressRegion":"Asturias","addressCountry":"ES"}},{"@type":"Person","@id":"https:\/\/candas365.es\/noticias\/author\/admin\/#author","url":"https:\/\/candas365.es\/noticias\/author\/admin\/","name":"Cand\u00e1s 365","image":{"@type":"ImageObject","@id":"https:\/\/candas365.es\/noticias\/la-porcelana-alemana-de-meissen-confia-en-los-mercados-de-asia\/#authorImage","url":"https:\/\/secure.gravatar.com\/avatar\/496a8e03d0c493ede1718b7934145dbdf8d89be1036b0eec9544e1094c9de390?s=96&d=mm&r=g","width":96,"height":96,"caption":"Cand\u00e1s 365"},"sameAs":["https:\/\/www.facebook.com\/carrenoactualidad","https:\/\/twitter.com\/nbasturias","https:\/\/www.instagram.com\/nachofdezber\/","https:\/\/www.youtube.com\/channel\/UCZP-2wLEB9Rv6erhFmqVnvg"]},{"@type":"WebPage","@id":"https:\/\/candas365.es\/noticias\/la-porcelana-alemana-de-meissen-confia-en-los-mercados-de-asia\/#webpage","url":"https:\/\/candas365.es\/noticias\/la-porcelana-alemana-de-meissen-confia-en-los-mercados-de-asia\/","name":"La porcelana alemana de Meissen conf\u00eda en los mercados de Asia | Cand\u00e1s 365","description":"Dresde (Alemania), 28 dic (dpa) - La empresa de porcelana de la localidad alemana de Meissen quiere incrementar sus oportunidades de venta en el extranjero, especialmente en Asia, debido a que el consumidor chino de art\u00edculos de lujo tiene una gran afinidad por la artesan\u00eda europea. \"China es el siguiente mercado m\u00e1s importante para nosotros.","inLanguage":"es-ES","isPartOf":{"@id":"https:\/\/candas365.es\/noticias\/#website"},"breadcrumb":{"@id":"https:\/\/candas365.es\/noticias\/la-porcelana-alemana-de-meissen-confia-en-los-mercados-de-asia\/#breadcrumblist"},"author":{"@id":"https:\/\/candas365.es\/noticias\/author\/admin\/#author"},"creator":{"@id":"https:\/\/candas365.es\/noticias\/author\/admin\/#author"},"image":{"@type":"ImageObject","url":"https:\/\/candas365.es\/noticias\/wp-content\/uploads\/2018\/12\/pocelana-1047384_960_720.jpg","@id":"https:\/\/candas365.es\/noticias\/la-porcelana-alemana-de-meissen-confia-en-los-mercados-de-asia\/#mainImage","width":960,"height":640},"primaryImageOfPage":{"@id":"https:\/\/candas365.es\/noticias\/la-porcelana-alemana-de-meissen-confia-en-los-mercados-de-asia\/#mainImage"},"datePublished":"2018-12-28T18:58:52+01:00","dateModified":"2018-12-28T18:58:52+01:00"},{"@type":"WebSite","@id":"https:\/\/candas365.es\/noticias\/#website","url":"https:\/\/candas365.es\/noticias\/","name":"Cand\u00e1s 365","alternateName":"Cand\u00e1s 365 Noticias","description":"Actualidad desde Carre\u00f1o para el mundo","inLanguage":"es-ES","publisher":{"@id":"https:\/\/candas365.es\/noticias\/#organization"}}]},"og:locale":"es_ES","og:site_name":"Cand\u00e1s 365","og:type":"article","og:title":"La porcelana alemana de Meissen conf\u00eda en los mercados de Asia | Cand\u00e1s 365","og:description":"Dresde (Alemania), 28 dic (dpa) - La empresa de porcelana de la localidad alemana de Meissen quiere incrementar sus oportunidades de venta en el extranjero, especialmente en Asia, debido a que el consumidor chino de art\u00edculos de lujo tiene una gran afinidad por la artesan\u00eda europea. &quot;China es el siguiente mercado m\u00e1s importante para nosotros.","og:url":"https:\/\/candas365.es\/noticias\/la-porcelana-alemana-de-meissen-confia-en-los-mercados-de-asia\/","og:image":"https:\/\/candas365.es\/noticias\/wp-content\/uploads\/2018\/12\/pocelana-1047384_960_720.jpg","og:image:secure_url":"https:\/\/candas365.es\/noticias\/wp-content\/uploads\/2018\/12\/pocelana-1047384_960_720.jpg","og:image:width":960,"og:image:height":640,"article:published_time":"2018-12-28T18:58:52+00:00","article:modified_time":"2018-12-28T18:58:52+00:00","article:publisher":"https:\/\/www.facebook.com\/Nachofdezber","article:author":"https:\/\/www.facebook.com\/carrenoactualidad","twitter:card":"summary_large_image","twitter:site":"@NabercoDigital","twitter:title":"La porcelana alemana de Meissen conf\u00eda en los mercados de Asia | Cand\u00e1s 365","twitter:description":"Dresde (Alemania), 28 dic (dpa) - La empresa de porcelana de la localidad alemana de Meissen quiere incrementar sus oportunidades de venta en el extranjero, especialmente en Asia, debido a que el consumidor chino de art\u00edculos de lujo tiene una gran afinidad por la artesan\u00eda europea. &quot;China es el siguiente mercado m\u00e1s importante para nosotros.","twitter:creator":"@nbasturias","twitter:image":"https:\/\/candas365.es\/noticias\/wp-content\/uploads\/2018\/12\/pocelana-1047384_960_720.jpg","twitter:label1":"Escrito por","twitter:data1":"Cand\u00e1s 365","twitter:label2":"Tiempo de lectura estimado","twitter:data2":"1 minuto"},"aioseo_meta_data":{"post_id":"112935","title":null,"description":null,"keywords":null,"keyphrases":null,"primary_term":null,"canonical_url":null,"og_title":null,"og_description":null,"og_object_type":"default","og_image_type":"default","og_image_url":null,"og_image_width":null,"og_image_height":null,"og_image_custom_url":null,"og_image_custom_fields":null,"og_video":null,"og_custom_url":null,"og_article_section":null,"og_article_tags":null,"twitter_use_og":false,"twitter_card":"default","twitter_image_type":"default","twitter_image_url":null,"twitter_image_custom_url":null,"twitter_image_custom_fields":null,"twitter_title":null,"twitter_description":null,"schema":{"blockGraphs":[],"customGraphs":[],"default":{"data":{"Article":[],"Course":[],"Dataset":[],"FAQPage":[],"Movie":[],"Person":[],"Product":[],"ProductReview":[],"Car":[],"Recipe":[],"Service":[],"SoftwareApplication":[],"WebPage":[]},"graphName":"","isEnabled":true},"graphs":[],"defaultGraph":"","defaultPostTypeGraph":""},"schema_type":null,"schema_type_options":null,"pillar_content":false,"robots_default":true,"robots_noindex":false,"robots_noarchive":false,"robots_nosnippet":false,"robots_nofollow":false,"robots_noimageindex":false,"robots_noodp":false,"robots_notranslate":false,"robots_max_snippet":null,"robots_max_videopreview":null,"robots_max_imagepreview":"large","priority":null,"frequency":null,"location":null,"local_seo":null,"seo_analyzer_scan_date":"2025-08-28 19:55:13","breadcrumb_settings":null,"limit_modified_date":false,"reviewed_by":null,"open_ai":null,"ai":null,"created":"2020-12-21 11:31:54","updated":"2025-08-28 19:55:13"},"aioseo_breadcrumb":"<div class=\"aioseo-breadcrumbs\"><span class=\"aioseo-breadcrumb\">\n\t<a href=\"https:\/\/candas365.es\/noticias\" title=\"Home\">Home<\/a>\n<\/span><span class=\"aioseo-breadcrumb-separator\">&ndash;<\/span><span class=\"aioseo-breadcrumb\">\n\t<a href=\"https:\/\/candas365.es\/noticias\/category\/actualidad\/\" title=\"Actualidad\">Actualidad<\/a>\n<\/span><span class=\"aioseo-breadcrumb-separator\">&ndash;<\/span><span class=\"aioseo-breadcrumb\">\n\tLa porcelana alemana de Meissen conf\u00eda en los mercados de Asia\n<\/span><\/div>","aioseo_breadcrumb_json":[{"label":"Home","link":"https:\/\/candas365.es\/noticias"},{"label":"Actualidad","link":"https:\/\/candas365.es\/noticias\/category\/actualidad\/"},{"label":"La porcelana alemana de Meissen conf\u00eda en los mercados de Asia","link":"https:\/\/candas365.es\/noticias\/la-porcelana-alemana-de-meissen-confia-en-los-mercados-de-asia\/"}],"_links":{"self":[{"href":"https:\/\/candas365.es\/noticias\/wp-json\/wp\/v2\/posts\/112935","targetHints":{"allow":["GET"]}}],"collection":[{"href":"https:\/\/candas365.es\/noticias\/wp-json\/wp\/v2\/posts"}],"about":[{"href":"https:\/\/candas365.es\/noticias\/wp-json\/wp\/v2\/types\/post"}],"author":[{"embeddable":true,"href":"https:\/\/candas365.es\/noticias\/wp-json\/wp\/v2\/users\/1"}],"replies":[{"embeddable":true,"href":"https:\/\/candas365.es\/noticias\/wp-json\/wp\/v2\/comments?post=112935"}],"version-history":[{"count":0,"href":"https:\/\/candas365.es\/noticias\/wp-json\/wp\/v2\/posts\/112935\/revisions"}],"wp:featuredmedia":[{"embeddable":true,"href":"https:\/\/candas365.es\/noticias\/wp-json\/wp\/v2\/media\/112936"}],"wp:attachment":[{"href":"https:\/\/candas365.es\/noticias\/wp-json\/wp\/v2\/media?parent=112935"}],"wp:term":[{"taxonomy":"category","embeddable":true,"href":"https:\/\/candas365.es\/noticias\/wp-json\/wp\/v2\/categories?post=112935"},{"taxonomy":"post_tag","embeddable":true,"href":"https:\/\/candas365.es\/noticias\/wp-json\/wp\/v2\/tags?post=112935"}],"curies":[{"name":"wp","href":"https:\/\/api.w.org\/{rel}","templated":true}]}}