{"id":112868,"date":"2018-12-27T21:12:02","date_gmt":"2018-12-27T21:12:02","guid":{"rendered":"http:\/\/candas365.es\/noticias\/?p=112868"},"modified":"2018-12-27T21:12:02","modified_gmt":"2018-12-27T21:12:02","slug":"la-adfc-teme-la-muerte-de-hasta-400-ciclistas-en-2018","status":"publish","type":"post","link":"https:\/\/candas365.es\/noticias\/la-adfc-teme-la-muerte-de-hasta-400-ciclistas-en-2018\/","title":{"rendered":"La ADFC teme la muerte de hasta 400 ciclistas en 2018"},"content":{"rendered":"<p><img fetchpriority=\"high\" decoding=\"async\" class=\"alignleft size-medium wp-image-86307\" src=\"https:\/\/candas365.es\/noticias\/wp-content\/uploads\/2017\/12\/apple-1853306_1280-news2-360x240.jpg\" alt=\"\" width=\"360\" height=\"240\" srcset=\"https:\/\/candas365.es\/noticias\/wp-content\/uploads\/2017\/12\/apple-1853306_1280-news2-360x240.jpg 360w, https:\/\/candas365.es\/noticias\/wp-content\/uploads\/2017\/12\/apple-1853306_1280-news2-768x512.jpg 768w, https:\/\/candas365.es\/noticias\/wp-content\/uploads\/2017\/12\/apple-1853306_1280-news2-655x436.jpg 655w, https:\/\/candas365.es\/noticias\/wp-content\/uploads\/2017\/12\/apple-1853306_1280-news2-696x464.jpg 696w, https:\/\/candas365.es\/noticias\/wp-content\/uploads\/2017\/12\/apple-1853306_1280-news2-1068x712.jpg 1068w, https:\/\/candas365.es\/noticias\/wp-content\/uploads\/2017\/12\/apple-1853306_1280-news2-630x420.jpg 630w, https:\/\/candas365.es\/noticias\/wp-content\/uploads\/2017\/12\/apple-1853306_1280-news2-84x55.jpg 84w, https:\/\/candas365.es\/noticias\/wp-content\/uploads\/2017\/12\/apple-1853306_1280-news2.jpg 1280w\" sizes=\"(max-width: 360px) 100vw, 360px\" \/>Berl\u00edn, 27 dic (dpa) &#8211; El n\u00famero de ciclistas muertos en las carreteras alemanas aumentar\u00e1 probablemente otra vez este a\u00f1o, seg\u00fan las estimaciones de la federaci\u00f3n alemana de ciclistas (ADFC, por sus siglas en alem\u00e1n).<\/p>\n<p>\u00abEsperamos hasta 400 ciclistas muertos en 2018\u00bb, se\u00f1al\u00f3 a la agencia dpa una portavoz de la ADFC. Aunque las cifras a escala nacional s\u00f3lo se contabilizaron hasta agosto, \u00e9stas mostraron claramente una tendencia alarmante.<\/p>\n<p>Desde enero hasta agosto de 2018 fallecieron 307 ciclistas. En comparaci\u00f3n con el mismo per\u00edodo del a\u00f1o anterior, el n\u00famero de personas muertas en la carretera aument\u00f3 en un 14,6 por ciento. De enero a agosto de 2017 hubo 268 ciclistas muertos, mientras que en 2017 fueron 383 casos.<\/p>\n<p>Seg\u00fan la ADFC, el mayor problema para la seguridad de los ciclistas es la infraestructura \u00abobsoleta y dram\u00e1ticamente subdimensionada\u00bb.<\/p>\n<p>\u00abLos bordillos desgastados y poco visibles se alternan con los carriles para bicicletas demasiado estrechos y con coches estacionados, y luego a menudo terminan en el vac\u00edo o en el pr\u00f3ximo lugar de construcci\u00f3n\u00bb, critic\u00f3 la portavoz. \u00abEsto es frustrante y peligroso para todos\u00bb.<\/p>\n<p>Seg\u00fan la ADFC, Alemania necesita un programa de inversi\u00f3n nacional de al menos 30 euros por habitante y a\u00f1o para que la infraestructura para el tr\u00e1fico de bicicletas sea c\u00f3moda y segura.<\/p>\n","protected":false},"excerpt":{"rendered":"<p>Berl\u00edn, 27 dic (dpa) &#8211; El n\u00famero de ciclistas muertos en las carreteras alemanas aumentar\u00e1 probablemente otra vez este a\u00f1o, seg\u00fan las estimaciones de la federaci\u00f3n alemana de ciclistas (ADFC, por sus siglas en alem\u00e1n). \u00abEsperamos hasta 400 ciclistas muertos en 2018\u00bb, se\u00f1al\u00f3 a la agencia dpa una portavoz de la ADFC. Aunque las cifras<\/p>\n","protected":false},"author":1,"featured_media":86307,"comment_status":"closed","ping_status":"closed","sticky":false,"template":"","format":"standard","meta":{"footnotes":""},"categories":[343],"tags":[],"class_list":{"0":"post-112868","1":"post","2":"type-post","3":"status-publish","4":"format-standard","5":"has-post-thumbnail","7":"category-actualidad"},"aioseo_notices":[],"aioseo_head":"\n\t\t<!-- All in One SEO Pro 4.9.6.2 - aioseo.com -->\n\t<meta name=\"description\" content=\"Berl\u00edn, 27 dic (dpa) - El n\u00famero de ciclistas muertos en las carreteras alemanas aumentar\u00e1 probablemente otra vez este a\u00f1o, seg\u00fan las estimaciones de la federaci\u00f3n alemana de ciclistas (ADFC, por sus siglas en alem\u00e1n). &quot;Esperamos hasta 400 ciclistas muertos en 2018&quot;, se\u00f1al\u00f3 a la agencia dpa una portavoz de la ADFC. Aunque las cifras\" \/>\n\t<meta name=\"robots\" content=\"max-image-preview:large\" \/>\n\t<meta name=\"author\" content=\"Cand\u00e1s 365\"\/>\n\t<meta name=\"google-site-verification\" content=\"UA-32230408-1\" \/>\n\t<meta name=\"msvalidate.01\" content=\"354F3CDFB2DA171B47FBE9ABF1F88D5\" \/>\n\t<meta name=\"keywords\" content=\"actualidad\" \/>\n\t<link rel=\"canonical\" href=\"https:\/\/candas365.es\/noticias\/la-adfc-teme-la-muerte-de-hasta-400-ciclistas-en-2018\/\" \/>\n\t<meta name=\"generator\" content=\"All in One SEO Pro (AIOSEO) 4.9.6.2\" \/>\n\t\t<meta property=\"og:locale\" content=\"es_ES\" \/>\n\t\t<meta property=\"og:site_name\" content=\"Cand\u00e1s 365\" \/>\n\t\t<meta property=\"og:type\" content=\"article\" \/>\n\t\t<meta property=\"og:title\" content=\"La ADFC teme la muerte de hasta 400 ciclistas en 2018 | Cand\u00e1s 365\" \/>\n\t\t<meta property=\"og:description\" content=\"Berl\u00edn, 27 dic (dpa) - El n\u00famero de ciclistas muertos en las carreteras alemanas aumentar\u00e1 probablemente otra vez este a\u00f1o, seg\u00fan las estimaciones de la federaci\u00f3n alemana de ciclistas (ADFC, por sus siglas en alem\u00e1n). &quot;Esperamos hasta 400 ciclistas muertos en 2018&quot;, se\u00f1al\u00f3 a la agencia dpa una portavoz de la ADFC. Aunque las cifras\" \/>\n\t\t<meta property=\"og:url\" content=\"https:\/\/candas365.es\/noticias\/la-adfc-teme-la-muerte-de-hasta-400-ciclistas-en-2018\/\" \/>\n\t\t<meta property=\"og:image\" content=\"https:\/\/candas365.es\/noticias\/wp-content\/uploads\/2017\/12\/apple-1853306_1280-news2.jpg\" \/>\n\t\t<meta property=\"og:image:secure_url\" content=\"https:\/\/candas365.es\/noticias\/wp-content\/uploads\/2017\/12\/apple-1853306_1280-news2.jpg\" \/>\n\t\t<meta property=\"og:image:width\" content=\"1280\" \/>\n\t\t<meta property=\"og:image:height\" content=\"853\" \/>\n\t\t<meta property=\"article:published_time\" content=\"2018-12-27T21:12:02+00:00\" \/>\n\t\t<meta property=\"article:modified_time\" content=\"2018-12-27T21:12:02+00:00\" \/>\n\t\t<meta property=\"article:publisher\" content=\"https:\/\/www.facebook.com\/Nachofdezber\" \/>\n\t\t<meta property=\"article:author\" content=\"https:\/\/www.facebook.com\/carrenoactualidad\" \/>\n\t\t<meta name=\"twitter:card\" content=\"summary_large_image\" \/>\n\t\t<meta name=\"twitter:site\" content=\"@NabercoDigital\" \/>\n\t\t<meta name=\"twitter:title\" content=\"La ADFC teme la muerte de hasta 400 ciclistas en 2018 | Cand\u00e1s 365\" \/>\n\t\t<meta name=\"twitter:description\" content=\"Berl\u00edn, 27 dic (dpa) - El n\u00famero de ciclistas muertos en las carreteras alemanas aumentar\u00e1 probablemente otra vez este a\u00f1o, seg\u00fan las estimaciones de la federaci\u00f3n alemana de ciclistas (ADFC, por sus siglas en alem\u00e1n). &quot;Esperamos hasta 400 ciclistas muertos en 2018&quot;, se\u00f1al\u00f3 a la agencia dpa una portavoz de la ADFC. Aunque las cifras\" \/>\n\t\t<meta name=\"twitter:creator\" content=\"@nbasturias\" \/>\n\t\t<meta name=\"twitter:image\" content=\"https:\/\/candas365.es\/noticias\/wp-content\/uploads\/2017\/12\/apple-1853306_1280-news2.jpg\" \/>\n\t\t<meta name=\"twitter:label1\" content=\"Escrito por\" \/>\n\t\t<meta name=\"twitter:data1\" content=\"Cand\u00e1s 365\" \/>\n\t\t<meta name=\"twitter:label2\" content=\"Tiempo de lectura estimado\" \/>\n\t\t<meta name=\"twitter:data2\" content=\"1 minuto\" \/>\n\t\t<script type=\"application\/ld+json\" class=\"aioseo-schema\">\n\t\t\t{\"@context\":\"https:\\\/\\\/schema.org\",\"@graph\":[{\"@type\":\"BreadcrumbList\",\"@id\":\"https:\\\/\\\/candas365.es\\\/noticias\\\/la-adfc-teme-la-muerte-de-hasta-400-ciclistas-en-2018\\\/#breadcrumblist\",\"itemListElement\":[{\"@type\":\"ListItem\",\"@id\":\"https:\\\/\\\/candas365.es\\\/noticias#listItem\",\"position\":1,\"name\":\"Home\",\"item\":\"https:\\\/\\\/candas365.es\\\/noticias\",\"nextItem\":{\"@type\":\"ListItem\",\"@id\":\"https:\\\/\\\/candas365.es\\\/noticias\\\/category\\\/actualidad\\\/#listItem\",\"name\":\"Actualidad\"}},{\"@type\":\"ListItem\",\"@id\":\"https:\\\/\\\/candas365.es\\\/noticias\\\/category\\\/actualidad\\\/#listItem\",\"position\":2,\"name\":\"Actualidad\",\"item\":\"https:\\\/\\\/candas365.es\\\/noticias\\\/category\\\/actualidad\\\/\",\"nextItem\":{\"@type\":\"ListItem\",\"@id\":\"https:\\\/\\\/candas365.es\\\/noticias\\\/la-adfc-teme-la-muerte-de-hasta-400-ciclistas-en-2018\\\/#listItem\",\"name\":\"La ADFC teme la muerte de hasta 400 ciclistas en 2018\"},\"previousItem\":{\"@type\":\"ListItem\",\"@id\":\"https:\\\/\\\/candas365.es\\\/noticias#listItem\",\"name\":\"Home\"}},{\"@type\":\"ListItem\",\"@id\":\"https:\\\/\\\/candas365.es\\\/noticias\\\/la-adfc-teme-la-muerte-de-hasta-400-ciclistas-en-2018\\\/#listItem\",\"position\":3,\"name\":\"La ADFC teme la muerte de hasta 400 ciclistas en 2018\",\"previousItem\":{\"@type\":\"ListItem\",\"@id\":\"https:\\\/\\\/candas365.es\\\/noticias\\\/category\\\/actualidad\\\/#listItem\",\"name\":\"Actualidad\"}}]},{\"@type\":\"NewsArticle\",\"@id\":\"https:\\\/\\\/candas365.es\\\/noticias\\\/la-adfc-teme-la-muerte-de-hasta-400-ciclistas-en-2018\\\/#newsarticle\",\"name\":\"La ADFC teme la muerte de hasta 400 ciclistas en 2018 | Cand\\u00e1s 365\",\"headline\":\"La ADFC teme la muerte de hasta 400 ciclistas en 2018\",\"author\":{\"@id\":\"https:\\\/\\\/candas365.es\\\/noticias\\\/author\\\/admin\\\/#author\"},\"publisher\":{\"@id\":\"https:\\\/\\\/candas365.es\\\/noticias\\\/#organization\"},\"image\":{\"@type\":\"ImageObject\",\"url\":\"https:\\\/\\\/candas365.es\\\/noticias\\\/wp-content\\\/uploads\\\/2017\\\/12\\\/apple-1853306_1280-news2.jpg\",\"width\":1280,\"height\":853},\"datePublished\":\"2018-12-27T21:12:02+01:00\",\"dateModified\":\"2018-12-27T21:12:02+01:00\",\"inLanguage\":\"es-ES\",\"mainEntityOfPage\":{\"@id\":\"https:\\\/\\\/candas365.es\\\/noticias\\\/la-adfc-teme-la-muerte-de-hasta-400-ciclistas-en-2018\\\/#webpage\"},\"isPartOf\":{\"@id\":\"https:\\\/\\\/candas365.es\\\/noticias\\\/la-adfc-teme-la-muerte-de-hasta-400-ciclistas-en-2018\\\/#webpage\"},\"articleSection\":\"Actualidad\",\"dateline\":\"Publicado el diciembre 27, 2018.\"},{\"@type\":\"Organization\",\"@id\":\"https:\\\/\\\/candas365.es\\\/noticias\\\/#organization\",\"name\":\"Cand\\u00e1s 365\",\"description\":\"Cand\\u00e1s 365 es un diario digital independiente, fundado en 2012, con base en Asturias. Informamos con rigor sobre actualidad, sociedad, cultura y ocio, con una mirada local y global.\",\"url\":\"https:\\\/\\\/candas365.es\\\/noticias\\\/\",\"email\":\"info@candas365.es\",\"telephone\":\"+34652131393\",\"foundingDate\":\"2012-06-10\",\"logo\":{\"@type\":\"ImageObject\",\"url\":\"https:\\\/\\\/candas365.es\\\/noticias\\\/wp-content\\\/uploads\\\/2024\\\/09\\\/Candas-365-Redes.jpg\",\"@id\":\"https:\\\/\\\/candas365.es\\\/noticias\\\/la-adfc-teme-la-muerte-de-hasta-400-ciclistas-en-2018\\\/#organizationLogo\",\"width\":1152,\"height\":864,\"caption\":\"Cand\\u00e1s 365 Redes\"},\"image\":{\"@id\":\"https:\\\/\\\/candas365.es\\\/noticias\\\/la-adfc-teme-la-muerte-de-hasta-400-ciclistas-en-2018\\\/#organizationLogo\"},\"sameAs\":[\"https:\\\/\\\/www.facebook.com\\\/Nachofdezber\",\"https:\\\/\\\/x.com\\\/NabercoDigital\",\"https:\\\/\\\/www.instagram.com\\\/nachofdezber\\\/\",\"https:\\\/\\\/www.youtube.com\\\/channel\\\/UCZP-2wLEB9Rv6erhFmqVnvg\"],\"address\":{\"@id\":\"https:\\\/\\\/candas365.es\\\/noticias\\\/#postaladdress\",\"@type\":\"PostalAddress\",\"streetAddress\":\"san antonio 4, san antonio 4\",\"postalCode\":\"33430\",\"addressLocality\":\"Cand\\u00e1s\",\"addressRegion\":\"Asturias\",\"addressCountry\":\"ES\"}},{\"@type\":\"Person\",\"@id\":\"https:\\\/\\\/candas365.es\\\/noticias\\\/author\\\/admin\\\/#author\",\"url\":\"https:\\\/\\\/candas365.es\\\/noticias\\\/author\\\/admin\\\/\",\"name\":\"Cand\\u00e1s 365\",\"image\":{\"@type\":\"ImageObject\",\"@id\":\"https:\\\/\\\/candas365.es\\\/noticias\\\/la-adfc-teme-la-muerte-de-hasta-400-ciclistas-en-2018\\\/#authorImage\",\"url\":\"https:\\\/\\\/secure.gravatar.com\\\/avatar\\\/496a8e03d0c493ede1718b7934145dbdf8d89be1036b0eec9544e1094c9de390?s=96&d=mm&r=g\",\"width\":96,\"height\":96,\"caption\":\"Cand\\u00e1s 365\"},\"sameAs\":[\"https:\\\/\\\/www.facebook.com\\\/carrenoactualidad\",\"https:\\\/\\\/twitter.com\\\/nbasturias\",\"https:\\\/\\\/www.instagram.com\\\/nachofdezber\\\/\",\"https:\\\/\\\/www.youtube.com\\\/channel\\\/UCZP-2wLEB9Rv6erhFmqVnvg\"]},{\"@type\":\"WebPage\",\"@id\":\"https:\\\/\\\/candas365.es\\\/noticias\\\/la-adfc-teme-la-muerte-de-hasta-400-ciclistas-en-2018\\\/#webpage\",\"url\":\"https:\\\/\\\/candas365.es\\\/noticias\\\/la-adfc-teme-la-muerte-de-hasta-400-ciclistas-en-2018\\\/\",\"name\":\"La ADFC teme la muerte de hasta 400 ciclistas en 2018 | Cand\\u00e1s 365\",\"description\":\"Berl\\u00edn, 27 dic (dpa) - El n\\u00famero de ciclistas muertos en las carreteras alemanas aumentar\\u00e1 probablemente otra vez este a\\u00f1o, seg\\u00fan las estimaciones de la federaci\\u00f3n alemana de ciclistas (ADFC, por sus siglas en alem\\u00e1n). \\\"Esperamos hasta 400 ciclistas muertos en 2018\\\", se\\u00f1al\\u00f3 a la agencia dpa una portavoz de la ADFC. Aunque las cifras\",\"inLanguage\":\"es-ES\",\"isPartOf\":{\"@id\":\"https:\\\/\\\/candas365.es\\\/noticias\\\/#website\"},\"breadcrumb\":{\"@id\":\"https:\\\/\\\/candas365.es\\\/noticias\\\/la-adfc-teme-la-muerte-de-hasta-400-ciclistas-en-2018\\\/#breadcrumblist\"},\"author\":{\"@id\":\"https:\\\/\\\/candas365.es\\\/noticias\\\/author\\\/admin\\\/#author\"},\"creator\":{\"@id\":\"https:\\\/\\\/candas365.es\\\/noticias\\\/author\\\/admin\\\/#author\"},\"image\":{\"@type\":\"ImageObject\",\"url\":\"https:\\\/\\\/candas365.es\\\/noticias\\\/wp-content\\\/uploads\\\/2017\\\/12\\\/apple-1853306_1280-news2.jpg\",\"@id\":\"https:\\\/\\\/candas365.es\\\/noticias\\\/la-adfc-teme-la-muerte-de-hasta-400-ciclistas-en-2018\\\/#mainImage\",\"width\":1280,\"height\":853},\"primaryImageOfPage\":{\"@id\":\"https:\\\/\\\/candas365.es\\\/noticias\\\/la-adfc-teme-la-muerte-de-hasta-400-ciclistas-en-2018\\\/#mainImage\"},\"datePublished\":\"2018-12-27T21:12:02+01:00\",\"dateModified\":\"2018-12-27T21:12:02+01:00\"},{\"@type\":\"WebSite\",\"@id\":\"https:\\\/\\\/candas365.es\\\/noticias\\\/#website\",\"url\":\"https:\\\/\\\/candas365.es\\\/noticias\\\/\",\"name\":\"Cand\\u00e1s 365\",\"alternateName\":\"Cand\\u00e1s 365 Noticias\",\"description\":\"Actualidad desde Carre\\u00f1o para el mundo\",\"inLanguage\":\"es-ES\",\"publisher\":{\"@id\":\"https:\\\/\\\/candas365.es\\\/noticias\\\/#organization\"}}]}\n\t\t<\/script>\n\t\t<!-- All in One SEO Pro -->\r\n\t\t<title>La ADFC teme la muerte de hasta 400 ciclistas en 2018 | Cand\u00e1s 365<\/title>\n\n","aioseo_head_json":{"title":"La ADFC teme la muerte de hasta 400 ciclistas en 2018 | Cand\u00e1s 365","description":"Berl\u00edn, 27 dic (dpa) - El n\u00famero de ciclistas muertos en las carreteras alemanas aumentar\u00e1 probablemente otra vez este a\u00f1o, seg\u00fan las estimaciones de la federaci\u00f3n alemana de ciclistas (ADFC, por sus siglas en alem\u00e1n). \"Esperamos hasta 400 ciclistas muertos en 2018\", se\u00f1al\u00f3 a la agencia dpa una portavoz de la ADFC. Aunque las cifras","canonical_url":"https:\/\/candas365.es\/noticias\/la-adfc-teme-la-muerte-de-hasta-400-ciclistas-en-2018\/","robots":"max-image-preview:large","keywords":"actualidad","webmasterTools":{"google-site-verification":"UA-32230408-1","msvalidate.01":"354F3CDFB2DA171B47FBE9ABF1F88D5","miscellaneous":""},"schema":{"@context":"https:\/\/schema.org","@graph":[{"@type":"BreadcrumbList","@id":"https:\/\/candas365.es\/noticias\/la-adfc-teme-la-muerte-de-hasta-400-ciclistas-en-2018\/#breadcrumblist","itemListElement":[{"@type":"ListItem","@id":"https:\/\/candas365.es\/noticias#listItem","position":1,"name":"Home","item":"https:\/\/candas365.es\/noticias","nextItem":{"@type":"ListItem","@id":"https:\/\/candas365.es\/noticias\/category\/actualidad\/#listItem","name":"Actualidad"}},{"@type":"ListItem","@id":"https:\/\/candas365.es\/noticias\/category\/actualidad\/#listItem","position":2,"name":"Actualidad","item":"https:\/\/candas365.es\/noticias\/category\/actualidad\/","nextItem":{"@type":"ListItem","@id":"https:\/\/candas365.es\/noticias\/la-adfc-teme-la-muerte-de-hasta-400-ciclistas-en-2018\/#listItem","name":"La ADFC teme la muerte de hasta 400 ciclistas en 2018"},"previousItem":{"@type":"ListItem","@id":"https:\/\/candas365.es\/noticias#listItem","name":"Home"}},{"@type":"ListItem","@id":"https:\/\/candas365.es\/noticias\/la-adfc-teme-la-muerte-de-hasta-400-ciclistas-en-2018\/#listItem","position":3,"name":"La ADFC teme la muerte de hasta 400 ciclistas en 2018","previousItem":{"@type":"ListItem","@id":"https:\/\/candas365.es\/noticias\/category\/actualidad\/#listItem","name":"Actualidad"}}]},{"@type":"NewsArticle","@id":"https:\/\/candas365.es\/noticias\/la-adfc-teme-la-muerte-de-hasta-400-ciclistas-en-2018\/#newsarticle","name":"La ADFC teme la muerte de hasta 400 ciclistas en 2018 | Cand\u00e1s 365","headline":"La ADFC teme la muerte de hasta 400 ciclistas en 2018","author":{"@id":"https:\/\/candas365.es\/noticias\/author\/admin\/#author"},"publisher":{"@id":"https:\/\/candas365.es\/noticias\/#organization"},"image":{"@type":"ImageObject","url":"https:\/\/candas365.es\/noticias\/wp-content\/uploads\/2017\/12\/apple-1853306_1280-news2.jpg","width":1280,"height":853},"datePublished":"2018-12-27T21:12:02+01:00","dateModified":"2018-12-27T21:12:02+01:00","inLanguage":"es-ES","mainEntityOfPage":{"@id":"https:\/\/candas365.es\/noticias\/la-adfc-teme-la-muerte-de-hasta-400-ciclistas-en-2018\/#webpage"},"isPartOf":{"@id":"https:\/\/candas365.es\/noticias\/la-adfc-teme-la-muerte-de-hasta-400-ciclistas-en-2018\/#webpage"},"articleSection":"Actualidad","dateline":"Publicado el diciembre 27, 2018."},{"@type":"Organization","@id":"https:\/\/candas365.es\/noticias\/#organization","name":"Cand\u00e1s 365","description":"Cand\u00e1s 365 es un diario digital independiente, fundado en 2012, con base en Asturias. Informamos con rigor sobre actualidad, sociedad, cultura y ocio, con una mirada local y global.","url":"https:\/\/candas365.es\/noticias\/","email":"info@candas365.es","telephone":"+34652131393","foundingDate":"2012-06-10","logo":{"@type":"ImageObject","url":"https:\/\/candas365.es\/noticias\/wp-content\/uploads\/2024\/09\/Candas-365-Redes.jpg","@id":"https:\/\/candas365.es\/noticias\/la-adfc-teme-la-muerte-de-hasta-400-ciclistas-en-2018\/#organizationLogo","width":1152,"height":864,"caption":"Cand\u00e1s 365 Redes"},"image":{"@id":"https:\/\/candas365.es\/noticias\/la-adfc-teme-la-muerte-de-hasta-400-ciclistas-en-2018\/#organizationLogo"},"sameAs":["https:\/\/www.facebook.com\/Nachofdezber","https:\/\/x.com\/NabercoDigital","https:\/\/www.instagram.com\/nachofdezber\/","https:\/\/www.youtube.com\/channel\/UCZP-2wLEB9Rv6erhFmqVnvg"],"address":{"@id":"https:\/\/candas365.es\/noticias\/#postaladdress","@type":"PostalAddress","streetAddress":"san antonio 4, san antonio 4","postalCode":"33430","addressLocality":"Cand\u00e1s","addressRegion":"Asturias","addressCountry":"ES"}},{"@type":"Person","@id":"https:\/\/candas365.es\/noticias\/author\/admin\/#author","url":"https:\/\/candas365.es\/noticias\/author\/admin\/","name":"Cand\u00e1s 365","image":{"@type":"ImageObject","@id":"https:\/\/candas365.es\/noticias\/la-adfc-teme-la-muerte-de-hasta-400-ciclistas-en-2018\/#authorImage","url":"https:\/\/secure.gravatar.com\/avatar\/496a8e03d0c493ede1718b7934145dbdf8d89be1036b0eec9544e1094c9de390?s=96&d=mm&r=g","width":96,"height":96,"caption":"Cand\u00e1s 365"},"sameAs":["https:\/\/www.facebook.com\/carrenoactualidad","https:\/\/twitter.com\/nbasturias","https:\/\/www.instagram.com\/nachofdezber\/","https:\/\/www.youtube.com\/channel\/UCZP-2wLEB9Rv6erhFmqVnvg"]},{"@type":"WebPage","@id":"https:\/\/candas365.es\/noticias\/la-adfc-teme-la-muerte-de-hasta-400-ciclistas-en-2018\/#webpage","url":"https:\/\/candas365.es\/noticias\/la-adfc-teme-la-muerte-de-hasta-400-ciclistas-en-2018\/","name":"La ADFC teme la muerte de hasta 400 ciclistas en 2018 | Cand\u00e1s 365","description":"Berl\u00edn, 27 dic (dpa) - El n\u00famero de ciclistas muertos en las carreteras alemanas aumentar\u00e1 probablemente otra vez este a\u00f1o, seg\u00fan las estimaciones de la federaci\u00f3n alemana de ciclistas (ADFC, por sus siglas en alem\u00e1n). \"Esperamos hasta 400 ciclistas muertos en 2018\", se\u00f1al\u00f3 a la agencia dpa una portavoz de la ADFC. Aunque las cifras","inLanguage":"es-ES","isPartOf":{"@id":"https:\/\/candas365.es\/noticias\/#website"},"breadcrumb":{"@id":"https:\/\/candas365.es\/noticias\/la-adfc-teme-la-muerte-de-hasta-400-ciclistas-en-2018\/#breadcrumblist"},"author":{"@id":"https:\/\/candas365.es\/noticias\/author\/admin\/#author"},"creator":{"@id":"https:\/\/candas365.es\/noticias\/author\/admin\/#author"},"image":{"@type":"ImageObject","url":"https:\/\/candas365.es\/noticias\/wp-content\/uploads\/2017\/12\/apple-1853306_1280-news2.jpg","@id":"https:\/\/candas365.es\/noticias\/la-adfc-teme-la-muerte-de-hasta-400-ciclistas-en-2018\/#mainImage","width":1280,"height":853},"primaryImageOfPage":{"@id":"https:\/\/candas365.es\/noticias\/la-adfc-teme-la-muerte-de-hasta-400-ciclistas-en-2018\/#mainImage"},"datePublished":"2018-12-27T21:12:02+01:00","dateModified":"2018-12-27T21:12:02+01:00"},{"@type":"WebSite","@id":"https:\/\/candas365.es\/noticias\/#website","url":"https:\/\/candas365.es\/noticias\/","name":"Cand\u00e1s 365","alternateName":"Cand\u00e1s 365 Noticias","description":"Actualidad desde Carre\u00f1o para el mundo","inLanguage":"es-ES","publisher":{"@id":"https:\/\/candas365.es\/noticias\/#organization"}}]},"og:locale":"es_ES","og:site_name":"Cand\u00e1s 365","og:type":"article","og:title":"La ADFC teme la muerte de hasta 400 ciclistas en 2018 | Cand\u00e1s 365","og:description":"Berl\u00edn, 27 dic (dpa) - El n\u00famero de ciclistas muertos en las carreteras alemanas aumentar\u00e1 probablemente otra vez este a\u00f1o, seg\u00fan las estimaciones de la federaci\u00f3n alemana de ciclistas (ADFC, por sus siglas en alem\u00e1n). &quot;Esperamos hasta 400 ciclistas muertos en 2018&quot;, se\u00f1al\u00f3 a la agencia dpa una portavoz de la ADFC. Aunque las cifras","og:url":"https:\/\/candas365.es\/noticias\/la-adfc-teme-la-muerte-de-hasta-400-ciclistas-en-2018\/","og:image":"https:\/\/candas365.es\/noticias\/wp-content\/uploads\/2017\/12\/apple-1853306_1280-news2.jpg","og:image:secure_url":"https:\/\/candas365.es\/noticias\/wp-content\/uploads\/2017\/12\/apple-1853306_1280-news2.jpg","og:image:width":1280,"og:image:height":853,"article:published_time":"2018-12-27T21:12:02+00:00","article:modified_time":"2018-12-27T21:12:02+00:00","article:publisher":"https:\/\/www.facebook.com\/Nachofdezber","article:author":"https:\/\/www.facebook.com\/carrenoactualidad","twitter:card":"summary_large_image","twitter:site":"@NabercoDigital","twitter:title":"La ADFC teme la muerte de hasta 400 ciclistas en 2018 | Cand\u00e1s 365","twitter:description":"Berl\u00edn, 27 dic (dpa) - El n\u00famero de ciclistas muertos en las carreteras alemanas aumentar\u00e1 probablemente otra vez este a\u00f1o, seg\u00fan las estimaciones de la federaci\u00f3n alemana de ciclistas (ADFC, por sus siglas en alem\u00e1n). &quot;Esperamos hasta 400 ciclistas muertos en 2018&quot;, se\u00f1al\u00f3 a la agencia dpa una portavoz de la ADFC. Aunque las cifras","twitter:creator":"@nbasturias","twitter:image":"https:\/\/candas365.es\/noticias\/wp-content\/uploads\/2017\/12\/apple-1853306_1280-news2.jpg","twitter:label1":"Escrito por","twitter:data1":"Cand\u00e1s 365","twitter:label2":"Tiempo de lectura estimado","twitter:data2":"1 minuto"},"aioseo_meta_data":{"post_id":"112868","title":null,"description":null,"keywords":null,"keyphrases":null,"primary_term":null,"canonical_url":null,"og_title":null,"og_description":null,"og_object_type":"default","og_image_type":"default","og_image_url":null,"og_image_width":null,"og_image_height":null,"og_image_custom_url":null,"og_image_custom_fields":null,"og_video":null,"og_custom_url":null,"og_article_section":null,"og_article_tags":null,"twitter_use_og":false,"twitter_card":"default","twitter_image_type":"default","twitter_image_url":null,"twitter_image_custom_url":null,"twitter_image_custom_fields":null,"twitter_title":null,"twitter_description":null,"schema":{"blockGraphs":[],"customGraphs":[],"default":{"data":{"Article":[],"Course":[],"Dataset":[],"FAQPage":[],"Movie":[],"Person":[],"Product":[],"ProductReview":[],"Car":[],"Recipe":[],"Service":[],"SoftwareApplication":[],"WebPage":[]},"graphName":"","isEnabled":true},"graphs":[]},"schema_type":null,"schema_type_options":null,"pillar_content":false,"robots_default":true,"robots_noindex":false,"robots_noarchive":false,"robots_nosnippet":false,"robots_nofollow":false,"robots_noimageindex":false,"robots_noodp":false,"robots_notranslate":false,"robots_max_snippet":null,"robots_max_videopreview":null,"robots_max_imagepreview":"large","priority":null,"frequency":null,"location":null,"local_seo":null,"seo_analyzer_scan_date":"2025-08-28 19:43:27","breadcrumb_settings":null,"limit_modified_date":false,"reviewed_by":null,"open_ai":null,"ai":null,"created":"2020-12-21 11:31:54","updated":"2025-08-28 19:43:27"},"aioseo_breadcrumb":"<div class=\"aioseo-breadcrumbs\"><span class=\"aioseo-breadcrumb\">\n\t<a href=\"https:\/\/candas365.es\/noticias\" title=\"Home\">Home<\/a>\n<\/span><span class=\"aioseo-breadcrumb-separator\">&ndash;<\/span><span class=\"aioseo-breadcrumb\">\n\t<a href=\"https:\/\/candas365.es\/noticias\/category\/actualidad\/\" title=\"Actualidad\">Actualidad<\/a>\n<\/span><span class=\"aioseo-breadcrumb-separator\">&ndash;<\/span><span class=\"aioseo-breadcrumb\">\n\tLa ADFC teme la muerte de hasta 400 ciclistas en 2018\n<\/span><\/div>","aioseo_breadcrumb_json":[{"label":"Home","link":"https:\/\/candas365.es\/noticias"},{"label":"Actualidad","link":"https:\/\/candas365.es\/noticias\/category\/actualidad\/"},{"label":"La ADFC teme la muerte de hasta 400 ciclistas en 2018","link":"https:\/\/candas365.es\/noticias\/la-adfc-teme-la-muerte-de-hasta-400-ciclistas-en-2018\/"}],"_links":{"self":[{"href":"https:\/\/candas365.es\/noticias\/wp-json\/wp\/v2\/posts\/112868","targetHints":{"allow":["GET"]}}],"collection":[{"href":"https:\/\/candas365.es\/noticias\/wp-json\/wp\/v2\/posts"}],"about":[{"href":"https:\/\/candas365.es\/noticias\/wp-json\/wp\/v2\/types\/post"}],"author":[{"embeddable":true,"href":"https:\/\/candas365.es\/noticias\/wp-json\/wp\/v2\/users\/1"}],"replies":[{"embeddable":true,"href":"https:\/\/candas365.es\/noticias\/wp-json\/wp\/v2\/comments?post=112868"}],"version-history":[{"count":0,"href":"https:\/\/candas365.es\/noticias\/wp-json\/wp\/v2\/posts\/112868\/revisions"}],"wp:featuredmedia":[{"embeddable":true,"href":"https:\/\/candas365.es\/noticias\/wp-json\/wp\/v2\/media\/86307"}],"wp:attachment":[{"href":"https:\/\/candas365.es\/noticias\/wp-json\/wp\/v2\/media?parent=112868"}],"wp:term":[{"taxonomy":"category","embeddable":true,"href":"https:\/\/candas365.es\/noticias\/wp-json\/wp\/v2\/categories?post=112868"},{"taxonomy":"post_tag","embeddable":true,"href":"https:\/\/candas365.es\/noticias\/wp-json\/wp\/v2\/tags?post=112868"}],"curies":[{"name":"wp","href":"https:\/\/api.w.org\/{rel}","templated":true}]}}