{"id":112856,"date":"2018-12-27T20:45:31","date_gmt":"2018-12-27T20:45:31","guid":{"rendered":"http:\/\/candas365.es\/noticias\/?p=112856"},"modified":"2018-12-27T20:45:31","modified_gmt":"2018-12-27T20:45:31","slug":"donald-trump-hace-escala-en-alemania-a-su-vuelta-de-irak","status":"publish","type":"post","link":"https:\/\/candas365.es\/noticias\/donald-trump-hace-escala-en-alemania-a-su-vuelta-de-irak\/","title":{"rendered":"Donald Trump hace escala en Alemania a su vuelta de Irak"},"content":{"rendered":"<p><img fetchpriority=\"high\" decoding=\"async\" class=\"alignleft size-medium wp-image-35806\" src=\"https:\/\/candas365.es\/noticias\/wp-content\/uploads\/2016\/11\/D.Trump-655x360-360x198.jpg\" alt=\"\" width=\"360\" height=\"198\" srcset=\"https:\/\/candas365.es\/noticias\/wp-content\/uploads\/2016\/11\/D.Trump-655x360-360x198.jpg 360w, https:\/\/candas365.es\/noticias\/wp-content\/uploads\/2016\/11\/D.Trump-655x360-650x357.jpg 650w, https:\/\/candas365.es\/noticias\/wp-content\/uploads\/2016\/11\/D.Trump-655x360-150x82.jpg 150w, https:\/\/candas365.es\/noticias\/wp-content\/uploads\/2016\/11\/D.Trump-655x360-450x247.jpg 450w, https:\/\/candas365.es\/noticias\/wp-content\/uploads\/2016\/11\/D.Trump-655x360.jpg 655w\" sizes=\"(max-width: 360px) 100vw, 360px\" \/>Ramstein (Alemania)\/Washington, 27 dic (dpa) &#8211; El presidente de Estados Unidos, Donald Trump, hizo a su regreso de Irak una parada en la base de la Fuerza A\u00e9rea de EEUU en la ciudad alemana de Ramstein, seg\u00fan inform\u00f3 hoy la Casa Blanca.<\/p>\n<p>El Air Force One presidencial aterriz\u00f3 la madrugada del jueves en la localidad del estado federado de Renania-Palatinado, como escala en el vuelo de regreso de la visita militar sorpresa de Trump y su esposa Melania a Irak.<\/p>\n<p>Despu\u00e9s de una conversaci\u00f3n inicial con los oficiales a bordo del Air Force One, Trump y la primera dama se dirigieron a un hangar, donde les esperaban numerosos soldados estadounidenses.<\/p>\n<p>\u00abHola, gente\u00bb, salud\u00f3 el presidente, mientras daba la mano a los presentes, agrega el comunicado de la Casa Blanca.<\/p>\n<p>Posteriormente, Trump y su esposa posaron para fotos y selfies con las tropas.<\/p>\n<p>Horas antes, el presidente de Estados Unidos y su esposa visitaron a soldados estadounidenses en Irak, en la que fue la primera visita de Trump a tropas de combate de EEUU estacionadas en regiones en conflicto en el extranjero.<\/p>\n","protected":false},"excerpt":{"rendered":"<p>Ramstein (Alemania)\/Washington, 27 dic (dpa) &#8211; El presidente de Estados Unidos, Donald Trump, hizo a su regreso de Irak una parada en la base de la Fuerza A\u00e9rea de EEUU en la ciudad alemana de Ramstein, seg\u00fan inform\u00f3 hoy la Casa Blanca. El Air Force One presidencial aterriz\u00f3 la madrugada del jueves en la localidad<\/p>\n","protected":false},"author":1,"featured_media":35806,"comment_status":"closed","ping_status":"closed","sticky":false,"template":"","format":"standard","meta":{"footnotes":""},"categories":[343],"tags":[],"class_list":{"0":"post-112856","1":"post","2":"type-post","3":"status-publish","4":"format-standard","5":"has-post-thumbnail","7":"category-actualidad"},"aioseo_notices":[],"aioseo_head":"\n\t\t<!-- All in One SEO Pro 4.9.6.2 - aioseo.com -->\n\t<meta name=\"description\" content=\"Ramstein (Alemania)\/Washington, 27 dic (dpa) - El presidente de Estados Unidos, Donald Trump, hizo a su regreso de Irak una parada en la base de la Fuerza A\u00e9rea de EEUU en la ciudad alemana de Ramstein, seg\u00fan inform\u00f3 hoy la Casa Blanca. El Air Force One presidencial aterriz\u00f3 la madrugada del jueves en la localidad\" \/>\n\t<meta name=\"robots\" content=\"max-image-preview:large\" \/>\n\t<meta name=\"author\" content=\"Cand\u00e1s 365\"\/>\n\t<meta name=\"google-site-verification\" content=\"UA-32230408-1\" \/>\n\t<meta name=\"msvalidate.01\" content=\"354F3CDFB2DA171B47FBE9ABF1F88D5\" \/>\n\t<meta name=\"keywords\" content=\"actualidad\" \/>\n\t<link rel=\"canonical\" href=\"https:\/\/candas365.es\/noticias\/donald-trump-hace-escala-en-alemania-a-su-vuelta-de-irak\/\" \/>\n\t<meta name=\"generator\" content=\"All in One SEO Pro (AIOSEO) 4.9.6.2\" \/>\n\t\t<meta property=\"og:locale\" content=\"es_ES\" \/>\n\t\t<meta property=\"og:site_name\" content=\"Cand\u00e1s 365\" \/>\n\t\t<meta property=\"og:type\" content=\"article\" \/>\n\t\t<meta property=\"og:title\" content=\"Donald Trump hace escala en Alemania a su vuelta de Irak | Cand\u00e1s 365\" \/>\n\t\t<meta property=\"og:description\" content=\"Ramstein (Alemania)\/Washington, 27 dic (dpa) - El presidente de Estados Unidos, Donald Trump, hizo a su regreso de Irak una parada en la base de la Fuerza A\u00e9rea de EEUU en la ciudad alemana de Ramstein, seg\u00fan inform\u00f3 hoy la Casa Blanca. El Air Force One presidencial aterriz\u00f3 la madrugada del jueves en la localidad\" \/>\n\t\t<meta property=\"og:url\" content=\"https:\/\/candas365.es\/noticias\/donald-trump-hace-escala-en-alemania-a-su-vuelta-de-irak\/\" \/>\n\t\t<meta property=\"og:image\" content=\"https:\/\/candas365.es\/noticias\/wp-content\/uploads\/2016\/11\/D.Trump-655x360.jpg\" \/>\n\t\t<meta property=\"og:image:secure_url\" content=\"https:\/\/candas365.es\/noticias\/wp-content\/uploads\/2016\/11\/D.Trump-655x360.jpg\" \/>\n\t\t<meta property=\"og:image:width\" content=\"655\" \/>\n\t\t<meta property=\"og:image:height\" content=\"360\" \/>\n\t\t<meta property=\"article:published_time\" content=\"2018-12-27T20:45:31+00:00\" \/>\n\t\t<meta property=\"article:modified_time\" content=\"2018-12-27T20:45:31+00:00\" \/>\n\t\t<meta property=\"article:publisher\" content=\"https:\/\/www.facebook.com\/Nachofdezber\" \/>\n\t\t<meta property=\"article:author\" content=\"https:\/\/www.facebook.com\/carrenoactualidad\" \/>\n\t\t<meta name=\"twitter:card\" content=\"summary_large_image\" \/>\n\t\t<meta name=\"twitter:site\" content=\"@NabercoDigital\" \/>\n\t\t<meta name=\"twitter:title\" content=\"Donald Trump hace escala en Alemania a su vuelta de Irak | Cand\u00e1s 365\" \/>\n\t\t<meta name=\"twitter:description\" content=\"Ramstein (Alemania)\/Washington, 27 dic (dpa) - El presidente de Estados Unidos, Donald Trump, hizo a su regreso de Irak una parada en la base de la Fuerza A\u00e9rea de EEUU en la ciudad alemana de Ramstein, seg\u00fan inform\u00f3 hoy la Casa Blanca. El Air Force One presidencial aterriz\u00f3 la madrugada del jueves en la localidad\" \/>\n\t\t<meta name=\"twitter:creator\" content=\"@nbasturias\" \/>\n\t\t<meta name=\"twitter:image\" content=\"https:\/\/candas365.es\/noticias\/wp-content\/uploads\/2016\/11\/D.Trump-655x360.jpg\" \/>\n\t\t<meta name=\"twitter:label1\" content=\"Escrito por\" \/>\n\t\t<meta name=\"twitter:data1\" content=\"Cand\u00e1s 365\" \/>\n\t\t<meta name=\"twitter:label2\" content=\"Tiempo de lectura estimado\" \/>\n\t\t<meta name=\"twitter:data2\" content=\"1 minuto\" \/>\n\t\t<script type=\"application\/ld+json\" class=\"aioseo-schema\">\n\t\t\t{\"@context\":\"https:\\\/\\\/schema.org\",\"@graph\":[{\"@type\":\"BreadcrumbList\",\"@id\":\"https:\\\/\\\/candas365.es\\\/noticias\\\/donald-trump-hace-escala-en-alemania-a-su-vuelta-de-irak\\\/#breadcrumblist\",\"itemListElement\":[{\"@type\":\"ListItem\",\"@id\":\"https:\\\/\\\/candas365.es\\\/noticias#listItem\",\"position\":1,\"name\":\"Home\",\"item\":\"https:\\\/\\\/candas365.es\\\/noticias\",\"nextItem\":{\"@type\":\"ListItem\",\"@id\":\"https:\\\/\\\/candas365.es\\\/noticias\\\/category\\\/actualidad\\\/#listItem\",\"name\":\"Actualidad\"}},{\"@type\":\"ListItem\",\"@id\":\"https:\\\/\\\/candas365.es\\\/noticias\\\/category\\\/actualidad\\\/#listItem\",\"position\":2,\"name\":\"Actualidad\",\"item\":\"https:\\\/\\\/candas365.es\\\/noticias\\\/category\\\/actualidad\\\/\",\"nextItem\":{\"@type\":\"ListItem\",\"@id\":\"https:\\\/\\\/candas365.es\\\/noticias\\\/donald-trump-hace-escala-en-alemania-a-su-vuelta-de-irak\\\/#listItem\",\"name\":\"Donald Trump hace escala en Alemania a su vuelta de Irak\"},\"previousItem\":{\"@type\":\"ListItem\",\"@id\":\"https:\\\/\\\/candas365.es\\\/noticias#listItem\",\"name\":\"Home\"}},{\"@type\":\"ListItem\",\"@id\":\"https:\\\/\\\/candas365.es\\\/noticias\\\/donald-trump-hace-escala-en-alemania-a-su-vuelta-de-irak\\\/#listItem\",\"position\":3,\"name\":\"Donald Trump hace escala en Alemania a su vuelta de Irak\",\"previousItem\":{\"@type\":\"ListItem\",\"@id\":\"https:\\\/\\\/candas365.es\\\/noticias\\\/category\\\/actualidad\\\/#listItem\",\"name\":\"Actualidad\"}}]},{\"@type\":\"NewsArticle\",\"@id\":\"https:\\\/\\\/candas365.es\\\/noticias\\\/donald-trump-hace-escala-en-alemania-a-su-vuelta-de-irak\\\/#newsarticle\",\"name\":\"Donald Trump hace escala en Alemania a su vuelta de Irak | Cand\\u00e1s 365\",\"headline\":\"Donald Trump hace escala en Alemania a su vuelta de Irak\",\"author\":{\"@id\":\"https:\\\/\\\/candas365.es\\\/noticias\\\/author\\\/admin\\\/#author\"},\"publisher\":{\"@id\":\"https:\\\/\\\/candas365.es\\\/noticias\\\/#organization\"},\"image\":{\"@type\":\"ImageObject\",\"url\":\"https:\\\/\\\/candas365.es\\\/noticias\\\/wp-content\\\/uploads\\\/2016\\\/11\\\/D.Trump-655x360.jpg\",\"width\":655,\"height\":360},\"datePublished\":\"2018-12-27T20:45:31+01:00\",\"dateModified\":\"2018-12-27T20:45:31+01:00\",\"inLanguage\":\"es-ES\",\"mainEntityOfPage\":{\"@id\":\"https:\\\/\\\/candas365.es\\\/noticias\\\/donald-trump-hace-escala-en-alemania-a-su-vuelta-de-irak\\\/#webpage\"},\"isPartOf\":{\"@id\":\"https:\\\/\\\/candas365.es\\\/noticias\\\/donald-trump-hace-escala-en-alemania-a-su-vuelta-de-irak\\\/#webpage\"},\"articleSection\":\"Actualidad\",\"dateline\":\"Publicado el diciembre 27, 2018.\"},{\"@type\":\"Organization\",\"@id\":\"https:\\\/\\\/candas365.es\\\/noticias\\\/#organization\",\"name\":\"Cand\\u00e1s 365\",\"description\":\"Cand\\u00e1s 365 es un diario digital independiente, fundado en 2012, con base en Asturias. Informamos con rigor sobre actualidad, sociedad, cultura y ocio, con una mirada local y global.\",\"url\":\"https:\\\/\\\/candas365.es\\\/noticias\\\/\",\"email\":\"info@candas365.es\",\"telephone\":\"+34652131393\",\"foundingDate\":\"2012-06-10\",\"logo\":{\"@type\":\"ImageObject\",\"url\":\"https:\\\/\\\/candas365.es\\\/noticias\\\/wp-content\\\/uploads\\\/2024\\\/09\\\/Candas-365-Redes.jpg\",\"@id\":\"https:\\\/\\\/candas365.es\\\/noticias\\\/donald-trump-hace-escala-en-alemania-a-su-vuelta-de-irak\\\/#organizationLogo\",\"width\":1152,\"height\":864,\"caption\":\"Cand\\u00e1s 365 Redes\"},\"image\":{\"@id\":\"https:\\\/\\\/candas365.es\\\/noticias\\\/donald-trump-hace-escala-en-alemania-a-su-vuelta-de-irak\\\/#organizationLogo\"},\"sameAs\":[\"https:\\\/\\\/www.facebook.com\\\/Nachofdezber\",\"https:\\\/\\\/x.com\\\/NabercoDigital\",\"https:\\\/\\\/www.instagram.com\\\/nachofdezber\\\/\",\"https:\\\/\\\/www.youtube.com\\\/channel\\\/UCZP-2wLEB9Rv6erhFmqVnvg\"],\"address\":{\"@id\":\"https:\\\/\\\/candas365.es\\\/noticias\\\/#postaladdress\",\"@type\":\"PostalAddress\",\"streetAddress\":\"san antonio 4, san antonio 4\",\"postalCode\":\"33430\",\"addressLocality\":\"Cand\\u00e1s\",\"addressRegion\":\"Asturias\",\"addressCountry\":\"ES\"}},{\"@type\":\"Person\",\"@id\":\"https:\\\/\\\/candas365.es\\\/noticias\\\/author\\\/admin\\\/#author\",\"url\":\"https:\\\/\\\/candas365.es\\\/noticias\\\/author\\\/admin\\\/\",\"name\":\"Cand\\u00e1s 365\",\"image\":{\"@type\":\"ImageObject\",\"@id\":\"https:\\\/\\\/candas365.es\\\/noticias\\\/donald-trump-hace-escala-en-alemania-a-su-vuelta-de-irak\\\/#authorImage\",\"url\":\"https:\\\/\\\/secure.gravatar.com\\\/avatar\\\/496a8e03d0c493ede1718b7934145dbdf8d89be1036b0eec9544e1094c9de390?s=96&d=mm&r=g\",\"width\":96,\"height\":96,\"caption\":\"Cand\\u00e1s 365\"},\"sameAs\":[\"https:\\\/\\\/www.facebook.com\\\/carrenoactualidad\",\"https:\\\/\\\/twitter.com\\\/nbasturias\",\"https:\\\/\\\/www.instagram.com\\\/nachofdezber\\\/\",\"https:\\\/\\\/www.youtube.com\\\/channel\\\/UCZP-2wLEB9Rv6erhFmqVnvg\"]},{\"@type\":\"WebPage\",\"@id\":\"https:\\\/\\\/candas365.es\\\/noticias\\\/donald-trump-hace-escala-en-alemania-a-su-vuelta-de-irak\\\/#webpage\",\"url\":\"https:\\\/\\\/candas365.es\\\/noticias\\\/donald-trump-hace-escala-en-alemania-a-su-vuelta-de-irak\\\/\",\"name\":\"Donald Trump hace escala en Alemania a su vuelta de Irak | Cand\\u00e1s 365\",\"description\":\"Ramstein (Alemania)\\\/Washington, 27 dic (dpa) - El presidente de Estados Unidos, Donald Trump, hizo a su regreso de Irak una parada en la base de la Fuerza A\\u00e9rea de EEUU en la ciudad alemana de Ramstein, seg\\u00fan inform\\u00f3 hoy la Casa Blanca. El Air Force One presidencial aterriz\\u00f3 la madrugada del jueves en la localidad\",\"inLanguage\":\"es-ES\",\"isPartOf\":{\"@id\":\"https:\\\/\\\/candas365.es\\\/noticias\\\/#website\"},\"breadcrumb\":{\"@id\":\"https:\\\/\\\/candas365.es\\\/noticias\\\/donald-trump-hace-escala-en-alemania-a-su-vuelta-de-irak\\\/#breadcrumblist\"},\"author\":{\"@id\":\"https:\\\/\\\/candas365.es\\\/noticias\\\/author\\\/admin\\\/#author\"},\"creator\":{\"@id\":\"https:\\\/\\\/candas365.es\\\/noticias\\\/author\\\/admin\\\/#author\"},\"image\":{\"@type\":\"ImageObject\",\"url\":\"https:\\\/\\\/candas365.es\\\/noticias\\\/wp-content\\\/uploads\\\/2016\\\/11\\\/D.Trump-655x360.jpg\",\"@id\":\"https:\\\/\\\/candas365.es\\\/noticias\\\/donald-trump-hace-escala-en-alemania-a-su-vuelta-de-irak\\\/#mainImage\",\"width\":655,\"height\":360},\"primaryImageOfPage\":{\"@id\":\"https:\\\/\\\/candas365.es\\\/noticias\\\/donald-trump-hace-escala-en-alemania-a-su-vuelta-de-irak\\\/#mainImage\"},\"datePublished\":\"2018-12-27T20:45:31+01:00\",\"dateModified\":\"2018-12-27T20:45:31+01:00\"},{\"@type\":\"WebSite\",\"@id\":\"https:\\\/\\\/candas365.es\\\/noticias\\\/#website\",\"url\":\"https:\\\/\\\/candas365.es\\\/noticias\\\/\",\"name\":\"Cand\\u00e1s 365\",\"alternateName\":\"Cand\\u00e1s 365 Noticias\",\"description\":\"Actualidad desde Carre\\u00f1o para el mundo\",\"inLanguage\":\"es-ES\",\"publisher\":{\"@id\":\"https:\\\/\\\/candas365.es\\\/noticias\\\/#organization\"}}]}\n\t\t<\/script>\n\t\t<!-- All in One SEO Pro -->\r\n\t\t<title>Donald Trump hace escala en Alemania a su vuelta de Irak | Cand\u00e1s 365<\/title>\n\n","aioseo_head_json":{"title":"Donald Trump hace escala en Alemania a su vuelta de Irak | Cand\u00e1s 365","description":"Ramstein (Alemania)\/Washington, 27 dic (dpa) - El presidente de Estados Unidos, Donald Trump, hizo a su regreso de Irak una parada en la base de la Fuerza A\u00e9rea de EEUU en la ciudad alemana de Ramstein, seg\u00fan inform\u00f3 hoy la Casa Blanca. El Air Force One presidencial aterriz\u00f3 la madrugada del jueves en la localidad","canonical_url":"https:\/\/candas365.es\/noticias\/donald-trump-hace-escala-en-alemania-a-su-vuelta-de-irak\/","robots":"max-image-preview:large","keywords":"actualidad","webmasterTools":{"google-site-verification":"UA-32230408-1","msvalidate.01":"354F3CDFB2DA171B47FBE9ABF1F88D5","miscellaneous":""},"schema":{"@context":"https:\/\/schema.org","@graph":[{"@type":"BreadcrumbList","@id":"https:\/\/candas365.es\/noticias\/donald-trump-hace-escala-en-alemania-a-su-vuelta-de-irak\/#breadcrumblist","itemListElement":[{"@type":"ListItem","@id":"https:\/\/candas365.es\/noticias#listItem","position":1,"name":"Home","item":"https:\/\/candas365.es\/noticias","nextItem":{"@type":"ListItem","@id":"https:\/\/candas365.es\/noticias\/category\/actualidad\/#listItem","name":"Actualidad"}},{"@type":"ListItem","@id":"https:\/\/candas365.es\/noticias\/category\/actualidad\/#listItem","position":2,"name":"Actualidad","item":"https:\/\/candas365.es\/noticias\/category\/actualidad\/","nextItem":{"@type":"ListItem","@id":"https:\/\/candas365.es\/noticias\/donald-trump-hace-escala-en-alemania-a-su-vuelta-de-irak\/#listItem","name":"Donald Trump hace escala en Alemania a su vuelta de Irak"},"previousItem":{"@type":"ListItem","@id":"https:\/\/candas365.es\/noticias#listItem","name":"Home"}},{"@type":"ListItem","@id":"https:\/\/candas365.es\/noticias\/donald-trump-hace-escala-en-alemania-a-su-vuelta-de-irak\/#listItem","position":3,"name":"Donald Trump hace escala en Alemania a su vuelta de Irak","previousItem":{"@type":"ListItem","@id":"https:\/\/candas365.es\/noticias\/category\/actualidad\/#listItem","name":"Actualidad"}}]},{"@type":"NewsArticle","@id":"https:\/\/candas365.es\/noticias\/donald-trump-hace-escala-en-alemania-a-su-vuelta-de-irak\/#newsarticle","name":"Donald Trump hace escala en Alemania a su vuelta de Irak | Cand\u00e1s 365","headline":"Donald Trump hace escala en Alemania a su vuelta de Irak","author":{"@id":"https:\/\/candas365.es\/noticias\/author\/admin\/#author"},"publisher":{"@id":"https:\/\/candas365.es\/noticias\/#organization"},"image":{"@type":"ImageObject","url":"https:\/\/candas365.es\/noticias\/wp-content\/uploads\/2016\/11\/D.Trump-655x360.jpg","width":655,"height":360},"datePublished":"2018-12-27T20:45:31+01:00","dateModified":"2018-12-27T20:45:31+01:00","inLanguage":"es-ES","mainEntityOfPage":{"@id":"https:\/\/candas365.es\/noticias\/donald-trump-hace-escala-en-alemania-a-su-vuelta-de-irak\/#webpage"},"isPartOf":{"@id":"https:\/\/candas365.es\/noticias\/donald-trump-hace-escala-en-alemania-a-su-vuelta-de-irak\/#webpage"},"articleSection":"Actualidad","dateline":"Publicado el diciembre 27, 2018."},{"@type":"Organization","@id":"https:\/\/candas365.es\/noticias\/#organization","name":"Cand\u00e1s 365","description":"Cand\u00e1s 365 es un diario digital independiente, fundado en 2012, con base en Asturias. Informamos con rigor sobre actualidad, sociedad, cultura y ocio, con una mirada local y global.","url":"https:\/\/candas365.es\/noticias\/","email":"info@candas365.es","telephone":"+34652131393","foundingDate":"2012-06-10","logo":{"@type":"ImageObject","url":"https:\/\/candas365.es\/noticias\/wp-content\/uploads\/2024\/09\/Candas-365-Redes.jpg","@id":"https:\/\/candas365.es\/noticias\/donald-trump-hace-escala-en-alemania-a-su-vuelta-de-irak\/#organizationLogo","width":1152,"height":864,"caption":"Cand\u00e1s 365 Redes"},"image":{"@id":"https:\/\/candas365.es\/noticias\/donald-trump-hace-escala-en-alemania-a-su-vuelta-de-irak\/#organizationLogo"},"sameAs":["https:\/\/www.facebook.com\/Nachofdezber","https:\/\/x.com\/NabercoDigital","https:\/\/www.instagram.com\/nachofdezber\/","https:\/\/www.youtube.com\/channel\/UCZP-2wLEB9Rv6erhFmqVnvg"],"address":{"@id":"https:\/\/candas365.es\/noticias\/#postaladdress","@type":"PostalAddress","streetAddress":"san antonio 4, san antonio 4","postalCode":"33430","addressLocality":"Cand\u00e1s","addressRegion":"Asturias","addressCountry":"ES"}},{"@type":"Person","@id":"https:\/\/candas365.es\/noticias\/author\/admin\/#author","url":"https:\/\/candas365.es\/noticias\/author\/admin\/","name":"Cand\u00e1s 365","image":{"@type":"ImageObject","@id":"https:\/\/candas365.es\/noticias\/donald-trump-hace-escala-en-alemania-a-su-vuelta-de-irak\/#authorImage","url":"https:\/\/secure.gravatar.com\/avatar\/496a8e03d0c493ede1718b7934145dbdf8d89be1036b0eec9544e1094c9de390?s=96&d=mm&r=g","width":96,"height":96,"caption":"Cand\u00e1s 365"},"sameAs":["https:\/\/www.facebook.com\/carrenoactualidad","https:\/\/twitter.com\/nbasturias","https:\/\/www.instagram.com\/nachofdezber\/","https:\/\/www.youtube.com\/channel\/UCZP-2wLEB9Rv6erhFmqVnvg"]},{"@type":"WebPage","@id":"https:\/\/candas365.es\/noticias\/donald-trump-hace-escala-en-alemania-a-su-vuelta-de-irak\/#webpage","url":"https:\/\/candas365.es\/noticias\/donald-trump-hace-escala-en-alemania-a-su-vuelta-de-irak\/","name":"Donald Trump hace escala en Alemania a su vuelta de Irak | Cand\u00e1s 365","description":"Ramstein (Alemania)\/Washington, 27 dic (dpa) - El presidente de Estados Unidos, Donald Trump, hizo a su regreso de Irak una parada en la base de la Fuerza A\u00e9rea de EEUU en la ciudad alemana de Ramstein, seg\u00fan inform\u00f3 hoy la Casa Blanca. El Air Force One presidencial aterriz\u00f3 la madrugada del jueves en la localidad","inLanguage":"es-ES","isPartOf":{"@id":"https:\/\/candas365.es\/noticias\/#website"},"breadcrumb":{"@id":"https:\/\/candas365.es\/noticias\/donald-trump-hace-escala-en-alemania-a-su-vuelta-de-irak\/#breadcrumblist"},"author":{"@id":"https:\/\/candas365.es\/noticias\/author\/admin\/#author"},"creator":{"@id":"https:\/\/candas365.es\/noticias\/author\/admin\/#author"},"image":{"@type":"ImageObject","url":"https:\/\/candas365.es\/noticias\/wp-content\/uploads\/2016\/11\/D.Trump-655x360.jpg","@id":"https:\/\/candas365.es\/noticias\/donald-trump-hace-escala-en-alemania-a-su-vuelta-de-irak\/#mainImage","width":655,"height":360},"primaryImageOfPage":{"@id":"https:\/\/candas365.es\/noticias\/donald-trump-hace-escala-en-alemania-a-su-vuelta-de-irak\/#mainImage"},"datePublished":"2018-12-27T20:45:31+01:00","dateModified":"2018-12-27T20:45:31+01:00"},{"@type":"WebSite","@id":"https:\/\/candas365.es\/noticias\/#website","url":"https:\/\/candas365.es\/noticias\/","name":"Cand\u00e1s 365","alternateName":"Cand\u00e1s 365 Noticias","description":"Actualidad desde Carre\u00f1o para el mundo","inLanguage":"es-ES","publisher":{"@id":"https:\/\/candas365.es\/noticias\/#organization"}}]},"og:locale":"es_ES","og:site_name":"Cand\u00e1s 365","og:type":"article","og:title":"Donald Trump hace escala en Alemania a su vuelta de Irak | Cand\u00e1s 365","og:description":"Ramstein (Alemania)\/Washington, 27 dic (dpa) - El presidente de Estados Unidos, Donald Trump, hizo a su regreso de Irak una parada en la base de la Fuerza A\u00e9rea de EEUU en la ciudad alemana de Ramstein, seg\u00fan inform\u00f3 hoy la Casa Blanca. El Air Force One presidencial aterriz\u00f3 la madrugada del jueves en la localidad","og:url":"https:\/\/candas365.es\/noticias\/donald-trump-hace-escala-en-alemania-a-su-vuelta-de-irak\/","og:image":"https:\/\/candas365.es\/noticias\/wp-content\/uploads\/2016\/11\/D.Trump-655x360.jpg","og:image:secure_url":"https:\/\/candas365.es\/noticias\/wp-content\/uploads\/2016\/11\/D.Trump-655x360.jpg","og:image:width":655,"og:image:height":360,"article:published_time":"2018-12-27T20:45:31+00:00","article:modified_time":"2018-12-27T20:45:31+00:00","article:publisher":"https:\/\/www.facebook.com\/Nachofdezber","article:author":"https:\/\/www.facebook.com\/carrenoactualidad","twitter:card":"summary_large_image","twitter:site":"@NabercoDigital","twitter:title":"Donald Trump hace escala en Alemania a su vuelta de Irak | Cand\u00e1s 365","twitter:description":"Ramstein (Alemania)\/Washington, 27 dic (dpa) - El presidente de Estados Unidos, Donald Trump, hizo a su regreso de Irak una parada en la base de la Fuerza A\u00e9rea de EEUU en la ciudad alemana de Ramstein, seg\u00fan inform\u00f3 hoy la Casa Blanca. El Air Force One presidencial aterriz\u00f3 la madrugada del jueves en la localidad","twitter:creator":"@nbasturias","twitter:image":"https:\/\/candas365.es\/noticias\/wp-content\/uploads\/2016\/11\/D.Trump-655x360.jpg","twitter:label1":"Escrito por","twitter:data1":"Cand\u00e1s 365","twitter:label2":"Tiempo de lectura estimado","twitter:data2":"1 minuto"},"aioseo_meta_data":{"post_id":"112856","title":null,"description":null,"keywords":null,"keyphrases":null,"primary_term":null,"canonical_url":null,"og_title":null,"og_description":null,"og_object_type":"default","og_image_type":"default","og_image_url":null,"og_image_width":null,"og_image_height":null,"og_image_custom_url":null,"og_image_custom_fields":null,"og_video":null,"og_custom_url":null,"og_article_section":null,"og_article_tags":null,"twitter_use_og":false,"twitter_card":"default","twitter_image_type":"default","twitter_image_url":null,"twitter_image_custom_url":null,"twitter_image_custom_fields":null,"twitter_title":null,"twitter_description":null,"schema":{"blockGraphs":[],"customGraphs":[],"default":{"data":{"Article":[],"Course":[],"Dataset":[],"FAQPage":[],"Movie":[],"Person":[],"Product":[],"ProductReview":[],"Car":[],"Recipe":[],"Service":[],"SoftwareApplication":[],"WebPage":[]},"graphName":"","isEnabled":true},"graphs":[],"defaultGraph":"","defaultPostTypeGraph":""},"schema_type":null,"schema_type_options":null,"pillar_content":false,"robots_default":true,"robots_noindex":false,"robots_noarchive":false,"robots_nosnippet":false,"robots_nofollow":false,"robots_noimageindex":false,"robots_noodp":false,"robots_notranslate":false,"robots_max_snippet":null,"robots_max_videopreview":null,"robots_max_imagepreview":"large","priority":null,"frequency":null,"location":null,"local_seo":null,"seo_analyzer_scan_date":"2025-08-28 19:41:17","breadcrumb_settings":null,"limit_modified_date":false,"reviewed_by":null,"open_ai":null,"ai":null,"created":"2020-12-21 11:31:54","updated":"2025-08-28 19:41:17"},"aioseo_breadcrumb":"<div class=\"aioseo-breadcrumbs\"><span class=\"aioseo-breadcrumb\">\n\t<a href=\"https:\/\/candas365.es\/noticias\" title=\"Home\">Home<\/a>\n<\/span><span class=\"aioseo-breadcrumb-separator\">&ndash;<\/span><span class=\"aioseo-breadcrumb\">\n\t<a href=\"https:\/\/candas365.es\/noticias\/category\/actualidad\/\" title=\"Actualidad\">Actualidad<\/a>\n<\/span><span class=\"aioseo-breadcrumb-separator\">&ndash;<\/span><span class=\"aioseo-breadcrumb\">\n\tDonald Trump hace escala en Alemania a su vuelta de Irak\n<\/span><\/div>","aioseo_breadcrumb_json":[{"label":"Home","link":"https:\/\/candas365.es\/noticias"},{"label":"Actualidad","link":"https:\/\/candas365.es\/noticias\/category\/actualidad\/"},{"label":"Donald Trump hace escala en Alemania a su vuelta de Irak","link":"https:\/\/candas365.es\/noticias\/donald-trump-hace-escala-en-alemania-a-su-vuelta-de-irak\/"}],"_links":{"self":[{"href":"https:\/\/candas365.es\/noticias\/wp-json\/wp\/v2\/posts\/112856","targetHints":{"allow":["GET"]}}],"collection":[{"href":"https:\/\/candas365.es\/noticias\/wp-json\/wp\/v2\/posts"}],"about":[{"href":"https:\/\/candas365.es\/noticias\/wp-json\/wp\/v2\/types\/post"}],"author":[{"embeddable":true,"href":"https:\/\/candas365.es\/noticias\/wp-json\/wp\/v2\/users\/1"}],"replies":[{"embeddable":true,"href":"https:\/\/candas365.es\/noticias\/wp-json\/wp\/v2\/comments?post=112856"}],"version-history":[{"count":0,"href":"https:\/\/candas365.es\/noticias\/wp-json\/wp\/v2\/posts\/112856\/revisions"}],"wp:featuredmedia":[{"embeddable":true,"href":"https:\/\/candas365.es\/noticias\/wp-json\/wp\/v2\/media\/35806"}],"wp:attachment":[{"href":"https:\/\/candas365.es\/noticias\/wp-json\/wp\/v2\/media?parent=112856"}],"wp:term":[{"taxonomy":"category","embeddable":true,"href":"https:\/\/candas365.es\/noticias\/wp-json\/wp\/v2\/categories?post=112856"},{"taxonomy":"post_tag","embeddable":true,"href":"https:\/\/candas365.es\/noticias\/wp-json\/wp\/v2\/tags?post=112856"}],"curies":[{"name":"wp","href":"https:\/\/api.w.org\/{rel}","templated":true}]}}