{"id":112762,"date":"2018-12-26T09:35:45","date_gmt":"2018-12-26T09:35:45","guid":{"rendered":"http:\/\/candas365.es\/noticias\/?p=112762"},"modified":"2018-12-26T09:35:45","modified_gmt":"2018-12-26T09:35:45","slug":"carreno-ofrecera-nuevos-cursos-sociales-y-culturales-en-2019","status":"publish","type":"post","link":"https:\/\/candas365.es\/noticias\/carreno-ofrecera-nuevos-cursos-sociales-y-culturales-en-2019\/","title":{"rendered":"Carre\u00f1o ofrecer\u00e1 nuevos cursos sociales y culturales en 2019"},"content":{"rendered":"<p><img fetchpriority=\"high\" decoding=\"async\" class=\"alignleft size-medium wp-image-112763\" src=\"https:\/\/candas365.es\/noticias\/wp-content\/uploads\/2018\/12\/books-2158737_960_720-360x145.jpg\" alt=\"\" width=\"360\" height=\"145\" srcset=\"https:\/\/candas365.es\/noticias\/wp-content\/uploads\/2018\/12\/books-2158737_960_720-360x145.jpg 360w, https:\/\/candas365.es\/noticias\/wp-content\/uploads\/2018\/12\/books-2158737_960_720-768x309.jpg 768w, https:\/\/candas365.es\/noticias\/wp-content\/uploads\/2018\/12\/books-2158737_960_720-655x263.jpg 655w, https:\/\/candas365.es\/noticias\/wp-content\/uploads\/2018\/12\/books-2158737_960_720-696x280.jpg 696w, https:\/\/candas365.es\/noticias\/wp-content\/uploads\/2018\/12\/books-2158737_960_720.jpg 960w\" sizes=\"(max-width: 360px) 100vw, 360px\" \/>Dentro de la convocatoria anual de los <strong>Cursos de Extensi\u00f3n Cultural<\/strong> para el curso 2018-2019, la Concejal\u00eda de Cultura ha abierto un nuevo per\u00edodo de matriculaci\u00f3n para aquellas acciones formativas que tienen previsto su comienzo el pr\u00f3ximo mes de enero.<\/p>\n<p>Para este curso 2018\/2019 se han ofrecido 30 acciones formativas de 17 tem\u00e1ticas distintas. Manteniendo la oferta de cursos y plazas para personas de todas las edades (450 plazas). Distribuidas en 2.065 horas lectivas de formaci\u00f3n. Llegando as\u00ed cada vez m\u00e1s lejos en el objetivo de promover la participaci\u00f3n social, la educaci\u00f3n, la formaci\u00f3n y la cultura, y mejorar la calidad de vida de las personas en el \u00e1mbito municipal.<\/p>\n<p>Adem\u00e1s se mantiene el precio de la matr\u00edcula en los cursos, con la congelaci\u00f3n de las tasas, y la bonificaci\u00f3n del 50 % en los precios de matr\u00edcula para las personas que est\u00e9n en situaci\u00f3n de desempleo de larga duraci\u00f3n. Para poder optar a ello, se requiere que acrediten en el momento de matricularse un certificado original del Servicio P\u00fablico de Empleo, en el que conste su situaci\u00f3n de desempleados\/as durante un a\u00f1o ininterrumpidamente.<\/p>\n<p>Las cuatro acciones formativas que dar\u00e1n comienzo en el mes de enero ser\u00e1n:<\/p>\n<p>&#8211; Automaquillaje. Esta acci\u00f3n se desarrollar\u00e1 todos los martes en el horario de 18:30 a 21:30 horas en la Casa de Encuentros.<\/p>\n<p>Es un curso en el que se compagina tanto la formaci\u00f3n te\u00f3rica como la pr\u00e1ctica. Al finalizar la formaci\u00f3n el alumnado ser\u00e1 capaz de reconocer las diferentes tipos de piel, sus necesidades, preparaci\u00f3n, tendr\u00e1 una formaci\u00f3n en visagismo del rostro, aplicaci\u00f3n de correctores, distintos tipos de maquillaj,\u2026<\/p>\n<p>&#8211; Telar Manual y Artesanal. Tendr\u00e1 lugar los lunes y mi\u00e9rcoles de 10:30 a 12:30 horas en la Casa de Encuentros.<\/p>\n<p>Con esta actividad artesanal pretendemos recuperar una labor tradicional que poco a poco se ha ido perdiendo. El alumnado que participe en primer momento conocer\u00e1 los diferentes tipos y elementos de un telar, para continuar con los tejidos b\u00e1sicos que se pueden trabajar y los nudos. No s\u00f3lo se podr\u00e1n hacer tapices, si no bufandas, alfombras, bolsos, pa\u00f1uelos,\u2026 ya que en la actualidad la tem\u00e1tica es muy variada al igual que los tejidos y los colores.<\/p>\n<p>&#8211; Taller de Escritura Creativa. El taller se desarrollar\u00e1 en las aulas de la Casa de Encuentros los mi\u00e9rcoles entre las 18:30 y las 20:30 horas.<\/p>\n<p>Los objetivos del taller se centran en desarrollar la creatividad e incrementar el gusto y la producci\u00f3n y composici\u00f3n de textos literarios en los diferentes estilos de prosa o en poes\u00eda; aprender a analizar las caracter\u00edsticas de grandes obras literarias; adem\u00e1s de reconocer y valorar las t\u00e9cnicas de escritura de autores y autoras reconocidas.<\/p>\n<p>&#8211; Iniciaci\u00f3n al Bonsai. En el Centro Polivalente \u201cLa Baraga\u00f1a\u201d los lunes, mi\u00e9rcoles y viernes de 10:30 a 12:30 horas.<\/p>\n<p>El bons\u00e1i es un arte proveniente de la antigua China y consistente en el arte cultivar \u00e1rboles y plantas, reduciendo su tama\u00f1o mediante t\u00e9cnicas, como el trasplante, la poda, el alambrado y pintado. As\u00ed su forma se va modelando para crear un estilo acorde a alguna escena a acci\u00f3n de la naturaleza. Mediante este curso se aprender\u00e1 este milenario arte asi\u00e1tico del cultivo y modelado del bons\u00e1i.<\/p>\n<p>\u201cCon la puesta en marcha de esta nueva acci\u00f3n formativa hemos intentado dar respuesta a las inquietudes de la ciudadan\u00eda. Apostando por acciones, que aunque en el tiempo pueden parecer j\u00f3venes, son demandas por el alumnado como es el caso del Taller Manual y Artesanal. O acciones que debido a la gran acogida que el a\u00f1o pasado tuvieron tras su primera edici\u00f3n vuelve a formar parte del programa cultural. Y por otro lado programando no s\u00f3lo acciones en el turno de tarde, sino tambi\u00e9n en el de ma\u00f1anas, acercando de este modo la formaci\u00f3n a toda la ciudadan\u00eda\u201d coment\u00f3 Cecilia Tasc\u00f3n- Concejala de Cultura.<\/p>\n<p>El plazo de inscripci\u00f3n, que ha dado comienzo el pasado lunes 17 de diciembre, estar\u00e1 abierto hasta el pr\u00f3ximo martes 8 de enero de 2019 en el siguiente horario:<\/p>\n<p>&#8211; Lunes, mi\u00e9rcoles, jueves y viernes de 9 a 13 horas.<\/p>\n<p>&#8211; Martes de 9 a 13 horas y de 15 a 18:30 horas.<\/p>\n<p>En el Ayuntamiento de Carre\u00f1o (Santolaya, 1-3), tel\u00e9fono 985.87.02.05. As\u00ed mismo se podr\u00e1 descargar los impresos originales de matr\u00edcula en la p\u00e1gina web municipal. <span style=\"color: #ff6600;\"><strong>www.ayto-carreno.es.<\/strong><\/span><\/p>\n<p>A la hora de matricularse tendr\u00e1n preferencia aquellas personas empadronadas en el Concejo de Carre\u00f1o. Las personas de fuera del Concejo quedar\u00e1n en reserva, anulando la matr\u00edcula en caso de efectuarla por error. Las plazas se adjudicar\u00e1n por riguroso orden de inscripci\u00f3n en el curso.<\/p>\n<p>\u201cEn el caso de la lista de reserva, en primer lugar tendr\u00e1n preferencia los vecinos y vecinas de Carre\u00f1o que no est\u00e9n matriculadas en otro curso. A continuaci\u00f3n los y las que si est\u00e1n matriculados en alg\u00fan otro curso. Y en tercer lugar, si a\u00fan hay plazas disponibles, las personas empadronadas en otros concejos. Las adjudicaciones siempre se har\u00e1n por riguroso orden, en funci\u00f3n de la fecha de inscripci\u00f3n de la solicitud\u201d se\u00f1al\u00f3 la Concejala.<\/p>\n<p>La asistencia a los cursos tendr\u00e1 car\u00e1cter voluntario. Se entregar\u00e1 diploma de asistencia a los\/las participantes que lo soliciten. Los diplomas solicitados se entregar\u00e1n al final de curso en el acto de clausura de la exposici\u00f3n de los trabajos realizados, finalizada \u00e9sta, podr\u00e1n recogerse en el Ayuntamiento. Para obtener dicho diploma, se requiere una asistencia de al menos el 80% de las sesiones.<\/p>\n","protected":false},"excerpt":{"rendered":"<p>Dentro de la convocatoria anual de los Cursos de Extensi\u00f3n Cultural para el curso 2018-2019, la Concejal\u00eda de Cultura ha abierto un nuevo per\u00edodo de matriculaci\u00f3n para aquellas acciones formativas que tienen previsto su comienzo el pr\u00f3ximo mes de enero. Para este curso 2018\/2019 se han ofrecido 30 acciones formativas de 17 tem\u00e1ticas distintas. Manteniendo<\/p>\n","protected":false},"author":1,"featured_media":112763,"comment_status":"closed","ping_status":"closed","sticky":false,"template":"","format":"standard","meta":{"footnotes":""},"categories":[2],"tags":[],"class_list":{"0":"post-112762","1":"post","2":"type-post","3":"status-publish","4":"format-standard","5":"has-post-thumbnail","7":"category-noticias-carreno"},"aioseo_notices":[],"aioseo_head":"\n\t\t<!-- All in One SEO Pro 4.9.6.2 - aioseo.com -->\n\t<meta name=\"description\" content=\"Dentro de la convocatoria anual de los Cursos de Extensi\u00f3n Cultural para el curso 2018-2019, la Concejal\u00eda de Cultura ha abierto un nuevo per\u00edodo de matriculaci\u00f3n para aquellas acciones formativas que tienen previsto su comienzo el pr\u00f3ximo mes de enero. Para este curso 2018\/2019 se han ofrecido 30 acciones formativas de 17 tem\u00e1ticas distintas. Manteniendo\" \/>\n\t<meta name=\"robots\" content=\"max-image-preview:large\" \/>\n\t<meta name=\"author\" content=\"Cand\u00e1s 365\"\/>\n\t<meta name=\"google-site-verification\" content=\"UA-32230408-1\" \/>\n\t<meta name=\"msvalidate.01\" content=\"354F3CDFB2DA171B47FBE9ABF1F88D5\" \/>\n\t<meta name=\"keywords\" content=\"noticias carre\u00f1o\" \/>\n\t<link rel=\"canonical\" href=\"https:\/\/candas365.es\/noticias\/carreno-ofrecera-nuevos-cursos-sociales-y-culturales-en-2019\/\" \/>\n\t<meta name=\"generator\" content=\"All in One SEO Pro (AIOSEO) 4.9.6.2\" \/>\n\t\t<meta property=\"og:locale\" content=\"es_ES\" \/>\n\t\t<meta property=\"og:site_name\" content=\"Cand\u00e1s 365\" \/>\n\t\t<meta property=\"og:type\" content=\"article\" \/>\n\t\t<meta property=\"og:title\" content=\"Carre\u00f1o ofrecer\u00e1 nuevos cursos sociales y culturales en 2019 | Cand\u00e1s 365\" \/>\n\t\t<meta property=\"og:description\" content=\"Dentro de la convocatoria anual de los Cursos de Extensi\u00f3n Cultural para el curso 2018-2019, la Concejal\u00eda de Cultura ha abierto un nuevo per\u00edodo de matriculaci\u00f3n para aquellas acciones formativas que tienen previsto su comienzo el pr\u00f3ximo mes de enero. Para este curso 2018\/2019 se han ofrecido 30 acciones formativas de 17 tem\u00e1ticas distintas. Manteniendo\" \/>\n\t\t<meta property=\"og:url\" content=\"https:\/\/candas365.es\/noticias\/carreno-ofrecera-nuevos-cursos-sociales-y-culturales-en-2019\/\" \/>\n\t\t<meta property=\"og:image\" content=\"https:\/\/candas365.es\/noticias\/wp-content\/uploads\/2018\/12\/books-2158737_960_720.jpg\" \/>\n\t\t<meta property=\"og:image:secure_url\" content=\"https:\/\/candas365.es\/noticias\/wp-content\/uploads\/2018\/12\/books-2158737_960_720.jpg\" \/>\n\t\t<meta property=\"og:image:width\" content=\"960\" \/>\n\t\t<meta property=\"og:image:height\" content=\"386\" \/>\n\t\t<meta property=\"article:published_time\" content=\"2018-12-26T09:35:45+00:00\" \/>\n\t\t<meta property=\"article:modified_time\" content=\"2018-12-26T09:35:45+00:00\" \/>\n\t\t<meta property=\"article:publisher\" content=\"https:\/\/www.facebook.com\/Nachofdezber\" \/>\n\t\t<meta property=\"article:author\" content=\"https:\/\/www.facebook.com\/carrenoactualidad\" \/>\n\t\t<meta name=\"twitter:card\" content=\"summary_large_image\" \/>\n\t\t<meta name=\"twitter:site\" content=\"@NabercoDigital\" \/>\n\t\t<meta name=\"twitter:title\" content=\"Carre\u00f1o ofrecer\u00e1 nuevos cursos sociales y culturales en 2019 | Cand\u00e1s 365\" \/>\n\t\t<meta name=\"twitter:description\" content=\"Dentro de la convocatoria anual de los Cursos de Extensi\u00f3n Cultural para el curso 2018-2019, la Concejal\u00eda de Cultura ha abierto un nuevo per\u00edodo de matriculaci\u00f3n para aquellas acciones formativas que tienen previsto su comienzo el pr\u00f3ximo mes de enero. Para este curso 2018\/2019 se han ofrecido 30 acciones formativas de 17 tem\u00e1ticas distintas. Manteniendo\" \/>\n\t\t<meta name=\"twitter:creator\" content=\"@nbasturias\" \/>\n\t\t<meta name=\"twitter:image\" content=\"https:\/\/candas365.es\/noticias\/wp-content\/uploads\/2018\/12\/books-2158737_960_720.jpg\" \/>\n\t\t<meta name=\"twitter:label1\" content=\"Escrito por\" \/>\n\t\t<meta name=\"twitter:data1\" content=\"Cand\u00e1s 365\" \/>\n\t\t<meta name=\"twitter:label2\" content=\"Tiempo de lectura estimado\" \/>\n\t\t<meta name=\"twitter:data2\" content=\"5 minutos\" \/>\n\t\t<script type=\"application\/ld+json\" class=\"aioseo-schema\">\n\t\t\t{\"@context\":\"https:\\\/\\\/schema.org\",\"@graph\":[{\"@type\":\"BreadcrumbList\",\"@id\":\"https:\\\/\\\/candas365.es\\\/noticias\\\/carreno-ofrecera-nuevos-cursos-sociales-y-culturales-en-2019\\\/#breadcrumblist\",\"itemListElement\":[{\"@type\":\"ListItem\",\"@id\":\"https:\\\/\\\/candas365.es\\\/noticias#listItem\",\"position\":1,\"name\":\"Home\",\"item\":\"https:\\\/\\\/candas365.es\\\/noticias\",\"nextItem\":{\"@type\":\"ListItem\",\"@id\":\"https:\\\/\\\/candas365.es\\\/noticias\\\/category\\\/noticias-carreno\\\/#listItem\",\"name\":\"Noticias Carre\\u00f1o\"}},{\"@type\":\"ListItem\",\"@id\":\"https:\\\/\\\/candas365.es\\\/noticias\\\/category\\\/noticias-carreno\\\/#listItem\",\"position\":2,\"name\":\"Noticias Carre\\u00f1o\",\"item\":\"https:\\\/\\\/candas365.es\\\/noticias\\\/category\\\/noticias-carreno\\\/\",\"nextItem\":{\"@type\":\"ListItem\",\"@id\":\"https:\\\/\\\/candas365.es\\\/noticias\\\/carreno-ofrecera-nuevos-cursos-sociales-y-culturales-en-2019\\\/#listItem\",\"name\":\"Carre\\u00f1o ofrecer\\u00e1 nuevos cursos sociales y culturales en 2019\"},\"previousItem\":{\"@type\":\"ListItem\",\"@id\":\"https:\\\/\\\/candas365.es\\\/noticias#listItem\",\"name\":\"Home\"}},{\"@type\":\"ListItem\",\"@id\":\"https:\\\/\\\/candas365.es\\\/noticias\\\/carreno-ofrecera-nuevos-cursos-sociales-y-culturales-en-2019\\\/#listItem\",\"position\":3,\"name\":\"Carre\\u00f1o ofrecer\\u00e1 nuevos cursos sociales y culturales en 2019\",\"previousItem\":{\"@type\":\"ListItem\",\"@id\":\"https:\\\/\\\/candas365.es\\\/noticias\\\/category\\\/noticias-carreno\\\/#listItem\",\"name\":\"Noticias Carre\\u00f1o\"}}]},{\"@type\":\"NewsArticle\",\"@id\":\"https:\\\/\\\/candas365.es\\\/noticias\\\/carreno-ofrecera-nuevos-cursos-sociales-y-culturales-en-2019\\\/#newsarticle\",\"name\":\"Carre\\u00f1o ofrecer\\u00e1 nuevos cursos sociales y culturales en 2019 | Cand\\u00e1s 365\",\"headline\":\"Carre\\u00f1o ofrecer\\u00e1 nuevos cursos sociales y culturales en 2019\",\"author\":{\"@id\":\"https:\\\/\\\/candas365.es\\\/noticias\\\/author\\\/admin\\\/#author\"},\"publisher\":{\"@id\":\"https:\\\/\\\/candas365.es\\\/noticias\\\/#organization\"},\"image\":{\"@type\":\"ImageObject\",\"url\":\"https:\\\/\\\/candas365.es\\\/noticias\\\/wp-content\\\/uploads\\\/2018\\\/12\\\/books-2158737_960_720.jpg\",\"width\":960,\"height\":386},\"datePublished\":\"2018-12-26T09:35:45+01:00\",\"dateModified\":\"2018-12-26T09:35:45+01:00\",\"inLanguage\":\"es-ES\",\"mainEntityOfPage\":{\"@id\":\"https:\\\/\\\/candas365.es\\\/noticias\\\/carreno-ofrecera-nuevos-cursos-sociales-y-culturales-en-2019\\\/#webpage\"},\"isPartOf\":{\"@id\":\"https:\\\/\\\/candas365.es\\\/noticias\\\/carreno-ofrecera-nuevos-cursos-sociales-y-culturales-en-2019\\\/#webpage\"},\"articleSection\":\"Noticias Carre\\u00f1o\",\"dateline\":\"Publicado el diciembre 26, 2018.\"},{\"@type\":\"Organization\",\"@id\":\"https:\\\/\\\/candas365.es\\\/noticias\\\/#organization\",\"name\":\"Cand\\u00e1s 365\",\"description\":\"Cand\\u00e1s 365 es un diario digital independiente, fundado en 2012, con base en Asturias. Informamos con rigor sobre actualidad, sociedad, cultura y ocio, con una mirada local y global.\",\"url\":\"https:\\\/\\\/candas365.es\\\/noticias\\\/\",\"email\":\"info@candas365.es\",\"telephone\":\"+34652131393\",\"foundingDate\":\"2012-06-10\",\"logo\":{\"@type\":\"ImageObject\",\"url\":\"https:\\\/\\\/candas365.es\\\/noticias\\\/wp-content\\\/uploads\\\/2024\\\/09\\\/Candas-365-Redes.jpg\",\"@id\":\"https:\\\/\\\/candas365.es\\\/noticias\\\/carreno-ofrecera-nuevos-cursos-sociales-y-culturales-en-2019\\\/#organizationLogo\",\"width\":1152,\"height\":864,\"caption\":\"Cand\\u00e1s 365 Redes\"},\"image\":{\"@id\":\"https:\\\/\\\/candas365.es\\\/noticias\\\/carreno-ofrecera-nuevos-cursos-sociales-y-culturales-en-2019\\\/#organizationLogo\"},\"sameAs\":[\"https:\\\/\\\/www.facebook.com\\\/Nachofdezber\",\"https:\\\/\\\/x.com\\\/NabercoDigital\",\"https:\\\/\\\/www.instagram.com\\\/nachofdezber\\\/\",\"https:\\\/\\\/www.youtube.com\\\/channel\\\/UCZP-2wLEB9Rv6erhFmqVnvg\"],\"address\":{\"@id\":\"https:\\\/\\\/candas365.es\\\/noticias\\\/#postaladdress\",\"@type\":\"PostalAddress\",\"streetAddress\":\"san antonio 4, san antonio 4\",\"postalCode\":\"33430\",\"addressLocality\":\"Cand\\u00e1s\",\"addressRegion\":\"Asturias\",\"addressCountry\":\"ES\"}},{\"@type\":\"Person\",\"@id\":\"https:\\\/\\\/candas365.es\\\/noticias\\\/author\\\/admin\\\/#author\",\"url\":\"https:\\\/\\\/candas365.es\\\/noticias\\\/author\\\/admin\\\/\",\"name\":\"Cand\\u00e1s 365\",\"image\":{\"@type\":\"ImageObject\",\"@id\":\"https:\\\/\\\/candas365.es\\\/noticias\\\/carreno-ofrecera-nuevos-cursos-sociales-y-culturales-en-2019\\\/#authorImage\",\"url\":\"https:\\\/\\\/secure.gravatar.com\\\/avatar\\\/496a8e03d0c493ede1718b7934145dbdf8d89be1036b0eec9544e1094c9de390?s=96&d=mm&r=g\",\"width\":96,\"height\":96,\"caption\":\"Cand\\u00e1s 365\"},\"sameAs\":[\"https:\\\/\\\/www.facebook.com\\\/carrenoactualidad\",\"https:\\\/\\\/twitter.com\\\/nbasturias\",\"https:\\\/\\\/www.instagram.com\\\/nachofdezber\\\/\",\"https:\\\/\\\/www.youtube.com\\\/channel\\\/UCZP-2wLEB9Rv6erhFmqVnvg\"]},{\"@type\":\"WebPage\",\"@id\":\"https:\\\/\\\/candas365.es\\\/noticias\\\/carreno-ofrecera-nuevos-cursos-sociales-y-culturales-en-2019\\\/#webpage\",\"url\":\"https:\\\/\\\/candas365.es\\\/noticias\\\/carreno-ofrecera-nuevos-cursos-sociales-y-culturales-en-2019\\\/\",\"name\":\"Carre\\u00f1o ofrecer\\u00e1 nuevos cursos sociales y culturales en 2019 | Cand\\u00e1s 365\",\"description\":\"Dentro de la convocatoria anual de los Cursos de Extensi\\u00f3n Cultural para el curso 2018-2019, la Concejal\\u00eda de Cultura ha abierto un nuevo per\\u00edodo de matriculaci\\u00f3n para aquellas acciones formativas que tienen previsto su comienzo el pr\\u00f3ximo mes de enero. Para este curso 2018\\\/2019 se han ofrecido 30 acciones formativas de 17 tem\\u00e1ticas distintas. Manteniendo\",\"inLanguage\":\"es-ES\",\"isPartOf\":{\"@id\":\"https:\\\/\\\/candas365.es\\\/noticias\\\/#website\"},\"breadcrumb\":{\"@id\":\"https:\\\/\\\/candas365.es\\\/noticias\\\/carreno-ofrecera-nuevos-cursos-sociales-y-culturales-en-2019\\\/#breadcrumblist\"},\"author\":{\"@id\":\"https:\\\/\\\/candas365.es\\\/noticias\\\/author\\\/admin\\\/#author\"},\"creator\":{\"@id\":\"https:\\\/\\\/candas365.es\\\/noticias\\\/author\\\/admin\\\/#author\"},\"image\":{\"@type\":\"ImageObject\",\"url\":\"https:\\\/\\\/candas365.es\\\/noticias\\\/wp-content\\\/uploads\\\/2018\\\/12\\\/books-2158737_960_720.jpg\",\"@id\":\"https:\\\/\\\/candas365.es\\\/noticias\\\/carreno-ofrecera-nuevos-cursos-sociales-y-culturales-en-2019\\\/#mainImage\",\"width\":960,\"height\":386},\"primaryImageOfPage\":{\"@id\":\"https:\\\/\\\/candas365.es\\\/noticias\\\/carreno-ofrecera-nuevos-cursos-sociales-y-culturales-en-2019\\\/#mainImage\"},\"datePublished\":\"2018-12-26T09:35:45+01:00\",\"dateModified\":\"2018-12-26T09:35:45+01:00\"},{\"@type\":\"WebSite\",\"@id\":\"https:\\\/\\\/candas365.es\\\/noticias\\\/#website\",\"url\":\"https:\\\/\\\/candas365.es\\\/noticias\\\/\",\"name\":\"Cand\\u00e1s 365\",\"alternateName\":\"Cand\\u00e1s 365 Noticias\",\"description\":\"Actualidad desde Carre\\u00f1o para el mundo\",\"inLanguage\":\"es-ES\",\"publisher\":{\"@id\":\"https:\\\/\\\/candas365.es\\\/noticias\\\/#organization\"}}]}\n\t\t<\/script>\n\t\t<!-- All in One SEO Pro -->\r\n\t\t<title>Carre\u00f1o ofrecer\u00e1 nuevos cursos sociales y culturales en 2019 | Cand\u00e1s 365<\/title>\n\n","aioseo_head_json":{"title":"Carre\u00f1o ofrecer\u00e1 nuevos cursos sociales y culturales en 2019 | Cand\u00e1s 365","description":"Dentro de la convocatoria anual de los Cursos de Extensi\u00f3n Cultural para el curso 2018-2019, la Concejal\u00eda de Cultura ha abierto un nuevo per\u00edodo de matriculaci\u00f3n para aquellas acciones formativas que tienen previsto su comienzo el pr\u00f3ximo mes de enero. Para este curso 2018\/2019 se han ofrecido 30 acciones formativas de 17 tem\u00e1ticas distintas. Manteniendo","canonical_url":"https:\/\/candas365.es\/noticias\/carreno-ofrecera-nuevos-cursos-sociales-y-culturales-en-2019\/","robots":"max-image-preview:large","keywords":"noticias carre\u00f1o","webmasterTools":{"google-site-verification":"UA-32230408-1","msvalidate.01":"354F3CDFB2DA171B47FBE9ABF1F88D5","miscellaneous":""},"schema":{"@context":"https:\/\/schema.org","@graph":[{"@type":"BreadcrumbList","@id":"https:\/\/candas365.es\/noticias\/carreno-ofrecera-nuevos-cursos-sociales-y-culturales-en-2019\/#breadcrumblist","itemListElement":[{"@type":"ListItem","@id":"https:\/\/candas365.es\/noticias#listItem","position":1,"name":"Home","item":"https:\/\/candas365.es\/noticias","nextItem":{"@type":"ListItem","@id":"https:\/\/candas365.es\/noticias\/category\/noticias-carreno\/#listItem","name":"Noticias Carre\u00f1o"}},{"@type":"ListItem","@id":"https:\/\/candas365.es\/noticias\/category\/noticias-carreno\/#listItem","position":2,"name":"Noticias Carre\u00f1o","item":"https:\/\/candas365.es\/noticias\/category\/noticias-carreno\/","nextItem":{"@type":"ListItem","@id":"https:\/\/candas365.es\/noticias\/carreno-ofrecera-nuevos-cursos-sociales-y-culturales-en-2019\/#listItem","name":"Carre\u00f1o ofrecer\u00e1 nuevos cursos sociales y culturales en 2019"},"previousItem":{"@type":"ListItem","@id":"https:\/\/candas365.es\/noticias#listItem","name":"Home"}},{"@type":"ListItem","@id":"https:\/\/candas365.es\/noticias\/carreno-ofrecera-nuevos-cursos-sociales-y-culturales-en-2019\/#listItem","position":3,"name":"Carre\u00f1o ofrecer\u00e1 nuevos cursos sociales y culturales en 2019","previousItem":{"@type":"ListItem","@id":"https:\/\/candas365.es\/noticias\/category\/noticias-carreno\/#listItem","name":"Noticias Carre\u00f1o"}}]},{"@type":"NewsArticle","@id":"https:\/\/candas365.es\/noticias\/carreno-ofrecera-nuevos-cursos-sociales-y-culturales-en-2019\/#newsarticle","name":"Carre\u00f1o ofrecer\u00e1 nuevos cursos sociales y culturales en 2019 | Cand\u00e1s 365","headline":"Carre\u00f1o ofrecer\u00e1 nuevos cursos sociales y culturales en 2019","author":{"@id":"https:\/\/candas365.es\/noticias\/author\/admin\/#author"},"publisher":{"@id":"https:\/\/candas365.es\/noticias\/#organization"},"image":{"@type":"ImageObject","url":"https:\/\/candas365.es\/noticias\/wp-content\/uploads\/2018\/12\/books-2158737_960_720.jpg","width":960,"height":386},"datePublished":"2018-12-26T09:35:45+01:00","dateModified":"2018-12-26T09:35:45+01:00","inLanguage":"es-ES","mainEntityOfPage":{"@id":"https:\/\/candas365.es\/noticias\/carreno-ofrecera-nuevos-cursos-sociales-y-culturales-en-2019\/#webpage"},"isPartOf":{"@id":"https:\/\/candas365.es\/noticias\/carreno-ofrecera-nuevos-cursos-sociales-y-culturales-en-2019\/#webpage"},"articleSection":"Noticias Carre\u00f1o","dateline":"Publicado el diciembre 26, 2018."},{"@type":"Organization","@id":"https:\/\/candas365.es\/noticias\/#organization","name":"Cand\u00e1s 365","description":"Cand\u00e1s 365 es un diario digital independiente, fundado en 2012, con base en Asturias. Informamos con rigor sobre actualidad, sociedad, cultura y ocio, con una mirada local y global.","url":"https:\/\/candas365.es\/noticias\/","email":"info@candas365.es","telephone":"+34652131393","foundingDate":"2012-06-10","logo":{"@type":"ImageObject","url":"https:\/\/candas365.es\/noticias\/wp-content\/uploads\/2024\/09\/Candas-365-Redes.jpg","@id":"https:\/\/candas365.es\/noticias\/carreno-ofrecera-nuevos-cursos-sociales-y-culturales-en-2019\/#organizationLogo","width":1152,"height":864,"caption":"Cand\u00e1s 365 Redes"},"image":{"@id":"https:\/\/candas365.es\/noticias\/carreno-ofrecera-nuevos-cursos-sociales-y-culturales-en-2019\/#organizationLogo"},"sameAs":["https:\/\/www.facebook.com\/Nachofdezber","https:\/\/x.com\/NabercoDigital","https:\/\/www.instagram.com\/nachofdezber\/","https:\/\/www.youtube.com\/channel\/UCZP-2wLEB9Rv6erhFmqVnvg"],"address":{"@id":"https:\/\/candas365.es\/noticias\/#postaladdress","@type":"PostalAddress","streetAddress":"san antonio 4, san antonio 4","postalCode":"33430","addressLocality":"Cand\u00e1s","addressRegion":"Asturias","addressCountry":"ES"}},{"@type":"Person","@id":"https:\/\/candas365.es\/noticias\/author\/admin\/#author","url":"https:\/\/candas365.es\/noticias\/author\/admin\/","name":"Cand\u00e1s 365","image":{"@type":"ImageObject","@id":"https:\/\/candas365.es\/noticias\/carreno-ofrecera-nuevos-cursos-sociales-y-culturales-en-2019\/#authorImage","url":"https:\/\/secure.gravatar.com\/avatar\/496a8e03d0c493ede1718b7934145dbdf8d89be1036b0eec9544e1094c9de390?s=96&d=mm&r=g","width":96,"height":96,"caption":"Cand\u00e1s 365"},"sameAs":["https:\/\/www.facebook.com\/carrenoactualidad","https:\/\/twitter.com\/nbasturias","https:\/\/www.instagram.com\/nachofdezber\/","https:\/\/www.youtube.com\/channel\/UCZP-2wLEB9Rv6erhFmqVnvg"]},{"@type":"WebPage","@id":"https:\/\/candas365.es\/noticias\/carreno-ofrecera-nuevos-cursos-sociales-y-culturales-en-2019\/#webpage","url":"https:\/\/candas365.es\/noticias\/carreno-ofrecera-nuevos-cursos-sociales-y-culturales-en-2019\/","name":"Carre\u00f1o ofrecer\u00e1 nuevos cursos sociales y culturales en 2019 | Cand\u00e1s 365","description":"Dentro de la convocatoria anual de los Cursos de Extensi\u00f3n Cultural para el curso 2018-2019, la Concejal\u00eda de Cultura ha abierto un nuevo per\u00edodo de matriculaci\u00f3n para aquellas acciones formativas que tienen previsto su comienzo el pr\u00f3ximo mes de enero. Para este curso 2018\/2019 se han ofrecido 30 acciones formativas de 17 tem\u00e1ticas distintas. Manteniendo","inLanguage":"es-ES","isPartOf":{"@id":"https:\/\/candas365.es\/noticias\/#website"},"breadcrumb":{"@id":"https:\/\/candas365.es\/noticias\/carreno-ofrecera-nuevos-cursos-sociales-y-culturales-en-2019\/#breadcrumblist"},"author":{"@id":"https:\/\/candas365.es\/noticias\/author\/admin\/#author"},"creator":{"@id":"https:\/\/candas365.es\/noticias\/author\/admin\/#author"},"image":{"@type":"ImageObject","url":"https:\/\/candas365.es\/noticias\/wp-content\/uploads\/2018\/12\/books-2158737_960_720.jpg","@id":"https:\/\/candas365.es\/noticias\/carreno-ofrecera-nuevos-cursos-sociales-y-culturales-en-2019\/#mainImage","width":960,"height":386},"primaryImageOfPage":{"@id":"https:\/\/candas365.es\/noticias\/carreno-ofrecera-nuevos-cursos-sociales-y-culturales-en-2019\/#mainImage"},"datePublished":"2018-12-26T09:35:45+01:00","dateModified":"2018-12-26T09:35:45+01:00"},{"@type":"WebSite","@id":"https:\/\/candas365.es\/noticias\/#website","url":"https:\/\/candas365.es\/noticias\/","name":"Cand\u00e1s 365","alternateName":"Cand\u00e1s 365 Noticias","description":"Actualidad desde Carre\u00f1o para el mundo","inLanguage":"es-ES","publisher":{"@id":"https:\/\/candas365.es\/noticias\/#organization"}}]},"og:locale":"es_ES","og:site_name":"Cand\u00e1s 365","og:type":"article","og:title":"Carre\u00f1o ofrecer\u00e1 nuevos cursos sociales y culturales en 2019 | Cand\u00e1s 365","og:description":"Dentro de la convocatoria anual de los Cursos de Extensi\u00f3n Cultural para el curso 2018-2019, la Concejal\u00eda de Cultura ha abierto un nuevo per\u00edodo de matriculaci\u00f3n para aquellas acciones formativas que tienen previsto su comienzo el pr\u00f3ximo mes de enero. Para este curso 2018\/2019 se han ofrecido 30 acciones formativas de 17 tem\u00e1ticas distintas. Manteniendo","og:url":"https:\/\/candas365.es\/noticias\/carreno-ofrecera-nuevos-cursos-sociales-y-culturales-en-2019\/","og:image":"https:\/\/candas365.es\/noticias\/wp-content\/uploads\/2018\/12\/books-2158737_960_720.jpg","og:image:secure_url":"https:\/\/candas365.es\/noticias\/wp-content\/uploads\/2018\/12\/books-2158737_960_720.jpg","og:image:width":960,"og:image:height":386,"article:published_time":"2018-12-26T09:35:45+00:00","article:modified_time":"2018-12-26T09:35:45+00:00","article:publisher":"https:\/\/www.facebook.com\/Nachofdezber","article:author":"https:\/\/www.facebook.com\/carrenoactualidad","twitter:card":"summary_large_image","twitter:site":"@NabercoDigital","twitter:title":"Carre\u00f1o ofrecer\u00e1 nuevos cursos sociales y culturales en 2019 | Cand\u00e1s 365","twitter:description":"Dentro de la convocatoria anual de los Cursos de Extensi\u00f3n Cultural para el curso 2018-2019, la Concejal\u00eda de Cultura ha abierto un nuevo per\u00edodo de matriculaci\u00f3n para aquellas acciones formativas que tienen previsto su comienzo el pr\u00f3ximo mes de enero. Para este curso 2018\/2019 se han ofrecido 30 acciones formativas de 17 tem\u00e1ticas distintas. Manteniendo","twitter:creator":"@nbasturias","twitter:image":"https:\/\/candas365.es\/noticias\/wp-content\/uploads\/2018\/12\/books-2158737_960_720.jpg","twitter:label1":"Escrito por","twitter:data1":"Cand\u00e1s 365","twitter:label2":"Tiempo de lectura estimado","twitter:data2":"5 minutos"},"aioseo_meta_data":{"post_id":"112762","title":null,"description":null,"keywords":null,"keyphrases":null,"primary_term":null,"canonical_url":null,"og_title":null,"og_description":null,"og_object_type":"default","og_image_type":"default","og_image_url":null,"og_image_width":null,"og_image_height":null,"og_image_custom_url":null,"og_image_custom_fields":null,"og_video":null,"og_custom_url":null,"og_article_section":null,"og_article_tags":null,"twitter_use_og":false,"twitter_card":"default","twitter_image_type":"default","twitter_image_url":null,"twitter_image_custom_url":null,"twitter_image_custom_fields":null,"twitter_title":null,"twitter_description":null,"schema":{"blockGraphs":[],"customGraphs":[],"default":{"data":{"Article":[],"Course":[],"Dataset":[],"FAQPage":[],"Movie":[],"Person":[],"Product":[],"ProductReview":[],"Car":[],"Recipe":[],"Service":[],"SoftwareApplication":[],"WebPage":[]},"graphName":"","isEnabled":true},"graphs":[],"defaultGraph":"","defaultPostTypeGraph":""},"schema_type":null,"schema_type_options":null,"pillar_content":false,"robots_default":true,"robots_noindex":false,"robots_noarchive":false,"robots_nosnippet":false,"robots_nofollow":false,"robots_noimageindex":false,"robots_noodp":false,"robots_notranslate":false,"robots_max_snippet":null,"robots_max_videopreview":null,"robots_max_imagepreview":"large","priority":null,"frequency":null,"location":null,"local_seo":null,"seo_analyzer_scan_date":"2025-08-28 19:22:15","breadcrumb_settings":null,"limit_modified_date":false,"reviewed_by":null,"open_ai":null,"ai":null,"created":"2020-12-21 11:32:56","updated":"2025-08-28 19:22:15"},"aioseo_breadcrumb":"<div class=\"aioseo-breadcrumbs\"><span class=\"aioseo-breadcrumb\">\n\t<a href=\"https:\/\/candas365.es\/noticias\" title=\"Home\">Home<\/a>\n<\/span><span class=\"aioseo-breadcrumb-separator\">&ndash;<\/span><span class=\"aioseo-breadcrumb\">\n\t<a href=\"https:\/\/candas365.es\/noticias\/category\/noticias-carreno\/\" title=\"Noticias Carre\u00f1o\">Noticias Carre\u00f1o<\/a>\n<\/span><span class=\"aioseo-breadcrumb-separator\">&ndash;<\/span><span class=\"aioseo-breadcrumb\">\n\tCarre\u00f1o ofrecer\u00e1 nuevos cursos sociales y culturales en 2019\n<\/span><\/div>","aioseo_breadcrumb_json":[{"label":"Home","link":"https:\/\/candas365.es\/noticias"},{"label":"Noticias Carre\u00f1o","link":"https:\/\/candas365.es\/noticias\/category\/noticias-carreno\/"},{"label":"Carre\u00f1o ofrecer\u00e1 nuevos cursos sociales y culturales en 2019","link":"https:\/\/candas365.es\/noticias\/carreno-ofrecera-nuevos-cursos-sociales-y-culturales-en-2019\/"}],"_links":{"self":[{"href":"https:\/\/candas365.es\/noticias\/wp-json\/wp\/v2\/posts\/112762","targetHints":{"allow":["GET"]}}],"collection":[{"href":"https:\/\/candas365.es\/noticias\/wp-json\/wp\/v2\/posts"}],"about":[{"href":"https:\/\/candas365.es\/noticias\/wp-json\/wp\/v2\/types\/post"}],"author":[{"embeddable":true,"href":"https:\/\/candas365.es\/noticias\/wp-json\/wp\/v2\/users\/1"}],"replies":[{"embeddable":true,"href":"https:\/\/candas365.es\/noticias\/wp-json\/wp\/v2\/comments?post=112762"}],"version-history":[{"count":0,"href":"https:\/\/candas365.es\/noticias\/wp-json\/wp\/v2\/posts\/112762\/revisions"}],"wp:featuredmedia":[{"embeddable":true,"href":"https:\/\/candas365.es\/noticias\/wp-json\/wp\/v2\/media\/112763"}],"wp:attachment":[{"href":"https:\/\/candas365.es\/noticias\/wp-json\/wp\/v2\/media?parent=112762"}],"wp:term":[{"taxonomy":"category","embeddable":true,"href":"https:\/\/candas365.es\/noticias\/wp-json\/wp\/v2\/categories?post=112762"},{"taxonomy":"post_tag","embeddable":true,"href":"https:\/\/candas365.es\/noticias\/wp-json\/wp\/v2\/tags?post=112762"}],"curies":[{"name":"wp","href":"https:\/\/api.w.org\/{rel}","templated":true}]}}