{"id":112760,"date":"2018-12-26T06:41:12","date_gmt":"2018-12-26T06:41:12","guid":{"rendered":"http:\/\/candas365.es\/noticias\/?p=112760"},"modified":"2018-12-26T06:41:12","modified_gmt":"2018-12-26T06:41:12","slug":"atacan-la-propiedad-de-una-energetica-alemana-en-el-bosque-de-hambach","status":"publish","type":"post","link":"https:\/\/candas365.es\/noticias\/atacan-la-propiedad-de-una-energetica-alemana-en-el-bosque-de-hambach\/","title":{"rendered":"Atacan la propiedad de una energ\u00e9tica alemana en el bosque de Hambach"},"content":{"rendered":"<p><img fetchpriority=\"high\" decoding=\"async\" class=\"alignleft size-medium wp-image-86307\" src=\"https:\/\/candas365.es\/noticias\/wp-content\/uploads\/2017\/12\/apple-1853306_1280-news2-360x240.jpg\" alt=\"\" width=\"360\" height=\"240\" srcset=\"https:\/\/candas365.es\/noticias\/wp-content\/uploads\/2017\/12\/apple-1853306_1280-news2-360x240.jpg 360w, https:\/\/candas365.es\/noticias\/wp-content\/uploads\/2017\/12\/apple-1853306_1280-news2-768x512.jpg 768w, https:\/\/candas365.es\/noticias\/wp-content\/uploads\/2017\/12\/apple-1853306_1280-news2-655x436.jpg 655w, https:\/\/candas365.es\/noticias\/wp-content\/uploads\/2017\/12\/apple-1853306_1280-news2-696x464.jpg 696w, https:\/\/candas365.es\/noticias\/wp-content\/uploads\/2017\/12\/apple-1853306_1280-news2-1068x712.jpg 1068w, https:\/\/candas365.es\/noticias\/wp-content\/uploads\/2017\/12\/apple-1853306_1280-news2-630x420.jpg 630w, https:\/\/candas365.es\/noticias\/wp-content\/uploads\/2017\/12\/apple-1853306_1280-news2-84x55.jpg 84w, https:\/\/candas365.es\/noticias\/wp-content\/uploads\/2017\/12\/apple-1853306_1280-news2.jpg 1280w\" sizes=\"(max-width: 360px) 100vw, 360px\" \/>Hambach (Alemania), 25 dic (dpa) &#8211; Desconocidos volvieron a atacar hoy la propiedad de la proveedora alemana de energ\u00eda RWE en un \u00e1rea boscosa del oeste del pa\u00eds cuya inminente tala para la explotaci\u00f3n de carb\u00f3n mineral desat\u00f3 multitudinarias protestas en septiembre pasado.<\/p>\n<p>Seg\u00fan comunic\u00f3 la Polic\u00eda, varios atacantes enmascarados arrojaron esta ma\u00f1ana c\u00f3cteles molotov y piedras a veh\u00edculos de trabajo de RWE en el bosque de Hambach, en el oeste del pa\u00eds.<\/p>\n<p>Tambi\u00e9n agredieron al cuerpo de bomberos de la empresa que intentaba apagar el fuego causado por los objetos incendiarios. La Polic\u00eda abri\u00f3 expediente por cargos de lesi\u00f3n corporal grave, incendio intencionado y alteraci\u00f3n del orden p\u00fablico.<\/p>\n<p>Un incidente similar ocurri\u00f3 el pasado viernes. Unas 20 personas atacaron a empleados de RWE con hondas y piedras. Un empleado recibi\u00f3 una pedrada en la cabeza.<\/p>\n<p>RWE inici\u00f3 a mediados de septiembre entre grandes protestas de activistas la limpieza de esta zona de hayas y robles centenarios para extraer lignito, considerado uno de los combustibles f\u00f3siles m\u00e1s contaminantes. La tala de especies en este paraje natural provoc\u00f3 numerosos enfrentamientos entre manifestantes y la Polic\u00eda.<\/p>\n<p>La empresa suspendi\u00f3 las tareas de limpieza por una orden judicial de primera instancia. Para muchos, el bosque de Hambach, en Renania del Norte-Westfalia, se ha convertido en un s\u00edmbolo de resistencia contra la generaci\u00f3n de electricidad a partir del carb\u00f3n, perjudicial para el clima.<\/p>\n","protected":false},"excerpt":{"rendered":"<p>Hambach (Alemania), 25 dic (dpa) &#8211; Desconocidos volvieron a atacar hoy la propiedad de la proveedora alemana de energ\u00eda RWE en un \u00e1rea boscosa del oeste del pa\u00eds cuya inminente tala para la explotaci\u00f3n de carb\u00f3n mineral desat\u00f3 multitudinarias protestas en septiembre pasado. Seg\u00fan comunic\u00f3 la Polic\u00eda, varios atacantes enmascarados arrojaron esta ma\u00f1ana c\u00f3cteles molotov<\/p>\n","protected":false},"author":1,"featured_media":86307,"comment_status":"closed","ping_status":"closed","sticky":false,"template":"","format":"standard","meta":{"footnotes":""},"categories":[343],"tags":[],"class_list":{"0":"post-112760","1":"post","2":"type-post","3":"status-publish","4":"format-standard","5":"has-post-thumbnail","7":"category-actualidad"},"aioseo_notices":[],"aioseo_head":"\n\t\t<!-- All in One SEO Pro 4.9.6.2 - aioseo.com -->\n\t<meta name=\"description\" content=\"Hambach (Alemania), 25 dic (dpa) - Desconocidos volvieron a atacar hoy la propiedad de la proveedora alemana de energ\u00eda RWE en un \u00e1rea boscosa del oeste del pa\u00eds cuya inminente tala para la explotaci\u00f3n de carb\u00f3n mineral desat\u00f3 multitudinarias protestas en septiembre pasado. Seg\u00fan comunic\u00f3 la Polic\u00eda, varios atacantes enmascarados arrojaron esta ma\u00f1ana c\u00f3cteles molotov\" \/>\n\t<meta name=\"robots\" content=\"max-image-preview:large\" \/>\n\t<meta name=\"author\" content=\"Cand\u00e1s 365\"\/>\n\t<meta name=\"google-site-verification\" content=\"UA-32230408-1\" \/>\n\t<meta name=\"msvalidate.01\" content=\"354F3CDFB2DA171B47FBE9ABF1F88D5\" \/>\n\t<meta name=\"keywords\" content=\"actualidad\" \/>\n\t<link rel=\"canonical\" href=\"https:\/\/candas365.es\/noticias\/atacan-la-propiedad-de-una-energetica-alemana-en-el-bosque-de-hambach\/\" \/>\n\t<meta name=\"generator\" content=\"All in One SEO Pro (AIOSEO) 4.9.6.2\" \/>\n\t\t<meta property=\"og:locale\" content=\"es_ES\" \/>\n\t\t<meta property=\"og:site_name\" content=\"Cand\u00e1s 365\" \/>\n\t\t<meta property=\"og:type\" content=\"article\" \/>\n\t\t<meta property=\"og:title\" content=\"Atacan la propiedad de una energ\u00e9tica alemana en el bosque de Hambach | Cand\u00e1s 365\" \/>\n\t\t<meta property=\"og:description\" content=\"Hambach (Alemania), 25 dic (dpa) - Desconocidos volvieron a atacar hoy la propiedad de la proveedora alemana de energ\u00eda RWE en un \u00e1rea boscosa del oeste del pa\u00eds cuya inminente tala para la explotaci\u00f3n de carb\u00f3n mineral desat\u00f3 multitudinarias protestas en septiembre pasado. Seg\u00fan comunic\u00f3 la Polic\u00eda, varios atacantes enmascarados arrojaron esta ma\u00f1ana c\u00f3cteles molotov\" \/>\n\t\t<meta property=\"og:url\" content=\"https:\/\/candas365.es\/noticias\/atacan-la-propiedad-de-una-energetica-alemana-en-el-bosque-de-hambach\/\" \/>\n\t\t<meta property=\"og:image\" content=\"https:\/\/candas365.es\/noticias\/wp-content\/uploads\/2017\/12\/apple-1853306_1280-news2.jpg\" \/>\n\t\t<meta property=\"og:image:secure_url\" content=\"https:\/\/candas365.es\/noticias\/wp-content\/uploads\/2017\/12\/apple-1853306_1280-news2.jpg\" \/>\n\t\t<meta property=\"og:image:width\" content=\"1280\" \/>\n\t\t<meta property=\"og:image:height\" content=\"853\" \/>\n\t\t<meta property=\"article:published_time\" content=\"2018-12-26T06:41:12+00:00\" \/>\n\t\t<meta property=\"article:modified_time\" content=\"2018-12-26T06:41:12+00:00\" \/>\n\t\t<meta property=\"article:publisher\" content=\"https:\/\/www.facebook.com\/Nachofdezber\" \/>\n\t\t<meta property=\"article:author\" content=\"https:\/\/www.facebook.com\/carrenoactualidad\" \/>\n\t\t<meta name=\"twitter:card\" content=\"summary_large_image\" \/>\n\t\t<meta name=\"twitter:site\" content=\"@NabercoDigital\" \/>\n\t\t<meta name=\"twitter:title\" content=\"Atacan la propiedad de una energ\u00e9tica alemana en el bosque de Hambach | Cand\u00e1s 365\" \/>\n\t\t<meta name=\"twitter:description\" content=\"Hambach (Alemania), 25 dic (dpa) - Desconocidos volvieron a atacar hoy la propiedad de la proveedora alemana de energ\u00eda RWE en un \u00e1rea boscosa del oeste del pa\u00eds cuya inminente tala para la explotaci\u00f3n de carb\u00f3n mineral desat\u00f3 multitudinarias protestas en septiembre pasado. Seg\u00fan comunic\u00f3 la Polic\u00eda, varios atacantes enmascarados arrojaron esta ma\u00f1ana c\u00f3cteles molotov\" \/>\n\t\t<meta name=\"twitter:creator\" content=\"@nbasturias\" \/>\n\t\t<meta name=\"twitter:image\" content=\"https:\/\/candas365.es\/noticias\/wp-content\/uploads\/2017\/12\/apple-1853306_1280-news2.jpg\" \/>\n\t\t<meta name=\"twitter:label1\" content=\"Escrito por\" \/>\n\t\t<meta name=\"twitter:data1\" content=\"Cand\u00e1s 365\" \/>\n\t\t<meta name=\"twitter:label2\" content=\"Tiempo de lectura estimado\" \/>\n\t\t<meta name=\"twitter:data2\" content=\"1 minuto\" \/>\n\t\t<script type=\"application\/ld+json\" class=\"aioseo-schema\">\n\t\t\t{\"@context\":\"https:\\\/\\\/schema.org\",\"@graph\":[{\"@type\":\"BreadcrumbList\",\"@id\":\"https:\\\/\\\/candas365.es\\\/noticias\\\/atacan-la-propiedad-de-una-energetica-alemana-en-el-bosque-de-hambach\\\/#breadcrumblist\",\"itemListElement\":[{\"@type\":\"ListItem\",\"@id\":\"https:\\\/\\\/candas365.es\\\/noticias#listItem\",\"position\":1,\"name\":\"Home\",\"item\":\"https:\\\/\\\/candas365.es\\\/noticias\",\"nextItem\":{\"@type\":\"ListItem\",\"@id\":\"https:\\\/\\\/candas365.es\\\/noticias\\\/category\\\/actualidad\\\/#listItem\",\"name\":\"Actualidad\"}},{\"@type\":\"ListItem\",\"@id\":\"https:\\\/\\\/candas365.es\\\/noticias\\\/category\\\/actualidad\\\/#listItem\",\"position\":2,\"name\":\"Actualidad\",\"item\":\"https:\\\/\\\/candas365.es\\\/noticias\\\/category\\\/actualidad\\\/\",\"nextItem\":{\"@type\":\"ListItem\",\"@id\":\"https:\\\/\\\/candas365.es\\\/noticias\\\/atacan-la-propiedad-de-una-energetica-alemana-en-el-bosque-de-hambach\\\/#listItem\",\"name\":\"Atacan la propiedad de una energ\\u00e9tica alemana en el bosque de Hambach\"},\"previousItem\":{\"@type\":\"ListItem\",\"@id\":\"https:\\\/\\\/candas365.es\\\/noticias#listItem\",\"name\":\"Home\"}},{\"@type\":\"ListItem\",\"@id\":\"https:\\\/\\\/candas365.es\\\/noticias\\\/atacan-la-propiedad-de-una-energetica-alemana-en-el-bosque-de-hambach\\\/#listItem\",\"position\":3,\"name\":\"Atacan la propiedad de una energ\\u00e9tica alemana en el bosque de Hambach\",\"previousItem\":{\"@type\":\"ListItem\",\"@id\":\"https:\\\/\\\/candas365.es\\\/noticias\\\/category\\\/actualidad\\\/#listItem\",\"name\":\"Actualidad\"}}]},{\"@type\":\"NewsArticle\",\"@id\":\"https:\\\/\\\/candas365.es\\\/noticias\\\/atacan-la-propiedad-de-una-energetica-alemana-en-el-bosque-de-hambach\\\/#newsarticle\",\"name\":\"Atacan la propiedad de una energ\\u00e9tica alemana en el bosque de Hambach | Cand\\u00e1s 365\",\"headline\":\"Atacan la propiedad de una energ\\u00e9tica alemana en el bosque de Hambach\",\"author\":{\"@id\":\"https:\\\/\\\/candas365.es\\\/noticias\\\/author\\\/admin\\\/#author\"},\"publisher\":{\"@id\":\"https:\\\/\\\/candas365.es\\\/noticias\\\/#organization\"},\"image\":{\"@type\":\"ImageObject\",\"url\":\"https:\\\/\\\/candas365.es\\\/noticias\\\/wp-content\\\/uploads\\\/2017\\\/12\\\/apple-1853306_1280-news2.jpg\",\"width\":1280,\"height\":853},\"datePublished\":\"2018-12-26T06:41:12+01:00\",\"dateModified\":\"2018-12-26T06:41:12+01:00\",\"inLanguage\":\"es-ES\",\"mainEntityOfPage\":{\"@id\":\"https:\\\/\\\/candas365.es\\\/noticias\\\/atacan-la-propiedad-de-una-energetica-alemana-en-el-bosque-de-hambach\\\/#webpage\"},\"isPartOf\":{\"@id\":\"https:\\\/\\\/candas365.es\\\/noticias\\\/atacan-la-propiedad-de-una-energetica-alemana-en-el-bosque-de-hambach\\\/#webpage\"},\"articleSection\":\"Actualidad\",\"dateline\":\"Publicado el diciembre 26, 2018.\"},{\"@type\":\"Organization\",\"@id\":\"https:\\\/\\\/candas365.es\\\/noticias\\\/#organization\",\"name\":\"Cand\\u00e1s 365\",\"description\":\"Cand\\u00e1s 365 es un diario digital independiente, fundado en 2012, con base en Asturias. Informamos con rigor sobre actualidad, sociedad, cultura y ocio, con una mirada local y global.\",\"url\":\"https:\\\/\\\/candas365.es\\\/noticias\\\/\",\"email\":\"info@candas365.es\",\"telephone\":\"+34652131393\",\"foundingDate\":\"2012-06-10\",\"logo\":{\"@type\":\"ImageObject\",\"url\":\"https:\\\/\\\/candas365.es\\\/noticias\\\/wp-content\\\/uploads\\\/2024\\\/09\\\/Candas-365-Redes.jpg\",\"@id\":\"https:\\\/\\\/candas365.es\\\/noticias\\\/atacan-la-propiedad-de-una-energetica-alemana-en-el-bosque-de-hambach\\\/#organizationLogo\",\"width\":1152,\"height\":864,\"caption\":\"Cand\\u00e1s 365 Redes\"},\"image\":{\"@id\":\"https:\\\/\\\/candas365.es\\\/noticias\\\/atacan-la-propiedad-de-una-energetica-alemana-en-el-bosque-de-hambach\\\/#organizationLogo\"},\"sameAs\":[\"https:\\\/\\\/www.facebook.com\\\/Nachofdezber\",\"https:\\\/\\\/x.com\\\/NabercoDigital\",\"https:\\\/\\\/www.instagram.com\\\/nachofdezber\\\/\",\"https:\\\/\\\/www.youtube.com\\\/channel\\\/UCZP-2wLEB9Rv6erhFmqVnvg\"],\"address\":{\"@id\":\"https:\\\/\\\/candas365.es\\\/noticias\\\/#postaladdress\",\"@type\":\"PostalAddress\",\"streetAddress\":\"san antonio 4, san antonio 4\",\"postalCode\":\"33430\",\"addressLocality\":\"Cand\\u00e1s\",\"addressRegion\":\"Asturias\",\"addressCountry\":\"ES\"}},{\"@type\":\"Person\",\"@id\":\"https:\\\/\\\/candas365.es\\\/noticias\\\/author\\\/admin\\\/#author\",\"url\":\"https:\\\/\\\/candas365.es\\\/noticias\\\/author\\\/admin\\\/\",\"name\":\"Cand\\u00e1s 365\",\"image\":{\"@type\":\"ImageObject\",\"@id\":\"https:\\\/\\\/candas365.es\\\/noticias\\\/atacan-la-propiedad-de-una-energetica-alemana-en-el-bosque-de-hambach\\\/#authorImage\",\"url\":\"https:\\\/\\\/secure.gravatar.com\\\/avatar\\\/496a8e03d0c493ede1718b7934145dbdf8d89be1036b0eec9544e1094c9de390?s=96&d=mm&r=g\",\"width\":96,\"height\":96,\"caption\":\"Cand\\u00e1s 365\"},\"sameAs\":[\"https:\\\/\\\/www.facebook.com\\\/carrenoactualidad\",\"https:\\\/\\\/twitter.com\\\/nbasturias\",\"https:\\\/\\\/www.instagram.com\\\/nachofdezber\\\/\",\"https:\\\/\\\/www.youtube.com\\\/channel\\\/UCZP-2wLEB9Rv6erhFmqVnvg\"]},{\"@type\":\"WebPage\",\"@id\":\"https:\\\/\\\/candas365.es\\\/noticias\\\/atacan-la-propiedad-de-una-energetica-alemana-en-el-bosque-de-hambach\\\/#webpage\",\"url\":\"https:\\\/\\\/candas365.es\\\/noticias\\\/atacan-la-propiedad-de-una-energetica-alemana-en-el-bosque-de-hambach\\\/\",\"name\":\"Atacan la propiedad de una energ\\u00e9tica alemana en el bosque de Hambach | Cand\\u00e1s 365\",\"description\":\"Hambach (Alemania), 25 dic (dpa) - Desconocidos volvieron a atacar hoy la propiedad de la proveedora alemana de energ\\u00eda RWE en un \\u00e1rea boscosa del oeste del pa\\u00eds cuya inminente tala para la explotaci\\u00f3n de carb\\u00f3n mineral desat\\u00f3 multitudinarias protestas en septiembre pasado. Seg\\u00fan comunic\\u00f3 la Polic\\u00eda, varios atacantes enmascarados arrojaron esta ma\\u00f1ana c\\u00f3cteles molotov\",\"inLanguage\":\"es-ES\",\"isPartOf\":{\"@id\":\"https:\\\/\\\/candas365.es\\\/noticias\\\/#website\"},\"breadcrumb\":{\"@id\":\"https:\\\/\\\/candas365.es\\\/noticias\\\/atacan-la-propiedad-de-una-energetica-alemana-en-el-bosque-de-hambach\\\/#breadcrumblist\"},\"author\":{\"@id\":\"https:\\\/\\\/candas365.es\\\/noticias\\\/author\\\/admin\\\/#author\"},\"creator\":{\"@id\":\"https:\\\/\\\/candas365.es\\\/noticias\\\/author\\\/admin\\\/#author\"},\"image\":{\"@type\":\"ImageObject\",\"url\":\"https:\\\/\\\/candas365.es\\\/noticias\\\/wp-content\\\/uploads\\\/2017\\\/12\\\/apple-1853306_1280-news2.jpg\",\"@id\":\"https:\\\/\\\/candas365.es\\\/noticias\\\/atacan-la-propiedad-de-una-energetica-alemana-en-el-bosque-de-hambach\\\/#mainImage\",\"width\":1280,\"height\":853},\"primaryImageOfPage\":{\"@id\":\"https:\\\/\\\/candas365.es\\\/noticias\\\/atacan-la-propiedad-de-una-energetica-alemana-en-el-bosque-de-hambach\\\/#mainImage\"},\"datePublished\":\"2018-12-26T06:41:12+01:00\",\"dateModified\":\"2018-12-26T06:41:12+01:00\"},{\"@type\":\"WebSite\",\"@id\":\"https:\\\/\\\/candas365.es\\\/noticias\\\/#website\",\"url\":\"https:\\\/\\\/candas365.es\\\/noticias\\\/\",\"name\":\"Cand\\u00e1s 365\",\"alternateName\":\"Cand\\u00e1s 365 Noticias\",\"description\":\"Actualidad desde Carre\\u00f1o para el mundo\",\"inLanguage\":\"es-ES\",\"publisher\":{\"@id\":\"https:\\\/\\\/candas365.es\\\/noticias\\\/#organization\"}}]}\n\t\t<\/script>\n\t\t<!-- All in One SEO Pro -->\r\n\t\t<title>Atacan la propiedad de una energ\u00e9tica alemana en el bosque de Hambach | Cand\u00e1s 365<\/title>\n\n","aioseo_head_json":{"title":"Atacan la propiedad de una energ\u00e9tica alemana en el bosque de Hambach | Cand\u00e1s 365","description":"Hambach (Alemania), 25 dic (dpa) - Desconocidos volvieron a atacar hoy la propiedad de la proveedora alemana de energ\u00eda RWE en un \u00e1rea boscosa del oeste del pa\u00eds cuya inminente tala para la explotaci\u00f3n de carb\u00f3n mineral desat\u00f3 multitudinarias protestas en septiembre pasado. Seg\u00fan comunic\u00f3 la Polic\u00eda, varios atacantes enmascarados arrojaron esta ma\u00f1ana c\u00f3cteles molotov","canonical_url":"https:\/\/candas365.es\/noticias\/atacan-la-propiedad-de-una-energetica-alemana-en-el-bosque-de-hambach\/","robots":"max-image-preview:large","keywords":"actualidad","webmasterTools":{"google-site-verification":"UA-32230408-1","msvalidate.01":"354F3CDFB2DA171B47FBE9ABF1F88D5","miscellaneous":""},"schema":{"@context":"https:\/\/schema.org","@graph":[{"@type":"BreadcrumbList","@id":"https:\/\/candas365.es\/noticias\/atacan-la-propiedad-de-una-energetica-alemana-en-el-bosque-de-hambach\/#breadcrumblist","itemListElement":[{"@type":"ListItem","@id":"https:\/\/candas365.es\/noticias#listItem","position":1,"name":"Home","item":"https:\/\/candas365.es\/noticias","nextItem":{"@type":"ListItem","@id":"https:\/\/candas365.es\/noticias\/category\/actualidad\/#listItem","name":"Actualidad"}},{"@type":"ListItem","@id":"https:\/\/candas365.es\/noticias\/category\/actualidad\/#listItem","position":2,"name":"Actualidad","item":"https:\/\/candas365.es\/noticias\/category\/actualidad\/","nextItem":{"@type":"ListItem","@id":"https:\/\/candas365.es\/noticias\/atacan-la-propiedad-de-una-energetica-alemana-en-el-bosque-de-hambach\/#listItem","name":"Atacan la propiedad de una energ\u00e9tica alemana en el bosque de Hambach"},"previousItem":{"@type":"ListItem","@id":"https:\/\/candas365.es\/noticias#listItem","name":"Home"}},{"@type":"ListItem","@id":"https:\/\/candas365.es\/noticias\/atacan-la-propiedad-de-una-energetica-alemana-en-el-bosque-de-hambach\/#listItem","position":3,"name":"Atacan la propiedad de una energ\u00e9tica alemana en el bosque de Hambach","previousItem":{"@type":"ListItem","@id":"https:\/\/candas365.es\/noticias\/category\/actualidad\/#listItem","name":"Actualidad"}}]},{"@type":"NewsArticle","@id":"https:\/\/candas365.es\/noticias\/atacan-la-propiedad-de-una-energetica-alemana-en-el-bosque-de-hambach\/#newsarticle","name":"Atacan la propiedad de una energ\u00e9tica alemana en el bosque de Hambach | Cand\u00e1s 365","headline":"Atacan la propiedad de una energ\u00e9tica alemana en el bosque de Hambach","author":{"@id":"https:\/\/candas365.es\/noticias\/author\/admin\/#author"},"publisher":{"@id":"https:\/\/candas365.es\/noticias\/#organization"},"image":{"@type":"ImageObject","url":"https:\/\/candas365.es\/noticias\/wp-content\/uploads\/2017\/12\/apple-1853306_1280-news2.jpg","width":1280,"height":853},"datePublished":"2018-12-26T06:41:12+01:00","dateModified":"2018-12-26T06:41:12+01:00","inLanguage":"es-ES","mainEntityOfPage":{"@id":"https:\/\/candas365.es\/noticias\/atacan-la-propiedad-de-una-energetica-alemana-en-el-bosque-de-hambach\/#webpage"},"isPartOf":{"@id":"https:\/\/candas365.es\/noticias\/atacan-la-propiedad-de-una-energetica-alemana-en-el-bosque-de-hambach\/#webpage"},"articleSection":"Actualidad","dateline":"Publicado el diciembre 26, 2018."},{"@type":"Organization","@id":"https:\/\/candas365.es\/noticias\/#organization","name":"Cand\u00e1s 365","description":"Cand\u00e1s 365 es un diario digital independiente, fundado en 2012, con base en Asturias. Informamos con rigor sobre actualidad, sociedad, cultura y ocio, con una mirada local y global.","url":"https:\/\/candas365.es\/noticias\/","email":"info@candas365.es","telephone":"+34652131393","foundingDate":"2012-06-10","logo":{"@type":"ImageObject","url":"https:\/\/candas365.es\/noticias\/wp-content\/uploads\/2024\/09\/Candas-365-Redes.jpg","@id":"https:\/\/candas365.es\/noticias\/atacan-la-propiedad-de-una-energetica-alemana-en-el-bosque-de-hambach\/#organizationLogo","width":1152,"height":864,"caption":"Cand\u00e1s 365 Redes"},"image":{"@id":"https:\/\/candas365.es\/noticias\/atacan-la-propiedad-de-una-energetica-alemana-en-el-bosque-de-hambach\/#organizationLogo"},"sameAs":["https:\/\/www.facebook.com\/Nachofdezber","https:\/\/x.com\/NabercoDigital","https:\/\/www.instagram.com\/nachofdezber\/","https:\/\/www.youtube.com\/channel\/UCZP-2wLEB9Rv6erhFmqVnvg"],"address":{"@id":"https:\/\/candas365.es\/noticias\/#postaladdress","@type":"PostalAddress","streetAddress":"san antonio 4, san antonio 4","postalCode":"33430","addressLocality":"Cand\u00e1s","addressRegion":"Asturias","addressCountry":"ES"}},{"@type":"Person","@id":"https:\/\/candas365.es\/noticias\/author\/admin\/#author","url":"https:\/\/candas365.es\/noticias\/author\/admin\/","name":"Cand\u00e1s 365","image":{"@type":"ImageObject","@id":"https:\/\/candas365.es\/noticias\/atacan-la-propiedad-de-una-energetica-alemana-en-el-bosque-de-hambach\/#authorImage","url":"https:\/\/secure.gravatar.com\/avatar\/496a8e03d0c493ede1718b7934145dbdf8d89be1036b0eec9544e1094c9de390?s=96&d=mm&r=g","width":96,"height":96,"caption":"Cand\u00e1s 365"},"sameAs":["https:\/\/www.facebook.com\/carrenoactualidad","https:\/\/twitter.com\/nbasturias","https:\/\/www.instagram.com\/nachofdezber\/","https:\/\/www.youtube.com\/channel\/UCZP-2wLEB9Rv6erhFmqVnvg"]},{"@type":"WebPage","@id":"https:\/\/candas365.es\/noticias\/atacan-la-propiedad-de-una-energetica-alemana-en-el-bosque-de-hambach\/#webpage","url":"https:\/\/candas365.es\/noticias\/atacan-la-propiedad-de-una-energetica-alemana-en-el-bosque-de-hambach\/","name":"Atacan la propiedad de una energ\u00e9tica alemana en el bosque de Hambach | Cand\u00e1s 365","description":"Hambach (Alemania), 25 dic (dpa) - Desconocidos volvieron a atacar hoy la propiedad de la proveedora alemana de energ\u00eda RWE en un \u00e1rea boscosa del oeste del pa\u00eds cuya inminente tala para la explotaci\u00f3n de carb\u00f3n mineral desat\u00f3 multitudinarias protestas en septiembre pasado. Seg\u00fan comunic\u00f3 la Polic\u00eda, varios atacantes enmascarados arrojaron esta ma\u00f1ana c\u00f3cteles molotov","inLanguage":"es-ES","isPartOf":{"@id":"https:\/\/candas365.es\/noticias\/#website"},"breadcrumb":{"@id":"https:\/\/candas365.es\/noticias\/atacan-la-propiedad-de-una-energetica-alemana-en-el-bosque-de-hambach\/#breadcrumblist"},"author":{"@id":"https:\/\/candas365.es\/noticias\/author\/admin\/#author"},"creator":{"@id":"https:\/\/candas365.es\/noticias\/author\/admin\/#author"},"image":{"@type":"ImageObject","url":"https:\/\/candas365.es\/noticias\/wp-content\/uploads\/2017\/12\/apple-1853306_1280-news2.jpg","@id":"https:\/\/candas365.es\/noticias\/atacan-la-propiedad-de-una-energetica-alemana-en-el-bosque-de-hambach\/#mainImage","width":1280,"height":853},"primaryImageOfPage":{"@id":"https:\/\/candas365.es\/noticias\/atacan-la-propiedad-de-una-energetica-alemana-en-el-bosque-de-hambach\/#mainImage"},"datePublished":"2018-12-26T06:41:12+01:00","dateModified":"2018-12-26T06:41:12+01:00"},{"@type":"WebSite","@id":"https:\/\/candas365.es\/noticias\/#website","url":"https:\/\/candas365.es\/noticias\/","name":"Cand\u00e1s 365","alternateName":"Cand\u00e1s 365 Noticias","description":"Actualidad desde Carre\u00f1o para el mundo","inLanguage":"es-ES","publisher":{"@id":"https:\/\/candas365.es\/noticias\/#organization"}}]},"og:locale":"es_ES","og:site_name":"Cand\u00e1s 365","og:type":"article","og:title":"Atacan la propiedad de una energ\u00e9tica alemana en el bosque de Hambach | Cand\u00e1s 365","og:description":"Hambach (Alemania), 25 dic (dpa) - Desconocidos volvieron a atacar hoy la propiedad de la proveedora alemana de energ\u00eda RWE en un \u00e1rea boscosa del oeste del pa\u00eds cuya inminente tala para la explotaci\u00f3n de carb\u00f3n mineral desat\u00f3 multitudinarias protestas en septiembre pasado. Seg\u00fan comunic\u00f3 la Polic\u00eda, varios atacantes enmascarados arrojaron esta ma\u00f1ana c\u00f3cteles molotov","og:url":"https:\/\/candas365.es\/noticias\/atacan-la-propiedad-de-una-energetica-alemana-en-el-bosque-de-hambach\/","og:image":"https:\/\/candas365.es\/noticias\/wp-content\/uploads\/2017\/12\/apple-1853306_1280-news2.jpg","og:image:secure_url":"https:\/\/candas365.es\/noticias\/wp-content\/uploads\/2017\/12\/apple-1853306_1280-news2.jpg","og:image:width":1280,"og:image:height":853,"article:published_time":"2018-12-26T06:41:12+00:00","article:modified_time":"2018-12-26T06:41:12+00:00","article:publisher":"https:\/\/www.facebook.com\/Nachofdezber","article:author":"https:\/\/www.facebook.com\/carrenoactualidad","twitter:card":"summary_large_image","twitter:site":"@NabercoDigital","twitter:title":"Atacan la propiedad de una energ\u00e9tica alemana en el bosque de Hambach | Cand\u00e1s 365","twitter:description":"Hambach (Alemania), 25 dic (dpa) - Desconocidos volvieron a atacar hoy la propiedad de la proveedora alemana de energ\u00eda RWE en un \u00e1rea boscosa del oeste del pa\u00eds cuya inminente tala para la explotaci\u00f3n de carb\u00f3n mineral desat\u00f3 multitudinarias protestas en septiembre pasado. Seg\u00fan comunic\u00f3 la Polic\u00eda, varios atacantes enmascarados arrojaron esta ma\u00f1ana c\u00f3cteles molotov","twitter:creator":"@nbasturias","twitter:image":"https:\/\/candas365.es\/noticias\/wp-content\/uploads\/2017\/12\/apple-1853306_1280-news2.jpg","twitter:label1":"Escrito por","twitter:data1":"Cand\u00e1s 365","twitter:label2":"Tiempo de lectura estimado","twitter:data2":"1 minuto"},"aioseo_meta_data":{"post_id":"112760","title":null,"description":null,"keywords":null,"keyphrases":null,"primary_term":null,"canonical_url":null,"og_title":null,"og_description":null,"og_object_type":"default","og_image_type":"default","og_image_url":null,"og_image_width":null,"og_image_height":null,"og_image_custom_url":null,"og_image_custom_fields":null,"og_video":null,"og_custom_url":null,"og_article_section":null,"og_article_tags":null,"twitter_use_og":false,"twitter_card":"default","twitter_image_type":"default","twitter_image_url":null,"twitter_image_custom_url":null,"twitter_image_custom_fields":null,"twitter_title":null,"twitter_description":null,"schema":{"blockGraphs":[],"customGraphs":[],"default":{"data":{"Article":[],"Course":[],"Dataset":[],"FAQPage":[],"Movie":[],"Person":[],"Product":[],"ProductReview":[],"Car":[],"Recipe":[],"Service":[],"SoftwareApplication":[],"WebPage":[]},"graphName":"","isEnabled":true},"graphs":[]},"schema_type":null,"schema_type_options":null,"pillar_content":false,"robots_default":true,"robots_noindex":false,"robots_noarchive":false,"robots_nosnippet":false,"robots_nofollow":false,"robots_noimageindex":false,"robots_noodp":false,"robots_notranslate":false,"robots_max_snippet":null,"robots_max_videopreview":null,"robots_max_imagepreview":"large","priority":null,"frequency":null,"location":null,"local_seo":null,"seo_analyzer_scan_date":"2025-08-28 19:22:14","breadcrumb_settings":null,"limit_modified_date":false,"reviewed_by":null,"open_ai":null,"ai":null,"created":"2020-12-21 11:32:56","updated":"2025-08-28 19:22:14"},"aioseo_breadcrumb":"<div class=\"aioseo-breadcrumbs\"><span class=\"aioseo-breadcrumb\">\n\t<a href=\"https:\/\/candas365.es\/noticias\" title=\"Home\">Home<\/a>\n<\/span><span class=\"aioseo-breadcrumb-separator\">&ndash;<\/span><span class=\"aioseo-breadcrumb\">\n\t<a href=\"https:\/\/candas365.es\/noticias\/category\/actualidad\/\" title=\"Actualidad\">Actualidad<\/a>\n<\/span><span class=\"aioseo-breadcrumb-separator\">&ndash;<\/span><span class=\"aioseo-breadcrumb\">\n\tAtacan la propiedad de una energ\u00e9tica alemana en el bosque de Hambach\n<\/span><\/div>","aioseo_breadcrumb_json":[{"label":"Home","link":"https:\/\/candas365.es\/noticias"},{"label":"Actualidad","link":"https:\/\/candas365.es\/noticias\/category\/actualidad\/"},{"label":"Atacan la propiedad de una energ\u00e9tica alemana en el bosque de Hambach","link":"https:\/\/candas365.es\/noticias\/atacan-la-propiedad-de-una-energetica-alemana-en-el-bosque-de-hambach\/"}],"_links":{"self":[{"href":"https:\/\/candas365.es\/noticias\/wp-json\/wp\/v2\/posts\/112760","targetHints":{"allow":["GET"]}}],"collection":[{"href":"https:\/\/candas365.es\/noticias\/wp-json\/wp\/v2\/posts"}],"about":[{"href":"https:\/\/candas365.es\/noticias\/wp-json\/wp\/v2\/types\/post"}],"author":[{"embeddable":true,"href":"https:\/\/candas365.es\/noticias\/wp-json\/wp\/v2\/users\/1"}],"replies":[{"embeddable":true,"href":"https:\/\/candas365.es\/noticias\/wp-json\/wp\/v2\/comments?post=112760"}],"version-history":[{"count":0,"href":"https:\/\/candas365.es\/noticias\/wp-json\/wp\/v2\/posts\/112760\/revisions"}],"wp:featuredmedia":[{"embeddable":true,"href":"https:\/\/candas365.es\/noticias\/wp-json\/wp\/v2\/media\/86307"}],"wp:attachment":[{"href":"https:\/\/candas365.es\/noticias\/wp-json\/wp\/v2\/media?parent=112760"}],"wp:term":[{"taxonomy":"category","embeddable":true,"href":"https:\/\/candas365.es\/noticias\/wp-json\/wp\/v2\/categories?post=112760"},{"taxonomy":"post_tag","embeddable":true,"href":"https:\/\/candas365.es\/noticias\/wp-json\/wp\/v2\/tags?post=112760"}],"curies":[{"name":"wp","href":"https:\/\/api.w.org\/{rel}","templated":true}]}}