{"id":112757,"date":"2018-12-26T06:36:30","date_gmt":"2018-12-26T06:36:30","guid":{"rendered":"http:\/\/candas365.es\/noticias\/?p=112757"},"modified":"2018-12-26T06:36:30","modified_gmt":"2018-12-26T06:36:30","slug":"el-obispo-de-maguncia-critica-el-falseamiento-de-la-verdad","status":"publish","type":"post","link":"https:\/\/candas365.es\/noticias\/el-obispo-de-maguncia-critica-el-falseamiento-de-la-verdad\/","title":{"rendered":"El obispo de Maguncia critica el falseamiento de la verdad"},"content":{"rendered":"<p><img fetchpriority=\"high\" decoding=\"async\" class=\"alignleft size-medium wp-image-112758\" src=\"https:\/\/candas365.es\/noticias\/wp-content\/uploads\/2018\/12\/mainz-cathedral-2352959_960_720-360x247.jpg\" alt=\"\" width=\"360\" height=\"247\" srcset=\"https:\/\/candas365.es\/noticias\/wp-content\/uploads\/2018\/12\/mainz-cathedral-2352959_960_720-360x247.jpg 360w, https:\/\/candas365.es\/noticias\/wp-content\/uploads\/2018\/12\/mainz-cathedral-2352959_960_720-768x527.jpg 768w, https:\/\/candas365.es\/noticias\/wp-content\/uploads\/2018\/12\/mainz-cathedral-2352959_960_720-655x450.jpg 655w, https:\/\/candas365.es\/noticias\/wp-content\/uploads\/2018\/12\/mainz-cathedral-2352959_960_720-100x70.jpg 100w, https:\/\/candas365.es\/noticias\/wp-content\/uploads\/2018\/12\/mainz-cathedral-2352959_960_720-218x150.jpg 218w, https:\/\/candas365.es\/noticias\/wp-content\/uploads\/2018\/12\/mainz-cathedral-2352959_960_720-696x478.jpg 696w, https:\/\/candas365.es\/noticias\/wp-content\/uploads\/2018\/12\/mainz-cathedral-2352959_960_720-612x420.jpg 612w, https:\/\/candas365.es\/noticias\/wp-content\/uploads\/2018\/12\/mainz-cathedral-2352959_960_720.jpg 960w\" sizes=\"(max-width: 360px) 100vw, 360px\" \/>Maguncia (Alemania), 25 dic (dpa) &#8211; El obispo de la ciudad alemana de Maguncia, Peter Kohlgraf, exhort\u00f3 en su serm\u00f3n navide\u00f1o a no hacer concesiones en el tema de la verdad.<\/p>\n<p>\u00abPara mucha gente la verdad es hoy una verdad subjetiva o arreglada. Elecciones (pol\u00edticas) son influidas por verdades falseadas\u00bb, fustig\u00f3 Kohlgraf en una homil\u00eda que difundi\u00f3 el obispado en un comunicado.<\/p>\n<p>El dignatario tambi\u00e9n fue cr\u00edtico con su propia iglesia, envuelta en un esc\u00e1ndalo de abusos sexuales de menores. \u00abNos encontramos hoy ante el espantoso hecho de que existe una cara oscura de esta iglesia (&#8230;) El pecado y la culpa deben salir a luz\u00bb, demand\u00f3 el obispo.<\/p>\n<p>La Conferencia Episcopal Alemana present\u00f3 en septiembre un informe sobre abusos sexuales cometidos por sacerdotes a ni\u00f1os y menores y para el cual fueron examinados expedientes entre los a\u00f1os 1946 y 2014.<\/p>\n<p>La investigaci\u00f3n arroj\u00f3 que por lo menos 1.670 cl\u00e9rigos cat\u00f3licos abusaron de 3.677 j\u00f3venes, en su mayor\u00eda menores de sexo masculino.<\/p>\n<p>Los investigadores denunciaron la existencia de \u00abestructuras problem\u00e1ticas\u00bb en la iglesia cat\u00f3lica que pueden seguir promoviendo el abuso de menores como el notable poder que adquieren algunos religiosos o la inmadurez sexual de algunos combinada con la vida en celibato.<\/p>\n","protected":false},"excerpt":{"rendered":"<p>Maguncia (Alemania), 25 dic (dpa) &#8211; El obispo de la ciudad alemana de Maguncia, Peter Kohlgraf, exhort\u00f3 en su serm\u00f3n navide\u00f1o a no hacer concesiones en el tema de la verdad. \u00abPara mucha gente la verdad es hoy una verdad subjetiva o arreglada. Elecciones (pol\u00edticas) son influidas por verdades falseadas\u00bb, fustig\u00f3 Kohlgraf en una homil\u00eda<\/p>\n","protected":false},"author":1,"featured_media":112758,"comment_status":"closed","ping_status":"closed","sticky":false,"template":"","format":"standard","meta":{"footnotes":""},"categories":[343],"tags":[],"class_list":{"0":"post-112757","1":"post","2":"type-post","3":"status-publish","4":"format-standard","5":"has-post-thumbnail","7":"category-actualidad"},"aioseo_notices":[],"aioseo_head":"\n\t\t<!-- All in One SEO Pro 4.9.6.2 - aioseo.com -->\n\t<meta name=\"description\" content=\"Maguncia (Alemania), 25 dic (dpa) - El obispo de la ciudad alemana de Maguncia, Peter Kohlgraf, exhort\u00f3 en su serm\u00f3n navide\u00f1o a no hacer concesiones en el tema de la verdad. &quot;Para mucha gente la verdad es hoy una verdad subjetiva o arreglada. Elecciones (pol\u00edticas) son influidas por verdades falseadas&quot;, fustig\u00f3 Kohlgraf en una homil\u00eda\" \/>\n\t<meta name=\"robots\" content=\"max-image-preview:large\" \/>\n\t<meta name=\"author\" content=\"Cand\u00e1s 365\"\/>\n\t<meta name=\"google-site-verification\" content=\"UA-32230408-1\" \/>\n\t<meta name=\"msvalidate.01\" content=\"354F3CDFB2DA171B47FBE9ABF1F88D5\" \/>\n\t<meta name=\"keywords\" content=\"actualidad\" \/>\n\t<link rel=\"canonical\" href=\"https:\/\/candas365.es\/noticias\/el-obispo-de-maguncia-critica-el-falseamiento-de-la-verdad\/\" \/>\n\t<meta name=\"generator\" content=\"All in One SEO Pro (AIOSEO) 4.9.6.2\" \/>\n\t\t<meta property=\"og:locale\" content=\"es_ES\" \/>\n\t\t<meta property=\"og:site_name\" content=\"Cand\u00e1s 365\" \/>\n\t\t<meta property=\"og:type\" content=\"article\" \/>\n\t\t<meta property=\"og:title\" content=\"El obispo de Maguncia critica el falseamiento de la verdad | Cand\u00e1s 365\" \/>\n\t\t<meta property=\"og:description\" content=\"Maguncia (Alemania), 25 dic (dpa) - El obispo de la ciudad alemana de Maguncia, Peter Kohlgraf, exhort\u00f3 en su serm\u00f3n navide\u00f1o a no hacer concesiones en el tema de la verdad. &quot;Para mucha gente la verdad es hoy una verdad subjetiva o arreglada. Elecciones (pol\u00edticas) son influidas por verdades falseadas&quot;, fustig\u00f3 Kohlgraf en una homil\u00eda\" \/>\n\t\t<meta property=\"og:url\" content=\"https:\/\/candas365.es\/noticias\/el-obispo-de-maguncia-critica-el-falseamiento-de-la-verdad\/\" \/>\n\t\t<meta property=\"og:image\" content=\"https:\/\/candas365.es\/noticias\/wp-content\/uploads\/2018\/12\/mainz-cathedral-2352959_960_720.jpg\" \/>\n\t\t<meta property=\"og:image:secure_url\" content=\"https:\/\/candas365.es\/noticias\/wp-content\/uploads\/2018\/12\/mainz-cathedral-2352959_960_720.jpg\" \/>\n\t\t<meta property=\"og:image:width\" content=\"960\" \/>\n\t\t<meta property=\"og:image:height\" content=\"659\" \/>\n\t\t<meta property=\"article:published_time\" content=\"2018-12-26T06:36:30+00:00\" \/>\n\t\t<meta property=\"article:modified_time\" content=\"2018-12-26T06:36:30+00:00\" \/>\n\t\t<meta property=\"article:publisher\" content=\"https:\/\/www.facebook.com\/Nachofdezber\" \/>\n\t\t<meta property=\"article:author\" content=\"https:\/\/www.facebook.com\/carrenoactualidad\" \/>\n\t\t<meta name=\"twitter:card\" content=\"summary_large_image\" \/>\n\t\t<meta name=\"twitter:site\" content=\"@NabercoDigital\" \/>\n\t\t<meta name=\"twitter:title\" content=\"El obispo de Maguncia critica el falseamiento de la verdad | Cand\u00e1s 365\" \/>\n\t\t<meta name=\"twitter:description\" content=\"Maguncia (Alemania), 25 dic (dpa) - El obispo de la ciudad alemana de Maguncia, Peter Kohlgraf, exhort\u00f3 en su serm\u00f3n navide\u00f1o a no hacer concesiones en el tema de la verdad. &quot;Para mucha gente la verdad es hoy una verdad subjetiva o arreglada. Elecciones (pol\u00edticas) son influidas por verdades falseadas&quot;, fustig\u00f3 Kohlgraf en una homil\u00eda\" \/>\n\t\t<meta name=\"twitter:creator\" content=\"@nbasturias\" \/>\n\t\t<meta name=\"twitter:image\" content=\"https:\/\/candas365.es\/noticias\/wp-content\/uploads\/2018\/12\/mainz-cathedral-2352959_960_720.jpg\" \/>\n\t\t<meta name=\"twitter:label1\" content=\"Escrito por\" \/>\n\t\t<meta name=\"twitter:data1\" content=\"Cand\u00e1s 365\" \/>\n\t\t<meta name=\"twitter:label2\" content=\"Tiempo de lectura estimado\" \/>\n\t\t<meta name=\"twitter:data2\" content=\"1 minuto\" \/>\n\t\t<script type=\"application\/ld+json\" class=\"aioseo-schema\">\n\t\t\t{\"@context\":\"https:\\\/\\\/schema.org\",\"@graph\":[{\"@type\":\"BreadcrumbList\",\"@id\":\"https:\\\/\\\/candas365.es\\\/noticias\\\/el-obispo-de-maguncia-critica-el-falseamiento-de-la-verdad\\\/#breadcrumblist\",\"itemListElement\":[{\"@type\":\"ListItem\",\"@id\":\"https:\\\/\\\/candas365.es\\\/noticias#listItem\",\"position\":1,\"name\":\"Home\",\"item\":\"https:\\\/\\\/candas365.es\\\/noticias\",\"nextItem\":{\"@type\":\"ListItem\",\"@id\":\"https:\\\/\\\/candas365.es\\\/noticias\\\/category\\\/actualidad\\\/#listItem\",\"name\":\"Actualidad\"}},{\"@type\":\"ListItem\",\"@id\":\"https:\\\/\\\/candas365.es\\\/noticias\\\/category\\\/actualidad\\\/#listItem\",\"position\":2,\"name\":\"Actualidad\",\"item\":\"https:\\\/\\\/candas365.es\\\/noticias\\\/category\\\/actualidad\\\/\",\"nextItem\":{\"@type\":\"ListItem\",\"@id\":\"https:\\\/\\\/candas365.es\\\/noticias\\\/el-obispo-de-maguncia-critica-el-falseamiento-de-la-verdad\\\/#listItem\",\"name\":\"El obispo de Maguncia critica el falseamiento de la verdad\"},\"previousItem\":{\"@type\":\"ListItem\",\"@id\":\"https:\\\/\\\/candas365.es\\\/noticias#listItem\",\"name\":\"Home\"}},{\"@type\":\"ListItem\",\"@id\":\"https:\\\/\\\/candas365.es\\\/noticias\\\/el-obispo-de-maguncia-critica-el-falseamiento-de-la-verdad\\\/#listItem\",\"position\":3,\"name\":\"El obispo de Maguncia critica el falseamiento de la verdad\",\"previousItem\":{\"@type\":\"ListItem\",\"@id\":\"https:\\\/\\\/candas365.es\\\/noticias\\\/category\\\/actualidad\\\/#listItem\",\"name\":\"Actualidad\"}}]},{\"@type\":\"NewsArticle\",\"@id\":\"https:\\\/\\\/candas365.es\\\/noticias\\\/el-obispo-de-maguncia-critica-el-falseamiento-de-la-verdad\\\/#newsarticle\",\"name\":\"El obispo de Maguncia critica el falseamiento de la verdad | Cand\\u00e1s 365\",\"headline\":\"El obispo de Maguncia critica el falseamiento de la verdad\",\"author\":{\"@id\":\"https:\\\/\\\/candas365.es\\\/noticias\\\/author\\\/admin\\\/#author\"},\"publisher\":{\"@id\":\"https:\\\/\\\/candas365.es\\\/noticias\\\/#organization\"},\"image\":{\"@type\":\"ImageObject\",\"url\":\"https:\\\/\\\/candas365.es\\\/noticias\\\/wp-content\\\/uploads\\\/2018\\\/12\\\/mainz-cathedral-2352959_960_720.jpg\",\"width\":960,\"height\":659},\"datePublished\":\"2018-12-26T06:36:30+01:00\",\"dateModified\":\"2018-12-26T06:36:30+01:00\",\"inLanguage\":\"es-ES\",\"mainEntityOfPage\":{\"@id\":\"https:\\\/\\\/candas365.es\\\/noticias\\\/el-obispo-de-maguncia-critica-el-falseamiento-de-la-verdad\\\/#webpage\"},\"isPartOf\":{\"@id\":\"https:\\\/\\\/candas365.es\\\/noticias\\\/el-obispo-de-maguncia-critica-el-falseamiento-de-la-verdad\\\/#webpage\"},\"articleSection\":\"Actualidad\",\"dateline\":\"Publicado el diciembre 26, 2018.\"},{\"@type\":\"Organization\",\"@id\":\"https:\\\/\\\/candas365.es\\\/noticias\\\/#organization\",\"name\":\"Cand\\u00e1s 365\",\"description\":\"Cand\\u00e1s 365 es un diario digital independiente, fundado en 2012, con base en Asturias. Informamos con rigor sobre actualidad, sociedad, cultura y ocio, con una mirada local y global.\",\"url\":\"https:\\\/\\\/candas365.es\\\/noticias\\\/\",\"email\":\"info@candas365.es\",\"telephone\":\"+34652131393\",\"foundingDate\":\"2012-06-10\",\"logo\":{\"@type\":\"ImageObject\",\"url\":\"https:\\\/\\\/candas365.es\\\/noticias\\\/wp-content\\\/uploads\\\/2024\\\/09\\\/Candas-365-Redes.jpg\",\"@id\":\"https:\\\/\\\/candas365.es\\\/noticias\\\/el-obispo-de-maguncia-critica-el-falseamiento-de-la-verdad\\\/#organizationLogo\",\"width\":1152,\"height\":864,\"caption\":\"Cand\\u00e1s 365 Redes\"},\"image\":{\"@id\":\"https:\\\/\\\/candas365.es\\\/noticias\\\/el-obispo-de-maguncia-critica-el-falseamiento-de-la-verdad\\\/#organizationLogo\"},\"sameAs\":[\"https:\\\/\\\/www.facebook.com\\\/Nachofdezber\",\"https:\\\/\\\/x.com\\\/NabercoDigital\",\"https:\\\/\\\/www.instagram.com\\\/nachofdezber\\\/\",\"https:\\\/\\\/www.youtube.com\\\/channel\\\/UCZP-2wLEB9Rv6erhFmqVnvg\"],\"address\":{\"@id\":\"https:\\\/\\\/candas365.es\\\/noticias\\\/#postaladdress\",\"@type\":\"PostalAddress\",\"streetAddress\":\"san antonio 4, san antonio 4\",\"postalCode\":\"33430\",\"addressLocality\":\"Cand\\u00e1s\",\"addressRegion\":\"Asturias\",\"addressCountry\":\"ES\"}},{\"@type\":\"Person\",\"@id\":\"https:\\\/\\\/candas365.es\\\/noticias\\\/author\\\/admin\\\/#author\",\"url\":\"https:\\\/\\\/candas365.es\\\/noticias\\\/author\\\/admin\\\/\",\"name\":\"Cand\\u00e1s 365\",\"image\":{\"@type\":\"ImageObject\",\"@id\":\"https:\\\/\\\/candas365.es\\\/noticias\\\/el-obispo-de-maguncia-critica-el-falseamiento-de-la-verdad\\\/#authorImage\",\"url\":\"https:\\\/\\\/secure.gravatar.com\\\/avatar\\\/496a8e03d0c493ede1718b7934145dbdf8d89be1036b0eec9544e1094c9de390?s=96&d=mm&r=g\",\"width\":96,\"height\":96,\"caption\":\"Cand\\u00e1s 365\"},\"sameAs\":[\"https:\\\/\\\/www.facebook.com\\\/carrenoactualidad\",\"https:\\\/\\\/twitter.com\\\/nbasturias\",\"https:\\\/\\\/www.instagram.com\\\/nachofdezber\\\/\",\"https:\\\/\\\/www.youtube.com\\\/channel\\\/UCZP-2wLEB9Rv6erhFmqVnvg\"]},{\"@type\":\"WebPage\",\"@id\":\"https:\\\/\\\/candas365.es\\\/noticias\\\/el-obispo-de-maguncia-critica-el-falseamiento-de-la-verdad\\\/#webpage\",\"url\":\"https:\\\/\\\/candas365.es\\\/noticias\\\/el-obispo-de-maguncia-critica-el-falseamiento-de-la-verdad\\\/\",\"name\":\"El obispo de Maguncia critica el falseamiento de la verdad | Cand\\u00e1s 365\",\"description\":\"Maguncia (Alemania), 25 dic (dpa) - El obispo de la ciudad alemana de Maguncia, Peter Kohlgraf, exhort\\u00f3 en su serm\\u00f3n navide\\u00f1o a no hacer concesiones en el tema de la verdad. \\\"Para mucha gente la verdad es hoy una verdad subjetiva o arreglada. Elecciones (pol\\u00edticas) son influidas por verdades falseadas\\\", fustig\\u00f3 Kohlgraf en una homil\\u00eda\",\"inLanguage\":\"es-ES\",\"isPartOf\":{\"@id\":\"https:\\\/\\\/candas365.es\\\/noticias\\\/#website\"},\"breadcrumb\":{\"@id\":\"https:\\\/\\\/candas365.es\\\/noticias\\\/el-obispo-de-maguncia-critica-el-falseamiento-de-la-verdad\\\/#breadcrumblist\"},\"author\":{\"@id\":\"https:\\\/\\\/candas365.es\\\/noticias\\\/author\\\/admin\\\/#author\"},\"creator\":{\"@id\":\"https:\\\/\\\/candas365.es\\\/noticias\\\/author\\\/admin\\\/#author\"},\"image\":{\"@type\":\"ImageObject\",\"url\":\"https:\\\/\\\/candas365.es\\\/noticias\\\/wp-content\\\/uploads\\\/2018\\\/12\\\/mainz-cathedral-2352959_960_720.jpg\",\"@id\":\"https:\\\/\\\/candas365.es\\\/noticias\\\/el-obispo-de-maguncia-critica-el-falseamiento-de-la-verdad\\\/#mainImage\",\"width\":960,\"height\":659},\"primaryImageOfPage\":{\"@id\":\"https:\\\/\\\/candas365.es\\\/noticias\\\/el-obispo-de-maguncia-critica-el-falseamiento-de-la-verdad\\\/#mainImage\"},\"datePublished\":\"2018-12-26T06:36:30+01:00\",\"dateModified\":\"2018-12-26T06:36:30+01:00\"},{\"@type\":\"WebSite\",\"@id\":\"https:\\\/\\\/candas365.es\\\/noticias\\\/#website\",\"url\":\"https:\\\/\\\/candas365.es\\\/noticias\\\/\",\"name\":\"Cand\\u00e1s 365\",\"alternateName\":\"Cand\\u00e1s 365 Noticias\",\"description\":\"Actualidad desde Carre\\u00f1o para el mundo\",\"inLanguage\":\"es-ES\",\"publisher\":{\"@id\":\"https:\\\/\\\/candas365.es\\\/noticias\\\/#organization\"}}]}\n\t\t<\/script>\n\t\t<!-- All in One SEO Pro -->\r\n\t\t<title>El obispo de Maguncia critica el falseamiento de la verdad | Cand\u00e1s 365<\/title>\n\n","aioseo_head_json":{"title":"El obispo de Maguncia critica el falseamiento de la verdad | Cand\u00e1s 365","description":"Maguncia (Alemania), 25 dic (dpa) - El obispo de la ciudad alemana de Maguncia, Peter Kohlgraf, exhort\u00f3 en su serm\u00f3n navide\u00f1o a no hacer concesiones en el tema de la verdad. \"Para mucha gente la verdad es hoy una verdad subjetiva o arreglada. Elecciones (pol\u00edticas) son influidas por verdades falseadas\", fustig\u00f3 Kohlgraf en una homil\u00eda","canonical_url":"https:\/\/candas365.es\/noticias\/el-obispo-de-maguncia-critica-el-falseamiento-de-la-verdad\/","robots":"max-image-preview:large","keywords":"actualidad","webmasterTools":{"google-site-verification":"UA-32230408-1","msvalidate.01":"354F3CDFB2DA171B47FBE9ABF1F88D5","miscellaneous":""},"schema":{"@context":"https:\/\/schema.org","@graph":[{"@type":"BreadcrumbList","@id":"https:\/\/candas365.es\/noticias\/el-obispo-de-maguncia-critica-el-falseamiento-de-la-verdad\/#breadcrumblist","itemListElement":[{"@type":"ListItem","@id":"https:\/\/candas365.es\/noticias#listItem","position":1,"name":"Home","item":"https:\/\/candas365.es\/noticias","nextItem":{"@type":"ListItem","@id":"https:\/\/candas365.es\/noticias\/category\/actualidad\/#listItem","name":"Actualidad"}},{"@type":"ListItem","@id":"https:\/\/candas365.es\/noticias\/category\/actualidad\/#listItem","position":2,"name":"Actualidad","item":"https:\/\/candas365.es\/noticias\/category\/actualidad\/","nextItem":{"@type":"ListItem","@id":"https:\/\/candas365.es\/noticias\/el-obispo-de-maguncia-critica-el-falseamiento-de-la-verdad\/#listItem","name":"El obispo de Maguncia critica el falseamiento de la verdad"},"previousItem":{"@type":"ListItem","@id":"https:\/\/candas365.es\/noticias#listItem","name":"Home"}},{"@type":"ListItem","@id":"https:\/\/candas365.es\/noticias\/el-obispo-de-maguncia-critica-el-falseamiento-de-la-verdad\/#listItem","position":3,"name":"El obispo de Maguncia critica el falseamiento de la verdad","previousItem":{"@type":"ListItem","@id":"https:\/\/candas365.es\/noticias\/category\/actualidad\/#listItem","name":"Actualidad"}}]},{"@type":"NewsArticle","@id":"https:\/\/candas365.es\/noticias\/el-obispo-de-maguncia-critica-el-falseamiento-de-la-verdad\/#newsarticle","name":"El obispo de Maguncia critica el falseamiento de la verdad | Cand\u00e1s 365","headline":"El obispo de Maguncia critica el falseamiento de la verdad","author":{"@id":"https:\/\/candas365.es\/noticias\/author\/admin\/#author"},"publisher":{"@id":"https:\/\/candas365.es\/noticias\/#organization"},"image":{"@type":"ImageObject","url":"https:\/\/candas365.es\/noticias\/wp-content\/uploads\/2018\/12\/mainz-cathedral-2352959_960_720.jpg","width":960,"height":659},"datePublished":"2018-12-26T06:36:30+01:00","dateModified":"2018-12-26T06:36:30+01:00","inLanguage":"es-ES","mainEntityOfPage":{"@id":"https:\/\/candas365.es\/noticias\/el-obispo-de-maguncia-critica-el-falseamiento-de-la-verdad\/#webpage"},"isPartOf":{"@id":"https:\/\/candas365.es\/noticias\/el-obispo-de-maguncia-critica-el-falseamiento-de-la-verdad\/#webpage"},"articleSection":"Actualidad","dateline":"Publicado el diciembre 26, 2018."},{"@type":"Organization","@id":"https:\/\/candas365.es\/noticias\/#organization","name":"Cand\u00e1s 365","description":"Cand\u00e1s 365 es un diario digital independiente, fundado en 2012, con base en Asturias. Informamos con rigor sobre actualidad, sociedad, cultura y ocio, con una mirada local y global.","url":"https:\/\/candas365.es\/noticias\/","email":"info@candas365.es","telephone":"+34652131393","foundingDate":"2012-06-10","logo":{"@type":"ImageObject","url":"https:\/\/candas365.es\/noticias\/wp-content\/uploads\/2024\/09\/Candas-365-Redes.jpg","@id":"https:\/\/candas365.es\/noticias\/el-obispo-de-maguncia-critica-el-falseamiento-de-la-verdad\/#organizationLogo","width":1152,"height":864,"caption":"Cand\u00e1s 365 Redes"},"image":{"@id":"https:\/\/candas365.es\/noticias\/el-obispo-de-maguncia-critica-el-falseamiento-de-la-verdad\/#organizationLogo"},"sameAs":["https:\/\/www.facebook.com\/Nachofdezber","https:\/\/x.com\/NabercoDigital","https:\/\/www.instagram.com\/nachofdezber\/","https:\/\/www.youtube.com\/channel\/UCZP-2wLEB9Rv6erhFmqVnvg"],"address":{"@id":"https:\/\/candas365.es\/noticias\/#postaladdress","@type":"PostalAddress","streetAddress":"san antonio 4, san antonio 4","postalCode":"33430","addressLocality":"Cand\u00e1s","addressRegion":"Asturias","addressCountry":"ES"}},{"@type":"Person","@id":"https:\/\/candas365.es\/noticias\/author\/admin\/#author","url":"https:\/\/candas365.es\/noticias\/author\/admin\/","name":"Cand\u00e1s 365","image":{"@type":"ImageObject","@id":"https:\/\/candas365.es\/noticias\/el-obispo-de-maguncia-critica-el-falseamiento-de-la-verdad\/#authorImage","url":"https:\/\/secure.gravatar.com\/avatar\/496a8e03d0c493ede1718b7934145dbdf8d89be1036b0eec9544e1094c9de390?s=96&d=mm&r=g","width":96,"height":96,"caption":"Cand\u00e1s 365"},"sameAs":["https:\/\/www.facebook.com\/carrenoactualidad","https:\/\/twitter.com\/nbasturias","https:\/\/www.instagram.com\/nachofdezber\/","https:\/\/www.youtube.com\/channel\/UCZP-2wLEB9Rv6erhFmqVnvg"]},{"@type":"WebPage","@id":"https:\/\/candas365.es\/noticias\/el-obispo-de-maguncia-critica-el-falseamiento-de-la-verdad\/#webpage","url":"https:\/\/candas365.es\/noticias\/el-obispo-de-maguncia-critica-el-falseamiento-de-la-verdad\/","name":"El obispo de Maguncia critica el falseamiento de la verdad | Cand\u00e1s 365","description":"Maguncia (Alemania), 25 dic (dpa) - El obispo de la ciudad alemana de Maguncia, Peter Kohlgraf, exhort\u00f3 en su serm\u00f3n navide\u00f1o a no hacer concesiones en el tema de la verdad. \"Para mucha gente la verdad es hoy una verdad subjetiva o arreglada. Elecciones (pol\u00edticas) son influidas por verdades falseadas\", fustig\u00f3 Kohlgraf en una homil\u00eda","inLanguage":"es-ES","isPartOf":{"@id":"https:\/\/candas365.es\/noticias\/#website"},"breadcrumb":{"@id":"https:\/\/candas365.es\/noticias\/el-obispo-de-maguncia-critica-el-falseamiento-de-la-verdad\/#breadcrumblist"},"author":{"@id":"https:\/\/candas365.es\/noticias\/author\/admin\/#author"},"creator":{"@id":"https:\/\/candas365.es\/noticias\/author\/admin\/#author"},"image":{"@type":"ImageObject","url":"https:\/\/candas365.es\/noticias\/wp-content\/uploads\/2018\/12\/mainz-cathedral-2352959_960_720.jpg","@id":"https:\/\/candas365.es\/noticias\/el-obispo-de-maguncia-critica-el-falseamiento-de-la-verdad\/#mainImage","width":960,"height":659},"primaryImageOfPage":{"@id":"https:\/\/candas365.es\/noticias\/el-obispo-de-maguncia-critica-el-falseamiento-de-la-verdad\/#mainImage"},"datePublished":"2018-12-26T06:36:30+01:00","dateModified":"2018-12-26T06:36:30+01:00"},{"@type":"WebSite","@id":"https:\/\/candas365.es\/noticias\/#website","url":"https:\/\/candas365.es\/noticias\/","name":"Cand\u00e1s 365","alternateName":"Cand\u00e1s 365 Noticias","description":"Actualidad desde Carre\u00f1o para el mundo","inLanguage":"es-ES","publisher":{"@id":"https:\/\/candas365.es\/noticias\/#organization"}}]},"og:locale":"es_ES","og:site_name":"Cand\u00e1s 365","og:type":"article","og:title":"El obispo de Maguncia critica el falseamiento de la verdad | Cand\u00e1s 365","og:description":"Maguncia (Alemania), 25 dic (dpa) - El obispo de la ciudad alemana de Maguncia, Peter Kohlgraf, exhort\u00f3 en su serm\u00f3n navide\u00f1o a no hacer concesiones en el tema de la verdad. &quot;Para mucha gente la verdad es hoy una verdad subjetiva o arreglada. Elecciones (pol\u00edticas) son influidas por verdades falseadas&quot;, fustig\u00f3 Kohlgraf en una homil\u00eda","og:url":"https:\/\/candas365.es\/noticias\/el-obispo-de-maguncia-critica-el-falseamiento-de-la-verdad\/","og:image":"https:\/\/candas365.es\/noticias\/wp-content\/uploads\/2018\/12\/mainz-cathedral-2352959_960_720.jpg","og:image:secure_url":"https:\/\/candas365.es\/noticias\/wp-content\/uploads\/2018\/12\/mainz-cathedral-2352959_960_720.jpg","og:image:width":960,"og:image:height":659,"article:published_time":"2018-12-26T06:36:30+00:00","article:modified_time":"2018-12-26T06:36:30+00:00","article:publisher":"https:\/\/www.facebook.com\/Nachofdezber","article:author":"https:\/\/www.facebook.com\/carrenoactualidad","twitter:card":"summary_large_image","twitter:site":"@NabercoDigital","twitter:title":"El obispo de Maguncia critica el falseamiento de la verdad | Cand\u00e1s 365","twitter:description":"Maguncia (Alemania), 25 dic (dpa) - El obispo de la ciudad alemana de Maguncia, Peter Kohlgraf, exhort\u00f3 en su serm\u00f3n navide\u00f1o a no hacer concesiones en el tema de la verdad. &quot;Para mucha gente la verdad es hoy una verdad subjetiva o arreglada. Elecciones (pol\u00edticas) son influidas por verdades falseadas&quot;, fustig\u00f3 Kohlgraf en una homil\u00eda","twitter:creator":"@nbasturias","twitter:image":"https:\/\/candas365.es\/noticias\/wp-content\/uploads\/2018\/12\/mainz-cathedral-2352959_960_720.jpg","twitter:label1":"Escrito por","twitter:data1":"Cand\u00e1s 365","twitter:label2":"Tiempo de lectura estimado","twitter:data2":"1 minuto"},"aioseo_meta_data":{"post_id":"112757","title":null,"description":null,"keywords":null,"keyphrases":null,"primary_term":null,"canonical_url":null,"og_title":null,"og_description":null,"og_object_type":"default","og_image_type":"default","og_image_url":null,"og_image_width":null,"og_image_height":null,"og_image_custom_url":null,"og_image_custom_fields":null,"og_video":null,"og_custom_url":null,"og_article_section":null,"og_article_tags":null,"twitter_use_og":false,"twitter_card":"default","twitter_image_type":"default","twitter_image_url":null,"twitter_image_custom_url":null,"twitter_image_custom_fields":null,"twitter_title":null,"twitter_description":null,"schema":{"blockGraphs":[],"customGraphs":[],"default":{"data":{"Article":[],"Course":[],"Dataset":[],"FAQPage":[],"Movie":[],"Person":[],"Product":[],"ProductReview":[],"Car":[],"Recipe":[],"Service":[],"SoftwareApplication":[],"WebPage":[]},"graphName":"","isEnabled":true},"graphs":[],"defaultGraph":"","defaultPostTypeGraph":""},"schema_type":null,"schema_type_options":null,"pillar_content":false,"robots_default":true,"robots_noindex":false,"robots_noarchive":false,"robots_nosnippet":false,"robots_nofollow":false,"robots_noimageindex":false,"robots_noodp":false,"robots_notranslate":false,"robots_max_snippet":null,"robots_max_videopreview":null,"robots_max_imagepreview":"large","priority":null,"frequency":null,"location":null,"local_seo":null,"seo_analyzer_scan_date":"2025-08-28 19:22:13","breadcrumb_settings":null,"limit_modified_date":false,"reviewed_by":null,"open_ai":null,"ai":null,"created":"2020-12-21 11:32:56","updated":"2025-08-28 19:22:13"},"aioseo_breadcrumb":"<div class=\"aioseo-breadcrumbs\"><span class=\"aioseo-breadcrumb\">\n\t<a href=\"https:\/\/candas365.es\/noticias\" title=\"Home\">Home<\/a>\n<\/span><span class=\"aioseo-breadcrumb-separator\">&ndash;<\/span><span class=\"aioseo-breadcrumb\">\n\t<a href=\"https:\/\/candas365.es\/noticias\/category\/actualidad\/\" title=\"Actualidad\">Actualidad<\/a>\n<\/span><span class=\"aioseo-breadcrumb-separator\">&ndash;<\/span><span class=\"aioseo-breadcrumb\">\n\tEl obispo de Maguncia critica el falseamiento de la verdad\n<\/span><\/div>","aioseo_breadcrumb_json":[{"label":"Home","link":"https:\/\/candas365.es\/noticias"},{"label":"Actualidad","link":"https:\/\/candas365.es\/noticias\/category\/actualidad\/"},{"label":"El obispo de Maguncia critica el falseamiento de la verdad","link":"https:\/\/candas365.es\/noticias\/el-obispo-de-maguncia-critica-el-falseamiento-de-la-verdad\/"}],"_links":{"self":[{"href":"https:\/\/candas365.es\/noticias\/wp-json\/wp\/v2\/posts\/112757","targetHints":{"allow":["GET"]}}],"collection":[{"href":"https:\/\/candas365.es\/noticias\/wp-json\/wp\/v2\/posts"}],"about":[{"href":"https:\/\/candas365.es\/noticias\/wp-json\/wp\/v2\/types\/post"}],"author":[{"embeddable":true,"href":"https:\/\/candas365.es\/noticias\/wp-json\/wp\/v2\/users\/1"}],"replies":[{"embeddable":true,"href":"https:\/\/candas365.es\/noticias\/wp-json\/wp\/v2\/comments?post=112757"}],"version-history":[{"count":0,"href":"https:\/\/candas365.es\/noticias\/wp-json\/wp\/v2\/posts\/112757\/revisions"}],"wp:featuredmedia":[{"embeddable":true,"href":"https:\/\/candas365.es\/noticias\/wp-json\/wp\/v2\/media\/112758"}],"wp:attachment":[{"href":"https:\/\/candas365.es\/noticias\/wp-json\/wp\/v2\/media?parent=112757"}],"wp:term":[{"taxonomy":"category","embeddable":true,"href":"https:\/\/candas365.es\/noticias\/wp-json\/wp\/v2\/categories?post=112757"},{"taxonomy":"post_tag","embeddable":true,"href":"https:\/\/candas365.es\/noticias\/wp-json\/wp\/v2\/tags?post=112757"}],"curies":[{"name":"wp","href":"https:\/\/api.w.org\/{rel}","templated":true}]}}