{"id":112377,"date":"2018-12-20T05:28:30","date_gmt":"2018-12-20T05:28:30","guid":{"rendered":"http:\/\/candas365.es\/noticias\/?p=112377"},"modified":"2018-12-20T05:28:30","modified_gmt":"2018-12-20T05:28:30","slug":"alemania-financiara-la-reconstruccion-de-una-mezquita-en-mosul","status":"publish","type":"post","link":"https:\/\/candas365.es\/noticias\/alemania-financiara-la-reconstruccion-de-una-mezquita-en-mosul\/","title":{"rendered":"Alemania financiar\u00e1 la reconstrucci\u00f3n de una mezquita en Mosul"},"content":{"rendered":"<p><img fetchpriority=\"high\" decoding=\"async\" class=\"alignleft size-medium wp-image-96924\" src=\"https:\/\/candas365.es\/noticias\/wp-content\/uploads\/2018\/05\/berlin-1545303_960_720-360x228.jpg\" alt=\"\" width=\"360\" height=\"228\" srcset=\"https:\/\/candas365.es\/noticias\/wp-content\/uploads\/2018\/05\/berlin-1545303_960_720-360x228.jpg 360w, https:\/\/candas365.es\/noticias\/wp-content\/uploads\/2018\/05\/berlin-1545303_960_720-768x486.jpg 768w, https:\/\/candas365.es\/noticias\/wp-content\/uploads\/2018\/05\/berlin-1545303_960_720-655x414.jpg 655w, https:\/\/candas365.es\/noticias\/wp-content\/uploads\/2018\/05\/berlin-1545303_960_720-696x440.jpg 696w, https:\/\/candas365.es\/noticias\/wp-content\/uploads\/2018\/05\/berlin-1545303_960_720-664x420.jpg 664w, https:\/\/candas365.es\/noticias\/wp-content\/uploads\/2018\/05\/berlin-1545303_960_720.jpg 960w\" sizes=\"(max-width: 360px) 100vw, 360px\" \/>Erbil (Irak), 19 dic (dpa) &#8211; Alemania financiar\u00e1 la reconstrucci\u00f3n de una mezquita en la ciudad de Mosul, en el norte de Irak, que estuvo en poder de la milicia terrorista de Estado Isl\u00e1mico (EI) durante tres a\u00f1os hasta 2017, anunci\u00f3 hoy el ministro alem\u00e1n de Relaciones Exteriores, Heiko Maas.<\/p>\n<p>Seg\u00fan dijo Maas al finalizar una gira de tres d\u00edas por Irak, Alemania pondr\u00e1 a disposici\u00f3n unos 450.000 euros (510.000 d\u00f3lares) hasta el a\u00f1o 2021.<\/p>\n<p>La mezquita Al-Aghawat, que data del siglo XVIII, est\u00e1 emplazada junto al hist\u00f3rico puente sobre el r\u00edo Tigris y en la entrada al bazar de Mosul. Es uno de los templos m\u00e1s imponentes de la ciudad y destaca por su gran c\u00fapula blanca.\/me<\/p>\n<p>\u00abPara Irak comienza una nueva fase tras la guerra y el conflicto. Es algo que hay que hacer visible\u00bb, declar\u00f3 Maas. El proyecto ser\u00e1 puesto en marcha en cooperaci\u00f3n con la Organizaci\u00f3n de las Naciones Unidas para la Educaci\u00f3n, la Cultura y la Ciencia (UNESCO).<\/p>\n<p>Alemania quiere contribuir a la convivencia pac\u00edfica de las distintas religiones y corrientes religiosas en Irak. \u00abEl patrimonio cultural brinda orientaci\u00f3n y genera identidad, algo que tambi\u00e9n es importante para la reconciliaci\u00f3n duradera\u00bb, argument\u00f3 el ministro germano.<\/p>\n<p>Mosul fue recuperada por las fuerzas gubernamentales iraqu\u00edes en 2017 tras pasar tres a\u00f1os bajo el dominio los islamistas radicales. La otrora populosa ciudad fue seriamente da\u00f1ada. La mala situaci\u00f3n de seguridad complica el regreso de muchos refugiados. El EI sigue activo a trav\u00e9s de c\u00e9lulas que aterrorizan a la poblaci\u00f3n con atentados.<\/p>\n<p>Maas visit\u00f3 el campamento Hasan Scham, a 40 kil\u00f3metros de Mosul, en el que est\u00e1n instalados unos 3.300 de los 1,8 millones de desplazados que hay dentro de Irak.<\/p>\n","protected":false},"excerpt":{"rendered":"<p>Erbil (Irak), 19 dic (dpa) &#8211; Alemania financiar\u00e1 la reconstrucci\u00f3n de una mezquita en la ciudad de Mosul, en el norte de Irak, que estuvo en poder de la milicia terrorista de Estado Isl\u00e1mico (EI) durante tres a\u00f1os hasta 2017, anunci\u00f3 hoy el ministro alem\u00e1n de Relaciones Exteriores, Heiko Maas. Seg\u00fan dijo Maas al finalizar<\/p>\n","protected":false},"author":1,"featured_media":96924,"comment_status":"closed","ping_status":"closed","sticky":false,"template":"","format":"standard","meta":{"footnotes":""},"categories":[343],"tags":[],"class_list":{"0":"post-112377","1":"post","2":"type-post","3":"status-publish","4":"format-standard","5":"has-post-thumbnail","7":"category-actualidad"},"aioseo_notices":[],"aioseo_head":"\n\t\t<!-- All in One SEO Pro 4.9.6.2 - aioseo.com -->\n\t<meta name=\"description\" content=\"Erbil (Irak), 19 dic (dpa) - Alemania financiar\u00e1 la reconstrucci\u00f3n de una mezquita en la ciudad de Mosul, en el norte de Irak, que estuvo en poder de la milicia terrorista de Estado Isl\u00e1mico (EI) durante tres a\u00f1os hasta 2017, anunci\u00f3 hoy el ministro alem\u00e1n de Relaciones Exteriores, Heiko Maas. Seg\u00fan dijo Maas al finalizar\" \/>\n\t<meta name=\"robots\" content=\"max-image-preview:large\" \/>\n\t<meta name=\"author\" content=\"Cand\u00e1s 365\"\/>\n\t<meta name=\"google-site-verification\" content=\"UA-32230408-1\" \/>\n\t<meta name=\"msvalidate.01\" content=\"354F3CDFB2DA171B47FBE9ABF1F88D5\" \/>\n\t<meta name=\"keywords\" content=\"actualidad\" \/>\n\t<link rel=\"canonical\" href=\"https:\/\/candas365.es\/noticias\/alemania-financiara-la-reconstruccion-de-una-mezquita-en-mosul\/\" \/>\n\t<meta name=\"generator\" content=\"All in One SEO Pro (AIOSEO) 4.9.6.2\" \/>\n\t\t<meta property=\"og:locale\" content=\"es_ES\" \/>\n\t\t<meta property=\"og:site_name\" content=\"Cand\u00e1s 365\" \/>\n\t\t<meta property=\"og:type\" content=\"article\" \/>\n\t\t<meta property=\"og:title\" content=\"Alemania financiar\u00e1 la reconstrucci\u00f3n de una mezquita en Mosul | Cand\u00e1s 365\" \/>\n\t\t<meta property=\"og:description\" content=\"Erbil (Irak), 19 dic (dpa) - Alemania financiar\u00e1 la reconstrucci\u00f3n de una mezquita en la ciudad de Mosul, en el norte de Irak, que estuvo en poder de la milicia terrorista de Estado Isl\u00e1mico (EI) durante tres a\u00f1os hasta 2017, anunci\u00f3 hoy el ministro alem\u00e1n de Relaciones Exteriores, Heiko Maas. Seg\u00fan dijo Maas al finalizar\" \/>\n\t\t<meta property=\"og:url\" content=\"https:\/\/candas365.es\/noticias\/alemania-financiara-la-reconstruccion-de-una-mezquita-en-mosul\/\" \/>\n\t\t<meta property=\"og:image\" content=\"https:\/\/candas365.es\/noticias\/wp-content\/uploads\/2018\/05\/berlin-1545303_960_720.jpg\" \/>\n\t\t<meta property=\"og:image:secure_url\" content=\"https:\/\/candas365.es\/noticias\/wp-content\/uploads\/2018\/05\/berlin-1545303_960_720.jpg\" \/>\n\t\t<meta property=\"og:image:width\" content=\"960\" \/>\n\t\t<meta property=\"og:image:height\" content=\"607\" \/>\n\t\t<meta property=\"article:published_time\" content=\"2018-12-20T05:28:30+00:00\" \/>\n\t\t<meta property=\"article:modified_time\" content=\"2018-12-20T05:28:30+00:00\" \/>\n\t\t<meta property=\"article:publisher\" content=\"https:\/\/www.facebook.com\/Nachofdezber\" \/>\n\t\t<meta property=\"article:author\" content=\"https:\/\/www.facebook.com\/carrenoactualidad\" \/>\n\t\t<meta name=\"twitter:card\" content=\"summary_large_image\" \/>\n\t\t<meta name=\"twitter:site\" content=\"@NabercoDigital\" \/>\n\t\t<meta name=\"twitter:title\" content=\"Alemania financiar\u00e1 la reconstrucci\u00f3n de una mezquita en Mosul | Cand\u00e1s 365\" \/>\n\t\t<meta name=\"twitter:description\" content=\"Erbil (Irak), 19 dic (dpa) - Alemania financiar\u00e1 la reconstrucci\u00f3n de una mezquita en la ciudad de Mosul, en el norte de Irak, que estuvo en poder de la milicia terrorista de Estado Isl\u00e1mico (EI) durante tres a\u00f1os hasta 2017, anunci\u00f3 hoy el ministro alem\u00e1n de Relaciones Exteriores, Heiko Maas. Seg\u00fan dijo Maas al finalizar\" \/>\n\t\t<meta name=\"twitter:creator\" content=\"@nbasturias\" \/>\n\t\t<meta name=\"twitter:image\" content=\"https:\/\/candas365.es\/noticias\/wp-content\/uploads\/2018\/05\/berlin-1545303_960_720.jpg\" \/>\n\t\t<meta name=\"twitter:label1\" content=\"Escrito por\" \/>\n\t\t<meta name=\"twitter:data1\" content=\"Cand\u00e1s 365\" \/>\n\t\t<meta name=\"twitter:label2\" content=\"Tiempo de lectura estimado\" \/>\n\t\t<meta name=\"twitter:data2\" content=\"2 minutos\" \/>\n\t\t<script type=\"application\/ld+json\" class=\"aioseo-schema\">\n\t\t\t{\"@context\":\"https:\\\/\\\/schema.org\",\"@graph\":[{\"@type\":\"BreadcrumbList\",\"@id\":\"https:\\\/\\\/candas365.es\\\/noticias\\\/alemania-financiara-la-reconstruccion-de-una-mezquita-en-mosul\\\/#breadcrumblist\",\"itemListElement\":[{\"@type\":\"ListItem\",\"@id\":\"https:\\\/\\\/candas365.es\\\/noticias#listItem\",\"position\":1,\"name\":\"Home\",\"item\":\"https:\\\/\\\/candas365.es\\\/noticias\",\"nextItem\":{\"@type\":\"ListItem\",\"@id\":\"https:\\\/\\\/candas365.es\\\/noticias\\\/category\\\/actualidad\\\/#listItem\",\"name\":\"Actualidad\"}},{\"@type\":\"ListItem\",\"@id\":\"https:\\\/\\\/candas365.es\\\/noticias\\\/category\\\/actualidad\\\/#listItem\",\"position\":2,\"name\":\"Actualidad\",\"item\":\"https:\\\/\\\/candas365.es\\\/noticias\\\/category\\\/actualidad\\\/\",\"nextItem\":{\"@type\":\"ListItem\",\"@id\":\"https:\\\/\\\/candas365.es\\\/noticias\\\/alemania-financiara-la-reconstruccion-de-una-mezquita-en-mosul\\\/#listItem\",\"name\":\"Alemania financiar\\u00e1 la reconstrucci\\u00f3n de una mezquita en Mosul\"},\"previousItem\":{\"@type\":\"ListItem\",\"@id\":\"https:\\\/\\\/candas365.es\\\/noticias#listItem\",\"name\":\"Home\"}},{\"@type\":\"ListItem\",\"@id\":\"https:\\\/\\\/candas365.es\\\/noticias\\\/alemania-financiara-la-reconstruccion-de-una-mezquita-en-mosul\\\/#listItem\",\"position\":3,\"name\":\"Alemania financiar\\u00e1 la reconstrucci\\u00f3n de una mezquita en Mosul\",\"previousItem\":{\"@type\":\"ListItem\",\"@id\":\"https:\\\/\\\/candas365.es\\\/noticias\\\/category\\\/actualidad\\\/#listItem\",\"name\":\"Actualidad\"}}]},{\"@type\":\"NewsArticle\",\"@id\":\"https:\\\/\\\/candas365.es\\\/noticias\\\/alemania-financiara-la-reconstruccion-de-una-mezquita-en-mosul\\\/#newsarticle\",\"name\":\"Alemania financiar\\u00e1 la reconstrucci\\u00f3n de una mezquita en Mosul | Cand\\u00e1s 365\",\"headline\":\"Alemania financiar\\u00e1 la reconstrucci\\u00f3n de una mezquita en Mosul\",\"author\":{\"@id\":\"https:\\\/\\\/candas365.es\\\/noticias\\\/author\\\/admin\\\/#author\"},\"publisher\":{\"@id\":\"https:\\\/\\\/candas365.es\\\/noticias\\\/#organization\"},\"image\":{\"@type\":\"ImageObject\",\"url\":\"https:\\\/\\\/candas365.es\\\/noticias\\\/wp-content\\\/uploads\\\/2018\\\/05\\\/berlin-1545303_960_720.jpg\",\"width\":960,\"height\":607},\"datePublished\":\"2018-12-20T05:28:30+01:00\",\"dateModified\":\"2018-12-20T05:28:30+01:00\",\"inLanguage\":\"es-ES\",\"mainEntityOfPage\":{\"@id\":\"https:\\\/\\\/candas365.es\\\/noticias\\\/alemania-financiara-la-reconstruccion-de-una-mezquita-en-mosul\\\/#webpage\"},\"isPartOf\":{\"@id\":\"https:\\\/\\\/candas365.es\\\/noticias\\\/alemania-financiara-la-reconstruccion-de-una-mezquita-en-mosul\\\/#webpage\"},\"articleSection\":\"Actualidad\",\"dateline\":\"Publicado el diciembre 20, 2018.\"},{\"@type\":\"Organization\",\"@id\":\"https:\\\/\\\/candas365.es\\\/noticias\\\/#organization\",\"name\":\"Cand\\u00e1s 365\",\"description\":\"Cand\\u00e1s 365 es un diario digital independiente, fundado en 2012, con base en Asturias. Informamos con rigor sobre actualidad, sociedad, cultura y ocio, con una mirada local y global.\",\"url\":\"https:\\\/\\\/candas365.es\\\/noticias\\\/\",\"email\":\"info@candas365.es\",\"telephone\":\"+34652131393\",\"foundingDate\":\"2012-06-10\",\"logo\":{\"@type\":\"ImageObject\",\"url\":\"https:\\\/\\\/candas365.es\\\/noticias\\\/wp-content\\\/uploads\\\/2024\\\/09\\\/Candas-365-Redes.jpg\",\"@id\":\"https:\\\/\\\/candas365.es\\\/noticias\\\/alemania-financiara-la-reconstruccion-de-una-mezquita-en-mosul\\\/#organizationLogo\",\"width\":1152,\"height\":864,\"caption\":\"Cand\\u00e1s 365 Redes\"},\"image\":{\"@id\":\"https:\\\/\\\/candas365.es\\\/noticias\\\/alemania-financiara-la-reconstruccion-de-una-mezquita-en-mosul\\\/#organizationLogo\"},\"sameAs\":[\"https:\\\/\\\/www.facebook.com\\\/Nachofdezber\",\"https:\\\/\\\/x.com\\\/NabercoDigital\",\"https:\\\/\\\/www.instagram.com\\\/nachofdezber\\\/\",\"https:\\\/\\\/www.youtube.com\\\/channel\\\/UCZP-2wLEB9Rv6erhFmqVnvg\"],\"address\":{\"@id\":\"https:\\\/\\\/candas365.es\\\/noticias\\\/#postaladdress\",\"@type\":\"PostalAddress\",\"streetAddress\":\"san antonio 4, san antonio 4\",\"postalCode\":\"33430\",\"addressLocality\":\"Cand\\u00e1s\",\"addressRegion\":\"Asturias\",\"addressCountry\":\"ES\"}},{\"@type\":\"Person\",\"@id\":\"https:\\\/\\\/candas365.es\\\/noticias\\\/author\\\/admin\\\/#author\",\"url\":\"https:\\\/\\\/candas365.es\\\/noticias\\\/author\\\/admin\\\/\",\"name\":\"Cand\\u00e1s 365\",\"image\":{\"@type\":\"ImageObject\",\"@id\":\"https:\\\/\\\/candas365.es\\\/noticias\\\/alemania-financiara-la-reconstruccion-de-una-mezquita-en-mosul\\\/#authorImage\",\"url\":\"https:\\\/\\\/secure.gravatar.com\\\/avatar\\\/496a8e03d0c493ede1718b7934145dbdf8d89be1036b0eec9544e1094c9de390?s=96&d=mm&r=g\",\"width\":96,\"height\":96,\"caption\":\"Cand\\u00e1s 365\"},\"sameAs\":[\"https:\\\/\\\/www.facebook.com\\\/carrenoactualidad\",\"https:\\\/\\\/twitter.com\\\/nbasturias\",\"https:\\\/\\\/www.instagram.com\\\/nachofdezber\\\/\",\"https:\\\/\\\/www.youtube.com\\\/channel\\\/UCZP-2wLEB9Rv6erhFmqVnvg\"]},{\"@type\":\"WebPage\",\"@id\":\"https:\\\/\\\/candas365.es\\\/noticias\\\/alemania-financiara-la-reconstruccion-de-una-mezquita-en-mosul\\\/#webpage\",\"url\":\"https:\\\/\\\/candas365.es\\\/noticias\\\/alemania-financiara-la-reconstruccion-de-una-mezquita-en-mosul\\\/\",\"name\":\"Alemania financiar\\u00e1 la reconstrucci\\u00f3n de una mezquita en Mosul | Cand\\u00e1s 365\",\"description\":\"Erbil (Irak), 19 dic (dpa) - Alemania financiar\\u00e1 la reconstrucci\\u00f3n de una mezquita en la ciudad de Mosul, en el norte de Irak, que estuvo en poder de la milicia terrorista de Estado Isl\\u00e1mico (EI) durante tres a\\u00f1os hasta 2017, anunci\\u00f3 hoy el ministro alem\\u00e1n de Relaciones Exteriores, Heiko Maas. Seg\\u00fan dijo Maas al finalizar\",\"inLanguage\":\"es-ES\",\"isPartOf\":{\"@id\":\"https:\\\/\\\/candas365.es\\\/noticias\\\/#website\"},\"breadcrumb\":{\"@id\":\"https:\\\/\\\/candas365.es\\\/noticias\\\/alemania-financiara-la-reconstruccion-de-una-mezquita-en-mosul\\\/#breadcrumblist\"},\"author\":{\"@id\":\"https:\\\/\\\/candas365.es\\\/noticias\\\/author\\\/admin\\\/#author\"},\"creator\":{\"@id\":\"https:\\\/\\\/candas365.es\\\/noticias\\\/author\\\/admin\\\/#author\"},\"image\":{\"@type\":\"ImageObject\",\"url\":\"https:\\\/\\\/candas365.es\\\/noticias\\\/wp-content\\\/uploads\\\/2018\\\/05\\\/berlin-1545303_960_720.jpg\",\"@id\":\"https:\\\/\\\/candas365.es\\\/noticias\\\/alemania-financiara-la-reconstruccion-de-una-mezquita-en-mosul\\\/#mainImage\",\"width\":960,\"height\":607},\"primaryImageOfPage\":{\"@id\":\"https:\\\/\\\/candas365.es\\\/noticias\\\/alemania-financiara-la-reconstruccion-de-una-mezquita-en-mosul\\\/#mainImage\"},\"datePublished\":\"2018-12-20T05:28:30+01:00\",\"dateModified\":\"2018-12-20T05:28:30+01:00\"},{\"@type\":\"WebSite\",\"@id\":\"https:\\\/\\\/candas365.es\\\/noticias\\\/#website\",\"url\":\"https:\\\/\\\/candas365.es\\\/noticias\\\/\",\"name\":\"Cand\\u00e1s 365\",\"alternateName\":\"Cand\\u00e1s 365 Noticias\",\"description\":\"Actualidad desde Carre\\u00f1o para el mundo\",\"inLanguage\":\"es-ES\",\"publisher\":{\"@id\":\"https:\\\/\\\/candas365.es\\\/noticias\\\/#organization\"}}]}\n\t\t<\/script>\n\t\t<!-- All in One SEO Pro -->\r\n\t\t<title>Alemania financiar\u00e1 la reconstrucci\u00f3n de una mezquita en Mosul | Cand\u00e1s 365<\/title>\n\n","aioseo_head_json":{"title":"Alemania financiar\u00e1 la reconstrucci\u00f3n de una mezquita en Mosul | Cand\u00e1s 365","description":"Erbil (Irak), 19 dic (dpa) - Alemania financiar\u00e1 la reconstrucci\u00f3n de una mezquita en la ciudad de Mosul, en el norte de Irak, que estuvo en poder de la milicia terrorista de Estado Isl\u00e1mico (EI) durante tres a\u00f1os hasta 2017, anunci\u00f3 hoy el ministro alem\u00e1n de Relaciones Exteriores, Heiko Maas. Seg\u00fan dijo Maas al finalizar","canonical_url":"https:\/\/candas365.es\/noticias\/alemania-financiara-la-reconstruccion-de-una-mezquita-en-mosul\/","robots":"max-image-preview:large","keywords":"actualidad","webmasterTools":{"google-site-verification":"UA-32230408-1","msvalidate.01":"354F3CDFB2DA171B47FBE9ABF1F88D5","miscellaneous":""},"schema":{"@context":"https:\/\/schema.org","@graph":[{"@type":"BreadcrumbList","@id":"https:\/\/candas365.es\/noticias\/alemania-financiara-la-reconstruccion-de-una-mezquita-en-mosul\/#breadcrumblist","itemListElement":[{"@type":"ListItem","@id":"https:\/\/candas365.es\/noticias#listItem","position":1,"name":"Home","item":"https:\/\/candas365.es\/noticias","nextItem":{"@type":"ListItem","@id":"https:\/\/candas365.es\/noticias\/category\/actualidad\/#listItem","name":"Actualidad"}},{"@type":"ListItem","@id":"https:\/\/candas365.es\/noticias\/category\/actualidad\/#listItem","position":2,"name":"Actualidad","item":"https:\/\/candas365.es\/noticias\/category\/actualidad\/","nextItem":{"@type":"ListItem","@id":"https:\/\/candas365.es\/noticias\/alemania-financiara-la-reconstruccion-de-una-mezquita-en-mosul\/#listItem","name":"Alemania financiar\u00e1 la reconstrucci\u00f3n de una mezquita en Mosul"},"previousItem":{"@type":"ListItem","@id":"https:\/\/candas365.es\/noticias#listItem","name":"Home"}},{"@type":"ListItem","@id":"https:\/\/candas365.es\/noticias\/alemania-financiara-la-reconstruccion-de-una-mezquita-en-mosul\/#listItem","position":3,"name":"Alemania financiar\u00e1 la reconstrucci\u00f3n de una mezquita en Mosul","previousItem":{"@type":"ListItem","@id":"https:\/\/candas365.es\/noticias\/category\/actualidad\/#listItem","name":"Actualidad"}}]},{"@type":"NewsArticle","@id":"https:\/\/candas365.es\/noticias\/alemania-financiara-la-reconstruccion-de-una-mezquita-en-mosul\/#newsarticle","name":"Alemania financiar\u00e1 la reconstrucci\u00f3n de una mezquita en Mosul | Cand\u00e1s 365","headline":"Alemania financiar\u00e1 la reconstrucci\u00f3n de una mezquita en Mosul","author":{"@id":"https:\/\/candas365.es\/noticias\/author\/admin\/#author"},"publisher":{"@id":"https:\/\/candas365.es\/noticias\/#organization"},"image":{"@type":"ImageObject","url":"https:\/\/candas365.es\/noticias\/wp-content\/uploads\/2018\/05\/berlin-1545303_960_720.jpg","width":960,"height":607},"datePublished":"2018-12-20T05:28:30+01:00","dateModified":"2018-12-20T05:28:30+01:00","inLanguage":"es-ES","mainEntityOfPage":{"@id":"https:\/\/candas365.es\/noticias\/alemania-financiara-la-reconstruccion-de-una-mezquita-en-mosul\/#webpage"},"isPartOf":{"@id":"https:\/\/candas365.es\/noticias\/alemania-financiara-la-reconstruccion-de-una-mezquita-en-mosul\/#webpage"},"articleSection":"Actualidad","dateline":"Publicado el diciembre 20, 2018."},{"@type":"Organization","@id":"https:\/\/candas365.es\/noticias\/#organization","name":"Cand\u00e1s 365","description":"Cand\u00e1s 365 es un diario digital independiente, fundado en 2012, con base en Asturias. Informamos con rigor sobre actualidad, sociedad, cultura y ocio, con una mirada local y global.","url":"https:\/\/candas365.es\/noticias\/","email":"info@candas365.es","telephone":"+34652131393","foundingDate":"2012-06-10","logo":{"@type":"ImageObject","url":"https:\/\/candas365.es\/noticias\/wp-content\/uploads\/2024\/09\/Candas-365-Redes.jpg","@id":"https:\/\/candas365.es\/noticias\/alemania-financiara-la-reconstruccion-de-una-mezquita-en-mosul\/#organizationLogo","width":1152,"height":864,"caption":"Cand\u00e1s 365 Redes"},"image":{"@id":"https:\/\/candas365.es\/noticias\/alemania-financiara-la-reconstruccion-de-una-mezquita-en-mosul\/#organizationLogo"},"sameAs":["https:\/\/www.facebook.com\/Nachofdezber","https:\/\/x.com\/NabercoDigital","https:\/\/www.instagram.com\/nachofdezber\/","https:\/\/www.youtube.com\/channel\/UCZP-2wLEB9Rv6erhFmqVnvg"],"address":{"@id":"https:\/\/candas365.es\/noticias\/#postaladdress","@type":"PostalAddress","streetAddress":"san antonio 4, san antonio 4","postalCode":"33430","addressLocality":"Cand\u00e1s","addressRegion":"Asturias","addressCountry":"ES"}},{"@type":"Person","@id":"https:\/\/candas365.es\/noticias\/author\/admin\/#author","url":"https:\/\/candas365.es\/noticias\/author\/admin\/","name":"Cand\u00e1s 365","image":{"@type":"ImageObject","@id":"https:\/\/candas365.es\/noticias\/alemania-financiara-la-reconstruccion-de-una-mezquita-en-mosul\/#authorImage","url":"https:\/\/secure.gravatar.com\/avatar\/496a8e03d0c493ede1718b7934145dbdf8d89be1036b0eec9544e1094c9de390?s=96&d=mm&r=g","width":96,"height":96,"caption":"Cand\u00e1s 365"},"sameAs":["https:\/\/www.facebook.com\/carrenoactualidad","https:\/\/twitter.com\/nbasturias","https:\/\/www.instagram.com\/nachofdezber\/","https:\/\/www.youtube.com\/channel\/UCZP-2wLEB9Rv6erhFmqVnvg"]},{"@type":"WebPage","@id":"https:\/\/candas365.es\/noticias\/alemania-financiara-la-reconstruccion-de-una-mezquita-en-mosul\/#webpage","url":"https:\/\/candas365.es\/noticias\/alemania-financiara-la-reconstruccion-de-una-mezquita-en-mosul\/","name":"Alemania financiar\u00e1 la reconstrucci\u00f3n de una mezquita en Mosul | Cand\u00e1s 365","description":"Erbil (Irak), 19 dic (dpa) - Alemania financiar\u00e1 la reconstrucci\u00f3n de una mezquita en la ciudad de Mosul, en el norte de Irak, que estuvo en poder de la milicia terrorista de Estado Isl\u00e1mico (EI) durante tres a\u00f1os hasta 2017, anunci\u00f3 hoy el ministro alem\u00e1n de Relaciones Exteriores, Heiko Maas. Seg\u00fan dijo Maas al finalizar","inLanguage":"es-ES","isPartOf":{"@id":"https:\/\/candas365.es\/noticias\/#website"},"breadcrumb":{"@id":"https:\/\/candas365.es\/noticias\/alemania-financiara-la-reconstruccion-de-una-mezquita-en-mosul\/#breadcrumblist"},"author":{"@id":"https:\/\/candas365.es\/noticias\/author\/admin\/#author"},"creator":{"@id":"https:\/\/candas365.es\/noticias\/author\/admin\/#author"},"image":{"@type":"ImageObject","url":"https:\/\/candas365.es\/noticias\/wp-content\/uploads\/2018\/05\/berlin-1545303_960_720.jpg","@id":"https:\/\/candas365.es\/noticias\/alemania-financiara-la-reconstruccion-de-una-mezquita-en-mosul\/#mainImage","width":960,"height":607},"primaryImageOfPage":{"@id":"https:\/\/candas365.es\/noticias\/alemania-financiara-la-reconstruccion-de-una-mezquita-en-mosul\/#mainImage"},"datePublished":"2018-12-20T05:28:30+01:00","dateModified":"2018-12-20T05:28:30+01:00"},{"@type":"WebSite","@id":"https:\/\/candas365.es\/noticias\/#website","url":"https:\/\/candas365.es\/noticias\/","name":"Cand\u00e1s 365","alternateName":"Cand\u00e1s 365 Noticias","description":"Actualidad desde Carre\u00f1o para el mundo","inLanguage":"es-ES","publisher":{"@id":"https:\/\/candas365.es\/noticias\/#organization"}}]},"og:locale":"es_ES","og:site_name":"Cand\u00e1s 365","og:type":"article","og:title":"Alemania financiar\u00e1 la reconstrucci\u00f3n de una mezquita en Mosul | Cand\u00e1s 365","og:description":"Erbil (Irak), 19 dic (dpa) - Alemania financiar\u00e1 la reconstrucci\u00f3n de una mezquita en la ciudad de Mosul, en el norte de Irak, que estuvo en poder de la milicia terrorista de Estado Isl\u00e1mico (EI) durante tres a\u00f1os hasta 2017, anunci\u00f3 hoy el ministro alem\u00e1n de Relaciones Exteriores, Heiko Maas. Seg\u00fan dijo Maas al finalizar","og:url":"https:\/\/candas365.es\/noticias\/alemania-financiara-la-reconstruccion-de-una-mezquita-en-mosul\/","og:image":"https:\/\/candas365.es\/noticias\/wp-content\/uploads\/2018\/05\/berlin-1545303_960_720.jpg","og:image:secure_url":"https:\/\/candas365.es\/noticias\/wp-content\/uploads\/2018\/05\/berlin-1545303_960_720.jpg","og:image:width":960,"og:image:height":607,"article:published_time":"2018-12-20T05:28:30+00:00","article:modified_time":"2018-12-20T05:28:30+00:00","article:publisher":"https:\/\/www.facebook.com\/Nachofdezber","article:author":"https:\/\/www.facebook.com\/carrenoactualidad","twitter:card":"summary_large_image","twitter:site":"@NabercoDigital","twitter:title":"Alemania financiar\u00e1 la reconstrucci\u00f3n de una mezquita en Mosul | Cand\u00e1s 365","twitter:description":"Erbil (Irak), 19 dic (dpa) - Alemania financiar\u00e1 la reconstrucci\u00f3n de una mezquita en la ciudad de Mosul, en el norte de Irak, que estuvo en poder de la milicia terrorista de Estado Isl\u00e1mico (EI) durante tres a\u00f1os hasta 2017, anunci\u00f3 hoy el ministro alem\u00e1n de Relaciones Exteriores, Heiko Maas. Seg\u00fan dijo Maas al finalizar","twitter:creator":"@nbasturias","twitter:image":"https:\/\/candas365.es\/noticias\/wp-content\/uploads\/2018\/05\/berlin-1545303_960_720.jpg","twitter:label1":"Escrito por","twitter:data1":"Cand\u00e1s 365","twitter:label2":"Tiempo de lectura estimado","twitter:data2":"2 minutos"},"aioseo_meta_data":{"post_id":"112377","title":null,"description":null,"keywords":null,"keyphrases":null,"primary_term":null,"canonical_url":null,"og_title":null,"og_description":null,"og_object_type":"default","og_image_type":"default","og_image_url":null,"og_image_width":null,"og_image_height":null,"og_image_custom_url":null,"og_image_custom_fields":null,"og_video":null,"og_custom_url":null,"og_article_section":null,"og_article_tags":null,"twitter_use_og":false,"twitter_card":"default","twitter_image_type":"default","twitter_image_url":null,"twitter_image_custom_url":null,"twitter_image_custom_fields":null,"twitter_title":null,"twitter_description":null,"schema":{"blockGraphs":[],"customGraphs":[],"default":{"data":{"Article":[],"Course":[],"Dataset":[],"FAQPage":[],"Movie":[],"Person":[],"Product":[],"ProductReview":[],"Car":[],"Recipe":[],"Service":[],"SoftwareApplication":[],"WebPage":[]},"graphName":"","isEnabled":true},"graphs":[]},"schema_type":null,"schema_type_options":null,"pillar_content":false,"robots_default":true,"robots_noindex":false,"robots_noarchive":false,"robots_nosnippet":false,"robots_nofollow":false,"robots_noimageindex":false,"robots_noodp":false,"robots_notranslate":false,"robots_max_snippet":null,"robots_max_videopreview":null,"robots_max_imagepreview":"large","priority":null,"frequency":null,"location":null,"local_seo":null,"seo_analyzer_scan_date":"2025-08-28 18:13:17","breadcrumb_settings":null,"limit_modified_date":false,"reviewed_by":null,"open_ai":null,"ai":null,"created":"2020-12-21 11:34:56","updated":"2025-08-28 18:13:17"},"aioseo_breadcrumb":"<div class=\"aioseo-breadcrumbs\"><span class=\"aioseo-breadcrumb\">\n\t<a href=\"https:\/\/candas365.es\/noticias\" title=\"Home\">Home<\/a>\n<\/span><span class=\"aioseo-breadcrumb-separator\">&ndash;<\/span><span class=\"aioseo-breadcrumb\">\n\t<a href=\"https:\/\/candas365.es\/noticias\/category\/actualidad\/\" title=\"Actualidad\">Actualidad<\/a>\n<\/span><span class=\"aioseo-breadcrumb-separator\">&ndash;<\/span><span class=\"aioseo-breadcrumb\">\n\tAlemania financiar\u00e1 la reconstrucci\u00f3n de una mezquita en Mosul\n<\/span><\/div>","aioseo_breadcrumb_json":[{"label":"Home","link":"https:\/\/candas365.es\/noticias"},{"label":"Actualidad","link":"https:\/\/candas365.es\/noticias\/category\/actualidad\/"},{"label":"Alemania financiar\u00e1 la reconstrucci\u00f3n de una mezquita en Mosul","link":"https:\/\/candas365.es\/noticias\/alemania-financiara-la-reconstruccion-de-una-mezquita-en-mosul\/"}],"_links":{"self":[{"href":"https:\/\/candas365.es\/noticias\/wp-json\/wp\/v2\/posts\/112377","targetHints":{"allow":["GET"]}}],"collection":[{"href":"https:\/\/candas365.es\/noticias\/wp-json\/wp\/v2\/posts"}],"about":[{"href":"https:\/\/candas365.es\/noticias\/wp-json\/wp\/v2\/types\/post"}],"author":[{"embeddable":true,"href":"https:\/\/candas365.es\/noticias\/wp-json\/wp\/v2\/users\/1"}],"replies":[{"embeddable":true,"href":"https:\/\/candas365.es\/noticias\/wp-json\/wp\/v2\/comments?post=112377"}],"version-history":[{"count":0,"href":"https:\/\/candas365.es\/noticias\/wp-json\/wp\/v2\/posts\/112377\/revisions"}],"wp:featuredmedia":[{"embeddable":true,"href":"https:\/\/candas365.es\/noticias\/wp-json\/wp\/v2\/media\/96924"}],"wp:attachment":[{"href":"https:\/\/candas365.es\/noticias\/wp-json\/wp\/v2\/media?parent=112377"}],"wp:term":[{"taxonomy":"category","embeddable":true,"href":"https:\/\/candas365.es\/noticias\/wp-json\/wp\/v2\/categories?post=112377"},{"taxonomy":"post_tag","embeddable":true,"href":"https:\/\/candas365.es\/noticias\/wp-json\/wp\/v2\/tags?post=112377"}],"curies":[{"name":"wp","href":"https:\/\/api.w.org\/{rel}","templated":true}]}}