{"id":112375,"date":"2018-12-20T01:23:48","date_gmt":"2018-12-20T01:23:48","guid":{"rendered":"http:\/\/candas365.es\/noticias\/?p=112375"},"modified":"2018-12-20T01:23:48","modified_gmt":"2018-12-20T01:23:48","slug":"alemania-y-francia-planean-fomentar-la-produccion-de-celdas-de-baterias","status":"publish","type":"post","link":"https:\/\/candas365.es\/noticias\/alemania-y-francia-planean-fomentar-la-produccion-de-celdas-de-baterias\/","title":{"rendered":"Alemania y Francia planean fomentar la producci\u00f3n de celdas de bater\u00edas"},"content":{"rendered":"<p><img fetchpriority=\"high\" decoding=\"async\" class=\"alignleft size-medium wp-image-110714\" src=\"https:\/\/candas365.es\/noticias\/wp-content\/uploads\/2018\/11\/traffic-332857_960_720-360x240.jpg\" alt=\"\" width=\"360\" height=\"240\" srcset=\"https:\/\/candas365.es\/noticias\/wp-content\/uploads\/2018\/11\/traffic-332857_960_720-360x240.jpg 360w, https:\/\/candas365.es\/noticias\/wp-content\/uploads\/2018\/11\/traffic-332857_960_720-768x512.jpg 768w, https:\/\/candas365.es\/noticias\/wp-content\/uploads\/2018\/11\/traffic-332857_960_720-655x437.jpg 655w, https:\/\/candas365.es\/noticias\/wp-content\/uploads\/2018\/11\/traffic-332857_960_720-696x464.jpg 696w, https:\/\/candas365.es\/noticias\/wp-content\/uploads\/2018\/11\/traffic-332857_960_720-630x420.jpg 630w, https:\/\/candas365.es\/noticias\/wp-content\/uploads\/2018\/11\/traffic-332857_960_720.jpg 960w\" sizes=\"(max-width: 360px) 100vw, 360px\" \/>Par\u00eds, 19 dic (dpa) &#8211; Alemania y Francia se proponen fomentar en forma conjunta en Europa la producci\u00f3n de celdas electroqu\u00edmicas de bater\u00edas, indica una declaraci\u00f3n presentada por ambos pa\u00edses en Par\u00eds.<\/p>\n<p>\u00abLa tecnolog\u00eda para bater\u00edas es un factor clave y ser\u00e1 imprescindible en varios sectores importantes del valor agregado industrial\u00bb, se\u00f1ala el comunicado. Las bater\u00edas son importantes en especial para la electrificaci\u00f3n de los sistemas de transporte y el almacenamiento de energ\u00edas renovables.<\/p>\n<p>\u00abLas bater\u00edas reemplazar\u00e1n a otras tecnolog\u00edas del pasado\u00bb, coment\u00f3 el ministro de Econom\u00eda alem\u00e1n, Peter Altmaier, tras una reuni\u00f3n en Par\u00eds con su par franc\u00e9s, Bruno Le Maire.<\/p>\n<p>\u00abLos fabricantes de veh\u00edculos en Europa y otros sitios decidir\u00e1n ahora d\u00f3nde encargar\u00e1n sus bater\u00edas\u00bb, agreg\u00f3 por su parte Le Maire. Si ahora no lanzamos un impulso en com\u00fan, ya no se producir\u00e1n bater\u00edas en Europa en el futuro, se\u00f1al\u00f3 el ministro galo.<\/p>\n<p>Alemania anunci\u00f3 en noviembre pasado un plan millonario de fomento para la producci\u00f3n de bater\u00edas. En los pr\u00f3ximos a\u00f1os, el presupuesto del ministerio de Econom\u00eda germano pondr\u00e1 a disposici\u00f3n mil millones de euros (1.136 millones de d\u00f3lares).<\/p>\n<p>La meta en com\u00fan de Alemania y Francia es apoyar la cooperaci\u00f3n entre empresas e institutos de investigaci\u00f3n de ambos pa\u00edses, que podr\u00e1n recibir fondos para iniciar el desarrollo celdas de bater\u00edas durante un per\u00edodo determinado.<\/p>\n<p>Ambos pa\u00edses acordaron adem\u00e1s fortalecer la competitividad a nivel europeo en materia de inteligencia artificial. Las tecnolog\u00edas ser\u00e1n impulsadas mediante una red conjunta de investigaci\u00f3n e innovaci\u00f3n.<\/p>\n","protected":false},"excerpt":{"rendered":"<p>Par\u00eds, 19 dic (dpa) &#8211; Alemania y Francia se proponen fomentar en forma conjunta en Europa la producci\u00f3n de celdas electroqu\u00edmicas de bater\u00edas, indica una declaraci\u00f3n presentada por ambos pa\u00edses en Par\u00eds. \u00abLa tecnolog\u00eda para bater\u00edas es un factor clave y ser\u00e1 imprescindible en varios sectores importantes del valor agregado industrial\u00bb, se\u00f1ala el comunicado. Las<\/p>\n","protected":false},"author":1,"featured_media":110714,"comment_status":"closed","ping_status":"closed","sticky":false,"template":"","format":"standard","meta":{"footnotes":""},"categories":[343],"tags":[],"class_list":{"0":"post-112375","1":"post","2":"type-post","3":"status-publish","4":"format-standard","5":"has-post-thumbnail","7":"category-actualidad"},"aioseo_notices":[],"aioseo_head":"\n\t\t<!-- All in One SEO Pro 4.9.6.2 - aioseo.com -->\n\t<meta name=\"description\" content=\"Par\u00eds, 19 dic (dpa) - Alemania y Francia se proponen fomentar en forma conjunta en Europa la producci\u00f3n de celdas electroqu\u00edmicas de bater\u00edas, indica una declaraci\u00f3n presentada por ambos pa\u00edses en Par\u00eds. &quot;La tecnolog\u00eda para bater\u00edas es un factor clave y ser\u00e1 imprescindible en varios sectores importantes del valor agregado industrial&quot;, se\u00f1ala el comunicado. Las\" \/>\n\t<meta name=\"robots\" content=\"max-image-preview:large\" \/>\n\t<meta name=\"author\" content=\"Cand\u00e1s 365\"\/>\n\t<meta name=\"google-site-verification\" content=\"UA-32230408-1\" \/>\n\t<meta name=\"msvalidate.01\" content=\"354F3CDFB2DA171B47FBE9ABF1F88D5\" \/>\n\t<meta name=\"keywords\" content=\"actualidad\" \/>\n\t<link rel=\"canonical\" href=\"https:\/\/candas365.es\/noticias\/alemania-y-francia-planean-fomentar-la-produccion-de-celdas-de-baterias\/\" \/>\n\t<meta name=\"generator\" content=\"All in One SEO Pro (AIOSEO) 4.9.6.2\" \/>\n\t\t<meta property=\"og:locale\" content=\"es_ES\" \/>\n\t\t<meta property=\"og:site_name\" content=\"Cand\u00e1s 365\" \/>\n\t\t<meta property=\"og:type\" content=\"article\" \/>\n\t\t<meta property=\"og:title\" content=\"Alemania y Francia planean fomentar la producci\u00f3n de celdas de bater\u00edas | Cand\u00e1s 365\" \/>\n\t\t<meta property=\"og:description\" content=\"Par\u00eds, 19 dic (dpa) - Alemania y Francia se proponen fomentar en forma conjunta en Europa la producci\u00f3n de celdas electroqu\u00edmicas de bater\u00edas, indica una declaraci\u00f3n presentada por ambos pa\u00edses en Par\u00eds. &quot;La tecnolog\u00eda para bater\u00edas es un factor clave y ser\u00e1 imprescindible en varios sectores importantes del valor agregado industrial&quot;, se\u00f1ala el comunicado. Las\" \/>\n\t\t<meta property=\"og:url\" content=\"https:\/\/candas365.es\/noticias\/alemania-y-francia-planean-fomentar-la-produccion-de-celdas-de-baterias\/\" \/>\n\t\t<meta property=\"og:image\" content=\"https:\/\/candas365.es\/noticias\/wp-content\/uploads\/2018\/11\/traffic-332857_960_720.jpg\" \/>\n\t\t<meta property=\"og:image:secure_url\" content=\"https:\/\/candas365.es\/noticias\/wp-content\/uploads\/2018\/11\/traffic-332857_960_720.jpg\" \/>\n\t\t<meta property=\"og:image:width\" content=\"960\" \/>\n\t\t<meta property=\"og:image:height\" content=\"640\" \/>\n\t\t<meta property=\"article:published_time\" content=\"2018-12-20T01:23:48+00:00\" \/>\n\t\t<meta property=\"article:modified_time\" content=\"2018-12-20T01:23:48+00:00\" \/>\n\t\t<meta property=\"article:publisher\" content=\"https:\/\/www.facebook.com\/Nachofdezber\" \/>\n\t\t<meta property=\"article:author\" content=\"https:\/\/www.facebook.com\/carrenoactualidad\" \/>\n\t\t<meta name=\"twitter:card\" content=\"summary_large_image\" \/>\n\t\t<meta name=\"twitter:site\" content=\"@NabercoDigital\" \/>\n\t\t<meta name=\"twitter:title\" content=\"Alemania y Francia planean fomentar la producci\u00f3n de celdas de bater\u00edas | Cand\u00e1s 365\" \/>\n\t\t<meta name=\"twitter:description\" content=\"Par\u00eds, 19 dic (dpa) - Alemania y Francia se proponen fomentar en forma conjunta en Europa la producci\u00f3n de celdas electroqu\u00edmicas de bater\u00edas, indica una declaraci\u00f3n presentada por ambos pa\u00edses en Par\u00eds. &quot;La tecnolog\u00eda para bater\u00edas es un factor clave y ser\u00e1 imprescindible en varios sectores importantes del valor agregado industrial&quot;, se\u00f1ala el comunicado. Las\" \/>\n\t\t<meta name=\"twitter:creator\" content=\"@nbasturias\" \/>\n\t\t<meta name=\"twitter:image\" content=\"https:\/\/candas365.es\/noticias\/wp-content\/uploads\/2018\/11\/traffic-332857_960_720.jpg\" \/>\n\t\t<meta name=\"twitter:label1\" content=\"Escrito por\" \/>\n\t\t<meta name=\"twitter:data1\" content=\"Cand\u00e1s 365\" \/>\n\t\t<meta name=\"twitter:label2\" content=\"Tiempo de lectura estimado\" \/>\n\t\t<meta name=\"twitter:data2\" content=\"1 minuto\" \/>\n\t\t<script type=\"application\/ld+json\" class=\"aioseo-schema\">\n\t\t\t{\"@context\":\"https:\\\/\\\/schema.org\",\"@graph\":[{\"@type\":\"BreadcrumbList\",\"@id\":\"https:\\\/\\\/candas365.es\\\/noticias\\\/alemania-y-francia-planean-fomentar-la-produccion-de-celdas-de-baterias\\\/#breadcrumblist\",\"itemListElement\":[{\"@type\":\"ListItem\",\"@id\":\"https:\\\/\\\/candas365.es\\\/noticias#listItem\",\"position\":1,\"name\":\"Home\",\"item\":\"https:\\\/\\\/candas365.es\\\/noticias\",\"nextItem\":{\"@type\":\"ListItem\",\"@id\":\"https:\\\/\\\/candas365.es\\\/noticias\\\/category\\\/actualidad\\\/#listItem\",\"name\":\"Actualidad\"}},{\"@type\":\"ListItem\",\"@id\":\"https:\\\/\\\/candas365.es\\\/noticias\\\/category\\\/actualidad\\\/#listItem\",\"position\":2,\"name\":\"Actualidad\",\"item\":\"https:\\\/\\\/candas365.es\\\/noticias\\\/category\\\/actualidad\\\/\",\"nextItem\":{\"@type\":\"ListItem\",\"@id\":\"https:\\\/\\\/candas365.es\\\/noticias\\\/alemania-y-francia-planean-fomentar-la-produccion-de-celdas-de-baterias\\\/#listItem\",\"name\":\"Alemania y Francia planean fomentar la producci\\u00f3n de celdas de bater\\u00edas\"},\"previousItem\":{\"@type\":\"ListItem\",\"@id\":\"https:\\\/\\\/candas365.es\\\/noticias#listItem\",\"name\":\"Home\"}},{\"@type\":\"ListItem\",\"@id\":\"https:\\\/\\\/candas365.es\\\/noticias\\\/alemania-y-francia-planean-fomentar-la-produccion-de-celdas-de-baterias\\\/#listItem\",\"position\":3,\"name\":\"Alemania y Francia planean fomentar la producci\\u00f3n de celdas de bater\\u00edas\",\"previousItem\":{\"@type\":\"ListItem\",\"@id\":\"https:\\\/\\\/candas365.es\\\/noticias\\\/category\\\/actualidad\\\/#listItem\",\"name\":\"Actualidad\"}}]},{\"@type\":\"NewsArticle\",\"@id\":\"https:\\\/\\\/candas365.es\\\/noticias\\\/alemania-y-francia-planean-fomentar-la-produccion-de-celdas-de-baterias\\\/#newsarticle\",\"name\":\"Alemania y Francia planean fomentar la producci\\u00f3n de celdas de bater\\u00edas | Cand\\u00e1s 365\",\"headline\":\"Alemania y Francia planean fomentar la producci\\u00f3n de celdas de bater\\u00edas\",\"author\":{\"@id\":\"https:\\\/\\\/candas365.es\\\/noticias\\\/author\\\/admin\\\/#author\"},\"publisher\":{\"@id\":\"https:\\\/\\\/candas365.es\\\/noticias\\\/#organization\"},\"image\":{\"@type\":\"ImageObject\",\"url\":\"https:\\\/\\\/candas365.es\\\/noticias\\\/wp-content\\\/uploads\\\/2018\\\/11\\\/traffic-332857_960_720.jpg\",\"width\":960,\"height\":640},\"datePublished\":\"2018-12-20T01:23:48+01:00\",\"dateModified\":\"2018-12-20T01:23:48+01:00\",\"inLanguage\":\"es-ES\",\"mainEntityOfPage\":{\"@id\":\"https:\\\/\\\/candas365.es\\\/noticias\\\/alemania-y-francia-planean-fomentar-la-produccion-de-celdas-de-baterias\\\/#webpage\"},\"isPartOf\":{\"@id\":\"https:\\\/\\\/candas365.es\\\/noticias\\\/alemania-y-francia-planean-fomentar-la-produccion-de-celdas-de-baterias\\\/#webpage\"},\"articleSection\":\"Actualidad\",\"dateline\":\"Publicado el diciembre 20, 2018.\"},{\"@type\":\"Organization\",\"@id\":\"https:\\\/\\\/candas365.es\\\/noticias\\\/#organization\",\"name\":\"Cand\\u00e1s 365\",\"description\":\"Cand\\u00e1s 365 es un diario digital independiente, fundado en 2012, con base en Asturias. Informamos con rigor sobre actualidad, sociedad, cultura y ocio, con una mirada local y global.\",\"url\":\"https:\\\/\\\/candas365.es\\\/noticias\\\/\",\"email\":\"info@candas365.es\",\"telephone\":\"+34652131393\",\"foundingDate\":\"2012-06-10\",\"logo\":{\"@type\":\"ImageObject\",\"url\":\"https:\\\/\\\/candas365.es\\\/noticias\\\/wp-content\\\/uploads\\\/2024\\\/09\\\/Candas-365-Redes.jpg\",\"@id\":\"https:\\\/\\\/candas365.es\\\/noticias\\\/alemania-y-francia-planean-fomentar-la-produccion-de-celdas-de-baterias\\\/#organizationLogo\",\"width\":1152,\"height\":864,\"caption\":\"Cand\\u00e1s 365 Redes\"},\"image\":{\"@id\":\"https:\\\/\\\/candas365.es\\\/noticias\\\/alemania-y-francia-planean-fomentar-la-produccion-de-celdas-de-baterias\\\/#organizationLogo\"},\"sameAs\":[\"https:\\\/\\\/www.facebook.com\\\/Nachofdezber\",\"https:\\\/\\\/x.com\\\/NabercoDigital\",\"https:\\\/\\\/www.instagram.com\\\/nachofdezber\\\/\",\"https:\\\/\\\/www.youtube.com\\\/channel\\\/UCZP-2wLEB9Rv6erhFmqVnvg\"],\"address\":{\"@id\":\"https:\\\/\\\/candas365.es\\\/noticias\\\/#postaladdress\",\"@type\":\"PostalAddress\",\"streetAddress\":\"san antonio 4, san antonio 4\",\"postalCode\":\"33430\",\"addressLocality\":\"Cand\\u00e1s\",\"addressRegion\":\"Asturias\",\"addressCountry\":\"ES\"}},{\"@type\":\"Person\",\"@id\":\"https:\\\/\\\/candas365.es\\\/noticias\\\/author\\\/admin\\\/#author\",\"url\":\"https:\\\/\\\/candas365.es\\\/noticias\\\/author\\\/admin\\\/\",\"name\":\"Cand\\u00e1s 365\",\"image\":{\"@type\":\"ImageObject\",\"@id\":\"https:\\\/\\\/candas365.es\\\/noticias\\\/alemania-y-francia-planean-fomentar-la-produccion-de-celdas-de-baterias\\\/#authorImage\",\"url\":\"https:\\\/\\\/secure.gravatar.com\\\/avatar\\\/496a8e03d0c493ede1718b7934145dbdf8d89be1036b0eec9544e1094c9de390?s=96&d=mm&r=g\",\"width\":96,\"height\":96,\"caption\":\"Cand\\u00e1s 365\"},\"sameAs\":[\"https:\\\/\\\/www.facebook.com\\\/carrenoactualidad\",\"https:\\\/\\\/twitter.com\\\/nbasturias\",\"https:\\\/\\\/www.instagram.com\\\/nachofdezber\\\/\",\"https:\\\/\\\/www.youtube.com\\\/channel\\\/UCZP-2wLEB9Rv6erhFmqVnvg\"]},{\"@type\":\"WebPage\",\"@id\":\"https:\\\/\\\/candas365.es\\\/noticias\\\/alemania-y-francia-planean-fomentar-la-produccion-de-celdas-de-baterias\\\/#webpage\",\"url\":\"https:\\\/\\\/candas365.es\\\/noticias\\\/alemania-y-francia-planean-fomentar-la-produccion-de-celdas-de-baterias\\\/\",\"name\":\"Alemania y Francia planean fomentar la producci\\u00f3n de celdas de bater\\u00edas | Cand\\u00e1s 365\",\"description\":\"Par\\u00eds, 19 dic (dpa) - Alemania y Francia se proponen fomentar en forma conjunta en Europa la producci\\u00f3n de celdas electroqu\\u00edmicas de bater\\u00edas, indica una declaraci\\u00f3n presentada por ambos pa\\u00edses en Par\\u00eds. \\\"La tecnolog\\u00eda para bater\\u00edas es un factor clave y ser\\u00e1 imprescindible en varios sectores importantes del valor agregado industrial\\\", se\\u00f1ala el comunicado. Las\",\"inLanguage\":\"es-ES\",\"isPartOf\":{\"@id\":\"https:\\\/\\\/candas365.es\\\/noticias\\\/#website\"},\"breadcrumb\":{\"@id\":\"https:\\\/\\\/candas365.es\\\/noticias\\\/alemania-y-francia-planean-fomentar-la-produccion-de-celdas-de-baterias\\\/#breadcrumblist\"},\"author\":{\"@id\":\"https:\\\/\\\/candas365.es\\\/noticias\\\/author\\\/admin\\\/#author\"},\"creator\":{\"@id\":\"https:\\\/\\\/candas365.es\\\/noticias\\\/author\\\/admin\\\/#author\"},\"image\":{\"@type\":\"ImageObject\",\"url\":\"https:\\\/\\\/candas365.es\\\/noticias\\\/wp-content\\\/uploads\\\/2018\\\/11\\\/traffic-332857_960_720.jpg\",\"@id\":\"https:\\\/\\\/candas365.es\\\/noticias\\\/alemania-y-francia-planean-fomentar-la-produccion-de-celdas-de-baterias\\\/#mainImage\",\"width\":960,\"height\":640},\"primaryImageOfPage\":{\"@id\":\"https:\\\/\\\/candas365.es\\\/noticias\\\/alemania-y-francia-planean-fomentar-la-produccion-de-celdas-de-baterias\\\/#mainImage\"},\"datePublished\":\"2018-12-20T01:23:48+01:00\",\"dateModified\":\"2018-12-20T01:23:48+01:00\"},{\"@type\":\"WebSite\",\"@id\":\"https:\\\/\\\/candas365.es\\\/noticias\\\/#website\",\"url\":\"https:\\\/\\\/candas365.es\\\/noticias\\\/\",\"name\":\"Cand\\u00e1s 365\",\"alternateName\":\"Cand\\u00e1s 365 Noticias\",\"description\":\"Actualidad desde Carre\\u00f1o para el mundo\",\"inLanguage\":\"es-ES\",\"publisher\":{\"@id\":\"https:\\\/\\\/candas365.es\\\/noticias\\\/#organization\"}}]}\n\t\t<\/script>\n\t\t<!-- All in One SEO Pro -->\r\n\t\t<title>Alemania y Francia planean fomentar la producci\u00f3n de celdas de bater\u00edas | Cand\u00e1s 365<\/title>\n\n","aioseo_head_json":{"title":"Alemania y Francia planean fomentar la producci\u00f3n de celdas de bater\u00edas | Cand\u00e1s 365","description":"Par\u00eds, 19 dic (dpa) - Alemania y Francia se proponen fomentar en forma conjunta en Europa la producci\u00f3n de celdas electroqu\u00edmicas de bater\u00edas, indica una declaraci\u00f3n presentada por ambos pa\u00edses en Par\u00eds. \"La tecnolog\u00eda para bater\u00edas es un factor clave y ser\u00e1 imprescindible en varios sectores importantes del valor agregado industrial\", se\u00f1ala el comunicado. Las","canonical_url":"https:\/\/candas365.es\/noticias\/alemania-y-francia-planean-fomentar-la-produccion-de-celdas-de-baterias\/","robots":"max-image-preview:large","keywords":"actualidad","webmasterTools":{"google-site-verification":"UA-32230408-1","msvalidate.01":"354F3CDFB2DA171B47FBE9ABF1F88D5","miscellaneous":""},"schema":{"@context":"https:\/\/schema.org","@graph":[{"@type":"BreadcrumbList","@id":"https:\/\/candas365.es\/noticias\/alemania-y-francia-planean-fomentar-la-produccion-de-celdas-de-baterias\/#breadcrumblist","itemListElement":[{"@type":"ListItem","@id":"https:\/\/candas365.es\/noticias#listItem","position":1,"name":"Home","item":"https:\/\/candas365.es\/noticias","nextItem":{"@type":"ListItem","@id":"https:\/\/candas365.es\/noticias\/category\/actualidad\/#listItem","name":"Actualidad"}},{"@type":"ListItem","@id":"https:\/\/candas365.es\/noticias\/category\/actualidad\/#listItem","position":2,"name":"Actualidad","item":"https:\/\/candas365.es\/noticias\/category\/actualidad\/","nextItem":{"@type":"ListItem","@id":"https:\/\/candas365.es\/noticias\/alemania-y-francia-planean-fomentar-la-produccion-de-celdas-de-baterias\/#listItem","name":"Alemania y Francia planean fomentar la producci\u00f3n de celdas de bater\u00edas"},"previousItem":{"@type":"ListItem","@id":"https:\/\/candas365.es\/noticias#listItem","name":"Home"}},{"@type":"ListItem","@id":"https:\/\/candas365.es\/noticias\/alemania-y-francia-planean-fomentar-la-produccion-de-celdas-de-baterias\/#listItem","position":3,"name":"Alemania y Francia planean fomentar la producci\u00f3n de celdas de bater\u00edas","previousItem":{"@type":"ListItem","@id":"https:\/\/candas365.es\/noticias\/category\/actualidad\/#listItem","name":"Actualidad"}}]},{"@type":"NewsArticle","@id":"https:\/\/candas365.es\/noticias\/alemania-y-francia-planean-fomentar-la-produccion-de-celdas-de-baterias\/#newsarticle","name":"Alemania y Francia planean fomentar la producci\u00f3n de celdas de bater\u00edas | Cand\u00e1s 365","headline":"Alemania y Francia planean fomentar la producci\u00f3n de celdas de bater\u00edas","author":{"@id":"https:\/\/candas365.es\/noticias\/author\/admin\/#author"},"publisher":{"@id":"https:\/\/candas365.es\/noticias\/#organization"},"image":{"@type":"ImageObject","url":"https:\/\/candas365.es\/noticias\/wp-content\/uploads\/2018\/11\/traffic-332857_960_720.jpg","width":960,"height":640},"datePublished":"2018-12-20T01:23:48+01:00","dateModified":"2018-12-20T01:23:48+01:00","inLanguage":"es-ES","mainEntityOfPage":{"@id":"https:\/\/candas365.es\/noticias\/alemania-y-francia-planean-fomentar-la-produccion-de-celdas-de-baterias\/#webpage"},"isPartOf":{"@id":"https:\/\/candas365.es\/noticias\/alemania-y-francia-planean-fomentar-la-produccion-de-celdas-de-baterias\/#webpage"},"articleSection":"Actualidad","dateline":"Publicado el diciembre 20, 2018."},{"@type":"Organization","@id":"https:\/\/candas365.es\/noticias\/#organization","name":"Cand\u00e1s 365","description":"Cand\u00e1s 365 es un diario digital independiente, fundado en 2012, con base en Asturias. Informamos con rigor sobre actualidad, sociedad, cultura y ocio, con una mirada local y global.","url":"https:\/\/candas365.es\/noticias\/","email":"info@candas365.es","telephone":"+34652131393","foundingDate":"2012-06-10","logo":{"@type":"ImageObject","url":"https:\/\/candas365.es\/noticias\/wp-content\/uploads\/2024\/09\/Candas-365-Redes.jpg","@id":"https:\/\/candas365.es\/noticias\/alemania-y-francia-planean-fomentar-la-produccion-de-celdas-de-baterias\/#organizationLogo","width":1152,"height":864,"caption":"Cand\u00e1s 365 Redes"},"image":{"@id":"https:\/\/candas365.es\/noticias\/alemania-y-francia-planean-fomentar-la-produccion-de-celdas-de-baterias\/#organizationLogo"},"sameAs":["https:\/\/www.facebook.com\/Nachofdezber","https:\/\/x.com\/NabercoDigital","https:\/\/www.instagram.com\/nachofdezber\/","https:\/\/www.youtube.com\/channel\/UCZP-2wLEB9Rv6erhFmqVnvg"],"address":{"@id":"https:\/\/candas365.es\/noticias\/#postaladdress","@type":"PostalAddress","streetAddress":"san antonio 4, san antonio 4","postalCode":"33430","addressLocality":"Cand\u00e1s","addressRegion":"Asturias","addressCountry":"ES"}},{"@type":"Person","@id":"https:\/\/candas365.es\/noticias\/author\/admin\/#author","url":"https:\/\/candas365.es\/noticias\/author\/admin\/","name":"Cand\u00e1s 365","image":{"@type":"ImageObject","@id":"https:\/\/candas365.es\/noticias\/alemania-y-francia-planean-fomentar-la-produccion-de-celdas-de-baterias\/#authorImage","url":"https:\/\/secure.gravatar.com\/avatar\/496a8e03d0c493ede1718b7934145dbdf8d89be1036b0eec9544e1094c9de390?s=96&d=mm&r=g","width":96,"height":96,"caption":"Cand\u00e1s 365"},"sameAs":["https:\/\/www.facebook.com\/carrenoactualidad","https:\/\/twitter.com\/nbasturias","https:\/\/www.instagram.com\/nachofdezber\/","https:\/\/www.youtube.com\/channel\/UCZP-2wLEB9Rv6erhFmqVnvg"]},{"@type":"WebPage","@id":"https:\/\/candas365.es\/noticias\/alemania-y-francia-planean-fomentar-la-produccion-de-celdas-de-baterias\/#webpage","url":"https:\/\/candas365.es\/noticias\/alemania-y-francia-planean-fomentar-la-produccion-de-celdas-de-baterias\/","name":"Alemania y Francia planean fomentar la producci\u00f3n de celdas de bater\u00edas | Cand\u00e1s 365","description":"Par\u00eds, 19 dic (dpa) - Alemania y Francia se proponen fomentar en forma conjunta en Europa la producci\u00f3n de celdas electroqu\u00edmicas de bater\u00edas, indica una declaraci\u00f3n presentada por ambos pa\u00edses en Par\u00eds. \"La tecnolog\u00eda para bater\u00edas es un factor clave y ser\u00e1 imprescindible en varios sectores importantes del valor agregado industrial\", se\u00f1ala el comunicado. Las","inLanguage":"es-ES","isPartOf":{"@id":"https:\/\/candas365.es\/noticias\/#website"},"breadcrumb":{"@id":"https:\/\/candas365.es\/noticias\/alemania-y-francia-planean-fomentar-la-produccion-de-celdas-de-baterias\/#breadcrumblist"},"author":{"@id":"https:\/\/candas365.es\/noticias\/author\/admin\/#author"},"creator":{"@id":"https:\/\/candas365.es\/noticias\/author\/admin\/#author"},"image":{"@type":"ImageObject","url":"https:\/\/candas365.es\/noticias\/wp-content\/uploads\/2018\/11\/traffic-332857_960_720.jpg","@id":"https:\/\/candas365.es\/noticias\/alemania-y-francia-planean-fomentar-la-produccion-de-celdas-de-baterias\/#mainImage","width":960,"height":640},"primaryImageOfPage":{"@id":"https:\/\/candas365.es\/noticias\/alemania-y-francia-planean-fomentar-la-produccion-de-celdas-de-baterias\/#mainImage"},"datePublished":"2018-12-20T01:23:48+01:00","dateModified":"2018-12-20T01:23:48+01:00"},{"@type":"WebSite","@id":"https:\/\/candas365.es\/noticias\/#website","url":"https:\/\/candas365.es\/noticias\/","name":"Cand\u00e1s 365","alternateName":"Cand\u00e1s 365 Noticias","description":"Actualidad desde Carre\u00f1o para el mundo","inLanguage":"es-ES","publisher":{"@id":"https:\/\/candas365.es\/noticias\/#organization"}}]},"og:locale":"es_ES","og:site_name":"Cand\u00e1s 365","og:type":"article","og:title":"Alemania y Francia planean fomentar la producci\u00f3n de celdas de bater\u00edas | Cand\u00e1s 365","og:description":"Par\u00eds, 19 dic (dpa) - Alemania y Francia se proponen fomentar en forma conjunta en Europa la producci\u00f3n de celdas electroqu\u00edmicas de bater\u00edas, indica una declaraci\u00f3n presentada por ambos pa\u00edses en Par\u00eds. &quot;La tecnolog\u00eda para bater\u00edas es un factor clave y ser\u00e1 imprescindible en varios sectores importantes del valor agregado industrial&quot;, se\u00f1ala el comunicado. Las","og:url":"https:\/\/candas365.es\/noticias\/alemania-y-francia-planean-fomentar-la-produccion-de-celdas-de-baterias\/","og:image":"https:\/\/candas365.es\/noticias\/wp-content\/uploads\/2018\/11\/traffic-332857_960_720.jpg","og:image:secure_url":"https:\/\/candas365.es\/noticias\/wp-content\/uploads\/2018\/11\/traffic-332857_960_720.jpg","og:image:width":960,"og:image:height":640,"article:published_time":"2018-12-20T01:23:48+00:00","article:modified_time":"2018-12-20T01:23:48+00:00","article:publisher":"https:\/\/www.facebook.com\/Nachofdezber","article:author":"https:\/\/www.facebook.com\/carrenoactualidad","twitter:card":"summary_large_image","twitter:site":"@NabercoDigital","twitter:title":"Alemania y Francia planean fomentar la producci\u00f3n de celdas de bater\u00edas | Cand\u00e1s 365","twitter:description":"Par\u00eds, 19 dic (dpa) - Alemania y Francia se proponen fomentar en forma conjunta en Europa la producci\u00f3n de celdas electroqu\u00edmicas de bater\u00edas, indica una declaraci\u00f3n presentada por ambos pa\u00edses en Par\u00eds. &quot;La tecnolog\u00eda para bater\u00edas es un factor clave y ser\u00e1 imprescindible en varios sectores importantes del valor agregado industrial&quot;, se\u00f1ala el comunicado. Las","twitter:creator":"@nbasturias","twitter:image":"https:\/\/candas365.es\/noticias\/wp-content\/uploads\/2018\/11\/traffic-332857_960_720.jpg","twitter:label1":"Escrito por","twitter:data1":"Cand\u00e1s 365","twitter:label2":"Tiempo de lectura estimado","twitter:data2":"1 minuto"},"aioseo_meta_data":{"post_id":"112375","title":null,"description":null,"keywords":null,"keyphrases":null,"primary_term":null,"canonical_url":null,"og_title":null,"og_description":null,"og_object_type":"default","og_image_type":"default","og_image_url":null,"og_image_width":null,"og_image_height":null,"og_image_custom_url":null,"og_image_custom_fields":null,"og_video":null,"og_custom_url":null,"og_article_section":null,"og_article_tags":null,"twitter_use_og":false,"twitter_card":"default","twitter_image_type":"default","twitter_image_url":null,"twitter_image_custom_url":null,"twitter_image_custom_fields":null,"twitter_title":null,"twitter_description":null,"schema":{"blockGraphs":[],"customGraphs":[],"default":{"data":{"Article":[],"Course":[],"Dataset":[],"FAQPage":[],"Movie":[],"Person":[],"Product":[],"ProductReview":[],"Car":[],"Recipe":[],"Service":[],"SoftwareApplication":[],"WebPage":[]},"graphName":"","isEnabled":true},"graphs":[]},"schema_type":null,"schema_type_options":null,"pillar_content":false,"robots_default":true,"robots_noindex":false,"robots_noarchive":false,"robots_nosnippet":false,"robots_nofollow":false,"robots_noimageindex":false,"robots_noodp":false,"robots_notranslate":false,"robots_max_snippet":null,"robots_max_videopreview":null,"robots_max_imagepreview":"large","priority":null,"frequency":null,"location":null,"local_seo":null,"seo_analyzer_scan_date":"2025-08-28 18:13:16","breadcrumb_settings":null,"limit_modified_date":false,"reviewed_by":null,"open_ai":null,"ai":null,"created":"2020-12-21 11:34:56","updated":"2025-08-28 18:13:16"},"aioseo_breadcrumb":"<div class=\"aioseo-breadcrumbs\"><span class=\"aioseo-breadcrumb\">\n\t<a href=\"https:\/\/candas365.es\/noticias\" title=\"Home\">Home<\/a>\n<\/span><span class=\"aioseo-breadcrumb-separator\">&ndash;<\/span><span class=\"aioseo-breadcrumb\">\n\t<a href=\"https:\/\/candas365.es\/noticias\/category\/actualidad\/\" title=\"Actualidad\">Actualidad<\/a>\n<\/span><span class=\"aioseo-breadcrumb-separator\">&ndash;<\/span><span class=\"aioseo-breadcrumb\">\n\tAlemania y Francia planean fomentar la producci\u00f3n de celdas de bater\u00edas\n<\/span><\/div>","aioseo_breadcrumb_json":[{"label":"Home","link":"https:\/\/candas365.es\/noticias"},{"label":"Actualidad","link":"https:\/\/candas365.es\/noticias\/category\/actualidad\/"},{"label":"Alemania y Francia planean fomentar la producci\u00f3n de celdas de bater\u00edas","link":"https:\/\/candas365.es\/noticias\/alemania-y-francia-planean-fomentar-la-produccion-de-celdas-de-baterias\/"}],"_links":{"self":[{"href":"https:\/\/candas365.es\/noticias\/wp-json\/wp\/v2\/posts\/112375","targetHints":{"allow":["GET"]}}],"collection":[{"href":"https:\/\/candas365.es\/noticias\/wp-json\/wp\/v2\/posts"}],"about":[{"href":"https:\/\/candas365.es\/noticias\/wp-json\/wp\/v2\/types\/post"}],"author":[{"embeddable":true,"href":"https:\/\/candas365.es\/noticias\/wp-json\/wp\/v2\/users\/1"}],"replies":[{"embeddable":true,"href":"https:\/\/candas365.es\/noticias\/wp-json\/wp\/v2\/comments?post=112375"}],"version-history":[{"count":0,"href":"https:\/\/candas365.es\/noticias\/wp-json\/wp\/v2\/posts\/112375\/revisions"}],"wp:featuredmedia":[{"embeddable":true,"href":"https:\/\/candas365.es\/noticias\/wp-json\/wp\/v2\/media\/110714"}],"wp:attachment":[{"href":"https:\/\/candas365.es\/noticias\/wp-json\/wp\/v2\/media?parent=112375"}],"wp:term":[{"taxonomy":"category","embeddable":true,"href":"https:\/\/candas365.es\/noticias\/wp-json\/wp\/v2\/categories?post=112375"},{"taxonomy":"post_tag","embeddable":true,"href":"https:\/\/candas365.es\/noticias\/wp-json\/wp\/v2\/tags?post=112375"}],"curies":[{"name":"wp","href":"https:\/\/api.w.org\/{rel}","templated":true}]}}