{"id":112368,"date":"2018-12-19T23:40:27","date_gmt":"2018-12-19T23:40:27","guid":{"rendered":"http:\/\/candas365.es\/noticias\/?p=112368"},"modified":"2018-12-19T23:40:27","modified_gmt":"2018-12-19T23:40:27","slug":"el-gobierno-aleman-aprueba-una-ley-para-facilitar-la-inmigracion-laboral","status":"publish","type":"post","link":"https:\/\/candas365.es\/noticias\/el-gobierno-aleman-aprueba-una-ley-para-facilitar-la-inmigracion-laboral\/","title":{"rendered":"El Gobierno alem\u00e1n aprueba una ley para facilitar la inmigraci\u00f3n laboral"},"content":{"rendered":"<p><img fetchpriority=\"high\" decoding=\"async\" class=\"alignleft size-medium wp-image-112369\" src=\"https:\/\/candas365.es\/noticias\/wp-content\/uploads\/2018\/12\/action-2277292_960_720-1-360x246.jpg\" alt=\"\" width=\"360\" height=\"246\" srcset=\"https:\/\/candas365.es\/noticias\/wp-content\/uploads\/2018\/12\/action-2277292_960_720-1-360x246.jpg 360w, https:\/\/candas365.es\/noticias\/wp-content\/uploads\/2018\/12\/action-2277292_960_720-1-768x524.jpg 768w, https:\/\/candas365.es\/noticias\/wp-content\/uploads\/2018\/12\/action-2277292_960_720-1-655x447.jpg 655w, https:\/\/candas365.es\/noticias\/wp-content\/uploads\/2018\/12\/action-2277292_960_720-1-218x150.jpg 218w, https:\/\/candas365.es\/noticias\/wp-content\/uploads\/2018\/12\/action-2277292_960_720-1-696x475.jpg 696w, https:\/\/candas365.es\/noticias\/wp-content\/uploads\/2018\/12\/action-2277292_960_720-1-616x420.jpg 616w, https:\/\/candas365.es\/noticias\/wp-content\/uploads\/2018\/12\/action-2277292_960_720-1.jpg 960w\" sizes=\"(max-width: 360px) 100vw, 360px\" \/>Berl\u00edn, 19 dic (dpa) &#8211; Tras un tira y afloja, la coalici\u00f3n de democristianos y socialdem\u00f3cratas que gobierna Alemania aprob\u00f3 hoy un proyecto de ley para promover la inmigraci\u00f3n de trabajadores y profesionales calificados que necesita con urgencia la econom\u00eda del pa\u00eds.<\/p>\n<p>Al mismo tiempo dio luz verde a un proyecto de ley para facilitar la permanencia de extranjeros que trabajan desde hace tiempo en el pa\u00eds y poseen solamente el permiso de \u00abestancia tolerada\u00bb.<\/p>\n<p>El Partido Socialdem\u00f3crata (SPD), socio menor de los conservadores de la canciller Angela Merkel, hab\u00eda insistido en la necesidad de sacar una nueva ley de inmigraci\u00f3n antes de finales de a\u00f1o.<\/p>\n<p>Observadores comentaron que la legislaci\u00f3n probablemente sea enmendada cuando sea tratada para votaci\u00f3n en la Parlamento.<\/p>\n<p>Los democristianos de Merkel insisten en cerrar cualquier posibilidad legales de permanencia a los solicitantes de asilo pol\u00edtico que no revelan su identidad y pa\u00eds de origen.<\/p>\n<p>La industria alemana aspira a que sea relajadas las estrictas leyes de inmigraci\u00f3n para paliar la escasez de trabajadores y profesionales.<\/p>\n<p>Seg\u00fan las cifras oficiales, el desempleo cay\u00f3 en noviembre al 4,8 por ciento y el n\u00famero de puestos de trabajo vacantes trep\u00f3 a 807.000.<\/p>\n<p>Un estudio reciente arroj\u00f3 que dos tercios de las empresas medianas alemanas, el segmento del famoso \u00abMittelstand\u00bb, que constituye la columna vertebral de la mayor econom\u00eda de Europa, quieren reclutar m\u00e1s trabajadores en los pr\u00f3ximos a\u00f1os.<\/p>\n","protected":false},"excerpt":{"rendered":"<p>Berl\u00edn, 19 dic (dpa) &#8211; Tras un tira y afloja, la coalici\u00f3n de democristianos y socialdem\u00f3cratas que gobierna Alemania aprob\u00f3 hoy un proyecto de ley para promover la inmigraci\u00f3n de trabajadores y profesionales calificados que necesita con urgencia la econom\u00eda del pa\u00eds. Al mismo tiempo dio luz verde a un proyecto de ley para facilitar<\/p>\n","protected":false},"author":1,"featured_media":112369,"comment_status":"closed","ping_status":"closed","sticky":false,"template":"","format":"standard","meta":{"footnotes":""},"categories":[343],"tags":[],"class_list":{"0":"post-112368","1":"post","2":"type-post","3":"status-publish","4":"format-standard","5":"has-post-thumbnail","7":"category-actualidad"},"aioseo_notices":[],"aioseo_head":"\n\t\t<!-- All in One SEO Pro 4.9.6.2 - aioseo.com -->\n\t<meta name=\"description\" content=\"Berl\u00edn, 19 dic (dpa) - Tras un tira y afloja, la coalici\u00f3n de democristianos y socialdem\u00f3cratas que gobierna Alemania aprob\u00f3 hoy un proyecto de ley para promover la inmigraci\u00f3n de trabajadores y profesionales calificados que necesita con urgencia la econom\u00eda del pa\u00eds. Al mismo tiempo dio luz verde a un proyecto de ley para facilitar\" \/>\n\t<meta name=\"robots\" content=\"max-image-preview:large\" \/>\n\t<meta name=\"author\" content=\"Cand\u00e1s 365\"\/>\n\t<meta name=\"google-site-verification\" content=\"UA-32230408-1\" \/>\n\t<meta name=\"msvalidate.01\" content=\"354F3CDFB2DA171B47FBE9ABF1F88D5\" \/>\n\t<meta name=\"keywords\" content=\"actualidad\" \/>\n\t<link rel=\"canonical\" href=\"https:\/\/candas365.es\/noticias\/el-gobierno-aleman-aprueba-una-ley-para-facilitar-la-inmigracion-laboral\/\" \/>\n\t<meta name=\"generator\" content=\"All in One SEO Pro (AIOSEO) 4.9.6.2\" \/>\n\t\t<meta property=\"og:locale\" content=\"es_ES\" \/>\n\t\t<meta property=\"og:site_name\" content=\"Cand\u00e1s 365\" \/>\n\t\t<meta property=\"og:type\" content=\"article\" \/>\n\t\t<meta property=\"og:title\" content=\"El Gobierno alem\u00e1n aprueba una ley para facilitar la inmigraci\u00f3n laboral | Cand\u00e1s 365\" \/>\n\t\t<meta property=\"og:description\" content=\"Berl\u00edn, 19 dic (dpa) - Tras un tira y afloja, la coalici\u00f3n de democristianos y socialdem\u00f3cratas que gobierna Alemania aprob\u00f3 hoy un proyecto de ley para promover la inmigraci\u00f3n de trabajadores y profesionales calificados que necesita con urgencia la econom\u00eda del pa\u00eds. Al mismo tiempo dio luz verde a un proyecto de ley para facilitar\" \/>\n\t\t<meta property=\"og:url\" content=\"https:\/\/candas365.es\/noticias\/el-gobierno-aleman-aprueba-una-ley-para-facilitar-la-inmigracion-laboral\/\" \/>\n\t\t<meta property=\"og:image\" content=\"https:\/\/candas365.es\/noticias\/wp-content\/uploads\/2018\/12\/action-2277292_960_720-1.jpg\" \/>\n\t\t<meta property=\"og:image:secure_url\" content=\"https:\/\/candas365.es\/noticias\/wp-content\/uploads\/2018\/12\/action-2277292_960_720-1.jpg\" \/>\n\t\t<meta property=\"og:image:width\" content=\"960\" \/>\n\t\t<meta property=\"og:image:height\" content=\"655\" \/>\n\t\t<meta property=\"article:published_time\" content=\"2018-12-19T23:40:27+00:00\" \/>\n\t\t<meta property=\"article:modified_time\" content=\"2018-12-19T23:40:27+00:00\" \/>\n\t\t<meta property=\"article:publisher\" content=\"https:\/\/www.facebook.com\/Nachofdezber\" \/>\n\t\t<meta property=\"article:author\" content=\"https:\/\/www.facebook.com\/carrenoactualidad\" \/>\n\t\t<meta name=\"twitter:card\" content=\"summary_large_image\" \/>\n\t\t<meta name=\"twitter:site\" content=\"@NabercoDigital\" \/>\n\t\t<meta name=\"twitter:title\" content=\"El Gobierno alem\u00e1n aprueba una ley para facilitar la inmigraci\u00f3n laboral | Cand\u00e1s 365\" \/>\n\t\t<meta name=\"twitter:description\" content=\"Berl\u00edn, 19 dic (dpa) - Tras un tira y afloja, la coalici\u00f3n de democristianos y socialdem\u00f3cratas que gobierna Alemania aprob\u00f3 hoy un proyecto de ley para promover la inmigraci\u00f3n de trabajadores y profesionales calificados que necesita con urgencia la econom\u00eda del pa\u00eds. Al mismo tiempo dio luz verde a un proyecto de ley para facilitar\" \/>\n\t\t<meta name=\"twitter:creator\" content=\"@nbasturias\" \/>\n\t\t<meta name=\"twitter:image\" content=\"https:\/\/candas365.es\/noticias\/wp-content\/uploads\/2018\/12\/action-2277292_960_720-1.jpg\" \/>\n\t\t<meta name=\"twitter:label1\" content=\"Escrito por\" \/>\n\t\t<meta name=\"twitter:data1\" content=\"Cand\u00e1s 365\" \/>\n\t\t<meta name=\"twitter:label2\" content=\"Tiempo de lectura estimado\" \/>\n\t\t<meta name=\"twitter:data2\" content=\"1 minuto\" \/>\n\t\t<script type=\"application\/ld+json\" class=\"aioseo-schema\">\n\t\t\t{\"@context\":\"https:\\\/\\\/schema.org\",\"@graph\":[{\"@type\":\"BreadcrumbList\",\"@id\":\"https:\\\/\\\/candas365.es\\\/noticias\\\/el-gobierno-aleman-aprueba-una-ley-para-facilitar-la-inmigracion-laboral\\\/#breadcrumblist\",\"itemListElement\":[{\"@type\":\"ListItem\",\"@id\":\"https:\\\/\\\/candas365.es\\\/noticias#listItem\",\"position\":1,\"name\":\"Home\",\"item\":\"https:\\\/\\\/candas365.es\\\/noticias\",\"nextItem\":{\"@type\":\"ListItem\",\"@id\":\"https:\\\/\\\/candas365.es\\\/noticias\\\/category\\\/actualidad\\\/#listItem\",\"name\":\"Actualidad\"}},{\"@type\":\"ListItem\",\"@id\":\"https:\\\/\\\/candas365.es\\\/noticias\\\/category\\\/actualidad\\\/#listItem\",\"position\":2,\"name\":\"Actualidad\",\"item\":\"https:\\\/\\\/candas365.es\\\/noticias\\\/category\\\/actualidad\\\/\",\"nextItem\":{\"@type\":\"ListItem\",\"@id\":\"https:\\\/\\\/candas365.es\\\/noticias\\\/el-gobierno-aleman-aprueba-una-ley-para-facilitar-la-inmigracion-laboral\\\/#listItem\",\"name\":\"El Gobierno alem\\u00e1n aprueba una ley para facilitar la inmigraci\\u00f3n laboral\"},\"previousItem\":{\"@type\":\"ListItem\",\"@id\":\"https:\\\/\\\/candas365.es\\\/noticias#listItem\",\"name\":\"Home\"}},{\"@type\":\"ListItem\",\"@id\":\"https:\\\/\\\/candas365.es\\\/noticias\\\/el-gobierno-aleman-aprueba-una-ley-para-facilitar-la-inmigracion-laboral\\\/#listItem\",\"position\":3,\"name\":\"El Gobierno alem\\u00e1n aprueba una ley para facilitar la inmigraci\\u00f3n laboral\",\"previousItem\":{\"@type\":\"ListItem\",\"@id\":\"https:\\\/\\\/candas365.es\\\/noticias\\\/category\\\/actualidad\\\/#listItem\",\"name\":\"Actualidad\"}}]},{\"@type\":\"NewsArticle\",\"@id\":\"https:\\\/\\\/candas365.es\\\/noticias\\\/el-gobierno-aleman-aprueba-una-ley-para-facilitar-la-inmigracion-laboral\\\/#newsarticle\",\"name\":\"El Gobierno alem\\u00e1n aprueba una ley para facilitar la inmigraci\\u00f3n laboral | Cand\\u00e1s 365\",\"headline\":\"El Gobierno alem\\u00e1n aprueba una ley para facilitar la inmigraci\\u00f3n laboral\",\"author\":{\"@id\":\"https:\\\/\\\/candas365.es\\\/noticias\\\/author\\\/admin\\\/#author\"},\"publisher\":{\"@id\":\"https:\\\/\\\/candas365.es\\\/noticias\\\/#organization\"},\"image\":{\"@type\":\"ImageObject\",\"url\":\"https:\\\/\\\/candas365.es\\\/noticias\\\/wp-content\\\/uploads\\\/2018\\\/12\\\/action-2277292_960_720-1.jpg\",\"width\":960,\"height\":655},\"datePublished\":\"2018-12-19T23:40:27+01:00\",\"dateModified\":\"2018-12-19T23:40:27+01:00\",\"inLanguage\":\"es-ES\",\"mainEntityOfPage\":{\"@id\":\"https:\\\/\\\/candas365.es\\\/noticias\\\/el-gobierno-aleman-aprueba-una-ley-para-facilitar-la-inmigracion-laboral\\\/#webpage\"},\"isPartOf\":{\"@id\":\"https:\\\/\\\/candas365.es\\\/noticias\\\/el-gobierno-aleman-aprueba-una-ley-para-facilitar-la-inmigracion-laboral\\\/#webpage\"},\"articleSection\":\"Actualidad\",\"dateline\":\"Publicado el diciembre 19, 2018.\"},{\"@type\":\"Organization\",\"@id\":\"https:\\\/\\\/candas365.es\\\/noticias\\\/#organization\",\"name\":\"Cand\\u00e1s 365\",\"description\":\"Cand\\u00e1s 365 es un diario digital independiente, fundado en 2012, con base en Asturias. Informamos con rigor sobre actualidad, sociedad, cultura y ocio, con una mirada local y global.\",\"url\":\"https:\\\/\\\/candas365.es\\\/noticias\\\/\",\"email\":\"info@candas365.es\",\"telephone\":\"+34652131393\",\"foundingDate\":\"2012-06-10\",\"logo\":{\"@type\":\"ImageObject\",\"url\":\"https:\\\/\\\/candas365.es\\\/noticias\\\/wp-content\\\/uploads\\\/2024\\\/09\\\/Candas-365-Redes.jpg\",\"@id\":\"https:\\\/\\\/candas365.es\\\/noticias\\\/el-gobierno-aleman-aprueba-una-ley-para-facilitar-la-inmigracion-laboral\\\/#organizationLogo\",\"width\":1152,\"height\":864,\"caption\":\"Cand\\u00e1s 365 Redes\"},\"image\":{\"@id\":\"https:\\\/\\\/candas365.es\\\/noticias\\\/el-gobierno-aleman-aprueba-una-ley-para-facilitar-la-inmigracion-laboral\\\/#organizationLogo\"},\"sameAs\":[\"https:\\\/\\\/www.facebook.com\\\/Nachofdezber\",\"https:\\\/\\\/x.com\\\/NabercoDigital\",\"https:\\\/\\\/www.instagram.com\\\/nachofdezber\\\/\",\"https:\\\/\\\/www.youtube.com\\\/channel\\\/UCZP-2wLEB9Rv6erhFmqVnvg\"],\"address\":{\"@id\":\"https:\\\/\\\/candas365.es\\\/noticias\\\/#postaladdress\",\"@type\":\"PostalAddress\",\"streetAddress\":\"san antonio 4, san antonio 4\",\"postalCode\":\"33430\",\"addressLocality\":\"Cand\\u00e1s\",\"addressRegion\":\"Asturias\",\"addressCountry\":\"ES\"}},{\"@type\":\"Person\",\"@id\":\"https:\\\/\\\/candas365.es\\\/noticias\\\/author\\\/admin\\\/#author\",\"url\":\"https:\\\/\\\/candas365.es\\\/noticias\\\/author\\\/admin\\\/\",\"name\":\"Cand\\u00e1s 365\",\"image\":{\"@type\":\"ImageObject\",\"@id\":\"https:\\\/\\\/candas365.es\\\/noticias\\\/el-gobierno-aleman-aprueba-una-ley-para-facilitar-la-inmigracion-laboral\\\/#authorImage\",\"url\":\"https:\\\/\\\/secure.gravatar.com\\\/avatar\\\/496a8e03d0c493ede1718b7934145dbdf8d89be1036b0eec9544e1094c9de390?s=96&d=mm&r=g\",\"width\":96,\"height\":96,\"caption\":\"Cand\\u00e1s 365\"},\"sameAs\":[\"https:\\\/\\\/www.facebook.com\\\/carrenoactualidad\",\"https:\\\/\\\/twitter.com\\\/nbasturias\",\"https:\\\/\\\/www.instagram.com\\\/nachofdezber\\\/\",\"https:\\\/\\\/www.youtube.com\\\/channel\\\/UCZP-2wLEB9Rv6erhFmqVnvg\"]},{\"@type\":\"WebPage\",\"@id\":\"https:\\\/\\\/candas365.es\\\/noticias\\\/el-gobierno-aleman-aprueba-una-ley-para-facilitar-la-inmigracion-laboral\\\/#webpage\",\"url\":\"https:\\\/\\\/candas365.es\\\/noticias\\\/el-gobierno-aleman-aprueba-una-ley-para-facilitar-la-inmigracion-laboral\\\/\",\"name\":\"El Gobierno alem\\u00e1n aprueba una ley para facilitar la inmigraci\\u00f3n laboral | Cand\\u00e1s 365\",\"description\":\"Berl\\u00edn, 19 dic (dpa) - Tras un tira y afloja, la coalici\\u00f3n de democristianos y socialdem\\u00f3cratas que gobierna Alemania aprob\\u00f3 hoy un proyecto de ley para promover la inmigraci\\u00f3n de trabajadores y profesionales calificados que necesita con urgencia la econom\\u00eda del pa\\u00eds. Al mismo tiempo dio luz verde a un proyecto de ley para facilitar\",\"inLanguage\":\"es-ES\",\"isPartOf\":{\"@id\":\"https:\\\/\\\/candas365.es\\\/noticias\\\/#website\"},\"breadcrumb\":{\"@id\":\"https:\\\/\\\/candas365.es\\\/noticias\\\/el-gobierno-aleman-aprueba-una-ley-para-facilitar-la-inmigracion-laboral\\\/#breadcrumblist\"},\"author\":{\"@id\":\"https:\\\/\\\/candas365.es\\\/noticias\\\/author\\\/admin\\\/#author\"},\"creator\":{\"@id\":\"https:\\\/\\\/candas365.es\\\/noticias\\\/author\\\/admin\\\/#author\"},\"image\":{\"@type\":\"ImageObject\",\"url\":\"https:\\\/\\\/candas365.es\\\/noticias\\\/wp-content\\\/uploads\\\/2018\\\/12\\\/action-2277292_960_720-1.jpg\",\"@id\":\"https:\\\/\\\/candas365.es\\\/noticias\\\/el-gobierno-aleman-aprueba-una-ley-para-facilitar-la-inmigracion-laboral\\\/#mainImage\",\"width\":960,\"height\":655},\"primaryImageOfPage\":{\"@id\":\"https:\\\/\\\/candas365.es\\\/noticias\\\/el-gobierno-aleman-aprueba-una-ley-para-facilitar-la-inmigracion-laboral\\\/#mainImage\"},\"datePublished\":\"2018-12-19T23:40:27+01:00\",\"dateModified\":\"2018-12-19T23:40:27+01:00\"},{\"@type\":\"WebSite\",\"@id\":\"https:\\\/\\\/candas365.es\\\/noticias\\\/#website\",\"url\":\"https:\\\/\\\/candas365.es\\\/noticias\\\/\",\"name\":\"Cand\\u00e1s 365\",\"alternateName\":\"Cand\\u00e1s 365 Noticias\",\"description\":\"Actualidad desde Carre\\u00f1o para el mundo\",\"inLanguage\":\"es-ES\",\"publisher\":{\"@id\":\"https:\\\/\\\/candas365.es\\\/noticias\\\/#organization\"}}]}\n\t\t<\/script>\n\t\t<!-- All in One SEO Pro -->\r\n\t\t<title>El Gobierno alem\u00e1n aprueba una ley para facilitar la inmigraci\u00f3n laboral | Cand\u00e1s 365<\/title>\n\n","aioseo_head_json":{"title":"El Gobierno alem\u00e1n aprueba una ley para facilitar la inmigraci\u00f3n laboral | Cand\u00e1s 365","description":"Berl\u00edn, 19 dic (dpa) - Tras un tira y afloja, la coalici\u00f3n de democristianos y socialdem\u00f3cratas que gobierna Alemania aprob\u00f3 hoy un proyecto de ley para promover la inmigraci\u00f3n de trabajadores y profesionales calificados que necesita con urgencia la econom\u00eda del pa\u00eds. Al mismo tiempo dio luz verde a un proyecto de ley para facilitar","canonical_url":"https:\/\/candas365.es\/noticias\/el-gobierno-aleman-aprueba-una-ley-para-facilitar-la-inmigracion-laboral\/","robots":"max-image-preview:large","keywords":"actualidad","webmasterTools":{"google-site-verification":"UA-32230408-1","msvalidate.01":"354F3CDFB2DA171B47FBE9ABF1F88D5","miscellaneous":""},"schema":{"@context":"https:\/\/schema.org","@graph":[{"@type":"BreadcrumbList","@id":"https:\/\/candas365.es\/noticias\/el-gobierno-aleman-aprueba-una-ley-para-facilitar-la-inmigracion-laboral\/#breadcrumblist","itemListElement":[{"@type":"ListItem","@id":"https:\/\/candas365.es\/noticias#listItem","position":1,"name":"Home","item":"https:\/\/candas365.es\/noticias","nextItem":{"@type":"ListItem","@id":"https:\/\/candas365.es\/noticias\/category\/actualidad\/#listItem","name":"Actualidad"}},{"@type":"ListItem","@id":"https:\/\/candas365.es\/noticias\/category\/actualidad\/#listItem","position":2,"name":"Actualidad","item":"https:\/\/candas365.es\/noticias\/category\/actualidad\/","nextItem":{"@type":"ListItem","@id":"https:\/\/candas365.es\/noticias\/el-gobierno-aleman-aprueba-una-ley-para-facilitar-la-inmigracion-laboral\/#listItem","name":"El Gobierno alem\u00e1n aprueba una ley para facilitar la inmigraci\u00f3n laboral"},"previousItem":{"@type":"ListItem","@id":"https:\/\/candas365.es\/noticias#listItem","name":"Home"}},{"@type":"ListItem","@id":"https:\/\/candas365.es\/noticias\/el-gobierno-aleman-aprueba-una-ley-para-facilitar-la-inmigracion-laboral\/#listItem","position":3,"name":"El Gobierno alem\u00e1n aprueba una ley para facilitar la inmigraci\u00f3n laboral","previousItem":{"@type":"ListItem","@id":"https:\/\/candas365.es\/noticias\/category\/actualidad\/#listItem","name":"Actualidad"}}]},{"@type":"NewsArticle","@id":"https:\/\/candas365.es\/noticias\/el-gobierno-aleman-aprueba-una-ley-para-facilitar-la-inmigracion-laboral\/#newsarticle","name":"El Gobierno alem\u00e1n aprueba una ley para facilitar la inmigraci\u00f3n laboral | Cand\u00e1s 365","headline":"El Gobierno alem\u00e1n aprueba una ley para facilitar la inmigraci\u00f3n laboral","author":{"@id":"https:\/\/candas365.es\/noticias\/author\/admin\/#author"},"publisher":{"@id":"https:\/\/candas365.es\/noticias\/#organization"},"image":{"@type":"ImageObject","url":"https:\/\/candas365.es\/noticias\/wp-content\/uploads\/2018\/12\/action-2277292_960_720-1.jpg","width":960,"height":655},"datePublished":"2018-12-19T23:40:27+01:00","dateModified":"2018-12-19T23:40:27+01:00","inLanguage":"es-ES","mainEntityOfPage":{"@id":"https:\/\/candas365.es\/noticias\/el-gobierno-aleman-aprueba-una-ley-para-facilitar-la-inmigracion-laboral\/#webpage"},"isPartOf":{"@id":"https:\/\/candas365.es\/noticias\/el-gobierno-aleman-aprueba-una-ley-para-facilitar-la-inmigracion-laboral\/#webpage"},"articleSection":"Actualidad","dateline":"Publicado el diciembre 19, 2018."},{"@type":"Organization","@id":"https:\/\/candas365.es\/noticias\/#organization","name":"Cand\u00e1s 365","description":"Cand\u00e1s 365 es un diario digital independiente, fundado en 2012, con base en Asturias. Informamos con rigor sobre actualidad, sociedad, cultura y ocio, con una mirada local y global.","url":"https:\/\/candas365.es\/noticias\/","email":"info@candas365.es","telephone":"+34652131393","foundingDate":"2012-06-10","logo":{"@type":"ImageObject","url":"https:\/\/candas365.es\/noticias\/wp-content\/uploads\/2024\/09\/Candas-365-Redes.jpg","@id":"https:\/\/candas365.es\/noticias\/el-gobierno-aleman-aprueba-una-ley-para-facilitar-la-inmigracion-laboral\/#organizationLogo","width":1152,"height":864,"caption":"Cand\u00e1s 365 Redes"},"image":{"@id":"https:\/\/candas365.es\/noticias\/el-gobierno-aleman-aprueba-una-ley-para-facilitar-la-inmigracion-laboral\/#organizationLogo"},"sameAs":["https:\/\/www.facebook.com\/Nachofdezber","https:\/\/x.com\/NabercoDigital","https:\/\/www.instagram.com\/nachofdezber\/","https:\/\/www.youtube.com\/channel\/UCZP-2wLEB9Rv6erhFmqVnvg"],"address":{"@id":"https:\/\/candas365.es\/noticias\/#postaladdress","@type":"PostalAddress","streetAddress":"san antonio 4, san antonio 4","postalCode":"33430","addressLocality":"Cand\u00e1s","addressRegion":"Asturias","addressCountry":"ES"}},{"@type":"Person","@id":"https:\/\/candas365.es\/noticias\/author\/admin\/#author","url":"https:\/\/candas365.es\/noticias\/author\/admin\/","name":"Cand\u00e1s 365","image":{"@type":"ImageObject","@id":"https:\/\/candas365.es\/noticias\/el-gobierno-aleman-aprueba-una-ley-para-facilitar-la-inmigracion-laboral\/#authorImage","url":"https:\/\/secure.gravatar.com\/avatar\/496a8e03d0c493ede1718b7934145dbdf8d89be1036b0eec9544e1094c9de390?s=96&d=mm&r=g","width":96,"height":96,"caption":"Cand\u00e1s 365"},"sameAs":["https:\/\/www.facebook.com\/carrenoactualidad","https:\/\/twitter.com\/nbasturias","https:\/\/www.instagram.com\/nachofdezber\/","https:\/\/www.youtube.com\/channel\/UCZP-2wLEB9Rv6erhFmqVnvg"]},{"@type":"WebPage","@id":"https:\/\/candas365.es\/noticias\/el-gobierno-aleman-aprueba-una-ley-para-facilitar-la-inmigracion-laboral\/#webpage","url":"https:\/\/candas365.es\/noticias\/el-gobierno-aleman-aprueba-una-ley-para-facilitar-la-inmigracion-laboral\/","name":"El Gobierno alem\u00e1n aprueba una ley para facilitar la inmigraci\u00f3n laboral | Cand\u00e1s 365","description":"Berl\u00edn, 19 dic (dpa) - Tras un tira y afloja, la coalici\u00f3n de democristianos y socialdem\u00f3cratas que gobierna Alemania aprob\u00f3 hoy un proyecto de ley para promover la inmigraci\u00f3n de trabajadores y profesionales calificados que necesita con urgencia la econom\u00eda del pa\u00eds. Al mismo tiempo dio luz verde a un proyecto de ley para facilitar","inLanguage":"es-ES","isPartOf":{"@id":"https:\/\/candas365.es\/noticias\/#website"},"breadcrumb":{"@id":"https:\/\/candas365.es\/noticias\/el-gobierno-aleman-aprueba-una-ley-para-facilitar-la-inmigracion-laboral\/#breadcrumblist"},"author":{"@id":"https:\/\/candas365.es\/noticias\/author\/admin\/#author"},"creator":{"@id":"https:\/\/candas365.es\/noticias\/author\/admin\/#author"},"image":{"@type":"ImageObject","url":"https:\/\/candas365.es\/noticias\/wp-content\/uploads\/2018\/12\/action-2277292_960_720-1.jpg","@id":"https:\/\/candas365.es\/noticias\/el-gobierno-aleman-aprueba-una-ley-para-facilitar-la-inmigracion-laboral\/#mainImage","width":960,"height":655},"primaryImageOfPage":{"@id":"https:\/\/candas365.es\/noticias\/el-gobierno-aleman-aprueba-una-ley-para-facilitar-la-inmigracion-laboral\/#mainImage"},"datePublished":"2018-12-19T23:40:27+01:00","dateModified":"2018-12-19T23:40:27+01:00"},{"@type":"WebSite","@id":"https:\/\/candas365.es\/noticias\/#website","url":"https:\/\/candas365.es\/noticias\/","name":"Cand\u00e1s 365","alternateName":"Cand\u00e1s 365 Noticias","description":"Actualidad desde Carre\u00f1o para el mundo","inLanguage":"es-ES","publisher":{"@id":"https:\/\/candas365.es\/noticias\/#organization"}}]},"og:locale":"es_ES","og:site_name":"Cand\u00e1s 365","og:type":"article","og:title":"El Gobierno alem\u00e1n aprueba una ley para facilitar la inmigraci\u00f3n laboral | Cand\u00e1s 365","og:description":"Berl\u00edn, 19 dic (dpa) - Tras un tira y afloja, la coalici\u00f3n de democristianos y socialdem\u00f3cratas que gobierna Alemania aprob\u00f3 hoy un proyecto de ley para promover la inmigraci\u00f3n de trabajadores y profesionales calificados que necesita con urgencia la econom\u00eda del pa\u00eds. Al mismo tiempo dio luz verde a un proyecto de ley para facilitar","og:url":"https:\/\/candas365.es\/noticias\/el-gobierno-aleman-aprueba-una-ley-para-facilitar-la-inmigracion-laboral\/","og:image":"https:\/\/candas365.es\/noticias\/wp-content\/uploads\/2018\/12\/action-2277292_960_720-1.jpg","og:image:secure_url":"https:\/\/candas365.es\/noticias\/wp-content\/uploads\/2018\/12\/action-2277292_960_720-1.jpg","og:image:width":960,"og:image:height":655,"article:published_time":"2018-12-19T23:40:27+00:00","article:modified_time":"2018-12-19T23:40:27+00:00","article:publisher":"https:\/\/www.facebook.com\/Nachofdezber","article:author":"https:\/\/www.facebook.com\/carrenoactualidad","twitter:card":"summary_large_image","twitter:site":"@NabercoDigital","twitter:title":"El Gobierno alem\u00e1n aprueba una ley para facilitar la inmigraci\u00f3n laboral | Cand\u00e1s 365","twitter:description":"Berl\u00edn, 19 dic (dpa) - Tras un tira y afloja, la coalici\u00f3n de democristianos y socialdem\u00f3cratas que gobierna Alemania aprob\u00f3 hoy un proyecto de ley para promover la inmigraci\u00f3n de trabajadores y profesionales calificados que necesita con urgencia la econom\u00eda del pa\u00eds. Al mismo tiempo dio luz verde a un proyecto de ley para facilitar","twitter:creator":"@nbasturias","twitter:image":"https:\/\/candas365.es\/noticias\/wp-content\/uploads\/2018\/12\/action-2277292_960_720-1.jpg","twitter:label1":"Escrito por","twitter:data1":"Cand\u00e1s 365","twitter:label2":"Tiempo de lectura estimado","twitter:data2":"1 minuto"},"aioseo_meta_data":{"post_id":"112368","title":null,"description":null,"keywords":null,"keyphrases":null,"primary_term":null,"canonical_url":null,"og_title":null,"og_description":null,"og_object_type":"default","og_image_type":"default","og_image_url":null,"og_image_width":null,"og_image_height":null,"og_image_custom_url":null,"og_image_custom_fields":null,"og_video":null,"og_custom_url":null,"og_article_section":null,"og_article_tags":null,"twitter_use_og":false,"twitter_card":"default","twitter_image_type":"default","twitter_image_url":null,"twitter_image_custom_url":null,"twitter_image_custom_fields":null,"twitter_title":null,"twitter_description":null,"schema":{"blockGraphs":[],"customGraphs":[],"default":{"data":{"Article":[],"Course":[],"Dataset":[],"FAQPage":[],"Movie":[],"Person":[],"Product":[],"ProductReview":[],"Car":[],"Recipe":[],"Service":[],"SoftwareApplication":[],"WebPage":[]},"graphName":"","isEnabled":true},"graphs":[],"defaultGraph":"","defaultPostTypeGraph":""},"schema_type":null,"schema_type_options":null,"pillar_content":false,"robots_default":true,"robots_noindex":false,"robots_noarchive":false,"robots_nosnippet":false,"robots_nofollow":false,"robots_noimageindex":false,"robots_noodp":false,"robots_notranslate":false,"robots_max_snippet":null,"robots_max_videopreview":null,"robots_max_imagepreview":"large","priority":null,"frequency":null,"location":null,"local_seo":null,"seo_analyzer_scan_date":"2025-08-28 18:11:16","breadcrumb_settings":null,"limit_modified_date":false,"reviewed_by":null,"open_ai":null,"ai":null,"created":"2020-12-21 11:34:57","updated":"2025-08-28 18:11:16"},"aioseo_breadcrumb":"<div class=\"aioseo-breadcrumbs\"><span class=\"aioseo-breadcrumb\">\n\t<a href=\"https:\/\/candas365.es\/noticias\" title=\"Home\">Home<\/a>\n<\/span><span class=\"aioseo-breadcrumb-separator\">&ndash;<\/span><span class=\"aioseo-breadcrumb\">\n\t<a href=\"https:\/\/candas365.es\/noticias\/category\/actualidad\/\" title=\"Actualidad\">Actualidad<\/a>\n<\/span><span class=\"aioseo-breadcrumb-separator\">&ndash;<\/span><span class=\"aioseo-breadcrumb\">\n\tEl Gobierno alem\u00e1n aprueba una ley para facilitar la inmigraci\u00f3n laboral\n<\/span><\/div>","aioseo_breadcrumb_json":[{"label":"Home","link":"https:\/\/candas365.es\/noticias"},{"label":"Actualidad","link":"https:\/\/candas365.es\/noticias\/category\/actualidad\/"},{"label":"El Gobierno alem\u00e1n aprueba una ley para facilitar la inmigraci\u00f3n laboral","link":"https:\/\/candas365.es\/noticias\/el-gobierno-aleman-aprueba-una-ley-para-facilitar-la-inmigracion-laboral\/"}],"_links":{"self":[{"href":"https:\/\/candas365.es\/noticias\/wp-json\/wp\/v2\/posts\/112368","targetHints":{"allow":["GET"]}}],"collection":[{"href":"https:\/\/candas365.es\/noticias\/wp-json\/wp\/v2\/posts"}],"about":[{"href":"https:\/\/candas365.es\/noticias\/wp-json\/wp\/v2\/types\/post"}],"author":[{"embeddable":true,"href":"https:\/\/candas365.es\/noticias\/wp-json\/wp\/v2\/users\/1"}],"replies":[{"embeddable":true,"href":"https:\/\/candas365.es\/noticias\/wp-json\/wp\/v2\/comments?post=112368"}],"version-history":[{"count":0,"href":"https:\/\/candas365.es\/noticias\/wp-json\/wp\/v2\/posts\/112368\/revisions"}],"wp:featuredmedia":[{"embeddable":true,"href":"https:\/\/candas365.es\/noticias\/wp-json\/wp\/v2\/media\/112369"}],"wp:attachment":[{"href":"https:\/\/candas365.es\/noticias\/wp-json\/wp\/v2\/media?parent=112368"}],"wp:term":[{"taxonomy":"category","embeddable":true,"href":"https:\/\/candas365.es\/noticias\/wp-json\/wp\/v2\/categories?post=112368"},{"taxonomy":"post_tag","embeddable":true,"href":"https:\/\/candas365.es\/noticias\/wp-json\/wp\/v2\/tags?post=112368"}],"curies":[{"name":"wp","href":"https:\/\/api.w.org\/{rel}","templated":true}]}}