{"id":111992,"date":"2018-12-13T21:59:27","date_gmt":"2018-12-13T21:59:27","guid":{"rendered":"http:\/\/candas365.es\/noticias\/?p=111992"},"modified":"2018-12-13T21:59:27","modified_gmt":"2018-12-13T21:59:27","slug":"el-bce-revisa-a-la-baja-previsiones-de-inflacion-y-crecimiento-para-2019","status":"publish","type":"post","link":"https:\/\/candas365.es\/noticias\/el-bce-revisa-a-la-baja-previsiones-de-inflacion-y-crecimiento-para-2019\/","title":{"rendered":"El BCE revisa a la baja previsiones de inflaci\u00f3n y crecimiento para 2019"},"content":{"rendered":"<p><img fetchpriority=\"high\" decoding=\"async\" class=\"alignleft size-medium wp-image-99355\" src=\"https:\/\/candas365.es\/noticias\/wp-content\/uploads\/2018\/06\/money-1005477_960_720-360x240.jpg\" alt=\"\" width=\"360\" height=\"240\" srcset=\"https:\/\/candas365.es\/noticias\/wp-content\/uploads\/2018\/06\/money-1005477_960_720-360x240.jpg 360w, https:\/\/candas365.es\/noticias\/wp-content\/uploads\/2018\/06\/money-1005477_960_720-768x512.jpg 768w, https:\/\/candas365.es\/noticias\/wp-content\/uploads\/2018\/06\/money-1005477_960_720-655x437.jpg 655w, https:\/\/candas365.es\/noticias\/wp-content\/uploads\/2018\/06\/money-1005477_960_720-696x464.jpg 696w, https:\/\/candas365.es\/noticias\/wp-content\/uploads\/2018\/06\/money-1005477_960_720-630x420.jpg 630w, https:\/\/candas365.es\/noticias\/wp-content\/uploads\/2018\/06\/money-1005477_960_720.jpg 960w\" sizes=\"(max-width: 360px) 100vw, 360px\" \/>Fr\u00e1ncfort, 13 dic (dpa) &#8211; El Banco Central Europeo (BCE) revis\u00f3 hoy ligeramente a la la baja su pron\u00f3stico de inflaci\u00f3n y crecimiento de cara al pr\u00f3ximo a\u00f1o para los 19 pa\u00edses de la zona, comunic\u00f3 hoy en Fr\u00e1ncfort el presidente de la entidad, Mario Draghi, al dar a conocer las nuevas proyecciones macroecon\u00f3micas de la entidad.<\/p>\n<p>\u00abEl crecimiento se sit\u00faa a la baja debido a la persistencia de incertidumbres relacionadas con factores geopol\u00edticos, debido a la amenaza del proteccionismo, las vulnerabilidades en los mercados emergentes y la volatilidad de los mercados financieros\u00bb, dijo el banquero en la tradicional rueda de prensa posterior al Consejo de Gobierno de la entidad.<\/p>\n<p>Mientras que para el a\u00f1o en curso los analistas del BCE estiman que los precios al consumidor aumentar\u00e1n un 1,8 por ciento, frente al 1,7 por ciento pronosticado en su \u00faltimo informe de junio, para 2019 prev\u00e9n que el nivel de precios en la eurozona sea del 1,6 por ciento, frente al 1,7 indicado en sus \u00faltimas previsiones.<\/p>\n<p>Para 2020, la entidad monetaria no prev\u00e9 cambios y sit\u00faa la inflaci\u00f3n de la eurozona en el 1,7 por ciento, al igual que en septiembre.<\/p>\n<p>Con estas cifras, la inflaci\u00f3n en los 19 pa\u00edses que conforman la eurozona se sit\u00faa en los pr\u00f3ximos dos a\u00f1os m\u00e1s o menos en l\u00ednea con el objetivo del BCE de mantener los precios en un nivel cercano pero inferior del dos por ciento.<\/p>\n<p>En relaci\u00f3n con el crecimiento, el BCE rebaj\u00f3 sus pron\u00f3sticos tanto para 2018 como para 2019. Para el presente a\u00f1o, la entidad espera que la coyuntura se expanda un 1,9 por ciento, frente al 2 por ciento previsto anteriormente. En relaci\u00f3n a 2019, cifra en un 1,7 por ciento el crecimiento, frente al 1,8 por ciento pronosticado hace tres meses.<\/p>\n<p>De cara a 2020, el guardi\u00e1n del euro conf\u00eda en que la coyuntura del bloque se sit\u00fae en el 1,7 por ciento, el mismo valor que ya hab\u00eda pronosticado anteriormente.<\/p>\n<p>Draghi avanz\u00f3 adem\u00e1s por primera vez los pron\u00f3sticos para el a\u00f1o 2021. Fr\u00e1ncfort espera que la inflaci\u00f3n se sit\u00fae dentro de tres a\u00f1os en el 1,8 por ciento, mientras que cifra el crecimiento para ese mismo a\u00f1o en el 1,5 por ciento.<\/p>\n<p>En su reuni\u00f3n de hoy, el Consejo de Gobierno del BCE resolvi\u00f3 mantener invariable la principal tasa de inter\u00e9s de la zona euro en el cero por ciento, su m\u00ednimo hist\u00f3rico, y confirm\u00f3 que a finales de este mes concluir\u00e1 el multimillonario programa de compra de deuda con el que desde hace tres a\u00f1os busca impulsar la inflaci\u00f3n y el crecimiento.<\/p>\n<p>La medida, adoptada por el Consejo de Gobierno de la entidad en la \u00faltima reuni\u00f3n de pol\u00edtica monetaria del a\u00f1o, va en l\u00ednea con las previsiones de los analistas.<\/p>\n","protected":false},"excerpt":{"rendered":"<p>Fr\u00e1ncfort, 13 dic (dpa) &#8211; El Banco Central Europeo (BCE) revis\u00f3 hoy ligeramente a la la baja su pron\u00f3stico de inflaci\u00f3n y crecimiento de cara al pr\u00f3ximo a\u00f1o para los 19 pa\u00edses de la zona, comunic\u00f3 hoy en Fr\u00e1ncfort el presidente de la entidad, Mario Draghi, al dar a conocer las nuevas proyecciones macroecon\u00f3micas de<\/p>\n","protected":false},"author":1,"featured_media":99355,"comment_status":"closed","ping_status":"closed","sticky":false,"template":"","format":"standard","meta":{"footnotes":""},"categories":[343],"tags":[],"class_list":{"0":"post-111992","1":"post","2":"type-post","3":"status-publish","4":"format-standard","5":"has-post-thumbnail","7":"category-actualidad"},"aioseo_notices":[],"aioseo_head":"\n\t\t<!-- All in One SEO Pro 4.9.6.2 - aioseo.com -->\n\t<meta name=\"description\" content=\"Fr\u00e1ncfort, 13 dic (dpa) - El Banco Central Europeo (BCE) revis\u00f3 hoy ligeramente a la la baja su pron\u00f3stico de inflaci\u00f3n y crecimiento de cara al pr\u00f3ximo a\u00f1o para los 19 pa\u00edses de la zona, comunic\u00f3 hoy en Fr\u00e1ncfort el presidente de la entidad, Mario Draghi, al dar a conocer las nuevas proyecciones macroecon\u00f3micas de\" \/>\n\t<meta name=\"robots\" content=\"max-image-preview:large\" \/>\n\t<meta name=\"author\" content=\"Cand\u00e1s 365\"\/>\n\t<meta name=\"google-site-verification\" content=\"UA-32230408-1\" \/>\n\t<meta name=\"msvalidate.01\" content=\"354F3CDFB2DA171B47FBE9ABF1F88D5\" \/>\n\t<meta name=\"keywords\" content=\"actualidad\" \/>\n\t<link rel=\"canonical\" href=\"https:\/\/candas365.es\/noticias\/el-bce-revisa-a-la-baja-previsiones-de-inflacion-y-crecimiento-para-2019\/\" \/>\n\t<meta name=\"generator\" content=\"All in One SEO Pro (AIOSEO) 4.9.6.2\" \/>\n\t\t<meta property=\"og:locale\" content=\"es_ES\" \/>\n\t\t<meta property=\"og:site_name\" content=\"Cand\u00e1s 365\" \/>\n\t\t<meta property=\"og:type\" content=\"article\" \/>\n\t\t<meta property=\"og:title\" content=\"El BCE revisa a la baja previsiones de inflaci\u00f3n y crecimiento para 2019 | Cand\u00e1s 365\" \/>\n\t\t<meta property=\"og:description\" content=\"Fr\u00e1ncfort, 13 dic (dpa) - El Banco Central Europeo (BCE) revis\u00f3 hoy ligeramente a la la baja su pron\u00f3stico de inflaci\u00f3n y crecimiento de cara al pr\u00f3ximo a\u00f1o para los 19 pa\u00edses de la zona, comunic\u00f3 hoy en Fr\u00e1ncfort el presidente de la entidad, Mario Draghi, al dar a conocer las nuevas proyecciones macroecon\u00f3micas de\" \/>\n\t\t<meta property=\"og:url\" content=\"https:\/\/candas365.es\/noticias\/el-bce-revisa-a-la-baja-previsiones-de-inflacion-y-crecimiento-para-2019\/\" \/>\n\t\t<meta property=\"og:image\" content=\"https:\/\/candas365.es\/noticias\/wp-content\/uploads\/2018\/06\/money-1005477_960_720.jpg\" \/>\n\t\t<meta property=\"og:image:secure_url\" content=\"https:\/\/candas365.es\/noticias\/wp-content\/uploads\/2018\/06\/money-1005477_960_720.jpg\" \/>\n\t\t<meta property=\"og:image:width\" content=\"960\" \/>\n\t\t<meta property=\"og:image:height\" content=\"640\" \/>\n\t\t<meta property=\"article:published_time\" content=\"2018-12-13T21:59:27+00:00\" \/>\n\t\t<meta property=\"article:modified_time\" content=\"2018-12-13T21:59:27+00:00\" \/>\n\t\t<meta property=\"article:publisher\" content=\"https:\/\/www.facebook.com\/Nachofdezber\" \/>\n\t\t<meta property=\"article:author\" content=\"https:\/\/www.facebook.com\/carrenoactualidad\" \/>\n\t\t<meta name=\"twitter:card\" content=\"summary_large_image\" \/>\n\t\t<meta name=\"twitter:site\" content=\"@NabercoDigital\" \/>\n\t\t<meta name=\"twitter:title\" content=\"El BCE revisa a la baja previsiones de inflaci\u00f3n y crecimiento para 2019 | Cand\u00e1s 365\" \/>\n\t\t<meta name=\"twitter:description\" content=\"Fr\u00e1ncfort, 13 dic (dpa) - El Banco Central Europeo (BCE) revis\u00f3 hoy ligeramente a la la baja su pron\u00f3stico de inflaci\u00f3n y crecimiento de cara al pr\u00f3ximo a\u00f1o para los 19 pa\u00edses de la zona, comunic\u00f3 hoy en Fr\u00e1ncfort el presidente de la entidad, Mario Draghi, al dar a conocer las nuevas proyecciones macroecon\u00f3micas de\" \/>\n\t\t<meta name=\"twitter:creator\" content=\"@nbasturias\" \/>\n\t\t<meta name=\"twitter:image\" content=\"https:\/\/candas365.es\/noticias\/wp-content\/uploads\/2018\/06\/money-1005477_960_720.jpg\" \/>\n\t\t<meta name=\"twitter:label1\" content=\"Escrito por\" \/>\n\t\t<meta name=\"twitter:data1\" content=\"Cand\u00e1s 365\" \/>\n\t\t<meta name=\"twitter:label2\" content=\"Tiempo de lectura estimado\" \/>\n\t\t<meta name=\"twitter:data2\" content=\"2 minutos\" \/>\n\t\t<script type=\"application\/ld+json\" class=\"aioseo-schema\">\n\t\t\t{\"@context\":\"https:\\\/\\\/schema.org\",\"@graph\":[{\"@type\":\"BreadcrumbList\",\"@id\":\"https:\\\/\\\/candas365.es\\\/noticias\\\/el-bce-revisa-a-la-baja-previsiones-de-inflacion-y-crecimiento-para-2019\\\/#breadcrumblist\",\"itemListElement\":[{\"@type\":\"ListItem\",\"@id\":\"https:\\\/\\\/candas365.es\\\/noticias#listItem\",\"position\":1,\"name\":\"Home\",\"item\":\"https:\\\/\\\/candas365.es\\\/noticias\",\"nextItem\":{\"@type\":\"ListItem\",\"@id\":\"https:\\\/\\\/candas365.es\\\/noticias\\\/category\\\/actualidad\\\/#listItem\",\"name\":\"Actualidad\"}},{\"@type\":\"ListItem\",\"@id\":\"https:\\\/\\\/candas365.es\\\/noticias\\\/category\\\/actualidad\\\/#listItem\",\"position\":2,\"name\":\"Actualidad\",\"item\":\"https:\\\/\\\/candas365.es\\\/noticias\\\/category\\\/actualidad\\\/\",\"nextItem\":{\"@type\":\"ListItem\",\"@id\":\"https:\\\/\\\/candas365.es\\\/noticias\\\/el-bce-revisa-a-la-baja-previsiones-de-inflacion-y-crecimiento-para-2019\\\/#listItem\",\"name\":\"El BCE revisa a la baja previsiones de inflaci\\u00f3n y crecimiento para 2019\"},\"previousItem\":{\"@type\":\"ListItem\",\"@id\":\"https:\\\/\\\/candas365.es\\\/noticias#listItem\",\"name\":\"Home\"}},{\"@type\":\"ListItem\",\"@id\":\"https:\\\/\\\/candas365.es\\\/noticias\\\/el-bce-revisa-a-la-baja-previsiones-de-inflacion-y-crecimiento-para-2019\\\/#listItem\",\"position\":3,\"name\":\"El BCE revisa a la baja previsiones de inflaci\\u00f3n y crecimiento para 2019\",\"previousItem\":{\"@type\":\"ListItem\",\"@id\":\"https:\\\/\\\/candas365.es\\\/noticias\\\/category\\\/actualidad\\\/#listItem\",\"name\":\"Actualidad\"}}]},{\"@type\":\"NewsArticle\",\"@id\":\"https:\\\/\\\/candas365.es\\\/noticias\\\/el-bce-revisa-a-la-baja-previsiones-de-inflacion-y-crecimiento-para-2019\\\/#newsarticle\",\"name\":\"El BCE revisa a la baja previsiones de inflaci\\u00f3n y crecimiento para 2019 | Cand\\u00e1s 365\",\"headline\":\"El BCE revisa a la baja previsiones de inflaci\\u00f3n y crecimiento para 2019\",\"author\":{\"@id\":\"https:\\\/\\\/candas365.es\\\/noticias\\\/author\\\/admin\\\/#author\"},\"publisher\":{\"@id\":\"https:\\\/\\\/candas365.es\\\/noticias\\\/#organization\"},\"image\":{\"@type\":\"ImageObject\",\"url\":\"https:\\\/\\\/candas365.es\\\/noticias\\\/wp-content\\\/uploads\\\/2018\\\/06\\\/money-1005477_960_720.jpg\",\"width\":960,\"height\":640},\"datePublished\":\"2018-12-13T21:59:27+01:00\",\"dateModified\":\"2018-12-13T21:59:27+01:00\",\"inLanguage\":\"es-ES\",\"mainEntityOfPage\":{\"@id\":\"https:\\\/\\\/candas365.es\\\/noticias\\\/el-bce-revisa-a-la-baja-previsiones-de-inflacion-y-crecimiento-para-2019\\\/#webpage\"},\"isPartOf\":{\"@id\":\"https:\\\/\\\/candas365.es\\\/noticias\\\/el-bce-revisa-a-la-baja-previsiones-de-inflacion-y-crecimiento-para-2019\\\/#webpage\"},\"articleSection\":\"Actualidad\",\"dateline\":\"Publicado el diciembre 13, 2018.\"},{\"@type\":\"Organization\",\"@id\":\"https:\\\/\\\/candas365.es\\\/noticias\\\/#organization\",\"name\":\"Cand\\u00e1s 365\",\"description\":\"Cand\\u00e1s 365 es un diario digital independiente, fundado en 2012, con base en Asturias. Informamos con rigor sobre actualidad, sociedad, cultura y ocio, con una mirada local y global.\",\"url\":\"https:\\\/\\\/candas365.es\\\/noticias\\\/\",\"email\":\"info@candas365.es\",\"telephone\":\"+34652131393\",\"foundingDate\":\"2012-06-10\",\"logo\":{\"@type\":\"ImageObject\",\"url\":\"https:\\\/\\\/candas365.es\\\/noticias\\\/wp-content\\\/uploads\\\/2024\\\/09\\\/Candas-365-Redes.jpg\",\"@id\":\"https:\\\/\\\/candas365.es\\\/noticias\\\/el-bce-revisa-a-la-baja-previsiones-de-inflacion-y-crecimiento-para-2019\\\/#organizationLogo\",\"width\":1152,\"height\":864,\"caption\":\"Cand\\u00e1s 365 Redes\"},\"image\":{\"@id\":\"https:\\\/\\\/candas365.es\\\/noticias\\\/el-bce-revisa-a-la-baja-previsiones-de-inflacion-y-crecimiento-para-2019\\\/#organizationLogo\"},\"sameAs\":[\"https:\\\/\\\/www.facebook.com\\\/Nachofdezber\",\"https:\\\/\\\/x.com\\\/NabercoDigital\",\"https:\\\/\\\/www.instagram.com\\\/nachofdezber\\\/\",\"https:\\\/\\\/www.youtube.com\\\/channel\\\/UCZP-2wLEB9Rv6erhFmqVnvg\"],\"address\":{\"@id\":\"https:\\\/\\\/candas365.es\\\/noticias\\\/#postaladdress\",\"@type\":\"PostalAddress\",\"streetAddress\":\"san antonio 4, san antonio 4\",\"postalCode\":\"33430\",\"addressLocality\":\"Cand\\u00e1s\",\"addressRegion\":\"Asturias\",\"addressCountry\":\"ES\"}},{\"@type\":\"Person\",\"@id\":\"https:\\\/\\\/candas365.es\\\/noticias\\\/author\\\/admin\\\/#author\",\"url\":\"https:\\\/\\\/candas365.es\\\/noticias\\\/author\\\/admin\\\/\",\"name\":\"Cand\\u00e1s 365\",\"image\":{\"@type\":\"ImageObject\",\"@id\":\"https:\\\/\\\/candas365.es\\\/noticias\\\/el-bce-revisa-a-la-baja-previsiones-de-inflacion-y-crecimiento-para-2019\\\/#authorImage\",\"url\":\"https:\\\/\\\/secure.gravatar.com\\\/avatar\\\/496a8e03d0c493ede1718b7934145dbdf8d89be1036b0eec9544e1094c9de390?s=96&d=mm&r=g\",\"width\":96,\"height\":96,\"caption\":\"Cand\\u00e1s 365\"},\"sameAs\":[\"https:\\\/\\\/www.facebook.com\\\/carrenoactualidad\",\"https:\\\/\\\/twitter.com\\\/nbasturias\",\"https:\\\/\\\/www.instagram.com\\\/nachofdezber\\\/\",\"https:\\\/\\\/www.youtube.com\\\/channel\\\/UCZP-2wLEB9Rv6erhFmqVnvg\"]},{\"@type\":\"WebPage\",\"@id\":\"https:\\\/\\\/candas365.es\\\/noticias\\\/el-bce-revisa-a-la-baja-previsiones-de-inflacion-y-crecimiento-para-2019\\\/#webpage\",\"url\":\"https:\\\/\\\/candas365.es\\\/noticias\\\/el-bce-revisa-a-la-baja-previsiones-de-inflacion-y-crecimiento-para-2019\\\/\",\"name\":\"El BCE revisa a la baja previsiones de inflaci\\u00f3n y crecimiento para 2019 | Cand\\u00e1s 365\",\"description\":\"Fr\\u00e1ncfort, 13 dic (dpa) - El Banco Central Europeo (BCE) revis\\u00f3 hoy ligeramente a la la baja su pron\\u00f3stico de inflaci\\u00f3n y crecimiento de cara al pr\\u00f3ximo a\\u00f1o para los 19 pa\\u00edses de la zona, comunic\\u00f3 hoy en Fr\\u00e1ncfort el presidente de la entidad, Mario Draghi, al dar a conocer las nuevas proyecciones macroecon\\u00f3micas de\",\"inLanguage\":\"es-ES\",\"isPartOf\":{\"@id\":\"https:\\\/\\\/candas365.es\\\/noticias\\\/#website\"},\"breadcrumb\":{\"@id\":\"https:\\\/\\\/candas365.es\\\/noticias\\\/el-bce-revisa-a-la-baja-previsiones-de-inflacion-y-crecimiento-para-2019\\\/#breadcrumblist\"},\"author\":{\"@id\":\"https:\\\/\\\/candas365.es\\\/noticias\\\/author\\\/admin\\\/#author\"},\"creator\":{\"@id\":\"https:\\\/\\\/candas365.es\\\/noticias\\\/author\\\/admin\\\/#author\"},\"image\":{\"@type\":\"ImageObject\",\"url\":\"https:\\\/\\\/candas365.es\\\/noticias\\\/wp-content\\\/uploads\\\/2018\\\/06\\\/money-1005477_960_720.jpg\",\"@id\":\"https:\\\/\\\/candas365.es\\\/noticias\\\/el-bce-revisa-a-la-baja-previsiones-de-inflacion-y-crecimiento-para-2019\\\/#mainImage\",\"width\":960,\"height\":640},\"primaryImageOfPage\":{\"@id\":\"https:\\\/\\\/candas365.es\\\/noticias\\\/el-bce-revisa-a-la-baja-previsiones-de-inflacion-y-crecimiento-para-2019\\\/#mainImage\"},\"datePublished\":\"2018-12-13T21:59:27+01:00\",\"dateModified\":\"2018-12-13T21:59:27+01:00\"},{\"@type\":\"WebSite\",\"@id\":\"https:\\\/\\\/candas365.es\\\/noticias\\\/#website\",\"url\":\"https:\\\/\\\/candas365.es\\\/noticias\\\/\",\"name\":\"Cand\\u00e1s 365\",\"alternateName\":\"Cand\\u00e1s 365 Noticias\",\"description\":\"Actualidad desde Carre\\u00f1o para el mundo\",\"inLanguage\":\"es-ES\",\"publisher\":{\"@id\":\"https:\\\/\\\/candas365.es\\\/noticias\\\/#organization\"}}]}\n\t\t<\/script>\n\t\t<!-- All in One SEO Pro -->\r\n\t\t<title>El BCE revisa a la baja previsiones de inflaci\u00f3n y crecimiento para 2019 | Cand\u00e1s 365<\/title>\n\n","aioseo_head_json":{"title":"El BCE revisa a la baja previsiones de inflaci\u00f3n y crecimiento para 2019 | Cand\u00e1s 365","description":"Fr\u00e1ncfort, 13 dic (dpa) - El Banco Central Europeo (BCE) revis\u00f3 hoy ligeramente a la la baja su pron\u00f3stico de inflaci\u00f3n y crecimiento de cara al pr\u00f3ximo a\u00f1o para los 19 pa\u00edses de la zona, comunic\u00f3 hoy en Fr\u00e1ncfort el presidente de la entidad, Mario Draghi, al dar a conocer las nuevas proyecciones macroecon\u00f3micas de","canonical_url":"https:\/\/candas365.es\/noticias\/el-bce-revisa-a-la-baja-previsiones-de-inflacion-y-crecimiento-para-2019\/","robots":"max-image-preview:large","keywords":"actualidad","webmasterTools":{"google-site-verification":"UA-32230408-1","msvalidate.01":"354F3CDFB2DA171B47FBE9ABF1F88D5","miscellaneous":""},"schema":{"@context":"https:\/\/schema.org","@graph":[{"@type":"BreadcrumbList","@id":"https:\/\/candas365.es\/noticias\/el-bce-revisa-a-la-baja-previsiones-de-inflacion-y-crecimiento-para-2019\/#breadcrumblist","itemListElement":[{"@type":"ListItem","@id":"https:\/\/candas365.es\/noticias#listItem","position":1,"name":"Home","item":"https:\/\/candas365.es\/noticias","nextItem":{"@type":"ListItem","@id":"https:\/\/candas365.es\/noticias\/category\/actualidad\/#listItem","name":"Actualidad"}},{"@type":"ListItem","@id":"https:\/\/candas365.es\/noticias\/category\/actualidad\/#listItem","position":2,"name":"Actualidad","item":"https:\/\/candas365.es\/noticias\/category\/actualidad\/","nextItem":{"@type":"ListItem","@id":"https:\/\/candas365.es\/noticias\/el-bce-revisa-a-la-baja-previsiones-de-inflacion-y-crecimiento-para-2019\/#listItem","name":"El BCE revisa a la baja previsiones de inflaci\u00f3n y crecimiento para 2019"},"previousItem":{"@type":"ListItem","@id":"https:\/\/candas365.es\/noticias#listItem","name":"Home"}},{"@type":"ListItem","@id":"https:\/\/candas365.es\/noticias\/el-bce-revisa-a-la-baja-previsiones-de-inflacion-y-crecimiento-para-2019\/#listItem","position":3,"name":"El BCE revisa a la baja previsiones de inflaci\u00f3n y crecimiento para 2019","previousItem":{"@type":"ListItem","@id":"https:\/\/candas365.es\/noticias\/category\/actualidad\/#listItem","name":"Actualidad"}}]},{"@type":"NewsArticle","@id":"https:\/\/candas365.es\/noticias\/el-bce-revisa-a-la-baja-previsiones-de-inflacion-y-crecimiento-para-2019\/#newsarticle","name":"El BCE revisa a la baja previsiones de inflaci\u00f3n y crecimiento para 2019 | Cand\u00e1s 365","headline":"El BCE revisa a la baja previsiones de inflaci\u00f3n y crecimiento para 2019","author":{"@id":"https:\/\/candas365.es\/noticias\/author\/admin\/#author"},"publisher":{"@id":"https:\/\/candas365.es\/noticias\/#organization"},"image":{"@type":"ImageObject","url":"https:\/\/candas365.es\/noticias\/wp-content\/uploads\/2018\/06\/money-1005477_960_720.jpg","width":960,"height":640},"datePublished":"2018-12-13T21:59:27+01:00","dateModified":"2018-12-13T21:59:27+01:00","inLanguage":"es-ES","mainEntityOfPage":{"@id":"https:\/\/candas365.es\/noticias\/el-bce-revisa-a-la-baja-previsiones-de-inflacion-y-crecimiento-para-2019\/#webpage"},"isPartOf":{"@id":"https:\/\/candas365.es\/noticias\/el-bce-revisa-a-la-baja-previsiones-de-inflacion-y-crecimiento-para-2019\/#webpage"},"articleSection":"Actualidad","dateline":"Publicado el diciembre 13, 2018."},{"@type":"Organization","@id":"https:\/\/candas365.es\/noticias\/#organization","name":"Cand\u00e1s 365","description":"Cand\u00e1s 365 es un diario digital independiente, fundado en 2012, con base en Asturias. Informamos con rigor sobre actualidad, sociedad, cultura y ocio, con una mirada local y global.","url":"https:\/\/candas365.es\/noticias\/","email":"info@candas365.es","telephone":"+34652131393","foundingDate":"2012-06-10","logo":{"@type":"ImageObject","url":"https:\/\/candas365.es\/noticias\/wp-content\/uploads\/2024\/09\/Candas-365-Redes.jpg","@id":"https:\/\/candas365.es\/noticias\/el-bce-revisa-a-la-baja-previsiones-de-inflacion-y-crecimiento-para-2019\/#organizationLogo","width":1152,"height":864,"caption":"Cand\u00e1s 365 Redes"},"image":{"@id":"https:\/\/candas365.es\/noticias\/el-bce-revisa-a-la-baja-previsiones-de-inflacion-y-crecimiento-para-2019\/#organizationLogo"},"sameAs":["https:\/\/www.facebook.com\/Nachofdezber","https:\/\/x.com\/NabercoDigital","https:\/\/www.instagram.com\/nachofdezber\/","https:\/\/www.youtube.com\/channel\/UCZP-2wLEB9Rv6erhFmqVnvg"],"address":{"@id":"https:\/\/candas365.es\/noticias\/#postaladdress","@type":"PostalAddress","streetAddress":"san antonio 4, san antonio 4","postalCode":"33430","addressLocality":"Cand\u00e1s","addressRegion":"Asturias","addressCountry":"ES"}},{"@type":"Person","@id":"https:\/\/candas365.es\/noticias\/author\/admin\/#author","url":"https:\/\/candas365.es\/noticias\/author\/admin\/","name":"Cand\u00e1s 365","image":{"@type":"ImageObject","@id":"https:\/\/candas365.es\/noticias\/el-bce-revisa-a-la-baja-previsiones-de-inflacion-y-crecimiento-para-2019\/#authorImage","url":"https:\/\/secure.gravatar.com\/avatar\/496a8e03d0c493ede1718b7934145dbdf8d89be1036b0eec9544e1094c9de390?s=96&d=mm&r=g","width":96,"height":96,"caption":"Cand\u00e1s 365"},"sameAs":["https:\/\/www.facebook.com\/carrenoactualidad","https:\/\/twitter.com\/nbasturias","https:\/\/www.instagram.com\/nachofdezber\/","https:\/\/www.youtube.com\/channel\/UCZP-2wLEB9Rv6erhFmqVnvg"]},{"@type":"WebPage","@id":"https:\/\/candas365.es\/noticias\/el-bce-revisa-a-la-baja-previsiones-de-inflacion-y-crecimiento-para-2019\/#webpage","url":"https:\/\/candas365.es\/noticias\/el-bce-revisa-a-la-baja-previsiones-de-inflacion-y-crecimiento-para-2019\/","name":"El BCE revisa a la baja previsiones de inflaci\u00f3n y crecimiento para 2019 | Cand\u00e1s 365","description":"Fr\u00e1ncfort, 13 dic (dpa) - El Banco Central Europeo (BCE) revis\u00f3 hoy ligeramente a la la baja su pron\u00f3stico de inflaci\u00f3n y crecimiento de cara al pr\u00f3ximo a\u00f1o para los 19 pa\u00edses de la zona, comunic\u00f3 hoy en Fr\u00e1ncfort el presidente de la entidad, Mario Draghi, al dar a conocer las nuevas proyecciones macroecon\u00f3micas de","inLanguage":"es-ES","isPartOf":{"@id":"https:\/\/candas365.es\/noticias\/#website"},"breadcrumb":{"@id":"https:\/\/candas365.es\/noticias\/el-bce-revisa-a-la-baja-previsiones-de-inflacion-y-crecimiento-para-2019\/#breadcrumblist"},"author":{"@id":"https:\/\/candas365.es\/noticias\/author\/admin\/#author"},"creator":{"@id":"https:\/\/candas365.es\/noticias\/author\/admin\/#author"},"image":{"@type":"ImageObject","url":"https:\/\/candas365.es\/noticias\/wp-content\/uploads\/2018\/06\/money-1005477_960_720.jpg","@id":"https:\/\/candas365.es\/noticias\/el-bce-revisa-a-la-baja-previsiones-de-inflacion-y-crecimiento-para-2019\/#mainImage","width":960,"height":640},"primaryImageOfPage":{"@id":"https:\/\/candas365.es\/noticias\/el-bce-revisa-a-la-baja-previsiones-de-inflacion-y-crecimiento-para-2019\/#mainImage"},"datePublished":"2018-12-13T21:59:27+01:00","dateModified":"2018-12-13T21:59:27+01:00"},{"@type":"WebSite","@id":"https:\/\/candas365.es\/noticias\/#website","url":"https:\/\/candas365.es\/noticias\/","name":"Cand\u00e1s 365","alternateName":"Cand\u00e1s 365 Noticias","description":"Actualidad desde Carre\u00f1o para el mundo","inLanguage":"es-ES","publisher":{"@id":"https:\/\/candas365.es\/noticias\/#organization"}}]},"og:locale":"es_ES","og:site_name":"Cand\u00e1s 365","og:type":"article","og:title":"El BCE revisa a la baja previsiones de inflaci\u00f3n y crecimiento para 2019 | Cand\u00e1s 365","og:description":"Fr\u00e1ncfort, 13 dic (dpa) - El Banco Central Europeo (BCE) revis\u00f3 hoy ligeramente a la la baja su pron\u00f3stico de inflaci\u00f3n y crecimiento de cara al pr\u00f3ximo a\u00f1o para los 19 pa\u00edses de la zona, comunic\u00f3 hoy en Fr\u00e1ncfort el presidente de la entidad, Mario Draghi, al dar a conocer las nuevas proyecciones macroecon\u00f3micas de","og:url":"https:\/\/candas365.es\/noticias\/el-bce-revisa-a-la-baja-previsiones-de-inflacion-y-crecimiento-para-2019\/","og:image":"https:\/\/candas365.es\/noticias\/wp-content\/uploads\/2018\/06\/money-1005477_960_720.jpg","og:image:secure_url":"https:\/\/candas365.es\/noticias\/wp-content\/uploads\/2018\/06\/money-1005477_960_720.jpg","og:image:width":960,"og:image:height":640,"article:published_time":"2018-12-13T21:59:27+00:00","article:modified_time":"2018-12-13T21:59:27+00:00","article:publisher":"https:\/\/www.facebook.com\/Nachofdezber","article:author":"https:\/\/www.facebook.com\/carrenoactualidad","twitter:card":"summary_large_image","twitter:site":"@NabercoDigital","twitter:title":"El BCE revisa a la baja previsiones de inflaci\u00f3n y crecimiento para 2019 | Cand\u00e1s 365","twitter:description":"Fr\u00e1ncfort, 13 dic (dpa) - El Banco Central Europeo (BCE) revis\u00f3 hoy ligeramente a la la baja su pron\u00f3stico de inflaci\u00f3n y crecimiento de cara al pr\u00f3ximo a\u00f1o para los 19 pa\u00edses de la zona, comunic\u00f3 hoy en Fr\u00e1ncfort el presidente de la entidad, Mario Draghi, al dar a conocer las nuevas proyecciones macroecon\u00f3micas de","twitter:creator":"@nbasturias","twitter:image":"https:\/\/candas365.es\/noticias\/wp-content\/uploads\/2018\/06\/money-1005477_960_720.jpg","twitter:label1":"Escrito por","twitter:data1":"Cand\u00e1s 365","twitter:label2":"Tiempo de lectura estimado","twitter:data2":"2 minutos"},"aioseo_meta_data":{"post_id":"111992","title":null,"description":null,"keywords":null,"keyphrases":null,"primary_term":null,"canonical_url":null,"og_title":null,"og_description":null,"og_object_type":"default","og_image_type":"default","og_image_url":null,"og_image_width":null,"og_image_height":null,"og_image_custom_url":null,"og_image_custom_fields":null,"og_video":null,"og_custom_url":null,"og_article_section":null,"og_article_tags":null,"twitter_use_og":false,"twitter_card":"default","twitter_image_type":"default","twitter_image_url":null,"twitter_image_custom_url":null,"twitter_image_custom_fields":null,"twitter_title":null,"twitter_description":null,"schema":{"blockGraphs":[],"customGraphs":[],"default":{"data":{"Article":[],"Course":[],"Dataset":[],"FAQPage":[],"Movie":[],"Person":[],"Product":[],"ProductReview":[],"Car":[],"Recipe":[],"Service":[],"SoftwareApplication":[],"WebPage":[]},"graphName":"","isEnabled":true},"graphs":[],"defaultGraph":"","defaultPostTypeGraph":""},"schema_type":null,"schema_type_options":null,"pillar_content":false,"robots_default":true,"robots_noindex":false,"robots_noarchive":false,"robots_nosnippet":false,"robots_nofollow":false,"robots_noimageindex":false,"robots_noodp":false,"robots_notranslate":false,"robots_max_snippet":null,"robots_max_videopreview":null,"robots_max_imagepreview":"large","priority":null,"frequency":null,"location":null,"local_seo":null,"seo_analyzer_scan_date":"2025-08-28 17:04:25","breadcrumb_settings":null,"limit_modified_date":false,"reviewed_by":null,"open_ai":null,"ai":null,"created":"2020-12-21 11:36:56","updated":"2025-08-28 17:04:25"},"aioseo_breadcrumb":"<div class=\"aioseo-breadcrumbs\"><span class=\"aioseo-breadcrumb\">\n\t<a href=\"https:\/\/candas365.es\/noticias\" title=\"Home\">Home<\/a>\n<\/span><span class=\"aioseo-breadcrumb-separator\">&ndash;<\/span><span class=\"aioseo-breadcrumb\">\n\t<a href=\"https:\/\/candas365.es\/noticias\/category\/actualidad\/\" title=\"Actualidad\">Actualidad<\/a>\n<\/span><span class=\"aioseo-breadcrumb-separator\">&ndash;<\/span><span class=\"aioseo-breadcrumb\">\n\tEl BCE revisa a la baja previsiones de inflaci\u00f3n y crecimiento para 2019\n<\/span><\/div>","aioseo_breadcrumb_json":[{"label":"Home","link":"https:\/\/candas365.es\/noticias"},{"label":"Actualidad","link":"https:\/\/candas365.es\/noticias\/category\/actualidad\/"},{"label":"El BCE revisa a la baja previsiones de inflaci\u00f3n y crecimiento para 2019","link":"https:\/\/candas365.es\/noticias\/el-bce-revisa-a-la-baja-previsiones-de-inflacion-y-crecimiento-para-2019\/"}],"_links":{"self":[{"href":"https:\/\/candas365.es\/noticias\/wp-json\/wp\/v2\/posts\/111992","targetHints":{"allow":["GET"]}}],"collection":[{"href":"https:\/\/candas365.es\/noticias\/wp-json\/wp\/v2\/posts"}],"about":[{"href":"https:\/\/candas365.es\/noticias\/wp-json\/wp\/v2\/types\/post"}],"author":[{"embeddable":true,"href":"https:\/\/candas365.es\/noticias\/wp-json\/wp\/v2\/users\/1"}],"replies":[{"embeddable":true,"href":"https:\/\/candas365.es\/noticias\/wp-json\/wp\/v2\/comments?post=111992"}],"version-history":[{"count":0,"href":"https:\/\/candas365.es\/noticias\/wp-json\/wp\/v2\/posts\/111992\/revisions"}],"wp:featuredmedia":[{"embeddable":true,"href":"https:\/\/candas365.es\/noticias\/wp-json\/wp\/v2\/media\/99355"}],"wp:attachment":[{"href":"https:\/\/candas365.es\/noticias\/wp-json\/wp\/v2\/media?parent=111992"}],"wp:term":[{"taxonomy":"category","embeddable":true,"href":"https:\/\/candas365.es\/noticias\/wp-json\/wp\/v2\/categories?post=111992"},{"taxonomy":"post_tag","embeddable":true,"href":"https:\/\/candas365.es\/noticias\/wp-json\/wp\/v2\/tags?post=111992"}],"curies":[{"name":"wp","href":"https:\/\/api.w.org\/{rel}","templated":true}]}}