{"id":111990,"date":"2018-12-13T21:57:20","date_gmt":"2018-12-13T21:57:20","guid":{"rendered":"http:\/\/candas365.es\/noticias\/?p=111990"},"modified":"2018-12-13T21:57:20","modified_gmt":"2018-12-13T21:57:20","slug":"el-loco-abreu-firma-por-su-vigesimo-octavo-club-a-los-42-anos","status":"publish","type":"post","link":"https:\/\/candas365.es\/noticias\/el-loco-abreu-firma-por-su-vigesimo-octavo-club-a-los-42-anos\/","title":{"rendered":"El \u00abLoco\u00bb Abreu firma por su vig\u00e9simo octavo club a los 42 a\u00f1os"},"content":{"rendered":"<p><img fetchpriority=\"high\" decoding=\"async\" class=\"alignleft size-medium wp-image-98026\" src=\"https:\/\/candas365.es\/noticias\/wp-content\/uploads\/2018\/06\/football-1406106_960_720-1-360x241.jpg\" alt=\"\" width=\"360\" height=\"241\" srcset=\"https:\/\/candas365.es\/noticias\/wp-content\/uploads\/2018\/06\/football-1406106_960_720-1-360x241.jpg 360w, https:\/\/candas365.es\/noticias\/wp-content\/uploads\/2018\/06\/football-1406106_960_720-1-768x514.jpg 768w, https:\/\/candas365.es\/noticias\/wp-content\/uploads\/2018\/06\/football-1406106_960_720-1-655x439.jpg 655w, https:\/\/candas365.es\/noticias\/wp-content\/uploads\/2018\/06\/football-1406106_960_720-1-696x466.jpg 696w, https:\/\/candas365.es\/noticias\/wp-content\/uploads\/2018\/06\/football-1406106_960_720-1-627x420.jpg 627w, https:\/\/candas365.es\/noticias\/wp-content\/uploads\/2018\/06\/football-1406106_960_720-1.jpg 960w\" sizes=\"(max-width: 360px) 100vw, 360px\" \/>R\u00edo de Janeiro, 13 dic (dpa) &#8211; Cuarenta y dos a\u00f1os y ahora 28 clubes: el uruguayo Sebasti\u00e1n Abreu sum\u00f3 un nuevo equipo a su ya extensa trayectoria como futbolista al firmar por el Rio Branco Atl\u00e9tico Clube, de la cuarta divisi\u00f3n de Brasil.<\/p>\n<p>\u00abNo es locura, hincha alvinegro: &#8216;el Loco&#8217; Abreu es el nuevo refuerzo de Rio Branco\u00bb, comunic\u00f3 el club del estado Esp\u00edrito Santo, vecino a R\u00edo de Janeiro, el mi\u00e9rcoles en su web.<\/p>\n<p>\u00abFinalmente lleg\u00f3 ese d\u00eda\u00bb, cit\u00f3 el equipo al veterano delantero \u00abcharr\u00faa\u00bb. \u00abAgradezco el cari\u00f1o que la hinchada viene mostrando por m\u00ed en las redes sociales\u00bb, celebr\u00f3 tambi\u00e9n el uruguayo.<\/p>\n<p>El presidente del Rio Branco, Luciano Mendoca, calific\u00f3 la contrataci\u00f3n como la mayor en la historia del club con sede en Vit\u00f3ria, a unos 400 kil\u00f3metros de R\u00edo de Janeiro.<\/p>\n<p>Fue \u00abuna locura del presidente que sali\u00f3 bien\u00bb, dijo el \u00abLoco\u00bb.<\/p>\n<p>Con su marcha del Magallanes, de Chile, Abreu abrir\u00e1 su cuarta etapa en el f\u00fatbol brasile\u00f1o. El \u00abcharr\u00faa\u00bb es uno de los grandes \u00eddolos del Botafogo de R\u00edo, donde jug\u00f3 entre 2010 y 2012.<\/p>\n<p>Tras su debut en 1994, el \u00abLoco\u00bb pas\u00f3 por algunos de los grandes del continente como el flamante campe\u00f3n de la Copa Libertadores, River Plate, as\u00ed como Nacional de Uruguay, el brasile\u00f1o Gremio o el Am\u00e9rica de M\u00e9xico.<\/p>\n<p>En Espa\u00f1a milit\u00f3 con el Deportivo La Coru\u00f1a (1998) y en la Real Sociedad (2009). En los a\u00f1os finales de su carrera el artillero pas\u00f3 sobre todo por clubes de divisiones menores en Am\u00e9rica Latina.<\/p>\n<p>En total, el \u00abtrotamundos\u00bb Abreu jug\u00f3 hasta ahora en diez pa\u00edses: Uruguay, Argentina, Espa\u00f1a, Brasil, M\u00e9xico, Chile, Ecuador, El Salvador, Grecia e Israel.<\/p>\n<p>El \u00abLoco\u00bb tambi\u00e9n disput\u00f3 los Mundiales de Jap\u00f3n\/Corea del Sur 2002 y Sud\u00e1frica 2010 con \u00abla Celeste\u00bb, adem\u00e1s de tres Copas Am\u00e9rica.<\/p>\n","protected":false},"excerpt":{"rendered":"<p>R\u00edo de Janeiro, 13 dic (dpa) &#8211; Cuarenta y dos a\u00f1os y ahora 28 clubes: el uruguayo Sebasti\u00e1n Abreu sum\u00f3 un nuevo equipo a su ya extensa trayectoria como futbolista al firmar por el Rio Branco Atl\u00e9tico Clube, de la cuarta divisi\u00f3n de Brasil. \u00abNo es locura, hincha alvinegro: &#8216;el Loco&#8217; Abreu es el nuevo<\/p>\n","protected":false},"author":1,"featured_media":98026,"comment_status":"closed","ping_status":"closed","sticky":false,"template":"","format":"standard","meta":{"footnotes":""},"categories":[319],"tags":[],"class_list":{"0":"post-111990","1":"post","2":"type-post","3":"status-publish","4":"format-standard","5":"has-post-thumbnail","7":"category-deporte"},"aioseo_notices":[],"aioseo_head":"\n\t\t<!-- All in One SEO Pro 4.9.6.2 - aioseo.com -->\n\t<meta name=\"description\" content=\"R\u00edo de Janeiro, 13 dic (dpa) - Cuarenta y dos a\u00f1os y ahora 28 clubes: el uruguayo Sebasti\u00e1n Abreu sum\u00f3 un nuevo equipo a su ya extensa trayectoria como futbolista al firmar por el Rio Branco Atl\u00e9tico Clube, de la cuarta divisi\u00f3n de Brasil. &quot;No es locura, hincha alvinegro: &#039;el Loco&#039; Abreu es el nuevo\" \/>\n\t<meta name=\"robots\" content=\"max-image-preview:large\" \/>\n\t<meta name=\"author\" content=\"Cand\u00e1s 365\"\/>\n\t<meta name=\"google-site-verification\" content=\"UA-32230408-1\" \/>\n\t<meta name=\"msvalidate.01\" content=\"354F3CDFB2DA171B47FBE9ABF1F88D5\" \/>\n\t<meta name=\"keywords\" content=\"deporte\" \/>\n\t<link rel=\"canonical\" href=\"https:\/\/candas365.es\/noticias\/el-loco-abreu-firma-por-su-vigesimo-octavo-club-a-los-42-anos\/\" \/>\n\t<meta name=\"generator\" content=\"All in One SEO Pro (AIOSEO) 4.9.6.2\" \/>\n\t\t<meta property=\"og:locale\" content=\"es_ES\" \/>\n\t\t<meta property=\"og:site_name\" content=\"Cand\u00e1s 365\" \/>\n\t\t<meta property=\"og:type\" content=\"article\" \/>\n\t\t<meta property=\"og:title\" content=\"El \u00abLoco\u00bb Abreu firma por su vig\u00e9simo octavo club a los 42 a\u00f1os | Cand\u00e1s 365\" \/>\n\t\t<meta property=\"og:description\" content=\"R\u00edo de Janeiro, 13 dic (dpa) - Cuarenta y dos a\u00f1os y ahora 28 clubes: el uruguayo Sebasti\u00e1n Abreu sum\u00f3 un nuevo equipo a su ya extensa trayectoria como futbolista al firmar por el Rio Branco Atl\u00e9tico Clube, de la cuarta divisi\u00f3n de Brasil. &quot;No es locura, hincha alvinegro: &#039;el Loco&#039; Abreu es el nuevo\" \/>\n\t\t<meta property=\"og:url\" content=\"https:\/\/candas365.es\/noticias\/el-loco-abreu-firma-por-su-vigesimo-octavo-club-a-los-42-anos\/\" \/>\n\t\t<meta property=\"og:image\" content=\"https:\/\/candas365.es\/noticias\/wp-content\/uploads\/2018\/06\/football-1406106_960_720-1.jpg\" \/>\n\t\t<meta property=\"og:image:secure_url\" content=\"https:\/\/candas365.es\/noticias\/wp-content\/uploads\/2018\/06\/football-1406106_960_720-1.jpg\" \/>\n\t\t<meta property=\"og:image:width\" content=\"960\" \/>\n\t\t<meta property=\"og:image:height\" content=\"643\" \/>\n\t\t<meta property=\"article:published_time\" content=\"2018-12-13T21:57:20+00:00\" \/>\n\t\t<meta property=\"article:modified_time\" content=\"2018-12-13T21:57:20+00:00\" \/>\n\t\t<meta property=\"article:publisher\" content=\"https:\/\/www.facebook.com\/Nachofdezber\" \/>\n\t\t<meta property=\"article:author\" content=\"https:\/\/www.facebook.com\/carrenoactualidad\" \/>\n\t\t<meta name=\"twitter:card\" content=\"summary_large_image\" \/>\n\t\t<meta name=\"twitter:site\" content=\"@NabercoDigital\" \/>\n\t\t<meta name=\"twitter:title\" content=\"El \u00abLoco\u00bb Abreu firma por su vig\u00e9simo octavo club a los 42 a\u00f1os | Cand\u00e1s 365\" \/>\n\t\t<meta name=\"twitter:description\" content=\"R\u00edo de Janeiro, 13 dic (dpa) - Cuarenta y dos a\u00f1os y ahora 28 clubes: el uruguayo Sebasti\u00e1n Abreu sum\u00f3 un nuevo equipo a su ya extensa trayectoria como futbolista al firmar por el Rio Branco Atl\u00e9tico Clube, de la cuarta divisi\u00f3n de Brasil. &quot;No es locura, hincha alvinegro: &#039;el Loco&#039; Abreu es el nuevo\" \/>\n\t\t<meta name=\"twitter:creator\" content=\"@nbasturias\" \/>\n\t\t<meta name=\"twitter:image\" content=\"https:\/\/candas365.es\/noticias\/wp-content\/uploads\/2018\/06\/football-1406106_960_720-1.jpg\" \/>\n\t\t<meta name=\"twitter:label1\" content=\"Escrito por\" \/>\n\t\t<meta name=\"twitter:data1\" content=\"Cand\u00e1s 365\" \/>\n\t\t<meta name=\"twitter:label2\" content=\"Tiempo de lectura estimado\" \/>\n\t\t<meta name=\"twitter:data2\" content=\"2 minutos\" \/>\n\t\t<script type=\"application\/ld+json\" class=\"aioseo-schema\">\n\t\t\t{\"@context\":\"https:\\\/\\\/schema.org\",\"@graph\":[{\"@type\":\"BreadcrumbList\",\"@id\":\"https:\\\/\\\/candas365.es\\\/noticias\\\/el-loco-abreu-firma-por-su-vigesimo-octavo-club-a-los-42-anos\\\/#breadcrumblist\",\"itemListElement\":[{\"@type\":\"ListItem\",\"@id\":\"https:\\\/\\\/candas365.es\\\/noticias#listItem\",\"position\":1,\"name\":\"Home\",\"item\":\"https:\\\/\\\/candas365.es\\\/noticias\",\"nextItem\":{\"@type\":\"ListItem\",\"@id\":\"https:\\\/\\\/candas365.es\\\/noticias\\\/category\\\/deporte\\\/#listItem\",\"name\":\"Deporte\"}},{\"@type\":\"ListItem\",\"@id\":\"https:\\\/\\\/candas365.es\\\/noticias\\\/category\\\/deporte\\\/#listItem\",\"position\":2,\"name\":\"Deporte\",\"item\":\"https:\\\/\\\/candas365.es\\\/noticias\\\/category\\\/deporte\\\/\",\"nextItem\":{\"@type\":\"ListItem\",\"@id\":\"https:\\\/\\\/candas365.es\\\/noticias\\\/el-loco-abreu-firma-por-su-vigesimo-octavo-club-a-los-42-anos\\\/#listItem\",\"name\":\"El \\u00abLoco\\u00bb Abreu firma por su vig\\u00e9simo octavo club a los 42 a\\u00f1os\"},\"previousItem\":{\"@type\":\"ListItem\",\"@id\":\"https:\\\/\\\/candas365.es\\\/noticias#listItem\",\"name\":\"Home\"}},{\"@type\":\"ListItem\",\"@id\":\"https:\\\/\\\/candas365.es\\\/noticias\\\/el-loco-abreu-firma-por-su-vigesimo-octavo-club-a-los-42-anos\\\/#listItem\",\"position\":3,\"name\":\"El \\u00abLoco\\u00bb Abreu firma por su vig\\u00e9simo octavo club a los 42 a\\u00f1os\",\"previousItem\":{\"@type\":\"ListItem\",\"@id\":\"https:\\\/\\\/candas365.es\\\/noticias\\\/category\\\/deporte\\\/#listItem\",\"name\":\"Deporte\"}}]},{\"@type\":\"NewsArticle\",\"@id\":\"https:\\\/\\\/candas365.es\\\/noticias\\\/el-loco-abreu-firma-por-su-vigesimo-octavo-club-a-los-42-anos\\\/#newsarticle\",\"name\":\"El \\u00abLoco\\u00bb Abreu firma por su vig\\u00e9simo octavo club a los 42 a\\u00f1os | Cand\\u00e1s 365\",\"headline\":\"El \\u00abLoco\\u00bb Abreu firma por su vig\\u00e9simo octavo club a los 42 a\\u00f1os\",\"author\":{\"@id\":\"https:\\\/\\\/candas365.es\\\/noticias\\\/author\\\/admin\\\/#author\"},\"publisher\":{\"@id\":\"https:\\\/\\\/candas365.es\\\/noticias\\\/#organization\"},\"image\":{\"@type\":\"ImageObject\",\"url\":\"https:\\\/\\\/candas365.es\\\/noticias\\\/wp-content\\\/uploads\\\/2018\\\/06\\\/football-1406106_960_720-1.jpg\",\"width\":960,\"height\":643},\"datePublished\":\"2018-12-13T21:57:20+01:00\",\"dateModified\":\"2018-12-13T21:57:20+01:00\",\"inLanguage\":\"es-ES\",\"mainEntityOfPage\":{\"@id\":\"https:\\\/\\\/candas365.es\\\/noticias\\\/el-loco-abreu-firma-por-su-vigesimo-octavo-club-a-los-42-anos\\\/#webpage\"},\"isPartOf\":{\"@id\":\"https:\\\/\\\/candas365.es\\\/noticias\\\/el-loco-abreu-firma-por-su-vigesimo-octavo-club-a-los-42-anos\\\/#webpage\"},\"articleSection\":\"Deporte\",\"dateline\":\"Publicado el diciembre 13, 2018.\"},{\"@type\":\"Organization\",\"@id\":\"https:\\\/\\\/candas365.es\\\/noticias\\\/#organization\",\"name\":\"Cand\\u00e1s 365\",\"description\":\"Cand\\u00e1s 365 es un diario digital independiente, fundado en 2012, con base en Asturias. Informamos con rigor sobre actualidad, sociedad, cultura y ocio, con una mirada local y global.\",\"url\":\"https:\\\/\\\/candas365.es\\\/noticias\\\/\",\"email\":\"info@candas365.es\",\"telephone\":\"+34652131393\",\"foundingDate\":\"2012-06-10\",\"logo\":{\"@type\":\"ImageObject\",\"url\":\"https:\\\/\\\/candas365.es\\\/noticias\\\/wp-content\\\/uploads\\\/2024\\\/09\\\/Candas-365-Redes.jpg\",\"@id\":\"https:\\\/\\\/candas365.es\\\/noticias\\\/el-loco-abreu-firma-por-su-vigesimo-octavo-club-a-los-42-anos\\\/#organizationLogo\",\"width\":1152,\"height\":864,\"caption\":\"Cand\\u00e1s 365 Redes\"},\"image\":{\"@id\":\"https:\\\/\\\/candas365.es\\\/noticias\\\/el-loco-abreu-firma-por-su-vigesimo-octavo-club-a-los-42-anos\\\/#organizationLogo\"},\"sameAs\":[\"https:\\\/\\\/www.facebook.com\\\/Nachofdezber\",\"https:\\\/\\\/x.com\\\/NabercoDigital\",\"https:\\\/\\\/www.instagram.com\\\/nachofdezber\\\/\",\"https:\\\/\\\/www.youtube.com\\\/channel\\\/UCZP-2wLEB9Rv6erhFmqVnvg\"],\"address\":{\"@id\":\"https:\\\/\\\/candas365.es\\\/noticias\\\/#postaladdress\",\"@type\":\"PostalAddress\",\"streetAddress\":\"san antonio 4, san antonio 4\",\"postalCode\":\"33430\",\"addressLocality\":\"Cand\\u00e1s\",\"addressRegion\":\"Asturias\",\"addressCountry\":\"ES\"}},{\"@type\":\"Person\",\"@id\":\"https:\\\/\\\/candas365.es\\\/noticias\\\/author\\\/admin\\\/#author\",\"url\":\"https:\\\/\\\/candas365.es\\\/noticias\\\/author\\\/admin\\\/\",\"name\":\"Cand\\u00e1s 365\",\"image\":{\"@type\":\"ImageObject\",\"@id\":\"https:\\\/\\\/candas365.es\\\/noticias\\\/el-loco-abreu-firma-por-su-vigesimo-octavo-club-a-los-42-anos\\\/#authorImage\",\"url\":\"https:\\\/\\\/secure.gravatar.com\\\/avatar\\\/496a8e03d0c493ede1718b7934145dbdf8d89be1036b0eec9544e1094c9de390?s=96&d=mm&r=g\",\"width\":96,\"height\":96,\"caption\":\"Cand\\u00e1s 365\"},\"sameAs\":[\"https:\\\/\\\/www.facebook.com\\\/carrenoactualidad\",\"https:\\\/\\\/twitter.com\\\/nbasturias\",\"https:\\\/\\\/www.instagram.com\\\/nachofdezber\\\/\",\"https:\\\/\\\/www.youtube.com\\\/channel\\\/UCZP-2wLEB9Rv6erhFmqVnvg\"]},{\"@type\":\"WebPage\",\"@id\":\"https:\\\/\\\/candas365.es\\\/noticias\\\/el-loco-abreu-firma-por-su-vigesimo-octavo-club-a-los-42-anos\\\/#webpage\",\"url\":\"https:\\\/\\\/candas365.es\\\/noticias\\\/el-loco-abreu-firma-por-su-vigesimo-octavo-club-a-los-42-anos\\\/\",\"name\":\"El \\u00abLoco\\u00bb Abreu firma por su vig\\u00e9simo octavo club a los 42 a\\u00f1os | Cand\\u00e1s 365\",\"description\":\"R\\u00edo de Janeiro, 13 dic (dpa) - Cuarenta y dos a\\u00f1os y ahora 28 clubes: el uruguayo Sebasti\\u00e1n Abreu sum\\u00f3 un nuevo equipo a su ya extensa trayectoria como futbolista al firmar por el Rio Branco Atl\\u00e9tico Clube, de la cuarta divisi\\u00f3n de Brasil. \\\"No es locura, hincha alvinegro: 'el Loco' Abreu es el nuevo\",\"inLanguage\":\"es-ES\",\"isPartOf\":{\"@id\":\"https:\\\/\\\/candas365.es\\\/noticias\\\/#website\"},\"breadcrumb\":{\"@id\":\"https:\\\/\\\/candas365.es\\\/noticias\\\/el-loco-abreu-firma-por-su-vigesimo-octavo-club-a-los-42-anos\\\/#breadcrumblist\"},\"author\":{\"@id\":\"https:\\\/\\\/candas365.es\\\/noticias\\\/author\\\/admin\\\/#author\"},\"creator\":{\"@id\":\"https:\\\/\\\/candas365.es\\\/noticias\\\/author\\\/admin\\\/#author\"},\"image\":{\"@type\":\"ImageObject\",\"url\":\"https:\\\/\\\/candas365.es\\\/noticias\\\/wp-content\\\/uploads\\\/2018\\\/06\\\/football-1406106_960_720-1.jpg\",\"@id\":\"https:\\\/\\\/candas365.es\\\/noticias\\\/el-loco-abreu-firma-por-su-vigesimo-octavo-club-a-los-42-anos\\\/#mainImage\",\"width\":960,\"height\":643},\"primaryImageOfPage\":{\"@id\":\"https:\\\/\\\/candas365.es\\\/noticias\\\/el-loco-abreu-firma-por-su-vigesimo-octavo-club-a-los-42-anos\\\/#mainImage\"},\"datePublished\":\"2018-12-13T21:57:20+01:00\",\"dateModified\":\"2018-12-13T21:57:20+01:00\"},{\"@type\":\"WebSite\",\"@id\":\"https:\\\/\\\/candas365.es\\\/noticias\\\/#website\",\"url\":\"https:\\\/\\\/candas365.es\\\/noticias\\\/\",\"name\":\"Cand\\u00e1s 365\",\"alternateName\":\"Cand\\u00e1s 365 Noticias\",\"description\":\"Actualidad desde Carre\\u00f1o para el mundo\",\"inLanguage\":\"es-ES\",\"publisher\":{\"@id\":\"https:\\\/\\\/candas365.es\\\/noticias\\\/#organization\"}}]}\n\t\t<\/script>\n\t\t<!-- All in One SEO Pro -->\r\n\t\t<title>El \u00abLoco\u00bb Abreu firma por su vig\u00e9simo octavo club a los 42 a\u00f1os | Cand\u00e1s 365<\/title>\n\n","aioseo_head_json":{"title":"El \u00abLoco\u00bb Abreu firma por su vig\u00e9simo octavo club a los 42 a\u00f1os | Cand\u00e1s 365","description":"R\u00edo de Janeiro, 13 dic (dpa) - Cuarenta y dos a\u00f1os y ahora 28 clubes: el uruguayo Sebasti\u00e1n Abreu sum\u00f3 un nuevo equipo a su ya extensa trayectoria como futbolista al firmar por el Rio Branco Atl\u00e9tico Clube, de la cuarta divisi\u00f3n de Brasil. \"No es locura, hincha alvinegro: 'el Loco' Abreu es el nuevo","canonical_url":"https:\/\/candas365.es\/noticias\/el-loco-abreu-firma-por-su-vigesimo-octavo-club-a-los-42-anos\/","robots":"max-image-preview:large","keywords":"deporte","webmasterTools":{"google-site-verification":"UA-32230408-1","msvalidate.01":"354F3CDFB2DA171B47FBE9ABF1F88D5","miscellaneous":""},"schema":{"@context":"https:\/\/schema.org","@graph":[{"@type":"BreadcrumbList","@id":"https:\/\/candas365.es\/noticias\/el-loco-abreu-firma-por-su-vigesimo-octavo-club-a-los-42-anos\/#breadcrumblist","itemListElement":[{"@type":"ListItem","@id":"https:\/\/candas365.es\/noticias#listItem","position":1,"name":"Home","item":"https:\/\/candas365.es\/noticias","nextItem":{"@type":"ListItem","@id":"https:\/\/candas365.es\/noticias\/category\/deporte\/#listItem","name":"Deporte"}},{"@type":"ListItem","@id":"https:\/\/candas365.es\/noticias\/category\/deporte\/#listItem","position":2,"name":"Deporte","item":"https:\/\/candas365.es\/noticias\/category\/deporte\/","nextItem":{"@type":"ListItem","@id":"https:\/\/candas365.es\/noticias\/el-loco-abreu-firma-por-su-vigesimo-octavo-club-a-los-42-anos\/#listItem","name":"El \u00abLoco\u00bb Abreu firma por su vig\u00e9simo octavo club a los 42 a\u00f1os"},"previousItem":{"@type":"ListItem","@id":"https:\/\/candas365.es\/noticias#listItem","name":"Home"}},{"@type":"ListItem","@id":"https:\/\/candas365.es\/noticias\/el-loco-abreu-firma-por-su-vigesimo-octavo-club-a-los-42-anos\/#listItem","position":3,"name":"El \u00abLoco\u00bb Abreu firma por su vig\u00e9simo octavo club a los 42 a\u00f1os","previousItem":{"@type":"ListItem","@id":"https:\/\/candas365.es\/noticias\/category\/deporte\/#listItem","name":"Deporte"}}]},{"@type":"NewsArticle","@id":"https:\/\/candas365.es\/noticias\/el-loco-abreu-firma-por-su-vigesimo-octavo-club-a-los-42-anos\/#newsarticle","name":"El \u00abLoco\u00bb Abreu firma por su vig\u00e9simo octavo club a los 42 a\u00f1os | Cand\u00e1s 365","headline":"El \u00abLoco\u00bb Abreu firma por su vig\u00e9simo octavo club a los 42 a\u00f1os","author":{"@id":"https:\/\/candas365.es\/noticias\/author\/admin\/#author"},"publisher":{"@id":"https:\/\/candas365.es\/noticias\/#organization"},"image":{"@type":"ImageObject","url":"https:\/\/candas365.es\/noticias\/wp-content\/uploads\/2018\/06\/football-1406106_960_720-1.jpg","width":960,"height":643},"datePublished":"2018-12-13T21:57:20+01:00","dateModified":"2018-12-13T21:57:20+01:00","inLanguage":"es-ES","mainEntityOfPage":{"@id":"https:\/\/candas365.es\/noticias\/el-loco-abreu-firma-por-su-vigesimo-octavo-club-a-los-42-anos\/#webpage"},"isPartOf":{"@id":"https:\/\/candas365.es\/noticias\/el-loco-abreu-firma-por-su-vigesimo-octavo-club-a-los-42-anos\/#webpage"},"articleSection":"Deporte","dateline":"Publicado el diciembre 13, 2018."},{"@type":"Organization","@id":"https:\/\/candas365.es\/noticias\/#organization","name":"Cand\u00e1s 365","description":"Cand\u00e1s 365 es un diario digital independiente, fundado en 2012, con base en Asturias. Informamos con rigor sobre actualidad, sociedad, cultura y ocio, con una mirada local y global.","url":"https:\/\/candas365.es\/noticias\/","email":"info@candas365.es","telephone":"+34652131393","foundingDate":"2012-06-10","logo":{"@type":"ImageObject","url":"https:\/\/candas365.es\/noticias\/wp-content\/uploads\/2024\/09\/Candas-365-Redes.jpg","@id":"https:\/\/candas365.es\/noticias\/el-loco-abreu-firma-por-su-vigesimo-octavo-club-a-los-42-anos\/#organizationLogo","width":1152,"height":864,"caption":"Cand\u00e1s 365 Redes"},"image":{"@id":"https:\/\/candas365.es\/noticias\/el-loco-abreu-firma-por-su-vigesimo-octavo-club-a-los-42-anos\/#organizationLogo"},"sameAs":["https:\/\/www.facebook.com\/Nachofdezber","https:\/\/x.com\/NabercoDigital","https:\/\/www.instagram.com\/nachofdezber\/","https:\/\/www.youtube.com\/channel\/UCZP-2wLEB9Rv6erhFmqVnvg"],"address":{"@id":"https:\/\/candas365.es\/noticias\/#postaladdress","@type":"PostalAddress","streetAddress":"san antonio 4, san antonio 4","postalCode":"33430","addressLocality":"Cand\u00e1s","addressRegion":"Asturias","addressCountry":"ES"}},{"@type":"Person","@id":"https:\/\/candas365.es\/noticias\/author\/admin\/#author","url":"https:\/\/candas365.es\/noticias\/author\/admin\/","name":"Cand\u00e1s 365","image":{"@type":"ImageObject","@id":"https:\/\/candas365.es\/noticias\/el-loco-abreu-firma-por-su-vigesimo-octavo-club-a-los-42-anos\/#authorImage","url":"https:\/\/secure.gravatar.com\/avatar\/496a8e03d0c493ede1718b7934145dbdf8d89be1036b0eec9544e1094c9de390?s=96&d=mm&r=g","width":96,"height":96,"caption":"Cand\u00e1s 365"},"sameAs":["https:\/\/www.facebook.com\/carrenoactualidad","https:\/\/twitter.com\/nbasturias","https:\/\/www.instagram.com\/nachofdezber\/","https:\/\/www.youtube.com\/channel\/UCZP-2wLEB9Rv6erhFmqVnvg"]},{"@type":"WebPage","@id":"https:\/\/candas365.es\/noticias\/el-loco-abreu-firma-por-su-vigesimo-octavo-club-a-los-42-anos\/#webpage","url":"https:\/\/candas365.es\/noticias\/el-loco-abreu-firma-por-su-vigesimo-octavo-club-a-los-42-anos\/","name":"El \u00abLoco\u00bb Abreu firma por su vig\u00e9simo octavo club a los 42 a\u00f1os | Cand\u00e1s 365","description":"R\u00edo de Janeiro, 13 dic (dpa) - Cuarenta y dos a\u00f1os y ahora 28 clubes: el uruguayo Sebasti\u00e1n Abreu sum\u00f3 un nuevo equipo a su ya extensa trayectoria como futbolista al firmar por el Rio Branco Atl\u00e9tico Clube, de la cuarta divisi\u00f3n de Brasil. \"No es locura, hincha alvinegro: 'el Loco' Abreu es el nuevo","inLanguage":"es-ES","isPartOf":{"@id":"https:\/\/candas365.es\/noticias\/#website"},"breadcrumb":{"@id":"https:\/\/candas365.es\/noticias\/el-loco-abreu-firma-por-su-vigesimo-octavo-club-a-los-42-anos\/#breadcrumblist"},"author":{"@id":"https:\/\/candas365.es\/noticias\/author\/admin\/#author"},"creator":{"@id":"https:\/\/candas365.es\/noticias\/author\/admin\/#author"},"image":{"@type":"ImageObject","url":"https:\/\/candas365.es\/noticias\/wp-content\/uploads\/2018\/06\/football-1406106_960_720-1.jpg","@id":"https:\/\/candas365.es\/noticias\/el-loco-abreu-firma-por-su-vigesimo-octavo-club-a-los-42-anos\/#mainImage","width":960,"height":643},"primaryImageOfPage":{"@id":"https:\/\/candas365.es\/noticias\/el-loco-abreu-firma-por-su-vigesimo-octavo-club-a-los-42-anos\/#mainImage"},"datePublished":"2018-12-13T21:57:20+01:00","dateModified":"2018-12-13T21:57:20+01:00"},{"@type":"WebSite","@id":"https:\/\/candas365.es\/noticias\/#website","url":"https:\/\/candas365.es\/noticias\/","name":"Cand\u00e1s 365","alternateName":"Cand\u00e1s 365 Noticias","description":"Actualidad desde Carre\u00f1o para el mundo","inLanguage":"es-ES","publisher":{"@id":"https:\/\/candas365.es\/noticias\/#organization"}}]},"og:locale":"es_ES","og:site_name":"Cand\u00e1s 365","og:type":"article","og:title":"El \u00abLoco\u00bb Abreu firma por su vig\u00e9simo octavo club a los 42 a\u00f1os | Cand\u00e1s 365","og:description":"R\u00edo de Janeiro, 13 dic (dpa) - Cuarenta y dos a\u00f1os y ahora 28 clubes: el uruguayo Sebasti\u00e1n Abreu sum\u00f3 un nuevo equipo a su ya extensa trayectoria como futbolista al firmar por el Rio Branco Atl\u00e9tico Clube, de la cuarta divisi\u00f3n de Brasil. &quot;No es locura, hincha alvinegro: 'el Loco' Abreu es el nuevo","og:url":"https:\/\/candas365.es\/noticias\/el-loco-abreu-firma-por-su-vigesimo-octavo-club-a-los-42-anos\/","og:image":"https:\/\/candas365.es\/noticias\/wp-content\/uploads\/2018\/06\/football-1406106_960_720-1.jpg","og:image:secure_url":"https:\/\/candas365.es\/noticias\/wp-content\/uploads\/2018\/06\/football-1406106_960_720-1.jpg","og:image:width":960,"og:image:height":643,"article:published_time":"2018-12-13T21:57:20+00:00","article:modified_time":"2018-12-13T21:57:20+00:00","article:publisher":"https:\/\/www.facebook.com\/Nachofdezber","article:author":"https:\/\/www.facebook.com\/carrenoactualidad","twitter:card":"summary_large_image","twitter:site":"@NabercoDigital","twitter:title":"El \u00abLoco\u00bb Abreu firma por su vig\u00e9simo octavo club a los 42 a\u00f1os | Cand\u00e1s 365","twitter:description":"R\u00edo de Janeiro, 13 dic (dpa) - Cuarenta y dos a\u00f1os y ahora 28 clubes: el uruguayo Sebasti\u00e1n Abreu sum\u00f3 un nuevo equipo a su ya extensa trayectoria como futbolista al firmar por el Rio Branco Atl\u00e9tico Clube, de la cuarta divisi\u00f3n de Brasil. &quot;No es locura, hincha alvinegro: 'el Loco' Abreu es el nuevo","twitter:creator":"@nbasturias","twitter:image":"https:\/\/candas365.es\/noticias\/wp-content\/uploads\/2018\/06\/football-1406106_960_720-1.jpg","twitter:label1":"Escrito por","twitter:data1":"Cand\u00e1s 365","twitter:label2":"Tiempo de lectura estimado","twitter:data2":"2 minutos"},"aioseo_meta_data":{"post_id":"111990","title":null,"description":null,"keywords":null,"keyphrases":null,"primary_term":null,"canonical_url":null,"og_title":null,"og_description":null,"og_object_type":"default","og_image_type":"default","og_image_url":null,"og_image_width":null,"og_image_height":null,"og_image_custom_url":null,"og_image_custom_fields":null,"og_video":null,"og_custom_url":null,"og_article_section":null,"og_article_tags":null,"twitter_use_og":false,"twitter_card":"default","twitter_image_type":"default","twitter_image_url":null,"twitter_image_custom_url":null,"twitter_image_custom_fields":null,"twitter_title":null,"twitter_description":null,"schema":{"blockGraphs":[],"customGraphs":[],"default":{"data":{"Article":[],"Course":[],"Dataset":[],"FAQPage":[],"Movie":[],"Person":[],"Product":[],"ProductReview":[],"Car":[],"Recipe":[],"Service":[],"SoftwareApplication":[],"WebPage":[]},"graphName":"","isEnabled":true},"graphs":[],"defaultGraph":"","defaultPostTypeGraph":""},"schema_type":null,"schema_type_options":null,"pillar_content":false,"robots_default":true,"robots_noindex":false,"robots_noarchive":false,"robots_nosnippet":false,"robots_nofollow":false,"robots_noimageindex":false,"robots_noodp":false,"robots_notranslate":false,"robots_max_snippet":null,"robots_max_videopreview":null,"robots_max_imagepreview":"large","priority":null,"frequency":null,"location":null,"local_seo":null,"seo_analyzer_scan_date":"2025-08-28 17:04:23","breadcrumb_settings":null,"limit_modified_date":false,"reviewed_by":null,"open_ai":null,"ai":null,"created":"2020-12-21 11:36:56","updated":"2025-08-28 17:04:23"},"aioseo_breadcrumb":"<div class=\"aioseo-breadcrumbs\"><span class=\"aioseo-breadcrumb\">\n\t<a href=\"https:\/\/candas365.es\/noticias\" title=\"Home\">Home<\/a>\n<\/span><span class=\"aioseo-breadcrumb-separator\">&ndash;<\/span><span class=\"aioseo-breadcrumb\">\n\t<a href=\"https:\/\/candas365.es\/noticias\/category\/deporte\/\" title=\"Deporte\">Deporte<\/a>\n<\/span><span class=\"aioseo-breadcrumb-separator\">&ndash;<\/span><span class=\"aioseo-breadcrumb\">\n\tEl \u00abLoco\u00bb Abreu firma por su vig\u00e9simo octavo club a los 42 a\u00f1os\n<\/span><\/div>","aioseo_breadcrumb_json":[{"label":"Home","link":"https:\/\/candas365.es\/noticias"},{"label":"Deporte","link":"https:\/\/candas365.es\/noticias\/category\/deporte\/"},{"label":"El \u00abLoco\u00bb Abreu firma por su vig\u00e9simo octavo club a los 42 a\u00f1os","link":"https:\/\/candas365.es\/noticias\/el-loco-abreu-firma-por-su-vigesimo-octavo-club-a-los-42-anos\/"}],"_links":{"self":[{"href":"https:\/\/candas365.es\/noticias\/wp-json\/wp\/v2\/posts\/111990","targetHints":{"allow":["GET"]}}],"collection":[{"href":"https:\/\/candas365.es\/noticias\/wp-json\/wp\/v2\/posts"}],"about":[{"href":"https:\/\/candas365.es\/noticias\/wp-json\/wp\/v2\/types\/post"}],"author":[{"embeddable":true,"href":"https:\/\/candas365.es\/noticias\/wp-json\/wp\/v2\/users\/1"}],"replies":[{"embeddable":true,"href":"https:\/\/candas365.es\/noticias\/wp-json\/wp\/v2\/comments?post=111990"}],"version-history":[{"count":0,"href":"https:\/\/candas365.es\/noticias\/wp-json\/wp\/v2\/posts\/111990\/revisions"}],"wp:featuredmedia":[{"embeddable":true,"href":"https:\/\/candas365.es\/noticias\/wp-json\/wp\/v2\/media\/98026"}],"wp:attachment":[{"href":"https:\/\/candas365.es\/noticias\/wp-json\/wp\/v2\/media?parent=111990"}],"wp:term":[{"taxonomy":"category","embeddable":true,"href":"https:\/\/candas365.es\/noticias\/wp-json\/wp\/v2\/categories?post=111990"},{"taxonomy":"post_tag","embeddable":true,"href":"https:\/\/candas365.es\/noticias\/wp-json\/wp\/v2\/tags?post=111990"}],"curies":[{"name":"wp","href":"https:\/\/api.w.org\/{rel}","templated":true}]}}