{"id":111829,"date":"2018-12-11T21:00:49","date_gmt":"2018-12-11T21:00:49","guid":{"rendered":"http:\/\/candas365.es\/noticias\/?p=111829"},"modified":"2018-12-11T21:00:49","modified_gmt":"2018-12-11T21:00:49","slug":"record-de-electricidad-verde-producida-por-las-renovables-en-alemania","status":"publish","type":"post","link":"https:\/\/candas365.es\/noticias\/record-de-electricidad-verde-producida-por-las-renovables-en-alemania\/","title":{"rendered":"R\u00e9cord de electricidad verde producida por las renovables en Alemania"},"content":{"rendered":"<p><img fetchpriority=\"high\" decoding=\"async\" class=\"alignleft size-medium wp-image-111830\" src=\"https:\/\/candas365.es\/noticias\/wp-content\/uploads\/2018\/12\/energy-2181904_960_720-360x240.jpg\" alt=\"\" width=\"360\" height=\"240\" srcset=\"https:\/\/candas365.es\/noticias\/wp-content\/uploads\/2018\/12\/energy-2181904_960_720-360x240.jpg 360w, https:\/\/candas365.es\/noticias\/wp-content\/uploads\/2018\/12\/energy-2181904_960_720-768x512.jpg 768w, https:\/\/candas365.es\/noticias\/wp-content\/uploads\/2018\/12\/energy-2181904_960_720-655x437.jpg 655w, https:\/\/candas365.es\/noticias\/wp-content\/uploads\/2018\/12\/energy-2181904_960_720-696x464.jpg 696w, https:\/\/candas365.es\/noticias\/wp-content\/uploads\/2018\/12\/energy-2181904_960_720-630x420.jpg 630w, https:\/\/candas365.es\/noticias\/wp-content\/uploads\/2018\/12\/energy-2181904_960_720.jpg 960w\" sizes=\"(max-width: 360px) 100vw, 360px\" \/>M\u00fanich, 11 dic (dpa) &#8211; La producci\u00f3n de electricidad verde en Alemania generada por los parques e\u00f3licos, las plantas solares y otras fuentes de energ\u00eda renovables ha superado ya esta semana el nivel de todo el a\u00f1o pasado, seg\u00fan cifras publicadas hoy por la empresa energ\u00e9tica Eon.<\/p>\n<p>\u00abHasta finales de a\u00f1o, esperamos m\u00e1s de 200.000 millones de kilovatios hora de electricidad generada y traspasada a la red a partir de energ\u00edas renovables. Esto supone unos 5.000 millones m\u00e1s que en 2017 y la cifra m\u00e1s alta conseguida nunca antes\u00bb, dijo Victoria Ossadnik, directora ejecutiva de Eon Alemania.<\/p>\n<p>Enero fue el mes con la mayor generaci\u00f3n de electricidad verde con alrededor de 20.000 millones de kilovatios hora. La energ\u00eda e\u00f3lica terrestre y mar\u00edtima representa casi tres cuartas partes de esta cifra debido a las fuertes r\u00e1fagas de viento registradas ese mes.<\/p>\n<p>A lo largo del a\u00f1o, la energ\u00eda e\u00f3lica represent\u00f3 alrededor de la mitad de la generaci\u00f3n de electricidad ecol\u00f3gica. Gracias al clima soleado este a\u00f1o, los sistemas fotovoltaicos fueron significativamente m\u00e1s rentables que el a\u00f1o anterior, especialmente de abril a septiembre. Con m\u00e1s de 6.000 millones de kilovatios hora, en julio incluso superaron a las turbinas e\u00f3licas como la forma m\u00e1s fuerte de generaci\u00f3n entre las renovables.<\/p>\n","protected":false},"excerpt":{"rendered":"<p>M\u00fanich, 11 dic (dpa) &#8211; La producci\u00f3n de electricidad verde en Alemania generada por los parques e\u00f3licos, las plantas solares y otras fuentes de energ\u00eda renovables ha superado ya esta semana el nivel de todo el a\u00f1o pasado, seg\u00fan cifras publicadas hoy por la empresa energ\u00e9tica Eon. \u00abHasta finales de a\u00f1o, esperamos m\u00e1s de 200.000<\/p>\n","protected":false},"author":1,"featured_media":111830,"comment_status":"closed","ping_status":"closed","sticky":false,"template":"","format":"standard","meta":{"footnotes":""},"categories":[343],"tags":[],"class_list":{"0":"post-111829","1":"post","2":"type-post","3":"status-publish","4":"format-standard","5":"has-post-thumbnail","7":"category-actualidad"},"aioseo_notices":[],"aioseo_head":"\n\t\t<!-- All in One SEO Pro 4.9.6.2 - aioseo.com -->\n\t<meta name=\"description\" content=\"M\u00fanich, 11 dic (dpa) - La producci\u00f3n de electricidad verde en Alemania generada por los parques e\u00f3licos, las plantas solares y otras fuentes de energ\u00eda renovables ha superado ya esta semana el nivel de todo el a\u00f1o pasado, seg\u00fan cifras publicadas hoy por la empresa energ\u00e9tica Eon. &quot;Hasta finales de a\u00f1o, esperamos m\u00e1s de 200.000\" \/>\n\t<meta name=\"robots\" content=\"max-image-preview:large\" \/>\n\t<meta name=\"author\" content=\"Cand\u00e1s 365\"\/>\n\t<meta name=\"google-site-verification\" content=\"UA-32230408-1\" \/>\n\t<meta name=\"msvalidate.01\" content=\"354F3CDFB2DA171B47FBE9ABF1F88D5\" \/>\n\t<meta name=\"keywords\" content=\"actualidad\" \/>\n\t<link rel=\"canonical\" href=\"https:\/\/candas365.es\/noticias\/record-de-electricidad-verde-producida-por-las-renovables-en-alemania\/\" \/>\n\t<meta name=\"generator\" content=\"All in One SEO Pro (AIOSEO) 4.9.6.2\" \/>\n\t\t<meta property=\"og:locale\" content=\"es_ES\" \/>\n\t\t<meta property=\"og:site_name\" content=\"Cand\u00e1s 365\" \/>\n\t\t<meta property=\"og:type\" content=\"article\" \/>\n\t\t<meta property=\"og:title\" content=\"R\u00e9cord de electricidad verde producida por las renovables en Alemania | Cand\u00e1s 365\" \/>\n\t\t<meta property=\"og:description\" content=\"M\u00fanich, 11 dic (dpa) - La producci\u00f3n de electricidad verde en Alemania generada por los parques e\u00f3licos, las plantas solares y otras fuentes de energ\u00eda renovables ha superado ya esta semana el nivel de todo el a\u00f1o pasado, seg\u00fan cifras publicadas hoy por la empresa energ\u00e9tica Eon. &quot;Hasta finales de a\u00f1o, esperamos m\u00e1s de 200.000\" \/>\n\t\t<meta property=\"og:url\" content=\"https:\/\/candas365.es\/noticias\/record-de-electricidad-verde-producida-por-las-renovables-en-alemania\/\" \/>\n\t\t<meta property=\"og:image\" content=\"https:\/\/candas365.es\/noticias\/wp-content\/uploads\/2018\/12\/energy-2181904_960_720.jpg\" \/>\n\t\t<meta property=\"og:image:secure_url\" content=\"https:\/\/candas365.es\/noticias\/wp-content\/uploads\/2018\/12\/energy-2181904_960_720.jpg\" \/>\n\t\t<meta property=\"og:image:width\" content=\"960\" \/>\n\t\t<meta property=\"og:image:height\" content=\"640\" \/>\n\t\t<meta property=\"article:published_time\" content=\"2018-12-11T21:00:49+00:00\" \/>\n\t\t<meta property=\"article:modified_time\" content=\"2018-12-11T21:00:49+00:00\" \/>\n\t\t<meta property=\"article:publisher\" content=\"https:\/\/www.facebook.com\/Nachofdezber\" \/>\n\t\t<meta property=\"article:author\" content=\"https:\/\/www.facebook.com\/carrenoactualidad\" \/>\n\t\t<meta name=\"twitter:card\" content=\"summary_large_image\" \/>\n\t\t<meta name=\"twitter:site\" content=\"@NabercoDigital\" \/>\n\t\t<meta name=\"twitter:title\" content=\"R\u00e9cord de electricidad verde producida por las renovables en Alemania | Cand\u00e1s 365\" \/>\n\t\t<meta name=\"twitter:description\" content=\"M\u00fanich, 11 dic (dpa) - La producci\u00f3n de electricidad verde en Alemania generada por los parques e\u00f3licos, las plantas solares y otras fuentes de energ\u00eda renovables ha superado ya esta semana el nivel de todo el a\u00f1o pasado, seg\u00fan cifras publicadas hoy por la empresa energ\u00e9tica Eon. &quot;Hasta finales de a\u00f1o, esperamos m\u00e1s de 200.000\" \/>\n\t\t<meta name=\"twitter:creator\" content=\"@nbasturias\" \/>\n\t\t<meta name=\"twitter:image\" content=\"https:\/\/candas365.es\/noticias\/wp-content\/uploads\/2018\/12\/energy-2181904_960_720.jpg\" \/>\n\t\t<meta name=\"twitter:label1\" content=\"Escrito por\" \/>\n\t\t<meta name=\"twitter:data1\" content=\"Cand\u00e1s 365\" \/>\n\t\t<meta name=\"twitter:label2\" content=\"Tiempo de lectura estimado\" \/>\n\t\t<meta name=\"twitter:data2\" content=\"1 minuto\" \/>\n\t\t<script type=\"application\/ld+json\" class=\"aioseo-schema\">\n\t\t\t{\"@context\":\"https:\\\/\\\/schema.org\",\"@graph\":[{\"@type\":\"BreadcrumbList\",\"@id\":\"https:\\\/\\\/candas365.es\\\/noticias\\\/record-de-electricidad-verde-producida-por-las-renovables-en-alemania\\\/#breadcrumblist\",\"itemListElement\":[{\"@type\":\"ListItem\",\"@id\":\"https:\\\/\\\/candas365.es\\\/noticias#listItem\",\"position\":1,\"name\":\"Home\",\"item\":\"https:\\\/\\\/candas365.es\\\/noticias\",\"nextItem\":{\"@type\":\"ListItem\",\"@id\":\"https:\\\/\\\/candas365.es\\\/noticias\\\/category\\\/actualidad\\\/#listItem\",\"name\":\"Actualidad\"}},{\"@type\":\"ListItem\",\"@id\":\"https:\\\/\\\/candas365.es\\\/noticias\\\/category\\\/actualidad\\\/#listItem\",\"position\":2,\"name\":\"Actualidad\",\"item\":\"https:\\\/\\\/candas365.es\\\/noticias\\\/category\\\/actualidad\\\/\",\"nextItem\":{\"@type\":\"ListItem\",\"@id\":\"https:\\\/\\\/candas365.es\\\/noticias\\\/record-de-electricidad-verde-producida-por-las-renovables-en-alemania\\\/#listItem\",\"name\":\"R\\u00e9cord de electricidad verde producida por las renovables en Alemania\"},\"previousItem\":{\"@type\":\"ListItem\",\"@id\":\"https:\\\/\\\/candas365.es\\\/noticias#listItem\",\"name\":\"Home\"}},{\"@type\":\"ListItem\",\"@id\":\"https:\\\/\\\/candas365.es\\\/noticias\\\/record-de-electricidad-verde-producida-por-las-renovables-en-alemania\\\/#listItem\",\"position\":3,\"name\":\"R\\u00e9cord de electricidad verde producida por las renovables en Alemania\",\"previousItem\":{\"@type\":\"ListItem\",\"@id\":\"https:\\\/\\\/candas365.es\\\/noticias\\\/category\\\/actualidad\\\/#listItem\",\"name\":\"Actualidad\"}}]},{\"@type\":\"NewsArticle\",\"@id\":\"https:\\\/\\\/candas365.es\\\/noticias\\\/record-de-electricidad-verde-producida-por-las-renovables-en-alemania\\\/#newsarticle\",\"name\":\"R\\u00e9cord de electricidad verde producida por las renovables en Alemania | Cand\\u00e1s 365\",\"headline\":\"R\\u00e9cord de electricidad verde producida por las renovables en Alemania\",\"author\":{\"@id\":\"https:\\\/\\\/candas365.es\\\/noticias\\\/author\\\/admin\\\/#author\"},\"publisher\":{\"@id\":\"https:\\\/\\\/candas365.es\\\/noticias\\\/#organization\"},\"image\":{\"@type\":\"ImageObject\",\"url\":\"https:\\\/\\\/candas365.es\\\/noticias\\\/wp-content\\\/uploads\\\/2018\\\/12\\\/energy-2181904_960_720.jpg\",\"width\":960,\"height\":640},\"datePublished\":\"2018-12-11T21:00:49+01:00\",\"dateModified\":\"2018-12-11T21:00:49+01:00\",\"inLanguage\":\"es-ES\",\"mainEntityOfPage\":{\"@id\":\"https:\\\/\\\/candas365.es\\\/noticias\\\/record-de-electricidad-verde-producida-por-las-renovables-en-alemania\\\/#webpage\"},\"isPartOf\":{\"@id\":\"https:\\\/\\\/candas365.es\\\/noticias\\\/record-de-electricidad-verde-producida-por-las-renovables-en-alemania\\\/#webpage\"},\"articleSection\":\"Actualidad\",\"dateline\":\"Publicado el diciembre 11, 2018.\"},{\"@type\":\"Organization\",\"@id\":\"https:\\\/\\\/candas365.es\\\/noticias\\\/#organization\",\"name\":\"Cand\\u00e1s 365\",\"description\":\"Cand\\u00e1s 365 es un diario digital independiente, fundado en 2012, con base en Asturias. Informamos con rigor sobre actualidad, sociedad, cultura y ocio, con una mirada local y global.\",\"url\":\"https:\\\/\\\/candas365.es\\\/noticias\\\/\",\"email\":\"info@candas365.es\",\"telephone\":\"+34652131393\",\"foundingDate\":\"2012-06-10\",\"logo\":{\"@type\":\"ImageObject\",\"url\":\"https:\\\/\\\/candas365.es\\\/noticias\\\/wp-content\\\/uploads\\\/2024\\\/09\\\/Candas-365-Redes.jpg\",\"@id\":\"https:\\\/\\\/candas365.es\\\/noticias\\\/record-de-electricidad-verde-producida-por-las-renovables-en-alemania\\\/#organizationLogo\",\"width\":1152,\"height\":864,\"caption\":\"Cand\\u00e1s 365 Redes\"},\"image\":{\"@id\":\"https:\\\/\\\/candas365.es\\\/noticias\\\/record-de-electricidad-verde-producida-por-las-renovables-en-alemania\\\/#organizationLogo\"},\"sameAs\":[\"https:\\\/\\\/www.facebook.com\\\/Nachofdezber\",\"https:\\\/\\\/x.com\\\/NabercoDigital\",\"https:\\\/\\\/www.instagram.com\\\/nachofdezber\\\/\",\"https:\\\/\\\/www.youtube.com\\\/channel\\\/UCZP-2wLEB9Rv6erhFmqVnvg\"],\"address\":{\"@id\":\"https:\\\/\\\/candas365.es\\\/noticias\\\/#postaladdress\",\"@type\":\"PostalAddress\",\"streetAddress\":\"san antonio 4, san antonio 4\",\"postalCode\":\"33430\",\"addressLocality\":\"Cand\\u00e1s\",\"addressRegion\":\"Asturias\",\"addressCountry\":\"ES\"}},{\"@type\":\"Person\",\"@id\":\"https:\\\/\\\/candas365.es\\\/noticias\\\/author\\\/admin\\\/#author\",\"url\":\"https:\\\/\\\/candas365.es\\\/noticias\\\/author\\\/admin\\\/\",\"name\":\"Cand\\u00e1s 365\",\"image\":{\"@type\":\"ImageObject\",\"@id\":\"https:\\\/\\\/candas365.es\\\/noticias\\\/record-de-electricidad-verde-producida-por-las-renovables-en-alemania\\\/#authorImage\",\"url\":\"https:\\\/\\\/secure.gravatar.com\\\/avatar\\\/496a8e03d0c493ede1718b7934145dbdf8d89be1036b0eec9544e1094c9de390?s=96&d=mm&r=g\",\"width\":96,\"height\":96,\"caption\":\"Cand\\u00e1s 365\"},\"sameAs\":[\"https:\\\/\\\/www.facebook.com\\\/carrenoactualidad\",\"https:\\\/\\\/twitter.com\\\/nbasturias\",\"https:\\\/\\\/www.instagram.com\\\/nachofdezber\\\/\",\"https:\\\/\\\/www.youtube.com\\\/channel\\\/UCZP-2wLEB9Rv6erhFmqVnvg\"]},{\"@type\":\"WebPage\",\"@id\":\"https:\\\/\\\/candas365.es\\\/noticias\\\/record-de-electricidad-verde-producida-por-las-renovables-en-alemania\\\/#webpage\",\"url\":\"https:\\\/\\\/candas365.es\\\/noticias\\\/record-de-electricidad-verde-producida-por-las-renovables-en-alemania\\\/\",\"name\":\"R\\u00e9cord de electricidad verde producida por las renovables en Alemania | Cand\\u00e1s 365\",\"description\":\"M\\u00fanich, 11 dic (dpa) - La producci\\u00f3n de electricidad verde en Alemania generada por los parques e\\u00f3licos, las plantas solares y otras fuentes de energ\\u00eda renovables ha superado ya esta semana el nivel de todo el a\\u00f1o pasado, seg\\u00fan cifras publicadas hoy por la empresa energ\\u00e9tica Eon. \\\"Hasta finales de a\\u00f1o, esperamos m\\u00e1s de 200.000\",\"inLanguage\":\"es-ES\",\"isPartOf\":{\"@id\":\"https:\\\/\\\/candas365.es\\\/noticias\\\/#website\"},\"breadcrumb\":{\"@id\":\"https:\\\/\\\/candas365.es\\\/noticias\\\/record-de-electricidad-verde-producida-por-las-renovables-en-alemania\\\/#breadcrumblist\"},\"author\":{\"@id\":\"https:\\\/\\\/candas365.es\\\/noticias\\\/author\\\/admin\\\/#author\"},\"creator\":{\"@id\":\"https:\\\/\\\/candas365.es\\\/noticias\\\/author\\\/admin\\\/#author\"},\"image\":{\"@type\":\"ImageObject\",\"url\":\"https:\\\/\\\/candas365.es\\\/noticias\\\/wp-content\\\/uploads\\\/2018\\\/12\\\/energy-2181904_960_720.jpg\",\"@id\":\"https:\\\/\\\/candas365.es\\\/noticias\\\/record-de-electricidad-verde-producida-por-las-renovables-en-alemania\\\/#mainImage\",\"width\":960,\"height\":640},\"primaryImageOfPage\":{\"@id\":\"https:\\\/\\\/candas365.es\\\/noticias\\\/record-de-electricidad-verde-producida-por-las-renovables-en-alemania\\\/#mainImage\"},\"datePublished\":\"2018-12-11T21:00:49+01:00\",\"dateModified\":\"2018-12-11T21:00:49+01:00\"},{\"@type\":\"WebSite\",\"@id\":\"https:\\\/\\\/candas365.es\\\/noticias\\\/#website\",\"url\":\"https:\\\/\\\/candas365.es\\\/noticias\\\/\",\"name\":\"Cand\\u00e1s 365\",\"alternateName\":\"Cand\\u00e1s 365 Noticias\",\"description\":\"Actualidad desde Carre\\u00f1o para el mundo\",\"inLanguage\":\"es-ES\",\"publisher\":{\"@id\":\"https:\\\/\\\/candas365.es\\\/noticias\\\/#organization\"}}]}\n\t\t<\/script>\n\t\t<!-- All in One SEO Pro -->\r\n\t\t<title>R\u00e9cord de electricidad verde producida por las renovables en Alemania | Cand\u00e1s 365<\/title>\n\n","aioseo_head_json":{"title":"R\u00e9cord de electricidad verde producida por las renovables en Alemania | Cand\u00e1s 365","description":"M\u00fanich, 11 dic (dpa) - La producci\u00f3n de electricidad verde en Alemania generada por los parques e\u00f3licos, las plantas solares y otras fuentes de energ\u00eda renovables ha superado ya esta semana el nivel de todo el a\u00f1o pasado, seg\u00fan cifras publicadas hoy por la empresa energ\u00e9tica Eon. \"Hasta finales de a\u00f1o, esperamos m\u00e1s de 200.000","canonical_url":"https:\/\/candas365.es\/noticias\/record-de-electricidad-verde-producida-por-las-renovables-en-alemania\/","robots":"max-image-preview:large","keywords":"actualidad","webmasterTools":{"google-site-verification":"UA-32230408-1","msvalidate.01":"354F3CDFB2DA171B47FBE9ABF1F88D5","miscellaneous":""},"schema":{"@context":"https:\/\/schema.org","@graph":[{"@type":"BreadcrumbList","@id":"https:\/\/candas365.es\/noticias\/record-de-electricidad-verde-producida-por-las-renovables-en-alemania\/#breadcrumblist","itemListElement":[{"@type":"ListItem","@id":"https:\/\/candas365.es\/noticias#listItem","position":1,"name":"Home","item":"https:\/\/candas365.es\/noticias","nextItem":{"@type":"ListItem","@id":"https:\/\/candas365.es\/noticias\/category\/actualidad\/#listItem","name":"Actualidad"}},{"@type":"ListItem","@id":"https:\/\/candas365.es\/noticias\/category\/actualidad\/#listItem","position":2,"name":"Actualidad","item":"https:\/\/candas365.es\/noticias\/category\/actualidad\/","nextItem":{"@type":"ListItem","@id":"https:\/\/candas365.es\/noticias\/record-de-electricidad-verde-producida-por-las-renovables-en-alemania\/#listItem","name":"R\u00e9cord de electricidad verde producida por las renovables en Alemania"},"previousItem":{"@type":"ListItem","@id":"https:\/\/candas365.es\/noticias#listItem","name":"Home"}},{"@type":"ListItem","@id":"https:\/\/candas365.es\/noticias\/record-de-electricidad-verde-producida-por-las-renovables-en-alemania\/#listItem","position":3,"name":"R\u00e9cord de electricidad verde producida por las renovables en Alemania","previousItem":{"@type":"ListItem","@id":"https:\/\/candas365.es\/noticias\/category\/actualidad\/#listItem","name":"Actualidad"}}]},{"@type":"NewsArticle","@id":"https:\/\/candas365.es\/noticias\/record-de-electricidad-verde-producida-por-las-renovables-en-alemania\/#newsarticle","name":"R\u00e9cord de electricidad verde producida por las renovables en Alemania | Cand\u00e1s 365","headline":"R\u00e9cord de electricidad verde producida por las renovables en Alemania","author":{"@id":"https:\/\/candas365.es\/noticias\/author\/admin\/#author"},"publisher":{"@id":"https:\/\/candas365.es\/noticias\/#organization"},"image":{"@type":"ImageObject","url":"https:\/\/candas365.es\/noticias\/wp-content\/uploads\/2018\/12\/energy-2181904_960_720.jpg","width":960,"height":640},"datePublished":"2018-12-11T21:00:49+01:00","dateModified":"2018-12-11T21:00:49+01:00","inLanguage":"es-ES","mainEntityOfPage":{"@id":"https:\/\/candas365.es\/noticias\/record-de-electricidad-verde-producida-por-las-renovables-en-alemania\/#webpage"},"isPartOf":{"@id":"https:\/\/candas365.es\/noticias\/record-de-electricidad-verde-producida-por-las-renovables-en-alemania\/#webpage"},"articleSection":"Actualidad","dateline":"Publicado el diciembre 11, 2018."},{"@type":"Organization","@id":"https:\/\/candas365.es\/noticias\/#organization","name":"Cand\u00e1s 365","description":"Cand\u00e1s 365 es un diario digital independiente, fundado en 2012, con base en Asturias. Informamos con rigor sobre actualidad, sociedad, cultura y ocio, con una mirada local y global.","url":"https:\/\/candas365.es\/noticias\/","email":"info@candas365.es","telephone":"+34652131393","foundingDate":"2012-06-10","logo":{"@type":"ImageObject","url":"https:\/\/candas365.es\/noticias\/wp-content\/uploads\/2024\/09\/Candas-365-Redes.jpg","@id":"https:\/\/candas365.es\/noticias\/record-de-electricidad-verde-producida-por-las-renovables-en-alemania\/#organizationLogo","width":1152,"height":864,"caption":"Cand\u00e1s 365 Redes"},"image":{"@id":"https:\/\/candas365.es\/noticias\/record-de-electricidad-verde-producida-por-las-renovables-en-alemania\/#organizationLogo"},"sameAs":["https:\/\/www.facebook.com\/Nachofdezber","https:\/\/x.com\/NabercoDigital","https:\/\/www.instagram.com\/nachofdezber\/","https:\/\/www.youtube.com\/channel\/UCZP-2wLEB9Rv6erhFmqVnvg"],"address":{"@id":"https:\/\/candas365.es\/noticias\/#postaladdress","@type":"PostalAddress","streetAddress":"san antonio 4, san antonio 4","postalCode":"33430","addressLocality":"Cand\u00e1s","addressRegion":"Asturias","addressCountry":"ES"}},{"@type":"Person","@id":"https:\/\/candas365.es\/noticias\/author\/admin\/#author","url":"https:\/\/candas365.es\/noticias\/author\/admin\/","name":"Cand\u00e1s 365","image":{"@type":"ImageObject","@id":"https:\/\/candas365.es\/noticias\/record-de-electricidad-verde-producida-por-las-renovables-en-alemania\/#authorImage","url":"https:\/\/secure.gravatar.com\/avatar\/496a8e03d0c493ede1718b7934145dbdf8d89be1036b0eec9544e1094c9de390?s=96&d=mm&r=g","width":96,"height":96,"caption":"Cand\u00e1s 365"},"sameAs":["https:\/\/www.facebook.com\/carrenoactualidad","https:\/\/twitter.com\/nbasturias","https:\/\/www.instagram.com\/nachofdezber\/","https:\/\/www.youtube.com\/channel\/UCZP-2wLEB9Rv6erhFmqVnvg"]},{"@type":"WebPage","@id":"https:\/\/candas365.es\/noticias\/record-de-electricidad-verde-producida-por-las-renovables-en-alemania\/#webpage","url":"https:\/\/candas365.es\/noticias\/record-de-electricidad-verde-producida-por-las-renovables-en-alemania\/","name":"R\u00e9cord de electricidad verde producida por las renovables en Alemania | Cand\u00e1s 365","description":"M\u00fanich, 11 dic (dpa) - La producci\u00f3n de electricidad verde en Alemania generada por los parques e\u00f3licos, las plantas solares y otras fuentes de energ\u00eda renovables ha superado ya esta semana el nivel de todo el a\u00f1o pasado, seg\u00fan cifras publicadas hoy por la empresa energ\u00e9tica Eon. \"Hasta finales de a\u00f1o, esperamos m\u00e1s de 200.000","inLanguage":"es-ES","isPartOf":{"@id":"https:\/\/candas365.es\/noticias\/#website"},"breadcrumb":{"@id":"https:\/\/candas365.es\/noticias\/record-de-electricidad-verde-producida-por-las-renovables-en-alemania\/#breadcrumblist"},"author":{"@id":"https:\/\/candas365.es\/noticias\/author\/admin\/#author"},"creator":{"@id":"https:\/\/candas365.es\/noticias\/author\/admin\/#author"},"image":{"@type":"ImageObject","url":"https:\/\/candas365.es\/noticias\/wp-content\/uploads\/2018\/12\/energy-2181904_960_720.jpg","@id":"https:\/\/candas365.es\/noticias\/record-de-electricidad-verde-producida-por-las-renovables-en-alemania\/#mainImage","width":960,"height":640},"primaryImageOfPage":{"@id":"https:\/\/candas365.es\/noticias\/record-de-electricidad-verde-producida-por-las-renovables-en-alemania\/#mainImage"},"datePublished":"2018-12-11T21:00:49+01:00","dateModified":"2018-12-11T21:00:49+01:00"},{"@type":"WebSite","@id":"https:\/\/candas365.es\/noticias\/#website","url":"https:\/\/candas365.es\/noticias\/","name":"Cand\u00e1s 365","alternateName":"Cand\u00e1s 365 Noticias","description":"Actualidad desde Carre\u00f1o para el mundo","inLanguage":"es-ES","publisher":{"@id":"https:\/\/candas365.es\/noticias\/#organization"}}]},"og:locale":"es_ES","og:site_name":"Cand\u00e1s 365","og:type":"article","og:title":"R\u00e9cord de electricidad verde producida por las renovables en Alemania | Cand\u00e1s 365","og:description":"M\u00fanich, 11 dic (dpa) - La producci\u00f3n de electricidad verde en Alemania generada por los parques e\u00f3licos, las plantas solares y otras fuentes de energ\u00eda renovables ha superado ya esta semana el nivel de todo el a\u00f1o pasado, seg\u00fan cifras publicadas hoy por la empresa energ\u00e9tica Eon. &quot;Hasta finales de a\u00f1o, esperamos m\u00e1s de 200.000","og:url":"https:\/\/candas365.es\/noticias\/record-de-electricidad-verde-producida-por-las-renovables-en-alemania\/","og:image":"https:\/\/candas365.es\/noticias\/wp-content\/uploads\/2018\/12\/energy-2181904_960_720.jpg","og:image:secure_url":"https:\/\/candas365.es\/noticias\/wp-content\/uploads\/2018\/12\/energy-2181904_960_720.jpg","og:image:width":960,"og:image:height":640,"article:published_time":"2018-12-11T21:00:49+00:00","article:modified_time":"2018-12-11T21:00:49+00:00","article:publisher":"https:\/\/www.facebook.com\/Nachofdezber","article:author":"https:\/\/www.facebook.com\/carrenoactualidad","twitter:card":"summary_large_image","twitter:site":"@NabercoDigital","twitter:title":"R\u00e9cord de electricidad verde producida por las renovables en Alemania | Cand\u00e1s 365","twitter:description":"M\u00fanich, 11 dic (dpa) - La producci\u00f3n de electricidad verde en Alemania generada por los parques e\u00f3licos, las plantas solares y otras fuentes de energ\u00eda renovables ha superado ya esta semana el nivel de todo el a\u00f1o pasado, seg\u00fan cifras publicadas hoy por la empresa energ\u00e9tica Eon. &quot;Hasta finales de a\u00f1o, esperamos m\u00e1s de 200.000","twitter:creator":"@nbasturias","twitter:image":"https:\/\/candas365.es\/noticias\/wp-content\/uploads\/2018\/12\/energy-2181904_960_720.jpg","twitter:label1":"Escrito por","twitter:data1":"Cand\u00e1s 365","twitter:label2":"Tiempo de lectura estimado","twitter:data2":"1 minuto"},"aioseo_meta_data":{"post_id":"111829","title":null,"description":null,"keywords":null,"keyphrases":null,"primary_term":null,"canonical_url":null,"og_title":null,"og_description":null,"og_object_type":"default","og_image_type":"default","og_image_url":null,"og_image_width":null,"og_image_height":null,"og_image_custom_url":null,"og_image_custom_fields":null,"og_video":null,"og_custom_url":null,"og_article_section":null,"og_article_tags":null,"twitter_use_og":false,"twitter_card":"default","twitter_image_type":"default","twitter_image_url":null,"twitter_image_custom_url":null,"twitter_image_custom_fields":null,"twitter_title":null,"twitter_description":null,"schema":{"blockGraphs":[],"customGraphs":[],"default":{"data":{"Article":[],"Course":[],"Dataset":[],"FAQPage":[],"Movie":[],"Person":[],"Product":[],"ProductReview":[],"Car":[],"Recipe":[],"Service":[],"SoftwareApplication":[],"WebPage":[]},"graphName":"","isEnabled":true},"graphs":[],"defaultGraph":"","defaultPostTypeGraph":""},"schema_type":null,"schema_type_options":null,"pillar_content":false,"robots_default":true,"robots_noindex":false,"robots_noarchive":false,"robots_nosnippet":false,"robots_nofollow":false,"robots_noimageindex":false,"robots_noodp":false,"robots_notranslate":false,"robots_max_snippet":null,"robots_max_videopreview":null,"robots_max_imagepreview":"large","priority":null,"frequency":null,"location":null,"local_seo":null,"seo_analyzer_scan_date":"2025-08-28 16:35:28","breadcrumb_settings":null,"limit_modified_date":false,"reviewed_by":null,"open_ai":null,"ai":null,"created":"2020-12-21 11:36:56","updated":"2025-08-28 16:35:28"},"aioseo_breadcrumb":"<div class=\"aioseo-breadcrumbs\"><span class=\"aioseo-breadcrumb\">\n\t<a href=\"https:\/\/candas365.es\/noticias\" title=\"Home\">Home<\/a>\n<\/span><span class=\"aioseo-breadcrumb-separator\">&ndash;<\/span><span class=\"aioseo-breadcrumb\">\n\t<a href=\"https:\/\/candas365.es\/noticias\/category\/actualidad\/\" title=\"Actualidad\">Actualidad<\/a>\n<\/span><span class=\"aioseo-breadcrumb-separator\">&ndash;<\/span><span class=\"aioseo-breadcrumb\">\n\tR\u00e9cord de electricidad verde producida por las renovables en Alemania\n<\/span><\/div>","aioseo_breadcrumb_json":[{"label":"Home","link":"https:\/\/candas365.es\/noticias"},{"label":"Actualidad","link":"https:\/\/candas365.es\/noticias\/category\/actualidad\/"},{"label":"R\u00e9cord de electricidad verde producida por las renovables en Alemania","link":"https:\/\/candas365.es\/noticias\/record-de-electricidad-verde-producida-por-las-renovables-en-alemania\/"}],"_links":{"self":[{"href":"https:\/\/candas365.es\/noticias\/wp-json\/wp\/v2\/posts\/111829","targetHints":{"allow":["GET"]}}],"collection":[{"href":"https:\/\/candas365.es\/noticias\/wp-json\/wp\/v2\/posts"}],"about":[{"href":"https:\/\/candas365.es\/noticias\/wp-json\/wp\/v2\/types\/post"}],"author":[{"embeddable":true,"href":"https:\/\/candas365.es\/noticias\/wp-json\/wp\/v2\/users\/1"}],"replies":[{"embeddable":true,"href":"https:\/\/candas365.es\/noticias\/wp-json\/wp\/v2\/comments?post=111829"}],"version-history":[{"count":0,"href":"https:\/\/candas365.es\/noticias\/wp-json\/wp\/v2\/posts\/111829\/revisions"}],"wp:featuredmedia":[{"embeddable":true,"href":"https:\/\/candas365.es\/noticias\/wp-json\/wp\/v2\/media\/111830"}],"wp:attachment":[{"href":"https:\/\/candas365.es\/noticias\/wp-json\/wp\/v2\/media?parent=111829"}],"wp:term":[{"taxonomy":"category","embeddable":true,"href":"https:\/\/candas365.es\/noticias\/wp-json\/wp\/v2\/categories?post=111829"},{"taxonomy":"post_tag","embeddable":true,"href":"https:\/\/candas365.es\/noticias\/wp-json\/wp\/v2\/tags?post=111829"}],"curies":[{"name":"wp","href":"https:\/\/api.w.org\/{rel}","templated":true}]}}