{"id":111594,"date":"2018-12-08T20:40:33","date_gmt":"2018-12-08T20:40:33","guid":{"rendered":"http:\/\/candas365.es\/noticias\/?p=111594"},"modified":"2018-12-08T20:40:33","modified_gmt":"2018-12-08T20:40:33","slug":"heiko-maas-critica-el-rechazo-al-pacto-de-migracion-de-la-onu","status":"publish","type":"post","link":"https:\/\/candas365.es\/noticias\/heiko-maas-critica-el-rechazo-al-pacto-de-migracion-de-la-onu\/","title":{"rendered":"Heiko Maas critica el rechazo al pacto de migraci\u00f3n de la ONU"},"content":{"rendered":"<p><img fetchpriority=\"high\" decoding=\"async\" class=\"alignleft size-medium wp-image-82330\" src=\"https:\/\/candas365.es\/noticias\/wp-content\/uploads\/2017\/10\/151116Banderas-360x239.jpg\" alt=\"\" width=\"360\" height=\"239\" srcset=\"https:\/\/candas365.es\/noticias\/wp-content\/uploads\/2017\/10\/151116Banderas-360x239.jpg 360w, https:\/\/candas365.es\/noticias\/wp-content\/uploads\/2017\/10\/151116Banderas-84x55.jpg 84w, https:\/\/candas365.es\/noticias\/wp-content\/uploads\/2017\/10\/151116Banderas.jpg 496w\" sizes=\"(max-width: 360px) 100vw, 360px\" \/>Berl\u00edn, 8 dic (dpa) &#8211; El ministro de Exteriores alem\u00e1n, Heiko Maas, critic\u00f3 a los Estados que rechazan el pacto de migraci\u00f3n de las Naciones Unidas, en unas declaraciones que publica hoy la revista germana \u00abDer Spiegel\u00bb.<\/p>\n<p>La decisi\u00f3n es, en efecto, el derecho soberano de cada pa\u00eds, reconoci\u00f3. Sin embargo, todo rechazo es \u00abagua para los molinos de los que llevan a cabo campa\u00f1as de desinformaci\u00f3n maliciosas contra el pacto\u00bb, alert\u00f3. Por primera vez, se ofrece \u00abun marco internacional para gestionar, organizar y regular activamente la migraci\u00f3n\u00bb, afirm\u00f3.<\/p>\n<p>En varios pa\u00edses, los partidos de derecha se han movilizado contra el \u00abPacto mundial por una migraci\u00f3n segura, ordenada y regular\u00bb. El acuerdo internacional, que no es jur\u00eddicamente vinculante sino pol\u00edticamente vinculante, tiene por objeto ayudar a organizar mejor la migraci\u00f3n y proteger a los trabajadores migrantes de la explotaci\u00f3n.<\/p>\n<p>El Pacto ha sido negociado por todos los miembros de las Naciones Unidas, con excepci\u00f3n de Estados Unidos. Sin embargo, Austria, Hungr\u00eda, la Rep\u00fablica Checa, Polonia, Australia, Israel y otros pa\u00edses decidieron salirse del acuerdo posteriormente. El pacto se adoptar\u00e1 el lunes en Marrakech. La canciller alemana, Angela Merkel, tambi\u00e9n viajar\u00e1 all\u00ed.<\/p>\n","protected":false},"excerpt":{"rendered":"<p>Berl\u00edn, 8 dic (dpa) &#8211; El ministro de Exteriores alem\u00e1n, Heiko Maas, critic\u00f3 a los Estados que rechazan el pacto de migraci\u00f3n de las Naciones Unidas, en unas declaraciones que publica hoy la revista germana \u00abDer Spiegel\u00bb. La decisi\u00f3n es, en efecto, el derecho soberano de cada pa\u00eds, reconoci\u00f3. Sin embargo, todo rechazo es \u00abagua<\/p>\n","protected":false},"author":1,"featured_media":82330,"comment_status":"closed","ping_status":"closed","sticky":false,"template":"","format":"standard","meta":{"footnotes":""},"categories":[343],"tags":[],"class_list":{"0":"post-111594","1":"post","2":"type-post","3":"status-publish","4":"format-standard","5":"has-post-thumbnail","7":"category-actualidad"},"aioseo_notices":[],"aioseo_head":"\n\t\t<!-- All in One SEO Pro 4.9.6.2 - aioseo.com -->\n\t<meta name=\"description\" content=\"Berl\u00edn, 8 dic (dpa) - El ministro de Exteriores alem\u00e1n, Heiko Maas, critic\u00f3 a los Estados que rechazan el pacto de migraci\u00f3n de las Naciones Unidas, en unas declaraciones que publica hoy la revista germana &quot;Der Spiegel&quot;. La decisi\u00f3n es, en efecto, el derecho soberano de cada pa\u00eds, reconoci\u00f3. Sin embargo, todo rechazo es &quot;agua\" \/>\n\t<meta name=\"robots\" content=\"max-image-preview:large\" \/>\n\t<meta name=\"author\" content=\"Cand\u00e1s 365\"\/>\n\t<meta name=\"google-site-verification\" content=\"UA-32230408-1\" \/>\n\t<meta name=\"msvalidate.01\" content=\"354F3CDFB2DA171B47FBE9ABF1F88D5\" \/>\n\t<meta name=\"keywords\" content=\"actualidad\" \/>\n\t<link rel=\"canonical\" href=\"https:\/\/candas365.es\/noticias\/heiko-maas-critica-el-rechazo-al-pacto-de-migracion-de-la-onu\/\" \/>\n\t<meta name=\"generator\" content=\"All in One SEO Pro (AIOSEO) 4.9.6.2\" \/>\n\t\t<meta property=\"og:locale\" content=\"es_ES\" \/>\n\t\t<meta property=\"og:site_name\" content=\"Cand\u00e1s 365\" \/>\n\t\t<meta property=\"og:type\" content=\"article\" \/>\n\t\t<meta property=\"og:title\" content=\"Heiko Maas critica el rechazo al pacto de migraci\u00f3n de la ONU | Cand\u00e1s 365\" \/>\n\t\t<meta property=\"og:description\" content=\"Berl\u00edn, 8 dic (dpa) - El ministro de Exteriores alem\u00e1n, Heiko Maas, critic\u00f3 a los Estados que rechazan el pacto de migraci\u00f3n de las Naciones Unidas, en unas declaraciones que publica hoy la revista germana &quot;Der Spiegel&quot;. La decisi\u00f3n es, en efecto, el derecho soberano de cada pa\u00eds, reconoci\u00f3. Sin embargo, todo rechazo es &quot;agua\" \/>\n\t\t<meta property=\"og:url\" content=\"https:\/\/candas365.es\/noticias\/heiko-maas-critica-el-rechazo-al-pacto-de-migracion-de-la-onu\/\" \/>\n\t\t<meta property=\"og:image\" content=\"https:\/\/candas365.es\/noticias\/wp-content\/uploads\/2017\/10\/151116Banderas.jpg\" \/>\n\t\t<meta property=\"og:image:secure_url\" content=\"https:\/\/candas365.es\/noticias\/wp-content\/uploads\/2017\/10\/151116Banderas.jpg\" \/>\n\t\t<meta property=\"og:image:width\" content=\"496\" \/>\n\t\t<meta property=\"og:image:height\" content=\"329\" \/>\n\t\t<meta property=\"article:published_time\" content=\"2018-12-08T20:40:33+00:00\" \/>\n\t\t<meta property=\"article:modified_time\" content=\"2018-12-08T20:40:33+00:00\" \/>\n\t\t<meta property=\"article:publisher\" content=\"https:\/\/www.facebook.com\/Nachofdezber\" \/>\n\t\t<meta property=\"article:author\" content=\"https:\/\/www.facebook.com\/carrenoactualidad\" \/>\n\t\t<meta name=\"twitter:card\" content=\"summary_large_image\" \/>\n\t\t<meta name=\"twitter:site\" content=\"@NabercoDigital\" \/>\n\t\t<meta name=\"twitter:title\" content=\"Heiko Maas critica el rechazo al pacto de migraci\u00f3n de la ONU | Cand\u00e1s 365\" \/>\n\t\t<meta name=\"twitter:description\" content=\"Berl\u00edn, 8 dic (dpa) - El ministro de Exteriores alem\u00e1n, Heiko Maas, critic\u00f3 a los Estados que rechazan el pacto de migraci\u00f3n de las Naciones Unidas, en unas declaraciones que publica hoy la revista germana &quot;Der Spiegel&quot;. La decisi\u00f3n es, en efecto, el derecho soberano de cada pa\u00eds, reconoci\u00f3. Sin embargo, todo rechazo es &quot;agua\" \/>\n\t\t<meta name=\"twitter:creator\" content=\"@nbasturias\" \/>\n\t\t<meta name=\"twitter:image\" content=\"https:\/\/candas365.es\/noticias\/wp-content\/uploads\/2017\/10\/151116Banderas.jpg\" \/>\n\t\t<meta name=\"twitter:label1\" content=\"Escrito por\" \/>\n\t\t<meta name=\"twitter:data1\" content=\"Cand\u00e1s 365\" \/>\n\t\t<meta name=\"twitter:label2\" content=\"Tiempo de lectura estimado\" \/>\n\t\t<meta name=\"twitter:data2\" content=\"1 minuto\" \/>\n\t\t<script type=\"application\/ld+json\" class=\"aioseo-schema\">\n\t\t\t{\"@context\":\"https:\\\/\\\/schema.org\",\"@graph\":[{\"@type\":\"BreadcrumbList\",\"@id\":\"https:\\\/\\\/candas365.es\\\/noticias\\\/heiko-maas-critica-el-rechazo-al-pacto-de-migracion-de-la-onu\\\/#breadcrumblist\",\"itemListElement\":[{\"@type\":\"ListItem\",\"@id\":\"https:\\\/\\\/candas365.es\\\/noticias#listItem\",\"position\":1,\"name\":\"Home\",\"item\":\"https:\\\/\\\/candas365.es\\\/noticias\",\"nextItem\":{\"@type\":\"ListItem\",\"@id\":\"https:\\\/\\\/candas365.es\\\/noticias\\\/category\\\/actualidad\\\/#listItem\",\"name\":\"Actualidad\"}},{\"@type\":\"ListItem\",\"@id\":\"https:\\\/\\\/candas365.es\\\/noticias\\\/category\\\/actualidad\\\/#listItem\",\"position\":2,\"name\":\"Actualidad\",\"item\":\"https:\\\/\\\/candas365.es\\\/noticias\\\/category\\\/actualidad\\\/\",\"nextItem\":{\"@type\":\"ListItem\",\"@id\":\"https:\\\/\\\/candas365.es\\\/noticias\\\/heiko-maas-critica-el-rechazo-al-pacto-de-migracion-de-la-onu\\\/#listItem\",\"name\":\"Heiko Maas critica el rechazo al pacto de migraci\\u00f3n de la ONU\"},\"previousItem\":{\"@type\":\"ListItem\",\"@id\":\"https:\\\/\\\/candas365.es\\\/noticias#listItem\",\"name\":\"Home\"}},{\"@type\":\"ListItem\",\"@id\":\"https:\\\/\\\/candas365.es\\\/noticias\\\/heiko-maas-critica-el-rechazo-al-pacto-de-migracion-de-la-onu\\\/#listItem\",\"position\":3,\"name\":\"Heiko Maas critica el rechazo al pacto de migraci\\u00f3n de la ONU\",\"previousItem\":{\"@type\":\"ListItem\",\"@id\":\"https:\\\/\\\/candas365.es\\\/noticias\\\/category\\\/actualidad\\\/#listItem\",\"name\":\"Actualidad\"}}]},{\"@type\":\"NewsArticle\",\"@id\":\"https:\\\/\\\/candas365.es\\\/noticias\\\/heiko-maas-critica-el-rechazo-al-pacto-de-migracion-de-la-onu\\\/#newsarticle\",\"name\":\"Heiko Maas critica el rechazo al pacto de migraci\\u00f3n de la ONU | Cand\\u00e1s 365\",\"headline\":\"Heiko Maas critica el rechazo al pacto de migraci\\u00f3n de la ONU\",\"author\":{\"@id\":\"https:\\\/\\\/candas365.es\\\/noticias\\\/author\\\/admin\\\/#author\"},\"publisher\":{\"@id\":\"https:\\\/\\\/candas365.es\\\/noticias\\\/#organization\"},\"image\":{\"@type\":\"ImageObject\",\"url\":\"https:\\\/\\\/candas365.es\\\/noticias\\\/wp-content\\\/uploads\\\/2017\\\/10\\\/151116Banderas.jpg\",\"width\":496,\"height\":329},\"datePublished\":\"2018-12-08T20:40:33+01:00\",\"dateModified\":\"2018-12-08T20:40:33+01:00\",\"inLanguage\":\"es-ES\",\"mainEntityOfPage\":{\"@id\":\"https:\\\/\\\/candas365.es\\\/noticias\\\/heiko-maas-critica-el-rechazo-al-pacto-de-migracion-de-la-onu\\\/#webpage\"},\"isPartOf\":{\"@id\":\"https:\\\/\\\/candas365.es\\\/noticias\\\/heiko-maas-critica-el-rechazo-al-pacto-de-migracion-de-la-onu\\\/#webpage\"},\"articleSection\":\"Actualidad\",\"dateline\":\"Publicado el diciembre 8, 2018.\"},{\"@type\":\"Organization\",\"@id\":\"https:\\\/\\\/candas365.es\\\/noticias\\\/#organization\",\"name\":\"Cand\\u00e1s 365\",\"description\":\"Cand\\u00e1s 365 es un diario digital independiente, fundado en 2012, con base en Asturias. Informamos con rigor sobre actualidad, sociedad, cultura y ocio, con una mirada local y global.\",\"url\":\"https:\\\/\\\/candas365.es\\\/noticias\\\/\",\"email\":\"info@candas365.es\",\"telephone\":\"+34652131393\",\"foundingDate\":\"2012-06-10\",\"logo\":{\"@type\":\"ImageObject\",\"url\":\"https:\\\/\\\/candas365.es\\\/noticias\\\/wp-content\\\/uploads\\\/2024\\\/09\\\/Candas-365-Redes.jpg\",\"@id\":\"https:\\\/\\\/candas365.es\\\/noticias\\\/heiko-maas-critica-el-rechazo-al-pacto-de-migracion-de-la-onu\\\/#organizationLogo\",\"width\":1152,\"height\":864,\"caption\":\"Cand\\u00e1s 365 Redes\"},\"image\":{\"@id\":\"https:\\\/\\\/candas365.es\\\/noticias\\\/heiko-maas-critica-el-rechazo-al-pacto-de-migracion-de-la-onu\\\/#organizationLogo\"},\"sameAs\":[\"https:\\\/\\\/www.facebook.com\\\/Nachofdezber\",\"https:\\\/\\\/x.com\\\/NabercoDigital\",\"https:\\\/\\\/www.instagram.com\\\/nachofdezber\\\/\",\"https:\\\/\\\/www.youtube.com\\\/channel\\\/UCZP-2wLEB9Rv6erhFmqVnvg\"],\"address\":{\"@id\":\"https:\\\/\\\/candas365.es\\\/noticias\\\/#postaladdress\",\"@type\":\"PostalAddress\",\"streetAddress\":\"san antonio 4, san antonio 4\",\"postalCode\":\"33430\",\"addressLocality\":\"Cand\\u00e1s\",\"addressRegion\":\"Asturias\",\"addressCountry\":\"ES\"}},{\"@type\":\"Person\",\"@id\":\"https:\\\/\\\/candas365.es\\\/noticias\\\/author\\\/admin\\\/#author\",\"url\":\"https:\\\/\\\/candas365.es\\\/noticias\\\/author\\\/admin\\\/\",\"name\":\"Cand\\u00e1s 365\",\"image\":{\"@type\":\"ImageObject\",\"@id\":\"https:\\\/\\\/candas365.es\\\/noticias\\\/heiko-maas-critica-el-rechazo-al-pacto-de-migracion-de-la-onu\\\/#authorImage\",\"url\":\"https:\\\/\\\/secure.gravatar.com\\\/avatar\\\/496a8e03d0c493ede1718b7934145dbdf8d89be1036b0eec9544e1094c9de390?s=96&d=mm&r=g\",\"width\":96,\"height\":96,\"caption\":\"Cand\\u00e1s 365\"},\"sameAs\":[\"https:\\\/\\\/www.facebook.com\\\/carrenoactualidad\",\"https:\\\/\\\/twitter.com\\\/nbasturias\",\"https:\\\/\\\/www.instagram.com\\\/nachofdezber\\\/\",\"https:\\\/\\\/www.youtube.com\\\/channel\\\/UCZP-2wLEB9Rv6erhFmqVnvg\"]},{\"@type\":\"WebPage\",\"@id\":\"https:\\\/\\\/candas365.es\\\/noticias\\\/heiko-maas-critica-el-rechazo-al-pacto-de-migracion-de-la-onu\\\/#webpage\",\"url\":\"https:\\\/\\\/candas365.es\\\/noticias\\\/heiko-maas-critica-el-rechazo-al-pacto-de-migracion-de-la-onu\\\/\",\"name\":\"Heiko Maas critica el rechazo al pacto de migraci\\u00f3n de la ONU | Cand\\u00e1s 365\",\"description\":\"Berl\\u00edn, 8 dic (dpa) - El ministro de Exteriores alem\\u00e1n, Heiko Maas, critic\\u00f3 a los Estados que rechazan el pacto de migraci\\u00f3n de las Naciones Unidas, en unas declaraciones que publica hoy la revista germana \\\"Der Spiegel\\\". La decisi\\u00f3n es, en efecto, el derecho soberano de cada pa\\u00eds, reconoci\\u00f3. Sin embargo, todo rechazo es \\\"agua\",\"inLanguage\":\"es-ES\",\"isPartOf\":{\"@id\":\"https:\\\/\\\/candas365.es\\\/noticias\\\/#website\"},\"breadcrumb\":{\"@id\":\"https:\\\/\\\/candas365.es\\\/noticias\\\/heiko-maas-critica-el-rechazo-al-pacto-de-migracion-de-la-onu\\\/#breadcrumblist\"},\"author\":{\"@id\":\"https:\\\/\\\/candas365.es\\\/noticias\\\/author\\\/admin\\\/#author\"},\"creator\":{\"@id\":\"https:\\\/\\\/candas365.es\\\/noticias\\\/author\\\/admin\\\/#author\"},\"image\":{\"@type\":\"ImageObject\",\"url\":\"https:\\\/\\\/candas365.es\\\/noticias\\\/wp-content\\\/uploads\\\/2017\\\/10\\\/151116Banderas.jpg\",\"@id\":\"https:\\\/\\\/candas365.es\\\/noticias\\\/heiko-maas-critica-el-rechazo-al-pacto-de-migracion-de-la-onu\\\/#mainImage\",\"width\":496,\"height\":329},\"primaryImageOfPage\":{\"@id\":\"https:\\\/\\\/candas365.es\\\/noticias\\\/heiko-maas-critica-el-rechazo-al-pacto-de-migracion-de-la-onu\\\/#mainImage\"},\"datePublished\":\"2018-12-08T20:40:33+01:00\",\"dateModified\":\"2018-12-08T20:40:33+01:00\"},{\"@type\":\"WebSite\",\"@id\":\"https:\\\/\\\/candas365.es\\\/noticias\\\/#website\",\"url\":\"https:\\\/\\\/candas365.es\\\/noticias\\\/\",\"name\":\"Cand\\u00e1s 365\",\"alternateName\":\"Cand\\u00e1s 365 Noticias\",\"description\":\"Actualidad desde Carre\\u00f1o para el mundo\",\"inLanguage\":\"es-ES\",\"publisher\":{\"@id\":\"https:\\\/\\\/candas365.es\\\/noticias\\\/#organization\"}}]}\n\t\t<\/script>\n\t\t<!-- All in One SEO Pro -->\r\n\t\t<title>Heiko Maas critica el rechazo al pacto de migraci\u00f3n de la ONU | Cand\u00e1s 365<\/title>\n\n","aioseo_head_json":{"title":"Heiko Maas critica el rechazo al pacto de migraci\u00f3n de la ONU | Cand\u00e1s 365","description":"Berl\u00edn, 8 dic (dpa) - El ministro de Exteriores alem\u00e1n, Heiko Maas, critic\u00f3 a los Estados que rechazan el pacto de migraci\u00f3n de las Naciones Unidas, en unas declaraciones que publica hoy la revista germana \"Der Spiegel\". La decisi\u00f3n es, en efecto, el derecho soberano de cada pa\u00eds, reconoci\u00f3. Sin embargo, todo rechazo es \"agua","canonical_url":"https:\/\/candas365.es\/noticias\/heiko-maas-critica-el-rechazo-al-pacto-de-migracion-de-la-onu\/","robots":"max-image-preview:large","keywords":"actualidad","webmasterTools":{"google-site-verification":"UA-32230408-1","msvalidate.01":"354F3CDFB2DA171B47FBE9ABF1F88D5","miscellaneous":""},"schema":{"@context":"https:\/\/schema.org","@graph":[{"@type":"BreadcrumbList","@id":"https:\/\/candas365.es\/noticias\/heiko-maas-critica-el-rechazo-al-pacto-de-migracion-de-la-onu\/#breadcrumblist","itemListElement":[{"@type":"ListItem","@id":"https:\/\/candas365.es\/noticias#listItem","position":1,"name":"Home","item":"https:\/\/candas365.es\/noticias","nextItem":{"@type":"ListItem","@id":"https:\/\/candas365.es\/noticias\/category\/actualidad\/#listItem","name":"Actualidad"}},{"@type":"ListItem","@id":"https:\/\/candas365.es\/noticias\/category\/actualidad\/#listItem","position":2,"name":"Actualidad","item":"https:\/\/candas365.es\/noticias\/category\/actualidad\/","nextItem":{"@type":"ListItem","@id":"https:\/\/candas365.es\/noticias\/heiko-maas-critica-el-rechazo-al-pacto-de-migracion-de-la-onu\/#listItem","name":"Heiko Maas critica el rechazo al pacto de migraci\u00f3n de la ONU"},"previousItem":{"@type":"ListItem","@id":"https:\/\/candas365.es\/noticias#listItem","name":"Home"}},{"@type":"ListItem","@id":"https:\/\/candas365.es\/noticias\/heiko-maas-critica-el-rechazo-al-pacto-de-migracion-de-la-onu\/#listItem","position":3,"name":"Heiko Maas critica el rechazo al pacto de migraci\u00f3n de la ONU","previousItem":{"@type":"ListItem","@id":"https:\/\/candas365.es\/noticias\/category\/actualidad\/#listItem","name":"Actualidad"}}]},{"@type":"NewsArticle","@id":"https:\/\/candas365.es\/noticias\/heiko-maas-critica-el-rechazo-al-pacto-de-migracion-de-la-onu\/#newsarticle","name":"Heiko Maas critica el rechazo al pacto de migraci\u00f3n de la ONU | Cand\u00e1s 365","headline":"Heiko Maas critica el rechazo al pacto de migraci\u00f3n de la ONU","author":{"@id":"https:\/\/candas365.es\/noticias\/author\/admin\/#author"},"publisher":{"@id":"https:\/\/candas365.es\/noticias\/#organization"},"image":{"@type":"ImageObject","url":"https:\/\/candas365.es\/noticias\/wp-content\/uploads\/2017\/10\/151116Banderas.jpg","width":496,"height":329},"datePublished":"2018-12-08T20:40:33+01:00","dateModified":"2018-12-08T20:40:33+01:00","inLanguage":"es-ES","mainEntityOfPage":{"@id":"https:\/\/candas365.es\/noticias\/heiko-maas-critica-el-rechazo-al-pacto-de-migracion-de-la-onu\/#webpage"},"isPartOf":{"@id":"https:\/\/candas365.es\/noticias\/heiko-maas-critica-el-rechazo-al-pacto-de-migracion-de-la-onu\/#webpage"},"articleSection":"Actualidad","dateline":"Publicado el diciembre 8, 2018."},{"@type":"Organization","@id":"https:\/\/candas365.es\/noticias\/#organization","name":"Cand\u00e1s 365","description":"Cand\u00e1s 365 es un diario digital independiente, fundado en 2012, con base en Asturias. Informamos con rigor sobre actualidad, sociedad, cultura y ocio, con una mirada local y global.","url":"https:\/\/candas365.es\/noticias\/","email":"info@candas365.es","telephone":"+34652131393","foundingDate":"2012-06-10","logo":{"@type":"ImageObject","url":"https:\/\/candas365.es\/noticias\/wp-content\/uploads\/2024\/09\/Candas-365-Redes.jpg","@id":"https:\/\/candas365.es\/noticias\/heiko-maas-critica-el-rechazo-al-pacto-de-migracion-de-la-onu\/#organizationLogo","width":1152,"height":864,"caption":"Cand\u00e1s 365 Redes"},"image":{"@id":"https:\/\/candas365.es\/noticias\/heiko-maas-critica-el-rechazo-al-pacto-de-migracion-de-la-onu\/#organizationLogo"},"sameAs":["https:\/\/www.facebook.com\/Nachofdezber","https:\/\/x.com\/NabercoDigital","https:\/\/www.instagram.com\/nachofdezber\/","https:\/\/www.youtube.com\/channel\/UCZP-2wLEB9Rv6erhFmqVnvg"],"address":{"@id":"https:\/\/candas365.es\/noticias\/#postaladdress","@type":"PostalAddress","streetAddress":"san antonio 4, san antonio 4","postalCode":"33430","addressLocality":"Cand\u00e1s","addressRegion":"Asturias","addressCountry":"ES"}},{"@type":"Person","@id":"https:\/\/candas365.es\/noticias\/author\/admin\/#author","url":"https:\/\/candas365.es\/noticias\/author\/admin\/","name":"Cand\u00e1s 365","image":{"@type":"ImageObject","@id":"https:\/\/candas365.es\/noticias\/heiko-maas-critica-el-rechazo-al-pacto-de-migracion-de-la-onu\/#authorImage","url":"https:\/\/secure.gravatar.com\/avatar\/496a8e03d0c493ede1718b7934145dbdf8d89be1036b0eec9544e1094c9de390?s=96&d=mm&r=g","width":96,"height":96,"caption":"Cand\u00e1s 365"},"sameAs":["https:\/\/www.facebook.com\/carrenoactualidad","https:\/\/twitter.com\/nbasturias","https:\/\/www.instagram.com\/nachofdezber\/","https:\/\/www.youtube.com\/channel\/UCZP-2wLEB9Rv6erhFmqVnvg"]},{"@type":"WebPage","@id":"https:\/\/candas365.es\/noticias\/heiko-maas-critica-el-rechazo-al-pacto-de-migracion-de-la-onu\/#webpage","url":"https:\/\/candas365.es\/noticias\/heiko-maas-critica-el-rechazo-al-pacto-de-migracion-de-la-onu\/","name":"Heiko Maas critica el rechazo al pacto de migraci\u00f3n de la ONU | Cand\u00e1s 365","description":"Berl\u00edn, 8 dic (dpa) - El ministro de Exteriores alem\u00e1n, Heiko Maas, critic\u00f3 a los Estados que rechazan el pacto de migraci\u00f3n de las Naciones Unidas, en unas declaraciones que publica hoy la revista germana \"Der Spiegel\". La decisi\u00f3n es, en efecto, el derecho soberano de cada pa\u00eds, reconoci\u00f3. Sin embargo, todo rechazo es \"agua","inLanguage":"es-ES","isPartOf":{"@id":"https:\/\/candas365.es\/noticias\/#website"},"breadcrumb":{"@id":"https:\/\/candas365.es\/noticias\/heiko-maas-critica-el-rechazo-al-pacto-de-migracion-de-la-onu\/#breadcrumblist"},"author":{"@id":"https:\/\/candas365.es\/noticias\/author\/admin\/#author"},"creator":{"@id":"https:\/\/candas365.es\/noticias\/author\/admin\/#author"},"image":{"@type":"ImageObject","url":"https:\/\/candas365.es\/noticias\/wp-content\/uploads\/2017\/10\/151116Banderas.jpg","@id":"https:\/\/candas365.es\/noticias\/heiko-maas-critica-el-rechazo-al-pacto-de-migracion-de-la-onu\/#mainImage","width":496,"height":329},"primaryImageOfPage":{"@id":"https:\/\/candas365.es\/noticias\/heiko-maas-critica-el-rechazo-al-pacto-de-migracion-de-la-onu\/#mainImage"},"datePublished":"2018-12-08T20:40:33+01:00","dateModified":"2018-12-08T20:40:33+01:00"},{"@type":"WebSite","@id":"https:\/\/candas365.es\/noticias\/#website","url":"https:\/\/candas365.es\/noticias\/","name":"Cand\u00e1s 365","alternateName":"Cand\u00e1s 365 Noticias","description":"Actualidad desde Carre\u00f1o para el mundo","inLanguage":"es-ES","publisher":{"@id":"https:\/\/candas365.es\/noticias\/#organization"}}]},"og:locale":"es_ES","og:site_name":"Cand\u00e1s 365","og:type":"article","og:title":"Heiko Maas critica el rechazo al pacto de migraci\u00f3n de la ONU | Cand\u00e1s 365","og:description":"Berl\u00edn, 8 dic (dpa) - El ministro de Exteriores alem\u00e1n, Heiko Maas, critic\u00f3 a los Estados que rechazan el pacto de migraci\u00f3n de las Naciones Unidas, en unas declaraciones que publica hoy la revista germana &quot;Der Spiegel&quot;. La decisi\u00f3n es, en efecto, el derecho soberano de cada pa\u00eds, reconoci\u00f3. Sin embargo, todo rechazo es &quot;agua","og:url":"https:\/\/candas365.es\/noticias\/heiko-maas-critica-el-rechazo-al-pacto-de-migracion-de-la-onu\/","og:image":"https:\/\/candas365.es\/noticias\/wp-content\/uploads\/2017\/10\/151116Banderas.jpg","og:image:secure_url":"https:\/\/candas365.es\/noticias\/wp-content\/uploads\/2017\/10\/151116Banderas.jpg","og:image:width":496,"og:image:height":329,"article:published_time":"2018-12-08T20:40:33+00:00","article:modified_time":"2018-12-08T20:40:33+00:00","article:publisher":"https:\/\/www.facebook.com\/Nachofdezber","article:author":"https:\/\/www.facebook.com\/carrenoactualidad","twitter:card":"summary_large_image","twitter:site":"@NabercoDigital","twitter:title":"Heiko Maas critica el rechazo al pacto de migraci\u00f3n de la ONU | Cand\u00e1s 365","twitter:description":"Berl\u00edn, 8 dic (dpa) - El ministro de Exteriores alem\u00e1n, Heiko Maas, critic\u00f3 a los Estados que rechazan el pacto de migraci\u00f3n de las Naciones Unidas, en unas declaraciones que publica hoy la revista germana &quot;Der Spiegel&quot;. La decisi\u00f3n es, en efecto, el derecho soberano de cada pa\u00eds, reconoci\u00f3. Sin embargo, todo rechazo es &quot;agua","twitter:creator":"@nbasturias","twitter:image":"https:\/\/candas365.es\/noticias\/wp-content\/uploads\/2017\/10\/151116Banderas.jpg","twitter:label1":"Escrito por","twitter:data1":"Cand\u00e1s 365","twitter:label2":"Tiempo de lectura estimado","twitter:data2":"1 minuto"},"aioseo_meta_data":{"post_id":"111594","title":null,"description":null,"keywords":null,"keyphrases":null,"primary_term":null,"canonical_url":null,"og_title":null,"og_description":null,"og_object_type":"default","og_image_type":"default","og_image_url":null,"og_image_width":null,"og_image_height":null,"og_image_custom_url":null,"og_image_custom_fields":null,"og_video":null,"og_custom_url":null,"og_article_section":null,"og_article_tags":null,"twitter_use_og":false,"twitter_card":"default","twitter_image_type":"default","twitter_image_url":null,"twitter_image_custom_url":null,"twitter_image_custom_fields":null,"twitter_title":null,"twitter_description":null,"schema":{"blockGraphs":[],"customGraphs":[],"default":{"data":{"Article":[],"Course":[],"Dataset":[],"FAQPage":[],"Movie":[],"Person":[],"Product":[],"ProductReview":[],"Car":[],"Recipe":[],"Service":[],"SoftwareApplication":[],"WebPage":[]},"graphName":"","isEnabled":true},"graphs":[],"defaultGraph":"","defaultPostTypeGraph":""},"schema_type":null,"schema_type_options":null,"pillar_content":false,"robots_default":true,"robots_noindex":false,"robots_noarchive":false,"robots_nosnippet":false,"robots_nofollow":false,"robots_noimageindex":false,"robots_noodp":false,"robots_notranslate":false,"robots_max_snippet":null,"robots_max_videopreview":null,"robots_max_imagepreview":"large","priority":null,"frequency":null,"location":null,"local_seo":null,"seo_analyzer_scan_date":"2025-08-28 15:55:36","breadcrumb_settings":null,"limit_modified_date":false,"reviewed_by":null,"open_ai":null,"ai":null,"created":"2020-12-21 11:37:42","updated":"2025-08-28 15:55:36"},"aioseo_breadcrumb":"<div class=\"aioseo-breadcrumbs\"><span class=\"aioseo-breadcrumb\">\n\t<a href=\"https:\/\/candas365.es\/noticias\" title=\"Home\">Home<\/a>\n<\/span><span class=\"aioseo-breadcrumb-separator\">&ndash;<\/span><span class=\"aioseo-breadcrumb\">\n\t<a href=\"https:\/\/candas365.es\/noticias\/category\/actualidad\/\" title=\"Actualidad\">Actualidad<\/a>\n<\/span><span class=\"aioseo-breadcrumb-separator\">&ndash;<\/span><span class=\"aioseo-breadcrumb\">\n\tHeiko Maas critica el rechazo al pacto de migraci\u00f3n de la ONU\n<\/span><\/div>","aioseo_breadcrumb_json":[{"label":"Home","link":"https:\/\/candas365.es\/noticias"},{"label":"Actualidad","link":"https:\/\/candas365.es\/noticias\/category\/actualidad\/"},{"label":"Heiko Maas critica el rechazo al pacto de migraci\u00f3n de la ONU","link":"https:\/\/candas365.es\/noticias\/heiko-maas-critica-el-rechazo-al-pacto-de-migracion-de-la-onu\/"}],"_links":{"self":[{"href":"https:\/\/candas365.es\/noticias\/wp-json\/wp\/v2\/posts\/111594","targetHints":{"allow":["GET"]}}],"collection":[{"href":"https:\/\/candas365.es\/noticias\/wp-json\/wp\/v2\/posts"}],"about":[{"href":"https:\/\/candas365.es\/noticias\/wp-json\/wp\/v2\/types\/post"}],"author":[{"embeddable":true,"href":"https:\/\/candas365.es\/noticias\/wp-json\/wp\/v2\/users\/1"}],"replies":[{"embeddable":true,"href":"https:\/\/candas365.es\/noticias\/wp-json\/wp\/v2\/comments?post=111594"}],"version-history":[{"count":0,"href":"https:\/\/candas365.es\/noticias\/wp-json\/wp\/v2\/posts\/111594\/revisions"}],"wp:featuredmedia":[{"embeddable":true,"href":"https:\/\/candas365.es\/noticias\/wp-json\/wp\/v2\/media\/82330"}],"wp:attachment":[{"href":"https:\/\/candas365.es\/noticias\/wp-json\/wp\/v2\/media?parent=111594"}],"wp:term":[{"taxonomy":"category","embeddable":true,"href":"https:\/\/candas365.es\/noticias\/wp-json\/wp\/v2\/categories?post=111594"},{"taxonomy":"post_tag","embeddable":true,"href":"https:\/\/candas365.es\/noticias\/wp-json\/wp\/v2\/tags?post=111594"}],"curies":[{"name":"wp","href":"https:\/\/api.w.org\/{rel}","templated":true}]}}