{"id":111585,"date":"2018-12-08T20:29:25","date_gmt":"2018-12-08T20:29:25","guid":{"rendered":"http:\/\/candas365.es\/noticias\/?p=111585"},"modified":"2018-12-08T20:29:25","modified_gmt":"2018-12-08T20:29:25","slug":"paul-ziemiak-es-elegido-nuevo-secretario-general-de-la-cdu","status":"publish","type":"post","link":"https:\/\/candas365.es\/noticias\/paul-ziemiak-es-elegido-nuevo-secretario-general-de-la-cdu\/","title":{"rendered":"Paul Ziemiak es elegido nuevo secretario general de la CDU"},"content":{"rendered":"<p><img fetchpriority=\"high\" decoding=\"async\" class=\"alignleft size-medium wp-image-98518\" src=\"https:\/\/candas365.es\/noticias\/wp-content\/uploads\/2018\/06\/berlin-76509_960_720-360x270.jpg\" alt=\"\" width=\"360\" height=\"270\" srcset=\"https:\/\/candas365.es\/noticias\/wp-content\/uploads\/2018\/06\/berlin-76509_960_720-360x270.jpg 360w, https:\/\/candas365.es\/noticias\/wp-content\/uploads\/2018\/06\/berlin-76509_960_720-768x576.jpg 768w, https:\/\/candas365.es\/noticias\/wp-content\/uploads\/2018\/06\/berlin-76509_960_720-640x480.jpg 640w, https:\/\/candas365.es\/noticias\/wp-content\/uploads\/2018\/06\/berlin-76509_960_720-80x60.jpg 80w, https:\/\/candas365.es\/noticias\/wp-content\/uploads\/2018\/06\/berlin-76509_960_720-265x198.jpg 265w, https:\/\/candas365.es\/noticias\/wp-content\/uploads\/2018\/06\/berlin-76509_960_720-696x522.jpg 696w, https:\/\/candas365.es\/noticias\/wp-content\/uploads\/2018\/06\/berlin-76509_960_720-560x420.jpg 560w, https:\/\/candas365.es\/noticias\/wp-content\/uploads\/2018\/06\/berlin-76509_960_720.jpg 960w\" sizes=\"(max-width: 360px) 100vw, 360px\" \/>Hamburgo, 8 dic (dpa) &#8211; El jefe de las juventudes de la Uni\u00f3n Cristianodem\u00f3crata (CDU), <strong>Paul Ziemiak,<\/strong> fue elegido hoy como nuevo secretario general del partido a sugerencia de la nueva presidenta de la CDU, <strong>Annegret Kramp-Karrenbauer<\/strong>.<\/p>\n<p>Los aproximadamente 1.000 delegados reunidos en el congreso federal del partido en Hamburgo lo eligieron con el 62,8 por ciento para relevar en el cargo a Kramp-Karrenbauer, que fue elegida el viernes como sucesora de la canciller <strong>Angela Merke<\/strong>l al frente de la CDU. \u00abGracias por este honesto resultado\u00bb, declar\u00f3 el joven de 33 a\u00f1os.<\/p>\n<p>Kramp-Karrenbauer pidi\u00f3 aprovechar el hecho de que el partido tenga la mayor organizaci\u00f3n juvenil y al mismo tiempo, neg\u00f3 que despu\u00e9s de la elecci\u00f3n para suceder a Merkel existan profundas fisuras en la CDU: \u00abNo, el partido no est\u00e1 dividido\u00bb.<\/p>\n<p>El hasta hoy jefe de las Juventudes de la Uni\u00f3n (JU) destac\u00f3 que se trata de renovar el partido, con un rumbo claro y un lenguaje claro. \u00abDebemos ser el partido del Estado de derecho\u00bb, agreg\u00f3. Asimismo, quiere traer de vuelta a los votantes que se han decantado en los \u00faltimos tiempos por el partido populista de ultraderecha Alternativa para Alemania (AfD), \u00abtambi\u00e9n con un claro compromiso con este pa\u00eds\u00bb.<\/p>\n<p>Ziemiak se pronunci\u00f3 a favor de expulsar del pa\u00eds a potenciales terroristas e hizo un llamamiento para evitar caer en un debate entre los muy ricos y los que reciben ayuda social del Estado. \u00abLas familias normales, las que trabajan duro en este pa\u00eds deber\u00edan ser el centro de atenci\u00f3n\u00bb, afirm\u00f3.<\/p>\n<p>Ziemiak, de 33 a\u00f1os de edad, es considerado amigo del ministro de Sanidad alem\u00e1n, Jens Spahn, quien fue derrotado en la carrera por la presidencia de la CDU en la primera ronda. Con esta designaci\u00f3n, Kramp-Karrenbauer puede dirigirse tanto a los j\u00f3venes del partido como a los cr\u00edticos conservadores de la pol\u00edtica de la anterior presidenta, Angela Merkel.<\/p>\n<p>La nueva jefa de la CDU se\u00f1al\u00f3 que nunca ha sucedido que un l\u00edder de la organizaci\u00f3n juvenil se convirtiera en secretario general de la CDU. Con el cambio, Ziemiak tendr\u00e1 que dimitir como jefe de las juventudes.<\/p>\n<p>Merkel, canciller de Alemania desde 2005, decidi\u00f3 a finales de octubre ceder las riendas del partido que ha liderado desde el a\u00f1o 2000 tras los malos resultados obtenidos por su bloque conservador en las \u00faltimas elecciones regionales y la ca\u00edda en picado de los \u00edndices de las encuestas de opini\u00f3n. Sin embargo, planea cumplir su mandato como canciller hasta 2021 dentro del Gobierno de coalici\u00f3n con los socialdem\u00f3cratas.<\/p>\n","protected":false},"excerpt":{"rendered":"<p>Hamburgo, 8 dic (dpa) &#8211; El jefe de las juventudes de la Uni\u00f3n Cristianodem\u00f3crata (CDU), Paul Ziemiak, fue elegido hoy como nuevo secretario general del partido a sugerencia de la nueva presidenta de la CDU, Annegret Kramp-Karrenbauer. Los aproximadamente 1.000 delegados reunidos en el congreso federal del partido en Hamburgo lo eligieron con el 62,8<\/p>\n","protected":false},"author":1,"featured_media":98518,"comment_status":"closed","ping_status":"closed","sticky":false,"template":"","format":"standard","meta":{"footnotes":""},"categories":[343],"tags":[],"class_list":{"0":"post-111585","1":"post","2":"type-post","3":"status-publish","4":"format-standard","5":"has-post-thumbnail","7":"category-actualidad"},"aioseo_notices":[],"aioseo_head":"\n\t\t<!-- All in One SEO Pro 4.9.6.2 - aioseo.com -->\n\t<meta name=\"description\" content=\"Hamburgo, 8 dic (dpa) - El jefe de las juventudes de la Uni\u00f3n Cristianodem\u00f3crata (CDU), Paul Ziemiak, fue elegido hoy como nuevo secretario general del partido a sugerencia de la nueva presidenta de la CDU, Annegret Kramp-Karrenbauer. Los aproximadamente 1.000 delegados reunidos en el congreso federal del partido en Hamburgo lo eligieron con el 62,8\" \/>\n\t<meta name=\"robots\" content=\"max-image-preview:large\" \/>\n\t<meta name=\"author\" content=\"Cand\u00e1s 365\"\/>\n\t<meta name=\"google-site-verification\" content=\"UA-32230408-1\" \/>\n\t<meta name=\"msvalidate.01\" content=\"354F3CDFB2DA171B47FBE9ABF1F88D5\" \/>\n\t<meta name=\"keywords\" content=\"actualidad\" \/>\n\t<link rel=\"canonical\" href=\"https:\/\/candas365.es\/noticias\/paul-ziemiak-es-elegido-nuevo-secretario-general-de-la-cdu\/\" \/>\n\t<meta name=\"generator\" content=\"All in One SEO Pro (AIOSEO) 4.9.6.2\" \/>\n\t\t<meta property=\"og:locale\" content=\"es_ES\" \/>\n\t\t<meta property=\"og:site_name\" content=\"Cand\u00e1s 365\" \/>\n\t\t<meta property=\"og:type\" content=\"article\" \/>\n\t\t<meta property=\"og:title\" content=\"Paul Ziemiak es elegido nuevo secretario general de la CDU | Cand\u00e1s 365\" \/>\n\t\t<meta property=\"og:description\" content=\"Hamburgo, 8 dic (dpa) - El jefe de las juventudes de la Uni\u00f3n Cristianodem\u00f3crata (CDU), Paul Ziemiak, fue elegido hoy como nuevo secretario general del partido a sugerencia de la nueva presidenta de la CDU, Annegret Kramp-Karrenbauer. Los aproximadamente 1.000 delegados reunidos en el congreso federal del partido en Hamburgo lo eligieron con el 62,8\" \/>\n\t\t<meta property=\"og:url\" content=\"https:\/\/candas365.es\/noticias\/paul-ziemiak-es-elegido-nuevo-secretario-general-de-la-cdu\/\" \/>\n\t\t<meta property=\"og:image\" content=\"https:\/\/candas365.es\/noticias\/wp-content\/uploads\/2018\/06\/berlin-76509_960_720.jpg\" \/>\n\t\t<meta property=\"og:image:secure_url\" content=\"https:\/\/candas365.es\/noticias\/wp-content\/uploads\/2018\/06\/berlin-76509_960_720.jpg\" \/>\n\t\t<meta property=\"og:image:width\" content=\"960\" \/>\n\t\t<meta property=\"og:image:height\" content=\"720\" \/>\n\t\t<meta property=\"article:published_time\" content=\"2018-12-08T20:29:25+00:00\" \/>\n\t\t<meta property=\"article:modified_time\" content=\"2018-12-08T20:29:25+00:00\" \/>\n\t\t<meta property=\"article:publisher\" content=\"https:\/\/www.facebook.com\/Nachofdezber\" \/>\n\t\t<meta property=\"article:author\" content=\"https:\/\/www.facebook.com\/carrenoactualidad\" \/>\n\t\t<meta name=\"twitter:card\" content=\"summary_large_image\" \/>\n\t\t<meta name=\"twitter:site\" content=\"@NabercoDigital\" \/>\n\t\t<meta name=\"twitter:title\" content=\"Paul Ziemiak es elegido nuevo secretario general de la CDU | Cand\u00e1s 365\" \/>\n\t\t<meta name=\"twitter:description\" content=\"Hamburgo, 8 dic (dpa) - El jefe de las juventudes de la Uni\u00f3n Cristianodem\u00f3crata (CDU), Paul Ziemiak, fue elegido hoy como nuevo secretario general del partido a sugerencia de la nueva presidenta de la CDU, Annegret Kramp-Karrenbauer. Los aproximadamente 1.000 delegados reunidos en el congreso federal del partido en Hamburgo lo eligieron con el 62,8\" \/>\n\t\t<meta name=\"twitter:creator\" content=\"@nbasturias\" \/>\n\t\t<meta name=\"twitter:image\" content=\"https:\/\/candas365.es\/noticias\/wp-content\/uploads\/2018\/06\/berlin-76509_960_720.jpg\" \/>\n\t\t<meta name=\"twitter:label1\" content=\"Escrito por\" \/>\n\t\t<meta name=\"twitter:data1\" content=\"Cand\u00e1s 365\" \/>\n\t\t<meta name=\"twitter:label2\" content=\"Tiempo de lectura estimado\" \/>\n\t\t<meta name=\"twitter:data2\" content=\"2 minutos\" \/>\n\t\t<script type=\"application\/ld+json\" class=\"aioseo-schema\">\n\t\t\t{\"@context\":\"https:\\\/\\\/schema.org\",\"@graph\":[{\"@type\":\"BreadcrumbList\",\"@id\":\"https:\\\/\\\/candas365.es\\\/noticias\\\/paul-ziemiak-es-elegido-nuevo-secretario-general-de-la-cdu\\\/#breadcrumblist\",\"itemListElement\":[{\"@type\":\"ListItem\",\"@id\":\"https:\\\/\\\/candas365.es\\\/noticias#listItem\",\"position\":1,\"name\":\"Home\",\"item\":\"https:\\\/\\\/candas365.es\\\/noticias\",\"nextItem\":{\"@type\":\"ListItem\",\"@id\":\"https:\\\/\\\/candas365.es\\\/noticias\\\/category\\\/actualidad\\\/#listItem\",\"name\":\"Actualidad\"}},{\"@type\":\"ListItem\",\"@id\":\"https:\\\/\\\/candas365.es\\\/noticias\\\/category\\\/actualidad\\\/#listItem\",\"position\":2,\"name\":\"Actualidad\",\"item\":\"https:\\\/\\\/candas365.es\\\/noticias\\\/category\\\/actualidad\\\/\",\"nextItem\":{\"@type\":\"ListItem\",\"@id\":\"https:\\\/\\\/candas365.es\\\/noticias\\\/paul-ziemiak-es-elegido-nuevo-secretario-general-de-la-cdu\\\/#listItem\",\"name\":\"Paul Ziemiak es elegido nuevo secretario general de la CDU\"},\"previousItem\":{\"@type\":\"ListItem\",\"@id\":\"https:\\\/\\\/candas365.es\\\/noticias#listItem\",\"name\":\"Home\"}},{\"@type\":\"ListItem\",\"@id\":\"https:\\\/\\\/candas365.es\\\/noticias\\\/paul-ziemiak-es-elegido-nuevo-secretario-general-de-la-cdu\\\/#listItem\",\"position\":3,\"name\":\"Paul Ziemiak es elegido nuevo secretario general de la CDU\",\"previousItem\":{\"@type\":\"ListItem\",\"@id\":\"https:\\\/\\\/candas365.es\\\/noticias\\\/category\\\/actualidad\\\/#listItem\",\"name\":\"Actualidad\"}}]},{\"@type\":\"NewsArticle\",\"@id\":\"https:\\\/\\\/candas365.es\\\/noticias\\\/paul-ziemiak-es-elegido-nuevo-secretario-general-de-la-cdu\\\/#newsarticle\",\"name\":\"Paul Ziemiak es elegido nuevo secretario general de la CDU | Cand\\u00e1s 365\",\"headline\":\"Paul Ziemiak es elegido nuevo secretario general de la CDU\",\"author\":{\"@id\":\"https:\\\/\\\/candas365.es\\\/noticias\\\/author\\\/admin\\\/#author\"},\"publisher\":{\"@id\":\"https:\\\/\\\/candas365.es\\\/noticias\\\/#organization\"},\"image\":{\"@type\":\"ImageObject\",\"url\":\"https:\\\/\\\/candas365.es\\\/noticias\\\/wp-content\\\/uploads\\\/2018\\\/06\\\/berlin-76509_960_720.jpg\",\"width\":960,\"height\":720},\"datePublished\":\"2018-12-08T20:29:25+01:00\",\"dateModified\":\"2018-12-08T20:29:25+01:00\",\"inLanguage\":\"es-ES\",\"mainEntityOfPage\":{\"@id\":\"https:\\\/\\\/candas365.es\\\/noticias\\\/paul-ziemiak-es-elegido-nuevo-secretario-general-de-la-cdu\\\/#webpage\"},\"isPartOf\":{\"@id\":\"https:\\\/\\\/candas365.es\\\/noticias\\\/paul-ziemiak-es-elegido-nuevo-secretario-general-de-la-cdu\\\/#webpage\"},\"articleSection\":\"Actualidad\",\"dateline\":\"Publicado el diciembre 8, 2018.\"},{\"@type\":\"Organization\",\"@id\":\"https:\\\/\\\/candas365.es\\\/noticias\\\/#organization\",\"name\":\"Cand\\u00e1s 365\",\"description\":\"Cand\\u00e1s 365 es un diario digital independiente, fundado en 2012, con base en Asturias. Informamos con rigor sobre actualidad, sociedad, cultura y ocio, con una mirada local y global.\",\"url\":\"https:\\\/\\\/candas365.es\\\/noticias\\\/\",\"email\":\"info@candas365.es\",\"telephone\":\"+34652131393\",\"foundingDate\":\"2012-06-10\",\"logo\":{\"@type\":\"ImageObject\",\"url\":\"https:\\\/\\\/candas365.es\\\/noticias\\\/wp-content\\\/uploads\\\/2024\\\/09\\\/Candas-365-Redes.jpg\",\"@id\":\"https:\\\/\\\/candas365.es\\\/noticias\\\/paul-ziemiak-es-elegido-nuevo-secretario-general-de-la-cdu\\\/#organizationLogo\",\"width\":1152,\"height\":864,\"caption\":\"Cand\\u00e1s 365 Redes\"},\"image\":{\"@id\":\"https:\\\/\\\/candas365.es\\\/noticias\\\/paul-ziemiak-es-elegido-nuevo-secretario-general-de-la-cdu\\\/#organizationLogo\"},\"sameAs\":[\"https:\\\/\\\/www.facebook.com\\\/Nachofdezber\",\"https:\\\/\\\/x.com\\\/NabercoDigital\",\"https:\\\/\\\/www.instagram.com\\\/nachofdezber\\\/\",\"https:\\\/\\\/www.youtube.com\\\/channel\\\/UCZP-2wLEB9Rv6erhFmqVnvg\"],\"address\":{\"@id\":\"https:\\\/\\\/candas365.es\\\/noticias\\\/#postaladdress\",\"@type\":\"PostalAddress\",\"streetAddress\":\"san antonio 4, san antonio 4\",\"postalCode\":\"33430\",\"addressLocality\":\"Cand\\u00e1s\",\"addressRegion\":\"Asturias\",\"addressCountry\":\"ES\"}},{\"@type\":\"Person\",\"@id\":\"https:\\\/\\\/candas365.es\\\/noticias\\\/author\\\/admin\\\/#author\",\"url\":\"https:\\\/\\\/candas365.es\\\/noticias\\\/author\\\/admin\\\/\",\"name\":\"Cand\\u00e1s 365\",\"image\":{\"@type\":\"ImageObject\",\"@id\":\"https:\\\/\\\/candas365.es\\\/noticias\\\/paul-ziemiak-es-elegido-nuevo-secretario-general-de-la-cdu\\\/#authorImage\",\"url\":\"https:\\\/\\\/secure.gravatar.com\\\/avatar\\\/496a8e03d0c493ede1718b7934145dbdf8d89be1036b0eec9544e1094c9de390?s=96&d=mm&r=g\",\"width\":96,\"height\":96,\"caption\":\"Cand\\u00e1s 365\"},\"sameAs\":[\"https:\\\/\\\/www.facebook.com\\\/carrenoactualidad\",\"https:\\\/\\\/twitter.com\\\/nbasturias\",\"https:\\\/\\\/www.instagram.com\\\/nachofdezber\\\/\",\"https:\\\/\\\/www.youtube.com\\\/channel\\\/UCZP-2wLEB9Rv6erhFmqVnvg\"]},{\"@type\":\"WebPage\",\"@id\":\"https:\\\/\\\/candas365.es\\\/noticias\\\/paul-ziemiak-es-elegido-nuevo-secretario-general-de-la-cdu\\\/#webpage\",\"url\":\"https:\\\/\\\/candas365.es\\\/noticias\\\/paul-ziemiak-es-elegido-nuevo-secretario-general-de-la-cdu\\\/\",\"name\":\"Paul Ziemiak es elegido nuevo secretario general de la CDU | Cand\\u00e1s 365\",\"description\":\"Hamburgo, 8 dic (dpa) - El jefe de las juventudes de la Uni\\u00f3n Cristianodem\\u00f3crata (CDU), Paul Ziemiak, fue elegido hoy como nuevo secretario general del partido a sugerencia de la nueva presidenta de la CDU, Annegret Kramp-Karrenbauer. Los aproximadamente 1.000 delegados reunidos en el congreso federal del partido en Hamburgo lo eligieron con el 62,8\",\"inLanguage\":\"es-ES\",\"isPartOf\":{\"@id\":\"https:\\\/\\\/candas365.es\\\/noticias\\\/#website\"},\"breadcrumb\":{\"@id\":\"https:\\\/\\\/candas365.es\\\/noticias\\\/paul-ziemiak-es-elegido-nuevo-secretario-general-de-la-cdu\\\/#breadcrumblist\"},\"author\":{\"@id\":\"https:\\\/\\\/candas365.es\\\/noticias\\\/author\\\/admin\\\/#author\"},\"creator\":{\"@id\":\"https:\\\/\\\/candas365.es\\\/noticias\\\/author\\\/admin\\\/#author\"},\"image\":{\"@type\":\"ImageObject\",\"url\":\"https:\\\/\\\/candas365.es\\\/noticias\\\/wp-content\\\/uploads\\\/2018\\\/06\\\/berlin-76509_960_720.jpg\",\"@id\":\"https:\\\/\\\/candas365.es\\\/noticias\\\/paul-ziemiak-es-elegido-nuevo-secretario-general-de-la-cdu\\\/#mainImage\",\"width\":960,\"height\":720},\"primaryImageOfPage\":{\"@id\":\"https:\\\/\\\/candas365.es\\\/noticias\\\/paul-ziemiak-es-elegido-nuevo-secretario-general-de-la-cdu\\\/#mainImage\"},\"datePublished\":\"2018-12-08T20:29:25+01:00\",\"dateModified\":\"2018-12-08T20:29:25+01:00\"},{\"@type\":\"WebSite\",\"@id\":\"https:\\\/\\\/candas365.es\\\/noticias\\\/#website\",\"url\":\"https:\\\/\\\/candas365.es\\\/noticias\\\/\",\"name\":\"Cand\\u00e1s 365\",\"alternateName\":\"Cand\\u00e1s 365 Noticias\",\"description\":\"Actualidad desde Carre\\u00f1o para el mundo\",\"inLanguage\":\"es-ES\",\"publisher\":{\"@id\":\"https:\\\/\\\/candas365.es\\\/noticias\\\/#organization\"}}]}\n\t\t<\/script>\n\t\t<!-- All in One SEO Pro -->\r\n\t\t<title>Paul Ziemiak es elegido nuevo secretario general de la CDU | Cand\u00e1s 365<\/title>\n\n","aioseo_head_json":{"title":"Paul Ziemiak es elegido nuevo secretario general de la CDU | Cand\u00e1s 365","description":"Hamburgo, 8 dic (dpa) - El jefe de las juventudes de la Uni\u00f3n Cristianodem\u00f3crata (CDU), Paul Ziemiak, fue elegido hoy como nuevo secretario general del partido a sugerencia de la nueva presidenta de la CDU, Annegret Kramp-Karrenbauer. Los aproximadamente 1.000 delegados reunidos en el congreso federal del partido en Hamburgo lo eligieron con el 62,8","canonical_url":"https:\/\/candas365.es\/noticias\/paul-ziemiak-es-elegido-nuevo-secretario-general-de-la-cdu\/","robots":"max-image-preview:large","keywords":"actualidad","webmasterTools":{"google-site-verification":"UA-32230408-1","msvalidate.01":"354F3CDFB2DA171B47FBE9ABF1F88D5","miscellaneous":""},"schema":{"@context":"https:\/\/schema.org","@graph":[{"@type":"BreadcrumbList","@id":"https:\/\/candas365.es\/noticias\/paul-ziemiak-es-elegido-nuevo-secretario-general-de-la-cdu\/#breadcrumblist","itemListElement":[{"@type":"ListItem","@id":"https:\/\/candas365.es\/noticias#listItem","position":1,"name":"Home","item":"https:\/\/candas365.es\/noticias","nextItem":{"@type":"ListItem","@id":"https:\/\/candas365.es\/noticias\/category\/actualidad\/#listItem","name":"Actualidad"}},{"@type":"ListItem","@id":"https:\/\/candas365.es\/noticias\/category\/actualidad\/#listItem","position":2,"name":"Actualidad","item":"https:\/\/candas365.es\/noticias\/category\/actualidad\/","nextItem":{"@type":"ListItem","@id":"https:\/\/candas365.es\/noticias\/paul-ziemiak-es-elegido-nuevo-secretario-general-de-la-cdu\/#listItem","name":"Paul Ziemiak es elegido nuevo secretario general de la CDU"},"previousItem":{"@type":"ListItem","@id":"https:\/\/candas365.es\/noticias#listItem","name":"Home"}},{"@type":"ListItem","@id":"https:\/\/candas365.es\/noticias\/paul-ziemiak-es-elegido-nuevo-secretario-general-de-la-cdu\/#listItem","position":3,"name":"Paul Ziemiak es elegido nuevo secretario general de la CDU","previousItem":{"@type":"ListItem","@id":"https:\/\/candas365.es\/noticias\/category\/actualidad\/#listItem","name":"Actualidad"}}]},{"@type":"NewsArticle","@id":"https:\/\/candas365.es\/noticias\/paul-ziemiak-es-elegido-nuevo-secretario-general-de-la-cdu\/#newsarticle","name":"Paul Ziemiak es elegido nuevo secretario general de la CDU | Cand\u00e1s 365","headline":"Paul Ziemiak es elegido nuevo secretario general de la CDU","author":{"@id":"https:\/\/candas365.es\/noticias\/author\/admin\/#author"},"publisher":{"@id":"https:\/\/candas365.es\/noticias\/#organization"},"image":{"@type":"ImageObject","url":"https:\/\/candas365.es\/noticias\/wp-content\/uploads\/2018\/06\/berlin-76509_960_720.jpg","width":960,"height":720},"datePublished":"2018-12-08T20:29:25+01:00","dateModified":"2018-12-08T20:29:25+01:00","inLanguage":"es-ES","mainEntityOfPage":{"@id":"https:\/\/candas365.es\/noticias\/paul-ziemiak-es-elegido-nuevo-secretario-general-de-la-cdu\/#webpage"},"isPartOf":{"@id":"https:\/\/candas365.es\/noticias\/paul-ziemiak-es-elegido-nuevo-secretario-general-de-la-cdu\/#webpage"},"articleSection":"Actualidad","dateline":"Publicado el diciembre 8, 2018."},{"@type":"Organization","@id":"https:\/\/candas365.es\/noticias\/#organization","name":"Cand\u00e1s 365","description":"Cand\u00e1s 365 es un diario digital independiente, fundado en 2012, con base en Asturias. Informamos con rigor sobre actualidad, sociedad, cultura y ocio, con una mirada local y global.","url":"https:\/\/candas365.es\/noticias\/","email":"info@candas365.es","telephone":"+34652131393","foundingDate":"2012-06-10","logo":{"@type":"ImageObject","url":"https:\/\/candas365.es\/noticias\/wp-content\/uploads\/2024\/09\/Candas-365-Redes.jpg","@id":"https:\/\/candas365.es\/noticias\/paul-ziemiak-es-elegido-nuevo-secretario-general-de-la-cdu\/#organizationLogo","width":1152,"height":864,"caption":"Cand\u00e1s 365 Redes"},"image":{"@id":"https:\/\/candas365.es\/noticias\/paul-ziemiak-es-elegido-nuevo-secretario-general-de-la-cdu\/#organizationLogo"},"sameAs":["https:\/\/www.facebook.com\/Nachofdezber","https:\/\/x.com\/NabercoDigital","https:\/\/www.instagram.com\/nachofdezber\/","https:\/\/www.youtube.com\/channel\/UCZP-2wLEB9Rv6erhFmqVnvg"],"address":{"@id":"https:\/\/candas365.es\/noticias\/#postaladdress","@type":"PostalAddress","streetAddress":"san antonio 4, san antonio 4","postalCode":"33430","addressLocality":"Cand\u00e1s","addressRegion":"Asturias","addressCountry":"ES"}},{"@type":"Person","@id":"https:\/\/candas365.es\/noticias\/author\/admin\/#author","url":"https:\/\/candas365.es\/noticias\/author\/admin\/","name":"Cand\u00e1s 365","image":{"@type":"ImageObject","@id":"https:\/\/candas365.es\/noticias\/paul-ziemiak-es-elegido-nuevo-secretario-general-de-la-cdu\/#authorImage","url":"https:\/\/secure.gravatar.com\/avatar\/496a8e03d0c493ede1718b7934145dbdf8d89be1036b0eec9544e1094c9de390?s=96&d=mm&r=g","width":96,"height":96,"caption":"Cand\u00e1s 365"},"sameAs":["https:\/\/www.facebook.com\/carrenoactualidad","https:\/\/twitter.com\/nbasturias","https:\/\/www.instagram.com\/nachofdezber\/","https:\/\/www.youtube.com\/channel\/UCZP-2wLEB9Rv6erhFmqVnvg"]},{"@type":"WebPage","@id":"https:\/\/candas365.es\/noticias\/paul-ziemiak-es-elegido-nuevo-secretario-general-de-la-cdu\/#webpage","url":"https:\/\/candas365.es\/noticias\/paul-ziemiak-es-elegido-nuevo-secretario-general-de-la-cdu\/","name":"Paul Ziemiak es elegido nuevo secretario general de la CDU | Cand\u00e1s 365","description":"Hamburgo, 8 dic (dpa) - El jefe de las juventudes de la Uni\u00f3n Cristianodem\u00f3crata (CDU), Paul Ziemiak, fue elegido hoy como nuevo secretario general del partido a sugerencia de la nueva presidenta de la CDU, Annegret Kramp-Karrenbauer. Los aproximadamente 1.000 delegados reunidos en el congreso federal del partido en Hamburgo lo eligieron con el 62,8","inLanguage":"es-ES","isPartOf":{"@id":"https:\/\/candas365.es\/noticias\/#website"},"breadcrumb":{"@id":"https:\/\/candas365.es\/noticias\/paul-ziemiak-es-elegido-nuevo-secretario-general-de-la-cdu\/#breadcrumblist"},"author":{"@id":"https:\/\/candas365.es\/noticias\/author\/admin\/#author"},"creator":{"@id":"https:\/\/candas365.es\/noticias\/author\/admin\/#author"},"image":{"@type":"ImageObject","url":"https:\/\/candas365.es\/noticias\/wp-content\/uploads\/2018\/06\/berlin-76509_960_720.jpg","@id":"https:\/\/candas365.es\/noticias\/paul-ziemiak-es-elegido-nuevo-secretario-general-de-la-cdu\/#mainImage","width":960,"height":720},"primaryImageOfPage":{"@id":"https:\/\/candas365.es\/noticias\/paul-ziemiak-es-elegido-nuevo-secretario-general-de-la-cdu\/#mainImage"},"datePublished":"2018-12-08T20:29:25+01:00","dateModified":"2018-12-08T20:29:25+01:00"},{"@type":"WebSite","@id":"https:\/\/candas365.es\/noticias\/#website","url":"https:\/\/candas365.es\/noticias\/","name":"Cand\u00e1s 365","alternateName":"Cand\u00e1s 365 Noticias","description":"Actualidad desde Carre\u00f1o para el mundo","inLanguage":"es-ES","publisher":{"@id":"https:\/\/candas365.es\/noticias\/#organization"}}]},"og:locale":"es_ES","og:site_name":"Cand\u00e1s 365","og:type":"article","og:title":"Paul Ziemiak es elegido nuevo secretario general de la CDU | Cand\u00e1s 365","og:description":"Hamburgo, 8 dic (dpa) - El jefe de las juventudes de la Uni\u00f3n Cristianodem\u00f3crata (CDU), Paul Ziemiak, fue elegido hoy como nuevo secretario general del partido a sugerencia de la nueva presidenta de la CDU, Annegret Kramp-Karrenbauer. Los aproximadamente 1.000 delegados reunidos en el congreso federal del partido en Hamburgo lo eligieron con el 62,8","og:url":"https:\/\/candas365.es\/noticias\/paul-ziemiak-es-elegido-nuevo-secretario-general-de-la-cdu\/","og:image":"https:\/\/candas365.es\/noticias\/wp-content\/uploads\/2018\/06\/berlin-76509_960_720.jpg","og:image:secure_url":"https:\/\/candas365.es\/noticias\/wp-content\/uploads\/2018\/06\/berlin-76509_960_720.jpg","og:image:width":960,"og:image:height":720,"article:published_time":"2018-12-08T20:29:25+00:00","article:modified_time":"2018-12-08T20:29:25+00:00","article:publisher":"https:\/\/www.facebook.com\/Nachofdezber","article:author":"https:\/\/www.facebook.com\/carrenoactualidad","twitter:card":"summary_large_image","twitter:site":"@NabercoDigital","twitter:title":"Paul Ziemiak es elegido nuevo secretario general de la CDU | Cand\u00e1s 365","twitter:description":"Hamburgo, 8 dic (dpa) - El jefe de las juventudes de la Uni\u00f3n Cristianodem\u00f3crata (CDU), Paul Ziemiak, fue elegido hoy como nuevo secretario general del partido a sugerencia de la nueva presidenta de la CDU, Annegret Kramp-Karrenbauer. Los aproximadamente 1.000 delegados reunidos en el congreso federal del partido en Hamburgo lo eligieron con el 62,8","twitter:creator":"@nbasturias","twitter:image":"https:\/\/candas365.es\/noticias\/wp-content\/uploads\/2018\/06\/berlin-76509_960_720.jpg","twitter:label1":"Escrito por","twitter:data1":"Cand\u00e1s 365","twitter:label2":"Tiempo de lectura estimado","twitter:data2":"2 minutos"},"aioseo_meta_data":{"post_id":"111585","title":null,"description":null,"keywords":null,"keyphrases":null,"primary_term":null,"canonical_url":null,"og_title":null,"og_description":null,"og_object_type":"default","og_image_type":"default","og_image_url":null,"og_image_width":null,"og_image_height":null,"og_image_custom_url":null,"og_image_custom_fields":null,"og_video":null,"og_custom_url":null,"og_article_section":null,"og_article_tags":null,"twitter_use_og":false,"twitter_card":"default","twitter_image_type":"default","twitter_image_url":null,"twitter_image_custom_url":null,"twitter_image_custom_fields":null,"twitter_title":null,"twitter_description":null,"schema":{"blockGraphs":[],"customGraphs":[],"default":{"data":{"Article":[],"Course":[],"Dataset":[],"FAQPage":[],"Movie":[],"Person":[],"Product":[],"ProductReview":[],"Car":[],"Recipe":[],"Service":[],"SoftwareApplication":[],"WebPage":[]},"graphName":"","isEnabled":true},"graphs":[]},"schema_type":null,"schema_type_options":null,"pillar_content":false,"robots_default":true,"robots_noindex":false,"robots_noarchive":false,"robots_nosnippet":false,"robots_nofollow":false,"robots_noimageindex":false,"robots_noodp":false,"robots_notranslate":false,"robots_max_snippet":null,"robots_max_videopreview":null,"robots_max_imagepreview":"large","priority":null,"frequency":null,"location":null,"local_seo":null,"seo_analyzer_scan_date":"2025-08-28 15:55:22","breadcrumb_settings":null,"limit_modified_date":false,"reviewed_by":null,"open_ai":null,"ai":null,"created":"2020-12-21 11:37:42","updated":"2025-08-28 15:55:22"},"aioseo_breadcrumb":"<div class=\"aioseo-breadcrumbs\"><span class=\"aioseo-breadcrumb\">\n\t<a href=\"https:\/\/candas365.es\/noticias\" title=\"Home\">Home<\/a>\n<\/span><span class=\"aioseo-breadcrumb-separator\">&ndash;<\/span><span class=\"aioseo-breadcrumb\">\n\t<a href=\"https:\/\/candas365.es\/noticias\/category\/actualidad\/\" title=\"Actualidad\">Actualidad<\/a>\n<\/span><span class=\"aioseo-breadcrumb-separator\">&ndash;<\/span><span class=\"aioseo-breadcrumb\">\n\tPaul Ziemiak es elegido nuevo secretario general de la CDU\n<\/span><\/div>","aioseo_breadcrumb_json":[{"label":"Home","link":"https:\/\/candas365.es\/noticias"},{"label":"Actualidad","link":"https:\/\/candas365.es\/noticias\/category\/actualidad\/"},{"label":"Paul Ziemiak es elegido nuevo secretario general de la CDU","link":"https:\/\/candas365.es\/noticias\/paul-ziemiak-es-elegido-nuevo-secretario-general-de-la-cdu\/"}],"_links":{"self":[{"href":"https:\/\/candas365.es\/noticias\/wp-json\/wp\/v2\/posts\/111585","targetHints":{"allow":["GET"]}}],"collection":[{"href":"https:\/\/candas365.es\/noticias\/wp-json\/wp\/v2\/posts"}],"about":[{"href":"https:\/\/candas365.es\/noticias\/wp-json\/wp\/v2\/types\/post"}],"author":[{"embeddable":true,"href":"https:\/\/candas365.es\/noticias\/wp-json\/wp\/v2\/users\/1"}],"replies":[{"embeddable":true,"href":"https:\/\/candas365.es\/noticias\/wp-json\/wp\/v2\/comments?post=111585"}],"version-history":[{"count":0,"href":"https:\/\/candas365.es\/noticias\/wp-json\/wp\/v2\/posts\/111585\/revisions"}],"wp:featuredmedia":[{"embeddable":true,"href":"https:\/\/candas365.es\/noticias\/wp-json\/wp\/v2\/media\/98518"}],"wp:attachment":[{"href":"https:\/\/candas365.es\/noticias\/wp-json\/wp\/v2\/media?parent=111585"}],"wp:term":[{"taxonomy":"category","embeddable":true,"href":"https:\/\/candas365.es\/noticias\/wp-json\/wp\/v2\/categories?post=111585"},{"taxonomy":"post_tag","embeddable":true,"href":"https:\/\/candas365.es\/noticias\/wp-json\/wp\/v2\/tags?post=111585"}],"curies":[{"name":"wp","href":"https:\/\/api.w.org\/{rel}","templated":true}]}}