{"id":111240,"date":"2018-12-03T19:13:57","date_gmt":"2018-12-03T19:13:57","guid":{"rendered":"http:\/\/candas365.es\/noticias\/?p=111240"},"modified":"2018-12-03T19:13:57","modified_gmt":"2018-12-03T19:13:57","slug":"carreno-llevara-a-cabo-mejoras-en-el-polideportivo-municipal-vicente-lopez-carril","status":"publish","type":"post","link":"https:\/\/candas365.es\/noticias\/carreno-llevara-a-cabo-mejoras-en-el-polideportivo-municipal-vicente-lopez-carril\/","title":{"rendered":"Carre\u00f1o llevar\u00e1 a cabo mejoras en el polideportivo municipal Vicente L\u00f3pez Carril"},"content":{"rendered":"<p><img fetchpriority=\"high\" decoding=\"async\" class=\"alignleft size-medium wp-image-111241\" src=\"https:\/\/candas365.es\/noticias\/wp-content\/uploads\/2018\/12\/FOTO-PISTA-ORTOFOTO-360x215.jpg\" alt=\"\" width=\"360\" height=\"215\" srcset=\"https:\/\/candas365.es\/noticias\/wp-content\/uploads\/2018\/12\/FOTO-PISTA-ORTOFOTO-360x215.jpg 360w, https:\/\/candas365.es\/noticias\/wp-content\/uploads\/2018\/12\/FOTO-PISTA-ORTOFOTO-768x459.jpg 768w, https:\/\/candas365.es\/noticias\/wp-content\/uploads\/2018\/12\/FOTO-PISTA-ORTOFOTO-655x392.jpg 655w, https:\/\/candas365.es\/noticias\/wp-content\/uploads\/2018\/12\/FOTO-PISTA-ORTOFOTO-696x416.jpg 696w, https:\/\/candas365.es\/noticias\/wp-content\/uploads\/2018\/12\/FOTO-PISTA-ORTOFOTO-1068x639.jpg 1068w, https:\/\/candas365.es\/noticias\/wp-content\/uploads\/2018\/12\/FOTO-PISTA-ORTOFOTO-702x420.jpg 702w, https:\/\/candas365.es\/noticias\/wp-content\/uploads\/2018\/12\/FOTO-PISTA-ORTOFOTO.jpg 1510w\" sizes=\"(max-width: 360px) 100vw, 360px\" \/>La alcaldesa de Carre\u00f1o, Amelia Fern\u00e1ndez, anunci\u00f3 este lunes mediante un comunicado de prensa que el Ayuntamiento de Carre\u00f1o est\u00e1 en proceso de licitaci\u00f3n para llevar a cabo un conjunto de obras necesarias para la instalaci\u00f3n de pavimento sint\u00e9tico sobre la pista descubierta de atletismo que se encuentra en el complejo polideportivo municipal Vicente L\u00f3pez Carril de Cand\u00e1s.<\/p>\n<p>El comunicado de prensa original expone lo siguiente:<\/p>\n<p>\u201cCon este paso, se cumplen los compromisos adquiridos y se avanza hac\u00eda la materializaci\u00f3n de unas obras que contaron con un elevado apoyo popular en la elaboraci\u00f3n de los presupuestos participativos del presente ejercicio.<\/p>\n<p>Dicha pista consta de un \u00f3valo de 250 m. de cuerda interior, con cuatro calles, y\u00a0\u00a0 una recta de 124 m. de longitud con seis calles. Dispone en la actualidad, en toda su superficie, de un pavimento asf\u00e1ltico inadecuado para la pr\u00e1ctica del atletismo con zapatillas de clavos.<\/p>\n<p>La actuaci\u00f3n proyectada plantea la instalaci\u00f3n sobre la base existente, en las dos calles exteriores del \u00f3valo y en la parte de la recta exterior a \u00e9stas, de un pavimento sint\u00e9tico bicapa proyectado \u201cin situ\u201d que, cumpliendo los requisitos de la IAAF, proporcione un grado de protecci\u00f3n, estabilidad y adherencia que permita la pr\u00e1ctica del atletismo de forma m\u00e1s segura y adecuada. No se act\u00faa por el momento sobre las dos calles interiores del \u00f3valo, que se pretende reservar para el desarrollo de otras actividades deportivas.<\/p>\n<p>Existe adem\u00e1s un pasillo de aproximaci\u00f3n al foso de saltos, de 38 m. de longitud, situado en el interior del \u00f3valo de la pista y que tambi\u00e9n posee pavimento asf\u00e1ltico, al que igualmente se pretende dotar del nuevo pavimento sint\u00e9tico.<\/p>\n<p>La superficie total a pavimentar totaliza 1.403,69 m2.<\/p>\n<p><strong>DESCRIPCI\u00d3N DE LAS OBRAS<\/strong><\/p>\n<p>Sobre la base regular de pavimento asf\u00e1ltico existente, se ejecutar\u00e1 el pavimento sint\u00e9tico bicapa proyectado \u201cin situ\u201d, de 16 mm. de espesor m\u00ednimo. \u00c9ste constar\u00e1 de una primera capa de imprimaci\u00f3n, sobre la que se aplicar\u00e1 la capa base consistente en un granulado de caucho Estireno Butadieno (SBR), de granulometr\u00eda adecuada (1-4 mm.), ligado con resinas de poliuretano mono-componente, extendido mec\u00e1nicamente para conseguir el espesor, compactaci\u00f3n y granulometr\u00eda adecuados mediante extendedora especial dotada de reglas calefactadas y controles de nivel, con un espesor medio de 11 mm., posterior aplicaci\u00f3n de tapa-poros, para finalizar con una capa de resina de color y aplicaci\u00f3n de micro-granulado ce caucho polietileno propileno dieno mon\u00f3mero (EDPM) del mismo color, con carga m\u00ednima de la mezcla de 4,5 kg\/ m2,\u00a0 espesor 2-3 mm. y granulometr\u00eda 1-4 mm.<\/p>\n<p>La realizaci\u00f3n de las labores necesarias para la instalaci\u00f3n de la capa base y para la mezcla de la resina requerir\u00e1 la utilizaci\u00f3n de maquinaria espec\u00edfica.<\/p>\n<p>Una vez concluida la instalaci\u00f3n del pavimento se llevar\u00e1 a cabo su se\u00f1alizaci\u00f3n, previo replanteo de la misma. Para ello se utilizar\u00e1 pintura de esmalte de poliuretano de color blanco.<\/p>\n<p><strong>PRESUPUESTO<\/strong><\/p>\n<p>El Presupuesto Base de Licitaci\u00f3n asciende a la cantidad de SESENTA MIL DOSCIENTOS CUATRO EUROS con NUEVE C\u00c9NTIMOS (60.204,09 \u20ac). El Presupuesto Total (IVA incluido) asciende a la cantidad de SETENTA Y DOS MIL OCHOCIENTOS CUARENTA Y SEIS EUROS con NOVENTA Y CINCO C\u00c9NTIMOS (72.846,95 \u20ac)\u201d, concluye el comunicado de prensa.<\/p>\n<p>Soraya Andreina P\u00e9rez<\/p>\n","protected":false},"excerpt":{"rendered":"<p>La alcaldesa de Carre\u00f1o, Amelia Fern\u00e1ndez, anunci\u00f3 este lunes mediante un comunicado de prensa que el Ayuntamiento de Carre\u00f1o est\u00e1 en proceso de licitaci\u00f3n para llevar a cabo un conjunto de obras necesarias para la instalaci\u00f3n de pavimento sint\u00e9tico sobre la pista descubierta de atletismo que se encuentra en el complejo polideportivo municipal Vicente L\u00f3pez<\/p>\n","protected":false},"author":1,"featured_media":111241,"comment_status":"closed","ping_status":"closed","sticky":false,"template":"","format":"standard","meta":{"footnotes":""},"categories":[2],"tags":[],"class_list":{"0":"post-111240","1":"post","2":"type-post","3":"status-publish","4":"format-standard","5":"has-post-thumbnail","7":"category-noticias-carreno"},"aioseo_notices":[],"aioseo_head":"\n\t\t<!-- All in One SEO Pro 4.9.6.2 - aioseo.com -->\n\t<meta name=\"description\" content=\"La alcaldesa de Carre\u00f1o, Amelia Fern\u00e1ndez, anunci\u00f3 este lunes mediante un comunicado de prensa que el Ayuntamiento de Carre\u00f1o est\u00e1 en proceso de licitaci\u00f3n para llevar a cabo un conjunto de obras necesarias para la instalaci\u00f3n de pavimento sint\u00e9tico sobre la pista descubierta de atletismo que se encuentra en el complejo polideportivo municipal Vicente L\u00f3pez\" \/>\n\t<meta name=\"robots\" content=\"max-image-preview:large\" \/>\n\t<meta name=\"author\" content=\"Cand\u00e1s 365\"\/>\n\t<meta name=\"google-site-verification\" content=\"UA-32230408-1\" \/>\n\t<meta name=\"msvalidate.01\" content=\"354F3CDFB2DA171B47FBE9ABF1F88D5\" \/>\n\t<meta name=\"keywords\" content=\"noticias carre\u00f1o\" \/>\n\t<link rel=\"canonical\" href=\"https:\/\/candas365.es\/noticias\/carreno-llevara-a-cabo-mejoras-en-el-polideportivo-municipal-vicente-lopez-carril\/\" \/>\n\t<meta name=\"generator\" content=\"All in One SEO Pro (AIOSEO) 4.9.6.2\" \/>\n\t\t<meta property=\"og:locale\" content=\"es_ES\" \/>\n\t\t<meta property=\"og:site_name\" content=\"Cand\u00e1s 365\" \/>\n\t\t<meta property=\"og:type\" content=\"article\" \/>\n\t\t<meta property=\"og:title\" content=\"Carre\u00f1o llevar\u00e1 a cabo mejoras en el polideportivo municipal Vicente L\u00f3pez Carril | Cand\u00e1s 365\" \/>\n\t\t<meta property=\"og:description\" content=\"La alcaldesa de Carre\u00f1o, Amelia Fern\u00e1ndez, anunci\u00f3 este lunes mediante un comunicado de prensa que el Ayuntamiento de Carre\u00f1o est\u00e1 en proceso de licitaci\u00f3n para llevar a cabo un conjunto de obras necesarias para la instalaci\u00f3n de pavimento sint\u00e9tico sobre la pista descubierta de atletismo que se encuentra en el complejo polideportivo municipal Vicente L\u00f3pez\" \/>\n\t\t<meta property=\"og:url\" content=\"https:\/\/candas365.es\/noticias\/carreno-llevara-a-cabo-mejoras-en-el-polideportivo-municipal-vicente-lopez-carril\/\" \/>\n\t\t<meta property=\"og:image\" content=\"https:\/\/candas365.es\/noticias\/wp-content\/uploads\/2018\/12\/FOTO-PISTA-ORTOFOTO.jpg\" \/>\n\t\t<meta property=\"og:image:secure_url\" content=\"https:\/\/candas365.es\/noticias\/wp-content\/uploads\/2018\/12\/FOTO-PISTA-ORTOFOTO.jpg\" \/>\n\t\t<meta property=\"og:image:width\" content=\"1510\" \/>\n\t\t<meta property=\"og:image:height\" content=\"903\" \/>\n\t\t<meta property=\"article:published_time\" content=\"2018-12-03T19:13:57+00:00\" \/>\n\t\t<meta property=\"article:modified_time\" content=\"2018-12-03T19:13:57+00:00\" \/>\n\t\t<meta property=\"article:publisher\" content=\"https:\/\/www.facebook.com\/Nachofdezber\" \/>\n\t\t<meta property=\"article:author\" content=\"https:\/\/www.facebook.com\/carrenoactualidad\" \/>\n\t\t<meta name=\"twitter:card\" content=\"summary_large_image\" \/>\n\t\t<meta name=\"twitter:site\" content=\"@NabercoDigital\" \/>\n\t\t<meta name=\"twitter:title\" content=\"Carre\u00f1o llevar\u00e1 a cabo mejoras en el polideportivo municipal Vicente L\u00f3pez Carril | Cand\u00e1s 365\" \/>\n\t\t<meta name=\"twitter:description\" content=\"La alcaldesa de Carre\u00f1o, Amelia Fern\u00e1ndez, anunci\u00f3 este lunes mediante un comunicado de prensa que el Ayuntamiento de Carre\u00f1o est\u00e1 en proceso de licitaci\u00f3n para llevar a cabo un conjunto de obras necesarias para la instalaci\u00f3n de pavimento sint\u00e9tico sobre la pista descubierta de atletismo que se encuentra en el complejo polideportivo municipal Vicente L\u00f3pez\" \/>\n\t\t<meta name=\"twitter:creator\" content=\"@nbasturias\" \/>\n\t\t<meta name=\"twitter:image\" content=\"https:\/\/candas365.es\/noticias\/wp-content\/uploads\/2018\/12\/FOTO-PISTA-ORTOFOTO.jpg\" \/>\n\t\t<meta name=\"twitter:label1\" content=\"Escrito por\" \/>\n\t\t<meta name=\"twitter:data1\" content=\"Cand\u00e1s 365\" \/>\n\t\t<meta name=\"twitter:label2\" content=\"Tiempo de lectura estimado\" \/>\n\t\t<meta name=\"twitter:data2\" content=\"3 minutos\" \/>\n\t\t<script type=\"application\/ld+json\" class=\"aioseo-schema\">\n\t\t\t{\"@context\":\"https:\\\/\\\/schema.org\",\"@graph\":[{\"@type\":\"BreadcrumbList\",\"@id\":\"https:\\\/\\\/candas365.es\\\/noticias\\\/carreno-llevara-a-cabo-mejoras-en-el-polideportivo-municipal-vicente-lopez-carril\\\/#breadcrumblist\",\"itemListElement\":[{\"@type\":\"ListItem\",\"@id\":\"https:\\\/\\\/candas365.es\\\/noticias#listItem\",\"position\":1,\"name\":\"Home\",\"item\":\"https:\\\/\\\/candas365.es\\\/noticias\",\"nextItem\":{\"@type\":\"ListItem\",\"@id\":\"https:\\\/\\\/candas365.es\\\/noticias\\\/category\\\/noticias-carreno\\\/#listItem\",\"name\":\"Noticias Carre\\u00f1o\"}},{\"@type\":\"ListItem\",\"@id\":\"https:\\\/\\\/candas365.es\\\/noticias\\\/category\\\/noticias-carreno\\\/#listItem\",\"position\":2,\"name\":\"Noticias Carre\\u00f1o\",\"item\":\"https:\\\/\\\/candas365.es\\\/noticias\\\/category\\\/noticias-carreno\\\/\",\"nextItem\":{\"@type\":\"ListItem\",\"@id\":\"https:\\\/\\\/candas365.es\\\/noticias\\\/carreno-llevara-a-cabo-mejoras-en-el-polideportivo-municipal-vicente-lopez-carril\\\/#listItem\",\"name\":\"Carre\\u00f1o llevar\\u00e1 a cabo mejoras en el polideportivo municipal Vicente L\\u00f3pez Carril\"},\"previousItem\":{\"@type\":\"ListItem\",\"@id\":\"https:\\\/\\\/candas365.es\\\/noticias#listItem\",\"name\":\"Home\"}},{\"@type\":\"ListItem\",\"@id\":\"https:\\\/\\\/candas365.es\\\/noticias\\\/carreno-llevara-a-cabo-mejoras-en-el-polideportivo-municipal-vicente-lopez-carril\\\/#listItem\",\"position\":3,\"name\":\"Carre\\u00f1o llevar\\u00e1 a cabo mejoras en el polideportivo municipal Vicente L\\u00f3pez Carril\",\"previousItem\":{\"@type\":\"ListItem\",\"@id\":\"https:\\\/\\\/candas365.es\\\/noticias\\\/category\\\/noticias-carreno\\\/#listItem\",\"name\":\"Noticias Carre\\u00f1o\"}}]},{\"@type\":\"NewsArticle\",\"@id\":\"https:\\\/\\\/candas365.es\\\/noticias\\\/carreno-llevara-a-cabo-mejoras-en-el-polideportivo-municipal-vicente-lopez-carril\\\/#newsarticle\",\"name\":\"Carre\\u00f1o llevar\\u00e1 a cabo mejoras en el polideportivo municipal Vicente L\\u00f3pez Carril | Cand\\u00e1s 365\",\"headline\":\"Carre\\u00f1o llevar\\u00e1 a cabo mejoras en el polideportivo municipal Vicente L\\u00f3pez Carril\",\"author\":{\"@id\":\"https:\\\/\\\/candas365.es\\\/noticias\\\/author\\\/admin\\\/#author\"},\"publisher\":{\"@id\":\"https:\\\/\\\/candas365.es\\\/noticias\\\/#organization\"},\"image\":{\"@type\":\"ImageObject\",\"url\":\"https:\\\/\\\/candas365.es\\\/noticias\\\/wp-content\\\/uploads\\\/2018\\\/12\\\/FOTO-PISTA-ORTOFOTO.jpg\",\"width\":1510,\"height\":903},\"datePublished\":\"2018-12-03T19:13:57+01:00\",\"dateModified\":\"2018-12-03T19:13:57+01:00\",\"inLanguage\":\"es-ES\",\"mainEntityOfPage\":{\"@id\":\"https:\\\/\\\/candas365.es\\\/noticias\\\/carreno-llevara-a-cabo-mejoras-en-el-polideportivo-municipal-vicente-lopez-carril\\\/#webpage\"},\"isPartOf\":{\"@id\":\"https:\\\/\\\/candas365.es\\\/noticias\\\/carreno-llevara-a-cabo-mejoras-en-el-polideportivo-municipal-vicente-lopez-carril\\\/#webpage\"},\"articleSection\":\"Noticias Carre\\u00f1o\",\"dateline\":\"Publicado el diciembre 3, 2018.\"},{\"@type\":\"Organization\",\"@id\":\"https:\\\/\\\/candas365.es\\\/noticias\\\/#organization\",\"name\":\"Cand\\u00e1s 365\",\"description\":\"Cand\\u00e1s 365 es un diario digital independiente, fundado en 2012, con base en Asturias. Informamos con rigor sobre actualidad, sociedad, cultura y ocio, con una mirada local y global.\",\"url\":\"https:\\\/\\\/candas365.es\\\/noticias\\\/\",\"email\":\"info@candas365.es\",\"telephone\":\"+34652131393\",\"foundingDate\":\"2012-06-10\",\"logo\":{\"@type\":\"ImageObject\",\"url\":\"https:\\\/\\\/candas365.es\\\/noticias\\\/wp-content\\\/uploads\\\/2024\\\/09\\\/Candas-365-Redes.jpg\",\"@id\":\"https:\\\/\\\/candas365.es\\\/noticias\\\/carreno-llevara-a-cabo-mejoras-en-el-polideportivo-municipal-vicente-lopez-carril\\\/#organizationLogo\",\"width\":1152,\"height\":864,\"caption\":\"Cand\\u00e1s 365 Redes\"},\"image\":{\"@id\":\"https:\\\/\\\/candas365.es\\\/noticias\\\/carreno-llevara-a-cabo-mejoras-en-el-polideportivo-municipal-vicente-lopez-carril\\\/#organizationLogo\"},\"sameAs\":[\"https:\\\/\\\/www.facebook.com\\\/Nachofdezber\",\"https:\\\/\\\/x.com\\\/NabercoDigital\",\"https:\\\/\\\/www.instagram.com\\\/nachofdezber\\\/\",\"https:\\\/\\\/www.youtube.com\\\/channel\\\/UCZP-2wLEB9Rv6erhFmqVnvg\"],\"address\":{\"@id\":\"https:\\\/\\\/candas365.es\\\/noticias\\\/#postaladdress\",\"@type\":\"PostalAddress\",\"streetAddress\":\"san antonio 4, san antonio 4\",\"postalCode\":\"33430\",\"addressLocality\":\"Cand\\u00e1s\",\"addressRegion\":\"Asturias\",\"addressCountry\":\"ES\"}},{\"@type\":\"Person\",\"@id\":\"https:\\\/\\\/candas365.es\\\/noticias\\\/author\\\/admin\\\/#author\",\"url\":\"https:\\\/\\\/candas365.es\\\/noticias\\\/author\\\/admin\\\/\",\"name\":\"Cand\\u00e1s 365\",\"image\":{\"@type\":\"ImageObject\",\"@id\":\"https:\\\/\\\/candas365.es\\\/noticias\\\/carreno-llevara-a-cabo-mejoras-en-el-polideportivo-municipal-vicente-lopez-carril\\\/#authorImage\",\"url\":\"https:\\\/\\\/secure.gravatar.com\\\/avatar\\\/496a8e03d0c493ede1718b7934145dbdf8d89be1036b0eec9544e1094c9de390?s=96&d=mm&r=g\",\"width\":96,\"height\":96,\"caption\":\"Cand\\u00e1s 365\"},\"sameAs\":[\"https:\\\/\\\/www.facebook.com\\\/carrenoactualidad\",\"https:\\\/\\\/twitter.com\\\/nbasturias\",\"https:\\\/\\\/www.instagram.com\\\/nachofdezber\\\/\",\"https:\\\/\\\/www.youtube.com\\\/channel\\\/UCZP-2wLEB9Rv6erhFmqVnvg\"]},{\"@type\":\"WebPage\",\"@id\":\"https:\\\/\\\/candas365.es\\\/noticias\\\/carreno-llevara-a-cabo-mejoras-en-el-polideportivo-municipal-vicente-lopez-carril\\\/#webpage\",\"url\":\"https:\\\/\\\/candas365.es\\\/noticias\\\/carreno-llevara-a-cabo-mejoras-en-el-polideportivo-municipal-vicente-lopez-carril\\\/\",\"name\":\"Carre\\u00f1o llevar\\u00e1 a cabo mejoras en el polideportivo municipal Vicente L\\u00f3pez Carril | Cand\\u00e1s 365\",\"description\":\"La alcaldesa de Carre\\u00f1o, Amelia Fern\\u00e1ndez, anunci\\u00f3 este lunes mediante un comunicado de prensa que el Ayuntamiento de Carre\\u00f1o est\\u00e1 en proceso de licitaci\\u00f3n para llevar a cabo un conjunto de obras necesarias para la instalaci\\u00f3n de pavimento sint\\u00e9tico sobre la pista descubierta de atletismo que se encuentra en el complejo polideportivo municipal Vicente L\\u00f3pez\",\"inLanguage\":\"es-ES\",\"isPartOf\":{\"@id\":\"https:\\\/\\\/candas365.es\\\/noticias\\\/#website\"},\"breadcrumb\":{\"@id\":\"https:\\\/\\\/candas365.es\\\/noticias\\\/carreno-llevara-a-cabo-mejoras-en-el-polideportivo-municipal-vicente-lopez-carril\\\/#breadcrumblist\"},\"author\":{\"@id\":\"https:\\\/\\\/candas365.es\\\/noticias\\\/author\\\/admin\\\/#author\"},\"creator\":{\"@id\":\"https:\\\/\\\/candas365.es\\\/noticias\\\/author\\\/admin\\\/#author\"},\"image\":{\"@type\":\"ImageObject\",\"url\":\"https:\\\/\\\/candas365.es\\\/noticias\\\/wp-content\\\/uploads\\\/2018\\\/12\\\/FOTO-PISTA-ORTOFOTO.jpg\",\"@id\":\"https:\\\/\\\/candas365.es\\\/noticias\\\/carreno-llevara-a-cabo-mejoras-en-el-polideportivo-municipal-vicente-lopez-carril\\\/#mainImage\",\"width\":1510,\"height\":903},\"primaryImageOfPage\":{\"@id\":\"https:\\\/\\\/candas365.es\\\/noticias\\\/carreno-llevara-a-cabo-mejoras-en-el-polideportivo-municipal-vicente-lopez-carril\\\/#mainImage\"},\"datePublished\":\"2018-12-03T19:13:57+01:00\",\"dateModified\":\"2018-12-03T19:13:57+01:00\"},{\"@type\":\"WebSite\",\"@id\":\"https:\\\/\\\/candas365.es\\\/noticias\\\/#website\",\"url\":\"https:\\\/\\\/candas365.es\\\/noticias\\\/\",\"name\":\"Cand\\u00e1s 365\",\"alternateName\":\"Cand\\u00e1s 365 Noticias\",\"description\":\"Actualidad desde Carre\\u00f1o para el mundo\",\"inLanguage\":\"es-ES\",\"publisher\":{\"@id\":\"https:\\\/\\\/candas365.es\\\/noticias\\\/#organization\"}}]}\n\t\t<\/script>\n\t\t<!-- All in One SEO Pro -->\r\n\t\t<title>Carre\u00f1o llevar\u00e1 a cabo mejoras en el polideportivo municipal Vicente L\u00f3pez Carril | Cand\u00e1s 365<\/title>\n\n","aioseo_head_json":{"title":"Carre\u00f1o llevar\u00e1 a cabo mejoras en el polideportivo municipal Vicente L\u00f3pez Carril | Cand\u00e1s 365","description":"La alcaldesa de Carre\u00f1o, Amelia Fern\u00e1ndez, anunci\u00f3 este lunes mediante un comunicado de prensa que el Ayuntamiento de Carre\u00f1o est\u00e1 en proceso de licitaci\u00f3n para llevar a cabo un conjunto de obras necesarias para la instalaci\u00f3n de pavimento sint\u00e9tico sobre la pista descubierta de atletismo que se encuentra en el complejo polideportivo municipal Vicente L\u00f3pez","canonical_url":"https:\/\/candas365.es\/noticias\/carreno-llevara-a-cabo-mejoras-en-el-polideportivo-municipal-vicente-lopez-carril\/","robots":"max-image-preview:large","keywords":"noticias carre\u00f1o","webmasterTools":{"google-site-verification":"UA-32230408-1","msvalidate.01":"354F3CDFB2DA171B47FBE9ABF1F88D5","miscellaneous":""},"schema":{"@context":"https:\/\/schema.org","@graph":[{"@type":"BreadcrumbList","@id":"https:\/\/candas365.es\/noticias\/carreno-llevara-a-cabo-mejoras-en-el-polideportivo-municipal-vicente-lopez-carril\/#breadcrumblist","itemListElement":[{"@type":"ListItem","@id":"https:\/\/candas365.es\/noticias#listItem","position":1,"name":"Home","item":"https:\/\/candas365.es\/noticias","nextItem":{"@type":"ListItem","@id":"https:\/\/candas365.es\/noticias\/category\/noticias-carreno\/#listItem","name":"Noticias Carre\u00f1o"}},{"@type":"ListItem","@id":"https:\/\/candas365.es\/noticias\/category\/noticias-carreno\/#listItem","position":2,"name":"Noticias Carre\u00f1o","item":"https:\/\/candas365.es\/noticias\/category\/noticias-carreno\/","nextItem":{"@type":"ListItem","@id":"https:\/\/candas365.es\/noticias\/carreno-llevara-a-cabo-mejoras-en-el-polideportivo-municipal-vicente-lopez-carril\/#listItem","name":"Carre\u00f1o llevar\u00e1 a cabo mejoras en el polideportivo municipal Vicente L\u00f3pez Carril"},"previousItem":{"@type":"ListItem","@id":"https:\/\/candas365.es\/noticias#listItem","name":"Home"}},{"@type":"ListItem","@id":"https:\/\/candas365.es\/noticias\/carreno-llevara-a-cabo-mejoras-en-el-polideportivo-municipal-vicente-lopez-carril\/#listItem","position":3,"name":"Carre\u00f1o llevar\u00e1 a cabo mejoras en el polideportivo municipal Vicente L\u00f3pez Carril","previousItem":{"@type":"ListItem","@id":"https:\/\/candas365.es\/noticias\/category\/noticias-carreno\/#listItem","name":"Noticias Carre\u00f1o"}}]},{"@type":"NewsArticle","@id":"https:\/\/candas365.es\/noticias\/carreno-llevara-a-cabo-mejoras-en-el-polideportivo-municipal-vicente-lopez-carril\/#newsarticle","name":"Carre\u00f1o llevar\u00e1 a cabo mejoras en el polideportivo municipal Vicente L\u00f3pez Carril | Cand\u00e1s 365","headline":"Carre\u00f1o llevar\u00e1 a cabo mejoras en el polideportivo municipal Vicente L\u00f3pez Carril","author":{"@id":"https:\/\/candas365.es\/noticias\/author\/admin\/#author"},"publisher":{"@id":"https:\/\/candas365.es\/noticias\/#organization"},"image":{"@type":"ImageObject","url":"https:\/\/candas365.es\/noticias\/wp-content\/uploads\/2018\/12\/FOTO-PISTA-ORTOFOTO.jpg","width":1510,"height":903},"datePublished":"2018-12-03T19:13:57+01:00","dateModified":"2018-12-03T19:13:57+01:00","inLanguage":"es-ES","mainEntityOfPage":{"@id":"https:\/\/candas365.es\/noticias\/carreno-llevara-a-cabo-mejoras-en-el-polideportivo-municipal-vicente-lopez-carril\/#webpage"},"isPartOf":{"@id":"https:\/\/candas365.es\/noticias\/carreno-llevara-a-cabo-mejoras-en-el-polideportivo-municipal-vicente-lopez-carril\/#webpage"},"articleSection":"Noticias Carre\u00f1o","dateline":"Publicado el diciembre 3, 2018."},{"@type":"Organization","@id":"https:\/\/candas365.es\/noticias\/#organization","name":"Cand\u00e1s 365","description":"Cand\u00e1s 365 es un diario digital independiente, fundado en 2012, con base en Asturias. Informamos con rigor sobre actualidad, sociedad, cultura y ocio, con una mirada local y global.","url":"https:\/\/candas365.es\/noticias\/","email":"info@candas365.es","telephone":"+34652131393","foundingDate":"2012-06-10","logo":{"@type":"ImageObject","url":"https:\/\/candas365.es\/noticias\/wp-content\/uploads\/2024\/09\/Candas-365-Redes.jpg","@id":"https:\/\/candas365.es\/noticias\/carreno-llevara-a-cabo-mejoras-en-el-polideportivo-municipal-vicente-lopez-carril\/#organizationLogo","width":1152,"height":864,"caption":"Cand\u00e1s 365 Redes"},"image":{"@id":"https:\/\/candas365.es\/noticias\/carreno-llevara-a-cabo-mejoras-en-el-polideportivo-municipal-vicente-lopez-carril\/#organizationLogo"},"sameAs":["https:\/\/www.facebook.com\/Nachofdezber","https:\/\/x.com\/NabercoDigital","https:\/\/www.instagram.com\/nachofdezber\/","https:\/\/www.youtube.com\/channel\/UCZP-2wLEB9Rv6erhFmqVnvg"],"address":{"@id":"https:\/\/candas365.es\/noticias\/#postaladdress","@type":"PostalAddress","streetAddress":"san antonio 4, san antonio 4","postalCode":"33430","addressLocality":"Cand\u00e1s","addressRegion":"Asturias","addressCountry":"ES"}},{"@type":"Person","@id":"https:\/\/candas365.es\/noticias\/author\/admin\/#author","url":"https:\/\/candas365.es\/noticias\/author\/admin\/","name":"Cand\u00e1s 365","image":{"@type":"ImageObject","@id":"https:\/\/candas365.es\/noticias\/carreno-llevara-a-cabo-mejoras-en-el-polideportivo-municipal-vicente-lopez-carril\/#authorImage","url":"https:\/\/secure.gravatar.com\/avatar\/496a8e03d0c493ede1718b7934145dbdf8d89be1036b0eec9544e1094c9de390?s=96&d=mm&r=g","width":96,"height":96,"caption":"Cand\u00e1s 365"},"sameAs":["https:\/\/www.facebook.com\/carrenoactualidad","https:\/\/twitter.com\/nbasturias","https:\/\/www.instagram.com\/nachofdezber\/","https:\/\/www.youtube.com\/channel\/UCZP-2wLEB9Rv6erhFmqVnvg"]},{"@type":"WebPage","@id":"https:\/\/candas365.es\/noticias\/carreno-llevara-a-cabo-mejoras-en-el-polideportivo-municipal-vicente-lopez-carril\/#webpage","url":"https:\/\/candas365.es\/noticias\/carreno-llevara-a-cabo-mejoras-en-el-polideportivo-municipal-vicente-lopez-carril\/","name":"Carre\u00f1o llevar\u00e1 a cabo mejoras en el polideportivo municipal Vicente L\u00f3pez Carril | Cand\u00e1s 365","description":"La alcaldesa de Carre\u00f1o, Amelia Fern\u00e1ndez, anunci\u00f3 este lunes mediante un comunicado de prensa que el Ayuntamiento de Carre\u00f1o est\u00e1 en proceso de licitaci\u00f3n para llevar a cabo un conjunto de obras necesarias para la instalaci\u00f3n de pavimento sint\u00e9tico sobre la pista descubierta de atletismo que se encuentra en el complejo polideportivo municipal Vicente L\u00f3pez","inLanguage":"es-ES","isPartOf":{"@id":"https:\/\/candas365.es\/noticias\/#website"},"breadcrumb":{"@id":"https:\/\/candas365.es\/noticias\/carreno-llevara-a-cabo-mejoras-en-el-polideportivo-municipal-vicente-lopez-carril\/#breadcrumblist"},"author":{"@id":"https:\/\/candas365.es\/noticias\/author\/admin\/#author"},"creator":{"@id":"https:\/\/candas365.es\/noticias\/author\/admin\/#author"},"image":{"@type":"ImageObject","url":"https:\/\/candas365.es\/noticias\/wp-content\/uploads\/2018\/12\/FOTO-PISTA-ORTOFOTO.jpg","@id":"https:\/\/candas365.es\/noticias\/carreno-llevara-a-cabo-mejoras-en-el-polideportivo-municipal-vicente-lopez-carril\/#mainImage","width":1510,"height":903},"primaryImageOfPage":{"@id":"https:\/\/candas365.es\/noticias\/carreno-llevara-a-cabo-mejoras-en-el-polideportivo-municipal-vicente-lopez-carril\/#mainImage"},"datePublished":"2018-12-03T19:13:57+01:00","dateModified":"2018-12-03T19:13:57+01:00"},{"@type":"WebSite","@id":"https:\/\/candas365.es\/noticias\/#website","url":"https:\/\/candas365.es\/noticias\/","name":"Cand\u00e1s 365","alternateName":"Cand\u00e1s 365 Noticias","description":"Actualidad desde Carre\u00f1o para el mundo","inLanguage":"es-ES","publisher":{"@id":"https:\/\/candas365.es\/noticias\/#organization"}}]},"og:locale":"es_ES","og:site_name":"Cand\u00e1s 365","og:type":"article","og:title":"Carre\u00f1o llevar\u00e1 a cabo mejoras en el polideportivo municipal Vicente L\u00f3pez Carril | Cand\u00e1s 365","og:description":"La alcaldesa de Carre\u00f1o, Amelia Fern\u00e1ndez, anunci\u00f3 este lunes mediante un comunicado de prensa que el Ayuntamiento de Carre\u00f1o est\u00e1 en proceso de licitaci\u00f3n para llevar a cabo un conjunto de obras necesarias para la instalaci\u00f3n de pavimento sint\u00e9tico sobre la pista descubierta de atletismo que se encuentra en el complejo polideportivo municipal Vicente L\u00f3pez","og:url":"https:\/\/candas365.es\/noticias\/carreno-llevara-a-cabo-mejoras-en-el-polideportivo-municipal-vicente-lopez-carril\/","og:image":"https:\/\/candas365.es\/noticias\/wp-content\/uploads\/2018\/12\/FOTO-PISTA-ORTOFOTO.jpg","og:image:secure_url":"https:\/\/candas365.es\/noticias\/wp-content\/uploads\/2018\/12\/FOTO-PISTA-ORTOFOTO.jpg","og:image:width":1510,"og:image:height":903,"article:published_time":"2018-12-03T19:13:57+00:00","article:modified_time":"2018-12-03T19:13:57+00:00","article:publisher":"https:\/\/www.facebook.com\/Nachofdezber","article:author":"https:\/\/www.facebook.com\/carrenoactualidad","twitter:card":"summary_large_image","twitter:site":"@NabercoDigital","twitter:title":"Carre\u00f1o llevar\u00e1 a cabo mejoras en el polideportivo municipal Vicente L\u00f3pez Carril | Cand\u00e1s 365","twitter:description":"La alcaldesa de Carre\u00f1o, Amelia Fern\u00e1ndez, anunci\u00f3 este lunes mediante un comunicado de prensa que el Ayuntamiento de Carre\u00f1o est\u00e1 en proceso de licitaci\u00f3n para llevar a cabo un conjunto de obras necesarias para la instalaci\u00f3n de pavimento sint\u00e9tico sobre la pista descubierta de atletismo que se encuentra en el complejo polideportivo municipal Vicente L\u00f3pez","twitter:creator":"@nbasturias","twitter:image":"https:\/\/candas365.es\/noticias\/wp-content\/uploads\/2018\/12\/FOTO-PISTA-ORTOFOTO.jpg","twitter:label1":"Escrito por","twitter:data1":"Cand\u00e1s 365","twitter:label2":"Tiempo de lectura estimado","twitter:data2":"3 minutos"},"aioseo_meta_data":{"post_id":"111240","title":null,"description":null,"keywords":null,"keyphrases":null,"primary_term":null,"canonical_url":null,"og_title":null,"og_description":null,"og_object_type":"default","og_image_type":"default","og_image_url":null,"og_image_width":null,"og_image_height":null,"og_image_custom_url":null,"og_image_custom_fields":null,"og_video":null,"og_custom_url":null,"og_article_section":null,"og_article_tags":null,"twitter_use_og":false,"twitter_card":"default","twitter_image_type":"default","twitter_image_url":null,"twitter_image_custom_url":null,"twitter_image_custom_fields":null,"twitter_title":null,"twitter_description":null,"schema":{"blockGraphs":[],"customGraphs":[],"default":{"data":{"Article":[],"Course":[],"Dataset":[],"FAQPage":[],"Movie":[],"Person":[],"Product":[],"ProductReview":[],"Car":[],"Recipe":[],"Service":[],"SoftwareApplication":[],"WebPage":[]},"graphName":"","isEnabled":true},"graphs":[]},"schema_type":null,"schema_type_options":null,"pillar_content":false,"robots_default":true,"robots_noindex":false,"robots_noarchive":false,"robots_nosnippet":false,"robots_nofollow":false,"robots_noimageindex":false,"robots_noodp":false,"robots_notranslate":false,"robots_max_snippet":null,"robots_max_videopreview":null,"robots_max_imagepreview":"large","priority":null,"frequency":null,"location":null,"local_seo":null,"seo_analyzer_scan_date":"2025-08-28 14:55:28","breadcrumb_settings":null,"limit_modified_date":false,"reviewed_by":null,"open_ai":null,"ai":null,"created":"2020-12-21 11:37:55","updated":"2025-08-28 14:55:28"},"aioseo_breadcrumb":"<div class=\"aioseo-breadcrumbs\"><span class=\"aioseo-breadcrumb\">\n\t<a href=\"https:\/\/candas365.es\/noticias\" title=\"Home\">Home<\/a>\n<\/span><span class=\"aioseo-breadcrumb-separator\">&ndash;<\/span><span class=\"aioseo-breadcrumb\">\n\t<a href=\"https:\/\/candas365.es\/noticias\/category\/noticias-carreno\/\" title=\"Noticias Carre\u00f1o\">Noticias Carre\u00f1o<\/a>\n<\/span><span class=\"aioseo-breadcrumb-separator\">&ndash;<\/span><span class=\"aioseo-breadcrumb\">\n\tCarre\u00f1o llevar\u00e1 a cabo mejoras en el polideportivo municipal Vicente L\u00f3pez Carril\n<\/span><\/div>","aioseo_breadcrumb_json":[{"label":"Home","link":"https:\/\/candas365.es\/noticias"},{"label":"Noticias Carre\u00f1o","link":"https:\/\/candas365.es\/noticias\/category\/noticias-carreno\/"},{"label":"Carre\u00f1o llevar\u00e1 a cabo mejoras en el polideportivo municipal Vicente L\u00f3pez Carril","link":"https:\/\/candas365.es\/noticias\/carreno-llevara-a-cabo-mejoras-en-el-polideportivo-municipal-vicente-lopez-carril\/"}],"_links":{"self":[{"href":"https:\/\/candas365.es\/noticias\/wp-json\/wp\/v2\/posts\/111240","targetHints":{"allow":["GET"]}}],"collection":[{"href":"https:\/\/candas365.es\/noticias\/wp-json\/wp\/v2\/posts"}],"about":[{"href":"https:\/\/candas365.es\/noticias\/wp-json\/wp\/v2\/types\/post"}],"author":[{"embeddable":true,"href":"https:\/\/candas365.es\/noticias\/wp-json\/wp\/v2\/users\/1"}],"replies":[{"embeddable":true,"href":"https:\/\/candas365.es\/noticias\/wp-json\/wp\/v2\/comments?post=111240"}],"version-history":[{"count":0,"href":"https:\/\/candas365.es\/noticias\/wp-json\/wp\/v2\/posts\/111240\/revisions"}],"wp:featuredmedia":[{"embeddable":true,"href":"https:\/\/candas365.es\/noticias\/wp-json\/wp\/v2\/media\/111241"}],"wp:attachment":[{"href":"https:\/\/candas365.es\/noticias\/wp-json\/wp\/v2\/media?parent=111240"}],"wp:term":[{"taxonomy":"category","embeddable":true,"href":"https:\/\/candas365.es\/noticias\/wp-json\/wp\/v2\/categories?post=111240"},{"taxonomy":"post_tag","embeddable":true,"href":"https:\/\/candas365.es\/noticias\/wp-json\/wp\/v2\/tags?post=111240"}],"curies":[{"name":"wp","href":"https:\/\/api.w.org\/{rel}","templated":true}]}}