{"id":110893,"date":"2018-11-28T06:45:48","date_gmt":"2018-11-28T06:45:48","guid":{"rendered":"http:\/\/candas365.es\/noticias\/?p=110893"},"modified":"2018-11-28T06:45:48","modified_gmt":"2018-11-28T06:45:48","slug":"el-gobierno-y-acnur-llevaran-a-cabo-un-proyecto-piloto-de-patrocinio-comunitario-para-la-acogida-e-integracion-de-refugiados","status":"publish","type":"post","link":"https:\/\/candas365.es\/noticias\/el-gobierno-y-acnur-llevaran-a-cabo-un-proyecto-piloto-de-patrocinio-comunitario-para-la-acogida-e-integracion-de-refugiados\/","title":{"rendered":"El Gobierno y ACNUR llevar\u00e1n a cabo un proyecto piloto de patrocinio comunitario para la acogida e integraci\u00f3n de refugiados"},"content":{"rendered":"<p><img fetchpriority=\"high\" decoding=\"async\" class=\"alignleft size-medium wp-image-110894\" src=\"https:\/\/candas365.es\/noticias\/wp-content\/uploads\/2018\/11\/261118-Rumi-360x239.jpg\" alt=\"\" width=\"360\" height=\"239\" srcset=\"https:\/\/candas365.es\/noticias\/wp-content\/uploads\/2018\/11\/261118-Rumi-360x239.jpg 360w, https:\/\/candas365.es\/noticias\/wp-content\/uploads\/2018\/11\/261118-Rumi.jpg 512w\" sizes=\"(max-width: 360px) 100vw, 360px\" \/>La secretaria de Estado de Migraciones, Consuelo Rum\u00ed, y el Alto Comisionado de Naciones Unidas para los Refugiados (ACNUR), Filippo Grandi, junto con el Gobierno vasco, han acordado la puesta en marcha de un proyecto piloto de Patrocinio Comunitario para la Acogida e Integraci\u00f3n de Personas Refugiadas.<\/p>\n<p>Espa\u00f1a se convierte as\u00ed, junto al Gobierno de Canad\u00e1, en uno de los pa\u00edses pioneros en el mundo que promueve el modelo de Patrocinio Comunitario de Personas Refugiadas, tras haberse sumado el pasado 16 de julio a la Declaraci\u00f3n de Londres (Argentina, Canad\u00e1, Nueva Zelanda y Reino Unido) y a la labor que al respecto lleva a cabo la Iniciativa Global de Patrocinio Comunitario canadiense.<\/p>\n<p>Los Programas de Patrocinio Comunitario vendr\u00e1n a complementar el sistema estatal de acogida y reforzar\u00e1n el papel de la sociedad civil y las comunidades locales. Estos programas permiten a individuos, grupos u organizaciones implicarse directamente en la acogida e integraci\u00f3n de refugiados, comprometi\u00e9ndose a prestar apoyo financiero, emocional y de integraci\u00f3n a las personas reci\u00e9n llegadas para facilitar su inclusi\u00f3n en un nuevo pa\u00eds y una nueva comunidad.<\/p>\n<p>El Patrocinio Comunitario es un modelo de acogida e Integraci\u00f3n de personas refugiadas en el que la iniciativa y la responsabilidad se asume de forma conjunta por las Administraciones P\u00fablicas y actores privados (particulares, empresas, entidades sin \u00e1nimo de lucro, etc.), ofreciendo a la ciudadan\u00eda la oportunidad de participar directamente en la labor de acompa\u00f1amiento en su proceso de integraci\u00f3n.<\/p>\n<p>El proyecto, que se dirige inicialmente a las familias que vayan a ser acogidas en Espa\u00f1a en el marco de los Programas Nacionales de Reasentamiento, podr\u00eda ponerse en marcha en 2019 eventualmente con las personas ya seleccionadas en las misiones realizadas en Turqu\u00eda y Jordania.<\/p>\n<p>El ministerio de Trabajo, Migraciones y Seguridad Social, el Gobierno vasco y el Alto Comisionado de Naciones Unidas para los Refugiados han acordado iniciar el programa piloto sobre el Programa de Patrocinio Comunitario en el Pa\u00eds Vasco en el primer semestre de 2019.<\/p>\n","protected":false},"excerpt":{"rendered":"<p>La secretaria de Estado de Migraciones, Consuelo Rum\u00ed, y el Alto Comisionado de Naciones Unidas para los Refugiados (ACNUR), Filippo Grandi, junto con el Gobierno vasco, han acordado la puesta en marcha de un proyecto piloto de Patrocinio Comunitario para la Acogida e Integraci\u00f3n de Personas Refugiadas. Espa\u00f1a se convierte as\u00ed, junto al Gobierno de<\/p>\n","protected":false},"author":1,"featured_media":110894,"comment_status":"closed","ping_status":"closed","sticky":false,"template":"","format":"standard","meta":{"footnotes":""},"categories":[343],"tags":[],"class_list":{"0":"post-110893","1":"post","2":"type-post","3":"status-publish","4":"format-standard","5":"has-post-thumbnail","7":"category-actualidad"},"aioseo_notices":[],"aioseo_head":"\n\t\t<!-- All in One SEO Pro 4.9.6.2 - aioseo.com -->\n\t<meta name=\"description\" content=\"La secretaria de Estado de Migraciones, Consuelo Rum\u00ed, y el Alto Comisionado de Naciones Unidas para los Refugiados (ACNUR), Filippo Grandi, junto con el Gobierno vasco, han acordado la puesta en marcha de un proyecto piloto de Patrocinio Comunitario para la Acogida e Integraci\u00f3n de Personas Refugiadas. Espa\u00f1a se convierte as\u00ed, junto al Gobierno de\" \/>\n\t<meta name=\"robots\" content=\"max-image-preview:large\" \/>\n\t<meta name=\"author\" content=\"Cand\u00e1s 365\"\/>\n\t<meta name=\"google-site-verification\" content=\"UA-32230408-1\" \/>\n\t<meta name=\"msvalidate.01\" content=\"354F3CDFB2DA171B47FBE9ABF1F88D5\" \/>\n\t<meta name=\"keywords\" content=\"actualidad\" \/>\n\t<link rel=\"canonical\" href=\"https:\/\/candas365.es\/noticias\/el-gobierno-y-acnur-llevaran-a-cabo-un-proyecto-piloto-de-patrocinio-comunitario-para-la-acogida-e-integracion-de-refugiados\/\" \/>\n\t<meta name=\"generator\" content=\"All in One SEO Pro (AIOSEO) 4.9.6.2\" \/>\n\t\t<meta property=\"og:locale\" content=\"es_ES\" \/>\n\t\t<meta property=\"og:site_name\" content=\"Cand\u00e1s 365\" \/>\n\t\t<meta property=\"og:type\" content=\"article\" \/>\n\t\t<meta property=\"og:title\" content=\"El Gobierno y ACNUR llevar\u00e1n a cabo un proyecto piloto de patrocinio comunitario para la acogida e integraci\u00f3n de refugiados | Cand\u00e1s 365\" \/>\n\t\t<meta property=\"og:description\" content=\"La secretaria de Estado de Migraciones, Consuelo Rum\u00ed, y el Alto Comisionado de Naciones Unidas para los Refugiados (ACNUR), Filippo Grandi, junto con el Gobierno vasco, han acordado la puesta en marcha de un proyecto piloto de Patrocinio Comunitario para la Acogida e Integraci\u00f3n de Personas Refugiadas. Espa\u00f1a se convierte as\u00ed, junto al Gobierno de\" \/>\n\t\t<meta property=\"og:url\" content=\"https:\/\/candas365.es\/noticias\/el-gobierno-y-acnur-llevaran-a-cabo-un-proyecto-piloto-de-patrocinio-comunitario-para-la-acogida-e-integracion-de-refugiados\/\" \/>\n\t\t<meta property=\"og:image\" content=\"https:\/\/candas365.es\/noticias\/wp-content\/uploads\/2018\/11\/261118-Rumi.jpg\" \/>\n\t\t<meta property=\"og:image:secure_url\" content=\"https:\/\/candas365.es\/noticias\/wp-content\/uploads\/2018\/11\/261118-Rumi.jpg\" \/>\n\t\t<meta property=\"og:image:width\" content=\"512\" \/>\n\t\t<meta property=\"og:image:height\" content=\"340\" \/>\n\t\t<meta property=\"article:published_time\" content=\"2018-11-28T06:45:48+00:00\" \/>\n\t\t<meta property=\"article:modified_time\" content=\"2018-11-28T06:45:48+00:00\" \/>\n\t\t<meta property=\"article:publisher\" content=\"https:\/\/www.facebook.com\/Nachofdezber\" \/>\n\t\t<meta property=\"article:author\" content=\"https:\/\/www.facebook.com\/carrenoactualidad\" \/>\n\t\t<meta name=\"twitter:card\" content=\"summary_large_image\" \/>\n\t\t<meta name=\"twitter:site\" content=\"@NabercoDigital\" \/>\n\t\t<meta name=\"twitter:title\" content=\"El Gobierno y ACNUR llevar\u00e1n a cabo un proyecto piloto de patrocinio comunitario para la acogida e integraci\u00f3n de refugiados | Cand\u00e1s 365\" \/>\n\t\t<meta name=\"twitter:description\" content=\"La secretaria de Estado de Migraciones, Consuelo Rum\u00ed, y el Alto Comisionado de Naciones Unidas para los Refugiados (ACNUR), Filippo Grandi, junto con el Gobierno vasco, han acordado la puesta en marcha de un proyecto piloto de Patrocinio Comunitario para la Acogida e Integraci\u00f3n de Personas Refugiadas. Espa\u00f1a se convierte as\u00ed, junto al Gobierno de\" \/>\n\t\t<meta name=\"twitter:creator\" content=\"@nbasturias\" \/>\n\t\t<meta name=\"twitter:image\" content=\"https:\/\/candas365.es\/noticias\/wp-content\/uploads\/2018\/11\/261118-Rumi.jpg\" \/>\n\t\t<meta name=\"twitter:label1\" content=\"Escrito por\" \/>\n\t\t<meta name=\"twitter:data1\" content=\"Cand\u00e1s 365\" \/>\n\t\t<meta name=\"twitter:label2\" content=\"Tiempo de lectura estimado\" \/>\n\t\t<meta name=\"twitter:data2\" content=\"2 minutos\" \/>\n\t\t<script type=\"application\/ld+json\" class=\"aioseo-schema\">\n\t\t\t{\"@context\":\"https:\\\/\\\/schema.org\",\"@graph\":[{\"@type\":\"BreadcrumbList\",\"@id\":\"https:\\\/\\\/candas365.es\\\/noticias\\\/el-gobierno-y-acnur-llevaran-a-cabo-un-proyecto-piloto-de-patrocinio-comunitario-para-la-acogida-e-integracion-de-refugiados\\\/#breadcrumblist\",\"itemListElement\":[{\"@type\":\"ListItem\",\"@id\":\"https:\\\/\\\/candas365.es\\\/noticias#listItem\",\"position\":1,\"name\":\"Home\",\"item\":\"https:\\\/\\\/candas365.es\\\/noticias\",\"nextItem\":{\"@type\":\"ListItem\",\"@id\":\"https:\\\/\\\/candas365.es\\\/noticias\\\/category\\\/actualidad\\\/#listItem\",\"name\":\"Actualidad\"}},{\"@type\":\"ListItem\",\"@id\":\"https:\\\/\\\/candas365.es\\\/noticias\\\/category\\\/actualidad\\\/#listItem\",\"position\":2,\"name\":\"Actualidad\",\"item\":\"https:\\\/\\\/candas365.es\\\/noticias\\\/category\\\/actualidad\\\/\",\"nextItem\":{\"@type\":\"ListItem\",\"@id\":\"https:\\\/\\\/candas365.es\\\/noticias\\\/el-gobierno-y-acnur-llevaran-a-cabo-un-proyecto-piloto-de-patrocinio-comunitario-para-la-acogida-e-integracion-de-refugiados\\\/#listItem\",\"name\":\"El Gobierno y ACNUR llevar\\u00e1n a cabo un proyecto piloto de patrocinio comunitario para la acogida e integraci\\u00f3n de refugiados\"},\"previousItem\":{\"@type\":\"ListItem\",\"@id\":\"https:\\\/\\\/candas365.es\\\/noticias#listItem\",\"name\":\"Home\"}},{\"@type\":\"ListItem\",\"@id\":\"https:\\\/\\\/candas365.es\\\/noticias\\\/el-gobierno-y-acnur-llevaran-a-cabo-un-proyecto-piloto-de-patrocinio-comunitario-para-la-acogida-e-integracion-de-refugiados\\\/#listItem\",\"position\":3,\"name\":\"El Gobierno y ACNUR llevar\\u00e1n a cabo un proyecto piloto de patrocinio comunitario para la acogida e integraci\\u00f3n de refugiados\",\"previousItem\":{\"@type\":\"ListItem\",\"@id\":\"https:\\\/\\\/candas365.es\\\/noticias\\\/category\\\/actualidad\\\/#listItem\",\"name\":\"Actualidad\"}}]},{\"@type\":\"NewsArticle\",\"@id\":\"https:\\\/\\\/candas365.es\\\/noticias\\\/el-gobierno-y-acnur-llevaran-a-cabo-un-proyecto-piloto-de-patrocinio-comunitario-para-la-acogida-e-integracion-de-refugiados\\\/#newsarticle\",\"name\":\"El Gobierno y ACNUR llevar\\u00e1n a cabo un proyecto piloto de patrocinio comunitario para la acogida e integraci\\u00f3n de refugiados | Cand\\u00e1s 365\",\"headline\":\"El Gobierno y ACNUR llevar\\u00e1n a cabo un proyecto piloto de patrocinio comunitario para la acogida e integraci\\u00f3n de refugiados\",\"author\":{\"@id\":\"https:\\\/\\\/candas365.es\\\/noticias\\\/author\\\/admin\\\/#author\"},\"publisher\":{\"@id\":\"https:\\\/\\\/candas365.es\\\/noticias\\\/#organization\"},\"image\":{\"@type\":\"ImageObject\",\"url\":\"https:\\\/\\\/candas365.es\\\/noticias\\\/wp-content\\\/uploads\\\/2018\\\/11\\\/261118-Rumi.jpg\",\"width\":512,\"height\":340},\"datePublished\":\"2018-11-28T06:45:48+01:00\",\"dateModified\":\"2018-11-28T06:45:48+01:00\",\"inLanguage\":\"es-ES\",\"mainEntityOfPage\":{\"@id\":\"https:\\\/\\\/candas365.es\\\/noticias\\\/el-gobierno-y-acnur-llevaran-a-cabo-un-proyecto-piloto-de-patrocinio-comunitario-para-la-acogida-e-integracion-de-refugiados\\\/#webpage\"},\"isPartOf\":{\"@id\":\"https:\\\/\\\/candas365.es\\\/noticias\\\/el-gobierno-y-acnur-llevaran-a-cabo-un-proyecto-piloto-de-patrocinio-comunitario-para-la-acogida-e-integracion-de-refugiados\\\/#webpage\"},\"articleSection\":\"Actualidad\",\"dateline\":\"Publicado el noviembre 28, 2018.\"},{\"@type\":\"Organization\",\"@id\":\"https:\\\/\\\/candas365.es\\\/noticias\\\/#organization\",\"name\":\"Cand\\u00e1s 365\",\"description\":\"Cand\\u00e1s 365 es un diario digital independiente, fundado en 2012, con base en Asturias. Informamos con rigor sobre actualidad, sociedad, cultura y ocio, con una mirada local y global.\",\"url\":\"https:\\\/\\\/candas365.es\\\/noticias\\\/\",\"email\":\"info@candas365.es\",\"telephone\":\"+34652131393\",\"foundingDate\":\"2012-06-10\",\"logo\":{\"@type\":\"ImageObject\",\"url\":\"https:\\\/\\\/candas365.es\\\/noticias\\\/wp-content\\\/uploads\\\/2024\\\/09\\\/Candas-365-Redes.jpg\",\"@id\":\"https:\\\/\\\/candas365.es\\\/noticias\\\/el-gobierno-y-acnur-llevaran-a-cabo-un-proyecto-piloto-de-patrocinio-comunitario-para-la-acogida-e-integracion-de-refugiados\\\/#organizationLogo\",\"width\":1152,\"height\":864,\"caption\":\"Cand\\u00e1s 365 Redes\"},\"image\":{\"@id\":\"https:\\\/\\\/candas365.es\\\/noticias\\\/el-gobierno-y-acnur-llevaran-a-cabo-un-proyecto-piloto-de-patrocinio-comunitario-para-la-acogida-e-integracion-de-refugiados\\\/#organizationLogo\"},\"sameAs\":[\"https:\\\/\\\/www.facebook.com\\\/Nachofdezber\",\"https:\\\/\\\/x.com\\\/NabercoDigital\",\"https:\\\/\\\/www.instagram.com\\\/nachofdezber\\\/\",\"https:\\\/\\\/www.youtube.com\\\/channel\\\/UCZP-2wLEB9Rv6erhFmqVnvg\"],\"address\":{\"@id\":\"https:\\\/\\\/candas365.es\\\/noticias\\\/#postaladdress\",\"@type\":\"PostalAddress\",\"streetAddress\":\"san antonio 4, san antonio 4\",\"postalCode\":\"33430\",\"addressLocality\":\"Cand\\u00e1s\",\"addressRegion\":\"Asturias\",\"addressCountry\":\"ES\"}},{\"@type\":\"Person\",\"@id\":\"https:\\\/\\\/candas365.es\\\/noticias\\\/author\\\/admin\\\/#author\",\"url\":\"https:\\\/\\\/candas365.es\\\/noticias\\\/author\\\/admin\\\/\",\"name\":\"Cand\\u00e1s 365\",\"image\":{\"@type\":\"ImageObject\",\"@id\":\"https:\\\/\\\/candas365.es\\\/noticias\\\/el-gobierno-y-acnur-llevaran-a-cabo-un-proyecto-piloto-de-patrocinio-comunitario-para-la-acogida-e-integracion-de-refugiados\\\/#authorImage\",\"url\":\"https:\\\/\\\/secure.gravatar.com\\\/avatar\\\/496a8e03d0c493ede1718b7934145dbdf8d89be1036b0eec9544e1094c9de390?s=96&d=mm&r=g\",\"width\":96,\"height\":96,\"caption\":\"Cand\\u00e1s 365\"},\"sameAs\":[\"https:\\\/\\\/www.facebook.com\\\/carrenoactualidad\",\"https:\\\/\\\/twitter.com\\\/nbasturias\",\"https:\\\/\\\/www.instagram.com\\\/nachofdezber\\\/\",\"https:\\\/\\\/www.youtube.com\\\/channel\\\/UCZP-2wLEB9Rv6erhFmqVnvg\"]},{\"@type\":\"WebPage\",\"@id\":\"https:\\\/\\\/candas365.es\\\/noticias\\\/el-gobierno-y-acnur-llevaran-a-cabo-un-proyecto-piloto-de-patrocinio-comunitario-para-la-acogida-e-integracion-de-refugiados\\\/#webpage\",\"url\":\"https:\\\/\\\/candas365.es\\\/noticias\\\/el-gobierno-y-acnur-llevaran-a-cabo-un-proyecto-piloto-de-patrocinio-comunitario-para-la-acogida-e-integracion-de-refugiados\\\/\",\"name\":\"El Gobierno y ACNUR llevar\\u00e1n a cabo un proyecto piloto de patrocinio comunitario para la acogida e integraci\\u00f3n de refugiados | Cand\\u00e1s 365\",\"description\":\"La secretaria de Estado de Migraciones, Consuelo Rum\\u00ed, y el Alto Comisionado de Naciones Unidas para los Refugiados (ACNUR), Filippo Grandi, junto con el Gobierno vasco, han acordado la puesta en marcha de un proyecto piloto de Patrocinio Comunitario para la Acogida e Integraci\\u00f3n de Personas Refugiadas. Espa\\u00f1a se convierte as\\u00ed, junto al Gobierno de\",\"inLanguage\":\"es-ES\",\"isPartOf\":{\"@id\":\"https:\\\/\\\/candas365.es\\\/noticias\\\/#website\"},\"breadcrumb\":{\"@id\":\"https:\\\/\\\/candas365.es\\\/noticias\\\/el-gobierno-y-acnur-llevaran-a-cabo-un-proyecto-piloto-de-patrocinio-comunitario-para-la-acogida-e-integracion-de-refugiados\\\/#breadcrumblist\"},\"author\":{\"@id\":\"https:\\\/\\\/candas365.es\\\/noticias\\\/author\\\/admin\\\/#author\"},\"creator\":{\"@id\":\"https:\\\/\\\/candas365.es\\\/noticias\\\/author\\\/admin\\\/#author\"},\"image\":{\"@type\":\"ImageObject\",\"url\":\"https:\\\/\\\/candas365.es\\\/noticias\\\/wp-content\\\/uploads\\\/2018\\\/11\\\/261118-Rumi.jpg\",\"@id\":\"https:\\\/\\\/candas365.es\\\/noticias\\\/el-gobierno-y-acnur-llevaran-a-cabo-un-proyecto-piloto-de-patrocinio-comunitario-para-la-acogida-e-integracion-de-refugiados\\\/#mainImage\",\"width\":512,\"height\":340},\"primaryImageOfPage\":{\"@id\":\"https:\\\/\\\/candas365.es\\\/noticias\\\/el-gobierno-y-acnur-llevaran-a-cabo-un-proyecto-piloto-de-patrocinio-comunitario-para-la-acogida-e-integracion-de-refugiados\\\/#mainImage\"},\"datePublished\":\"2018-11-28T06:45:48+01:00\",\"dateModified\":\"2018-11-28T06:45:48+01:00\"},{\"@type\":\"WebSite\",\"@id\":\"https:\\\/\\\/candas365.es\\\/noticias\\\/#website\",\"url\":\"https:\\\/\\\/candas365.es\\\/noticias\\\/\",\"name\":\"Cand\\u00e1s 365\",\"alternateName\":\"Cand\\u00e1s 365 Noticias\",\"description\":\"Actualidad desde Carre\\u00f1o para el mundo\",\"inLanguage\":\"es-ES\",\"publisher\":{\"@id\":\"https:\\\/\\\/candas365.es\\\/noticias\\\/#organization\"}}]}\n\t\t<\/script>\n\t\t<!-- All in One SEO Pro -->\r\n\t\t<title>El Gobierno y ACNUR llevar\u00e1n a cabo un proyecto piloto de patrocinio comunitario para la acogida e integraci\u00f3n de refugiados | Cand\u00e1s 365<\/title>\n\n","aioseo_head_json":{"title":"El Gobierno y ACNUR llevar\u00e1n a cabo un proyecto piloto de patrocinio comunitario para la acogida e integraci\u00f3n de refugiados | Cand\u00e1s 365","description":"La secretaria de Estado de Migraciones, Consuelo Rum\u00ed, y el Alto Comisionado de Naciones Unidas para los Refugiados (ACNUR), Filippo Grandi, junto con el Gobierno vasco, han acordado la puesta en marcha de un proyecto piloto de Patrocinio Comunitario para la Acogida e Integraci\u00f3n de Personas Refugiadas. Espa\u00f1a se convierte as\u00ed, junto al Gobierno de","canonical_url":"https:\/\/candas365.es\/noticias\/el-gobierno-y-acnur-llevaran-a-cabo-un-proyecto-piloto-de-patrocinio-comunitario-para-la-acogida-e-integracion-de-refugiados\/","robots":"max-image-preview:large","keywords":"actualidad","webmasterTools":{"google-site-verification":"UA-32230408-1","msvalidate.01":"354F3CDFB2DA171B47FBE9ABF1F88D5","miscellaneous":""},"schema":{"@context":"https:\/\/schema.org","@graph":[{"@type":"BreadcrumbList","@id":"https:\/\/candas365.es\/noticias\/el-gobierno-y-acnur-llevaran-a-cabo-un-proyecto-piloto-de-patrocinio-comunitario-para-la-acogida-e-integracion-de-refugiados\/#breadcrumblist","itemListElement":[{"@type":"ListItem","@id":"https:\/\/candas365.es\/noticias#listItem","position":1,"name":"Home","item":"https:\/\/candas365.es\/noticias","nextItem":{"@type":"ListItem","@id":"https:\/\/candas365.es\/noticias\/category\/actualidad\/#listItem","name":"Actualidad"}},{"@type":"ListItem","@id":"https:\/\/candas365.es\/noticias\/category\/actualidad\/#listItem","position":2,"name":"Actualidad","item":"https:\/\/candas365.es\/noticias\/category\/actualidad\/","nextItem":{"@type":"ListItem","@id":"https:\/\/candas365.es\/noticias\/el-gobierno-y-acnur-llevaran-a-cabo-un-proyecto-piloto-de-patrocinio-comunitario-para-la-acogida-e-integracion-de-refugiados\/#listItem","name":"El Gobierno y ACNUR llevar\u00e1n a cabo un proyecto piloto de patrocinio comunitario para la acogida e integraci\u00f3n de refugiados"},"previousItem":{"@type":"ListItem","@id":"https:\/\/candas365.es\/noticias#listItem","name":"Home"}},{"@type":"ListItem","@id":"https:\/\/candas365.es\/noticias\/el-gobierno-y-acnur-llevaran-a-cabo-un-proyecto-piloto-de-patrocinio-comunitario-para-la-acogida-e-integracion-de-refugiados\/#listItem","position":3,"name":"El Gobierno y ACNUR llevar\u00e1n a cabo un proyecto piloto de patrocinio comunitario para la acogida e integraci\u00f3n de refugiados","previousItem":{"@type":"ListItem","@id":"https:\/\/candas365.es\/noticias\/category\/actualidad\/#listItem","name":"Actualidad"}}]},{"@type":"NewsArticle","@id":"https:\/\/candas365.es\/noticias\/el-gobierno-y-acnur-llevaran-a-cabo-un-proyecto-piloto-de-patrocinio-comunitario-para-la-acogida-e-integracion-de-refugiados\/#newsarticle","name":"El Gobierno y ACNUR llevar\u00e1n a cabo un proyecto piloto de patrocinio comunitario para la acogida e integraci\u00f3n de refugiados | Cand\u00e1s 365","headline":"El Gobierno y ACNUR llevar\u00e1n a cabo un proyecto piloto de patrocinio comunitario para la acogida e integraci\u00f3n de refugiados","author":{"@id":"https:\/\/candas365.es\/noticias\/author\/admin\/#author"},"publisher":{"@id":"https:\/\/candas365.es\/noticias\/#organization"},"image":{"@type":"ImageObject","url":"https:\/\/candas365.es\/noticias\/wp-content\/uploads\/2018\/11\/261118-Rumi.jpg","width":512,"height":340},"datePublished":"2018-11-28T06:45:48+01:00","dateModified":"2018-11-28T06:45:48+01:00","inLanguage":"es-ES","mainEntityOfPage":{"@id":"https:\/\/candas365.es\/noticias\/el-gobierno-y-acnur-llevaran-a-cabo-un-proyecto-piloto-de-patrocinio-comunitario-para-la-acogida-e-integracion-de-refugiados\/#webpage"},"isPartOf":{"@id":"https:\/\/candas365.es\/noticias\/el-gobierno-y-acnur-llevaran-a-cabo-un-proyecto-piloto-de-patrocinio-comunitario-para-la-acogida-e-integracion-de-refugiados\/#webpage"},"articleSection":"Actualidad","dateline":"Publicado el noviembre 28, 2018."},{"@type":"Organization","@id":"https:\/\/candas365.es\/noticias\/#organization","name":"Cand\u00e1s 365","description":"Cand\u00e1s 365 es un diario digital independiente, fundado en 2012, con base en Asturias. Informamos con rigor sobre actualidad, sociedad, cultura y ocio, con una mirada local y global.","url":"https:\/\/candas365.es\/noticias\/","email":"info@candas365.es","telephone":"+34652131393","foundingDate":"2012-06-10","logo":{"@type":"ImageObject","url":"https:\/\/candas365.es\/noticias\/wp-content\/uploads\/2024\/09\/Candas-365-Redes.jpg","@id":"https:\/\/candas365.es\/noticias\/el-gobierno-y-acnur-llevaran-a-cabo-un-proyecto-piloto-de-patrocinio-comunitario-para-la-acogida-e-integracion-de-refugiados\/#organizationLogo","width":1152,"height":864,"caption":"Cand\u00e1s 365 Redes"},"image":{"@id":"https:\/\/candas365.es\/noticias\/el-gobierno-y-acnur-llevaran-a-cabo-un-proyecto-piloto-de-patrocinio-comunitario-para-la-acogida-e-integracion-de-refugiados\/#organizationLogo"},"sameAs":["https:\/\/www.facebook.com\/Nachofdezber","https:\/\/x.com\/NabercoDigital","https:\/\/www.instagram.com\/nachofdezber\/","https:\/\/www.youtube.com\/channel\/UCZP-2wLEB9Rv6erhFmqVnvg"],"address":{"@id":"https:\/\/candas365.es\/noticias\/#postaladdress","@type":"PostalAddress","streetAddress":"san antonio 4, san antonio 4","postalCode":"33430","addressLocality":"Cand\u00e1s","addressRegion":"Asturias","addressCountry":"ES"}},{"@type":"Person","@id":"https:\/\/candas365.es\/noticias\/author\/admin\/#author","url":"https:\/\/candas365.es\/noticias\/author\/admin\/","name":"Cand\u00e1s 365","image":{"@type":"ImageObject","@id":"https:\/\/candas365.es\/noticias\/el-gobierno-y-acnur-llevaran-a-cabo-un-proyecto-piloto-de-patrocinio-comunitario-para-la-acogida-e-integracion-de-refugiados\/#authorImage","url":"https:\/\/secure.gravatar.com\/avatar\/496a8e03d0c493ede1718b7934145dbdf8d89be1036b0eec9544e1094c9de390?s=96&d=mm&r=g","width":96,"height":96,"caption":"Cand\u00e1s 365"},"sameAs":["https:\/\/www.facebook.com\/carrenoactualidad","https:\/\/twitter.com\/nbasturias","https:\/\/www.instagram.com\/nachofdezber\/","https:\/\/www.youtube.com\/channel\/UCZP-2wLEB9Rv6erhFmqVnvg"]},{"@type":"WebPage","@id":"https:\/\/candas365.es\/noticias\/el-gobierno-y-acnur-llevaran-a-cabo-un-proyecto-piloto-de-patrocinio-comunitario-para-la-acogida-e-integracion-de-refugiados\/#webpage","url":"https:\/\/candas365.es\/noticias\/el-gobierno-y-acnur-llevaran-a-cabo-un-proyecto-piloto-de-patrocinio-comunitario-para-la-acogida-e-integracion-de-refugiados\/","name":"El Gobierno y ACNUR llevar\u00e1n a cabo un proyecto piloto de patrocinio comunitario para la acogida e integraci\u00f3n de refugiados | Cand\u00e1s 365","description":"La secretaria de Estado de Migraciones, Consuelo Rum\u00ed, y el Alto Comisionado de Naciones Unidas para los Refugiados (ACNUR), Filippo Grandi, junto con el Gobierno vasco, han acordado la puesta en marcha de un proyecto piloto de Patrocinio Comunitario para la Acogida e Integraci\u00f3n de Personas Refugiadas. Espa\u00f1a se convierte as\u00ed, junto al Gobierno de","inLanguage":"es-ES","isPartOf":{"@id":"https:\/\/candas365.es\/noticias\/#website"},"breadcrumb":{"@id":"https:\/\/candas365.es\/noticias\/el-gobierno-y-acnur-llevaran-a-cabo-un-proyecto-piloto-de-patrocinio-comunitario-para-la-acogida-e-integracion-de-refugiados\/#breadcrumblist"},"author":{"@id":"https:\/\/candas365.es\/noticias\/author\/admin\/#author"},"creator":{"@id":"https:\/\/candas365.es\/noticias\/author\/admin\/#author"},"image":{"@type":"ImageObject","url":"https:\/\/candas365.es\/noticias\/wp-content\/uploads\/2018\/11\/261118-Rumi.jpg","@id":"https:\/\/candas365.es\/noticias\/el-gobierno-y-acnur-llevaran-a-cabo-un-proyecto-piloto-de-patrocinio-comunitario-para-la-acogida-e-integracion-de-refugiados\/#mainImage","width":512,"height":340},"primaryImageOfPage":{"@id":"https:\/\/candas365.es\/noticias\/el-gobierno-y-acnur-llevaran-a-cabo-un-proyecto-piloto-de-patrocinio-comunitario-para-la-acogida-e-integracion-de-refugiados\/#mainImage"},"datePublished":"2018-11-28T06:45:48+01:00","dateModified":"2018-11-28T06:45:48+01:00"},{"@type":"WebSite","@id":"https:\/\/candas365.es\/noticias\/#website","url":"https:\/\/candas365.es\/noticias\/","name":"Cand\u00e1s 365","alternateName":"Cand\u00e1s 365 Noticias","description":"Actualidad desde Carre\u00f1o para el mundo","inLanguage":"es-ES","publisher":{"@id":"https:\/\/candas365.es\/noticias\/#organization"}}]},"og:locale":"es_ES","og:site_name":"Cand\u00e1s 365","og:type":"article","og:title":"El Gobierno y ACNUR llevar\u00e1n a cabo un proyecto piloto de patrocinio comunitario para la acogida e integraci\u00f3n de refugiados | Cand\u00e1s 365","og:description":"La secretaria de Estado de Migraciones, Consuelo Rum\u00ed, y el Alto Comisionado de Naciones Unidas para los Refugiados (ACNUR), Filippo Grandi, junto con el Gobierno vasco, han acordado la puesta en marcha de un proyecto piloto de Patrocinio Comunitario para la Acogida e Integraci\u00f3n de Personas Refugiadas. Espa\u00f1a se convierte as\u00ed, junto al Gobierno de","og:url":"https:\/\/candas365.es\/noticias\/el-gobierno-y-acnur-llevaran-a-cabo-un-proyecto-piloto-de-patrocinio-comunitario-para-la-acogida-e-integracion-de-refugiados\/","og:image":"https:\/\/candas365.es\/noticias\/wp-content\/uploads\/2018\/11\/261118-Rumi.jpg","og:image:secure_url":"https:\/\/candas365.es\/noticias\/wp-content\/uploads\/2018\/11\/261118-Rumi.jpg","og:image:width":512,"og:image:height":340,"article:published_time":"2018-11-28T06:45:48+00:00","article:modified_time":"2018-11-28T06:45:48+00:00","article:publisher":"https:\/\/www.facebook.com\/Nachofdezber","article:author":"https:\/\/www.facebook.com\/carrenoactualidad","twitter:card":"summary_large_image","twitter:site":"@NabercoDigital","twitter:title":"El Gobierno y ACNUR llevar\u00e1n a cabo un proyecto piloto de patrocinio comunitario para la acogida e integraci\u00f3n de refugiados | Cand\u00e1s 365","twitter:description":"La secretaria de Estado de Migraciones, Consuelo Rum\u00ed, y el Alto Comisionado de Naciones Unidas para los Refugiados (ACNUR), Filippo Grandi, junto con el Gobierno vasco, han acordado la puesta en marcha de un proyecto piloto de Patrocinio Comunitario para la Acogida e Integraci\u00f3n de Personas Refugiadas. Espa\u00f1a se convierte as\u00ed, junto al Gobierno de","twitter:creator":"@nbasturias","twitter:image":"https:\/\/candas365.es\/noticias\/wp-content\/uploads\/2018\/11\/261118-Rumi.jpg","twitter:label1":"Escrito por","twitter:data1":"Cand\u00e1s 365","twitter:label2":"Tiempo de lectura estimado","twitter:data2":"2 minutos"},"aioseo_meta_data":{"post_id":"110893","title":null,"description":null,"keywords":null,"keyphrases":null,"primary_term":null,"canonical_url":null,"og_title":null,"og_description":null,"og_object_type":"default","og_image_type":"default","og_image_url":null,"og_image_width":null,"og_image_height":null,"og_image_custom_url":null,"og_image_custom_fields":null,"og_video":null,"og_custom_url":null,"og_article_section":null,"og_article_tags":null,"twitter_use_og":false,"twitter_card":"default","twitter_image_type":"default","twitter_image_url":null,"twitter_image_custom_url":null,"twitter_image_custom_fields":null,"twitter_title":null,"twitter_description":null,"schema":{"blockGraphs":[],"customGraphs":[],"default":{"data":{"Article":[],"Course":[],"Dataset":[],"FAQPage":[],"Movie":[],"Person":[],"Product":[],"ProductReview":[],"Car":[],"Recipe":[],"Service":[],"SoftwareApplication":[],"WebPage":[]},"graphName":"","isEnabled":true},"graphs":[],"defaultGraph":"","defaultPostTypeGraph":""},"schema_type":null,"schema_type_options":null,"pillar_content":false,"robots_default":true,"robots_noindex":false,"robots_noarchive":false,"robots_nosnippet":false,"robots_nofollow":false,"robots_noimageindex":false,"robots_noodp":false,"robots_notranslate":false,"robots_max_snippet":null,"robots_max_videopreview":null,"robots_max_imagepreview":"large","priority":null,"frequency":null,"location":null,"local_seo":null,"seo_analyzer_scan_date":"2025-08-28 13:53:11","breadcrumb_settings":null,"limit_modified_date":false,"reviewed_by":null,"open_ai":null,"ai":null,"created":"2020-12-21 11:38:06","updated":"2025-08-28 13:53:11"},"aioseo_breadcrumb":"<div class=\"aioseo-breadcrumbs\"><span class=\"aioseo-breadcrumb\">\n\t<a href=\"https:\/\/candas365.es\/noticias\" title=\"Home\">Home<\/a>\n<\/span><span class=\"aioseo-breadcrumb-separator\">&ndash;<\/span><span class=\"aioseo-breadcrumb\">\n\t<a href=\"https:\/\/candas365.es\/noticias\/category\/actualidad\/\" title=\"Actualidad\">Actualidad<\/a>\n<\/span><span class=\"aioseo-breadcrumb-separator\">&ndash;<\/span><span class=\"aioseo-breadcrumb\">\n\tEl Gobierno y ACNUR llevar\u00e1n a cabo un proyecto piloto de patrocinio comunitario para la acogida e integraci\u00f3n de refugiados\n<\/span><\/div>","aioseo_breadcrumb_json":[{"label":"Home","link":"https:\/\/candas365.es\/noticias"},{"label":"Actualidad","link":"https:\/\/candas365.es\/noticias\/category\/actualidad\/"},{"label":"El Gobierno y ACNUR llevar\u00e1n a cabo un proyecto piloto de patrocinio comunitario para la acogida e integraci\u00f3n de refugiados","link":"https:\/\/candas365.es\/noticias\/el-gobierno-y-acnur-llevaran-a-cabo-un-proyecto-piloto-de-patrocinio-comunitario-para-la-acogida-e-integracion-de-refugiados\/"}],"_links":{"self":[{"href":"https:\/\/candas365.es\/noticias\/wp-json\/wp\/v2\/posts\/110893","targetHints":{"allow":["GET"]}}],"collection":[{"href":"https:\/\/candas365.es\/noticias\/wp-json\/wp\/v2\/posts"}],"about":[{"href":"https:\/\/candas365.es\/noticias\/wp-json\/wp\/v2\/types\/post"}],"author":[{"embeddable":true,"href":"https:\/\/candas365.es\/noticias\/wp-json\/wp\/v2\/users\/1"}],"replies":[{"embeddable":true,"href":"https:\/\/candas365.es\/noticias\/wp-json\/wp\/v2\/comments?post=110893"}],"version-history":[{"count":0,"href":"https:\/\/candas365.es\/noticias\/wp-json\/wp\/v2\/posts\/110893\/revisions"}],"wp:featuredmedia":[{"embeddable":true,"href":"https:\/\/candas365.es\/noticias\/wp-json\/wp\/v2\/media\/110894"}],"wp:attachment":[{"href":"https:\/\/candas365.es\/noticias\/wp-json\/wp\/v2\/media?parent=110893"}],"wp:term":[{"taxonomy":"category","embeddable":true,"href":"https:\/\/candas365.es\/noticias\/wp-json\/wp\/v2\/categories?post=110893"},{"taxonomy":"post_tag","embeddable":true,"href":"https:\/\/candas365.es\/noticias\/wp-json\/wp\/v2\/tags?post=110893"}],"curies":[{"name":"wp","href":"https:\/\/api.w.org\/{rel}","templated":true}]}}