{"id":110735,"date":"2018-11-26T11:37:50","date_gmt":"2018-11-26T11:37:50","guid":{"rendered":"http:\/\/candas365.es\/noticias\/?p=110735"},"modified":"2018-11-26T11:37:50","modified_gmt":"2018-11-26T11:37:50","slug":"cuba-vive-dos-anos-sin-fidel-en-medio-de-la-reforma-constitucional","status":"publish","type":"post","link":"https:\/\/candas365.es\/noticias\/cuba-vive-dos-anos-sin-fidel-en-medio-de-la-reforma-constitucional\/","title":{"rendered":"Cuba vive dos a\u00f1os sin Fidel en medio de la reforma constitucional"},"content":{"rendered":"<p><img fetchpriority=\"high\" decoding=\"async\" src=\"https:\/\/candas365.es\/noticias\/wp-content\/uploads\/2018\/04\/cuba-2766076_960_720-360x241.jpg\" alt=\"\" width=\"360\" height=\"241\" class=\"alignleft size-medium wp-image-94045\" srcset=\"https:\/\/candas365.es\/noticias\/wp-content\/uploads\/2018\/04\/cuba-2766076_960_720-360x241.jpg 360w, https:\/\/candas365.es\/noticias\/wp-content\/uploads\/2018\/04\/cuba-2766076_960_720-696x465.jpg 696w, https:\/\/candas365.es\/noticias\/wp-content\/uploads\/2018\/04\/cuba-2766076_960_720-628x420.jpg 628w, https:\/\/candas365.es\/noticias\/wp-content\/uploads\/2018\/04\/cuba-2766076_960_720-768x514.jpg 768w, https:\/\/candas365.es\/noticias\/wp-content\/uploads\/2018\/04\/cuba-2766076_960_720-655x438.jpg 655w, https:\/\/candas365.es\/noticias\/wp-content\/uploads\/2018\/04\/cuba-2766076_960_720.jpg 960w\" sizes=\"(max-width: 360px) 100vw, 360px\" \/>La Habana, 25 nov (dpa) &#8211; La noche del 25 de noviembre de 2016, Cuba se paraliz\u00f3: Ra\u00fal Castro apareci\u00f3 en la televisi\u00f3n nacional con su uniforme de general de Ej\u00e9rcito y anunci\u00f3 al pa\u00eds que Fidel Castro hab\u00eda fallecido. <\/p>\n<p>\u00abCon profundo dolor comparezco para informarle a nuestro pueblo y a los amigos de Am\u00e9rica y del mundo, que hoy 25 de noviembre, a las 10:29 horas de la noche, falleci\u00f3 el Comandante en Jefe de la Revoluci\u00f3n Cubana Fidel Castro Ruz\u00bb, dijo.<\/p>\n<p>La noticia, de la que hoy se cumplen dos a\u00f1os, fue tantas veces un rumor que la certeza del momento sorprendi\u00f3 a la mayor\u00eda. Muchos vieron como el fin de una etapa y el inicio de otra, pero realmente Fidel Castro llevaba 10 a\u00f1os retirado de la primera l\u00ednea de poder, desde que cedi\u00f3 la Presidencia del pa\u00eds a su hermano Ra\u00fal.<\/p>\n<p>Esa d\u00e9cada fue aprovechada por el peque\u00f1o de los Castro para iniciar una serie de reformas econ\u00f3micas que abrieron peque\u00f1os espacios a la iniciativa privada en el pa\u00eds socialista, aunque todav\u00eda dejando al Estado como predominante y sin considerar las reformas pol\u00edticas que cuestionasen el partido \u00fanico. <\/p>\n<p>Cuba est\u00e1 viviendo el segundo a\u00f1o de ausencia de Fidel Castro inmersa en un proceso de reforma de la actual Constituci\u00f3n de 1976 y el cual promueve cambios en el texto que podr\u00edan permitir el matrimonio homosexual o la apertura de empresas privadas. <\/p>\n<p>En esa hoja de ruta se mantiene el nuevo presidente cubano, Miguel D\u00edaz-Canel, que el pasado abril se convirti\u00f3 en el primero sin apellido Castro en tener las riendas del pa\u00eds en los pasados casi 60 a\u00f1os.<\/p>\n<p>Las t\u00edmidas reformas econ\u00f3micas han servido para restarle legitimidad institucional a los contrarios a la apertura, pero no ha terminado de fraguar.  <\/p>\n<p>El a\u00f1o de la muerte de Fidel Castro, 2016, cerr\u00f3 con la primera recesi\u00f3n en Cuba en m\u00e1s de veinte a\u00f1os: una contracci\u00f3n de la econom\u00eda del 0,9 por ciento. A esta situaci\u00f3n contribuy\u00f3 en buena parte la crisis del aliado venezolano, que redujo a la mitad el env\u00edo de crudo a la isla, dej\u00e1ndolo en alrededor de 50.000 barriles diarios.<\/p>\n<p>Un a\u00f1o despu\u00e9s, el Gobierno cubano logr\u00f3 revertir la situaci\u00f3n con un crecimiento estimado del 1,6 por ciento, seg\u00fan datos oficiales, gracias al aumento del turismo y la construcci\u00f3n hotelera.  <\/p>\n<p>Pero el pasado julio, D\u00edaz-Canel, anunci\u00f3 un discreto aumento del 1,1 por ciento en el primer trimestre de 2018, lo que atribuy\u00f3 a los desastres naturales y al endurecimiento del embargo estadounidense sobre la isla por parte del Gobierno del presidente Donald Trump. <\/p>\n<p>La apertura econ\u00f3mica de Ra\u00fal Castro sufri\u00f3 un freno en el otorgamiento de nuevas licencias para los trabajadores aut\u00f3nomos que volver\u00e1 a abrirse en diciembre pero con nuevas reglas, seg\u00fan el Gobierno, para \u00abreordenar fiscal y legalmente\u00bb al sector. <\/p>\n<p>Los \u00abcuentapropistas\u00bb, como se conoce en la isla a los trabajadores aut\u00f3nomos, aseguran que las nuevas medidas, como la de solo tener una licencia por persona para ejercer una actividad, buscan frenar su crecimiento por recelo del Estado a la fuerza que hab\u00edan tomado en los \u00faltimos a\u00f1os. <\/p>\n<p>Ante esto, la inversi\u00f3n extranjera sigue siendo una de las prioridades del Gobierno cubano, que ha cifrado en 2.500 millones de d\u00f3lares anuales la cantidad que necesita para que la econom\u00eda nacional crezca.<\/p>\n<p>El tema m\u00e1s pol\u00e9mico que se debate es precisamente el art\u00edculo 68 que busca permitir los matrimonios entre personas del mismo sexo, algo que ha despertado el activo rechazo de las iglesias evang\u00e9licas de la isla. <\/p>\n<p>La nueva Carta Magna tambien plantea la limitaci\u00f3n de la presidencia a dos mandatos de cinco a\u00f1os y la creaci\u00f3n de la figura del primer ministro, que atender\u00eda los temas diarios del Gobierno. <\/p>\n<p>La oposici\u00f3n critica la reforma porque considera que no incluye cambios en el sistema del partido comunista \u00fanico, que se mantendr\u00e1 en el texto que se debe votar el 24 de febrero de 2019.<\/p>\n<p>Por Guillermo Nova (dpa)<\/p>\n","protected":false},"excerpt":{"rendered":"<p>La Habana, 25 nov (dpa) &#8211; La noche del 25 de noviembre de 2016, Cuba se paraliz\u00f3: Ra\u00fal Castro apareci\u00f3 en la televisi\u00f3n nacional con su uniforme de general de Ej\u00e9rcito y anunci\u00f3 al pa\u00eds que Fidel Castro hab\u00eda fallecido. \u00abCon profundo dolor comparezco para informarle a nuestro pueblo y a los amigos de Am\u00e9rica<\/p>\n","protected":false},"author":1,"featured_media":94045,"comment_status":"closed","ping_status":"closed","sticky":false,"template":"","format":"standard","meta":{"footnotes":""},"categories":[143],"tags":[],"class_list":{"0":"post-110735","1":"post","2":"type-post","3":"status-publish","4":"format-standard","5":"has-post-thumbnail","7":"category-sociedad"},"aioseo_notices":[],"aioseo_head":"\n\t\t<!-- All in One SEO Pro 4.9.6.2 - aioseo.com -->\n\t<meta name=\"description\" content=\"La Habana, 25 nov (dpa) - La noche del 25 de noviembre de 2016, Cuba se paraliz\u00f3: Ra\u00fal Castro apareci\u00f3 en la televisi\u00f3n nacional con su uniforme de general de Ej\u00e9rcito y anunci\u00f3 al pa\u00eds que Fidel Castro hab\u00eda fallecido. &quot;Con profundo dolor comparezco para informarle a nuestro pueblo y a los amigos de Am\u00e9rica\" \/>\n\t<meta name=\"robots\" content=\"max-image-preview:large\" \/>\n\t<meta name=\"author\" content=\"Cand\u00e1s 365\"\/>\n\t<meta name=\"google-site-verification\" content=\"UA-32230408-1\" \/>\n\t<meta name=\"msvalidate.01\" content=\"354F3CDFB2DA171B47FBE9ABF1F88D5\" \/>\n\t<meta name=\"keywords\" content=\"sociedad\" \/>\n\t<link rel=\"canonical\" href=\"https:\/\/candas365.es\/noticias\/cuba-vive-dos-anos-sin-fidel-en-medio-de-la-reforma-constitucional\/\" \/>\n\t<meta name=\"generator\" content=\"All in One SEO Pro (AIOSEO) 4.9.6.2\" \/>\n\t\t<meta property=\"og:locale\" content=\"es_ES\" \/>\n\t\t<meta property=\"og:site_name\" content=\"Cand\u00e1s 365\" \/>\n\t\t<meta property=\"og:type\" content=\"article\" \/>\n\t\t<meta property=\"og:title\" content=\"Cuba vive dos a\u00f1os sin Fidel en medio de la reforma constitucional | Cand\u00e1s 365\" \/>\n\t\t<meta property=\"og:description\" content=\"La Habana, 25 nov (dpa) - La noche del 25 de noviembre de 2016, Cuba se paraliz\u00f3: Ra\u00fal Castro apareci\u00f3 en la televisi\u00f3n nacional con su uniforme de general de Ej\u00e9rcito y anunci\u00f3 al pa\u00eds que Fidel Castro hab\u00eda fallecido. &quot;Con profundo dolor comparezco para informarle a nuestro pueblo y a los amigos de Am\u00e9rica\" \/>\n\t\t<meta property=\"og:url\" content=\"https:\/\/candas365.es\/noticias\/cuba-vive-dos-anos-sin-fidel-en-medio-de-la-reforma-constitucional\/\" \/>\n\t\t<meta property=\"og:image\" content=\"https:\/\/candas365.es\/noticias\/wp-content\/uploads\/2018\/04\/cuba-2766076_960_720.jpg\" \/>\n\t\t<meta property=\"og:image:secure_url\" content=\"https:\/\/candas365.es\/noticias\/wp-content\/uploads\/2018\/04\/cuba-2766076_960_720.jpg\" \/>\n\t\t<meta property=\"og:image:width\" content=\"960\" \/>\n\t\t<meta property=\"og:image:height\" content=\"642\" \/>\n\t\t<meta property=\"article:published_time\" content=\"2018-11-26T11:37:50+00:00\" \/>\n\t\t<meta property=\"article:modified_time\" content=\"2018-11-26T11:37:50+00:00\" \/>\n\t\t<meta property=\"article:publisher\" content=\"https:\/\/www.facebook.com\/Nachofdezber\" \/>\n\t\t<meta property=\"article:author\" content=\"https:\/\/www.facebook.com\/carrenoactualidad\" \/>\n\t\t<meta name=\"twitter:card\" content=\"summary_large_image\" \/>\n\t\t<meta name=\"twitter:site\" content=\"@NabercoDigital\" \/>\n\t\t<meta name=\"twitter:title\" content=\"Cuba vive dos a\u00f1os sin Fidel en medio de la reforma constitucional | Cand\u00e1s 365\" \/>\n\t\t<meta name=\"twitter:description\" content=\"La Habana, 25 nov (dpa) - La noche del 25 de noviembre de 2016, Cuba se paraliz\u00f3: Ra\u00fal Castro apareci\u00f3 en la televisi\u00f3n nacional con su uniforme de general de Ej\u00e9rcito y anunci\u00f3 al pa\u00eds que Fidel Castro hab\u00eda fallecido. &quot;Con profundo dolor comparezco para informarle a nuestro pueblo y a los amigos de Am\u00e9rica\" \/>\n\t\t<meta name=\"twitter:creator\" content=\"@nbasturias\" \/>\n\t\t<meta name=\"twitter:image\" content=\"https:\/\/candas365.es\/noticias\/wp-content\/uploads\/2018\/04\/cuba-2766076_960_720.jpg\" \/>\n\t\t<meta name=\"twitter:label1\" content=\"Escrito por\" \/>\n\t\t<meta name=\"twitter:data1\" content=\"Cand\u00e1s 365\" \/>\n\t\t<meta name=\"twitter:label2\" content=\"Tiempo de lectura estimado\" \/>\n\t\t<meta name=\"twitter:data2\" content=\"3 minutos\" \/>\n\t\t<script type=\"application\/ld+json\" class=\"aioseo-schema\">\n\t\t\t{\"@context\":\"https:\\\/\\\/schema.org\",\"@graph\":[{\"@type\":\"BreadcrumbList\",\"@id\":\"https:\\\/\\\/candas365.es\\\/noticias\\\/cuba-vive-dos-anos-sin-fidel-en-medio-de-la-reforma-constitucional\\\/#breadcrumblist\",\"itemListElement\":[{\"@type\":\"ListItem\",\"@id\":\"https:\\\/\\\/candas365.es\\\/noticias#listItem\",\"position\":1,\"name\":\"Home\",\"item\":\"https:\\\/\\\/candas365.es\\\/noticias\",\"nextItem\":{\"@type\":\"ListItem\",\"@id\":\"https:\\\/\\\/candas365.es\\\/noticias\\\/category\\\/sociedad\\\/#listItem\",\"name\":\"Sociedad\"}},{\"@type\":\"ListItem\",\"@id\":\"https:\\\/\\\/candas365.es\\\/noticias\\\/category\\\/sociedad\\\/#listItem\",\"position\":2,\"name\":\"Sociedad\",\"item\":\"https:\\\/\\\/candas365.es\\\/noticias\\\/category\\\/sociedad\\\/\",\"nextItem\":{\"@type\":\"ListItem\",\"@id\":\"https:\\\/\\\/candas365.es\\\/noticias\\\/cuba-vive-dos-anos-sin-fidel-en-medio-de-la-reforma-constitucional\\\/#listItem\",\"name\":\"Cuba vive dos a\\u00f1os sin Fidel en medio de la reforma constitucional\"},\"previousItem\":{\"@type\":\"ListItem\",\"@id\":\"https:\\\/\\\/candas365.es\\\/noticias#listItem\",\"name\":\"Home\"}},{\"@type\":\"ListItem\",\"@id\":\"https:\\\/\\\/candas365.es\\\/noticias\\\/cuba-vive-dos-anos-sin-fidel-en-medio-de-la-reforma-constitucional\\\/#listItem\",\"position\":3,\"name\":\"Cuba vive dos a\\u00f1os sin Fidel en medio de la reforma constitucional\",\"previousItem\":{\"@type\":\"ListItem\",\"@id\":\"https:\\\/\\\/candas365.es\\\/noticias\\\/category\\\/sociedad\\\/#listItem\",\"name\":\"Sociedad\"}}]},{\"@type\":\"NewsArticle\",\"@id\":\"https:\\\/\\\/candas365.es\\\/noticias\\\/cuba-vive-dos-anos-sin-fidel-en-medio-de-la-reforma-constitucional\\\/#newsarticle\",\"name\":\"Cuba vive dos a\\u00f1os sin Fidel en medio de la reforma constitucional | Cand\\u00e1s 365\",\"headline\":\"Cuba vive dos a\\u00f1os sin Fidel en medio de la reforma constitucional\",\"author\":{\"@id\":\"https:\\\/\\\/candas365.es\\\/noticias\\\/author\\\/admin\\\/#author\"},\"publisher\":{\"@id\":\"https:\\\/\\\/candas365.es\\\/noticias\\\/#organization\"},\"image\":{\"@type\":\"ImageObject\",\"url\":\"https:\\\/\\\/candas365.es\\\/noticias\\\/wp-content\\\/uploads\\\/2018\\\/04\\\/cuba-2766076_960_720.jpg\",\"width\":960,\"height\":642},\"datePublished\":\"2018-11-26T11:37:50+01:00\",\"dateModified\":\"2018-11-26T11:37:50+01:00\",\"inLanguage\":\"es-ES\",\"mainEntityOfPage\":{\"@id\":\"https:\\\/\\\/candas365.es\\\/noticias\\\/cuba-vive-dos-anos-sin-fidel-en-medio-de-la-reforma-constitucional\\\/#webpage\"},\"isPartOf\":{\"@id\":\"https:\\\/\\\/candas365.es\\\/noticias\\\/cuba-vive-dos-anos-sin-fidel-en-medio-de-la-reforma-constitucional\\\/#webpage\"},\"articleSection\":\"Sociedad\",\"dateline\":\"Publicado el noviembre 26, 2018.\"},{\"@type\":\"Organization\",\"@id\":\"https:\\\/\\\/candas365.es\\\/noticias\\\/#organization\",\"name\":\"Cand\\u00e1s 365\",\"description\":\"Cand\\u00e1s 365 es un diario digital independiente, fundado en 2012, con base en Asturias. Informamos con rigor sobre actualidad, sociedad, cultura y ocio, con una mirada local y global.\",\"url\":\"https:\\\/\\\/candas365.es\\\/noticias\\\/\",\"email\":\"info@candas365.es\",\"telephone\":\"+34652131393\",\"foundingDate\":\"2012-06-10\",\"logo\":{\"@type\":\"ImageObject\",\"url\":\"https:\\\/\\\/candas365.es\\\/noticias\\\/wp-content\\\/uploads\\\/2024\\\/09\\\/Candas-365-Redes.jpg\",\"@id\":\"https:\\\/\\\/candas365.es\\\/noticias\\\/cuba-vive-dos-anos-sin-fidel-en-medio-de-la-reforma-constitucional\\\/#organizationLogo\",\"width\":1152,\"height\":864,\"caption\":\"Cand\\u00e1s 365 Redes\"},\"image\":{\"@id\":\"https:\\\/\\\/candas365.es\\\/noticias\\\/cuba-vive-dos-anos-sin-fidel-en-medio-de-la-reforma-constitucional\\\/#organizationLogo\"},\"sameAs\":[\"https:\\\/\\\/www.facebook.com\\\/Nachofdezber\",\"https:\\\/\\\/x.com\\\/NabercoDigital\",\"https:\\\/\\\/www.instagram.com\\\/nachofdezber\\\/\",\"https:\\\/\\\/www.youtube.com\\\/channel\\\/UCZP-2wLEB9Rv6erhFmqVnvg\"],\"address\":{\"@id\":\"https:\\\/\\\/candas365.es\\\/noticias\\\/#postaladdress\",\"@type\":\"PostalAddress\",\"streetAddress\":\"san antonio 4, san antonio 4\",\"postalCode\":\"33430\",\"addressLocality\":\"Cand\\u00e1s\",\"addressRegion\":\"Asturias\",\"addressCountry\":\"ES\"}},{\"@type\":\"Person\",\"@id\":\"https:\\\/\\\/candas365.es\\\/noticias\\\/author\\\/admin\\\/#author\",\"url\":\"https:\\\/\\\/candas365.es\\\/noticias\\\/author\\\/admin\\\/\",\"name\":\"Cand\\u00e1s 365\",\"image\":{\"@type\":\"ImageObject\",\"@id\":\"https:\\\/\\\/candas365.es\\\/noticias\\\/cuba-vive-dos-anos-sin-fidel-en-medio-de-la-reforma-constitucional\\\/#authorImage\",\"url\":\"https:\\\/\\\/secure.gravatar.com\\\/avatar\\\/496a8e03d0c493ede1718b7934145dbdf8d89be1036b0eec9544e1094c9de390?s=96&d=mm&r=g\",\"width\":96,\"height\":96,\"caption\":\"Cand\\u00e1s 365\"},\"sameAs\":[\"https:\\\/\\\/www.facebook.com\\\/carrenoactualidad\",\"https:\\\/\\\/twitter.com\\\/nbasturias\",\"https:\\\/\\\/www.instagram.com\\\/nachofdezber\\\/\",\"https:\\\/\\\/www.youtube.com\\\/channel\\\/UCZP-2wLEB9Rv6erhFmqVnvg\"]},{\"@type\":\"WebPage\",\"@id\":\"https:\\\/\\\/candas365.es\\\/noticias\\\/cuba-vive-dos-anos-sin-fidel-en-medio-de-la-reforma-constitucional\\\/#webpage\",\"url\":\"https:\\\/\\\/candas365.es\\\/noticias\\\/cuba-vive-dos-anos-sin-fidel-en-medio-de-la-reforma-constitucional\\\/\",\"name\":\"Cuba vive dos a\\u00f1os sin Fidel en medio de la reforma constitucional | Cand\\u00e1s 365\",\"description\":\"La Habana, 25 nov (dpa) - La noche del 25 de noviembre de 2016, Cuba se paraliz\\u00f3: Ra\\u00fal Castro apareci\\u00f3 en la televisi\\u00f3n nacional con su uniforme de general de Ej\\u00e9rcito y anunci\\u00f3 al pa\\u00eds que Fidel Castro hab\\u00eda fallecido. \\\"Con profundo dolor comparezco para informarle a nuestro pueblo y a los amigos de Am\\u00e9rica\",\"inLanguage\":\"es-ES\",\"isPartOf\":{\"@id\":\"https:\\\/\\\/candas365.es\\\/noticias\\\/#website\"},\"breadcrumb\":{\"@id\":\"https:\\\/\\\/candas365.es\\\/noticias\\\/cuba-vive-dos-anos-sin-fidel-en-medio-de-la-reforma-constitucional\\\/#breadcrumblist\"},\"author\":{\"@id\":\"https:\\\/\\\/candas365.es\\\/noticias\\\/author\\\/admin\\\/#author\"},\"creator\":{\"@id\":\"https:\\\/\\\/candas365.es\\\/noticias\\\/author\\\/admin\\\/#author\"},\"image\":{\"@type\":\"ImageObject\",\"url\":\"https:\\\/\\\/candas365.es\\\/noticias\\\/wp-content\\\/uploads\\\/2018\\\/04\\\/cuba-2766076_960_720.jpg\",\"@id\":\"https:\\\/\\\/candas365.es\\\/noticias\\\/cuba-vive-dos-anos-sin-fidel-en-medio-de-la-reforma-constitucional\\\/#mainImage\",\"width\":960,\"height\":642},\"primaryImageOfPage\":{\"@id\":\"https:\\\/\\\/candas365.es\\\/noticias\\\/cuba-vive-dos-anos-sin-fidel-en-medio-de-la-reforma-constitucional\\\/#mainImage\"},\"datePublished\":\"2018-11-26T11:37:50+01:00\",\"dateModified\":\"2018-11-26T11:37:50+01:00\"},{\"@type\":\"WebSite\",\"@id\":\"https:\\\/\\\/candas365.es\\\/noticias\\\/#website\",\"url\":\"https:\\\/\\\/candas365.es\\\/noticias\\\/\",\"name\":\"Cand\\u00e1s 365\",\"alternateName\":\"Cand\\u00e1s 365 Noticias\",\"description\":\"Actualidad desde Carre\\u00f1o para el mundo\",\"inLanguage\":\"es-ES\",\"publisher\":{\"@id\":\"https:\\\/\\\/candas365.es\\\/noticias\\\/#organization\"}}]}\n\t\t<\/script>\n\t\t<!-- All in One SEO Pro -->\r\n\t\t<title>Cuba vive dos a\u00f1os sin Fidel en medio de la reforma constitucional | Cand\u00e1s 365<\/title>\n\n","aioseo_head_json":{"title":"Cuba vive dos a\u00f1os sin Fidel en medio de la reforma constitucional | Cand\u00e1s 365","description":"La Habana, 25 nov (dpa) - La noche del 25 de noviembre de 2016, Cuba se paraliz\u00f3: Ra\u00fal Castro apareci\u00f3 en la televisi\u00f3n nacional con su uniforme de general de Ej\u00e9rcito y anunci\u00f3 al pa\u00eds que Fidel Castro hab\u00eda fallecido. \"Con profundo dolor comparezco para informarle a nuestro pueblo y a los amigos de Am\u00e9rica","canonical_url":"https:\/\/candas365.es\/noticias\/cuba-vive-dos-anos-sin-fidel-en-medio-de-la-reforma-constitucional\/","robots":"max-image-preview:large","keywords":"sociedad","webmasterTools":{"google-site-verification":"UA-32230408-1","msvalidate.01":"354F3CDFB2DA171B47FBE9ABF1F88D5","miscellaneous":""},"schema":{"@context":"https:\/\/schema.org","@graph":[{"@type":"BreadcrumbList","@id":"https:\/\/candas365.es\/noticias\/cuba-vive-dos-anos-sin-fidel-en-medio-de-la-reforma-constitucional\/#breadcrumblist","itemListElement":[{"@type":"ListItem","@id":"https:\/\/candas365.es\/noticias#listItem","position":1,"name":"Home","item":"https:\/\/candas365.es\/noticias","nextItem":{"@type":"ListItem","@id":"https:\/\/candas365.es\/noticias\/category\/sociedad\/#listItem","name":"Sociedad"}},{"@type":"ListItem","@id":"https:\/\/candas365.es\/noticias\/category\/sociedad\/#listItem","position":2,"name":"Sociedad","item":"https:\/\/candas365.es\/noticias\/category\/sociedad\/","nextItem":{"@type":"ListItem","@id":"https:\/\/candas365.es\/noticias\/cuba-vive-dos-anos-sin-fidel-en-medio-de-la-reforma-constitucional\/#listItem","name":"Cuba vive dos a\u00f1os sin Fidel en medio de la reforma constitucional"},"previousItem":{"@type":"ListItem","@id":"https:\/\/candas365.es\/noticias#listItem","name":"Home"}},{"@type":"ListItem","@id":"https:\/\/candas365.es\/noticias\/cuba-vive-dos-anos-sin-fidel-en-medio-de-la-reforma-constitucional\/#listItem","position":3,"name":"Cuba vive dos a\u00f1os sin Fidel en medio de la reforma constitucional","previousItem":{"@type":"ListItem","@id":"https:\/\/candas365.es\/noticias\/category\/sociedad\/#listItem","name":"Sociedad"}}]},{"@type":"NewsArticle","@id":"https:\/\/candas365.es\/noticias\/cuba-vive-dos-anos-sin-fidel-en-medio-de-la-reforma-constitucional\/#newsarticle","name":"Cuba vive dos a\u00f1os sin Fidel en medio de la reforma constitucional | Cand\u00e1s 365","headline":"Cuba vive dos a\u00f1os sin Fidel en medio de la reforma constitucional","author":{"@id":"https:\/\/candas365.es\/noticias\/author\/admin\/#author"},"publisher":{"@id":"https:\/\/candas365.es\/noticias\/#organization"},"image":{"@type":"ImageObject","url":"https:\/\/candas365.es\/noticias\/wp-content\/uploads\/2018\/04\/cuba-2766076_960_720.jpg","width":960,"height":642},"datePublished":"2018-11-26T11:37:50+01:00","dateModified":"2018-11-26T11:37:50+01:00","inLanguage":"es-ES","mainEntityOfPage":{"@id":"https:\/\/candas365.es\/noticias\/cuba-vive-dos-anos-sin-fidel-en-medio-de-la-reforma-constitucional\/#webpage"},"isPartOf":{"@id":"https:\/\/candas365.es\/noticias\/cuba-vive-dos-anos-sin-fidel-en-medio-de-la-reforma-constitucional\/#webpage"},"articleSection":"Sociedad","dateline":"Publicado el noviembre 26, 2018."},{"@type":"Organization","@id":"https:\/\/candas365.es\/noticias\/#organization","name":"Cand\u00e1s 365","description":"Cand\u00e1s 365 es un diario digital independiente, fundado en 2012, con base en Asturias. Informamos con rigor sobre actualidad, sociedad, cultura y ocio, con una mirada local y global.","url":"https:\/\/candas365.es\/noticias\/","email":"info@candas365.es","telephone":"+34652131393","foundingDate":"2012-06-10","logo":{"@type":"ImageObject","url":"https:\/\/candas365.es\/noticias\/wp-content\/uploads\/2024\/09\/Candas-365-Redes.jpg","@id":"https:\/\/candas365.es\/noticias\/cuba-vive-dos-anos-sin-fidel-en-medio-de-la-reforma-constitucional\/#organizationLogo","width":1152,"height":864,"caption":"Cand\u00e1s 365 Redes"},"image":{"@id":"https:\/\/candas365.es\/noticias\/cuba-vive-dos-anos-sin-fidel-en-medio-de-la-reforma-constitucional\/#organizationLogo"},"sameAs":["https:\/\/www.facebook.com\/Nachofdezber","https:\/\/x.com\/NabercoDigital","https:\/\/www.instagram.com\/nachofdezber\/","https:\/\/www.youtube.com\/channel\/UCZP-2wLEB9Rv6erhFmqVnvg"],"address":{"@id":"https:\/\/candas365.es\/noticias\/#postaladdress","@type":"PostalAddress","streetAddress":"san antonio 4, san antonio 4","postalCode":"33430","addressLocality":"Cand\u00e1s","addressRegion":"Asturias","addressCountry":"ES"}},{"@type":"Person","@id":"https:\/\/candas365.es\/noticias\/author\/admin\/#author","url":"https:\/\/candas365.es\/noticias\/author\/admin\/","name":"Cand\u00e1s 365","image":{"@type":"ImageObject","@id":"https:\/\/candas365.es\/noticias\/cuba-vive-dos-anos-sin-fidel-en-medio-de-la-reforma-constitucional\/#authorImage","url":"https:\/\/secure.gravatar.com\/avatar\/496a8e03d0c493ede1718b7934145dbdf8d89be1036b0eec9544e1094c9de390?s=96&d=mm&r=g","width":96,"height":96,"caption":"Cand\u00e1s 365"},"sameAs":["https:\/\/www.facebook.com\/carrenoactualidad","https:\/\/twitter.com\/nbasturias","https:\/\/www.instagram.com\/nachofdezber\/","https:\/\/www.youtube.com\/channel\/UCZP-2wLEB9Rv6erhFmqVnvg"]},{"@type":"WebPage","@id":"https:\/\/candas365.es\/noticias\/cuba-vive-dos-anos-sin-fidel-en-medio-de-la-reforma-constitucional\/#webpage","url":"https:\/\/candas365.es\/noticias\/cuba-vive-dos-anos-sin-fidel-en-medio-de-la-reforma-constitucional\/","name":"Cuba vive dos a\u00f1os sin Fidel en medio de la reforma constitucional | Cand\u00e1s 365","description":"La Habana, 25 nov (dpa) - La noche del 25 de noviembre de 2016, Cuba se paraliz\u00f3: Ra\u00fal Castro apareci\u00f3 en la televisi\u00f3n nacional con su uniforme de general de Ej\u00e9rcito y anunci\u00f3 al pa\u00eds que Fidel Castro hab\u00eda fallecido. \"Con profundo dolor comparezco para informarle a nuestro pueblo y a los amigos de Am\u00e9rica","inLanguage":"es-ES","isPartOf":{"@id":"https:\/\/candas365.es\/noticias\/#website"},"breadcrumb":{"@id":"https:\/\/candas365.es\/noticias\/cuba-vive-dos-anos-sin-fidel-en-medio-de-la-reforma-constitucional\/#breadcrumblist"},"author":{"@id":"https:\/\/candas365.es\/noticias\/author\/admin\/#author"},"creator":{"@id":"https:\/\/candas365.es\/noticias\/author\/admin\/#author"},"image":{"@type":"ImageObject","url":"https:\/\/candas365.es\/noticias\/wp-content\/uploads\/2018\/04\/cuba-2766076_960_720.jpg","@id":"https:\/\/candas365.es\/noticias\/cuba-vive-dos-anos-sin-fidel-en-medio-de-la-reforma-constitucional\/#mainImage","width":960,"height":642},"primaryImageOfPage":{"@id":"https:\/\/candas365.es\/noticias\/cuba-vive-dos-anos-sin-fidel-en-medio-de-la-reforma-constitucional\/#mainImage"},"datePublished":"2018-11-26T11:37:50+01:00","dateModified":"2018-11-26T11:37:50+01:00"},{"@type":"WebSite","@id":"https:\/\/candas365.es\/noticias\/#website","url":"https:\/\/candas365.es\/noticias\/","name":"Cand\u00e1s 365","alternateName":"Cand\u00e1s 365 Noticias","description":"Actualidad desde Carre\u00f1o para el mundo","inLanguage":"es-ES","publisher":{"@id":"https:\/\/candas365.es\/noticias\/#organization"}}]},"og:locale":"es_ES","og:site_name":"Cand\u00e1s 365","og:type":"article","og:title":"Cuba vive dos a\u00f1os sin Fidel en medio de la reforma constitucional | Cand\u00e1s 365","og:description":"La Habana, 25 nov (dpa) - La noche del 25 de noviembre de 2016, Cuba se paraliz\u00f3: Ra\u00fal Castro apareci\u00f3 en la televisi\u00f3n nacional con su uniforme de general de Ej\u00e9rcito y anunci\u00f3 al pa\u00eds que Fidel Castro hab\u00eda fallecido. &quot;Con profundo dolor comparezco para informarle a nuestro pueblo y a los amigos de Am\u00e9rica","og:url":"https:\/\/candas365.es\/noticias\/cuba-vive-dos-anos-sin-fidel-en-medio-de-la-reforma-constitucional\/","og:image":"https:\/\/candas365.es\/noticias\/wp-content\/uploads\/2018\/04\/cuba-2766076_960_720.jpg","og:image:secure_url":"https:\/\/candas365.es\/noticias\/wp-content\/uploads\/2018\/04\/cuba-2766076_960_720.jpg","og:image:width":960,"og:image:height":642,"article:published_time":"2018-11-26T11:37:50+00:00","article:modified_time":"2018-11-26T11:37:50+00:00","article:publisher":"https:\/\/www.facebook.com\/Nachofdezber","article:author":"https:\/\/www.facebook.com\/carrenoactualidad","twitter:card":"summary_large_image","twitter:site":"@NabercoDigital","twitter:title":"Cuba vive dos a\u00f1os sin Fidel en medio de la reforma constitucional | Cand\u00e1s 365","twitter:description":"La Habana, 25 nov (dpa) - La noche del 25 de noviembre de 2016, Cuba se paraliz\u00f3: Ra\u00fal Castro apareci\u00f3 en la televisi\u00f3n nacional con su uniforme de general de Ej\u00e9rcito y anunci\u00f3 al pa\u00eds que Fidel Castro hab\u00eda fallecido. &quot;Con profundo dolor comparezco para informarle a nuestro pueblo y a los amigos de Am\u00e9rica","twitter:creator":"@nbasturias","twitter:image":"https:\/\/candas365.es\/noticias\/wp-content\/uploads\/2018\/04\/cuba-2766076_960_720.jpg","twitter:label1":"Escrito por","twitter:data1":"Cand\u00e1s 365","twitter:label2":"Tiempo de lectura estimado","twitter:data2":"3 minutos"},"aioseo_meta_data":{"post_id":"110735","title":null,"description":null,"keywords":null,"keyphrases":null,"primary_term":null,"canonical_url":null,"og_title":null,"og_description":null,"og_object_type":"default","og_image_type":"default","og_image_url":null,"og_image_width":null,"og_image_height":null,"og_image_custom_url":null,"og_image_custom_fields":null,"og_video":null,"og_custom_url":null,"og_article_section":null,"og_article_tags":null,"twitter_use_og":false,"twitter_card":"default","twitter_image_type":"default","twitter_image_url":null,"twitter_image_custom_url":null,"twitter_image_custom_fields":null,"twitter_title":null,"twitter_description":null,"schema":{"blockGraphs":[],"customGraphs":[],"default":{"data":{"Article":[],"Course":[],"Dataset":[],"FAQPage":[],"Movie":[],"Person":[],"Product":[],"ProductReview":[],"Car":[],"Recipe":[],"Service":[],"SoftwareApplication":[],"WebPage":[]},"graphName":"","isEnabled":true},"graphs":[],"defaultGraph":"","defaultPostTypeGraph":""},"schema_type":null,"schema_type_options":null,"pillar_content":false,"robots_default":true,"robots_noindex":false,"robots_noarchive":false,"robots_nosnippet":false,"robots_nofollow":false,"robots_noimageindex":false,"robots_noodp":false,"robots_notranslate":false,"robots_max_snippet":null,"robots_max_videopreview":null,"robots_max_imagepreview":"large","priority":null,"frequency":null,"location":null,"local_seo":null,"seo_analyzer_scan_date":"2025-08-28 13:25:20","breadcrumb_settings":null,"limit_modified_date":false,"reviewed_by":null,"open_ai":null,"ai":null,"created":"2020-12-21 11:38:13","updated":"2025-08-28 13:25:20"},"aioseo_breadcrumb":"<div class=\"aioseo-breadcrumbs\"><span class=\"aioseo-breadcrumb\">\n\t<a href=\"https:\/\/candas365.es\/noticias\" title=\"Home\">Home<\/a>\n<\/span><span class=\"aioseo-breadcrumb-separator\">&ndash;<\/span><span class=\"aioseo-breadcrumb\">\n\t<a href=\"https:\/\/candas365.es\/noticias\/category\/sociedad\/\" title=\"Sociedad\">Sociedad<\/a>\n<\/span><span class=\"aioseo-breadcrumb-separator\">&ndash;<\/span><span class=\"aioseo-breadcrumb\">\n\tCuba vive dos a\u00f1os sin Fidel en medio de la reforma constitucional\n<\/span><\/div>","aioseo_breadcrumb_json":[{"label":"Home","link":"https:\/\/candas365.es\/noticias"},{"label":"Sociedad","link":"https:\/\/candas365.es\/noticias\/category\/sociedad\/"},{"label":"Cuba vive dos a\u00f1os sin Fidel en medio de la reforma constitucional","link":"https:\/\/candas365.es\/noticias\/cuba-vive-dos-anos-sin-fidel-en-medio-de-la-reforma-constitucional\/"}],"_links":{"self":[{"href":"https:\/\/candas365.es\/noticias\/wp-json\/wp\/v2\/posts\/110735","targetHints":{"allow":["GET"]}}],"collection":[{"href":"https:\/\/candas365.es\/noticias\/wp-json\/wp\/v2\/posts"}],"about":[{"href":"https:\/\/candas365.es\/noticias\/wp-json\/wp\/v2\/types\/post"}],"author":[{"embeddable":true,"href":"https:\/\/candas365.es\/noticias\/wp-json\/wp\/v2\/users\/1"}],"replies":[{"embeddable":true,"href":"https:\/\/candas365.es\/noticias\/wp-json\/wp\/v2\/comments?post=110735"}],"version-history":[{"count":0,"href":"https:\/\/candas365.es\/noticias\/wp-json\/wp\/v2\/posts\/110735\/revisions"}],"wp:featuredmedia":[{"embeddable":true,"href":"https:\/\/candas365.es\/noticias\/wp-json\/wp\/v2\/media\/94045"}],"wp:attachment":[{"href":"https:\/\/candas365.es\/noticias\/wp-json\/wp\/v2\/media?parent=110735"}],"wp:term":[{"taxonomy":"category","embeddable":true,"href":"https:\/\/candas365.es\/noticias\/wp-json\/wp\/v2\/categories?post=110735"},{"taxonomy":"post_tag","embeddable":true,"href":"https:\/\/candas365.es\/noticias\/wp-json\/wp\/v2\/tags?post=110735"}],"curies":[{"name":"wp","href":"https:\/\/api.w.org\/{rel}","templated":true}]}}