{"id":110733,"date":"2018-11-26T11:35:51","date_gmt":"2018-11-26T11:35:51","guid":{"rendered":"http:\/\/candas365.es\/noticias\/?p=110733"},"modified":"2018-11-26T11:35:51","modified_gmt":"2018-11-26T11:35:51","slug":"rafinha-se-rompe-el-ligamento-y-dice-adios-a-la-temporada","status":"publish","type":"post","link":"https:\/\/candas365.es\/noticias\/rafinha-se-rompe-el-ligamento-y-dice-adios-a-la-temporada\/","title":{"rendered":"Rafinha se rompe el ligamento y dice adi\u00f3s a la temporada"},"content":{"rendered":"<p><img fetchpriority=\"high\" decoding=\"async\" class=\"alignleft size-medium wp-image-95363\" src=\"https:\/\/candas365.es\/noticias\/wp-content\/uploads\/2018\/05\/football-stadium-62891_960_720-360x270.jpg\" alt=\"\" width=\"360\" height=\"270\" srcset=\"https:\/\/candas365.es\/noticias\/wp-content\/uploads\/2018\/05\/football-stadium-62891_960_720-360x270.jpg 360w, https:\/\/candas365.es\/noticias\/wp-content\/uploads\/2018\/05\/football-stadium-62891_960_720-768x576.jpg 768w, https:\/\/candas365.es\/noticias\/wp-content\/uploads\/2018\/05\/football-stadium-62891_960_720-640x480.jpg 640w, https:\/\/candas365.es\/noticias\/wp-content\/uploads\/2018\/05\/football-stadium-62891_960_720-80x60.jpg 80w, https:\/\/candas365.es\/noticias\/wp-content\/uploads\/2018\/05\/football-stadium-62891_960_720-265x198.jpg 265w, https:\/\/candas365.es\/noticias\/wp-content\/uploads\/2018\/05\/football-stadium-62891_960_720-696x522.jpg 696w, https:\/\/candas365.es\/noticias\/wp-content\/uploads\/2018\/05\/football-stadium-62891_960_720-560x420.jpg 560w, https:\/\/candas365.es\/noticias\/wp-content\/uploads\/2018\/05\/football-stadium-62891_960_720.jpg 960w\" sizes=\"(max-width: 360px) 100vw, 360px\" \/>Barcelona, 25 nov (dpa) &#8211; El futbolista brasile\u00f1o Rafinha, del Barcelona, se rompi\u00f3 el ligamento cruzado anterior de la rodilla izquierda y dijo adi\u00f3s a toda la temporada, seg\u00fan inform\u00f3 hoy el club espa\u00f1ol.<\/p>\n<p>\u00abEl azulgrana, que not\u00f3 unas molestias durante el partido contra el Atl\u00e9tico en el Wanda Metropolitano, tendr\u00e1 que someterse en los pr\u00f3ximos d\u00edas a tratamiento quir\u00fargico\u00bb, explic\u00f3 el Barcelona en un escrito en el que calific\u00f3 la lesi\u00f3n como \u00abgrave\u00bb.<\/p>\n<p>Esta temporada, el brasile\u00f1o hab\u00eda jugado cuatro partidos de la Liga espa\u00f1ola, dos de la Liga de Campeones y el de la Supercopa de Espa\u00f1a, conquistada ante el Sevilla.<\/p>\n<p>\u00abCon esta lesi\u00f3n, el jugador deber\u00e1 volver a pasar por el quir\u00f3fano, despu\u00e9s de la grave lesi\u00f3n que ya se hizo en septiembre de 2015, contra la Roma, cuando estuvo 202 d\u00edas de baja por una rotura del ligamento anterior, aunque en ese caso de la rodilla derecha\u00bb, record\u00f3 el Barcelona.<\/p>\n<p>La mala fortuna tambi\u00e9n le llev\u00f3 a caer lesionado el 2 de abril de 2017 contra el Granada. Durante sus 290 d\u00edas de ausencia, se le practic\u00f3 una artroscop\u00eda en la rodilla derecha para solucionar la lesi\u00f3n en el menisco interno.<\/p>\n<p>El empate 1-1 ante el Atl\u00e9tico dej\u00f3 otra baja en el Barcelona, aunque de menor gravedad, pues el centrocampista Sergi Roberto estar\u00e1 entre dos y tres semanas de ausencia por una lesi\u00f3n muscular.<\/p>\n","protected":false},"excerpt":{"rendered":"<p>Barcelona, 25 nov (dpa) &#8211; El futbolista brasile\u00f1o Rafinha, del Barcelona, se rompi\u00f3 el ligamento cruzado anterior de la rodilla izquierda y dijo adi\u00f3s a toda la temporada, seg\u00fan inform\u00f3 hoy el club espa\u00f1ol. \u00abEl azulgrana, que not\u00f3 unas molestias durante el partido contra el Atl\u00e9tico en el Wanda Metropolitano, tendr\u00e1 que someterse en los<\/p>\n","protected":false},"author":1,"featured_media":95363,"comment_status":"closed","ping_status":"closed","sticky":false,"template":"","format":"standard","meta":{"footnotes":""},"categories":[319],"tags":[],"class_list":{"0":"post-110733","1":"post","2":"type-post","3":"status-publish","4":"format-standard","5":"has-post-thumbnail","7":"category-deporte"},"aioseo_notices":[],"aioseo_head":"\n\t\t<!-- All in One SEO Pro 4.9.6.2 - aioseo.com -->\n\t<meta name=\"description\" content=\"Barcelona, 25 nov (dpa) - El futbolista brasile\u00f1o Rafinha, del Barcelona, se rompi\u00f3 el ligamento cruzado anterior de la rodilla izquierda y dijo adi\u00f3s a toda la temporada, seg\u00fan inform\u00f3 hoy el club espa\u00f1ol. &quot;El azulgrana, que not\u00f3 unas molestias durante el partido contra el Atl\u00e9tico en el Wanda Metropolitano, tendr\u00e1 que someterse en los\" \/>\n\t<meta name=\"robots\" content=\"max-image-preview:large\" \/>\n\t<meta name=\"author\" content=\"Cand\u00e1s 365\"\/>\n\t<meta name=\"google-site-verification\" content=\"UA-32230408-1\" \/>\n\t<meta name=\"msvalidate.01\" content=\"354F3CDFB2DA171B47FBE9ABF1F88D5\" \/>\n\t<meta name=\"keywords\" content=\"deporte\" \/>\n\t<link rel=\"canonical\" href=\"https:\/\/candas365.es\/noticias\/rafinha-se-rompe-el-ligamento-y-dice-adios-a-la-temporada\/\" \/>\n\t<meta name=\"generator\" content=\"All in One SEO Pro (AIOSEO) 4.9.6.2\" \/>\n\t\t<meta property=\"og:locale\" content=\"es_ES\" \/>\n\t\t<meta property=\"og:site_name\" content=\"Cand\u00e1s 365\" \/>\n\t\t<meta property=\"og:type\" content=\"article\" \/>\n\t\t<meta property=\"og:title\" content=\"Rafinha se rompe el ligamento y dice adi\u00f3s a la temporada | Cand\u00e1s 365\" \/>\n\t\t<meta property=\"og:description\" content=\"Barcelona, 25 nov (dpa) - El futbolista brasile\u00f1o Rafinha, del Barcelona, se rompi\u00f3 el ligamento cruzado anterior de la rodilla izquierda y dijo adi\u00f3s a toda la temporada, seg\u00fan inform\u00f3 hoy el club espa\u00f1ol. &quot;El azulgrana, que not\u00f3 unas molestias durante el partido contra el Atl\u00e9tico en el Wanda Metropolitano, tendr\u00e1 que someterse en los\" \/>\n\t\t<meta property=\"og:url\" content=\"https:\/\/candas365.es\/noticias\/rafinha-se-rompe-el-ligamento-y-dice-adios-a-la-temporada\/\" \/>\n\t\t<meta property=\"og:image\" content=\"https:\/\/candas365.es\/noticias\/wp-content\/uploads\/2018\/05\/football-stadium-62891_960_720.jpg\" \/>\n\t\t<meta property=\"og:image:secure_url\" content=\"https:\/\/candas365.es\/noticias\/wp-content\/uploads\/2018\/05\/football-stadium-62891_960_720.jpg\" \/>\n\t\t<meta property=\"og:image:width\" content=\"960\" \/>\n\t\t<meta property=\"og:image:height\" content=\"720\" \/>\n\t\t<meta property=\"article:published_time\" content=\"2018-11-26T11:35:51+00:00\" \/>\n\t\t<meta property=\"article:modified_time\" content=\"2018-11-26T11:35:51+00:00\" \/>\n\t\t<meta property=\"article:publisher\" content=\"https:\/\/www.facebook.com\/Nachofdezber\" \/>\n\t\t<meta property=\"article:author\" content=\"https:\/\/www.facebook.com\/carrenoactualidad\" \/>\n\t\t<meta name=\"twitter:card\" content=\"summary_large_image\" \/>\n\t\t<meta name=\"twitter:site\" content=\"@NabercoDigital\" \/>\n\t\t<meta name=\"twitter:title\" content=\"Rafinha se rompe el ligamento y dice adi\u00f3s a la temporada | Cand\u00e1s 365\" \/>\n\t\t<meta name=\"twitter:description\" content=\"Barcelona, 25 nov (dpa) - El futbolista brasile\u00f1o Rafinha, del Barcelona, se rompi\u00f3 el ligamento cruzado anterior de la rodilla izquierda y dijo adi\u00f3s a toda la temporada, seg\u00fan inform\u00f3 hoy el club espa\u00f1ol. &quot;El azulgrana, que not\u00f3 unas molestias durante el partido contra el Atl\u00e9tico en el Wanda Metropolitano, tendr\u00e1 que someterse en los\" \/>\n\t\t<meta name=\"twitter:creator\" content=\"@nbasturias\" \/>\n\t\t<meta name=\"twitter:image\" content=\"https:\/\/candas365.es\/noticias\/wp-content\/uploads\/2018\/05\/football-stadium-62891_960_720.jpg\" \/>\n\t\t<meta name=\"twitter:label1\" content=\"Escrito por\" \/>\n\t\t<meta name=\"twitter:data1\" content=\"Cand\u00e1s 365\" \/>\n\t\t<meta name=\"twitter:label2\" content=\"Tiempo de lectura estimado\" \/>\n\t\t<meta name=\"twitter:data2\" content=\"1 minuto\" \/>\n\t\t<script type=\"application\/ld+json\" class=\"aioseo-schema\">\n\t\t\t{\"@context\":\"https:\\\/\\\/schema.org\",\"@graph\":[{\"@type\":\"BreadcrumbList\",\"@id\":\"https:\\\/\\\/candas365.es\\\/noticias\\\/rafinha-se-rompe-el-ligamento-y-dice-adios-a-la-temporada\\\/#breadcrumblist\",\"itemListElement\":[{\"@type\":\"ListItem\",\"@id\":\"https:\\\/\\\/candas365.es\\\/noticias#listItem\",\"position\":1,\"name\":\"Home\",\"item\":\"https:\\\/\\\/candas365.es\\\/noticias\",\"nextItem\":{\"@type\":\"ListItem\",\"@id\":\"https:\\\/\\\/candas365.es\\\/noticias\\\/category\\\/deporte\\\/#listItem\",\"name\":\"Deporte\"}},{\"@type\":\"ListItem\",\"@id\":\"https:\\\/\\\/candas365.es\\\/noticias\\\/category\\\/deporte\\\/#listItem\",\"position\":2,\"name\":\"Deporte\",\"item\":\"https:\\\/\\\/candas365.es\\\/noticias\\\/category\\\/deporte\\\/\",\"nextItem\":{\"@type\":\"ListItem\",\"@id\":\"https:\\\/\\\/candas365.es\\\/noticias\\\/rafinha-se-rompe-el-ligamento-y-dice-adios-a-la-temporada\\\/#listItem\",\"name\":\"Rafinha se rompe el ligamento y dice adi\\u00f3s a la temporada\"},\"previousItem\":{\"@type\":\"ListItem\",\"@id\":\"https:\\\/\\\/candas365.es\\\/noticias#listItem\",\"name\":\"Home\"}},{\"@type\":\"ListItem\",\"@id\":\"https:\\\/\\\/candas365.es\\\/noticias\\\/rafinha-se-rompe-el-ligamento-y-dice-adios-a-la-temporada\\\/#listItem\",\"position\":3,\"name\":\"Rafinha se rompe el ligamento y dice adi\\u00f3s a la temporada\",\"previousItem\":{\"@type\":\"ListItem\",\"@id\":\"https:\\\/\\\/candas365.es\\\/noticias\\\/category\\\/deporte\\\/#listItem\",\"name\":\"Deporte\"}}]},{\"@type\":\"NewsArticle\",\"@id\":\"https:\\\/\\\/candas365.es\\\/noticias\\\/rafinha-se-rompe-el-ligamento-y-dice-adios-a-la-temporada\\\/#newsarticle\",\"name\":\"Rafinha se rompe el ligamento y dice adi\\u00f3s a la temporada | Cand\\u00e1s 365\",\"headline\":\"Rafinha se rompe el ligamento y dice adi\\u00f3s a la temporada\",\"author\":{\"@id\":\"https:\\\/\\\/candas365.es\\\/noticias\\\/author\\\/admin\\\/#author\"},\"publisher\":{\"@id\":\"https:\\\/\\\/candas365.es\\\/noticias\\\/#organization\"},\"image\":{\"@type\":\"ImageObject\",\"url\":\"https:\\\/\\\/candas365.es\\\/noticias\\\/wp-content\\\/uploads\\\/2018\\\/05\\\/football-stadium-62891_960_720.jpg\",\"width\":960,\"height\":720},\"datePublished\":\"2018-11-26T11:35:51+01:00\",\"dateModified\":\"2018-11-26T11:35:51+01:00\",\"inLanguage\":\"es-ES\",\"mainEntityOfPage\":{\"@id\":\"https:\\\/\\\/candas365.es\\\/noticias\\\/rafinha-se-rompe-el-ligamento-y-dice-adios-a-la-temporada\\\/#webpage\"},\"isPartOf\":{\"@id\":\"https:\\\/\\\/candas365.es\\\/noticias\\\/rafinha-se-rompe-el-ligamento-y-dice-adios-a-la-temporada\\\/#webpage\"},\"articleSection\":\"Deporte\",\"dateline\":\"Publicado el noviembre 26, 2018.\"},{\"@type\":\"Organization\",\"@id\":\"https:\\\/\\\/candas365.es\\\/noticias\\\/#organization\",\"name\":\"Cand\\u00e1s 365\",\"description\":\"Cand\\u00e1s 365 es un diario digital independiente, fundado en 2012, con base en Asturias. Informamos con rigor sobre actualidad, sociedad, cultura y ocio, con una mirada local y global.\",\"url\":\"https:\\\/\\\/candas365.es\\\/noticias\\\/\",\"email\":\"info@candas365.es\",\"telephone\":\"+34652131393\",\"foundingDate\":\"2012-06-10\",\"logo\":{\"@type\":\"ImageObject\",\"url\":\"https:\\\/\\\/candas365.es\\\/noticias\\\/wp-content\\\/uploads\\\/2024\\\/09\\\/Candas-365-Redes.jpg\",\"@id\":\"https:\\\/\\\/candas365.es\\\/noticias\\\/rafinha-se-rompe-el-ligamento-y-dice-adios-a-la-temporada\\\/#organizationLogo\",\"width\":1152,\"height\":864,\"caption\":\"Cand\\u00e1s 365 Redes\"},\"image\":{\"@id\":\"https:\\\/\\\/candas365.es\\\/noticias\\\/rafinha-se-rompe-el-ligamento-y-dice-adios-a-la-temporada\\\/#organizationLogo\"},\"sameAs\":[\"https:\\\/\\\/www.facebook.com\\\/Nachofdezber\",\"https:\\\/\\\/x.com\\\/NabercoDigital\",\"https:\\\/\\\/www.instagram.com\\\/nachofdezber\\\/\",\"https:\\\/\\\/www.youtube.com\\\/channel\\\/UCZP-2wLEB9Rv6erhFmqVnvg\"],\"address\":{\"@id\":\"https:\\\/\\\/candas365.es\\\/noticias\\\/#postaladdress\",\"@type\":\"PostalAddress\",\"streetAddress\":\"san antonio 4, san antonio 4\",\"postalCode\":\"33430\",\"addressLocality\":\"Cand\\u00e1s\",\"addressRegion\":\"Asturias\",\"addressCountry\":\"ES\"}},{\"@type\":\"Person\",\"@id\":\"https:\\\/\\\/candas365.es\\\/noticias\\\/author\\\/admin\\\/#author\",\"url\":\"https:\\\/\\\/candas365.es\\\/noticias\\\/author\\\/admin\\\/\",\"name\":\"Cand\\u00e1s 365\",\"image\":{\"@type\":\"ImageObject\",\"@id\":\"https:\\\/\\\/candas365.es\\\/noticias\\\/rafinha-se-rompe-el-ligamento-y-dice-adios-a-la-temporada\\\/#authorImage\",\"url\":\"https:\\\/\\\/secure.gravatar.com\\\/avatar\\\/496a8e03d0c493ede1718b7934145dbdf8d89be1036b0eec9544e1094c9de390?s=96&d=mm&r=g\",\"width\":96,\"height\":96,\"caption\":\"Cand\\u00e1s 365\"},\"sameAs\":[\"https:\\\/\\\/www.facebook.com\\\/carrenoactualidad\",\"https:\\\/\\\/twitter.com\\\/nbasturias\",\"https:\\\/\\\/www.instagram.com\\\/nachofdezber\\\/\",\"https:\\\/\\\/www.youtube.com\\\/channel\\\/UCZP-2wLEB9Rv6erhFmqVnvg\"]},{\"@type\":\"WebPage\",\"@id\":\"https:\\\/\\\/candas365.es\\\/noticias\\\/rafinha-se-rompe-el-ligamento-y-dice-adios-a-la-temporada\\\/#webpage\",\"url\":\"https:\\\/\\\/candas365.es\\\/noticias\\\/rafinha-se-rompe-el-ligamento-y-dice-adios-a-la-temporada\\\/\",\"name\":\"Rafinha se rompe el ligamento y dice adi\\u00f3s a la temporada | Cand\\u00e1s 365\",\"description\":\"Barcelona, 25 nov (dpa) - El futbolista brasile\\u00f1o Rafinha, del Barcelona, se rompi\\u00f3 el ligamento cruzado anterior de la rodilla izquierda y dijo adi\\u00f3s a toda la temporada, seg\\u00fan inform\\u00f3 hoy el club espa\\u00f1ol. \\\"El azulgrana, que not\\u00f3 unas molestias durante el partido contra el Atl\\u00e9tico en el Wanda Metropolitano, tendr\\u00e1 que someterse en los\",\"inLanguage\":\"es-ES\",\"isPartOf\":{\"@id\":\"https:\\\/\\\/candas365.es\\\/noticias\\\/#website\"},\"breadcrumb\":{\"@id\":\"https:\\\/\\\/candas365.es\\\/noticias\\\/rafinha-se-rompe-el-ligamento-y-dice-adios-a-la-temporada\\\/#breadcrumblist\"},\"author\":{\"@id\":\"https:\\\/\\\/candas365.es\\\/noticias\\\/author\\\/admin\\\/#author\"},\"creator\":{\"@id\":\"https:\\\/\\\/candas365.es\\\/noticias\\\/author\\\/admin\\\/#author\"},\"image\":{\"@type\":\"ImageObject\",\"url\":\"https:\\\/\\\/candas365.es\\\/noticias\\\/wp-content\\\/uploads\\\/2018\\\/05\\\/football-stadium-62891_960_720.jpg\",\"@id\":\"https:\\\/\\\/candas365.es\\\/noticias\\\/rafinha-se-rompe-el-ligamento-y-dice-adios-a-la-temporada\\\/#mainImage\",\"width\":960,\"height\":720},\"primaryImageOfPage\":{\"@id\":\"https:\\\/\\\/candas365.es\\\/noticias\\\/rafinha-se-rompe-el-ligamento-y-dice-adios-a-la-temporada\\\/#mainImage\"},\"datePublished\":\"2018-11-26T11:35:51+01:00\",\"dateModified\":\"2018-11-26T11:35:51+01:00\"},{\"@type\":\"WebSite\",\"@id\":\"https:\\\/\\\/candas365.es\\\/noticias\\\/#website\",\"url\":\"https:\\\/\\\/candas365.es\\\/noticias\\\/\",\"name\":\"Cand\\u00e1s 365\",\"alternateName\":\"Cand\\u00e1s 365 Noticias\",\"description\":\"Actualidad desde Carre\\u00f1o para el mundo\",\"inLanguage\":\"es-ES\",\"publisher\":{\"@id\":\"https:\\\/\\\/candas365.es\\\/noticias\\\/#organization\"}}]}\n\t\t<\/script>\n\t\t<!-- All in One SEO Pro -->\r\n\t\t<title>Rafinha se rompe el ligamento y dice adi\u00f3s a la temporada | Cand\u00e1s 365<\/title>\n\n","aioseo_head_json":{"title":"Rafinha se rompe el ligamento y dice adi\u00f3s a la temporada | Cand\u00e1s 365","description":"Barcelona, 25 nov (dpa) - El futbolista brasile\u00f1o Rafinha, del Barcelona, se rompi\u00f3 el ligamento cruzado anterior de la rodilla izquierda y dijo adi\u00f3s a toda la temporada, seg\u00fan inform\u00f3 hoy el club espa\u00f1ol. \"El azulgrana, que not\u00f3 unas molestias durante el partido contra el Atl\u00e9tico en el Wanda Metropolitano, tendr\u00e1 que someterse en los","canonical_url":"https:\/\/candas365.es\/noticias\/rafinha-se-rompe-el-ligamento-y-dice-adios-a-la-temporada\/","robots":"max-image-preview:large","keywords":"deporte","webmasterTools":{"google-site-verification":"UA-32230408-1","msvalidate.01":"354F3CDFB2DA171B47FBE9ABF1F88D5","miscellaneous":""},"schema":{"@context":"https:\/\/schema.org","@graph":[{"@type":"BreadcrumbList","@id":"https:\/\/candas365.es\/noticias\/rafinha-se-rompe-el-ligamento-y-dice-adios-a-la-temporada\/#breadcrumblist","itemListElement":[{"@type":"ListItem","@id":"https:\/\/candas365.es\/noticias#listItem","position":1,"name":"Home","item":"https:\/\/candas365.es\/noticias","nextItem":{"@type":"ListItem","@id":"https:\/\/candas365.es\/noticias\/category\/deporte\/#listItem","name":"Deporte"}},{"@type":"ListItem","@id":"https:\/\/candas365.es\/noticias\/category\/deporte\/#listItem","position":2,"name":"Deporte","item":"https:\/\/candas365.es\/noticias\/category\/deporte\/","nextItem":{"@type":"ListItem","@id":"https:\/\/candas365.es\/noticias\/rafinha-se-rompe-el-ligamento-y-dice-adios-a-la-temporada\/#listItem","name":"Rafinha se rompe el ligamento y dice adi\u00f3s a la temporada"},"previousItem":{"@type":"ListItem","@id":"https:\/\/candas365.es\/noticias#listItem","name":"Home"}},{"@type":"ListItem","@id":"https:\/\/candas365.es\/noticias\/rafinha-se-rompe-el-ligamento-y-dice-adios-a-la-temporada\/#listItem","position":3,"name":"Rafinha se rompe el ligamento y dice adi\u00f3s a la temporada","previousItem":{"@type":"ListItem","@id":"https:\/\/candas365.es\/noticias\/category\/deporte\/#listItem","name":"Deporte"}}]},{"@type":"NewsArticle","@id":"https:\/\/candas365.es\/noticias\/rafinha-se-rompe-el-ligamento-y-dice-adios-a-la-temporada\/#newsarticle","name":"Rafinha se rompe el ligamento y dice adi\u00f3s a la temporada | Cand\u00e1s 365","headline":"Rafinha se rompe el ligamento y dice adi\u00f3s a la temporada","author":{"@id":"https:\/\/candas365.es\/noticias\/author\/admin\/#author"},"publisher":{"@id":"https:\/\/candas365.es\/noticias\/#organization"},"image":{"@type":"ImageObject","url":"https:\/\/candas365.es\/noticias\/wp-content\/uploads\/2018\/05\/football-stadium-62891_960_720.jpg","width":960,"height":720},"datePublished":"2018-11-26T11:35:51+01:00","dateModified":"2018-11-26T11:35:51+01:00","inLanguage":"es-ES","mainEntityOfPage":{"@id":"https:\/\/candas365.es\/noticias\/rafinha-se-rompe-el-ligamento-y-dice-adios-a-la-temporada\/#webpage"},"isPartOf":{"@id":"https:\/\/candas365.es\/noticias\/rafinha-se-rompe-el-ligamento-y-dice-adios-a-la-temporada\/#webpage"},"articleSection":"Deporte","dateline":"Publicado el noviembre 26, 2018."},{"@type":"Organization","@id":"https:\/\/candas365.es\/noticias\/#organization","name":"Cand\u00e1s 365","description":"Cand\u00e1s 365 es un diario digital independiente, fundado en 2012, con base en Asturias. Informamos con rigor sobre actualidad, sociedad, cultura y ocio, con una mirada local y global.","url":"https:\/\/candas365.es\/noticias\/","email":"info@candas365.es","telephone":"+34652131393","foundingDate":"2012-06-10","logo":{"@type":"ImageObject","url":"https:\/\/candas365.es\/noticias\/wp-content\/uploads\/2024\/09\/Candas-365-Redes.jpg","@id":"https:\/\/candas365.es\/noticias\/rafinha-se-rompe-el-ligamento-y-dice-adios-a-la-temporada\/#organizationLogo","width":1152,"height":864,"caption":"Cand\u00e1s 365 Redes"},"image":{"@id":"https:\/\/candas365.es\/noticias\/rafinha-se-rompe-el-ligamento-y-dice-adios-a-la-temporada\/#organizationLogo"},"sameAs":["https:\/\/www.facebook.com\/Nachofdezber","https:\/\/x.com\/NabercoDigital","https:\/\/www.instagram.com\/nachofdezber\/","https:\/\/www.youtube.com\/channel\/UCZP-2wLEB9Rv6erhFmqVnvg"],"address":{"@id":"https:\/\/candas365.es\/noticias\/#postaladdress","@type":"PostalAddress","streetAddress":"san antonio 4, san antonio 4","postalCode":"33430","addressLocality":"Cand\u00e1s","addressRegion":"Asturias","addressCountry":"ES"}},{"@type":"Person","@id":"https:\/\/candas365.es\/noticias\/author\/admin\/#author","url":"https:\/\/candas365.es\/noticias\/author\/admin\/","name":"Cand\u00e1s 365","image":{"@type":"ImageObject","@id":"https:\/\/candas365.es\/noticias\/rafinha-se-rompe-el-ligamento-y-dice-adios-a-la-temporada\/#authorImage","url":"https:\/\/secure.gravatar.com\/avatar\/496a8e03d0c493ede1718b7934145dbdf8d89be1036b0eec9544e1094c9de390?s=96&d=mm&r=g","width":96,"height":96,"caption":"Cand\u00e1s 365"},"sameAs":["https:\/\/www.facebook.com\/carrenoactualidad","https:\/\/twitter.com\/nbasturias","https:\/\/www.instagram.com\/nachofdezber\/","https:\/\/www.youtube.com\/channel\/UCZP-2wLEB9Rv6erhFmqVnvg"]},{"@type":"WebPage","@id":"https:\/\/candas365.es\/noticias\/rafinha-se-rompe-el-ligamento-y-dice-adios-a-la-temporada\/#webpage","url":"https:\/\/candas365.es\/noticias\/rafinha-se-rompe-el-ligamento-y-dice-adios-a-la-temporada\/","name":"Rafinha se rompe el ligamento y dice adi\u00f3s a la temporada | Cand\u00e1s 365","description":"Barcelona, 25 nov (dpa) - El futbolista brasile\u00f1o Rafinha, del Barcelona, se rompi\u00f3 el ligamento cruzado anterior de la rodilla izquierda y dijo adi\u00f3s a toda la temporada, seg\u00fan inform\u00f3 hoy el club espa\u00f1ol. \"El azulgrana, que not\u00f3 unas molestias durante el partido contra el Atl\u00e9tico en el Wanda Metropolitano, tendr\u00e1 que someterse en los","inLanguage":"es-ES","isPartOf":{"@id":"https:\/\/candas365.es\/noticias\/#website"},"breadcrumb":{"@id":"https:\/\/candas365.es\/noticias\/rafinha-se-rompe-el-ligamento-y-dice-adios-a-la-temporada\/#breadcrumblist"},"author":{"@id":"https:\/\/candas365.es\/noticias\/author\/admin\/#author"},"creator":{"@id":"https:\/\/candas365.es\/noticias\/author\/admin\/#author"},"image":{"@type":"ImageObject","url":"https:\/\/candas365.es\/noticias\/wp-content\/uploads\/2018\/05\/football-stadium-62891_960_720.jpg","@id":"https:\/\/candas365.es\/noticias\/rafinha-se-rompe-el-ligamento-y-dice-adios-a-la-temporada\/#mainImage","width":960,"height":720},"primaryImageOfPage":{"@id":"https:\/\/candas365.es\/noticias\/rafinha-se-rompe-el-ligamento-y-dice-adios-a-la-temporada\/#mainImage"},"datePublished":"2018-11-26T11:35:51+01:00","dateModified":"2018-11-26T11:35:51+01:00"},{"@type":"WebSite","@id":"https:\/\/candas365.es\/noticias\/#website","url":"https:\/\/candas365.es\/noticias\/","name":"Cand\u00e1s 365","alternateName":"Cand\u00e1s 365 Noticias","description":"Actualidad desde Carre\u00f1o para el mundo","inLanguage":"es-ES","publisher":{"@id":"https:\/\/candas365.es\/noticias\/#organization"}}]},"og:locale":"es_ES","og:site_name":"Cand\u00e1s 365","og:type":"article","og:title":"Rafinha se rompe el ligamento y dice adi\u00f3s a la temporada | Cand\u00e1s 365","og:description":"Barcelona, 25 nov (dpa) - El futbolista brasile\u00f1o Rafinha, del Barcelona, se rompi\u00f3 el ligamento cruzado anterior de la rodilla izquierda y dijo adi\u00f3s a toda la temporada, seg\u00fan inform\u00f3 hoy el club espa\u00f1ol. &quot;El azulgrana, que not\u00f3 unas molestias durante el partido contra el Atl\u00e9tico en el Wanda Metropolitano, tendr\u00e1 que someterse en los","og:url":"https:\/\/candas365.es\/noticias\/rafinha-se-rompe-el-ligamento-y-dice-adios-a-la-temporada\/","og:image":"https:\/\/candas365.es\/noticias\/wp-content\/uploads\/2018\/05\/football-stadium-62891_960_720.jpg","og:image:secure_url":"https:\/\/candas365.es\/noticias\/wp-content\/uploads\/2018\/05\/football-stadium-62891_960_720.jpg","og:image:width":960,"og:image:height":720,"article:published_time":"2018-11-26T11:35:51+00:00","article:modified_time":"2018-11-26T11:35:51+00:00","article:publisher":"https:\/\/www.facebook.com\/Nachofdezber","article:author":"https:\/\/www.facebook.com\/carrenoactualidad","twitter:card":"summary_large_image","twitter:site":"@NabercoDigital","twitter:title":"Rafinha se rompe el ligamento y dice adi\u00f3s a la temporada | Cand\u00e1s 365","twitter:description":"Barcelona, 25 nov (dpa) - El futbolista brasile\u00f1o Rafinha, del Barcelona, se rompi\u00f3 el ligamento cruzado anterior de la rodilla izquierda y dijo adi\u00f3s a toda la temporada, seg\u00fan inform\u00f3 hoy el club espa\u00f1ol. &quot;El azulgrana, que not\u00f3 unas molestias durante el partido contra el Atl\u00e9tico en el Wanda Metropolitano, tendr\u00e1 que someterse en los","twitter:creator":"@nbasturias","twitter:image":"https:\/\/candas365.es\/noticias\/wp-content\/uploads\/2018\/05\/football-stadium-62891_960_720.jpg","twitter:label1":"Escrito por","twitter:data1":"Cand\u00e1s 365","twitter:label2":"Tiempo de lectura estimado","twitter:data2":"1 minuto"},"aioseo_meta_data":{"post_id":"110733","title":null,"description":null,"keywords":null,"keyphrases":null,"primary_term":null,"canonical_url":null,"og_title":null,"og_description":null,"og_object_type":"default","og_image_type":"default","og_image_url":null,"og_image_width":null,"og_image_height":null,"og_image_custom_url":null,"og_image_custom_fields":null,"og_video":null,"og_custom_url":null,"og_article_section":null,"og_article_tags":null,"twitter_use_og":false,"twitter_card":"default","twitter_image_type":"default","twitter_image_url":null,"twitter_image_custom_url":null,"twitter_image_custom_fields":null,"twitter_title":null,"twitter_description":null,"schema":{"blockGraphs":[],"customGraphs":[],"default":{"data":{"Article":[],"Course":[],"Dataset":[],"FAQPage":[],"Movie":[],"Person":[],"Product":[],"ProductReview":[],"Car":[],"Recipe":[],"Service":[],"SoftwareApplication":[],"WebPage":[]},"graphName":"","isEnabled":true},"graphs":[],"defaultGraph":"","defaultPostTypeGraph":""},"schema_type":null,"schema_type_options":null,"pillar_content":false,"robots_default":true,"robots_noindex":false,"robots_noarchive":false,"robots_nosnippet":false,"robots_nofollow":false,"robots_noimageindex":false,"robots_noodp":false,"robots_notranslate":false,"robots_max_snippet":null,"robots_max_videopreview":null,"robots_max_imagepreview":"large","priority":null,"frequency":null,"location":null,"local_seo":null,"seo_analyzer_scan_date":"2025-08-28 13:25:17","breadcrumb_settings":null,"limit_modified_date":false,"reviewed_by":null,"open_ai":null,"ai":null,"created":"2020-12-21 11:38:13","updated":"2025-08-28 13:25:17"},"aioseo_breadcrumb":"<div class=\"aioseo-breadcrumbs\"><span class=\"aioseo-breadcrumb\">\n\t<a href=\"https:\/\/candas365.es\/noticias\" title=\"Home\">Home<\/a>\n<\/span><span class=\"aioseo-breadcrumb-separator\">&ndash;<\/span><span class=\"aioseo-breadcrumb\">\n\t<a href=\"https:\/\/candas365.es\/noticias\/category\/deporte\/\" title=\"Deporte\">Deporte<\/a>\n<\/span><span class=\"aioseo-breadcrumb-separator\">&ndash;<\/span><span class=\"aioseo-breadcrumb\">\n\tRafinha se rompe el ligamento y dice adi\u00f3s a la temporada\n<\/span><\/div>","aioseo_breadcrumb_json":[{"label":"Home","link":"https:\/\/candas365.es\/noticias"},{"label":"Deporte","link":"https:\/\/candas365.es\/noticias\/category\/deporte\/"},{"label":"Rafinha se rompe el ligamento y dice adi\u00f3s a la temporada","link":"https:\/\/candas365.es\/noticias\/rafinha-se-rompe-el-ligamento-y-dice-adios-a-la-temporada\/"}],"_links":{"self":[{"href":"https:\/\/candas365.es\/noticias\/wp-json\/wp\/v2\/posts\/110733","targetHints":{"allow":["GET"]}}],"collection":[{"href":"https:\/\/candas365.es\/noticias\/wp-json\/wp\/v2\/posts"}],"about":[{"href":"https:\/\/candas365.es\/noticias\/wp-json\/wp\/v2\/types\/post"}],"author":[{"embeddable":true,"href":"https:\/\/candas365.es\/noticias\/wp-json\/wp\/v2\/users\/1"}],"replies":[{"embeddable":true,"href":"https:\/\/candas365.es\/noticias\/wp-json\/wp\/v2\/comments?post=110733"}],"version-history":[{"count":0,"href":"https:\/\/candas365.es\/noticias\/wp-json\/wp\/v2\/posts\/110733\/revisions"}],"wp:featuredmedia":[{"embeddable":true,"href":"https:\/\/candas365.es\/noticias\/wp-json\/wp\/v2\/media\/95363"}],"wp:attachment":[{"href":"https:\/\/candas365.es\/noticias\/wp-json\/wp\/v2\/media?parent=110733"}],"wp:term":[{"taxonomy":"category","embeddable":true,"href":"https:\/\/candas365.es\/noticias\/wp-json\/wp\/v2\/categories?post=110733"},{"taxonomy":"post_tag","embeddable":true,"href":"https:\/\/candas365.es\/noticias\/wp-json\/wp\/v2\/tags?post=110733"}],"curies":[{"name":"wp","href":"https:\/\/api.w.org\/{rel}","templated":true}]}}