{"id":110731,"date":"2018-11-25T20:24:30","date_gmt":"2018-11-25T20:24:30","guid":{"rendered":"http:\/\/candas365.es\/noticias\/?p=110731"},"modified":"2018-11-25T20:24:30","modified_gmt":"2018-11-25T20:24:30","slug":"merkel-es-tragico-que-reino-unido-abandone-la-ue-despues-de-45-anos","status":"publish","type":"post","link":"https:\/\/candas365.es\/noticias\/merkel-es-tragico-que-reino-unido-abandone-la-ue-despues-de-45-anos\/","title":{"rendered":"Merkel: \u00abEs tr\u00e1gico que Reino Unido abandone la UE despu\u00e9s de 45 a\u00f1os\u00bb"},"content":{"rendered":"<p><img fetchpriority=\"high\" decoding=\"async\" class=\"alignleft size-medium wp-image-106046\" src=\"https:\/\/candas365.es\/noticias\/wp-content\/uploads\/2018\/09\/brexit-1491370_960_720-360x270.jpg\" alt=\"\" width=\"360\" height=\"270\" srcset=\"https:\/\/candas365.es\/noticias\/wp-content\/uploads\/2018\/09\/brexit-1491370_960_720-360x270.jpg 360w, https:\/\/candas365.es\/noticias\/wp-content\/uploads\/2018\/09\/brexit-1491370_960_720-768x576.jpg 768w, https:\/\/candas365.es\/noticias\/wp-content\/uploads\/2018\/09\/brexit-1491370_960_720-640x480.jpg 640w, https:\/\/candas365.es\/noticias\/wp-content\/uploads\/2018\/09\/brexit-1491370_960_720-80x60.jpg 80w, https:\/\/candas365.es\/noticias\/wp-content\/uploads\/2018\/09\/brexit-1491370_960_720-265x198.jpg 265w, https:\/\/candas365.es\/noticias\/wp-content\/uploads\/2018\/09\/brexit-1491370_960_720-696x522.jpg 696w, https:\/\/candas365.es\/noticias\/wp-content\/uploads\/2018\/09\/brexit-1491370_960_720-560x420.jpg 560w, https:\/\/candas365.es\/noticias\/wp-content\/uploads\/2018\/09\/brexit-1491370_960_720.jpg 960w\" sizes=\"(max-width: 360px) 100vw, 360px\" \/>Bruselas, 25 nov (dpa) &#8211; La canciller alemana, Angela Merkel, calific\u00f3 hoy el acuerdo sobre la salida del Reino Unido de la Uni\u00f3n Europea (UE) como una haza\u00f1a diplom\u00e1tica, pero todav\u00eda ve grandes desaf\u00edos.<\/p>\n<p>\u00abEste es un d\u00eda hist\u00f3rico que est\u00e1 provocando sentimientos muy ambivalentes\u00bb, dijo Merkel despu\u00e9s del final de la cumbre especial de la UE en Bruselas.<\/p>\n<p>Es tr\u00e1gico que Reino Unido abandone la UE despu\u00e9s de 45 a\u00f1os, se\u00f1al\u00f3. \u00abPero, por supuesto, tenemos que respetar el voto del pueblo brit\u00e1nico\u00bb, afirm\u00f3. Asimismo, recomend\u00f3 mirar hacia delante. \u00abTodav\u00eda nos queda mucho trabajo por hacer\u00bb, subray\u00f3. Esto tambi\u00e9n se aplica al Parlamento brit\u00e1nico, record\u00f3 sobre el hecho de que deba ser aprobado a\u00fan por la c\u00e1mara de Londres.<\/p>\n<p>Merkel subray\u00f3 que, desde la perspectiva de los 27 Estados miembros de la UE que se quedan, se ha creado \u00abuna base para una separaci\u00f3n ordenada y el desarrollo de relaciones futuras\u00bb. \u00abLa declaraci\u00f3n pol\u00edtica es un marco ambicioso que apunta a una asociaci\u00f3n muy estrecha\u00bb. Se concibi\u00f3 como \u00abunas relaciones de gran intensidad sin precedentes para un pa\u00eds tercero\u00bb.<\/p>\n<p>En general, las directrices que los 27 Estados restantes de la UE se hab\u00edan dado mutuamente para las negociaciones sobre la retirada y las relaciones futuras se han \u00abcumplido plenamente\u00bb, afirm\u00f3 Merkel. En respuesta a la pregunta de si esta estrecha cooperaci\u00f3n podr\u00eda describirse como un aut\u00e9ntica \u00abBrexit\u00bb, Merkel dijo: \u00abPor supuesto que esto es una separaci\u00f3n\u00bb.<\/p>\n<p>Con todo, se logr\u00f3 una haza\u00f1a diplom\u00e1tica al conseguir un tratado en una situaci\u00f3n extremadamente dif\u00edcil y sin precedentes, que ten\u00eda en cuenta los intereses mutuos y al mismo tiempo ofrec\u00eda una perspectiva para el futuro, dijo la mandataria alemana.<\/p>\n","protected":false},"excerpt":{"rendered":"<p>Bruselas, 25 nov (dpa) &#8211; La canciller alemana, Angela Merkel, calific\u00f3 hoy el acuerdo sobre la salida del Reino Unido de la Uni\u00f3n Europea (UE) como una haza\u00f1a diplom\u00e1tica, pero todav\u00eda ve grandes desaf\u00edos. \u00abEste es un d\u00eda hist\u00f3rico que est\u00e1 provocando sentimientos muy ambivalentes\u00bb, dijo Merkel despu\u00e9s del final de la cumbre especial de<\/p>\n","protected":false},"author":1,"featured_media":106046,"comment_status":"closed","ping_status":"closed","sticky":false,"template":"","format":"standard","meta":{"footnotes":""},"categories":[343],"tags":[],"class_list":{"0":"post-110731","1":"post","2":"type-post","3":"status-publish","4":"format-standard","5":"has-post-thumbnail","7":"category-actualidad"},"aioseo_notices":[],"aioseo_head":"\n\t\t<!-- All in One SEO Pro 4.9.6.2 - aioseo.com -->\n\t<meta name=\"description\" content=\"Bruselas, 25 nov (dpa) - La canciller alemana, Angela Merkel, calific\u00f3 hoy el acuerdo sobre la salida del Reino Unido de la Uni\u00f3n Europea (UE) como una haza\u00f1a diplom\u00e1tica, pero todav\u00eda ve grandes desaf\u00edos. &quot;Este es un d\u00eda hist\u00f3rico que est\u00e1 provocando sentimientos muy ambivalentes&quot;, dijo Merkel despu\u00e9s del final de la cumbre especial de\" \/>\n\t<meta name=\"robots\" content=\"max-image-preview:large\" \/>\n\t<meta name=\"author\" content=\"Cand\u00e1s 365\"\/>\n\t<meta name=\"google-site-verification\" content=\"UA-32230408-1\" \/>\n\t<meta name=\"msvalidate.01\" content=\"354F3CDFB2DA171B47FBE9ABF1F88D5\" \/>\n\t<meta name=\"keywords\" content=\"actualidad\" \/>\n\t<link rel=\"canonical\" href=\"https:\/\/candas365.es\/noticias\/merkel-es-tragico-que-reino-unido-abandone-la-ue-despues-de-45-anos\/\" \/>\n\t<meta name=\"generator\" content=\"All in One SEO Pro (AIOSEO) 4.9.6.2\" \/>\n\t\t<meta property=\"og:locale\" content=\"es_ES\" \/>\n\t\t<meta property=\"og:site_name\" content=\"Cand\u00e1s 365\" \/>\n\t\t<meta property=\"og:type\" content=\"article\" \/>\n\t\t<meta property=\"og:title\" content=\"Merkel: \u00abEs tr\u00e1gico que Reino Unido abandone la UE despu\u00e9s de 45 a\u00f1os\u00bb | Cand\u00e1s 365\" \/>\n\t\t<meta property=\"og:description\" content=\"Bruselas, 25 nov (dpa) - La canciller alemana, Angela Merkel, calific\u00f3 hoy el acuerdo sobre la salida del Reino Unido de la Uni\u00f3n Europea (UE) como una haza\u00f1a diplom\u00e1tica, pero todav\u00eda ve grandes desaf\u00edos. &quot;Este es un d\u00eda hist\u00f3rico que est\u00e1 provocando sentimientos muy ambivalentes&quot;, dijo Merkel despu\u00e9s del final de la cumbre especial de\" \/>\n\t\t<meta property=\"og:url\" content=\"https:\/\/candas365.es\/noticias\/merkel-es-tragico-que-reino-unido-abandone-la-ue-despues-de-45-anos\/\" \/>\n\t\t<meta property=\"og:image\" content=\"https:\/\/candas365.es\/noticias\/wp-content\/uploads\/2018\/09\/brexit-1491370_960_720.jpg\" \/>\n\t\t<meta property=\"og:image:secure_url\" content=\"https:\/\/candas365.es\/noticias\/wp-content\/uploads\/2018\/09\/brexit-1491370_960_720.jpg\" \/>\n\t\t<meta property=\"og:image:width\" content=\"960\" \/>\n\t\t<meta property=\"og:image:height\" content=\"720\" \/>\n\t\t<meta property=\"article:published_time\" content=\"2018-11-25T20:24:30+00:00\" \/>\n\t\t<meta property=\"article:modified_time\" content=\"2018-11-25T20:24:30+00:00\" \/>\n\t\t<meta property=\"article:publisher\" content=\"https:\/\/www.facebook.com\/Nachofdezber\" \/>\n\t\t<meta property=\"article:author\" content=\"https:\/\/www.facebook.com\/carrenoactualidad\" \/>\n\t\t<meta name=\"twitter:card\" content=\"summary_large_image\" \/>\n\t\t<meta name=\"twitter:site\" content=\"@NabercoDigital\" \/>\n\t\t<meta name=\"twitter:title\" content=\"Merkel: \u00abEs tr\u00e1gico que Reino Unido abandone la UE despu\u00e9s de 45 a\u00f1os\u00bb | Cand\u00e1s 365\" \/>\n\t\t<meta name=\"twitter:description\" content=\"Bruselas, 25 nov (dpa) - La canciller alemana, Angela Merkel, calific\u00f3 hoy el acuerdo sobre la salida del Reino Unido de la Uni\u00f3n Europea (UE) como una haza\u00f1a diplom\u00e1tica, pero todav\u00eda ve grandes desaf\u00edos. &quot;Este es un d\u00eda hist\u00f3rico que est\u00e1 provocando sentimientos muy ambivalentes&quot;, dijo Merkel despu\u00e9s del final de la cumbre especial de\" \/>\n\t\t<meta name=\"twitter:creator\" content=\"@nbasturias\" \/>\n\t\t<meta name=\"twitter:image\" content=\"https:\/\/candas365.es\/noticias\/wp-content\/uploads\/2018\/09\/brexit-1491370_960_720.jpg\" \/>\n\t\t<meta name=\"twitter:label1\" content=\"Escrito por\" \/>\n\t\t<meta name=\"twitter:data1\" content=\"Cand\u00e1s 365\" \/>\n\t\t<meta name=\"twitter:label2\" content=\"Tiempo de lectura estimado\" \/>\n\t\t<meta name=\"twitter:data2\" content=\"2 minutos\" \/>\n\t\t<script type=\"application\/ld+json\" class=\"aioseo-schema\">\n\t\t\t{\"@context\":\"https:\\\/\\\/schema.org\",\"@graph\":[{\"@type\":\"BreadcrumbList\",\"@id\":\"https:\\\/\\\/candas365.es\\\/noticias\\\/merkel-es-tragico-que-reino-unido-abandone-la-ue-despues-de-45-anos\\\/#breadcrumblist\",\"itemListElement\":[{\"@type\":\"ListItem\",\"@id\":\"https:\\\/\\\/candas365.es\\\/noticias#listItem\",\"position\":1,\"name\":\"Home\",\"item\":\"https:\\\/\\\/candas365.es\\\/noticias\",\"nextItem\":{\"@type\":\"ListItem\",\"@id\":\"https:\\\/\\\/candas365.es\\\/noticias\\\/category\\\/actualidad\\\/#listItem\",\"name\":\"Actualidad\"}},{\"@type\":\"ListItem\",\"@id\":\"https:\\\/\\\/candas365.es\\\/noticias\\\/category\\\/actualidad\\\/#listItem\",\"position\":2,\"name\":\"Actualidad\",\"item\":\"https:\\\/\\\/candas365.es\\\/noticias\\\/category\\\/actualidad\\\/\",\"nextItem\":{\"@type\":\"ListItem\",\"@id\":\"https:\\\/\\\/candas365.es\\\/noticias\\\/merkel-es-tragico-que-reino-unido-abandone-la-ue-despues-de-45-anos\\\/#listItem\",\"name\":\"Merkel: \\u00abEs tr\\u00e1gico que Reino Unido abandone la UE despu\\u00e9s de 45 a\\u00f1os\\u00bb\"},\"previousItem\":{\"@type\":\"ListItem\",\"@id\":\"https:\\\/\\\/candas365.es\\\/noticias#listItem\",\"name\":\"Home\"}},{\"@type\":\"ListItem\",\"@id\":\"https:\\\/\\\/candas365.es\\\/noticias\\\/merkel-es-tragico-que-reino-unido-abandone-la-ue-despues-de-45-anos\\\/#listItem\",\"position\":3,\"name\":\"Merkel: \\u00abEs tr\\u00e1gico que Reino Unido abandone la UE despu\\u00e9s de 45 a\\u00f1os\\u00bb\",\"previousItem\":{\"@type\":\"ListItem\",\"@id\":\"https:\\\/\\\/candas365.es\\\/noticias\\\/category\\\/actualidad\\\/#listItem\",\"name\":\"Actualidad\"}}]},{\"@type\":\"NewsArticle\",\"@id\":\"https:\\\/\\\/candas365.es\\\/noticias\\\/merkel-es-tragico-que-reino-unido-abandone-la-ue-despues-de-45-anos\\\/#newsarticle\",\"name\":\"Merkel: \\u00abEs tr\\u00e1gico que Reino Unido abandone la UE despu\\u00e9s de 45 a\\u00f1os\\u00bb | Cand\\u00e1s 365\",\"headline\":\"Merkel: \\u00abEs tr\\u00e1gico que Reino Unido abandone la UE despu\\u00e9s de 45 a\\u00f1os\\u00bb\",\"author\":{\"@id\":\"https:\\\/\\\/candas365.es\\\/noticias\\\/author\\\/admin\\\/#author\"},\"publisher\":{\"@id\":\"https:\\\/\\\/candas365.es\\\/noticias\\\/#organization\"},\"image\":{\"@type\":\"ImageObject\",\"url\":\"https:\\\/\\\/candas365.es\\\/noticias\\\/wp-content\\\/uploads\\\/2018\\\/09\\\/brexit-1491370_960_720.jpg\",\"width\":960,\"height\":720},\"datePublished\":\"2018-11-25T20:24:30+01:00\",\"dateModified\":\"2018-11-25T20:24:30+01:00\",\"inLanguage\":\"es-ES\",\"mainEntityOfPage\":{\"@id\":\"https:\\\/\\\/candas365.es\\\/noticias\\\/merkel-es-tragico-que-reino-unido-abandone-la-ue-despues-de-45-anos\\\/#webpage\"},\"isPartOf\":{\"@id\":\"https:\\\/\\\/candas365.es\\\/noticias\\\/merkel-es-tragico-que-reino-unido-abandone-la-ue-despues-de-45-anos\\\/#webpage\"},\"articleSection\":\"Actualidad\",\"dateline\":\"Publicado el noviembre 25, 2018.\"},{\"@type\":\"Organization\",\"@id\":\"https:\\\/\\\/candas365.es\\\/noticias\\\/#organization\",\"name\":\"Cand\\u00e1s 365\",\"description\":\"Cand\\u00e1s 365 es un diario digital independiente, fundado en 2012, con base en Asturias. Informamos con rigor sobre actualidad, sociedad, cultura y ocio, con una mirada local y global.\",\"url\":\"https:\\\/\\\/candas365.es\\\/noticias\\\/\",\"email\":\"info@candas365.es\",\"telephone\":\"+34652131393\",\"foundingDate\":\"2012-06-10\",\"logo\":{\"@type\":\"ImageObject\",\"url\":\"https:\\\/\\\/candas365.es\\\/noticias\\\/wp-content\\\/uploads\\\/2024\\\/09\\\/Candas-365-Redes.jpg\",\"@id\":\"https:\\\/\\\/candas365.es\\\/noticias\\\/merkel-es-tragico-que-reino-unido-abandone-la-ue-despues-de-45-anos\\\/#organizationLogo\",\"width\":1152,\"height\":864,\"caption\":\"Cand\\u00e1s 365 Redes\"},\"image\":{\"@id\":\"https:\\\/\\\/candas365.es\\\/noticias\\\/merkel-es-tragico-que-reino-unido-abandone-la-ue-despues-de-45-anos\\\/#organizationLogo\"},\"sameAs\":[\"https:\\\/\\\/www.facebook.com\\\/Nachofdezber\",\"https:\\\/\\\/x.com\\\/NabercoDigital\",\"https:\\\/\\\/www.instagram.com\\\/nachofdezber\\\/\",\"https:\\\/\\\/www.youtube.com\\\/channel\\\/UCZP-2wLEB9Rv6erhFmqVnvg\"],\"address\":{\"@id\":\"https:\\\/\\\/candas365.es\\\/noticias\\\/#postaladdress\",\"@type\":\"PostalAddress\",\"streetAddress\":\"san antonio 4, san antonio 4\",\"postalCode\":\"33430\",\"addressLocality\":\"Cand\\u00e1s\",\"addressRegion\":\"Asturias\",\"addressCountry\":\"ES\"}},{\"@type\":\"Person\",\"@id\":\"https:\\\/\\\/candas365.es\\\/noticias\\\/author\\\/admin\\\/#author\",\"url\":\"https:\\\/\\\/candas365.es\\\/noticias\\\/author\\\/admin\\\/\",\"name\":\"Cand\\u00e1s 365\",\"image\":{\"@type\":\"ImageObject\",\"@id\":\"https:\\\/\\\/candas365.es\\\/noticias\\\/merkel-es-tragico-que-reino-unido-abandone-la-ue-despues-de-45-anos\\\/#authorImage\",\"url\":\"https:\\\/\\\/secure.gravatar.com\\\/avatar\\\/496a8e03d0c493ede1718b7934145dbdf8d89be1036b0eec9544e1094c9de390?s=96&d=mm&r=g\",\"width\":96,\"height\":96,\"caption\":\"Cand\\u00e1s 365\"},\"sameAs\":[\"https:\\\/\\\/www.facebook.com\\\/carrenoactualidad\",\"https:\\\/\\\/twitter.com\\\/nbasturias\",\"https:\\\/\\\/www.instagram.com\\\/nachofdezber\\\/\",\"https:\\\/\\\/www.youtube.com\\\/channel\\\/UCZP-2wLEB9Rv6erhFmqVnvg\"]},{\"@type\":\"WebPage\",\"@id\":\"https:\\\/\\\/candas365.es\\\/noticias\\\/merkel-es-tragico-que-reino-unido-abandone-la-ue-despues-de-45-anos\\\/#webpage\",\"url\":\"https:\\\/\\\/candas365.es\\\/noticias\\\/merkel-es-tragico-que-reino-unido-abandone-la-ue-despues-de-45-anos\\\/\",\"name\":\"Merkel: \\u00abEs tr\\u00e1gico que Reino Unido abandone la UE despu\\u00e9s de 45 a\\u00f1os\\u00bb | Cand\\u00e1s 365\",\"description\":\"Bruselas, 25 nov (dpa) - La canciller alemana, Angela Merkel, calific\\u00f3 hoy el acuerdo sobre la salida del Reino Unido de la Uni\\u00f3n Europea (UE) como una haza\\u00f1a diplom\\u00e1tica, pero todav\\u00eda ve grandes desaf\\u00edos. \\\"Este es un d\\u00eda hist\\u00f3rico que est\\u00e1 provocando sentimientos muy ambivalentes\\\", dijo Merkel despu\\u00e9s del final de la cumbre especial de\",\"inLanguage\":\"es-ES\",\"isPartOf\":{\"@id\":\"https:\\\/\\\/candas365.es\\\/noticias\\\/#website\"},\"breadcrumb\":{\"@id\":\"https:\\\/\\\/candas365.es\\\/noticias\\\/merkel-es-tragico-que-reino-unido-abandone-la-ue-despues-de-45-anos\\\/#breadcrumblist\"},\"author\":{\"@id\":\"https:\\\/\\\/candas365.es\\\/noticias\\\/author\\\/admin\\\/#author\"},\"creator\":{\"@id\":\"https:\\\/\\\/candas365.es\\\/noticias\\\/author\\\/admin\\\/#author\"},\"image\":{\"@type\":\"ImageObject\",\"url\":\"https:\\\/\\\/candas365.es\\\/noticias\\\/wp-content\\\/uploads\\\/2018\\\/09\\\/brexit-1491370_960_720.jpg\",\"@id\":\"https:\\\/\\\/candas365.es\\\/noticias\\\/merkel-es-tragico-que-reino-unido-abandone-la-ue-despues-de-45-anos\\\/#mainImage\",\"width\":960,\"height\":720},\"primaryImageOfPage\":{\"@id\":\"https:\\\/\\\/candas365.es\\\/noticias\\\/merkel-es-tragico-que-reino-unido-abandone-la-ue-despues-de-45-anos\\\/#mainImage\"},\"datePublished\":\"2018-11-25T20:24:30+01:00\",\"dateModified\":\"2018-11-25T20:24:30+01:00\"},{\"@type\":\"WebSite\",\"@id\":\"https:\\\/\\\/candas365.es\\\/noticias\\\/#website\",\"url\":\"https:\\\/\\\/candas365.es\\\/noticias\\\/\",\"name\":\"Cand\\u00e1s 365\",\"alternateName\":\"Cand\\u00e1s 365 Noticias\",\"description\":\"Actualidad desde Carre\\u00f1o para el mundo\",\"inLanguage\":\"es-ES\",\"publisher\":{\"@id\":\"https:\\\/\\\/candas365.es\\\/noticias\\\/#organization\"}}]}\n\t\t<\/script>\n\t\t<!-- All in One SEO Pro -->\r\n\t\t<title>Merkel: \u00abEs tr\u00e1gico que Reino Unido abandone la UE despu\u00e9s de 45 a\u00f1os\u00bb | Cand\u00e1s 365<\/title>\n\n","aioseo_head_json":{"title":"Merkel: \u00abEs tr\u00e1gico que Reino Unido abandone la UE despu\u00e9s de 45 a\u00f1os\u00bb | Cand\u00e1s 365","description":"Bruselas, 25 nov (dpa) - La canciller alemana, Angela Merkel, calific\u00f3 hoy el acuerdo sobre la salida del Reino Unido de la Uni\u00f3n Europea (UE) como una haza\u00f1a diplom\u00e1tica, pero todav\u00eda ve grandes desaf\u00edos. \"Este es un d\u00eda hist\u00f3rico que est\u00e1 provocando sentimientos muy ambivalentes\", dijo Merkel despu\u00e9s del final de la cumbre especial de","canonical_url":"https:\/\/candas365.es\/noticias\/merkel-es-tragico-que-reino-unido-abandone-la-ue-despues-de-45-anos\/","robots":"max-image-preview:large","keywords":"actualidad","webmasterTools":{"google-site-verification":"UA-32230408-1","msvalidate.01":"354F3CDFB2DA171B47FBE9ABF1F88D5","miscellaneous":""},"schema":{"@context":"https:\/\/schema.org","@graph":[{"@type":"BreadcrumbList","@id":"https:\/\/candas365.es\/noticias\/merkel-es-tragico-que-reino-unido-abandone-la-ue-despues-de-45-anos\/#breadcrumblist","itemListElement":[{"@type":"ListItem","@id":"https:\/\/candas365.es\/noticias#listItem","position":1,"name":"Home","item":"https:\/\/candas365.es\/noticias","nextItem":{"@type":"ListItem","@id":"https:\/\/candas365.es\/noticias\/category\/actualidad\/#listItem","name":"Actualidad"}},{"@type":"ListItem","@id":"https:\/\/candas365.es\/noticias\/category\/actualidad\/#listItem","position":2,"name":"Actualidad","item":"https:\/\/candas365.es\/noticias\/category\/actualidad\/","nextItem":{"@type":"ListItem","@id":"https:\/\/candas365.es\/noticias\/merkel-es-tragico-que-reino-unido-abandone-la-ue-despues-de-45-anos\/#listItem","name":"Merkel: \u00abEs tr\u00e1gico que Reino Unido abandone la UE despu\u00e9s de 45 a\u00f1os\u00bb"},"previousItem":{"@type":"ListItem","@id":"https:\/\/candas365.es\/noticias#listItem","name":"Home"}},{"@type":"ListItem","@id":"https:\/\/candas365.es\/noticias\/merkel-es-tragico-que-reino-unido-abandone-la-ue-despues-de-45-anos\/#listItem","position":3,"name":"Merkel: \u00abEs tr\u00e1gico que Reino Unido abandone la UE despu\u00e9s de 45 a\u00f1os\u00bb","previousItem":{"@type":"ListItem","@id":"https:\/\/candas365.es\/noticias\/category\/actualidad\/#listItem","name":"Actualidad"}}]},{"@type":"NewsArticle","@id":"https:\/\/candas365.es\/noticias\/merkel-es-tragico-que-reino-unido-abandone-la-ue-despues-de-45-anos\/#newsarticle","name":"Merkel: \u00abEs tr\u00e1gico que Reino Unido abandone la UE despu\u00e9s de 45 a\u00f1os\u00bb | Cand\u00e1s 365","headline":"Merkel: \u00abEs tr\u00e1gico que Reino Unido abandone la UE despu\u00e9s de 45 a\u00f1os\u00bb","author":{"@id":"https:\/\/candas365.es\/noticias\/author\/admin\/#author"},"publisher":{"@id":"https:\/\/candas365.es\/noticias\/#organization"},"image":{"@type":"ImageObject","url":"https:\/\/candas365.es\/noticias\/wp-content\/uploads\/2018\/09\/brexit-1491370_960_720.jpg","width":960,"height":720},"datePublished":"2018-11-25T20:24:30+01:00","dateModified":"2018-11-25T20:24:30+01:00","inLanguage":"es-ES","mainEntityOfPage":{"@id":"https:\/\/candas365.es\/noticias\/merkel-es-tragico-que-reino-unido-abandone-la-ue-despues-de-45-anos\/#webpage"},"isPartOf":{"@id":"https:\/\/candas365.es\/noticias\/merkel-es-tragico-que-reino-unido-abandone-la-ue-despues-de-45-anos\/#webpage"},"articleSection":"Actualidad","dateline":"Publicado el noviembre 25, 2018."},{"@type":"Organization","@id":"https:\/\/candas365.es\/noticias\/#organization","name":"Cand\u00e1s 365","description":"Cand\u00e1s 365 es un diario digital independiente, fundado en 2012, con base en Asturias. Informamos con rigor sobre actualidad, sociedad, cultura y ocio, con una mirada local y global.","url":"https:\/\/candas365.es\/noticias\/","email":"info@candas365.es","telephone":"+34652131393","foundingDate":"2012-06-10","logo":{"@type":"ImageObject","url":"https:\/\/candas365.es\/noticias\/wp-content\/uploads\/2024\/09\/Candas-365-Redes.jpg","@id":"https:\/\/candas365.es\/noticias\/merkel-es-tragico-que-reino-unido-abandone-la-ue-despues-de-45-anos\/#organizationLogo","width":1152,"height":864,"caption":"Cand\u00e1s 365 Redes"},"image":{"@id":"https:\/\/candas365.es\/noticias\/merkel-es-tragico-que-reino-unido-abandone-la-ue-despues-de-45-anos\/#organizationLogo"},"sameAs":["https:\/\/www.facebook.com\/Nachofdezber","https:\/\/x.com\/NabercoDigital","https:\/\/www.instagram.com\/nachofdezber\/","https:\/\/www.youtube.com\/channel\/UCZP-2wLEB9Rv6erhFmqVnvg"],"address":{"@id":"https:\/\/candas365.es\/noticias\/#postaladdress","@type":"PostalAddress","streetAddress":"san antonio 4, san antonio 4","postalCode":"33430","addressLocality":"Cand\u00e1s","addressRegion":"Asturias","addressCountry":"ES"}},{"@type":"Person","@id":"https:\/\/candas365.es\/noticias\/author\/admin\/#author","url":"https:\/\/candas365.es\/noticias\/author\/admin\/","name":"Cand\u00e1s 365","image":{"@type":"ImageObject","@id":"https:\/\/candas365.es\/noticias\/merkel-es-tragico-que-reino-unido-abandone-la-ue-despues-de-45-anos\/#authorImage","url":"https:\/\/secure.gravatar.com\/avatar\/496a8e03d0c493ede1718b7934145dbdf8d89be1036b0eec9544e1094c9de390?s=96&d=mm&r=g","width":96,"height":96,"caption":"Cand\u00e1s 365"},"sameAs":["https:\/\/www.facebook.com\/carrenoactualidad","https:\/\/twitter.com\/nbasturias","https:\/\/www.instagram.com\/nachofdezber\/","https:\/\/www.youtube.com\/channel\/UCZP-2wLEB9Rv6erhFmqVnvg"]},{"@type":"WebPage","@id":"https:\/\/candas365.es\/noticias\/merkel-es-tragico-que-reino-unido-abandone-la-ue-despues-de-45-anos\/#webpage","url":"https:\/\/candas365.es\/noticias\/merkel-es-tragico-que-reino-unido-abandone-la-ue-despues-de-45-anos\/","name":"Merkel: \u00abEs tr\u00e1gico que Reino Unido abandone la UE despu\u00e9s de 45 a\u00f1os\u00bb | Cand\u00e1s 365","description":"Bruselas, 25 nov (dpa) - La canciller alemana, Angela Merkel, calific\u00f3 hoy el acuerdo sobre la salida del Reino Unido de la Uni\u00f3n Europea (UE) como una haza\u00f1a diplom\u00e1tica, pero todav\u00eda ve grandes desaf\u00edos. \"Este es un d\u00eda hist\u00f3rico que est\u00e1 provocando sentimientos muy ambivalentes\", dijo Merkel despu\u00e9s del final de la cumbre especial de","inLanguage":"es-ES","isPartOf":{"@id":"https:\/\/candas365.es\/noticias\/#website"},"breadcrumb":{"@id":"https:\/\/candas365.es\/noticias\/merkel-es-tragico-que-reino-unido-abandone-la-ue-despues-de-45-anos\/#breadcrumblist"},"author":{"@id":"https:\/\/candas365.es\/noticias\/author\/admin\/#author"},"creator":{"@id":"https:\/\/candas365.es\/noticias\/author\/admin\/#author"},"image":{"@type":"ImageObject","url":"https:\/\/candas365.es\/noticias\/wp-content\/uploads\/2018\/09\/brexit-1491370_960_720.jpg","@id":"https:\/\/candas365.es\/noticias\/merkel-es-tragico-que-reino-unido-abandone-la-ue-despues-de-45-anos\/#mainImage","width":960,"height":720},"primaryImageOfPage":{"@id":"https:\/\/candas365.es\/noticias\/merkel-es-tragico-que-reino-unido-abandone-la-ue-despues-de-45-anos\/#mainImage"},"datePublished":"2018-11-25T20:24:30+01:00","dateModified":"2018-11-25T20:24:30+01:00"},{"@type":"WebSite","@id":"https:\/\/candas365.es\/noticias\/#website","url":"https:\/\/candas365.es\/noticias\/","name":"Cand\u00e1s 365","alternateName":"Cand\u00e1s 365 Noticias","description":"Actualidad desde Carre\u00f1o para el mundo","inLanguage":"es-ES","publisher":{"@id":"https:\/\/candas365.es\/noticias\/#organization"}}]},"og:locale":"es_ES","og:site_name":"Cand\u00e1s 365","og:type":"article","og:title":"Merkel: \u00abEs tr\u00e1gico que Reino Unido abandone la UE despu\u00e9s de 45 a\u00f1os\u00bb | Cand\u00e1s 365","og:description":"Bruselas, 25 nov (dpa) - La canciller alemana, Angela Merkel, calific\u00f3 hoy el acuerdo sobre la salida del Reino Unido de la Uni\u00f3n Europea (UE) como una haza\u00f1a diplom\u00e1tica, pero todav\u00eda ve grandes desaf\u00edos. &quot;Este es un d\u00eda hist\u00f3rico que est\u00e1 provocando sentimientos muy ambivalentes&quot;, dijo Merkel despu\u00e9s del final de la cumbre especial de","og:url":"https:\/\/candas365.es\/noticias\/merkel-es-tragico-que-reino-unido-abandone-la-ue-despues-de-45-anos\/","og:image":"https:\/\/candas365.es\/noticias\/wp-content\/uploads\/2018\/09\/brexit-1491370_960_720.jpg","og:image:secure_url":"https:\/\/candas365.es\/noticias\/wp-content\/uploads\/2018\/09\/brexit-1491370_960_720.jpg","og:image:width":960,"og:image:height":720,"article:published_time":"2018-11-25T20:24:30+00:00","article:modified_time":"2018-11-25T20:24:30+00:00","article:publisher":"https:\/\/www.facebook.com\/Nachofdezber","article:author":"https:\/\/www.facebook.com\/carrenoactualidad","twitter:card":"summary_large_image","twitter:site":"@NabercoDigital","twitter:title":"Merkel: \u00abEs tr\u00e1gico que Reino Unido abandone la UE despu\u00e9s de 45 a\u00f1os\u00bb | Cand\u00e1s 365","twitter:description":"Bruselas, 25 nov (dpa) - La canciller alemana, Angela Merkel, calific\u00f3 hoy el acuerdo sobre la salida del Reino Unido de la Uni\u00f3n Europea (UE) como una haza\u00f1a diplom\u00e1tica, pero todav\u00eda ve grandes desaf\u00edos. &quot;Este es un d\u00eda hist\u00f3rico que est\u00e1 provocando sentimientos muy ambivalentes&quot;, dijo Merkel despu\u00e9s del final de la cumbre especial de","twitter:creator":"@nbasturias","twitter:image":"https:\/\/candas365.es\/noticias\/wp-content\/uploads\/2018\/09\/brexit-1491370_960_720.jpg","twitter:label1":"Escrito por","twitter:data1":"Cand\u00e1s 365","twitter:label2":"Tiempo de lectura estimado","twitter:data2":"2 minutos"},"aioseo_meta_data":{"post_id":"110731","title":null,"description":null,"keywords":null,"keyphrases":null,"primary_term":null,"canonical_url":null,"og_title":null,"og_description":null,"og_object_type":"default","og_image_type":"default","og_image_url":null,"og_image_width":null,"og_image_height":null,"og_image_custom_url":null,"og_image_custom_fields":null,"og_video":null,"og_custom_url":null,"og_article_section":null,"og_article_tags":null,"twitter_use_og":false,"twitter_card":"default","twitter_image_type":"default","twitter_image_url":null,"twitter_image_custom_url":null,"twitter_image_custom_fields":null,"twitter_title":null,"twitter_description":null,"schema":{"blockGraphs":[],"customGraphs":[],"default":{"data":{"Article":[],"Course":[],"Dataset":[],"FAQPage":[],"Movie":[],"Person":[],"Product":[],"ProductReview":[],"Car":[],"Recipe":[],"Service":[],"SoftwareApplication":[],"WebPage":[]},"graphName":"","isEnabled":true},"graphs":[],"defaultGraph":"","defaultPostTypeGraph":""},"schema_type":null,"schema_type_options":null,"pillar_content":false,"robots_default":true,"robots_noindex":false,"robots_noarchive":false,"robots_nosnippet":false,"robots_nofollow":false,"robots_noimageindex":false,"robots_noodp":false,"robots_notranslate":false,"robots_max_snippet":null,"robots_max_videopreview":null,"robots_max_imagepreview":"large","priority":null,"frequency":null,"location":null,"local_seo":null,"seo_analyzer_scan_date":"2025-08-28 13:25:14","breadcrumb_settings":null,"limit_modified_date":false,"reviewed_by":null,"open_ai":null,"ai":null,"created":"2020-12-21 11:38:13","updated":"2025-08-28 13:25:14"},"aioseo_breadcrumb":"<div class=\"aioseo-breadcrumbs\"><span class=\"aioseo-breadcrumb\">\n\t<a href=\"https:\/\/candas365.es\/noticias\" title=\"Home\">Home<\/a>\n<\/span><span class=\"aioseo-breadcrumb-separator\">&ndash;<\/span><span class=\"aioseo-breadcrumb\">\n\t<a href=\"https:\/\/candas365.es\/noticias\/category\/actualidad\/\" title=\"Actualidad\">Actualidad<\/a>\n<\/span><span class=\"aioseo-breadcrumb-separator\">&ndash;<\/span><span class=\"aioseo-breadcrumb\">\n\tMerkel: \u00abEs tr\u00e1gico que Reino Unido abandone la UE despu\u00e9s de 45 a\u00f1os\u00bb\n<\/span><\/div>","aioseo_breadcrumb_json":[{"label":"Home","link":"https:\/\/candas365.es\/noticias"},{"label":"Actualidad","link":"https:\/\/candas365.es\/noticias\/category\/actualidad\/"},{"label":"Merkel: \u00abEs tr\u00e1gico que Reino Unido abandone la UE despu\u00e9s de 45 a\u00f1os\u00bb","link":"https:\/\/candas365.es\/noticias\/merkel-es-tragico-que-reino-unido-abandone-la-ue-despues-de-45-anos\/"}],"_links":{"self":[{"href":"https:\/\/candas365.es\/noticias\/wp-json\/wp\/v2\/posts\/110731","targetHints":{"allow":["GET"]}}],"collection":[{"href":"https:\/\/candas365.es\/noticias\/wp-json\/wp\/v2\/posts"}],"about":[{"href":"https:\/\/candas365.es\/noticias\/wp-json\/wp\/v2\/types\/post"}],"author":[{"embeddable":true,"href":"https:\/\/candas365.es\/noticias\/wp-json\/wp\/v2\/users\/1"}],"replies":[{"embeddable":true,"href":"https:\/\/candas365.es\/noticias\/wp-json\/wp\/v2\/comments?post=110731"}],"version-history":[{"count":0,"href":"https:\/\/candas365.es\/noticias\/wp-json\/wp\/v2\/posts\/110731\/revisions"}],"wp:featuredmedia":[{"embeddable":true,"href":"https:\/\/candas365.es\/noticias\/wp-json\/wp\/v2\/media\/106046"}],"wp:attachment":[{"href":"https:\/\/candas365.es\/noticias\/wp-json\/wp\/v2\/media?parent=110731"}],"wp:term":[{"taxonomy":"category","embeddable":true,"href":"https:\/\/candas365.es\/noticias\/wp-json\/wp\/v2\/categories?post=110731"},{"taxonomy":"post_tag","embeddable":true,"href":"https:\/\/candas365.es\/noticias\/wp-json\/wp\/v2\/tags?post=110731"}],"curies":[{"name":"wp","href":"https:\/\/api.w.org\/{rel}","templated":true}]}}