{"id":110726,"date":"2018-11-25T20:03:24","date_gmt":"2018-11-25T20:03:24","guid":{"rendered":"http:\/\/candas365.es\/noticias\/?p=110726"},"modified":"2018-11-25T20:03:24","modified_gmt":"2018-11-25T20:03:24","slug":"calcinado-el-mobiliario-de-la-cocina-en-una-casa-de-aviles","status":"publish","type":"post","link":"https:\/\/candas365.es\/noticias\/calcinado-el-mobiliario-de-la-cocina-en-una-casa-de-aviles\/","title":{"rendered":"Calcinado el mobiliario de la cocina en una casa de Avil\u00e9s"},"content":{"rendered":"<p><img fetchpriority=\"high\" decoding=\"async\" class=\"alignleft size-medium wp-image-6205\" src=\"https:\/\/candas365.es\/noticias\/wp-content\/uploads\/2015\/01\/bomberos-archivo-231x300.jpg\" alt=\"\" width=\"231\" height=\"300\" srcset=\"https:\/\/candas365.es\/noticias\/wp-content\/uploads\/2015\/01\/bomberos-archivo-231x300.jpg 231w, https:\/\/candas365.es\/noticias\/wp-content\/uploads\/2015\/01\/bomberos-archivo-370x480.jpg 370w, https:\/\/candas365.es\/noticias\/wp-content\/uploads\/2015\/01\/bomberos-archivo-150x195.jpg 150w, https:\/\/candas365.es\/noticias\/wp-content\/uploads\/2015\/01\/bomberos-archivo-450x584.jpg 450w, https:\/\/candas365.es\/noticias\/wp-content\/uploads\/2015\/01\/bomberos-archivo-696x904.jpg 696w, https:\/\/candas365.es\/noticias\/wp-content\/uploads\/2015\/01\/bomberos-archivo-323x420.jpg 323w, https:\/\/candas365.es\/noticias\/wp-content\/uploads\/2015\/01\/bomberos-archivo.jpg 700w\" sizes=\"(max-width: 231px) 100vw, 231px\" \/>Efectivos de Bomberos del Servicio de Emergencias del Principado de Asturias (SEPA), con base en el parque de Avil\u00e9s, han sofocado un incendio declarado en un piso en la Calle Fuero 14. El fuego calcin\u00f3 el mobiliario de la cocina y el humo afect\u00f3 al resto de la vivienda.<\/p>\n<p>El Centro de Coordinaci\u00f3n de Emergencias recibi\u00f3 el aviso a las 15:01 horas. En la llamada se indic\u00f3 que hab\u00eda un incendio en una cocina. De inmediato se moviliz\u00f3 a cinco efectivos de Bomberos del SEPA, del parque avilesino, que se trasladaron con el veh\u00edculo primera salida y la autoescalera.<\/p>\n<p>Una vez en la zona, con los equipos aut\u00f3nomos de respiraci\u00f3n y la c\u00e1mara de im\u00e1genes t\u00e9rmicas, los bomberos localizaron el foco del incendio en la cocina. Con una l\u00ednea de agua se extinguieron las llamas. Los efectivos tambi\u00e9n realizaron tareas de ventilaci\u00f3n, ya que el humo afect\u00f3 a todo el piso.<\/p>\n<p>Los bomberos dieron por finalizada la intervenci\u00f3n a su llegada a base, a las 16:22 horas.<\/p>\n<p>La sala del 112 del SEPA inform\u00f3 del suceso a la Polic\u00eda Local y al Servicio de Atenci\u00f3n M\u00e9dica Urgente (SAMU).<\/p>\n","protected":false},"excerpt":{"rendered":"<p>Efectivos de Bomberos del Servicio de Emergencias del Principado de Asturias (SEPA), con base en el parque de Avil\u00e9s, han sofocado un incendio declarado en un piso en la Calle Fuero 14. El fuego calcin\u00f3 el mobiliario de la cocina y el humo afect\u00f3 al resto de la vivienda. El Centro de Coordinaci\u00f3n de Emergencias<\/p>\n","protected":false},"author":1,"featured_media":6205,"comment_status":"closed","ping_status":"closed","sticky":false,"template":"","format":"standard","meta":{"footnotes":""},"categories":[343],"tags":[],"class_list":{"0":"post-110726","1":"post","2":"type-post","3":"status-publish","4":"format-standard","5":"has-post-thumbnail","7":"category-actualidad"},"aioseo_notices":[],"aioseo_head":"\n\t\t<!-- All in One SEO Pro 4.9.6.2 - aioseo.com -->\n\t<meta name=\"description\" content=\"Efectivos de Bomberos del Servicio de Emergencias del Principado de Asturias (SEPA), con base en el parque de Avil\u00e9s, han sofocado un incendio declarado en un piso en la Calle Fuero 14. El fuego calcin\u00f3 el mobiliario de la cocina y el humo afect\u00f3 al resto de la vivienda. El Centro de Coordinaci\u00f3n de Emergencias\" \/>\n\t<meta name=\"robots\" content=\"max-image-preview:large\" \/>\n\t<meta name=\"author\" content=\"Cand\u00e1s 365\"\/>\n\t<meta name=\"google-site-verification\" content=\"UA-32230408-1\" \/>\n\t<meta name=\"msvalidate.01\" content=\"354F3CDFB2DA171B47FBE9ABF1F88D5\" \/>\n\t<meta name=\"keywords\" content=\"actualidad\" \/>\n\t<link rel=\"canonical\" href=\"https:\/\/candas365.es\/noticias\/calcinado-el-mobiliario-de-la-cocina-en-una-casa-de-aviles\/\" \/>\n\t<meta name=\"generator\" content=\"All in One SEO Pro (AIOSEO) 4.9.6.2\" \/>\n\t\t<meta property=\"og:locale\" content=\"es_ES\" \/>\n\t\t<meta property=\"og:site_name\" content=\"Cand\u00e1s 365\" \/>\n\t\t<meta property=\"og:type\" content=\"article\" \/>\n\t\t<meta property=\"og:title\" content=\"Calcinado el mobiliario de la cocina en una casa de Avil\u00e9s | Cand\u00e1s 365\" \/>\n\t\t<meta property=\"og:description\" content=\"Efectivos de Bomberos del Servicio de Emergencias del Principado de Asturias (SEPA), con base en el parque de Avil\u00e9s, han sofocado un incendio declarado en un piso en la Calle Fuero 14. El fuego calcin\u00f3 el mobiliario de la cocina y el humo afect\u00f3 al resto de la vivienda. El Centro de Coordinaci\u00f3n de Emergencias\" \/>\n\t\t<meta property=\"og:url\" content=\"https:\/\/candas365.es\/noticias\/calcinado-el-mobiliario-de-la-cocina-en-una-casa-de-aviles\/\" \/>\n\t\t<meta property=\"og:image\" content=\"https:\/\/candas365.es\/noticias\/wp-content\/uploads\/2015\/01\/bomberos-archivo.jpg\" \/>\n\t\t<meta property=\"og:image:secure_url\" content=\"https:\/\/candas365.es\/noticias\/wp-content\/uploads\/2015\/01\/bomberos-archivo.jpg\" \/>\n\t\t<meta property=\"og:image:width\" content=\"700\" \/>\n\t\t<meta property=\"og:image:height\" content=\"909\" \/>\n\t\t<meta property=\"article:published_time\" content=\"2018-11-25T20:03:24+00:00\" \/>\n\t\t<meta property=\"article:modified_time\" content=\"2018-11-25T20:03:24+00:00\" \/>\n\t\t<meta property=\"article:publisher\" content=\"https:\/\/www.facebook.com\/Nachofdezber\" \/>\n\t\t<meta property=\"article:author\" content=\"https:\/\/www.facebook.com\/carrenoactualidad\" \/>\n\t\t<meta name=\"twitter:card\" content=\"summary_large_image\" \/>\n\t\t<meta name=\"twitter:site\" content=\"@NabercoDigital\" \/>\n\t\t<meta name=\"twitter:title\" content=\"Calcinado el mobiliario de la cocina en una casa de Avil\u00e9s | Cand\u00e1s 365\" \/>\n\t\t<meta name=\"twitter:description\" content=\"Efectivos de Bomberos del Servicio de Emergencias del Principado de Asturias (SEPA), con base en el parque de Avil\u00e9s, han sofocado un incendio declarado en un piso en la Calle Fuero 14. El fuego calcin\u00f3 el mobiliario de la cocina y el humo afect\u00f3 al resto de la vivienda. El Centro de Coordinaci\u00f3n de Emergencias\" \/>\n\t\t<meta name=\"twitter:creator\" content=\"@nbasturias\" \/>\n\t\t<meta name=\"twitter:image\" content=\"https:\/\/candas365.es\/noticias\/wp-content\/uploads\/2015\/01\/bomberos-archivo.jpg\" \/>\n\t\t<meta name=\"twitter:label1\" content=\"Escrito por\" \/>\n\t\t<meta name=\"twitter:data1\" content=\"Cand\u00e1s 365\" \/>\n\t\t<meta name=\"twitter:label2\" content=\"Tiempo de lectura estimado\" \/>\n\t\t<meta name=\"twitter:data2\" content=\"1 minuto\" \/>\n\t\t<script type=\"application\/ld+json\" class=\"aioseo-schema\">\n\t\t\t{\"@context\":\"https:\\\/\\\/schema.org\",\"@graph\":[{\"@type\":\"BreadcrumbList\",\"@id\":\"https:\\\/\\\/candas365.es\\\/noticias\\\/calcinado-el-mobiliario-de-la-cocina-en-una-casa-de-aviles\\\/#breadcrumblist\",\"itemListElement\":[{\"@type\":\"ListItem\",\"@id\":\"https:\\\/\\\/candas365.es\\\/noticias#listItem\",\"position\":1,\"name\":\"Home\",\"item\":\"https:\\\/\\\/candas365.es\\\/noticias\",\"nextItem\":{\"@type\":\"ListItem\",\"@id\":\"https:\\\/\\\/candas365.es\\\/noticias\\\/category\\\/actualidad\\\/#listItem\",\"name\":\"Actualidad\"}},{\"@type\":\"ListItem\",\"@id\":\"https:\\\/\\\/candas365.es\\\/noticias\\\/category\\\/actualidad\\\/#listItem\",\"position\":2,\"name\":\"Actualidad\",\"item\":\"https:\\\/\\\/candas365.es\\\/noticias\\\/category\\\/actualidad\\\/\",\"nextItem\":{\"@type\":\"ListItem\",\"@id\":\"https:\\\/\\\/candas365.es\\\/noticias\\\/calcinado-el-mobiliario-de-la-cocina-en-una-casa-de-aviles\\\/#listItem\",\"name\":\"Calcinado el mobiliario de la cocina en una casa de Avil\\u00e9s\"},\"previousItem\":{\"@type\":\"ListItem\",\"@id\":\"https:\\\/\\\/candas365.es\\\/noticias#listItem\",\"name\":\"Home\"}},{\"@type\":\"ListItem\",\"@id\":\"https:\\\/\\\/candas365.es\\\/noticias\\\/calcinado-el-mobiliario-de-la-cocina-en-una-casa-de-aviles\\\/#listItem\",\"position\":3,\"name\":\"Calcinado el mobiliario de la cocina en una casa de Avil\\u00e9s\",\"previousItem\":{\"@type\":\"ListItem\",\"@id\":\"https:\\\/\\\/candas365.es\\\/noticias\\\/category\\\/actualidad\\\/#listItem\",\"name\":\"Actualidad\"}}]},{\"@type\":\"NewsArticle\",\"@id\":\"https:\\\/\\\/candas365.es\\\/noticias\\\/calcinado-el-mobiliario-de-la-cocina-en-una-casa-de-aviles\\\/#newsarticle\",\"name\":\"Calcinado el mobiliario de la cocina en una casa de Avil\\u00e9s | Cand\\u00e1s 365\",\"headline\":\"Calcinado el mobiliario de la cocina en una casa de Avil\\u00e9s\",\"author\":{\"@id\":\"https:\\\/\\\/candas365.es\\\/noticias\\\/author\\\/admin\\\/#author\"},\"publisher\":{\"@id\":\"https:\\\/\\\/candas365.es\\\/noticias\\\/#organization\"},\"image\":{\"@type\":\"ImageObject\",\"url\":\"https:\\\/\\\/candas365.es\\\/noticias\\\/wp-content\\\/uploads\\\/2015\\\/01\\\/bomberos-archivo.jpg\",\"width\":700,\"height\":909},\"datePublished\":\"2018-11-25T20:03:24+01:00\",\"dateModified\":\"2018-11-25T20:03:24+01:00\",\"inLanguage\":\"es-ES\",\"mainEntityOfPage\":{\"@id\":\"https:\\\/\\\/candas365.es\\\/noticias\\\/calcinado-el-mobiliario-de-la-cocina-en-una-casa-de-aviles\\\/#webpage\"},\"isPartOf\":{\"@id\":\"https:\\\/\\\/candas365.es\\\/noticias\\\/calcinado-el-mobiliario-de-la-cocina-en-una-casa-de-aviles\\\/#webpage\"},\"articleSection\":\"Actualidad\",\"dateline\":\"Publicado el noviembre 25, 2018.\"},{\"@type\":\"Organization\",\"@id\":\"https:\\\/\\\/candas365.es\\\/noticias\\\/#organization\",\"name\":\"Cand\\u00e1s 365\",\"description\":\"Cand\\u00e1s 365 es un diario digital independiente, fundado en 2012, con base en Asturias. Informamos con rigor sobre actualidad, sociedad, cultura y ocio, con una mirada local y global.\",\"url\":\"https:\\\/\\\/candas365.es\\\/noticias\\\/\",\"email\":\"info@candas365.es\",\"telephone\":\"+34652131393\",\"foundingDate\":\"2012-06-10\",\"logo\":{\"@type\":\"ImageObject\",\"url\":\"https:\\\/\\\/candas365.es\\\/noticias\\\/wp-content\\\/uploads\\\/2024\\\/09\\\/Candas-365-Redes.jpg\",\"@id\":\"https:\\\/\\\/candas365.es\\\/noticias\\\/calcinado-el-mobiliario-de-la-cocina-en-una-casa-de-aviles\\\/#organizationLogo\",\"width\":1152,\"height\":864,\"caption\":\"Cand\\u00e1s 365 Redes\"},\"image\":{\"@id\":\"https:\\\/\\\/candas365.es\\\/noticias\\\/calcinado-el-mobiliario-de-la-cocina-en-una-casa-de-aviles\\\/#organizationLogo\"},\"sameAs\":[\"https:\\\/\\\/www.facebook.com\\\/Nachofdezber\",\"https:\\\/\\\/x.com\\\/NabercoDigital\",\"https:\\\/\\\/www.instagram.com\\\/nachofdezber\\\/\",\"https:\\\/\\\/www.youtube.com\\\/channel\\\/UCZP-2wLEB9Rv6erhFmqVnvg\"],\"address\":{\"@id\":\"https:\\\/\\\/candas365.es\\\/noticias\\\/#postaladdress\",\"@type\":\"PostalAddress\",\"streetAddress\":\"san antonio 4, san antonio 4\",\"postalCode\":\"33430\",\"addressLocality\":\"Cand\\u00e1s\",\"addressRegion\":\"Asturias\",\"addressCountry\":\"ES\"}},{\"@type\":\"Person\",\"@id\":\"https:\\\/\\\/candas365.es\\\/noticias\\\/author\\\/admin\\\/#author\",\"url\":\"https:\\\/\\\/candas365.es\\\/noticias\\\/author\\\/admin\\\/\",\"name\":\"Cand\\u00e1s 365\",\"image\":{\"@type\":\"ImageObject\",\"@id\":\"https:\\\/\\\/candas365.es\\\/noticias\\\/calcinado-el-mobiliario-de-la-cocina-en-una-casa-de-aviles\\\/#authorImage\",\"url\":\"https:\\\/\\\/secure.gravatar.com\\\/avatar\\\/496a8e03d0c493ede1718b7934145dbdf8d89be1036b0eec9544e1094c9de390?s=96&d=mm&r=g\",\"width\":96,\"height\":96,\"caption\":\"Cand\\u00e1s 365\"},\"sameAs\":[\"https:\\\/\\\/www.facebook.com\\\/carrenoactualidad\",\"https:\\\/\\\/twitter.com\\\/nbasturias\",\"https:\\\/\\\/www.instagram.com\\\/nachofdezber\\\/\",\"https:\\\/\\\/www.youtube.com\\\/channel\\\/UCZP-2wLEB9Rv6erhFmqVnvg\"]},{\"@type\":\"WebPage\",\"@id\":\"https:\\\/\\\/candas365.es\\\/noticias\\\/calcinado-el-mobiliario-de-la-cocina-en-una-casa-de-aviles\\\/#webpage\",\"url\":\"https:\\\/\\\/candas365.es\\\/noticias\\\/calcinado-el-mobiliario-de-la-cocina-en-una-casa-de-aviles\\\/\",\"name\":\"Calcinado el mobiliario de la cocina en una casa de Avil\\u00e9s | Cand\\u00e1s 365\",\"description\":\"Efectivos de Bomberos del Servicio de Emergencias del Principado de Asturias (SEPA), con base en el parque de Avil\\u00e9s, han sofocado un incendio declarado en un piso en la Calle Fuero 14. El fuego calcin\\u00f3 el mobiliario de la cocina y el humo afect\\u00f3 al resto de la vivienda. El Centro de Coordinaci\\u00f3n de Emergencias\",\"inLanguage\":\"es-ES\",\"isPartOf\":{\"@id\":\"https:\\\/\\\/candas365.es\\\/noticias\\\/#website\"},\"breadcrumb\":{\"@id\":\"https:\\\/\\\/candas365.es\\\/noticias\\\/calcinado-el-mobiliario-de-la-cocina-en-una-casa-de-aviles\\\/#breadcrumblist\"},\"author\":{\"@id\":\"https:\\\/\\\/candas365.es\\\/noticias\\\/author\\\/admin\\\/#author\"},\"creator\":{\"@id\":\"https:\\\/\\\/candas365.es\\\/noticias\\\/author\\\/admin\\\/#author\"},\"image\":{\"@type\":\"ImageObject\",\"url\":\"https:\\\/\\\/candas365.es\\\/noticias\\\/wp-content\\\/uploads\\\/2015\\\/01\\\/bomberos-archivo.jpg\",\"@id\":\"https:\\\/\\\/candas365.es\\\/noticias\\\/calcinado-el-mobiliario-de-la-cocina-en-una-casa-de-aviles\\\/#mainImage\",\"width\":700,\"height\":909},\"primaryImageOfPage\":{\"@id\":\"https:\\\/\\\/candas365.es\\\/noticias\\\/calcinado-el-mobiliario-de-la-cocina-en-una-casa-de-aviles\\\/#mainImage\"},\"datePublished\":\"2018-11-25T20:03:24+01:00\",\"dateModified\":\"2018-11-25T20:03:24+01:00\"},{\"@type\":\"WebSite\",\"@id\":\"https:\\\/\\\/candas365.es\\\/noticias\\\/#website\",\"url\":\"https:\\\/\\\/candas365.es\\\/noticias\\\/\",\"name\":\"Cand\\u00e1s 365\",\"alternateName\":\"Cand\\u00e1s 365 Noticias\",\"description\":\"Actualidad desde Carre\\u00f1o para el mundo\",\"inLanguage\":\"es-ES\",\"publisher\":{\"@id\":\"https:\\\/\\\/candas365.es\\\/noticias\\\/#organization\"}}]}\n\t\t<\/script>\n\t\t<!-- All in One SEO Pro -->\r\n\t\t<title>Calcinado el mobiliario de la cocina en una casa de Avil\u00e9s | Cand\u00e1s 365<\/title>\n\n","aioseo_head_json":{"title":"Calcinado el mobiliario de la cocina en una casa de Avil\u00e9s | Cand\u00e1s 365","description":"Efectivos de Bomberos del Servicio de Emergencias del Principado de Asturias (SEPA), con base en el parque de Avil\u00e9s, han sofocado un incendio declarado en un piso en la Calle Fuero 14. El fuego calcin\u00f3 el mobiliario de la cocina y el humo afect\u00f3 al resto de la vivienda. El Centro de Coordinaci\u00f3n de Emergencias","canonical_url":"https:\/\/candas365.es\/noticias\/calcinado-el-mobiliario-de-la-cocina-en-una-casa-de-aviles\/","robots":"max-image-preview:large","keywords":"actualidad","webmasterTools":{"google-site-verification":"UA-32230408-1","msvalidate.01":"354F3CDFB2DA171B47FBE9ABF1F88D5","miscellaneous":""},"schema":{"@context":"https:\/\/schema.org","@graph":[{"@type":"BreadcrumbList","@id":"https:\/\/candas365.es\/noticias\/calcinado-el-mobiliario-de-la-cocina-en-una-casa-de-aviles\/#breadcrumblist","itemListElement":[{"@type":"ListItem","@id":"https:\/\/candas365.es\/noticias#listItem","position":1,"name":"Home","item":"https:\/\/candas365.es\/noticias","nextItem":{"@type":"ListItem","@id":"https:\/\/candas365.es\/noticias\/category\/actualidad\/#listItem","name":"Actualidad"}},{"@type":"ListItem","@id":"https:\/\/candas365.es\/noticias\/category\/actualidad\/#listItem","position":2,"name":"Actualidad","item":"https:\/\/candas365.es\/noticias\/category\/actualidad\/","nextItem":{"@type":"ListItem","@id":"https:\/\/candas365.es\/noticias\/calcinado-el-mobiliario-de-la-cocina-en-una-casa-de-aviles\/#listItem","name":"Calcinado el mobiliario de la cocina en una casa de Avil\u00e9s"},"previousItem":{"@type":"ListItem","@id":"https:\/\/candas365.es\/noticias#listItem","name":"Home"}},{"@type":"ListItem","@id":"https:\/\/candas365.es\/noticias\/calcinado-el-mobiliario-de-la-cocina-en-una-casa-de-aviles\/#listItem","position":3,"name":"Calcinado el mobiliario de la cocina en una casa de Avil\u00e9s","previousItem":{"@type":"ListItem","@id":"https:\/\/candas365.es\/noticias\/category\/actualidad\/#listItem","name":"Actualidad"}}]},{"@type":"NewsArticle","@id":"https:\/\/candas365.es\/noticias\/calcinado-el-mobiliario-de-la-cocina-en-una-casa-de-aviles\/#newsarticle","name":"Calcinado el mobiliario de la cocina en una casa de Avil\u00e9s | Cand\u00e1s 365","headline":"Calcinado el mobiliario de la cocina en una casa de Avil\u00e9s","author":{"@id":"https:\/\/candas365.es\/noticias\/author\/admin\/#author"},"publisher":{"@id":"https:\/\/candas365.es\/noticias\/#organization"},"image":{"@type":"ImageObject","url":"https:\/\/candas365.es\/noticias\/wp-content\/uploads\/2015\/01\/bomberos-archivo.jpg","width":700,"height":909},"datePublished":"2018-11-25T20:03:24+01:00","dateModified":"2018-11-25T20:03:24+01:00","inLanguage":"es-ES","mainEntityOfPage":{"@id":"https:\/\/candas365.es\/noticias\/calcinado-el-mobiliario-de-la-cocina-en-una-casa-de-aviles\/#webpage"},"isPartOf":{"@id":"https:\/\/candas365.es\/noticias\/calcinado-el-mobiliario-de-la-cocina-en-una-casa-de-aviles\/#webpage"},"articleSection":"Actualidad","dateline":"Publicado el noviembre 25, 2018."},{"@type":"Organization","@id":"https:\/\/candas365.es\/noticias\/#organization","name":"Cand\u00e1s 365","description":"Cand\u00e1s 365 es un diario digital independiente, fundado en 2012, con base en Asturias. Informamos con rigor sobre actualidad, sociedad, cultura y ocio, con una mirada local y global.","url":"https:\/\/candas365.es\/noticias\/","email":"info@candas365.es","telephone":"+34652131393","foundingDate":"2012-06-10","logo":{"@type":"ImageObject","url":"https:\/\/candas365.es\/noticias\/wp-content\/uploads\/2024\/09\/Candas-365-Redes.jpg","@id":"https:\/\/candas365.es\/noticias\/calcinado-el-mobiliario-de-la-cocina-en-una-casa-de-aviles\/#organizationLogo","width":1152,"height":864,"caption":"Cand\u00e1s 365 Redes"},"image":{"@id":"https:\/\/candas365.es\/noticias\/calcinado-el-mobiliario-de-la-cocina-en-una-casa-de-aviles\/#organizationLogo"},"sameAs":["https:\/\/www.facebook.com\/Nachofdezber","https:\/\/x.com\/NabercoDigital","https:\/\/www.instagram.com\/nachofdezber\/","https:\/\/www.youtube.com\/channel\/UCZP-2wLEB9Rv6erhFmqVnvg"],"address":{"@id":"https:\/\/candas365.es\/noticias\/#postaladdress","@type":"PostalAddress","streetAddress":"san antonio 4, san antonio 4","postalCode":"33430","addressLocality":"Cand\u00e1s","addressRegion":"Asturias","addressCountry":"ES"}},{"@type":"Person","@id":"https:\/\/candas365.es\/noticias\/author\/admin\/#author","url":"https:\/\/candas365.es\/noticias\/author\/admin\/","name":"Cand\u00e1s 365","image":{"@type":"ImageObject","@id":"https:\/\/candas365.es\/noticias\/calcinado-el-mobiliario-de-la-cocina-en-una-casa-de-aviles\/#authorImage","url":"https:\/\/secure.gravatar.com\/avatar\/496a8e03d0c493ede1718b7934145dbdf8d89be1036b0eec9544e1094c9de390?s=96&d=mm&r=g","width":96,"height":96,"caption":"Cand\u00e1s 365"},"sameAs":["https:\/\/www.facebook.com\/carrenoactualidad","https:\/\/twitter.com\/nbasturias","https:\/\/www.instagram.com\/nachofdezber\/","https:\/\/www.youtube.com\/channel\/UCZP-2wLEB9Rv6erhFmqVnvg"]},{"@type":"WebPage","@id":"https:\/\/candas365.es\/noticias\/calcinado-el-mobiliario-de-la-cocina-en-una-casa-de-aviles\/#webpage","url":"https:\/\/candas365.es\/noticias\/calcinado-el-mobiliario-de-la-cocina-en-una-casa-de-aviles\/","name":"Calcinado el mobiliario de la cocina en una casa de Avil\u00e9s | Cand\u00e1s 365","description":"Efectivos de Bomberos del Servicio de Emergencias del Principado de Asturias (SEPA), con base en el parque de Avil\u00e9s, han sofocado un incendio declarado en un piso en la Calle Fuero 14. El fuego calcin\u00f3 el mobiliario de la cocina y el humo afect\u00f3 al resto de la vivienda. El Centro de Coordinaci\u00f3n de Emergencias","inLanguage":"es-ES","isPartOf":{"@id":"https:\/\/candas365.es\/noticias\/#website"},"breadcrumb":{"@id":"https:\/\/candas365.es\/noticias\/calcinado-el-mobiliario-de-la-cocina-en-una-casa-de-aviles\/#breadcrumblist"},"author":{"@id":"https:\/\/candas365.es\/noticias\/author\/admin\/#author"},"creator":{"@id":"https:\/\/candas365.es\/noticias\/author\/admin\/#author"},"image":{"@type":"ImageObject","url":"https:\/\/candas365.es\/noticias\/wp-content\/uploads\/2015\/01\/bomberos-archivo.jpg","@id":"https:\/\/candas365.es\/noticias\/calcinado-el-mobiliario-de-la-cocina-en-una-casa-de-aviles\/#mainImage","width":700,"height":909},"primaryImageOfPage":{"@id":"https:\/\/candas365.es\/noticias\/calcinado-el-mobiliario-de-la-cocina-en-una-casa-de-aviles\/#mainImage"},"datePublished":"2018-11-25T20:03:24+01:00","dateModified":"2018-11-25T20:03:24+01:00"},{"@type":"WebSite","@id":"https:\/\/candas365.es\/noticias\/#website","url":"https:\/\/candas365.es\/noticias\/","name":"Cand\u00e1s 365","alternateName":"Cand\u00e1s 365 Noticias","description":"Actualidad desde Carre\u00f1o para el mundo","inLanguage":"es-ES","publisher":{"@id":"https:\/\/candas365.es\/noticias\/#organization"}}]},"og:locale":"es_ES","og:site_name":"Cand\u00e1s 365","og:type":"article","og:title":"Calcinado el mobiliario de la cocina en una casa de Avil\u00e9s | Cand\u00e1s 365","og:description":"Efectivos de Bomberos del Servicio de Emergencias del Principado de Asturias (SEPA), con base en el parque de Avil\u00e9s, han sofocado un incendio declarado en un piso en la Calle Fuero 14. El fuego calcin\u00f3 el mobiliario de la cocina y el humo afect\u00f3 al resto de la vivienda. El Centro de Coordinaci\u00f3n de Emergencias","og:url":"https:\/\/candas365.es\/noticias\/calcinado-el-mobiliario-de-la-cocina-en-una-casa-de-aviles\/","og:image":"https:\/\/candas365.es\/noticias\/wp-content\/uploads\/2015\/01\/bomberos-archivo.jpg","og:image:secure_url":"https:\/\/candas365.es\/noticias\/wp-content\/uploads\/2015\/01\/bomberos-archivo.jpg","og:image:width":700,"og:image:height":909,"article:published_time":"2018-11-25T20:03:24+00:00","article:modified_time":"2018-11-25T20:03:24+00:00","article:publisher":"https:\/\/www.facebook.com\/Nachofdezber","article:author":"https:\/\/www.facebook.com\/carrenoactualidad","twitter:card":"summary_large_image","twitter:site":"@NabercoDigital","twitter:title":"Calcinado el mobiliario de la cocina en una casa de Avil\u00e9s | Cand\u00e1s 365","twitter:description":"Efectivos de Bomberos del Servicio de Emergencias del Principado de Asturias (SEPA), con base en el parque de Avil\u00e9s, han sofocado un incendio declarado en un piso en la Calle Fuero 14. El fuego calcin\u00f3 el mobiliario de la cocina y el humo afect\u00f3 al resto de la vivienda. El Centro de Coordinaci\u00f3n de Emergencias","twitter:creator":"@nbasturias","twitter:image":"https:\/\/candas365.es\/noticias\/wp-content\/uploads\/2015\/01\/bomberos-archivo.jpg","twitter:label1":"Escrito por","twitter:data1":"Cand\u00e1s 365","twitter:label2":"Tiempo de lectura estimado","twitter:data2":"1 minuto"},"aioseo_meta_data":{"post_id":"110726","title":null,"description":null,"keywords":null,"keyphrases":null,"primary_term":null,"canonical_url":null,"og_title":null,"og_description":null,"og_object_type":"default","og_image_type":"default","og_image_url":null,"og_image_width":null,"og_image_height":null,"og_image_custom_url":null,"og_image_custom_fields":null,"og_video":null,"og_custom_url":null,"og_article_section":null,"og_article_tags":null,"twitter_use_og":false,"twitter_card":"default","twitter_image_type":"default","twitter_image_url":null,"twitter_image_custom_url":null,"twitter_image_custom_fields":null,"twitter_title":null,"twitter_description":null,"schema":{"blockGraphs":[],"customGraphs":[],"default":{"data":{"Article":[],"Course":[],"Dataset":[],"FAQPage":[],"Movie":[],"Person":[],"Product":[],"ProductReview":[],"Car":[],"Recipe":[],"Service":[],"SoftwareApplication":[],"WebPage":[]},"graphName":"","isEnabled":true},"graphs":[],"defaultGraph":"","defaultPostTypeGraph":""},"schema_type":null,"schema_type_options":null,"pillar_content":false,"robots_default":true,"robots_noindex":false,"robots_noarchive":false,"robots_nosnippet":false,"robots_nofollow":false,"robots_noimageindex":false,"robots_noodp":false,"robots_notranslate":false,"robots_max_snippet":null,"robots_max_videopreview":null,"robots_max_imagepreview":"large","priority":null,"frequency":null,"location":null,"local_seo":null,"seo_analyzer_scan_date":"2025-08-28 13:23:41","breadcrumb_settings":null,"limit_modified_date":false,"reviewed_by":null,"open_ai":null,"ai":null,"created":"2020-12-21 11:38:13","updated":"2025-08-28 13:23:41"},"aioseo_breadcrumb":"<div class=\"aioseo-breadcrumbs\"><span class=\"aioseo-breadcrumb\">\n\t<a href=\"https:\/\/candas365.es\/noticias\" title=\"Home\">Home<\/a>\n<\/span><span class=\"aioseo-breadcrumb-separator\">&ndash;<\/span><span class=\"aioseo-breadcrumb\">\n\t<a href=\"https:\/\/candas365.es\/noticias\/category\/actualidad\/\" title=\"Actualidad\">Actualidad<\/a>\n<\/span><span class=\"aioseo-breadcrumb-separator\">&ndash;<\/span><span class=\"aioseo-breadcrumb\">\n\tCalcinado el mobiliario de la cocina en una casa de Avil\u00e9s\n<\/span><\/div>","aioseo_breadcrumb_json":[{"label":"Home","link":"https:\/\/candas365.es\/noticias"},{"label":"Actualidad","link":"https:\/\/candas365.es\/noticias\/category\/actualidad\/"},{"label":"Calcinado el mobiliario de la cocina en una casa de Avil\u00e9s","link":"https:\/\/candas365.es\/noticias\/calcinado-el-mobiliario-de-la-cocina-en-una-casa-de-aviles\/"}],"_links":{"self":[{"href":"https:\/\/candas365.es\/noticias\/wp-json\/wp\/v2\/posts\/110726","targetHints":{"allow":["GET"]}}],"collection":[{"href":"https:\/\/candas365.es\/noticias\/wp-json\/wp\/v2\/posts"}],"about":[{"href":"https:\/\/candas365.es\/noticias\/wp-json\/wp\/v2\/types\/post"}],"author":[{"embeddable":true,"href":"https:\/\/candas365.es\/noticias\/wp-json\/wp\/v2\/users\/1"}],"replies":[{"embeddable":true,"href":"https:\/\/candas365.es\/noticias\/wp-json\/wp\/v2\/comments?post=110726"}],"version-history":[{"count":0,"href":"https:\/\/candas365.es\/noticias\/wp-json\/wp\/v2\/posts\/110726\/revisions"}],"wp:featuredmedia":[{"embeddable":true,"href":"https:\/\/candas365.es\/noticias\/wp-json\/wp\/v2\/media\/6205"}],"wp:attachment":[{"href":"https:\/\/candas365.es\/noticias\/wp-json\/wp\/v2\/media?parent=110726"}],"wp:term":[{"taxonomy":"category","embeddable":true,"href":"https:\/\/candas365.es\/noticias\/wp-json\/wp\/v2\/categories?post=110726"},{"taxonomy":"post_tag","embeddable":true,"href":"https:\/\/candas365.es\/noticias\/wp-json\/wp\/v2\/tags?post=110726"}],"curies":[{"name":"wp","href":"https:\/\/api.w.org\/{rel}","templated":true}]}}