{"id":110722,"date":"2018-11-25T19:56:10","date_gmt":"2018-11-25T19:56:10","guid":{"rendered":"http:\/\/candas365.es\/noticias\/?p=110722"},"modified":"2018-11-25T19:56:10","modified_gmt":"2018-11-25T19:56:10","slug":"croacia-gana-la-ultima-edicion-de-la-actual-copa-davis","status":"publish","type":"post","link":"https:\/\/candas365.es\/noticias\/croacia-gana-la-ultima-edicion-de-la-actual-copa-davis\/","title":{"rendered":"Croacia gana la \u00faltima edici\u00f3n de la actual Copa Davis"},"content":{"rendered":"<p><img fetchpriority=\"high\" decoding=\"async\" class=\"alignleft size-medium wp-image-94738\" src=\"https:\/\/candas365.es\/noticias\/wp-content\/uploads\/2018\/04\/tennis-923659_960_720-360x270.jpg\" alt=\"\" width=\"360\" height=\"270\" srcset=\"https:\/\/candas365.es\/noticias\/wp-content\/uploads\/2018\/04\/tennis-923659_960_720-360x270.jpg 360w, https:\/\/candas365.es\/noticias\/wp-content\/uploads\/2018\/04\/tennis-923659_960_720-768x576.jpg 768w, https:\/\/candas365.es\/noticias\/wp-content\/uploads\/2018\/04\/tennis-923659_960_720-640x480.jpg 640w, https:\/\/candas365.es\/noticias\/wp-content\/uploads\/2018\/04\/tennis-923659_960_720-80x60.jpg 80w, https:\/\/candas365.es\/noticias\/wp-content\/uploads\/2018\/04\/tennis-923659_960_720-265x198.jpg 265w, https:\/\/candas365.es\/noticias\/wp-content\/uploads\/2018\/04\/tennis-923659_960_720-696x522.jpg 696w, https:\/\/candas365.es\/noticias\/wp-content\/uploads\/2018\/04\/tennis-923659_960_720-560x420.jpg 560w, https:\/\/candas365.es\/noticias\/wp-content\/uploads\/2018\/04\/tennis-923659_960_720.jpg 960w\" sizes=\"(max-width: 360px) 100vw, 360px\" \/>Londres\/Lille, 25 nov (dpa) &#8211; Croacia gan\u00f3 hoy la \u00faltima edici\u00f3n de la Copa Davis en su actual formato al vencer a Francia en la final disputada en Lille.<\/p>\n<p>La victoria que dio el triunfo a los balc\u00e1nicos la obtuvo Marin Cilic, que derrot\u00f3 a Lucas Pouille por 7-6 (7-3), 6-3 y 6-3 en el cuarto punto para colocar un decisivo 3-1 en la serie.<\/p>\n<p>De esta manera, Croacia obtiene por segunda vez el t\u00edtulo del principal por torneo por equipos del tenis despu\u00e9s del conseguido en 2005, cuando derrot\u00f3 3-2 a Eslovaquia en la final con Ivan Ljubicic y Mario Ancic como figuras. En 2016, estuvo a un paso pero acab\u00f3 perdiendo una \u00e9pica final ante Argentina en Zagreb.<\/p>\n<p>Cilic fue protagonista negativo de aquella serie disputada hace dos a\u00f1os, cuando dej\u00f3 escapar una ventaja de dos sets a cero en el cuarto punto ante el argentino Juan Mart\u00edn del Potro -Croacia lideraba entonces la serie 2-1- y permiti\u00f3 la remontada de los albicelestes.<\/p>\n<p>Hoy, sin embargo, Cilic gan\u00f3 con autoridad su segundo punto de la serie despu\u00e9s de haber batido el viernes al franc\u00e9s Jo-Wilfried Tsonga. El croata sell\u00f3 hoy el t\u00edtulo con un espectacular globo que dej\u00f3 a Pouille parado en la red tras dos horas y 19 minutos.<\/p>\n<p>El capit\u00e1n del equipo croata, Zeljko Krajan, asegur\u00f3 que sus jugadores afrontaron la serie motivados por el recuerdo de lo sucedido ante Argentina hace dos a\u00f1os.<\/p>\n<p>\u00abDespu\u00e9s de siete a\u00f1os dirigiendo al equipo, es incre\u00edble que finalmente lo hayamos coronado con una victoria. La derrota del 2016 estuvo largo tiempo en mi cabeza pero aquella experiencia nos hizo m\u00e1s fuertes y hoy lo demostramos\u00bb, dijo Krajan.<\/p>\n<p>\u00abMarin recordaba lo ocurrido pero estaba muy enfocado mentalmente. Estuvo muy tranquilo\u00bb, destac\u00f3.<\/p>\n<p>Francia, defensora del t\u00edtulo, no pudo obtener delante de su p\u00fablico su und\u00e9cima Ensaladera en su decimonovena final de la historia. La serie se jug\u00f3 en el Stade Pierre Mauroy de Lille, donde los franceses vencieron el a\u00f1o pasado a B\u00e9lgica en la final.<\/p>\n<p>Croacia se queda as\u00ed con la \u00faltima Copa Davis antes de que el torneo cambie por completo su rostro en 2019. La pr\u00f3xima temporada, la fase final se jugar\u00e1 en Madrid del 18 al 24 de noviembre con la participaci\u00f3n de 18 naciones. Antes, habr\u00e1 una fase de clasificaci\u00f3n en febrero.<\/p>\n<p><i class=\"lang-es\"><span class=\" readonly\" title=\"\">Por Nate Williams (dpa)<\/span><\/i><\/p>\n","protected":false},"excerpt":{"rendered":"<p>Londres\/Lille, 25 nov (dpa) &#8211; Croacia gan\u00f3 hoy la \u00faltima edici\u00f3n de la Copa Davis en su actual formato al vencer a Francia en la final disputada en Lille. La victoria que dio el triunfo a los balc\u00e1nicos la obtuvo Marin Cilic, que derrot\u00f3 a Lucas Pouille por 7-6 (7-3), 6-3 y 6-3 en el<\/p>\n","protected":false},"author":1,"featured_media":94989,"comment_status":"closed","ping_status":"closed","sticky":false,"template":"","format":"standard","meta":{"footnotes":""},"categories":[319],"tags":[],"class_list":{"0":"post-110722","1":"post","2":"type-post","3":"status-publish","4":"format-standard","5":"has-post-thumbnail","7":"category-deporte"},"aioseo_notices":[],"aioseo_head":"\n\t\t<!-- All in One SEO Pro 4.9.6.2 - aioseo.com -->\n\t<meta name=\"description\" content=\"Londres\/Lille, 25 nov (dpa) - Croacia gan\u00f3 hoy la \u00faltima edici\u00f3n de la Copa Davis en su actual formato al vencer a Francia en la final disputada en Lille. La victoria que dio el triunfo a los balc\u00e1nicos la obtuvo Marin Cilic, que derrot\u00f3 a Lucas Pouille por 7-6 (7-3), 6-3 y 6-3 en el\" \/>\n\t<meta name=\"robots\" content=\"max-image-preview:large\" \/>\n\t<meta name=\"author\" content=\"Cand\u00e1s 365\"\/>\n\t<meta name=\"google-site-verification\" content=\"UA-32230408-1\" \/>\n\t<meta name=\"msvalidate.01\" content=\"354F3CDFB2DA171B47FBE9ABF1F88D5\" \/>\n\t<meta name=\"keywords\" content=\"deporte\" \/>\n\t<link rel=\"canonical\" href=\"https:\/\/candas365.es\/noticias\/croacia-gana-la-ultima-edicion-de-la-actual-copa-davis\/\" \/>\n\t<meta name=\"generator\" content=\"All in One SEO Pro (AIOSEO) 4.9.6.2\" \/>\n\t\t<meta property=\"og:locale\" content=\"es_ES\" \/>\n\t\t<meta property=\"og:site_name\" content=\"Cand\u00e1s 365\" \/>\n\t\t<meta property=\"og:type\" content=\"article\" \/>\n\t\t<meta property=\"og:title\" content=\"Croacia gana la \u00faltima edici\u00f3n de la actual Copa Davis | Cand\u00e1s 365\" \/>\n\t\t<meta property=\"og:description\" content=\"Londres\/Lille, 25 nov (dpa) - Croacia gan\u00f3 hoy la \u00faltima edici\u00f3n de la Copa Davis en su actual formato al vencer a Francia en la final disputada en Lille. La victoria que dio el triunfo a los balc\u00e1nicos la obtuvo Marin Cilic, que derrot\u00f3 a Lucas Pouille por 7-6 (7-3), 6-3 y 6-3 en el\" \/>\n\t\t<meta property=\"og:url\" content=\"https:\/\/candas365.es\/noticias\/croacia-gana-la-ultima-edicion-de-la-actual-copa-davis\/\" \/>\n\t\t<meta property=\"og:image\" content=\"https:\/\/candas365.es\/noticias\/wp-content\/uploads\/2018\/04\/tennis-923659_960_720-1.jpg\" \/>\n\t\t<meta property=\"og:image:secure_url\" content=\"https:\/\/candas365.es\/noticias\/wp-content\/uploads\/2018\/04\/tennis-923659_960_720-1.jpg\" \/>\n\t\t<meta property=\"og:image:width\" content=\"960\" \/>\n\t\t<meta property=\"og:image:height\" content=\"720\" \/>\n\t\t<meta property=\"article:published_time\" content=\"2018-11-25T19:56:10+00:00\" \/>\n\t\t<meta property=\"article:modified_time\" content=\"2018-11-25T19:56:10+00:00\" \/>\n\t\t<meta property=\"article:publisher\" content=\"https:\/\/www.facebook.com\/Nachofdezber\" \/>\n\t\t<meta property=\"article:author\" content=\"https:\/\/www.facebook.com\/carrenoactualidad\" \/>\n\t\t<meta name=\"twitter:card\" content=\"summary_large_image\" \/>\n\t\t<meta name=\"twitter:site\" content=\"@NabercoDigital\" \/>\n\t\t<meta name=\"twitter:title\" content=\"Croacia gana la \u00faltima edici\u00f3n de la actual Copa Davis | Cand\u00e1s 365\" \/>\n\t\t<meta name=\"twitter:description\" content=\"Londres\/Lille, 25 nov (dpa) - Croacia gan\u00f3 hoy la \u00faltima edici\u00f3n de la Copa Davis en su actual formato al vencer a Francia en la final disputada en Lille. La victoria que dio el triunfo a los balc\u00e1nicos la obtuvo Marin Cilic, que derrot\u00f3 a Lucas Pouille por 7-6 (7-3), 6-3 y 6-3 en el\" \/>\n\t\t<meta name=\"twitter:creator\" content=\"@nbasturias\" \/>\n\t\t<meta name=\"twitter:image\" content=\"https:\/\/candas365.es\/noticias\/wp-content\/uploads\/2018\/04\/tennis-923659_960_720-1.jpg\" \/>\n\t\t<meta name=\"twitter:label1\" content=\"Escrito por\" \/>\n\t\t<meta name=\"twitter:data1\" content=\"Cand\u00e1s 365\" \/>\n\t\t<meta name=\"twitter:label2\" content=\"Tiempo de lectura estimado\" \/>\n\t\t<meta name=\"twitter:data2\" content=\"2 minutos\" \/>\n\t\t<script type=\"application\/ld+json\" class=\"aioseo-schema\">\n\t\t\t{\"@context\":\"https:\\\/\\\/schema.org\",\"@graph\":[{\"@type\":\"BreadcrumbList\",\"@id\":\"https:\\\/\\\/candas365.es\\\/noticias\\\/croacia-gana-la-ultima-edicion-de-la-actual-copa-davis\\\/#breadcrumblist\",\"itemListElement\":[{\"@type\":\"ListItem\",\"@id\":\"https:\\\/\\\/candas365.es\\\/noticias#listItem\",\"position\":1,\"name\":\"Home\",\"item\":\"https:\\\/\\\/candas365.es\\\/noticias\",\"nextItem\":{\"@type\":\"ListItem\",\"@id\":\"https:\\\/\\\/candas365.es\\\/noticias\\\/category\\\/deporte\\\/#listItem\",\"name\":\"Deporte\"}},{\"@type\":\"ListItem\",\"@id\":\"https:\\\/\\\/candas365.es\\\/noticias\\\/category\\\/deporte\\\/#listItem\",\"position\":2,\"name\":\"Deporte\",\"item\":\"https:\\\/\\\/candas365.es\\\/noticias\\\/category\\\/deporte\\\/\",\"nextItem\":{\"@type\":\"ListItem\",\"@id\":\"https:\\\/\\\/candas365.es\\\/noticias\\\/croacia-gana-la-ultima-edicion-de-la-actual-copa-davis\\\/#listItem\",\"name\":\"Croacia gana la \\u00faltima edici\\u00f3n de la actual Copa Davis\"},\"previousItem\":{\"@type\":\"ListItem\",\"@id\":\"https:\\\/\\\/candas365.es\\\/noticias#listItem\",\"name\":\"Home\"}},{\"@type\":\"ListItem\",\"@id\":\"https:\\\/\\\/candas365.es\\\/noticias\\\/croacia-gana-la-ultima-edicion-de-la-actual-copa-davis\\\/#listItem\",\"position\":3,\"name\":\"Croacia gana la \\u00faltima edici\\u00f3n de la actual Copa Davis\",\"previousItem\":{\"@type\":\"ListItem\",\"@id\":\"https:\\\/\\\/candas365.es\\\/noticias\\\/category\\\/deporte\\\/#listItem\",\"name\":\"Deporte\"}}]},{\"@type\":\"NewsArticle\",\"@id\":\"https:\\\/\\\/candas365.es\\\/noticias\\\/croacia-gana-la-ultima-edicion-de-la-actual-copa-davis\\\/#newsarticle\",\"name\":\"Croacia gana la \\u00faltima edici\\u00f3n de la actual Copa Davis | Cand\\u00e1s 365\",\"headline\":\"Croacia gana la \\u00faltima edici\\u00f3n de la actual Copa Davis\",\"author\":{\"@id\":\"https:\\\/\\\/candas365.es\\\/noticias\\\/author\\\/admin\\\/#author\"},\"publisher\":{\"@id\":\"https:\\\/\\\/candas365.es\\\/noticias\\\/#organization\"},\"image\":{\"@type\":\"ImageObject\",\"url\":\"https:\\\/\\\/candas365.es\\\/noticias\\\/wp-content\\\/uploads\\\/2018\\\/04\\\/tennis-923659_960_720-1.jpg\",\"width\":960,\"height\":720,\"caption\":\"tennis\"},\"datePublished\":\"2018-11-25T19:56:10+01:00\",\"dateModified\":\"2018-11-25T19:56:10+01:00\",\"inLanguage\":\"es-ES\",\"mainEntityOfPage\":{\"@id\":\"https:\\\/\\\/candas365.es\\\/noticias\\\/croacia-gana-la-ultima-edicion-de-la-actual-copa-davis\\\/#webpage\"},\"isPartOf\":{\"@id\":\"https:\\\/\\\/candas365.es\\\/noticias\\\/croacia-gana-la-ultima-edicion-de-la-actual-copa-davis\\\/#webpage\"},\"articleSection\":\"Deporte\",\"dateline\":\"Publicado el noviembre 25, 2018.\"},{\"@type\":\"Organization\",\"@id\":\"https:\\\/\\\/candas365.es\\\/noticias\\\/#organization\",\"name\":\"Cand\\u00e1s 365\",\"description\":\"Cand\\u00e1s 365 es un diario digital independiente, fundado en 2012, con base en Asturias. Informamos con rigor sobre actualidad, sociedad, cultura y ocio, con una mirada local y global.\",\"url\":\"https:\\\/\\\/candas365.es\\\/noticias\\\/\",\"email\":\"info@candas365.es\",\"telephone\":\"+34652131393\",\"foundingDate\":\"2012-06-10\",\"logo\":{\"@type\":\"ImageObject\",\"url\":\"https:\\\/\\\/candas365.es\\\/noticias\\\/wp-content\\\/uploads\\\/2024\\\/09\\\/Candas-365-Redes.jpg\",\"@id\":\"https:\\\/\\\/candas365.es\\\/noticias\\\/croacia-gana-la-ultima-edicion-de-la-actual-copa-davis\\\/#organizationLogo\",\"width\":1152,\"height\":864,\"caption\":\"Cand\\u00e1s 365 Redes\"},\"image\":{\"@id\":\"https:\\\/\\\/candas365.es\\\/noticias\\\/croacia-gana-la-ultima-edicion-de-la-actual-copa-davis\\\/#organizationLogo\"},\"sameAs\":[\"https:\\\/\\\/www.facebook.com\\\/Nachofdezber\",\"https:\\\/\\\/x.com\\\/NabercoDigital\",\"https:\\\/\\\/www.instagram.com\\\/nachofdezber\\\/\",\"https:\\\/\\\/www.youtube.com\\\/channel\\\/UCZP-2wLEB9Rv6erhFmqVnvg\"],\"address\":{\"@id\":\"https:\\\/\\\/candas365.es\\\/noticias\\\/#postaladdress\",\"@type\":\"PostalAddress\",\"streetAddress\":\"san antonio 4, san antonio 4\",\"postalCode\":\"33430\",\"addressLocality\":\"Cand\\u00e1s\",\"addressRegion\":\"Asturias\",\"addressCountry\":\"ES\"}},{\"@type\":\"Person\",\"@id\":\"https:\\\/\\\/candas365.es\\\/noticias\\\/author\\\/admin\\\/#author\",\"url\":\"https:\\\/\\\/candas365.es\\\/noticias\\\/author\\\/admin\\\/\",\"name\":\"Cand\\u00e1s 365\",\"image\":{\"@type\":\"ImageObject\",\"@id\":\"https:\\\/\\\/candas365.es\\\/noticias\\\/croacia-gana-la-ultima-edicion-de-la-actual-copa-davis\\\/#authorImage\",\"url\":\"https:\\\/\\\/secure.gravatar.com\\\/avatar\\\/496a8e03d0c493ede1718b7934145dbdf8d89be1036b0eec9544e1094c9de390?s=96&d=mm&r=g\",\"width\":96,\"height\":96,\"caption\":\"Cand\\u00e1s 365\"},\"sameAs\":[\"https:\\\/\\\/www.facebook.com\\\/carrenoactualidad\",\"https:\\\/\\\/twitter.com\\\/nbasturias\",\"https:\\\/\\\/www.instagram.com\\\/nachofdezber\\\/\",\"https:\\\/\\\/www.youtube.com\\\/channel\\\/UCZP-2wLEB9Rv6erhFmqVnvg\"]},{\"@type\":\"WebPage\",\"@id\":\"https:\\\/\\\/candas365.es\\\/noticias\\\/croacia-gana-la-ultima-edicion-de-la-actual-copa-davis\\\/#webpage\",\"url\":\"https:\\\/\\\/candas365.es\\\/noticias\\\/croacia-gana-la-ultima-edicion-de-la-actual-copa-davis\\\/\",\"name\":\"Croacia gana la \\u00faltima edici\\u00f3n de la actual Copa Davis | Cand\\u00e1s 365\",\"description\":\"Londres\\\/Lille, 25 nov (dpa) - Croacia gan\\u00f3 hoy la \\u00faltima edici\\u00f3n de la Copa Davis en su actual formato al vencer a Francia en la final disputada en Lille. La victoria que dio el triunfo a los balc\\u00e1nicos la obtuvo Marin Cilic, que derrot\\u00f3 a Lucas Pouille por 7-6 (7-3), 6-3 y 6-3 en el\",\"inLanguage\":\"es-ES\",\"isPartOf\":{\"@id\":\"https:\\\/\\\/candas365.es\\\/noticias\\\/#website\"},\"breadcrumb\":{\"@id\":\"https:\\\/\\\/candas365.es\\\/noticias\\\/croacia-gana-la-ultima-edicion-de-la-actual-copa-davis\\\/#breadcrumblist\"},\"author\":{\"@id\":\"https:\\\/\\\/candas365.es\\\/noticias\\\/author\\\/admin\\\/#author\"},\"creator\":{\"@id\":\"https:\\\/\\\/candas365.es\\\/noticias\\\/author\\\/admin\\\/#author\"},\"image\":{\"@type\":\"ImageObject\",\"url\":\"https:\\\/\\\/candas365.es\\\/noticias\\\/wp-content\\\/uploads\\\/2018\\\/04\\\/tennis-923659_960_720-1.jpg\",\"@id\":\"https:\\\/\\\/candas365.es\\\/noticias\\\/croacia-gana-la-ultima-edicion-de-la-actual-copa-davis\\\/#mainImage\",\"width\":960,\"height\":720,\"caption\":\"tennis\"},\"primaryImageOfPage\":{\"@id\":\"https:\\\/\\\/candas365.es\\\/noticias\\\/croacia-gana-la-ultima-edicion-de-la-actual-copa-davis\\\/#mainImage\"},\"datePublished\":\"2018-11-25T19:56:10+01:00\",\"dateModified\":\"2018-11-25T19:56:10+01:00\"},{\"@type\":\"WebSite\",\"@id\":\"https:\\\/\\\/candas365.es\\\/noticias\\\/#website\",\"url\":\"https:\\\/\\\/candas365.es\\\/noticias\\\/\",\"name\":\"Cand\\u00e1s 365\",\"alternateName\":\"Cand\\u00e1s 365 Noticias\",\"description\":\"Actualidad desde Carre\\u00f1o para el mundo\",\"inLanguage\":\"es-ES\",\"publisher\":{\"@id\":\"https:\\\/\\\/candas365.es\\\/noticias\\\/#organization\"}}]}\n\t\t<\/script>\n\t\t<!-- All in One SEO Pro -->\r\n\t\t<title>Croacia gana la \u00faltima edici\u00f3n de la actual Copa Davis | Cand\u00e1s 365<\/title>\n\n","aioseo_head_json":{"title":"Croacia gana la \u00faltima edici\u00f3n de la actual Copa Davis | Cand\u00e1s 365","description":"Londres\/Lille, 25 nov (dpa) - Croacia gan\u00f3 hoy la \u00faltima edici\u00f3n de la Copa Davis en su actual formato al vencer a Francia en la final disputada en Lille. La victoria que dio el triunfo a los balc\u00e1nicos la obtuvo Marin Cilic, que derrot\u00f3 a Lucas Pouille por 7-6 (7-3), 6-3 y 6-3 en el","canonical_url":"https:\/\/candas365.es\/noticias\/croacia-gana-la-ultima-edicion-de-la-actual-copa-davis\/","robots":"max-image-preview:large","keywords":"deporte","webmasterTools":{"google-site-verification":"UA-32230408-1","msvalidate.01":"354F3CDFB2DA171B47FBE9ABF1F88D5","miscellaneous":""},"schema":{"@context":"https:\/\/schema.org","@graph":[{"@type":"BreadcrumbList","@id":"https:\/\/candas365.es\/noticias\/croacia-gana-la-ultima-edicion-de-la-actual-copa-davis\/#breadcrumblist","itemListElement":[{"@type":"ListItem","@id":"https:\/\/candas365.es\/noticias#listItem","position":1,"name":"Home","item":"https:\/\/candas365.es\/noticias","nextItem":{"@type":"ListItem","@id":"https:\/\/candas365.es\/noticias\/category\/deporte\/#listItem","name":"Deporte"}},{"@type":"ListItem","@id":"https:\/\/candas365.es\/noticias\/category\/deporte\/#listItem","position":2,"name":"Deporte","item":"https:\/\/candas365.es\/noticias\/category\/deporte\/","nextItem":{"@type":"ListItem","@id":"https:\/\/candas365.es\/noticias\/croacia-gana-la-ultima-edicion-de-la-actual-copa-davis\/#listItem","name":"Croacia gana la \u00faltima edici\u00f3n de la actual Copa Davis"},"previousItem":{"@type":"ListItem","@id":"https:\/\/candas365.es\/noticias#listItem","name":"Home"}},{"@type":"ListItem","@id":"https:\/\/candas365.es\/noticias\/croacia-gana-la-ultima-edicion-de-la-actual-copa-davis\/#listItem","position":3,"name":"Croacia gana la \u00faltima edici\u00f3n de la actual Copa Davis","previousItem":{"@type":"ListItem","@id":"https:\/\/candas365.es\/noticias\/category\/deporte\/#listItem","name":"Deporte"}}]},{"@type":"NewsArticle","@id":"https:\/\/candas365.es\/noticias\/croacia-gana-la-ultima-edicion-de-la-actual-copa-davis\/#newsarticle","name":"Croacia gana la \u00faltima edici\u00f3n de la actual Copa Davis | Cand\u00e1s 365","headline":"Croacia gana la \u00faltima edici\u00f3n de la actual Copa Davis","author":{"@id":"https:\/\/candas365.es\/noticias\/author\/admin\/#author"},"publisher":{"@id":"https:\/\/candas365.es\/noticias\/#organization"},"image":{"@type":"ImageObject","url":"https:\/\/candas365.es\/noticias\/wp-content\/uploads\/2018\/04\/tennis-923659_960_720-1.jpg","width":960,"height":720,"caption":"tennis"},"datePublished":"2018-11-25T19:56:10+01:00","dateModified":"2018-11-25T19:56:10+01:00","inLanguage":"es-ES","mainEntityOfPage":{"@id":"https:\/\/candas365.es\/noticias\/croacia-gana-la-ultima-edicion-de-la-actual-copa-davis\/#webpage"},"isPartOf":{"@id":"https:\/\/candas365.es\/noticias\/croacia-gana-la-ultima-edicion-de-la-actual-copa-davis\/#webpage"},"articleSection":"Deporte","dateline":"Publicado el noviembre 25, 2018."},{"@type":"Organization","@id":"https:\/\/candas365.es\/noticias\/#organization","name":"Cand\u00e1s 365","description":"Cand\u00e1s 365 es un diario digital independiente, fundado en 2012, con base en Asturias. Informamos con rigor sobre actualidad, sociedad, cultura y ocio, con una mirada local y global.","url":"https:\/\/candas365.es\/noticias\/","email":"info@candas365.es","telephone":"+34652131393","foundingDate":"2012-06-10","logo":{"@type":"ImageObject","url":"https:\/\/candas365.es\/noticias\/wp-content\/uploads\/2024\/09\/Candas-365-Redes.jpg","@id":"https:\/\/candas365.es\/noticias\/croacia-gana-la-ultima-edicion-de-la-actual-copa-davis\/#organizationLogo","width":1152,"height":864,"caption":"Cand\u00e1s 365 Redes"},"image":{"@id":"https:\/\/candas365.es\/noticias\/croacia-gana-la-ultima-edicion-de-la-actual-copa-davis\/#organizationLogo"},"sameAs":["https:\/\/www.facebook.com\/Nachofdezber","https:\/\/x.com\/NabercoDigital","https:\/\/www.instagram.com\/nachofdezber\/","https:\/\/www.youtube.com\/channel\/UCZP-2wLEB9Rv6erhFmqVnvg"],"address":{"@id":"https:\/\/candas365.es\/noticias\/#postaladdress","@type":"PostalAddress","streetAddress":"san antonio 4, san antonio 4","postalCode":"33430","addressLocality":"Cand\u00e1s","addressRegion":"Asturias","addressCountry":"ES"}},{"@type":"Person","@id":"https:\/\/candas365.es\/noticias\/author\/admin\/#author","url":"https:\/\/candas365.es\/noticias\/author\/admin\/","name":"Cand\u00e1s 365","image":{"@type":"ImageObject","@id":"https:\/\/candas365.es\/noticias\/croacia-gana-la-ultima-edicion-de-la-actual-copa-davis\/#authorImage","url":"https:\/\/secure.gravatar.com\/avatar\/496a8e03d0c493ede1718b7934145dbdf8d89be1036b0eec9544e1094c9de390?s=96&d=mm&r=g","width":96,"height":96,"caption":"Cand\u00e1s 365"},"sameAs":["https:\/\/www.facebook.com\/carrenoactualidad","https:\/\/twitter.com\/nbasturias","https:\/\/www.instagram.com\/nachofdezber\/","https:\/\/www.youtube.com\/channel\/UCZP-2wLEB9Rv6erhFmqVnvg"]},{"@type":"WebPage","@id":"https:\/\/candas365.es\/noticias\/croacia-gana-la-ultima-edicion-de-la-actual-copa-davis\/#webpage","url":"https:\/\/candas365.es\/noticias\/croacia-gana-la-ultima-edicion-de-la-actual-copa-davis\/","name":"Croacia gana la \u00faltima edici\u00f3n de la actual Copa Davis | Cand\u00e1s 365","description":"Londres\/Lille, 25 nov (dpa) - Croacia gan\u00f3 hoy la \u00faltima edici\u00f3n de la Copa Davis en su actual formato al vencer a Francia en la final disputada en Lille. La victoria que dio el triunfo a los balc\u00e1nicos la obtuvo Marin Cilic, que derrot\u00f3 a Lucas Pouille por 7-6 (7-3), 6-3 y 6-3 en el","inLanguage":"es-ES","isPartOf":{"@id":"https:\/\/candas365.es\/noticias\/#website"},"breadcrumb":{"@id":"https:\/\/candas365.es\/noticias\/croacia-gana-la-ultima-edicion-de-la-actual-copa-davis\/#breadcrumblist"},"author":{"@id":"https:\/\/candas365.es\/noticias\/author\/admin\/#author"},"creator":{"@id":"https:\/\/candas365.es\/noticias\/author\/admin\/#author"},"image":{"@type":"ImageObject","url":"https:\/\/candas365.es\/noticias\/wp-content\/uploads\/2018\/04\/tennis-923659_960_720-1.jpg","@id":"https:\/\/candas365.es\/noticias\/croacia-gana-la-ultima-edicion-de-la-actual-copa-davis\/#mainImage","width":960,"height":720,"caption":"tennis"},"primaryImageOfPage":{"@id":"https:\/\/candas365.es\/noticias\/croacia-gana-la-ultima-edicion-de-la-actual-copa-davis\/#mainImage"},"datePublished":"2018-11-25T19:56:10+01:00","dateModified":"2018-11-25T19:56:10+01:00"},{"@type":"WebSite","@id":"https:\/\/candas365.es\/noticias\/#website","url":"https:\/\/candas365.es\/noticias\/","name":"Cand\u00e1s 365","alternateName":"Cand\u00e1s 365 Noticias","description":"Actualidad desde Carre\u00f1o para el mundo","inLanguage":"es-ES","publisher":{"@id":"https:\/\/candas365.es\/noticias\/#organization"}}]},"og:locale":"es_ES","og:site_name":"Cand\u00e1s 365","og:type":"article","og:title":"Croacia gana la \u00faltima edici\u00f3n de la actual Copa Davis | Cand\u00e1s 365","og:description":"Londres\/Lille, 25 nov (dpa) - Croacia gan\u00f3 hoy la \u00faltima edici\u00f3n de la Copa Davis en su actual formato al vencer a Francia en la final disputada en Lille. La victoria que dio el triunfo a los balc\u00e1nicos la obtuvo Marin Cilic, que derrot\u00f3 a Lucas Pouille por 7-6 (7-3), 6-3 y 6-3 en el","og:url":"https:\/\/candas365.es\/noticias\/croacia-gana-la-ultima-edicion-de-la-actual-copa-davis\/","og:image":"https:\/\/candas365.es\/noticias\/wp-content\/uploads\/2018\/04\/tennis-923659_960_720-1.jpg","og:image:secure_url":"https:\/\/candas365.es\/noticias\/wp-content\/uploads\/2018\/04\/tennis-923659_960_720-1.jpg","og:image:width":960,"og:image:height":720,"article:published_time":"2018-11-25T19:56:10+00:00","article:modified_time":"2018-11-25T19:56:10+00:00","article:publisher":"https:\/\/www.facebook.com\/Nachofdezber","article:author":"https:\/\/www.facebook.com\/carrenoactualidad","twitter:card":"summary_large_image","twitter:site":"@NabercoDigital","twitter:title":"Croacia gana la \u00faltima edici\u00f3n de la actual Copa Davis | Cand\u00e1s 365","twitter:description":"Londres\/Lille, 25 nov (dpa) - Croacia gan\u00f3 hoy la \u00faltima edici\u00f3n de la Copa Davis en su actual formato al vencer a Francia en la final disputada en Lille. La victoria que dio el triunfo a los balc\u00e1nicos la obtuvo Marin Cilic, que derrot\u00f3 a Lucas Pouille por 7-6 (7-3), 6-3 y 6-3 en el","twitter:creator":"@nbasturias","twitter:image":"https:\/\/candas365.es\/noticias\/wp-content\/uploads\/2018\/04\/tennis-923659_960_720-1.jpg","twitter:label1":"Escrito por","twitter:data1":"Cand\u00e1s 365","twitter:label2":"Tiempo de lectura estimado","twitter:data2":"2 minutos"},"aioseo_meta_data":{"post_id":"110722","title":null,"description":null,"keywords":null,"keyphrases":null,"primary_term":null,"canonical_url":null,"og_title":null,"og_description":null,"og_object_type":"default","og_image_type":"default","og_image_url":null,"og_image_width":null,"og_image_height":null,"og_image_custom_url":null,"og_image_custom_fields":null,"og_video":null,"og_custom_url":null,"og_article_section":null,"og_article_tags":null,"twitter_use_og":false,"twitter_card":"default","twitter_image_type":"default","twitter_image_url":null,"twitter_image_custom_url":null,"twitter_image_custom_fields":null,"twitter_title":null,"twitter_description":null,"schema":{"blockGraphs":[],"customGraphs":[],"default":{"data":{"Article":[],"Course":[],"Dataset":[],"FAQPage":[],"Movie":[],"Person":[],"Product":[],"ProductReview":[],"Car":[],"Recipe":[],"Service":[],"SoftwareApplication":[],"WebPage":[]},"graphName":"","isEnabled":true},"graphs":[],"defaultGraph":"","defaultPostTypeGraph":""},"schema_type":null,"schema_type_options":null,"pillar_content":false,"robots_default":true,"robots_noindex":false,"robots_noarchive":false,"robots_nosnippet":false,"robots_nofollow":false,"robots_noimageindex":false,"robots_noodp":false,"robots_notranslate":false,"robots_max_snippet":null,"robots_max_videopreview":null,"robots_max_imagepreview":"large","priority":null,"frequency":null,"location":null,"local_seo":null,"seo_analyzer_scan_date":"2025-08-28 13:23:39","breadcrumb_settings":null,"limit_modified_date":false,"reviewed_by":null,"open_ai":null,"ai":null,"created":"2020-12-21 11:38:13","updated":"2025-08-28 13:23:39"},"aioseo_breadcrumb":"<div class=\"aioseo-breadcrumbs\"><span class=\"aioseo-breadcrumb\">\n\t<a href=\"https:\/\/candas365.es\/noticias\" title=\"Home\">Home<\/a>\n<\/span><span class=\"aioseo-breadcrumb-separator\">&ndash;<\/span><span class=\"aioseo-breadcrumb\">\n\t<a href=\"https:\/\/candas365.es\/noticias\/category\/deporte\/\" title=\"Deporte\">Deporte<\/a>\n<\/span><span class=\"aioseo-breadcrumb-separator\">&ndash;<\/span><span class=\"aioseo-breadcrumb\">\n\tCroacia gana la \u00faltima edici\u00f3n de la actual Copa Davis\n<\/span><\/div>","aioseo_breadcrumb_json":[{"label":"Home","link":"https:\/\/candas365.es\/noticias"},{"label":"Deporte","link":"https:\/\/candas365.es\/noticias\/category\/deporte\/"},{"label":"Croacia gana la \u00faltima edici\u00f3n de la actual Copa Davis","link":"https:\/\/candas365.es\/noticias\/croacia-gana-la-ultima-edicion-de-la-actual-copa-davis\/"}],"_links":{"self":[{"href":"https:\/\/candas365.es\/noticias\/wp-json\/wp\/v2\/posts\/110722","targetHints":{"allow":["GET"]}}],"collection":[{"href":"https:\/\/candas365.es\/noticias\/wp-json\/wp\/v2\/posts"}],"about":[{"href":"https:\/\/candas365.es\/noticias\/wp-json\/wp\/v2\/types\/post"}],"author":[{"embeddable":true,"href":"https:\/\/candas365.es\/noticias\/wp-json\/wp\/v2\/users\/1"}],"replies":[{"embeddable":true,"href":"https:\/\/candas365.es\/noticias\/wp-json\/wp\/v2\/comments?post=110722"}],"version-history":[{"count":0,"href":"https:\/\/candas365.es\/noticias\/wp-json\/wp\/v2\/posts\/110722\/revisions"}],"wp:featuredmedia":[{"embeddable":true,"href":"https:\/\/candas365.es\/noticias\/wp-json\/wp\/v2\/media\/94989"}],"wp:attachment":[{"href":"https:\/\/candas365.es\/noticias\/wp-json\/wp\/v2\/media?parent=110722"}],"wp:term":[{"taxonomy":"category","embeddable":true,"href":"https:\/\/candas365.es\/noticias\/wp-json\/wp\/v2\/categories?post=110722"},{"taxonomy":"post_tag","embeddable":true,"href":"https:\/\/candas365.es\/noticias\/wp-json\/wp\/v2\/tags?post=110722"}],"curies":[{"name":"wp","href":"https:\/\/api.w.org\/{rel}","templated":true}]}}