{"id":110675,"date":"2018-11-24T21:11:19","date_gmt":"2018-11-24T21:11:19","guid":{"rendered":"http:\/\/candas365.es\/noticias\/?p=110675"},"modified":"2018-11-24T21:11:19","modified_gmt":"2018-11-24T21:11:19","slug":"imprescindibles-recorre-la-vida-de-maria-moliner","status":"publish","type":"post","link":"https:\/\/candas365.es\/noticias\/imprescindibles-recorre-la-vida-de-maria-moliner\/","title":{"rendered":"\u00abImprescindibles\u00bb recorre la vida de Mar\u00eda Moliner"},"content":{"rendered":"<p><img fetchpriority=\"high\" decoding=\"async\" class=\"alignleft size-medium wp-image-110676\" src=\"https:\/\/candas365.es\/noticias\/wp-content\/uploads\/2018\/11\/ndptele24111802-360x207.jpg\" alt=\"\" width=\"360\" height=\"207\" srcset=\"https:\/\/candas365.es\/noticias\/wp-content\/uploads\/2018\/11\/ndptele24111802-360x207.jpg 360w, https:\/\/candas365.es\/noticias\/wp-content\/uploads\/2018\/11\/ndptele24111802-768x443.jpg 768w, https:\/\/candas365.es\/noticias\/wp-content\/uploads\/2018\/11\/ndptele24111802-655x377.jpg 655w, https:\/\/candas365.es\/noticias\/wp-content\/uploads\/2018\/11\/ndptele24111802-696x401.jpg 696w, https:\/\/candas365.es\/noticias\/wp-content\/uploads\/2018\/11\/ndptele24111802-1068x615.jpg 1068w, https:\/\/candas365.es\/noticias\/wp-content\/uploads\/2018\/11\/ndptele24111802-729x420.jpg 729w, https:\/\/candas365.es\/noticias\/wp-content\/uploads\/2018\/11\/ndptele24111802.jpg 1600w\" sizes=\"(max-width: 360px) 100vw, 360px\" \/>&#8216;Imprescindibles&#8217; ofrece este domingo un recorrido por la vida y la obra de la lexic\u00f3grafa y bibliotecaria aragonesa Mar\u00eda Moliner con el estreno del documental &#8216;Mar\u00eda Moliner: tendiendo palabras&#8217;. Dirigido por Victoria Calavia, se estrena con motivo de los 50 a\u00f1os de aparici\u00f3n del Diccionario de uso del espa\u00f1ol, la obra con la que quiso acercar el lenguaje a la calle.<\/p>\n<p>A lo largo del documental una presencia femenina conduce al espectador a trav\u00e9s de los hechos importantes en la vida de Mar\u00eda Moliner y destaca los t\u00e9rminos que los definen y dibujan, y las definiciones que de \u00e9stos ofrece Mar\u00eda en su diccionario. Es una narraci\u00f3n contada a trav\u00e9s de sus propias palabras.<\/p>\n<p>Personalidades del mundo de la cultura, la literatura, la historia, la educaci\u00f3n, la filolog\u00eda o la archiv\u00edstica gu\u00edan el documental a trav\u00e9s de esta vida apasionante dedicada a la vocaci\u00f3n y al amor por el lenguaje como instrumento de comunicaci\u00f3n y comprensi\u00f3n del otro, del mundo y de nosotros mismos.<\/p>\n<p>Su inter\u00e9s intelectual m\u00e1s profundo, las palabras y sus definiciones, son el veh\u00edculo narrativo y po\u00e9tico de este documento: palabras tendidas, palabras que tienden puentes.<\/p>\n<p>Entre otros, intervienen Ant\u00f3n Castro, Aurora Egido, Carme Riera, Carmen Ram\u00f3n Moliner, Eva Puy\u00f3, In\u00e9s Fern\u00e1ndez Ord\u00f3\u00f1ez, Inmaculada de la Fuente, Javier Barreiro, Jos\u00e9 Manuel Blecua, Luisa Guti\u00e9rrez, Manuel Cebri\u00e1n, Marco Dugnani, Mar\u00eda Antonia Mart\u00edn Zorraquino, Pedro \u00c1lvarez de Miranda, Pilar Ben\u00edtez, Soledad Pu\u00e9rtolas y V\u00edctor Juan.<\/p>\n","protected":false},"excerpt":{"rendered":"<p>&#8216;Imprescindibles&#8217; ofrece este domingo un recorrido por la vida y la obra de la lexic\u00f3grafa y bibliotecaria aragonesa Mar\u00eda Moliner con el estreno del documental &#8216;Mar\u00eda Moliner: tendiendo palabras&#8217;. Dirigido por Victoria Calavia, se estrena con motivo de los 50 a\u00f1os de aparici\u00f3n del Diccionario de uso del espa\u00f1ol, la obra con la que quiso<\/p>\n","protected":false},"author":1,"featured_media":110676,"comment_status":"closed","ping_status":"closed","sticky":false,"template":"","format":"standard","meta":{"footnotes":""},"categories":[1],"tags":[],"class_list":{"0":"post-110675","1":"post","2":"type-post","3":"status-publish","4":"format-standard","5":"has-post-thumbnail","7":"category-agenda"},"aioseo_notices":[],"aioseo_head":"\n\t\t<!-- All in One SEO Pro 4.9.6.2 - aioseo.com -->\n\t<meta name=\"description\" content=\"&#039;Imprescindibles&#039; ofrece este domingo un recorrido por la vida y la obra de la lexic\u00f3grafa y bibliotecaria aragonesa Mar\u00eda Moliner con el estreno del documental &#039;Mar\u00eda Moliner: tendiendo palabras&#039;. Dirigido por Victoria Calavia, se estrena con motivo de los 50 a\u00f1os de aparici\u00f3n del Diccionario de uso del espa\u00f1ol, la obra con la que quiso\" \/>\n\t<meta name=\"robots\" content=\"max-image-preview:large\" \/>\n\t<meta name=\"author\" content=\"Cand\u00e1s 365\"\/>\n\t<meta name=\"google-site-verification\" content=\"UA-32230408-1\" \/>\n\t<meta name=\"msvalidate.01\" content=\"354F3CDFB2DA171B47FBE9ABF1F88D5\" \/>\n\t<meta name=\"keywords\" content=\"agenda\" \/>\n\t<link rel=\"canonical\" href=\"https:\/\/candas365.es\/noticias\/imprescindibles-recorre-la-vida-de-maria-moliner\/\" \/>\n\t<meta name=\"generator\" content=\"All in One SEO Pro (AIOSEO) 4.9.6.2\" \/>\n\t\t<meta property=\"og:locale\" content=\"es_ES\" \/>\n\t\t<meta property=\"og:site_name\" content=\"Cand\u00e1s 365\" \/>\n\t\t<meta property=\"og:type\" content=\"article\" \/>\n\t\t<meta property=\"og:title\" content=\"\u00abImprescindibles\u00bb recorre la vida de Mar\u00eda Moliner | Cand\u00e1s 365\" \/>\n\t\t<meta property=\"og:description\" content=\"&#039;Imprescindibles&#039; ofrece este domingo un recorrido por la vida y la obra de la lexic\u00f3grafa y bibliotecaria aragonesa Mar\u00eda Moliner con el estreno del documental &#039;Mar\u00eda Moliner: tendiendo palabras&#039;. Dirigido por Victoria Calavia, se estrena con motivo de los 50 a\u00f1os de aparici\u00f3n del Diccionario de uso del espa\u00f1ol, la obra con la que quiso\" \/>\n\t\t<meta property=\"og:url\" content=\"https:\/\/candas365.es\/noticias\/imprescindibles-recorre-la-vida-de-maria-moliner\/\" \/>\n\t\t<meta property=\"og:image\" content=\"https:\/\/candas365.es\/noticias\/wp-content\/uploads\/2018\/11\/ndptele24111802.jpg\" \/>\n\t\t<meta property=\"og:image:secure_url\" content=\"https:\/\/candas365.es\/noticias\/wp-content\/uploads\/2018\/11\/ndptele24111802.jpg\" \/>\n\t\t<meta property=\"og:image:width\" content=\"1600\" \/>\n\t\t<meta property=\"og:image:height\" content=\"922\" \/>\n\t\t<meta property=\"article:published_time\" content=\"2018-11-24T21:11:19+00:00\" \/>\n\t\t<meta property=\"article:modified_time\" content=\"2018-11-24T21:11:19+00:00\" \/>\n\t\t<meta property=\"article:publisher\" content=\"https:\/\/www.facebook.com\/Nachofdezber\" \/>\n\t\t<meta property=\"article:author\" content=\"https:\/\/www.facebook.com\/carrenoactualidad\" \/>\n\t\t<meta name=\"twitter:card\" content=\"summary_large_image\" \/>\n\t\t<meta name=\"twitter:site\" content=\"@NabercoDigital\" \/>\n\t\t<meta name=\"twitter:title\" content=\"\u00abImprescindibles\u00bb recorre la vida de Mar\u00eda Moliner | Cand\u00e1s 365\" \/>\n\t\t<meta name=\"twitter:description\" content=\"&#039;Imprescindibles&#039; ofrece este domingo un recorrido por la vida y la obra de la lexic\u00f3grafa y bibliotecaria aragonesa Mar\u00eda Moliner con el estreno del documental &#039;Mar\u00eda Moliner: tendiendo palabras&#039;. Dirigido por Victoria Calavia, se estrena con motivo de los 50 a\u00f1os de aparici\u00f3n del Diccionario de uso del espa\u00f1ol, la obra con la que quiso\" \/>\n\t\t<meta name=\"twitter:creator\" content=\"@nbasturias\" \/>\n\t\t<meta name=\"twitter:image\" content=\"https:\/\/candas365.es\/noticias\/wp-content\/uploads\/2018\/11\/ndptele24111802.jpg\" \/>\n\t\t<meta name=\"twitter:label1\" content=\"Escrito por\" \/>\n\t\t<meta name=\"twitter:data1\" content=\"Cand\u00e1s 365\" \/>\n\t\t<meta name=\"twitter:label2\" content=\"Tiempo de lectura estimado\" \/>\n\t\t<meta name=\"twitter:data2\" content=\"1 minuto\" \/>\n\t\t<script type=\"application\/ld+json\" class=\"aioseo-schema\">\n\t\t\t{\"@context\":\"https:\\\/\\\/schema.org\",\"@graph\":[{\"@type\":\"BreadcrumbList\",\"@id\":\"https:\\\/\\\/candas365.es\\\/noticias\\\/imprescindibles-recorre-la-vida-de-maria-moliner\\\/#breadcrumblist\",\"itemListElement\":[{\"@type\":\"ListItem\",\"@id\":\"https:\\\/\\\/candas365.es\\\/noticias#listItem\",\"position\":1,\"name\":\"Home\",\"item\":\"https:\\\/\\\/candas365.es\\\/noticias\",\"nextItem\":{\"@type\":\"ListItem\",\"@id\":\"https:\\\/\\\/candas365.es\\\/noticias\\\/category\\\/agenda\\\/#listItem\",\"name\":\"Agenda\"}},{\"@type\":\"ListItem\",\"@id\":\"https:\\\/\\\/candas365.es\\\/noticias\\\/category\\\/agenda\\\/#listItem\",\"position\":2,\"name\":\"Agenda\",\"item\":\"https:\\\/\\\/candas365.es\\\/noticias\\\/category\\\/agenda\\\/\",\"nextItem\":{\"@type\":\"ListItem\",\"@id\":\"https:\\\/\\\/candas365.es\\\/noticias\\\/imprescindibles-recorre-la-vida-de-maria-moliner\\\/#listItem\",\"name\":\"\\u00abImprescindibles\\u00bb recorre la vida de Mar\\u00eda Moliner\"},\"previousItem\":{\"@type\":\"ListItem\",\"@id\":\"https:\\\/\\\/candas365.es\\\/noticias#listItem\",\"name\":\"Home\"}},{\"@type\":\"ListItem\",\"@id\":\"https:\\\/\\\/candas365.es\\\/noticias\\\/imprescindibles-recorre-la-vida-de-maria-moliner\\\/#listItem\",\"position\":3,\"name\":\"\\u00abImprescindibles\\u00bb recorre la vida de Mar\\u00eda Moliner\",\"previousItem\":{\"@type\":\"ListItem\",\"@id\":\"https:\\\/\\\/candas365.es\\\/noticias\\\/category\\\/agenda\\\/#listItem\",\"name\":\"Agenda\"}}]},{\"@type\":\"NewsArticle\",\"@id\":\"https:\\\/\\\/candas365.es\\\/noticias\\\/imprescindibles-recorre-la-vida-de-maria-moliner\\\/#newsarticle\",\"name\":\"\\u00abImprescindibles\\u00bb recorre la vida de Mar\\u00eda Moliner | Cand\\u00e1s 365\",\"headline\":\"\\u00abImprescindibles\\u00bb recorre la vida de Mar\\u00eda Moliner\",\"author\":{\"@id\":\"https:\\\/\\\/candas365.es\\\/noticias\\\/author\\\/admin\\\/#author\"},\"publisher\":{\"@id\":\"https:\\\/\\\/candas365.es\\\/noticias\\\/#organization\"},\"image\":{\"@type\":\"ImageObject\",\"url\":\"https:\\\/\\\/candas365.es\\\/noticias\\\/wp-content\\\/uploads\\\/2018\\\/11\\\/ndptele24111802.jpg\",\"width\":1600,\"height\":922},\"datePublished\":\"2018-11-24T21:11:19+01:00\",\"dateModified\":\"2018-11-24T21:11:19+01:00\",\"inLanguage\":\"es-ES\",\"mainEntityOfPage\":{\"@id\":\"https:\\\/\\\/candas365.es\\\/noticias\\\/imprescindibles-recorre-la-vida-de-maria-moliner\\\/#webpage\"},\"isPartOf\":{\"@id\":\"https:\\\/\\\/candas365.es\\\/noticias\\\/imprescindibles-recorre-la-vida-de-maria-moliner\\\/#webpage\"},\"articleSection\":\"Agenda\",\"dateline\":\"Publicado el noviembre 24, 2018.\"},{\"@type\":\"Organization\",\"@id\":\"https:\\\/\\\/candas365.es\\\/noticias\\\/#organization\",\"name\":\"Cand\\u00e1s 365\",\"description\":\"Cand\\u00e1s 365 es un diario digital independiente, fundado en 2012, con base en Asturias. Informamos con rigor sobre actualidad, sociedad, cultura y ocio, con una mirada local y global.\",\"url\":\"https:\\\/\\\/candas365.es\\\/noticias\\\/\",\"email\":\"info@candas365.es\",\"telephone\":\"+34652131393\",\"foundingDate\":\"2012-06-10\",\"logo\":{\"@type\":\"ImageObject\",\"url\":\"https:\\\/\\\/candas365.es\\\/noticias\\\/wp-content\\\/uploads\\\/2024\\\/09\\\/Candas-365-Redes.jpg\",\"@id\":\"https:\\\/\\\/candas365.es\\\/noticias\\\/imprescindibles-recorre-la-vida-de-maria-moliner\\\/#organizationLogo\",\"width\":1152,\"height\":864,\"caption\":\"Cand\\u00e1s 365 Redes\"},\"image\":{\"@id\":\"https:\\\/\\\/candas365.es\\\/noticias\\\/imprescindibles-recorre-la-vida-de-maria-moliner\\\/#organizationLogo\"},\"sameAs\":[\"https:\\\/\\\/www.facebook.com\\\/Nachofdezber\",\"https:\\\/\\\/x.com\\\/NabercoDigital\",\"https:\\\/\\\/www.instagram.com\\\/nachofdezber\\\/\",\"https:\\\/\\\/www.youtube.com\\\/channel\\\/UCZP-2wLEB9Rv6erhFmqVnvg\"],\"address\":{\"@id\":\"https:\\\/\\\/candas365.es\\\/noticias\\\/#postaladdress\",\"@type\":\"PostalAddress\",\"streetAddress\":\"san antonio 4, san antonio 4\",\"postalCode\":\"33430\",\"addressLocality\":\"Cand\\u00e1s\",\"addressRegion\":\"Asturias\",\"addressCountry\":\"ES\"}},{\"@type\":\"Person\",\"@id\":\"https:\\\/\\\/candas365.es\\\/noticias\\\/author\\\/admin\\\/#author\",\"url\":\"https:\\\/\\\/candas365.es\\\/noticias\\\/author\\\/admin\\\/\",\"name\":\"Cand\\u00e1s 365\",\"image\":{\"@type\":\"ImageObject\",\"@id\":\"https:\\\/\\\/candas365.es\\\/noticias\\\/imprescindibles-recorre-la-vida-de-maria-moliner\\\/#authorImage\",\"url\":\"https:\\\/\\\/secure.gravatar.com\\\/avatar\\\/496a8e03d0c493ede1718b7934145dbdf8d89be1036b0eec9544e1094c9de390?s=96&d=mm&r=g\",\"width\":96,\"height\":96,\"caption\":\"Cand\\u00e1s 365\"},\"sameAs\":[\"https:\\\/\\\/www.facebook.com\\\/carrenoactualidad\",\"https:\\\/\\\/twitter.com\\\/nbasturias\",\"https:\\\/\\\/www.instagram.com\\\/nachofdezber\\\/\",\"https:\\\/\\\/www.youtube.com\\\/channel\\\/UCZP-2wLEB9Rv6erhFmqVnvg\"]},{\"@type\":\"WebPage\",\"@id\":\"https:\\\/\\\/candas365.es\\\/noticias\\\/imprescindibles-recorre-la-vida-de-maria-moliner\\\/#webpage\",\"url\":\"https:\\\/\\\/candas365.es\\\/noticias\\\/imprescindibles-recorre-la-vida-de-maria-moliner\\\/\",\"name\":\"\\u00abImprescindibles\\u00bb recorre la vida de Mar\\u00eda Moliner | Cand\\u00e1s 365\",\"description\":\"'Imprescindibles' ofrece este domingo un recorrido por la vida y la obra de la lexic\\u00f3grafa y bibliotecaria aragonesa Mar\\u00eda Moliner con el estreno del documental 'Mar\\u00eda Moliner: tendiendo palabras'. Dirigido por Victoria Calavia, se estrena con motivo de los 50 a\\u00f1os de aparici\\u00f3n del Diccionario de uso del espa\\u00f1ol, la obra con la que quiso\",\"inLanguage\":\"es-ES\",\"isPartOf\":{\"@id\":\"https:\\\/\\\/candas365.es\\\/noticias\\\/#website\"},\"breadcrumb\":{\"@id\":\"https:\\\/\\\/candas365.es\\\/noticias\\\/imprescindibles-recorre-la-vida-de-maria-moliner\\\/#breadcrumblist\"},\"author\":{\"@id\":\"https:\\\/\\\/candas365.es\\\/noticias\\\/author\\\/admin\\\/#author\"},\"creator\":{\"@id\":\"https:\\\/\\\/candas365.es\\\/noticias\\\/author\\\/admin\\\/#author\"},\"image\":{\"@type\":\"ImageObject\",\"url\":\"https:\\\/\\\/candas365.es\\\/noticias\\\/wp-content\\\/uploads\\\/2018\\\/11\\\/ndptele24111802.jpg\",\"@id\":\"https:\\\/\\\/candas365.es\\\/noticias\\\/imprescindibles-recorre-la-vida-de-maria-moliner\\\/#mainImage\",\"width\":1600,\"height\":922},\"primaryImageOfPage\":{\"@id\":\"https:\\\/\\\/candas365.es\\\/noticias\\\/imprescindibles-recorre-la-vida-de-maria-moliner\\\/#mainImage\"},\"datePublished\":\"2018-11-24T21:11:19+01:00\",\"dateModified\":\"2018-11-24T21:11:19+01:00\"},{\"@type\":\"WebSite\",\"@id\":\"https:\\\/\\\/candas365.es\\\/noticias\\\/#website\",\"url\":\"https:\\\/\\\/candas365.es\\\/noticias\\\/\",\"name\":\"Cand\\u00e1s 365\",\"alternateName\":\"Cand\\u00e1s 365 Noticias\",\"description\":\"Actualidad desde Carre\\u00f1o para el mundo\",\"inLanguage\":\"es-ES\",\"publisher\":{\"@id\":\"https:\\\/\\\/candas365.es\\\/noticias\\\/#organization\"}}]}\n\t\t<\/script>\n\t\t<!-- All in One SEO Pro -->\r\n\t\t<title>\u00abImprescindibles\u00bb recorre la vida de Mar\u00eda Moliner | Cand\u00e1s 365<\/title>\n\n","aioseo_head_json":{"title":"\u00abImprescindibles\u00bb recorre la vida de Mar\u00eda Moliner | Cand\u00e1s 365","description":"'Imprescindibles' ofrece este domingo un recorrido por la vida y la obra de la lexic\u00f3grafa y bibliotecaria aragonesa Mar\u00eda Moliner con el estreno del documental 'Mar\u00eda Moliner: tendiendo palabras'. Dirigido por Victoria Calavia, se estrena con motivo de los 50 a\u00f1os de aparici\u00f3n del Diccionario de uso del espa\u00f1ol, la obra con la que quiso","canonical_url":"https:\/\/candas365.es\/noticias\/imprescindibles-recorre-la-vida-de-maria-moliner\/","robots":"max-image-preview:large","keywords":"agenda","webmasterTools":{"google-site-verification":"UA-32230408-1","msvalidate.01":"354F3CDFB2DA171B47FBE9ABF1F88D5","miscellaneous":""},"schema":{"@context":"https:\/\/schema.org","@graph":[{"@type":"BreadcrumbList","@id":"https:\/\/candas365.es\/noticias\/imprescindibles-recorre-la-vida-de-maria-moliner\/#breadcrumblist","itemListElement":[{"@type":"ListItem","@id":"https:\/\/candas365.es\/noticias#listItem","position":1,"name":"Home","item":"https:\/\/candas365.es\/noticias","nextItem":{"@type":"ListItem","@id":"https:\/\/candas365.es\/noticias\/category\/agenda\/#listItem","name":"Agenda"}},{"@type":"ListItem","@id":"https:\/\/candas365.es\/noticias\/category\/agenda\/#listItem","position":2,"name":"Agenda","item":"https:\/\/candas365.es\/noticias\/category\/agenda\/","nextItem":{"@type":"ListItem","@id":"https:\/\/candas365.es\/noticias\/imprescindibles-recorre-la-vida-de-maria-moliner\/#listItem","name":"\u00abImprescindibles\u00bb recorre la vida de Mar\u00eda Moliner"},"previousItem":{"@type":"ListItem","@id":"https:\/\/candas365.es\/noticias#listItem","name":"Home"}},{"@type":"ListItem","@id":"https:\/\/candas365.es\/noticias\/imprescindibles-recorre-la-vida-de-maria-moliner\/#listItem","position":3,"name":"\u00abImprescindibles\u00bb recorre la vida de Mar\u00eda Moliner","previousItem":{"@type":"ListItem","@id":"https:\/\/candas365.es\/noticias\/category\/agenda\/#listItem","name":"Agenda"}}]},{"@type":"NewsArticle","@id":"https:\/\/candas365.es\/noticias\/imprescindibles-recorre-la-vida-de-maria-moliner\/#newsarticle","name":"\u00abImprescindibles\u00bb recorre la vida de Mar\u00eda Moliner | Cand\u00e1s 365","headline":"\u00abImprescindibles\u00bb recorre la vida de Mar\u00eda Moliner","author":{"@id":"https:\/\/candas365.es\/noticias\/author\/admin\/#author"},"publisher":{"@id":"https:\/\/candas365.es\/noticias\/#organization"},"image":{"@type":"ImageObject","url":"https:\/\/candas365.es\/noticias\/wp-content\/uploads\/2018\/11\/ndptele24111802.jpg","width":1600,"height":922},"datePublished":"2018-11-24T21:11:19+01:00","dateModified":"2018-11-24T21:11:19+01:00","inLanguage":"es-ES","mainEntityOfPage":{"@id":"https:\/\/candas365.es\/noticias\/imprescindibles-recorre-la-vida-de-maria-moliner\/#webpage"},"isPartOf":{"@id":"https:\/\/candas365.es\/noticias\/imprescindibles-recorre-la-vida-de-maria-moliner\/#webpage"},"articleSection":"Agenda","dateline":"Publicado el noviembre 24, 2018."},{"@type":"Organization","@id":"https:\/\/candas365.es\/noticias\/#organization","name":"Cand\u00e1s 365","description":"Cand\u00e1s 365 es un diario digital independiente, fundado en 2012, con base en Asturias. Informamos con rigor sobre actualidad, sociedad, cultura y ocio, con una mirada local y global.","url":"https:\/\/candas365.es\/noticias\/","email":"info@candas365.es","telephone":"+34652131393","foundingDate":"2012-06-10","logo":{"@type":"ImageObject","url":"https:\/\/candas365.es\/noticias\/wp-content\/uploads\/2024\/09\/Candas-365-Redes.jpg","@id":"https:\/\/candas365.es\/noticias\/imprescindibles-recorre-la-vida-de-maria-moliner\/#organizationLogo","width":1152,"height":864,"caption":"Cand\u00e1s 365 Redes"},"image":{"@id":"https:\/\/candas365.es\/noticias\/imprescindibles-recorre-la-vida-de-maria-moliner\/#organizationLogo"},"sameAs":["https:\/\/www.facebook.com\/Nachofdezber","https:\/\/x.com\/NabercoDigital","https:\/\/www.instagram.com\/nachofdezber\/","https:\/\/www.youtube.com\/channel\/UCZP-2wLEB9Rv6erhFmqVnvg"],"address":{"@id":"https:\/\/candas365.es\/noticias\/#postaladdress","@type":"PostalAddress","streetAddress":"san antonio 4, san antonio 4","postalCode":"33430","addressLocality":"Cand\u00e1s","addressRegion":"Asturias","addressCountry":"ES"}},{"@type":"Person","@id":"https:\/\/candas365.es\/noticias\/author\/admin\/#author","url":"https:\/\/candas365.es\/noticias\/author\/admin\/","name":"Cand\u00e1s 365","image":{"@type":"ImageObject","@id":"https:\/\/candas365.es\/noticias\/imprescindibles-recorre-la-vida-de-maria-moliner\/#authorImage","url":"https:\/\/secure.gravatar.com\/avatar\/496a8e03d0c493ede1718b7934145dbdf8d89be1036b0eec9544e1094c9de390?s=96&d=mm&r=g","width":96,"height":96,"caption":"Cand\u00e1s 365"},"sameAs":["https:\/\/www.facebook.com\/carrenoactualidad","https:\/\/twitter.com\/nbasturias","https:\/\/www.instagram.com\/nachofdezber\/","https:\/\/www.youtube.com\/channel\/UCZP-2wLEB9Rv6erhFmqVnvg"]},{"@type":"WebPage","@id":"https:\/\/candas365.es\/noticias\/imprescindibles-recorre-la-vida-de-maria-moliner\/#webpage","url":"https:\/\/candas365.es\/noticias\/imprescindibles-recorre-la-vida-de-maria-moliner\/","name":"\u00abImprescindibles\u00bb recorre la vida de Mar\u00eda Moliner | Cand\u00e1s 365","description":"'Imprescindibles' ofrece este domingo un recorrido por la vida y la obra de la lexic\u00f3grafa y bibliotecaria aragonesa Mar\u00eda Moliner con el estreno del documental 'Mar\u00eda Moliner: tendiendo palabras'. Dirigido por Victoria Calavia, se estrena con motivo de los 50 a\u00f1os de aparici\u00f3n del Diccionario de uso del espa\u00f1ol, la obra con la que quiso","inLanguage":"es-ES","isPartOf":{"@id":"https:\/\/candas365.es\/noticias\/#website"},"breadcrumb":{"@id":"https:\/\/candas365.es\/noticias\/imprescindibles-recorre-la-vida-de-maria-moliner\/#breadcrumblist"},"author":{"@id":"https:\/\/candas365.es\/noticias\/author\/admin\/#author"},"creator":{"@id":"https:\/\/candas365.es\/noticias\/author\/admin\/#author"},"image":{"@type":"ImageObject","url":"https:\/\/candas365.es\/noticias\/wp-content\/uploads\/2018\/11\/ndptele24111802.jpg","@id":"https:\/\/candas365.es\/noticias\/imprescindibles-recorre-la-vida-de-maria-moliner\/#mainImage","width":1600,"height":922},"primaryImageOfPage":{"@id":"https:\/\/candas365.es\/noticias\/imprescindibles-recorre-la-vida-de-maria-moliner\/#mainImage"},"datePublished":"2018-11-24T21:11:19+01:00","dateModified":"2018-11-24T21:11:19+01:00"},{"@type":"WebSite","@id":"https:\/\/candas365.es\/noticias\/#website","url":"https:\/\/candas365.es\/noticias\/","name":"Cand\u00e1s 365","alternateName":"Cand\u00e1s 365 Noticias","description":"Actualidad desde Carre\u00f1o para el mundo","inLanguage":"es-ES","publisher":{"@id":"https:\/\/candas365.es\/noticias\/#organization"}}]},"og:locale":"es_ES","og:site_name":"Cand\u00e1s 365","og:type":"article","og:title":"\u00abImprescindibles\u00bb recorre la vida de Mar\u00eda Moliner | Cand\u00e1s 365","og:description":"'Imprescindibles' ofrece este domingo un recorrido por la vida y la obra de la lexic\u00f3grafa y bibliotecaria aragonesa Mar\u00eda Moliner con el estreno del documental 'Mar\u00eda Moliner: tendiendo palabras'. Dirigido por Victoria Calavia, se estrena con motivo de los 50 a\u00f1os de aparici\u00f3n del Diccionario de uso del espa\u00f1ol, la obra con la que quiso","og:url":"https:\/\/candas365.es\/noticias\/imprescindibles-recorre-la-vida-de-maria-moliner\/","og:image":"https:\/\/candas365.es\/noticias\/wp-content\/uploads\/2018\/11\/ndptele24111802.jpg","og:image:secure_url":"https:\/\/candas365.es\/noticias\/wp-content\/uploads\/2018\/11\/ndptele24111802.jpg","og:image:width":1600,"og:image:height":922,"article:published_time":"2018-11-24T21:11:19+00:00","article:modified_time":"2018-11-24T21:11:19+00:00","article:publisher":"https:\/\/www.facebook.com\/Nachofdezber","article:author":"https:\/\/www.facebook.com\/carrenoactualidad","twitter:card":"summary_large_image","twitter:site":"@NabercoDigital","twitter:title":"\u00abImprescindibles\u00bb recorre la vida de Mar\u00eda Moliner | Cand\u00e1s 365","twitter:description":"'Imprescindibles' ofrece este domingo un recorrido por la vida y la obra de la lexic\u00f3grafa y bibliotecaria aragonesa Mar\u00eda Moliner con el estreno del documental 'Mar\u00eda Moliner: tendiendo palabras'. Dirigido por Victoria Calavia, se estrena con motivo de los 50 a\u00f1os de aparici\u00f3n del Diccionario de uso del espa\u00f1ol, la obra con la que quiso","twitter:creator":"@nbasturias","twitter:image":"https:\/\/candas365.es\/noticias\/wp-content\/uploads\/2018\/11\/ndptele24111802.jpg","twitter:label1":"Escrito por","twitter:data1":"Cand\u00e1s 365","twitter:label2":"Tiempo de lectura estimado","twitter:data2":"1 minuto"},"aioseo_meta_data":{"post_id":"110675","title":null,"description":null,"keywords":null,"keyphrases":null,"primary_term":null,"canonical_url":null,"og_title":null,"og_description":null,"og_object_type":"default","og_image_type":"default","og_image_url":null,"og_image_width":null,"og_image_height":null,"og_image_custom_url":null,"og_image_custom_fields":null,"og_video":null,"og_custom_url":null,"og_article_section":null,"og_article_tags":null,"twitter_use_og":false,"twitter_card":"default","twitter_image_type":"default","twitter_image_url":null,"twitter_image_custom_url":null,"twitter_image_custom_fields":null,"twitter_title":null,"twitter_description":null,"schema":{"blockGraphs":[],"customGraphs":[],"default":{"data":{"Article":[],"Course":[],"Dataset":[],"FAQPage":[],"Movie":[],"Person":[],"Product":[],"ProductReview":[],"Car":[],"Recipe":[],"Service":[],"SoftwareApplication":[],"WebPage":[]},"graphName":"","isEnabled":true},"graphs":[],"defaultGraph":"","defaultPostTypeGraph":""},"schema_type":null,"schema_type_options":null,"pillar_content":false,"robots_default":true,"robots_noindex":false,"robots_noarchive":false,"robots_nosnippet":false,"robots_nofollow":false,"robots_noimageindex":false,"robots_noodp":false,"robots_notranslate":false,"robots_max_snippet":null,"robots_max_videopreview":null,"robots_max_imagepreview":"large","priority":null,"frequency":null,"location":null,"local_seo":null,"seo_analyzer_scan_date":"2025-08-28 13:14:14","breadcrumb_settings":null,"limit_modified_date":false,"reviewed_by":null,"open_ai":null,"ai":null,"created":"2020-12-21 11:38:26","updated":"2025-08-28 13:14:14"},"aioseo_breadcrumb":"<div class=\"aioseo-breadcrumbs\"><span class=\"aioseo-breadcrumb\">\n\t<a href=\"https:\/\/candas365.es\/noticias\" title=\"Home\">Home<\/a>\n<\/span><span class=\"aioseo-breadcrumb-separator\">&ndash;<\/span><span class=\"aioseo-breadcrumb\">\n\t<a href=\"https:\/\/candas365.es\/noticias\/category\/agenda\/\" title=\"Agenda\">Agenda<\/a>\n<\/span><span class=\"aioseo-breadcrumb-separator\">&ndash;<\/span><span class=\"aioseo-breadcrumb\">\n\t\u00abImprescindibles\u00bb recorre la vida de Mar\u00eda Moliner\n<\/span><\/div>","aioseo_breadcrumb_json":[{"label":"Home","link":"https:\/\/candas365.es\/noticias"},{"label":"Agenda","link":"https:\/\/candas365.es\/noticias\/category\/agenda\/"},{"label":"\u00abImprescindibles\u00bb recorre la vida de Mar\u00eda Moliner","link":"https:\/\/candas365.es\/noticias\/imprescindibles-recorre-la-vida-de-maria-moliner\/"}],"_links":{"self":[{"href":"https:\/\/candas365.es\/noticias\/wp-json\/wp\/v2\/posts\/110675","targetHints":{"allow":["GET"]}}],"collection":[{"href":"https:\/\/candas365.es\/noticias\/wp-json\/wp\/v2\/posts"}],"about":[{"href":"https:\/\/candas365.es\/noticias\/wp-json\/wp\/v2\/types\/post"}],"author":[{"embeddable":true,"href":"https:\/\/candas365.es\/noticias\/wp-json\/wp\/v2\/users\/1"}],"replies":[{"embeddable":true,"href":"https:\/\/candas365.es\/noticias\/wp-json\/wp\/v2\/comments?post=110675"}],"version-history":[{"count":0,"href":"https:\/\/candas365.es\/noticias\/wp-json\/wp\/v2\/posts\/110675\/revisions"}],"wp:featuredmedia":[{"embeddable":true,"href":"https:\/\/candas365.es\/noticias\/wp-json\/wp\/v2\/media\/110676"}],"wp:attachment":[{"href":"https:\/\/candas365.es\/noticias\/wp-json\/wp\/v2\/media?parent=110675"}],"wp:term":[{"taxonomy":"category","embeddable":true,"href":"https:\/\/candas365.es\/noticias\/wp-json\/wp\/v2\/categories?post=110675"},{"taxonomy":"post_tag","embeddable":true,"href":"https:\/\/candas365.es\/noticias\/wp-json\/wp\/v2\/tags?post=110675"}],"curies":[{"name":"wp","href":"https:\/\/api.w.org\/{rel}","templated":true}]}}