{"id":110672,"date":"2018-11-24T21:10:05","date_gmt":"2018-11-24T21:10:05","guid":{"rendered":"http:\/\/candas365.es\/noticias\/?p=110672"},"modified":"2018-11-24T21:10:05","modified_gmt":"2018-11-24T21:10:05","slug":"version-espanola-estrena-murieron-por-encima-de-sus-posibilidades","status":"publish","type":"post","link":"https:\/\/candas365.es\/noticias\/version-espanola-estrena-murieron-por-encima-de-sus-posibilidades\/","title":{"rendered":"\u00abVersi\u00f3n Espa\u00f1ola\u00bb estrena \u00abMurieron por encima de sus posibilidades\u00bb"},"content":{"rendered":"<p><img fetchpriority=\"high\" decoding=\"async\" class=\"alignleft size-medium wp-image-110673\" src=\"https:\/\/candas365.es\/noticias\/wp-content\/uploads\/2018\/11\/ndptele24111803-360x240.jpg\" alt=\"\" width=\"360\" height=\"240\" srcset=\"https:\/\/candas365.es\/noticias\/wp-content\/uploads\/2018\/11\/ndptele24111803-360x240.jpg 360w, https:\/\/candas365.es\/noticias\/wp-content\/uploads\/2018\/11\/ndptele24111803-768x512.jpg 768w, https:\/\/candas365.es\/noticias\/wp-content\/uploads\/2018\/11\/ndptele24111803-655x436.jpg 655w, https:\/\/candas365.es\/noticias\/wp-content\/uploads\/2018\/11\/ndptele24111803-696x464.jpg 696w, https:\/\/candas365.es\/noticias\/wp-content\/uploads\/2018\/11\/ndptele24111803-1068x712.jpg 1068w, https:\/\/candas365.es\/noticias\/wp-content\/uploads\/2018\/11\/ndptele24111803-630x420.jpg 630w, https:\/\/candas365.es\/noticias\/wp-content\/uploads\/2018\/11\/ndptele24111803.jpg 1600w\" sizes=\"(max-width: 360px) 100vw, 360px\" \/>\u2018Versi\u00f3n Espa\u00f1ola\u2019, presentado por Cayetana Guill\u00e9n Cuervo, estrena esta semana \u2018Murieron por encima de sus posibilidades\u2019, una incorrecta comedia negra sobre la crisis, de Isaki Lacuesta, con un reparto en el que figuran nombres como Ra\u00fal Ar\u00e9valo, Albert Pla, Emma Su\u00e1rez, Jordi Vilches, Jos\u00e9 Sacrist\u00e1n, Carmen Machi, Luis Tosar o Imanol Arias, entre otros.<\/p>\n<p>Cayetana Guill\u00e9n Cuervo hablar\u00e1 con Isaki Lacuesta sobre este cambio de registro del director de \u2018La leyenda del tiempo\u2019 y \u2018Entre dos aguas\u2019. Una producci\u00f3n hecha en cooperativa, gracias a la inversi\u00f3n del trabajo de su equipo.<\/p>\n<p>Tambi\u00e9n hablar\u00e1 de \u2018Entre dos aguas\u2019, su \u00faltima pel\u00edcula, cuyo estreno es el pr\u00f3ximo 30 de noviembre, que ya ha cosechado premios importantes, como la Concha de Oro en el Festival de San Sebasti\u00e1n o el reciente Astor de Oro del Festival de Mar del Plata.<\/p>\n<p>Ra\u00fal Ar\u00e9valo, Albert Pla, Emma Su\u00e1rez, Jordi Vilches, \u00c1ngela Molina, Juli\u00e1n Villagr\u00e1n, Jos\u00e9 Sacrist\u00e1n, Carmen Machi, Luis Tosar, Imanol Arias, Jos\u00e9 Coronado, B\u00e1rbara Lennie, Iv\u00e1n Telefunken, Jos\u00e9 Mar\u00eda Pou, Sergi L\u00f3pez, \u00c1lex Brendem\u00fchl\u2026 figuran en el reparto, entre otros.<\/p>\n<p><strong>\u2018Murieron por encima de sus posibilidades\u2019<\/strong><\/p>\n<p>Cinco ciudadanos de un pa\u00eds sospechosamente parecido al nuestro, ven destrozadas sus vidas por la crisis econ\u00f3mica. Sin nada ya que perder, elaboran un enloquecido plan para salvar la econom\u00eda espa\u00f1ola y mundial: secuestrar al presidente del Banco Central y exigirle que todo vuelva a ser como antes.<\/p>\n<p><strong>Y despu\u00e9s\u2026 un corto<\/strong><\/p>\n<p>El programa de cine se completa con el \u2018Concurso Iberoamericano de Cortometrajes Versi\u00f3n Espa\u00f1ola\/SGAE\u2019. Esta semana, \u2018Cerdita\u2019, dirigido por Carlota Pereda, la perturbadora historia de Claudia, una adolescente con problemas de obesidad atemorizada por las burlas de otras ni\u00f1as.<\/p>\n","protected":false},"excerpt":{"rendered":"<p>\u2018Versi\u00f3n Espa\u00f1ola\u2019, presentado por Cayetana Guill\u00e9n Cuervo, estrena esta semana \u2018Murieron por encima de sus posibilidades\u2019, una incorrecta comedia negra sobre la crisis, de Isaki Lacuesta, con un reparto en el que figuran nombres como Ra\u00fal Ar\u00e9valo, Albert Pla, Emma Su\u00e1rez, Jordi Vilches, Jos\u00e9 Sacrist\u00e1n, Carmen Machi, Luis Tosar o Imanol Arias, entre otros. Cayetana<\/p>\n","protected":false},"author":1,"featured_media":110673,"comment_status":"closed","ping_status":"closed","sticky":false,"template":"","format":"standard","meta":{"footnotes":""},"categories":[1],"tags":[],"class_list":{"0":"post-110672","1":"post","2":"type-post","3":"status-publish","4":"format-standard","5":"has-post-thumbnail","7":"category-agenda"},"aioseo_notices":[],"aioseo_head":"\n\t\t<!-- All in One SEO Pro 4.9.6.2 - aioseo.com -->\n\t<meta name=\"description\" content=\"\u2018Versi\u00f3n Espa\u00f1ola\u2019, presentado por Cayetana Guill\u00e9n Cuervo, estrena esta semana \u2018Murieron por encima de sus posibilidades\u2019, una incorrecta comedia negra sobre la crisis, de Isaki Lacuesta, con un reparto en el que figuran nombres como Ra\u00fal Ar\u00e9valo, Albert Pla, Emma Su\u00e1rez, Jordi Vilches, Jos\u00e9 Sacrist\u00e1n, Carmen Machi, Luis Tosar o Imanol Arias, entre otros. Cayetana\" \/>\n\t<meta name=\"robots\" content=\"max-image-preview:large\" \/>\n\t<meta name=\"author\" content=\"Cand\u00e1s 365\"\/>\n\t<meta name=\"google-site-verification\" content=\"UA-32230408-1\" \/>\n\t<meta name=\"msvalidate.01\" content=\"354F3CDFB2DA171B47FBE9ABF1F88D5\" \/>\n\t<meta name=\"keywords\" content=\"agenda\" \/>\n\t<link rel=\"canonical\" href=\"https:\/\/candas365.es\/noticias\/version-espanola-estrena-murieron-por-encima-de-sus-posibilidades\/\" \/>\n\t<meta name=\"generator\" content=\"All in One SEO Pro (AIOSEO) 4.9.6.2\" \/>\n\t\t<meta property=\"og:locale\" content=\"es_ES\" \/>\n\t\t<meta property=\"og:site_name\" content=\"Cand\u00e1s 365\" \/>\n\t\t<meta property=\"og:type\" content=\"article\" \/>\n\t\t<meta property=\"og:title\" content=\"\u00abVersi\u00f3n Espa\u00f1ola\u00bb estrena \u00abMurieron por encima de sus posibilidades\u00bb | Cand\u00e1s 365\" \/>\n\t\t<meta property=\"og:description\" content=\"\u2018Versi\u00f3n Espa\u00f1ola\u2019, presentado por Cayetana Guill\u00e9n Cuervo, estrena esta semana \u2018Murieron por encima de sus posibilidades\u2019, una incorrecta comedia negra sobre la crisis, de Isaki Lacuesta, con un reparto en el que figuran nombres como Ra\u00fal Ar\u00e9valo, Albert Pla, Emma Su\u00e1rez, Jordi Vilches, Jos\u00e9 Sacrist\u00e1n, Carmen Machi, Luis Tosar o Imanol Arias, entre otros. Cayetana\" \/>\n\t\t<meta property=\"og:url\" content=\"https:\/\/candas365.es\/noticias\/version-espanola-estrena-murieron-por-encima-de-sus-posibilidades\/\" \/>\n\t\t<meta property=\"og:image\" content=\"https:\/\/candas365.es\/noticias\/wp-content\/uploads\/2018\/11\/ndptele24111803.jpg\" \/>\n\t\t<meta property=\"og:image:secure_url\" content=\"https:\/\/candas365.es\/noticias\/wp-content\/uploads\/2018\/11\/ndptele24111803.jpg\" \/>\n\t\t<meta property=\"og:image:width\" content=\"1600\" \/>\n\t\t<meta property=\"og:image:height\" content=\"1066\" \/>\n\t\t<meta property=\"article:published_time\" content=\"2018-11-24T21:10:05+00:00\" \/>\n\t\t<meta property=\"article:modified_time\" content=\"2018-11-24T21:10:05+00:00\" \/>\n\t\t<meta property=\"article:publisher\" content=\"https:\/\/www.facebook.com\/Nachofdezber\" \/>\n\t\t<meta property=\"article:author\" content=\"https:\/\/www.facebook.com\/carrenoactualidad\" \/>\n\t\t<meta name=\"twitter:card\" content=\"summary_large_image\" \/>\n\t\t<meta name=\"twitter:site\" content=\"@NabercoDigital\" \/>\n\t\t<meta name=\"twitter:title\" content=\"\u00abVersi\u00f3n Espa\u00f1ola\u00bb estrena \u00abMurieron por encima de sus posibilidades\u00bb | Cand\u00e1s 365\" \/>\n\t\t<meta name=\"twitter:description\" content=\"\u2018Versi\u00f3n Espa\u00f1ola\u2019, presentado por Cayetana Guill\u00e9n Cuervo, estrena esta semana \u2018Murieron por encima de sus posibilidades\u2019, una incorrecta comedia negra sobre la crisis, de Isaki Lacuesta, con un reparto en el que figuran nombres como Ra\u00fal Ar\u00e9valo, Albert Pla, Emma Su\u00e1rez, Jordi Vilches, Jos\u00e9 Sacrist\u00e1n, Carmen Machi, Luis Tosar o Imanol Arias, entre otros. Cayetana\" \/>\n\t\t<meta name=\"twitter:creator\" content=\"@nbasturias\" \/>\n\t\t<meta name=\"twitter:image\" content=\"https:\/\/candas365.es\/noticias\/wp-content\/uploads\/2018\/11\/ndptele24111803.jpg\" \/>\n\t\t<meta name=\"twitter:label1\" content=\"Escrito por\" \/>\n\t\t<meta name=\"twitter:data1\" content=\"Cand\u00e1s 365\" \/>\n\t\t<meta name=\"twitter:label2\" content=\"Tiempo de lectura estimado\" \/>\n\t\t<meta name=\"twitter:data2\" content=\"2 minutos\" \/>\n\t\t<script type=\"application\/ld+json\" class=\"aioseo-schema\">\n\t\t\t{\"@context\":\"https:\\\/\\\/schema.org\",\"@graph\":[{\"@type\":\"BreadcrumbList\",\"@id\":\"https:\\\/\\\/candas365.es\\\/noticias\\\/version-espanola-estrena-murieron-por-encima-de-sus-posibilidades\\\/#breadcrumblist\",\"itemListElement\":[{\"@type\":\"ListItem\",\"@id\":\"https:\\\/\\\/candas365.es\\\/noticias#listItem\",\"position\":1,\"name\":\"Home\",\"item\":\"https:\\\/\\\/candas365.es\\\/noticias\",\"nextItem\":{\"@type\":\"ListItem\",\"@id\":\"https:\\\/\\\/candas365.es\\\/noticias\\\/category\\\/agenda\\\/#listItem\",\"name\":\"Agenda\"}},{\"@type\":\"ListItem\",\"@id\":\"https:\\\/\\\/candas365.es\\\/noticias\\\/category\\\/agenda\\\/#listItem\",\"position\":2,\"name\":\"Agenda\",\"item\":\"https:\\\/\\\/candas365.es\\\/noticias\\\/category\\\/agenda\\\/\",\"nextItem\":{\"@type\":\"ListItem\",\"@id\":\"https:\\\/\\\/candas365.es\\\/noticias\\\/version-espanola-estrena-murieron-por-encima-de-sus-posibilidades\\\/#listItem\",\"name\":\"\\u00abVersi\\u00f3n Espa\\u00f1ola\\u00bb estrena \\u00abMurieron por encima de sus posibilidades\\u00bb\"},\"previousItem\":{\"@type\":\"ListItem\",\"@id\":\"https:\\\/\\\/candas365.es\\\/noticias#listItem\",\"name\":\"Home\"}},{\"@type\":\"ListItem\",\"@id\":\"https:\\\/\\\/candas365.es\\\/noticias\\\/version-espanola-estrena-murieron-por-encima-de-sus-posibilidades\\\/#listItem\",\"position\":3,\"name\":\"\\u00abVersi\\u00f3n Espa\\u00f1ola\\u00bb estrena \\u00abMurieron por encima de sus posibilidades\\u00bb\",\"previousItem\":{\"@type\":\"ListItem\",\"@id\":\"https:\\\/\\\/candas365.es\\\/noticias\\\/category\\\/agenda\\\/#listItem\",\"name\":\"Agenda\"}}]},{\"@type\":\"NewsArticle\",\"@id\":\"https:\\\/\\\/candas365.es\\\/noticias\\\/version-espanola-estrena-murieron-por-encima-de-sus-posibilidades\\\/#newsarticle\",\"name\":\"\\u00abVersi\\u00f3n Espa\\u00f1ola\\u00bb estrena \\u00abMurieron por encima de sus posibilidades\\u00bb | Cand\\u00e1s 365\",\"headline\":\"\\u00abVersi\\u00f3n Espa\\u00f1ola\\u00bb estrena \\u00abMurieron por encima de sus posibilidades\\u00bb\",\"author\":{\"@id\":\"https:\\\/\\\/candas365.es\\\/noticias\\\/author\\\/admin\\\/#author\"},\"publisher\":{\"@id\":\"https:\\\/\\\/candas365.es\\\/noticias\\\/#organization\"},\"image\":{\"@type\":\"ImageObject\",\"url\":\"https:\\\/\\\/candas365.es\\\/noticias\\\/wp-content\\\/uploads\\\/2018\\\/11\\\/ndptele24111803.jpg\",\"width\":1600,\"height\":1066},\"datePublished\":\"2018-11-24T21:10:05+01:00\",\"dateModified\":\"2018-11-24T21:10:05+01:00\",\"inLanguage\":\"es-ES\",\"mainEntityOfPage\":{\"@id\":\"https:\\\/\\\/candas365.es\\\/noticias\\\/version-espanola-estrena-murieron-por-encima-de-sus-posibilidades\\\/#webpage\"},\"isPartOf\":{\"@id\":\"https:\\\/\\\/candas365.es\\\/noticias\\\/version-espanola-estrena-murieron-por-encima-de-sus-posibilidades\\\/#webpage\"},\"articleSection\":\"Agenda\",\"dateline\":\"Publicado el noviembre 24, 2018.\"},{\"@type\":\"Organization\",\"@id\":\"https:\\\/\\\/candas365.es\\\/noticias\\\/#organization\",\"name\":\"Cand\\u00e1s 365\",\"description\":\"Cand\\u00e1s 365 es un diario digital independiente, fundado en 2012, con base en Asturias. Informamos con rigor sobre actualidad, sociedad, cultura y ocio, con una mirada local y global.\",\"url\":\"https:\\\/\\\/candas365.es\\\/noticias\\\/\",\"email\":\"info@candas365.es\",\"telephone\":\"+34652131393\",\"foundingDate\":\"2012-06-10\",\"logo\":{\"@type\":\"ImageObject\",\"url\":\"https:\\\/\\\/candas365.es\\\/noticias\\\/wp-content\\\/uploads\\\/2024\\\/09\\\/Candas-365-Redes.jpg\",\"@id\":\"https:\\\/\\\/candas365.es\\\/noticias\\\/version-espanola-estrena-murieron-por-encima-de-sus-posibilidades\\\/#organizationLogo\",\"width\":1152,\"height\":864,\"caption\":\"Cand\\u00e1s 365 Redes\"},\"image\":{\"@id\":\"https:\\\/\\\/candas365.es\\\/noticias\\\/version-espanola-estrena-murieron-por-encima-de-sus-posibilidades\\\/#organizationLogo\"},\"sameAs\":[\"https:\\\/\\\/www.facebook.com\\\/Nachofdezber\",\"https:\\\/\\\/x.com\\\/NabercoDigital\",\"https:\\\/\\\/www.instagram.com\\\/nachofdezber\\\/\",\"https:\\\/\\\/www.youtube.com\\\/channel\\\/UCZP-2wLEB9Rv6erhFmqVnvg\"],\"address\":{\"@id\":\"https:\\\/\\\/candas365.es\\\/noticias\\\/#postaladdress\",\"@type\":\"PostalAddress\",\"streetAddress\":\"san antonio 4, san antonio 4\",\"postalCode\":\"33430\",\"addressLocality\":\"Cand\\u00e1s\",\"addressRegion\":\"Asturias\",\"addressCountry\":\"ES\"}},{\"@type\":\"Person\",\"@id\":\"https:\\\/\\\/candas365.es\\\/noticias\\\/author\\\/admin\\\/#author\",\"url\":\"https:\\\/\\\/candas365.es\\\/noticias\\\/author\\\/admin\\\/\",\"name\":\"Cand\\u00e1s 365\",\"image\":{\"@type\":\"ImageObject\",\"@id\":\"https:\\\/\\\/candas365.es\\\/noticias\\\/version-espanola-estrena-murieron-por-encima-de-sus-posibilidades\\\/#authorImage\",\"url\":\"https:\\\/\\\/secure.gravatar.com\\\/avatar\\\/496a8e03d0c493ede1718b7934145dbdf8d89be1036b0eec9544e1094c9de390?s=96&d=mm&r=g\",\"width\":96,\"height\":96,\"caption\":\"Cand\\u00e1s 365\"},\"sameAs\":[\"https:\\\/\\\/www.facebook.com\\\/carrenoactualidad\",\"https:\\\/\\\/twitter.com\\\/nbasturias\",\"https:\\\/\\\/www.instagram.com\\\/nachofdezber\\\/\",\"https:\\\/\\\/www.youtube.com\\\/channel\\\/UCZP-2wLEB9Rv6erhFmqVnvg\"]},{\"@type\":\"WebPage\",\"@id\":\"https:\\\/\\\/candas365.es\\\/noticias\\\/version-espanola-estrena-murieron-por-encima-de-sus-posibilidades\\\/#webpage\",\"url\":\"https:\\\/\\\/candas365.es\\\/noticias\\\/version-espanola-estrena-murieron-por-encima-de-sus-posibilidades\\\/\",\"name\":\"\\u00abVersi\\u00f3n Espa\\u00f1ola\\u00bb estrena \\u00abMurieron por encima de sus posibilidades\\u00bb | Cand\\u00e1s 365\",\"description\":\"\\u2018Versi\\u00f3n Espa\\u00f1ola\\u2019, presentado por Cayetana Guill\\u00e9n Cuervo, estrena esta semana \\u2018Murieron por encima de sus posibilidades\\u2019, una incorrecta comedia negra sobre la crisis, de Isaki Lacuesta, con un reparto en el que figuran nombres como Ra\\u00fal Ar\\u00e9valo, Albert Pla, Emma Su\\u00e1rez, Jordi Vilches, Jos\\u00e9 Sacrist\\u00e1n, Carmen Machi, Luis Tosar o Imanol Arias, entre otros. Cayetana\",\"inLanguage\":\"es-ES\",\"isPartOf\":{\"@id\":\"https:\\\/\\\/candas365.es\\\/noticias\\\/#website\"},\"breadcrumb\":{\"@id\":\"https:\\\/\\\/candas365.es\\\/noticias\\\/version-espanola-estrena-murieron-por-encima-de-sus-posibilidades\\\/#breadcrumblist\"},\"author\":{\"@id\":\"https:\\\/\\\/candas365.es\\\/noticias\\\/author\\\/admin\\\/#author\"},\"creator\":{\"@id\":\"https:\\\/\\\/candas365.es\\\/noticias\\\/author\\\/admin\\\/#author\"},\"image\":{\"@type\":\"ImageObject\",\"url\":\"https:\\\/\\\/candas365.es\\\/noticias\\\/wp-content\\\/uploads\\\/2018\\\/11\\\/ndptele24111803.jpg\",\"@id\":\"https:\\\/\\\/candas365.es\\\/noticias\\\/version-espanola-estrena-murieron-por-encima-de-sus-posibilidades\\\/#mainImage\",\"width\":1600,\"height\":1066},\"primaryImageOfPage\":{\"@id\":\"https:\\\/\\\/candas365.es\\\/noticias\\\/version-espanola-estrena-murieron-por-encima-de-sus-posibilidades\\\/#mainImage\"},\"datePublished\":\"2018-11-24T21:10:05+01:00\",\"dateModified\":\"2018-11-24T21:10:05+01:00\"},{\"@type\":\"WebSite\",\"@id\":\"https:\\\/\\\/candas365.es\\\/noticias\\\/#website\",\"url\":\"https:\\\/\\\/candas365.es\\\/noticias\\\/\",\"name\":\"Cand\\u00e1s 365\",\"alternateName\":\"Cand\\u00e1s 365 Noticias\",\"description\":\"Actualidad desde Carre\\u00f1o para el mundo\",\"inLanguage\":\"es-ES\",\"publisher\":{\"@id\":\"https:\\\/\\\/candas365.es\\\/noticias\\\/#organization\"}}]}\n\t\t<\/script>\n\t\t<!-- All in One SEO Pro -->\r\n\t\t<title>\u00abVersi\u00f3n Espa\u00f1ola\u00bb estrena \u00abMurieron por encima de sus posibilidades\u00bb | Cand\u00e1s 365<\/title>\n\n","aioseo_head_json":{"title":"\u00abVersi\u00f3n Espa\u00f1ola\u00bb estrena \u00abMurieron por encima de sus posibilidades\u00bb | Cand\u00e1s 365","description":"\u2018Versi\u00f3n Espa\u00f1ola\u2019, presentado por Cayetana Guill\u00e9n Cuervo, estrena esta semana \u2018Murieron por encima de sus posibilidades\u2019, una incorrecta comedia negra sobre la crisis, de Isaki Lacuesta, con un reparto en el que figuran nombres como Ra\u00fal Ar\u00e9valo, Albert Pla, Emma Su\u00e1rez, Jordi Vilches, Jos\u00e9 Sacrist\u00e1n, Carmen Machi, Luis Tosar o Imanol Arias, entre otros. Cayetana","canonical_url":"https:\/\/candas365.es\/noticias\/version-espanola-estrena-murieron-por-encima-de-sus-posibilidades\/","robots":"max-image-preview:large","keywords":"agenda","webmasterTools":{"google-site-verification":"UA-32230408-1","msvalidate.01":"354F3CDFB2DA171B47FBE9ABF1F88D5","miscellaneous":""},"schema":{"@context":"https:\/\/schema.org","@graph":[{"@type":"BreadcrumbList","@id":"https:\/\/candas365.es\/noticias\/version-espanola-estrena-murieron-por-encima-de-sus-posibilidades\/#breadcrumblist","itemListElement":[{"@type":"ListItem","@id":"https:\/\/candas365.es\/noticias#listItem","position":1,"name":"Home","item":"https:\/\/candas365.es\/noticias","nextItem":{"@type":"ListItem","@id":"https:\/\/candas365.es\/noticias\/category\/agenda\/#listItem","name":"Agenda"}},{"@type":"ListItem","@id":"https:\/\/candas365.es\/noticias\/category\/agenda\/#listItem","position":2,"name":"Agenda","item":"https:\/\/candas365.es\/noticias\/category\/agenda\/","nextItem":{"@type":"ListItem","@id":"https:\/\/candas365.es\/noticias\/version-espanola-estrena-murieron-por-encima-de-sus-posibilidades\/#listItem","name":"\u00abVersi\u00f3n Espa\u00f1ola\u00bb estrena \u00abMurieron por encima de sus posibilidades\u00bb"},"previousItem":{"@type":"ListItem","@id":"https:\/\/candas365.es\/noticias#listItem","name":"Home"}},{"@type":"ListItem","@id":"https:\/\/candas365.es\/noticias\/version-espanola-estrena-murieron-por-encima-de-sus-posibilidades\/#listItem","position":3,"name":"\u00abVersi\u00f3n Espa\u00f1ola\u00bb estrena \u00abMurieron por encima de sus posibilidades\u00bb","previousItem":{"@type":"ListItem","@id":"https:\/\/candas365.es\/noticias\/category\/agenda\/#listItem","name":"Agenda"}}]},{"@type":"NewsArticle","@id":"https:\/\/candas365.es\/noticias\/version-espanola-estrena-murieron-por-encima-de-sus-posibilidades\/#newsarticle","name":"\u00abVersi\u00f3n Espa\u00f1ola\u00bb estrena \u00abMurieron por encima de sus posibilidades\u00bb | Cand\u00e1s 365","headline":"\u00abVersi\u00f3n Espa\u00f1ola\u00bb estrena \u00abMurieron por encima de sus posibilidades\u00bb","author":{"@id":"https:\/\/candas365.es\/noticias\/author\/admin\/#author"},"publisher":{"@id":"https:\/\/candas365.es\/noticias\/#organization"},"image":{"@type":"ImageObject","url":"https:\/\/candas365.es\/noticias\/wp-content\/uploads\/2018\/11\/ndptele24111803.jpg","width":1600,"height":1066},"datePublished":"2018-11-24T21:10:05+01:00","dateModified":"2018-11-24T21:10:05+01:00","inLanguage":"es-ES","mainEntityOfPage":{"@id":"https:\/\/candas365.es\/noticias\/version-espanola-estrena-murieron-por-encima-de-sus-posibilidades\/#webpage"},"isPartOf":{"@id":"https:\/\/candas365.es\/noticias\/version-espanola-estrena-murieron-por-encima-de-sus-posibilidades\/#webpage"},"articleSection":"Agenda","dateline":"Publicado el noviembre 24, 2018."},{"@type":"Organization","@id":"https:\/\/candas365.es\/noticias\/#organization","name":"Cand\u00e1s 365","description":"Cand\u00e1s 365 es un diario digital independiente, fundado en 2012, con base en Asturias. Informamos con rigor sobre actualidad, sociedad, cultura y ocio, con una mirada local y global.","url":"https:\/\/candas365.es\/noticias\/","email":"info@candas365.es","telephone":"+34652131393","foundingDate":"2012-06-10","logo":{"@type":"ImageObject","url":"https:\/\/candas365.es\/noticias\/wp-content\/uploads\/2024\/09\/Candas-365-Redes.jpg","@id":"https:\/\/candas365.es\/noticias\/version-espanola-estrena-murieron-por-encima-de-sus-posibilidades\/#organizationLogo","width":1152,"height":864,"caption":"Cand\u00e1s 365 Redes"},"image":{"@id":"https:\/\/candas365.es\/noticias\/version-espanola-estrena-murieron-por-encima-de-sus-posibilidades\/#organizationLogo"},"sameAs":["https:\/\/www.facebook.com\/Nachofdezber","https:\/\/x.com\/NabercoDigital","https:\/\/www.instagram.com\/nachofdezber\/","https:\/\/www.youtube.com\/channel\/UCZP-2wLEB9Rv6erhFmqVnvg"],"address":{"@id":"https:\/\/candas365.es\/noticias\/#postaladdress","@type":"PostalAddress","streetAddress":"san antonio 4, san antonio 4","postalCode":"33430","addressLocality":"Cand\u00e1s","addressRegion":"Asturias","addressCountry":"ES"}},{"@type":"Person","@id":"https:\/\/candas365.es\/noticias\/author\/admin\/#author","url":"https:\/\/candas365.es\/noticias\/author\/admin\/","name":"Cand\u00e1s 365","image":{"@type":"ImageObject","@id":"https:\/\/candas365.es\/noticias\/version-espanola-estrena-murieron-por-encima-de-sus-posibilidades\/#authorImage","url":"https:\/\/secure.gravatar.com\/avatar\/496a8e03d0c493ede1718b7934145dbdf8d89be1036b0eec9544e1094c9de390?s=96&d=mm&r=g","width":96,"height":96,"caption":"Cand\u00e1s 365"},"sameAs":["https:\/\/www.facebook.com\/carrenoactualidad","https:\/\/twitter.com\/nbasturias","https:\/\/www.instagram.com\/nachofdezber\/","https:\/\/www.youtube.com\/channel\/UCZP-2wLEB9Rv6erhFmqVnvg"]},{"@type":"WebPage","@id":"https:\/\/candas365.es\/noticias\/version-espanola-estrena-murieron-por-encima-de-sus-posibilidades\/#webpage","url":"https:\/\/candas365.es\/noticias\/version-espanola-estrena-murieron-por-encima-de-sus-posibilidades\/","name":"\u00abVersi\u00f3n Espa\u00f1ola\u00bb estrena \u00abMurieron por encima de sus posibilidades\u00bb | Cand\u00e1s 365","description":"\u2018Versi\u00f3n Espa\u00f1ola\u2019, presentado por Cayetana Guill\u00e9n Cuervo, estrena esta semana \u2018Murieron por encima de sus posibilidades\u2019, una incorrecta comedia negra sobre la crisis, de Isaki Lacuesta, con un reparto en el que figuran nombres como Ra\u00fal Ar\u00e9valo, Albert Pla, Emma Su\u00e1rez, Jordi Vilches, Jos\u00e9 Sacrist\u00e1n, Carmen Machi, Luis Tosar o Imanol Arias, entre otros. Cayetana","inLanguage":"es-ES","isPartOf":{"@id":"https:\/\/candas365.es\/noticias\/#website"},"breadcrumb":{"@id":"https:\/\/candas365.es\/noticias\/version-espanola-estrena-murieron-por-encima-de-sus-posibilidades\/#breadcrumblist"},"author":{"@id":"https:\/\/candas365.es\/noticias\/author\/admin\/#author"},"creator":{"@id":"https:\/\/candas365.es\/noticias\/author\/admin\/#author"},"image":{"@type":"ImageObject","url":"https:\/\/candas365.es\/noticias\/wp-content\/uploads\/2018\/11\/ndptele24111803.jpg","@id":"https:\/\/candas365.es\/noticias\/version-espanola-estrena-murieron-por-encima-de-sus-posibilidades\/#mainImage","width":1600,"height":1066},"primaryImageOfPage":{"@id":"https:\/\/candas365.es\/noticias\/version-espanola-estrena-murieron-por-encima-de-sus-posibilidades\/#mainImage"},"datePublished":"2018-11-24T21:10:05+01:00","dateModified":"2018-11-24T21:10:05+01:00"},{"@type":"WebSite","@id":"https:\/\/candas365.es\/noticias\/#website","url":"https:\/\/candas365.es\/noticias\/","name":"Cand\u00e1s 365","alternateName":"Cand\u00e1s 365 Noticias","description":"Actualidad desde Carre\u00f1o para el mundo","inLanguage":"es-ES","publisher":{"@id":"https:\/\/candas365.es\/noticias\/#organization"}}]},"og:locale":"es_ES","og:site_name":"Cand\u00e1s 365","og:type":"article","og:title":"\u00abVersi\u00f3n Espa\u00f1ola\u00bb estrena \u00abMurieron por encima de sus posibilidades\u00bb | Cand\u00e1s 365","og:description":"\u2018Versi\u00f3n Espa\u00f1ola\u2019, presentado por Cayetana Guill\u00e9n Cuervo, estrena esta semana \u2018Murieron por encima de sus posibilidades\u2019, una incorrecta comedia negra sobre la crisis, de Isaki Lacuesta, con un reparto en el que figuran nombres como Ra\u00fal Ar\u00e9valo, Albert Pla, Emma Su\u00e1rez, Jordi Vilches, Jos\u00e9 Sacrist\u00e1n, Carmen Machi, Luis Tosar o Imanol Arias, entre otros. Cayetana","og:url":"https:\/\/candas365.es\/noticias\/version-espanola-estrena-murieron-por-encima-de-sus-posibilidades\/","og:image":"https:\/\/candas365.es\/noticias\/wp-content\/uploads\/2018\/11\/ndptele24111803.jpg","og:image:secure_url":"https:\/\/candas365.es\/noticias\/wp-content\/uploads\/2018\/11\/ndptele24111803.jpg","og:image:width":1600,"og:image:height":1066,"article:published_time":"2018-11-24T21:10:05+00:00","article:modified_time":"2018-11-24T21:10:05+00:00","article:publisher":"https:\/\/www.facebook.com\/Nachofdezber","article:author":"https:\/\/www.facebook.com\/carrenoactualidad","twitter:card":"summary_large_image","twitter:site":"@NabercoDigital","twitter:title":"\u00abVersi\u00f3n Espa\u00f1ola\u00bb estrena \u00abMurieron por encima de sus posibilidades\u00bb | Cand\u00e1s 365","twitter:description":"\u2018Versi\u00f3n Espa\u00f1ola\u2019, presentado por Cayetana Guill\u00e9n Cuervo, estrena esta semana \u2018Murieron por encima de sus posibilidades\u2019, una incorrecta comedia negra sobre la crisis, de Isaki Lacuesta, con un reparto en el que figuran nombres como Ra\u00fal Ar\u00e9valo, Albert Pla, Emma Su\u00e1rez, Jordi Vilches, Jos\u00e9 Sacrist\u00e1n, Carmen Machi, Luis Tosar o Imanol Arias, entre otros. Cayetana","twitter:creator":"@nbasturias","twitter:image":"https:\/\/candas365.es\/noticias\/wp-content\/uploads\/2018\/11\/ndptele24111803.jpg","twitter:label1":"Escrito por","twitter:data1":"Cand\u00e1s 365","twitter:label2":"Tiempo de lectura estimado","twitter:data2":"2 minutos"},"aioseo_meta_data":{"post_id":"110672","title":null,"description":null,"keywords":null,"keyphrases":null,"primary_term":null,"canonical_url":null,"og_title":null,"og_description":null,"og_object_type":"default","og_image_type":"default","og_image_url":null,"og_image_width":null,"og_image_height":null,"og_image_custom_url":null,"og_image_custom_fields":null,"og_video":null,"og_custom_url":null,"og_article_section":null,"og_article_tags":null,"twitter_use_og":false,"twitter_card":"default","twitter_image_type":"default","twitter_image_url":null,"twitter_image_custom_url":null,"twitter_image_custom_fields":null,"twitter_title":null,"twitter_description":null,"schema":{"blockGraphs":[],"customGraphs":[],"default":{"data":{"Article":[],"Course":[],"Dataset":[],"FAQPage":[],"Movie":[],"Person":[],"Product":[],"ProductReview":[],"Car":[],"Recipe":[],"Service":[],"SoftwareApplication":[],"WebPage":[]},"graphName":"","isEnabled":true},"graphs":[],"defaultGraph":"","defaultPostTypeGraph":""},"schema_type":null,"schema_type_options":null,"pillar_content":false,"robots_default":true,"robots_noindex":false,"robots_noarchive":false,"robots_nosnippet":false,"robots_nofollow":false,"robots_noimageindex":false,"robots_noodp":false,"robots_notranslate":false,"robots_max_snippet":null,"robots_max_videopreview":null,"robots_max_imagepreview":"large","priority":null,"frequency":null,"location":null,"local_seo":null,"seo_analyzer_scan_date":"2025-08-28 13:14:13","breadcrumb_settings":null,"limit_modified_date":false,"reviewed_by":null,"open_ai":null,"ai":null,"created":"2020-12-21 11:38:26","updated":"2025-08-28 13:14:13"},"aioseo_breadcrumb":"<div class=\"aioseo-breadcrumbs\"><span class=\"aioseo-breadcrumb\">\n\t<a href=\"https:\/\/candas365.es\/noticias\" title=\"Home\">Home<\/a>\n<\/span><span class=\"aioseo-breadcrumb-separator\">&ndash;<\/span><span class=\"aioseo-breadcrumb\">\n\t<a href=\"https:\/\/candas365.es\/noticias\/category\/agenda\/\" title=\"Agenda\">Agenda<\/a>\n<\/span><span class=\"aioseo-breadcrumb-separator\">&ndash;<\/span><span class=\"aioseo-breadcrumb\">\n\t\u00abVersi\u00f3n Espa\u00f1ola\u00bb estrena \u00abMurieron por encima de sus posibilidades\u00bb\n<\/span><\/div>","aioseo_breadcrumb_json":[{"label":"Home","link":"https:\/\/candas365.es\/noticias"},{"label":"Agenda","link":"https:\/\/candas365.es\/noticias\/category\/agenda\/"},{"label":"\u00abVersi\u00f3n Espa\u00f1ola\u00bb estrena \u00abMurieron por encima de sus posibilidades\u00bb","link":"https:\/\/candas365.es\/noticias\/version-espanola-estrena-murieron-por-encima-de-sus-posibilidades\/"}],"_links":{"self":[{"href":"https:\/\/candas365.es\/noticias\/wp-json\/wp\/v2\/posts\/110672","targetHints":{"allow":["GET"]}}],"collection":[{"href":"https:\/\/candas365.es\/noticias\/wp-json\/wp\/v2\/posts"}],"about":[{"href":"https:\/\/candas365.es\/noticias\/wp-json\/wp\/v2\/types\/post"}],"author":[{"embeddable":true,"href":"https:\/\/candas365.es\/noticias\/wp-json\/wp\/v2\/users\/1"}],"replies":[{"embeddable":true,"href":"https:\/\/candas365.es\/noticias\/wp-json\/wp\/v2\/comments?post=110672"}],"version-history":[{"count":0,"href":"https:\/\/candas365.es\/noticias\/wp-json\/wp\/v2\/posts\/110672\/revisions"}],"wp:featuredmedia":[{"embeddable":true,"href":"https:\/\/candas365.es\/noticias\/wp-json\/wp\/v2\/media\/110673"}],"wp:attachment":[{"href":"https:\/\/candas365.es\/noticias\/wp-json\/wp\/v2\/media?parent=110672"}],"wp:term":[{"taxonomy":"category","embeddable":true,"href":"https:\/\/candas365.es\/noticias\/wp-json\/wp\/v2\/categories?post=110672"},{"taxonomy":"post_tag","embeddable":true,"href":"https:\/\/candas365.es\/noticias\/wp-json\/wp\/v2\/tags?post=110672"}],"curies":[{"name":"wp","href":"https:\/\/api.w.org\/{rel}","templated":true}]}}