{"id":110669,"date":"2018-11-24T21:06:24","date_gmt":"2018-11-24T21:06:24","guid":{"rendered":"http:\/\/candas365.es\/noticias\/?p=110669"},"modified":"2018-11-24T21:06:24","modified_gmt":"2018-11-24T21:06:24","slug":"la-tragedia-de-llamarse-kennedy-en-la-noche-tematica","status":"publish","type":"post","link":"https:\/\/candas365.es\/noticias\/la-tragedia-de-llamarse-kennedy-en-la-noche-tematica\/","title":{"rendered":"\u201cLa tragedia de llamarse Kennedy\u201d, en \u201cLa noche tem\u00e1tica\u201d"},"content":{"rendered":"<p><img fetchpriority=\"high\" decoding=\"async\" class=\"alignleft size-medium wp-image-110670\" src=\"https:\/\/candas365.es\/noticias\/wp-content\/uploads\/2018\/11\/ndptele24111801-360x203.jpg\" alt=\"\" width=\"360\" height=\"203\" srcset=\"https:\/\/candas365.es\/noticias\/wp-content\/uploads\/2018\/11\/ndptele24111801-360x203.jpg 360w, https:\/\/candas365.es\/noticias\/wp-content\/uploads\/2018\/11\/ndptele24111801-768x432.jpg 768w, https:\/\/candas365.es\/noticias\/wp-content\/uploads\/2018\/11\/ndptele24111801-655x368.jpg 655w, https:\/\/candas365.es\/noticias\/wp-content\/uploads\/2018\/11\/ndptele24111801-696x392.jpg 696w, https:\/\/candas365.es\/noticias\/wp-content\/uploads\/2018\/11\/ndptele24111801-1068x601.jpg 1068w, https:\/\/candas365.es\/noticias\/wp-content\/uploads\/2018\/11\/ndptele24111801-747x420.jpg 747w, https:\/\/candas365.es\/noticias\/wp-content\/uploads\/2018\/11\/ndptele24111801.jpg 1600w\" sizes=\"(max-width: 360px) 100vw, 360px\" \/>&#8216;La tragedia de llamarse Kennedy&#8217; es el t\u00edtulo de &#8216;La noche tem\u00e1tica&#8217; de esta semana. Incluye los reportajes &#8216;Jackie sin Jack&#8217; y &#8216;\u00bfQu\u00e9 ocurri\u00f3 con Rosemary Kennedy?&#8217; Jacqueline Bouvier, m\u00e1s conocida como Jackie Kennedy, se cas\u00f3 con 24 a\u00f1os. Todav\u00eda no sab\u00eda que ser\u00eda primera dama de los Estados Unidos. 55 a\u00f1os despu\u00e9s del asesinato de su marido, contin\u00faa siendo una de las mujeres m\u00e1s c\u00e9lebres del mundo. Otra mujer marcada por la familia Kennedy fue Rosemary, hermana del presidente. Una desgarradora historia que se mantuvo oculta durante muchas d\u00e9cadas.<\/p>\n<p><strong>&#8216;Jackie sin Jack&#8217;<\/strong><\/p>\n<p>Cuando John Kennedy fue asesinado en 1963, Jackie ten\u00eda 34 a\u00f1os. Su verdadera personalidad siempre ha sido un enigma. Existen una serie de conversaciones grabadas durante los meses posteriores al asesinato. La joven viuda cuenta su pasado, sus sue\u00f1os y algunos secretos nunca desvelados sobre Jack, como as\u00ed llamaba a su marido.<\/p>\n<p>Caroline cumplir\u00e1 la promesa que le hizo a su madre de no difundir esas conversaciones, hasta que un d\u00eda en el a\u00f1o 2011, una cadena de televisi\u00f3n se propone emitir un reportaje sobre la saga de los Kennedy. Preocupada por que se pueda mancillar la leyenda familiar, Caroline proh\u00edbe su emisi\u00f3n. A cambio, les entrega las conversaciones secretas que mantuvo Jackie. Se hac\u00eda por fin accesible su verdad reinventada.<\/p>\n<p><strong>&#8216;\u00bfQu\u00e9 ocurri\u00f3 con Rosemary Kenndey?&#8217;<\/strong><\/p>\n<p>En la d\u00e9cada de 1930, Rosemary Kennedy vive junto a sus ocho hermanos, entre ellos el futuro presidente de los Estados Unidos. Nada hace presagiar el sufrimiento que le espera en unos a\u00f1os, ni siquiera el leve retraso mental que padece desde su nacimiento.<\/p>\n<p>En 1941, a los 23 a\u00f1os, desaparece repentinamente de la vida p\u00fablica despu\u00e9s de sufrir una lobotom\u00eda impuesta por su padre. \u00bfPor qu\u00e9 el patriarca de la dinast\u00eda m\u00e1s famosa de los Estados Unidos conden\u00f3 a su hija mayor a una vida de reclusi\u00f3n, lejos del mundo y de su propia familia? La hermana menor del futuro presidente de los Estados Unidos, Rosemary, tendr\u00eda que desaparecer de la historia oficial de los Kennedy para que pudieran realizarse las ambiciones del clan.<\/p>\n","protected":false},"excerpt":{"rendered":"<p>&#8216;La tragedia de llamarse Kennedy&#8217; es el t\u00edtulo de &#8216;La noche tem\u00e1tica&#8217; de esta semana. Incluye los reportajes &#8216;Jackie sin Jack&#8217; y &#8216;\u00bfQu\u00e9 ocurri\u00f3 con Rosemary Kennedy?&#8217; Jacqueline Bouvier, m\u00e1s conocida como Jackie Kennedy, se cas\u00f3 con 24 a\u00f1os. Todav\u00eda no sab\u00eda que ser\u00eda primera dama de los Estados Unidos. 55 a\u00f1os despu\u00e9s del asesinato<\/p>\n","protected":false},"author":1,"featured_media":110670,"comment_status":"closed","ping_status":"closed","sticky":false,"template":"","format":"standard","meta":{"footnotes":""},"categories":[1],"tags":[],"class_list":{"0":"post-110669","1":"post","2":"type-post","3":"status-publish","4":"format-standard","5":"has-post-thumbnail","7":"category-agenda"},"aioseo_notices":[],"aioseo_head":"\n\t\t<!-- All in One SEO Pro 4.9.6.2 - aioseo.com -->\n\t<meta name=\"description\" content=\"&#039;La tragedia de llamarse Kennedy&#039; es el t\u00edtulo de &#039;La noche tem\u00e1tica&#039; de esta semana. Incluye los reportajes &#039;Jackie sin Jack&#039; y &#039;\u00bfQu\u00e9 ocurri\u00f3 con Rosemary Kennedy?&#039; Jacqueline Bouvier, m\u00e1s conocida como Jackie Kennedy, se cas\u00f3 con 24 a\u00f1os. Todav\u00eda no sab\u00eda que ser\u00eda primera dama de los Estados Unidos. 55 a\u00f1os despu\u00e9s del asesinato\" \/>\n\t<meta name=\"robots\" content=\"max-image-preview:large\" \/>\n\t<meta name=\"author\" content=\"Cand\u00e1s 365\"\/>\n\t<meta name=\"google-site-verification\" content=\"UA-32230408-1\" \/>\n\t<meta name=\"msvalidate.01\" content=\"354F3CDFB2DA171B47FBE9ABF1F88D5\" \/>\n\t<meta name=\"keywords\" content=\"agenda\" \/>\n\t<link rel=\"canonical\" href=\"https:\/\/candas365.es\/noticias\/la-tragedia-de-llamarse-kennedy-en-la-noche-tematica\/\" \/>\n\t<meta name=\"generator\" content=\"All in One SEO Pro (AIOSEO) 4.9.6.2\" \/>\n\t\t<meta property=\"og:locale\" content=\"es_ES\" \/>\n\t\t<meta property=\"og:site_name\" content=\"Cand\u00e1s 365\" \/>\n\t\t<meta property=\"og:type\" content=\"article\" \/>\n\t\t<meta property=\"og:title\" content=\"\u201cLa tragedia de llamarse Kennedy\u201d, en \u201cLa noche tem\u00e1tica\u201d | Cand\u00e1s 365\" \/>\n\t\t<meta property=\"og:description\" content=\"&#039;La tragedia de llamarse Kennedy&#039; es el t\u00edtulo de &#039;La noche tem\u00e1tica&#039; de esta semana. Incluye los reportajes &#039;Jackie sin Jack&#039; y &#039;\u00bfQu\u00e9 ocurri\u00f3 con Rosemary Kennedy?&#039; Jacqueline Bouvier, m\u00e1s conocida como Jackie Kennedy, se cas\u00f3 con 24 a\u00f1os. Todav\u00eda no sab\u00eda que ser\u00eda primera dama de los Estados Unidos. 55 a\u00f1os despu\u00e9s del asesinato\" \/>\n\t\t<meta property=\"og:url\" content=\"https:\/\/candas365.es\/noticias\/la-tragedia-de-llamarse-kennedy-en-la-noche-tematica\/\" \/>\n\t\t<meta property=\"og:image\" content=\"https:\/\/candas365.es\/noticias\/wp-content\/uploads\/2018\/11\/ndptele24111801.jpg\" \/>\n\t\t<meta property=\"og:image:secure_url\" content=\"https:\/\/candas365.es\/noticias\/wp-content\/uploads\/2018\/11\/ndptele24111801.jpg\" \/>\n\t\t<meta property=\"og:image:width\" content=\"1600\" \/>\n\t\t<meta property=\"og:image:height\" content=\"900\" \/>\n\t\t<meta property=\"article:published_time\" content=\"2018-11-24T21:06:24+00:00\" \/>\n\t\t<meta property=\"article:modified_time\" content=\"2018-11-24T21:06:24+00:00\" \/>\n\t\t<meta property=\"article:publisher\" content=\"https:\/\/www.facebook.com\/Nachofdezber\" \/>\n\t\t<meta property=\"article:author\" content=\"https:\/\/www.facebook.com\/carrenoactualidad\" \/>\n\t\t<meta name=\"twitter:card\" content=\"summary_large_image\" \/>\n\t\t<meta name=\"twitter:site\" content=\"@NabercoDigital\" \/>\n\t\t<meta name=\"twitter:title\" content=\"\u201cLa tragedia de llamarse Kennedy\u201d, en \u201cLa noche tem\u00e1tica\u201d | Cand\u00e1s 365\" \/>\n\t\t<meta name=\"twitter:description\" content=\"&#039;La tragedia de llamarse Kennedy&#039; es el t\u00edtulo de &#039;La noche tem\u00e1tica&#039; de esta semana. Incluye los reportajes &#039;Jackie sin Jack&#039; y &#039;\u00bfQu\u00e9 ocurri\u00f3 con Rosemary Kennedy?&#039; Jacqueline Bouvier, m\u00e1s conocida como Jackie Kennedy, se cas\u00f3 con 24 a\u00f1os. Todav\u00eda no sab\u00eda que ser\u00eda primera dama de los Estados Unidos. 55 a\u00f1os despu\u00e9s del asesinato\" \/>\n\t\t<meta name=\"twitter:creator\" content=\"@nbasturias\" \/>\n\t\t<meta name=\"twitter:image\" content=\"https:\/\/candas365.es\/noticias\/wp-content\/uploads\/2018\/11\/ndptele24111801.jpg\" \/>\n\t\t<meta name=\"twitter:label1\" content=\"Escrito por\" \/>\n\t\t<meta name=\"twitter:data1\" content=\"Cand\u00e1s 365\" \/>\n\t\t<meta name=\"twitter:label2\" content=\"Tiempo de lectura estimado\" \/>\n\t\t<meta name=\"twitter:data2\" content=\"2 minutos\" \/>\n\t\t<script type=\"application\/ld+json\" class=\"aioseo-schema\">\n\t\t\t{\"@context\":\"https:\\\/\\\/schema.org\",\"@graph\":[{\"@type\":\"BreadcrumbList\",\"@id\":\"https:\\\/\\\/candas365.es\\\/noticias\\\/la-tragedia-de-llamarse-kennedy-en-la-noche-tematica\\\/#breadcrumblist\",\"itemListElement\":[{\"@type\":\"ListItem\",\"@id\":\"https:\\\/\\\/candas365.es\\\/noticias#listItem\",\"position\":1,\"name\":\"Home\",\"item\":\"https:\\\/\\\/candas365.es\\\/noticias\",\"nextItem\":{\"@type\":\"ListItem\",\"@id\":\"https:\\\/\\\/candas365.es\\\/noticias\\\/category\\\/agenda\\\/#listItem\",\"name\":\"Agenda\"}},{\"@type\":\"ListItem\",\"@id\":\"https:\\\/\\\/candas365.es\\\/noticias\\\/category\\\/agenda\\\/#listItem\",\"position\":2,\"name\":\"Agenda\",\"item\":\"https:\\\/\\\/candas365.es\\\/noticias\\\/category\\\/agenda\\\/\",\"nextItem\":{\"@type\":\"ListItem\",\"@id\":\"https:\\\/\\\/candas365.es\\\/noticias\\\/la-tragedia-de-llamarse-kennedy-en-la-noche-tematica\\\/#listItem\",\"name\":\"\\u201cLa tragedia de llamarse Kennedy\\u201d, en \\u201cLa noche tem\\u00e1tica\\u201d\"},\"previousItem\":{\"@type\":\"ListItem\",\"@id\":\"https:\\\/\\\/candas365.es\\\/noticias#listItem\",\"name\":\"Home\"}},{\"@type\":\"ListItem\",\"@id\":\"https:\\\/\\\/candas365.es\\\/noticias\\\/la-tragedia-de-llamarse-kennedy-en-la-noche-tematica\\\/#listItem\",\"position\":3,\"name\":\"\\u201cLa tragedia de llamarse Kennedy\\u201d, en \\u201cLa noche tem\\u00e1tica\\u201d\",\"previousItem\":{\"@type\":\"ListItem\",\"@id\":\"https:\\\/\\\/candas365.es\\\/noticias\\\/category\\\/agenda\\\/#listItem\",\"name\":\"Agenda\"}}]},{\"@type\":\"NewsArticle\",\"@id\":\"https:\\\/\\\/candas365.es\\\/noticias\\\/la-tragedia-de-llamarse-kennedy-en-la-noche-tematica\\\/#newsarticle\",\"name\":\"\\u201cLa tragedia de llamarse Kennedy\\u201d, en \\u201cLa noche tem\\u00e1tica\\u201d | Cand\\u00e1s 365\",\"headline\":\"\\u201cLa tragedia de llamarse Kennedy\\u201d, en \\u201cLa noche tem\\u00e1tica\\u201d\",\"author\":{\"@id\":\"https:\\\/\\\/candas365.es\\\/noticias\\\/author\\\/admin\\\/#author\"},\"publisher\":{\"@id\":\"https:\\\/\\\/candas365.es\\\/noticias\\\/#organization\"},\"image\":{\"@type\":\"ImageObject\",\"url\":\"https:\\\/\\\/candas365.es\\\/noticias\\\/wp-content\\\/uploads\\\/2018\\\/11\\\/ndptele24111801.jpg\",\"width\":1600,\"height\":900},\"datePublished\":\"2018-11-24T21:06:24+01:00\",\"dateModified\":\"2018-11-24T21:06:24+01:00\",\"inLanguage\":\"es-ES\",\"mainEntityOfPage\":{\"@id\":\"https:\\\/\\\/candas365.es\\\/noticias\\\/la-tragedia-de-llamarse-kennedy-en-la-noche-tematica\\\/#webpage\"},\"isPartOf\":{\"@id\":\"https:\\\/\\\/candas365.es\\\/noticias\\\/la-tragedia-de-llamarse-kennedy-en-la-noche-tematica\\\/#webpage\"},\"articleSection\":\"Agenda\",\"dateline\":\"Publicado el noviembre 24, 2018.\"},{\"@type\":\"Organization\",\"@id\":\"https:\\\/\\\/candas365.es\\\/noticias\\\/#organization\",\"name\":\"Cand\\u00e1s 365\",\"description\":\"Cand\\u00e1s 365 es un diario digital independiente, fundado en 2012, con base en Asturias. Informamos con rigor sobre actualidad, sociedad, cultura y ocio, con una mirada local y global.\",\"url\":\"https:\\\/\\\/candas365.es\\\/noticias\\\/\",\"email\":\"info@candas365.es\",\"telephone\":\"+34652131393\",\"foundingDate\":\"2012-06-10\",\"logo\":{\"@type\":\"ImageObject\",\"url\":\"https:\\\/\\\/candas365.es\\\/noticias\\\/wp-content\\\/uploads\\\/2024\\\/09\\\/Candas-365-Redes.jpg\",\"@id\":\"https:\\\/\\\/candas365.es\\\/noticias\\\/la-tragedia-de-llamarse-kennedy-en-la-noche-tematica\\\/#organizationLogo\",\"width\":1152,\"height\":864,\"caption\":\"Cand\\u00e1s 365 Redes\"},\"image\":{\"@id\":\"https:\\\/\\\/candas365.es\\\/noticias\\\/la-tragedia-de-llamarse-kennedy-en-la-noche-tematica\\\/#organizationLogo\"},\"sameAs\":[\"https:\\\/\\\/www.facebook.com\\\/Nachofdezber\",\"https:\\\/\\\/x.com\\\/NabercoDigital\",\"https:\\\/\\\/www.instagram.com\\\/nachofdezber\\\/\",\"https:\\\/\\\/www.youtube.com\\\/channel\\\/UCZP-2wLEB9Rv6erhFmqVnvg\"],\"address\":{\"@id\":\"https:\\\/\\\/candas365.es\\\/noticias\\\/#postaladdress\",\"@type\":\"PostalAddress\",\"streetAddress\":\"san antonio 4, san antonio 4\",\"postalCode\":\"33430\",\"addressLocality\":\"Cand\\u00e1s\",\"addressRegion\":\"Asturias\",\"addressCountry\":\"ES\"}},{\"@type\":\"Person\",\"@id\":\"https:\\\/\\\/candas365.es\\\/noticias\\\/author\\\/admin\\\/#author\",\"url\":\"https:\\\/\\\/candas365.es\\\/noticias\\\/author\\\/admin\\\/\",\"name\":\"Cand\\u00e1s 365\",\"image\":{\"@type\":\"ImageObject\",\"@id\":\"https:\\\/\\\/candas365.es\\\/noticias\\\/la-tragedia-de-llamarse-kennedy-en-la-noche-tematica\\\/#authorImage\",\"url\":\"https:\\\/\\\/secure.gravatar.com\\\/avatar\\\/496a8e03d0c493ede1718b7934145dbdf8d89be1036b0eec9544e1094c9de390?s=96&d=mm&r=g\",\"width\":96,\"height\":96,\"caption\":\"Cand\\u00e1s 365\"},\"sameAs\":[\"https:\\\/\\\/www.facebook.com\\\/carrenoactualidad\",\"https:\\\/\\\/twitter.com\\\/nbasturias\",\"https:\\\/\\\/www.instagram.com\\\/nachofdezber\\\/\",\"https:\\\/\\\/www.youtube.com\\\/channel\\\/UCZP-2wLEB9Rv6erhFmqVnvg\"]},{\"@type\":\"WebPage\",\"@id\":\"https:\\\/\\\/candas365.es\\\/noticias\\\/la-tragedia-de-llamarse-kennedy-en-la-noche-tematica\\\/#webpage\",\"url\":\"https:\\\/\\\/candas365.es\\\/noticias\\\/la-tragedia-de-llamarse-kennedy-en-la-noche-tematica\\\/\",\"name\":\"\\u201cLa tragedia de llamarse Kennedy\\u201d, en \\u201cLa noche tem\\u00e1tica\\u201d | Cand\\u00e1s 365\",\"description\":\"'La tragedia de llamarse Kennedy' es el t\\u00edtulo de 'La noche tem\\u00e1tica' de esta semana. Incluye los reportajes 'Jackie sin Jack' y '\\u00bfQu\\u00e9 ocurri\\u00f3 con Rosemary Kennedy?' Jacqueline Bouvier, m\\u00e1s conocida como Jackie Kennedy, se cas\\u00f3 con 24 a\\u00f1os. Todav\\u00eda no sab\\u00eda que ser\\u00eda primera dama de los Estados Unidos. 55 a\\u00f1os despu\\u00e9s del asesinato\",\"inLanguage\":\"es-ES\",\"isPartOf\":{\"@id\":\"https:\\\/\\\/candas365.es\\\/noticias\\\/#website\"},\"breadcrumb\":{\"@id\":\"https:\\\/\\\/candas365.es\\\/noticias\\\/la-tragedia-de-llamarse-kennedy-en-la-noche-tematica\\\/#breadcrumblist\"},\"author\":{\"@id\":\"https:\\\/\\\/candas365.es\\\/noticias\\\/author\\\/admin\\\/#author\"},\"creator\":{\"@id\":\"https:\\\/\\\/candas365.es\\\/noticias\\\/author\\\/admin\\\/#author\"},\"image\":{\"@type\":\"ImageObject\",\"url\":\"https:\\\/\\\/candas365.es\\\/noticias\\\/wp-content\\\/uploads\\\/2018\\\/11\\\/ndptele24111801.jpg\",\"@id\":\"https:\\\/\\\/candas365.es\\\/noticias\\\/la-tragedia-de-llamarse-kennedy-en-la-noche-tematica\\\/#mainImage\",\"width\":1600,\"height\":900},\"primaryImageOfPage\":{\"@id\":\"https:\\\/\\\/candas365.es\\\/noticias\\\/la-tragedia-de-llamarse-kennedy-en-la-noche-tematica\\\/#mainImage\"},\"datePublished\":\"2018-11-24T21:06:24+01:00\",\"dateModified\":\"2018-11-24T21:06:24+01:00\"},{\"@type\":\"WebSite\",\"@id\":\"https:\\\/\\\/candas365.es\\\/noticias\\\/#website\",\"url\":\"https:\\\/\\\/candas365.es\\\/noticias\\\/\",\"name\":\"Cand\\u00e1s 365\",\"alternateName\":\"Cand\\u00e1s 365 Noticias\",\"description\":\"Actualidad desde Carre\\u00f1o para el mundo\",\"inLanguage\":\"es-ES\",\"publisher\":{\"@id\":\"https:\\\/\\\/candas365.es\\\/noticias\\\/#organization\"}}]}\n\t\t<\/script>\n\t\t<!-- All in One SEO Pro -->\r\n\t\t<title>\u201cLa tragedia de llamarse Kennedy\u201d, en \u201cLa noche tem\u00e1tica\u201d | Cand\u00e1s 365<\/title>\n\n","aioseo_head_json":{"title":"\u201cLa tragedia de llamarse Kennedy\u201d, en \u201cLa noche tem\u00e1tica\u201d | Cand\u00e1s 365","description":"'La tragedia de llamarse Kennedy' es el t\u00edtulo de 'La noche tem\u00e1tica' de esta semana. Incluye los reportajes 'Jackie sin Jack' y '\u00bfQu\u00e9 ocurri\u00f3 con Rosemary Kennedy?' Jacqueline Bouvier, m\u00e1s conocida como Jackie Kennedy, se cas\u00f3 con 24 a\u00f1os. Todav\u00eda no sab\u00eda que ser\u00eda primera dama de los Estados Unidos. 55 a\u00f1os despu\u00e9s del asesinato","canonical_url":"https:\/\/candas365.es\/noticias\/la-tragedia-de-llamarse-kennedy-en-la-noche-tematica\/","robots":"max-image-preview:large","keywords":"agenda","webmasterTools":{"google-site-verification":"UA-32230408-1","msvalidate.01":"354F3CDFB2DA171B47FBE9ABF1F88D5","miscellaneous":""},"schema":{"@context":"https:\/\/schema.org","@graph":[{"@type":"BreadcrumbList","@id":"https:\/\/candas365.es\/noticias\/la-tragedia-de-llamarse-kennedy-en-la-noche-tematica\/#breadcrumblist","itemListElement":[{"@type":"ListItem","@id":"https:\/\/candas365.es\/noticias#listItem","position":1,"name":"Home","item":"https:\/\/candas365.es\/noticias","nextItem":{"@type":"ListItem","@id":"https:\/\/candas365.es\/noticias\/category\/agenda\/#listItem","name":"Agenda"}},{"@type":"ListItem","@id":"https:\/\/candas365.es\/noticias\/category\/agenda\/#listItem","position":2,"name":"Agenda","item":"https:\/\/candas365.es\/noticias\/category\/agenda\/","nextItem":{"@type":"ListItem","@id":"https:\/\/candas365.es\/noticias\/la-tragedia-de-llamarse-kennedy-en-la-noche-tematica\/#listItem","name":"\u201cLa tragedia de llamarse Kennedy\u201d, en \u201cLa noche tem\u00e1tica\u201d"},"previousItem":{"@type":"ListItem","@id":"https:\/\/candas365.es\/noticias#listItem","name":"Home"}},{"@type":"ListItem","@id":"https:\/\/candas365.es\/noticias\/la-tragedia-de-llamarse-kennedy-en-la-noche-tematica\/#listItem","position":3,"name":"\u201cLa tragedia de llamarse Kennedy\u201d, en \u201cLa noche tem\u00e1tica\u201d","previousItem":{"@type":"ListItem","@id":"https:\/\/candas365.es\/noticias\/category\/agenda\/#listItem","name":"Agenda"}}]},{"@type":"NewsArticle","@id":"https:\/\/candas365.es\/noticias\/la-tragedia-de-llamarse-kennedy-en-la-noche-tematica\/#newsarticle","name":"\u201cLa tragedia de llamarse Kennedy\u201d, en \u201cLa noche tem\u00e1tica\u201d | Cand\u00e1s 365","headline":"\u201cLa tragedia de llamarse Kennedy\u201d, en \u201cLa noche tem\u00e1tica\u201d","author":{"@id":"https:\/\/candas365.es\/noticias\/author\/admin\/#author"},"publisher":{"@id":"https:\/\/candas365.es\/noticias\/#organization"},"image":{"@type":"ImageObject","url":"https:\/\/candas365.es\/noticias\/wp-content\/uploads\/2018\/11\/ndptele24111801.jpg","width":1600,"height":900},"datePublished":"2018-11-24T21:06:24+01:00","dateModified":"2018-11-24T21:06:24+01:00","inLanguage":"es-ES","mainEntityOfPage":{"@id":"https:\/\/candas365.es\/noticias\/la-tragedia-de-llamarse-kennedy-en-la-noche-tematica\/#webpage"},"isPartOf":{"@id":"https:\/\/candas365.es\/noticias\/la-tragedia-de-llamarse-kennedy-en-la-noche-tematica\/#webpage"},"articleSection":"Agenda","dateline":"Publicado el noviembre 24, 2018."},{"@type":"Organization","@id":"https:\/\/candas365.es\/noticias\/#organization","name":"Cand\u00e1s 365","description":"Cand\u00e1s 365 es un diario digital independiente, fundado en 2012, con base en Asturias. Informamos con rigor sobre actualidad, sociedad, cultura y ocio, con una mirada local y global.","url":"https:\/\/candas365.es\/noticias\/","email":"info@candas365.es","telephone":"+34652131393","foundingDate":"2012-06-10","logo":{"@type":"ImageObject","url":"https:\/\/candas365.es\/noticias\/wp-content\/uploads\/2024\/09\/Candas-365-Redes.jpg","@id":"https:\/\/candas365.es\/noticias\/la-tragedia-de-llamarse-kennedy-en-la-noche-tematica\/#organizationLogo","width":1152,"height":864,"caption":"Cand\u00e1s 365 Redes"},"image":{"@id":"https:\/\/candas365.es\/noticias\/la-tragedia-de-llamarse-kennedy-en-la-noche-tematica\/#organizationLogo"},"sameAs":["https:\/\/www.facebook.com\/Nachofdezber","https:\/\/x.com\/NabercoDigital","https:\/\/www.instagram.com\/nachofdezber\/","https:\/\/www.youtube.com\/channel\/UCZP-2wLEB9Rv6erhFmqVnvg"],"address":{"@id":"https:\/\/candas365.es\/noticias\/#postaladdress","@type":"PostalAddress","streetAddress":"san antonio 4, san antonio 4","postalCode":"33430","addressLocality":"Cand\u00e1s","addressRegion":"Asturias","addressCountry":"ES"}},{"@type":"Person","@id":"https:\/\/candas365.es\/noticias\/author\/admin\/#author","url":"https:\/\/candas365.es\/noticias\/author\/admin\/","name":"Cand\u00e1s 365","image":{"@type":"ImageObject","@id":"https:\/\/candas365.es\/noticias\/la-tragedia-de-llamarse-kennedy-en-la-noche-tematica\/#authorImage","url":"https:\/\/secure.gravatar.com\/avatar\/496a8e03d0c493ede1718b7934145dbdf8d89be1036b0eec9544e1094c9de390?s=96&d=mm&r=g","width":96,"height":96,"caption":"Cand\u00e1s 365"},"sameAs":["https:\/\/www.facebook.com\/carrenoactualidad","https:\/\/twitter.com\/nbasturias","https:\/\/www.instagram.com\/nachofdezber\/","https:\/\/www.youtube.com\/channel\/UCZP-2wLEB9Rv6erhFmqVnvg"]},{"@type":"WebPage","@id":"https:\/\/candas365.es\/noticias\/la-tragedia-de-llamarse-kennedy-en-la-noche-tematica\/#webpage","url":"https:\/\/candas365.es\/noticias\/la-tragedia-de-llamarse-kennedy-en-la-noche-tematica\/","name":"\u201cLa tragedia de llamarse Kennedy\u201d, en \u201cLa noche tem\u00e1tica\u201d | Cand\u00e1s 365","description":"'La tragedia de llamarse Kennedy' es el t\u00edtulo de 'La noche tem\u00e1tica' de esta semana. Incluye los reportajes 'Jackie sin Jack' y '\u00bfQu\u00e9 ocurri\u00f3 con Rosemary Kennedy?' Jacqueline Bouvier, m\u00e1s conocida como Jackie Kennedy, se cas\u00f3 con 24 a\u00f1os. Todav\u00eda no sab\u00eda que ser\u00eda primera dama de los Estados Unidos. 55 a\u00f1os despu\u00e9s del asesinato","inLanguage":"es-ES","isPartOf":{"@id":"https:\/\/candas365.es\/noticias\/#website"},"breadcrumb":{"@id":"https:\/\/candas365.es\/noticias\/la-tragedia-de-llamarse-kennedy-en-la-noche-tematica\/#breadcrumblist"},"author":{"@id":"https:\/\/candas365.es\/noticias\/author\/admin\/#author"},"creator":{"@id":"https:\/\/candas365.es\/noticias\/author\/admin\/#author"},"image":{"@type":"ImageObject","url":"https:\/\/candas365.es\/noticias\/wp-content\/uploads\/2018\/11\/ndptele24111801.jpg","@id":"https:\/\/candas365.es\/noticias\/la-tragedia-de-llamarse-kennedy-en-la-noche-tematica\/#mainImage","width":1600,"height":900},"primaryImageOfPage":{"@id":"https:\/\/candas365.es\/noticias\/la-tragedia-de-llamarse-kennedy-en-la-noche-tematica\/#mainImage"},"datePublished":"2018-11-24T21:06:24+01:00","dateModified":"2018-11-24T21:06:24+01:00"},{"@type":"WebSite","@id":"https:\/\/candas365.es\/noticias\/#website","url":"https:\/\/candas365.es\/noticias\/","name":"Cand\u00e1s 365","alternateName":"Cand\u00e1s 365 Noticias","description":"Actualidad desde Carre\u00f1o para el mundo","inLanguage":"es-ES","publisher":{"@id":"https:\/\/candas365.es\/noticias\/#organization"}}]},"og:locale":"es_ES","og:site_name":"Cand\u00e1s 365","og:type":"article","og:title":"\u201cLa tragedia de llamarse Kennedy\u201d, en \u201cLa noche tem\u00e1tica\u201d | Cand\u00e1s 365","og:description":"'La tragedia de llamarse Kennedy' es el t\u00edtulo de 'La noche tem\u00e1tica' de esta semana. Incluye los reportajes 'Jackie sin Jack' y '\u00bfQu\u00e9 ocurri\u00f3 con Rosemary Kennedy?' Jacqueline Bouvier, m\u00e1s conocida como Jackie Kennedy, se cas\u00f3 con 24 a\u00f1os. Todav\u00eda no sab\u00eda que ser\u00eda primera dama de los Estados Unidos. 55 a\u00f1os despu\u00e9s del asesinato","og:url":"https:\/\/candas365.es\/noticias\/la-tragedia-de-llamarse-kennedy-en-la-noche-tematica\/","og:image":"https:\/\/candas365.es\/noticias\/wp-content\/uploads\/2018\/11\/ndptele24111801.jpg","og:image:secure_url":"https:\/\/candas365.es\/noticias\/wp-content\/uploads\/2018\/11\/ndptele24111801.jpg","og:image:width":1600,"og:image:height":900,"article:published_time":"2018-11-24T21:06:24+00:00","article:modified_time":"2018-11-24T21:06:24+00:00","article:publisher":"https:\/\/www.facebook.com\/Nachofdezber","article:author":"https:\/\/www.facebook.com\/carrenoactualidad","twitter:card":"summary_large_image","twitter:site":"@NabercoDigital","twitter:title":"\u201cLa tragedia de llamarse Kennedy\u201d, en \u201cLa noche tem\u00e1tica\u201d | Cand\u00e1s 365","twitter:description":"'La tragedia de llamarse Kennedy' es el t\u00edtulo de 'La noche tem\u00e1tica' de esta semana. Incluye los reportajes 'Jackie sin Jack' y '\u00bfQu\u00e9 ocurri\u00f3 con Rosemary Kennedy?' Jacqueline Bouvier, m\u00e1s conocida como Jackie Kennedy, se cas\u00f3 con 24 a\u00f1os. Todav\u00eda no sab\u00eda que ser\u00eda primera dama de los Estados Unidos. 55 a\u00f1os despu\u00e9s del asesinato","twitter:creator":"@nbasturias","twitter:image":"https:\/\/candas365.es\/noticias\/wp-content\/uploads\/2018\/11\/ndptele24111801.jpg","twitter:label1":"Escrito por","twitter:data1":"Cand\u00e1s 365","twitter:label2":"Tiempo de lectura estimado","twitter:data2":"2 minutos"},"aioseo_meta_data":{"post_id":"110669","title":null,"description":null,"keywords":null,"keyphrases":null,"primary_term":null,"canonical_url":null,"og_title":null,"og_description":null,"og_object_type":"default","og_image_type":"default","og_image_url":null,"og_image_width":null,"og_image_height":null,"og_image_custom_url":null,"og_image_custom_fields":null,"og_video":null,"og_custom_url":null,"og_article_section":null,"og_article_tags":null,"twitter_use_og":false,"twitter_card":"default","twitter_image_type":"default","twitter_image_url":null,"twitter_image_custom_url":null,"twitter_image_custom_fields":null,"twitter_title":null,"twitter_description":null,"schema":{"blockGraphs":[],"customGraphs":[],"default":{"data":{"Article":[],"Course":[],"Dataset":[],"FAQPage":[],"Movie":[],"Person":[],"Product":[],"ProductReview":[],"Car":[],"Recipe":[],"Service":[],"SoftwareApplication":[],"WebPage":[]},"graphName":"","isEnabled":true},"graphs":[]},"schema_type":null,"schema_type_options":null,"pillar_content":false,"robots_default":true,"robots_noindex":false,"robots_noarchive":false,"robots_nosnippet":false,"robots_nofollow":false,"robots_noimageindex":false,"robots_noodp":false,"robots_notranslate":false,"robots_max_snippet":null,"robots_max_videopreview":null,"robots_max_imagepreview":"large","priority":null,"frequency":null,"location":null,"local_seo":null,"seo_analyzer_scan_date":"2025-08-28 13:12:13","breadcrumb_settings":null,"limit_modified_date":false,"reviewed_by":null,"open_ai":null,"ai":null,"created":"2020-12-21 11:38:26","updated":"2025-08-28 13:12:13"},"aioseo_breadcrumb":"<div class=\"aioseo-breadcrumbs\"><span class=\"aioseo-breadcrumb\">\n\t<a href=\"https:\/\/candas365.es\/noticias\" title=\"Home\">Home<\/a>\n<\/span><span class=\"aioseo-breadcrumb-separator\">&ndash;<\/span><span class=\"aioseo-breadcrumb\">\n\t<a href=\"https:\/\/candas365.es\/noticias\/category\/agenda\/\" title=\"Agenda\">Agenda<\/a>\n<\/span><span class=\"aioseo-breadcrumb-separator\">&ndash;<\/span><span class=\"aioseo-breadcrumb\">\n\t\u201cLa tragedia de llamarse Kennedy\u201d, en \u201cLa noche tem\u00e1tica\u201d\n<\/span><\/div>","aioseo_breadcrumb_json":[{"label":"Home","link":"https:\/\/candas365.es\/noticias"},{"label":"Agenda","link":"https:\/\/candas365.es\/noticias\/category\/agenda\/"},{"label":"\u201cLa tragedia de llamarse Kennedy\u201d, en \u201cLa noche tem\u00e1tica\u201d","link":"https:\/\/candas365.es\/noticias\/la-tragedia-de-llamarse-kennedy-en-la-noche-tematica\/"}],"_links":{"self":[{"href":"https:\/\/candas365.es\/noticias\/wp-json\/wp\/v2\/posts\/110669","targetHints":{"allow":["GET"]}}],"collection":[{"href":"https:\/\/candas365.es\/noticias\/wp-json\/wp\/v2\/posts"}],"about":[{"href":"https:\/\/candas365.es\/noticias\/wp-json\/wp\/v2\/types\/post"}],"author":[{"embeddable":true,"href":"https:\/\/candas365.es\/noticias\/wp-json\/wp\/v2\/users\/1"}],"replies":[{"embeddable":true,"href":"https:\/\/candas365.es\/noticias\/wp-json\/wp\/v2\/comments?post=110669"}],"version-history":[{"count":0,"href":"https:\/\/candas365.es\/noticias\/wp-json\/wp\/v2\/posts\/110669\/revisions"}],"wp:featuredmedia":[{"embeddable":true,"href":"https:\/\/candas365.es\/noticias\/wp-json\/wp\/v2\/media\/110670"}],"wp:attachment":[{"href":"https:\/\/candas365.es\/noticias\/wp-json\/wp\/v2\/media?parent=110669"}],"wp:term":[{"taxonomy":"category","embeddable":true,"href":"https:\/\/candas365.es\/noticias\/wp-json\/wp\/v2\/categories?post=110669"},{"taxonomy":"post_tag","embeddable":true,"href":"https:\/\/candas365.es\/noticias\/wp-json\/wp\/v2\/tags?post=110669"}],"curies":[{"name":"wp","href":"https:\/\/api.w.org\/{rel}","templated":true}]}}