{"id":110659,"date":"2018-11-24T20:50:53","date_gmt":"2018-11-24T20:50:53","guid":{"rendered":"http:\/\/candas365.es\/noticias\/?p=110659"},"modified":"2018-11-24T20:50:53","modified_gmt":"2018-11-24T20:50:53","slug":"ecclestone-cree-que-a-vettel-le-falta-el-liderazgo-de-schumacher","status":"publish","type":"post","link":"https:\/\/candas365.es\/noticias\/ecclestone-cree-que-a-vettel-le-falta-el-liderazgo-de-schumacher\/","title":{"rendered":"Ecclestone cree que a Vettel le falta el liderazgo de Schumacher"},"content":{"rendered":"<p><img fetchpriority=\"high\" decoding=\"async\" class=\"alignleft size-medium wp-image-91805\" src=\"https:\/\/candas365.es\/noticias\/wp-content\/uploads\/2018\/03\/formula-1-630147_1280-360x239.jpg\" alt=\"\" width=\"360\" height=\"239\" srcset=\"https:\/\/candas365.es\/noticias\/wp-content\/uploads\/2018\/03\/formula-1-630147_1280-360x239.jpg 360w, https:\/\/candas365.es\/noticias\/wp-content\/uploads\/2018\/03\/formula-1-630147_1280-696x463.jpg 696w, https:\/\/candas365.es\/noticias\/wp-content\/uploads\/2018\/03\/formula-1-630147_1280-1068x710.jpg 1068w, https:\/\/candas365.es\/noticias\/wp-content\/uploads\/2018\/03\/formula-1-630147_1280-632x420.jpg 632w, https:\/\/candas365.es\/noticias\/wp-content\/uploads\/2018\/03\/formula-1-630147_1280-768x511.jpg 768w, https:\/\/candas365.es\/noticias\/wp-content\/uploads\/2018\/03\/formula-1-630147_1280-655x435.jpg 655w, https:\/\/candas365.es\/noticias\/wp-content\/uploads\/2018\/03\/formula-1-630147_1280.jpg 1280w\" sizes=\"(max-width: 360px) 100vw, 360px\" \/>Abu Dabi, 24 nov (dpa) &#8211; El ex jefe de la F\u00f3rmula 1 Bernie Ecclestone cree que el alem\u00e1n Sebastian Vettel no cuenta con las cualidades de l\u00edder que s\u00ed ten\u00eda su compatriota Michael Schumacher.<\/p>\n<p>En una entrevista con el diario deportivo italiano \u00abLa Gazzetta dello Sport\u00bb publicada hoy, Ecclestone record\u00f3 que Schumacher, en su momento, asumi\u00f3 la responsabilidad en Ferrari y sac\u00f3 de la crisis a la escuder\u00eda.<\/p>\n<p>En cambio, el brit\u00e1nico de 88 a\u00f1os consider\u00f3 que Vettel tiene una personalidad menos fuerte y m\u00e1s sensible. \u00abExtra\u00f1o para ser un alem\u00e1n\u00bb, dijo Ecclestone. \u00abTiene que ser m\u00e1s fuerte por dentro, ver las cosas con m\u00e1s serenidad\u00bb.<\/p>\n<p>Ecclestone, que sol\u00eda jugar con Vettel al Backgammon, cree sin embargo que el alem\u00e1n tiene la capacidad para recuperarse. \u00abNo est\u00e1 terminado como piloto, solo est\u00e1 desorientado de momento\u00bb.<\/p>\n<p>Vettel gan\u00f3 cuatro t\u00edtulos con Red Bull, pero desde su llegada a Ferrari no pudo obtener los mismos resultados. Esae temporada, que se cierra el domingo con el Gran Premio de Abu Dabi, volvi\u00f3 a perder el t\u00edtulo a manos del brit\u00e1nico Lewis Hamilton, de Mercedes.<\/p>\n<p>Schumacher, siete veces campe\u00f3n de la F\u00f3rmula 1, logr\u00f3 cinco t\u00edtulos consecutivos en Ferrari aunque demor\u00f3 cinco a\u00f1os en conseguir el primero. El m\u00edtico piloto alem\u00e1n se encuentra desde hace casi cinco a\u00f1os en un delicado estado como consecuencia de las lesiones cerebrales que sufri\u00f3 en un accidente cuando esquiaba en los Alpes franceses.<\/p>\n","protected":false},"excerpt":{"rendered":"<p>Abu Dabi, 24 nov (dpa) &#8211; El ex jefe de la F\u00f3rmula 1 Bernie Ecclestone cree que el alem\u00e1n Sebastian Vettel no cuenta con las cualidades de l\u00edder que s\u00ed ten\u00eda su compatriota Michael Schumacher. En una entrevista con el diario deportivo italiano \u00abLa Gazzetta dello Sport\u00bb publicada hoy, Ecclestone record\u00f3 que Schumacher, en su<\/p>\n","protected":false},"author":1,"featured_media":91805,"comment_status":"closed","ping_status":"closed","sticky":false,"template":"","format":"standard","meta":{"footnotes":""},"categories":[319],"tags":[],"class_list":{"0":"post-110659","1":"post","2":"type-post","3":"status-publish","4":"format-standard","5":"has-post-thumbnail","7":"category-deporte"},"aioseo_notices":[],"aioseo_head":"\n\t\t<!-- All in One SEO Pro 4.9.6.2 - aioseo.com -->\n\t<meta name=\"description\" content=\"Abu Dabi, 24 nov (dpa) - El ex jefe de la F\u00f3rmula 1 Bernie Ecclestone cree que el alem\u00e1n Sebastian Vettel no cuenta con las cualidades de l\u00edder que s\u00ed ten\u00eda su compatriota Michael Schumacher. En una entrevista con el diario deportivo italiano &quot;La Gazzetta dello Sport&quot; publicada hoy, Ecclestone record\u00f3 que Schumacher, en su\" \/>\n\t<meta name=\"robots\" content=\"max-image-preview:large\" \/>\n\t<meta name=\"author\" content=\"Cand\u00e1s 365\"\/>\n\t<meta name=\"google-site-verification\" content=\"UA-32230408-1\" \/>\n\t<meta name=\"msvalidate.01\" content=\"354F3CDFB2DA171B47FBE9ABF1F88D5\" \/>\n\t<meta name=\"keywords\" content=\"deporte\" \/>\n\t<link rel=\"canonical\" href=\"https:\/\/candas365.es\/noticias\/ecclestone-cree-que-a-vettel-le-falta-el-liderazgo-de-schumacher\/\" \/>\n\t<meta name=\"generator\" content=\"All in One SEO Pro (AIOSEO) 4.9.6.2\" \/>\n\t\t<meta property=\"og:locale\" content=\"es_ES\" \/>\n\t\t<meta property=\"og:site_name\" content=\"Cand\u00e1s 365\" \/>\n\t\t<meta property=\"og:type\" content=\"article\" \/>\n\t\t<meta property=\"og:title\" content=\"Ecclestone cree que a Vettel le falta el liderazgo de Schumacher | Cand\u00e1s 365\" \/>\n\t\t<meta property=\"og:description\" content=\"Abu Dabi, 24 nov (dpa) - El ex jefe de la F\u00f3rmula 1 Bernie Ecclestone cree que el alem\u00e1n Sebastian Vettel no cuenta con las cualidades de l\u00edder que s\u00ed ten\u00eda su compatriota Michael Schumacher. En una entrevista con el diario deportivo italiano &quot;La Gazzetta dello Sport&quot; publicada hoy, Ecclestone record\u00f3 que Schumacher, en su\" \/>\n\t\t<meta property=\"og:url\" content=\"https:\/\/candas365.es\/noticias\/ecclestone-cree-que-a-vettel-le-falta-el-liderazgo-de-schumacher\/\" \/>\n\t\t<meta property=\"og:image\" content=\"https:\/\/candas365.es\/noticias\/wp-content\/uploads\/2018\/03\/formula-1-630147_1280.jpg\" \/>\n\t\t<meta property=\"og:image:secure_url\" content=\"https:\/\/candas365.es\/noticias\/wp-content\/uploads\/2018\/03\/formula-1-630147_1280.jpg\" \/>\n\t\t<meta property=\"og:image:width\" content=\"1280\" \/>\n\t\t<meta property=\"og:image:height\" content=\"851\" \/>\n\t\t<meta property=\"article:published_time\" content=\"2018-11-24T20:50:53+00:00\" \/>\n\t\t<meta property=\"article:modified_time\" content=\"2018-11-24T20:50:53+00:00\" \/>\n\t\t<meta property=\"article:publisher\" content=\"https:\/\/www.facebook.com\/Nachofdezber\" \/>\n\t\t<meta property=\"article:author\" content=\"https:\/\/www.facebook.com\/carrenoactualidad\" \/>\n\t\t<meta name=\"twitter:card\" content=\"summary_large_image\" \/>\n\t\t<meta name=\"twitter:site\" content=\"@NabercoDigital\" \/>\n\t\t<meta name=\"twitter:title\" content=\"Ecclestone cree que a Vettel le falta el liderazgo de Schumacher | Cand\u00e1s 365\" \/>\n\t\t<meta name=\"twitter:description\" content=\"Abu Dabi, 24 nov (dpa) - El ex jefe de la F\u00f3rmula 1 Bernie Ecclestone cree que el alem\u00e1n Sebastian Vettel no cuenta con las cualidades de l\u00edder que s\u00ed ten\u00eda su compatriota Michael Schumacher. En una entrevista con el diario deportivo italiano &quot;La Gazzetta dello Sport&quot; publicada hoy, Ecclestone record\u00f3 que Schumacher, en su\" \/>\n\t\t<meta name=\"twitter:creator\" content=\"@nbasturias\" \/>\n\t\t<meta name=\"twitter:image\" content=\"https:\/\/candas365.es\/noticias\/wp-content\/uploads\/2018\/03\/formula-1-630147_1280.jpg\" \/>\n\t\t<meta name=\"twitter:label1\" content=\"Escrito por\" \/>\n\t\t<meta name=\"twitter:data1\" content=\"Cand\u00e1s 365\" \/>\n\t\t<meta name=\"twitter:label2\" content=\"Tiempo de lectura estimado\" \/>\n\t\t<meta name=\"twitter:data2\" content=\"1 minuto\" \/>\n\t\t<script type=\"application\/ld+json\" class=\"aioseo-schema\">\n\t\t\t{\"@context\":\"https:\\\/\\\/schema.org\",\"@graph\":[{\"@type\":\"BreadcrumbList\",\"@id\":\"https:\\\/\\\/candas365.es\\\/noticias\\\/ecclestone-cree-que-a-vettel-le-falta-el-liderazgo-de-schumacher\\\/#breadcrumblist\",\"itemListElement\":[{\"@type\":\"ListItem\",\"@id\":\"https:\\\/\\\/candas365.es\\\/noticias#listItem\",\"position\":1,\"name\":\"Home\",\"item\":\"https:\\\/\\\/candas365.es\\\/noticias\",\"nextItem\":{\"@type\":\"ListItem\",\"@id\":\"https:\\\/\\\/candas365.es\\\/noticias\\\/category\\\/deporte\\\/#listItem\",\"name\":\"Deporte\"}},{\"@type\":\"ListItem\",\"@id\":\"https:\\\/\\\/candas365.es\\\/noticias\\\/category\\\/deporte\\\/#listItem\",\"position\":2,\"name\":\"Deporte\",\"item\":\"https:\\\/\\\/candas365.es\\\/noticias\\\/category\\\/deporte\\\/\",\"nextItem\":{\"@type\":\"ListItem\",\"@id\":\"https:\\\/\\\/candas365.es\\\/noticias\\\/ecclestone-cree-que-a-vettel-le-falta-el-liderazgo-de-schumacher\\\/#listItem\",\"name\":\"Ecclestone cree que a Vettel le falta el liderazgo de Schumacher\"},\"previousItem\":{\"@type\":\"ListItem\",\"@id\":\"https:\\\/\\\/candas365.es\\\/noticias#listItem\",\"name\":\"Home\"}},{\"@type\":\"ListItem\",\"@id\":\"https:\\\/\\\/candas365.es\\\/noticias\\\/ecclestone-cree-que-a-vettel-le-falta-el-liderazgo-de-schumacher\\\/#listItem\",\"position\":3,\"name\":\"Ecclestone cree que a Vettel le falta el liderazgo de Schumacher\",\"previousItem\":{\"@type\":\"ListItem\",\"@id\":\"https:\\\/\\\/candas365.es\\\/noticias\\\/category\\\/deporte\\\/#listItem\",\"name\":\"Deporte\"}}]},{\"@type\":\"NewsArticle\",\"@id\":\"https:\\\/\\\/candas365.es\\\/noticias\\\/ecclestone-cree-que-a-vettel-le-falta-el-liderazgo-de-schumacher\\\/#newsarticle\",\"name\":\"Ecclestone cree que a Vettel le falta el liderazgo de Schumacher | Cand\\u00e1s 365\",\"headline\":\"Ecclestone cree que a Vettel le falta el liderazgo de Schumacher\",\"author\":{\"@id\":\"https:\\\/\\\/candas365.es\\\/noticias\\\/author\\\/admin\\\/#author\"},\"publisher\":{\"@id\":\"https:\\\/\\\/candas365.es\\\/noticias\\\/#organization\"},\"image\":{\"@type\":\"ImageObject\",\"url\":\"https:\\\/\\\/candas365.es\\\/noticias\\\/wp-content\\\/uploads\\\/2018\\\/03\\\/formula-1-630147_1280.jpg\",\"width\":1280,\"height\":851},\"datePublished\":\"2018-11-24T20:50:53+01:00\",\"dateModified\":\"2018-11-24T20:50:53+01:00\",\"inLanguage\":\"es-ES\",\"mainEntityOfPage\":{\"@id\":\"https:\\\/\\\/candas365.es\\\/noticias\\\/ecclestone-cree-que-a-vettel-le-falta-el-liderazgo-de-schumacher\\\/#webpage\"},\"isPartOf\":{\"@id\":\"https:\\\/\\\/candas365.es\\\/noticias\\\/ecclestone-cree-que-a-vettel-le-falta-el-liderazgo-de-schumacher\\\/#webpage\"},\"articleSection\":\"Deporte\",\"dateline\":\"Publicado el noviembre 24, 2018.\"},{\"@type\":\"Organization\",\"@id\":\"https:\\\/\\\/candas365.es\\\/noticias\\\/#organization\",\"name\":\"Cand\\u00e1s 365\",\"description\":\"Cand\\u00e1s 365 es un diario digital independiente, fundado en 2012, con base en Asturias. Informamos con rigor sobre actualidad, sociedad, cultura y ocio, con una mirada local y global.\",\"url\":\"https:\\\/\\\/candas365.es\\\/noticias\\\/\",\"email\":\"info@candas365.es\",\"telephone\":\"+34652131393\",\"foundingDate\":\"2012-06-10\",\"logo\":{\"@type\":\"ImageObject\",\"url\":\"https:\\\/\\\/candas365.es\\\/noticias\\\/wp-content\\\/uploads\\\/2024\\\/09\\\/Candas-365-Redes.jpg\",\"@id\":\"https:\\\/\\\/candas365.es\\\/noticias\\\/ecclestone-cree-que-a-vettel-le-falta-el-liderazgo-de-schumacher\\\/#organizationLogo\",\"width\":1152,\"height\":864,\"caption\":\"Cand\\u00e1s 365 Redes\"},\"image\":{\"@id\":\"https:\\\/\\\/candas365.es\\\/noticias\\\/ecclestone-cree-que-a-vettel-le-falta-el-liderazgo-de-schumacher\\\/#organizationLogo\"},\"sameAs\":[\"https:\\\/\\\/www.facebook.com\\\/Nachofdezber\",\"https:\\\/\\\/x.com\\\/NabercoDigital\",\"https:\\\/\\\/www.instagram.com\\\/nachofdezber\\\/\",\"https:\\\/\\\/www.youtube.com\\\/channel\\\/UCZP-2wLEB9Rv6erhFmqVnvg\"],\"address\":{\"@id\":\"https:\\\/\\\/candas365.es\\\/noticias\\\/#postaladdress\",\"@type\":\"PostalAddress\",\"streetAddress\":\"san antonio 4, san antonio 4\",\"postalCode\":\"33430\",\"addressLocality\":\"Cand\\u00e1s\",\"addressRegion\":\"Asturias\",\"addressCountry\":\"ES\"}},{\"@type\":\"Person\",\"@id\":\"https:\\\/\\\/candas365.es\\\/noticias\\\/author\\\/admin\\\/#author\",\"url\":\"https:\\\/\\\/candas365.es\\\/noticias\\\/author\\\/admin\\\/\",\"name\":\"Cand\\u00e1s 365\",\"image\":{\"@type\":\"ImageObject\",\"@id\":\"https:\\\/\\\/candas365.es\\\/noticias\\\/ecclestone-cree-que-a-vettel-le-falta-el-liderazgo-de-schumacher\\\/#authorImage\",\"url\":\"https:\\\/\\\/secure.gravatar.com\\\/avatar\\\/496a8e03d0c493ede1718b7934145dbdf8d89be1036b0eec9544e1094c9de390?s=96&d=mm&r=g\",\"width\":96,\"height\":96,\"caption\":\"Cand\\u00e1s 365\"},\"sameAs\":[\"https:\\\/\\\/www.facebook.com\\\/carrenoactualidad\",\"https:\\\/\\\/twitter.com\\\/nbasturias\",\"https:\\\/\\\/www.instagram.com\\\/nachofdezber\\\/\",\"https:\\\/\\\/www.youtube.com\\\/channel\\\/UCZP-2wLEB9Rv6erhFmqVnvg\"]},{\"@type\":\"WebPage\",\"@id\":\"https:\\\/\\\/candas365.es\\\/noticias\\\/ecclestone-cree-que-a-vettel-le-falta-el-liderazgo-de-schumacher\\\/#webpage\",\"url\":\"https:\\\/\\\/candas365.es\\\/noticias\\\/ecclestone-cree-que-a-vettel-le-falta-el-liderazgo-de-schumacher\\\/\",\"name\":\"Ecclestone cree que a Vettel le falta el liderazgo de Schumacher | Cand\\u00e1s 365\",\"description\":\"Abu Dabi, 24 nov (dpa) - El ex jefe de la F\\u00f3rmula 1 Bernie Ecclestone cree que el alem\\u00e1n Sebastian Vettel no cuenta con las cualidades de l\\u00edder que s\\u00ed ten\\u00eda su compatriota Michael Schumacher. En una entrevista con el diario deportivo italiano \\\"La Gazzetta dello Sport\\\" publicada hoy, Ecclestone record\\u00f3 que Schumacher, en su\",\"inLanguage\":\"es-ES\",\"isPartOf\":{\"@id\":\"https:\\\/\\\/candas365.es\\\/noticias\\\/#website\"},\"breadcrumb\":{\"@id\":\"https:\\\/\\\/candas365.es\\\/noticias\\\/ecclestone-cree-que-a-vettel-le-falta-el-liderazgo-de-schumacher\\\/#breadcrumblist\"},\"author\":{\"@id\":\"https:\\\/\\\/candas365.es\\\/noticias\\\/author\\\/admin\\\/#author\"},\"creator\":{\"@id\":\"https:\\\/\\\/candas365.es\\\/noticias\\\/author\\\/admin\\\/#author\"},\"image\":{\"@type\":\"ImageObject\",\"url\":\"https:\\\/\\\/candas365.es\\\/noticias\\\/wp-content\\\/uploads\\\/2018\\\/03\\\/formula-1-630147_1280.jpg\",\"@id\":\"https:\\\/\\\/candas365.es\\\/noticias\\\/ecclestone-cree-que-a-vettel-le-falta-el-liderazgo-de-schumacher\\\/#mainImage\",\"width\":1280,\"height\":851},\"primaryImageOfPage\":{\"@id\":\"https:\\\/\\\/candas365.es\\\/noticias\\\/ecclestone-cree-que-a-vettel-le-falta-el-liderazgo-de-schumacher\\\/#mainImage\"},\"datePublished\":\"2018-11-24T20:50:53+01:00\",\"dateModified\":\"2018-11-24T20:50:53+01:00\"},{\"@type\":\"WebSite\",\"@id\":\"https:\\\/\\\/candas365.es\\\/noticias\\\/#website\",\"url\":\"https:\\\/\\\/candas365.es\\\/noticias\\\/\",\"name\":\"Cand\\u00e1s 365\",\"alternateName\":\"Cand\\u00e1s 365 Noticias\",\"description\":\"Actualidad desde Carre\\u00f1o para el mundo\",\"inLanguage\":\"es-ES\",\"publisher\":{\"@id\":\"https:\\\/\\\/candas365.es\\\/noticias\\\/#organization\"}}]}\n\t\t<\/script>\n\t\t<!-- All in One SEO Pro -->\r\n\t\t<title>Ecclestone cree que a Vettel le falta el liderazgo de Schumacher | Cand\u00e1s 365<\/title>\n\n","aioseo_head_json":{"title":"Ecclestone cree que a Vettel le falta el liderazgo de Schumacher | Cand\u00e1s 365","description":"Abu Dabi, 24 nov (dpa) - El ex jefe de la F\u00f3rmula 1 Bernie Ecclestone cree que el alem\u00e1n Sebastian Vettel no cuenta con las cualidades de l\u00edder que s\u00ed ten\u00eda su compatriota Michael Schumacher. En una entrevista con el diario deportivo italiano \"La Gazzetta dello Sport\" publicada hoy, Ecclestone record\u00f3 que Schumacher, en su","canonical_url":"https:\/\/candas365.es\/noticias\/ecclestone-cree-que-a-vettel-le-falta-el-liderazgo-de-schumacher\/","robots":"max-image-preview:large","keywords":"deporte","webmasterTools":{"google-site-verification":"UA-32230408-1","msvalidate.01":"354F3CDFB2DA171B47FBE9ABF1F88D5","miscellaneous":""},"schema":{"@context":"https:\/\/schema.org","@graph":[{"@type":"BreadcrumbList","@id":"https:\/\/candas365.es\/noticias\/ecclestone-cree-que-a-vettel-le-falta-el-liderazgo-de-schumacher\/#breadcrumblist","itemListElement":[{"@type":"ListItem","@id":"https:\/\/candas365.es\/noticias#listItem","position":1,"name":"Home","item":"https:\/\/candas365.es\/noticias","nextItem":{"@type":"ListItem","@id":"https:\/\/candas365.es\/noticias\/category\/deporte\/#listItem","name":"Deporte"}},{"@type":"ListItem","@id":"https:\/\/candas365.es\/noticias\/category\/deporte\/#listItem","position":2,"name":"Deporte","item":"https:\/\/candas365.es\/noticias\/category\/deporte\/","nextItem":{"@type":"ListItem","@id":"https:\/\/candas365.es\/noticias\/ecclestone-cree-que-a-vettel-le-falta-el-liderazgo-de-schumacher\/#listItem","name":"Ecclestone cree que a Vettel le falta el liderazgo de Schumacher"},"previousItem":{"@type":"ListItem","@id":"https:\/\/candas365.es\/noticias#listItem","name":"Home"}},{"@type":"ListItem","@id":"https:\/\/candas365.es\/noticias\/ecclestone-cree-que-a-vettel-le-falta-el-liderazgo-de-schumacher\/#listItem","position":3,"name":"Ecclestone cree que a Vettel le falta el liderazgo de Schumacher","previousItem":{"@type":"ListItem","@id":"https:\/\/candas365.es\/noticias\/category\/deporte\/#listItem","name":"Deporte"}}]},{"@type":"NewsArticle","@id":"https:\/\/candas365.es\/noticias\/ecclestone-cree-que-a-vettel-le-falta-el-liderazgo-de-schumacher\/#newsarticle","name":"Ecclestone cree que a Vettel le falta el liderazgo de Schumacher | Cand\u00e1s 365","headline":"Ecclestone cree que a Vettel le falta el liderazgo de Schumacher","author":{"@id":"https:\/\/candas365.es\/noticias\/author\/admin\/#author"},"publisher":{"@id":"https:\/\/candas365.es\/noticias\/#organization"},"image":{"@type":"ImageObject","url":"https:\/\/candas365.es\/noticias\/wp-content\/uploads\/2018\/03\/formula-1-630147_1280.jpg","width":1280,"height":851},"datePublished":"2018-11-24T20:50:53+01:00","dateModified":"2018-11-24T20:50:53+01:00","inLanguage":"es-ES","mainEntityOfPage":{"@id":"https:\/\/candas365.es\/noticias\/ecclestone-cree-que-a-vettel-le-falta-el-liderazgo-de-schumacher\/#webpage"},"isPartOf":{"@id":"https:\/\/candas365.es\/noticias\/ecclestone-cree-que-a-vettel-le-falta-el-liderazgo-de-schumacher\/#webpage"},"articleSection":"Deporte","dateline":"Publicado el noviembre 24, 2018."},{"@type":"Organization","@id":"https:\/\/candas365.es\/noticias\/#organization","name":"Cand\u00e1s 365","description":"Cand\u00e1s 365 es un diario digital independiente, fundado en 2012, con base en Asturias. Informamos con rigor sobre actualidad, sociedad, cultura y ocio, con una mirada local y global.","url":"https:\/\/candas365.es\/noticias\/","email":"info@candas365.es","telephone":"+34652131393","foundingDate":"2012-06-10","logo":{"@type":"ImageObject","url":"https:\/\/candas365.es\/noticias\/wp-content\/uploads\/2024\/09\/Candas-365-Redes.jpg","@id":"https:\/\/candas365.es\/noticias\/ecclestone-cree-que-a-vettel-le-falta-el-liderazgo-de-schumacher\/#organizationLogo","width":1152,"height":864,"caption":"Cand\u00e1s 365 Redes"},"image":{"@id":"https:\/\/candas365.es\/noticias\/ecclestone-cree-que-a-vettel-le-falta-el-liderazgo-de-schumacher\/#organizationLogo"},"sameAs":["https:\/\/www.facebook.com\/Nachofdezber","https:\/\/x.com\/NabercoDigital","https:\/\/www.instagram.com\/nachofdezber\/","https:\/\/www.youtube.com\/channel\/UCZP-2wLEB9Rv6erhFmqVnvg"],"address":{"@id":"https:\/\/candas365.es\/noticias\/#postaladdress","@type":"PostalAddress","streetAddress":"san antonio 4, san antonio 4","postalCode":"33430","addressLocality":"Cand\u00e1s","addressRegion":"Asturias","addressCountry":"ES"}},{"@type":"Person","@id":"https:\/\/candas365.es\/noticias\/author\/admin\/#author","url":"https:\/\/candas365.es\/noticias\/author\/admin\/","name":"Cand\u00e1s 365","image":{"@type":"ImageObject","@id":"https:\/\/candas365.es\/noticias\/ecclestone-cree-que-a-vettel-le-falta-el-liderazgo-de-schumacher\/#authorImage","url":"https:\/\/secure.gravatar.com\/avatar\/496a8e03d0c493ede1718b7934145dbdf8d89be1036b0eec9544e1094c9de390?s=96&d=mm&r=g","width":96,"height":96,"caption":"Cand\u00e1s 365"},"sameAs":["https:\/\/www.facebook.com\/carrenoactualidad","https:\/\/twitter.com\/nbasturias","https:\/\/www.instagram.com\/nachofdezber\/","https:\/\/www.youtube.com\/channel\/UCZP-2wLEB9Rv6erhFmqVnvg"]},{"@type":"WebPage","@id":"https:\/\/candas365.es\/noticias\/ecclestone-cree-que-a-vettel-le-falta-el-liderazgo-de-schumacher\/#webpage","url":"https:\/\/candas365.es\/noticias\/ecclestone-cree-que-a-vettel-le-falta-el-liderazgo-de-schumacher\/","name":"Ecclestone cree que a Vettel le falta el liderazgo de Schumacher | Cand\u00e1s 365","description":"Abu Dabi, 24 nov (dpa) - El ex jefe de la F\u00f3rmula 1 Bernie Ecclestone cree que el alem\u00e1n Sebastian Vettel no cuenta con las cualidades de l\u00edder que s\u00ed ten\u00eda su compatriota Michael Schumacher. En una entrevista con el diario deportivo italiano \"La Gazzetta dello Sport\" publicada hoy, Ecclestone record\u00f3 que Schumacher, en su","inLanguage":"es-ES","isPartOf":{"@id":"https:\/\/candas365.es\/noticias\/#website"},"breadcrumb":{"@id":"https:\/\/candas365.es\/noticias\/ecclestone-cree-que-a-vettel-le-falta-el-liderazgo-de-schumacher\/#breadcrumblist"},"author":{"@id":"https:\/\/candas365.es\/noticias\/author\/admin\/#author"},"creator":{"@id":"https:\/\/candas365.es\/noticias\/author\/admin\/#author"},"image":{"@type":"ImageObject","url":"https:\/\/candas365.es\/noticias\/wp-content\/uploads\/2018\/03\/formula-1-630147_1280.jpg","@id":"https:\/\/candas365.es\/noticias\/ecclestone-cree-que-a-vettel-le-falta-el-liderazgo-de-schumacher\/#mainImage","width":1280,"height":851},"primaryImageOfPage":{"@id":"https:\/\/candas365.es\/noticias\/ecclestone-cree-que-a-vettel-le-falta-el-liderazgo-de-schumacher\/#mainImage"},"datePublished":"2018-11-24T20:50:53+01:00","dateModified":"2018-11-24T20:50:53+01:00"},{"@type":"WebSite","@id":"https:\/\/candas365.es\/noticias\/#website","url":"https:\/\/candas365.es\/noticias\/","name":"Cand\u00e1s 365","alternateName":"Cand\u00e1s 365 Noticias","description":"Actualidad desde Carre\u00f1o para el mundo","inLanguage":"es-ES","publisher":{"@id":"https:\/\/candas365.es\/noticias\/#organization"}}]},"og:locale":"es_ES","og:site_name":"Cand\u00e1s 365","og:type":"article","og:title":"Ecclestone cree que a Vettel le falta el liderazgo de Schumacher | Cand\u00e1s 365","og:description":"Abu Dabi, 24 nov (dpa) - El ex jefe de la F\u00f3rmula 1 Bernie Ecclestone cree que el alem\u00e1n Sebastian Vettel no cuenta con las cualidades de l\u00edder que s\u00ed ten\u00eda su compatriota Michael Schumacher. En una entrevista con el diario deportivo italiano &quot;La Gazzetta dello Sport&quot; publicada hoy, Ecclestone record\u00f3 que Schumacher, en su","og:url":"https:\/\/candas365.es\/noticias\/ecclestone-cree-que-a-vettel-le-falta-el-liderazgo-de-schumacher\/","og:image":"https:\/\/candas365.es\/noticias\/wp-content\/uploads\/2018\/03\/formula-1-630147_1280.jpg","og:image:secure_url":"https:\/\/candas365.es\/noticias\/wp-content\/uploads\/2018\/03\/formula-1-630147_1280.jpg","og:image:width":1280,"og:image:height":851,"article:published_time":"2018-11-24T20:50:53+00:00","article:modified_time":"2018-11-24T20:50:53+00:00","article:publisher":"https:\/\/www.facebook.com\/Nachofdezber","article:author":"https:\/\/www.facebook.com\/carrenoactualidad","twitter:card":"summary_large_image","twitter:site":"@NabercoDigital","twitter:title":"Ecclestone cree que a Vettel le falta el liderazgo de Schumacher | Cand\u00e1s 365","twitter:description":"Abu Dabi, 24 nov (dpa) - El ex jefe de la F\u00f3rmula 1 Bernie Ecclestone cree que el alem\u00e1n Sebastian Vettel no cuenta con las cualidades de l\u00edder que s\u00ed ten\u00eda su compatriota Michael Schumacher. En una entrevista con el diario deportivo italiano &quot;La Gazzetta dello Sport&quot; publicada hoy, Ecclestone record\u00f3 que Schumacher, en su","twitter:creator":"@nbasturias","twitter:image":"https:\/\/candas365.es\/noticias\/wp-content\/uploads\/2018\/03\/formula-1-630147_1280.jpg","twitter:label1":"Escrito por","twitter:data1":"Cand\u00e1s 365","twitter:label2":"Tiempo de lectura estimado","twitter:data2":"1 minuto"},"aioseo_meta_data":{"post_id":"110659","title":null,"description":null,"keywords":null,"keyphrases":null,"primary_term":null,"canonical_url":null,"og_title":null,"og_description":null,"og_object_type":"default","og_image_type":"default","og_image_url":null,"og_image_width":null,"og_image_height":null,"og_image_custom_url":null,"og_image_custom_fields":null,"og_video":null,"og_custom_url":null,"og_article_section":null,"og_article_tags":null,"twitter_use_og":false,"twitter_card":"default","twitter_image_type":"default","twitter_image_url":null,"twitter_image_custom_url":null,"twitter_image_custom_fields":null,"twitter_title":null,"twitter_description":null,"schema":{"blockGraphs":[],"customGraphs":[],"default":{"data":{"Article":[],"Course":[],"Dataset":[],"FAQPage":[],"Movie":[],"Person":[],"Product":[],"ProductReview":[],"Car":[],"Recipe":[],"Service":[],"SoftwareApplication":[],"WebPage":[]},"graphName":"","isEnabled":true},"graphs":[],"defaultGraph":"","defaultPostTypeGraph":""},"schema_type":null,"schema_type_options":null,"pillar_content":false,"robots_default":true,"robots_noindex":false,"robots_noarchive":false,"robots_nosnippet":false,"robots_nofollow":false,"robots_noimageindex":false,"robots_noodp":false,"robots_notranslate":false,"robots_max_snippet":null,"robots_max_videopreview":null,"robots_max_imagepreview":"large","priority":null,"frequency":null,"location":null,"local_seo":null,"seo_analyzer_scan_date":"2025-08-28 13:12:09","breadcrumb_settings":null,"limit_modified_date":false,"reviewed_by":null,"open_ai":null,"ai":null,"created":"2020-12-21 11:38:26","updated":"2025-08-28 13:12:09"},"aioseo_breadcrumb":"<div class=\"aioseo-breadcrumbs\"><span class=\"aioseo-breadcrumb\">\n\t<a href=\"https:\/\/candas365.es\/noticias\" title=\"Home\">Home<\/a>\n<\/span><span class=\"aioseo-breadcrumb-separator\">&ndash;<\/span><span class=\"aioseo-breadcrumb\">\n\t<a href=\"https:\/\/candas365.es\/noticias\/category\/deporte\/\" title=\"Deporte\">Deporte<\/a>\n<\/span><span class=\"aioseo-breadcrumb-separator\">&ndash;<\/span><span class=\"aioseo-breadcrumb\">\n\tEcclestone cree que a Vettel le falta el liderazgo de Schumacher\n<\/span><\/div>","aioseo_breadcrumb_json":[{"label":"Home","link":"https:\/\/candas365.es\/noticias"},{"label":"Deporte","link":"https:\/\/candas365.es\/noticias\/category\/deporte\/"},{"label":"Ecclestone cree que a Vettel le falta el liderazgo de Schumacher","link":"https:\/\/candas365.es\/noticias\/ecclestone-cree-que-a-vettel-le-falta-el-liderazgo-de-schumacher\/"}],"_links":{"self":[{"href":"https:\/\/candas365.es\/noticias\/wp-json\/wp\/v2\/posts\/110659","targetHints":{"allow":["GET"]}}],"collection":[{"href":"https:\/\/candas365.es\/noticias\/wp-json\/wp\/v2\/posts"}],"about":[{"href":"https:\/\/candas365.es\/noticias\/wp-json\/wp\/v2\/types\/post"}],"author":[{"embeddable":true,"href":"https:\/\/candas365.es\/noticias\/wp-json\/wp\/v2\/users\/1"}],"replies":[{"embeddable":true,"href":"https:\/\/candas365.es\/noticias\/wp-json\/wp\/v2\/comments?post=110659"}],"version-history":[{"count":0,"href":"https:\/\/candas365.es\/noticias\/wp-json\/wp\/v2\/posts\/110659\/revisions"}],"wp:featuredmedia":[{"embeddable":true,"href":"https:\/\/candas365.es\/noticias\/wp-json\/wp\/v2\/media\/91805"}],"wp:attachment":[{"href":"https:\/\/candas365.es\/noticias\/wp-json\/wp\/v2\/media?parent=110659"}],"wp:term":[{"taxonomy":"category","embeddable":true,"href":"https:\/\/candas365.es\/noticias\/wp-json\/wp\/v2\/categories?post=110659"},{"taxonomy":"post_tag","embeddable":true,"href":"https:\/\/candas365.es\/noticias\/wp-json\/wp\/v2\/tags?post=110659"}],"curies":[{"name":"wp","href":"https:\/\/api.w.org\/{rel}","templated":true}]}}