{"id":110655,"date":"2018-11-24T20:10:11","date_gmt":"2018-11-24T20:10:11","guid":{"rendered":"http:\/\/candas365.es\/noticias\/?p=110655"},"modified":"2018-11-24T20:10:11","modified_gmt":"2018-11-24T20:10:11","slug":"espana-logra-garantias-sobre-gibraltar-y-levanta-el-veto-al-brexit","status":"publish","type":"post","link":"https:\/\/candas365.es\/noticias\/espana-logra-garantias-sobre-gibraltar-y-levanta-el-veto-al-brexit\/","title":{"rendered":"Espa\u00f1a logra garant\u00edas sobre Gibraltar y levanta el veto al \u00abBrexit\u00bb"},"content":{"rendered":"<p><img fetchpriority=\"high\" decoding=\"async\" class=\"alignleft size-medium wp-image-96671\" src=\"https:\/\/candas365.es\/noticias\/wp-content\/uploads\/2018\/05\/spain-379535_960_720-360x270.jpg\" alt=\"\" width=\"360\" height=\"270\" srcset=\"https:\/\/candas365.es\/noticias\/wp-content\/uploads\/2018\/05\/spain-379535_960_720-360x270.jpg 360w, https:\/\/candas365.es\/noticias\/wp-content\/uploads\/2018\/05\/spain-379535_960_720-768x576.jpg 768w, https:\/\/candas365.es\/noticias\/wp-content\/uploads\/2018\/05\/spain-379535_960_720-640x480.jpg 640w, https:\/\/candas365.es\/noticias\/wp-content\/uploads\/2018\/05\/spain-379535_960_720-80x60.jpg 80w, https:\/\/candas365.es\/noticias\/wp-content\/uploads\/2018\/05\/spain-379535_960_720-265x198.jpg 265w, https:\/\/candas365.es\/noticias\/wp-content\/uploads\/2018\/05\/spain-379535_960_720-696x522.jpg 696w, https:\/\/candas365.es\/noticias\/wp-content\/uploads\/2018\/05\/spain-379535_960_720-560x420.jpg 560w, https:\/\/candas365.es\/noticias\/wp-content\/uploads\/2018\/05\/spain-379535_960_720.jpg 960w\" sizes=\"(max-width: 360px) 100vw, 360px\" \/>Madrid\/Londres\/Bruselas, 24 nov (dpa) &#8211; El Gobierno espa\u00f1ol consigui\u00f3 hoy garant\u00edas de la Uni\u00f3n Europea (UE) y el Reino Unido sobre la cuesti\u00f3n de Gibraltar y levantar\u00e1 el veto a los acuerdos sobre el \u00abBrexit\u00bb, que se ratificar\u00e1n el domingo en una cumbre extraordinaria en Bruselas.<\/p>\n<p>El presidente del Gobierno Pedro S\u00e1nchez reclamaba que los acuerdos que firmen Reino Unido y la UE sobre el \u00abBrexit\u00bb (la salida del pa\u00eds del bloque) no se apliquen a Gibraltar, salvo que Espa\u00f1a d\u00e9 su visto bueno. Por el contrario, la premier brit\u00e1nica, Theresa May, quer\u00eda incluir al pe\u00f1\u00f3n en la negociaci\u00f3n.<\/p>\n<p>Finalmente se logr\u00f3 una declaraci\u00f3n conjunta del Consejo Europeo y la Comisi\u00f3n Europea que reconoce las exigencias de Espa\u00f1a, se\u00f1al\u00f3 hoy S\u00e1nchez.<\/p>\n<p>Seg\u00fan fuentes diplom\u00e1ticas en Bruselas, Madrid recibi\u00f3 el compromiso de que en el futuro tendr\u00e1 el derecho a evaluar y aprobar los acuerdos relacionados con Gibraltar.<\/p>\n<p>Tambi\u00e9n el Gobierno brit\u00e1nico reconoci\u00f3 por escrito esa interpretaci\u00f3n de los acuerdos del \u00abBrexit\u00bb en lo que se refiere a la situaci\u00f3n del pe\u00f1\u00f3n. Seg\u00fan S\u00e1nchez, Espa\u00f1a ha logrado \u00abun triple blindaje hist\u00f3rico\u00bb.<\/p>\n<p>El pe\u00f1\u00f3n de Gibraltar, de apenas 6,7 kil\u00f3metros cuadrados situado en el sur de la pen\u00ednsula Ib\u00e9rica, est\u00e1 bajo soberan\u00eda brit\u00e1nica desde 1713, pero Espa\u00f1a lo reclama como propio. Madrid tem\u00eda que el acuerdo sobre el \u00abBrexit\u00bb terminase fijando el estatus de Gibraltar seg\u00fan la visi\u00f3n brit\u00e1nica y sin intervenci\u00f3n espa\u00f1ola.<\/p>\n<p>Espa\u00f1a introdujo por eso el a\u00f1o pasado una suerte de poder de veto en la UE para cualquier decisi\u00f3n que afecte a Gibraltar, pero consideraba que un art\u00edculo del acuerdo sobre el \u00abBrexit\u00bb no deja suficientemente claro que el tema del pe\u00f1\u00f3n debe ser negociado de forma bilateral entre Madrid y Londres.<\/p>\n<p>Seg\u00fan los diplom\u00e1ticos, la cuesti\u00f3n de Gibraltar era el \u00faltimo gran escollo antes de que los jefes de Estado y de Gobierno de la UE ratifiquen el acuerdo de salida del Reino Unido y una declaraci\u00f3n pol\u00edtica sobre la futura asociaci\u00f3n econ\u00f3mica y de seguridad entre ambas partes despu\u00e9s del \u00abBrexit\u00bb.<\/p>\n<p>Los 27 pa\u00edses que quedar\u00e1n en la UE tras el \u00abBrexit\u00bb ya mostraron a principios de semana su apoyo a los acuerdos de salida de Londres. El jueves los embajadores de estas naciones se\u00f1alizaron su apoyo a la declaraci\u00f3n pol\u00edtica, seg\u00fan fuentes diplom\u00e1ticas. El viernes se llev\u00f3 a cabo otra ronda con representantes de los Gobiernos.<\/p>\n<p>Aunque los principales problemas parecen solventados, May mantendr\u00e1 esta tarde en Bruselas una \u00faltima ronda negociadora con el presidente de la Comisi\u00f3n Europea, Jean-Claude Juncker. Los temas que se abordar\u00e1n en ese encuentro est\u00e1n abiertos.<\/p>\n<p>En la cumbre del s\u00e1bado los 27 pa\u00edses restantes de la UE ya no negociar\u00e1n, sino que se limitar\u00e1n a dar su aprobaci\u00f3n oficial y final a los acuerdos. La reuni\u00f3n se celebrar\u00e1 por la ma\u00f1ana y para las 10:00 GMT hay pervista una rueda de prensa de Juncker y del presidente del Consejo Europeo, Donald Tusk.<\/p>\n<p>Este \u00faltimo envi\u00f3 hoy la carta de invitaci\u00f3n a la cumbre a los pa\u00edses de la UE. \u00abDurante estas negociaciones nadie quer\u00eda vencer a nadie. Todos busc\u00e1bamos un acuerdo bueno y justo. Y creo que finalmente logramos el mejor compromiso posible\u00bb, escribi\u00f3.<\/p>\n<p>\u00abAunque nadie tiene motivos para estar feliz ese d\u00eda, hay algo que quiero destacar: en estos momentos cr\u00edticos, la UE de 27 ha superado la prueba de la unidad y la solidaridad\u00bb, a\u00f1adi\u00f3.<\/p>\n<p>Est\u00e1 previsto que el Reino Unido abandone la UE el 29 de marzo de 2019. Pero antes, May debe conseguir que los acuerdos del \u00abBrexit\u00bb sean aprobados por el Parlamento brit\u00e1nico, algo que no parece f\u00e1cil de conseguir.<\/p>\n","protected":false},"excerpt":{"rendered":"<p>Madrid\/Londres\/Bruselas, 24 nov (dpa) &#8211; El Gobierno espa\u00f1ol consigui\u00f3 hoy garant\u00edas de la Uni\u00f3n Europea (UE) y el Reino Unido sobre la cuesti\u00f3n de Gibraltar y levantar\u00e1 el veto a los acuerdos sobre el \u00abBrexit\u00bb, que se ratificar\u00e1n el domingo en una cumbre extraordinaria en Bruselas. El presidente del Gobierno Pedro S\u00e1nchez reclamaba que los<\/p>\n","protected":false},"author":1,"featured_media":96671,"comment_status":"closed","ping_status":"closed","sticky":false,"template":"","format":"standard","meta":{"footnotes":""},"categories":[343],"tags":[],"class_list":{"0":"post-110655","1":"post","2":"type-post","3":"status-publish","4":"format-standard","5":"has-post-thumbnail","7":"category-actualidad"},"aioseo_notices":[],"aioseo_head":"\n\t\t<!-- All in One SEO Pro 4.9.6.2 - aioseo.com -->\n\t<meta name=\"description\" content=\"Madrid\/Londres\/Bruselas, 24 nov (dpa) - El Gobierno espa\u00f1ol consigui\u00f3 hoy garant\u00edas de la Uni\u00f3n Europea (UE) y el Reino Unido sobre la cuesti\u00f3n de Gibraltar y levantar\u00e1 el veto a los acuerdos sobre el &quot;Brexit&quot;, que se ratificar\u00e1n el domingo en una cumbre extraordinaria en Bruselas. El presidente del Gobierno Pedro S\u00e1nchez reclamaba que los\" \/>\n\t<meta name=\"robots\" content=\"max-image-preview:large\" \/>\n\t<meta name=\"author\" content=\"Cand\u00e1s 365\"\/>\n\t<meta name=\"google-site-verification\" content=\"UA-32230408-1\" \/>\n\t<meta name=\"msvalidate.01\" content=\"354F3CDFB2DA171B47FBE9ABF1F88D5\" \/>\n\t<meta name=\"keywords\" content=\"actualidad\" \/>\n\t<link rel=\"canonical\" href=\"https:\/\/candas365.es\/noticias\/espana-logra-garantias-sobre-gibraltar-y-levanta-el-veto-al-brexit\/\" \/>\n\t<meta name=\"generator\" content=\"All in One SEO Pro (AIOSEO) 4.9.6.2\" \/>\n\t\t<meta property=\"og:locale\" content=\"es_ES\" \/>\n\t\t<meta property=\"og:site_name\" content=\"Cand\u00e1s 365\" \/>\n\t\t<meta property=\"og:type\" content=\"article\" \/>\n\t\t<meta property=\"og:title\" content=\"Espa\u00f1a logra garant\u00edas sobre Gibraltar y levanta el veto al \u00abBrexit\u00bb | Cand\u00e1s 365\" \/>\n\t\t<meta property=\"og:description\" content=\"Madrid\/Londres\/Bruselas, 24 nov (dpa) - El Gobierno espa\u00f1ol consigui\u00f3 hoy garant\u00edas de la Uni\u00f3n Europea (UE) y el Reino Unido sobre la cuesti\u00f3n de Gibraltar y levantar\u00e1 el veto a los acuerdos sobre el &quot;Brexit&quot;, que se ratificar\u00e1n el domingo en una cumbre extraordinaria en Bruselas. El presidente del Gobierno Pedro S\u00e1nchez reclamaba que los\" \/>\n\t\t<meta property=\"og:url\" content=\"https:\/\/candas365.es\/noticias\/espana-logra-garantias-sobre-gibraltar-y-levanta-el-veto-al-brexit\/\" \/>\n\t\t<meta property=\"og:image\" content=\"https:\/\/candas365.es\/noticias\/wp-content\/uploads\/2018\/05\/spain-379535_960_720.jpg\" \/>\n\t\t<meta property=\"og:image:secure_url\" content=\"https:\/\/candas365.es\/noticias\/wp-content\/uploads\/2018\/05\/spain-379535_960_720.jpg\" \/>\n\t\t<meta property=\"og:image:width\" content=\"960\" \/>\n\t\t<meta property=\"og:image:height\" content=\"720\" \/>\n\t\t<meta property=\"article:published_time\" content=\"2018-11-24T20:10:11+00:00\" \/>\n\t\t<meta property=\"article:modified_time\" content=\"2018-11-24T20:10:11+00:00\" \/>\n\t\t<meta property=\"article:publisher\" content=\"https:\/\/www.facebook.com\/Nachofdezber\" \/>\n\t\t<meta property=\"article:author\" content=\"https:\/\/www.facebook.com\/carrenoactualidad\" \/>\n\t\t<meta name=\"twitter:card\" content=\"summary_large_image\" \/>\n\t\t<meta name=\"twitter:site\" content=\"@NabercoDigital\" \/>\n\t\t<meta name=\"twitter:title\" content=\"Espa\u00f1a logra garant\u00edas sobre Gibraltar y levanta el veto al \u00abBrexit\u00bb | Cand\u00e1s 365\" \/>\n\t\t<meta name=\"twitter:description\" content=\"Madrid\/Londres\/Bruselas, 24 nov (dpa) - El Gobierno espa\u00f1ol consigui\u00f3 hoy garant\u00edas de la Uni\u00f3n Europea (UE) y el Reino Unido sobre la cuesti\u00f3n de Gibraltar y levantar\u00e1 el veto a los acuerdos sobre el &quot;Brexit&quot;, que se ratificar\u00e1n el domingo en una cumbre extraordinaria en Bruselas. El presidente del Gobierno Pedro S\u00e1nchez reclamaba que los\" \/>\n\t\t<meta name=\"twitter:creator\" content=\"@nbasturias\" \/>\n\t\t<meta name=\"twitter:image\" content=\"https:\/\/candas365.es\/noticias\/wp-content\/uploads\/2018\/05\/spain-379535_960_720.jpg\" \/>\n\t\t<meta name=\"twitter:label1\" content=\"Escrito por\" \/>\n\t\t<meta name=\"twitter:data1\" content=\"Cand\u00e1s 365\" \/>\n\t\t<meta name=\"twitter:label2\" content=\"Tiempo de lectura estimado\" \/>\n\t\t<meta name=\"twitter:data2\" content=\"3 minutos\" \/>\n\t\t<script type=\"application\/ld+json\" class=\"aioseo-schema\">\n\t\t\t{\"@context\":\"https:\\\/\\\/schema.org\",\"@graph\":[{\"@type\":\"BreadcrumbList\",\"@id\":\"https:\\\/\\\/candas365.es\\\/noticias\\\/espana-logra-garantias-sobre-gibraltar-y-levanta-el-veto-al-brexit\\\/#breadcrumblist\",\"itemListElement\":[{\"@type\":\"ListItem\",\"@id\":\"https:\\\/\\\/candas365.es\\\/noticias#listItem\",\"position\":1,\"name\":\"Home\",\"item\":\"https:\\\/\\\/candas365.es\\\/noticias\",\"nextItem\":{\"@type\":\"ListItem\",\"@id\":\"https:\\\/\\\/candas365.es\\\/noticias\\\/category\\\/actualidad\\\/#listItem\",\"name\":\"Actualidad\"}},{\"@type\":\"ListItem\",\"@id\":\"https:\\\/\\\/candas365.es\\\/noticias\\\/category\\\/actualidad\\\/#listItem\",\"position\":2,\"name\":\"Actualidad\",\"item\":\"https:\\\/\\\/candas365.es\\\/noticias\\\/category\\\/actualidad\\\/\",\"nextItem\":{\"@type\":\"ListItem\",\"@id\":\"https:\\\/\\\/candas365.es\\\/noticias\\\/espana-logra-garantias-sobre-gibraltar-y-levanta-el-veto-al-brexit\\\/#listItem\",\"name\":\"Espa\\u00f1a logra garant\\u00edas sobre Gibraltar y levanta el veto al \\u00abBrexit\\u00bb\"},\"previousItem\":{\"@type\":\"ListItem\",\"@id\":\"https:\\\/\\\/candas365.es\\\/noticias#listItem\",\"name\":\"Home\"}},{\"@type\":\"ListItem\",\"@id\":\"https:\\\/\\\/candas365.es\\\/noticias\\\/espana-logra-garantias-sobre-gibraltar-y-levanta-el-veto-al-brexit\\\/#listItem\",\"position\":3,\"name\":\"Espa\\u00f1a logra garant\\u00edas sobre Gibraltar y levanta el veto al \\u00abBrexit\\u00bb\",\"previousItem\":{\"@type\":\"ListItem\",\"@id\":\"https:\\\/\\\/candas365.es\\\/noticias\\\/category\\\/actualidad\\\/#listItem\",\"name\":\"Actualidad\"}}]},{\"@type\":\"NewsArticle\",\"@id\":\"https:\\\/\\\/candas365.es\\\/noticias\\\/espana-logra-garantias-sobre-gibraltar-y-levanta-el-veto-al-brexit\\\/#newsarticle\",\"name\":\"Espa\\u00f1a logra garant\\u00edas sobre Gibraltar y levanta el veto al \\u00abBrexit\\u00bb | Cand\\u00e1s 365\",\"headline\":\"Espa\\u00f1a logra garant\\u00edas sobre Gibraltar y levanta el veto al \\u00abBrexit\\u00bb\",\"author\":{\"@id\":\"https:\\\/\\\/candas365.es\\\/noticias\\\/author\\\/admin\\\/#author\"},\"publisher\":{\"@id\":\"https:\\\/\\\/candas365.es\\\/noticias\\\/#organization\"},\"image\":{\"@type\":\"ImageObject\",\"url\":\"https:\\\/\\\/candas365.es\\\/noticias\\\/wp-content\\\/uploads\\\/2018\\\/05\\\/spain-379535_960_720.jpg\",\"width\":960,\"height\":720},\"datePublished\":\"2018-11-24T20:10:11+01:00\",\"dateModified\":\"2018-11-24T20:10:11+01:00\",\"inLanguage\":\"es-ES\",\"mainEntityOfPage\":{\"@id\":\"https:\\\/\\\/candas365.es\\\/noticias\\\/espana-logra-garantias-sobre-gibraltar-y-levanta-el-veto-al-brexit\\\/#webpage\"},\"isPartOf\":{\"@id\":\"https:\\\/\\\/candas365.es\\\/noticias\\\/espana-logra-garantias-sobre-gibraltar-y-levanta-el-veto-al-brexit\\\/#webpage\"},\"articleSection\":\"Actualidad\",\"dateline\":\"Publicado el noviembre 24, 2018.\"},{\"@type\":\"Organization\",\"@id\":\"https:\\\/\\\/candas365.es\\\/noticias\\\/#organization\",\"name\":\"Cand\\u00e1s 365\",\"description\":\"Cand\\u00e1s 365 es un diario digital independiente, fundado en 2012, con base en Asturias. Informamos con rigor sobre actualidad, sociedad, cultura y ocio, con una mirada local y global.\",\"url\":\"https:\\\/\\\/candas365.es\\\/noticias\\\/\",\"email\":\"info@candas365.es\",\"telephone\":\"+34652131393\",\"foundingDate\":\"2012-06-10\",\"logo\":{\"@type\":\"ImageObject\",\"url\":\"https:\\\/\\\/candas365.es\\\/noticias\\\/wp-content\\\/uploads\\\/2024\\\/09\\\/Candas-365-Redes.jpg\",\"@id\":\"https:\\\/\\\/candas365.es\\\/noticias\\\/espana-logra-garantias-sobre-gibraltar-y-levanta-el-veto-al-brexit\\\/#organizationLogo\",\"width\":1152,\"height\":864,\"caption\":\"Cand\\u00e1s 365 Redes\"},\"image\":{\"@id\":\"https:\\\/\\\/candas365.es\\\/noticias\\\/espana-logra-garantias-sobre-gibraltar-y-levanta-el-veto-al-brexit\\\/#organizationLogo\"},\"sameAs\":[\"https:\\\/\\\/www.facebook.com\\\/Nachofdezber\",\"https:\\\/\\\/x.com\\\/NabercoDigital\",\"https:\\\/\\\/www.instagram.com\\\/nachofdezber\\\/\",\"https:\\\/\\\/www.youtube.com\\\/channel\\\/UCZP-2wLEB9Rv6erhFmqVnvg\"],\"address\":{\"@id\":\"https:\\\/\\\/candas365.es\\\/noticias\\\/#postaladdress\",\"@type\":\"PostalAddress\",\"streetAddress\":\"san antonio 4, san antonio 4\",\"postalCode\":\"33430\",\"addressLocality\":\"Cand\\u00e1s\",\"addressRegion\":\"Asturias\",\"addressCountry\":\"ES\"}},{\"@type\":\"Person\",\"@id\":\"https:\\\/\\\/candas365.es\\\/noticias\\\/author\\\/admin\\\/#author\",\"url\":\"https:\\\/\\\/candas365.es\\\/noticias\\\/author\\\/admin\\\/\",\"name\":\"Cand\\u00e1s 365\",\"image\":{\"@type\":\"ImageObject\",\"@id\":\"https:\\\/\\\/candas365.es\\\/noticias\\\/espana-logra-garantias-sobre-gibraltar-y-levanta-el-veto-al-brexit\\\/#authorImage\",\"url\":\"https:\\\/\\\/secure.gravatar.com\\\/avatar\\\/496a8e03d0c493ede1718b7934145dbdf8d89be1036b0eec9544e1094c9de390?s=96&d=mm&r=g\",\"width\":96,\"height\":96,\"caption\":\"Cand\\u00e1s 365\"},\"sameAs\":[\"https:\\\/\\\/www.facebook.com\\\/carrenoactualidad\",\"https:\\\/\\\/twitter.com\\\/nbasturias\",\"https:\\\/\\\/www.instagram.com\\\/nachofdezber\\\/\",\"https:\\\/\\\/www.youtube.com\\\/channel\\\/UCZP-2wLEB9Rv6erhFmqVnvg\"]},{\"@type\":\"WebPage\",\"@id\":\"https:\\\/\\\/candas365.es\\\/noticias\\\/espana-logra-garantias-sobre-gibraltar-y-levanta-el-veto-al-brexit\\\/#webpage\",\"url\":\"https:\\\/\\\/candas365.es\\\/noticias\\\/espana-logra-garantias-sobre-gibraltar-y-levanta-el-veto-al-brexit\\\/\",\"name\":\"Espa\\u00f1a logra garant\\u00edas sobre Gibraltar y levanta el veto al \\u00abBrexit\\u00bb | Cand\\u00e1s 365\",\"description\":\"Madrid\\\/Londres\\\/Bruselas, 24 nov (dpa) - El Gobierno espa\\u00f1ol consigui\\u00f3 hoy garant\\u00edas de la Uni\\u00f3n Europea (UE) y el Reino Unido sobre la cuesti\\u00f3n de Gibraltar y levantar\\u00e1 el veto a los acuerdos sobre el \\\"Brexit\\\", que se ratificar\\u00e1n el domingo en una cumbre extraordinaria en Bruselas. El presidente del Gobierno Pedro S\\u00e1nchez reclamaba que los\",\"inLanguage\":\"es-ES\",\"isPartOf\":{\"@id\":\"https:\\\/\\\/candas365.es\\\/noticias\\\/#website\"},\"breadcrumb\":{\"@id\":\"https:\\\/\\\/candas365.es\\\/noticias\\\/espana-logra-garantias-sobre-gibraltar-y-levanta-el-veto-al-brexit\\\/#breadcrumblist\"},\"author\":{\"@id\":\"https:\\\/\\\/candas365.es\\\/noticias\\\/author\\\/admin\\\/#author\"},\"creator\":{\"@id\":\"https:\\\/\\\/candas365.es\\\/noticias\\\/author\\\/admin\\\/#author\"},\"image\":{\"@type\":\"ImageObject\",\"url\":\"https:\\\/\\\/candas365.es\\\/noticias\\\/wp-content\\\/uploads\\\/2018\\\/05\\\/spain-379535_960_720.jpg\",\"@id\":\"https:\\\/\\\/candas365.es\\\/noticias\\\/espana-logra-garantias-sobre-gibraltar-y-levanta-el-veto-al-brexit\\\/#mainImage\",\"width\":960,\"height\":720},\"primaryImageOfPage\":{\"@id\":\"https:\\\/\\\/candas365.es\\\/noticias\\\/espana-logra-garantias-sobre-gibraltar-y-levanta-el-veto-al-brexit\\\/#mainImage\"},\"datePublished\":\"2018-11-24T20:10:11+01:00\",\"dateModified\":\"2018-11-24T20:10:11+01:00\"},{\"@type\":\"WebSite\",\"@id\":\"https:\\\/\\\/candas365.es\\\/noticias\\\/#website\",\"url\":\"https:\\\/\\\/candas365.es\\\/noticias\\\/\",\"name\":\"Cand\\u00e1s 365\",\"alternateName\":\"Cand\\u00e1s 365 Noticias\",\"description\":\"Actualidad desde Carre\\u00f1o para el mundo\",\"inLanguage\":\"es-ES\",\"publisher\":{\"@id\":\"https:\\\/\\\/candas365.es\\\/noticias\\\/#organization\"}}]}\n\t\t<\/script>\n\t\t<!-- All in One SEO Pro -->\r\n\t\t<title>Espa\u00f1a logra garant\u00edas sobre Gibraltar y levanta el veto al \u00abBrexit\u00bb | Cand\u00e1s 365<\/title>\n\n","aioseo_head_json":{"title":"Espa\u00f1a logra garant\u00edas sobre Gibraltar y levanta el veto al \u00abBrexit\u00bb | Cand\u00e1s 365","description":"Madrid\/Londres\/Bruselas, 24 nov (dpa) - El Gobierno espa\u00f1ol consigui\u00f3 hoy garant\u00edas de la Uni\u00f3n Europea (UE) y el Reino Unido sobre la cuesti\u00f3n de Gibraltar y levantar\u00e1 el veto a los acuerdos sobre el \"Brexit\", que se ratificar\u00e1n el domingo en una cumbre extraordinaria en Bruselas. El presidente del Gobierno Pedro S\u00e1nchez reclamaba que los","canonical_url":"https:\/\/candas365.es\/noticias\/espana-logra-garantias-sobre-gibraltar-y-levanta-el-veto-al-brexit\/","robots":"max-image-preview:large","keywords":"actualidad","webmasterTools":{"google-site-verification":"UA-32230408-1","msvalidate.01":"354F3CDFB2DA171B47FBE9ABF1F88D5","miscellaneous":""},"schema":{"@context":"https:\/\/schema.org","@graph":[{"@type":"BreadcrumbList","@id":"https:\/\/candas365.es\/noticias\/espana-logra-garantias-sobre-gibraltar-y-levanta-el-veto-al-brexit\/#breadcrumblist","itemListElement":[{"@type":"ListItem","@id":"https:\/\/candas365.es\/noticias#listItem","position":1,"name":"Home","item":"https:\/\/candas365.es\/noticias","nextItem":{"@type":"ListItem","@id":"https:\/\/candas365.es\/noticias\/category\/actualidad\/#listItem","name":"Actualidad"}},{"@type":"ListItem","@id":"https:\/\/candas365.es\/noticias\/category\/actualidad\/#listItem","position":2,"name":"Actualidad","item":"https:\/\/candas365.es\/noticias\/category\/actualidad\/","nextItem":{"@type":"ListItem","@id":"https:\/\/candas365.es\/noticias\/espana-logra-garantias-sobre-gibraltar-y-levanta-el-veto-al-brexit\/#listItem","name":"Espa\u00f1a logra garant\u00edas sobre Gibraltar y levanta el veto al \u00abBrexit\u00bb"},"previousItem":{"@type":"ListItem","@id":"https:\/\/candas365.es\/noticias#listItem","name":"Home"}},{"@type":"ListItem","@id":"https:\/\/candas365.es\/noticias\/espana-logra-garantias-sobre-gibraltar-y-levanta-el-veto-al-brexit\/#listItem","position":3,"name":"Espa\u00f1a logra garant\u00edas sobre Gibraltar y levanta el veto al \u00abBrexit\u00bb","previousItem":{"@type":"ListItem","@id":"https:\/\/candas365.es\/noticias\/category\/actualidad\/#listItem","name":"Actualidad"}}]},{"@type":"NewsArticle","@id":"https:\/\/candas365.es\/noticias\/espana-logra-garantias-sobre-gibraltar-y-levanta-el-veto-al-brexit\/#newsarticle","name":"Espa\u00f1a logra garant\u00edas sobre Gibraltar y levanta el veto al \u00abBrexit\u00bb | Cand\u00e1s 365","headline":"Espa\u00f1a logra garant\u00edas sobre Gibraltar y levanta el veto al \u00abBrexit\u00bb","author":{"@id":"https:\/\/candas365.es\/noticias\/author\/admin\/#author"},"publisher":{"@id":"https:\/\/candas365.es\/noticias\/#organization"},"image":{"@type":"ImageObject","url":"https:\/\/candas365.es\/noticias\/wp-content\/uploads\/2018\/05\/spain-379535_960_720.jpg","width":960,"height":720},"datePublished":"2018-11-24T20:10:11+01:00","dateModified":"2018-11-24T20:10:11+01:00","inLanguage":"es-ES","mainEntityOfPage":{"@id":"https:\/\/candas365.es\/noticias\/espana-logra-garantias-sobre-gibraltar-y-levanta-el-veto-al-brexit\/#webpage"},"isPartOf":{"@id":"https:\/\/candas365.es\/noticias\/espana-logra-garantias-sobre-gibraltar-y-levanta-el-veto-al-brexit\/#webpage"},"articleSection":"Actualidad","dateline":"Publicado el noviembre 24, 2018."},{"@type":"Organization","@id":"https:\/\/candas365.es\/noticias\/#organization","name":"Cand\u00e1s 365","description":"Cand\u00e1s 365 es un diario digital independiente, fundado en 2012, con base en Asturias. Informamos con rigor sobre actualidad, sociedad, cultura y ocio, con una mirada local y global.","url":"https:\/\/candas365.es\/noticias\/","email":"info@candas365.es","telephone":"+34652131393","foundingDate":"2012-06-10","logo":{"@type":"ImageObject","url":"https:\/\/candas365.es\/noticias\/wp-content\/uploads\/2024\/09\/Candas-365-Redes.jpg","@id":"https:\/\/candas365.es\/noticias\/espana-logra-garantias-sobre-gibraltar-y-levanta-el-veto-al-brexit\/#organizationLogo","width":1152,"height":864,"caption":"Cand\u00e1s 365 Redes"},"image":{"@id":"https:\/\/candas365.es\/noticias\/espana-logra-garantias-sobre-gibraltar-y-levanta-el-veto-al-brexit\/#organizationLogo"},"sameAs":["https:\/\/www.facebook.com\/Nachofdezber","https:\/\/x.com\/NabercoDigital","https:\/\/www.instagram.com\/nachofdezber\/","https:\/\/www.youtube.com\/channel\/UCZP-2wLEB9Rv6erhFmqVnvg"],"address":{"@id":"https:\/\/candas365.es\/noticias\/#postaladdress","@type":"PostalAddress","streetAddress":"san antonio 4, san antonio 4","postalCode":"33430","addressLocality":"Cand\u00e1s","addressRegion":"Asturias","addressCountry":"ES"}},{"@type":"Person","@id":"https:\/\/candas365.es\/noticias\/author\/admin\/#author","url":"https:\/\/candas365.es\/noticias\/author\/admin\/","name":"Cand\u00e1s 365","image":{"@type":"ImageObject","@id":"https:\/\/candas365.es\/noticias\/espana-logra-garantias-sobre-gibraltar-y-levanta-el-veto-al-brexit\/#authorImage","url":"https:\/\/secure.gravatar.com\/avatar\/496a8e03d0c493ede1718b7934145dbdf8d89be1036b0eec9544e1094c9de390?s=96&d=mm&r=g","width":96,"height":96,"caption":"Cand\u00e1s 365"},"sameAs":["https:\/\/www.facebook.com\/carrenoactualidad","https:\/\/twitter.com\/nbasturias","https:\/\/www.instagram.com\/nachofdezber\/","https:\/\/www.youtube.com\/channel\/UCZP-2wLEB9Rv6erhFmqVnvg"]},{"@type":"WebPage","@id":"https:\/\/candas365.es\/noticias\/espana-logra-garantias-sobre-gibraltar-y-levanta-el-veto-al-brexit\/#webpage","url":"https:\/\/candas365.es\/noticias\/espana-logra-garantias-sobre-gibraltar-y-levanta-el-veto-al-brexit\/","name":"Espa\u00f1a logra garant\u00edas sobre Gibraltar y levanta el veto al \u00abBrexit\u00bb | Cand\u00e1s 365","description":"Madrid\/Londres\/Bruselas, 24 nov (dpa) - El Gobierno espa\u00f1ol consigui\u00f3 hoy garant\u00edas de la Uni\u00f3n Europea (UE) y el Reino Unido sobre la cuesti\u00f3n de Gibraltar y levantar\u00e1 el veto a los acuerdos sobre el \"Brexit\", que se ratificar\u00e1n el domingo en una cumbre extraordinaria en Bruselas. El presidente del Gobierno Pedro S\u00e1nchez reclamaba que los","inLanguage":"es-ES","isPartOf":{"@id":"https:\/\/candas365.es\/noticias\/#website"},"breadcrumb":{"@id":"https:\/\/candas365.es\/noticias\/espana-logra-garantias-sobre-gibraltar-y-levanta-el-veto-al-brexit\/#breadcrumblist"},"author":{"@id":"https:\/\/candas365.es\/noticias\/author\/admin\/#author"},"creator":{"@id":"https:\/\/candas365.es\/noticias\/author\/admin\/#author"},"image":{"@type":"ImageObject","url":"https:\/\/candas365.es\/noticias\/wp-content\/uploads\/2018\/05\/spain-379535_960_720.jpg","@id":"https:\/\/candas365.es\/noticias\/espana-logra-garantias-sobre-gibraltar-y-levanta-el-veto-al-brexit\/#mainImage","width":960,"height":720},"primaryImageOfPage":{"@id":"https:\/\/candas365.es\/noticias\/espana-logra-garantias-sobre-gibraltar-y-levanta-el-veto-al-brexit\/#mainImage"},"datePublished":"2018-11-24T20:10:11+01:00","dateModified":"2018-11-24T20:10:11+01:00"},{"@type":"WebSite","@id":"https:\/\/candas365.es\/noticias\/#website","url":"https:\/\/candas365.es\/noticias\/","name":"Cand\u00e1s 365","alternateName":"Cand\u00e1s 365 Noticias","description":"Actualidad desde Carre\u00f1o para el mundo","inLanguage":"es-ES","publisher":{"@id":"https:\/\/candas365.es\/noticias\/#organization"}}]},"og:locale":"es_ES","og:site_name":"Cand\u00e1s 365","og:type":"article","og:title":"Espa\u00f1a logra garant\u00edas sobre Gibraltar y levanta el veto al \u00abBrexit\u00bb | Cand\u00e1s 365","og:description":"Madrid\/Londres\/Bruselas, 24 nov (dpa) - El Gobierno espa\u00f1ol consigui\u00f3 hoy garant\u00edas de la Uni\u00f3n Europea (UE) y el Reino Unido sobre la cuesti\u00f3n de Gibraltar y levantar\u00e1 el veto a los acuerdos sobre el &quot;Brexit&quot;, que se ratificar\u00e1n el domingo en una cumbre extraordinaria en Bruselas. El presidente del Gobierno Pedro S\u00e1nchez reclamaba que los","og:url":"https:\/\/candas365.es\/noticias\/espana-logra-garantias-sobre-gibraltar-y-levanta-el-veto-al-brexit\/","og:image":"https:\/\/candas365.es\/noticias\/wp-content\/uploads\/2018\/05\/spain-379535_960_720.jpg","og:image:secure_url":"https:\/\/candas365.es\/noticias\/wp-content\/uploads\/2018\/05\/spain-379535_960_720.jpg","og:image:width":960,"og:image:height":720,"article:published_time":"2018-11-24T20:10:11+00:00","article:modified_time":"2018-11-24T20:10:11+00:00","article:publisher":"https:\/\/www.facebook.com\/Nachofdezber","article:author":"https:\/\/www.facebook.com\/carrenoactualidad","twitter:card":"summary_large_image","twitter:site":"@NabercoDigital","twitter:title":"Espa\u00f1a logra garant\u00edas sobre Gibraltar y levanta el veto al \u00abBrexit\u00bb | Cand\u00e1s 365","twitter:description":"Madrid\/Londres\/Bruselas, 24 nov (dpa) - El Gobierno espa\u00f1ol consigui\u00f3 hoy garant\u00edas de la Uni\u00f3n Europea (UE) y el Reino Unido sobre la cuesti\u00f3n de Gibraltar y levantar\u00e1 el veto a los acuerdos sobre el &quot;Brexit&quot;, que se ratificar\u00e1n el domingo en una cumbre extraordinaria en Bruselas. El presidente del Gobierno Pedro S\u00e1nchez reclamaba que los","twitter:creator":"@nbasturias","twitter:image":"https:\/\/candas365.es\/noticias\/wp-content\/uploads\/2018\/05\/spain-379535_960_720.jpg","twitter:label1":"Escrito por","twitter:data1":"Cand\u00e1s 365","twitter:label2":"Tiempo de lectura estimado","twitter:data2":"3 minutos"},"aioseo_meta_data":{"post_id":"110655","title":null,"description":null,"keywords":null,"keyphrases":null,"primary_term":null,"canonical_url":null,"og_title":null,"og_description":null,"og_object_type":"default","og_image_type":"default","og_image_url":null,"og_image_width":null,"og_image_height":null,"og_image_custom_url":null,"og_image_custom_fields":null,"og_video":null,"og_custom_url":null,"og_article_section":null,"og_article_tags":null,"twitter_use_og":false,"twitter_card":"default","twitter_image_type":"default","twitter_image_url":null,"twitter_image_custom_url":null,"twitter_image_custom_fields":null,"twitter_title":null,"twitter_description":null,"schema":{"blockGraphs":[],"customGraphs":[],"default":{"data":{"Article":[],"Course":[],"Dataset":[],"FAQPage":[],"Movie":[],"Person":[],"Product":[],"ProductReview":[],"Car":[],"Recipe":[],"Service":[],"SoftwareApplication":[],"WebPage":[]},"graphName":"","isEnabled":true},"graphs":[],"defaultGraph":"","defaultPostTypeGraph":""},"schema_type":null,"schema_type_options":null,"pillar_content":false,"robots_default":true,"robots_noindex":false,"robots_noarchive":false,"robots_nosnippet":false,"robots_nofollow":false,"robots_noimageindex":false,"robots_noodp":false,"robots_notranslate":false,"robots_max_snippet":null,"robots_max_videopreview":null,"robots_max_imagepreview":"large","priority":null,"frequency":null,"location":null,"local_seo":null,"seo_analyzer_scan_date":"2025-08-28 13:10:44","breadcrumb_settings":null,"limit_modified_date":false,"reviewed_by":null,"open_ai":null,"ai":null,"created":"2020-12-21 11:38:26","updated":"2025-08-28 13:10:44"},"aioseo_breadcrumb":"<div class=\"aioseo-breadcrumbs\"><span class=\"aioseo-breadcrumb\">\n\t<a href=\"https:\/\/candas365.es\/noticias\" title=\"Home\">Home<\/a>\n<\/span><span class=\"aioseo-breadcrumb-separator\">&ndash;<\/span><span class=\"aioseo-breadcrumb\">\n\t<a href=\"https:\/\/candas365.es\/noticias\/category\/actualidad\/\" title=\"Actualidad\">Actualidad<\/a>\n<\/span><span class=\"aioseo-breadcrumb-separator\">&ndash;<\/span><span class=\"aioseo-breadcrumb\">\n\tEspa\u00f1a logra garant\u00edas sobre Gibraltar y levanta el veto al \u00abBrexit\u00bb\n<\/span><\/div>","aioseo_breadcrumb_json":[{"label":"Home","link":"https:\/\/candas365.es\/noticias"},{"label":"Actualidad","link":"https:\/\/candas365.es\/noticias\/category\/actualidad\/"},{"label":"Espa\u00f1a logra garant\u00edas sobre Gibraltar y levanta el veto al \u00abBrexit\u00bb","link":"https:\/\/candas365.es\/noticias\/espana-logra-garantias-sobre-gibraltar-y-levanta-el-veto-al-brexit\/"}],"_links":{"self":[{"href":"https:\/\/candas365.es\/noticias\/wp-json\/wp\/v2\/posts\/110655","targetHints":{"allow":["GET"]}}],"collection":[{"href":"https:\/\/candas365.es\/noticias\/wp-json\/wp\/v2\/posts"}],"about":[{"href":"https:\/\/candas365.es\/noticias\/wp-json\/wp\/v2\/types\/post"}],"author":[{"embeddable":true,"href":"https:\/\/candas365.es\/noticias\/wp-json\/wp\/v2\/users\/1"}],"replies":[{"embeddable":true,"href":"https:\/\/candas365.es\/noticias\/wp-json\/wp\/v2\/comments?post=110655"}],"version-history":[{"count":0,"href":"https:\/\/candas365.es\/noticias\/wp-json\/wp\/v2\/posts\/110655\/revisions"}],"wp:featuredmedia":[{"embeddable":true,"href":"https:\/\/candas365.es\/noticias\/wp-json\/wp\/v2\/media\/96671"}],"wp:attachment":[{"href":"https:\/\/candas365.es\/noticias\/wp-json\/wp\/v2\/media?parent=110655"}],"wp:term":[{"taxonomy":"category","embeddable":true,"href":"https:\/\/candas365.es\/noticias\/wp-json\/wp\/v2\/categories?post=110655"},{"taxonomy":"post_tag","embeddable":true,"href":"https:\/\/candas365.es\/noticias\/wp-json\/wp\/v2\/tags?post=110655"}],"curies":[{"name":"wp","href":"https:\/\/api.w.org\/{rel}","templated":true}]}}