{"id":110650,"date":"2018-11-24T17:54:32","date_gmt":"2018-11-24T17:54:32","guid":{"rendered":"http:\/\/candas365.es\/noticias\/?p=110650"},"modified":"2018-11-24T17:54:32","modified_gmt":"2018-11-24T17:54:32","slug":"alemania-se-prepara-para-resguardar-a-los-sin-techo-del-duro-invierno","status":"publish","type":"post","link":"https:\/\/candas365.es\/noticias\/alemania-se-prepara-para-resguardar-a-los-sin-techo-del-duro-invierno\/","title":{"rendered":"Alemania se prepara para resguardar a los sin techo del duro invierno"},"content":{"rendered":"<p><img fetchpriority=\"high\" decoding=\"async\" class=\"alignleft size-medium wp-image-110651\" src=\"https:\/\/candas365.es\/noticias\/wp-content\/uploads\/2018\/11\/woods-690257_960_720-360x240.jpg\" alt=\"\" width=\"360\" height=\"240\" srcset=\"https:\/\/candas365.es\/noticias\/wp-content\/uploads\/2018\/11\/woods-690257_960_720-360x240.jpg 360w, https:\/\/candas365.es\/noticias\/wp-content\/uploads\/2018\/11\/woods-690257_960_720-768x512.jpg 768w, https:\/\/candas365.es\/noticias\/wp-content\/uploads\/2018\/11\/woods-690257_960_720-655x437.jpg 655w, https:\/\/candas365.es\/noticias\/wp-content\/uploads\/2018\/11\/woods-690257_960_720-696x464.jpg 696w, https:\/\/candas365.es\/noticias\/wp-content\/uploads\/2018\/11\/woods-690257_960_720-630x420.jpg 630w, https:\/\/candas365.es\/noticias\/wp-content\/uploads\/2018\/11\/woods-690257_960_720.jpg 960w\" sizes=\"(max-width: 360px) 100vw, 360px\" \/>Berl\u00edn, 24 nov (dpa) &#8211; Las grandes ciudades alemanas se preparan para dar cobijo a las personas sin hogar y evitar que sucumban al duro invierno del pa\u00eds europeo, donde el n\u00famero de sin techo no ha parado de crecer desde hace a\u00f1os.<\/p>\n<p>S\u00f3lo en Hamburgo viven unas 2.000 personas en la calle, de acuerdo con una encuesta encargada por la ciudad, que a\u00fan no ha sido publicada oficialmente. Desde 2009, el n\u00famero de personas sin residencia permanente en la ciudad hanse\u00e1tica se ha duplicado. Dos de cada tres tienen pasaporte extranjero y la mayor\u00eda de ellos viene de Europa del Este, los Estados B\u00e1lticos y los Balcanes. En invierno la ciudad ofrece 760 plazas adicionales para pernoctar.<\/p>\n<p>Tambi\u00e9n en Berl\u00edn, la falta de vivienda se ha convertido en un problema cada vez m\u00e1s visible en los \u00faltimos a\u00f1os. Se estima que entre 6.000 y 10.000 personas viven permanentemente sin un techo sobre sus cabezas. Seg\u00fan datos de organizaciones humanitarias, entre ellas hay m\u00e1s j\u00f3venes que en el pasado, m\u00e1s mujeres y tambi\u00e9n m\u00e1s personas discapacitadas, incluidas 35 personas en sillas de ruedas. Las iglesias y otras instituciones sociales proporcionan 1.000 plazas.<\/p>\n<p>Este invierno, las autoridades de transporte p\u00fablico de Berl\u00edn (BVG), que tradicionalmente manten\u00edan abiertas dos estaciones de metro por la noche como refugios para las personas sin hogar, intentaron cerrar tambi\u00e9n esos lugares por razones de seguridad. Sin embargo, la responsable del departamento social de la capital alemana, Elke Breitenbach, intervino para evitarlo. \u00abBerl\u00edn cree que la BVG, como empresa estatal, tiene una responsabilidad social para con esta ciudad\u00bb. Finalmente, se logr\u00f3 que las estaciones permanezcan abiertas.<\/p>\n<p>El metro tambi\u00e9n juega un papel importante en Fr\u00e1ncfort. Durante cerca 20 a\u00f1os, se permiti\u00f3 a las personas sin hogar pasar la noche en invierno en el entresuelo de una estaci\u00f3n en el centro de la ciudad.<\/p>\n<p>Sin embargo, a partir de este invierno, por primera vez el metro y los trenes de cercan\u00edas tambi\u00e9n circular\u00e1n por la noche, lo que ha provocado que esto ya no sea posible. Por ello, la ciudad ha habilitado plazas extra para dormir para los m\u00e1s necesitados en otro punto de la ciudad con capacidad para cerca de 120 personas.<\/p>\n<p>As\u00ed, todas las principales ciudades de la mayor econom\u00eda alemana se preparan a\u00f1o tras a\u00f1o para ofrecer alg\u00fan alojamiento a las personas que viven en la calle el resto del a\u00f1o para que no mueran congeladas en las fr\u00edas noches del invierno alem\u00e1n que pueden llegar en algunos casos hasta bastantes grados bajo cero.<\/p>\n<p>El principal problema suele ser que en muchos de los albergues no est\u00e1n permitidos los perros y muchos de los sin techo suelen ir acompa\u00f1ados por estos animales con los que comparten su vida. \u00abMuchos prefieren dormir fuera en un saco de dormir con su amigo\u00bb, explica Daniel Stumpe de la asociaci\u00f3n de D\u00fcsseldorf \u00abvision:teilen\u00bb.<\/p>\n","protected":false},"excerpt":{"rendered":"<p>Berl\u00edn, 24 nov (dpa) &#8211; Las grandes ciudades alemanas se preparan para dar cobijo a las personas sin hogar y evitar que sucumban al duro invierno del pa\u00eds europeo, donde el n\u00famero de sin techo no ha parado de crecer desde hace a\u00f1os. S\u00f3lo en Hamburgo viven unas 2.000 personas en la calle, de acuerdo<\/p>\n","protected":false},"author":1,"featured_media":110651,"comment_status":"closed","ping_status":"closed","sticky":false,"template":"","format":"standard","meta":{"footnotes":""},"categories":[343],"tags":[],"class_list":{"0":"post-110650","1":"post","2":"type-post","3":"status-publish","4":"format-standard","5":"has-post-thumbnail","7":"category-actualidad"},"aioseo_notices":[],"aioseo_head":"\n\t\t<!-- All in One SEO Pro 4.9.6.2 - aioseo.com -->\n\t<meta name=\"description\" content=\"Berl\u00edn, 24 nov (dpa) - Las grandes ciudades alemanas se preparan para dar cobijo a las personas sin hogar y evitar que sucumban al duro invierno del pa\u00eds europeo, donde el n\u00famero de sin techo no ha parado de crecer desde hace a\u00f1os. S\u00f3lo en Hamburgo viven unas 2.000 personas en la calle, de acuerdo\" \/>\n\t<meta name=\"robots\" content=\"max-image-preview:large\" \/>\n\t<meta name=\"author\" content=\"Cand\u00e1s 365\"\/>\n\t<meta name=\"google-site-verification\" content=\"UA-32230408-1\" \/>\n\t<meta name=\"msvalidate.01\" content=\"354F3CDFB2DA171B47FBE9ABF1F88D5\" \/>\n\t<meta name=\"keywords\" content=\"actualidad\" \/>\n\t<link rel=\"canonical\" href=\"https:\/\/candas365.es\/noticias\/alemania-se-prepara-para-resguardar-a-los-sin-techo-del-duro-invierno\/\" \/>\n\t<meta name=\"generator\" content=\"All in One SEO Pro (AIOSEO) 4.9.6.2\" \/>\n\t\t<meta property=\"og:locale\" content=\"es_ES\" \/>\n\t\t<meta property=\"og:site_name\" content=\"Cand\u00e1s 365\" \/>\n\t\t<meta property=\"og:type\" content=\"article\" \/>\n\t\t<meta property=\"og:title\" content=\"Alemania se prepara para resguardar a los sin techo del duro invierno | Cand\u00e1s 365\" \/>\n\t\t<meta property=\"og:description\" content=\"Berl\u00edn, 24 nov (dpa) - Las grandes ciudades alemanas se preparan para dar cobijo a las personas sin hogar y evitar que sucumban al duro invierno del pa\u00eds europeo, donde el n\u00famero de sin techo no ha parado de crecer desde hace a\u00f1os. S\u00f3lo en Hamburgo viven unas 2.000 personas en la calle, de acuerdo\" \/>\n\t\t<meta property=\"og:url\" content=\"https:\/\/candas365.es\/noticias\/alemania-se-prepara-para-resguardar-a-los-sin-techo-del-duro-invierno\/\" \/>\n\t\t<meta property=\"og:image\" content=\"https:\/\/candas365.es\/noticias\/wp-content\/uploads\/2018\/11\/woods-690257_960_720.jpg\" \/>\n\t\t<meta property=\"og:image:secure_url\" content=\"https:\/\/candas365.es\/noticias\/wp-content\/uploads\/2018\/11\/woods-690257_960_720.jpg\" \/>\n\t\t<meta property=\"og:image:width\" content=\"960\" \/>\n\t\t<meta property=\"og:image:height\" content=\"640\" \/>\n\t\t<meta property=\"article:published_time\" content=\"2018-11-24T17:54:32+00:00\" \/>\n\t\t<meta property=\"article:modified_time\" content=\"2018-11-24T17:54:32+00:00\" \/>\n\t\t<meta property=\"article:publisher\" content=\"https:\/\/www.facebook.com\/Nachofdezber\" \/>\n\t\t<meta property=\"article:author\" content=\"https:\/\/www.facebook.com\/carrenoactualidad\" \/>\n\t\t<meta name=\"twitter:card\" content=\"summary_large_image\" \/>\n\t\t<meta name=\"twitter:site\" content=\"@NabercoDigital\" \/>\n\t\t<meta name=\"twitter:title\" content=\"Alemania se prepara para resguardar a los sin techo del duro invierno | Cand\u00e1s 365\" \/>\n\t\t<meta name=\"twitter:description\" content=\"Berl\u00edn, 24 nov (dpa) - Las grandes ciudades alemanas se preparan para dar cobijo a las personas sin hogar y evitar que sucumban al duro invierno del pa\u00eds europeo, donde el n\u00famero de sin techo no ha parado de crecer desde hace a\u00f1os. S\u00f3lo en Hamburgo viven unas 2.000 personas en la calle, de acuerdo\" \/>\n\t\t<meta name=\"twitter:creator\" content=\"@nbasturias\" \/>\n\t\t<meta name=\"twitter:image\" content=\"https:\/\/candas365.es\/noticias\/wp-content\/uploads\/2018\/11\/woods-690257_960_720.jpg\" \/>\n\t\t<meta name=\"twitter:label1\" content=\"Escrito por\" \/>\n\t\t<meta name=\"twitter:data1\" content=\"Cand\u00e1s 365\" \/>\n\t\t<meta name=\"twitter:label2\" content=\"Tiempo de lectura estimado\" \/>\n\t\t<meta name=\"twitter:data2\" content=\"3 minutos\" \/>\n\t\t<script type=\"application\/ld+json\" class=\"aioseo-schema\">\n\t\t\t{\"@context\":\"https:\\\/\\\/schema.org\",\"@graph\":[{\"@type\":\"BreadcrumbList\",\"@id\":\"https:\\\/\\\/candas365.es\\\/noticias\\\/alemania-se-prepara-para-resguardar-a-los-sin-techo-del-duro-invierno\\\/#breadcrumblist\",\"itemListElement\":[{\"@type\":\"ListItem\",\"@id\":\"https:\\\/\\\/candas365.es\\\/noticias#listItem\",\"position\":1,\"name\":\"Home\",\"item\":\"https:\\\/\\\/candas365.es\\\/noticias\",\"nextItem\":{\"@type\":\"ListItem\",\"@id\":\"https:\\\/\\\/candas365.es\\\/noticias\\\/category\\\/actualidad\\\/#listItem\",\"name\":\"Actualidad\"}},{\"@type\":\"ListItem\",\"@id\":\"https:\\\/\\\/candas365.es\\\/noticias\\\/category\\\/actualidad\\\/#listItem\",\"position\":2,\"name\":\"Actualidad\",\"item\":\"https:\\\/\\\/candas365.es\\\/noticias\\\/category\\\/actualidad\\\/\",\"nextItem\":{\"@type\":\"ListItem\",\"@id\":\"https:\\\/\\\/candas365.es\\\/noticias\\\/alemania-se-prepara-para-resguardar-a-los-sin-techo-del-duro-invierno\\\/#listItem\",\"name\":\"Alemania se prepara para resguardar a los sin techo del duro invierno\"},\"previousItem\":{\"@type\":\"ListItem\",\"@id\":\"https:\\\/\\\/candas365.es\\\/noticias#listItem\",\"name\":\"Home\"}},{\"@type\":\"ListItem\",\"@id\":\"https:\\\/\\\/candas365.es\\\/noticias\\\/alemania-se-prepara-para-resguardar-a-los-sin-techo-del-duro-invierno\\\/#listItem\",\"position\":3,\"name\":\"Alemania se prepara para resguardar a los sin techo del duro invierno\",\"previousItem\":{\"@type\":\"ListItem\",\"@id\":\"https:\\\/\\\/candas365.es\\\/noticias\\\/category\\\/actualidad\\\/#listItem\",\"name\":\"Actualidad\"}}]},{\"@type\":\"NewsArticle\",\"@id\":\"https:\\\/\\\/candas365.es\\\/noticias\\\/alemania-se-prepara-para-resguardar-a-los-sin-techo-del-duro-invierno\\\/#newsarticle\",\"name\":\"Alemania se prepara para resguardar a los sin techo del duro invierno | Cand\\u00e1s 365\",\"headline\":\"Alemania se prepara para resguardar a los sin techo del duro invierno\",\"author\":{\"@id\":\"https:\\\/\\\/candas365.es\\\/noticias\\\/author\\\/admin\\\/#author\"},\"publisher\":{\"@id\":\"https:\\\/\\\/candas365.es\\\/noticias\\\/#organization\"},\"image\":{\"@type\":\"ImageObject\",\"url\":\"https:\\\/\\\/candas365.es\\\/noticias\\\/wp-content\\\/uploads\\\/2018\\\/11\\\/woods-690257_960_720.jpg\",\"width\":960,\"height\":640},\"datePublished\":\"2018-11-24T17:54:32+01:00\",\"dateModified\":\"2018-11-24T17:54:32+01:00\",\"inLanguage\":\"es-ES\",\"mainEntityOfPage\":{\"@id\":\"https:\\\/\\\/candas365.es\\\/noticias\\\/alemania-se-prepara-para-resguardar-a-los-sin-techo-del-duro-invierno\\\/#webpage\"},\"isPartOf\":{\"@id\":\"https:\\\/\\\/candas365.es\\\/noticias\\\/alemania-se-prepara-para-resguardar-a-los-sin-techo-del-duro-invierno\\\/#webpage\"},\"articleSection\":\"Actualidad\",\"dateline\":\"Publicado el noviembre 24, 2018.\"},{\"@type\":\"Organization\",\"@id\":\"https:\\\/\\\/candas365.es\\\/noticias\\\/#organization\",\"name\":\"Cand\\u00e1s 365\",\"description\":\"Cand\\u00e1s 365 es un diario digital independiente, fundado en 2012, con base en Asturias. Informamos con rigor sobre actualidad, sociedad, cultura y ocio, con una mirada local y global.\",\"url\":\"https:\\\/\\\/candas365.es\\\/noticias\\\/\",\"email\":\"info@candas365.es\",\"telephone\":\"+34652131393\",\"foundingDate\":\"2012-06-10\",\"logo\":{\"@type\":\"ImageObject\",\"url\":\"https:\\\/\\\/candas365.es\\\/noticias\\\/wp-content\\\/uploads\\\/2024\\\/09\\\/Candas-365-Redes.jpg\",\"@id\":\"https:\\\/\\\/candas365.es\\\/noticias\\\/alemania-se-prepara-para-resguardar-a-los-sin-techo-del-duro-invierno\\\/#organizationLogo\",\"width\":1152,\"height\":864,\"caption\":\"Cand\\u00e1s 365 Redes\"},\"image\":{\"@id\":\"https:\\\/\\\/candas365.es\\\/noticias\\\/alemania-se-prepara-para-resguardar-a-los-sin-techo-del-duro-invierno\\\/#organizationLogo\"},\"sameAs\":[\"https:\\\/\\\/www.facebook.com\\\/Nachofdezber\",\"https:\\\/\\\/x.com\\\/NabercoDigital\",\"https:\\\/\\\/www.instagram.com\\\/nachofdezber\\\/\",\"https:\\\/\\\/www.youtube.com\\\/channel\\\/UCZP-2wLEB9Rv6erhFmqVnvg\"],\"address\":{\"@id\":\"https:\\\/\\\/candas365.es\\\/noticias\\\/#postaladdress\",\"@type\":\"PostalAddress\",\"streetAddress\":\"san antonio 4, san antonio 4\",\"postalCode\":\"33430\",\"addressLocality\":\"Cand\\u00e1s\",\"addressRegion\":\"Asturias\",\"addressCountry\":\"ES\"}},{\"@type\":\"Person\",\"@id\":\"https:\\\/\\\/candas365.es\\\/noticias\\\/author\\\/admin\\\/#author\",\"url\":\"https:\\\/\\\/candas365.es\\\/noticias\\\/author\\\/admin\\\/\",\"name\":\"Cand\\u00e1s 365\",\"image\":{\"@type\":\"ImageObject\",\"@id\":\"https:\\\/\\\/candas365.es\\\/noticias\\\/alemania-se-prepara-para-resguardar-a-los-sin-techo-del-duro-invierno\\\/#authorImage\",\"url\":\"https:\\\/\\\/secure.gravatar.com\\\/avatar\\\/496a8e03d0c493ede1718b7934145dbdf8d89be1036b0eec9544e1094c9de390?s=96&d=mm&r=g\",\"width\":96,\"height\":96,\"caption\":\"Cand\\u00e1s 365\"},\"sameAs\":[\"https:\\\/\\\/www.facebook.com\\\/carrenoactualidad\",\"https:\\\/\\\/twitter.com\\\/nbasturias\",\"https:\\\/\\\/www.instagram.com\\\/nachofdezber\\\/\",\"https:\\\/\\\/www.youtube.com\\\/channel\\\/UCZP-2wLEB9Rv6erhFmqVnvg\"]},{\"@type\":\"WebPage\",\"@id\":\"https:\\\/\\\/candas365.es\\\/noticias\\\/alemania-se-prepara-para-resguardar-a-los-sin-techo-del-duro-invierno\\\/#webpage\",\"url\":\"https:\\\/\\\/candas365.es\\\/noticias\\\/alemania-se-prepara-para-resguardar-a-los-sin-techo-del-duro-invierno\\\/\",\"name\":\"Alemania se prepara para resguardar a los sin techo del duro invierno | Cand\\u00e1s 365\",\"description\":\"Berl\\u00edn, 24 nov (dpa) - Las grandes ciudades alemanas se preparan para dar cobijo a las personas sin hogar y evitar que sucumban al duro invierno del pa\\u00eds europeo, donde el n\\u00famero de sin techo no ha parado de crecer desde hace a\\u00f1os. S\\u00f3lo en Hamburgo viven unas 2.000 personas en la calle, de acuerdo\",\"inLanguage\":\"es-ES\",\"isPartOf\":{\"@id\":\"https:\\\/\\\/candas365.es\\\/noticias\\\/#website\"},\"breadcrumb\":{\"@id\":\"https:\\\/\\\/candas365.es\\\/noticias\\\/alemania-se-prepara-para-resguardar-a-los-sin-techo-del-duro-invierno\\\/#breadcrumblist\"},\"author\":{\"@id\":\"https:\\\/\\\/candas365.es\\\/noticias\\\/author\\\/admin\\\/#author\"},\"creator\":{\"@id\":\"https:\\\/\\\/candas365.es\\\/noticias\\\/author\\\/admin\\\/#author\"},\"image\":{\"@type\":\"ImageObject\",\"url\":\"https:\\\/\\\/candas365.es\\\/noticias\\\/wp-content\\\/uploads\\\/2018\\\/11\\\/woods-690257_960_720.jpg\",\"@id\":\"https:\\\/\\\/candas365.es\\\/noticias\\\/alemania-se-prepara-para-resguardar-a-los-sin-techo-del-duro-invierno\\\/#mainImage\",\"width\":960,\"height\":640},\"primaryImageOfPage\":{\"@id\":\"https:\\\/\\\/candas365.es\\\/noticias\\\/alemania-se-prepara-para-resguardar-a-los-sin-techo-del-duro-invierno\\\/#mainImage\"},\"datePublished\":\"2018-11-24T17:54:32+01:00\",\"dateModified\":\"2018-11-24T17:54:32+01:00\"},{\"@type\":\"WebSite\",\"@id\":\"https:\\\/\\\/candas365.es\\\/noticias\\\/#website\",\"url\":\"https:\\\/\\\/candas365.es\\\/noticias\\\/\",\"name\":\"Cand\\u00e1s 365\",\"alternateName\":\"Cand\\u00e1s 365 Noticias\",\"description\":\"Actualidad desde Carre\\u00f1o para el mundo\",\"inLanguage\":\"es-ES\",\"publisher\":{\"@id\":\"https:\\\/\\\/candas365.es\\\/noticias\\\/#organization\"}}]}\n\t\t<\/script>\n\t\t<!-- All in One SEO Pro -->\r\n\t\t<title>Alemania se prepara para resguardar a los sin techo del duro invierno | Cand\u00e1s 365<\/title>\n\n","aioseo_head_json":{"title":"Alemania se prepara para resguardar a los sin techo del duro invierno | Cand\u00e1s 365","description":"Berl\u00edn, 24 nov (dpa) - Las grandes ciudades alemanas se preparan para dar cobijo a las personas sin hogar y evitar que sucumban al duro invierno del pa\u00eds europeo, donde el n\u00famero de sin techo no ha parado de crecer desde hace a\u00f1os. S\u00f3lo en Hamburgo viven unas 2.000 personas en la calle, de acuerdo","canonical_url":"https:\/\/candas365.es\/noticias\/alemania-se-prepara-para-resguardar-a-los-sin-techo-del-duro-invierno\/","robots":"max-image-preview:large","keywords":"actualidad","webmasterTools":{"google-site-verification":"UA-32230408-1","msvalidate.01":"354F3CDFB2DA171B47FBE9ABF1F88D5","miscellaneous":""},"schema":{"@context":"https:\/\/schema.org","@graph":[{"@type":"BreadcrumbList","@id":"https:\/\/candas365.es\/noticias\/alemania-se-prepara-para-resguardar-a-los-sin-techo-del-duro-invierno\/#breadcrumblist","itemListElement":[{"@type":"ListItem","@id":"https:\/\/candas365.es\/noticias#listItem","position":1,"name":"Home","item":"https:\/\/candas365.es\/noticias","nextItem":{"@type":"ListItem","@id":"https:\/\/candas365.es\/noticias\/category\/actualidad\/#listItem","name":"Actualidad"}},{"@type":"ListItem","@id":"https:\/\/candas365.es\/noticias\/category\/actualidad\/#listItem","position":2,"name":"Actualidad","item":"https:\/\/candas365.es\/noticias\/category\/actualidad\/","nextItem":{"@type":"ListItem","@id":"https:\/\/candas365.es\/noticias\/alemania-se-prepara-para-resguardar-a-los-sin-techo-del-duro-invierno\/#listItem","name":"Alemania se prepara para resguardar a los sin techo del duro invierno"},"previousItem":{"@type":"ListItem","@id":"https:\/\/candas365.es\/noticias#listItem","name":"Home"}},{"@type":"ListItem","@id":"https:\/\/candas365.es\/noticias\/alemania-se-prepara-para-resguardar-a-los-sin-techo-del-duro-invierno\/#listItem","position":3,"name":"Alemania se prepara para resguardar a los sin techo del duro invierno","previousItem":{"@type":"ListItem","@id":"https:\/\/candas365.es\/noticias\/category\/actualidad\/#listItem","name":"Actualidad"}}]},{"@type":"NewsArticle","@id":"https:\/\/candas365.es\/noticias\/alemania-se-prepara-para-resguardar-a-los-sin-techo-del-duro-invierno\/#newsarticle","name":"Alemania se prepara para resguardar a los sin techo del duro invierno | Cand\u00e1s 365","headline":"Alemania se prepara para resguardar a los sin techo del duro invierno","author":{"@id":"https:\/\/candas365.es\/noticias\/author\/admin\/#author"},"publisher":{"@id":"https:\/\/candas365.es\/noticias\/#organization"},"image":{"@type":"ImageObject","url":"https:\/\/candas365.es\/noticias\/wp-content\/uploads\/2018\/11\/woods-690257_960_720.jpg","width":960,"height":640},"datePublished":"2018-11-24T17:54:32+01:00","dateModified":"2018-11-24T17:54:32+01:00","inLanguage":"es-ES","mainEntityOfPage":{"@id":"https:\/\/candas365.es\/noticias\/alemania-se-prepara-para-resguardar-a-los-sin-techo-del-duro-invierno\/#webpage"},"isPartOf":{"@id":"https:\/\/candas365.es\/noticias\/alemania-se-prepara-para-resguardar-a-los-sin-techo-del-duro-invierno\/#webpage"},"articleSection":"Actualidad","dateline":"Publicado el noviembre 24, 2018."},{"@type":"Organization","@id":"https:\/\/candas365.es\/noticias\/#organization","name":"Cand\u00e1s 365","description":"Cand\u00e1s 365 es un diario digital independiente, fundado en 2012, con base en Asturias. Informamos con rigor sobre actualidad, sociedad, cultura y ocio, con una mirada local y global.","url":"https:\/\/candas365.es\/noticias\/","email":"info@candas365.es","telephone":"+34652131393","foundingDate":"2012-06-10","logo":{"@type":"ImageObject","url":"https:\/\/candas365.es\/noticias\/wp-content\/uploads\/2024\/09\/Candas-365-Redes.jpg","@id":"https:\/\/candas365.es\/noticias\/alemania-se-prepara-para-resguardar-a-los-sin-techo-del-duro-invierno\/#organizationLogo","width":1152,"height":864,"caption":"Cand\u00e1s 365 Redes"},"image":{"@id":"https:\/\/candas365.es\/noticias\/alemania-se-prepara-para-resguardar-a-los-sin-techo-del-duro-invierno\/#organizationLogo"},"sameAs":["https:\/\/www.facebook.com\/Nachofdezber","https:\/\/x.com\/NabercoDigital","https:\/\/www.instagram.com\/nachofdezber\/","https:\/\/www.youtube.com\/channel\/UCZP-2wLEB9Rv6erhFmqVnvg"],"address":{"@id":"https:\/\/candas365.es\/noticias\/#postaladdress","@type":"PostalAddress","streetAddress":"san antonio 4, san antonio 4","postalCode":"33430","addressLocality":"Cand\u00e1s","addressRegion":"Asturias","addressCountry":"ES"}},{"@type":"Person","@id":"https:\/\/candas365.es\/noticias\/author\/admin\/#author","url":"https:\/\/candas365.es\/noticias\/author\/admin\/","name":"Cand\u00e1s 365","image":{"@type":"ImageObject","@id":"https:\/\/candas365.es\/noticias\/alemania-se-prepara-para-resguardar-a-los-sin-techo-del-duro-invierno\/#authorImage","url":"https:\/\/secure.gravatar.com\/avatar\/496a8e03d0c493ede1718b7934145dbdf8d89be1036b0eec9544e1094c9de390?s=96&d=mm&r=g","width":96,"height":96,"caption":"Cand\u00e1s 365"},"sameAs":["https:\/\/www.facebook.com\/carrenoactualidad","https:\/\/twitter.com\/nbasturias","https:\/\/www.instagram.com\/nachofdezber\/","https:\/\/www.youtube.com\/channel\/UCZP-2wLEB9Rv6erhFmqVnvg"]},{"@type":"WebPage","@id":"https:\/\/candas365.es\/noticias\/alemania-se-prepara-para-resguardar-a-los-sin-techo-del-duro-invierno\/#webpage","url":"https:\/\/candas365.es\/noticias\/alemania-se-prepara-para-resguardar-a-los-sin-techo-del-duro-invierno\/","name":"Alemania se prepara para resguardar a los sin techo del duro invierno | Cand\u00e1s 365","description":"Berl\u00edn, 24 nov (dpa) - Las grandes ciudades alemanas se preparan para dar cobijo a las personas sin hogar y evitar que sucumban al duro invierno del pa\u00eds europeo, donde el n\u00famero de sin techo no ha parado de crecer desde hace a\u00f1os. S\u00f3lo en Hamburgo viven unas 2.000 personas en la calle, de acuerdo","inLanguage":"es-ES","isPartOf":{"@id":"https:\/\/candas365.es\/noticias\/#website"},"breadcrumb":{"@id":"https:\/\/candas365.es\/noticias\/alemania-se-prepara-para-resguardar-a-los-sin-techo-del-duro-invierno\/#breadcrumblist"},"author":{"@id":"https:\/\/candas365.es\/noticias\/author\/admin\/#author"},"creator":{"@id":"https:\/\/candas365.es\/noticias\/author\/admin\/#author"},"image":{"@type":"ImageObject","url":"https:\/\/candas365.es\/noticias\/wp-content\/uploads\/2018\/11\/woods-690257_960_720.jpg","@id":"https:\/\/candas365.es\/noticias\/alemania-se-prepara-para-resguardar-a-los-sin-techo-del-duro-invierno\/#mainImage","width":960,"height":640},"primaryImageOfPage":{"@id":"https:\/\/candas365.es\/noticias\/alemania-se-prepara-para-resguardar-a-los-sin-techo-del-duro-invierno\/#mainImage"},"datePublished":"2018-11-24T17:54:32+01:00","dateModified":"2018-11-24T17:54:32+01:00"},{"@type":"WebSite","@id":"https:\/\/candas365.es\/noticias\/#website","url":"https:\/\/candas365.es\/noticias\/","name":"Cand\u00e1s 365","alternateName":"Cand\u00e1s 365 Noticias","description":"Actualidad desde Carre\u00f1o para el mundo","inLanguage":"es-ES","publisher":{"@id":"https:\/\/candas365.es\/noticias\/#organization"}}]},"og:locale":"es_ES","og:site_name":"Cand\u00e1s 365","og:type":"article","og:title":"Alemania se prepara para resguardar a los sin techo del duro invierno | Cand\u00e1s 365","og:description":"Berl\u00edn, 24 nov (dpa) - Las grandes ciudades alemanas se preparan para dar cobijo a las personas sin hogar y evitar que sucumban al duro invierno del pa\u00eds europeo, donde el n\u00famero de sin techo no ha parado de crecer desde hace a\u00f1os. S\u00f3lo en Hamburgo viven unas 2.000 personas en la calle, de acuerdo","og:url":"https:\/\/candas365.es\/noticias\/alemania-se-prepara-para-resguardar-a-los-sin-techo-del-duro-invierno\/","og:image":"https:\/\/candas365.es\/noticias\/wp-content\/uploads\/2018\/11\/woods-690257_960_720.jpg","og:image:secure_url":"https:\/\/candas365.es\/noticias\/wp-content\/uploads\/2018\/11\/woods-690257_960_720.jpg","og:image:width":960,"og:image:height":640,"article:published_time":"2018-11-24T17:54:32+00:00","article:modified_time":"2018-11-24T17:54:32+00:00","article:publisher":"https:\/\/www.facebook.com\/Nachofdezber","article:author":"https:\/\/www.facebook.com\/carrenoactualidad","twitter:card":"summary_large_image","twitter:site":"@NabercoDigital","twitter:title":"Alemania se prepara para resguardar a los sin techo del duro invierno | Cand\u00e1s 365","twitter:description":"Berl\u00edn, 24 nov (dpa) - Las grandes ciudades alemanas se preparan para dar cobijo a las personas sin hogar y evitar que sucumban al duro invierno del pa\u00eds europeo, donde el n\u00famero de sin techo no ha parado de crecer desde hace a\u00f1os. S\u00f3lo en Hamburgo viven unas 2.000 personas en la calle, de acuerdo","twitter:creator":"@nbasturias","twitter:image":"https:\/\/candas365.es\/noticias\/wp-content\/uploads\/2018\/11\/woods-690257_960_720.jpg","twitter:label1":"Escrito por","twitter:data1":"Cand\u00e1s 365","twitter:label2":"Tiempo de lectura estimado","twitter:data2":"3 minutos"},"aioseo_meta_data":{"post_id":"110650","title":null,"description":null,"keywords":null,"keyphrases":null,"primary_term":null,"canonical_url":null,"og_title":null,"og_description":null,"og_object_type":"default","og_image_type":"default","og_image_url":null,"og_image_width":null,"og_image_height":null,"og_image_custom_url":null,"og_image_custom_fields":null,"og_video":null,"og_custom_url":null,"og_article_section":null,"og_article_tags":null,"twitter_use_og":false,"twitter_card":"default","twitter_image_type":"default","twitter_image_url":null,"twitter_image_custom_url":null,"twitter_image_custom_fields":null,"twitter_title":null,"twitter_description":null,"schema":{"blockGraphs":[],"customGraphs":[],"default":{"data":{"Article":[],"Course":[],"Dataset":[],"FAQPage":[],"Movie":[],"Person":[],"Product":[],"ProductReview":[],"Car":[],"Recipe":[],"Service":[],"SoftwareApplication":[],"WebPage":[]},"graphName":"","isEnabled":true},"graphs":[],"defaultGraph":"","defaultPostTypeGraph":""},"schema_type":null,"schema_type_options":null,"pillar_content":false,"robots_default":true,"robots_noindex":false,"robots_noarchive":false,"robots_nosnippet":false,"robots_nofollow":false,"robots_noimageindex":false,"robots_noodp":false,"robots_notranslate":false,"robots_max_snippet":null,"robots_max_videopreview":null,"robots_max_imagepreview":"large","priority":null,"frequency":null,"location":null,"local_seo":null,"seo_analyzer_scan_date":"2025-08-28 13:10:41","breadcrumb_settings":null,"limit_modified_date":false,"reviewed_by":null,"open_ai":null,"ai":null,"created":"2020-12-21 11:38:26","updated":"2025-08-28 13:10:41"},"aioseo_breadcrumb":"<div class=\"aioseo-breadcrumbs\"><span class=\"aioseo-breadcrumb\">\n\t<a href=\"https:\/\/candas365.es\/noticias\" title=\"Home\">Home<\/a>\n<\/span><span class=\"aioseo-breadcrumb-separator\">&ndash;<\/span><span class=\"aioseo-breadcrumb\">\n\t<a href=\"https:\/\/candas365.es\/noticias\/category\/actualidad\/\" title=\"Actualidad\">Actualidad<\/a>\n<\/span><span class=\"aioseo-breadcrumb-separator\">&ndash;<\/span><span class=\"aioseo-breadcrumb\">\n\tAlemania se prepara para resguardar a los sin techo del duro invierno\n<\/span><\/div>","aioseo_breadcrumb_json":[{"label":"Home","link":"https:\/\/candas365.es\/noticias"},{"label":"Actualidad","link":"https:\/\/candas365.es\/noticias\/category\/actualidad\/"},{"label":"Alemania se prepara para resguardar a los sin techo del duro invierno","link":"https:\/\/candas365.es\/noticias\/alemania-se-prepara-para-resguardar-a-los-sin-techo-del-duro-invierno\/"}],"_links":{"self":[{"href":"https:\/\/candas365.es\/noticias\/wp-json\/wp\/v2\/posts\/110650","targetHints":{"allow":["GET"]}}],"collection":[{"href":"https:\/\/candas365.es\/noticias\/wp-json\/wp\/v2\/posts"}],"about":[{"href":"https:\/\/candas365.es\/noticias\/wp-json\/wp\/v2\/types\/post"}],"author":[{"embeddable":true,"href":"https:\/\/candas365.es\/noticias\/wp-json\/wp\/v2\/users\/1"}],"replies":[{"embeddable":true,"href":"https:\/\/candas365.es\/noticias\/wp-json\/wp\/v2\/comments?post=110650"}],"version-history":[{"count":0,"href":"https:\/\/candas365.es\/noticias\/wp-json\/wp\/v2\/posts\/110650\/revisions"}],"wp:featuredmedia":[{"embeddable":true,"href":"https:\/\/candas365.es\/noticias\/wp-json\/wp\/v2\/media\/110651"}],"wp:attachment":[{"href":"https:\/\/candas365.es\/noticias\/wp-json\/wp\/v2\/media?parent=110650"}],"wp:term":[{"taxonomy":"category","embeddable":true,"href":"https:\/\/candas365.es\/noticias\/wp-json\/wp\/v2\/categories?post=110650"},{"taxonomy":"post_tag","embeddable":true,"href":"https:\/\/candas365.es\/noticias\/wp-json\/wp\/v2\/tags?post=110650"}],"curies":[{"name":"wp","href":"https:\/\/api.w.org\/{rel}","templated":true}]}}