{"id":110647,"date":"2018-11-24T17:52:33","date_gmt":"2018-11-24T17:52:33","guid":{"rendered":"http:\/\/candas365.es\/noticias\/?p=110647"},"modified":"2018-11-24T17:52:33","modified_gmt":"2018-11-24T17:52:33","slug":"basf-descarta-posibles-problemas-de-suministro-de-gas-este-invierno","status":"publish","type":"post","link":"https:\/\/candas365.es\/noticias\/basf-descarta-posibles-problemas-de-suministro-de-gas-este-invierno\/","title":{"rendered":"BASF descarta posibles problemas de suministro de gas este invierno"},"content":{"rendered":"<p><img fetchpriority=\"high\" decoding=\"async\" class=\"alignleft size-medium wp-image-110648\" src=\"https:\/\/candas365.es\/noticias\/wp-content\/uploads\/2018\/11\/appliance-2257_960_720-360x240.jpg\" alt=\"\" width=\"360\" height=\"240\" srcset=\"https:\/\/candas365.es\/noticias\/wp-content\/uploads\/2018\/11\/appliance-2257_960_720-360x240.jpg 360w, https:\/\/candas365.es\/noticias\/wp-content\/uploads\/2018\/11\/appliance-2257_960_720-768x512.jpg 768w, https:\/\/candas365.es\/noticias\/wp-content\/uploads\/2018\/11\/appliance-2257_960_720-655x437.jpg 655w, https:\/\/candas365.es\/noticias\/wp-content\/uploads\/2018\/11\/appliance-2257_960_720-696x464.jpg 696w, https:\/\/candas365.es\/noticias\/wp-content\/uploads\/2018\/11\/appliance-2257_960_720-630x420.jpg 630w, https:\/\/candas365.es\/noticias\/wp-content\/uploads\/2018\/11\/appliance-2257_960_720.jpg 960w\" sizes=\"(max-width: 360px) 100vw, 360px\" \/>Berl\u00edn, 24 nov (dpa) &#8211; El director ejecutivo del gigante qu\u00edmico alem\u00e1n BASF, Martin Bruderm\u00fcller, conf\u00eda en la empresa estatal rusa Gazprom como un proveedor de energ\u00eda fiable y descarta problemas en el suministro de gas a pesar de las sanciones impuestas contra ese pa\u00eds.<\/p>\n<p>\u00abTampoco este invierno tenemos que esperar escasez de gas\u00bb, dijo Bruderm\u00fcller en declaraciones publicadas hoy en los peri\u00f3dicos del grupo medi\u00e1tico alem\u00e1n Funke.<\/p>\n<p>\u00abGazprom ha sido un socio comercial absolutamente fiable durante 30 a\u00f1os\u00bb, se\u00f1al\u00f3 en respuesta a la pregunta de si el suministro est\u00e1 amenazado por las sanciones a Rusia. \u00abCuando lleg\u00f3 el fr\u00edo al pa\u00eds y necesitamos m\u00e1s gas, Gazprom fue la \u00fanica compa\u00f1\u00eda que r\u00e1pidamente abri\u00f3 las v\u00e1lvulas para hacer llegar suficiente gas a Alemania\u00bb, record\u00f3.<\/p>\n<p>BASF con su filial Wintershall junto con Gazprom produce gas en Rusia. Wintershall es tambi\u00e9n una de las empresas occidentales que participa en el proyecto del gasoducto Nord Stream 2 con el que se quiere suministrar gas natural desde Rusia a trav\u00e9s del Mar B\u00e1ltico a Alemania y Europa Occidental. Polonia, Ucrania y Estados Unidos, entre otros, rechazan el proyecto.<\/p>\n<p>Bruderm\u00fcller recomend\u00f3 que Alemania mire a China. \u00abPodemos aprender de los chinos c\u00f3mo posicionarnos estrat\u00e9gicamente a largo plazo y perseguir nuestros objetivos con toda la fuerza\u00bb, dijo. \u00abEn Alemania somos buenos hablando, pero no actuando. Tambi\u00e9n hay una falta de ideas a largo plazo que puedan hacer avanzar a la sociedad en su conjunto\u00bb.<\/p>\n<p>Asimismo, el responsable de BASF tambi\u00e9n se pronunci\u00f3 a favor de una Europa fuerte como contrapeso a Estados Unidos y China. \u00abEl mundo se est\u00e1 reorganizando actualmente, entre China y Estados Unidos. En la lucha de estos dos bloques de poder, el mundo necesita urgentemente una ant\u00edpoda, y esa ser\u00eda una Europa fuerte\u00bb, apunt\u00f3.<\/p>\n<p>En su opini\u00f3n, Rusia deber\u00eda volver a formar parte del grupo del G8 de las principales naciones industrializadas del mundo. Rusia fue excluida del grupo del G8 tras la anexi\u00f3n de la pen\u00ednsula ucraniana de Crimea. Desde 2014, EEUU, Jap\u00f3n, Alemania, Francia, Reino Unido, Canad\u00e1 e Italia se re\u00fanen en formato G7.<\/p>\n","protected":false},"excerpt":{"rendered":"<p>Berl\u00edn, 24 nov (dpa) &#8211; El director ejecutivo del gigante qu\u00edmico alem\u00e1n BASF, Martin Bruderm\u00fcller, conf\u00eda en la empresa estatal rusa Gazprom como un proveedor de energ\u00eda fiable y descarta problemas en el suministro de gas a pesar de las sanciones impuestas contra ese pa\u00eds. \u00abTampoco este invierno tenemos que esperar escasez de gas\u00bb, dijo<\/p>\n","protected":false},"author":1,"featured_media":110648,"comment_status":"closed","ping_status":"closed","sticky":false,"template":"","format":"standard","meta":{"footnotes":""},"categories":[343],"tags":[],"class_list":{"0":"post-110647","1":"post","2":"type-post","3":"status-publish","4":"format-standard","5":"has-post-thumbnail","7":"category-actualidad"},"aioseo_notices":[],"aioseo_head":"\n\t\t<!-- All in One SEO Pro 4.9.6.2 - aioseo.com -->\n\t<meta name=\"description\" content=\"Berl\u00edn, 24 nov (dpa) - El director ejecutivo del gigante qu\u00edmico alem\u00e1n BASF, Martin Bruderm\u00fcller, conf\u00eda en la empresa estatal rusa Gazprom como un proveedor de energ\u00eda fiable y descarta problemas en el suministro de gas a pesar de las sanciones impuestas contra ese pa\u00eds. &quot;Tampoco este invierno tenemos que esperar escasez de gas&quot;, dijo\" \/>\n\t<meta name=\"robots\" content=\"max-image-preview:large\" \/>\n\t<meta name=\"author\" content=\"Cand\u00e1s 365\"\/>\n\t<meta name=\"google-site-verification\" content=\"UA-32230408-1\" \/>\n\t<meta name=\"msvalidate.01\" content=\"354F3CDFB2DA171B47FBE9ABF1F88D5\" \/>\n\t<meta name=\"keywords\" content=\"actualidad\" \/>\n\t<link rel=\"canonical\" href=\"https:\/\/candas365.es\/noticias\/basf-descarta-posibles-problemas-de-suministro-de-gas-este-invierno\/\" \/>\n\t<meta name=\"generator\" content=\"All in One SEO Pro (AIOSEO) 4.9.6.2\" \/>\n\t\t<meta property=\"og:locale\" content=\"es_ES\" \/>\n\t\t<meta property=\"og:site_name\" content=\"Cand\u00e1s 365\" \/>\n\t\t<meta property=\"og:type\" content=\"article\" \/>\n\t\t<meta property=\"og:title\" content=\"BASF descarta posibles problemas de suministro de gas este invierno | Cand\u00e1s 365\" \/>\n\t\t<meta property=\"og:description\" content=\"Berl\u00edn, 24 nov (dpa) - El director ejecutivo del gigante qu\u00edmico alem\u00e1n BASF, Martin Bruderm\u00fcller, conf\u00eda en la empresa estatal rusa Gazprom como un proveedor de energ\u00eda fiable y descarta problemas en el suministro de gas a pesar de las sanciones impuestas contra ese pa\u00eds. &quot;Tampoco este invierno tenemos que esperar escasez de gas&quot;, dijo\" \/>\n\t\t<meta property=\"og:url\" content=\"https:\/\/candas365.es\/noticias\/basf-descarta-posibles-problemas-de-suministro-de-gas-este-invierno\/\" \/>\n\t\t<meta property=\"og:image\" content=\"https:\/\/candas365.es\/noticias\/wp-content\/uploads\/2018\/11\/appliance-2257_960_720.jpg\" \/>\n\t\t<meta property=\"og:image:secure_url\" content=\"https:\/\/candas365.es\/noticias\/wp-content\/uploads\/2018\/11\/appliance-2257_960_720.jpg\" \/>\n\t\t<meta property=\"og:image:width\" content=\"960\" \/>\n\t\t<meta property=\"og:image:height\" content=\"640\" \/>\n\t\t<meta property=\"article:published_time\" content=\"2018-11-24T17:52:33+00:00\" \/>\n\t\t<meta property=\"article:modified_time\" content=\"2018-11-24T17:52:33+00:00\" \/>\n\t\t<meta property=\"article:publisher\" content=\"https:\/\/www.facebook.com\/Nachofdezber\" \/>\n\t\t<meta property=\"article:author\" content=\"https:\/\/www.facebook.com\/carrenoactualidad\" \/>\n\t\t<meta name=\"twitter:card\" content=\"summary_large_image\" \/>\n\t\t<meta name=\"twitter:site\" content=\"@NabercoDigital\" \/>\n\t\t<meta name=\"twitter:title\" content=\"BASF descarta posibles problemas de suministro de gas este invierno | Cand\u00e1s 365\" \/>\n\t\t<meta name=\"twitter:description\" content=\"Berl\u00edn, 24 nov (dpa) - El director ejecutivo del gigante qu\u00edmico alem\u00e1n BASF, Martin Bruderm\u00fcller, conf\u00eda en la empresa estatal rusa Gazprom como un proveedor de energ\u00eda fiable y descarta problemas en el suministro de gas a pesar de las sanciones impuestas contra ese pa\u00eds. &quot;Tampoco este invierno tenemos que esperar escasez de gas&quot;, dijo\" \/>\n\t\t<meta name=\"twitter:creator\" content=\"@nbasturias\" \/>\n\t\t<meta name=\"twitter:image\" content=\"https:\/\/candas365.es\/noticias\/wp-content\/uploads\/2018\/11\/appliance-2257_960_720.jpg\" \/>\n\t\t<meta name=\"twitter:label1\" content=\"Escrito por\" \/>\n\t\t<meta name=\"twitter:data1\" content=\"Cand\u00e1s 365\" \/>\n\t\t<meta name=\"twitter:label2\" content=\"Tiempo de lectura estimado\" \/>\n\t\t<meta name=\"twitter:data2\" content=\"2 minutos\" \/>\n\t\t<script type=\"application\/ld+json\" class=\"aioseo-schema\">\n\t\t\t{\"@context\":\"https:\\\/\\\/schema.org\",\"@graph\":[{\"@type\":\"BreadcrumbList\",\"@id\":\"https:\\\/\\\/candas365.es\\\/noticias\\\/basf-descarta-posibles-problemas-de-suministro-de-gas-este-invierno\\\/#breadcrumblist\",\"itemListElement\":[{\"@type\":\"ListItem\",\"@id\":\"https:\\\/\\\/candas365.es\\\/noticias#listItem\",\"position\":1,\"name\":\"Home\",\"item\":\"https:\\\/\\\/candas365.es\\\/noticias\",\"nextItem\":{\"@type\":\"ListItem\",\"@id\":\"https:\\\/\\\/candas365.es\\\/noticias\\\/category\\\/actualidad\\\/#listItem\",\"name\":\"Actualidad\"}},{\"@type\":\"ListItem\",\"@id\":\"https:\\\/\\\/candas365.es\\\/noticias\\\/category\\\/actualidad\\\/#listItem\",\"position\":2,\"name\":\"Actualidad\",\"item\":\"https:\\\/\\\/candas365.es\\\/noticias\\\/category\\\/actualidad\\\/\",\"nextItem\":{\"@type\":\"ListItem\",\"@id\":\"https:\\\/\\\/candas365.es\\\/noticias\\\/basf-descarta-posibles-problemas-de-suministro-de-gas-este-invierno\\\/#listItem\",\"name\":\"BASF descarta posibles problemas de suministro de gas este invierno\"},\"previousItem\":{\"@type\":\"ListItem\",\"@id\":\"https:\\\/\\\/candas365.es\\\/noticias#listItem\",\"name\":\"Home\"}},{\"@type\":\"ListItem\",\"@id\":\"https:\\\/\\\/candas365.es\\\/noticias\\\/basf-descarta-posibles-problemas-de-suministro-de-gas-este-invierno\\\/#listItem\",\"position\":3,\"name\":\"BASF descarta posibles problemas de suministro de gas este invierno\",\"previousItem\":{\"@type\":\"ListItem\",\"@id\":\"https:\\\/\\\/candas365.es\\\/noticias\\\/category\\\/actualidad\\\/#listItem\",\"name\":\"Actualidad\"}}]},{\"@type\":\"NewsArticle\",\"@id\":\"https:\\\/\\\/candas365.es\\\/noticias\\\/basf-descarta-posibles-problemas-de-suministro-de-gas-este-invierno\\\/#newsarticle\",\"name\":\"BASF descarta posibles problemas de suministro de gas este invierno | Cand\\u00e1s 365\",\"headline\":\"BASF descarta posibles problemas de suministro de gas este invierno\",\"author\":{\"@id\":\"https:\\\/\\\/candas365.es\\\/noticias\\\/author\\\/admin\\\/#author\"},\"publisher\":{\"@id\":\"https:\\\/\\\/candas365.es\\\/noticias\\\/#organization\"},\"image\":{\"@type\":\"ImageObject\",\"url\":\"https:\\\/\\\/candas365.es\\\/noticias\\\/wp-content\\\/uploads\\\/2018\\\/11\\\/appliance-2257_960_720.jpg\",\"width\":960,\"height\":640},\"datePublished\":\"2018-11-24T17:52:33+01:00\",\"dateModified\":\"2018-11-24T17:52:33+01:00\",\"inLanguage\":\"es-ES\",\"mainEntityOfPage\":{\"@id\":\"https:\\\/\\\/candas365.es\\\/noticias\\\/basf-descarta-posibles-problemas-de-suministro-de-gas-este-invierno\\\/#webpage\"},\"isPartOf\":{\"@id\":\"https:\\\/\\\/candas365.es\\\/noticias\\\/basf-descarta-posibles-problemas-de-suministro-de-gas-este-invierno\\\/#webpage\"},\"articleSection\":\"Actualidad\",\"dateline\":\"Publicado el noviembre 24, 2018.\"},{\"@type\":\"Organization\",\"@id\":\"https:\\\/\\\/candas365.es\\\/noticias\\\/#organization\",\"name\":\"Cand\\u00e1s 365\",\"description\":\"Cand\\u00e1s 365 es un diario digital independiente, fundado en 2012, con base en Asturias. Informamos con rigor sobre actualidad, sociedad, cultura y ocio, con una mirada local y global.\",\"url\":\"https:\\\/\\\/candas365.es\\\/noticias\\\/\",\"email\":\"info@candas365.es\",\"telephone\":\"+34652131393\",\"foundingDate\":\"2012-06-10\",\"logo\":{\"@type\":\"ImageObject\",\"url\":\"https:\\\/\\\/candas365.es\\\/noticias\\\/wp-content\\\/uploads\\\/2024\\\/09\\\/Candas-365-Redes.jpg\",\"@id\":\"https:\\\/\\\/candas365.es\\\/noticias\\\/basf-descarta-posibles-problemas-de-suministro-de-gas-este-invierno\\\/#organizationLogo\",\"width\":1152,\"height\":864,\"caption\":\"Cand\\u00e1s 365 Redes\"},\"image\":{\"@id\":\"https:\\\/\\\/candas365.es\\\/noticias\\\/basf-descarta-posibles-problemas-de-suministro-de-gas-este-invierno\\\/#organizationLogo\"},\"sameAs\":[\"https:\\\/\\\/www.facebook.com\\\/Nachofdezber\",\"https:\\\/\\\/x.com\\\/NabercoDigital\",\"https:\\\/\\\/www.instagram.com\\\/nachofdezber\\\/\",\"https:\\\/\\\/www.youtube.com\\\/channel\\\/UCZP-2wLEB9Rv6erhFmqVnvg\"],\"address\":{\"@id\":\"https:\\\/\\\/candas365.es\\\/noticias\\\/#postaladdress\",\"@type\":\"PostalAddress\",\"streetAddress\":\"san antonio 4, san antonio 4\",\"postalCode\":\"33430\",\"addressLocality\":\"Cand\\u00e1s\",\"addressRegion\":\"Asturias\",\"addressCountry\":\"ES\"}},{\"@type\":\"Person\",\"@id\":\"https:\\\/\\\/candas365.es\\\/noticias\\\/author\\\/admin\\\/#author\",\"url\":\"https:\\\/\\\/candas365.es\\\/noticias\\\/author\\\/admin\\\/\",\"name\":\"Cand\\u00e1s 365\",\"image\":{\"@type\":\"ImageObject\",\"@id\":\"https:\\\/\\\/candas365.es\\\/noticias\\\/basf-descarta-posibles-problemas-de-suministro-de-gas-este-invierno\\\/#authorImage\",\"url\":\"https:\\\/\\\/secure.gravatar.com\\\/avatar\\\/496a8e03d0c493ede1718b7934145dbdf8d89be1036b0eec9544e1094c9de390?s=96&d=mm&r=g\",\"width\":96,\"height\":96,\"caption\":\"Cand\\u00e1s 365\"},\"sameAs\":[\"https:\\\/\\\/www.facebook.com\\\/carrenoactualidad\",\"https:\\\/\\\/twitter.com\\\/nbasturias\",\"https:\\\/\\\/www.instagram.com\\\/nachofdezber\\\/\",\"https:\\\/\\\/www.youtube.com\\\/channel\\\/UCZP-2wLEB9Rv6erhFmqVnvg\"]},{\"@type\":\"WebPage\",\"@id\":\"https:\\\/\\\/candas365.es\\\/noticias\\\/basf-descarta-posibles-problemas-de-suministro-de-gas-este-invierno\\\/#webpage\",\"url\":\"https:\\\/\\\/candas365.es\\\/noticias\\\/basf-descarta-posibles-problemas-de-suministro-de-gas-este-invierno\\\/\",\"name\":\"BASF descarta posibles problemas de suministro de gas este invierno | Cand\\u00e1s 365\",\"description\":\"Berl\\u00edn, 24 nov (dpa) - El director ejecutivo del gigante qu\\u00edmico alem\\u00e1n BASF, Martin Bruderm\\u00fcller, conf\\u00eda en la empresa estatal rusa Gazprom como un proveedor de energ\\u00eda fiable y descarta problemas en el suministro de gas a pesar de las sanciones impuestas contra ese pa\\u00eds. \\\"Tampoco este invierno tenemos que esperar escasez de gas\\\", dijo\",\"inLanguage\":\"es-ES\",\"isPartOf\":{\"@id\":\"https:\\\/\\\/candas365.es\\\/noticias\\\/#website\"},\"breadcrumb\":{\"@id\":\"https:\\\/\\\/candas365.es\\\/noticias\\\/basf-descarta-posibles-problemas-de-suministro-de-gas-este-invierno\\\/#breadcrumblist\"},\"author\":{\"@id\":\"https:\\\/\\\/candas365.es\\\/noticias\\\/author\\\/admin\\\/#author\"},\"creator\":{\"@id\":\"https:\\\/\\\/candas365.es\\\/noticias\\\/author\\\/admin\\\/#author\"},\"image\":{\"@type\":\"ImageObject\",\"url\":\"https:\\\/\\\/candas365.es\\\/noticias\\\/wp-content\\\/uploads\\\/2018\\\/11\\\/appliance-2257_960_720.jpg\",\"@id\":\"https:\\\/\\\/candas365.es\\\/noticias\\\/basf-descarta-posibles-problemas-de-suministro-de-gas-este-invierno\\\/#mainImage\",\"width\":960,\"height\":640},\"primaryImageOfPage\":{\"@id\":\"https:\\\/\\\/candas365.es\\\/noticias\\\/basf-descarta-posibles-problemas-de-suministro-de-gas-este-invierno\\\/#mainImage\"},\"datePublished\":\"2018-11-24T17:52:33+01:00\",\"dateModified\":\"2018-11-24T17:52:33+01:00\"},{\"@type\":\"WebSite\",\"@id\":\"https:\\\/\\\/candas365.es\\\/noticias\\\/#website\",\"url\":\"https:\\\/\\\/candas365.es\\\/noticias\\\/\",\"name\":\"Cand\\u00e1s 365\",\"alternateName\":\"Cand\\u00e1s 365 Noticias\",\"description\":\"Actualidad desde Carre\\u00f1o para el mundo\",\"inLanguage\":\"es-ES\",\"publisher\":{\"@id\":\"https:\\\/\\\/candas365.es\\\/noticias\\\/#organization\"}}]}\n\t\t<\/script>\n\t\t<!-- All in One SEO Pro -->\r\n\t\t<title>BASF descarta posibles problemas de suministro de gas este invierno | Cand\u00e1s 365<\/title>\n\n","aioseo_head_json":{"title":"BASF descarta posibles problemas de suministro de gas este invierno | Cand\u00e1s 365","description":"Berl\u00edn, 24 nov (dpa) - El director ejecutivo del gigante qu\u00edmico alem\u00e1n BASF, Martin Bruderm\u00fcller, conf\u00eda en la empresa estatal rusa Gazprom como un proveedor de energ\u00eda fiable y descarta problemas en el suministro de gas a pesar de las sanciones impuestas contra ese pa\u00eds. \"Tampoco este invierno tenemos que esperar escasez de gas\", dijo","canonical_url":"https:\/\/candas365.es\/noticias\/basf-descarta-posibles-problemas-de-suministro-de-gas-este-invierno\/","robots":"max-image-preview:large","keywords":"actualidad","webmasterTools":{"google-site-verification":"UA-32230408-1","msvalidate.01":"354F3CDFB2DA171B47FBE9ABF1F88D5","miscellaneous":""},"schema":{"@context":"https:\/\/schema.org","@graph":[{"@type":"BreadcrumbList","@id":"https:\/\/candas365.es\/noticias\/basf-descarta-posibles-problemas-de-suministro-de-gas-este-invierno\/#breadcrumblist","itemListElement":[{"@type":"ListItem","@id":"https:\/\/candas365.es\/noticias#listItem","position":1,"name":"Home","item":"https:\/\/candas365.es\/noticias","nextItem":{"@type":"ListItem","@id":"https:\/\/candas365.es\/noticias\/category\/actualidad\/#listItem","name":"Actualidad"}},{"@type":"ListItem","@id":"https:\/\/candas365.es\/noticias\/category\/actualidad\/#listItem","position":2,"name":"Actualidad","item":"https:\/\/candas365.es\/noticias\/category\/actualidad\/","nextItem":{"@type":"ListItem","@id":"https:\/\/candas365.es\/noticias\/basf-descarta-posibles-problemas-de-suministro-de-gas-este-invierno\/#listItem","name":"BASF descarta posibles problemas de suministro de gas este invierno"},"previousItem":{"@type":"ListItem","@id":"https:\/\/candas365.es\/noticias#listItem","name":"Home"}},{"@type":"ListItem","@id":"https:\/\/candas365.es\/noticias\/basf-descarta-posibles-problemas-de-suministro-de-gas-este-invierno\/#listItem","position":3,"name":"BASF descarta posibles problemas de suministro de gas este invierno","previousItem":{"@type":"ListItem","@id":"https:\/\/candas365.es\/noticias\/category\/actualidad\/#listItem","name":"Actualidad"}}]},{"@type":"NewsArticle","@id":"https:\/\/candas365.es\/noticias\/basf-descarta-posibles-problemas-de-suministro-de-gas-este-invierno\/#newsarticle","name":"BASF descarta posibles problemas de suministro de gas este invierno | Cand\u00e1s 365","headline":"BASF descarta posibles problemas de suministro de gas este invierno","author":{"@id":"https:\/\/candas365.es\/noticias\/author\/admin\/#author"},"publisher":{"@id":"https:\/\/candas365.es\/noticias\/#organization"},"image":{"@type":"ImageObject","url":"https:\/\/candas365.es\/noticias\/wp-content\/uploads\/2018\/11\/appliance-2257_960_720.jpg","width":960,"height":640},"datePublished":"2018-11-24T17:52:33+01:00","dateModified":"2018-11-24T17:52:33+01:00","inLanguage":"es-ES","mainEntityOfPage":{"@id":"https:\/\/candas365.es\/noticias\/basf-descarta-posibles-problemas-de-suministro-de-gas-este-invierno\/#webpage"},"isPartOf":{"@id":"https:\/\/candas365.es\/noticias\/basf-descarta-posibles-problemas-de-suministro-de-gas-este-invierno\/#webpage"},"articleSection":"Actualidad","dateline":"Publicado el noviembre 24, 2018."},{"@type":"Organization","@id":"https:\/\/candas365.es\/noticias\/#organization","name":"Cand\u00e1s 365","description":"Cand\u00e1s 365 es un diario digital independiente, fundado en 2012, con base en Asturias. Informamos con rigor sobre actualidad, sociedad, cultura y ocio, con una mirada local y global.","url":"https:\/\/candas365.es\/noticias\/","email":"info@candas365.es","telephone":"+34652131393","foundingDate":"2012-06-10","logo":{"@type":"ImageObject","url":"https:\/\/candas365.es\/noticias\/wp-content\/uploads\/2024\/09\/Candas-365-Redes.jpg","@id":"https:\/\/candas365.es\/noticias\/basf-descarta-posibles-problemas-de-suministro-de-gas-este-invierno\/#organizationLogo","width":1152,"height":864,"caption":"Cand\u00e1s 365 Redes"},"image":{"@id":"https:\/\/candas365.es\/noticias\/basf-descarta-posibles-problemas-de-suministro-de-gas-este-invierno\/#organizationLogo"},"sameAs":["https:\/\/www.facebook.com\/Nachofdezber","https:\/\/x.com\/NabercoDigital","https:\/\/www.instagram.com\/nachofdezber\/","https:\/\/www.youtube.com\/channel\/UCZP-2wLEB9Rv6erhFmqVnvg"],"address":{"@id":"https:\/\/candas365.es\/noticias\/#postaladdress","@type":"PostalAddress","streetAddress":"san antonio 4, san antonio 4","postalCode":"33430","addressLocality":"Cand\u00e1s","addressRegion":"Asturias","addressCountry":"ES"}},{"@type":"Person","@id":"https:\/\/candas365.es\/noticias\/author\/admin\/#author","url":"https:\/\/candas365.es\/noticias\/author\/admin\/","name":"Cand\u00e1s 365","image":{"@type":"ImageObject","@id":"https:\/\/candas365.es\/noticias\/basf-descarta-posibles-problemas-de-suministro-de-gas-este-invierno\/#authorImage","url":"https:\/\/secure.gravatar.com\/avatar\/496a8e03d0c493ede1718b7934145dbdf8d89be1036b0eec9544e1094c9de390?s=96&d=mm&r=g","width":96,"height":96,"caption":"Cand\u00e1s 365"},"sameAs":["https:\/\/www.facebook.com\/carrenoactualidad","https:\/\/twitter.com\/nbasturias","https:\/\/www.instagram.com\/nachofdezber\/","https:\/\/www.youtube.com\/channel\/UCZP-2wLEB9Rv6erhFmqVnvg"]},{"@type":"WebPage","@id":"https:\/\/candas365.es\/noticias\/basf-descarta-posibles-problemas-de-suministro-de-gas-este-invierno\/#webpage","url":"https:\/\/candas365.es\/noticias\/basf-descarta-posibles-problemas-de-suministro-de-gas-este-invierno\/","name":"BASF descarta posibles problemas de suministro de gas este invierno | Cand\u00e1s 365","description":"Berl\u00edn, 24 nov (dpa) - El director ejecutivo del gigante qu\u00edmico alem\u00e1n BASF, Martin Bruderm\u00fcller, conf\u00eda en la empresa estatal rusa Gazprom como un proveedor de energ\u00eda fiable y descarta problemas en el suministro de gas a pesar de las sanciones impuestas contra ese pa\u00eds. \"Tampoco este invierno tenemos que esperar escasez de gas\", dijo","inLanguage":"es-ES","isPartOf":{"@id":"https:\/\/candas365.es\/noticias\/#website"},"breadcrumb":{"@id":"https:\/\/candas365.es\/noticias\/basf-descarta-posibles-problemas-de-suministro-de-gas-este-invierno\/#breadcrumblist"},"author":{"@id":"https:\/\/candas365.es\/noticias\/author\/admin\/#author"},"creator":{"@id":"https:\/\/candas365.es\/noticias\/author\/admin\/#author"},"image":{"@type":"ImageObject","url":"https:\/\/candas365.es\/noticias\/wp-content\/uploads\/2018\/11\/appliance-2257_960_720.jpg","@id":"https:\/\/candas365.es\/noticias\/basf-descarta-posibles-problemas-de-suministro-de-gas-este-invierno\/#mainImage","width":960,"height":640},"primaryImageOfPage":{"@id":"https:\/\/candas365.es\/noticias\/basf-descarta-posibles-problemas-de-suministro-de-gas-este-invierno\/#mainImage"},"datePublished":"2018-11-24T17:52:33+01:00","dateModified":"2018-11-24T17:52:33+01:00"},{"@type":"WebSite","@id":"https:\/\/candas365.es\/noticias\/#website","url":"https:\/\/candas365.es\/noticias\/","name":"Cand\u00e1s 365","alternateName":"Cand\u00e1s 365 Noticias","description":"Actualidad desde Carre\u00f1o para el mundo","inLanguage":"es-ES","publisher":{"@id":"https:\/\/candas365.es\/noticias\/#organization"}}]},"og:locale":"es_ES","og:site_name":"Cand\u00e1s 365","og:type":"article","og:title":"BASF descarta posibles problemas de suministro de gas este invierno | Cand\u00e1s 365","og:description":"Berl\u00edn, 24 nov (dpa) - El director ejecutivo del gigante qu\u00edmico alem\u00e1n BASF, Martin Bruderm\u00fcller, conf\u00eda en la empresa estatal rusa Gazprom como un proveedor de energ\u00eda fiable y descarta problemas en el suministro de gas a pesar de las sanciones impuestas contra ese pa\u00eds. &quot;Tampoco este invierno tenemos que esperar escasez de gas&quot;, dijo","og:url":"https:\/\/candas365.es\/noticias\/basf-descarta-posibles-problemas-de-suministro-de-gas-este-invierno\/","og:image":"https:\/\/candas365.es\/noticias\/wp-content\/uploads\/2018\/11\/appliance-2257_960_720.jpg","og:image:secure_url":"https:\/\/candas365.es\/noticias\/wp-content\/uploads\/2018\/11\/appliance-2257_960_720.jpg","og:image:width":960,"og:image:height":640,"article:published_time":"2018-11-24T17:52:33+00:00","article:modified_time":"2018-11-24T17:52:33+00:00","article:publisher":"https:\/\/www.facebook.com\/Nachofdezber","article:author":"https:\/\/www.facebook.com\/carrenoactualidad","twitter:card":"summary_large_image","twitter:site":"@NabercoDigital","twitter:title":"BASF descarta posibles problemas de suministro de gas este invierno | Cand\u00e1s 365","twitter:description":"Berl\u00edn, 24 nov (dpa) - El director ejecutivo del gigante qu\u00edmico alem\u00e1n BASF, Martin Bruderm\u00fcller, conf\u00eda en la empresa estatal rusa Gazprom como un proveedor de energ\u00eda fiable y descarta problemas en el suministro de gas a pesar de las sanciones impuestas contra ese pa\u00eds. &quot;Tampoco este invierno tenemos que esperar escasez de gas&quot;, dijo","twitter:creator":"@nbasturias","twitter:image":"https:\/\/candas365.es\/noticias\/wp-content\/uploads\/2018\/11\/appliance-2257_960_720.jpg","twitter:label1":"Escrito por","twitter:data1":"Cand\u00e1s 365","twitter:label2":"Tiempo de lectura estimado","twitter:data2":"2 minutos"},"aioseo_meta_data":{"post_id":"110647","title":null,"description":null,"keywords":null,"keyphrases":null,"primary_term":null,"canonical_url":null,"og_title":null,"og_description":null,"og_object_type":"default","og_image_type":"default","og_image_url":null,"og_image_width":null,"og_image_height":null,"og_image_custom_url":null,"og_image_custom_fields":null,"og_video":null,"og_custom_url":null,"og_article_section":null,"og_article_tags":null,"twitter_use_og":false,"twitter_card":"default","twitter_image_type":"default","twitter_image_url":null,"twitter_image_custom_url":null,"twitter_image_custom_fields":null,"twitter_title":null,"twitter_description":null,"schema":{"blockGraphs":[],"customGraphs":[],"default":{"data":{"Article":[],"Course":[],"Dataset":[],"FAQPage":[],"Movie":[],"Person":[],"Product":[],"ProductReview":[],"Car":[],"Recipe":[],"Service":[],"SoftwareApplication":[],"WebPage":[]},"graphName":"","isEnabled":true},"graphs":[],"defaultGraph":"","defaultPostTypeGraph":""},"schema_type":null,"schema_type_options":null,"pillar_content":false,"robots_default":true,"robots_noindex":false,"robots_noarchive":false,"robots_nosnippet":false,"robots_nofollow":false,"robots_noimageindex":false,"robots_noodp":false,"robots_notranslate":false,"robots_max_snippet":null,"robots_max_videopreview":null,"robots_max_imagepreview":"large","priority":null,"frequency":null,"location":null,"local_seo":null,"seo_analyzer_scan_date":"2025-08-28 13:10:40","breadcrumb_settings":null,"limit_modified_date":false,"reviewed_by":null,"open_ai":null,"ai":null,"created":"2020-12-21 11:38:26","updated":"2025-08-28 13:10:40"},"aioseo_breadcrumb":"<div class=\"aioseo-breadcrumbs\"><span class=\"aioseo-breadcrumb\">\n\t<a href=\"https:\/\/candas365.es\/noticias\" title=\"Home\">Home<\/a>\n<\/span><span class=\"aioseo-breadcrumb-separator\">&ndash;<\/span><span class=\"aioseo-breadcrumb\">\n\t<a href=\"https:\/\/candas365.es\/noticias\/category\/actualidad\/\" title=\"Actualidad\">Actualidad<\/a>\n<\/span><span class=\"aioseo-breadcrumb-separator\">&ndash;<\/span><span class=\"aioseo-breadcrumb\">\n\tBASF descarta posibles problemas de suministro de gas este invierno\n<\/span><\/div>","aioseo_breadcrumb_json":[{"label":"Home","link":"https:\/\/candas365.es\/noticias"},{"label":"Actualidad","link":"https:\/\/candas365.es\/noticias\/category\/actualidad\/"},{"label":"BASF descarta posibles problemas de suministro de gas este invierno","link":"https:\/\/candas365.es\/noticias\/basf-descarta-posibles-problemas-de-suministro-de-gas-este-invierno\/"}],"_links":{"self":[{"href":"https:\/\/candas365.es\/noticias\/wp-json\/wp\/v2\/posts\/110647","targetHints":{"allow":["GET"]}}],"collection":[{"href":"https:\/\/candas365.es\/noticias\/wp-json\/wp\/v2\/posts"}],"about":[{"href":"https:\/\/candas365.es\/noticias\/wp-json\/wp\/v2\/types\/post"}],"author":[{"embeddable":true,"href":"https:\/\/candas365.es\/noticias\/wp-json\/wp\/v2\/users\/1"}],"replies":[{"embeddable":true,"href":"https:\/\/candas365.es\/noticias\/wp-json\/wp\/v2\/comments?post=110647"}],"version-history":[{"count":0,"href":"https:\/\/candas365.es\/noticias\/wp-json\/wp\/v2\/posts\/110647\/revisions"}],"wp:featuredmedia":[{"embeddable":true,"href":"https:\/\/candas365.es\/noticias\/wp-json\/wp\/v2\/media\/110648"}],"wp:attachment":[{"href":"https:\/\/candas365.es\/noticias\/wp-json\/wp\/v2\/media?parent=110647"}],"wp:term":[{"taxonomy":"category","embeddable":true,"href":"https:\/\/candas365.es\/noticias\/wp-json\/wp\/v2\/categories?post=110647"},{"taxonomy":"post_tag","embeddable":true,"href":"https:\/\/candas365.es\/noticias\/wp-json\/wp\/v2\/tags?post=110647"}],"curies":[{"name":"wp","href":"https:\/\/api.w.org\/{rel}","templated":true}]}}