{"id":110643,"date":"2018-11-24T17:43:11","date_gmt":"2018-11-24T17:43:11","guid":{"rendered":"http:\/\/candas365.es\/noticias\/?p=110643"},"modified":"2018-11-24T17:43:11","modified_gmt":"2018-11-24T17:43:11","slug":"el-borussia-dortmund-ficha-a-alcacer-contrato-hasta-2023","status":"publish","type":"post","link":"https:\/\/candas365.es\/noticias\/el-borussia-dortmund-ficha-a-alcacer-contrato-hasta-2023\/","title":{"rendered":"El Borussia Dortmund ficha a Alc\u00e1cer: contrato hasta 2023"},"content":{"rendered":"<p><img fetchpriority=\"high\" decoding=\"async\" class=\"alignleft size-medium wp-image-95698\" src=\"https:\/\/candas365.es\/noticias\/wp-content\/uploads\/2018\/05\/football-fans-797383_960_720-314x300.jpg\" alt=\"\" width=\"314\" height=\"300\" srcset=\"https:\/\/candas365.es\/noticias\/wp-content\/uploads\/2018\/05\/football-fans-797383_960_720-314x300.jpg 314w, https:\/\/candas365.es\/noticias\/wp-content\/uploads\/2018\/05\/football-fans-797383_960_720-502x480.jpg 502w, https:\/\/candas365.es\/noticias\/wp-content\/uploads\/2018\/05\/football-fans-797383_960_720-696x665.jpg 696w, https:\/\/candas365.es\/noticias\/wp-content\/uploads\/2018\/05\/football-fans-797383_960_720-439x420.jpg 439w, https:\/\/candas365.es\/noticias\/wp-content\/uploads\/2018\/05\/football-fans-797383_960_720.jpg 753w\" sizes=\"(max-width: 314px) 100vw, 314px\" \/>Dortmund (Alemania), 24 nov (dpa) &#8211; El Borussia Dortmund decidi\u00f3 hacer uso de la opci\u00f3n de compra de Paco Alc\u00e1cer y fich\u00f3 al delantero espa\u00f1ol con un contrato hasta 2023, anunci\u00f3 ayer el l\u00edder de la Liga alemana de f\u00fatbol.<\/p>\n<p>Alc\u00e1cer, de 25 a\u00f1os, se encontraba en el Dortmund como cedido del Barcelona. Sin embargo, tras su espectacular comienzo de temporada, el conjunto aurinegro no dud\u00f3 en avanzar con su fichaje definitivo.<\/p>\n<p>El espa\u00f1ol anot\u00f3 nueve goles en ocho partidos desde que lleg\u00f3 al Dortmund esta temporada, con un notable promedio de un tanto cada 44 minutos.<\/p>\n<p>\u00abHemos informado al Barcelona de que haremos uso de la opci\u00f3n de compra\u00bb, dijo el director deportivo del Dortmund, Michael Zorc, en un comunicado. \u00abEs un verdadero goleador y ha mostrado un gran f\u00fatbol que ya nos ha ayudado a ganar importantes partidos\u00bb.<\/p>\n<p>El Dortmund no inform\u00f3 sobre el monto del fichaje. Seg\u00fan la revista \u00abKicker\u00bb, el club alem\u00e1n pagar\u00e1 21 de millones de euros al Barcelona (unos 23,8 millones de d\u00f3lares) que se sumar\u00e1n a los dos millones de euros que ya fueron desembolsados por el pr\u00e9stamo. Adem\u00e1s, podr\u00edan agregarse otros cinco millones adicionales en funci\u00f3n del rendimiento.<\/p>\n<p>Alc\u00e1cer anot\u00f3 el gol del triunfo del Dortmund por 3-2 sobre el Bayern M\u00fanich antes del receso por los partidos internacionales. La victoria en el cl\u00e1sico permiti\u00f3 al Dortmund afirmarse como l\u00edder con cuatro puntos de ventaja sobre el Borussia M\u00f6nchengladbach.<\/p>\n<p>\u00abEsto muy feliz en Dortmund y en este equipo maravilloso\u00bb, dijo el espa\u00f1ol. \u00abVenir al Borussia Dortmund ha sido la decisi\u00f3n correcta para m\u00ed. Lo dar\u00e9 todo para agradecer esta confianza con goles y un buen rendimiento\u00bb.<\/p>\n","protected":false},"excerpt":{"rendered":"<p>Dortmund (Alemania), 24 nov (dpa) &#8211; El Borussia Dortmund decidi\u00f3 hacer uso de la opci\u00f3n de compra de Paco Alc\u00e1cer y fich\u00f3 al delantero espa\u00f1ol con un contrato hasta 2023, anunci\u00f3 ayer el l\u00edder de la Liga alemana de f\u00fatbol. Alc\u00e1cer, de 25 a\u00f1os, se encontraba en el Dortmund como cedido del Barcelona. Sin embargo,<\/p>\n","protected":false},"author":1,"featured_media":95698,"comment_status":"closed","ping_status":"closed","sticky":false,"template":"","format":"standard","meta":{"footnotes":""},"categories":[319],"tags":[],"class_list":{"0":"post-110643","1":"post","2":"type-post","3":"status-publish","4":"format-standard","5":"has-post-thumbnail","7":"category-deporte"},"aioseo_notices":[],"aioseo_head":"\n\t\t<!-- All in One SEO Pro 4.9.6.2 - aioseo.com -->\n\t<meta name=\"description\" content=\"Dortmund (Alemania), 24 nov (dpa) - El Borussia Dortmund decidi\u00f3 hacer uso de la opci\u00f3n de compra de Paco Alc\u00e1cer y fich\u00f3 al delantero espa\u00f1ol con un contrato hasta 2023, anunci\u00f3 ayer el l\u00edder de la Liga alemana de f\u00fatbol. Alc\u00e1cer, de 25 a\u00f1os, se encontraba en el Dortmund como cedido del Barcelona. Sin embargo,\" \/>\n\t<meta name=\"robots\" content=\"max-image-preview:large\" \/>\n\t<meta name=\"author\" content=\"Cand\u00e1s 365\"\/>\n\t<meta name=\"google-site-verification\" content=\"UA-32230408-1\" \/>\n\t<meta name=\"msvalidate.01\" content=\"354F3CDFB2DA171B47FBE9ABF1F88D5\" \/>\n\t<meta name=\"keywords\" content=\"deporte\" \/>\n\t<link rel=\"canonical\" href=\"https:\/\/candas365.es\/noticias\/el-borussia-dortmund-ficha-a-alcacer-contrato-hasta-2023\/\" \/>\n\t<meta name=\"generator\" content=\"All in One SEO Pro (AIOSEO) 4.9.6.2\" \/>\n\t\t<meta property=\"og:locale\" content=\"es_ES\" \/>\n\t\t<meta property=\"og:site_name\" content=\"Cand\u00e1s 365\" \/>\n\t\t<meta property=\"og:type\" content=\"article\" \/>\n\t\t<meta property=\"og:title\" content=\"El Borussia Dortmund ficha a Alc\u00e1cer: contrato hasta 2023 | Cand\u00e1s 365\" \/>\n\t\t<meta property=\"og:description\" content=\"Dortmund (Alemania), 24 nov (dpa) - El Borussia Dortmund decidi\u00f3 hacer uso de la opci\u00f3n de compra de Paco Alc\u00e1cer y fich\u00f3 al delantero espa\u00f1ol con un contrato hasta 2023, anunci\u00f3 ayer el l\u00edder de la Liga alemana de f\u00fatbol. Alc\u00e1cer, de 25 a\u00f1os, se encontraba en el Dortmund como cedido del Barcelona. Sin embargo,\" \/>\n\t\t<meta property=\"og:url\" content=\"https:\/\/candas365.es\/noticias\/el-borussia-dortmund-ficha-a-alcacer-contrato-hasta-2023\/\" \/>\n\t\t<meta property=\"og:image\" content=\"https:\/\/candas365.es\/noticias\/wp-content\/uploads\/2018\/05\/football-fans-797383_960_720.jpg\" \/>\n\t\t<meta property=\"og:image:secure_url\" content=\"https:\/\/candas365.es\/noticias\/wp-content\/uploads\/2018\/05\/football-fans-797383_960_720.jpg\" \/>\n\t\t<meta property=\"og:image:width\" content=\"753\" \/>\n\t\t<meta property=\"og:image:height\" content=\"720\" \/>\n\t\t<meta property=\"article:published_time\" content=\"2018-11-24T17:43:11+00:00\" \/>\n\t\t<meta property=\"article:modified_time\" content=\"2018-11-24T17:43:11+00:00\" \/>\n\t\t<meta property=\"article:publisher\" content=\"https:\/\/www.facebook.com\/Nachofdezber\" \/>\n\t\t<meta property=\"article:author\" content=\"https:\/\/www.facebook.com\/carrenoactualidad\" \/>\n\t\t<meta name=\"twitter:card\" content=\"summary_large_image\" \/>\n\t\t<meta name=\"twitter:site\" content=\"@NabercoDigital\" \/>\n\t\t<meta name=\"twitter:title\" content=\"El Borussia Dortmund ficha a Alc\u00e1cer: contrato hasta 2023 | Cand\u00e1s 365\" \/>\n\t\t<meta name=\"twitter:description\" content=\"Dortmund (Alemania), 24 nov (dpa) - El Borussia Dortmund decidi\u00f3 hacer uso de la opci\u00f3n de compra de Paco Alc\u00e1cer y fich\u00f3 al delantero espa\u00f1ol con un contrato hasta 2023, anunci\u00f3 ayer el l\u00edder de la Liga alemana de f\u00fatbol. Alc\u00e1cer, de 25 a\u00f1os, se encontraba en el Dortmund como cedido del Barcelona. Sin embargo,\" \/>\n\t\t<meta name=\"twitter:creator\" content=\"@nbasturias\" \/>\n\t\t<meta name=\"twitter:image\" content=\"https:\/\/candas365.es\/noticias\/wp-content\/uploads\/2018\/05\/football-fans-797383_960_720.jpg\" \/>\n\t\t<meta name=\"twitter:label1\" content=\"Escrito por\" \/>\n\t\t<meta name=\"twitter:data1\" content=\"Cand\u00e1s 365\" \/>\n\t\t<meta name=\"twitter:label2\" content=\"Tiempo de lectura estimado\" \/>\n\t\t<meta name=\"twitter:data2\" content=\"1 minuto\" \/>\n\t\t<script type=\"application\/ld+json\" class=\"aioseo-schema\">\n\t\t\t{\"@context\":\"https:\\\/\\\/schema.org\",\"@graph\":[{\"@type\":\"BreadcrumbList\",\"@id\":\"https:\\\/\\\/candas365.es\\\/noticias\\\/el-borussia-dortmund-ficha-a-alcacer-contrato-hasta-2023\\\/#breadcrumblist\",\"itemListElement\":[{\"@type\":\"ListItem\",\"@id\":\"https:\\\/\\\/candas365.es\\\/noticias#listItem\",\"position\":1,\"name\":\"Home\",\"item\":\"https:\\\/\\\/candas365.es\\\/noticias\",\"nextItem\":{\"@type\":\"ListItem\",\"@id\":\"https:\\\/\\\/candas365.es\\\/noticias\\\/category\\\/deporte\\\/#listItem\",\"name\":\"Deporte\"}},{\"@type\":\"ListItem\",\"@id\":\"https:\\\/\\\/candas365.es\\\/noticias\\\/category\\\/deporte\\\/#listItem\",\"position\":2,\"name\":\"Deporte\",\"item\":\"https:\\\/\\\/candas365.es\\\/noticias\\\/category\\\/deporte\\\/\",\"nextItem\":{\"@type\":\"ListItem\",\"@id\":\"https:\\\/\\\/candas365.es\\\/noticias\\\/el-borussia-dortmund-ficha-a-alcacer-contrato-hasta-2023\\\/#listItem\",\"name\":\"El Borussia Dortmund ficha a Alc\\u00e1cer: contrato hasta 2023\"},\"previousItem\":{\"@type\":\"ListItem\",\"@id\":\"https:\\\/\\\/candas365.es\\\/noticias#listItem\",\"name\":\"Home\"}},{\"@type\":\"ListItem\",\"@id\":\"https:\\\/\\\/candas365.es\\\/noticias\\\/el-borussia-dortmund-ficha-a-alcacer-contrato-hasta-2023\\\/#listItem\",\"position\":3,\"name\":\"El Borussia Dortmund ficha a Alc\\u00e1cer: contrato hasta 2023\",\"previousItem\":{\"@type\":\"ListItem\",\"@id\":\"https:\\\/\\\/candas365.es\\\/noticias\\\/category\\\/deporte\\\/#listItem\",\"name\":\"Deporte\"}}]},{\"@type\":\"NewsArticle\",\"@id\":\"https:\\\/\\\/candas365.es\\\/noticias\\\/el-borussia-dortmund-ficha-a-alcacer-contrato-hasta-2023\\\/#newsarticle\",\"name\":\"El Borussia Dortmund ficha a Alc\\u00e1cer: contrato hasta 2023 | Cand\\u00e1s 365\",\"headline\":\"El Borussia Dortmund ficha a Alc\\u00e1cer: contrato hasta 2023\",\"author\":{\"@id\":\"https:\\\/\\\/candas365.es\\\/noticias\\\/author\\\/admin\\\/#author\"},\"publisher\":{\"@id\":\"https:\\\/\\\/candas365.es\\\/noticias\\\/#organization\"},\"image\":{\"@type\":\"ImageObject\",\"url\":\"https:\\\/\\\/candas365.es\\\/noticias\\\/wp-content\\\/uploads\\\/2018\\\/05\\\/football-fans-797383_960_720.jpg\",\"width\":753,\"height\":720},\"datePublished\":\"2018-11-24T17:43:11+01:00\",\"dateModified\":\"2018-11-24T17:43:11+01:00\",\"inLanguage\":\"es-ES\",\"mainEntityOfPage\":{\"@id\":\"https:\\\/\\\/candas365.es\\\/noticias\\\/el-borussia-dortmund-ficha-a-alcacer-contrato-hasta-2023\\\/#webpage\"},\"isPartOf\":{\"@id\":\"https:\\\/\\\/candas365.es\\\/noticias\\\/el-borussia-dortmund-ficha-a-alcacer-contrato-hasta-2023\\\/#webpage\"},\"articleSection\":\"Deporte\",\"dateline\":\"Publicado el noviembre 24, 2018.\"},{\"@type\":\"Organization\",\"@id\":\"https:\\\/\\\/candas365.es\\\/noticias\\\/#organization\",\"name\":\"Cand\\u00e1s 365\",\"description\":\"Cand\\u00e1s 365 es un diario digital independiente, fundado en 2012, con base en Asturias. Informamos con rigor sobre actualidad, sociedad, cultura y ocio, con una mirada local y global.\",\"url\":\"https:\\\/\\\/candas365.es\\\/noticias\\\/\",\"email\":\"info@candas365.es\",\"telephone\":\"+34652131393\",\"foundingDate\":\"2012-06-10\",\"logo\":{\"@type\":\"ImageObject\",\"url\":\"https:\\\/\\\/candas365.es\\\/noticias\\\/wp-content\\\/uploads\\\/2024\\\/09\\\/Candas-365-Redes.jpg\",\"@id\":\"https:\\\/\\\/candas365.es\\\/noticias\\\/el-borussia-dortmund-ficha-a-alcacer-contrato-hasta-2023\\\/#organizationLogo\",\"width\":1152,\"height\":864,\"caption\":\"Cand\\u00e1s 365 Redes\"},\"image\":{\"@id\":\"https:\\\/\\\/candas365.es\\\/noticias\\\/el-borussia-dortmund-ficha-a-alcacer-contrato-hasta-2023\\\/#organizationLogo\"},\"sameAs\":[\"https:\\\/\\\/www.facebook.com\\\/Nachofdezber\",\"https:\\\/\\\/x.com\\\/NabercoDigital\",\"https:\\\/\\\/www.instagram.com\\\/nachofdezber\\\/\",\"https:\\\/\\\/www.youtube.com\\\/channel\\\/UCZP-2wLEB9Rv6erhFmqVnvg\"],\"address\":{\"@id\":\"https:\\\/\\\/candas365.es\\\/noticias\\\/#postaladdress\",\"@type\":\"PostalAddress\",\"streetAddress\":\"san antonio 4, san antonio 4\",\"postalCode\":\"33430\",\"addressLocality\":\"Cand\\u00e1s\",\"addressRegion\":\"Asturias\",\"addressCountry\":\"ES\"}},{\"@type\":\"Person\",\"@id\":\"https:\\\/\\\/candas365.es\\\/noticias\\\/author\\\/admin\\\/#author\",\"url\":\"https:\\\/\\\/candas365.es\\\/noticias\\\/author\\\/admin\\\/\",\"name\":\"Cand\\u00e1s 365\",\"image\":{\"@type\":\"ImageObject\",\"@id\":\"https:\\\/\\\/candas365.es\\\/noticias\\\/el-borussia-dortmund-ficha-a-alcacer-contrato-hasta-2023\\\/#authorImage\",\"url\":\"https:\\\/\\\/secure.gravatar.com\\\/avatar\\\/496a8e03d0c493ede1718b7934145dbdf8d89be1036b0eec9544e1094c9de390?s=96&d=mm&r=g\",\"width\":96,\"height\":96,\"caption\":\"Cand\\u00e1s 365\"},\"sameAs\":[\"https:\\\/\\\/www.facebook.com\\\/carrenoactualidad\",\"https:\\\/\\\/twitter.com\\\/nbasturias\",\"https:\\\/\\\/www.instagram.com\\\/nachofdezber\\\/\",\"https:\\\/\\\/www.youtube.com\\\/channel\\\/UCZP-2wLEB9Rv6erhFmqVnvg\"]},{\"@type\":\"WebPage\",\"@id\":\"https:\\\/\\\/candas365.es\\\/noticias\\\/el-borussia-dortmund-ficha-a-alcacer-contrato-hasta-2023\\\/#webpage\",\"url\":\"https:\\\/\\\/candas365.es\\\/noticias\\\/el-borussia-dortmund-ficha-a-alcacer-contrato-hasta-2023\\\/\",\"name\":\"El Borussia Dortmund ficha a Alc\\u00e1cer: contrato hasta 2023 | Cand\\u00e1s 365\",\"description\":\"Dortmund (Alemania), 24 nov (dpa) - El Borussia Dortmund decidi\\u00f3 hacer uso de la opci\\u00f3n de compra de Paco Alc\\u00e1cer y fich\\u00f3 al delantero espa\\u00f1ol con un contrato hasta 2023, anunci\\u00f3 ayer el l\\u00edder de la Liga alemana de f\\u00fatbol. Alc\\u00e1cer, de 25 a\\u00f1os, se encontraba en el Dortmund como cedido del Barcelona. Sin embargo,\",\"inLanguage\":\"es-ES\",\"isPartOf\":{\"@id\":\"https:\\\/\\\/candas365.es\\\/noticias\\\/#website\"},\"breadcrumb\":{\"@id\":\"https:\\\/\\\/candas365.es\\\/noticias\\\/el-borussia-dortmund-ficha-a-alcacer-contrato-hasta-2023\\\/#breadcrumblist\"},\"author\":{\"@id\":\"https:\\\/\\\/candas365.es\\\/noticias\\\/author\\\/admin\\\/#author\"},\"creator\":{\"@id\":\"https:\\\/\\\/candas365.es\\\/noticias\\\/author\\\/admin\\\/#author\"},\"image\":{\"@type\":\"ImageObject\",\"url\":\"https:\\\/\\\/candas365.es\\\/noticias\\\/wp-content\\\/uploads\\\/2018\\\/05\\\/football-fans-797383_960_720.jpg\",\"@id\":\"https:\\\/\\\/candas365.es\\\/noticias\\\/el-borussia-dortmund-ficha-a-alcacer-contrato-hasta-2023\\\/#mainImage\",\"width\":753,\"height\":720},\"primaryImageOfPage\":{\"@id\":\"https:\\\/\\\/candas365.es\\\/noticias\\\/el-borussia-dortmund-ficha-a-alcacer-contrato-hasta-2023\\\/#mainImage\"},\"datePublished\":\"2018-11-24T17:43:11+01:00\",\"dateModified\":\"2018-11-24T17:43:11+01:00\"},{\"@type\":\"WebSite\",\"@id\":\"https:\\\/\\\/candas365.es\\\/noticias\\\/#website\",\"url\":\"https:\\\/\\\/candas365.es\\\/noticias\\\/\",\"name\":\"Cand\\u00e1s 365\",\"alternateName\":\"Cand\\u00e1s 365 Noticias\",\"description\":\"Actualidad desde Carre\\u00f1o para el mundo\",\"inLanguage\":\"es-ES\",\"publisher\":{\"@id\":\"https:\\\/\\\/candas365.es\\\/noticias\\\/#organization\"}}]}\n\t\t<\/script>\n\t\t<!-- All in One SEO Pro -->\r\n\t\t<title>El Borussia Dortmund ficha a Alc\u00e1cer: contrato hasta 2023 | Cand\u00e1s 365<\/title>\n\n","aioseo_head_json":{"title":"El Borussia Dortmund ficha a Alc\u00e1cer: contrato hasta 2023 | Cand\u00e1s 365","description":"Dortmund (Alemania), 24 nov (dpa) - El Borussia Dortmund decidi\u00f3 hacer uso de la opci\u00f3n de compra de Paco Alc\u00e1cer y fich\u00f3 al delantero espa\u00f1ol con un contrato hasta 2023, anunci\u00f3 ayer el l\u00edder de la Liga alemana de f\u00fatbol. Alc\u00e1cer, de 25 a\u00f1os, se encontraba en el Dortmund como cedido del Barcelona. Sin embargo,","canonical_url":"https:\/\/candas365.es\/noticias\/el-borussia-dortmund-ficha-a-alcacer-contrato-hasta-2023\/","robots":"max-image-preview:large","keywords":"deporte","webmasterTools":{"google-site-verification":"UA-32230408-1","msvalidate.01":"354F3CDFB2DA171B47FBE9ABF1F88D5","miscellaneous":""},"schema":{"@context":"https:\/\/schema.org","@graph":[{"@type":"BreadcrumbList","@id":"https:\/\/candas365.es\/noticias\/el-borussia-dortmund-ficha-a-alcacer-contrato-hasta-2023\/#breadcrumblist","itemListElement":[{"@type":"ListItem","@id":"https:\/\/candas365.es\/noticias#listItem","position":1,"name":"Home","item":"https:\/\/candas365.es\/noticias","nextItem":{"@type":"ListItem","@id":"https:\/\/candas365.es\/noticias\/category\/deporte\/#listItem","name":"Deporte"}},{"@type":"ListItem","@id":"https:\/\/candas365.es\/noticias\/category\/deporte\/#listItem","position":2,"name":"Deporte","item":"https:\/\/candas365.es\/noticias\/category\/deporte\/","nextItem":{"@type":"ListItem","@id":"https:\/\/candas365.es\/noticias\/el-borussia-dortmund-ficha-a-alcacer-contrato-hasta-2023\/#listItem","name":"El Borussia Dortmund ficha a Alc\u00e1cer: contrato hasta 2023"},"previousItem":{"@type":"ListItem","@id":"https:\/\/candas365.es\/noticias#listItem","name":"Home"}},{"@type":"ListItem","@id":"https:\/\/candas365.es\/noticias\/el-borussia-dortmund-ficha-a-alcacer-contrato-hasta-2023\/#listItem","position":3,"name":"El Borussia Dortmund ficha a Alc\u00e1cer: contrato hasta 2023","previousItem":{"@type":"ListItem","@id":"https:\/\/candas365.es\/noticias\/category\/deporte\/#listItem","name":"Deporte"}}]},{"@type":"NewsArticle","@id":"https:\/\/candas365.es\/noticias\/el-borussia-dortmund-ficha-a-alcacer-contrato-hasta-2023\/#newsarticle","name":"El Borussia Dortmund ficha a Alc\u00e1cer: contrato hasta 2023 | Cand\u00e1s 365","headline":"El Borussia Dortmund ficha a Alc\u00e1cer: contrato hasta 2023","author":{"@id":"https:\/\/candas365.es\/noticias\/author\/admin\/#author"},"publisher":{"@id":"https:\/\/candas365.es\/noticias\/#organization"},"image":{"@type":"ImageObject","url":"https:\/\/candas365.es\/noticias\/wp-content\/uploads\/2018\/05\/football-fans-797383_960_720.jpg","width":753,"height":720},"datePublished":"2018-11-24T17:43:11+01:00","dateModified":"2018-11-24T17:43:11+01:00","inLanguage":"es-ES","mainEntityOfPage":{"@id":"https:\/\/candas365.es\/noticias\/el-borussia-dortmund-ficha-a-alcacer-contrato-hasta-2023\/#webpage"},"isPartOf":{"@id":"https:\/\/candas365.es\/noticias\/el-borussia-dortmund-ficha-a-alcacer-contrato-hasta-2023\/#webpage"},"articleSection":"Deporte","dateline":"Publicado el noviembre 24, 2018."},{"@type":"Organization","@id":"https:\/\/candas365.es\/noticias\/#organization","name":"Cand\u00e1s 365","description":"Cand\u00e1s 365 es un diario digital independiente, fundado en 2012, con base en Asturias. Informamos con rigor sobre actualidad, sociedad, cultura y ocio, con una mirada local y global.","url":"https:\/\/candas365.es\/noticias\/","email":"info@candas365.es","telephone":"+34652131393","foundingDate":"2012-06-10","logo":{"@type":"ImageObject","url":"https:\/\/candas365.es\/noticias\/wp-content\/uploads\/2024\/09\/Candas-365-Redes.jpg","@id":"https:\/\/candas365.es\/noticias\/el-borussia-dortmund-ficha-a-alcacer-contrato-hasta-2023\/#organizationLogo","width":1152,"height":864,"caption":"Cand\u00e1s 365 Redes"},"image":{"@id":"https:\/\/candas365.es\/noticias\/el-borussia-dortmund-ficha-a-alcacer-contrato-hasta-2023\/#organizationLogo"},"sameAs":["https:\/\/www.facebook.com\/Nachofdezber","https:\/\/x.com\/NabercoDigital","https:\/\/www.instagram.com\/nachofdezber\/","https:\/\/www.youtube.com\/channel\/UCZP-2wLEB9Rv6erhFmqVnvg"],"address":{"@id":"https:\/\/candas365.es\/noticias\/#postaladdress","@type":"PostalAddress","streetAddress":"san antonio 4, san antonio 4","postalCode":"33430","addressLocality":"Cand\u00e1s","addressRegion":"Asturias","addressCountry":"ES"}},{"@type":"Person","@id":"https:\/\/candas365.es\/noticias\/author\/admin\/#author","url":"https:\/\/candas365.es\/noticias\/author\/admin\/","name":"Cand\u00e1s 365","image":{"@type":"ImageObject","@id":"https:\/\/candas365.es\/noticias\/el-borussia-dortmund-ficha-a-alcacer-contrato-hasta-2023\/#authorImage","url":"https:\/\/secure.gravatar.com\/avatar\/496a8e03d0c493ede1718b7934145dbdf8d89be1036b0eec9544e1094c9de390?s=96&d=mm&r=g","width":96,"height":96,"caption":"Cand\u00e1s 365"},"sameAs":["https:\/\/www.facebook.com\/carrenoactualidad","https:\/\/twitter.com\/nbasturias","https:\/\/www.instagram.com\/nachofdezber\/","https:\/\/www.youtube.com\/channel\/UCZP-2wLEB9Rv6erhFmqVnvg"]},{"@type":"WebPage","@id":"https:\/\/candas365.es\/noticias\/el-borussia-dortmund-ficha-a-alcacer-contrato-hasta-2023\/#webpage","url":"https:\/\/candas365.es\/noticias\/el-borussia-dortmund-ficha-a-alcacer-contrato-hasta-2023\/","name":"El Borussia Dortmund ficha a Alc\u00e1cer: contrato hasta 2023 | Cand\u00e1s 365","description":"Dortmund (Alemania), 24 nov (dpa) - El Borussia Dortmund decidi\u00f3 hacer uso de la opci\u00f3n de compra de Paco Alc\u00e1cer y fich\u00f3 al delantero espa\u00f1ol con un contrato hasta 2023, anunci\u00f3 ayer el l\u00edder de la Liga alemana de f\u00fatbol. Alc\u00e1cer, de 25 a\u00f1os, se encontraba en el Dortmund como cedido del Barcelona. Sin embargo,","inLanguage":"es-ES","isPartOf":{"@id":"https:\/\/candas365.es\/noticias\/#website"},"breadcrumb":{"@id":"https:\/\/candas365.es\/noticias\/el-borussia-dortmund-ficha-a-alcacer-contrato-hasta-2023\/#breadcrumblist"},"author":{"@id":"https:\/\/candas365.es\/noticias\/author\/admin\/#author"},"creator":{"@id":"https:\/\/candas365.es\/noticias\/author\/admin\/#author"},"image":{"@type":"ImageObject","url":"https:\/\/candas365.es\/noticias\/wp-content\/uploads\/2018\/05\/football-fans-797383_960_720.jpg","@id":"https:\/\/candas365.es\/noticias\/el-borussia-dortmund-ficha-a-alcacer-contrato-hasta-2023\/#mainImage","width":753,"height":720},"primaryImageOfPage":{"@id":"https:\/\/candas365.es\/noticias\/el-borussia-dortmund-ficha-a-alcacer-contrato-hasta-2023\/#mainImage"},"datePublished":"2018-11-24T17:43:11+01:00","dateModified":"2018-11-24T17:43:11+01:00"},{"@type":"WebSite","@id":"https:\/\/candas365.es\/noticias\/#website","url":"https:\/\/candas365.es\/noticias\/","name":"Cand\u00e1s 365","alternateName":"Cand\u00e1s 365 Noticias","description":"Actualidad desde Carre\u00f1o para el mundo","inLanguage":"es-ES","publisher":{"@id":"https:\/\/candas365.es\/noticias\/#organization"}}]},"og:locale":"es_ES","og:site_name":"Cand\u00e1s 365","og:type":"article","og:title":"El Borussia Dortmund ficha a Alc\u00e1cer: contrato hasta 2023 | Cand\u00e1s 365","og:description":"Dortmund (Alemania), 24 nov (dpa) - El Borussia Dortmund decidi\u00f3 hacer uso de la opci\u00f3n de compra de Paco Alc\u00e1cer y fich\u00f3 al delantero espa\u00f1ol con un contrato hasta 2023, anunci\u00f3 ayer el l\u00edder de la Liga alemana de f\u00fatbol. Alc\u00e1cer, de 25 a\u00f1os, se encontraba en el Dortmund como cedido del Barcelona. Sin embargo,","og:url":"https:\/\/candas365.es\/noticias\/el-borussia-dortmund-ficha-a-alcacer-contrato-hasta-2023\/","og:image":"https:\/\/candas365.es\/noticias\/wp-content\/uploads\/2018\/05\/football-fans-797383_960_720.jpg","og:image:secure_url":"https:\/\/candas365.es\/noticias\/wp-content\/uploads\/2018\/05\/football-fans-797383_960_720.jpg","og:image:width":753,"og:image:height":720,"article:published_time":"2018-11-24T17:43:11+00:00","article:modified_time":"2018-11-24T17:43:11+00:00","article:publisher":"https:\/\/www.facebook.com\/Nachofdezber","article:author":"https:\/\/www.facebook.com\/carrenoactualidad","twitter:card":"summary_large_image","twitter:site":"@NabercoDigital","twitter:title":"El Borussia Dortmund ficha a Alc\u00e1cer: contrato hasta 2023 | Cand\u00e1s 365","twitter:description":"Dortmund (Alemania), 24 nov (dpa) - El Borussia Dortmund decidi\u00f3 hacer uso de la opci\u00f3n de compra de Paco Alc\u00e1cer y fich\u00f3 al delantero espa\u00f1ol con un contrato hasta 2023, anunci\u00f3 ayer el l\u00edder de la Liga alemana de f\u00fatbol. Alc\u00e1cer, de 25 a\u00f1os, se encontraba en el Dortmund como cedido del Barcelona. Sin embargo,","twitter:creator":"@nbasturias","twitter:image":"https:\/\/candas365.es\/noticias\/wp-content\/uploads\/2018\/05\/football-fans-797383_960_720.jpg","twitter:label1":"Escrito por","twitter:data1":"Cand\u00e1s 365","twitter:label2":"Tiempo de lectura estimado","twitter:data2":"1 minuto"},"aioseo_meta_data":{"post_id":"110643","title":null,"description":null,"keywords":null,"keyphrases":null,"primary_term":null,"canonical_url":null,"og_title":null,"og_description":null,"og_object_type":"default","og_image_type":"default","og_image_url":null,"og_image_width":null,"og_image_height":null,"og_image_custom_url":null,"og_image_custom_fields":null,"og_video":null,"og_custom_url":null,"og_article_section":null,"og_article_tags":null,"twitter_use_og":false,"twitter_card":"default","twitter_image_type":"default","twitter_image_url":null,"twitter_image_custom_url":null,"twitter_image_custom_fields":null,"twitter_title":null,"twitter_description":null,"schema":{"blockGraphs":[],"customGraphs":[],"default":{"data":{"Article":[],"Course":[],"Dataset":[],"FAQPage":[],"Movie":[],"Person":[],"Product":[],"ProductReview":[],"Car":[],"Recipe":[],"Service":[],"SoftwareApplication":[],"WebPage":[]},"graphName":"","isEnabled":true},"graphs":[],"defaultGraph":"","defaultPostTypeGraph":""},"schema_type":null,"schema_type_options":null,"pillar_content":false,"robots_default":true,"robots_noindex":false,"robots_noarchive":false,"robots_nosnippet":false,"robots_nofollow":false,"robots_noimageindex":false,"robots_noodp":false,"robots_notranslate":false,"robots_max_snippet":null,"robots_max_videopreview":null,"robots_max_imagepreview":"large","priority":null,"frequency":null,"location":null,"local_seo":null,"seo_analyzer_scan_date":"2025-08-28 13:09:11","breadcrumb_settings":null,"limit_modified_date":false,"reviewed_by":null,"open_ai":null,"ai":null,"created":"2020-12-21 11:38:26","updated":"2025-08-28 13:09:11"},"aioseo_breadcrumb":"<div class=\"aioseo-breadcrumbs\"><span class=\"aioseo-breadcrumb\">\n\t<a href=\"https:\/\/candas365.es\/noticias\" title=\"Home\">Home<\/a>\n<\/span><span class=\"aioseo-breadcrumb-separator\">&ndash;<\/span><span class=\"aioseo-breadcrumb\">\n\t<a href=\"https:\/\/candas365.es\/noticias\/category\/deporte\/\" title=\"Deporte\">Deporte<\/a>\n<\/span><span class=\"aioseo-breadcrumb-separator\">&ndash;<\/span><span class=\"aioseo-breadcrumb\">\n\tEl Borussia Dortmund ficha a Alc\u00e1cer: contrato hasta 2023\n<\/span><\/div>","aioseo_breadcrumb_json":[{"label":"Home","link":"https:\/\/candas365.es\/noticias"},{"label":"Deporte","link":"https:\/\/candas365.es\/noticias\/category\/deporte\/"},{"label":"El Borussia Dortmund ficha a Alc\u00e1cer: contrato hasta 2023","link":"https:\/\/candas365.es\/noticias\/el-borussia-dortmund-ficha-a-alcacer-contrato-hasta-2023\/"}],"_links":{"self":[{"href":"https:\/\/candas365.es\/noticias\/wp-json\/wp\/v2\/posts\/110643","targetHints":{"allow":["GET"]}}],"collection":[{"href":"https:\/\/candas365.es\/noticias\/wp-json\/wp\/v2\/posts"}],"about":[{"href":"https:\/\/candas365.es\/noticias\/wp-json\/wp\/v2\/types\/post"}],"author":[{"embeddable":true,"href":"https:\/\/candas365.es\/noticias\/wp-json\/wp\/v2\/users\/1"}],"replies":[{"embeddable":true,"href":"https:\/\/candas365.es\/noticias\/wp-json\/wp\/v2\/comments?post=110643"}],"version-history":[{"count":0,"href":"https:\/\/candas365.es\/noticias\/wp-json\/wp\/v2\/posts\/110643\/revisions"}],"wp:featuredmedia":[{"embeddable":true,"href":"https:\/\/candas365.es\/noticias\/wp-json\/wp\/v2\/media\/95698"}],"wp:attachment":[{"href":"https:\/\/candas365.es\/noticias\/wp-json\/wp\/v2\/media?parent=110643"}],"wp:term":[{"taxonomy":"category","embeddable":true,"href":"https:\/\/candas365.es\/noticias\/wp-json\/wp\/v2\/categories?post=110643"},{"taxonomy":"post_tag","embeddable":true,"href":"https:\/\/candas365.es\/noticias\/wp-json\/wp\/v2\/tags?post=110643"}],"curies":[{"name":"wp","href":"https:\/\/api.w.org\/{rel}","templated":true}]}}