{"id":110640,"date":"2018-11-24T17:41:37","date_gmt":"2018-11-24T17:41:37","guid":{"rendered":"http:\/\/candas365.es\/noticias\/?p=110640"},"modified":"2018-11-24T17:41:37","modified_gmt":"2018-11-24T17:41:37","slug":"una-policia-de-berlin-en-la-voz-de-alemania","status":"publish","type":"post","link":"https:\/\/candas365.es\/noticias\/una-policia-de-berlin-en-la-voz-de-alemania\/","title":{"rendered":"Una polic\u00eda de Berl\u00edn en \u00abLa voz de Alemania\u00bb"},"content":{"rendered":"<p><img fetchpriority=\"high\" decoding=\"async\" class=\"alignleft size-medium wp-image-110641\" src=\"https:\/\/candas365.es\/noticias\/wp-content\/uploads\/2018\/11\/headphones-3683983_960_720-360x240.jpg\" alt=\"\" width=\"360\" height=\"240\" srcset=\"https:\/\/candas365.es\/noticias\/wp-content\/uploads\/2018\/11\/headphones-3683983_960_720-360x240.jpg 360w, https:\/\/candas365.es\/noticias\/wp-content\/uploads\/2018\/11\/headphones-3683983_960_720-768x512.jpg 768w, https:\/\/candas365.es\/noticias\/wp-content\/uploads\/2018\/11\/headphones-3683983_960_720-655x437.jpg 655w, https:\/\/candas365.es\/noticias\/wp-content\/uploads\/2018\/11\/headphones-3683983_960_720-696x464.jpg 696w, https:\/\/candas365.es\/noticias\/wp-content\/uploads\/2018\/11\/headphones-3683983_960_720-630x420.jpg 630w, https:\/\/candas365.es\/noticias\/wp-content\/uploads\/2018\/11\/headphones-3683983_960_720.jpg 960w\" sizes=\"(max-width: 360px) 100vw, 360px\" \/>Berl\u00edn, 24 nov (dpa) &#8211; Un agente de la Polic\u00eda de Berl\u00edn acudi\u00f3 a un concurso musical de la televisi\u00f3n alemana no para dar un vuelco a su vida profesional, sino con el objetivo de llamar la atenci\u00f3n sobre los delitos de odio que sufren muchas personas del colectivo LGBT en el pa\u00eds.<\/p>\n<p>Sebastian Stipp logr\u00f3 pasar recientemente otra ronda en el popular programa \u00abLa voz de Alemania\u00bb (The Voice of Germany). Como persona de contacto dentro de la Polic\u00eda de Berl\u00edn para gays, lesbianas y transexuales, quiere as\u00ed mostrarse m\u00e1s cercano y animar a las v\u00edctimas de delitos homof\u00f3bicos y transg\u00e9nero a que tengan el valor de denunciar las agresiones. Incluso los insultos son inaceptables y deben ser denunciados, dijo a dpa el joven de 33 a\u00f1os.<\/p>\n<p>Con su participaci\u00f3n en el concurso, \u00e9l y su compa\u00f1ero quer\u00edan demostrar que no son \u00abpolic\u00edas anticuados y r\u00edgidos\u00bb, sino que es posible hablar con ellos, coment\u00f3 Stipp. \u00abEsperamos recibir m\u00e1s denuncias y queremos hacer m\u00e1s visibles los cr\u00edmenes de odio\u00bb, indic\u00f3.<\/p>\n<p>Stipp estudi\u00f3 m\u00fasica y espect\u00e1culos en Berl\u00edn antes de incorporarse a la Polic\u00eda. En este sentido, el programa tambi\u00e9n le da la oportunidad de desahogarse, dijo. En \u00abLa Voz de Alemania\u00bb logr\u00f3 convencer a Smudo y Michi B. del grupo alem\u00e1n Die Fantastischen Vier con una canci\u00f3n alemana de Sasha. Su pr\u00f3xima actuaci\u00f3n podr\u00e1 verse el pr\u00f3ximo jueves (29 de noviembre) en la cadena privada alemana ProSieben.<\/p>\n","protected":false},"excerpt":{"rendered":"<p>Berl\u00edn, 24 nov (dpa) &#8211; Un agente de la Polic\u00eda de Berl\u00edn acudi\u00f3 a un concurso musical de la televisi\u00f3n alemana no para dar un vuelco a su vida profesional, sino con el objetivo de llamar la atenci\u00f3n sobre los delitos de odio que sufren muchas personas del colectivo LGBT en el pa\u00eds. Sebastian Stipp<\/p>\n","protected":false},"author":1,"featured_media":110641,"comment_status":"closed","ping_status":"closed","sticky":false,"template":"","format":"standard","meta":{"footnotes":""},"categories":[143],"tags":[],"class_list":{"0":"post-110640","1":"post","2":"type-post","3":"status-publish","4":"format-standard","5":"has-post-thumbnail","7":"category-sociedad"},"aioseo_notices":[],"aioseo_head":"\n\t\t<!-- All in One SEO Pro 4.9.6.2 - aioseo.com -->\n\t<meta name=\"description\" content=\"Berl\u00edn, 24 nov (dpa) - Un agente de la Polic\u00eda de Berl\u00edn acudi\u00f3 a un concurso musical de la televisi\u00f3n alemana no para dar un vuelco a su vida profesional, sino con el objetivo de llamar la atenci\u00f3n sobre los delitos de odio que sufren muchas personas del colectivo LGBT en el pa\u00eds. Sebastian Stipp\" \/>\n\t<meta name=\"robots\" content=\"max-image-preview:large\" \/>\n\t<meta name=\"author\" content=\"Cand\u00e1s 365\"\/>\n\t<meta name=\"google-site-verification\" content=\"UA-32230408-1\" \/>\n\t<meta name=\"msvalidate.01\" content=\"354F3CDFB2DA171B47FBE9ABF1F88D5\" \/>\n\t<meta name=\"keywords\" content=\"sociedad\" \/>\n\t<link rel=\"canonical\" href=\"https:\/\/candas365.es\/noticias\/una-policia-de-berlin-en-la-voz-de-alemania\/\" \/>\n\t<meta name=\"generator\" content=\"All in One SEO Pro (AIOSEO) 4.9.6.2\" \/>\n\t\t<meta property=\"og:locale\" content=\"es_ES\" \/>\n\t\t<meta property=\"og:site_name\" content=\"Cand\u00e1s 365\" \/>\n\t\t<meta property=\"og:type\" content=\"article\" \/>\n\t\t<meta property=\"og:title\" content=\"Una polic\u00eda de Berl\u00edn en \u00abLa voz de Alemania\u00bb | Cand\u00e1s 365\" \/>\n\t\t<meta property=\"og:description\" content=\"Berl\u00edn, 24 nov (dpa) - Un agente de la Polic\u00eda de Berl\u00edn acudi\u00f3 a un concurso musical de la televisi\u00f3n alemana no para dar un vuelco a su vida profesional, sino con el objetivo de llamar la atenci\u00f3n sobre los delitos de odio que sufren muchas personas del colectivo LGBT en el pa\u00eds. Sebastian Stipp\" \/>\n\t\t<meta property=\"og:url\" content=\"https:\/\/candas365.es\/noticias\/una-policia-de-berlin-en-la-voz-de-alemania\/\" \/>\n\t\t<meta property=\"og:image\" content=\"https:\/\/candas365.es\/noticias\/wp-content\/uploads\/2018\/11\/headphones-3683983_960_720.jpg\" \/>\n\t\t<meta property=\"og:image:secure_url\" content=\"https:\/\/candas365.es\/noticias\/wp-content\/uploads\/2018\/11\/headphones-3683983_960_720.jpg\" \/>\n\t\t<meta property=\"og:image:width\" content=\"960\" \/>\n\t\t<meta property=\"og:image:height\" content=\"640\" \/>\n\t\t<meta property=\"article:published_time\" content=\"2018-11-24T17:41:37+00:00\" \/>\n\t\t<meta property=\"article:modified_time\" content=\"2018-11-24T17:41:37+00:00\" \/>\n\t\t<meta property=\"article:publisher\" content=\"https:\/\/www.facebook.com\/Nachofdezber\" \/>\n\t\t<meta property=\"article:author\" content=\"https:\/\/www.facebook.com\/carrenoactualidad\" \/>\n\t\t<meta name=\"twitter:card\" content=\"summary_large_image\" \/>\n\t\t<meta name=\"twitter:site\" content=\"@NabercoDigital\" \/>\n\t\t<meta name=\"twitter:title\" content=\"Una polic\u00eda de Berl\u00edn en \u00abLa voz de Alemania\u00bb | Cand\u00e1s 365\" \/>\n\t\t<meta name=\"twitter:description\" content=\"Berl\u00edn, 24 nov (dpa) - Un agente de la Polic\u00eda de Berl\u00edn acudi\u00f3 a un concurso musical de la televisi\u00f3n alemana no para dar un vuelco a su vida profesional, sino con el objetivo de llamar la atenci\u00f3n sobre los delitos de odio que sufren muchas personas del colectivo LGBT en el pa\u00eds. Sebastian Stipp\" \/>\n\t\t<meta name=\"twitter:creator\" content=\"@nbasturias\" \/>\n\t\t<meta name=\"twitter:image\" content=\"https:\/\/candas365.es\/noticias\/wp-content\/uploads\/2018\/11\/headphones-3683983_960_720.jpg\" \/>\n\t\t<meta name=\"twitter:label1\" content=\"Escrito por\" \/>\n\t\t<meta name=\"twitter:data1\" content=\"Cand\u00e1s 365\" \/>\n\t\t<meta name=\"twitter:label2\" content=\"Tiempo de lectura estimado\" \/>\n\t\t<meta name=\"twitter:data2\" content=\"1 minuto\" \/>\n\t\t<script type=\"application\/ld+json\" class=\"aioseo-schema\">\n\t\t\t{\"@context\":\"https:\\\/\\\/schema.org\",\"@graph\":[{\"@type\":\"BreadcrumbList\",\"@id\":\"https:\\\/\\\/candas365.es\\\/noticias\\\/una-policia-de-berlin-en-la-voz-de-alemania\\\/#breadcrumblist\",\"itemListElement\":[{\"@type\":\"ListItem\",\"@id\":\"https:\\\/\\\/candas365.es\\\/noticias#listItem\",\"position\":1,\"name\":\"Home\",\"item\":\"https:\\\/\\\/candas365.es\\\/noticias\",\"nextItem\":{\"@type\":\"ListItem\",\"@id\":\"https:\\\/\\\/candas365.es\\\/noticias\\\/category\\\/sociedad\\\/#listItem\",\"name\":\"Sociedad\"}},{\"@type\":\"ListItem\",\"@id\":\"https:\\\/\\\/candas365.es\\\/noticias\\\/category\\\/sociedad\\\/#listItem\",\"position\":2,\"name\":\"Sociedad\",\"item\":\"https:\\\/\\\/candas365.es\\\/noticias\\\/category\\\/sociedad\\\/\",\"nextItem\":{\"@type\":\"ListItem\",\"@id\":\"https:\\\/\\\/candas365.es\\\/noticias\\\/una-policia-de-berlin-en-la-voz-de-alemania\\\/#listItem\",\"name\":\"Una polic\\u00eda de Berl\\u00edn en \\u00abLa voz de Alemania\\u00bb\"},\"previousItem\":{\"@type\":\"ListItem\",\"@id\":\"https:\\\/\\\/candas365.es\\\/noticias#listItem\",\"name\":\"Home\"}},{\"@type\":\"ListItem\",\"@id\":\"https:\\\/\\\/candas365.es\\\/noticias\\\/una-policia-de-berlin-en-la-voz-de-alemania\\\/#listItem\",\"position\":3,\"name\":\"Una polic\\u00eda de Berl\\u00edn en \\u00abLa voz de Alemania\\u00bb\",\"previousItem\":{\"@type\":\"ListItem\",\"@id\":\"https:\\\/\\\/candas365.es\\\/noticias\\\/category\\\/sociedad\\\/#listItem\",\"name\":\"Sociedad\"}}]},{\"@type\":\"NewsArticle\",\"@id\":\"https:\\\/\\\/candas365.es\\\/noticias\\\/una-policia-de-berlin-en-la-voz-de-alemania\\\/#newsarticle\",\"name\":\"Una polic\\u00eda de Berl\\u00edn en \\u00abLa voz de Alemania\\u00bb | Cand\\u00e1s 365\",\"headline\":\"Una polic\\u00eda de Berl\\u00edn en \\u00abLa voz de Alemania\\u00bb\",\"author\":{\"@id\":\"https:\\\/\\\/candas365.es\\\/noticias\\\/author\\\/admin\\\/#author\"},\"publisher\":{\"@id\":\"https:\\\/\\\/candas365.es\\\/noticias\\\/#organization\"},\"image\":{\"@type\":\"ImageObject\",\"url\":\"https:\\\/\\\/candas365.es\\\/noticias\\\/wp-content\\\/uploads\\\/2018\\\/11\\\/headphones-3683983_960_720.jpg\",\"width\":960,\"height\":640},\"datePublished\":\"2018-11-24T17:41:37+01:00\",\"dateModified\":\"2018-11-24T17:41:37+01:00\",\"inLanguage\":\"es-ES\",\"mainEntityOfPage\":{\"@id\":\"https:\\\/\\\/candas365.es\\\/noticias\\\/una-policia-de-berlin-en-la-voz-de-alemania\\\/#webpage\"},\"isPartOf\":{\"@id\":\"https:\\\/\\\/candas365.es\\\/noticias\\\/una-policia-de-berlin-en-la-voz-de-alemania\\\/#webpage\"},\"articleSection\":\"Sociedad\",\"dateline\":\"Publicado el noviembre 24, 2018.\"},{\"@type\":\"Organization\",\"@id\":\"https:\\\/\\\/candas365.es\\\/noticias\\\/#organization\",\"name\":\"Cand\\u00e1s 365\",\"description\":\"Cand\\u00e1s 365 es un diario digital independiente, fundado en 2012, con base en Asturias. Informamos con rigor sobre actualidad, sociedad, cultura y ocio, con una mirada local y global.\",\"url\":\"https:\\\/\\\/candas365.es\\\/noticias\\\/\",\"email\":\"info@candas365.es\",\"telephone\":\"+34652131393\",\"foundingDate\":\"2012-06-10\",\"logo\":{\"@type\":\"ImageObject\",\"url\":\"https:\\\/\\\/candas365.es\\\/noticias\\\/wp-content\\\/uploads\\\/2024\\\/09\\\/Candas-365-Redes.jpg\",\"@id\":\"https:\\\/\\\/candas365.es\\\/noticias\\\/una-policia-de-berlin-en-la-voz-de-alemania\\\/#organizationLogo\",\"width\":1152,\"height\":864,\"caption\":\"Cand\\u00e1s 365 Redes\"},\"image\":{\"@id\":\"https:\\\/\\\/candas365.es\\\/noticias\\\/una-policia-de-berlin-en-la-voz-de-alemania\\\/#organizationLogo\"},\"sameAs\":[\"https:\\\/\\\/www.facebook.com\\\/Nachofdezber\",\"https:\\\/\\\/x.com\\\/NabercoDigital\",\"https:\\\/\\\/www.instagram.com\\\/nachofdezber\\\/\",\"https:\\\/\\\/www.youtube.com\\\/channel\\\/UCZP-2wLEB9Rv6erhFmqVnvg\"],\"address\":{\"@id\":\"https:\\\/\\\/candas365.es\\\/noticias\\\/#postaladdress\",\"@type\":\"PostalAddress\",\"streetAddress\":\"san antonio 4, san antonio 4\",\"postalCode\":\"33430\",\"addressLocality\":\"Cand\\u00e1s\",\"addressRegion\":\"Asturias\",\"addressCountry\":\"ES\"}},{\"@type\":\"Person\",\"@id\":\"https:\\\/\\\/candas365.es\\\/noticias\\\/author\\\/admin\\\/#author\",\"url\":\"https:\\\/\\\/candas365.es\\\/noticias\\\/author\\\/admin\\\/\",\"name\":\"Cand\\u00e1s 365\",\"image\":{\"@type\":\"ImageObject\",\"@id\":\"https:\\\/\\\/candas365.es\\\/noticias\\\/una-policia-de-berlin-en-la-voz-de-alemania\\\/#authorImage\",\"url\":\"https:\\\/\\\/secure.gravatar.com\\\/avatar\\\/496a8e03d0c493ede1718b7934145dbdf8d89be1036b0eec9544e1094c9de390?s=96&d=mm&r=g\",\"width\":96,\"height\":96,\"caption\":\"Cand\\u00e1s 365\"},\"sameAs\":[\"https:\\\/\\\/www.facebook.com\\\/carrenoactualidad\",\"https:\\\/\\\/twitter.com\\\/nbasturias\",\"https:\\\/\\\/www.instagram.com\\\/nachofdezber\\\/\",\"https:\\\/\\\/www.youtube.com\\\/channel\\\/UCZP-2wLEB9Rv6erhFmqVnvg\"]},{\"@type\":\"WebPage\",\"@id\":\"https:\\\/\\\/candas365.es\\\/noticias\\\/una-policia-de-berlin-en-la-voz-de-alemania\\\/#webpage\",\"url\":\"https:\\\/\\\/candas365.es\\\/noticias\\\/una-policia-de-berlin-en-la-voz-de-alemania\\\/\",\"name\":\"Una polic\\u00eda de Berl\\u00edn en \\u00abLa voz de Alemania\\u00bb | Cand\\u00e1s 365\",\"description\":\"Berl\\u00edn, 24 nov (dpa) - Un agente de la Polic\\u00eda de Berl\\u00edn acudi\\u00f3 a un concurso musical de la televisi\\u00f3n alemana no para dar un vuelco a su vida profesional, sino con el objetivo de llamar la atenci\\u00f3n sobre los delitos de odio que sufren muchas personas del colectivo LGBT en el pa\\u00eds. Sebastian Stipp\",\"inLanguage\":\"es-ES\",\"isPartOf\":{\"@id\":\"https:\\\/\\\/candas365.es\\\/noticias\\\/#website\"},\"breadcrumb\":{\"@id\":\"https:\\\/\\\/candas365.es\\\/noticias\\\/una-policia-de-berlin-en-la-voz-de-alemania\\\/#breadcrumblist\"},\"author\":{\"@id\":\"https:\\\/\\\/candas365.es\\\/noticias\\\/author\\\/admin\\\/#author\"},\"creator\":{\"@id\":\"https:\\\/\\\/candas365.es\\\/noticias\\\/author\\\/admin\\\/#author\"},\"image\":{\"@type\":\"ImageObject\",\"url\":\"https:\\\/\\\/candas365.es\\\/noticias\\\/wp-content\\\/uploads\\\/2018\\\/11\\\/headphones-3683983_960_720.jpg\",\"@id\":\"https:\\\/\\\/candas365.es\\\/noticias\\\/una-policia-de-berlin-en-la-voz-de-alemania\\\/#mainImage\",\"width\":960,\"height\":640},\"primaryImageOfPage\":{\"@id\":\"https:\\\/\\\/candas365.es\\\/noticias\\\/una-policia-de-berlin-en-la-voz-de-alemania\\\/#mainImage\"},\"datePublished\":\"2018-11-24T17:41:37+01:00\",\"dateModified\":\"2018-11-24T17:41:37+01:00\"},{\"@type\":\"WebSite\",\"@id\":\"https:\\\/\\\/candas365.es\\\/noticias\\\/#website\",\"url\":\"https:\\\/\\\/candas365.es\\\/noticias\\\/\",\"name\":\"Cand\\u00e1s 365\",\"alternateName\":\"Cand\\u00e1s 365 Noticias\",\"description\":\"Actualidad desde Carre\\u00f1o para el mundo\",\"inLanguage\":\"es-ES\",\"publisher\":{\"@id\":\"https:\\\/\\\/candas365.es\\\/noticias\\\/#organization\"}}]}\n\t\t<\/script>\n\t\t<!-- All in One SEO Pro -->\r\n\t\t<title>Una polic\u00eda de Berl\u00edn en \u00abLa voz de Alemania\u00bb | Cand\u00e1s 365<\/title>\n\n","aioseo_head_json":{"title":"Una polic\u00eda de Berl\u00edn en \u00abLa voz de Alemania\u00bb | Cand\u00e1s 365","description":"Berl\u00edn, 24 nov (dpa) - Un agente de la Polic\u00eda de Berl\u00edn acudi\u00f3 a un concurso musical de la televisi\u00f3n alemana no para dar un vuelco a su vida profesional, sino con el objetivo de llamar la atenci\u00f3n sobre los delitos de odio que sufren muchas personas del colectivo LGBT en el pa\u00eds. Sebastian Stipp","canonical_url":"https:\/\/candas365.es\/noticias\/una-policia-de-berlin-en-la-voz-de-alemania\/","robots":"max-image-preview:large","keywords":"sociedad","webmasterTools":{"google-site-verification":"UA-32230408-1","msvalidate.01":"354F3CDFB2DA171B47FBE9ABF1F88D5","miscellaneous":""},"schema":{"@context":"https:\/\/schema.org","@graph":[{"@type":"BreadcrumbList","@id":"https:\/\/candas365.es\/noticias\/una-policia-de-berlin-en-la-voz-de-alemania\/#breadcrumblist","itemListElement":[{"@type":"ListItem","@id":"https:\/\/candas365.es\/noticias#listItem","position":1,"name":"Home","item":"https:\/\/candas365.es\/noticias","nextItem":{"@type":"ListItem","@id":"https:\/\/candas365.es\/noticias\/category\/sociedad\/#listItem","name":"Sociedad"}},{"@type":"ListItem","@id":"https:\/\/candas365.es\/noticias\/category\/sociedad\/#listItem","position":2,"name":"Sociedad","item":"https:\/\/candas365.es\/noticias\/category\/sociedad\/","nextItem":{"@type":"ListItem","@id":"https:\/\/candas365.es\/noticias\/una-policia-de-berlin-en-la-voz-de-alemania\/#listItem","name":"Una polic\u00eda de Berl\u00edn en \u00abLa voz de Alemania\u00bb"},"previousItem":{"@type":"ListItem","@id":"https:\/\/candas365.es\/noticias#listItem","name":"Home"}},{"@type":"ListItem","@id":"https:\/\/candas365.es\/noticias\/una-policia-de-berlin-en-la-voz-de-alemania\/#listItem","position":3,"name":"Una polic\u00eda de Berl\u00edn en \u00abLa voz de Alemania\u00bb","previousItem":{"@type":"ListItem","@id":"https:\/\/candas365.es\/noticias\/category\/sociedad\/#listItem","name":"Sociedad"}}]},{"@type":"NewsArticle","@id":"https:\/\/candas365.es\/noticias\/una-policia-de-berlin-en-la-voz-de-alemania\/#newsarticle","name":"Una polic\u00eda de Berl\u00edn en \u00abLa voz de Alemania\u00bb | Cand\u00e1s 365","headline":"Una polic\u00eda de Berl\u00edn en \u00abLa voz de Alemania\u00bb","author":{"@id":"https:\/\/candas365.es\/noticias\/author\/admin\/#author"},"publisher":{"@id":"https:\/\/candas365.es\/noticias\/#organization"},"image":{"@type":"ImageObject","url":"https:\/\/candas365.es\/noticias\/wp-content\/uploads\/2018\/11\/headphones-3683983_960_720.jpg","width":960,"height":640},"datePublished":"2018-11-24T17:41:37+01:00","dateModified":"2018-11-24T17:41:37+01:00","inLanguage":"es-ES","mainEntityOfPage":{"@id":"https:\/\/candas365.es\/noticias\/una-policia-de-berlin-en-la-voz-de-alemania\/#webpage"},"isPartOf":{"@id":"https:\/\/candas365.es\/noticias\/una-policia-de-berlin-en-la-voz-de-alemania\/#webpage"},"articleSection":"Sociedad","dateline":"Publicado el noviembre 24, 2018."},{"@type":"Organization","@id":"https:\/\/candas365.es\/noticias\/#organization","name":"Cand\u00e1s 365","description":"Cand\u00e1s 365 es un diario digital independiente, fundado en 2012, con base en Asturias. Informamos con rigor sobre actualidad, sociedad, cultura y ocio, con una mirada local y global.","url":"https:\/\/candas365.es\/noticias\/","email":"info@candas365.es","telephone":"+34652131393","foundingDate":"2012-06-10","logo":{"@type":"ImageObject","url":"https:\/\/candas365.es\/noticias\/wp-content\/uploads\/2024\/09\/Candas-365-Redes.jpg","@id":"https:\/\/candas365.es\/noticias\/una-policia-de-berlin-en-la-voz-de-alemania\/#organizationLogo","width":1152,"height":864,"caption":"Cand\u00e1s 365 Redes"},"image":{"@id":"https:\/\/candas365.es\/noticias\/una-policia-de-berlin-en-la-voz-de-alemania\/#organizationLogo"},"sameAs":["https:\/\/www.facebook.com\/Nachofdezber","https:\/\/x.com\/NabercoDigital","https:\/\/www.instagram.com\/nachofdezber\/","https:\/\/www.youtube.com\/channel\/UCZP-2wLEB9Rv6erhFmqVnvg"],"address":{"@id":"https:\/\/candas365.es\/noticias\/#postaladdress","@type":"PostalAddress","streetAddress":"san antonio 4, san antonio 4","postalCode":"33430","addressLocality":"Cand\u00e1s","addressRegion":"Asturias","addressCountry":"ES"}},{"@type":"Person","@id":"https:\/\/candas365.es\/noticias\/author\/admin\/#author","url":"https:\/\/candas365.es\/noticias\/author\/admin\/","name":"Cand\u00e1s 365","image":{"@type":"ImageObject","@id":"https:\/\/candas365.es\/noticias\/una-policia-de-berlin-en-la-voz-de-alemania\/#authorImage","url":"https:\/\/secure.gravatar.com\/avatar\/496a8e03d0c493ede1718b7934145dbdf8d89be1036b0eec9544e1094c9de390?s=96&d=mm&r=g","width":96,"height":96,"caption":"Cand\u00e1s 365"},"sameAs":["https:\/\/www.facebook.com\/carrenoactualidad","https:\/\/twitter.com\/nbasturias","https:\/\/www.instagram.com\/nachofdezber\/","https:\/\/www.youtube.com\/channel\/UCZP-2wLEB9Rv6erhFmqVnvg"]},{"@type":"WebPage","@id":"https:\/\/candas365.es\/noticias\/una-policia-de-berlin-en-la-voz-de-alemania\/#webpage","url":"https:\/\/candas365.es\/noticias\/una-policia-de-berlin-en-la-voz-de-alemania\/","name":"Una polic\u00eda de Berl\u00edn en \u00abLa voz de Alemania\u00bb | Cand\u00e1s 365","description":"Berl\u00edn, 24 nov (dpa) - Un agente de la Polic\u00eda de Berl\u00edn acudi\u00f3 a un concurso musical de la televisi\u00f3n alemana no para dar un vuelco a su vida profesional, sino con el objetivo de llamar la atenci\u00f3n sobre los delitos de odio que sufren muchas personas del colectivo LGBT en el pa\u00eds. Sebastian Stipp","inLanguage":"es-ES","isPartOf":{"@id":"https:\/\/candas365.es\/noticias\/#website"},"breadcrumb":{"@id":"https:\/\/candas365.es\/noticias\/una-policia-de-berlin-en-la-voz-de-alemania\/#breadcrumblist"},"author":{"@id":"https:\/\/candas365.es\/noticias\/author\/admin\/#author"},"creator":{"@id":"https:\/\/candas365.es\/noticias\/author\/admin\/#author"},"image":{"@type":"ImageObject","url":"https:\/\/candas365.es\/noticias\/wp-content\/uploads\/2018\/11\/headphones-3683983_960_720.jpg","@id":"https:\/\/candas365.es\/noticias\/una-policia-de-berlin-en-la-voz-de-alemania\/#mainImage","width":960,"height":640},"primaryImageOfPage":{"@id":"https:\/\/candas365.es\/noticias\/una-policia-de-berlin-en-la-voz-de-alemania\/#mainImage"},"datePublished":"2018-11-24T17:41:37+01:00","dateModified":"2018-11-24T17:41:37+01:00"},{"@type":"WebSite","@id":"https:\/\/candas365.es\/noticias\/#website","url":"https:\/\/candas365.es\/noticias\/","name":"Cand\u00e1s 365","alternateName":"Cand\u00e1s 365 Noticias","description":"Actualidad desde Carre\u00f1o para el mundo","inLanguage":"es-ES","publisher":{"@id":"https:\/\/candas365.es\/noticias\/#organization"}}]},"og:locale":"es_ES","og:site_name":"Cand\u00e1s 365","og:type":"article","og:title":"Una polic\u00eda de Berl\u00edn en \u00abLa voz de Alemania\u00bb | Cand\u00e1s 365","og:description":"Berl\u00edn, 24 nov (dpa) - Un agente de la Polic\u00eda de Berl\u00edn acudi\u00f3 a un concurso musical de la televisi\u00f3n alemana no para dar un vuelco a su vida profesional, sino con el objetivo de llamar la atenci\u00f3n sobre los delitos de odio que sufren muchas personas del colectivo LGBT en el pa\u00eds. Sebastian Stipp","og:url":"https:\/\/candas365.es\/noticias\/una-policia-de-berlin-en-la-voz-de-alemania\/","og:image":"https:\/\/candas365.es\/noticias\/wp-content\/uploads\/2018\/11\/headphones-3683983_960_720.jpg","og:image:secure_url":"https:\/\/candas365.es\/noticias\/wp-content\/uploads\/2018\/11\/headphones-3683983_960_720.jpg","og:image:width":960,"og:image:height":640,"article:published_time":"2018-11-24T17:41:37+00:00","article:modified_time":"2018-11-24T17:41:37+00:00","article:publisher":"https:\/\/www.facebook.com\/Nachofdezber","article:author":"https:\/\/www.facebook.com\/carrenoactualidad","twitter:card":"summary_large_image","twitter:site":"@NabercoDigital","twitter:title":"Una polic\u00eda de Berl\u00edn en \u00abLa voz de Alemania\u00bb | Cand\u00e1s 365","twitter:description":"Berl\u00edn, 24 nov (dpa) - Un agente de la Polic\u00eda de Berl\u00edn acudi\u00f3 a un concurso musical de la televisi\u00f3n alemana no para dar un vuelco a su vida profesional, sino con el objetivo de llamar la atenci\u00f3n sobre los delitos de odio que sufren muchas personas del colectivo LGBT en el pa\u00eds. Sebastian Stipp","twitter:creator":"@nbasturias","twitter:image":"https:\/\/candas365.es\/noticias\/wp-content\/uploads\/2018\/11\/headphones-3683983_960_720.jpg","twitter:label1":"Escrito por","twitter:data1":"Cand\u00e1s 365","twitter:label2":"Tiempo de lectura estimado","twitter:data2":"1 minuto"},"aioseo_meta_data":{"post_id":"110640","title":null,"description":null,"keywords":null,"keyphrases":null,"primary_term":null,"canonical_url":null,"og_title":null,"og_description":null,"og_object_type":"default","og_image_type":"default","og_image_url":null,"og_image_width":null,"og_image_height":null,"og_image_custom_url":null,"og_image_custom_fields":null,"og_video":null,"og_custom_url":null,"og_article_section":null,"og_article_tags":null,"twitter_use_og":false,"twitter_card":"default","twitter_image_type":"default","twitter_image_url":null,"twitter_image_custom_url":null,"twitter_image_custom_fields":null,"twitter_title":null,"twitter_description":null,"schema":{"blockGraphs":[],"customGraphs":[],"default":{"data":{"Article":[],"Course":[],"Dataset":[],"FAQPage":[],"Movie":[],"Person":[],"Product":[],"ProductReview":[],"Car":[],"Recipe":[],"Service":[],"SoftwareApplication":[],"WebPage":[]},"graphName":"","isEnabled":true},"graphs":[]},"schema_type":null,"schema_type_options":null,"pillar_content":false,"robots_default":true,"robots_noindex":false,"robots_noarchive":false,"robots_nosnippet":false,"robots_nofollow":false,"robots_noimageindex":false,"robots_noodp":false,"robots_notranslate":false,"robots_max_snippet":null,"robots_max_videopreview":null,"robots_max_imagepreview":"large","priority":null,"frequency":null,"location":null,"local_seo":null,"seo_analyzer_scan_date":"2025-08-28 13:09:10","breadcrumb_settings":null,"limit_modified_date":false,"reviewed_by":null,"open_ai":null,"ai":null,"created":"2020-12-21 11:38:26","updated":"2025-08-28 13:09:10"},"aioseo_breadcrumb":"<div class=\"aioseo-breadcrumbs\"><span class=\"aioseo-breadcrumb\">\n\t<a href=\"https:\/\/candas365.es\/noticias\" title=\"Home\">Home<\/a>\n<\/span><span class=\"aioseo-breadcrumb-separator\">&ndash;<\/span><span class=\"aioseo-breadcrumb\">\n\t<a href=\"https:\/\/candas365.es\/noticias\/category\/sociedad\/\" title=\"Sociedad\">Sociedad<\/a>\n<\/span><span class=\"aioseo-breadcrumb-separator\">&ndash;<\/span><span class=\"aioseo-breadcrumb\">\n\tUna polic\u00eda de Berl\u00edn en \u00abLa voz de Alemania\u00bb\n<\/span><\/div>","aioseo_breadcrumb_json":[{"label":"Home","link":"https:\/\/candas365.es\/noticias"},{"label":"Sociedad","link":"https:\/\/candas365.es\/noticias\/category\/sociedad\/"},{"label":"Una polic\u00eda de Berl\u00edn en \u00abLa voz de Alemania\u00bb","link":"https:\/\/candas365.es\/noticias\/una-policia-de-berlin-en-la-voz-de-alemania\/"}],"_links":{"self":[{"href":"https:\/\/candas365.es\/noticias\/wp-json\/wp\/v2\/posts\/110640","targetHints":{"allow":["GET"]}}],"collection":[{"href":"https:\/\/candas365.es\/noticias\/wp-json\/wp\/v2\/posts"}],"about":[{"href":"https:\/\/candas365.es\/noticias\/wp-json\/wp\/v2\/types\/post"}],"author":[{"embeddable":true,"href":"https:\/\/candas365.es\/noticias\/wp-json\/wp\/v2\/users\/1"}],"replies":[{"embeddable":true,"href":"https:\/\/candas365.es\/noticias\/wp-json\/wp\/v2\/comments?post=110640"}],"version-history":[{"count":0,"href":"https:\/\/candas365.es\/noticias\/wp-json\/wp\/v2\/posts\/110640\/revisions"}],"wp:featuredmedia":[{"embeddable":true,"href":"https:\/\/candas365.es\/noticias\/wp-json\/wp\/v2\/media\/110641"}],"wp:attachment":[{"href":"https:\/\/candas365.es\/noticias\/wp-json\/wp\/v2\/media?parent=110640"}],"wp:term":[{"taxonomy":"category","embeddable":true,"href":"https:\/\/candas365.es\/noticias\/wp-json\/wp\/v2\/categories?post=110640"},{"taxonomy":"post_tag","embeddable":true,"href":"https:\/\/candas365.es\/noticias\/wp-json\/wp\/v2\/tags?post=110640"}],"curies":[{"name":"wp","href":"https:\/\/api.w.org\/{rel}","templated":true}]}}