{"id":110571,"date":"2018-11-23T20:53:31","date_gmt":"2018-11-23T20:53:31","guid":{"rendered":"http:\/\/candas365.es\/noticias\/?p=110571"},"modified":"2018-11-23T20:53:31","modified_gmt":"2018-11-23T20:53:31","slug":"daniel-barenboim-y-anne-sophie-mutter-estaran-en-el-festival-de-hamburgo","status":"publish","type":"post","link":"https:\/\/candas365.es\/noticias\/daniel-barenboim-y-anne-sophie-mutter-estaran-en-el-festival-de-hamburgo\/","title":{"rendered":"Daniel Barenboim y Anne-Sophie Mutter estar\u00e1n en el Festival de Hamburgo"},"content":{"rendered":"<p><img fetchpriority=\"high\" decoding=\"async\" class=\"alignleft size-medium wp-image-110572\" src=\"https:\/\/candas365.es\/noticias\/wp-content\/uploads\/2018\/11\/music-1283851_960_720-360x222.jpg\" alt=\"\" width=\"360\" height=\"222\" srcset=\"https:\/\/candas365.es\/noticias\/wp-content\/uploads\/2018\/11\/music-1283851_960_720-360x222.jpg 360w, https:\/\/candas365.es\/noticias\/wp-content\/uploads\/2018\/11\/music-1283851_960_720-768x474.jpg 768w, https:\/\/candas365.es\/noticias\/wp-content\/uploads\/2018\/11\/music-1283851_960_720-655x405.jpg 655w, https:\/\/candas365.es\/noticias\/wp-content\/uploads\/2018\/11\/music-1283851_960_720-356x220.jpg 356w, https:\/\/candas365.es\/noticias\/wp-content\/uploads\/2018\/11\/music-1283851_960_720-696x430.jpg 696w, https:\/\/candas365.es\/noticias\/wp-content\/uploads\/2018\/11\/music-1283851_960_720-680x420.jpg 680w, https:\/\/candas365.es\/noticias\/wp-content\/uploads\/2018\/11\/music-1283851_960_720.jpg 960w\" sizes=\"(max-width: 360px) 100vw, 360px\" \/>Hamburgo, 23 nov (dpa) &#8211; Estrellas de la m\u00fasica cl\u00e1sica tales como el director y pianista argentino-israel\u00ed Daniel Barenboim, la violinista alemana Anne-Sophie Mutter y la pianista francesa H\u00e9l\u00e8ne Grimaud se presentar\u00e1n en el festival internacional de m\u00fasica de Hamburgo, que tendr\u00e1 lugar en la ciudad portuaria entre el 27 de abril y el 29 de mayo.<\/p>\n<p>Seg\u00fan informaron los organizadores, 44 de los 52 conciertos del programa ser\u00e1n interpretados en la Filarm\u00f3nica del Elba, que se ha convertido en un im\u00e1n en la vida cultural de la ciudad.<\/p>\n<p>En la secci\u00f3n del festivala dedicada a compositores, el programa se concentrar\u00e1 en el m\u00fasico austroh\u00fangaro Gy\u00f6rgy Ligeti (1923\u20132006), que imparti\u00f3 clases en la Escuela Superior de M\u00fasica y Teatro de Hamburgo durante 16 a\u00f1os.<\/p>\n<p>El evento tambi\u00e9n contar\u00e1 con la presencia de otros grandes nombres de la m\u00fasica cl\u00e1sica, entre ellos la soprano Elina Garan\u010da, el bar\u00edtono Christian Gerhaher, la Orquesta de Par\u00eds, la Sinf\u00f3nica de Bamberg (Alemania) y la Staatskapelle de Berl\u00edn.<\/p>\n","protected":false},"excerpt":{"rendered":"<p>Hamburgo, 23 nov (dpa) &#8211; Estrellas de la m\u00fasica cl\u00e1sica tales como el director y pianista argentino-israel\u00ed Daniel Barenboim, la violinista alemana Anne-Sophie Mutter y la pianista francesa H\u00e9l\u00e8ne Grimaud se presentar\u00e1n en el festival internacional de m\u00fasica de Hamburgo, que tendr\u00e1 lugar en la ciudad portuaria entre el 27 de abril y el 29<\/p>\n","protected":false},"author":1,"featured_media":110572,"comment_status":"closed","ping_status":"closed","sticky":false,"template":"","format":"standard","meta":{"footnotes":""},"categories":[1],"tags":[],"class_list":{"0":"post-110571","1":"post","2":"type-post","3":"status-publish","4":"format-standard","5":"has-post-thumbnail","7":"category-agenda"},"aioseo_notices":[],"aioseo_head":"\n\t\t<!-- All in One SEO Pro 4.9.6.2 - aioseo.com -->\n\t<meta name=\"description\" content=\"Hamburgo, 23 nov (dpa) - Estrellas de la m\u00fasica cl\u00e1sica tales como el director y pianista argentino-israel\u00ed Daniel Barenboim, la violinista alemana Anne-Sophie Mutter y la pianista francesa H\u00e9l\u00e8ne Grimaud se presentar\u00e1n en el festival internacional de m\u00fasica de Hamburgo, que tendr\u00e1 lugar en la ciudad portuaria entre el 27 de abril y el 29\" \/>\n\t<meta name=\"robots\" content=\"max-image-preview:large\" \/>\n\t<meta name=\"author\" content=\"Cand\u00e1s 365\"\/>\n\t<meta name=\"google-site-verification\" content=\"UA-32230408-1\" \/>\n\t<meta name=\"msvalidate.01\" content=\"354F3CDFB2DA171B47FBE9ABF1F88D5\" \/>\n\t<meta name=\"keywords\" content=\"agenda\" \/>\n\t<link rel=\"canonical\" href=\"https:\/\/candas365.es\/noticias\/daniel-barenboim-y-anne-sophie-mutter-estaran-en-el-festival-de-hamburgo\/\" \/>\n\t<meta name=\"generator\" content=\"All in One SEO Pro (AIOSEO) 4.9.6.2\" \/>\n\t\t<meta property=\"og:locale\" content=\"es_ES\" \/>\n\t\t<meta property=\"og:site_name\" content=\"Cand\u00e1s 365\" \/>\n\t\t<meta property=\"og:type\" content=\"article\" \/>\n\t\t<meta property=\"og:title\" content=\"Daniel Barenboim y Anne-Sophie Mutter estar\u00e1n en el Festival de Hamburgo | Cand\u00e1s 365\" \/>\n\t\t<meta property=\"og:description\" content=\"Hamburgo, 23 nov (dpa) - Estrellas de la m\u00fasica cl\u00e1sica tales como el director y pianista argentino-israel\u00ed Daniel Barenboim, la violinista alemana Anne-Sophie Mutter y la pianista francesa H\u00e9l\u00e8ne Grimaud se presentar\u00e1n en el festival internacional de m\u00fasica de Hamburgo, que tendr\u00e1 lugar en la ciudad portuaria entre el 27 de abril y el 29\" \/>\n\t\t<meta property=\"og:url\" content=\"https:\/\/candas365.es\/noticias\/daniel-barenboim-y-anne-sophie-mutter-estaran-en-el-festival-de-hamburgo\/\" \/>\n\t\t<meta property=\"og:image\" content=\"https:\/\/candas365.es\/noticias\/wp-content\/uploads\/2018\/11\/music-1283851_960_720.jpg\" \/>\n\t\t<meta property=\"og:image:secure_url\" content=\"https:\/\/candas365.es\/noticias\/wp-content\/uploads\/2018\/11\/music-1283851_960_720.jpg\" \/>\n\t\t<meta property=\"og:image:width\" content=\"960\" \/>\n\t\t<meta property=\"og:image:height\" content=\"593\" \/>\n\t\t<meta property=\"article:published_time\" content=\"2018-11-23T20:53:31+00:00\" \/>\n\t\t<meta property=\"article:modified_time\" content=\"2018-11-23T20:53:31+00:00\" \/>\n\t\t<meta property=\"article:publisher\" content=\"https:\/\/www.facebook.com\/Nachofdezber\" \/>\n\t\t<meta property=\"article:author\" content=\"https:\/\/www.facebook.com\/carrenoactualidad\" \/>\n\t\t<meta name=\"twitter:card\" content=\"summary_large_image\" \/>\n\t\t<meta name=\"twitter:site\" content=\"@NabercoDigital\" \/>\n\t\t<meta name=\"twitter:title\" content=\"Daniel Barenboim y Anne-Sophie Mutter estar\u00e1n en el Festival de Hamburgo | Cand\u00e1s 365\" \/>\n\t\t<meta name=\"twitter:description\" content=\"Hamburgo, 23 nov (dpa) - Estrellas de la m\u00fasica cl\u00e1sica tales como el director y pianista argentino-israel\u00ed Daniel Barenboim, la violinista alemana Anne-Sophie Mutter y la pianista francesa H\u00e9l\u00e8ne Grimaud se presentar\u00e1n en el festival internacional de m\u00fasica de Hamburgo, que tendr\u00e1 lugar en la ciudad portuaria entre el 27 de abril y el 29\" \/>\n\t\t<meta name=\"twitter:creator\" content=\"@nbasturias\" \/>\n\t\t<meta name=\"twitter:image\" content=\"https:\/\/candas365.es\/noticias\/wp-content\/uploads\/2018\/11\/music-1283851_960_720.jpg\" \/>\n\t\t<meta name=\"twitter:label1\" content=\"Escrito por\" \/>\n\t\t<meta name=\"twitter:data1\" content=\"Cand\u00e1s 365\" \/>\n\t\t<meta name=\"twitter:label2\" content=\"Tiempo de lectura estimado\" \/>\n\t\t<meta name=\"twitter:data2\" content=\"1 minuto\" \/>\n\t\t<script type=\"application\/ld+json\" class=\"aioseo-schema\">\n\t\t\t{\"@context\":\"https:\\\/\\\/schema.org\",\"@graph\":[{\"@type\":\"BreadcrumbList\",\"@id\":\"https:\\\/\\\/candas365.es\\\/noticias\\\/daniel-barenboim-y-anne-sophie-mutter-estaran-en-el-festival-de-hamburgo\\\/#breadcrumblist\",\"itemListElement\":[{\"@type\":\"ListItem\",\"@id\":\"https:\\\/\\\/candas365.es\\\/noticias#listItem\",\"position\":1,\"name\":\"Home\",\"item\":\"https:\\\/\\\/candas365.es\\\/noticias\",\"nextItem\":{\"@type\":\"ListItem\",\"@id\":\"https:\\\/\\\/candas365.es\\\/noticias\\\/category\\\/agenda\\\/#listItem\",\"name\":\"Agenda\"}},{\"@type\":\"ListItem\",\"@id\":\"https:\\\/\\\/candas365.es\\\/noticias\\\/category\\\/agenda\\\/#listItem\",\"position\":2,\"name\":\"Agenda\",\"item\":\"https:\\\/\\\/candas365.es\\\/noticias\\\/category\\\/agenda\\\/\",\"nextItem\":{\"@type\":\"ListItem\",\"@id\":\"https:\\\/\\\/candas365.es\\\/noticias\\\/daniel-barenboim-y-anne-sophie-mutter-estaran-en-el-festival-de-hamburgo\\\/#listItem\",\"name\":\"Daniel Barenboim y Anne-Sophie Mutter estar\\u00e1n en el Festival de Hamburgo\"},\"previousItem\":{\"@type\":\"ListItem\",\"@id\":\"https:\\\/\\\/candas365.es\\\/noticias#listItem\",\"name\":\"Home\"}},{\"@type\":\"ListItem\",\"@id\":\"https:\\\/\\\/candas365.es\\\/noticias\\\/daniel-barenboim-y-anne-sophie-mutter-estaran-en-el-festival-de-hamburgo\\\/#listItem\",\"position\":3,\"name\":\"Daniel Barenboim y Anne-Sophie Mutter estar\\u00e1n en el Festival de Hamburgo\",\"previousItem\":{\"@type\":\"ListItem\",\"@id\":\"https:\\\/\\\/candas365.es\\\/noticias\\\/category\\\/agenda\\\/#listItem\",\"name\":\"Agenda\"}}]},{\"@type\":\"NewsArticle\",\"@id\":\"https:\\\/\\\/candas365.es\\\/noticias\\\/daniel-barenboim-y-anne-sophie-mutter-estaran-en-el-festival-de-hamburgo\\\/#newsarticle\",\"name\":\"Daniel Barenboim y Anne-Sophie Mutter estar\\u00e1n en el Festival de Hamburgo | Cand\\u00e1s 365\",\"headline\":\"Daniel Barenboim y Anne-Sophie Mutter estar\\u00e1n en el Festival de Hamburgo\",\"author\":{\"@id\":\"https:\\\/\\\/candas365.es\\\/noticias\\\/author\\\/admin\\\/#author\"},\"publisher\":{\"@id\":\"https:\\\/\\\/candas365.es\\\/noticias\\\/#organization\"},\"image\":{\"@type\":\"ImageObject\",\"url\":\"https:\\\/\\\/candas365.es\\\/noticias\\\/wp-content\\\/uploads\\\/2018\\\/11\\\/music-1283851_960_720.jpg\",\"width\":960,\"height\":593},\"datePublished\":\"2018-11-23T20:53:31+01:00\",\"dateModified\":\"2018-11-23T20:53:31+01:00\",\"inLanguage\":\"es-ES\",\"mainEntityOfPage\":{\"@id\":\"https:\\\/\\\/candas365.es\\\/noticias\\\/daniel-barenboim-y-anne-sophie-mutter-estaran-en-el-festival-de-hamburgo\\\/#webpage\"},\"isPartOf\":{\"@id\":\"https:\\\/\\\/candas365.es\\\/noticias\\\/daniel-barenboim-y-anne-sophie-mutter-estaran-en-el-festival-de-hamburgo\\\/#webpage\"},\"articleSection\":\"Agenda\",\"dateline\":\"Publicado el noviembre 23, 2018.\"},{\"@type\":\"Organization\",\"@id\":\"https:\\\/\\\/candas365.es\\\/noticias\\\/#organization\",\"name\":\"Cand\\u00e1s 365\",\"description\":\"Cand\\u00e1s 365 es un diario digital independiente, fundado en 2012, con base en Asturias. Informamos con rigor sobre actualidad, sociedad, cultura y ocio, con una mirada local y global.\",\"url\":\"https:\\\/\\\/candas365.es\\\/noticias\\\/\",\"email\":\"info@candas365.es\",\"telephone\":\"+34652131393\",\"foundingDate\":\"2012-06-10\",\"logo\":{\"@type\":\"ImageObject\",\"url\":\"https:\\\/\\\/candas365.es\\\/noticias\\\/wp-content\\\/uploads\\\/2024\\\/09\\\/Candas-365-Redes.jpg\",\"@id\":\"https:\\\/\\\/candas365.es\\\/noticias\\\/daniel-barenboim-y-anne-sophie-mutter-estaran-en-el-festival-de-hamburgo\\\/#organizationLogo\",\"width\":1152,\"height\":864,\"caption\":\"Cand\\u00e1s 365 Redes\"},\"image\":{\"@id\":\"https:\\\/\\\/candas365.es\\\/noticias\\\/daniel-barenboim-y-anne-sophie-mutter-estaran-en-el-festival-de-hamburgo\\\/#organizationLogo\"},\"sameAs\":[\"https:\\\/\\\/www.facebook.com\\\/Nachofdezber\",\"https:\\\/\\\/x.com\\\/NabercoDigital\",\"https:\\\/\\\/www.instagram.com\\\/nachofdezber\\\/\",\"https:\\\/\\\/www.youtube.com\\\/channel\\\/UCZP-2wLEB9Rv6erhFmqVnvg\"],\"address\":{\"@id\":\"https:\\\/\\\/candas365.es\\\/noticias\\\/#postaladdress\",\"@type\":\"PostalAddress\",\"streetAddress\":\"san antonio 4, san antonio 4\",\"postalCode\":\"33430\",\"addressLocality\":\"Cand\\u00e1s\",\"addressRegion\":\"Asturias\",\"addressCountry\":\"ES\"}},{\"@type\":\"Person\",\"@id\":\"https:\\\/\\\/candas365.es\\\/noticias\\\/author\\\/admin\\\/#author\",\"url\":\"https:\\\/\\\/candas365.es\\\/noticias\\\/author\\\/admin\\\/\",\"name\":\"Cand\\u00e1s 365\",\"image\":{\"@type\":\"ImageObject\",\"@id\":\"https:\\\/\\\/candas365.es\\\/noticias\\\/daniel-barenboim-y-anne-sophie-mutter-estaran-en-el-festival-de-hamburgo\\\/#authorImage\",\"url\":\"https:\\\/\\\/secure.gravatar.com\\\/avatar\\\/496a8e03d0c493ede1718b7934145dbdf8d89be1036b0eec9544e1094c9de390?s=96&d=mm&r=g\",\"width\":96,\"height\":96,\"caption\":\"Cand\\u00e1s 365\"},\"sameAs\":[\"https:\\\/\\\/www.facebook.com\\\/carrenoactualidad\",\"https:\\\/\\\/twitter.com\\\/nbasturias\",\"https:\\\/\\\/www.instagram.com\\\/nachofdezber\\\/\",\"https:\\\/\\\/www.youtube.com\\\/channel\\\/UCZP-2wLEB9Rv6erhFmqVnvg\"]},{\"@type\":\"WebPage\",\"@id\":\"https:\\\/\\\/candas365.es\\\/noticias\\\/daniel-barenboim-y-anne-sophie-mutter-estaran-en-el-festival-de-hamburgo\\\/#webpage\",\"url\":\"https:\\\/\\\/candas365.es\\\/noticias\\\/daniel-barenboim-y-anne-sophie-mutter-estaran-en-el-festival-de-hamburgo\\\/\",\"name\":\"Daniel Barenboim y Anne-Sophie Mutter estar\\u00e1n en el Festival de Hamburgo | Cand\\u00e1s 365\",\"description\":\"Hamburgo, 23 nov (dpa) - Estrellas de la m\\u00fasica cl\\u00e1sica tales como el director y pianista argentino-israel\\u00ed Daniel Barenboim, la violinista alemana Anne-Sophie Mutter y la pianista francesa H\\u00e9l\\u00e8ne Grimaud se presentar\\u00e1n en el festival internacional de m\\u00fasica de Hamburgo, que tendr\\u00e1 lugar en la ciudad portuaria entre el 27 de abril y el 29\",\"inLanguage\":\"es-ES\",\"isPartOf\":{\"@id\":\"https:\\\/\\\/candas365.es\\\/noticias\\\/#website\"},\"breadcrumb\":{\"@id\":\"https:\\\/\\\/candas365.es\\\/noticias\\\/daniel-barenboim-y-anne-sophie-mutter-estaran-en-el-festival-de-hamburgo\\\/#breadcrumblist\"},\"author\":{\"@id\":\"https:\\\/\\\/candas365.es\\\/noticias\\\/author\\\/admin\\\/#author\"},\"creator\":{\"@id\":\"https:\\\/\\\/candas365.es\\\/noticias\\\/author\\\/admin\\\/#author\"},\"image\":{\"@type\":\"ImageObject\",\"url\":\"https:\\\/\\\/candas365.es\\\/noticias\\\/wp-content\\\/uploads\\\/2018\\\/11\\\/music-1283851_960_720.jpg\",\"@id\":\"https:\\\/\\\/candas365.es\\\/noticias\\\/daniel-barenboim-y-anne-sophie-mutter-estaran-en-el-festival-de-hamburgo\\\/#mainImage\",\"width\":960,\"height\":593},\"primaryImageOfPage\":{\"@id\":\"https:\\\/\\\/candas365.es\\\/noticias\\\/daniel-barenboim-y-anne-sophie-mutter-estaran-en-el-festival-de-hamburgo\\\/#mainImage\"},\"datePublished\":\"2018-11-23T20:53:31+01:00\",\"dateModified\":\"2018-11-23T20:53:31+01:00\"},{\"@type\":\"WebSite\",\"@id\":\"https:\\\/\\\/candas365.es\\\/noticias\\\/#website\",\"url\":\"https:\\\/\\\/candas365.es\\\/noticias\\\/\",\"name\":\"Cand\\u00e1s 365\",\"alternateName\":\"Cand\\u00e1s 365 Noticias\",\"description\":\"Actualidad desde Carre\\u00f1o para el mundo\",\"inLanguage\":\"es-ES\",\"publisher\":{\"@id\":\"https:\\\/\\\/candas365.es\\\/noticias\\\/#organization\"}}]}\n\t\t<\/script>\n\t\t<!-- All in One SEO Pro -->\r\n\t\t<title>Daniel Barenboim y Anne-Sophie Mutter estar\u00e1n en el Festival de Hamburgo | Cand\u00e1s 365<\/title>\n\n","aioseo_head_json":{"title":"Daniel Barenboim y Anne-Sophie Mutter estar\u00e1n en el Festival de Hamburgo | Cand\u00e1s 365","description":"Hamburgo, 23 nov (dpa) - Estrellas de la m\u00fasica cl\u00e1sica tales como el director y pianista argentino-israel\u00ed Daniel Barenboim, la violinista alemana Anne-Sophie Mutter y la pianista francesa H\u00e9l\u00e8ne Grimaud se presentar\u00e1n en el festival internacional de m\u00fasica de Hamburgo, que tendr\u00e1 lugar en la ciudad portuaria entre el 27 de abril y el 29","canonical_url":"https:\/\/candas365.es\/noticias\/daniel-barenboim-y-anne-sophie-mutter-estaran-en-el-festival-de-hamburgo\/","robots":"max-image-preview:large","keywords":"agenda","webmasterTools":{"google-site-verification":"UA-32230408-1","msvalidate.01":"354F3CDFB2DA171B47FBE9ABF1F88D5","miscellaneous":""},"schema":{"@context":"https:\/\/schema.org","@graph":[{"@type":"BreadcrumbList","@id":"https:\/\/candas365.es\/noticias\/daniel-barenboim-y-anne-sophie-mutter-estaran-en-el-festival-de-hamburgo\/#breadcrumblist","itemListElement":[{"@type":"ListItem","@id":"https:\/\/candas365.es\/noticias#listItem","position":1,"name":"Home","item":"https:\/\/candas365.es\/noticias","nextItem":{"@type":"ListItem","@id":"https:\/\/candas365.es\/noticias\/category\/agenda\/#listItem","name":"Agenda"}},{"@type":"ListItem","@id":"https:\/\/candas365.es\/noticias\/category\/agenda\/#listItem","position":2,"name":"Agenda","item":"https:\/\/candas365.es\/noticias\/category\/agenda\/","nextItem":{"@type":"ListItem","@id":"https:\/\/candas365.es\/noticias\/daniel-barenboim-y-anne-sophie-mutter-estaran-en-el-festival-de-hamburgo\/#listItem","name":"Daniel Barenboim y Anne-Sophie Mutter estar\u00e1n en el Festival de Hamburgo"},"previousItem":{"@type":"ListItem","@id":"https:\/\/candas365.es\/noticias#listItem","name":"Home"}},{"@type":"ListItem","@id":"https:\/\/candas365.es\/noticias\/daniel-barenboim-y-anne-sophie-mutter-estaran-en-el-festival-de-hamburgo\/#listItem","position":3,"name":"Daniel Barenboim y Anne-Sophie Mutter estar\u00e1n en el Festival de Hamburgo","previousItem":{"@type":"ListItem","@id":"https:\/\/candas365.es\/noticias\/category\/agenda\/#listItem","name":"Agenda"}}]},{"@type":"NewsArticle","@id":"https:\/\/candas365.es\/noticias\/daniel-barenboim-y-anne-sophie-mutter-estaran-en-el-festival-de-hamburgo\/#newsarticle","name":"Daniel Barenboim y Anne-Sophie Mutter estar\u00e1n en el Festival de Hamburgo | Cand\u00e1s 365","headline":"Daniel Barenboim y Anne-Sophie Mutter estar\u00e1n en el Festival de Hamburgo","author":{"@id":"https:\/\/candas365.es\/noticias\/author\/admin\/#author"},"publisher":{"@id":"https:\/\/candas365.es\/noticias\/#organization"},"image":{"@type":"ImageObject","url":"https:\/\/candas365.es\/noticias\/wp-content\/uploads\/2018\/11\/music-1283851_960_720.jpg","width":960,"height":593},"datePublished":"2018-11-23T20:53:31+01:00","dateModified":"2018-11-23T20:53:31+01:00","inLanguage":"es-ES","mainEntityOfPage":{"@id":"https:\/\/candas365.es\/noticias\/daniel-barenboim-y-anne-sophie-mutter-estaran-en-el-festival-de-hamburgo\/#webpage"},"isPartOf":{"@id":"https:\/\/candas365.es\/noticias\/daniel-barenboim-y-anne-sophie-mutter-estaran-en-el-festival-de-hamburgo\/#webpage"},"articleSection":"Agenda","dateline":"Publicado el noviembre 23, 2018."},{"@type":"Organization","@id":"https:\/\/candas365.es\/noticias\/#organization","name":"Cand\u00e1s 365","description":"Cand\u00e1s 365 es un diario digital independiente, fundado en 2012, con base en Asturias. Informamos con rigor sobre actualidad, sociedad, cultura y ocio, con una mirada local y global.","url":"https:\/\/candas365.es\/noticias\/","email":"info@candas365.es","telephone":"+34652131393","foundingDate":"2012-06-10","logo":{"@type":"ImageObject","url":"https:\/\/candas365.es\/noticias\/wp-content\/uploads\/2024\/09\/Candas-365-Redes.jpg","@id":"https:\/\/candas365.es\/noticias\/daniel-barenboim-y-anne-sophie-mutter-estaran-en-el-festival-de-hamburgo\/#organizationLogo","width":1152,"height":864,"caption":"Cand\u00e1s 365 Redes"},"image":{"@id":"https:\/\/candas365.es\/noticias\/daniel-barenboim-y-anne-sophie-mutter-estaran-en-el-festival-de-hamburgo\/#organizationLogo"},"sameAs":["https:\/\/www.facebook.com\/Nachofdezber","https:\/\/x.com\/NabercoDigital","https:\/\/www.instagram.com\/nachofdezber\/","https:\/\/www.youtube.com\/channel\/UCZP-2wLEB9Rv6erhFmqVnvg"],"address":{"@id":"https:\/\/candas365.es\/noticias\/#postaladdress","@type":"PostalAddress","streetAddress":"san antonio 4, san antonio 4","postalCode":"33430","addressLocality":"Cand\u00e1s","addressRegion":"Asturias","addressCountry":"ES"}},{"@type":"Person","@id":"https:\/\/candas365.es\/noticias\/author\/admin\/#author","url":"https:\/\/candas365.es\/noticias\/author\/admin\/","name":"Cand\u00e1s 365","image":{"@type":"ImageObject","@id":"https:\/\/candas365.es\/noticias\/daniel-barenboim-y-anne-sophie-mutter-estaran-en-el-festival-de-hamburgo\/#authorImage","url":"https:\/\/secure.gravatar.com\/avatar\/496a8e03d0c493ede1718b7934145dbdf8d89be1036b0eec9544e1094c9de390?s=96&d=mm&r=g","width":96,"height":96,"caption":"Cand\u00e1s 365"},"sameAs":["https:\/\/www.facebook.com\/carrenoactualidad","https:\/\/twitter.com\/nbasturias","https:\/\/www.instagram.com\/nachofdezber\/","https:\/\/www.youtube.com\/channel\/UCZP-2wLEB9Rv6erhFmqVnvg"]},{"@type":"WebPage","@id":"https:\/\/candas365.es\/noticias\/daniel-barenboim-y-anne-sophie-mutter-estaran-en-el-festival-de-hamburgo\/#webpage","url":"https:\/\/candas365.es\/noticias\/daniel-barenboim-y-anne-sophie-mutter-estaran-en-el-festival-de-hamburgo\/","name":"Daniel Barenboim y Anne-Sophie Mutter estar\u00e1n en el Festival de Hamburgo | Cand\u00e1s 365","description":"Hamburgo, 23 nov (dpa) - Estrellas de la m\u00fasica cl\u00e1sica tales como el director y pianista argentino-israel\u00ed Daniel Barenboim, la violinista alemana Anne-Sophie Mutter y la pianista francesa H\u00e9l\u00e8ne Grimaud se presentar\u00e1n en el festival internacional de m\u00fasica de Hamburgo, que tendr\u00e1 lugar en la ciudad portuaria entre el 27 de abril y el 29","inLanguage":"es-ES","isPartOf":{"@id":"https:\/\/candas365.es\/noticias\/#website"},"breadcrumb":{"@id":"https:\/\/candas365.es\/noticias\/daniel-barenboim-y-anne-sophie-mutter-estaran-en-el-festival-de-hamburgo\/#breadcrumblist"},"author":{"@id":"https:\/\/candas365.es\/noticias\/author\/admin\/#author"},"creator":{"@id":"https:\/\/candas365.es\/noticias\/author\/admin\/#author"},"image":{"@type":"ImageObject","url":"https:\/\/candas365.es\/noticias\/wp-content\/uploads\/2018\/11\/music-1283851_960_720.jpg","@id":"https:\/\/candas365.es\/noticias\/daniel-barenboim-y-anne-sophie-mutter-estaran-en-el-festival-de-hamburgo\/#mainImage","width":960,"height":593},"primaryImageOfPage":{"@id":"https:\/\/candas365.es\/noticias\/daniel-barenboim-y-anne-sophie-mutter-estaran-en-el-festival-de-hamburgo\/#mainImage"},"datePublished":"2018-11-23T20:53:31+01:00","dateModified":"2018-11-23T20:53:31+01:00"},{"@type":"WebSite","@id":"https:\/\/candas365.es\/noticias\/#website","url":"https:\/\/candas365.es\/noticias\/","name":"Cand\u00e1s 365","alternateName":"Cand\u00e1s 365 Noticias","description":"Actualidad desde Carre\u00f1o para el mundo","inLanguage":"es-ES","publisher":{"@id":"https:\/\/candas365.es\/noticias\/#organization"}}]},"og:locale":"es_ES","og:site_name":"Cand\u00e1s 365","og:type":"article","og:title":"Daniel Barenboim y Anne-Sophie Mutter estar\u00e1n en el Festival de Hamburgo | Cand\u00e1s 365","og:description":"Hamburgo, 23 nov (dpa) - Estrellas de la m\u00fasica cl\u00e1sica tales como el director y pianista argentino-israel\u00ed Daniel Barenboim, la violinista alemana Anne-Sophie Mutter y la pianista francesa H\u00e9l\u00e8ne Grimaud se presentar\u00e1n en el festival internacional de m\u00fasica de Hamburgo, que tendr\u00e1 lugar en la ciudad portuaria entre el 27 de abril y el 29","og:url":"https:\/\/candas365.es\/noticias\/daniel-barenboim-y-anne-sophie-mutter-estaran-en-el-festival-de-hamburgo\/","og:image":"https:\/\/candas365.es\/noticias\/wp-content\/uploads\/2018\/11\/music-1283851_960_720.jpg","og:image:secure_url":"https:\/\/candas365.es\/noticias\/wp-content\/uploads\/2018\/11\/music-1283851_960_720.jpg","og:image:width":960,"og:image:height":593,"article:published_time":"2018-11-23T20:53:31+00:00","article:modified_time":"2018-11-23T20:53:31+00:00","article:publisher":"https:\/\/www.facebook.com\/Nachofdezber","article:author":"https:\/\/www.facebook.com\/carrenoactualidad","twitter:card":"summary_large_image","twitter:site":"@NabercoDigital","twitter:title":"Daniel Barenboim y Anne-Sophie Mutter estar\u00e1n en el Festival de Hamburgo | Cand\u00e1s 365","twitter:description":"Hamburgo, 23 nov (dpa) - Estrellas de la m\u00fasica cl\u00e1sica tales como el director y pianista argentino-israel\u00ed Daniel Barenboim, la violinista alemana Anne-Sophie Mutter y la pianista francesa H\u00e9l\u00e8ne Grimaud se presentar\u00e1n en el festival internacional de m\u00fasica de Hamburgo, que tendr\u00e1 lugar en la ciudad portuaria entre el 27 de abril y el 29","twitter:creator":"@nbasturias","twitter:image":"https:\/\/candas365.es\/noticias\/wp-content\/uploads\/2018\/11\/music-1283851_960_720.jpg","twitter:label1":"Escrito por","twitter:data1":"Cand\u00e1s 365","twitter:label2":"Tiempo de lectura estimado","twitter:data2":"1 minuto"},"aioseo_meta_data":{"post_id":"110571","title":null,"description":null,"keywords":null,"keyphrases":null,"primary_term":null,"canonical_url":null,"og_title":null,"og_description":null,"og_object_type":"default","og_image_type":"default","og_image_url":null,"og_image_width":null,"og_image_height":null,"og_image_custom_url":null,"og_image_custom_fields":null,"og_video":null,"og_custom_url":null,"og_article_section":null,"og_article_tags":null,"twitter_use_og":false,"twitter_card":"default","twitter_image_type":"default","twitter_image_url":null,"twitter_image_custom_url":null,"twitter_image_custom_fields":null,"twitter_title":null,"twitter_description":null,"schema":{"blockGraphs":[],"customGraphs":[],"default":{"data":{"Article":[],"Course":[],"Dataset":[],"FAQPage":[],"Movie":[],"Person":[],"Product":[],"ProductReview":[],"Car":[],"Recipe":[],"Service":[],"SoftwareApplication":[],"WebPage":[]},"graphName":"","isEnabled":true},"graphs":[]},"schema_type":null,"schema_type_options":null,"pillar_content":false,"robots_default":true,"robots_noindex":false,"robots_noarchive":false,"robots_nosnippet":false,"robots_nofollow":false,"robots_noimageindex":false,"robots_noodp":false,"robots_notranslate":false,"robots_max_snippet":null,"robots_max_videopreview":null,"robots_max_imagepreview":"large","priority":null,"frequency":null,"location":null,"local_seo":null,"seo_analyzer_scan_date":"2025-08-28 12:58:29","breadcrumb_settings":null,"limit_modified_date":false,"reviewed_by":null,"open_ai":null,"ai":null,"created":"2020-12-21 11:38:27","updated":"2025-08-28 12:58:29"},"aioseo_breadcrumb":"<div class=\"aioseo-breadcrumbs\"><span class=\"aioseo-breadcrumb\">\n\t<a href=\"https:\/\/candas365.es\/noticias\" title=\"Home\">Home<\/a>\n<\/span><span class=\"aioseo-breadcrumb-separator\">&ndash;<\/span><span class=\"aioseo-breadcrumb\">\n\t<a href=\"https:\/\/candas365.es\/noticias\/category\/agenda\/\" title=\"Agenda\">Agenda<\/a>\n<\/span><span class=\"aioseo-breadcrumb-separator\">&ndash;<\/span><span class=\"aioseo-breadcrumb\">\n\tDaniel Barenboim y Anne-Sophie Mutter estar\u00e1n en el Festival de Hamburgo\n<\/span><\/div>","aioseo_breadcrumb_json":[{"label":"Home","link":"https:\/\/candas365.es\/noticias"},{"label":"Agenda","link":"https:\/\/candas365.es\/noticias\/category\/agenda\/"},{"label":"Daniel Barenboim y Anne-Sophie Mutter estar\u00e1n en el Festival de Hamburgo","link":"https:\/\/candas365.es\/noticias\/daniel-barenboim-y-anne-sophie-mutter-estaran-en-el-festival-de-hamburgo\/"}],"_links":{"self":[{"href":"https:\/\/candas365.es\/noticias\/wp-json\/wp\/v2\/posts\/110571","targetHints":{"allow":["GET"]}}],"collection":[{"href":"https:\/\/candas365.es\/noticias\/wp-json\/wp\/v2\/posts"}],"about":[{"href":"https:\/\/candas365.es\/noticias\/wp-json\/wp\/v2\/types\/post"}],"author":[{"embeddable":true,"href":"https:\/\/candas365.es\/noticias\/wp-json\/wp\/v2\/users\/1"}],"replies":[{"embeddable":true,"href":"https:\/\/candas365.es\/noticias\/wp-json\/wp\/v2\/comments?post=110571"}],"version-history":[{"count":0,"href":"https:\/\/candas365.es\/noticias\/wp-json\/wp\/v2\/posts\/110571\/revisions"}],"wp:featuredmedia":[{"embeddable":true,"href":"https:\/\/candas365.es\/noticias\/wp-json\/wp\/v2\/media\/110572"}],"wp:attachment":[{"href":"https:\/\/candas365.es\/noticias\/wp-json\/wp\/v2\/media?parent=110571"}],"wp:term":[{"taxonomy":"category","embeddable":true,"href":"https:\/\/candas365.es\/noticias\/wp-json\/wp\/v2\/categories?post=110571"},{"taxonomy":"post_tag","embeddable":true,"href":"https:\/\/candas365.es\/noticias\/wp-json\/wp\/v2\/tags?post=110571"}],"curies":[{"name":"wp","href":"https:\/\/api.w.org\/{rel}","templated":true}]}}