{"id":110465,"date":"2018-11-22T20:22:16","date_gmt":"2018-11-22T20:22:16","guid":{"rendered":"http:\/\/candas365.es\/noticias\/?p=110465"},"modified":"2018-11-22T20:22:16","modified_gmt":"2018-11-22T20:22:16","slug":"williams-confirma-a-kubica-como-piloto-para-la-temporada-2019","status":"publish","type":"post","link":"https:\/\/candas365.es\/noticias\/williams-confirma-a-kubica-como-piloto-para-la-temporada-2019\/","title":{"rendered":"Williams confirma a Kubica como piloto para la temporada 2019"},"content":{"rendered":"<p><img fetchpriority=\"high\" decoding=\"async\" class=\"alignleft size-medium wp-image-91805\" src=\"https:\/\/candas365.es\/noticias\/wp-content\/uploads\/2018\/03\/formula-1-630147_1280-360x239.jpg\" alt=\"\" width=\"360\" height=\"239\" srcset=\"https:\/\/candas365.es\/noticias\/wp-content\/uploads\/2018\/03\/formula-1-630147_1280-360x239.jpg 360w, https:\/\/candas365.es\/noticias\/wp-content\/uploads\/2018\/03\/formula-1-630147_1280-696x463.jpg 696w, https:\/\/candas365.es\/noticias\/wp-content\/uploads\/2018\/03\/formula-1-630147_1280-1068x710.jpg 1068w, https:\/\/candas365.es\/noticias\/wp-content\/uploads\/2018\/03\/formula-1-630147_1280-632x420.jpg 632w, https:\/\/candas365.es\/noticias\/wp-content\/uploads\/2018\/03\/formula-1-630147_1280-768x511.jpg 768w, https:\/\/candas365.es\/noticias\/wp-content\/uploads\/2018\/03\/formula-1-630147_1280-655x435.jpg 655w, https:\/\/candas365.es\/noticias\/wp-content\/uploads\/2018\/03\/formula-1-630147_1280.jpg 1280w\" sizes=\"(max-width: 360px) 100vw, 360px\" \/>Abu Dabi, 22 nov (dpa) &#8211; Ocho a\u00f1os despu\u00e9s del grave accidente que sufri\u00f3, el piloto polaco Robert Kubica regresar\u00e1 a la F\u00f3rmula 1 en 2019 a bordo de un Williams, anunci\u00f3 hoy la escuder\u00eda en un comunicado.<\/p>\n<p>\u00abEl equipo Williams est\u00e1 encantado de anunciar que Robert Kubica completar\u00e1 el equipo para 2019\u00bb, se\u00f1al\u00f3 la escuder\u00eda antes de que se dispute este fin de semana en Abu Dabi el \u00faltimo Gran Premio del a\u00f1o.<\/p>\n<p>El piloto de 33 a\u00f1os recibir\u00e1 un contrato de una temporada y competir\u00e1 junto al brit\u00e1nico George Russell, que ocupar\u00e1 el otro volante de Williams.<\/p>\n<p>Kubica sufri\u00f3 un grave accidente de Rally en febrero de 2011, cuando ten\u00eda contrato en la F\u00f3rmula 1 con el equipo Lotus-Renault y era uno de los candidatos al t\u00edtulo mundial.<\/p>\n<p>El polaco debut\u00f3 en la F\u00f3rmula 1 a bordo de un BMW-Sauber en 2006 y logr\u00f3 su primera y hasta ahora \u00fanica victoria en el Gran Premio de Canad\u00e1 2008.<\/p>\n<p>En el accidente que protagoniz\u00f3 en Italia en 2011, sufri\u00f3 graves heridas en el brazo y la mano derecha. Nunca m\u00e1s volvi\u00f3 a competir en la categor\u00eda reina.<\/p>\n<p>En 2017 volvi\u00f3 a sentarse en un F\u00f3rmula 1 al realizar algunos ensayos con Renault y Williams. Y este a\u00f1o particip\u00f3 en los entrenamientos oficiales del Gran Premio de Espa\u00f1a, como piloto suplente de Williams.<\/p>\n<p>\u00abVolver a la F\u00f3rmula 1 es uno de los grandes logros de mi carrera\u00bb, dijo Kubica en el comunicado emitido por Williams.<\/p>\n<p>\u00abHa sido un viaje muy emocionante, pero lo que parec\u00eda imposible est\u00e1 empezando a ser posible. Estoy emocionado de poder decir que estar\u00e9 en la F\u00f3rmula 1 en 2019\u00bb.<\/p>\n<p>Kubica y Russell sustituir\u00e1n a Lance Stroll y Sergey Sirotkin, que este a\u00f1o acumularon apenas siete puntos. El equipo Williams est\u00e1 \u00faltimo en el Mundial de constructores.<\/p>\n","protected":false},"excerpt":{"rendered":"<p>Abu Dabi, 22 nov (dpa) &#8211; Ocho a\u00f1os despu\u00e9s del grave accidente que sufri\u00f3, el piloto polaco Robert Kubica regresar\u00e1 a la F\u00f3rmula 1 en 2019 a bordo de un Williams, anunci\u00f3 hoy la escuder\u00eda en un comunicado. \u00abEl equipo Williams est\u00e1 encantado de anunciar que Robert Kubica completar\u00e1 el equipo para 2019\u00bb, se\u00f1al\u00f3 la<\/p>\n","protected":false},"author":1,"featured_media":90544,"comment_status":"closed","ping_status":"closed","sticky":false,"template":"","format":"standard","meta":{"footnotes":""},"categories":[319],"tags":[],"class_list":{"0":"post-110465","1":"post","2":"type-post","3":"status-publish","4":"format-standard","5":"has-post-thumbnail","7":"category-deporte"},"aioseo_notices":[],"aioseo_head":"\n\t\t<!-- All in One SEO Pro 4.9.6.2 - aioseo.com -->\n\t<meta name=\"description\" content=\"Abu Dabi, 22 nov (dpa) - Ocho a\u00f1os despu\u00e9s del grave accidente que sufri\u00f3, el piloto polaco Robert Kubica regresar\u00e1 a la F\u00f3rmula 1 en 2019 a bordo de un Williams, anunci\u00f3 hoy la escuder\u00eda en un comunicado. &quot;El equipo Williams est\u00e1 encantado de anunciar que Robert Kubica completar\u00e1 el equipo para 2019&quot;, se\u00f1al\u00f3 la\" \/>\n\t<meta name=\"robots\" content=\"max-image-preview:large\" \/>\n\t<meta name=\"author\" content=\"Cand\u00e1s 365\"\/>\n\t<meta name=\"google-site-verification\" content=\"UA-32230408-1\" \/>\n\t<meta name=\"msvalidate.01\" content=\"354F3CDFB2DA171B47FBE9ABF1F88D5\" \/>\n\t<meta name=\"keywords\" content=\"deporte\" \/>\n\t<link rel=\"canonical\" href=\"https:\/\/candas365.es\/noticias\/williams-confirma-a-kubica-como-piloto-para-la-temporada-2019\/\" \/>\n\t<meta name=\"generator\" content=\"All in One SEO Pro (AIOSEO) 4.9.6.2\" \/>\n\t\t<meta property=\"og:locale\" content=\"es_ES\" \/>\n\t\t<meta property=\"og:site_name\" content=\"Cand\u00e1s 365\" \/>\n\t\t<meta property=\"og:type\" content=\"article\" \/>\n\t\t<meta property=\"og:title\" content=\"Williams confirma a Kubica como piloto para la temporada 2019 | Cand\u00e1s 365\" \/>\n\t\t<meta property=\"og:description\" content=\"Abu Dabi, 22 nov (dpa) - Ocho a\u00f1os despu\u00e9s del grave accidente que sufri\u00f3, el piloto polaco Robert Kubica regresar\u00e1 a la F\u00f3rmula 1 en 2019 a bordo de un Williams, anunci\u00f3 hoy la escuder\u00eda en un comunicado. &quot;El equipo Williams est\u00e1 encantado de anunciar que Robert Kubica completar\u00e1 el equipo para 2019&quot;, se\u00f1al\u00f3 la\" \/>\n\t\t<meta property=\"og:url\" content=\"https:\/\/candas365.es\/noticias\/williams-confirma-a-kubica-como-piloto-para-la-temporada-2019\/\" \/>\n\t\t<meta property=\"og:image\" content=\"https:\/\/candas365.es\/noticias\/wp-content\/uploads\/2018\/02\/formula-1-630147_1280.jpg\" \/>\n\t\t<meta property=\"og:image:secure_url\" content=\"https:\/\/candas365.es\/noticias\/wp-content\/uploads\/2018\/02\/formula-1-630147_1280.jpg\" \/>\n\t\t<meta property=\"og:image:width\" content=\"1280\" \/>\n\t\t<meta property=\"og:image:height\" content=\"851\" \/>\n\t\t<meta property=\"article:published_time\" content=\"2018-11-22T20:22:16+00:00\" \/>\n\t\t<meta property=\"article:modified_time\" content=\"2018-11-22T20:22:16+00:00\" \/>\n\t\t<meta property=\"article:publisher\" content=\"https:\/\/www.facebook.com\/Nachofdezber\" \/>\n\t\t<meta property=\"article:author\" content=\"https:\/\/www.facebook.com\/carrenoactualidad\" \/>\n\t\t<meta name=\"twitter:card\" content=\"summary_large_image\" \/>\n\t\t<meta name=\"twitter:site\" content=\"@NabercoDigital\" \/>\n\t\t<meta name=\"twitter:title\" content=\"Williams confirma a Kubica como piloto para la temporada 2019 | Cand\u00e1s 365\" \/>\n\t\t<meta name=\"twitter:description\" content=\"Abu Dabi, 22 nov (dpa) - Ocho a\u00f1os despu\u00e9s del grave accidente que sufri\u00f3, el piloto polaco Robert Kubica regresar\u00e1 a la F\u00f3rmula 1 en 2019 a bordo de un Williams, anunci\u00f3 hoy la escuder\u00eda en un comunicado. &quot;El equipo Williams est\u00e1 encantado de anunciar que Robert Kubica completar\u00e1 el equipo para 2019&quot;, se\u00f1al\u00f3 la\" \/>\n\t\t<meta name=\"twitter:creator\" content=\"@nbasturias\" \/>\n\t\t<meta name=\"twitter:image\" content=\"https:\/\/candas365.es\/noticias\/wp-content\/uploads\/2018\/02\/formula-1-630147_1280.jpg\" \/>\n\t\t<meta name=\"twitter:label1\" content=\"Escrito por\" \/>\n\t\t<meta name=\"twitter:data1\" content=\"Cand\u00e1s 365\" \/>\n\t\t<meta name=\"twitter:label2\" content=\"Tiempo de lectura estimado\" \/>\n\t\t<meta name=\"twitter:data2\" content=\"2 minutos\" \/>\n\t\t<script type=\"application\/ld+json\" class=\"aioseo-schema\">\n\t\t\t{\"@context\":\"https:\\\/\\\/schema.org\",\"@graph\":[{\"@type\":\"BreadcrumbList\",\"@id\":\"https:\\\/\\\/candas365.es\\\/noticias\\\/williams-confirma-a-kubica-como-piloto-para-la-temporada-2019\\\/#breadcrumblist\",\"itemListElement\":[{\"@type\":\"ListItem\",\"@id\":\"https:\\\/\\\/candas365.es\\\/noticias#listItem\",\"position\":1,\"name\":\"Home\",\"item\":\"https:\\\/\\\/candas365.es\\\/noticias\",\"nextItem\":{\"@type\":\"ListItem\",\"@id\":\"https:\\\/\\\/candas365.es\\\/noticias\\\/category\\\/deporte\\\/#listItem\",\"name\":\"Deporte\"}},{\"@type\":\"ListItem\",\"@id\":\"https:\\\/\\\/candas365.es\\\/noticias\\\/category\\\/deporte\\\/#listItem\",\"position\":2,\"name\":\"Deporte\",\"item\":\"https:\\\/\\\/candas365.es\\\/noticias\\\/category\\\/deporte\\\/\",\"nextItem\":{\"@type\":\"ListItem\",\"@id\":\"https:\\\/\\\/candas365.es\\\/noticias\\\/williams-confirma-a-kubica-como-piloto-para-la-temporada-2019\\\/#listItem\",\"name\":\"Williams confirma a Kubica como piloto para la temporada 2019\"},\"previousItem\":{\"@type\":\"ListItem\",\"@id\":\"https:\\\/\\\/candas365.es\\\/noticias#listItem\",\"name\":\"Home\"}},{\"@type\":\"ListItem\",\"@id\":\"https:\\\/\\\/candas365.es\\\/noticias\\\/williams-confirma-a-kubica-como-piloto-para-la-temporada-2019\\\/#listItem\",\"position\":3,\"name\":\"Williams confirma a Kubica como piloto para la temporada 2019\",\"previousItem\":{\"@type\":\"ListItem\",\"@id\":\"https:\\\/\\\/candas365.es\\\/noticias\\\/category\\\/deporte\\\/#listItem\",\"name\":\"Deporte\"}}]},{\"@type\":\"NewsArticle\",\"@id\":\"https:\\\/\\\/candas365.es\\\/noticias\\\/williams-confirma-a-kubica-como-piloto-para-la-temporada-2019\\\/#newsarticle\",\"name\":\"Williams confirma a Kubica como piloto para la temporada 2019 | Cand\\u00e1s 365\",\"headline\":\"Williams confirma a Kubica como piloto para la temporada 2019\",\"author\":{\"@id\":\"https:\\\/\\\/candas365.es\\\/noticias\\\/author\\\/admin\\\/#author\"},\"publisher\":{\"@id\":\"https:\\\/\\\/candas365.es\\\/noticias\\\/#organization\"},\"image\":{\"@type\":\"ImageObject\",\"url\":\"https:\\\/\\\/candas365.es\\\/noticias\\\/wp-content\\\/uploads\\\/2018\\\/02\\\/formula-1-630147_1280.jpg\",\"width\":1280,\"height\":851},\"datePublished\":\"2018-11-22T20:22:16+01:00\",\"dateModified\":\"2018-11-22T20:22:16+01:00\",\"inLanguage\":\"es-ES\",\"mainEntityOfPage\":{\"@id\":\"https:\\\/\\\/candas365.es\\\/noticias\\\/williams-confirma-a-kubica-como-piloto-para-la-temporada-2019\\\/#webpage\"},\"isPartOf\":{\"@id\":\"https:\\\/\\\/candas365.es\\\/noticias\\\/williams-confirma-a-kubica-como-piloto-para-la-temporada-2019\\\/#webpage\"},\"articleSection\":\"Deporte\",\"dateline\":\"Publicado el noviembre 22, 2018.\"},{\"@type\":\"Organization\",\"@id\":\"https:\\\/\\\/candas365.es\\\/noticias\\\/#organization\",\"name\":\"Cand\\u00e1s 365\",\"description\":\"Cand\\u00e1s 365 es un diario digital independiente, fundado en 2012, con base en Asturias. Informamos con rigor sobre actualidad, sociedad, cultura y ocio, con una mirada local y global.\",\"url\":\"https:\\\/\\\/candas365.es\\\/noticias\\\/\",\"email\":\"info@candas365.es\",\"telephone\":\"+34652131393\",\"foundingDate\":\"2012-06-10\",\"logo\":{\"@type\":\"ImageObject\",\"url\":\"https:\\\/\\\/candas365.es\\\/noticias\\\/wp-content\\\/uploads\\\/2024\\\/09\\\/Candas-365-Redes.jpg\",\"@id\":\"https:\\\/\\\/candas365.es\\\/noticias\\\/williams-confirma-a-kubica-como-piloto-para-la-temporada-2019\\\/#organizationLogo\",\"width\":1152,\"height\":864,\"caption\":\"Cand\\u00e1s 365 Redes\"},\"image\":{\"@id\":\"https:\\\/\\\/candas365.es\\\/noticias\\\/williams-confirma-a-kubica-como-piloto-para-la-temporada-2019\\\/#organizationLogo\"},\"sameAs\":[\"https:\\\/\\\/www.facebook.com\\\/Nachofdezber\",\"https:\\\/\\\/x.com\\\/NabercoDigital\",\"https:\\\/\\\/www.instagram.com\\\/nachofdezber\\\/\",\"https:\\\/\\\/www.youtube.com\\\/channel\\\/UCZP-2wLEB9Rv6erhFmqVnvg\"],\"address\":{\"@id\":\"https:\\\/\\\/candas365.es\\\/noticias\\\/#postaladdress\",\"@type\":\"PostalAddress\",\"streetAddress\":\"san antonio 4, san antonio 4\",\"postalCode\":\"33430\",\"addressLocality\":\"Cand\\u00e1s\",\"addressRegion\":\"Asturias\",\"addressCountry\":\"ES\"}},{\"@type\":\"Person\",\"@id\":\"https:\\\/\\\/candas365.es\\\/noticias\\\/author\\\/admin\\\/#author\",\"url\":\"https:\\\/\\\/candas365.es\\\/noticias\\\/author\\\/admin\\\/\",\"name\":\"Cand\\u00e1s 365\",\"image\":{\"@type\":\"ImageObject\",\"@id\":\"https:\\\/\\\/candas365.es\\\/noticias\\\/williams-confirma-a-kubica-como-piloto-para-la-temporada-2019\\\/#authorImage\",\"url\":\"https:\\\/\\\/secure.gravatar.com\\\/avatar\\\/496a8e03d0c493ede1718b7934145dbdf8d89be1036b0eec9544e1094c9de390?s=96&d=mm&r=g\",\"width\":96,\"height\":96,\"caption\":\"Cand\\u00e1s 365\"},\"sameAs\":[\"https:\\\/\\\/www.facebook.com\\\/carrenoactualidad\",\"https:\\\/\\\/twitter.com\\\/nbasturias\",\"https:\\\/\\\/www.instagram.com\\\/nachofdezber\\\/\",\"https:\\\/\\\/www.youtube.com\\\/channel\\\/UCZP-2wLEB9Rv6erhFmqVnvg\"]},{\"@type\":\"WebPage\",\"@id\":\"https:\\\/\\\/candas365.es\\\/noticias\\\/williams-confirma-a-kubica-como-piloto-para-la-temporada-2019\\\/#webpage\",\"url\":\"https:\\\/\\\/candas365.es\\\/noticias\\\/williams-confirma-a-kubica-como-piloto-para-la-temporada-2019\\\/\",\"name\":\"Williams confirma a Kubica como piloto para la temporada 2019 | Cand\\u00e1s 365\",\"description\":\"Abu Dabi, 22 nov (dpa) - Ocho a\\u00f1os despu\\u00e9s del grave accidente que sufri\\u00f3, el piloto polaco Robert Kubica regresar\\u00e1 a la F\\u00f3rmula 1 en 2019 a bordo de un Williams, anunci\\u00f3 hoy la escuder\\u00eda en un comunicado. \\\"El equipo Williams est\\u00e1 encantado de anunciar que Robert Kubica completar\\u00e1 el equipo para 2019\\\", se\\u00f1al\\u00f3 la\",\"inLanguage\":\"es-ES\",\"isPartOf\":{\"@id\":\"https:\\\/\\\/candas365.es\\\/noticias\\\/#website\"},\"breadcrumb\":{\"@id\":\"https:\\\/\\\/candas365.es\\\/noticias\\\/williams-confirma-a-kubica-como-piloto-para-la-temporada-2019\\\/#breadcrumblist\"},\"author\":{\"@id\":\"https:\\\/\\\/candas365.es\\\/noticias\\\/author\\\/admin\\\/#author\"},\"creator\":{\"@id\":\"https:\\\/\\\/candas365.es\\\/noticias\\\/author\\\/admin\\\/#author\"},\"image\":{\"@type\":\"ImageObject\",\"url\":\"https:\\\/\\\/candas365.es\\\/noticias\\\/wp-content\\\/uploads\\\/2018\\\/02\\\/formula-1-630147_1280.jpg\",\"@id\":\"https:\\\/\\\/candas365.es\\\/noticias\\\/williams-confirma-a-kubica-como-piloto-para-la-temporada-2019\\\/#mainImage\",\"width\":1280,\"height\":851},\"primaryImageOfPage\":{\"@id\":\"https:\\\/\\\/candas365.es\\\/noticias\\\/williams-confirma-a-kubica-como-piloto-para-la-temporada-2019\\\/#mainImage\"},\"datePublished\":\"2018-11-22T20:22:16+01:00\",\"dateModified\":\"2018-11-22T20:22:16+01:00\"},{\"@type\":\"WebSite\",\"@id\":\"https:\\\/\\\/candas365.es\\\/noticias\\\/#website\",\"url\":\"https:\\\/\\\/candas365.es\\\/noticias\\\/\",\"name\":\"Cand\\u00e1s 365\",\"alternateName\":\"Cand\\u00e1s 365 Noticias\",\"description\":\"Actualidad desde Carre\\u00f1o para el mundo\",\"inLanguage\":\"es-ES\",\"publisher\":{\"@id\":\"https:\\\/\\\/candas365.es\\\/noticias\\\/#organization\"}}]}\n\t\t<\/script>\n\t\t<!-- All in One SEO Pro -->\r\n\t\t<title>Williams confirma a Kubica como piloto para la temporada 2019 | Cand\u00e1s 365<\/title>\n\n","aioseo_head_json":{"title":"Williams confirma a Kubica como piloto para la temporada 2019 | Cand\u00e1s 365","description":"Abu Dabi, 22 nov (dpa) - Ocho a\u00f1os despu\u00e9s del grave accidente que sufri\u00f3, el piloto polaco Robert Kubica regresar\u00e1 a la F\u00f3rmula 1 en 2019 a bordo de un Williams, anunci\u00f3 hoy la escuder\u00eda en un comunicado. \"El equipo Williams est\u00e1 encantado de anunciar que Robert Kubica completar\u00e1 el equipo para 2019\", se\u00f1al\u00f3 la","canonical_url":"https:\/\/candas365.es\/noticias\/williams-confirma-a-kubica-como-piloto-para-la-temporada-2019\/","robots":"max-image-preview:large","keywords":"deporte","webmasterTools":{"google-site-verification":"UA-32230408-1","msvalidate.01":"354F3CDFB2DA171B47FBE9ABF1F88D5","miscellaneous":""},"schema":{"@context":"https:\/\/schema.org","@graph":[{"@type":"BreadcrumbList","@id":"https:\/\/candas365.es\/noticias\/williams-confirma-a-kubica-como-piloto-para-la-temporada-2019\/#breadcrumblist","itemListElement":[{"@type":"ListItem","@id":"https:\/\/candas365.es\/noticias#listItem","position":1,"name":"Home","item":"https:\/\/candas365.es\/noticias","nextItem":{"@type":"ListItem","@id":"https:\/\/candas365.es\/noticias\/category\/deporte\/#listItem","name":"Deporte"}},{"@type":"ListItem","@id":"https:\/\/candas365.es\/noticias\/category\/deporte\/#listItem","position":2,"name":"Deporte","item":"https:\/\/candas365.es\/noticias\/category\/deporte\/","nextItem":{"@type":"ListItem","@id":"https:\/\/candas365.es\/noticias\/williams-confirma-a-kubica-como-piloto-para-la-temporada-2019\/#listItem","name":"Williams confirma a Kubica como piloto para la temporada 2019"},"previousItem":{"@type":"ListItem","@id":"https:\/\/candas365.es\/noticias#listItem","name":"Home"}},{"@type":"ListItem","@id":"https:\/\/candas365.es\/noticias\/williams-confirma-a-kubica-como-piloto-para-la-temporada-2019\/#listItem","position":3,"name":"Williams confirma a Kubica como piloto para la temporada 2019","previousItem":{"@type":"ListItem","@id":"https:\/\/candas365.es\/noticias\/category\/deporte\/#listItem","name":"Deporte"}}]},{"@type":"NewsArticle","@id":"https:\/\/candas365.es\/noticias\/williams-confirma-a-kubica-como-piloto-para-la-temporada-2019\/#newsarticle","name":"Williams confirma a Kubica como piloto para la temporada 2019 | Cand\u00e1s 365","headline":"Williams confirma a Kubica como piloto para la temporada 2019","author":{"@id":"https:\/\/candas365.es\/noticias\/author\/admin\/#author"},"publisher":{"@id":"https:\/\/candas365.es\/noticias\/#organization"},"image":{"@type":"ImageObject","url":"https:\/\/candas365.es\/noticias\/wp-content\/uploads\/2018\/02\/formula-1-630147_1280.jpg","width":1280,"height":851},"datePublished":"2018-11-22T20:22:16+01:00","dateModified":"2018-11-22T20:22:16+01:00","inLanguage":"es-ES","mainEntityOfPage":{"@id":"https:\/\/candas365.es\/noticias\/williams-confirma-a-kubica-como-piloto-para-la-temporada-2019\/#webpage"},"isPartOf":{"@id":"https:\/\/candas365.es\/noticias\/williams-confirma-a-kubica-como-piloto-para-la-temporada-2019\/#webpage"},"articleSection":"Deporte","dateline":"Publicado el noviembre 22, 2018."},{"@type":"Organization","@id":"https:\/\/candas365.es\/noticias\/#organization","name":"Cand\u00e1s 365","description":"Cand\u00e1s 365 es un diario digital independiente, fundado en 2012, con base en Asturias. Informamos con rigor sobre actualidad, sociedad, cultura y ocio, con una mirada local y global.","url":"https:\/\/candas365.es\/noticias\/","email":"info@candas365.es","telephone":"+34652131393","foundingDate":"2012-06-10","logo":{"@type":"ImageObject","url":"https:\/\/candas365.es\/noticias\/wp-content\/uploads\/2024\/09\/Candas-365-Redes.jpg","@id":"https:\/\/candas365.es\/noticias\/williams-confirma-a-kubica-como-piloto-para-la-temporada-2019\/#organizationLogo","width":1152,"height":864,"caption":"Cand\u00e1s 365 Redes"},"image":{"@id":"https:\/\/candas365.es\/noticias\/williams-confirma-a-kubica-como-piloto-para-la-temporada-2019\/#organizationLogo"},"sameAs":["https:\/\/www.facebook.com\/Nachofdezber","https:\/\/x.com\/NabercoDigital","https:\/\/www.instagram.com\/nachofdezber\/","https:\/\/www.youtube.com\/channel\/UCZP-2wLEB9Rv6erhFmqVnvg"],"address":{"@id":"https:\/\/candas365.es\/noticias\/#postaladdress","@type":"PostalAddress","streetAddress":"san antonio 4, san antonio 4","postalCode":"33430","addressLocality":"Cand\u00e1s","addressRegion":"Asturias","addressCountry":"ES"}},{"@type":"Person","@id":"https:\/\/candas365.es\/noticias\/author\/admin\/#author","url":"https:\/\/candas365.es\/noticias\/author\/admin\/","name":"Cand\u00e1s 365","image":{"@type":"ImageObject","@id":"https:\/\/candas365.es\/noticias\/williams-confirma-a-kubica-como-piloto-para-la-temporada-2019\/#authorImage","url":"https:\/\/secure.gravatar.com\/avatar\/496a8e03d0c493ede1718b7934145dbdf8d89be1036b0eec9544e1094c9de390?s=96&d=mm&r=g","width":96,"height":96,"caption":"Cand\u00e1s 365"},"sameAs":["https:\/\/www.facebook.com\/carrenoactualidad","https:\/\/twitter.com\/nbasturias","https:\/\/www.instagram.com\/nachofdezber\/","https:\/\/www.youtube.com\/channel\/UCZP-2wLEB9Rv6erhFmqVnvg"]},{"@type":"WebPage","@id":"https:\/\/candas365.es\/noticias\/williams-confirma-a-kubica-como-piloto-para-la-temporada-2019\/#webpage","url":"https:\/\/candas365.es\/noticias\/williams-confirma-a-kubica-como-piloto-para-la-temporada-2019\/","name":"Williams confirma a Kubica como piloto para la temporada 2019 | Cand\u00e1s 365","description":"Abu Dabi, 22 nov (dpa) - Ocho a\u00f1os despu\u00e9s del grave accidente que sufri\u00f3, el piloto polaco Robert Kubica regresar\u00e1 a la F\u00f3rmula 1 en 2019 a bordo de un Williams, anunci\u00f3 hoy la escuder\u00eda en un comunicado. \"El equipo Williams est\u00e1 encantado de anunciar que Robert Kubica completar\u00e1 el equipo para 2019\", se\u00f1al\u00f3 la","inLanguage":"es-ES","isPartOf":{"@id":"https:\/\/candas365.es\/noticias\/#website"},"breadcrumb":{"@id":"https:\/\/candas365.es\/noticias\/williams-confirma-a-kubica-como-piloto-para-la-temporada-2019\/#breadcrumblist"},"author":{"@id":"https:\/\/candas365.es\/noticias\/author\/admin\/#author"},"creator":{"@id":"https:\/\/candas365.es\/noticias\/author\/admin\/#author"},"image":{"@type":"ImageObject","url":"https:\/\/candas365.es\/noticias\/wp-content\/uploads\/2018\/02\/formula-1-630147_1280.jpg","@id":"https:\/\/candas365.es\/noticias\/williams-confirma-a-kubica-como-piloto-para-la-temporada-2019\/#mainImage","width":1280,"height":851},"primaryImageOfPage":{"@id":"https:\/\/candas365.es\/noticias\/williams-confirma-a-kubica-como-piloto-para-la-temporada-2019\/#mainImage"},"datePublished":"2018-11-22T20:22:16+01:00","dateModified":"2018-11-22T20:22:16+01:00"},{"@type":"WebSite","@id":"https:\/\/candas365.es\/noticias\/#website","url":"https:\/\/candas365.es\/noticias\/","name":"Cand\u00e1s 365","alternateName":"Cand\u00e1s 365 Noticias","description":"Actualidad desde Carre\u00f1o para el mundo","inLanguage":"es-ES","publisher":{"@id":"https:\/\/candas365.es\/noticias\/#organization"}}]},"og:locale":"es_ES","og:site_name":"Cand\u00e1s 365","og:type":"article","og:title":"Williams confirma a Kubica como piloto para la temporada 2019 | Cand\u00e1s 365","og:description":"Abu Dabi, 22 nov (dpa) - Ocho a\u00f1os despu\u00e9s del grave accidente que sufri\u00f3, el piloto polaco Robert Kubica regresar\u00e1 a la F\u00f3rmula 1 en 2019 a bordo de un Williams, anunci\u00f3 hoy la escuder\u00eda en un comunicado. &quot;El equipo Williams est\u00e1 encantado de anunciar que Robert Kubica completar\u00e1 el equipo para 2019&quot;, se\u00f1al\u00f3 la","og:url":"https:\/\/candas365.es\/noticias\/williams-confirma-a-kubica-como-piloto-para-la-temporada-2019\/","og:image":"https:\/\/candas365.es\/noticias\/wp-content\/uploads\/2018\/02\/formula-1-630147_1280.jpg","og:image:secure_url":"https:\/\/candas365.es\/noticias\/wp-content\/uploads\/2018\/02\/formula-1-630147_1280.jpg","og:image:width":1280,"og:image:height":851,"article:published_time":"2018-11-22T20:22:16+00:00","article:modified_time":"2018-11-22T20:22:16+00:00","article:publisher":"https:\/\/www.facebook.com\/Nachofdezber","article:author":"https:\/\/www.facebook.com\/carrenoactualidad","twitter:card":"summary_large_image","twitter:site":"@NabercoDigital","twitter:title":"Williams confirma a Kubica como piloto para la temporada 2019 | Cand\u00e1s 365","twitter:description":"Abu Dabi, 22 nov (dpa) - Ocho a\u00f1os despu\u00e9s del grave accidente que sufri\u00f3, el piloto polaco Robert Kubica regresar\u00e1 a la F\u00f3rmula 1 en 2019 a bordo de un Williams, anunci\u00f3 hoy la escuder\u00eda en un comunicado. &quot;El equipo Williams est\u00e1 encantado de anunciar que Robert Kubica completar\u00e1 el equipo para 2019&quot;, se\u00f1al\u00f3 la","twitter:creator":"@nbasturias","twitter:image":"https:\/\/candas365.es\/noticias\/wp-content\/uploads\/2018\/02\/formula-1-630147_1280.jpg","twitter:label1":"Escrito por","twitter:data1":"Cand\u00e1s 365","twitter:label2":"Tiempo de lectura estimado","twitter:data2":"2 minutos"},"aioseo_meta_data":{"post_id":"110465","title":null,"description":null,"keywords":null,"keyphrases":null,"primary_term":null,"canonical_url":null,"og_title":null,"og_description":null,"og_object_type":"default","og_image_type":"default","og_image_url":null,"og_image_width":null,"og_image_height":null,"og_image_custom_url":null,"og_image_custom_fields":null,"og_video":null,"og_custom_url":null,"og_article_section":null,"og_article_tags":null,"twitter_use_og":false,"twitter_card":"default","twitter_image_type":"default","twitter_image_url":null,"twitter_image_custom_url":null,"twitter_image_custom_fields":null,"twitter_title":null,"twitter_description":null,"schema":{"blockGraphs":[],"customGraphs":[],"default":{"data":{"Article":[],"Course":[],"Dataset":[],"FAQPage":[],"Movie":[],"Person":[],"Product":[],"ProductReview":[],"Car":[],"Recipe":[],"Service":[],"SoftwareApplication":[],"WebPage":[]},"graphName":"","isEnabled":true},"graphs":[]},"schema_type":null,"schema_type_options":null,"pillar_content":false,"robots_default":true,"robots_noindex":false,"robots_noarchive":false,"robots_nosnippet":false,"robots_nofollow":false,"robots_noimageindex":false,"robots_noodp":false,"robots_notranslate":false,"robots_max_snippet":null,"robots_max_videopreview":null,"robots_max_imagepreview":"large","priority":null,"frequency":null,"location":null,"local_seo":null,"seo_analyzer_scan_date":"2025-08-28 12:42:37","breadcrumb_settings":null,"limit_modified_date":false,"reviewed_by":null,"open_ai":null,"ai":null,"created":"2020-12-21 11:38:37","updated":"2025-08-28 12:42:37"},"aioseo_breadcrumb":"<div class=\"aioseo-breadcrumbs\"><span class=\"aioseo-breadcrumb\">\n\t<a href=\"https:\/\/candas365.es\/noticias\" title=\"Home\">Home<\/a>\n<\/span><span class=\"aioseo-breadcrumb-separator\">&ndash;<\/span><span class=\"aioseo-breadcrumb\">\n\t<a href=\"https:\/\/candas365.es\/noticias\/category\/deporte\/\" title=\"Deporte\">Deporte<\/a>\n<\/span><span class=\"aioseo-breadcrumb-separator\">&ndash;<\/span><span class=\"aioseo-breadcrumb\">\n\tWilliams confirma a Kubica como piloto para la temporada 2019\n<\/span><\/div>","aioseo_breadcrumb_json":[{"label":"Home","link":"https:\/\/candas365.es\/noticias"},{"label":"Deporte","link":"https:\/\/candas365.es\/noticias\/category\/deporte\/"},{"label":"Williams confirma a Kubica como piloto para la temporada 2019","link":"https:\/\/candas365.es\/noticias\/williams-confirma-a-kubica-como-piloto-para-la-temporada-2019\/"}],"_links":{"self":[{"href":"https:\/\/candas365.es\/noticias\/wp-json\/wp\/v2\/posts\/110465","targetHints":{"allow":["GET"]}}],"collection":[{"href":"https:\/\/candas365.es\/noticias\/wp-json\/wp\/v2\/posts"}],"about":[{"href":"https:\/\/candas365.es\/noticias\/wp-json\/wp\/v2\/types\/post"}],"author":[{"embeddable":true,"href":"https:\/\/candas365.es\/noticias\/wp-json\/wp\/v2\/users\/1"}],"replies":[{"embeddable":true,"href":"https:\/\/candas365.es\/noticias\/wp-json\/wp\/v2\/comments?post=110465"}],"version-history":[{"count":0,"href":"https:\/\/candas365.es\/noticias\/wp-json\/wp\/v2\/posts\/110465\/revisions"}],"wp:featuredmedia":[{"embeddable":true,"href":"https:\/\/candas365.es\/noticias\/wp-json\/wp\/v2\/media\/90544"}],"wp:attachment":[{"href":"https:\/\/candas365.es\/noticias\/wp-json\/wp\/v2\/media?parent=110465"}],"wp:term":[{"taxonomy":"category","embeddable":true,"href":"https:\/\/candas365.es\/noticias\/wp-json\/wp\/v2\/categories?post=110465"},{"taxonomy":"post_tag","embeddable":true,"href":"https:\/\/candas365.es\/noticias\/wp-json\/wp\/v2\/tags?post=110465"}],"curies":[{"name":"wp","href":"https:\/\/api.w.org\/{rel}","templated":true}]}}