{"id":110461,"date":"2018-11-22T20:00:42","date_gmt":"2018-11-22T20:00:42","guid":{"rendered":"http:\/\/candas365.es\/noticias\/?p=110461"},"modified":"2018-11-22T20:00:42","modified_gmt":"2018-11-22T20:00:42","slug":"los-medicos-cubanos-empiezan-a-dejar-brasil","status":"publish","type":"post","link":"https:\/\/candas365.es\/noticias\/los-medicos-cubanos-empiezan-a-dejar-brasil\/","title":{"rendered":"Los m\u00e9dicos cubanos empiezan a dejar Brasil"},"content":{"rendered":"<p><img fetchpriority=\"high\" decoding=\"async\" class=\"alignleft size-medium wp-image-107317\" src=\"https:\/\/candas365.es\/noticias\/wp-content\/uploads\/2018\/10\/sao-paulo-1206184_960_720-360x240.jpg\" alt=\"\" width=\"360\" height=\"240\" srcset=\"https:\/\/candas365.es\/noticias\/wp-content\/uploads\/2018\/10\/sao-paulo-1206184_960_720-360x240.jpg 360w, https:\/\/candas365.es\/noticias\/wp-content\/uploads\/2018\/10\/sao-paulo-1206184_960_720-768x512.jpg 768w, https:\/\/candas365.es\/noticias\/wp-content\/uploads\/2018\/10\/sao-paulo-1206184_960_720-655x437.jpg 655w, https:\/\/candas365.es\/noticias\/wp-content\/uploads\/2018\/10\/sao-paulo-1206184_960_720-696x464.jpg 696w, https:\/\/candas365.es\/noticias\/wp-content\/uploads\/2018\/10\/sao-paulo-1206184_960_720-630x420.jpg 630w, https:\/\/candas365.es\/noticias\/wp-content\/uploads\/2018\/10\/sao-paulo-1206184_960_720.jpg 960w\" sizes=\"(max-width: 360px) 100vw, 360px\" \/>R\u00edo de Janeiro, 22 nov (dpa) &#8211; Los m\u00e1s de 8.000 cubanos que trabajan en Brasil como parte del programa de cooperaci\u00f3n \u00abM\u00e1s M\u00e9dicos\u00bb saldr\u00e1n del pa\u00eds entre hoy y el 12 de diciembre, seg\u00fan comunic\u00f3 la Organizaci\u00f3n Panamericana de la Salud (OPS).<\/p>\n<p>\u00abAlgunos de los profesionales de la cooperaci\u00f3n internacional ya comenzaron a salir de los municipios en direcci\u00f3n a los respectivos polos de salida\u00bb, se\u00f1al\u00f3 la OPS en un comunicado publicado el mi\u00e9rcoles.<\/p>\n<p>\u00abEst\u00e1 previsto que hasta el d\u00eda 12 de diciembre de este a\u00f1o los m\u00e1s de 8.000 m\u00e9dicos dejen gradualmente el programa\u00bb, agreg\u00f3.<\/p>\n<p>La cancelaci\u00f3n de \u00abM\u00e1s M\u00e9dicos\u00bb por parte de Cuba tras la elecci\u00f3n del ultraderechista Jair Bolsonaro como pr\u00f3ximo presidente de Brasil caus\u00f3 revuelo la semana pasada.<\/p>\n<p>El programa garantiz\u00f3 atenci\u00f3n sanitaria a unos 63 millones de brasile\u00f1os desde 2013, seg\u00fan cifras oficiales brasile\u00f1as, pero era tambi\u00e9n controvertido por las condiciones de trabajo de los cubanos.<\/p>\n<p>El Estado brasile\u00f1o paga unos 3.500 d\u00f3lares mensuales por cada m\u00e9dico, pero los profesionales cubanos s\u00f3lo reciben unos 900 d\u00f3lares.<\/p>\n<p>El resto va a las arcas del Estado en La Habana, que justifica la medida diciendo que los ingresos sirven para financiar el sistema de salud gratuito de la isla caribe\u00f1a.<\/p>\n<p>La OPS opera como intermediaria para el programa que empez\u00f3 en 2013, bajo el Gobierno de la izquierdista Dilma Rousseff en Brasil, para llevar atenci\u00f3n a las \u00e1reas rurales y m\u00e1s lejanas del gigante sudamericano.<\/p>\n<p>Cuba acus\u00f3 a Bolsonaro la semana pasada de querer cambiar las condiciones del contrato y de haberse referido de forma \u00abamenazante y despectiva\u00bb a sus m\u00e9dicos.<\/p>\n<p>El presidente electo de Brasil, que asume el cargo el 1 de enero, confirm\u00f3 que exigi\u00f3 a La Habana que pagara los sueldos \u00edntegros a los m\u00e9dicos y el final de restricciones como que los cubanos no puedan vivir con sus familias durante su tiempo en Brasil.<\/p>\n<p>El actual Gobierno del conservador Michel Temer sac\u00f3 en los \u00faltimos d\u00edas a concurso p\u00fablico las 8.332 plazas de los cubanos en \u00abM\u00e1s M\u00e9dicos\u00bb.<\/p>\n<p>La OPS tambi\u00e9n recibi\u00f3 fuertes cr\u00edticas en los \u00faltimos d\u00edas por las condiciones de trabajo de los cubanos en el pa\u00eds sudamericano.<\/p>\n<p>\u00abLa organizaci\u00f3n tiene acuerdos con los Gobiernos de ambos pa\u00edses para &#8216;M\u00e1s M\u00e9dicos&#8217;, pero no hace contratos con los m\u00e9dicos. Conforme determinado al comienzo del acuerdo, el papel de la OPS no incluye elementos contractuales entre los Gobiernos y los m\u00e9dicos contratados\u00bb, se defendi\u00f3 la rama americana de la Organizaci\u00f3n Mundial de la Salud (OMS).<\/p>\n","protected":false},"excerpt":{"rendered":"<p>R\u00edo de Janeiro, 22 nov (dpa) &#8211; Los m\u00e1s de 8.000 cubanos que trabajan en Brasil como parte del programa de cooperaci\u00f3n \u00abM\u00e1s M\u00e9dicos\u00bb saldr\u00e1n del pa\u00eds entre hoy y el 12 de diciembre, seg\u00fan comunic\u00f3 la Organizaci\u00f3n Panamericana de la Salud (OPS). \u00abAlgunos de los profesionales de la cooperaci\u00f3n internacional ya comenzaron a salir<\/p>\n","protected":false},"author":1,"featured_media":107317,"comment_status":"closed","ping_status":"closed","sticky":false,"template":"","format":"standard","meta":{"footnotes":""},"categories":[343],"tags":[],"class_list":{"0":"post-110461","1":"post","2":"type-post","3":"status-publish","4":"format-standard","5":"has-post-thumbnail","7":"category-actualidad"},"aioseo_notices":[],"aioseo_head":"\n\t\t<!-- All in One SEO Pro 4.9.6.2 - aioseo.com -->\n\t<meta name=\"description\" content=\"R\u00edo de Janeiro, 22 nov (dpa) - Los m\u00e1s de 8.000 cubanos que trabajan en Brasil como parte del programa de cooperaci\u00f3n &quot;M\u00e1s M\u00e9dicos&quot; saldr\u00e1n del pa\u00eds entre hoy y el 12 de diciembre, seg\u00fan comunic\u00f3 la Organizaci\u00f3n Panamericana de la Salud (OPS). &quot;Algunos de los profesionales de la cooperaci\u00f3n internacional ya comenzaron a salir\" \/>\n\t<meta name=\"robots\" content=\"max-image-preview:large\" \/>\n\t<meta name=\"author\" content=\"Cand\u00e1s 365\"\/>\n\t<meta name=\"google-site-verification\" content=\"UA-32230408-1\" \/>\n\t<meta name=\"msvalidate.01\" content=\"354F3CDFB2DA171B47FBE9ABF1F88D5\" \/>\n\t<meta name=\"keywords\" content=\"actualidad\" \/>\n\t<link rel=\"canonical\" href=\"https:\/\/candas365.es\/noticias\/los-medicos-cubanos-empiezan-a-dejar-brasil\/\" \/>\n\t<meta name=\"generator\" content=\"All in One SEO Pro (AIOSEO) 4.9.6.2\" \/>\n\t\t<meta property=\"og:locale\" content=\"es_ES\" \/>\n\t\t<meta property=\"og:site_name\" content=\"Cand\u00e1s 365\" \/>\n\t\t<meta property=\"og:type\" content=\"article\" \/>\n\t\t<meta property=\"og:title\" content=\"Los m\u00e9dicos cubanos empiezan a dejar Brasil | Cand\u00e1s 365\" \/>\n\t\t<meta property=\"og:description\" content=\"R\u00edo de Janeiro, 22 nov (dpa) - Los m\u00e1s de 8.000 cubanos que trabajan en Brasil como parte del programa de cooperaci\u00f3n &quot;M\u00e1s M\u00e9dicos&quot; saldr\u00e1n del pa\u00eds entre hoy y el 12 de diciembre, seg\u00fan comunic\u00f3 la Organizaci\u00f3n Panamericana de la Salud (OPS). &quot;Algunos de los profesionales de la cooperaci\u00f3n internacional ya comenzaron a salir\" \/>\n\t\t<meta property=\"og:url\" content=\"https:\/\/candas365.es\/noticias\/los-medicos-cubanos-empiezan-a-dejar-brasil\/\" \/>\n\t\t<meta property=\"og:image\" content=\"https:\/\/candas365.es\/noticias\/wp-content\/uploads\/2018\/10\/sao-paulo-1206184_960_720.jpg\" \/>\n\t\t<meta property=\"og:image:secure_url\" content=\"https:\/\/candas365.es\/noticias\/wp-content\/uploads\/2018\/10\/sao-paulo-1206184_960_720.jpg\" \/>\n\t\t<meta property=\"og:image:width\" content=\"960\" \/>\n\t\t<meta property=\"og:image:height\" content=\"640\" \/>\n\t\t<meta property=\"article:published_time\" content=\"2018-11-22T20:00:42+00:00\" \/>\n\t\t<meta property=\"article:modified_time\" content=\"2018-11-22T20:00:42+00:00\" \/>\n\t\t<meta property=\"article:publisher\" content=\"https:\/\/www.facebook.com\/Nachofdezber\" \/>\n\t\t<meta property=\"article:author\" content=\"https:\/\/www.facebook.com\/carrenoactualidad\" \/>\n\t\t<meta name=\"twitter:card\" content=\"summary_large_image\" \/>\n\t\t<meta name=\"twitter:site\" content=\"@NabercoDigital\" \/>\n\t\t<meta name=\"twitter:title\" content=\"Los m\u00e9dicos cubanos empiezan a dejar Brasil | Cand\u00e1s 365\" \/>\n\t\t<meta name=\"twitter:description\" content=\"R\u00edo de Janeiro, 22 nov (dpa) - Los m\u00e1s de 8.000 cubanos que trabajan en Brasil como parte del programa de cooperaci\u00f3n &quot;M\u00e1s M\u00e9dicos&quot; saldr\u00e1n del pa\u00eds entre hoy y el 12 de diciembre, seg\u00fan comunic\u00f3 la Organizaci\u00f3n Panamericana de la Salud (OPS). &quot;Algunos de los profesionales de la cooperaci\u00f3n internacional ya comenzaron a salir\" \/>\n\t\t<meta name=\"twitter:creator\" content=\"@nbasturias\" \/>\n\t\t<meta name=\"twitter:image\" content=\"https:\/\/candas365.es\/noticias\/wp-content\/uploads\/2018\/10\/sao-paulo-1206184_960_720.jpg\" \/>\n\t\t<meta name=\"twitter:label1\" content=\"Escrito por\" \/>\n\t\t<meta name=\"twitter:data1\" content=\"Cand\u00e1s 365\" \/>\n\t\t<meta name=\"twitter:label2\" content=\"Tiempo de lectura estimado\" \/>\n\t\t<meta name=\"twitter:data2\" content=\"2 minutos\" \/>\n\t\t<script type=\"application\/ld+json\" class=\"aioseo-schema\">\n\t\t\t{\"@context\":\"https:\\\/\\\/schema.org\",\"@graph\":[{\"@type\":\"BreadcrumbList\",\"@id\":\"https:\\\/\\\/candas365.es\\\/noticias\\\/los-medicos-cubanos-empiezan-a-dejar-brasil\\\/#breadcrumblist\",\"itemListElement\":[{\"@type\":\"ListItem\",\"@id\":\"https:\\\/\\\/candas365.es\\\/noticias#listItem\",\"position\":1,\"name\":\"Home\",\"item\":\"https:\\\/\\\/candas365.es\\\/noticias\",\"nextItem\":{\"@type\":\"ListItem\",\"@id\":\"https:\\\/\\\/candas365.es\\\/noticias\\\/category\\\/actualidad\\\/#listItem\",\"name\":\"Actualidad\"}},{\"@type\":\"ListItem\",\"@id\":\"https:\\\/\\\/candas365.es\\\/noticias\\\/category\\\/actualidad\\\/#listItem\",\"position\":2,\"name\":\"Actualidad\",\"item\":\"https:\\\/\\\/candas365.es\\\/noticias\\\/category\\\/actualidad\\\/\",\"nextItem\":{\"@type\":\"ListItem\",\"@id\":\"https:\\\/\\\/candas365.es\\\/noticias\\\/los-medicos-cubanos-empiezan-a-dejar-brasil\\\/#listItem\",\"name\":\"Los m\\u00e9dicos cubanos empiezan a dejar Brasil\"},\"previousItem\":{\"@type\":\"ListItem\",\"@id\":\"https:\\\/\\\/candas365.es\\\/noticias#listItem\",\"name\":\"Home\"}},{\"@type\":\"ListItem\",\"@id\":\"https:\\\/\\\/candas365.es\\\/noticias\\\/los-medicos-cubanos-empiezan-a-dejar-brasil\\\/#listItem\",\"position\":3,\"name\":\"Los m\\u00e9dicos cubanos empiezan a dejar Brasil\",\"previousItem\":{\"@type\":\"ListItem\",\"@id\":\"https:\\\/\\\/candas365.es\\\/noticias\\\/category\\\/actualidad\\\/#listItem\",\"name\":\"Actualidad\"}}]},{\"@type\":\"NewsArticle\",\"@id\":\"https:\\\/\\\/candas365.es\\\/noticias\\\/los-medicos-cubanos-empiezan-a-dejar-brasil\\\/#newsarticle\",\"name\":\"Los m\\u00e9dicos cubanos empiezan a dejar Brasil | Cand\\u00e1s 365\",\"headline\":\"Los m\\u00e9dicos cubanos empiezan a dejar Brasil\",\"author\":{\"@id\":\"https:\\\/\\\/candas365.es\\\/noticias\\\/author\\\/admin\\\/#author\"},\"publisher\":{\"@id\":\"https:\\\/\\\/candas365.es\\\/noticias\\\/#organization\"},\"image\":{\"@type\":\"ImageObject\",\"url\":\"https:\\\/\\\/candas365.es\\\/noticias\\\/wp-content\\\/uploads\\\/2018\\\/10\\\/sao-paulo-1206184_960_720.jpg\",\"width\":960,\"height\":640},\"datePublished\":\"2018-11-22T20:00:42+01:00\",\"dateModified\":\"2018-11-22T20:00:42+01:00\",\"inLanguage\":\"es-ES\",\"mainEntityOfPage\":{\"@id\":\"https:\\\/\\\/candas365.es\\\/noticias\\\/los-medicos-cubanos-empiezan-a-dejar-brasil\\\/#webpage\"},\"isPartOf\":{\"@id\":\"https:\\\/\\\/candas365.es\\\/noticias\\\/los-medicos-cubanos-empiezan-a-dejar-brasil\\\/#webpage\"},\"articleSection\":\"Actualidad\",\"dateline\":\"Publicado el noviembre 22, 2018.\"},{\"@type\":\"Organization\",\"@id\":\"https:\\\/\\\/candas365.es\\\/noticias\\\/#organization\",\"name\":\"Cand\\u00e1s 365\",\"description\":\"Cand\\u00e1s 365 es un diario digital independiente, fundado en 2012, con base en Asturias. Informamos con rigor sobre actualidad, sociedad, cultura y ocio, con una mirada local y global.\",\"url\":\"https:\\\/\\\/candas365.es\\\/noticias\\\/\",\"email\":\"info@candas365.es\",\"telephone\":\"+34652131393\",\"foundingDate\":\"2012-06-10\",\"logo\":{\"@type\":\"ImageObject\",\"url\":\"https:\\\/\\\/candas365.es\\\/noticias\\\/wp-content\\\/uploads\\\/2024\\\/09\\\/Candas-365-Redes.jpg\",\"@id\":\"https:\\\/\\\/candas365.es\\\/noticias\\\/los-medicos-cubanos-empiezan-a-dejar-brasil\\\/#organizationLogo\",\"width\":1152,\"height\":864,\"caption\":\"Cand\\u00e1s 365 Redes\"},\"image\":{\"@id\":\"https:\\\/\\\/candas365.es\\\/noticias\\\/los-medicos-cubanos-empiezan-a-dejar-brasil\\\/#organizationLogo\"},\"sameAs\":[\"https:\\\/\\\/www.facebook.com\\\/Nachofdezber\",\"https:\\\/\\\/x.com\\\/NabercoDigital\",\"https:\\\/\\\/www.instagram.com\\\/nachofdezber\\\/\",\"https:\\\/\\\/www.youtube.com\\\/channel\\\/UCZP-2wLEB9Rv6erhFmqVnvg\"],\"address\":{\"@id\":\"https:\\\/\\\/candas365.es\\\/noticias\\\/#postaladdress\",\"@type\":\"PostalAddress\",\"streetAddress\":\"san antonio 4, san antonio 4\",\"postalCode\":\"33430\",\"addressLocality\":\"Cand\\u00e1s\",\"addressRegion\":\"Asturias\",\"addressCountry\":\"ES\"}},{\"@type\":\"Person\",\"@id\":\"https:\\\/\\\/candas365.es\\\/noticias\\\/author\\\/admin\\\/#author\",\"url\":\"https:\\\/\\\/candas365.es\\\/noticias\\\/author\\\/admin\\\/\",\"name\":\"Cand\\u00e1s 365\",\"image\":{\"@type\":\"ImageObject\",\"@id\":\"https:\\\/\\\/candas365.es\\\/noticias\\\/los-medicos-cubanos-empiezan-a-dejar-brasil\\\/#authorImage\",\"url\":\"https:\\\/\\\/secure.gravatar.com\\\/avatar\\\/496a8e03d0c493ede1718b7934145dbdf8d89be1036b0eec9544e1094c9de390?s=96&d=mm&r=g\",\"width\":96,\"height\":96,\"caption\":\"Cand\\u00e1s 365\"},\"sameAs\":[\"https:\\\/\\\/www.facebook.com\\\/carrenoactualidad\",\"https:\\\/\\\/twitter.com\\\/nbasturias\",\"https:\\\/\\\/www.instagram.com\\\/nachofdezber\\\/\",\"https:\\\/\\\/www.youtube.com\\\/channel\\\/UCZP-2wLEB9Rv6erhFmqVnvg\"]},{\"@type\":\"WebPage\",\"@id\":\"https:\\\/\\\/candas365.es\\\/noticias\\\/los-medicos-cubanos-empiezan-a-dejar-brasil\\\/#webpage\",\"url\":\"https:\\\/\\\/candas365.es\\\/noticias\\\/los-medicos-cubanos-empiezan-a-dejar-brasil\\\/\",\"name\":\"Los m\\u00e9dicos cubanos empiezan a dejar Brasil | Cand\\u00e1s 365\",\"description\":\"R\\u00edo de Janeiro, 22 nov (dpa) - Los m\\u00e1s de 8.000 cubanos que trabajan en Brasil como parte del programa de cooperaci\\u00f3n \\\"M\\u00e1s M\\u00e9dicos\\\" saldr\\u00e1n del pa\\u00eds entre hoy y el 12 de diciembre, seg\\u00fan comunic\\u00f3 la Organizaci\\u00f3n Panamericana de la Salud (OPS). \\\"Algunos de los profesionales de la cooperaci\\u00f3n internacional ya comenzaron a salir\",\"inLanguage\":\"es-ES\",\"isPartOf\":{\"@id\":\"https:\\\/\\\/candas365.es\\\/noticias\\\/#website\"},\"breadcrumb\":{\"@id\":\"https:\\\/\\\/candas365.es\\\/noticias\\\/los-medicos-cubanos-empiezan-a-dejar-brasil\\\/#breadcrumblist\"},\"author\":{\"@id\":\"https:\\\/\\\/candas365.es\\\/noticias\\\/author\\\/admin\\\/#author\"},\"creator\":{\"@id\":\"https:\\\/\\\/candas365.es\\\/noticias\\\/author\\\/admin\\\/#author\"},\"image\":{\"@type\":\"ImageObject\",\"url\":\"https:\\\/\\\/candas365.es\\\/noticias\\\/wp-content\\\/uploads\\\/2018\\\/10\\\/sao-paulo-1206184_960_720.jpg\",\"@id\":\"https:\\\/\\\/candas365.es\\\/noticias\\\/los-medicos-cubanos-empiezan-a-dejar-brasil\\\/#mainImage\",\"width\":960,\"height\":640},\"primaryImageOfPage\":{\"@id\":\"https:\\\/\\\/candas365.es\\\/noticias\\\/los-medicos-cubanos-empiezan-a-dejar-brasil\\\/#mainImage\"},\"datePublished\":\"2018-11-22T20:00:42+01:00\",\"dateModified\":\"2018-11-22T20:00:42+01:00\"},{\"@type\":\"WebSite\",\"@id\":\"https:\\\/\\\/candas365.es\\\/noticias\\\/#website\",\"url\":\"https:\\\/\\\/candas365.es\\\/noticias\\\/\",\"name\":\"Cand\\u00e1s 365\",\"alternateName\":\"Cand\\u00e1s 365 Noticias\",\"description\":\"Actualidad desde Carre\\u00f1o para el mundo\",\"inLanguage\":\"es-ES\",\"publisher\":{\"@id\":\"https:\\\/\\\/candas365.es\\\/noticias\\\/#organization\"}}]}\n\t\t<\/script>\n\t\t<!-- All in One SEO Pro -->\r\n\t\t<title>Los m\u00e9dicos cubanos empiezan a dejar Brasil | Cand\u00e1s 365<\/title>\n\n","aioseo_head_json":{"title":"Los m\u00e9dicos cubanos empiezan a dejar Brasil | Cand\u00e1s 365","description":"R\u00edo de Janeiro, 22 nov (dpa) - Los m\u00e1s de 8.000 cubanos que trabajan en Brasil como parte del programa de cooperaci\u00f3n \"M\u00e1s M\u00e9dicos\" saldr\u00e1n del pa\u00eds entre hoy y el 12 de diciembre, seg\u00fan comunic\u00f3 la Organizaci\u00f3n Panamericana de la Salud (OPS). \"Algunos de los profesionales de la cooperaci\u00f3n internacional ya comenzaron a salir","canonical_url":"https:\/\/candas365.es\/noticias\/los-medicos-cubanos-empiezan-a-dejar-brasil\/","robots":"max-image-preview:large","keywords":"actualidad","webmasterTools":{"google-site-verification":"UA-32230408-1","msvalidate.01":"354F3CDFB2DA171B47FBE9ABF1F88D5","miscellaneous":""},"schema":{"@context":"https:\/\/schema.org","@graph":[{"@type":"BreadcrumbList","@id":"https:\/\/candas365.es\/noticias\/los-medicos-cubanos-empiezan-a-dejar-brasil\/#breadcrumblist","itemListElement":[{"@type":"ListItem","@id":"https:\/\/candas365.es\/noticias#listItem","position":1,"name":"Home","item":"https:\/\/candas365.es\/noticias","nextItem":{"@type":"ListItem","@id":"https:\/\/candas365.es\/noticias\/category\/actualidad\/#listItem","name":"Actualidad"}},{"@type":"ListItem","@id":"https:\/\/candas365.es\/noticias\/category\/actualidad\/#listItem","position":2,"name":"Actualidad","item":"https:\/\/candas365.es\/noticias\/category\/actualidad\/","nextItem":{"@type":"ListItem","@id":"https:\/\/candas365.es\/noticias\/los-medicos-cubanos-empiezan-a-dejar-brasil\/#listItem","name":"Los m\u00e9dicos cubanos empiezan a dejar Brasil"},"previousItem":{"@type":"ListItem","@id":"https:\/\/candas365.es\/noticias#listItem","name":"Home"}},{"@type":"ListItem","@id":"https:\/\/candas365.es\/noticias\/los-medicos-cubanos-empiezan-a-dejar-brasil\/#listItem","position":3,"name":"Los m\u00e9dicos cubanos empiezan a dejar Brasil","previousItem":{"@type":"ListItem","@id":"https:\/\/candas365.es\/noticias\/category\/actualidad\/#listItem","name":"Actualidad"}}]},{"@type":"NewsArticle","@id":"https:\/\/candas365.es\/noticias\/los-medicos-cubanos-empiezan-a-dejar-brasil\/#newsarticle","name":"Los m\u00e9dicos cubanos empiezan a dejar Brasil | Cand\u00e1s 365","headline":"Los m\u00e9dicos cubanos empiezan a dejar Brasil","author":{"@id":"https:\/\/candas365.es\/noticias\/author\/admin\/#author"},"publisher":{"@id":"https:\/\/candas365.es\/noticias\/#organization"},"image":{"@type":"ImageObject","url":"https:\/\/candas365.es\/noticias\/wp-content\/uploads\/2018\/10\/sao-paulo-1206184_960_720.jpg","width":960,"height":640},"datePublished":"2018-11-22T20:00:42+01:00","dateModified":"2018-11-22T20:00:42+01:00","inLanguage":"es-ES","mainEntityOfPage":{"@id":"https:\/\/candas365.es\/noticias\/los-medicos-cubanos-empiezan-a-dejar-brasil\/#webpage"},"isPartOf":{"@id":"https:\/\/candas365.es\/noticias\/los-medicos-cubanos-empiezan-a-dejar-brasil\/#webpage"},"articleSection":"Actualidad","dateline":"Publicado el noviembre 22, 2018."},{"@type":"Organization","@id":"https:\/\/candas365.es\/noticias\/#organization","name":"Cand\u00e1s 365","description":"Cand\u00e1s 365 es un diario digital independiente, fundado en 2012, con base en Asturias. Informamos con rigor sobre actualidad, sociedad, cultura y ocio, con una mirada local y global.","url":"https:\/\/candas365.es\/noticias\/","email":"info@candas365.es","telephone":"+34652131393","foundingDate":"2012-06-10","logo":{"@type":"ImageObject","url":"https:\/\/candas365.es\/noticias\/wp-content\/uploads\/2024\/09\/Candas-365-Redes.jpg","@id":"https:\/\/candas365.es\/noticias\/los-medicos-cubanos-empiezan-a-dejar-brasil\/#organizationLogo","width":1152,"height":864,"caption":"Cand\u00e1s 365 Redes"},"image":{"@id":"https:\/\/candas365.es\/noticias\/los-medicos-cubanos-empiezan-a-dejar-brasil\/#organizationLogo"},"sameAs":["https:\/\/www.facebook.com\/Nachofdezber","https:\/\/x.com\/NabercoDigital","https:\/\/www.instagram.com\/nachofdezber\/","https:\/\/www.youtube.com\/channel\/UCZP-2wLEB9Rv6erhFmqVnvg"],"address":{"@id":"https:\/\/candas365.es\/noticias\/#postaladdress","@type":"PostalAddress","streetAddress":"san antonio 4, san antonio 4","postalCode":"33430","addressLocality":"Cand\u00e1s","addressRegion":"Asturias","addressCountry":"ES"}},{"@type":"Person","@id":"https:\/\/candas365.es\/noticias\/author\/admin\/#author","url":"https:\/\/candas365.es\/noticias\/author\/admin\/","name":"Cand\u00e1s 365","image":{"@type":"ImageObject","@id":"https:\/\/candas365.es\/noticias\/los-medicos-cubanos-empiezan-a-dejar-brasil\/#authorImage","url":"https:\/\/secure.gravatar.com\/avatar\/496a8e03d0c493ede1718b7934145dbdf8d89be1036b0eec9544e1094c9de390?s=96&d=mm&r=g","width":96,"height":96,"caption":"Cand\u00e1s 365"},"sameAs":["https:\/\/www.facebook.com\/carrenoactualidad","https:\/\/twitter.com\/nbasturias","https:\/\/www.instagram.com\/nachofdezber\/","https:\/\/www.youtube.com\/channel\/UCZP-2wLEB9Rv6erhFmqVnvg"]},{"@type":"WebPage","@id":"https:\/\/candas365.es\/noticias\/los-medicos-cubanos-empiezan-a-dejar-brasil\/#webpage","url":"https:\/\/candas365.es\/noticias\/los-medicos-cubanos-empiezan-a-dejar-brasil\/","name":"Los m\u00e9dicos cubanos empiezan a dejar Brasil | Cand\u00e1s 365","description":"R\u00edo de Janeiro, 22 nov (dpa) - Los m\u00e1s de 8.000 cubanos que trabajan en Brasil como parte del programa de cooperaci\u00f3n \"M\u00e1s M\u00e9dicos\" saldr\u00e1n del pa\u00eds entre hoy y el 12 de diciembre, seg\u00fan comunic\u00f3 la Organizaci\u00f3n Panamericana de la Salud (OPS). \"Algunos de los profesionales de la cooperaci\u00f3n internacional ya comenzaron a salir","inLanguage":"es-ES","isPartOf":{"@id":"https:\/\/candas365.es\/noticias\/#website"},"breadcrumb":{"@id":"https:\/\/candas365.es\/noticias\/los-medicos-cubanos-empiezan-a-dejar-brasil\/#breadcrumblist"},"author":{"@id":"https:\/\/candas365.es\/noticias\/author\/admin\/#author"},"creator":{"@id":"https:\/\/candas365.es\/noticias\/author\/admin\/#author"},"image":{"@type":"ImageObject","url":"https:\/\/candas365.es\/noticias\/wp-content\/uploads\/2018\/10\/sao-paulo-1206184_960_720.jpg","@id":"https:\/\/candas365.es\/noticias\/los-medicos-cubanos-empiezan-a-dejar-brasil\/#mainImage","width":960,"height":640},"primaryImageOfPage":{"@id":"https:\/\/candas365.es\/noticias\/los-medicos-cubanos-empiezan-a-dejar-brasil\/#mainImage"},"datePublished":"2018-11-22T20:00:42+01:00","dateModified":"2018-11-22T20:00:42+01:00"},{"@type":"WebSite","@id":"https:\/\/candas365.es\/noticias\/#website","url":"https:\/\/candas365.es\/noticias\/","name":"Cand\u00e1s 365","alternateName":"Cand\u00e1s 365 Noticias","description":"Actualidad desde Carre\u00f1o para el mundo","inLanguage":"es-ES","publisher":{"@id":"https:\/\/candas365.es\/noticias\/#organization"}}]},"og:locale":"es_ES","og:site_name":"Cand\u00e1s 365","og:type":"article","og:title":"Los m\u00e9dicos cubanos empiezan a dejar Brasil | Cand\u00e1s 365","og:description":"R\u00edo de Janeiro, 22 nov (dpa) - Los m\u00e1s de 8.000 cubanos que trabajan en Brasil como parte del programa de cooperaci\u00f3n &quot;M\u00e1s M\u00e9dicos&quot; saldr\u00e1n del pa\u00eds entre hoy y el 12 de diciembre, seg\u00fan comunic\u00f3 la Organizaci\u00f3n Panamericana de la Salud (OPS). &quot;Algunos de los profesionales de la cooperaci\u00f3n internacional ya comenzaron a salir","og:url":"https:\/\/candas365.es\/noticias\/los-medicos-cubanos-empiezan-a-dejar-brasil\/","og:image":"https:\/\/candas365.es\/noticias\/wp-content\/uploads\/2018\/10\/sao-paulo-1206184_960_720.jpg","og:image:secure_url":"https:\/\/candas365.es\/noticias\/wp-content\/uploads\/2018\/10\/sao-paulo-1206184_960_720.jpg","og:image:width":960,"og:image:height":640,"article:published_time":"2018-11-22T20:00:42+00:00","article:modified_time":"2018-11-22T20:00:42+00:00","article:publisher":"https:\/\/www.facebook.com\/Nachofdezber","article:author":"https:\/\/www.facebook.com\/carrenoactualidad","twitter:card":"summary_large_image","twitter:site":"@NabercoDigital","twitter:title":"Los m\u00e9dicos cubanos empiezan a dejar Brasil | Cand\u00e1s 365","twitter:description":"R\u00edo de Janeiro, 22 nov (dpa) - Los m\u00e1s de 8.000 cubanos que trabajan en Brasil como parte del programa de cooperaci\u00f3n &quot;M\u00e1s M\u00e9dicos&quot; saldr\u00e1n del pa\u00eds entre hoy y el 12 de diciembre, seg\u00fan comunic\u00f3 la Organizaci\u00f3n Panamericana de la Salud (OPS). &quot;Algunos de los profesionales de la cooperaci\u00f3n internacional ya comenzaron a salir","twitter:creator":"@nbasturias","twitter:image":"https:\/\/candas365.es\/noticias\/wp-content\/uploads\/2018\/10\/sao-paulo-1206184_960_720.jpg","twitter:label1":"Escrito por","twitter:data1":"Cand\u00e1s 365","twitter:label2":"Tiempo de lectura estimado","twitter:data2":"2 minutos"},"aioseo_meta_data":{"post_id":"110461","title":null,"description":null,"keywords":null,"keyphrases":null,"primary_term":null,"canonical_url":null,"og_title":null,"og_description":null,"og_object_type":"default","og_image_type":"default","og_image_url":null,"og_image_width":null,"og_image_height":null,"og_image_custom_url":null,"og_image_custom_fields":null,"og_video":null,"og_custom_url":null,"og_article_section":null,"og_article_tags":null,"twitter_use_og":false,"twitter_card":"default","twitter_image_type":"default","twitter_image_url":null,"twitter_image_custom_url":null,"twitter_image_custom_fields":null,"twitter_title":null,"twitter_description":null,"schema":{"blockGraphs":[],"customGraphs":[],"default":{"data":{"Article":[],"Course":[],"Dataset":[],"FAQPage":[],"Movie":[],"Person":[],"Product":[],"ProductReview":[],"Car":[],"Recipe":[],"Service":[],"SoftwareApplication":[],"WebPage":[]},"graphName":"","isEnabled":true},"graphs":[]},"schema_type":null,"schema_type_options":null,"pillar_content":false,"robots_default":true,"robots_noindex":false,"robots_noarchive":false,"robots_nosnippet":false,"robots_nofollow":false,"robots_noimageindex":false,"robots_noodp":false,"robots_notranslate":false,"robots_max_snippet":null,"robots_max_videopreview":null,"robots_max_imagepreview":"large","priority":null,"frequency":null,"location":null,"local_seo":null,"seo_analyzer_scan_date":"2025-08-28 12:42:34","breadcrumb_settings":null,"limit_modified_date":false,"reviewed_by":null,"open_ai":null,"ai":null,"created":"2020-12-21 11:38:37","updated":"2025-08-28 12:42:34"},"aioseo_breadcrumb":"<div class=\"aioseo-breadcrumbs\"><span class=\"aioseo-breadcrumb\">\n\t<a href=\"https:\/\/candas365.es\/noticias\" title=\"Home\">Home<\/a>\n<\/span><span class=\"aioseo-breadcrumb-separator\">&ndash;<\/span><span class=\"aioseo-breadcrumb\">\n\t<a href=\"https:\/\/candas365.es\/noticias\/category\/actualidad\/\" title=\"Actualidad\">Actualidad<\/a>\n<\/span><span class=\"aioseo-breadcrumb-separator\">&ndash;<\/span><span class=\"aioseo-breadcrumb\">\n\tLos m\u00e9dicos cubanos empiezan a dejar Brasil\n<\/span><\/div>","aioseo_breadcrumb_json":[{"label":"Home","link":"https:\/\/candas365.es\/noticias"},{"label":"Actualidad","link":"https:\/\/candas365.es\/noticias\/category\/actualidad\/"},{"label":"Los m\u00e9dicos cubanos empiezan a dejar Brasil","link":"https:\/\/candas365.es\/noticias\/los-medicos-cubanos-empiezan-a-dejar-brasil\/"}],"_links":{"self":[{"href":"https:\/\/candas365.es\/noticias\/wp-json\/wp\/v2\/posts\/110461","targetHints":{"allow":["GET"]}}],"collection":[{"href":"https:\/\/candas365.es\/noticias\/wp-json\/wp\/v2\/posts"}],"about":[{"href":"https:\/\/candas365.es\/noticias\/wp-json\/wp\/v2\/types\/post"}],"author":[{"embeddable":true,"href":"https:\/\/candas365.es\/noticias\/wp-json\/wp\/v2\/users\/1"}],"replies":[{"embeddable":true,"href":"https:\/\/candas365.es\/noticias\/wp-json\/wp\/v2\/comments?post=110461"}],"version-history":[{"count":0,"href":"https:\/\/candas365.es\/noticias\/wp-json\/wp\/v2\/posts\/110461\/revisions"}],"wp:featuredmedia":[{"embeddable":true,"href":"https:\/\/candas365.es\/noticias\/wp-json\/wp\/v2\/media\/107317"}],"wp:attachment":[{"href":"https:\/\/candas365.es\/noticias\/wp-json\/wp\/v2\/media?parent=110461"}],"wp:term":[{"taxonomy":"category","embeddable":true,"href":"https:\/\/candas365.es\/noticias\/wp-json\/wp\/v2\/categories?post=110461"},{"taxonomy":"post_tag","embeddable":true,"href":"https:\/\/candas365.es\/noticias\/wp-json\/wp\/v2\/tags?post=110461"}],"curies":[{"name":"wp","href":"https:\/\/api.w.org\/{rel}","templated":true}]}}