{"id":110395,"date":"2018-11-22T00:05:40","date_gmt":"2018-11-22T00:05:40","guid":{"rendered":"http:\/\/candas365.es\/noticias\/?p=110395"},"modified":"2018-11-22T00:05:40","modified_gmt":"2018-11-22T00:05:40","slug":"espana-mantendra-un-crecimiento-robusto-en-2019","status":"publish","type":"post","link":"https:\/\/candas365.es\/noticias\/espana-mantendra-un-crecimiento-robusto-en-2019\/","title":{"rendered":"Espa\u00f1a mantendr\u00e1 un crecimiento robusto en 2019"},"content":{"rendered":"<p><img fetchpriority=\"high\" decoding=\"async\" class=\"alignleft size-medium wp-image-110396\" src=\"https:\/\/candas365.es\/noticias\/wp-content\/uploads\/2018\/11\/081118-sede-360x239.jpg\" alt=\"\" width=\"360\" height=\"239\" srcset=\"https:\/\/candas365.es\/noticias\/wp-content\/uploads\/2018\/11\/081118-sede-360x239.jpg 360w, https:\/\/candas365.es\/noticias\/wp-content\/uploads\/2018\/11\/081118-sede.jpg 512w\" sizes=\"(max-width: 360px) 100vw, 360px\" \/>La Comisi\u00f3n Europea ha hecho p\u00fablica su opini\u00f3n sobre el Plan Presupuestario enviado por el Gobierno espa\u00f1ol. Tambi\u00e9n la OCDE ha publicado el Informe sobre Perspectivas econ\u00f3micas, en el que se incluye una ficha de Espa\u00f1a con las previsiones macroecon\u00f3micas para el periodo 2018-2020.<\/p>\n<p>Las previsiones de ambos organismos sobre la econom\u00eda espa\u00f1ola est\u00e1n alineadas con las del Gobierno. Tanto la Comisi\u00f3n Europea como la OCDE prev\u00e9n que Espa\u00f1a mantendr\u00e1 un crecimiento robusto, superior al de la media de la Uni\u00f3n Europea, del 2,6% para este a\u00f1o y del 2,2% para el pr\u00f3ximo, apenas una d\u00e9cima menos que la previsi\u00f3n del Gobierno.<\/p>\n<p>Ambos organismos prev\u00e9n una sensible disminuci\u00f3n del d\u00e9ficit en 2019. La previsi\u00f3n de la OCDE coincide con la del Gobierno al estimar una reducci\u00f3n de 9 d\u00e9cimas y un d\u00e9ficit del 1,8% del PIB. Por su parte, la Comisi\u00f3n prev\u00e9 que el d\u00e9ficit se reduzca 6 d\u00e9cimas, hasta el 2,1% del PIB. En ambos casos se trata de reducciones muy superiores a las de otras grandes econom\u00edas comunitarias.<\/p>\n<p>Como la propia Comisi\u00f3n ha reconocido, su previsi\u00f3n es \u00abcautelosa\u00bb porque Espa\u00f1a no ha presentado todav\u00eda los Presupuestos Generales del Estado. Hay que tener en cuenta que en esta fase ex ante de la supervisi\u00f3n fiscal lo que se eval\u00faan son planes, lo que justifica la prudencia de su an\u00e1lisis.<\/p>\n<p>Las cifras contenidas en el Plan remitido por el Gobierno espa\u00f1ol est\u00e1n dentro del margen de flexibilidad previsto en el Pacto de Estabilidad y Crecimiento. Como el propio vicepresidente Dombrovskis ha se\u00f1alado hoy la diferencia de c\u00e1lculo se debe al hecho de que \u00abno se ha podido tomar en consideraci\u00f3n todas las medidas sobre las que no se ha legislado\u00bb. En este mismo sentido, el comisario Pierre Moscovici se\u00f1al\u00f3 cuando se publicaron las previsiones de oto\u00f1o que en esta fase del ciclo de supervisi\u00f3n fiscal es absolutamente normal que existan divergencias entre las estimaciones de los diferentes organismos.<\/p>\n<p>En cualquier caso, Espa\u00f1a saldr\u00e1 del brazo correctivo del Pacto de Estabilidad y Crecimiento en 2019, es decir, abandonar\u00e1 el Procedimiento de D\u00e9ficit Excesivo. La evaluaci\u00f3n de la Comisi\u00f3n Europea del Plan Presupuestario espa\u00f1ol responde a la mayor exigencia de este brazo preventivo y est\u00e1 en l\u00ednea con las realizadas a otros pa\u00edses como Francia, B\u00e9lgica, Portugal y Eslovenia.<\/p>\n<p>Finalmente, la cooperaci\u00f3n entre el Gobierno espa\u00f1ol y la Comisi\u00f3n Europea ha sido muy buena y basada en la transparencia, como ha confirmado hoy el comisario Moscovici.<\/p>\n<p><strong>Previsiones OCDE<\/strong><\/p>\n<p>Las previsiones de la OCDE coinciden con las del Gobierno no s\u00f3lo en relaci\u00f3n con crecimiento y d\u00e9ficit, sino tambi\u00e9n en los objetivos en materia de pol\u00edtica econ\u00f3mica. La OCDE considera prioritarias la reducci\u00f3n de la elevada deuda p\u00fablica y el impulso de medidas que aumenten la productividad.<\/p>\n<p>Recomienda actuaciones que reduzcan la temporalidad, mejoren la formaci\u00f3n profesional dual, incrementen la participaci\u00f3n de las mujeres en el mercado laboral y fomenten la educaci\u00f3n infantil de 0 a 3 a\u00f1os. Son objetivos compartidos por el Gobierno y alineados con el Plan Presupuestario adoptado el 15 de octubre, que combina la necesaria disciplina presupuestaria con una pol\u00edtica social que reduzca las desigualdades en nuestro pa\u00eds.<\/p>\n","protected":false},"excerpt":{"rendered":"<p>La Comisi\u00f3n Europea ha hecho p\u00fablica su opini\u00f3n sobre el Plan Presupuestario enviado por el Gobierno espa\u00f1ol. Tambi\u00e9n la OCDE ha publicado el Informe sobre Perspectivas econ\u00f3micas, en el que se incluye una ficha de Espa\u00f1a con las previsiones macroecon\u00f3micas para el periodo 2018-2020. Las previsiones de ambos organismos sobre la econom\u00eda espa\u00f1ola est\u00e1n alineadas<\/p>\n","protected":false},"author":1,"featured_media":110396,"comment_status":"closed","ping_status":"closed","sticky":false,"template":"","format":"standard","meta":{"footnotes":""},"categories":[343],"tags":[],"class_list":{"0":"post-110395","1":"post","2":"type-post","3":"status-publish","4":"format-standard","5":"has-post-thumbnail","7":"category-actualidad"},"aioseo_notices":[],"aioseo_head":"\n\t\t<!-- All in One SEO Pro 4.9.6.2 - aioseo.com -->\n\t<meta name=\"description\" content=\"La Comisi\u00f3n Europea ha hecho p\u00fablica su opini\u00f3n sobre el Plan Presupuestario enviado por el Gobierno espa\u00f1ol. Tambi\u00e9n la OCDE ha publicado el Informe sobre Perspectivas econ\u00f3micas, en el que se incluye una ficha de Espa\u00f1a con las previsiones macroecon\u00f3micas para el periodo 2018-2020. Las previsiones de ambos organismos sobre la econom\u00eda espa\u00f1ola est\u00e1n alineadas\" \/>\n\t<meta name=\"robots\" content=\"max-image-preview:large\" \/>\n\t<meta name=\"author\" content=\"Cand\u00e1s 365\"\/>\n\t<meta name=\"google-site-verification\" content=\"UA-32230408-1\" \/>\n\t<meta name=\"msvalidate.01\" content=\"354F3CDFB2DA171B47FBE9ABF1F88D5\" \/>\n\t<meta name=\"keywords\" content=\"actualidad\" \/>\n\t<link rel=\"canonical\" href=\"https:\/\/candas365.es\/noticias\/espana-mantendra-un-crecimiento-robusto-en-2019\/\" \/>\n\t<meta name=\"generator\" content=\"All in One SEO Pro (AIOSEO) 4.9.6.2\" \/>\n\t\t<meta property=\"og:locale\" content=\"es_ES\" \/>\n\t\t<meta property=\"og:site_name\" content=\"Cand\u00e1s 365\" \/>\n\t\t<meta property=\"og:type\" content=\"article\" \/>\n\t\t<meta property=\"og:title\" content=\"Espa\u00f1a mantendr\u00e1 un crecimiento robusto en 2019 | Cand\u00e1s 365\" \/>\n\t\t<meta property=\"og:description\" content=\"La Comisi\u00f3n Europea ha hecho p\u00fablica su opini\u00f3n sobre el Plan Presupuestario enviado por el Gobierno espa\u00f1ol. Tambi\u00e9n la OCDE ha publicado el Informe sobre Perspectivas econ\u00f3micas, en el que se incluye una ficha de Espa\u00f1a con las previsiones macroecon\u00f3micas para el periodo 2018-2020. Las previsiones de ambos organismos sobre la econom\u00eda espa\u00f1ola est\u00e1n alineadas\" \/>\n\t\t<meta property=\"og:url\" content=\"https:\/\/candas365.es\/noticias\/espana-mantendra-un-crecimiento-robusto-en-2019\/\" \/>\n\t\t<meta property=\"og:image\" content=\"https:\/\/candas365.es\/noticias\/wp-content\/uploads\/2018\/11\/081118-sede.jpg\" \/>\n\t\t<meta property=\"og:image:secure_url\" content=\"https:\/\/candas365.es\/noticias\/wp-content\/uploads\/2018\/11\/081118-sede.jpg\" \/>\n\t\t<meta property=\"og:image:width\" content=\"512\" \/>\n\t\t<meta property=\"og:image:height\" content=\"340\" \/>\n\t\t<meta property=\"article:published_time\" content=\"2018-11-22T00:05:40+00:00\" \/>\n\t\t<meta property=\"article:modified_time\" content=\"2018-11-22T00:05:40+00:00\" \/>\n\t\t<meta property=\"article:publisher\" content=\"https:\/\/www.facebook.com\/Nachofdezber\" \/>\n\t\t<meta property=\"article:author\" content=\"https:\/\/www.facebook.com\/carrenoactualidad\" \/>\n\t\t<meta name=\"twitter:card\" content=\"summary_large_image\" \/>\n\t\t<meta name=\"twitter:site\" content=\"@NabercoDigital\" \/>\n\t\t<meta name=\"twitter:title\" content=\"Espa\u00f1a mantendr\u00e1 un crecimiento robusto en 2019 | Cand\u00e1s 365\" \/>\n\t\t<meta name=\"twitter:description\" content=\"La Comisi\u00f3n Europea ha hecho p\u00fablica su opini\u00f3n sobre el Plan Presupuestario enviado por el Gobierno espa\u00f1ol. Tambi\u00e9n la OCDE ha publicado el Informe sobre Perspectivas econ\u00f3micas, en el que se incluye una ficha de Espa\u00f1a con las previsiones macroecon\u00f3micas para el periodo 2018-2020. Las previsiones de ambos organismos sobre la econom\u00eda espa\u00f1ola est\u00e1n alineadas\" \/>\n\t\t<meta name=\"twitter:creator\" content=\"@nbasturias\" \/>\n\t\t<meta name=\"twitter:image\" content=\"https:\/\/candas365.es\/noticias\/wp-content\/uploads\/2018\/11\/081118-sede.jpg\" \/>\n\t\t<meta name=\"twitter:label1\" content=\"Escrito por\" \/>\n\t\t<meta name=\"twitter:data1\" content=\"Cand\u00e1s 365\" \/>\n\t\t<meta name=\"twitter:label2\" content=\"Tiempo de lectura estimado\" \/>\n\t\t<meta name=\"twitter:data2\" content=\"3 minutos\" \/>\n\t\t<script type=\"application\/ld+json\" class=\"aioseo-schema\">\n\t\t\t{\"@context\":\"https:\\\/\\\/schema.org\",\"@graph\":[{\"@type\":\"BreadcrumbList\",\"@id\":\"https:\\\/\\\/candas365.es\\\/noticias\\\/espana-mantendra-un-crecimiento-robusto-en-2019\\\/#breadcrumblist\",\"itemListElement\":[{\"@type\":\"ListItem\",\"@id\":\"https:\\\/\\\/candas365.es\\\/noticias#listItem\",\"position\":1,\"name\":\"Home\",\"item\":\"https:\\\/\\\/candas365.es\\\/noticias\",\"nextItem\":{\"@type\":\"ListItem\",\"@id\":\"https:\\\/\\\/candas365.es\\\/noticias\\\/category\\\/actualidad\\\/#listItem\",\"name\":\"Actualidad\"}},{\"@type\":\"ListItem\",\"@id\":\"https:\\\/\\\/candas365.es\\\/noticias\\\/category\\\/actualidad\\\/#listItem\",\"position\":2,\"name\":\"Actualidad\",\"item\":\"https:\\\/\\\/candas365.es\\\/noticias\\\/category\\\/actualidad\\\/\",\"nextItem\":{\"@type\":\"ListItem\",\"@id\":\"https:\\\/\\\/candas365.es\\\/noticias\\\/espana-mantendra-un-crecimiento-robusto-en-2019\\\/#listItem\",\"name\":\"Espa\\u00f1a mantendr\\u00e1 un crecimiento robusto en 2019\"},\"previousItem\":{\"@type\":\"ListItem\",\"@id\":\"https:\\\/\\\/candas365.es\\\/noticias#listItem\",\"name\":\"Home\"}},{\"@type\":\"ListItem\",\"@id\":\"https:\\\/\\\/candas365.es\\\/noticias\\\/espana-mantendra-un-crecimiento-robusto-en-2019\\\/#listItem\",\"position\":3,\"name\":\"Espa\\u00f1a mantendr\\u00e1 un crecimiento robusto en 2019\",\"previousItem\":{\"@type\":\"ListItem\",\"@id\":\"https:\\\/\\\/candas365.es\\\/noticias\\\/category\\\/actualidad\\\/#listItem\",\"name\":\"Actualidad\"}}]},{\"@type\":\"NewsArticle\",\"@id\":\"https:\\\/\\\/candas365.es\\\/noticias\\\/espana-mantendra-un-crecimiento-robusto-en-2019\\\/#newsarticle\",\"name\":\"Espa\\u00f1a mantendr\\u00e1 un crecimiento robusto en 2019 | Cand\\u00e1s 365\",\"headline\":\"Espa\\u00f1a mantendr\\u00e1 un crecimiento robusto en 2019\",\"author\":{\"@id\":\"https:\\\/\\\/candas365.es\\\/noticias\\\/author\\\/admin\\\/#author\"},\"publisher\":{\"@id\":\"https:\\\/\\\/candas365.es\\\/noticias\\\/#organization\"},\"image\":{\"@type\":\"ImageObject\",\"url\":\"https:\\\/\\\/candas365.es\\\/noticias\\\/wp-content\\\/uploads\\\/2018\\\/11\\\/081118-sede.jpg\",\"width\":512,\"height\":340},\"datePublished\":\"2018-11-22T00:05:40+01:00\",\"dateModified\":\"2018-11-22T00:05:40+01:00\",\"inLanguage\":\"es-ES\",\"mainEntityOfPage\":{\"@id\":\"https:\\\/\\\/candas365.es\\\/noticias\\\/espana-mantendra-un-crecimiento-robusto-en-2019\\\/#webpage\"},\"isPartOf\":{\"@id\":\"https:\\\/\\\/candas365.es\\\/noticias\\\/espana-mantendra-un-crecimiento-robusto-en-2019\\\/#webpage\"},\"articleSection\":\"Actualidad\",\"dateline\":\"Publicado el noviembre 22, 2018.\"},{\"@type\":\"Organization\",\"@id\":\"https:\\\/\\\/candas365.es\\\/noticias\\\/#organization\",\"name\":\"Cand\\u00e1s 365\",\"description\":\"Cand\\u00e1s 365 es un diario digital independiente, fundado en 2012, con base en Asturias. Informamos con rigor sobre actualidad, sociedad, cultura y ocio, con una mirada local y global.\",\"url\":\"https:\\\/\\\/candas365.es\\\/noticias\\\/\",\"email\":\"info@candas365.es\",\"telephone\":\"+34652131393\",\"foundingDate\":\"2012-06-10\",\"logo\":{\"@type\":\"ImageObject\",\"url\":\"https:\\\/\\\/candas365.es\\\/noticias\\\/wp-content\\\/uploads\\\/2024\\\/09\\\/Candas-365-Redes.jpg\",\"@id\":\"https:\\\/\\\/candas365.es\\\/noticias\\\/espana-mantendra-un-crecimiento-robusto-en-2019\\\/#organizationLogo\",\"width\":1152,\"height\":864,\"caption\":\"Cand\\u00e1s 365 Redes\"},\"image\":{\"@id\":\"https:\\\/\\\/candas365.es\\\/noticias\\\/espana-mantendra-un-crecimiento-robusto-en-2019\\\/#organizationLogo\"},\"sameAs\":[\"https:\\\/\\\/www.facebook.com\\\/Nachofdezber\",\"https:\\\/\\\/x.com\\\/NabercoDigital\",\"https:\\\/\\\/www.instagram.com\\\/nachofdezber\\\/\",\"https:\\\/\\\/www.youtube.com\\\/channel\\\/UCZP-2wLEB9Rv6erhFmqVnvg\"],\"address\":{\"@id\":\"https:\\\/\\\/candas365.es\\\/noticias\\\/#postaladdress\",\"@type\":\"PostalAddress\",\"streetAddress\":\"san antonio 4, san antonio 4\",\"postalCode\":\"33430\",\"addressLocality\":\"Cand\\u00e1s\",\"addressRegion\":\"Asturias\",\"addressCountry\":\"ES\"}},{\"@type\":\"Person\",\"@id\":\"https:\\\/\\\/candas365.es\\\/noticias\\\/author\\\/admin\\\/#author\",\"url\":\"https:\\\/\\\/candas365.es\\\/noticias\\\/author\\\/admin\\\/\",\"name\":\"Cand\\u00e1s 365\",\"image\":{\"@type\":\"ImageObject\",\"@id\":\"https:\\\/\\\/candas365.es\\\/noticias\\\/espana-mantendra-un-crecimiento-robusto-en-2019\\\/#authorImage\",\"url\":\"https:\\\/\\\/secure.gravatar.com\\\/avatar\\\/496a8e03d0c493ede1718b7934145dbdf8d89be1036b0eec9544e1094c9de390?s=96&d=mm&r=g\",\"width\":96,\"height\":96,\"caption\":\"Cand\\u00e1s 365\"},\"sameAs\":[\"https:\\\/\\\/www.facebook.com\\\/carrenoactualidad\",\"https:\\\/\\\/twitter.com\\\/nbasturias\",\"https:\\\/\\\/www.instagram.com\\\/nachofdezber\\\/\",\"https:\\\/\\\/www.youtube.com\\\/channel\\\/UCZP-2wLEB9Rv6erhFmqVnvg\"]},{\"@type\":\"WebPage\",\"@id\":\"https:\\\/\\\/candas365.es\\\/noticias\\\/espana-mantendra-un-crecimiento-robusto-en-2019\\\/#webpage\",\"url\":\"https:\\\/\\\/candas365.es\\\/noticias\\\/espana-mantendra-un-crecimiento-robusto-en-2019\\\/\",\"name\":\"Espa\\u00f1a mantendr\\u00e1 un crecimiento robusto en 2019 | Cand\\u00e1s 365\",\"description\":\"La Comisi\\u00f3n Europea ha hecho p\\u00fablica su opini\\u00f3n sobre el Plan Presupuestario enviado por el Gobierno espa\\u00f1ol. Tambi\\u00e9n la OCDE ha publicado el Informe sobre Perspectivas econ\\u00f3micas, en el que se incluye una ficha de Espa\\u00f1a con las previsiones macroecon\\u00f3micas para el periodo 2018-2020. Las previsiones de ambos organismos sobre la econom\\u00eda espa\\u00f1ola est\\u00e1n alineadas\",\"inLanguage\":\"es-ES\",\"isPartOf\":{\"@id\":\"https:\\\/\\\/candas365.es\\\/noticias\\\/#website\"},\"breadcrumb\":{\"@id\":\"https:\\\/\\\/candas365.es\\\/noticias\\\/espana-mantendra-un-crecimiento-robusto-en-2019\\\/#breadcrumblist\"},\"author\":{\"@id\":\"https:\\\/\\\/candas365.es\\\/noticias\\\/author\\\/admin\\\/#author\"},\"creator\":{\"@id\":\"https:\\\/\\\/candas365.es\\\/noticias\\\/author\\\/admin\\\/#author\"},\"image\":{\"@type\":\"ImageObject\",\"url\":\"https:\\\/\\\/candas365.es\\\/noticias\\\/wp-content\\\/uploads\\\/2018\\\/11\\\/081118-sede.jpg\",\"@id\":\"https:\\\/\\\/candas365.es\\\/noticias\\\/espana-mantendra-un-crecimiento-robusto-en-2019\\\/#mainImage\",\"width\":512,\"height\":340},\"primaryImageOfPage\":{\"@id\":\"https:\\\/\\\/candas365.es\\\/noticias\\\/espana-mantendra-un-crecimiento-robusto-en-2019\\\/#mainImage\"},\"datePublished\":\"2018-11-22T00:05:40+01:00\",\"dateModified\":\"2018-11-22T00:05:40+01:00\"},{\"@type\":\"WebSite\",\"@id\":\"https:\\\/\\\/candas365.es\\\/noticias\\\/#website\",\"url\":\"https:\\\/\\\/candas365.es\\\/noticias\\\/\",\"name\":\"Cand\\u00e1s 365\",\"alternateName\":\"Cand\\u00e1s 365 Noticias\",\"description\":\"Actualidad desde Carre\\u00f1o para el mundo\",\"inLanguage\":\"es-ES\",\"publisher\":{\"@id\":\"https:\\\/\\\/candas365.es\\\/noticias\\\/#organization\"}}]}\n\t\t<\/script>\n\t\t<!-- All in One SEO Pro -->\r\n\t\t<title>Espa\u00f1a mantendr\u00e1 un crecimiento robusto en 2019 | Cand\u00e1s 365<\/title>\n\n","aioseo_head_json":{"title":"Espa\u00f1a mantendr\u00e1 un crecimiento robusto en 2019 | Cand\u00e1s 365","description":"La Comisi\u00f3n Europea ha hecho p\u00fablica su opini\u00f3n sobre el Plan Presupuestario enviado por el Gobierno espa\u00f1ol. Tambi\u00e9n la OCDE ha publicado el Informe sobre Perspectivas econ\u00f3micas, en el que se incluye una ficha de Espa\u00f1a con las previsiones macroecon\u00f3micas para el periodo 2018-2020. Las previsiones de ambos organismos sobre la econom\u00eda espa\u00f1ola est\u00e1n alineadas","canonical_url":"https:\/\/candas365.es\/noticias\/espana-mantendra-un-crecimiento-robusto-en-2019\/","robots":"max-image-preview:large","keywords":"actualidad","webmasterTools":{"google-site-verification":"UA-32230408-1","msvalidate.01":"354F3CDFB2DA171B47FBE9ABF1F88D5","miscellaneous":""},"schema":{"@context":"https:\/\/schema.org","@graph":[{"@type":"BreadcrumbList","@id":"https:\/\/candas365.es\/noticias\/espana-mantendra-un-crecimiento-robusto-en-2019\/#breadcrumblist","itemListElement":[{"@type":"ListItem","@id":"https:\/\/candas365.es\/noticias#listItem","position":1,"name":"Home","item":"https:\/\/candas365.es\/noticias","nextItem":{"@type":"ListItem","@id":"https:\/\/candas365.es\/noticias\/category\/actualidad\/#listItem","name":"Actualidad"}},{"@type":"ListItem","@id":"https:\/\/candas365.es\/noticias\/category\/actualidad\/#listItem","position":2,"name":"Actualidad","item":"https:\/\/candas365.es\/noticias\/category\/actualidad\/","nextItem":{"@type":"ListItem","@id":"https:\/\/candas365.es\/noticias\/espana-mantendra-un-crecimiento-robusto-en-2019\/#listItem","name":"Espa\u00f1a mantendr\u00e1 un crecimiento robusto en 2019"},"previousItem":{"@type":"ListItem","@id":"https:\/\/candas365.es\/noticias#listItem","name":"Home"}},{"@type":"ListItem","@id":"https:\/\/candas365.es\/noticias\/espana-mantendra-un-crecimiento-robusto-en-2019\/#listItem","position":3,"name":"Espa\u00f1a mantendr\u00e1 un crecimiento robusto en 2019","previousItem":{"@type":"ListItem","@id":"https:\/\/candas365.es\/noticias\/category\/actualidad\/#listItem","name":"Actualidad"}}]},{"@type":"NewsArticle","@id":"https:\/\/candas365.es\/noticias\/espana-mantendra-un-crecimiento-robusto-en-2019\/#newsarticle","name":"Espa\u00f1a mantendr\u00e1 un crecimiento robusto en 2019 | Cand\u00e1s 365","headline":"Espa\u00f1a mantendr\u00e1 un crecimiento robusto en 2019","author":{"@id":"https:\/\/candas365.es\/noticias\/author\/admin\/#author"},"publisher":{"@id":"https:\/\/candas365.es\/noticias\/#organization"},"image":{"@type":"ImageObject","url":"https:\/\/candas365.es\/noticias\/wp-content\/uploads\/2018\/11\/081118-sede.jpg","width":512,"height":340},"datePublished":"2018-11-22T00:05:40+01:00","dateModified":"2018-11-22T00:05:40+01:00","inLanguage":"es-ES","mainEntityOfPage":{"@id":"https:\/\/candas365.es\/noticias\/espana-mantendra-un-crecimiento-robusto-en-2019\/#webpage"},"isPartOf":{"@id":"https:\/\/candas365.es\/noticias\/espana-mantendra-un-crecimiento-robusto-en-2019\/#webpage"},"articleSection":"Actualidad","dateline":"Publicado el noviembre 22, 2018."},{"@type":"Organization","@id":"https:\/\/candas365.es\/noticias\/#organization","name":"Cand\u00e1s 365","description":"Cand\u00e1s 365 es un diario digital independiente, fundado en 2012, con base en Asturias. Informamos con rigor sobre actualidad, sociedad, cultura y ocio, con una mirada local y global.","url":"https:\/\/candas365.es\/noticias\/","email":"info@candas365.es","telephone":"+34652131393","foundingDate":"2012-06-10","logo":{"@type":"ImageObject","url":"https:\/\/candas365.es\/noticias\/wp-content\/uploads\/2024\/09\/Candas-365-Redes.jpg","@id":"https:\/\/candas365.es\/noticias\/espana-mantendra-un-crecimiento-robusto-en-2019\/#organizationLogo","width":1152,"height":864,"caption":"Cand\u00e1s 365 Redes"},"image":{"@id":"https:\/\/candas365.es\/noticias\/espana-mantendra-un-crecimiento-robusto-en-2019\/#organizationLogo"},"sameAs":["https:\/\/www.facebook.com\/Nachofdezber","https:\/\/x.com\/NabercoDigital","https:\/\/www.instagram.com\/nachofdezber\/","https:\/\/www.youtube.com\/channel\/UCZP-2wLEB9Rv6erhFmqVnvg"],"address":{"@id":"https:\/\/candas365.es\/noticias\/#postaladdress","@type":"PostalAddress","streetAddress":"san antonio 4, san antonio 4","postalCode":"33430","addressLocality":"Cand\u00e1s","addressRegion":"Asturias","addressCountry":"ES"}},{"@type":"Person","@id":"https:\/\/candas365.es\/noticias\/author\/admin\/#author","url":"https:\/\/candas365.es\/noticias\/author\/admin\/","name":"Cand\u00e1s 365","image":{"@type":"ImageObject","@id":"https:\/\/candas365.es\/noticias\/espana-mantendra-un-crecimiento-robusto-en-2019\/#authorImage","url":"https:\/\/secure.gravatar.com\/avatar\/496a8e03d0c493ede1718b7934145dbdf8d89be1036b0eec9544e1094c9de390?s=96&d=mm&r=g","width":96,"height":96,"caption":"Cand\u00e1s 365"},"sameAs":["https:\/\/www.facebook.com\/carrenoactualidad","https:\/\/twitter.com\/nbasturias","https:\/\/www.instagram.com\/nachofdezber\/","https:\/\/www.youtube.com\/channel\/UCZP-2wLEB9Rv6erhFmqVnvg"]},{"@type":"WebPage","@id":"https:\/\/candas365.es\/noticias\/espana-mantendra-un-crecimiento-robusto-en-2019\/#webpage","url":"https:\/\/candas365.es\/noticias\/espana-mantendra-un-crecimiento-robusto-en-2019\/","name":"Espa\u00f1a mantendr\u00e1 un crecimiento robusto en 2019 | Cand\u00e1s 365","description":"La Comisi\u00f3n Europea ha hecho p\u00fablica su opini\u00f3n sobre el Plan Presupuestario enviado por el Gobierno espa\u00f1ol. Tambi\u00e9n la OCDE ha publicado el Informe sobre Perspectivas econ\u00f3micas, en el que se incluye una ficha de Espa\u00f1a con las previsiones macroecon\u00f3micas para el periodo 2018-2020. Las previsiones de ambos organismos sobre la econom\u00eda espa\u00f1ola est\u00e1n alineadas","inLanguage":"es-ES","isPartOf":{"@id":"https:\/\/candas365.es\/noticias\/#website"},"breadcrumb":{"@id":"https:\/\/candas365.es\/noticias\/espana-mantendra-un-crecimiento-robusto-en-2019\/#breadcrumblist"},"author":{"@id":"https:\/\/candas365.es\/noticias\/author\/admin\/#author"},"creator":{"@id":"https:\/\/candas365.es\/noticias\/author\/admin\/#author"},"image":{"@type":"ImageObject","url":"https:\/\/candas365.es\/noticias\/wp-content\/uploads\/2018\/11\/081118-sede.jpg","@id":"https:\/\/candas365.es\/noticias\/espana-mantendra-un-crecimiento-robusto-en-2019\/#mainImage","width":512,"height":340},"primaryImageOfPage":{"@id":"https:\/\/candas365.es\/noticias\/espana-mantendra-un-crecimiento-robusto-en-2019\/#mainImage"},"datePublished":"2018-11-22T00:05:40+01:00","dateModified":"2018-11-22T00:05:40+01:00"},{"@type":"WebSite","@id":"https:\/\/candas365.es\/noticias\/#website","url":"https:\/\/candas365.es\/noticias\/","name":"Cand\u00e1s 365","alternateName":"Cand\u00e1s 365 Noticias","description":"Actualidad desde Carre\u00f1o para el mundo","inLanguage":"es-ES","publisher":{"@id":"https:\/\/candas365.es\/noticias\/#organization"}}]},"og:locale":"es_ES","og:site_name":"Cand\u00e1s 365","og:type":"article","og:title":"Espa\u00f1a mantendr\u00e1 un crecimiento robusto en 2019 | Cand\u00e1s 365","og:description":"La Comisi\u00f3n Europea ha hecho p\u00fablica su opini\u00f3n sobre el Plan Presupuestario enviado por el Gobierno espa\u00f1ol. Tambi\u00e9n la OCDE ha publicado el Informe sobre Perspectivas econ\u00f3micas, en el que se incluye una ficha de Espa\u00f1a con las previsiones macroecon\u00f3micas para el periodo 2018-2020. Las previsiones de ambos organismos sobre la econom\u00eda espa\u00f1ola est\u00e1n alineadas","og:url":"https:\/\/candas365.es\/noticias\/espana-mantendra-un-crecimiento-robusto-en-2019\/","og:image":"https:\/\/candas365.es\/noticias\/wp-content\/uploads\/2018\/11\/081118-sede.jpg","og:image:secure_url":"https:\/\/candas365.es\/noticias\/wp-content\/uploads\/2018\/11\/081118-sede.jpg","og:image:width":512,"og:image:height":340,"article:published_time":"2018-11-22T00:05:40+00:00","article:modified_time":"2018-11-22T00:05:40+00:00","article:publisher":"https:\/\/www.facebook.com\/Nachofdezber","article:author":"https:\/\/www.facebook.com\/carrenoactualidad","twitter:card":"summary_large_image","twitter:site":"@NabercoDigital","twitter:title":"Espa\u00f1a mantendr\u00e1 un crecimiento robusto en 2019 | Cand\u00e1s 365","twitter:description":"La Comisi\u00f3n Europea ha hecho p\u00fablica su opini\u00f3n sobre el Plan Presupuestario enviado por el Gobierno espa\u00f1ol. Tambi\u00e9n la OCDE ha publicado el Informe sobre Perspectivas econ\u00f3micas, en el que se incluye una ficha de Espa\u00f1a con las previsiones macroecon\u00f3micas para el periodo 2018-2020. Las previsiones de ambos organismos sobre la econom\u00eda espa\u00f1ola est\u00e1n alineadas","twitter:creator":"@nbasturias","twitter:image":"https:\/\/candas365.es\/noticias\/wp-content\/uploads\/2018\/11\/081118-sede.jpg","twitter:label1":"Escrito por","twitter:data1":"Cand\u00e1s 365","twitter:label2":"Tiempo de lectura estimado","twitter:data2":"3 minutos"},"aioseo_meta_data":{"post_id":"110395","title":null,"description":null,"keywords":null,"keyphrases":null,"primary_term":null,"canonical_url":null,"og_title":null,"og_description":null,"og_object_type":"default","og_image_type":"default","og_image_url":null,"og_image_width":null,"og_image_height":null,"og_image_custom_url":null,"og_image_custom_fields":null,"og_video":null,"og_custom_url":null,"og_article_section":null,"og_article_tags":null,"twitter_use_og":false,"twitter_card":"default","twitter_image_type":"default","twitter_image_url":null,"twitter_image_custom_url":null,"twitter_image_custom_fields":null,"twitter_title":null,"twitter_description":null,"schema":{"blockGraphs":[],"customGraphs":[],"default":{"data":{"Article":[],"Course":[],"Dataset":[],"FAQPage":[],"Movie":[],"Person":[],"Product":[],"ProductReview":[],"Car":[],"Recipe":[],"Service":[],"SoftwareApplication":[],"WebPage":[]},"graphName":"","isEnabled":true},"graphs":[],"defaultGraph":"","defaultPostTypeGraph":""},"schema_type":null,"schema_type_options":null,"pillar_content":false,"robots_default":true,"robots_noindex":false,"robots_noarchive":false,"robots_nosnippet":false,"robots_nofollow":false,"robots_noimageindex":false,"robots_noodp":false,"robots_notranslate":false,"robots_max_snippet":null,"robots_max_videopreview":null,"robots_max_imagepreview":"large","priority":null,"frequency":null,"location":null,"local_seo":null,"seo_analyzer_scan_date":"2025-08-28 12:30:20","breadcrumb_settings":null,"limit_modified_date":false,"reviewed_by":null,"open_ai":null,"ai":null,"created":"2020-12-21 11:38:38","updated":"2025-08-28 12:30:20"},"aioseo_breadcrumb":"<div class=\"aioseo-breadcrumbs\"><span class=\"aioseo-breadcrumb\">\n\t<a href=\"https:\/\/candas365.es\/noticias\" title=\"Home\">Home<\/a>\n<\/span><span class=\"aioseo-breadcrumb-separator\">&ndash;<\/span><span class=\"aioseo-breadcrumb\">\n\t<a href=\"https:\/\/candas365.es\/noticias\/category\/actualidad\/\" title=\"Actualidad\">Actualidad<\/a>\n<\/span><span class=\"aioseo-breadcrumb-separator\">&ndash;<\/span><span class=\"aioseo-breadcrumb\">\n\tEspa\u00f1a mantendr\u00e1 un crecimiento robusto en 2019\n<\/span><\/div>","aioseo_breadcrumb_json":[{"label":"Home","link":"https:\/\/candas365.es\/noticias"},{"label":"Actualidad","link":"https:\/\/candas365.es\/noticias\/category\/actualidad\/"},{"label":"Espa\u00f1a mantendr\u00e1 un crecimiento robusto en 2019","link":"https:\/\/candas365.es\/noticias\/espana-mantendra-un-crecimiento-robusto-en-2019\/"}],"_links":{"self":[{"href":"https:\/\/candas365.es\/noticias\/wp-json\/wp\/v2\/posts\/110395","targetHints":{"allow":["GET"]}}],"collection":[{"href":"https:\/\/candas365.es\/noticias\/wp-json\/wp\/v2\/posts"}],"about":[{"href":"https:\/\/candas365.es\/noticias\/wp-json\/wp\/v2\/types\/post"}],"author":[{"embeddable":true,"href":"https:\/\/candas365.es\/noticias\/wp-json\/wp\/v2\/users\/1"}],"replies":[{"embeddable":true,"href":"https:\/\/candas365.es\/noticias\/wp-json\/wp\/v2\/comments?post=110395"}],"version-history":[{"count":0,"href":"https:\/\/candas365.es\/noticias\/wp-json\/wp\/v2\/posts\/110395\/revisions"}],"wp:featuredmedia":[{"embeddable":true,"href":"https:\/\/candas365.es\/noticias\/wp-json\/wp\/v2\/media\/110396"}],"wp:attachment":[{"href":"https:\/\/candas365.es\/noticias\/wp-json\/wp\/v2\/media?parent=110395"}],"wp:term":[{"taxonomy":"category","embeddable":true,"href":"https:\/\/candas365.es\/noticias\/wp-json\/wp\/v2\/categories?post=110395"},{"taxonomy":"post_tag","embeddable":true,"href":"https:\/\/candas365.es\/noticias\/wp-json\/wp\/v2\/tags?post=110395"}],"curies":[{"name":"wp","href":"https:\/\/api.w.org\/{rel}","templated":true}]}}