{"id":110387,"date":"2018-11-21T23:39:14","date_gmt":"2018-11-21T23:39:14","guid":{"rendered":"http:\/\/candas365.es\/noticias\/?p=110387"},"modified":"2018-11-21T23:39:14","modified_gmt":"2018-11-21T23:39:14","slug":"jovenes-de-guatemala-intercambiaran-experiencias-en-carreno","status":"publish","type":"post","link":"https:\/\/candas365.es\/noticias\/jovenes-de-guatemala-intercambiaran-experiencias-en-carreno\/","title":{"rendered":"J\u00f3venes de Guatemala intercambiar\u00e1n experiencias en Carre\u00f1o"},"content":{"rendered":"<p><img fetchpriority=\"high\" decoding=\"async\" class=\"alignleft size-medium wp-image-15610\" src=\"https:\/\/candas365.es\/noticias\/wp-content\/uploads\/2015\/09\/aula-360x198.jpg\" alt=\"\" width=\"360\" height=\"198\" srcset=\"https:\/\/candas365.es\/noticias\/wp-content\/uploads\/2015\/09\/aula-360x198.jpg 360w, https:\/\/candas365.es\/noticias\/wp-content\/uploads\/2015\/09\/aula-650x357.jpg 650w, https:\/\/candas365.es\/noticias\/wp-content\/uploads\/2015\/09\/aula-150x82.jpg 150w, https:\/\/candas365.es\/noticias\/wp-content\/uploads\/2015\/09\/aula-450x247.jpg 450w, https:\/\/candas365.es\/noticias\/wp-content\/uploads\/2015\/09\/aula.jpg 655w\" sizes=\"(max-width: 360px) 100vw, 360px\" \/>A trav\u00e9s, de la ONG Seronda, durante este mes de noviembre, 5 j\u00f3venes de Guatemala, intercambiar\u00e1n experiencias y explicar\u00e1n en dos centros educativos del concejo de Carre\u00f1o el proyecto de cooperaci\u00f3n en el que participan y que est\u00e1 cofinanciado por el Ayuntamiento de Carre\u00f1o.<\/p>\n<p>En abril de 1997 ocho personas constituyen la Asociaci\u00f3n para la Cooperaci\u00f3n Seronda, llegando en la actualidad a estar formada por 132 socios\/as. Su objetivo es, y sigue siendo promover y realizar programas de cooperaci\u00f3n y ayuda con los pueblos m\u00e1s necesitados, en materia de alimentaci\u00f3n, sanidad, educaci\u00f3n, vivienda y cultura. Desde entonces, sin interrupci\u00f3n ha colaborado de desarrollo en Guatemala con el apoyo financiero de instituciones asturianas como el Ayuntamiento de Carre\u00f1o.<\/p>\n<p>La colaboraci\u00f3n entre el Consistorio carre\u00f1ense y esta ONG asturiana ha sido continuada desde hace varios a\u00f1os a trav\u00e9s de las Subvenciones de Cooperaci\u00f3n al Desarrollo que se gestionan desde la Concejal\u00eda de Igualdad y que se convocan anualmente en concurrencia competitiva. En esta edici\u00f3n del 2018, el dinero destinado a tal fin ascendi\u00f3 a 39.300, siendo 20 los proyectos presentados por otras tantas organizaciones y en los que el Ayuntamiento de Carre\u00f1o participa y colabora activamente.<\/p>\n<p>Concretamente el proyecto de Seronda con el que colabora Carre\u00f1o lleva por t\u00edtulo \u201cGarantizando el derecho a la educaci\u00f3n b\u00e1sica y secundaria para j\u00f3venes de Ciudad Guatemala\u201d. Con \u00e9l se pretende involucrar a las y los j\u00f3venes de las colonias urbano marginales de Guatemala en un proceso de formaci\u00f3n integral (educaci\u00f3n formal, inserci\u00f3n laboral, formaci\u00f3n humana y acompa\u00f1amiento psico-emocional y participaci\u00f3n comunitaria), para mejorar la autoestima y dignidad de j\u00f3venes hombres y mujeres, y evitar de este modo su ingreso en maras y pandillas violentas.<\/p>\n<p>\u201cNuestra intervenci\u00f3n en Guatemala tiene una parte que es estrictamente acad\u00e9mica, para que los patojos vayan cursando los distintos niveles educativos. Media jornada la dedican a estudiar, pero hay otro tiempo importante dedicado a trabajar, para que puedan ganar algo de dinero con lo que ayudar a sus familias, y como forma de garantizar su presencia en el centro. La tercera pata del proyecto es la formaci\u00f3n humana en valores que son muy necesarios reforzar all\u00ed, como la autoestima, la convivencia, la erradicaci\u00f3n de la violencia o la educaci\u00f3n afectiva y sexual\u201d &#8211; explic\u00f3 Santiago Vald\u00e9s de SERONDA.<\/p>\n<p>\u201cNos encontramos en unos pa\u00edses donde los ni\u00f1os y, sobre todo las ni\u00f1as, de colonias marginales son sacados de la escuela a una edad muy temprana para ayudar al sustento de la familia. Por lo que todas las posibilidades de una educaci\u00f3n que mejore su calidad de vida de desvanecen. La pobreza, la violencia intra y extra familiar y la falta de oportunidades en su entorno, son algunos de los factores que rodean y amenazan a la juventud, lo que dificulta su integraci\u00f3n y un futuro mejor. Se trabaja en la reconstrucci\u00f3n del tejido personal y comunitario favoreciendo el acceso al derecho a la educaci\u00f3n y a un trabajo digno, abordando la formaci\u00f3n humana de la y el joven para que recuperando su autoestima y dignidad se involucre y participe en las actividades de proyecci\u00f3n social para devolver a sus comunidades la esperanza de alternativas de vida no violentas para las y los j\u00f3venes\u201d \u2013 explic\u00f3 la Alcaldesa de Carre\u00f1o, Amelia Fern\u00e1ndez.<\/p>\n<p>\u201cEn realidad es m\u00e1s que un proyecto de cooperaci\u00f3n, es un proyecto de vida para los y las j\u00f3venes estudiantes, es una alternativa que ha demostrado su validez, que funciona, que es posible, para j\u00f3venes en riesgo social cuya salida natural es el ingreso en la mara, la violencia y la c\u00e1rcel o la muerte prematura. La combinaci\u00f3n de estudio y trabajo les ofrece la recuperaci\u00f3n de su dignidad, su autoestima y el desarrollo personal siendo verdaderos protagonistas de su vida.\u201d \u2013 prosigui\u00f3 Fern\u00e1ndez.<\/p>\n<p>Durante su estancia en Asturias visitaron en primer t\u00e9rmino la escuela rural de Guimar\u00e1n \u2013 El Valle. Donde explicaron la realidad en la que viven y realizaron con el alumnado y alumnas actividades socioeducativas y l\u00fadicas: juegos, canciones, pintura, etc. acordes con su edad, enfocadas a explicar el proyecto y lo que Seronda lleva a cabo en Guatemala.<\/p>\n<p>El pr\u00f3ximo lunes, d\u00eda 26, est\u00e1 previsto que interacciones con el alumnado de secundaria del IES de Cand\u00e1s. All\u00ed realizar\u00e1n una charla-coloquio donde los 5 j\u00f3venes provenientes de Guatemala hablar\u00e1n sobre la realidad de la juventud guatemalteca, les contar\u00e1n como es su vida all\u00ed, los peligros que existen como pueden ser las Maras as\u00ed como de las Oportunidades que el proyecto Puente Belice les brinda, gracias a que les da la oportunidad de formarse tanto a nivel profesional como personal.<\/p>\n","protected":false},"excerpt":{"rendered":"<p>A trav\u00e9s, de la ONG Seronda, durante este mes de noviembre, 5 j\u00f3venes de Guatemala, intercambiar\u00e1n experiencias y explicar\u00e1n en dos centros educativos del concejo de Carre\u00f1o el proyecto de cooperaci\u00f3n en el que participan y que est\u00e1 cofinanciado por el Ayuntamiento de Carre\u00f1o. En abril de 1997 ocho personas constituyen la Asociaci\u00f3n para la<\/p>\n","protected":false},"author":1,"featured_media":15610,"comment_status":"closed","ping_status":"closed","sticky":false,"template":"","format":"standard","meta":{"footnotes":""},"categories":[2],"tags":[],"class_list":{"0":"post-110387","1":"post","2":"type-post","3":"status-publish","4":"format-standard","5":"has-post-thumbnail","7":"category-noticias-carreno"},"aioseo_notices":[],"aioseo_head":"\n\t\t<!-- All in One SEO Pro 4.9.6.2 - aioseo.com -->\n\t<meta name=\"description\" content=\"A trav\u00e9s, de la ONG Seronda, durante este mes de noviembre, 5 j\u00f3venes de Guatemala, intercambiar\u00e1n experiencias y explicar\u00e1n en dos centros educativos del concejo de Carre\u00f1o el proyecto de cooperaci\u00f3n en el que participan y que est\u00e1 cofinanciado por el Ayuntamiento de Carre\u00f1o. En abril de 1997 ocho personas constituyen la Asociaci\u00f3n para la\" \/>\n\t<meta name=\"robots\" content=\"max-image-preview:large\" \/>\n\t<meta name=\"author\" content=\"Cand\u00e1s 365\"\/>\n\t<meta name=\"google-site-verification\" content=\"UA-32230408-1\" \/>\n\t<meta name=\"msvalidate.01\" content=\"354F3CDFB2DA171B47FBE9ABF1F88D5\" \/>\n\t<meta name=\"keywords\" content=\"noticias carre\u00f1o\" \/>\n\t<link rel=\"canonical\" href=\"https:\/\/candas365.es\/noticias\/jovenes-de-guatemala-intercambiaran-experiencias-en-carreno\/\" \/>\n\t<meta name=\"generator\" content=\"All in One SEO Pro (AIOSEO) 4.9.6.2\" \/>\n\t\t<meta property=\"og:locale\" content=\"es_ES\" \/>\n\t\t<meta property=\"og:site_name\" content=\"Cand\u00e1s 365\" \/>\n\t\t<meta property=\"og:type\" content=\"article\" \/>\n\t\t<meta property=\"og:title\" content=\"J\u00f3venes de Guatemala intercambiar\u00e1n experiencias en Carre\u00f1o | Cand\u00e1s 365\" \/>\n\t\t<meta property=\"og:description\" content=\"A trav\u00e9s, de la ONG Seronda, durante este mes de noviembre, 5 j\u00f3venes de Guatemala, intercambiar\u00e1n experiencias y explicar\u00e1n en dos centros educativos del concejo de Carre\u00f1o el proyecto de cooperaci\u00f3n en el que participan y que est\u00e1 cofinanciado por el Ayuntamiento de Carre\u00f1o. En abril de 1997 ocho personas constituyen la Asociaci\u00f3n para la\" \/>\n\t\t<meta property=\"og:url\" content=\"https:\/\/candas365.es\/noticias\/jovenes-de-guatemala-intercambiaran-experiencias-en-carreno\/\" \/>\n\t\t<meta property=\"og:image\" content=\"https:\/\/candas365.es\/noticias\/wp-content\/uploads\/2015\/09\/aula.jpg\" \/>\n\t\t<meta property=\"og:image:secure_url\" content=\"https:\/\/candas365.es\/noticias\/wp-content\/uploads\/2015\/09\/aula.jpg\" \/>\n\t\t<meta property=\"og:image:width\" content=\"655\" \/>\n\t\t<meta property=\"og:image:height\" content=\"360\" \/>\n\t\t<meta property=\"article:published_time\" content=\"2018-11-21T23:39:14+00:00\" \/>\n\t\t<meta property=\"article:modified_time\" content=\"2018-11-21T23:39:14+00:00\" \/>\n\t\t<meta property=\"article:publisher\" content=\"https:\/\/www.facebook.com\/Nachofdezber\" \/>\n\t\t<meta property=\"article:author\" content=\"https:\/\/www.facebook.com\/carrenoactualidad\" \/>\n\t\t<meta name=\"twitter:card\" content=\"summary_large_image\" \/>\n\t\t<meta name=\"twitter:site\" content=\"@NabercoDigital\" \/>\n\t\t<meta name=\"twitter:title\" content=\"J\u00f3venes de Guatemala intercambiar\u00e1n experiencias en Carre\u00f1o | Cand\u00e1s 365\" \/>\n\t\t<meta name=\"twitter:description\" content=\"A trav\u00e9s, de la ONG Seronda, durante este mes de noviembre, 5 j\u00f3venes de Guatemala, intercambiar\u00e1n experiencias y explicar\u00e1n en dos centros educativos del concejo de Carre\u00f1o el proyecto de cooperaci\u00f3n en el que participan y que est\u00e1 cofinanciado por el Ayuntamiento de Carre\u00f1o. En abril de 1997 ocho personas constituyen la Asociaci\u00f3n para la\" \/>\n\t\t<meta name=\"twitter:creator\" content=\"@nbasturias\" \/>\n\t\t<meta name=\"twitter:image\" content=\"https:\/\/candas365.es\/noticias\/wp-content\/uploads\/2015\/09\/aula.jpg\" \/>\n\t\t<meta name=\"twitter:label1\" content=\"Escrito por\" \/>\n\t\t<meta name=\"twitter:data1\" content=\"Cand\u00e1s 365\" \/>\n\t\t<meta name=\"twitter:label2\" content=\"Tiempo de lectura estimado\" \/>\n\t\t<meta name=\"twitter:data2\" content=\"4 minutos\" \/>\n\t\t<script type=\"application\/ld+json\" class=\"aioseo-schema\">\n\t\t\t{\"@context\":\"https:\\\/\\\/schema.org\",\"@graph\":[{\"@type\":\"BreadcrumbList\",\"@id\":\"https:\\\/\\\/candas365.es\\\/noticias\\\/jovenes-de-guatemala-intercambiaran-experiencias-en-carreno\\\/#breadcrumblist\",\"itemListElement\":[{\"@type\":\"ListItem\",\"@id\":\"https:\\\/\\\/candas365.es\\\/noticias#listItem\",\"position\":1,\"name\":\"Home\",\"item\":\"https:\\\/\\\/candas365.es\\\/noticias\",\"nextItem\":{\"@type\":\"ListItem\",\"@id\":\"https:\\\/\\\/candas365.es\\\/noticias\\\/category\\\/noticias-carreno\\\/#listItem\",\"name\":\"Noticias Carre\\u00f1o\"}},{\"@type\":\"ListItem\",\"@id\":\"https:\\\/\\\/candas365.es\\\/noticias\\\/category\\\/noticias-carreno\\\/#listItem\",\"position\":2,\"name\":\"Noticias Carre\\u00f1o\",\"item\":\"https:\\\/\\\/candas365.es\\\/noticias\\\/category\\\/noticias-carreno\\\/\",\"nextItem\":{\"@type\":\"ListItem\",\"@id\":\"https:\\\/\\\/candas365.es\\\/noticias\\\/jovenes-de-guatemala-intercambiaran-experiencias-en-carreno\\\/#listItem\",\"name\":\"J\\u00f3venes de Guatemala intercambiar\\u00e1n experiencias en Carre\\u00f1o\"},\"previousItem\":{\"@type\":\"ListItem\",\"@id\":\"https:\\\/\\\/candas365.es\\\/noticias#listItem\",\"name\":\"Home\"}},{\"@type\":\"ListItem\",\"@id\":\"https:\\\/\\\/candas365.es\\\/noticias\\\/jovenes-de-guatemala-intercambiaran-experiencias-en-carreno\\\/#listItem\",\"position\":3,\"name\":\"J\\u00f3venes de Guatemala intercambiar\\u00e1n experiencias en Carre\\u00f1o\",\"previousItem\":{\"@type\":\"ListItem\",\"@id\":\"https:\\\/\\\/candas365.es\\\/noticias\\\/category\\\/noticias-carreno\\\/#listItem\",\"name\":\"Noticias Carre\\u00f1o\"}}]},{\"@type\":\"NewsArticle\",\"@id\":\"https:\\\/\\\/candas365.es\\\/noticias\\\/jovenes-de-guatemala-intercambiaran-experiencias-en-carreno\\\/#newsarticle\",\"name\":\"J\\u00f3venes de Guatemala intercambiar\\u00e1n experiencias en Carre\\u00f1o | Cand\\u00e1s 365\",\"headline\":\"J\\u00f3venes de Guatemala intercambiar\\u00e1n experiencias en Carre\\u00f1o\",\"author\":{\"@id\":\"https:\\\/\\\/candas365.es\\\/noticias\\\/author\\\/admin\\\/#author\"},\"publisher\":{\"@id\":\"https:\\\/\\\/candas365.es\\\/noticias\\\/#organization\"},\"image\":{\"@type\":\"ImageObject\",\"url\":\"https:\\\/\\\/candas365.es\\\/noticias\\\/wp-content\\\/uploads\\\/2015\\\/09\\\/aula.jpg\",\"width\":655,\"height\":360,\"caption\":\"aula\"},\"datePublished\":\"2018-11-21T23:39:14+01:00\",\"dateModified\":\"2018-11-21T23:39:14+01:00\",\"inLanguage\":\"es-ES\",\"mainEntityOfPage\":{\"@id\":\"https:\\\/\\\/candas365.es\\\/noticias\\\/jovenes-de-guatemala-intercambiaran-experiencias-en-carreno\\\/#webpage\"},\"isPartOf\":{\"@id\":\"https:\\\/\\\/candas365.es\\\/noticias\\\/jovenes-de-guatemala-intercambiaran-experiencias-en-carreno\\\/#webpage\"},\"articleSection\":\"Noticias Carre\\u00f1o\",\"dateline\":\"Publicado el noviembre 21, 2018.\"},{\"@type\":\"Organization\",\"@id\":\"https:\\\/\\\/candas365.es\\\/noticias\\\/#organization\",\"name\":\"Cand\\u00e1s 365\",\"description\":\"Cand\\u00e1s 365 es un diario digital independiente, fundado en 2012, con base en Asturias. Informamos con rigor sobre actualidad, sociedad, cultura y ocio, con una mirada local y global.\",\"url\":\"https:\\\/\\\/candas365.es\\\/noticias\\\/\",\"email\":\"info@candas365.es\",\"telephone\":\"+34652131393\",\"foundingDate\":\"2012-06-10\",\"logo\":{\"@type\":\"ImageObject\",\"url\":\"https:\\\/\\\/candas365.es\\\/noticias\\\/wp-content\\\/uploads\\\/2024\\\/09\\\/Candas-365-Redes.jpg\",\"@id\":\"https:\\\/\\\/candas365.es\\\/noticias\\\/jovenes-de-guatemala-intercambiaran-experiencias-en-carreno\\\/#organizationLogo\",\"width\":1152,\"height\":864,\"caption\":\"Cand\\u00e1s 365 Redes\"},\"image\":{\"@id\":\"https:\\\/\\\/candas365.es\\\/noticias\\\/jovenes-de-guatemala-intercambiaran-experiencias-en-carreno\\\/#organizationLogo\"},\"sameAs\":[\"https:\\\/\\\/www.facebook.com\\\/Nachofdezber\",\"https:\\\/\\\/x.com\\\/NabercoDigital\",\"https:\\\/\\\/www.instagram.com\\\/nachofdezber\\\/\",\"https:\\\/\\\/www.youtube.com\\\/channel\\\/UCZP-2wLEB9Rv6erhFmqVnvg\"],\"address\":{\"@id\":\"https:\\\/\\\/candas365.es\\\/noticias\\\/#postaladdress\",\"@type\":\"PostalAddress\",\"streetAddress\":\"san antonio 4, san antonio 4\",\"postalCode\":\"33430\",\"addressLocality\":\"Cand\\u00e1s\",\"addressRegion\":\"Asturias\",\"addressCountry\":\"ES\"}},{\"@type\":\"Person\",\"@id\":\"https:\\\/\\\/candas365.es\\\/noticias\\\/author\\\/admin\\\/#author\",\"url\":\"https:\\\/\\\/candas365.es\\\/noticias\\\/author\\\/admin\\\/\",\"name\":\"Cand\\u00e1s 365\",\"image\":{\"@type\":\"ImageObject\",\"@id\":\"https:\\\/\\\/candas365.es\\\/noticias\\\/jovenes-de-guatemala-intercambiaran-experiencias-en-carreno\\\/#authorImage\",\"url\":\"https:\\\/\\\/secure.gravatar.com\\\/avatar\\\/496a8e03d0c493ede1718b7934145dbdf8d89be1036b0eec9544e1094c9de390?s=96&d=mm&r=g\",\"width\":96,\"height\":96,\"caption\":\"Cand\\u00e1s 365\"},\"sameAs\":[\"https:\\\/\\\/www.facebook.com\\\/carrenoactualidad\",\"https:\\\/\\\/twitter.com\\\/nbasturias\",\"https:\\\/\\\/www.instagram.com\\\/nachofdezber\\\/\",\"https:\\\/\\\/www.youtube.com\\\/channel\\\/UCZP-2wLEB9Rv6erhFmqVnvg\"]},{\"@type\":\"WebPage\",\"@id\":\"https:\\\/\\\/candas365.es\\\/noticias\\\/jovenes-de-guatemala-intercambiaran-experiencias-en-carreno\\\/#webpage\",\"url\":\"https:\\\/\\\/candas365.es\\\/noticias\\\/jovenes-de-guatemala-intercambiaran-experiencias-en-carreno\\\/\",\"name\":\"J\\u00f3venes de Guatemala intercambiar\\u00e1n experiencias en Carre\\u00f1o | Cand\\u00e1s 365\",\"description\":\"A trav\\u00e9s, de la ONG Seronda, durante este mes de noviembre, 5 j\\u00f3venes de Guatemala, intercambiar\\u00e1n experiencias y explicar\\u00e1n en dos centros educativos del concejo de Carre\\u00f1o el proyecto de cooperaci\\u00f3n en el que participan y que est\\u00e1 cofinanciado por el Ayuntamiento de Carre\\u00f1o. En abril de 1997 ocho personas constituyen la Asociaci\\u00f3n para la\",\"inLanguage\":\"es-ES\",\"isPartOf\":{\"@id\":\"https:\\\/\\\/candas365.es\\\/noticias\\\/#website\"},\"breadcrumb\":{\"@id\":\"https:\\\/\\\/candas365.es\\\/noticias\\\/jovenes-de-guatemala-intercambiaran-experiencias-en-carreno\\\/#breadcrumblist\"},\"author\":{\"@id\":\"https:\\\/\\\/candas365.es\\\/noticias\\\/author\\\/admin\\\/#author\"},\"creator\":{\"@id\":\"https:\\\/\\\/candas365.es\\\/noticias\\\/author\\\/admin\\\/#author\"},\"image\":{\"@type\":\"ImageObject\",\"url\":\"https:\\\/\\\/candas365.es\\\/noticias\\\/wp-content\\\/uploads\\\/2015\\\/09\\\/aula.jpg\",\"@id\":\"https:\\\/\\\/candas365.es\\\/noticias\\\/jovenes-de-guatemala-intercambiaran-experiencias-en-carreno\\\/#mainImage\",\"width\":655,\"height\":360,\"caption\":\"aula\"},\"primaryImageOfPage\":{\"@id\":\"https:\\\/\\\/candas365.es\\\/noticias\\\/jovenes-de-guatemala-intercambiaran-experiencias-en-carreno\\\/#mainImage\"},\"datePublished\":\"2018-11-21T23:39:14+01:00\",\"dateModified\":\"2018-11-21T23:39:14+01:00\"},{\"@type\":\"WebSite\",\"@id\":\"https:\\\/\\\/candas365.es\\\/noticias\\\/#website\",\"url\":\"https:\\\/\\\/candas365.es\\\/noticias\\\/\",\"name\":\"Cand\\u00e1s 365\",\"alternateName\":\"Cand\\u00e1s 365 Noticias\",\"description\":\"Actualidad desde Carre\\u00f1o para el mundo\",\"inLanguage\":\"es-ES\",\"publisher\":{\"@id\":\"https:\\\/\\\/candas365.es\\\/noticias\\\/#organization\"}}]}\n\t\t<\/script>\n\t\t<!-- All in One SEO Pro -->\r\n\t\t<title>J\u00f3venes de Guatemala intercambiar\u00e1n experiencias en Carre\u00f1o | Cand\u00e1s 365<\/title>\n\n","aioseo_head_json":{"title":"J\u00f3venes de Guatemala intercambiar\u00e1n experiencias en Carre\u00f1o | Cand\u00e1s 365","description":"A trav\u00e9s, de la ONG Seronda, durante este mes de noviembre, 5 j\u00f3venes de Guatemala, intercambiar\u00e1n experiencias y explicar\u00e1n en dos centros educativos del concejo de Carre\u00f1o el proyecto de cooperaci\u00f3n en el que participan y que est\u00e1 cofinanciado por el Ayuntamiento de Carre\u00f1o. En abril de 1997 ocho personas constituyen la Asociaci\u00f3n para la","canonical_url":"https:\/\/candas365.es\/noticias\/jovenes-de-guatemala-intercambiaran-experiencias-en-carreno\/","robots":"max-image-preview:large","keywords":"noticias carre\u00f1o","webmasterTools":{"google-site-verification":"UA-32230408-1","msvalidate.01":"354F3CDFB2DA171B47FBE9ABF1F88D5","miscellaneous":""},"schema":{"@context":"https:\/\/schema.org","@graph":[{"@type":"BreadcrumbList","@id":"https:\/\/candas365.es\/noticias\/jovenes-de-guatemala-intercambiaran-experiencias-en-carreno\/#breadcrumblist","itemListElement":[{"@type":"ListItem","@id":"https:\/\/candas365.es\/noticias#listItem","position":1,"name":"Home","item":"https:\/\/candas365.es\/noticias","nextItem":{"@type":"ListItem","@id":"https:\/\/candas365.es\/noticias\/category\/noticias-carreno\/#listItem","name":"Noticias Carre\u00f1o"}},{"@type":"ListItem","@id":"https:\/\/candas365.es\/noticias\/category\/noticias-carreno\/#listItem","position":2,"name":"Noticias Carre\u00f1o","item":"https:\/\/candas365.es\/noticias\/category\/noticias-carreno\/","nextItem":{"@type":"ListItem","@id":"https:\/\/candas365.es\/noticias\/jovenes-de-guatemala-intercambiaran-experiencias-en-carreno\/#listItem","name":"J\u00f3venes de Guatemala intercambiar\u00e1n experiencias en Carre\u00f1o"},"previousItem":{"@type":"ListItem","@id":"https:\/\/candas365.es\/noticias#listItem","name":"Home"}},{"@type":"ListItem","@id":"https:\/\/candas365.es\/noticias\/jovenes-de-guatemala-intercambiaran-experiencias-en-carreno\/#listItem","position":3,"name":"J\u00f3venes de Guatemala intercambiar\u00e1n experiencias en Carre\u00f1o","previousItem":{"@type":"ListItem","@id":"https:\/\/candas365.es\/noticias\/category\/noticias-carreno\/#listItem","name":"Noticias Carre\u00f1o"}}]},{"@type":"NewsArticle","@id":"https:\/\/candas365.es\/noticias\/jovenes-de-guatemala-intercambiaran-experiencias-en-carreno\/#newsarticle","name":"J\u00f3venes de Guatemala intercambiar\u00e1n experiencias en Carre\u00f1o | Cand\u00e1s 365","headline":"J\u00f3venes de Guatemala intercambiar\u00e1n experiencias en Carre\u00f1o","author":{"@id":"https:\/\/candas365.es\/noticias\/author\/admin\/#author"},"publisher":{"@id":"https:\/\/candas365.es\/noticias\/#organization"},"image":{"@type":"ImageObject","url":"https:\/\/candas365.es\/noticias\/wp-content\/uploads\/2015\/09\/aula.jpg","width":655,"height":360,"caption":"aula"},"datePublished":"2018-11-21T23:39:14+01:00","dateModified":"2018-11-21T23:39:14+01:00","inLanguage":"es-ES","mainEntityOfPage":{"@id":"https:\/\/candas365.es\/noticias\/jovenes-de-guatemala-intercambiaran-experiencias-en-carreno\/#webpage"},"isPartOf":{"@id":"https:\/\/candas365.es\/noticias\/jovenes-de-guatemala-intercambiaran-experiencias-en-carreno\/#webpage"},"articleSection":"Noticias Carre\u00f1o","dateline":"Publicado el noviembre 21, 2018."},{"@type":"Organization","@id":"https:\/\/candas365.es\/noticias\/#organization","name":"Cand\u00e1s 365","description":"Cand\u00e1s 365 es un diario digital independiente, fundado en 2012, con base en Asturias. Informamos con rigor sobre actualidad, sociedad, cultura y ocio, con una mirada local y global.","url":"https:\/\/candas365.es\/noticias\/","email":"info@candas365.es","telephone":"+34652131393","foundingDate":"2012-06-10","logo":{"@type":"ImageObject","url":"https:\/\/candas365.es\/noticias\/wp-content\/uploads\/2024\/09\/Candas-365-Redes.jpg","@id":"https:\/\/candas365.es\/noticias\/jovenes-de-guatemala-intercambiaran-experiencias-en-carreno\/#organizationLogo","width":1152,"height":864,"caption":"Cand\u00e1s 365 Redes"},"image":{"@id":"https:\/\/candas365.es\/noticias\/jovenes-de-guatemala-intercambiaran-experiencias-en-carreno\/#organizationLogo"},"sameAs":["https:\/\/www.facebook.com\/Nachofdezber","https:\/\/x.com\/NabercoDigital","https:\/\/www.instagram.com\/nachofdezber\/","https:\/\/www.youtube.com\/channel\/UCZP-2wLEB9Rv6erhFmqVnvg"],"address":{"@id":"https:\/\/candas365.es\/noticias\/#postaladdress","@type":"PostalAddress","streetAddress":"san antonio 4, san antonio 4","postalCode":"33430","addressLocality":"Cand\u00e1s","addressRegion":"Asturias","addressCountry":"ES"}},{"@type":"Person","@id":"https:\/\/candas365.es\/noticias\/author\/admin\/#author","url":"https:\/\/candas365.es\/noticias\/author\/admin\/","name":"Cand\u00e1s 365","image":{"@type":"ImageObject","@id":"https:\/\/candas365.es\/noticias\/jovenes-de-guatemala-intercambiaran-experiencias-en-carreno\/#authorImage","url":"https:\/\/secure.gravatar.com\/avatar\/496a8e03d0c493ede1718b7934145dbdf8d89be1036b0eec9544e1094c9de390?s=96&d=mm&r=g","width":96,"height":96,"caption":"Cand\u00e1s 365"},"sameAs":["https:\/\/www.facebook.com\/carrenoactualidad","https:\/\/twitter.com\/nbasturias","https:\/\/www.instagram.com\/nachofdezber\/","https:\/\/www.youtube.com\/channel\/UCZP-2wLEB9Rv6erhFmqVnvg"]},{"@type":"WebPage","@id":"https:\/\/candas365.es\/noticias\/jovenes-de-guatemala-intercambiaran-experiencias-en-carreno\/#webpage","url":"https:\/\/candas365.es\/noticias\/jovenes-de-guatemala-intercambiaran-experiencias-en-carreno\/","name":"J\u00f3venes de Guatemala intercambiar\u00e1n experiencias en Carre\u00f1o | Cand\u00e1s 365","description":"A trav\u00e9s, de la ONG Seronda, durante este mes de noviembre, 5 j\u00f3venes de Guatemala, intercambiar\u00e1n experiencias y explicar\u00e1n en dos centros educativos del concejo de Carre\u00f1o el proyecto de cooperaci\u00f3n en el que participan y que est\u00e1 cofinanciado por el Ayuntamiento de Carre\u00f1o. En abril de 1997 ocho personas constituyen la Asociaci\u00f3n para la","inLanguage":"es-ES","isPartOf":{"@id":"https:\/\/candas365.es\/noticias\/#website"},"breadcrumb":{"@id":"https:\/\/candas365.es\/noticias\/jovenes-de-guatemala-intercambiaran-experiencias-en-carreno\/#breadcrumblist"},"author":{"@id":"https:\/\/candas365.es\/noticias\/author\/admin\/#author"},"creator":{"@id":"https:\/\/candas365.es\/noticias\/author\/admin\/#author"},"image":{"@type":"ImageObject","url":"https:\/\/candas365.es\/noticias\/wp-content\/uploads\/2015\/09\/aula.jpg","@id":"https:\/\/candas365.es\/noticias\/jovenes-de-guatemala-intercambiaran-experiencias-en-carreno\/#mainImage","width":655,"height":360,"caption":"aula"},"primaryImageOfPage":{"@id":"https:\/\/candas365.es\/noticias\/jovenes-de-guatemala-intercambiaran-experiencias-en-carreno\/#mainImage"},"datePublished":"2018-11-21T23:39:14+01:00","dateModified":"2018-11-21T23:39:14+01:00"},{"@type":"WebSite","@id":"https:\/\/candas365.es\/noticias\/#website","url":"https:\/\/candas365.es\/noticias\/","name":"Cand\u00e1s 365","alternateName":"Cand\u00e1s 365 Noticias","description":"Actualidad desde Carre\u00f1o para el mundo","inLanguage":"es-ES","publisher":{"@id":"https:\/\/candas365.es\/noticias\/#organization"}}]},"og:locale":"es_ES","og:site_name":"Cand\u00e1s 365","og:type":"article","og:title":"J\u00f3venes de Guatemala intercambiar\u00e1n experiencias en Carre\u00f1o | Cand\u00e1s 365","og:description":"A trav\u00e9s, de la ONG Seronda, durante este mes de noviembre, 5 j\u00f3venes de Guatemala, intercambiar\u00e1n experiencias y explicar\u00e1n en dos centros educativos del concejo de Carre\u00f1o el proyecto de cooperaci\u00f3n en el que participan y que est\u00e1 cofinanciado por el Ayuntamiento de Carre\u00f1o. En abril de 1997 ocho personas constituyen la Asociaci\u00f3n para la","og:url":"https:\/\/candas365.es\/noticias\/jovenes-de-guatemala-intercambiaran-experiencias-en-carreno\/","og:image":"https:\/\/candas365.es\/noticias\/wp-content\/uploads\/2015\/09\/aula.jpg","og:image:secure_url":"https:\/\/candas365.es\/noticias\/wp-content\/uploads\/2015\/09\/aula.jpg","og:image:width":655,"og:image:height":360,"article:published_time":"2018-11-21T23:39:14+00:00","article:modified_time":"2018-11-21T23:39:14+00:00","article:publisher":"https:\/\/www.facebook.com\/Nachofdezber","article:author":"https:\/\/www.facebook.com\/carrenoactualidad","twitter:card":"summary_large_image","twitter:site":"@NabercoDigital","twitter:title":"J\u00f3venes de Guatemala intercambiar\u00e1n experiencias en Carre\u00f1o | Cand\u00e1s 365","twitter:description":"A trav\u00e9s, de la ONG Seronda, durante este mes de noviembre, 5 j\u00f3venes de Guatemala, intercambiar\u00e1n experiencias y explicar\u00e1n en dos centros educativos del concejo de Carre\u00f1o el proyecto de cooperaci\u00f3n en el que participan y que est\u00e1 cofinanciado por el Ayuntamiento de Carre\u00f1o. En abril de 1997 ocho personas constituyen la Asociaci\u00f3n para la","twitter:creator":"@nbasturias","twitter:image":"https:\/\/candas365.es\/noticias\/wp-content\/uploads\/2015\/09\/aula.jpg","twitter:label1":"Escrito por","twitter:data1":"Cand\u00e1s 365","twitter:label2":"Tiempo de lectura estimado","twitter:data2":"4 minutos"},"aioseo_meta_data":{"post_id":"110387","title":null,"description":null,"keywords":null,"keyphrases":null,"primary_term":null,"canonical_url":null,"og_title":null,"og_description":null,"og_object_type":"default","og_image_type":"default","og_image_url":null,"og_image_width":null,"og_image_height":null,"og_image_custom_url":null,"og_image_custom_fields":null,"og_video":null,"og_custom_url":null,"og_article_section":null,"og_article_tags":null,"twitter_use_og":false,"twitter_card":"default","twitter_image_type":"default","twitter_image_url":null,"twitter_image_custom_url":null,"twitter_image_custom_fields":null,"twitter_title":null,"twitter_description":null,"schema":{"blockGraphs":[],"customGraphs":[],"default":{"data":{"Article":[],"Course":[],"Dataset":[],"FAQPage":[],"Movie":[],"Person":[],"Product":[],"ProductReview":[],"Car":[],"Recipe":[],"Service":[],"SoftwareApplication":[],"WebPage":[]},"graphName":"","isEnabled":true},"graphs":[],"defaultGraph":"","defaultPostTypeGraph":""},"schema_type":null,"schema_type_options":null,"pillar_content":false,"robots_default":true,"robots_noindex":false,"robots_noarchive":false,"robots_nosnippet":false,"robots_nofollow":false,"robots_noimageindex":false,"robots_noodp":false,"robots_notranslate":false,"robots_max_snippet":null,"robots_max_videopreview":null,"robots_max_imagepreview":"large","priority":null,"frequency":null,"location":null,"local_seo":null,"seo_analyzer_scan_date":"2025-08-28 12:30:12","breadcrumb_settings":null,"limit_modified_date":false,"reviewed_by":null,"open_ai":null,"ai":null,"created":"2020-12-21 11:38:38","updated":"2025-08-28 12:30:12"},"aioseo_breadcrumb":"<div class=\"aioseo-breadcrumbs\"><span class=\"aioseo-breadcrumb\">\n\t<a href=\"https:\/\/candas365.es\/noticias\" title=\"Home\">Home<\/a>\n<\/span><span class=\"aioseo-breadcrumb-separator\">&ndash;<\/span><span class=\"aioseo-breadcrumb\">\n\t<a href=\"https:\/\/candas365.es\/noticias\/category\/noticias-carreno\/\" title=\"Noticias Carre\u00f1o\">Noticias Carre\u00f1o<\/a>\n<\/span><span class=\"aioseo-breadcrumb-separator\">&ndash;<\/span><span class=\"aioseo-breadcrumb\">\n\tJ\u00f3venes de Guatemala intercambiar\u00e1n experiencias en Carre\u00f1o\n<\/span><\/div>","aioseo_breadcrumb_json":[{"label":"Home","link":"https:\/\/candas365.es\/noticias"},{"label":"Noticias Carre\u00f1o","link":"https:\/\/candas365.es\/noticias\/category\/noticias-carreno\/"},{"label":"J\u00f3venes de Guatemala intercambiar\u00e1n experiencias en Carre\u00f1o","link":"https:\/\/candas365.es\/noticias\/jovenes-de-guatemala-intercambiaran-experiencias-en-carreno\/"}],"_links":{"self":[{"href":"https:\/\/candas365.es\/noticias\/wp-json\/wp\/v2\/posts\/110387","targetHints":{"allow":["GET"]}}],"collection":[{"href":"https:\/\/candas365.es\/noticias\/wp-json\/wp\/v2\/posts"}],"about":[{"href":"https:\/\/candas365.es\/noticias\/wp-json\/wp\/v2\/types\/post"}],"author":[{"embeddable":true,"href":"https:\/\/candas365.es\/noticias\/wp-json\/wp\/v2\/users\/1"}],"replies":[{"embeddable":true,"href":"https:\/\/candas365.es\/noticias\/wp-json\/wp\/v2\/comments?post=110387"}],"version-history":[{"count":0,"href":"https:\/\/candas365.es\/noticias\/wp-json\/wp\/v2\/posts\/110387\/revisions"}],"wp:featuredmedia":[{"embeddable":true,"href":"https:\/\/candas365.es\/noticias\/wp-json\/wp\/v2\/media\/15610"}],"wp:attachment":[{"href":"https:\/\/candas365.es\/noticias\/wp-json\/wp\/v2\/media?parent=110387"}],"wp:term":[{"taxonomy":"category","embeddable":true,"href":"https:\/\/candas365.es\/noticias\/wp-json\/wp\/v2\/categories?post=110387"},{"taxonomy":"post_tag","embeddable":true,"href":"https:\/\/candas365.es\/noticias\/wp-json\/wp\/v2\/tags?post=110387"}],"curies":[{"name":"wp","href":"https:\/\/api.w.org\/{rel}","templated":true}]}}