{"id":110381,"date":"2018-11-21T22:20:46","date_gmt":"2018-11-21T22:20:46","guid":{"rendered":"http:\/\/candas365.es\/noticias\/?p=110381"},"modified":"2018-11-21T22:20:46","modified_gmt":"2018-11-21T22:20:46","slug":"empresarios-espanoles-en-cuba-la-visita-de-sanchez-genera-oportunidades","status":"publish","type":"post","link":"https:\/\/candas365.es\/noticias\/empresarios-espanoles-en-cuba-la-visita-de-sanchez-genera-oportunidades\/","title":{"rendered":"Empresarios espa\u00f1oles en Cuba: \u201cLa visita de S\u00e1nchez genera oportunidades\u201d"},"content":{"rendered":"<p><img fetchpriority=\"high\" decoding=\"async\" src=\"https:\/\/candas365.es\/noticias\/wp-content\/uploads\/2018\/04\/cuba-2766076_960_720-360x241.jpg\" alt=\"\" width=\"360\" height=\"241\" class=\"alignleft size-medium wp-image-94045\" srcset=\"https:\/\/candas365.es\/noticias\/wp-content\/uploads\/2018\/04\/cuba-2766076_960_720-360x241.jpg 360w, https:\/\/candas365.es\/noticias\/wp-content\/uploads\/2018\/04\/cuba-2766076_960_720-696x465.jpg 696w, https:\/\/candas365.es\/noticias\/wp-content\/uploads\/2018\/04\/cuba-2766076_960_720-628x420.jpg 628w, https:\/\/candas365.es\/noticias\/wp-content\/uploads\/2018\/04\/cuba-2766076_960_720-768x514.jpg 768w, https:\/\/candas365.es\/noticias\/wp-content\/uploads\/2018\/04\/cuba-2766076_960_720-655x438.jpg 655w, https:\/\/candas365.es\/noticias\/wp-content\/uploads\/2018\/04\/cuba-2766076_960_720.jpg 960w\" sizes=\"(max-width: 360px) 100vw, 360px\" \/>La Habana, 21 nov (dpa) &#8211; La hist\u00f3rica visita que el presidente del Gobierno de Espa\u00f1a, Pedro S\u00e1nchez, har\u00e1 a Cuba a partir de este jueves es considerada por los empresarios espa\u00f1oles en la isla como un respaldo pol\u00edtico al trabajo que llevan a cabo desde hace a\u00f1os y una oportunidad de relanzar el intercambio comercial.<\/p>\n<p>\u00abLa visita es importante porque genera posibilidades de nuevos cr\u00e9ditos y tambi\u00e9n da una mejor imagen de cara a que las grandes empresas espa\u00f1olas se establezcan en el pa\u00eds\u00bb, se\u00f1ala a dpa Xulio Fontecha, presidente de la Asociaci\u00f3n de Empresarios Espa\u00f1oles en Cuba (AEEC).<\/p>\n<p>Aunque las partes son muy cautas en dar datos, diversas fuentes implicadas cifran en alrededor de 300 millones de euros (unos 340 millones de d\u00f3lares) la cantidad acumulada por los impagos del Gobierno cubano a las empresas espa\u00f1olas por falta de liquidez.<\/p>\n<p>\u00abNo esperamos que con la visita del presidente se solucionen los problemas de liquidez, sabemos que cobraremos porque siempre nos han pagado cuando ha habido crisis y lo hemos sobrepasado\u00bb, dice el presidente de la AEEC. <\/p>\n<p>Otros pa\u00edses \u00abde la Uni\u00f3n Europea se nos han adelantado y han ocupado posiciones\u00bb en los \u00faltimos a\u00f1os en la isla, agrega Fontecha.<\/p>\n<p>Despu\u00e9s del hist\u00f3rico anuncio del deshielo entre Cuba y Estados Unidos a finales de 2014, el primer mandatario occidental en visitar La Habana fue el entonces presidente franc\u00e9s Fran\u00e7ois Hollande, quien consigui\u00f3 posicionar a multinacionales galas en sectores estrat\u00e9gicos de la construcci\u00f3n, la energ\u00eda o el transporte.<\/p>\n<p>La visita de Pedro S\u00e1nchez, de poco m\u00e1s de 24 horas, es la primera de un jefe de Gobierno espa\u00f1ol a la isla desde hace 32 a\u00f1os, cuando visit\u00f3 La Habana el tambi\u00e9n socialista Felipe Gonz\u00e1lez. <\/p>\n<p>\u00abEn un pa\u00eds como Cuba nos habr\u00eda venido bien no padecer la soledad que hemos padecido durante estos a\u00f1os\u00bb, indica Fontecha.<\/p>\n<p>Las exportaciones espa\u00f1olas a la isla socialista superan los 900 millones de euros al a\u00f1o, siendo Espa\u00f1a el tercer socio comercial de La Habana, tan solo superado por aliados pol\u00edticos como China y Venezuela, pero las relaciones pol\u00edticas han estado m\u00e1s fr\u00edas que las econ\u00f3micas.   <\/p>\n<p>La Asociaci\u00f3n de Empresarios Espa\u00f1oles en Cuba representa a 250 compa\u00f1\u00edas, especialmente de mediano y peque\u00f1o tama\u00f1o. \u00abSon empresas muy estables que llevan muchos a\u00f1os en Cuba y estamos muy implicados con el pa\u00eds\u00bb, explica Fontecha.<\/p>\n<p>Exceptuando las grandes cadenas hoteleras como Meli\u00e1 o Iberostar, o compa\u00f1\u00edas a\u00e9reas como Iberia o Air Europa, fuentes diplom\u00e1ticas espa\u00f1olas se\u00f1alaron a dpa la necesidad de tener en la isla una mayor presencia de las grandes multinacionales espa\u00f1olas algo que carece en la actualidad, una visi\u00f3n que comparten los empresarios ya asentados en la isla.<\/p>\n<p>\u00abCarecemos de potentes empresas bancarias, constructoras, energ\u00e9ticas o en el sector agroalimentario, que son clave para el futuro de Cuba y que Espa\u00f1a deber\u00eda estar ah\u00ed\u00bb, se\u00f1ala el presidente de la gremial empresarial espa\u00f1ola en Cuba.<\/p>\n<p>\u00abCuba es un mercado at\u00edpico, que hay que conocerlo y hay que respetarlo\u00bb, dice Fontecha, quien aconseja paciencia a las empresas interesadas en Cuba.  <\/p>\n<p>\u00abLas grandes empresas est\u00e1n acostumbradas a hacer negociaciones muy r\u00e1pidas y ejecutivas y no se adaptan o no quieren comprender las peculiaridades del sistema local\u00bb, agrega a modo de gu\u00eda para los interesados en hacer negocios con La Habana.<\/p>\n<p>La agenda de S\u00e1nchez incluye para el viernes un desayuno con los empresarios y tambi\u00e9n un foro bilateral <\/p>\n<p>Por Guillermo Nova (dpa)<\/p>\n","protected":false},"excerpt":{"rendered":"<p>La Habana, 21 nov (dpa) &#8211; La hist\u00f3rica visita que el presidente del Gobierno de Espa\u00f1a, Pedro S\u00e1nchez, har\u00e1 a Cuba a partir de este jueves es considerada por los empresarios espa\u00f1oles en la isla como un respaldo pol\u00edtico al trabajo que llevan a cabo desde hace a\u00f1os y una oportunidad de relanzar el intercambio<\/p>\n","protected":false},"author":1,"featured_media":94045,"comment_status":"closed","ping_status":"closed","sticky":false,"template":"","format":"standard","meta":{"footnotes":""},"categories":[343],"tags":[],"class_list":{"0":"post-110381","1":"post","2":"type-post","3":"status-publish","4":"format-standard","5":"has-post-thumbnail","7":"category-actualidad"},"aioseo_notices":[],"aioseo_head":"\n\t\t<!-- All in One SEO Pro 4.9.6.2 - aioseo.com -->\n\t<meta name=\"description\" content=\"La Habana, 21 nov (dpa) - La hist\u00f3rica visita que el presidente del Gobierno de Espa\u00f1a, Pedro S\u00e1nchez, har\u00e1 a Cuba a partir de este jueves es considerada por los empresarios espa\u00f1oles en la isla como un respaldo pol\u00edtico al trabajo que llevan a cabo desde hace a\u00f1os y una oportunidad de relanzar el intercambio\" \/>\n\t<meta name=\"robots\" content=\"max-image-preview:large\" \/>\n\t<meta name=\"author\" content=\"Cand\u00e1s 365\"\/>\n\t<meta name=\"google-site-verification\" content=\"UA-32230408-1\" \/>\n\t<meta name=\"msvalidate.01\" content=\"354F3CDFB2DA171B47FBE9ABF1F88D5\" \/>\n\t<meta name=\"keywords\" content=\"actualidad\" \/>\n\t<link rel=\"canonical\" href=\"https:\/\/candas365.es\/noticias\/empresarios-espanoles-en-cuba-la-visita-de-sanchez-genera-oportunidades\/\" \/>\n\t<meta name=\"generator\" content=\"All in One SEO Pro (AIOSEO) 4.9.6.2\" \/>\n\t\t<meta property=\"og:locale\" content=\"es_ES\" \/>\n\t\t<meta property=\"og:site_name\" content=\"Cand\u00e1s 365\" \/>\n\t\t<meta property=\"og:type\" content=\"article\" \/>\n\t\t<meta property=\"og:title\" content=\"Empresarios espa\u00f1oles en Cuba: \u201cLa visita de S\u00e1nchez genera oportunidades\u201d | Cand\u00e1s 365\" \/>\n\t\t<meta property=\"og:description\" content=\"La Habana, 21 nov (dpa) - La hist\u00f3rica visita que el presidente del Gobierno de Espa\u00f1a, Pedro S\u00e1nchez, har\u00e1 a Cuba a partir de este jueves es considerada por los empresarios espa\u00f1oles en la isla como un respaldo pol\u00edtico al trabajo que llevan a cabo desde hace a\u00f1os y una oportunidad de relanzar el intercambio\" \/>\n\t\t<meta property=\"og:url\" content=\"https:\/\/candas365.es\/noticias\/empresarios-espanoles-en-cuba-la-visita-de-sanchez-genera-oportunidades\/\" \/>\n\t\t<meta property=\"og:image\" content=\"https:\/\/candas365.es\/noticias\/wp-content\/uploads\/2018\/04\/cuba-2766076_960_720.jpg\" \/>\n\t\t<meta property=\"og:image:secure_url\" content=\"https:\/\/candas365.es\/noticias\/wp-content\/uploads\/2018\/04\/cuba-2766076_960_720.jpg\" \/>\n\t\t<meta property=\"og:image:width\" content=\"960\" \/>\n\t\t<meta property=\"og:image:height\" content=\"642\" \/>\n\t\t<meta property=\"article:published_time\" content=\"2018-11-21T22:20:46+00:00\" \/>\n\t\t<meta property=\"article:modified_time\" content=\"2018-11-21T22:20:46+00:00\" \/>\n\t\t<meta property=\"article:publisher\" content=\"https:\/\/www.facebook.com\/Nachofdezber\" \/>\n\t\t<meta property=\"article:author\" content=\"https:\/\/www.facebook.com\/carrenoactualidad\" \/>\n\t\t<meta name=\"twitter:card\" content=\"summary_large_image\" \/>\n\t\t<meta name=\"twitter:site\" content=\"@NabercoDigital\" \/>\n\t\t<meta name=\"twitter:title\" content=\"Empresarios espa\u00f1oles en Cuba: \u201cLa visita de S\u00e1nchez genera oportunidades\u201d | Cand\u00e1s 365\" \/>\n\t\t<meta name=\"twitter:description\" content=\"La Habana, 21 nov (dpa) - La hist\u00f3rica visita que el presidente del Gobierno de Espa\u00f1a, Pedro S\u00e1nchez, har\u00e1 a Cuba a partir de este jueves es considerada por los empresarios espa\u00f1oles en la isla como un respaldo pol\u00edtico al trabajo que llevan a cabo desde hace a\u00f1os y una oportunidad de relanzar el intercambio\" \/>\n\t\t<meta name=\"twitter:creator\" content=\"@nbasturias\" \/>\n\t\t<meta name=\"twitter:image\" content=\"https:\/\/candas365.es\/noticias\/wp-content\/uploads\/2018\/04\/cuba-2766076_960_720.jpg\" \/>\n\t\t<meta name=\"twitter:label1\" content=\"Escrito por\" \/>\n\t\t<meta name=\"twitter:data1\" content=\"Cand\u00e1s 365\" \/>\n\t\t<meta name=\"twitter:label2\" content=\"Tiempo de lectura estimado\" \/>\n\t\t<meta name=\"twitter:data2\" content=\"3 minutos\" \/>\n\t\t<script type=\"application\/ld+json\" class=\"aioseo-schema\">\n\t\t\t{\"@context\":\"https:\\\/\\\/schema.org\",\"@graph\":[{\"@type\":\"BreadcrumbList\",\"@id\":\"https:\\\/\\\/candas365.es\\\/noticias\\\/empresarios-espanoles-en-cuba-la-visita-de-sanchez-genera-oportunidades\\\/#breadcrumblist\",\"itemListElement\":[{\"@type\":\"ListItem\",\"@id\":\"https:\\\/\\\/candas365.es\\\/noticias#listItem\",\"position\":1,\"name\":\"Home\",\"item\":\"https:\\\/\\\/candas365.es\\\/noticias\",\"nextItem\":{\"@type\":\"ListItem\",\"@id\":\"https:\\\/\\\/candas365.es\\\/noticias\\\/category\\\/actualidad\\\/#listItem\",\"name\":\"Actualidad\"}},{\"@type\":\"ListItem\",\"@id\":\"https:\\\/\\\/candas365.es\\\/noticias\\\/category\\\/actualidad\\\/#listItem\",\"position\":2,\"name\":\"Actualidad\",\"item\":\"https:\\\/\\\/candas365.es\\\/noticias\\\/category\\\/actualidad\\\/\",\"nextItem\":{\"@type\":\"ListItem\",\"@id\":\"https:\\\/\\\/candas365.es\\\/noticias\\\/empresarios-espanoles-en-cuba-la-visita-de-sanchez-genera-oportunidades\\\/#listItem\",\"name\":\"Empresarios espa\\u00f1oles en Cuba: \\u201cLa visita de S\\u00e1nchez genera oportunidades\\u201d\"},\"previousItem\":{\"@type\":\"ListItem\",\"@id\":\"https:\\\/\\\/candas365.es\\\/noticias#listItem\",\"name\":\"Home\"}},{\"@type\":\"ListItem\",\"@id\":\"https:\\\/\\\/candas365.es\\\/noticias\\\/empresarios-espanoles-en-cuba-la-visita-de-sanchez-genera-oportunidades\\\/#listItem\",\"position\":3,\"name\":\"Empresarios espa\\u00f1oles en Cuba: \\u201cLa visita de S\\u00e1nchez genera oportunidades\\u201d\",\"previousItem\":{\"@type\":\"ListItem\",\"@id\":\"https:\\\/\\\/candas365.es\\\/noticias\\\/category\\\/actualidad\\\/#listItem\",\"name\":\"Actualidad\"}}]},{\"@type\":\"NewsArticle\",\"@id\":\"https:\\\/\\\/candas365.es\\\/noticias\\\/empresarios-espanoles-en-cuba-la-visita-de-sanchez-genera-oportunidades\\\/#newsarticle\",\"name\":\"Empresarios espa\\u00f1oles en Cuba: \\u201cLa visita de S\\u00e1nchez genera oportunidades\\u201d | Cand\\u00e1s 365\",\"headline\":\"Empresarios espa\\u00f1oles en Cuba: \\u201cLa visita de S\\u00e1nchez genera oportunidades\\u201d\",\"author\":{\"@id\":\"https:\\\/\\\/candas365.es\\\/noticias\\\/author\\\/admin\\\/#author\"},\"publisher\":{\"@id\":\"https:\\\/\\\/candas365.es\\\/noticias\\\/#organization\"},\"image\":{\"@type\":\"ImageObject\",\"url\":\"https:\\\/\\\/candas365.es\\\/noticias\\\/wp-content\\\/uploads\\\/2018\\\/04\\\/cuba-2766076_960_720.jpg\",\"width\":960,\"height\":642},\"datePublished\":\"2018-11-21T22:20:46+01:00\",\"dateModified\":\"2018-11-21T22:20:46+01:00\",\"inLanguage\":\"es-ES\",\"mainEntityOfPage\":{\"@id\":\"https:\\\/\\\/candas365.es\\\/noticias\\\/empresarios-espanoles-en-cuba-la-visita-de-sanchez-genera-oportunidades\\\/#webpage\"},\"isPartOf\":{\"@id\":\"https:\\\/\\\/candas365.es\\\/noticias\\\/empresarios-espanoles-en-cuba-la-visita-de-sanchez-genera-oportunidades\\\/#webpage\"},\"articleSection\":\"Actualidad\",\"dateline\":\"Publicado el noviembre 21, 2018.\"},{\"@type\":\"Organization\",\"@id\":\"https:\\\/\\\/candas365.es\\\/noticias\\\/#organization\",\"name\":\"Cand\\u00e1s 365\",\"description\":\"Cand\\u00e1s 365 es un diario digital independiente, fundado en 2012, con base en Asturias. Informamos con rigor sobre actualidad, sociedad, cultura y ocio, con una mirada local y global.\",\"url\":\"https:\\\/\\\/candas365.es\\\/noticias\\\/\",\"email\":\"info@candas365.es\",\"telephone\":\"+34652131393\",\"foundingDate\":\"2012-06-10\",\"logo\":{\"@type\":\"ImageObject\",\"url\":\"https:\\\/\\\/candas365.es\\\/noticias\\\/wp-content\\\/uploads\\\/2024\\\/09\\\/Candas-365-Redes.jpg\",\"@id\":\"https:\\\/\\\/candas365.es\\\/noticias\\\/empresarios-espanoles-en-cuba-la-visita-de-sanchez-genera-oportunidades\\\/#organizationLogo\",\"width\":1152,\"height\":864,\"caption\":\"Cand\\u00e1s 365 Redes\"},\"image\":{\"@id\":\"https:\\\/\\\/candas365.es\\\/noticias\\\/empresarios-espanoles-en-cuba-la-visita-de-sanchez-genera-oportunidades\\\/#organizationLogo\"},\"sameAs\":[\"https:\\\/\\\/www.facebook.com\\\/Nachofdezber\",\"https:\\\/\\\/x.com\\\/NabercoDigital\",\"https:\\\/\\\/www.instagram.com\\\/nachofdezber\\\/\",\"https:\\\/\\\/www.youtube.com\\\/channel\\\/UCZP-2wLEB9Rv6erhFmqVnvg\"],\"address\":{\"@id\":\"https:\\\/\\\/candas365.es\\\/noticias\\\/#postaladdress\",\"@type\":\"PostalAddress\",\"streetAddress\":\"san antonio 4, san antonio 4\",\"postalCode\":\"33430\",\"addressLocality\":\"Cand\\u00e1s\",\"addressRegion\":\"Asturias\",\"addressCountry\":\"ES\"}},{\"@type\":\"Person\",\"@id\":\"https:\\\/\\\/candas365.es\\\/noticias\\\/author\\\/admin\\\/#author\",\"url\":\"https:\\\/\\\/candas365.es\\\/noticias\\\/author\\\/admin\\\/\",\"name\":\"Cand\\u00e1s 365\",\"image\":{\"@type\":\"ImageObject\",\"@id\":\"https:\\\/\\\/candas365.es\\\/noticias\\\/empresarios-espanoles-en-cuba-la-visita-de-sanchez-genera-oportunidades\\\/#authorImage\",\"url\":\"https:\\\/\\\/secure.gravatar.com\\\/avatar\\\/496a8e03d0c493ede1718b7934145dbdf8d89be1036b0eec9544e1094c9de390?s=96&d=mm&r=g\",\"width\":96,\"height\":96,\"caption\":\"Cand\\u00e1s 365\"},\"sameAs\":[\"https:\\\/\\\/www.facebook.com\\\/carrenoactualidad\",\"https:\\\/\\\/twitter.com\\\/nbasturias\",\"https:\\\/\\\/www.instagram.com\\\/nachofdezber\\\/\",\"https:\\\/\\\/www.youtube.com\\\/channel\\\/UCZP-2wLEB9Rv6erhFmqVnvg\"]},{\"@type\":\"WebPage\",\"@id\":\"https:\\\/\\\/candas365.es\\\/noticias\\\/empresarios-espanoles-en-cuba-la-visita-de-sanchez-genera-oportunidades\\\/#webpage\",\"url\":\"https:\\\/\\\/candas365.es\\\/noticias\\\/empresarios-espanoles-en-cuba-la-visita-de-sanchez-genera-oportunidades\\\/\",\"name\":\"Empresarios espa\\u00f1oles en Cuba: \\u201cLa visita de S\\u00e1nchez genera oportunidades\\u201d | Cand\\u00e1s 365\",\"description\":\"La Habana, 21 nov (dpa) - La hist\\u00f3rica visita que el presidente del Gobierno de Espa\\u00f1a, Pedro S\\u00e1nchez, har\\u00e1 a Cuba a partir de este jueves es considerada por los empresarios espa\\u00f1oles en la isla como un respaldo pol\\u00edtico al trabajo que llevan a cabo desde hace a\\u00f1os y una oportunidad de relanzar el intercambio\",\"inLanguage\":\"es-ES\",\"isPartOf\":{\"@id\":\"https:\\\/\\\/candas365.es\\\/noticias\\\/#website\"},\"breadcrumb\":{\"@id\":\"https:\\\/\\\/candas365.es\\\/noticias\\\/empresarios-espanoles-en-cuba-la-visita-de-sanchez-genera-oportunidades\\\/#breadcrumblist\"},\"author\":{\"@id\":\"https:\\\/\\\/candas365.es\\\/noticias\\\/author\\\/admin\\\/#author\"},\"creator\":{\"@id\":\"https:\\\/\\\/candas365.es\\\/noticias\\\/author\\\/admin\\\/#author\"},\"image\":{\"@type\":\"ImageObject\",\"url\":\"https:\\\/\\\/candas365.es\\\/noticias\\\/wp-content\\\/uploads\\\/2018\\\/04\\\/cuba-2766076_960_720.jpg\",\"@id\":\"https:\\\/\\\/candas365.es\\\/noticias\\\/empresarios-espanoles-en-cuba-la-visita-de-sanchez-genera-oportunidades\\\/#mainImage\",\"width\":960,\"height\":642},\"primaryImageOfPage\":{\"@id\":\"https:\\\/\\\/candas365.es\\\/noticias\\\/empresarios-espanoles-en-cuba-la-visita-de-sanchez-genera-oportunidades\\\/#mainImage\"},\"datePublished\":\"2018-11-21T22:20:46+01:00\",\"dateModified\":\"2018-11-21T22:20:46+01:00\"},{\"@type\":\"WebSite\",\"@id\":\"https:\\\/\\\/candas365.es\\\/noticias\\\/#website\",\"url\":\"https:\\\/\\\/candas365.es\\\/noticias\\\/\",\"name\":\"Cand\\u00e1s 365\",\"alternateName\":\"Cand\\u00e1s 365 Noticias\",\"description\":\"Actualidad desde Carre\\u00f1o para el mundo\",\"inLanguage\":\"es-ES\",\"publisher\":{\"@id\":\"https:\\\/\\\/candas365.es\\\/noticias\\\/#organization\"}}]}\n\t\t<\/script>\n\t\t<!-- All in One SEO Pro -->\r\n\t\t<title>Empresarios espa\u00f1oles en Cuba: \u201cLa visita de S\u00e1nchez genera oportunidades\u201d | Cand\u00e1s 365<\/title>\n\n","aioseo_head_json":{"title":"Empresarios espa\u00f1oles en Cuba: \u201cLa visita de S\u00e1nchez genera oportunidades\u201d | Cand\u00e1s 365","description":"La Habana, 21 nov (dpa) - La hist\u00f3rica visita que el presidente del Gobierno de Espa\u00f1a, Pedro S\u00e1nchez, har\u00e1 a Cuba a partir de este jueves es considerada por los empresarios espa\u00f1oles en la isla como un respaldo pol\u00edtico al trabajo que llevan a cabo desde hace a\u00f1os y una oportunidad de relanzar el intercambio","canonical_url":"https:\/\/candas365.es\/noticias\/empresarios-espanoles-en-cuba-la-visita-de-sanchez-genera-oportunidades\/","robots":"max-image-preview:large","keywords":"actualidad","webmasterTools":{"google-site-verification":"UA-32230408-1","msvalidate.01":"354F3CDFB2DA171B47FBE9ABF1F88D5","miscellaneous":""},"schema":{"@context":"https:\/\/schema.org","@graph":[{"@type":"BreadcrumbList","@id":"https:\/\/candas365.es\/noticias\/empresarios-espanoles-en-cuba-la-visita-de-sanchez-genera-oportunidades\/#breadcrumblist","itemListElement":[{"@type":"ListItem","@id":"https:\/\/candas365.es\/noticias#listItem","position":1,"name":"Home","item":"https:\/\/candas365.es\/noticias","nextItem":{"@type":"ListItem","@id":"https:\/\/candas365.es\/noticias\/category\/actualidad\/#listItem","name":"Actualidad"}},{"@type":"ListItem","@id":"https:\/\/candas365.es\/noticias\/category\/actualidad\/#listItem","position":2,"name":"Actualidad","item":"https:\/\/candas365.es\/noticias\/category\/actualidad\/","nextItem":{"@type":"ListItem","@id":"https:\/\/candas365.es\/noticias\/empresarios-espanoles-en-cuba-la-visita-de-sanchez-genera-oportunidades\/#listItem","name":"Empresarios espa\u00f1oles en Cuba: \u201cLa visita de S\u00e1nchez genera oportunidades\u201d"},"previousItem":{"@type":"ListItem","@id":"https:\/\/candas365.es\/noticias#listItem","name":"Home"}},{"@type":"ListItem","@id":"https:\/\/candas365.es\/noticias\/empresarios-espanoles-en-cuba-la-visita-de-sanchez-genera-oportunidades\/#listItem","position":3,"name":"Empresarios espa\u00f1oles en Cuba: \u201cLa visita de S\u00e1nchez genera oportunidades\u201d","previousItem":{"@type":"ListItem","@id":"https:\/\/candas365.es\/noticias\/category\/actualidad\/#listItem","name":"Actualidad"}}]},{"@type":"NewsArticle","@id":"https:\/\/candas365.es\/noticias\/empresarios-espanoles-en-cuba-la-visita-de-sanchez-genera-oportunidades\/#newsarticle","name":"Empresarios espa\u00f1oles en Cuba: \u201cLa visita de S\u00e1nchez genera oportunidades\u201d | Cand\u00e1s 365","headline":"Empresarios espa\u00f1oles en Cuba: \u201cLa visita de S\u00e1nchez genera oportunidades\u201d","author":{"@id":"https:\/\/candas365.es\/noticias\/author\/admin\/#author"},"publisher":{"@id":"https:\/\/candas365.es\/noticias\/#organization"},"image":{"@type":"ImageObject","url":"https:\/\/candas365.es\/noticias\/wp-content\/uploads\/2018\/04\/cuba-2766076_960_720.jpg","width":960,"height":642},"datePublished":"2018-11-21T22:20:46+01:00","dateModified":"2018-11-21T22:20:46+01:00","inLanguage":"es-ES","mainEntityOfPage":{"@id":"https:\/\/candas365.es\/noticias\/empresarios-espanoles-en-cuba-la-visita-de-sanchez-genera-oportunidades\/#webpage"},"isPartOf":{"@id":"https:\/\/candas365.es\/noticias\/empresarios-espanoles-en-cuba-la-visita-de-sanchez-genera-oportunidades\/#webpage"},"articleSection":"Actualidad","dateline":"Publicado el noviembre 21, 2018."},{"@type":"Organization","@id":"https:\/\/candas365.es\/noticias\/#organization","name":"Cand\u00e1s 365","description":"Cand\u00e1s 365 es un diario digital independiente, fundado en 2012, con base en Asturias. Informamos con rigor sobre actualidad, sociedad, cultura y ocio, con una mirada local y global.","url":"https:\/\/candas365.es\/noticias\/","email":"info@candas365.es","telephone":"+34652131393","foundingDate":"2012-06-10","logo":{"@type":"ImageObject","url":"https:\/\/candas365.es\/noticias\/wp-content\/uploads\/2024\/09\/Candas-365-Redes.jpg","@id":"https:\/\/candas365.es\/noticias\/empresarios-espanoles-en-cuba-la-visita-de-sanchez-genera-oportunidades\/#organizationLogo","width":1152,"height":864,"caption":"Cand\u00e1s 365 Redes"},"image":{"@id":"https:\/\/candas365.es\/noticias\/empresarios-espanoles-en-cuba-la-visita-de-sanchez-genera-oportunidades\/#organizationLogo"},"sameAs":["https:\/\/www.facebook.com\/Nachofdezber","https:\/\/x.com\/NabercoDigital","https:\/\/www.instagram.com\/nachofdezber\/","https:\/\/www.youtube.com\/channel\/UCZP-2wLEB9Rv6erhFmqVnvg"],"address":{"@id":"https:\/\/candas365.es\/noticias\/#postaladdress","@type":"PostalAddress","streetAddress":"san antonio 4, san antonio 4","postalCode":"33430","addressLocality":"Cand\u00e1s","addressRegion":"Asturias","addressCountry":"ES"}},{"@type":"Person","@id":"https:\/\/candas365.es\/noticias\/author\/admin\/#author","url":"https:\/\/candas365.es\/noticias\/author\/admin\/","name":"Cand\u00e1s 365","image":{"@type":"ImageObject","@id":"https:\/\/candas365.es\/noticias\/empresarios-espanoles-en-cuba-la-visita-de-sanchez-genera-oportunidades\/#authorImage","url":"https:\/\/secure.gravatar.com\/avatar\/496a8e03d0c493ede1718b7934145dbdf8d89be1036b0eec9544e1094c9de390?s=96&d=mm&r=g","width":96,"height":96,"caption":"Cand\u00e1s 365"},"sameAs":["https:\/\/www.facebook.com\/carrenoactualidad","https:\/\/twitter.com\/nbasturias","https:\/\/www.instagram.com\/nachofdezber\/","https:\/\/www.youtube.com\/channel\/UCZP-2wLEB9Rv6erhFmqVnvg"]},{"@type":"WebPage","@id":"https:\/\/candas365.es\/noticias\/empresarios-espanoles-en-cuba-la-visita-de-sanchez-genera-oportunidades\/#webpage","url":"https:\/\/candas365.es\/noticias\/empresarios-espanoles-en-cuba-la-visita-de-sanchez-genera-oportunidades\/","name":"Empresarios espa\u00f1oles en Cuba: \u201cLa visita de S\u00e1nchez genera oportunidades\u201d | Cand\u00e1s 365","description":"La Habana, 21 nov (dpa) - La hist\u00f3rica visita que el presidente del Gobierno de Espa\u00f1a, Pedro S\u00e1nchez, har\u00e1 a Cuba a partir de este jueves es considerada por los empresarios espa\u00f1oles en la isla como un respaldo pol\u00edtico al trabajo que llevan a cabo desde hace a\u00f1os y una oportunidad de relanzar el intercambio","inLanguage":"es-ES","isPartOf":{"@id":"https:\/\/candas365.es\/noticias\/#website"},"breadcrumb":{"@id":"https:\/\/candas365.es\/noticias\/empresarios-espanoles-en-cuba-la-visita-de-sanchez-genera-oportunidades\/#breadcrumblist"},"author":{"@id":"https:\/\/candas365.es\/noticias\/author\/admin\/#author"},"creator":{"@id":"https:\/\/candas365.es\/noticias\/author\/admin\/#author"},"image":{"@type":"ImageObject","url":"https:\/\/candas365.es\/noticias\/wp-content\/uploads\/2018\/04\/cuba-2766076_960_720.jpg","@id":"https:\/\/candas365.es\/noticias\/empresarios-espanoles-en-cuba-la-visita-de-sanchez-genera-oportunidades\/#mainImage","width":960,"height":642},"primaryImageOfPage":{"@id":"https:\/\/candas365.es\/noticias\/empresarios-espanoles-en-cuba-la-visita-de-sanchez-genera-oportunidades\/#mainImage"},"datePublished":"2018-11-21T22:20:46+01:00","dateModified":"2018-11-21T22:20:46+01:00"},{"@type":"WebSite","@id":"https:\/\/candas365.es\/noticias\/#website","url":"https:\/\/candas365.es\/noticias\/","name":"Cand\u00e1s 365","alternateName":"Cand\u00e1s 365 Noticias","description":"Actualidad desde Carre\u00f1o para el mundo","inLanguage":"es-ES","publisher":{"@id":"https:\/\/candas365.es\/noticias\/#organization"}}]},"og:locale":"es_ES","og:site_name":"Cand\u00e1s 365","og:type":"article","og:title":"Empresarios espa\u00f1oles en Cuba: \u201cLa visita de S\u00e1nchez genera oportunidades\u201d | Cand\u00e1s 365","og:description":"La Habana, 21 nov (dpa) - La hist\u00f3rica visita que el presidente del Gobierno de Espa\u00f1a, Pedro S\u00e1nchez, har\u00e1 a Cuba a partir de este jueves es considerada por los empresarios espa\u00f1oles en la isla como un respaldo pol\u00edtico al trabajo que llevan a cabo desde hace a\u00f1os y una oportunidad de relanzar el intercambio","og:url":"https:\/\/candas365.es\/noticias\/empresarios-espanoles-en-cuba-la-visita-de-sanchez-genera-oportunidades\/","og:image":"https:\/\/candas365.es\/noticias\/wp-content\/uploads\/2018\/04\/cuba-2766076_960_720.jpg","og:image:secure_url":"https:\/\/candas365.es\/noticias\/wp-content\/uploads\/2018\/04\/cuba-2766076_960_720.jpg","og:image:width":960,"og:image:height":642,"article:published_time":"2018-11-21T22:20:46+00:00","article:modified_time":"2018-11-21T22:20:46+00:00","article:publisher":"https:\/\/www.facebook.com\/Nachofdezber","article:author":"https:\/\/www.facebook.com\/carrenoactualidad","twitter:card":"summary_large_image","twitter:site":"@NabercoDigital","twitter:title":"Empresarios espa\u00f1oles en Cuba: \u201cLa visita de S\u00e1nchez genera oportunidades\u201d | Cand\u00e1s 365","twitter:description":"La Habana, 21 nov (dpa) - La hist\u00f3rica visita que el presidente del Gobierno de Espa\u00f1a, Pedro S\u00e1nchez, har\u00e1 a Cuba a partir de este jueves es considerada por los empresarios espa\u00f1oles en la isla como un respaldo pol\u00edtico al trabajo que llevan a cabo desde hace a\u00f1os y una oportunidad de relanzar el intercambio","twitter:creator":"@nbasturias","twitter:image":"https:\/\/candas365.es\/noticias\/wp-content\/uploads\/2018\/04\/cuba-2766076_960_720.jpg","twitter:label1":"Escrito por","twitter:data1":"Cand\u00e1s 365","twitter:label2":"Tiempo de lectura estimado","twitter:data2":"3 minutos"},"aioseo_meta_data":{"post_id":"110381","title":null,"description":null,"keywords":null,"keyphrases":null,"primary_term":null,"canonical_url":null,"og_title":null,"og_description":null,"og_object_type":"default","og_image_type":"default","og_image_url":null,"og_image_width":null,"og_image_height":null,"og_image_custom_url":null,"og_image_custom_fields":null,"og_video":null,"og_custom_url":null,"og_article_section":null,"og_article_tags":null,"twitter_use_og":false,"twitter_card":"default","twitter_image_type":"default","twitter_image_url":null,"twitter_image_custom_url":null,"twitter_image_custom_fields":null,"twitter_title":null,"twitter_description":null,"schema":{"blockGraphs":[],"customGraphs":[],"default":{"data":{"Article":[],"Course":[],"Dataset":[],"FAQPage":[],"Movie":[],"Person":[],"Product":[],"ProductReview":[],"Car":[],"Recipe":[],"Service":[],"SoftwareApplication":[],"WebPage":[]},"graphName":"","isEnabled":true},"graphs":[]},"schema_type":null,"schema_type_options":null,"pillar_content":false,"robots_default":true,"robots_noindex":false,"robots_noarchive":false,"robots_nosnippet":false,"robots_nofollow":false,"robots_noimageindex":false,"robots_noodp":false,"robots_notranslate":false,"robots_max_snippet":null,"robots_max_videopreview":null,"robots_max_imagepreview":"large","priority":null,"frequency":null,"location":null,"local_seo":null,"seo_analyzer_scan_date":"2025-08-28 12:28:33","breadcrumb_settings":null,"limit_modified_date":false,"reviewed_by":null,"open_ai":null,"ai":null,"created":"2020-12-21 11:38:38","updated":"2025-08-28 12:28:33"},"aioseo_breadcrumb":"<div class=\"aioseo-breadcrumbs\"><span class=\"aioseo-breadcrumb\">\n\t<a href=\"https:\/\/candas365.es\/noticias\" title=\"Home\">Home<\/a>\n<\/span><span class=\"aioseo-breadcrumb-separator\">&ndash;<\/span><span class=\"aioseo-breadcrumb\">\n\t<a href=\"https:\/\/candas365.es\/noticias\/category\/actualidad\/\" title=\"Actualidad\">Actualidad<\/a>\n<\/span><span class=\"aioseo-breadcrumb-separator\">&ndash;<\/span><span class=\"aioseo-breadcrumb\">\n\tEmpresarios espa\u00f1oles en Cuba: \u201cLa visita de S\u00e1nchez genera oportunidades\u201d\n<\/span><\/div>","aioseo_breadcrumb_json":[{"label":"Home","link":"https:\/\/candas365.es\/noticias"},{"label":"Actualidad","link":"https:\/\/candas365.es\/noticias\/category\/actualidad\/"},{"label":"Empresarios espa\u00f1oles en Cuba: \u201cLa visita de S\u00e1nchez genera oportunidades\u201d","link":"https:\/\/candas365.es\/noticias\/empresarios-espanoles-en-cuba-la-visita-de-sanchez-genera-oportunidades\/"}],"_links":{"self":[{"href":"https:\/\/candas365.es\/noticias\/wp-json\/wp\/v2\/posts\/110381","targetHints":{"allow":["GET"]}}],"collection":[{"href":"https:\/\/candas365.es\/noticias\/wp-json\/wp\/v2\/posts"}],"about":[{"href":"https:\/\/candas365.es\/noticias\/wp-json\/wp\/v2\/types\/post"}],"author":[{"embeddable":true,"href":"https:\/\/candas365.es\/noticias\/wp-json\/wp\/v2\/users\/1"}],"replies":[{"embeddable":true,"href":"https:\/\/candas365.es\/noticias\/wp-json\/wp\/v2\/comments?post=110381"}],"version-history":[{"count":0,"href":"https:\/\/candas365.es\/noticias\/wp-json\/wp\/v2\/posts\/110381\/revisions"}],"wp:featuredmedia":[{"embeddable":true,"href":"https:\/\/candas365.es\/noticias\/wp-json\/wp\/v2\/media\/94045"}],"wp:attachment":[{"href":"https:\/\/candas365.es\/noticias\/wp-json\/wp\/v2\/media?parent=110381"}],"wp:term":[{"taxonomy":"category","embeddable":true,"href":"https:\/\/candas365.es\/noticias\/wp-json\/wp\/v2\/categories?post=110381"},{"taxonomy":"post_tag","embeddable":true,"href":"https:\/\/candas365.es\/noticias\/wp-json\/wp\/v2\/tags?post=110381"}],"curies":[{"name":"wp","href":"https:\/\/api.w.org\/{rel}","templated":true}]}}