{"id":110378,"date":"2018-11-21T21:56:09","date_gmt":"2018-11-21T21:56:09","guid":{"rendered":"http:\/\/candas365.es\/noticias\/?p=110378"},"modified":"2018-11-21T21:56:09","modified_gmt":"2018-11-21T21:56:09","slug":"un-ministro-israeli-llama-a-boicotear-a-la-plataforma-airbnb","status":"publish","type":"post","link":"https:\/\/candas365.es\/noticias\/un-ministro-israeli-llama-a-boicotear-a-la-plataforma-airbnb\/","title":{"rendered":"Un ministro israel\u00ed llama a boicotear a la plataforma Airbnb"},"content":{"rendered":"<p><img fetchpriority=\"high\" decoding=\"async\" class=\"alignleft size-medium wp-image-110379\" src=\"https:\/\/candas365.es\/noticias\/wp-content\/uploads\/2018\/11\/tel-aviv-2827030_960_720-360x217.jpg\" alt=\"\" width=\"360\" height=\"217\" srcset=\"https:\/\/candas365.es\/noticias\/wp-content\/uploads\/2018\/11\/tel-aviv-2827030_960_720-360x217.jpg 360w, https:\/\/candas365.es\/noticias\/wp-content\/uploads\/2018\/11\/tel-aviv-2827030_960_720-768x463.jpg 768w, https:\/\/candas365.es\/noticias\/wp-content\/uploads\/2018\/11\/tel-aviv-2827030_960_720-655x395.jpg 655w, https:\/\/candas365.es\/noticias\/wp-content\/uploads\/2018\/11\/tel-aviv-2827030_960_720-696x420.jpg 696w, https:\/\/candas365.es\/noticias\/wp-content\/uploads\/2018\/11\/tel-aviv-2827030_960_720.jpg 960w\" sizes=\"(max-width: 360px) 100vw, 360px\" \/>Tel Aviv, 21 nov (dpa) &#8211; Un ministro israel\u00ed llam\u00f3 hoy a boicotear la plataforma de alojamientos Airbnb, despu\u00e9s de que \u00e9sta retirara de su oferta las viviendas ubicadas en los asentamientos israel\u00edes en la Cisjordania ocupada.<\/p>\n<p>\u00abLlamamos a todos a quienes apoyan a Israel en el mundo a dejar de cooperar con Airbnb\u00bb, dijo Gilad Ergan, ministro de Cuestiones Estrat\u00e9gicas. \u00abNo los necesitamos\u00bb, a\u00f1adi\u00f3.<\/p>\n<p>Airbnb comunic\u00f3 el lunes que los asentamientos se encuentran \u00aben el centro de la disputa entre israel\u00edes y palestinos (&#8230;) Muchos en la comunidad internacional han se\u00f1alado que las empresas no deber\u00edan operar aqu\u00ed porque est\u00e1n convencidas de que no pueden hacer beneficios en regiones de las que se ha expulsado a gente\u00bb. La decisi\u00f3n afect\u00f3 a unos 200 alojamientos de la plataforma.<\/p>\n<p>Erdan considera que la decisi\u00f3n da\u00f1a \u00fanicamente a los palestinos y destruye posibilidades de empleo para las dos partes. \u00abLlamamos a recurrir solamente a (los servicios de) empresas que (&#8230;) no hayan tomado ninguna decisi\u00f3n bajo la presi\u00f3n de organizaciones de boicot antisemitas que est\u00e1n en contra la existencia del Estado jud\u00edo\u00bb.<\/p>\n<p>La decisi\u00f3n de Airbnb recibi\u00f3, sin embargo, la v\u00edspera el respaldo de la organizaci\u00f3n defensora de derechos humanos Human Rights Watch, alegando a su vez que los palestinos quedaban excluidos como clientes de las viviendas que la plataforma ofrec\u00eda en los asentamientos.<\/p>\n<p>Israel conquist\u00f3 Cisjordania y Jerusal\u00e9n oriental durante la Guerra de los Se\u00eds D\u00edas en 1967. Esa parte de la ciudad es reclamada por los palestinos como capital de un futuro Estado.<\/p>\n<p>Hoy en d\u00eda, unos 600.000 israel\u00edes viven en m\u00e1s de 200 asentamientos en ese territorio ocupado, cuya legalidad no reconoce la comunidad internacional. Adem\u00e1s, el Consejo de Seguridad de la ONU exigi\u00f3 en 2016 un cese total de la construcci\u00f3n o ampliaci\u00f3n de los asentamientos, considerados una violaci\u00f3n del derecho internacional y un gran obst\u00e1culo para la paz en Cercano Oriente.<\/p>\n","protected":false},"excerpt":{"rendered":"<p>Tel Aviv, 21 nov (dpa) &#8211; Un ministro israel\u00ed llam\u00f3 hoy a boicotear la plataforma de alojamientos Airbnb, despu\u00e9s de que \u00e9sta retirara de su oferta las viviendas ubicadas en los asentamientos israel\u00edes en la Cisjordania ocupada. \u00abLlamamos a todos a quienes apoyan a Israel en el mundo a dejar de cooperar con Airbnb\u00bb, dijo<\/p>\n","protected":false},"author":1,"featured_media":110379,"comment_status":"closed","ping_status":"closed","sticky":false,"template":"","format":"standard","meta":{"footnotes":""},"categories":[343],"tags":[],"class_list":{"0":"post-110378","1":"post","2":"type-post","3":"status-publish","4":"format-standard","5":"has-post-thumbnail","7":"category-actualidad"},"aioseo_notices":[],"aioseo_head":"\n\t\t<!-- All in One SEO Pro 4.9.6.2 - aioseo.com -->\n\t<meta name=\"description\" content=\"Tel Aviv, 21 nov (dpa) - Un ministro israel\u00ed llam\u00f3 hoy a boicotear la plataforma de alojamientos Airbnb, despu\u00e9s de que \u00e9sta retirara de su oferta las viviendas ubicadas en los asentamientos israel\u00edes en la Cisjordania ocupada. &quot;Llamamos a todos a quienes apoyan a Israel en el mundo a dejar de cooperar con Airbnb&quot;, dijo\" \/>\n\t<meta name=\"robots\" content=\"max-image-preview:large\" \/>\n\t<meta name=\"author\" content=\"Cand\u00e1s 365\"\/>\n\t<meta name=\"google-site-verification\" content=\"UA-32230408-1\" \/>\n\t<meta name=\"msvalidate.01\" content=\"354F3CDFB2DA171B47FBE9ABF1F88D5\" \/>\n\t<meta name=\"keywords\" content=\"actualidad\" \/>\n\t<link rel=\"canonical\" href=\"https:\/\/candas365.es\/noticias\/un-ministro-israeli-llama-a-boicotear-a-la-plataforma-airbnb\/\" \/>\n\t<meta name=\"generator\" content=\"All in One SEO Pro (AIOSEO) 4.9.6.2\" \/>\n\t\t<meta property=\"og:locale\" content=\"es_ES\" \/>\n\t\t<meta property=\"og:site_name\" content=\"Cand\u00e1s 365\" \/>\n\t\t<meta property=\"og:type\" content=\"article\" \/>\n\t\t<meta property=\"og:title\" content=\"Un ministro israel\u00ed llama a boicotear a la plataforma Airbnb | Cand\u00e1s 365\" \/>\n\t\t<meta property=\"og:description\" content=\"Tel Aviv, 21 nov (dpa) - Un ministro israel\u00ed llam\u00f3 hoy a boicotear la plataforma de alojamientos Airbnb, despu\u00e9s de que \u00e9sta retirara de su oferta las viviendas ubicadas en los asentamientos israel\u00edes en la Cisjordania ocupada. &quot;Llamamos a todos a quienes apoyan a Israel en el mundo a dejar de cooperar con Airbnb&quot;, dijo\" \/>\n\t\t<meta property=\"og:url\" content=\"https:\/\/candas365.es\/noticias\/un-ministro-israeli-llama-a-boicotear-a-la-plataforma-airbnb\/\" \/>\n\t\t<meta property=\"og:image\" content=\"https:\/\/candas365.es\/noticias\/wp-content\/uploads\/2018\/11\/tel-aviv-2827030_960_720.jpg\" \/>\n\t\t<meta property=\"og:image:secure_url\" content=\"https:\/\/candas365.es\/noticias\/wp-content\/uploads\/2018\/11\/tel-aviv-2827030_960_720.jpg\" \/>\n\t\t<meta property=\"og:image:width\" content=\"960\" \/>\n\t\t<meta property=\"og:image:height\" content=\"579\" \/>\n\t\t<meta property=\"article:published_time\" content=\"2018-11-21T21:56:09+00:00\" \/>\n\t\t<meta property=\"article:modified_time\" content=\"2018-11-21T21:56:09+00:00\" \/>\n\t\t<meta property=\"article:publisher\" content=\"https:\/\/www.facebook.com\/Nachofdezber\" \/>\n\t\t<meta property=\"article:author\" content=\"https:\/\/www.facebook.com\/carrenoactualidad\" \/>\n\t\t<meta name=\"twitter:card\" content=\"summary_large_image\" \/>\n\t\t<meta name=\"twitter:site\" content=\"@NabercoDigital\" \/>\n\t\t<meta name=\"twitter:title\" content=\"Un ministro israel\u00ed llama a boicotear a la plataforma Airbnb | Cand\u00e1s 365\" \/>\n\t\t<meta name=\"twitter:description\" content=\"Tel Aviv, 21 nov (dpa) - Un ministro israel\u00ed llam\u00f3 hoy a boicotear la plataforma de alojamientos Airbnb, despu\u00e9s de que \u00e9sta retirara de su oferta las viviendas ubicadas en los asentamientos israel\u00edes en la Cisjordania ocupada. &quot;Llamamos a todos a quienes apoyan a Israel en el mundo a dejar de cooperar con Airbnb&quot;, dijo\" \/>\n\t\t<meta name=\"twitter:creator\" content=\"@nbasturias\" \/>\n\t\t<meta name=\"twitter:image\" content=\"https:\/\/candas365.es\/noticias\/wp-content\/uploads\/2018\/11\/tel-aviv-2827030_960_720.jpg\" \/>\n\t\t<meta name=\"twitter:label1\" content=\"Escrito por\" \/>\n\t\t<meta name=\"twitter:data1\" content=\"Cand\u00e1s 365\" \/>\n\t\t<meta name=\"twitter:label2\" content=\"Tiempo de lectura estimado\" \/>\n\t\t<meta name=\"twitter:data2\" content=\"2 minutos\" \/>\n\t\t<script type=\"application\/ld+json\" class=\"aioseo-schema\">\n\t\t\t{\"@context\":\"https:\\\/\\\/schema.org\",\"@graph\":[{\"@type\":\"BreadcrumbList\",\"@id\":\"https:\\\/\\\/candas365.es\\\/noticias\\\/un-ministro-israeli-llama-a-boicotear-a-la-plataforma-airbnb\\\/#breadcrumblist\",\"itemListElement\":[{\"@type\":\"ListItem\",\"@id\":\"https:\\\/\\\/candas365.es\\\/noticias#listItem\",\"position\":1,\"name\":\"Home\",\"item\":\"https:\\\/\\\/candas365.es\\\/noticias\",\"nextItem\":{\"@type\":\"ListItem\",\"@id\":\"https:\\\/\\\/candas365.es\\\/noticias\\\/category\\\/actualidad\\\/#listItem\",\"name\":\"Actualidad\"}},{\"@type\":\"ListItem\",\"@id\":\"https:\\\/\\\/candas365.es\\\/noticias\\\/category\\\/actualidad\\\/#listItem\",\"position\":2,\"name\":\"Actualidad\",\"item\":\"https:\\\/\\\/candas365.es\\\/noticias\\\/category\\\/actualidad\\\/\",\"nextItem\":{\"@type\":\"ListItem\",\"@id\":\"https:\\\/\\\/candas365.es\\\/noticias\\\/un-ministro-israeli-llama-a-boicotear-a-la-plataforma-airbnb\\\/#listItem\",\"name\":\"Un ministro israel\\u00ed llama a boicotear a la plataforma Airbnb\"},\"previousItem\":{\"@type\":\"ListItem\",\"@id\":\"https:\\\/\\\/candas365.es\\\/noticias#listItem\",\"name\":\"Home\"}},{\"@type\":\"ListItem\",\"@id\":\"https:\\\/\\\/candas365.es\\\/noticias\\\/un-ministro-israeli-llama-a-boicotear-a-la-plataforma-airbnb\\\/#listItem\",\"position\":3,\"name\":\"Un ministro israel\\u00ed llama a boicotear a la plataforma Airbnb\",\"previousItem\":{\"@type\":\"ListItem\",\"@id\":\"https:\\\/\\\/candas365.es\\\/noticias\\\/category\\\/actualidad\\\/#listItem\",\"name\":\"Actualidad\"}}]},{\"@type\":\"NewsArticle\",\"@id\":\"https:\\\/\\\/candas365.es\\\/noticias\\\/un-ministro-israeli-llama-a-boicotear-a-la-plataforma-airbnb\\\/#newsarticle\",\"name\":\"Un ministro israel\\u00ed llama a boicotear a la plataforma Airbnb | Cand\\u00e1s 365\",\"headline\":\"Un ministro israel\\u00ed llama a boicotear a la plataforma Airbnb\",\"author\":{\"@id\":\"https:\\\/\\\/candas365.es\\\/noticias\\\/author\\\/admin\\\/#author\"},\"publisher\":{\"@id\":\"https:\\\/\\\/candas365.es\\\/noticias\\\/#organization\"},\"image\":{\"@type\":\"ImageObject\",\"url\":\"https:\\\/\\\/candas365.es\\\/noticias\\\/wp-content\\\/uploads\\\/2018\\\/11\\\/tel-aviv-2827030_960_720.jpg\",\"width\":960,\"height\":579},\"datePublished\":\"2018-11-21T21:56:09+01:00\",\"dateModified\":\"2018-11-21T21:56:09+01:00\",\"inLanguage\":\"es-ES\",\"mainEntityOfPage\":{\"@id\":\"https:\\\/\\\/candas365.es\\\/noticias\\\/un-ministro-israeli-llama-a-boicotear-a-la-plataforma-airbnb\\\/#webpage\"},\"isPartOf\":{\"@id\":\"https:\\\/\\\/candas365.es\\\/noticias\\\/un-ministro-israeli-llama-a-boicotear-a-la-plataforma-airbnb\\\/#webpage\"},\"articleSection\":\"Actualidad\",\"dateline\":\"Publicado el noviembre 21, 2018.\"},{\"@type\":\"Organization\",\"@id\":\"https:\\\/\\\/candas365.es\\\/noticias\\\/#organization\",\"name\":\"Cand\\u00e1s 365\",\"description\":\"Cand\\u00e1s 365 es un diario digital independiente, fundado en 2012, con base en Asturias. Informamos con rigor sobre actualidad, sociedad, cultura y ocio, con una mirada local y global.\",\"url\":\"https:\\\/\\\/candas365.es\\\/noticias\\\/\",\"email\":\"info@candas365.es\",\"telephone\":\"+34652131393\",\"foundingDate\":\"2012-06-10\",\"logo\":{\"@type\":\"ImageObject\",\"url\":\"https:\\\/\\\/candas365.es\\\/noticias\\\/wp-content\\\/uploads\\\/2024\\\/09\\\/Candas-365-Redes.jpg\",\"@id\":\"https:\\\/\\\/candas365.es\\\/noticias\\\/un-ministro-israeli-llama-a-boicotear-a-la-plataforma-airbnb\\\/#organizationLogo\",\"width\":1152,\"height\":864,\"caption\":\"Cand\\u00e1s 365 Redes\"},\"image\":{\"@id\":\"https:\\\/\\\/candas365.es\\\/noticias\\\/un-ministro-israeli-llama-a-boicotear-a-la-plataforma-airbnb\\\/#organizationLogo\"},\"sameAs\":[\"https:\\\/\\\/www.facebook.com\\\/Nachofdezber\",\"https:\\\/\\\/x.com\\\/NabercoDigital\",\"https:\\\/\\\/www.instagram.com\\\/nachofdezber\\\/\",\"https:\\\/\\\/www.youtube.com\\\/channel\\\/UCZP-2wLEB9Rv6erhFmqVnvg\"],\"address\":{\"@id\":\"https:\\\/\\\/candas365.es\\\/noticias\\\/#postaladdress\",\"@type\":\"PostalAddress\",\"streetAddress\":\"san antonio 4, san antonio 4\",\"postalCode\":\"33430\",\"addressLocality\":\"Cand\\u00e1s\",\"addressRegion\":\"Asturias\",\"addressCountry\":\"ES\"}},{\"@type\":\"Person\",\"@id\":\"https:\\\/\\\/candas365.es\\\/noticias\\\/author\\\/admin\\\/#author\",\"url\":\"https:\\\/\\\/candas365.es\\\/noticias\\\/author\\\/admin\\\/\",\"name\":\"Cand\\u00e1s 365\",\"image\":{\"@type\":\"ImageObject\",\"@id\":\"https:\\\/\\\/candas365.es\\\/noticias\\\/un-ministro-israeli-llama-a-boicotear-a-la-plataforma-airbnb\\\/#authorImage\",\"url\":\"https:\\\/\\\/secure.gravatar.com\\\/avatar\\\/496a8e03d0c493ede1718b7934145dbdf8d89be1036b0eec9544e1094c9de390?s=96&d=mm&r=g\",\"width\":96,\"height\":96,\"caption\":\"Cand\\u00e1s 365\"},\"sameAs\":[\"https:\\\/\\\/www.facebook.com\\\/carrenoactualidad\",\"https:\\\/\\\/twitter.com\\\/nbasturias\",\"https:\\\/\\\/www.instagram.com\\\/nachofdezber\\\/\",\"https:\\\/\\\/www.youtube.com\\\/channel\\\/UCZP-2wLEB9Rv6erhFmqVnvg\"]},{\"@type\":\"WebPage\",\"@id\":\"https:\\\/\\\/candas365.es\\\/noticias\\\/un-ministro-israeli-llama-a-boicotear-a-la-plataforma-airbnb\\\/#webpage\",\"url\":\"https:\\\/\\\/candas365.es\\\/noticias\\\/un-ministro-israeli-llama-a-boicotear-a-la-plataforma-airbnb\\\/\",\"name\":\"Un ministro israel\\u00ed llama a boicotear a la plataforma Airbnb | Cand\\u00e1s 365\",\"description\":\"Tel Aviv, 21 nov (dpa) - Un ministro israel\\u00ed llam\\u00f3 hoy a boicotear la plataforma de alojamientos Airbnb, despu\\u00e9s de que \\u00e9sta retirara de su oferta las viviendas ubicadas en los asentamientos israel\\u00edes en la Cisjordania ocupada. \\\"Llamamos a todos a quienes apoyan a Israel en el mundo a dejar de cooperar con Airbnb\\\", dijo\",\"inLanguage\":\"es-ES\",\"isPartOf\":{\"@id\":\"https:\\\/\\\/candas365.es\\\/noticias\\\/#website\"},\"breadcrumb\":{\"@id\":\"https:\\\/\\\/candas365.es\\\/noticias\\\/un-ministro-israeli-llama-a-boicotear-a-la-plataforma-airbnb\\\/#breadcrumblist\"},\"author\":{\"@id\":\"https:\\\/\\\/candas365.es\\\/noticias\\\/author\\\/admin\\\/#author\"},\"creator\":{\"@id\":\"https:\\\/\\\/candas365.es\\\/noticias\\\/author\\\/admin\\\/#author\"},\"image\":{\"@type\":\"ImageObject\",\"url\":\"https:\\\/\\\/candas365.es\\\/noticias\\\/wp-content\\\/uploads\\\/2018\\\/11\\\/tel-aviv-2827030_960_720.jpg\",\"@id\":\"https:\\\/\\\/candas365.es\\\/noticias\\\/un-ministro-israeli-llama-a-boicotear-a-la-plataforma-airbnb\\\/#mainImage\",\"width\":960,\"height\":579},\"primaryImageOfPage\":{\"@id\":\"https:\\\/\\\/candas365.es\\\/noticias\\\/un-ministro-israeli-llama-a-boicotear-a-la-plataforma-airbnb\\\/#mainImage\"},\"datePublished\":\"2018-11-21T21:56:09+01:00\",\"dateModified\":\"2018-11-21T21:56:09+01:00\"},{\"@type\":\"WebSite\",\"@id\":\"https:\\\/\\\/candas365.es\\\/noticias\\\/#website\",\"url\":\"https:\\\/\\\/candas365.es\\\/noticias\\\/\",\"name\":\"Cand\\u00e1s 365\",\"alternateName\":\"Cand\\u00e1s 365 Noticias\",\"description\":\"Actualidad desde Carre\\u00f1o para el mundo\",\"inLanguage\":\"es-ES\",\"publisher\":{\"@id\":\"https:\\\/\\\/candas365.es\\\/noticias\\\/#organization\"}}]}\n\t\t<\/script>\n\t\t<!-- All in One SEO Pro -->\r\n\t\t<title>Un ministro israel\u00ed llama a boicotear a la plataforma Airbnb | Cand\u00e1s 365<\/title>\n\n","aioseo_head_json":{"title":"Un ministro israel\u00ed llama a boicotear a la plataforma Airbnb | Cand\u00e1s 365","description":"Tel Aviv, 21 nov (dpa) - Un ministro israel\u00ed llam\u00f3 hoy a boicotear la plataforma de alojamientos Airbnb, despu\u00e9s de que \u00e9sta retirara de su oferta las viviendas ubicadas en los asentamientos israel\u00edes en la Cisjordania ocupada. \"Llamamos a todos a quienes apoyan a Israel en el mundo a dejar de cooperar con Airbnb\", dijo","canonical_url":"https:\/\/candas365.es\/noticias\/un-ministro-israeli-llama-a-boicotear-a-la-plataforma-airbnb\/","robots":"max-image-preview:large","keywords":"actualidad","webmasterTools":{"google-site-verification":"UA-32230408-1","msvalidate.01":"354F3CDFB2DA171B47FBE9ABF1F88D5","miscellaneous":""},"schema":{"@context":"https:\/\/schema.org","@graph":[{"@type":"BreadcrumbList","@id":"https:\/\/candas365.es\/noticias\/un-ministro-israeli-llama-a-boicotear-a-la-plataforma-airbnb\/#breadcrumblist","itemListElement":[{"@type":"ListItem","@id":"https:\/\/candas365.es\/noticias#listItem","position":1,"name":"Home","item":"https:\/\/candas365.es\/noticias","nextItem":{"@type":"ListItem","@id":"https:\/\/candas365.es\/noticias\/category\/actualidad\/#listItem","name":"Actualidad"}},{"@type":"ListItem","@id":"https:\/\/candas365.es\/noticias\/category\/actualidad\/#listItem","position":2,"name":"Actualidad","item":"https:\/\/candas365.es\/noticias\/category\/actualidad\/","nextItem":{"@type":"ListItem","@id":"https:\/\/candas365.es\/noticias\/un-ministro-israeli-llama-a-boicotear-a-la-plataforma-airbnb\/#listItem","name":"Un ministro israel\u00ed llama a boicotear a la plataforma Airbnb"},"previousItem":{"@type":"ListItem","@id":"https:\/\/candas365.es\/noticias#listItem","name":"Home"}},{"@type":"ListItem","@id":"https:\/\/candas365.es\/noticias\/un-ministro-israeli-llama-a-boicotear-a-la-plataforma-airbnb\/#listItem","position":3,"name":"Un ministro israel\u00ed llama a boicotear a la plataforma Airbnb","previousItem":{"@type":"ListItem","@id":"https:\/\/candas365.es\/noticias\/category\/actualidad\/#listItem","name":"Actualidad"}}]},{"@type":"NewsArticle","@id":"https:\/\/candas365.es\/noticias\/un-ministro-israeli-llama-a-boicotear-a-la-plataforma-airbnb\/#newsarticle","name":"Un ministro israel\u00ed llama a boicotear a la plataforma Airbnb | Cand\u00e1s 365","headline":"Un ministro israel\u00ed llama a boicotear a la plataforma Airbnb","author":{"@id":"https:\/\/candas365.es\/noticias\/author\/admin\/#author"},"publisher":{"@id":"https:\/\/candas365.es\/noticias\/#organization"},"image":{"@type":"ImageObject","url":"https:\/\/candas365.es\/noticias\/wp-content\/uploads\/2018\/11\/tel-aviv-2827030_960_720.jpg","width":960,"height":579},"datePublished":"2018-11-21T21:56:09+01:00","dateModified":"2018-11-21T21:56:09+01:00","inLanguage":"es-ES","mainEntityOfPage":{"@id":"https:\/\/candas365.es\/noticias\/un-ministro-israeli-llama-a-boicotear-a-la-plataforma-airbnb\/#webpage"},"isPartOf":{"@id":"https:\/\/candas365.es\/noticias\/un-ministro-israeli-llama-a-boicotear-a-la-plataforma-airbnb\/#webpage"},"articleSection":"Actualidad","dateline":"Publicado el noviembre 21, 2018."},{"@type":"Organization","@id":"https:\/\/candas365.es\/noticias\/#organization","name":"Cand\u00e1s 365","description":"Cand\u00e1s 365 es un diario digital independiente, fundado en 2012, con base en Asturias. Informamos con rigor sobre actualidad, sociedad, cultura y ocio, con una mirada local y global.","url":"https:\/\/candas365.es\/noticias\/","email":"info@candas365.es","telephone":"+34652131393","foundingDate":"2012-06-10","logo":{"@type":"ImageObject","url":"https:\/\/candas365.es\/noticias\/wp-content\/uploads\/2024\/09\/Candas-365-Redes.jpg","@id":"https:\/\/candas365.es\/noticias\/un-ministro-israeli-llama-a-boicotear-a-la-plataforma-airbnb\/#organizationLogo","width":1152,"height":864,"caption":"Cand\u00e1s 365 Redes"},"image":{"@id":"https:\/\/candas365.es\/noticias\/un-ministro-israeli-llama-a-boicotear-a-la-plataforma-airbnb\/#organizationLogo"},"sameAs":["https:\/\/www.facebook.com\/Nachofdezber","https:\/\/x.com\/NabercoDigital","https:\/\/www.instagram.com\/nachofdezber\/","https:\/\/www.youtube.com\/channel\/UCZP-2wLEB9Rv6erhFmqVnvg"],"address":{"@id":"https:\/\/candas365.es\/noticias\/#postaladdress","@type":"PostalAddress","streetAddress":"san antonio 4, san antonio 4","postalCode":"33430","addressLocality":"Cand\u00e1s","addressRegion":"Asturias","addressCountry":"ES"}},{"@type":"Person","@id":"https:\/\/candas365.es\/noticias\/author\/admin\/#author","url":"https:\/\/candas365.es\/noticias\/author\/admin\/","name":"Cand\u00e1s 365","image":{"@type":"ImageObject","@id":"https:\/\/candas365.es\/noticias\/un-ministro-israeli-llama-a-boicotear-a-la-plataforma-airbnb\/#authorImage","url":"https:\/\/secure.gravatar.com\/avatar\/496a8e03d0c493ede1718b7934145dbdf8d89be1036b0eec9544e1094c9de390?s=96&d=mm&r=g","width":96,"height":96,"caption":"Cand\u00e1s 365"},"sameAs":["https:\/\/www.facebook.com\/carrenoactualidad","https:\/\/twitter.com\/nbasturias","https:\/\/www.instagram.com\/nachofdezber\/","https:\/\/www.youtube.com\/channel\/UCZP-2wLEB9Rv6erhFmqVnvg"]},{"@type":"WebPage","@id":"https:\/\/candas365.es\/noticias\/un-ministro-israeli-llama-a-boicotear-a-la-plataforma-airbnb\/#webpage","url":"https:\/\/candas365.es\/noticias\/un-ministro-israeli-llama-a-boicotear-a-la-plataforma-airbnb\/","name":"Un ministro israel\u00ed llama a boicotear a la plataforma Airbnb | Cand\u00e1s 365","description":"Tel Aviv, 21 nov (dpa) - Un ministro israel\u00ed llam\u00f3 hoy a boicotear la plataforma de alojamientos Airbnb, despu\u00e9s de que \u00e9sta retirara de su oferta las viviendas ubicadas en los asentamientos israel\u00edes en la Cisjordania ocupada. \"Llamamos a todos a quienes apoyan a Israel en el mundo a dejar de cooperar con Airbnb\", dijo","inLanguage":"es-ES","isPartOf":{"@id":"https:\/\/candas365.es\/noticias\/#website"},"breadcrumb":{"@id":"https:\/\/candas365.es\/noticias\/un-ministro-israeli-llama-a-boicotear-a-la-plataforma-airbnb\/#breadcrumblist"},"author":{"@id":"https:\/\/candas365.es\/noticias\/author\/admin\/#author"},"creator":{"@id":"https:\/\/candas365.es\/noticias\/author\/admin\/#author"},"image":{"@type":"ImageObject","url":"https:\/\/candas365.es\/noticias\/wp-content\/uploads\/2018\/11\/tel-aviv-2827030_960_720.jpg","@id":"https:\/\/candas365.es\/noticias\/un-ministro-israeli-llama-a-boicotear-a-la-plataforma-airbnb\/#mainImage","width":960,"height":579},"primaryImageOfPage":{"@id":"https:\/\/candas365.es\/noticias\/un-ministro-israeli-llama-a-boicotear-a-la-plataforma-airbnb\/#mainImage"},"datePublished":"2018-11-21T21:56:09+01:00","dateModified":"2018-11-21T21:56:09+01:00"},{"@type":"WebSite","@id":"https:\/\/candas365.es\/noticias\/#website","url":"https:\/\/candas365.es\/noticias\/","name":"Cand\u00e1s 365","alternateName":"Cand\u00e1s 365 Noticias","description":"Actualidad desde Carre\u00f1o para el mundo","inLanguage":"es-ES","publisher":{"@id":"https:\/\/candas365.es\/noticias\/#organization"}}]},"og:locale":"es_ES","og:site_name":"Cand\u00e1s 365","og:type":"article","og:title":"Un ministro israel\u00ed llama a boicotear a la plataforma Airbnb | Cand\u00e1s 365","og:description":"Tel Aviv, 21 nov (dpa) - Un ministro israel\u00ed llam\u00f3 hoy a boicotear la plataforma de alojamientos Airbnb, despu\u00e9s de que \u00e9sta retirara de su oferta las viviendas ubicadas en los asentamientos israel\u00edes en la Cisjordania ocupada. &quot;Llamamos a todos a quienes apoyan a Israel en el mundo a dejar de cooperar con Airbnb&quot;, dijo","og:url":"https:\/\/candas365.es\/noticias\/un-ministro-israeli-llama-a-boicotear-a-la-plataforma-airbnb\/","og:image":"https:\/\/candas365.es\/noticias\/wp-content\/uploads\/2018\/11\/tel-aviv-2827030_960_720.jpg","og:image:secure_url":"https:\/\/candas365.es\/noticias\/wp-content\/uploads\/2018\/11\/tel-aviv-2827030_960_720.jpg","og:image:width":960,"og:image:height":579,"article:published_time":"2018-11-21T21:56:09+00:00","article:modified_time":"2018-11-21T21:56:09+00:00","article:publisher":"https:\/\/www.facebook.com\/Nachofdezber","article:author":"https:\/\/www.facebook.com\/carrenoactualidad","twitter:card":"summary_large_image","twitter:site":"@NabercoDigital","twitter:title":"Un ministro israel\u00ed llama a boicotear a la plataforma Airbnb | Cand\u00e1s 365","twitter:description":"Tel Aviv, 21 nov (dpa) - Un ministro israel\u00ed llam\u00f3 hoy a boicotear la plataforma de alojamientos Airbnb, despu\u00e9s de que \u00e9sta retirara de su oferta las viviendas ubicadas en los asentamientos israel\u00edes en la Cisjordania ocupada. &quot;Llamamos a todos a quienes apoyan a Israel en el mundo a dejar de cooperar con Airbnb&quot;, dijo","twitter:creator":"@nbasturias","twitter:image":"https:\/\/candas365.es\/noticias\/wp-content\/uploads\/2018\/11\/tel-aviv-2827030_960_720.jpg","twitter:label1":"Escrito por","twitter:data1":"Cand\u00e1s 365","twitter:label2":"Tiempo de lectura estimado","twitter:data2":"2 minutos"},"aioseo_meta_data":{"post_id":"110378","title":null,"description":null,"keywords":null,"keyphrases":null,"primary_term":null,"canonical_url":null,"og_title":null,"og_description":null,"og_object_type":"default","og_image_type":"default","og_image_url":null,"og_image_width":null,"og_image_height":null,"og_image_custom_url":null,"og_image_custom_fields":null,"og_video":null,"og_custom_url":null,"og_article_section":null,"og_article_tags":null,"twitter_use_og":false,"twitter_card":"default","twitter_image_type":"default","twitter_image_url":null,"twitter_image_custom_url":null,"twitter_image_custom_fields":null,"twitter_title":null,"twitter_description":null,"schema":{"blockGraphs":[],"customGraphs":[],"default":{"data":{"Article":[],"Course":[],"Dataset":[],"FAQPage":[],"Movie":[],"Person":[],"Product":[],"ProductReview":[],"Car":[],"Recipe":[],"Service":[],"SoftwareApplication":[],"WebPage":[]},"graphName":"","isEnabled":true},"graphs":[],"defaultGraph":"","defaultPostTypeGraph":""},"schema_type":null,"schema_type_options":null,"pillar_content":false,"robots_default":true,"robots_noindex":false,"robots_noarchive":false,"robots_nosnippet":false,"robots_nofollow":false,"robots_noimageindex":false,"robots_noodp":false,"robots_notranslate":false,"robots_max_snippet":null,"robots_max_videopreview":null,"robots_max_imagepreview":"large","priority":null,"frequency":null,"location":null,"local_seo":null,"seo_analyzer_scan_date":"2025-08-28 12:28:30","breadcrumb_settings":null,"limit_modified_date":false,"reviewed_by":null,"open_ai":null,"ai":null,"created":"2020-12-21 11:38:38","updated":"2025-08-28 12:28:30"},"aioseo_breadcrumb":"<div class=\"aioseo-breadcrumbs\"><span class=\"aioseo-breadcrumb\">\n\t<a href=\"https:\/\/candas365.es\/noticias\" title=\"Home\">Home<\/a>\n<\/span><span class=\"aioseo-breadcrumb-separator\">&ndash;<\/span><span class=\"aioseo-breadcrumb\">\n\t<a href=\"https:\/\/candas365.es\/noticias\/category\/actualidad\/\" title=\"Actualidad\">Actualidad<\/a>\n<\/span><span class=\"aioseo-breadcrumb-separator\">&ndash;<\/span><span class=\"aioseo-breadcrumb\">\n\tUn ministro israel\u00ed llama a boicotear a la plataforma Airbnb\n<\/span><\/div>","aioseo_breadcrumb_json":[{"label":"Home","link":"https:\/\/candas365.es\/noticias"},{"label":"Actualidad","link":"https:\/\/candas365.es\/noticias\/category\/actualidad\/"},{"label":"Un ministro israel\u00ed llama a boicotear a la plataforma Airbnb","link":"https:\/\/candas365.es\/noticias\/un-ministro-israeli-llama-a-boicotear-a-la-plataforma-airbnb\/"}],"_links":{"self":[{"href":"https:\/\/candas365.es\/noticias\/wp-json\/wp\/v2\/posts\/110378","targetHints":{"allow":["GET"]}}],"collection":[{"href":"https:\/\/candas365.es\/noticias\/wp-json\/wp\/v2\/posts"}],"about":[{"href":"https:\/\/candas365.es\/noticias\/wp-json\/wp\/v2\/types\/post"}],"author":[{"embeddable":true,"href":"https:\/\/candas365.es\/noticias\/wp-json\/wp\/v2\/users\/1"}],"replies":[{"embeddable":true,"href":"https:\/\/candas365.es\/noticias\/wp-json\/wp\/v2\/comments?post=110378"}],"version-history":[{"count":0,"href":"https:\/\/candas365.es\/noticias\/wp-json\/wp\/v2\/posts\/110378\/revisions"}],"wp:featuredmedia":[{"embeddable":true,"href":"https:\/\/candas365.es\/noticias\/wp-json\/wp\/v2\/media\/110379"}],"wp:attachment":[{"href":"https:\/\/candas365.es\/noticias\/wp-json\/wp\/v2\/media?parent=110378"}],"wp:term":[{"taxonomy":"category","embeddable":true,"href":"https:\/\/candas365.es\/noticias\/wp-json\/wp\/v2\/categories?post=110378"},{"taxonomy":"post_tag","embeddable":true,"href":"https:\/\/candas365.es\/noticias\/wp-json\/wp\/v2\/tags?post=110378"}],"curies":[{"name":"wp","href":"https:\/\/api.w.org\/{rel}","templated":true}]}}