{"id":110370,"date":"2018-11-21T21:36:36","date_gmt":"2018-11-21T21:36:36","guid":{"rendered":"http:\/\/candas365.es\/noticias\/?p=110370"},"modified":"2018-11-21T21:36:36","modified_gmt":"2018-11-21T21:36:36","slug":"cuatro-personas-heridas-en-un-accidente-en-castrillon","status":"publish","type":"post","link":"https:\/\/candas365.es\/noticias\/cuatro-personas-heridas-en-un-accidente-en-castrillon\/","title":{"rendered":"Cuatro personas heridas en un accidente en Castrill\u00f3n"},"content":{"rendered":"<p><img fetchpriority=\"high\" decoding=\"async\" class=\"alignleft size-medium wp-image-6656\" src=\"https:\/\/candas365.es\/noticias\/wp-content\/uploads\/2015\/02\/sanagustin-360x241.jpg\" alt=\"\" width=\"360\" height=\"241\" srcset=\"https:\/\/candas365.es\/noticias\/wp-content\/uploads\/2015\/02\/sanagustin-360x241.jpg 360w, https:\/\/candas365.es\/noticias\/wp-content\/uploads\/2015\/02\/sanagustin-150x100.jpg 150w, https:\/\/candas365.es\/noticias\/wp-content\/uploads\/2015\/02\/sanagustin-84x55.jpg 84w, https:\/\/candas365.es\/noticias\/wp-content\/uploads\/2015\/02\/sanagustin.jpg 380w\" sizes=\"(max-width: 360px) 100vw, 360px\" \/>Cuatro personas han sido heridas de diversa consideraci\u00f3n, una con pron\u00f3stico reservado y las otras tres de car\u00e1cter leve, en un accidente de tr\u00e1fico en el que se vieron implicados dos turismos y un cami\u00f3n en la A-8, a la altura del kil\u00f3metro 399, en sentido Galicia, a unos 500 metros de la salida de Cruz de Illas, en Castrill\u00f3n.<\/p>\n<p>Seg\u00fan los datos facilitados por el Servicio de Atenci\u00f3n M\u00e9dica Urgente (SAMU) todos los heridos han sido trasladado al Hospital San Agust\u00edn de Avil\u00e9s. La de mayor consideraci\u00f3n es una mujer, de 60 a\u00f1os de edad, que fue evacuada por el equipo m\u00e9dico de la UVI-m\u00f3vil avilesino con pron\u00f3stico reservado, a falta de m\u00e1s ex\u00e1menes y hasta nueva valoraci\u00f3n m\u00e9dica.<\/p>\n<p>La herida fue excarcelada del interior del turismo en el que viajaba por efectivos de Bomberos del Servicio de Emergencias del Principado de Asturias con base en el parque avilesino. Para liberar a la mujer, que viajaba en la parte trasera del coche, los bomberos cortaron la puerta del lateral izquierdo y desplazaron el asiento delantero. Posteriormente, en coordinaci\u00f3n con el equipo sanitario, la inmovilizaron con collar\u00edn y la sacaron, por la parte trasera del veh\u00edculo, con la tabla de rescate.<\/p>\n<p>En este coche, en la parte delantera, tambi\u00e9n viajaba otra mujer, de 43 a\u00f1os de edad, que tambi\u00e9n fue excarcelada por los bomberos. La dotaci\u00f3n retir\u00f3 la puerta, corto el pilar y procedi\u00f3 a sacarla, inmovilizada con collar\u00edn con la tabla de rescate. La afectada fue evacuada tambi\u00e9n al hospital con pron\u00f3stico leve a expensas de m\u00e1s pruebas y hasta nueva valoraci\u00f3n m\u00e9dica.<\/p>\n<p>Los otros dos heridos, son dos varones uno de 66 a\u00f1os de edad y otro de 21 que fueron trasladados, a falta de m\u00e1s ex\u00e1menes, con pron\u00f3stico leve.<\/p>\n<p>El SAMU envi\u00f3 al lugar el equipo m\u00e9dico de la UVI-m\u00f3vil de Avil\u00e9s, la ambulancia de soporte vital b\u00e1sico de la zona y una ambulancia convencional.<\/p>\n<p>El Centro de Coordinaci\u00f3n de Emergencias del 112-Asturias recibi\u00f3 varias llamadas, la primera, a las 16.59 horas. En ellas indicaban que un cami\u00f3n hab\u00eda golpeado a dos veh\u00edculos por detr\u00e1s. En los turismos hab\u00eda personas heridas y atrapadas.<\/p>\n<p>La Sala 112 del SEPA activ\u00f3 una dotaci\u00f3n, con seis efectivos, de Bomberos con base en Avil\u00e9s que se traslad\u00f3 al lugar con el veh\u00edculo de primera salida y una autobomba urbana. Adem\u00e1s, se moviliz\u00f3 otra dotaci\u00f3n desde el parque de Pravia que no lleg\u00f3 a intervenir tras confirmar, desde el incidente, los bomberos avilesinos que no necesitaban apoyo. Tambi\u00e9n se inform\u00f3 al Jefe de Zona que se desplaz\u00f3 al lugar.<\/p>\n<p>A las 17.46 informan que los heridos est\u00e1n siendo atendidos por el personal sanitario. Permanecen en el lugar realizando tareas de seguridad y normalizaci\u00f3n de la v\u00eda hasta las 18.12 que retiran para regresar a base.<\/p>\n<p>El incidente se puso en conocimiento de la Guardia Civil y de los responsables de conservaci\u00f3n de la v\u00eda.<\/p>\n","protected":false},"excerpt":{"rendered":"<p>Cuatro personas han sido heridas de diversa consideraci\u00f3n, una con pron\u00f3stico reservado y las otras tres de car\u00e1cter leve, en un accidente de tr\u00e1fico en el que se vieron implicados dos turismos y un cami\u00f3n en la A-8, a la altura del kil\u00f3metro 399, en sentido Galicia, a unos 500 metros de la salida de<\/p>\n","protected":false},"author":1,"featured_media":6656,"comment_status":"closed","ping_status":"closed","sticky":false,"template":"","format":"standard","meta":{"footnotes":""},"categories":[343],"tags":[],"class_list":{"0":"post-110370","1":"post","2":"type-post","3":"status-publish","4":"format-standard","5":"has-post-thumbnail","7":"category-actualidad"},"aioseo_notices":[],"aioseo_head":"\n\t\t<!-- All in One SEO Pro 4.9.6.2 - aioseo.com -->\n\t<meta name=\"description\" content=\"Cuatro personas han sido heridas de diversa consideraci\u00f3n, una con pron\u00f3stico reservado y las otras tres de car\u00e1cter leve, en un accidente de tr\u00e1fico en el que se vieron implicados dos turismos y un cami\u00f3n en la A-8, a la altura del kil\u00f3metro 399, en sentido Galicia, a unos 500 metros de la salida de\" \/>\n\t<meta name=\"robots\" content=\"max-image-preview:large\" \/>\n\t<meta name=\"author\" content=\"Cand\u00e1s 365\"\/>\n\t<meta name=\"google-site-verification\" content=\"UA-32230408-1\" \/>\n\t<meta name=\"msvalidate.01\" content=\"354F3CDFB2DA171B47FBE9ABF1F88D5\" \/>\n\t<meta name=\"keywords\" content=\"actualidad\" \/>\n\t<link rel=\"canonical\" href=\"https:\/\/candas365.es\/noticias\/cuatro-personas-heridas-en-un-accidente-en-castrillon\/\" \/>\n\t<meta name=\"generator\" content=\"All in One SEO Pro (AIOSEO) 4.9.6.2\" \/>\n\t\t<meta property=\"og:locale\" content=\"es_ES\" \/>\n\t\t<meta property=\"og:site_name\" content=\"Cand\u00e1s 365\" \/>\n\t\t<meta property=\"og:type\" content=\"article\" \/>\n\t\t<meta property=\"og:title\" content=\"Cuatro personas heridas en un accidente en Castrill\u00f3n | Cand\u00e1s 365\" \/>\n\t\t<meta property=\"og:description\" content=\"Cuatro personas han sido heridas de diversa consideraci\u00f3n, una con pron\u00f3stico reservado y las otras tres de car\u00e1cter leve, en un accidente de tr\u00e1fico en el que se vieron implicados dos turismos y un cami\u00f3n en la A-8, a la altura del kil\u00f3metro 399, en sentido Galicia, a unos 500 metros de la salida de\" \/>\n\t\t<meta property=\"og:url\" content=\"https:\/\/candas365.es\/noticias\/cuatro-personas-heridas-en-un-accidente-en-castrillon\/\" \/>\n\t\t<meta property=\"og:image\" content=\"https:\/\/candas365.es\/noticias\/wp-content\/uploads\/2015\/02\/sanagustin.jpg\" \/>\n\t\t<meta property=\"og:image:secure_url\" content=\"https:\/\/candas365.es\/noticias\/wp-content\/uploads\/2015\/02\/sanagustin.jpg\" \/>\n\t\t<meta property=\"og:image:width\" content=\"380\" \/>\n\t\t<meta property=\"og:image:height\" content=\"254\" \/>\n\t\t<meta property=\"article:published_time\" content=\"2018-11-21T21:36:36+00:00\" \/>\n\t\t<meta property=\"article:modified_time\" content=\"2018-11-21T21:36:36+00:00\" \/>\n\t\t<meta property=\"article:publisher\" content=\"https:\/\/www.facebook.com\/Nachofdezber\" \/>\n\t\t<meta property=\"article:author\" content=\"https:\/\/www.facebook.com\/carrenoactualidad\" \/>\n\t\t<meta name=\"twitter:card\" content=\"summary_large_image\" \/>\n\t\t<meta name=\"twitter:site\" content=\"@NabercoDigital\" \/>\n\t\t<meta name=\"twitter:title\" content=\"Cuatro personas heridas en un accidente en Castrill\u00f3n | Cand\u00e1s 365\" \/>\n\t\t<meta name=\"twitter:description\" content=\"Cuatro personas han sido heridas de diversa consideraci\u00f3n, una con pron\u00f3stico reservado y las otras tres de car\u00e1cter leve, en un accidente de tr\u00e1fico en el que se vieron implicados dos turismos y un cami\u00f3n en la A-8, a la altura del kil\u00f3metro 399, en sentido Galicia, a unos 500 metros de la salida de\" \/>\n\t\t<meta name=\"twitter:creator\" content=\"@nbasturias\" \/>\n\t\t<meta name=\"twitter:image\" content=\"https:\/\/candas365.es\/noticias\/wp-content\/uploads\/2015\/02\/sanagustin.jpg\" \/>\n\t\t<meta name=\"twitter:label1\" content=\"Escrito por\" \/>\n\t\t<meta name=\"twitter:data1\" content=\"Cand\u00e1s 365\" \/>\n\t\t<meta name=\"twitter:label2\" content=\"Tiempo de lectura estimado\" \/>\n\t\t<meta name=\"twitter:data2\" content=\"3 minutos\" \/>\n\t\t<script type=\"application\/ld+json\" class=\"aioseo-schema\">\n\t\t\t{\"@context\":\"https:\\\/\\\/schema.org\",\"@graph\":[{\"@type\":\"BreadcrumbList\",\"@id\":\"https:\\\/\\\/candas365.es\\\/noticias\\\/cuatro-personas-heridas-en-un-accidente-en-castrillon\\\/#breadcrumblist\",\"itemListElement\":[{\"@type\":\"ListItem\",\"@id\":\"https:\\\/\\\/candas365.es\\\/noticias#listItem\",\"position\":1,\"name\":\"Home\",\"item\":\"https:\\\/\\\/candas365.es\\\/noticias\",\"nextItem\":{\"@type\":\"ListItem\",\"@id\":\"https:\\\/\\\/candas365.es\\\/noticias\\\/category\\\/actualidad\\\/#listItem\",\"name\":\"Actualidad\"}},{\"@type\":\"ListItem\",\"@id\":\"https:\\\/\\\/candas365.es\\\/noticias\\\/category\\\/actualidad\\\/#listItem\",\"position\":2,\"name\":\"Actualidad\",\"item\":\"https:\\\/\\\/candas365.es\\\/noticias\\\/category\\\/actualidad\\\/\",\"nextItem\":{\"@type\":\"ListItem\",\"@id\":\"https:\\\/\\\/candas365.es\\\/noticias\\\/cuatro-personas-heridas-en-un-accidente-en-castrillon\\\/#listItem\",\"name\":\"Cuatro personas heridas en un accidente en Castrill\\u00f3n\"},\"previousItem\":{\"@type\":\"ListItem\",\"@id\":\"https:\\\/\\\/candas365.es\\\/noticias#listItem\",\"name\":\"Home\"}},{\"@type\":\"ListItem\",\"@id\":\"https:\\\/\\\/candas365.es\\\/noticias\\\/cuatro-personas-heridas-en-un-accidente-en-castrillon\\\/#listItem\",\"position\":3,\"name\":\"Cuatro personas heridas en un accidente en Castrill\\u00f3n\",\"previousItem\":{\"@type\":\"ListItem\",\"@id\":\"https:\\\/\\\/candas365.es\\\/noticias\\\/category\\\/actualidad\\\/#listItem\",\"name\":\"Actualidad\"}}]},{\"@type\":\"NewsArticle\",\"@id\":\"https:\\\/\\\/candas365.es\\\/noticias\\\/cuatro-personas-heridas-en-un-accidente-en-castrillon\\\/#newsarticle\",\"name\":\"Cuatro personas heridas en un accidente en Castrill\\u00f3n | Cand\\u00e1s 365\",\"headline\":\"Cuatro personas heridas en un accidente en Castrill\\u00f3n\",\"author\":{\"@id\":\"https:\\\/\\\/candas365.es\\\/noticias\\\/author\\\/admin\\\/#author\"},\"publisher\":{\"@id\":\"https:\\\/\\\/candas365.es\\\/noticias\\\/#organization\"},\"image\":{\"@type\":\"ImageObject\",\"url\":\"https:\\\/\\\/candas365.es\\\/noticias\\\/wp-content\\\/uploads\\\/2015\\\/02\\\/sanagustin.jpg\",\"width\":380,\"height\":254},\"datePublished\":\"2018-11-21T21:36:36+01:00\",\"dateModified\":\"2018-11-21T21:36:36+01:00\",\"inLanguage\":\"es-ES\",\"mainEntityOfPage\":{\"@id\":\"https:\\\/\\\/candas365.es\\\/noticias\\\/cuatro-personas-heridas-en-un-accidente-en-castrillon\\\/#webpage\"},\"isPartOf\":{\"@id\":\"https:\\\/\\\/candas365.es\\\/noticias\\\/cuatro-personas-heridas-en-un-accidente-en-castrillon\\\/#webpage\"},\"articleSection\":\"Actualidad\",\"dateline\":\"Publicado el noviembre 21, 2018.\"},{\"@type\":\"Organization\",\"@id\":\"https:\\\/\\\/candas365.es\\\/noticias\\\/#organization\",\"name\":\"Cand\\u00e1s 365\",\"description\":\"Cand\\u00e1s 365 es un diario digital independiente, fundado en 2012, con base en Asturias. Informamos con rigor sobre actualidad, sociedad, cultura y ocio, con una mirada local y global.\",\"url\":\"https:\\\/\\\/candas365.es\\\/noticias\\\/\",\"email\":\"info@candas365.es\",\"telephone\":\"+34652131393\",\"foundingDate\":\"2012-06-10\",\"logo\":{\"@type\":\"ImageObject\",\"url\":\"https:\\\/\\\/candas365.es\\\/noticias\\\/wp-content\\\/uploads\\\/2024\\\/09\\\/Candas-365-Redes.jpg\",\"@id\":\"https:\\\/\\\/candas365.es\\\/noticias\\\/cuatro-personas-heridas-en-un-accidente-en-castrillon\\\/#organizationLogo\",\"width\":1152,\"height\":864,\"caption\":\"Cand\\u00e1s 365 Redes\"},\"image\":{\"@id\":\"https:\\\/\\\/candas365.es\\\/noticias\\\/cuatro-personas-heridas-en-un-accidente-en-castrillon\\\/#organizationLogo\"},\"sameAs\":[\"https:\\\/\\\/www.facebook.com\\\/Nachofdezber\",\"https:\\\/\\\/x.com\\\/NabercoDigital\",\"https:\\\/\\\/www.instagram.com\\\/nachofdezber\\\/\",\"https:\\\/\\\/www.youtube.com\\\/channel\\\/UCZP-2wLEB9Rv6erhFmqVnvg\"],\"address\":{\"@id\":\"https:\\\/\\\/candas365.es\\\/noticias\\\/#postaladdress\",\"@type\":\"PostalAddress\",\"streetAddress\":\"san antonio 4, san antonio 4\",\"postalCode\":\"33430\",\"addressLocality\":\"Cand\\u00e1s\",\"addressRegion\":\"Asturias\",\"addressCountry\":\"ES\"}},{\"@type\":\"Person\",\"@id\":\"https:\\\/\\\/candas365.es\\\/noticias\\\/author\\\/admin\\\/#author\",\"url\":\"https:\\\/\\\/candas365.es\\\/noticias\\\/author\\\/admin\\\/\",\"name\":\"Cand\\u00e1s 365\",\"image\":{\"@type\":\"ImageObject\",\"@id\":\"https:\\\/\\\/candas365.es\\\/noticias\\\/cuatro-personas-heridas-en-un-accidente-en-castrillon\\\/#authorImage\",\"url\":\"https:\\\/\\\/secure.gravatar.com\\\/avatar\\\/496a8e03d0c493ede1718b7934145dbdf8d89be1036b0eec9544e1094c9de390?s=96&d=mm&r=g\",\"width\":96,\"height\":96,\"caption\":\"Cand\\u00e1s 365\"},\"sameAs\":[\"https:\\\/\\\/www.facebook.com\\\/carrenoactualidad\",\"https:\\\/\\\/twitter.com\\\/nbasturias\",\"https:\\\/\\\/www.instagram.com\\\/nachofdezber\\\/\",\"https:\\\/\\\/www.youtube.com\\\/channel\\\/UCZP-2wLEB9Rv6erhFmqVnvg\"]},{\"@type\":\"WebPage\",\"@id\":\"https:\\\/\\\/candas365.es\\\/noticias\\\/cuatro-personas-heridas-en-un-accidente-en-castrillon\\\/#webpage\",\"url\":\"https:\\\/\\\/candas365.es\\\/noticias\\\/cuatro-personas-heridas-en-un-accidente-en-castrillon\\\/\",\"name\":\"Cuatro personas heridas en un accidente en Castrill\\u00f3n | Cand\\u00e1s 365\",\"description\":\"Cuatro personas han sido heridas de diversa consideraci\\u00f3n, una con pron\\u00f3stico reservado y las otras tres de car\\u00e1cter leve, en un accidente de tr\\u00e1fico en el que se vieron implicados dos turismos y un cami\\u00f3n en la A-8, a la altura del kil\\u00f3metro 399, en sentido Galicia, a unos 500 metros de la salida de\",\"inLanguage\":\"es-ES\",\"isPartOf\":{\"@id\":\"https:\\\/\\\/candas365.es\\\/noticias\\\/#website\"},\"breadcrumb\":{\"@id\":\"https:\\\/\\\/candas365.es\\\/noticias\\\/cuatro-personas-heridas-en-un-accidente-en-castrillon\\\/#breadcrumblist\"},\"author\":{\"@id\":\"https:\\\/\\\/candas365.es\\\/noticias\\\/author\\\/admin\\\/#author\"},\"creator\":{\"@id\":\"https:\\\/\\\/candas365.es\\\/noticias\\\/author\\\/admin\\\/#author\"},\"image\":{\"@type\":\"ImageObject\",\"url\":\"https:\\\/\\\/candas365.es\\\/noticias\\\/wp-content\\\/uploads\\\/2015\\\/02\\\/sanagustin.jpg\",\"@id\":\"https:\\\/\\\/candas365.es\\\/noticias\\\/cuatro-personas-heridas-en-un-accidente-en-castrillon\\\/#mainImage\",\"width\":380,\"height\":254},\"primaryImageOfPage\":{\"@id\":\"https:\\\/\\\/candas365.es\\\/noticias\\\/cuatro-personas-heridas-en-un-accidente-en-castrillon\\\/#mainImage\"},\"datePublished\":\"2018-11-21T21:36:36+01:00\",\"dateModified\":\"2018-11-21T21:36:36+01:00\"},{\"@type\":\"WebSite\",\"@id\":\"https:\\\/\\\/candas365.es\\\/noticias\\\/#website\",\"url\":\"https:\\\/\\\/candas365.es\\\/noticias\\\/\",\"name\":\"Cand\\u00e1s 365\",\"alternateName\":\"Cand\\u00e1s 365 Noticias\",\"description\":\"Actualidad desde Carre\\u00f1o para el mundo\",\"inLanguage\":\"es-ES\",\"publisher\":{\"@id\":\"https:\\\/\\\/candas365.es\\\/noticias\\\/#organization\"}}]}\n\t\t<\/script>\n\t\t<!-- All in One SEO Pro -->\r\n\t\t<title>Cuatro personas heridas en un accidente en Castrill\u00f3n | Cand\u00e1s 365<\/title>\n\n","aioseo_head_json":{"title":"Cuatro personas heridas en un accidente en Castrill\u00f3n | Cand\u00e1s 365","description":"Cuatro personas han sido heridas de diversa consideraci\u00f3n, una con pron\u00f3stico reservado y las otras tres de car\u00e1cter leve, en un accidente de tr\u00e1fico en el que se vieron implicados dos turismos y un cami\u00f3n en la A-8, a la altura del kil\u00f3metro 399, en sentido Galicia, a unos 500 metros de la salida de","canonical_url":"https:\/\/candas365.es\/noticias\/cuatro-personas-heridas-en-un-accidente-en-castrillon\/","robots":"max-image-preview:large","keywords":"actualidad","webmasterTools":{"google-site-verification":"UA-32230408-1","msvalidate.01":"354F3CDFB2DA171B47FBE9ABF1F88D5","miscellaneous":""},"schema":{"@context":"https:\/\/schema.org","@graph":[{"@type":"BreadcrumbList","@id":"https:\/\/candas365.es\/noticias\/cuatro-personas-heridas-en-un-accidente-en-castrillon\/#breadcrumblist","itemListElement":[{"@type":"ListItem","@id":"https:\/\/candas365.es\/noticias#listItem","position":1,"name":"Home","item":"https:\/\/candas365.es\/noticias","nextItem":{"@type":"ListItem","@id":"https:\/\/candas365.es\/noticias\/category\/actualidad\/#listItem","name":"Actualidad"}},{"@type":"ListItem","@id":"https:\/\/candas365.es\/noticias\/category\/actualidad\/#listItem","position":2,"name":"Actualidad","item":"https:\/\/candas365.es\/noticias\/category\/actualidad\/","nextItem":{"@type":"ListItem","@id":"https:\/\/candas365.es\/noticias\/cuatro-personas-heridas-en-un-accidente-en-castrillon\/#listItem","name":"Cuatro personas heridas en un accidente en Castrill\u00f3n"},"previousItem":{"@type":"ListItem","@id":"https:\/\/candas365.es\/noticias#listItem","name":"Home"}},{"@type":"ListItem","@id":"https:\/\/candas365.es\/noticias\/cuatro-personas-heridas-en-un-accidente-en-castrillon\/#listItem","position":3,"name":"Cuatro personas heridas en un accidente en Castrill\u00f3n","previousItem":{"@type":"ListItem","@id":"https:\/\/candas365.es\/noticias\/category\/actualidad\/#listItem","name":"Actualidad"}}]},{"@type":"NewsArticle","@id":"https:\/\/candas365.es\/noticias\/cuatro-personas-heridas-en-un-accidente-en-castrillon\/#newsarticle","name":"Cuatro personas heridas en un accidente en Castrill\u00f3n | Cand\u00e1s 365","headline":"Cuatro personas heridas en un accidente en Castrill\u00f3n","author":{"@id":"https:\/\/candas365.es\/noticias\/author\/admin\/#author"},"publisher":{"@id":"https:\/\/candas365.es\/noticias\/#organization"},"image":{"@type":"ImageObject","url":"https:\/\/candas365.es\/noticias\/wp-content\/uploads\/2015\/02\/sanagustin.jpg","width":380,"height":254},"datePublished":"2018-11-21T21:36:36+01:00","dateModified":"2018-11-21T21:36:36+01:00","inLanguage":"es-ES","mainEntityOfPage":{"@id":"https:\/\/candas365.es\/noticias\/cuatro-personas-heridas-en-un-accidente-en-castrillon\/#webpage"},"isPartOf":{"@id":"https:\/\/candas365.es\/noticias\/cuatro-personas-heridas-en-un-accidente-en-castrillon\/#webpage"},"articleSection":"Actualidad","dateline":"Publicado el noviembre 21, 2018."},{"@type":"Organization","@id":"https:\/\/candas365.es\/noticias\/#organization","name":"Cand\u00e1s 365","description":"Cand\u00e1s 365 es un diario digital independiente, fundado en 2012, con base en Asturias. Informamos con rigor sobre actualidad, sociedad, cultura y ocio, con una mirada local y global.","url":"https:\/\/candas365.es\/noticias\/","email":"info@candas365.es","telephone":"+34652131393","foundingDate":"2012-06-10","logo":{"@type":"ImageObject","url":"https:\/\/candas365.es\/noticias\/wp-content\/uploads\/2024\/09\/Candas-365-Redes.jpg","@id":"https:\/\/candas365.es\/noticias\/cuatro-personas-heridas-en-un-accidente-en-castrillon\/#organizationLogo","width":1152,"height":864,"caption":"Cand\u00e1s 365 Redes"},"image":{"@id":"https:\/\/candas365.es\/noticias\/cuatro-personas-heridas-en-un-accidente-en-castrillon\/#organizationLogo"},"sameAs":["https:\/\/www.facebook.com\/Nachofdezber","https:\/\/x.com\/NabercoDigital","https:\/\/www.instagram.com\/nachofdezber\/","https:\/\/www.youtube.com\/channel\/UCZP-2wLEB9Rv6erhFmqVnvg"],"address":{"@id":"https:\/\/candas365.es\/noticias\/#postaladdress","@type":"PostalAddress","streetAddress":"san antonio 4, san antonio 4","postalCode":"33430","addressLocality":"Cand\u00e1s","addressRegion":"Asturias","addressCountry":"ES"}},{"@type":"Person","@id":"https:\/\/candas365.es\/noticias\/author\/admin\/#author","url":"https:\/\/candas365.es\/noticias\/author\/admin\/","name":"Cand\u00e1s 365","image":{"@type":"ImageObject","@id":"https:\/\/candas365.es\/noticias\/cuatro-personas-heridas-en-un-accidente-en-castrillon\/#authorImage","url":"https:\/\/secure.gravatar.com\/avatar\/496a8e03d0c493ede1718b7934145dbdf8d89be1036b0eec9544e1094c9de390?s=96&d=mm&r=g","width":96,"height":96,"caption":"Cand\u00e1s 365"},"sameAs":["https:\/\/www.facebook.com\/carrenoactualidad","https:\/\/twitter.com\/nbasturias","https:\/\/www.instagram.com\/nachofdezber\/","https:\/\/www.youtube.com\/channel\/UCZP-2wLEB9Rv6erhFmqVnvg"]},{"@type":"WebPage","@id":"https:\/\/candas365.es\/noticias\/cuatro-personas-heridas-en-un-accidente-en-castrillon\/#webpage","url":"https:\/\/candas365.es\/noticias\/cuatro-personas-heridas-en-un-accidente-en-castrillon\/","name":"Cuatro personas heridas en un accidente en Castrill\u00f3n | Cand\u00e1s 365","description":"Cuatro personas han sido heridas de diversa consideraci\u00f3n, una con pron\u00f3stico reservado y las otras tres de car\u00e1cter leve, en un accidente de tr\u00e1fico en el que se vieron implicados dos turismos y un cami\u00f3n en la A-8, a la altura del kil\u00f3metro 399, en sentido Galicia, a unos 500 metros de la salida de","inLanguage":"es-ES","isPartOf":{"@id":"https:\/\/candas365.es\/noticias\/#website"},"breadcrumb":{"@id":"https:\/\/candas365.es\/noticias\/cuatro-personas-heridas-en-un-accidente-en-castrillon\/#breadcrumblist"},"author":{"@id":"https:\/\/candas365.es\/noticias\/author\/admin\/#author"},"creator":{"@id":"https:\/\/candas365.es\/noticias\/author\/admin\/#author"},"image":{"@type":"ImageObject","url":"https:\/\/candas365.es\/noticias\/wp-content\/uploads\/2015\/02\/sanagustin.jpg","@id":"https:\/\/candas365.es\/noticias\/cuatro-personas-heridas-en-un-accidente-en-castrillon\/#mainImage","width":380,"height":254},"primaryImageOfPage":{"@id":"https:\/\/candas365.es\/noticias\/cuatro-personas-heridas-en-un-accidente-en-castrillon\/#mainImage"},"datePublished":"2018-11-21T21:36:36+01:00","dateModified":"2018-11-21T21:36:36+01:00"},{"@type":"WebSite","@id":"https:\/\/candas365.es\/noticias\/#website","url":"https:\/\/candas365.es\/noticias\/","name":"Cand\u00e1s 365","alternateName":"Cand\u00e1s 365 Noticias","description":"Actualidad desde Carre\u00f1o para el mundo","inLanguage":"es-ES","publisher":{"@id":"https:\/\/candas365.es\/noticias\/#organization"}}]},"og:locale":"es_ES","og:site_name":"Cand\u00e1s 365","og:type":"article","og:title":"Cuatro personas heridas en un accidente en Castrill\u00f3n | Cand\u00e1s 365","og:description":"Cuatro personas han sido heridas de diversa consideraci\u00f3n, una con pron\u00f3stico reservado y las otras tres de car\u00e1cter leve, en un accidente de tr\u00e1fico en el que se vieron implicados dos turismos y un cami\u00f3n en la A-8, a la altura del kil\u00f3metro 399, en sentido Galicia, a unos 500 metros de la salida de","og:url":"https:\/\/candas365.es\/noticias\/cuatro-personas-heridas-en-un-accidente-en-castrillon\/","og:image":"https:\/\/candas365.es\/noticias\/wp-content\/uploads\/2015\/02\/sanagustin.jpg","og:image:secure_url":"https:\/\/candas365.es\/noticias\/wp-content\/uploads\/2015\/02\/sanagustin.jpg","og:image:width":380,"og:image:height":254,"article:published_time":"2018-11-21T21:36:36+00:00","article:modified_time":"2018-11-21T21:36:36+00:00","article:publisher":"https:\/\/www.facebook.com\/Nachofdezber","article:author":"https:\/\/www.facebook.com\/carrenoactualidad","twitter:card":"summary_large_image","twitter:site":"@NabercoDigital","twitter:title":"Cuatro personas heridas en un accidente en Castrill\u00f3n | Cand\u00e1s 365","twitter:description":"Cuatro personas han sido heridas de diversa consideraci\u00f3n, una con pron\u00f3stico reservado y las otras tres de car\u00e1cter leve, en un accidente de tr\u00e1fico en el que se vieron implicados dos turismos y un cami\u00f3n en la A-8, a la altura del kil\u00f3metro 399, en sentido Galicia, a unos 500 metros de la salida de","twitter:creator":"@nbasturias","twitter:image":"https:\/\/candas365.es\/noticias\/wp-content\/uploads\/2015\/02\/sanagustin.jpg","twitter:label1":"Escrito por","twitter:data1":"Cand\u00e1s 365","twitter:label2":"Tiempo de lectura estimado","twitter:data2":"3 minutos"},"aioseo_meta_data":{"post_id":"110370","title":null,"description":null,"keywords":null,"keyphrases":null,"primary_term":null,"canonical_url":null,"og_title":null,"og_description":null,"og_object_type":"default","og_image_type":"default","og_image_url":null,"og_image_width":null,"og_image_height":null,"og_image_custom_url":null,"og_image_custom_fields":null,"og_video":null,"og_custom_url":null,"og_article_section":null,"og_article_tags":null,"twitter_use_og":false,"twitter_card":"default","twitter_image_type":"default","twitter_image_url":null,"twitter_image_custom_url":null,"twitter_image_custom_fields":null,"twitter_title":null,"twitter_description":null,"schema":{"blockGraphs":[],"customGraphs":[],"default":{"data":{"Article":[],"Course":[],"Dataset":[],"FAQPage":[],"Movie":[],"Person":[],"Product":[],"ProductReview":[],"Car":[],"Recipe":[],"Service":[],"SoftwareApplication":[],"WebPage":[]},"graphName":"","isEnabled":true},"graphs":[],"defaultGraph":"","defaultPostTypeGraph":""},"schema_type":null,"schema_type_options":null,"pillar_content":false,"robots_default":true,"robots_noindex":false,"robots_noarchive":false,"robots_nosnippet":false,"robots_nofollow":false,"robots_noimageindex":false,"robots_noodp":false,"robots_notranslate":false,"robots_max_snippet":null,"robots_max_videopreview":null,"robots_max_imagepreview":"large","priority":null,"frequency":null,"location":null,"local_seo":null,"seo_analyzer_scan_date":"2025-08-28 12:26:22","breadcrumb_settings":null,"limit_modified_date":false,"reviewed_by":null,"open_ai":null,"ai":null,"created":"2020-12-21 11:38:38","updated":"2025-08-28 12:26:22"},"aioseo_breadcrumb":"<div class=\"aioseo-breadcrumbs\"><span class=\"aioseo-breadcrumb\">\n\t<a href=\"https:\/\/candas365.es\/noticias\" title=\"Home\">Home<\/a>\n<\/span><span class=\"aioseo-breadcrumb-separator\">&ndash;<\/span><span class=\"aioseo-breadcrumb\">\n\t<a href=\"https:\/\/candas365.es\/noticias\/category\/actualidad\/\" title=\"Actualidad\">Actualidad<\/a>\n<\/span><span class=\"aioseo-breadcrumb-separator\">&ndash;<\/span><span class=\"aioseo-breadcrumb\">\n\tCuatro personas heridas en un accidente en Castrill\u00f3n\n<\/span><\/div>","aioseo_breadcrumb_json":[{"label":"Home","link":"https:\/\/candas365.es\/noticias"},{"label":"Actualidad","link":"https:\/\/candas365.es\/noticias\/category\/actualidad\/"},{"label":"Cuatro personas heridas en un accidente en Castrill\u00f3n","link":"https:\/\/candas365.es\/noticias\/cuatro-personas-heridas-en-un-accidente-en-castrillon\/"}],"_links":{"self":[{"href":"https:\/\/candas365.es\/noticias\/wp-json\/wp\/v2\/posts\/110370","targetHints":{"allow":["GET"]}}],"collection":[{"href":"https:\/\/candas365.es\/noticias\/wp-json\/wp\/v2\/posts"}],"about":[{"href":"https:\/\/candas365.es\/noticias\/wp-json\/wp\/v2\/types\/post"}],"author":[{"embeddable":true,"href":"https:\/\/candas365.es\/noticias\/wp-json\/wp\/v2\/users\/1"}],"replies":[{"embeddable":true,"href":"https:\/\/candas365.es\/noticias\/wp-json\/wp\/v2\/comments?post=110370"}],"version-history":[{"count":0,"href":"https:\/\/candas365.es\/noticias\/wp-json\/wp\/v2\/posts\/110370\/revisions"}],"wp:featuredmedia":[{"embeddable":true,"href":"https:\/\/candas365.es\/noticias\/wp-json\/wp\/v2\/media\/6656"}],"wp:attachment":[{"href":"https:\/\/candas365.es\/noticias\/wp-json\/wp\/v2\/media?parent=110370"}],"wp:term":[{"taxonomy":"category","embeddable":true,"href":"https:\/\/candas365.es\/noticias\/wp-json\/wp\/v2\/categories?post=110370"},{"taxonomy":"post_tag","embeddable":true,"href":"https:\/\/candas365.es\/noticias\/wp-json\/wp\/v2\/tags?post=110370"}],"curies":[{"name":"wp","href":"https:\/\/api.w.org\/{rel}","templated":true}]}}