{"id":110364,"date":"2018-11-21T21:14:47","date_gmt":"2018-11-21T21:14:47","guid":{"rendered":"http:\/\/candas365.es\/noticias\/?p=110364"},"modified":"2018-11-21T21:14:47","modified_gmt":"2018-11-21T21:14:47","slug":"se-mantiene-el-auge-en-el-artesanado-aleman","status":"publish","type":"post","link":"https:\/\/candas365.es\/noticias\/se-mantiene-el-auge-en-el-artesanado-aleman\/","title":{"rendered":"Se mantiene el auge en el artesanado alem\u00e1n"},"content":{"rendered":"<p><img fetchpriority=\"high\" decoding=\"async\" class=\"alignleft size-medium wp-image-110365\" src=\"https:\/\/candas365.es\/noticias\/wp-content\/uploads\/2018\/11\/ceramic-3050615_960_720-348x300.jpg\" alt=\"\" width=\"348\" height=\"300\" srcset=\"https:\/\/candas365.es\/noticias\/wp-content\/uploads\/2018\/11\/ceramic-3050615_960_720-348x300.jpg 348w, https:\/\/candas365.es\/noticias\/wp-content\/uploads\/2018\/11\/ceramic-3050615_960_720-768x661.jpg 768w, https:\/\/candas365.es\/noticias\/wp-content\/uploads\/2018\/11\/ceramic-3050615_960_720-557x480.jpg 557w, https:\/\/candas365.es\/noticias\/wp-content\/uploads\/2018\/11\/ceramic-3050615_960_720-534x462.jpg 534w, https:\/\/candas365.es\/noticias\/wp-content\/uploads\/2018\/11\/ceramic-3050615_960_720-696x599.jpg 696w, https:\/\/candas365.es\/noticias\/wp-content\/uploads\/2018\/11\/ceramic-3050615_960_720-488x420.jpg 488w, https:\/\/candas365.es\/noticias\/wp-content\/uploads\/2018\/11\/ceramic-3050615_960_720.jpg 836w\" sizes=\"(max-width: 348px) 100vw, 348px\" \/>Berl\u00edn, 21 nov (dpa) &#8211; La Asociaci\u00f3n alemana de Artesanos y Comerciantes (ZDH) elev\u00f3 notablemente su pron\u00f3stico de facturaci\u00f3n para el corriente a\u00f1o, seg\u00fan revel\u00f3 su informe oto\u00f1al (boreal) sobre la coyuntura al que tuvo acceso dpa.<\/p>\n<p>El sector estima ahora registrar un incremento del volumen de negocios del 5 por ciento, frente al 3 por ciento pronosticado seis meses atr\u00e1s.<\/p>\n<p>Las compa\u00f1\u00edas del ramo se ven beneficiadas con la alta tasa de utilizaci\u00f3n de la capacidad productiva en Alemania, por lo cual las empresas realizan mayores inversiones. Tambi\u00e9n las inversiones del sector de la construcci\u00f3n contin\u00faan en aumento, particularmente la construcci\u00f3n de viviendas.<\/p>\n<p>Asimismo, la buena situaci\u00f3n financiera de las comunas germanas permite mayores inversiones en proyectos de infraestructura, se\u00f1al\u00f3 la ZDH.<\/p>\n<p>Por cuarta vez consecutiva, las empresas encuestadas se\u00f1alaron en un informe de oto\u00f1o (boreal) que la actual situaci\u00f3n comercial, la evoluci\u00f3n de las ventas, la cartera de pedidos y el clima de inversi\u00f3n est\u00e1n mejor que nunca, destac\u00f3 Holger Schwannecke, secretario general de la ZDH.<\/p>\n<p>Sin embargo, las expectativas de los artesanos y comerciantes apuntan m\u00e1s bien a una estabilizaci\u00f3n que a la continuidad de la actual din\u00e1mica de crecimiento. Solo uno de cada cuatro propietarios de empresas cuenta con que la situaci\u00f3n mejorar\u00e1 a\u00fan m\u00e1s.<\/p>\n<p>Seg\u00fan el informe, el sector del artesanado alem\u00e1n prev\u00e9 contratar nuevamente a 30.000 empleados en 2018. Una de cada cinco empresas ya incorpor\u00f3 m\u00e1s personal a su plantilla.<\/p>\n<p>Un aspecto dif\u00edcil de la pujante coyuntura actual del ramo es que las empresas est\u00e1n trabajando al l\u00edmite de sus capacidades. Seg\u00fan el informe, no encuentran suficiente personal, la competencia y la carrera por reclutar empleados especializados es dura y, en consecuencia, se prolongan los tiempos de espera para los clientes.<\/p>\n<p>\u00abEn especial este \u00faltimo aspecto es una cuesti\u00f3n insatisfactoria tambi\u00e9n para las empresas del artesanado\u00bb, subraya el informe.<\/p>\n","protected":false},"excerpt":{"rendered":"<p>Berl\u00edn, 21 nov (dpa) &#8211; La Asociaci\u00f3n alemana de Artesanos y Comerciantes (ZDH) elev\u00f3 notablemente su pron\u00f3stico de facturaci\u00f3n para el corriente a\u00f1o, seg\u00fan revel\u00f3 su informe oto\u00f1al (boreal) sobre la coyuntura al que tuvo acceso dpa. El sector estima ahora registrar un incremento del volumen de negocios del 5 por ciento, frente al 3<\/p>\n","protected":false},"author":1,"featured_media":110365,"comment_status":"closed","ping_status":"closed","sticky":false,"template":"","format":"standard","meta":{"footnotes":""},"categories":[343],"tags":[],"class_list":{"0":"post-110364","1":"post","2":"type-post","3":"status-publish","4":"format-standard","5":"has-post-thumbnail","7":"category-actualidad"},"aioseo_notices":[],"aioseo_head":"\n\t\t<!-- All in One SEO Pro 4.9.6.2 - aioseo.com -->\n\t<meta name=\"description\" content=\"Berl\u00edn, 21 nov (dpa) - La Asociaci\u00f3n alemana de Artesanos y Comerciantes (ZDH) elev\u00f3 notablemente su pron\u00f3stico de facturaci\u00f3n para el corriente a\u00f1o, seg\u00fan revel\u00f3 su informe oto\u00f1al (boreal) sobre la coyuntura al que tuvo acceso dpa. El sector estima ahora registrar un incremento del volumen de negocios del 5 por ciento, frente al 3\" \/>\n\t<meta name=\"robots\" content=\"max-image-preview:large\" \/>\n\t<meta name=\"author\" content=\"Cand\u00e1s 365\"\/>\n\t<meta name=\"google-site-verification\" content=\"UA-32230408-1\" \/>\n\t<meta name=\"msvalidate.01\" content=\"354F3CDFB2DA171B47FBE9ABF1F88D5\" \/>\n\t<meta name=\"keywords\" content=\"actualidad\" \/>\n\t<link rel=\"canonical\" href=\"https:\/\/candas365.es\/noticias\/se-mantiene-el-auge-en-el-artesanado-aleman\/\" \/>\n\t<meta name=\"generator\" content=\"All in One SEO Pro (AIOSEO) 4.9.6.2\" \/>\n\t\t<meta property=\"og:locale\" content=\"es_ES\" \/>\n\t\t<meta property=\"og:site_name\" content=\"Cand\u00e1s 365\" \/>\n\t\t<meta property=\"og:type\" content=\"article\" \/>\n\t\t<meta property=\"og:title\" content=\"Se mantiene el auge en el artesanado alem\u00e1n | Cand\u00e1s 365\" \/>\n\t\t<meta property=\"og:description\" content=\"Berl\u00edn, 21 nov (dpa) - La Asociaci\u00f3n alemana de Artesanos y Comerciantes (ZDH) elev\u00f3 notablemente su pron\u00f3stico de facturaci\u00f3n para el corriente a\u00f1o, seg\u00fan revel\u00f3 su informe oto\u00f1al (boreal) sobre la coyuntura al que tuvo acceso dpa. El sector estima ahora registrar un incremento del volumen de negocios del 5 por ciento, frente al 3\" \/>\n\t\t<meta property=\"og:url\" content=\"https:\/\/candas365.es\/noticias\/se-mantiene-el-auge-en-el-artesanado-aleman\/\" \/>\n\t\t<meta property=\"og:image\" content=\"https:\/\/candas365.es\/noticias\/wp-content\/uploads\/2018\/11\/ceramic-3050615_960_720.jpg\" \/>\n\t\t<meta property=\"og:image:secure_url\" content=\"https:\/\/candas365.es\/noticias\/wp-content\/uploads\/2018\/11\/ceramic-3050615_960_720.jpg\" \/>\n\t\t<meta property=\"og:image:width\" content=\"836\" \/>\n\t\t<meta property=\"og:image:height\" content=\"720\" \/>\n\t\t<meta property=\"article:published_time\" content=\"2018-11-21T21:14:47+00:00\" \/>\n\t\t<meta property=\"article:modified_time\" content=\"2018-11-21T21:14:47+00:00\" \/>\n\t\t<meta property=\"article:publisher\" content=\"https:\/\/www.facebook.com\/Nachofdezber\" \/>\n\t\t<meta property=\"article:author\" content=\"https:\/\/www.facebook.com\/carrenoactualidad\" \/>\n\t\t<meta name=\"twitter:card\" content=\"summary_large_image\" \/>\n\t\t<meta name=\"twitter:site\" content=\"@NabercoDigital\" \/>\n\t\t<meta name=\"twitter:title\" content=\"Se mantiene el auge en el artesanado alem\u00e1n | Cand\u00e1s 365\" \/>\n\t\t<meta name=\"twitter:description\" content=\"Berl\u00edn, 21 nov (dpa) - La Asociaci\u00f3n alemana de Artesanos y Comerciantes (ZDH) elev\u00f3 notablemente su pron\u00f3stico de facturaci\u00f3n para el corriente a\u00f1o, seg\u00fan revel\u00f3 su informe oto\u00f1al (boreal) sobre la coyuntura al que tuvo acceso dpa. El sector estima ahora registrar un incremento del volumen de negocios del 5 por ciento, frente al 3\" \/>\n\t\t<meta name=\"twitter:creator\" content=\"@nbasturias\" \/>\n\t\t<meta name=\"twitter:image\" content=\"https:\/\/candas365.es\/noticias\/wp-content\/uploads\/2018\/11\/ceramic-3050615_960_720.jpg\" \/>\n\t\t<meta name=\"twitter:label1\" content=\"Escrito por\" \/>\n\t\t<meta name=\"twitter:data1\" content=\"Cand\u00e1s 365\" \/>\n\t\t<meta name=\"twitter:label2\" content=\"Tiempo de lectura estimado\" \/>\n\t\t<meta name=\"twitter:data2\" content=\"2 minutos\" \/>\n\t\t<script type=\"application\/ld+json\" class=\"aioseo-schema\">\n\t\t\t{\"@context\":\"https:\\\/\\\/schema.org\",\"@graph\":[{\"@type\":\"BreadcrumbList\",\"@id\":\"https:\\\/\\\/candas365.es\\\/noticias\\\/se-mantiene-el-auge-en-el-artesanado-aleman\\\/#breadcrumblist\",\"itemListElement\":[{\"@type\":\"ListItem\",\"@id\":\"https:\\\/\\\/candas365.es\\\/noticias#listItem\",\"position\":1,\"name\":\"Home\",\"item\":\"https:\\\/\\\/candas365.es\\\/noticias\",\"nextItem\":{\"@type\":\"ListItem\",\"@id\":\"https:\\\/\\\/candas365.es\\\/noticias\\\/category\\\/actualidad\\\/#listItem\",\"name\":\"Actualidad\"}},{\"@type\":\"ListItem\",\"@id\":\"https:\\\/\\\/candas365.es\\\/noticias\\\/category\\\/actualidad\\\/#listItem\",\"position\":2,\"name\":\"Actualidad\",\"item\":\"https:\\\/\\\/candas365.es\\\/noticias\\\/category\\\/actualidad\\\/\",\"nextItem\":{\"@type\":\"ListItem\",\"@id\":\"https:\\\/\\\/candas365.es\\\/noticias\\\/se-mantiene-el-auge-en-el-artesanado-aleman\\\/#listItem\",\"name\":\"Se mantiene el auge en el artesanado alem\\u00e1n\"},\"previousItem\":{\"@type\":\"ListItem\",\"@id\":\"https:\\\/\\\/candas365.es\\\/noticias#listItem\",\"name\":\"Home\"}},{\"@type\":\"ListItem\",\"@id\":\"https:\\\/\\\/candas365.es\\\/noticias\\\/se-mantiene-el-auge-en-el-artesanado-aleman\\\/#listItem\",\"position\":3,\"name\":\"Se mantiene el auge en el artesanado alem\\u00e1n\",\"previousItem\":{\"@type\":\"ListItem\",\"@id\":\"https:\\\/\\\/candas365.es\\\/noticias\\\/category\\\/actualidad\\\/#listItem\",\"name\":\"Actualidad\"}}]},{\"@type\":\"NewsArticle\",\"@id\":\"https:\\\/\\\/candas365.es\\\/noticias\\\/se-mantiene-el-auge-en-el-artesanado-aleman\\\/#newsarticle\",\"name\":\"Se mantiene el auge en el artesanado alem\\u00e1n | Cand\\u00e1s 365\",\"headline\":\"Se mantiene el auge en el artesanado alem\\u00e1n\",\"author\":{\"@id\":\"https:\\\/\\\/candas365.es\\\/noticias\\\/author\\\/admin\\\/#author\"},\"publisher\":{\"@id\":\"https:\\\/\\\/candas365.es\\\/noticias\\\/#organization\"},\"image\":{\"@type\":\"ImageObject\",\"url\":\"https:\\\/\\\/candas365.es\\\/noticias\\\/wp-content\\\/uploads\\\/2018\\\/11\\\/ceramic-3050615_960_720.jpg\",\"width\":836,\"height\":720},\"datePublished\":\"2018-11-21T21:14:47+01:00\",\"dateModified\":\"2018-11-21T21:14:47+01:00\",\"inLanguage\":\"es-ES\",\"mainEntityOfPage\":{\"@id\":\"https:\\\/\\\/candas365.es\\\/noticias\\\/se-mantiene-el-auge-en-el-artesanado-aleman\\\/#webpage\"},\"isPartOf\":{\"@id\":\"https:\\\/\\\/candas365.es\\\/noticias\\\/se-mantiene-el-auge-en-el-artesanado-aleman\\\/#webpage\"},\"articleSection\":\"Actualidad\",\"dateline\":\"Publicado el noviembre 21, 2018.\"},{\"@type\":\"Organization\",\"@id\":\"https:\\\/\\\/candas365.es\\\/noticias\\\/#organization\",\"name\":\"Cand\\u00e1s 365\",\"description\":\"Cand\\u00e1s 365 es un diario digital independiente, fundado en 2012, con base en Asturias. Informamos con rigor sobre actualidad, sociedad, cultura y ocio, con una mirada local y global.\",\"url\":\"https:\\\/\\\/candas365.es\\\/noticias\\\/\",\"email\":\"info@candas365.es\",\"telephone\":\"+34652131393\",\"foundingDate\":\"2012-06-10\",\"logo\":{\"@type\":\"ImageObject\",\"url\":\"https:\\\/\\\/candas365.es\\\/noticias\\\/wp-content\\\/uploads\\\/2024\\\/09\\\/Candas-365-Redes.jpg\",\"@id\":\"https:\\\/\\\/candas365.es\\\/noticias\\\/se-mantiene-el-auge-en-el-artesanado-aleman\\\/#organizationLogo\",\"width\":1152,\"height\":864,\"caption\":\"Cand\\u00e1s 365 Redes\"},\"image\":{\"@id\":\"https:\\\/\\\/candas365.es\\\/noticias\\\/se-mantiene-el-auge-en-el-artesanado-aleman\\\/#organizationLogo\"},\"sameAs\":[\"https:\\\/\\\/www.facebook.com\\\/Nachofdezber\",\"https:\\\/\\\/x.com\\\/NabercoDigital\",\"https:\\\/\\\/www.instagram.com\\\/nachofdezber\\\/\",\"https:\\\/\\\/www.youtube.com\\\/channel\\\/UCZP-2wLEB9Rv6erhFmqVnvg\"],\"address\":{\"@id\":\"https:\\\/\\\/candas365.es\\\/noticias\\\/#postaladdress\",\"@type\":\"PostalAddress\",\"streetAddress\":\"san antonio 4, san antonio 4\",\"postalCode\":\"33430\",\"addressLocality\":\"Cand\\u00e1s\",\"addressRegion\":\"Asturias\",\"addressCountry\":\"ES\"}},{\"@type\":\"Person\",\"@id\":\"https:\\\/\\\/candas365.es\\\/noticias\\\/author\\\/admin\\\/#author\",\"url\":\"https:\\\/\\\/candas365.es\\\/noticias\\\/author\\\/admin\\\/\",\"name\":\"Cand\\u00e1s 365\",\"image\":{\"@type\":\"ImageObject\",\"@id\":\"https:\\\/\\\/candas365.es\\\/noticias\\\/se-mantiene-el-auge-en-el-artesanado-aleman\\\/#authorImage\",\"url\":\"https:\\\/\\\/secure.gravatar.com\\\/avatar\\\/496a8e03d0c493ede1718b7934145dbdf8d89be1036b0eec9544e1094c9de390?s=96&d=mm&r=g\",\"width\":96,\"height\":96,\"caption\":\"Cand\\u00e1s 365\"},\"sameAs\":[\"https:\\\/\\\/www.facebook.com\\\/carrenoactualidad\",\"https:\\\/\\\/twitter.com\\\/nbasturias\",\"https:\\\/\\\/www.instagram.com\\\/nachofdezber\\\/\",\"https:\\\/\\\/www.youtube.com\\\/channel\\\/UCZP-2wLEB9Rv6erhFmqVnvg\"]},{\"@type\":\"WebPage\",\"@id\":\"https:\\\/\\\/candas365.es\\\/noticias\\\/se-mantiene-el-auge-en-el-artesanado-aleman\\\/#webpage\",\"url\":\"https:\\\/\\\/candas365.es\\\/noticias\\\/se-mantiene-el-auge-en-el-artesanado-aleman\\\/\",\"name\":\"Se mantiene el auge en el artesanado alem\\u00e1n | Cand\\u00e1s 365\",\"description\":\"Berl\\u00edn, 21 nov (dpa) - La Asociaci\\u00f3n alemana de Artesanos y Comerciantes (ZDH) elev\\u00f3 notablemente su pron\\u00f3stico de facturaci\\u00f3n para el corriente a\\u00f1o, seg\\u00fan revel\\u00f3 su informe oto\\u00f1al (boreal) sobre la coyuntura al que tuvo acceso dpa. El sector estima ahora registrar un incremento del volumen de negocios del 5 por ciento, frente al 3\",\"inLanguage\":\"es-ES\",\"isPartOf\":{\"@id\":\"https:\\\/\\\/candas365.es\\\/noticias\\\/#website\"},\"breadcrumb\":{\"@id\":\"https:\\\/\\\/candas365.es\\\/noticias\\\/se-mantiene-el-auge-en-el-artesanado-aleman\\\/#breadcrumblist\"},\"author\":{\"@id\":\"https:\\\/\\\/candas365.es\\\/noticias\\\/author\\\/admin\\\/#author\"},\"creator\":{\"@id\":\"https:\\\/\\\/candas365.es\\\/noticias\\\/author\\\/admin\\\/#author\"},\"image\":{\"@type\":\"ImageObject\",\"url\":\"https:\\\/\\\/candas365.es\\\/noticias\\\/wp-content\\\/uploads\\\/2018\\\/11\\\/ceramic-3050615_960_720.jpg\",\"@id\":\"https:\\\/\\\/candas365.es\\\/noticias\\\/se-mantiene-el-auge-en-el-artesanado-aleman\\\/#mainImage\",\"width\":836,\"height\":720},\"primaryImageOfPage\":{\"@id\":\"https:\\\/\\\/candas365.es\\\/noticias\\\/se-mantiene-el-auge-en-el-artesanado-aleman\\\/#mainImage\"},\"datePublished\":\"2018-11-21T21:14:47+01:00\",\"dateModified\":\"2018-11-21T21:14:47+01:00\"},{\"@type\":\"WebSite\",\"@id\":\"https:\\\/\\\/candas365.es\\\/noticias\\\/#website\",\"url\":\"https:\\\/\\\/candas365.es\\\/noticias\\\/\",\"name\":\"Cand\\u00e1s 365\",\"alternateName\":\"Cand\\u00e1s 365 Noticias\",\"description\":\"Actualidad desde Carre\\u00f1o para el mundo\",\"inLanguage\":\"es-ES\",\"publisher\":{\"@id\":\"https:\\\/\\\/candas365.es\\\/noticias\\\/#organization\"}}]}\n\t\t<\/script>\n\t\t<!-- All in One SEO Pro -->\r\n\t\t<title>Se mantiene el auge en el artesanado alem\u00e1n | Cand\u00e1s 365<\/title>\n\n","aioseo_head_json":{"title":"Se mantiene el auge en el artesanado alem\u00e1n | Cand\u00e1s 365","description":"Berl\u00edn, 21 nov (dpa) - La Asociaci\u00f3n alemana de Artesanos y Comerciantes (ZDH) elev\u00f3 notablemente su pron\u00f3stico de facturaci\u00f3n para el corriente a\u00f1o, seg\u00fan revel\u00f3 su informe oto\u00f1al (boreal) sobre la coyuntura al que tuvo acceso dpa. El sector estima ahora registrar un incremento del volumen de negocios del 5 por ciento, frente al 3","canonical_url":"https:\/\/candas365.es\/noticias\/se-mantiene-el-auge-en-el-artesanado-aleman\/","robots":"max-image-preview:large","keywords":"actualidad","webmasterTools":{"google-site-verification":"UA-32230408-1","msvalidate.01":"354F3CDFB2DA171B47FBE9ABF1F88D5","miscellaneous":""},"schema":{"@context":"https:\/\/schema.org","@graph":[{"@type":"BreadcrumbList","@id":"https:\/\/candas365.es\/noticias\/se-mantiene-el-auge-en-el-artesanado-aleman\/#breadcrumblist","itemListElement":[{"@type":"ListItem","@id":"https:\/\/candas365.es\/noticias#listItem","position":1,"name":"Home","item":"https:\/\/candas365.es\/noticias","nextItem":{"@type":"ListItem","@id":"https:\/\/candas365.es\/noticias\/category\/actualidad\/#listItem","name":"Actualidad"}},{"@type":"ListItem","@id":"https:\/\/candas365.es\/noticias\/category\/actualidad\/#listItem","position":2,"name":"Actualidad","item":"https:\/\/candas365.es\/noticias\/category\/actualidad\/","nextItem":{"@type":"ListItem","@id":"https:\/\/candas365.es\/noticias\/se-mantiene-el-auge-en-el-artesanado-aleman\/#listItem","name":"Se mantiene el auge en el artesanado alem\u00e1n"},"previousItem":{"@type":"ListItem","@id":"https:\/\/candas365.es\/noticias#listItem","name":"Home"}},{"@type":"ListItem","@id":"https:\/\/candas365.es\/noticias\/se-mantiene-el-auge-en-el-artesanado-aleman\/#listItem","position":3,"name":"Se mantiene el auge en el artesanado alem\u00e1n","previousItem":{"@type":"ListItem","@id":"https:\/\/candas365.es\/noticias\/category\/actualidad\/#listItem","name":"Actualidad"}}]},{"@type":"NewsArticle","@id":"https:\/\/candas365.es\/noticias\/se-mantiene-el-auge-en-el-artesanado-aleman\/#newsarticle","name":"Se mantiene el auge en el artesanado alem\u00e1n | Cand\u00e1s 365","headline":"Se mantiene el auge en el artesanado alem\u00e1n","author":{"@id":"https:\/\/candas365.es\/noticias\/author\/admin\/#author"},"publisher":{"@id":"https:\/\/candas365.es\/noticias\/#organization"},"image":{"@type":"ImageObject","url":"https:\/\/candas365.es\/noticias\/wp-content\/uploads\/2018\/11\/ceramic-3050615_960_720.jpg","width":836,"height":720},"datePublished":"2018-11-21T21:14:47+01:00","dateModified":"2018-11-21T21:14:47+01:00","inLanguage":"es-ES","mainEntityOfPage":{"@id":"https:\/\/candas365.es\/noticias\/se-mantiene-el-auge-en-el-artesanado-aleman\/#webpage"},"isPartOf":{"@id":"https:\/\/candas365.es\/noticias\/se-mantiene-el-auge-en-el-artesanado-aleman\/#webpage"},"articleSection":"Actualidad","dateline":"Publicado el noviembre 21, 2018."},{"@type":"Organization","@id":"https:\/\/candas365.es\/noticias\/#organization","name":"Cand\u00e1s 365","description":"Cand\u00e1s 365 es un diario digital independiente, fundado en 2012, con base en Asturias. Informamos con rigor sobre actualidad, sociedad, cultura y ocio, con una mirada local y global.","url":"https:\/\/candas365.es\/noticias\/","email":"info@candas365.es","telephone":"+34652131393","foundingDate":"2012-06-10","logo":{"@type":"ImageObject","url":"https:\/\/candas365.es\/noticias\/wp-content\/uploads\/2024\/09\/Candas-365-Redes.jpg","@id":"https:\/\/candas365.es\/noticias\/se-mantiene-el-auge-en-el-artesanado-aleman\/#organizationLogo","width":1152,"height":864,"caption":"Cand\u00e1s 365 Redes"},"image":{"@id":"https:\/\/candas365.es\/noticias\/se-mantiene-el-auge-en-el-artesanado-aleman\/#organizationLogo"},"sameAs":["https:\/\/www.facebook.com\/Nachofdezber","https:\/\/x.com\/NabercoDigital","https:\/\/www.instagram.com\/nachofdezber\/","https:\/\/www.youtube.com\/channel\/UCZP-2wLEB9Rv6erhFmqVnvg"],"address":{"@id":"https:\/\/candas365.es\/noticias\/#postaladdress","@type":"PostalAddress","streetAddress":"san antonio 4, san antonio 4","postalCode":"33430","addressLocality":"Cand\u00e1s","addressRegion":"Asturias","addressCountry":"ES"}},{"@type":"Person","@id":"https:\/\/candas365.es\/noticias\/author\/admin\/#author","url":"https:\/\/candas365.es\/noticias\/author\/admin\/","name":"Cand\u00e1s 365","image":{"@type":"ImageObject","@id":"https:\/\/candas365.es\/noticias\/se-mantiene-el-auge-en-el-artesanado-aleman\/#authorImage","url":"https:\/\/secure.gravatar.com\/avatar\/496a8e03d0c493ede1718b7934145dbdf8d89be1036b0eec9544e1094c9de390?s=96&d=mm&r=g","width":96,"height":96,"caption":"Cand\u00e1s 365"},"sameAs":["https:\/\/www.facebook.com\/carrenoactualidad","https:\/\/twitter.com\/nbasturias","https:\/\/www.instagram.com\/nachofdezber\/","https:\/\/www.youtube.com\/channel\/UCZP-2wLEB9Rv6erhFmqVnvg"]},{"@type":"WebPage","@id":"https:\/\/candas365.es\/noticias\/se-mantiene-el-auge-en-el-artesanado-aleman\/#webpage","url":"https:\/\/candas365.es\/noticias\/se-mantiene-el-auge-en-el-artesanado-aleman\/","name":"Se mantiene el auge en el artesanado alem\u00e1n | Cand\u00e1s 365","description":"Berl\u00edn, 21 nov (dpa) - La Asociaci\u00f3n alemana de Artesanos y Comerciantes (ZDH) elev\u00f3 notablemente su pron\u00f3stico de facturaci\u00f3n para el corriente a\u00f1o, seg\u00fan revel\u00f3 su informe oto\u00f1al (boreal) sobre la coyuntura al que tuvo acceso dpa. El sector estima ahora registrar un incremento del volumen de negocios del 5 por ciento, frente al 3","inLanguage":"es-ES","isPartOf":{"@id":"https:\/\/candas365.es\/noticias\/#website"},"breadcrumb":{"@id":"https:\/\/candas365.es\/noticias\/se-mantiene-el-auge-en-el-artesanado-aleman\/#breadcrumblist"},"author":{"@id":"https:\/\/candas365.es\/noticias\/author\/admin\/#author"},"creator":{"@id":"https:\/\/candas365.es\/noticias\/author\/admin\/#author"},"image":{"@type":"ImageObject","url":"https:\/\/candas365.es\/noticias\/wp-content\/uploads\/2018\/11\/ceramic-3050615_960_720.jpg","@id":"https:\/\/candas365.es\/noticias\/se-mantiene-el-auge-en-el-artesanado-aleman\/#mainImage","width":836,"height":720},"primaryImageOfPage":{"@id":"https:\/\/candas365.es\/noticias\/se-mantiene-el-auge-en-el-artesanado-aleman\/#mainImage"},"datePublished":"2018-11-21T21:14:47+01:00","dateModified":"2018-11-21T21:14:47+01:00"},{"@type":"WebSite","@id":"https:\/\/candas365.es\/noticias\/#website","url":"https:\/\/candas365.es\/noticias\/","name":"Cand\u00e1s 365","alternateName":"Cand\u00e1s 365 Noticias","description":"Actualidad desde Carre\u00f1o para el mundo","inLanguage":"es-ES","publisher":{"@id":"https:\/\/candas365.es\/noticias\/#organization"}}]},"og:locale":"es_ES","og:site_name":"Cand\u00e1s 365","og:type":"article","og:title":"Se mantiene el auge en el artesanado alem\u00e1n | Cand\u00e1s 365","og:description":"Berl\u00edn, 21 nov (dpa) - La Asociaci\u00f3n alemana de Artesanos y Comerciantes (ZDH) elev\u00f3 notablemente su pron\u00f3stico de facturaci\u00f3n para el corriente a\u00f1o, seg\u00fan revel\u00f3 su informe oto\u00f1al (boreal) sobre la coyuntura al que tuvo acceso dpa. El sector estima ahora registrar un incremento del volumen de negocios del 5 por ciento, frente al 3","og:url":"https:\/\/candas365.es\/noticias\/se-mantiene-el-auge-en-el-artesanado-aleman\/","og:image":"https:\/\/candas365.es\/noticias\/wp-content\/uploads\/2018\/11\/ceramic-3050615_960_720.jpg","og:image:secure_url":"https:\/\/candas365.es\/noticias\/wp-content\/uploads\/2018\/11\/ceramic-3050615_960_720.jpg","og:image:width":836,"og:image:height":720,"article:published_time":"2018-11-21T21:14:47+00:00","article:modified_time":"2018-11-21T21:14:47+00:00","article:publisher":"https:\/\/www.facebook.com\/Nachofdezber","article:author":"https:\/\/www.facebook.com\/carrenoactualidad","twitter:card":"summary_large_image","twitter:site":"@NabercoDigital","twitter:title":"Se mantiene el auge en el artesanado alem\u00e1n | Cand\u00e1s 365","twitter:description":"Berl\u00edn, 21 nov (dpa) - La Asociaci\u00f3n alemana de Artesanos y Comerciantes (ZDH) elev\u00f3 notablemente su pron\u00f3stico de facturaci\u00f3n para el corriente a\u00f1o, seg\u00fan revel\u00f3 su informe oto\u00f1al (boreal) sobre la coyuntura al que tuvo acceso dpa. El sector estima ahora registrar un incremento del volumen de negocios del 5 por ciento, frente al 3","twitter:creator":"@nbasturias","twitter:image":"https:\/\/candas365.es\/noticias\/wp-content\/uploads\/2018\/11\/ceramic-3050615_960_720.jpg","twitter:label1":"Escrito por","twitter:data1":"Cand\u00e1s 365","twitter:label2":"Tiempo de lectura estimado","twitter:data2":"2 minutos"},"aioseo_meta_data":{"post_id":"110364","title":null,"description":null,"keywords":null,"keyphrases":null,"primary_term":null,"canonical_url":null,"og_title":null,"og_description":null,"og_object_type":"default","og_image_type":"default","og_image_url":null,"og_image_width":null,"og_image_height":null,"og_image_custom_url":null,"og_image_custom_fields":null,"og_video":null,"og_custom_url":null,"og_article_section":null,"og_article_tags":null,"twitter_use_og":false,"twitter_card":"default","twitter_image_type":"default","twitter_image_url":null,"twitter_image_custom_url":null,"twitter_image_custom_fields":null,"twitter_title":null,"twitter_description":null,"schema":{"blockGraphs":[],"customGraphs":[],"default":{"data":{"Article":[],"Course":[],"Dataset":[],"FAQPage":[],"Movie":[],"Person":[],"Product":[],"ProductReview":[],"Car":[],"Recipe":[],"Service":[],"SoftwareApplication":[],"WebPage":[]},"graphName":"","isEnabled":true},"graphs":[]},"schema_type":null,"schema_type_options":null,"pillar_content":false,"robots_default":true,"robots_noindex":false,"robots_noarchive":false,"robots_nosnippet":false,"robots_nofollow":false,"robots_noimageindex":false,"robots_noodp":false,"robots_notranslate":false,"robots_max_snippet":null,"robots_max_videopreview":null,"robots_max_imagepreview":"large","priority":null,"frequency":null,"location":null,"local_seo":null,"seo_analyzer_scan_date":"2025-08-28 12:26:16","breadcrumb_settings":null,"limit_modified_date":false,"reviewed_by":null,"open_ai":null,"ai":null,"created":"2020-12-21 11:38:38","updated":"2025-08-28 12:26:16"},"aioseo_breadcrumb":"<div class=\"aioseo-breadcrumbs\"><span class=\"aioseo-breadcrumb\">\n\t<a href=\"https:\/\/candas365.es\/noticias\" title=\"Home\">Home<\/a>\n<\/span><span class=\"aioseo-breadcrumb-separator\">&ndash;<\/span><span class=\"aioseo-breadcrumb\">\n\t<a href=\"https:\/\/candas365.es\/noticias\/category\/actualidad\/\" title=\"Actualidad\">Actualidad<\/a>\n<\/span><span class=\"aioseo-breadcrumb-separator\">&ndash;<\/span><span class=\"aioseo-breadcrumb\">\n\tSe mantiene el auge en el artesanado alem\u00e1n\n<\/span><\/div>","aioseo_breadcrumb_json":[{"label":"Home","link":"https:\/\/candas365.es\/noticias"},{"label":"Actualidad","link":"https:\/\/candas365.es\/noticias\/category\/actualidad\/"},{"label":"Se mantiene el auge en el artesanado alem\u00e1n","link":"https:\/\/candas365.es\/noticias\/se-mantiene-el-auge-en-el-artesanado-aleman\/"}],"_links":{"self":[{"href":"https:\/\/candas365.es\/noticias\/wp-json\/wp\/v2\/posts\/110364","targetHints":{"allow":["GET"]}}],"collection":[{"href":"https:\/\/candas365.es\/noticias\/wp-json\/wp\/v2\/posts"}],"about":[{"href":"https:\/\/candas365.es\/noticias\/wp-json\/wp\/v2\/types\/post"}],"author":[{"embeddable":true,"href":"https:\/\/candas365.es\/noticias\/wp-json\/wp\/v2\/users\/1"}],"replies":[{"embeddable":true,"href":"https:\/\/candas365.es\/noticias\/wp-json\/wp\/v2\/comments?post=110364"}],"version-history":[{"count":0,"href":"https:\/\/candas365.es\/noticias\/wp-json\/wp\/v2\/posts\/110364\/revisions"}],"wp:featuredmedia":[{"embeddable":true,"href":"https:\/\/candas365.es\/noticias\/wp-json\/wp\/v2\/media\/110365"}],"wp:attachment":[{"href":"https:\/\/candas365.es\/noticias\/wp-json\/wp\/v2\/media?parent=110364"}],"wp:term":[{"taxonomy":"category","embeddable":true,"href":"https:\/\/candas365.es\/noticias\/wp-json\/wp\/v2\/categories?post=110364"},{"taxonomy":"post_tag","embeddable":true,"href":"https:\/\/candas365.es\/noticias\/wp-json\/wp\/v2\/tags?post=110364"}],"curies":[{"name":"wp","href":"https:\/\/api.w.org\/{rel}","templated":true}]}}