{"id":110362,"date":"2018-11-21T19:24:21","date_gmt":"2018-11-21T19:24:21","guid":{"rendered":"http:\/\/candas365.es\/noticias\/?p=110362"},"modified":"2018-11-21T19:24:21","modified_gmt":"2018-11-21T19:24:21","slug":"el-barcelona-tiene-un-problema-con-dembele","status":"publish","type":"post","link":"https:\/\/candas365.es\/noticias\/el-barcelona-tiene-un-problema-con-dembele\/","title":{"rendered":"El Barcelona tiene un \u00abproblema\u00bb con Demb\u00e9l\u00e9"},"content":{"rendered":"<p><img fetchpriority=\"high\" decoding=\"async\" class=\"alignleft size-medium wp-image-95363\" src=\"https:\/\/candas365.es\/noticias\/wp-content\/uploads\/2018\/05\/football-stadium-62891_960_720-360x270.jpg\" alt=\"\" width=\"360\" height=\"270\" srcset=\"https:\/\/candas365.es\/noticias\/wp-content\/uploads\/2018\/05\/football-stadium-62891_960_720-360x270.jpg 360w, https:\/\/candas365.es\/noticias\/wp-content\/uploads\/2018\/05\/football-stadium-62891_960_720-768x576.jpg 768w, https:\/\/candas365.es\/noticias\/wp-content\/uploads\/2018\/05\/football-stadium-62891_960_720-640x480.jpg 640w, https:\/\/candas365.es\/noticias\/wp-content\/uploads\/2018\/05\/football-stadium-62891_960_720-80x60.jpg 80w, https:\/\/candas365.es\/noticias\/wp-content\/uploads\/2018\/05\/football-stadium-62891_960_720-265x198.jpg 265w, https:\/\/candas365.es\/noticias\/wp-content\/uploads\/2018\/05\/football-stadium-62891_960_720-696x522.jpg 696w, https:\/\/candas365.es\/noticias\/wp-content\/uploads\/2018\/05\/football-stadium-62891_960_720-560x420.jpg 560w, https:\/\/candas365.es\/noticias\/wp-content\/uploads\/2018\/05\/football-stadium-62891_960_720.jpg 960w\" sizes=\"(max-width: 360px) 100vw, 360px\" \/>Madrid\/Barcelona, 21 nov (dpa) &#8211; El Barcelona tiene un problema con Ousmane Demb\u00e9l\u00e9: no justifica su millonaria inversi\u00f3n, llega tarde a los entrenamientos, lleva una vida extra\u00f1a, sus compa\u00f1eros reprochan su profesionalidad y un traspaso podr\u00eda ser un negocio ruinoso.<\/p>\n<p>Hace poco m\u00e1s de un a\u00f1o el club espa\u00f1ol decidi\u00f3 emprender una aventura arriesgada al pagar 105 millones de euros (cerca de 120 millones de d\u00f3lares) al Borussia Dortmund por un jugador que acababa de cumplir 20 a\u00f1os y que era una promesa por descubrir.<\/p>\n<p>Una temporada despu\u00e9s se puede decir no s\u00f3lo que Demb\u00e9l\u00e9 no est\u00e1 respondiendo a las expectativas, sino que m\u00e1s bien entr\u00f3 en una profunda regresi\u00f3n con un final imprevisible.<\/p>\n<p>Durante el par\u00f3n de selecciones su nombre fue el m\u00e1s repetido en la prensa catalana. Y no para bien precisamente. Su t\u00e9cnico, Ernesto Valverde, lo sac\u00f3 de la convocatoria del partido ante el Betis al llegar tarde a un entrenamiento de la semana y ese fue el punto de partida hacia el abismo.<\/p>\n<p>Seg\u00fan el diario \u00abBild\u00bb, su casero de Dortmund lo denunci\u00f3 por un valor 20.725,76 euros por presuntos destrozos de su casa cuando el jugador jugaba en el Borussia. Una noticia que lleg\u00f3 en medio de mil rumores sobre eventuales des\u00f3rdenes en su vida privada.<\/p>\n<p>Luego el diario \u00abSport\u00bb cont\u00f3 una historia llamativa. Seg\u00fan el peri\u00f3dico, un m\u00e9dico fue a constatar la presunta gastroenteritis que impidi\u00f3 al jugador entrenarse y cuando llam\u00f3 a la puerta se la abri\u00f3 un amigo somnoliento mientras otros cuantos permanec\u00edan tirados por el sal\u00f3n. Al parecer, Demb\u00e9l\u00e9 y sus amigos hab\u00edan tenido una maratoniana sesi\u00f3n de videojuegos.<\/p>\n<p>Estas noticias llegaron despu\u00e9s de que sus compa\u00f1eros de equipo le reprocharan su actitud. \u00abTenemos que ayudar a Demb\u00e9l\u00e9 a ver que el f\u00fatbol son 24 horas. Hay que vivirlo desde el primer minuto hasta el \u00faltimo\u00bb, dijo Gerard Piqu\u00e9.<\/p>\n<p>Y m\u00e1s reecientemente Luis Su\u00e1rez declar\u00f3 al respecto del extremo franc\u00e9s: \u00abHay que enfocarse un poco m\u00e1s y ser m\u00e1s responsable en algunos aspectos\u00bb.<\/p>\n<p>\u00abSport\u00bb tambi\u00e9n habl\u00f3 de \u00abultim\u00e1tum\u00bb al franc\u00e9s y de una hipot\u00e9tica venta si no mejoraba actitud y juego, pero hoy el diario alem\u00e1n \u00abDie Welt\u00bb asegur\u00f3 que los 40 millones de euros en variables pactados con el Borussia Dortmund deber\u00edan ser pagados \u00edntegramente en caso de un traspaso del jugador.<\/p>\n<p>De ser as\u00ed, una venta ser\u00eda una operaci\u00f3n altamente ruinosa por un futbolista que en su momento fue el fichaje m\u00e1s caro de la historia del Barcelona.<\/p>\n<p><i class=\"lang-es\"><span class=\" readonly\" title=\"\">Por Alberto Bravo (dpa)<\/span><\/i><\/p>\n","protected":false},"excerpt":{"rendered":"<p>Madrid\/Barcelona, 21 nov (dpa) &#8211; El Barcelona tiene un problema con Ousmane Demb\u00e9l\u00e9: no justifica su millonaria inversi\u00f3n, llega tarde a los entrenamientos, lleva una vida extra\u00f1a, sus compa\u00f1eros reprochan su profesionalidad y un traspaso podr\u00eda ser un negocio ruinoso. Hace poco m\u00e1s de un a\u00f1o el club espa\u00f1ol decidi\u00f3 emprender una aventura arriesgada al<\/p>\n","protected":false},"author":1,"featured_media":95363,"comment_status":"closed","ping_status":"closed","sticky":false,"template":"","format":"standard","meta":{"footnotes":""},"categories":[319],"tags":[],"class_list":{"0":"post-110362","1":"post","2":"type-post","3":"status-publish","4":"format-standard","5":"has-post-thumbnail","7":"category-deporte"},"aioseo_notices":[],"aioseo_head":"\n\t\t<!-- All in One SEO Pro 4.9.6.2 - aioseo.com -->\n\t<meta name=\"description\" content=\"Madrid\/Barcelona, 21 nov (dpa) - El Barcelona tiene un problema con Ousmane Demb\u00e9l\u00e9: no justifica su millonaria inversi\u00f3n, llega tarde a los entrenamientos, lleva una vida extra\u00f1a, sus compa\u00f1eros reprochan su profesionalidad y un traspaso podr\u00eda ser un negocio ruinoso. Hace poco m\u00e1s de un a\u00f1o el club espa\u00f1ol decidi\u00f3 emprender una aventura arriesgada al\" \/>\n\t<meta name=\"robots\" content=\"max-image-preview:large\" \/>\n\t<meta name=\"author\" content=\"Cand\u00e1s 365\"\/>\n\t<meta name=\"google-site-verification\" content=\"UA-32230408-1\" \/>\n\t<meta name=\"msvalidate.01\" content=\"354F3CDFB2DA171B47FBE9ABF1F88D5\" \/>\n\t<meta name=\"keywords\" content=\"deporte\" \/>\n\t<link rel=\"canonical\" href=\"https:\/\/candas365.es\/noticias\/el-barcelona-tiene-un-problema-con-dembele\/\" \/>\n\t<meta name=\"generator\" content=\"All in One SEO Pro (AIOSEO) 4.9.6.2\" \/>\n\t\t<meta property=\"og:locale\" content=\"es_ES\" \/>\n\t\t<meta property=\"og:site_name\" content=\"Cand\u00e1s 365\" \/>\n\t\t<meta property=\"og:type\" content=\"article\" \/>\n\t\t<meta property=\"og:title\" content=\"El Barcelona tiene un \u00abproblema\u00bb con Demb\u00e9l\u00e9 | Cand\u00e1s 365\" \/>\n\t\t<meta property=\"og:description\" content=\"Madrid\/Barcelona, 21 nov (dpa) - El Barcelona tiene un problema con Ousmane Demb\u00e9l\u00e9: no justifica su millonaria inversi\u00f3n, llega tarde a los entrenamientos, lleva una vida extra\u00f1a, sus compa\u00f1eros reprochan su profesionalidad y un traspaso podr\u00eda ser un negocio ruinoso. Hace poco m\u00e1s de un a\u00f1o el club espa\u00f1ol decidi\u00f3 emprender una aventura arriesgada al\" \/>\n\t\t<meta property=\"og:url\" content=\"https:\/\/candas365.es\/noticias\/el-barcelona-tiene-un-problema-con-dembele\/\" \/>\n\t\t<meta property=\"og:image\" content=\"https:\/\/candas365.es\/noticias\/wp-content\/uploads\/2018\/05\/football-stadium-62891_960_720.jpg\" \/>\n\t\t<meta property=\"og:image:secure_url\" content=\"https:\/\/candas365.es\/noticias\/wp-content\/uploads\/2018\/05\/football-stadium-62891_960_720.jpg\" \/>\n\t\t<meta property=\"og:image:width\" content=\"960\" \/>\n\t\t<meta property=\"og:image:height\" content=\"720\" \/>\n\t\t<meta property=\"article:published_time\" content=\"2018-11-21T19:24:21+00:00\" \/>\n\t\t<meta property=\"article:modified_time\" content=\"2018-11-21T19:24:21+00:00\" \/>\n\t\t<meta property=\"article:publisher\" content=\"https:\/\/www.facebook.com\/Nachofdezber\" \/>\n\t\t<meta property=\"article:author\" content=\"https:\/\/www.facebook.com\/carrenoactualidad\" \/>\n\t\t<meta name=\"twitter:card\" content=\"summary_large_image\" \/>\n\t\t<meta name=\"twitter:site\" content=\"@NabercoDigital\" \/>\n\t\t<meta name=\"twitter:title\" content=\"El Barcelona tiene un \u00abproblema\u00bb con Demb\u00e9l\u00e9 | Cand\u00e1s 365\" \/>\n\t\t<meta name=\"twitter:description\" content=\"Madrid\/Barcelona, 21 nov (dpa) - El Barcelona tiene un problema con Ousmane Demb\u00e9l\u00e9: no justifica su millonaria inversi\u00f3n, llega tarde a los entrenamientos, lleva una vida extra\u00f1a, sus compa\u00f1eros reprochan su profesionalidad y un traspaso podr\u00eda ser un negocio ruinoso. Hace poco m\u00e1s de un a\u00f1o el club espa\u00f1ol decidi\u00f3 emprender una aventura arriesgada al\" \/>\n\t\t<meta name=\"twitter:creator\" content=\"@nbasturias\" \/>\n\t\t<meta name=\"twitter:image\" content=\"https:\/\/candas365.es\/noticias\/wp-content\/uploads\/2018\/05\/football-stadium-62891_960_720.jpg\" \/>\n\t\t<meta name=\"twitter:label1\" content=\"Escrito por\" \/>\n\t\t<meta name=\"twitter:data1\" content=\"Cand\u00e1s 365\" \/>\n\t\t<meta name=\"twitter:label2\" content=\"Tiempo de lectura estimado\" \/>\n\t\t<meta name=\"twitter:data2\" content=\"2 minutos\" \/>\n\t\t<script type=\"application\/ld+json\" class=\"aioseo-schema\">\n\t\t\t{\"@context\":\"https:\\\/\\\/schema.org\",\"@graph\":[{\"@type\":\"BreadcrumbList\",\"@id\":\"https:\\\/\\\/candas365.es\\\/noticias\\\/el-barcelona-tiene-un-problema-con-dembele\\\/#breadcrumblist\",\"itemListElement\":[{\"@type\":\"ListItem\",\"@id\":\"https:\\\/\\\/candas365.es\\\/noticias#listItem\",\"position\":1,\"name\":\"Home\",\"item\":\"https:\\\/\\\/candas365.es\\\/noticias\",\"nextItem\":{\"@type\":\"ListItem\",\"@id\":\"https:\\\/\\\/candas365.es\\\/noticias\\\/category\\\/deporte\\\/#listItem\",\"name\":\"Deporte\"}},{\"@type\":\"ListItem\",\"@id\":\"https:\\\/\\\/candas365.es\\\/noticias\\\/category\\\/deporte\\\/#listItem\",\"position\":2,\"name\":\"Deporte\",\"item\":\"https:\\\/\\\/candas365.es\\\/noticias\\\/category\\\/deporte\\\/\",\"nextItem\":{\"@type\":\"ListItem\",\"@id\":\"https:\\\/\\\/candas365.es\\\/noticias\\\/el-barcelona-tiene-un-problema-con-dembele\\\/#listItem\",\"name\":\"El Barcelona tiene un \\u00abproblema\\u00bb con Demb\\u00e9l\\u00e9\"},\"previousItem\":{\"@type\":\"ListItem\",\"@id\":\"https:\\\/\\\/candas365.es\\\/noticias#listItem\",\"name\":\"Home\"}},{\"@type\":\"ListItem\",\"@id\":\"https:\\\/\\\/candas365.es\\\/noticias\\\/el-barcelona-tiene-un-problema-con-dembele\\\/#listItem\",\"position\":3,\"name\":\"El Barcelona tiene un \\u00abproblema\\u00bb con Demb\\u00e9l\\u00e9\",\"previousItem\":{\"@type\":\"ListItem\",\"@id\":\"https:\\\/\\\/candas365.es\\\/noticias\\\/category\\\/deporte\\\/#listItem\",\"name\":\"Deporte\"}}]},{\"@type\":\"NewsArticle\",\"@id\":\"https:\\\/\\\/candas365.es\\\/noticias\\\/el-barcelona-tiene-un-problema-con-dembele\\\/#newsarticle\",\"name\":\"El Barcelona tiene un \\u00abproblema\\u00bb con Demb\\u00e9l\\u00e9 | Cand\\u00e1s 365\",\"headline\":\"El Barcelona tiene un \\u00abproblema\\u00bb con Demb\\u00e9l\\u00e9\",\"author\":{\"@id\":\"https:\\\/\\\/candas365.es\\\/noticias\\\/author\\\/admin\\\/#author\"},\"publisher\":{\"@id\":\"https:\\\/\\\/candas365.es\\\/noticias\\\/#organization\"},\"image\":{\"@type\":\"ImageObject\",\"url\":\"https:\\\/\\\/candas365.es\\\/noticias\\\/wp-content\\\/uploads\\\/2018\\\/05\\\/football-stadium-62891_960_720.jpg\",\"width\":960,\"height\":720},\"datePublished\":\"2018-11-21T19:24:21+01:00\",\"dateModified\":\"2018-11-21T19:24:21+01:00\",\"inLanguage\":\"es-ES\",\"mainEntityOfPage\":{\"@id\":\"https:\\\/\\\/candas365.es\\\/noticias\\\/el-barcelona-tiene-un-problema-con-dembele\\\/#webpage\"},\"isPartOf\":{\"@id\":\"https:\\\/\\\/candas365.es\\\/noticias\\\/el-barcelona-tiene-un-problema-con-dembele\\\/#webpage\"},\"articleSection\":\"Deporte\",\"dateline\":\"Publicado el noviembre 21, 2018.\"},{\"@type\":\"Organization\",\"@id\":\"https:\\\/\\\/candas365.es\\\/noticias\\\/#organization\",\"name\":\"Cand\\u00e1s 365\",\"description\":\"Cand\\u00e1s 365 es un diario digital independiente, fundado en 2012, con base en Asturias. Informamos con rigor sobre actualidad, sociedad, cultura y ocio, con una mirada local y global.\",\"url\":\"https:\\\/\\\/candas365.es\\\/noticias\\\/\",\"email\":\"info@candas365.es\",\"telephone\":\"+34652131393\",\"foundingDate\":\"2012-06-10\",\"logo\":{\"@type\":\"ImageObject\",\"url\":\"https:\\\/\\\/candas365.es\\\/noticias\\\/wp-content\\\/uploads\\\/2024\\\/09\\\/Candas-365-Redes.jpg\",\"@id\":\"https:\\\/\\\/candas365.es\\\/noticias\\\/el-barcelona-tiene-un-problema-con-dembele\\\/#organizationLogo\",\"width\":1152,\"height\":864,\"caption\":\"Cand\\u00e1s 365 Redes\"},\"image\":{\"@id\":\"https:\\\/\\\/candas365.es\\\/noticias\\\/el-barcelona-tiene-un-problema-con-dembele\\\/#organizationLogo\"},\"sameAs\":[\"https:\\\/\\\/www.facebook.com\\\/Nachofdezber\",\"https:\\\/\\\/x.com\\\/NabercoDigital\",\"https:\\\/\\\/www.instagram.com\\\/nachofdezber\\\/\",\"https:\\\/\\\/www.youtube.com\\\/channel\\\/UCZP-2wLEB9Rv6erhFmqVnvg\"],\"address\":{\"@id\":\"https:\\\/\\\/candas365.es\\\/noticias\\\/#postaladdress\",\"@type\":\"PostalAddress\",\"streetAddress\":\"san antonio 4, san antonio 4\",\"postalCode\":\"33430\",\"addressLocality\":\"Cand\\u00e1s\",\"addressRegion\":\"Asturias\",\"addressCountry\":\"ES\"}},{\"@type\":\"Person\",\"@id\":\"https:\\\/\\\/candas365.es\\\/noticias\\\/author\\\/admin\\\/#author\",\"url\":\"https:\\\/\\\/candas365.es\\\/noticias\\\/author\\\/admin\\\/\",\"name\":\"Cand\\u00e1s 365\",\"image\":{\"@type\":\"ImageObject\",\"@id\":\"https:\\\/\\\/candas365.es\\\/noticias\\\/el-barcelona-tiene-un-problema-con-dembele\\\/#authorImage\",\"url\":\"https:\\\/\\\/secure.gravatar.com\\\/avatar\\\/496a8e03d0c493ede1718b7934145dbdf8d89be1036b0eec9544e1094c9de390?s=96&d=mm&r=g\",\"width\":96,\"height\":96,\"caption\":\"Cand\\u00e1s 365\"},\"sameAs\":[\"https:\\\/\\\/www.facebook.com\\\/carrenoactualidad\",\"https:\\\/\\\/twitter.com\\\/nbasturias\",\"https:\\\/\\\/www.instagram.com\\\/nachofdezber\\\/\",\"https:\\\/\\\/www.youtube.com\\\/channel\\\/UCZP-2wLEB9Rv6erhFmqVnvg\"]},{\"@type\":\"WebPage\",\"@id\":\"https:\\\/\\\/candas365.es\\\/noticias\\\/el-barcelona-tiene-un-problema-con-dembele\\\/#webpage\",\"url\":\"https:\\\/\\\/candas365.es\\\/noticias\\\/el-barcelona-tiene-un-problema-con-dembele\\\/\",\"name\":\"El Barcelona tiene un \\u00abproblema\\u00bb con Demb\\u00e9l\\u00e9 | Cand\\u00e1s 365\",\"description\":\"Madrid\\\/Barcelona, 21 nov (dpa) - El Barcelona tiene un problema con Ousmane Demb\\u00e9l\\u00e9: no justifica su millonaria inversi\\u00f3n, llega tarde a los entrenamientos, lleva una vida extra\\u00f1a, sus compa\\u00f1eros reprochan su profesionalidad y un traspaso podr\\u00eda ser un negocio ruinoso. Hace poco m\\u00e1s de un a\\u00f1o el club espa\\u00f1ol decidi\\u00f3 emprender una aventura arriesgada al\",\"inLanguage\":\"es-ES\",\"isPartOf\":{\"@id\":\"https:\\\/\\\/candas365.es\\\/noticias\\\/#website\"},\"breadcrumb\":{\"@id\":\"https:\\\/\\\/candas365.es\\\/noticias\\\/el-barcelona-tiene-un-problema-con-dembele\\\/#breadcrumblist\"},\"author\":{\"@id\":\"https:\\\/\\\/candas365.es\\\/noticias\\\/author\\\/admin\\\/#author\"},\"creator\":{\"@id\":\"https:\\\/\\\/candas365.es\\\/noticias\\\/author\\\/admin\\\/#author\"},\"image\":{\"@type\":\"ImageObject\",\"url\":\"https:\\\/\\\/candas365.es\\\/noticias\\\/wp-content\\\/uploads\\\/2018\\\/05\\\/football-stadium-62891_960_720.jpg\",\"@id\":\"https:\\\/\\\/candas365.es\\\/noticias\\\/el-barcelona-tiene-un-problema-con-dembele\\\/#mainImage\",\"width\":960,\"height\":720},\"primaryImageOfPage\":{\"@id\":\"https:\\\/\\\/candas365.es\\\/noticias\\\/el-barcelona-tiene-un-problema-con-dembele\\\/#mainImage\"},\"datePublished\":\"2018-11-21T19:24:21+01:00\",\"dateModified\":\"2018-11-21T19:24:21+01:00\"},{\"@type\":\"WebSite\",\"@id\":\"https:\\\/\\\/candas365.es\\\/noticias\\\/#website\",\"url\":\"https:\\\/\\\/candas365.es\\\/noticias\\\/\",\"name\":\"Cand\\u00e1s 365\",\"alternateName\":\"Cand\\u00e1s 365 Noticias\",\"description\":\"Actualidad desde Carre\\u00f1o para el mundo\",\"inLanguage\":\"es-ES\",\"publisher\":{\"@id\":\"https:\\\/\\\/candas365.es\\\/noticias\\\/#organization\"}}]}\n\t\t<\/script>\n\t\t<!-- All in One SEO Pro -->\r\n\t\t<title>El Barcelona tiene un \u00abproblema\u00bb con Demb\u00e9l\u00e9 | Cand\u00e1s 365<\/title>\n\n","aioseo_head_json":{"title":"El Barcelona tiene un \u00abproblema\u00bb con Demb\u00e9l\u00e9 | Cand\u00e1s 365","description":"Madrid\/Barcelona, 21 nov (dpa) - El Barcelona tiene un problema con Ousmane Demb\u00e9l\u00e9: no justifica su millonaria inversi\u00f3n, llega tarde a los entrenamientos, lleva una vida extra\u00f1a, sus compa\u00f1eros reprochan su profesionalidad y un traspaso podr\u00eda ser un negocio ruinoso. Hace poco m\u00e1s de un a\u00f1o el club espa\u00f1ol decidi\u00f3 emprender una aventura arriesgada al","canonical_url":"https:\/\/candas365.es\/noticias\/el-barcelona-tiene-un-problema-con-dembele\/","robots":"max-image-preview:large","keywords":"deporte","webmasterTools":{"google-site-verification":"UA-32230408-1","msvalidate.01":"354F3CDFB2DA171B47FBE9ABF1F88D5","miscellaneous":""},"schema":{"@context":"https:\/\/schema.org","@graph":[{"@type":"BreadcrumbList","@id":"https:\/\/candas365.es\/noticias\/el-barcelona-tiene-un-problema-con-dembele\/#breadcrumblist","itemListElement":[{"@type":"ListItem","@id":"https:\/\/candas365.es\/noticias#listItem","position":1,"name":"Home","item":"https:\/\/candas365.es\/noticias","nextItem":{"@type":"ListItem","@id":"https:\/\/candas365.es\/noticias\/category\/deporte\/#listItem","name":"Deporte"}},{"@type":"ListItem","@id":"https:\/\/candas365.es\/noticias\/category\/deporte\/#listItem","position":2,"name":"Deporte","item":"https:\/\/candas365.es\/noticias\/category\/deporte\/","nextItem":{"@type":"ListItem","@id":"https:\/\/candas365.es\/noticias\/el-barcelona-tiene-un-problema-con-dembele\/#listItem","name":"El Barcelona tiene un \u00abproblema\u00bb con Demb\u00e9l\u00e9"},"previousItem":{"@type":"ListItem","@id":"https:\/\/candas365.es\/noticias#listItem","name":"Home"}},{"@type":"ListItem","@id":"https:\/\/candas365.es\/noticias\/el-barcelona-tiene-un-problema-con-dembele\/#listItem","position":3,"name":"El Barcelona tiene un \u00abproblema\u00bb con Demb\u00e9l\u00e9","previousItem":{"@type":"ListItem","@id":"https:\/\/candas365.es\/noticias\/category\/deporte\/#listItem","name":"Deporte"}}]},{"@type":"NewsArticle","@id":"https:\/\/candas365.es\/noticias\/el-barcelona-tiene-un-problema-con-dembele\/#newsarticle","name":"El Barcelona tiene un \u00abproblema\u00bb con Demb\u00e9l\u00e9 | Cand\u00e1s 365","headline":"El Barcelona tiene un \u00abproblema\u00bb con Demb\u00e9l\u00e9","author":{"@id":"https:\/\/candas365.es\/noticias\/author\/admin\/#author"},"publisher":{"@id":"https:\/\/candas365.es\/noticias\/#organization"},"image":{"@type":"ImageObject","url":"https:\/\/candas365.es\/noticias\/wp-content\/uploads\/2018\/05\/football-stadium-62891_960_720.jpg","width":960,"height":720},"datePublished":"2018-11-21T19:24:21+01:00","dateModified":"2018-11-21T19:24:21+01:00","inLanguage":"es-ES","mainEntityOfPage":{"@id":"https:\/\/candas365.es\/noticias\/el-barcelona-tiene-un-problema-con-dembele\/#webpage"},"isPartOf":{"@id":"https:\/\/candas365.es\/noticias\/el-barcelona-tiene-un-problema-con-dembele\/#webpage"},"articleSection":"Deporte","dateline":"Publicado el noviembre 21, 2018."},{"@type":"Organization","@id":"https:\/\/candas365.es\/noticias\/#organization","name":"Cand\u00e1s 365","description":"Cand\u00e1s 365 es un diario digital independiente, fundado en 2012, con base en Asturias. Informamos con rigor sobre actualidad, sociedad, cultura y ocio, con una mirada local y global.","url":"https:\/\/candas365.es\/noticias\/","email":"info@candas365.es","telephone":"+34652131393","foundingDate":"2012-06-10","logo":{"@type":"ImageObject","url":"https:\/\/candas365.es\/noticias\/wp-content\/uploads\/2024\/09\/Candas-365-Redes.jpg","@id":"https:\/\/candas365.es\/noticias\/el-barcelona-tiene-un-problema-con-dembele\/#organizationLogo","width":1152,"height":864,"caption":"Cand\u00e1s 365 Redes"},"image":{"@id":"https:\/\/candas365.es\/noticias\/el-barcelona-tiene-un-problema-con-dembele\/#organizationLogo"},"sameAs":["https:\/\/www.facebook.com\/Nachofdezber","https:\/\/x.com\/NabercoDigital","https:\/\/www.instagram.com\/nachofdezber\/","https:\/\/www.youtube.com\/channel\/UCZP-2wLEB9Rv6erhFmqVnvg"],"address":{"@id":"https:\/\/candas365.es\/noticias\/#postaladdress","@type":"PostalAddress","streetAddress":"san antonio 4, san antonio 4","postalCode":"33430","addressLocality":"Cand\u00e1s","addressRegion":"Asturias","addressCountry":"ES"}},{"@type":"Person","@id":"https:\/\/candas365.es\/noticias\/author\/admin\/#author","url":"https:\/\/candas365.es\/noticias\/author\/admin\/","name":"Cand\u00e1s 365","image":{"@type":"ImageObject","@id":"https:\/\/candas365.es\/noticias\/el-barcelona-tiene-un-problema-con-dembele\/#authorImage","url":"https:\/\/secure.gravatar.com\/avatar\/496a8e03d0c493ede1718b7934145dbdf8d89be1036b0eec9544e1094c9de390?s=96&d=mm&r=g","width":96,"height":96,"caption":"Cand\u00e1s 365"},"sameAs":["https:\/\/www.facebook.com\/carrenoactualidad","https:\/\/twitter.com\/nbasturias","https:\/\/www.instagram.com\/nachofdezber\/","https:\/\/www.youtube.com\/channel\/UCZP-2wLEB9Rv6erhFmqVnvg"]},{"@type":"WebPage","@id":"https:\/\/candas365.es\/noticias\/el-barcelona-tiene-un-problema-con-dembele\/#webpage","url":"https:\/\/candas365.es\/noticias\/el-barcelona-tiene-un-problema-con-dembele\/","name":"El Barcelona tiene un \u00abproblema\u00bb con Demb\u00e9l\u00e9 | Cand\u00e1s 365","description":"Madrid\/Barcelona, 21 nov (dpa) - El Barcelona tiene un problema con Ousmane Demb\u00e9l\u00e9: no justifica su millonaria inversi\u00f3n, llega tarde a los entrenamientos, lleva una vida extra\u00f1a, sus compa\u00f1eros reprochan su profesionalidad y un traspaso podr\u00eda ser un negocio ruinoso. Hace poco m\u00e1s de un a\u00f1o el club espa\u00f1ol decidi\u00f3 emprender una aventura arriesgada al","inLanguage":"es-ES","isPartOf":{"@id":"https:\/\/candas365.es\/noticias\/#website"},"breadcrumb":{"@id":"https:\/\/candas365.es\/noticias\/el-barcelona-tiene-un-problema-con-dembele\/#breadcrumblist"},"author":{"@id":"https:\/\/candas365.es\/noticias\/author\/admin\/#author"},"creator":{"@id":"https:\/\/candas365.es\/noticias\/author\/admin\/#author"},"image":{"@type":"ImageObject","url":"https:\/\/candas365.es\/noticias\/wp-content\/uploads\/2018\/05\/football-stadium-62891_960_720.jpg","@id":"https:\/\/candas365.es\/noticias\/el-barcelona-tiene-un-problema-con-dembele\/#mainImage","width":960,"height":720},"primaryImageOfPage":{"@id":"https:\/\/candas365.es\/noticias\/el-barcelona-tiene-un-problema-con-dembele\/#mainImage"},"datePublished":"2018-11-21T19:24:21+01:00","dateModified":"2018-11-21T19:24:21+01:00"},{"@type":"WebSite","@id":"https:\/\/candas365.es\/noticias\/#website","url":"https:\/\/candas365.es\/noticias\/","name":"Cand\u00e1s 365","alternateName":"Cand\u00e1s 365 Noticias","description":"Actualidad desde Carre\u00f1o para el mundo","inLanguage":"es-ES","publisher":{"@id":"https:\/\/candas365.es\/noticias\/#organization"}}]},"og:locale":"es_ES","og:site_name":"Cand\u00e1s 365","og:type":"article","og:title":"El Barcelona tiene un \u00abproblema\u00bb con Demb\u00e9l\u00e9 | Cand\u00e1s 365","og:description":"Madrid\/Barcelona, 21 nov (dpa) - El Barcelona tiene un problema con Ousmane Demb\u00e9l\u00e9: no justifica su millonaria inversi\u00f3n, llega tarde a los entrenamientos, lleva una vida extra\u00f1a, sus compa\u00f1eros reprochan su profesionalidad y un traspaso podr\u00eda ser un negocio ruinoso. Hace poco m\u00e1s de un a\u00f1o el club espa\u00f1ol decidi\u00f3 emprender una aventura arriesgada al","og:url":"https:\/\/candas365.es\/noticias\/el-barcelona-tiene-un-problema-con-dembele\/","og:image":"https:\/\/candas365.es\/noticias\/wp-content\/uploads\/2018\/05\/football-stadium-62891_960_720.jpg","og:image:secure_url":"https:\/\/candas365.es\/noticias\/wp-content\/uploads\/2018\/05\/football-stadium-62891_960_720.jpg","og:image:width":960,"og:image:height":720,"article:published_time":"2018-11-21T19:24:21+00:00","article:modified_time":"2018-11-21T19:24:21+00:00","article:publisher":"https:\/\/www.facebook.com\/Nachofdezber","article:author":"https:\/\/www.facebook.com\/carrenoactualidad","twitter:card":"summary_large_image","twitter:site":"@NabercoDigital","twitter:title":"El Barcelona tiene un \u00abproblema\u00bb con Demb\u00e9l\u00e9 | Cand\u00e1s 365","twitter:description":"Madrid\/Barcelona, 21 nov (dpa) - El Barcelona tiene un problema con Ousmane Demb\u00e9l\u00e9: no justifica su millonaria inversi\u00f3n, llega tarde a los entrenamientos, lleva una vida extra\u00f1a, sus compa\u00f1eros reprochan su profesionalidad y un traspaso podr\u00eda ser un negocio ruinoso. Hace poco m\u00e1s de un a\u00f1o el club espa\u00f1ol decidi\u00f3 emprender una aventura arriesgada al","twitter:creator":"@nbasturias","twitter:image":"https:\/\/candas365.es\/noticias\/wp-content\/uploads\/2018\/05\/football-stadium-62891_960_720.jpg","twitter:label1":"Escrito por","twitter:data1":"Cand\u00e1s 365","twitter:label2":"Tiempo de lectura estimado","twitter:data2":"2 minutos"},"aioseo_meta_data":{"post_id":"110362","title":null,"description":null,"keywords":null,"keyphrases":null,"primary_term":null,"canonical_url":null,"og_title":null,"og_description":null,"og_object_type":"default","og_image_type":"default","og_image_url":null,"og_image_width":null,"og_image_height":null,"og_image_custom_url":null,"og_image_custom_fields":null,"og_video":null,"og_custom_url":null,"og_article_section":null,"og_article_tags":null,"twitter_use_og":false,"twitter_card":"default","twitter_image_type":"default","twitter_image_url":null,"twitter_image_custom_url":null,"twitter_image_custom_fields":null,"twitter_title":null,"twitter_description":null,"schema":{"blockGraphs":[],"customGraphs":[],"default":{"data":{"Article":[],"Course":[],"Dataset":[],"FAQPage":[],"Movie":[],"Person":[],"Product":[],"ProductReview":[],"Car":[],"Recipe":[],"Service":[],"SoftwareApplication":[],"WebPage":[]},"graphName":"","isEnabled":true},"graphs":[],"defaultGraph":"","defaultPostTypeGraph":""},"schema_type":null,"schema_type_options":null,"pillar_content":false,"robots_default":true,"robots_noindex":false,"robots_noarchive":false,"robots_nosnippet":false,"robots_nofollow":false,"robots_noimageindex":false,"robots_noodp":false,"robots_notranslate":false,"robots_max_snippet":null,"robots_max_videopreview":null,"robots_max_imagepreview":"large","priority":null,"frequency":null,"location":null,"local_seo":null,"seo_analyzer_scan_date":"2025-08-28 12:24:23","breadcrumb_settings":null,"limit_modified_date":false,"reviewed_by":null,"open_ai":null,"ai":null,"created":"2020-12-21 11:38:38","updated":"2025-08-28 12:24:23"},"aioseo_breadcrumb":"<div class=\"aioseo-breadcrumbs\"><span class=\"aioseo-breadcrumb\">\n\t<a href=\"https:\/\/candas365.es\/noticias\" title=\"Home\">Home<\/a>\n<\/span><span class=\"aioseo-breadcrumb-separator\">&ndash;<\/span><span class=\"aioseo-breadcrumb\">\n\t<a href=\"https:\/\/candas365.es\/noticias\/category\/deporte\/\" title=\"Deporte\">Deporte<\/a>\n<\/span><span class=\"aioseo-breadcrumb-separator\">&ndash;<\/span><span class=\"aioseo-breadcrumb\">\n\tEl Barcelona tiene un \u00abproblema\u00bb con Demb\u00e9l\u00e9\n<\/span><\/div>","aioseo_breadcrumb_json":[{"label":"Home","link":"https:\/\/candas365.es\/noticias"},{"label":"Deporte","link":"https:\/\/candas365.es\/noticias\/category\/deporte\/"},{"label":"El Barcelona tiene un \u00abproblema\u00bb con Demb\u00e9l\u00e9","link":"https:\/\/candas365.es\/noticias\/el-barcelona-tiene-un-problema-con-dembele\/"}],"_links":{"self":[{"href":"https:\/\/candas365.es\/noticias\/wp-json\/wp\/v2\/posts\/110362","targetHints":{"allow":["GET"]}}],"collection":[{"href":"https:\/\/candas365.es\/noticias\/wp-json\/wp\/v2\/posts"}],"about":[{"href":"https:\/\/candas365.es\/noticias\/wp-json\/wp\/v2\/types\/post"}],"author":[{"embeddable":true,"href":"https:\/\/candas365.es\/noticias\/wp-json\/wp\/v2\/users\/1"}],"replies":[{"embeddable":true,"href":"https:\/\/candas365.es\/noticias\/wp-json\/wp\/v2\/comments?post=110362"}],"version-history":[{"count":0,"href":"https:\/\/candas365.es\/noticias\/wp-json\/wp\/v2\/posts\/110362\/revisions"}],"wp:featuredmedia":[{"embeddable":true,"href":"https:\/\/candas365.es\/noticias\/wp-json\/wp\/v2\/media\/95363"}],"wp:attachment":[{"href":"https:\/\/candas365.es\/noticias\/wp-json\/wp\/v2\/media?parent=110362"}],"wp:term":[{"taxonomy":"category","embeddable":true,"href":"https:\/\/candas365.es\/noticias\/wp-json\/wp\/v2\/categories?post=110362"},{"taxonomy":"post_tag","embeddable":true,"href":"https:\/\/candas365.es\/noticias\/wp-json\/wp\/v2\/tags?post=110362"}],"curies":[{"name":"wp","href":"https:\/\/api.w.org\/{rel}","templated":true}]}}