{"id":110316,"date":"2018-11-20T22:13:41","date_gmt":"2018-11-20T22:13:41","guid":{"rendered":"http:\/\/candas365.es\/noticias\/?p=110316"},"modified":"2018-11-20T22:13:41","modified_gmt":"2018-11-20T22:13:41","slug":"may-el-acuerdo-del-brexit-es-fantastico-para-irlanda-del-norte","status":"publish","type":"post","link":"https:\/\/candas365.es\/noticias\/may-el-acuerdo-del-brexit-es-fantastico-para-irlanda-del-norte\/","title":{"rendered":"May: \u201cEl acuerdo del Brexit es fant\u00e1stico para Irlanda del Norte\u201d"},"content":{"rendered":"<p><img fetchpriority=\"high\" decoding=\"async\" class=\"alignleft size-medium wp-image-106046\" src=\"https:\/\/candas365.es\/noticias\/wp-content\/uploads\/2018\/09\/brexit-1491370_960_720-360x270.jpg\" alt=\"\" width=\"360\" height=\"270\" srcset=\"https:\/\/candas365.es\/noticias\/wp-content\/uploads\/2018\/09\/brexit-1491370_960_720-360x270.jpg 360w, https:\/\/candas365.es\/noticias\/wp-content\/uploads\/2018\/09\/brexit-1491370_960_720-768x576.jpg 768w, https:\/\/candas365.es\/noticias\/wp-content\/uploads\/2018\/09\/brexit-1491370_960_720-640x480.jpg 640w, https:\/\/candas365.es\/noticias\/wp-content\/uploads\/2018\/09\/brexit-1491370_960_720-80x60.jpg 80w, https:\/\/candas365.es\/noticias\/wp-content\/uploads\/2018\/09\/brexit-1491370_960_720-265x198.jpg 265w, https:\/\/candas365.es\/noticias\/wp-content\/uploads\/2018\/09\/brexit-1491370_960_720-696x522.jpg 696w, https:\/\/candas365.es\/noticias\/wp-content\/uploads\/2018\/09\/brexit-1491370_960_720-560x420.jpg 560w, https:\/\/candas365.es\/noticias\/wp-content\/uploads\/2018\/09\/brexit-1491370_960_720.jpg 960w\" sizes=\"(max-width: 360px) 100vw, 360px\" \/>Londres, 20 nov (dpa) &#8211; La primera ministra brit\u00e1nica, Theresa May, insisti\u00f3 hoy en que el acuerdo del \u00abBrexit\u00bb, la salida de Reino Unido de la Uni\u00f3n Europea, es \u00abfant\u00e1stico\u00bb para Irlanda del Norte, a pesar de la fuerte oposici\u00f3n del norirland\u00e9s Partido Unionista Democr\u00e1tico (DUP).<\/p>\n<p>\u00abEl acuerdo del borrador publicado la semana pasada protege empleos y negocios, nos mantiene a salvo y preserva la integridad de la Uni\u00f3n a la vez que respeta el resultado del refer\u00e9ndum (del Brexit en 2016)\u00bb, se\u00f1ala May en un art\u00edculo que publica hoy en \u00abThe Belfast Telegraph\u00bb, el principal diario en Irlanda del Norte.<\/p>\n<p>El \u00abBrexit\u00bb \u00absit\u00faa a Irlanda del Norte en una posici\u00f3n fant\u00e1stica para el futuro\u00bb, a\u00f1adi\u00f3.<\/p>\n<p>Su art\u00edculo se publica tras la negativa el lunes de los diez diputados norirlandeses del DUP a respaldar al Gobierno en minor\u00eda de May en varias votaciones parlamentarias no cruciales.<\/p>\n<p>El DUP, que apoya al Gobierno conservador de la primera ministra, acus\u00f3 a May de haber roto \u00abuno de los acuerdos fundamentales\u00bb entre ambas formaciones.<\/p>\n<p>El portavoz del DUP para el \u00abBrexit\u00bb, Sammy Wilson, dijo que May hab\u00eda roto la promesa de negociar un acuerdo para todo Reino Unido y evitar dar un trato diferente a Irlanda del Norte.<\/p>\n<p>May afronta asimismo la oposici\u00f3n a su acuerdo de decenas de diputados conservadores euroesc\u00e9pticos, se reuni\u00f3 con su gabinete a primera hora de hoy y tiene previsto reunirse con Nicola Sturgeon, la l\u00edder del Gobierno regional escoc\u00e9s.<\/p>\n<p>Sturgeon dijo que el acuerdo del \u00abBrexit\u00bb de May \u00abno satisface a nadie\u00bb y sacar\u00eda del mercado com\u00fan de la UE a Escocia, donde una mayor\u00eda vot\u00f3 a favor de seguir en el bloque europeo.<\/p>\n<p>Downing Street se\u00f1al\u00f3 que May tambi\u00e9n prev\u00e9 reunirse con el presidente de la Comisi\u00f3n Euroepa, Jean-Claude Juncker, el mi\u00e9rcoles en Bruselas \u00abcomo parte de las negociaciones sobre el futuro marco\u00bb para las relaciones entre Reino Unido y la Uni\u00f3n Europea tras \u00abBrexit\u00bb.<\/p>\n<p>El acuerdo del \u00abBrexit\u00bb contempla una cl\u00e1usula temporal, denominada \u00abbackstop\u00bb, por la que se garantiza que la frontera irlandesa con Irlanda del Norte permanecer\u00e1 abierta en condiciones diferentes al resto de Reino Unido.<\/p>\n<p>La primera ministra insiste en que probablemente no se tenga que recurrir al \u00abbackstop\u00bb porque se llegar\u00e1 a un acuerdo permanente durante los 21 meses de transici\u00f3n despu\u00e9s de que Reino Unido deje la Uni\u00f3n Europea el 29 de marzo.<\/p>\n<p>Al menos 25 diputados conservadores han solicitado al comit\u00e9 parlamentario de la formaci\u00f3n someter a la primera ministra a una votaci\u00f3n de censura, pero para ello se necesitan los apoyos en forma de carta de al menos 48 de los 315 diputados.<\/p>\n<p>Si pierde por un voto, May se ver\u00eda forzada a renunciar, pero muchos observadores consideran que ganar\u00eda la votaci\u00f3n.<\/p>\n<p>El influyente diputado Jacob Rees-Mogg, que lidera un grupo de varias decenas de diputados euroesc\u00e9pticos, pidi\u00f3 hoy paciencia y se\u00f1al\u00f3 que ya se ver\u00e1 qu\u00e9 cartas llegan a tiempo para presentar la moci\u00f3n. Indic\u00f3 que es posible que m\u00e1s diputados conservadores escriban la carta el mes que viene, cuando se estima que se someter\u00e1 a votaci\u00f3n en el Parlamento el acuerdo del \u00abBrexit\u00bb.<\/p>\n","protected":false},"excerpt":{"rendered":"<p>Londres, 20 nov (dpa) &#8211; La primera ministra brit\u00e1nica, Theresa May, insisti\u00f3 hoy en que el acuerdo del \u00abBrexit\u00bb, la salida de Reino Unido de la Uni\u00f3n Europea, es \u00abfant\u00e1stico\u00bb para Irlanda del Norte, a pesar de la fuerte oposici\u00f3n del norirland\u00e9s Partido Unionista Democr\u00e1tico (DUP). \u00abEl acuerdo del borrador publicado la semana pasada protege<\/p>\n","protected":false},"author":1,"featured_media":106046,"comment_status":"closed","ping_status":"closed","sticky":false,"template":"","format":"standard","meta":{"footnotes":""},"categories":[343],"tags":[],"class_list":{"0":"post-110316","1":"post","2":"type-post","3":"status-publish","4":"format-standard","5":"has-post-thumbnail","7":"category-actualidad"},"aioseo_notices":[],"aioseo_head":"\n\t\t<!-- All in One SEO Pro 4.9.6.2 - aioseo.com -->\n\t<meta name=\"description\" content=\"Londres, 20 nov (dpa) - La primera ministra brit\u00e1nica, Theresa May, insisti\u00f3 hoy en que el acuerdo del &quot;Brexit&quot;, la salida de Reino Unido de la Uni\u00f3n Europea, es &quot;fant\u00e1stico&quot; para Irlanda del Norte, a pesar de la fuerte oposici\u00f3n del norirland\u00e9s Partido Unionista Democr\u00e1tico (DUP). &quot;El acuerdo del borrador publicado la semana pasada protege\" \/>\n\t<meta name=\"robots\" content=\"max-image-preview:large\" \/>\n\t<meta name=\"author\" content=\"Cand\u00e1s 365\"\/>\n\t<meta name=\"google-site-verification\" content=\"UA-32230408-1\" \/>\n\t<meta name=\"msvalidate.01\" content=\"354F3CDFB2DA171B47FBE9ABF1F88D5\" \/>\n\t<meta name=\"keywords\" content=\"actualidad\" \/>\n\t<link rel=\"canonical\" href=\"https:\/\/candas365.es\/noticias\/may-el-acuerdo-del-brexit-es-fantastico-para-irlanda-del-norte\/\" \/>\n\t<meta name=\"generator\" content=\"All in One SEO Pro (AIOSEO) 4.9.6.2\" \/>\n\t\t<meta property=\"og:locale\" content=\"es_ES\" \/>\n\t\t<meta property=\"og:site_name\" content=\"Cand\u00e1s 365\" \/>\n\t\t<meta property=\"og:type\" content=\"article\" \/>\n\t\t<meta property=\"og:title\" content=\"May: \u201cEl acuerdo del Brexit es fant\u00e1stico para Irlanda del Norte\u201d | Cand\u00e1s 365\" \/>\n\t\t<meta property=\"og:description\" content=\"Londres, 20 nov (dpa) - La primera ministra brit\u00e1nica, Theresa May, insisti\u00f3 hoy en que el acuerdo del &quot;Brexit&quot;, la salida de Reino Unido de la Uni\u00f3n Europea, es &quot;fant\u00e1stico&quot; para Irlanda del Norte, a pesar de la fuerte oposici\u00f3n del norirland\u00e9s Partido Unionista Democr\u00e1tico (DUP). &quot;El acuerdo del borrador publicado la semana pasada protege\" \/>\n\t\t<meta property=\"og:url\" content=\"https:\/\/candas365.es\/noticias\/may-el-acuerdo-del-brexit-es-fantastico-para-irlanda-del-norte\/\" \/>\n\t\t<meta property=\"og:image\" content=\"https:\/\/candas365.es\/noticias\/wp-content\/uploads\/2018\/09\/brexit-1491370_960_720.jpg\" \/>\n\t\t<meta property=\"og:image:secure_url\" content=\"https:\/\/candas365.es\/noticias\/wp-content\/uploads\/2018\/09\/brexit-1491370_960_720.jpg\" \/>\n\t\t<meta property=\"og:image:width\" content=\"960\" \/>\n\t\t<meta property=\"og:image:height\" content=\"720\" \/>\n\t\t<meta property=\"article:published_time\" content=\"2018-11-20T22:13:41+00:00\" \/>\n\t\t<meta property=\"article:modified_time\" content=\"2018-11-20T22:13:41+00:00\" \/>\n\t\t<meta property=\"article:publisher\" content=\"https:\/\/www.facebook.com\/Nachofdezber\" \/>\n\t\t<meta property=\"article:author\" content=\"https:\/\/www.facebook.com\/carrenoactualidad\" \/>\n\t\t<meta name=\"twitter:card\" content=\"summary_large_image\" \/>\n\t\t<meta name=\"twitter:site\" content=\"@NabercoDigital\" \/>\n\t\t<meta name=\"twitter:title\" content=\"May: \u201cEl acuerdo del Brexit es fant\u00e1stico para Irlanda del Norte\u201d | Cand\u00e1s 365\" \/>\n\t\t<meta name=\"twitter:description\" content=\"Londres, 20 nov (dpa) - La primera ministra brit\u00e1nica, Theresa May, insisti\u00f3 hoy en que el acuerdo del &quot;Brexit&quot;, la salida de Reino Unido de la Uni\u00f3n Europea, es &quot;fant\u00e1stico&quot; para Irlanda del Norte, a pesar de la fuerte oposici\u00f3n del norirland\u00e9s Partido Unionista Democr\u00e1tico (DUP). &quot;El acuerdo del borrador publicado la semana pasada protege\" \/>\n\t\t<meta name=\"twitter:creator\" content=\"@nbasturias\" \/>\n\t\t<meta name=\"twitter:image\" content=\"https:\/\/candas365.es\/noticias\/wp-content\/uploads\/2018\/09\/brexit-1491370_960_720.jpg\" \/>\n\t\t<meta name=\"twitter:label1\" content=\"Escrito por\" \/>\n\t\t<meta name=\"twitter:data1\" content=\"Cand\u00e1s 365\" \/>\n\t\t<meta name=\"twitter:label2\" content=\"Tiempo de lectura estimado\" \/>\n\t\t<meta name=\"twitter:data2\" content=\"3 minutos\" \/>\n\t\t<script type=\"application\/ld+json\" class=\"aioseo-schema\">\n\t\t\t{\"@context\":\"https:\\\/\\\/schema.org\",\"@graph\":[{\"@type\":\"BreadcrumbList\",\"@id\":\"https:\\\/\\\/candas365.es\\\/noticias\\\/may-el-acuerdo-del-brexit-es-fantastico-para-irlanda-del-norte\\\/#breadcrumblist\",\"itemListElement\":[{\"@type\":\"ListItem\",\"@id\":\"https:\\\/\\\/candas365.es\\\/noticias#listItem\",\"position\":1,\"name\":\"Home\",\"item\":\"https:\\\/\\\/candas365.es\\\/noticias\",\"nextItem\":{\"@type\":\"ListItem\",\"@id\":\"https:\\\/\\\/candas365.es\\\/noticias\\\/category\\\/actualidad\\\/#listItem\",\"name\":\"Actualidad\"}},{\"@type\":\"ListItem\",\"@id\":\"https:\\\/\\\/candas365.es\\\/noticias\\\/category\\\/actualidad\\\/#listItem\",\"position\":2,\"name\":\"Actualidad\",\"item\":\"https:\\\/\\\/candas365.es\\\/noticias\\\/category\\\/actualidad\\\/\",\"nextItem\":{\"@type\":\"ListItem\",\"@id\":\"https:\\\/\\\/candas365.es\\\/noticias\\\/may-el-acuerdo-del-brexit-es-fantastico-para-irlanda-del-norte\\\/#listItem\",\"name\":\"May: \\u201cEl acuerdo del Brexit es fant\\u00e1stico para Irlanda del Norte\\u201d\"},\"previousItem\":{\"@type\":\"ListItem\",\"@id\":\"https:\\\/\\\/candas365.es\\\/noticias#listItem\",\"name\":\"Home\"}},{\"@type\":\"ListItem\",\"@id\":\"https:\\\/\\\/candas365.es\\\/noticias\\\/may-el-acuerdo-del-brexit-es-fantastico-para-irlanda-del-norte\\\/#listItem\",\"position\":3,\"name\":\"May: \\u201cEl acuerdo del Brexit es fant\\u00e1stico para Irlanda del Norte\\u201d\",\"previousItem\":{\"@type\":\"ListItem\",\"@id\":\"https:\\\/\\\/candas365.es\\\/noticias\\\/category\\\/actualidad\\\/#listItem\",\"name\":\"Actualidad\"}}]},{\"@type\":\"NewsArticle\",\"@id\":\"https:\\\/\\\/candas365.es\\\/noticias\\\/may-el-acuerdo-del-brexit-es-fantastico-para-irlanda-del-norte\\\/#newsarticle\",\"name\":\"May: \\u201cEl acuerdo del Brexit es fant\\u00e1stico para Irlanda del Norte\\u201d | Cand\\u00e1s 365\",\"headline\":\"May: \\u201cEl acuerdo del Brexit es fant\\u00e1stico para Irlanda del Norte\\u201d\",\"author\":{\"@id\":\"https:\\\/\\\/candas365.es\\\/noticias\\\/author\\\/admin\\\/#author\"},\"publisher\":{\"@id\":\"https:\\\/\\\/candas365.es\\\/noticias\\\/#organization\"},\"image\":{\"@type\":\"ImageObject\",\"url\":\"https:\\\/\\\/candas365.es\\\/noticias\\\/wp-content\\\/uploads\\\/2018\\\/09\\\/brexit-1491370_960_720.jpg\",\"width\":960,\"height\":720},\"datePublished\":\"2018-11-20T22:13:41+01:00\",\"dateModified\":\"2018-11-20T22:13:41+01:00\",\"inLanguage\":\"es-ES\",\"mainEntityOfPage\":{\"@id\":\"https:\\\/\\\/candas365.es\\\/noticias\\\/may-el-acuerdo-del-brexit-es-fantastico-para-irlanda-del-norte\\\/#webpage\"},\"isPartOf\":{\"@id\":\"https:\\\/\\\/candas365.es\\\/noticias\\\/may-el-acuerdo-del-brexit-es-fantastico-para-irlanda-del-norte\\\/#webpage\"},\"articleSection\":\"Actualidad\",\"dateline\":\"Publicado el noviembre 20, 2018.\"},{\"@type\":\"Organization\",\"@id\":\"https:\\\/\\\/candas365.es\\\/noticias\\\/#organization\",\"name\":\"Cand\\u00e1s 365\",\"description\":\"Cand\\u00e1s 365 es un diario digital independiente, fundado en 2012, con base en Asturias. Informamos con rigor sobre actualidad, sociedad, cultura y ocio, con una mirada local y global.\",\"url\":\"https:\\\/\\\/candas365.es\\\/noticias\\\/\",\"email\":\"info@candas365.es\",\"telephone\":\"+34652131393\",\"foundingDate\":\"2012-06-10\",\"logo\":{\"@type\":\"ImageObject\",\"url\":\"https:\\\/\\\/candas365.es\\\/noticias\\\/wp-content\\\/uploads\\\/2024\\\/09\\\/Candas-365-Redes.jpg\",\"@id\":\"https:\\\/\\\/candas365.es\\\/noticias\\\/may-el-acuerdo-del-brexit-es-fantastico-para-irlanda-del-norte\\\/#organizationLogo\",\"width\":1152,\"height\":864,\"caption\":\"Cand\\u00e1s 365 Redes\"},\"image\":{\"@id\":\"https:\\\/\\\/candas365.es\\\/noticias\\\/may-el-acuerdo-del-brexit-es-fantastico-para-irlanda-del-norte\\\/#organizationLogo\"},\"sameAs\":[\"https:\\\/\\\/www.facebook.com\\\/Nachofdezber\",\"https:\\\/\\\/x.com\\\/NabercoDigital\",\"https:\\\/\\\/www.instagram.com\\\/nachofdezber\\\/\",\"https:\\\/\\\/www.youtube.com\\\/channel\\\/UCZP-2wLEB9Rv6erhFmqVnvg\"],\"address\":{\"@id\":\"https:\\\/\\\/candas365.es\\\/noticias\\\/#postaladdress\",\"@type\":\"PostalAddress\",\"streetAddress\":\"san antonio 4, san antonio 4\",\"postalCode\":\"33430\",\"addressLocality\":\"Cand\\u00e1s\",\"addressRegion\":\"Asturias\",\"addressCountry\":\"ES\"}},{\"@type\":\"Person\",\"@id\":\"https:\\\/\\\/candas365.es\\\/noticias\\\/author\\\/admin\\\/#author\",\"url\":\"https:\\\/\\\/candas365.es\\\/noticias\\\/author\\\/admin\\\/\",\"name\":\"Cand\\u00e1s 365\",\"image\":{\"@type\":\"ImageObject\",\"@id\":\"https:\\\/\\\/candas365.es\\\/noticias\\\/may-el-acuerdo-del-brexit-es-fantastico-para-irlanda-del-norte\\\/#authorImage\",\"url\":\"https:\\\/\\\/secure.gravatar.com\\\/avatar\\\/496a8e03d0c493ede1718b7934145dbdf8d89be1036b0eec9544e1094c9de390?s=96&d=mm&r=g\",\"width\":96,\"height\":96,\"caption\":\"Cand\\u00e1s 365\"},\"sameAs\":[\"https:\\\/\\\/www.facebook.com\\\/carrenoactualidad\",\"https:\\\/\\\/twitter.com\\\/nbasturias\",\"https:\\\/\\\/www.instagram.com\\\/nachofdezber\\\/\",\"https:\\\/\\\/www.youtube.com\\\/channel\\\/UCZP-2wLEB9Rv6erhFmqVnvg\"]},{\"@type\":\"WebPage\",\"@id\":\"https:\\\/\\\/candas365.es\\\/noticias\\\/may-el-acuerdo-del-brexit-es-fantastico-para-irlanda-del-norte\\\/#webpage\",\"url\":\"https:\\\/\\\/candas365.es\\\/noticias\\\/may-el-acuerdo-del-brexit-es-fantastico-para-irlanda-del-norte\\\/\",\"name\":\"May: \\u201cEl acuerdo del Brexit es fant\\u00e1stico para Irlanda del Norte\\u201d | Cand\\u00e1s 365\",\"description\":\"Londres, 20 nov (dpa) - La primera ministra brit\\u00e1nica, Theresa May, insisti\\u00f3 hoy en que el acuerdo del \\\"Brexit\\\", la salida de Reino Unido de la Uni\\u00f3n Europea, es \\\"fant\\u00e1stico\\\" para Irlanda del Norte, a pesar de la fuerte oposici\\u00f3n del norirland\\u00e9s Partido Unionista Democr\\u00e1tico (DUP). \\\"El acuerdo del borrador publicado la semana pasada protege\",\"inLanguage\":\"es-ES\",\"isPartOf\":{\"@id\":\"https:\\\/\\\/candas365.es\\\/noticias\\\/#website\"},\"breadcrumb\":{\"@id\":\"https:\\\/\\\/candas365.es\\\/noticias\\\/may-el-acuerdo-del-brexit-es-fantastico-para-irlanda-del-norte\\\/#breadcrumblist\"},\"author\":{\"@id\":\"https:\\\/\\\/candas365.es\\\/noticias\\\/author\\\/admin\\\/#author\"},\"creator\":{\"@id\":\"https:\\\/\\\/candas365.es\\\/noticias\\\/author\\\/admin\\\/#author\"},\"image\":{\"@type\":\"ImageObject\",\"url\":\"https:\\\/\\\/candas365.es\\\/noticias\\\/wp-content\\\/uploads\\\/2018\\\/09\\\/brexit-1491370_960_720.jpg\",\"@id\":\"https:\\\/\\\/candas365.es\\\/noticias\\\/may-el-acuerdo-del-brexit-es-fantastico-para-irlanda-del-norte\\\/#mainImage\",\"width\":960,\"height\":720},\"primaryImageOfPage\":{\"@id\":\"https:\\\/\\\/candas365.es\\\/noticias\\\/may-el-acuerdo-del-brexit-es-fantastico-para-irlanda-del-norte\\\/#mainImage\"},\"datePublished\":\"2018-11-20T22:13:41+01:00\",\"dateModified\":\"2018-11-20T22:13:41+01:00\"},{\"@type\":\"WebSite\",\"@id\":\"https:\\\/\\\/candas365.es\\\/noticias\\\/#website\",\"url\":\"https:\\\/\\\/candas365.es\\\/noticias\\\/\",\"name\":\"Cand\\u00e1s 365\",\"alternateName\":\"Cand\\u00e1s 365 Noticias\",\"description\":\"Actualidad desde Carre\\u00f1o para el mundo\",\"inLanguage\":\"es-ES\",\"publisher\":{\"@id\":\"https:\\\/\\\/candas365.es\\\/noticias\\\/#organization\"}}]}\n\t\t<\/script>\n\t\t<!-- All in One SEO Pro -->\r\n\t\t<title>May: \u201cEl acuerdo del Brexit es fant\u00e1stico para Irlanda del Norte\u201d | Cand\u00e1s 365<\/title>\n\n","aioseo_head_json":{"title":"May: \u201cEl acuerdo del Brexit es fant\u00e1stico para Irlanda del Norte\u201d | Cand\u00e1s 365","description":"Londres, 20 nov (dpa) - La primera ministra brit\u00e1nica, Theresa May, insisti\u00f3 hoy en que el acuerdo del \"Brexit\", la salida de Reino Unido de la Uni\u00f3n Europea, es \"fant\u00e1stico\" para Irlanda del Norte, a pesar de la fuerte oposici\u00f3n del norirland\u00e9s Partido Unionista Democr\u00e1tico (DUP). \"El acuerdo del borrador publicado la semana pasada protege","canonical_url":"https:\/\/candas365.es\/noticias\/may-el-acuerdo-del-brexit-es-fantastico-para-irlanda-del-norte\/","robots":"max-image-preview:large","keywords":"actualidad","webmasterTools":{"google-site-verification":"UA-32230408-1","msvalidate.01":"354F3CDFB2DA171B47FBE9ABF1F88D5","miscellaneous":""},"schema":{"@context":"https:\/\/schema.org","@graph":[{"@type":"BreadcrumbList","@id":"https:\/\/candas365.es\/noticias\/may-el-acuerdo-del-brexit-es-fantastico-para-irlanda-del-norte\/#breadcrumblist","itemListElement":[{"@type":"ListItem","@id":"https:\/\/candas365.es\/noticias#listItem","position":1,"name":"Home","item":"https:\/\/candas365.es\/noticias","nextItem":{"@type":"ListItem","@id":"https:\/\/candas365.es\/noticias\/category\/actualidad\/#listItem","name":"Actualidad"}},{"@type":"ListItem","@id":"https:\/\/candas365.es\/noticias\/category\/actualidad\/#listItem","position":2,"name":"Actualidad","item":"https:\/\/candas365.es\/noticias\/category\/actualidad\/","nextItem":{"@type":"ListItem","@id":"https:\/\/candas365.es\/noticias\/may-el-acuerdo-del-brexit-es-fantastico-para-irlanda-del-norte\/#listItem","name":"May: \u201cEl acuerdo del Brexit es fant\u00e1stico para Irlanda del Norte\u201d"},"previousItem":{"@type":"ListItem","@id":"https:\/\/candas365.es\/noticias#listItem","name":"Home"}},{"@type":"ListItem","@id":"https:\/\/candas365.es\/noticias\/may-el-acuerdo-del-brexit-es-fantastico-para-irlanda-del-norte\/#listItem","position":3,"name":"May: \u201cEl acuerdo del Brexit es fant\u00e1stico para Irlanda del Norte\u201d","previousItem":{"@type":"ListItem","@id":"https:\/\/candas365.es\/noticias\/category\/actualidad\/#listItem","name":"Actualidad"}}]},{"@type":"NewsArticle","@id":"https:\/\/candas365.es\/noticias\/may-el-acuerdo-del-brexit-es-fantastico-para-irlanda-del-norte\/#newsarticle","name":"May: \u201cEl acuerdo del Brexit es fant\u00e1stico para Irlanda del Norte\u201d | Cand\u00e1s 365","headline":"May: \u201cEl acuerdo del Brexit es fant\u00e1stico para Irlanda del Norte\u201d","author":{"@id":"https:\/\/candas365.es\/noticias\/author\/admin\/#author"},"publisher":{"@id":"https:\/\/candas365.es\/noticias\/#organization"},"image":{"@type":"ImageObject","url":"https:\/\/candas365.es\/noticias\/wp-content\/uploads\/2018\/09\/brexit-1491370_960_720.jpg","width":960,"height":720},"datePublished":"2018-11-20T22:13:41+01:00","dateModified":"2018-11-20T22:13:41+01:00","inLanguage":"es-ES","mainEntityOfPage":{"@id":"https:\/\/candas365.es\/noticias\/may-el-acuerdo-del-brexit-es-fantastico-para-irlanda-del-norte\/#webpage"},"isPartOf":{"@id":"https:\/\/candas365.es\/noticias\/may-el-acuerdo-del-brexit-es-fantastico-para-irlanda-del-norte\/#webpage"},"articleSection":"Actualidad","dateline":"Publicado el noviembre 20, 2018."},{"@type":"Organization","@id":"https:\/\/candas365.es\/noticias\/#organization","name":"Cand\u00e1s 365","description":"Cand\u00e1s 365 es un diario digital independiente, fundado en 2012, con base en Asturias. Informamos con rigor sobre actualidad, sociedad, cultura y ocio, con una mirada local y global.","url":"https:\/\/candas365.es\/noticias\/","email":"info@candas365.es","telephone":"+34652131393","foundingDate":"2012-06-10","logo":{"@type":"ImageObject","url":"https:\/\/candas365.es\/noticias\/wp-content\/uploads\/2024\/09\/Candas-365-Redes.jpg","@id":"https:\/\/candas365.es\/noticias\/may-el-acuerdo-del-brexit-es-fantastico-para-irlanda-del-norte\/#organizationLogo","width":1152,"height":864,"caption":"Cand\u00e1s 365 Redes"},"image":{"@id":"https:\/\/candas365.es\/noticias\/may-el-acuerdo-del-brexit-es-fantastico-para-irlanda-del-norte\/#organizationLogo"},"sameAs":["https:\/\/www.facebook.com\/Nachofdezber","https:\/\/x.com\/NabercoDigital","https:\/\/www.instagram.com\/nachofdezber\/","https:\/\/www.youtube.com\/channel\/UCZP-2wLEB9Rv6erhFmqVnvg"],"address":{"@id":"https:\/\/candas365.es\/noticias\/#postaladdress","@type":"PostalAddress","streetAddress":"san antonio 4, san antonio 4","postalCode":"33430","addressLocality":"Cand\u00e1s","addressRegion":"Asturias","addressCountry":"ES"}},{"@type":"Person","@id":"https:\/\/candas365.es\/noticias\/author\/admin\/#author","url":"https:\/\/candas365.es\/noticias\/author\/admin\/","name":"Cand\u00e1s 365","image":{"@type":"ImageObject","@id":"https:\/\/candas365.es\/noticias\/may-el-acuerdo-del-brexit-es-fantastico-para-irlanda-del-norte\/#authorImage","url":"https:\/\/secure.gravatar.com\/avatar\/496a8e03d0c493ede1718b7934145dbdf8d89be1036b0eec9544e1094c9de390?s=96&d=mm&r=g","width":96,"height":96,"caption":"Cand\u00e1s 365"},"sameAs":["https:\/\/www.facebook.com\/carrenoactualidad","https:\/\/twitter.com\/nbasturias","https:\/\/www.instagram.com\/nachofdezber\/","https:\/\/www.youtube.com\/channel\/UCZP-2wLEB9Rv6erhFmqVnvg"]},{"@type":"WebPage","@id":"https:\/\/candas365.es\/noticias\/may-el-acuerdo-del-brexit-es-fantastico-para-irlanda-del-norte\/#webpage","url":"https:\/\/candas365.es\/noticias\/may-el-acuerdo-del-brexit-es-fantastico-para-irlanda-del-norte\/","name":"May: \u201cEl acuerdo del Brexit es fant\u00e1stico para Irlanda del Norte\u201d | Cand\u00e1s 365","description":"Londres, 20 nov (dpa) - La primera ministra brit\u00e1nica, Theresa May, insisti\u00f3 hoy en que el acuerdo del \"Brexit\", la salida de Reino Unido de la Uni\u00f3n Europea, es \"fant\u00e1stico\" para Irlanda del Norte, a pesar de la fuerte oposici\u00f3n del norirland\u00e9s Partido Unionista Democr\u00e1tico (DUP). \"El acuerdo del borrador publicado la semana pasada protege","inLanguage":"es-ES","isPartOf":{"@id":"https:\/\/candas365.es\/noticias\/#website"},"breadcrumb":{"@id":"https:\/\/candas365.es\/noticias\/may-el-acuerdo-del-brexit-es-fantastico-para-irlanda-del-norte\/#breadcrumblist"},"author":{"@id":"https:\/\/candas365.es\/noticias\/author\/admin\/#author"},"creator":{"@id":"https:\/\/candas365.es\/noticias\/author\/admin\/#author"},"image":{"@type":"ImageObject","url":"https:\/\/candas365.es\/noticias\/wp-content\/uploads\/2018\/09\/brexit-1491370_960_720.jpg","@id":"https:\/\/candas365.es\/noticias\/may-el-acuerdo-del-brexit-es-fantastico-para-irlanda-del-norte\/#mainImage","width":960,"height":720},"primaryImageOfPage":{"@id":"https:\/\/candas365.es\/noticias\/may-el-acuerdo-del-brexit-es-fantastico-para-irlanda-del-norte\/#mainImage"},"datePublished":"2018-11-20T22:13:41+01:00","dateModified":"2018-11-20T22:13:41+01:00"},{"@type":"WebSite","@id":"https:\/\/candas365.es\/noticias\/#website","url":"https:\/\/candas365.es\/noticias\/","name":"Cand\u00e1s 365","alternateName":"Cand\u00e1s 365 Noticias","description":"Actualidad desde Carre\u00f1o para el mundo","inLanguage":"es-ES","publisher":{"@id":"https:\/\/candas365.es\/noticias\/#organization"}}]},"og:locale":"es_ES","og:site_name":"Cand\u00e1s 365","og:type":"article","og:title":"May: \u201cEl acuerdo del Brexit es fant\u00e1stico para Irlanda del Norte\u201d | Cand\u00e1s 365","og:description":"Londres, 20 nov (dpa) - La primera ministra brit\u00e1nica, Theresa May, insisti\u00f3 hoy en que el acuerdo del &quot;Brexit&quot;, la salida de Reino Unido de la Uni\u00f3n Europea, es &quot;fant\u00e1stico&quot; para Irlanda del Norte, a pesar de la fuerte oposici\u00f3n del norirland\u00e9s Partido Unionista Democr\u00e1tico (DUP). &quot;El acuerdo del borrador publicado la semana pasada protege","og:url":"https:\/\/candas365.es\/noticias\/may-el-acuerdo-del-brexit-es-fantastico-para-irlanda-del-norte\/","og:image":"https:\/\/candas365.es\/noticias\/wp-content\/uploads\/2018\/09\/brexit-1491370_960_720.jpg","og:image:secure_url":"https:\/\/candas365.es\/noticias\/wp-content\/uploads\/2018\/09\/brexit-1491370_960_720.jpg","og:image:width":960,"og:image:height":720,"article:published_time":"2018-11-20T22:13:41+00:00","article:modified_time":"2018-11-20T22:13:41+00:00","article:publisher":"https:\/\/www.facebook.com\/Nachofdezber","article:author":"https:\/\/www.facebook.com\/carrenoactualidad","twitter:card":"summary_large_image","twitter:site":"@NabercoDigital","twitter:title":"May: \u201cEl acuerdo del Brexit es fant\u00e1stico para Irlanda del Norte\u201d | Cand\u00e1s 365","twitter:description":"Londres, 20 nov (dpa) - La primera ministra brit\u00e1nica, Theresa May, insisti\u00f3 hoy en que el acuerdo del &quot;Brexit&quot;, la salida de Reino Unido de la Uni\u00f3n Europea, es &quot;fant\u00e1stico&quot; para Irlanda del Norte, a pesar de la fuerte oposici\u00f3n del norirland\u00e9s Partido Unionista Democr\u00e1tico (DUP). &quot;El acuerdo del borrador publicado la semana pasada protege","twitter:creator":"@nbasturias","twitter:image":"https:\/\/candas365.es\/noticias\/wp-content\/uploads\/2018\/09\/brexit-1491370_960_720.jpg","twitter:label1":"Escrito por","twitter:data1":"Cand\u00e1s 365","twitter:label2":"Tiempo de lectura estimado","twitter:data2":"3 minutos"},"aioseo_meta_data":{"post_id":"110316","title":null,"description":null,"keywords":null,"keyphrases":null,"primary_term":null,"canonical_url":null,"og_title":null,"og_description":null,"og_object_type":"default","og_image_type":"default","og_image_url":null,"og_image_width":null,"og_image_height":null,"og_image_custom_url":null,"og_image_custom_fields":null,"og_video":null,"og_custom_url":null,"og_article_section":null,"og_article_tags":null,"twitter_use_og":false,"twitter_card":"default","twitter_image_type":"default","twitter_image_url":null,"twitter_image_custom_url":null,"twitter_image_custom_fields":null,"twitter_title":null,"twitter_description":null,"schema":{"blockGraphs":[],"customGraphs":[],"default":{"data":{"Article":[],"Course":[],"Dataset":[],"FAQPage":[],"Movie":[],"Person":[],"Product":[],"ProductReview":[],"Car":[],"Recipe":[],"Service":[],"SoftwareApplication":[],"WebPage":[]},"graphName":"","isEnabled":true},"graphs":[],"defaultGraph":"","defaultPostTypeGraph":""},"schema_type":null,"schema_type_options":null,"pillar_content":false,"robots_default":true,"robots_noindex":false,"robots_noarchive":false,"robots_nosnippet":false,"robots_nofollow":false,"robots_noimageindex":false,"robots_noodp":false,"robots_notranslate":false,"robots_max_snippet":null,"robots_max_videopreview":null,"robots_max_imagepreview":"large","priority":null,"frequency":null,"location":null,"local_seo":null,"seo_analyzer_scan_date":"2025-08-28 12:18:16","breadcrumb_settings":null,"limit_modified_date":false,"reviewed_by":null,"open_ai":null,"ai":null,"created":"2020-12-21 11:38:47","updated":"2025-08-28 12:18:16"},"aioseo_breadcrumb":"<div class=\"aioseo-breadcrumbs\"><span class=\"aioseo-breadcrumb\">\n\t<a href=\"https:\/\/candas365.es\/noticias\" title=\"Home\">Home<\/a>\n<\/span><span class=\"aioseo-breadcrumb-separator\">&ndash;<\/span><span class=\"aioseo-breadcrumb\">\n\t<a href=\"https:\/\/candas365.es\/noticias\/category\/actualidad\/\" title=\"Actualidad\">Actualidad<\/a>\n<\/span><span class=\"aioseo-breadcrumb-separator\">&ndash;<\/span><span class=\"aioseo-breadcrumb\">\n\tMay: \u201cEl acuerdo del Brexit es fant\u00e1stico para Irlanda del Norte\u201d\n<\/span><\/div>","aioseo_breadcrumb_json":[{"label":"Home","link":"https:\/\/candas365.es\/noticias"},{"label":"Actualidad","link":"https:\/\/candas365.es\/noticias\/category\/actualidad\/"},{"label":"May: \u201cEl acuerdo del Brexit es fant\u00e1stico para Irlanda del Norte\u201d","link":"https:\/\/candas365.es\/noticias\/may-el-acuerdo-del-brexit-es-fantastico-para-irlanda-del-norte\/"}],"_links":{"self":[{"href":"https:\/\/candas365.es\/noticias\/wp-json\/wp\/v2\/posts\/110316","targetHints":{"allow":["GET"]}}],"collection":[{"href":"https:\/\/candas365.es\/noticias\/wp-json\/wp\/v2\/posts"}],"about":[{"href":"https:\/\/candas365.es\/noticias\/wp-json\/wp\/v2\/types\/post"}],"author":[{"embeddable":true,"href":"https:\/\/candas365.es\/noticias\/wp-json\/wp\/v2\/users\/1"}],"replies":[{"embeddable":true,"href":"https:\/\/candas365.es\/noticias\/wp-json\/wp\/v2\/comments?post=110316"}],"version-history":[{"count":0,"href":"https:\/\/candas365.es\/noticias\/wp-json\/wp\/v2\/posts\/110316\/revisions"}],"wp:featuredmedia":[{"embeddable":true,"href":"https:\/\/candas365.es\/noticias\/wp-json\/wp\/v2\/media\/106046"}],"wp:attachment":[{"href":"https:\/\/candas365.es\/noticias\/wp-json\/wp\/v2\/media?parent=110316"}],"wp:term":[{"taxonomy":"category","embeddable":true,"href":"https:\/\/candas365.es\/noticias\/wp-json\/wp\/v2\/categories?post=110316"},{"taxonomy":"post_tag","embeddable":true,"href":"https:\/\/candas365.es\/noticias\/wp-json\/wp\/v2\/tags?post=110316"}],"curies":[{"name":"wp","href":"https:\/\/api.w.org\/{rel}","templated":true}]}}