{"id":110314,"date":"2018-11-20T21:57:35","date_gmt":"2018-11-20T21:57:35","guid":{"rendered":"http:\/\/candas365.es\/noticias\/?p=110314"},"modified":"2018-11-20T21:57:35","modified_gmt":"2018-11-20T21:57:35","slug":"espana-rechazara-el-acuerdo-del-brexit-si-no-hay-cambios-con-gibraltar","status":"publish","type":"post","link":"https:\/\/candas365.es\/noticias\/espana-rechazara-el-acuerdo-del-brexit-si-no-hay-cambios-con-gibraltar\/","title":{"rendered":"Espa\u00f1a rechazar\u00e1 el acuerdo del Brexit si no hay \u00abcambios\u00bb con Gibraltar"},"content":{"rendered":"<p><img fetchpriority=\"high\" decoding=\"async\" class=\"alignleft size-medium wp-image-96671\" src=\"https:\/\/candas365.es\/noticias\/wp-content\/uploads\/2018\/05\/spain-379535_960_720-360x270.jpg\" alt=\"\" width=\"360\" height=\"270\" srcset=\"https:\/\/candas365.es\/noticias\/wp-content\/uploads\/2018\/05\/spain-379535_960_720-360x270.jpg 360w, https:\/\/candas365.es\/noticias\/wp-content\/uploads\/2018\/05\/spain-379535_960_720-768x576.jpg 768w, https:\/\/candas365.es\/noticias\/wp-content\/uploads\/2018\/05\/spain-379535_960_720-640x480.jpg 640w, https:\/\/candas365.es\/noticias\/wp-content\/uploads\/2018\/05\/spain-379535_960_720-80x60.jpg 80w, https:\/\/candas365.es\/noticias\/wp-content\/uploads\/2018\/05\/spain-379535_960_720-265x198.jpg 265w, https:\/\/candas365.es\/noticias\/wp-content\/uploads\/2018\/05\/spain-379535_960_720-696x522.jpg 696w, https:\/\/candas365.es\/noticias\/wp-content\/uploads\/2018\/05\/spain-379535_960_720-560x420.jpg 560w, https:\/\/candas365.es\/noticias\/wp-content\/uploads\/2018\/05\/spain-379535_960_720.jpg 960w\" sizes=\"(max-width: 360px) 100vw, 360px\" \/>Madrid, 20 nov (dpa) &#8211; Espa\u00f1a votar\u00e1 \u00abno\u00bb al acuerdo sobre el \u00abBrexit\u00bb si no se modifica la situaci\u00f3n que establece para el futuro de Gibraltar, avis\u00f3 hoy el jefe del Gobierno en Madrid, Pedro S\u00e1nchez.<\/p>\n<p>\u00abA d\u00eda de hoy, lamento decir que un Gobierno proeuropeo como es el Gobierno de Espa\u00f1a votar\u00e1, si no hay cambios, &#8216;no&#8217; al &#8216;Brexit'\u00bb, dijo el socialista en la inauguraci\u00f3n de un foro empresarial.<\/p>\n<p>Las palabras de S\u00e1nchez llegan un d\u00eda despu\u00e9s de que los 27 miembros de la Uni\u00f3n Europea (UE) dieran un primer apoyo al acuerdo negociado entre Londres y el bloque para el \u00abBrexit\u00bb.<\/p>\n<p>Las dos partes llegaron la semana pasada a un principio de acuerdo sobre la salida de Reino Unido de la UE, prevista el 29 de marzo de 2019, y acordaron los puntos principales de una declaraci\u00f3n pol\u00edtica sobre la futura asociaci\u00f3n entre Londres y Bruselas.<\/p>\n<p>Sin embargo, la situaci\u00f3n de Gibraltar llev\u00f3 ya el lunes al ministro de Exteriores espa\u00f1ol, Josep Borrell, a reclamar m\u00e1s \u00abclaridad jur\u00eddica\u00bb con respecto a Gibraltar.<\/p>\n<p>El pe\u00f1\u00f3n situado en el sur de la pen\u00ednsula Ib\u00e9rica est\u00e1 bajo soberan\u00eda brit\u00e1nica desde 1713, pero Espa\u00f1a lo reclama como propio.<\/p>\n<p>Gibraltar \u00abest\u00e1 representado por el Reino Unido, pero no pertenece al Reino Unido\u00bb, sostuvo hoy S\u00e1nchez, que confirm\u00f3 la negativa de Espa\u00f1a al acuerdo del \u00abBrexit\u00bb en la situaci\u00f3n actual.<\/p>\n<p>\u00abComo pa\u00eds, no podemos asumir que lo que vaya a pasar con Gibraltar en el futuro dependa de una negociaci\u00f3n entre el Reino Unido con la UE. Tendr\u00e1 que ser algo que definamos, negociemos y acordemos el Reino Unido y Espa\u00f1a\u00bb, concluy\u00f3.<\/p>\n","protected":false},"excerpt":{"rendered":"<p>Madrid, 20 nov (dpa) &#8211; Espa\u00f1a votar\u00e1 \u00abno\u00bb al acuerdo sobre el \u00abBrexit\u00bb si no se modifica la situaci\u00f3n que establece para el futuro de Gibraltar, avis\u00f3 hoy el jefe del Gobierno en Madrid, Pedro S\u00e1nchez. \u00abA d\u00eda de hoy, lamento decir que un Gobierno proeuropeo como es el Gobierno de Espa\u00f1a votar\u00e1, si no<\/p>\n","protected":false},"author":1,"featured_media":96671,"comment_status":"closed","ping_status":"closed","sticky":false,"template":"","format":"standard","meta":{"footnotes":""},"categories":[343],"tags":[],"class_list":{"0":"post-110314","1":"post","2":"type-post","3":"status-publish","4":"format-standard","5":"has-post-thumbnail","7":"category-actualidad"},"aioseo_notices":[],"aioseo_head":"\n\t\t<!-- All in One SEO Pro 4.9.6.2 - aioseo.com -->\n\t<meta name=\"description\" content=\"Madrid, 20 nov (dpa) - Espa\u00f1a votar\u00e1 &quot;no&quot; al acuerdo sobre el &quot;Brexit&quot; si no se modifica la situaci\u00f3n que establece para el futuro de Gibraltar, avis\u00f3 hoy el jefe del Gobierno en Madrid, Pedro S\u00e1nchez. &quot;A d\u00eda de hoy, lamento decir que un Gobierno proeuropeo como es el Gobierno de Espa\u00f1a votar\u00e1, si no\" \/>\n\t<meta name=\"robots\" content=\"max-image-preview:large\" \/>\n\t<meta name=\"author\" content=\"Cand\u00e1s 365\"\/>\n\t<meta name=\"google-site-verification\" content=\"UA-32230408-1\" \/>\n\t<meta name=\"msvalidate.01\" content=\"354F3CDFB2DA171B47FBE9ABF1F88D5\" \/>\n\t<meta name=\"keywords\" content=\"actualidad\" \/>\n\t<link rel=\"canonical\" href=\"https:\/\/candas365.es\/noticias\/espana-rechazara-el-acuerdo-del-brexit-si-no-hay-cambios-con-gibraltar\/\" \/>\n\t<meta name=\"generator\" content=\"All in One SEO Pro (AIOSEO) 4.9.6.2\" \/>\n\t\t<meta property=\"og:locale\" content=\"es_ES\" \/>\n\t\t<meta property=\"og:site_name\" content=\"Cand\u00e1s 365\" \/>\n\t\t<meta property=\"og:type\" content=\"article\" \/>\n\t\t<meta property=\"og:title\" content=\"Espa\u00f1a rechazar\u00e1 el acuerdo del Brexit si no hay \u00abcambios\u00bb con Gibraltar | Cand\u00e1s 365\" \/>\n\t\t<meta property=\"og:description\" content=\"Madrid, 20 nov (dpa) - Espa\u00f1a votar\u00e1 &quot;no&quot; al acuerdo sobre el &quot;Brexit&quot; si no se modifica la situaci\u00f3n que establece para el futuro de Gibraltar, avis\u00f3 hoy el jefe del Gobierno en Madrid, Pedro S\u00e1nchez. &quot;A d\u00eda de hoy, lamento decir que un Gobierno proeuropeo como es el Gobierno de Espa\u00f1a votar\u00e1, si no\" \/>\n\t\t<meta property=\"og:url\" content=\"https:\/\/candas365.es\/noticias\/espana-rechazara-el-acuerdo-del-brexit-si-no-hay-cambios-con-gibraltar\/\" \/>\n\t\t<meta property=\"og:image\" content=\"https:\/\/candas365.es\/noticias\/wp-content\/uploads\/2018\/05\/spain-379535_960_720.jpg\" \/>\n\t\t<meta property=\"og:image:secure_url\" content=\"https:\/\/candas365.es\/noticias\/wp-content\/uploads\/2018\/05\/spain-379535_960_720.jpg\" \/>\n\t\t<meta property=\"og:image:width\" content=\"960\" \/>\n\t\t<meta property=\"og:image:height\" content=\"720\" \/>\n\t\t<meta property=\"article:published_time\" content=\"2018-11-20T21:57:35+00:00\" \/>\n\t\t<meta property=\"article:modified_time\" content=\"2018-11-20T21:57:35+00:00\" \/>\n\t\t<meta property=\"article:publisher\" content=\"https:\/\/www.facebook.com\/Nachofdezber\" \/>\n\t\t<meta property=\"article:author\" content=\"https:\/\/www.facebook.com\/carrenoactualidad\" \/>\n\t\t<meta name=\"twitter:card\" content=\"summary_large_image\" \/>\n\t\t<meta name=\"twitter:site\" content=\"@NabercoDigital\" \/>\n\t\t<meta name=\"twitter:title\" content=\"Espa\u00f1a rechazar\u00e1 el acuerdo del Brexit si no hay \u00abcambios\u00bb con Gibraltar | Cand\u00e1s 365\" \/>\n\t\t<meta name=\"twitter:description\" content=\"Madrid, 20 nov (dpa) - Espa\u00f1a votar\u00e1 &quot;no&quot; al acuerdo sobre el &quot;Brexit&quot; si no se modifica la situaci\u00f3n que establece para el futuro de Gibraltar, avis\u00f3 hoy el jefe del Gobierno en Madrid, Pedro S\u00e1nchez. &quot;A d\u00eda de hoy, lamento decir que un Gobierno proeuropeo como es el Gobierno de Espa\u00f1a votar\u00e1, si no\" \/>\n\t\t<meta name=\"twitter:creator\" content=\"@nbasturias\" \/>\n\t\t<meta name=\"twitter:image\" content=\"https:\/\/candas365.es\/noticias\/wp-content\/uploads\/2018\/05\/spain-379535_960_720.jpg\" \/>\n\t\t<meta name=\"twitter:label1\" content=\"Escrito por\" \/>\n\t\t<meta name=\"twitter:data1\" content=\"Cand\u00e1s 365\" \/>\n\t\t<meta name=\"twitter:label2\" content=\"Tiempo de lectura estimado\" \/>\n\t\t<meta name=\"twitter:data2\" content=\"1 minuto\" \/>\n\t\t<script type=\"application\/ld+json\" class=\"aioseo-schema\">\n\t\t\t{\"@context\":\"https:\\\/\\\/schema.org\",\"@graph\":[{\"@type\":\"BreadcrumbList\",\"@id\":\"https:\\\/\\\/candas365.es\\\/noticias\\\/espana-rechazara-el-acuerdo-del-brexit-si-no-hay-cambios-con-gibraltar\\\/#breadcrumblist\",\"itemListElement\":[{\"@type\":\"ListItem\",\"@id\":\"https:\\\/\\\/candas365.es\\\/noticias#listItem\",\"position\":1,\"name\":\"Home\",\"item\":\"https:\\\/\\\/candas365.es\\\/noticias\",\"nextItem\":{\"@type\":\"ListItem\",\"@id\":\"https:\\\/\\\/candas365.es\\\/noticias\\\/category\\\/actualidad\\\/#listItem\",\"name\":\"Actualidad\"}},{\"@type\":\"ListItem\",\"@id\":\"https:\\\/\\\/candas365.es\\\/noticias\\\/category\\\/actualidad\\\/#listItem\",\"position\":2,\"name\":\"Actualidad\",\"item\":\"https:\\\/\\\/candas365.es\\\/noticias\\\/category\\\/actualidad\\\/\",\"nextItem\":{\"@type\":\"ListItem\",\"@id\":\"https:\\\/\\\/candas365.es\\\/noticias\\\/espana-rechazara-el-acuerdo-del-brexit-si-no-hay-cambios-con-gibraltar\\\/#listItem\",\"name\":\"Espa\\u00f1a rechazar\\u00e1 el acuerdo del Brexit si no hay \\u00abcambios\\u00bb con Gibraltar\"},\"previousItem\":{\"@type\":\"ListItem\",\"@id\":\"https:\\\/\\\/candas365.es\\\/noticias#listItem\",\"name\":\"Home\"}},{\"@type\":\"ListItem\",\"@id\":\"https:\\\/\\\/candas365.es\\\/noticias\\\/espana-rechazara-el-acuerdo-del-brexit-si-no-hay-cambios-con-gibraltar\\\/#listItem\",\"position\":3,\"name\":\"Espa\\u00f1a rechazar\\u00e1 el acuerdo del Brexit si no hay \\u00abcambios\\u00bb con Gibraltar\",\"previousItem\":{\"@type\":\"ListItem\",\"@id\":\"https:\\\/\\\/candas365.es\\\/noticias\\\/category\\\/actualidad\\\/#listItem\",\"name\":\"Actualidad\"}}]},{\"@type\":\"NewsArticle\",\"@id\":\"https:\\\/\\\/candas365.es\\\/noticias\\\/espana-rechazara-el-acuerdo-del-brexit-si-no-hay-cambios-con-gibraltar\\\/#newsarticle\",\"name\":\"Espa\\u00f1a rechazar\\u00e1 el acuerdo del Brexit si no hay \\u00abcambios\\u00bb con Gibraltar | Cand\\u00e1s 365\",\"headline\":\"Espa\\u00f1a rechazar\\u00e1 el acuerdo del Brexit si no hay \\u00abcambios\\u00bb con Gibraltar\",\"author\":{\"@id\":\"https:\\\/\\\/candas365.es\\\/noticias\\\/author\\\/admin\\\/#author\"},\"publisher\":{\"@id\":\"https:\\\/\\\/candas365.es\\\/noticias\\\/#organization\"},\"image\":{\"@type\":\"ImageObject\",\"url\":\"https:\\\/\\\/candas365.es\\\/noticias\\\/wp-content\\\/uploads\\\/2018\\\/05\\\/spain-379535_960_720.jpg\",\"width\":960,\"height\":720},\"datePublished\":\"2018-11-20T21:57:35+01:00\",\"dateModified\":\"2018-11-20T21:57:35+01:00\",\"inLanguage\":\"es-ES\",\"mainEntityOfPage\":{\"@id\":\"https:\\\/\\\/candas365.es\\\/noticias\\\/espana-rechazara-el-acuerdo-del-brexit-si-no-hay-cambios-con-gibraltar\\\/#webpage\"},\"isPartOf\":{\"@id\":\"https:\\\/\\\/candas365.es\\\/noticias\\\/espana-rechazara-el-acuerdo-del-brexit-si-no-hay-cambios-con-gibraltar\\\/#webpage\"},\"articleSection\":\"Actualidad\",\"dateline\":\"Publicado el noviembre 20, 2018.\"},{\"@type\":\"Organization\",\"@id\":\"https:\\\/\\\/candas365.es\\\/noticias\\\/#organization\",\"name\":\"Cand\\u00e1s 365\",\"description\":\"Cand\\u00e1s 365 es un diario digital independiente, fundado en 2012, con base en Asturias. Informamos con rigor sobre actualidad, sociedad, cultura y ocio, con una mirada local y global.\",\"url\":\"https:\\\/\\\/candas365.es\\\/noticias\\\/\",\"email\":\"info@candas365.es\",\"telephone\":\"+34652131393\",\"foundingDate\":\"2012-06-10\",\"logo\":{\"@type\":\"ImageObject\",\"url\":\"https:\\\/\\\/candas365.es\\\/noticias\\\/wp-content\\\/uploads\\\/2024\\\/09\\\/Candas-365-Redes.jpg\",\"@id\":\"https:\\\/\\\/candas365.es\\\/noticias\\\/espana-rechazara-el-acuerdo-del-brexit-si-no-hay-cambios-con-gibraltar\\\/#organizationLogo\",\"width\":1152,\"height\":864,\"caption\":\"Cand\\u00e1s 365 Redes\"},\"image\":{\"@id\":\"https:\\\/\\\/candas365.es\\\/noticias\\\/espana-rechazara-el-acuerdo-del-brexit-si-no-hay-cambios-con-gibraltar\\\/#organizationLogo\"},\"sameAs\":[\"https:\\\/\\\/www.facebook.com\\\/Nachofdezber\",\"https:\\\/\\\/x.com\\\/NabercoDigital\",\"https:\\\/\\\/www.instagram.com\\\/nachofdezber\\\/\",\"https:\\\/\\\/www.youtube.com\\\/channel\\\/UCZP-2wLEB9Rv6erhFmqVnvg\"],\"address\":{\"@id\":\"https:\\\/\\\/candas365.es\\\/noticias\\\/#postaladdress\",\"@type\":\"PostalAddress\",\"streetAddress\":\"san antonio 4, san antonio 4\",\"postalCode\":\"33430\",\"addressLocality\":\"Cand\\u00e1s\",\"addressRegion\":\"Asturias\",\"addressCountry\":\"ES\"}},{\"@type\":\"Person\",\"@id\":\"https:\\\/\\\/candas365.es\\\/noticias\\\/author\\\/admin\\\/#author\",\"url\":\"https:\\\/\\\/candas365.es\\\/noticias\\\/author\\\/admin\\\/\",\"name\":\"Cand\\u00e1s 365\",\"image\":{\"@type\":\"ImageObject\",\"@id\":\"https:\\\/\\\/candas365.es\\\/noticias\\\/espana-rechazara-el-acuerdo-del-brexit-si-no-hay-cambios-con-gibraltar\\\/#authorImage\",\"url\":\"https:\\\/\\\/secure.gravatar.com\\\/avatar\\\/496a8e03d0c493ede1718b7934145dbdf8d89be1036b0eec9544e1094c9de390?s=96&d=mm&r=g\",\"width\":96,\"height\":96,\"caption\":\"Cand\\u00e1s 365\"},\"sameAs\":[\"https:\\\/\\\/www.facebook.com\\\/carrenoactualidad\",\"https:\\\/\\\/twitter.com\\\/nbasturias\",\"https:\\\/\\\/www.instagram.com\\\/nachofdezber\\\/\",\"https:\\\/\\\/www.youtube.com\\\/channel\\\/UCZP-2wLEB9Rv6erhFmqVnvg\"]},{\"@type\":\"WebPage\",\"@id\":\"https:\\\/\\\/candas365.es\\\/noticias\\\/espana-rechazara-el-acuerdo-del-brexit-si-no-hay-cambios-con-gibraltar\\\/#webpage\",\"url\":\"https:\\\/\\\/candas365.es\\\/noticias\\\/espana-rechazara-el-acuerdo-del-brexit-si-no-hay-cambios-con-gibraltar\\\/\",\"name\":\"Espa\\u00f1a rechazar\\u00e1 el acuerdo del Brexit si no hay \\u00abcambios\\u00bb con Gibraltar | Cand\\u00e1s 365\",\"description\":\"Madrid, 20 nov (dpa) - Espa\\u00f1a votar\\u00e1 \\\"no\\\" al acuerdo sobre el \\\"Brexit\\\" si no se modifica la situaci\\u00f3n que establece para el futuro de Gibraltar, avis\\u00f3 hoy el jefe del Gobierno en Madrid, Pedro S\\u00e1nchez. \\\"A d\\u00eda de hoy, lamento decir que un Gobierno proeuropeo como es el Gobierno de Espa\\u00f1a votar\\u00e1, si no\",\"inLanguage\":\"es-ES\",\"isPartOf\":{\"@id\":\"https:\\\/\\\/candas365.es\\\/noticias\\\/#website\"},\"breadcrumb\":{\"@id\":\"https:\\\/\\\/candas365.es\\\/noticias\\\/espana-rechazara-el-acuerdo-del-brexit-si-no-hay-cambios-con-gibraltar\\\/#breadcrumblist\"},\"author\":{\"@id\":\"https:\\\/\\\/candas365.es\\\/noticias\\\/author\\\/admin\\\/#author\"},\"creator\":{\"@id\":\"https:\\\/\\\/candas365.es\\\/noticias\\\/author\\\/admin\\\/#author\"},\"image\":{\"@type\":\"ImageObject\",\"url\":\"https:\\\/\\\/candas365.es\\\/noticias\\\/wp-content\\\/uploads\\\/2018\\\/05\\\/spain-379535_960_720.jpg\",\"@id\":\"https:\\\/\\\/candas365.es\\\/noticias\\\/espana-rechazara-el-acuerdo-del-brexit-si-no-hay-cambios-con-gibraltar\\\/#mainImage\",\"width\":960,\"height\":720},\"primaryImageOfPage\":{\"@id\":\"https:\\\/\\\/candas365.es\\\/noticias\\\/espana-rechazara-el-acuerdo-del-brexit-si-no-hay-cambios-con-gibraltar\\\/#mainImage\"},\"datePublished\":\"2018-11-20T21:57:35+01:00\",\"dateModified\":\"2018-11-20T21:57:35+01:00\"},{\"@type\":\"WebSite\",\"@id\":\"https:\\\/\\\/candas365.es\\\/noticias\\\/#website\",\"url\":\"https:\\\/\\\/candas365.es\\\/noticias\\\/\",\"name\":\"Cand\\u00e1s 365\",\"alternateName\":\"Cand\\u00e1s 365 Noticias\",\"description\":\"Actualidad desde Carre\\u00f1o para el mundo\",\"inLanguage\":\"es-ES\",\"publisher\":{\"@id\":\"https:\\\/\\\/candas365.es\\\/noticias\\\/#organization\"}}]}\n\t\t<\/script>\n\t\t<!-- All in One SEO Pro -->\r\n\t\t<title>Espa\u00f1a rechazar\u00e1 el acuerdo del Brexit si no hay \u00abcambios\u00bb con Gibraltar | Cand\u00e1s 365<\/title>\n\n","aioseo_head_json":{"title":"Espa\u00f1a rechazar\u00e1 el acuerdo del Brexit si no hay \u00abcambios\u00bb con Gibraltar | Cand\u00e1s 365","description":"Madrid, 20 nov (dpa) - Espa\u00f1a votar\u00e1 \"no\" al acuerdo sobre el \"Brexit\" si no se modifica la situaci\u00f3n que establece para el futuro de Gibraltar, avis\u00f3 hoy el jefe del Gobierno en Madrid, Pedro S\u00e1nchez. \"A d\u00eda de hoy, lamento decir que un Gobierno proeuropeo como es el Gobierno de Espa\u00f1a votar\u00e1, si no","canonical_url":"https:\/\/candas365.es\/noticias\/espana-rechazara-el-acuerdo-del-brexit-si-no-hay-cambios-con-gibraltar\/","robots":"max-image-preview:large","keywords":"actualidad","webmasterTools":{"google-site-verification":"UA-32230408-1","msvalidate.01":"354F3CDFB2DA171B47FBE9ABF1F88D5","miscellaneous":""},"schema":{"@context":"https:\/\/schema.org","@graph":[{"@type":"BreadcrumbList","@id":"https:\/\/candas365.es\/noticias\/espana-rechazara-el-acuerdo-del-brexit-si-no-hay-cambios-con-gibraltar\/#breadcrumblist","itemListElement":[{"@type":"ListItem","@id":"https:\/\/candas365.es\/noticias#listItem","position":1,"name":"Home","item":"https:\/\/candas365.es\/noticias","nextItem":{"@type":"ListItem","@id":"https:\/\/candas365.es\/noticias\/category\/actualidad\/#listItem","name":"Actualidad"}},{"@type":"ListItem","@id":"https:\/\/candas365.es\/noticias\/category\/actualidad\/#listItem","position":2,"name":"Actualidad","item":"https:\/\/candas365.es\/noticias\/category\/actualidad\/","nextItem":{"@type":"ListItem","@id":"https:\/\/candas365.es\/noticias\/espana-rechazara-el-acuerdo-del-brexit-si-no-hay-cambios-con-gibraltar\/#listItem","name":"Espa\u00f1a rechazar\u00e1 el acuerdo del Brexit si no hay \u00abcambios\u00bb con Gibraltar"},"previousItem":{"@type":"ListItem","@id":"https:\/\/candas365.es\/noticias#listItem","name":"Home"}},{"@type":"ListItem","@id":"https:\/\/candas365.es\/noticias\/espana-rechazara-el-acuerdo-del-brexit-si-no-hay-cambios-con-gibraltar\/#listItem","position":3,"name":"Espa\u00f1a rechazar\u00e1 el acuerdo del Brexit si no hay \u00abcambios\u00bb con Gibraltar","previousItem":{"@type":"ListItem","@id":"https:\/\/candas365.es\/noticias\/category\/actualidad\/#listItem","name":"Actualidad"}}]},{"@type":"NewsArticle","@id":"https:\/\/candas365.es\/noticias\/espana-rechazara-el-acuerdo-del-brexit-si-no-hay-cambios-con-gibraltar\/#newsarticle","name":"Espa\u00f1a rechazar\u00e1 el acuerdo del Brexit si no hay \u00abcambios\u00bb con Gibraltar | Cand\u00e1s 365","headline":"Espa\u00f1a rechazar\u00e1 el acuerdo del Brexit si no hay \u00abcambios\u00bb con Gibraltar","author":{"@id":"https:\/\/candas365.es\/noticias\/author\/admin\/#author"},"publisher":{"@id":"https:\/\/candas365.es\/noticias\/#organization"},"image":{"@type":"ImageObject","url":"https:\/\/candas365.es\/noticias\/wp-content\/uploads\/2018\/05\/spain-379535_960_720.jpg","width":960,"height":720},"datePublished":"2018-11-20T21:57:35+01:00","dateModified":"2018-11-20T21:57:35+01:00","inLanguage":"es-ES","mainEntityOfPage":{"@id":"https:\/\/candas365.es\/noticias\/espana-rechazara-el-acuerdo-del-brexit-si-no-hay-cambios-con-gibraltar\/#webpage"},"isPartOf":{"@id":"https:\/\/candas365.es\/noticias\/espana-rechazara-el-acuerdo-del-brexit-si-no-hay-cambios-con-gibraltar\/#webpage"},"articleSection":"Actualidad","dateline":"Publicado el noviembre 20, 2018."},{"@type":"Organization","@id":"https:\/\/candas365.es\/noticias\/#organization","name":"Cand\u00e1s 365","description":"Cand\u00e1s 365 es un diario digital independiente, fundado en 2012, con base en Asturias. Informamos con rigor sobre actualidad, sociedad, cultura y ocio, con una mirada local y global.","url":"https:\/\/candas365.es\/noticias\/","email":"info@candas365.es","telephone":"+34652131393","foundingDate":"2012-06-10","logo":{"@type":"ImageObject","url":"https:\/\/candas365.es\/noticias\/wp-content\/uploads\/2024\/09\/Candas-365-Redes.jpg","@id":"https:\/\/candas365.es\/noticias\/espana-rechazara-el-acuerdo-del-brexit-si-no-hay-cambios-con-gibraltar\/#organizationLogo","width":1152,"height":864,"caption":"Cand\u00e1s 365 Redes"},"image":{"@id":"https:\/\/candas365.es\/noticias\/espana-rechazara-el-acuerdo-del-brexit-si-no-hay-cambios-con-gibraltar\/#organizationLogo"},"sameAs":["https:\/\/www.facebook.com\/Nachofdezber","https:\/\/x.com\/NabercoDigital","https:\/\/www.instagram.com\/nachofdezber\/","https:\/\/www.youtube.com\/channel\/UCZP-2wLEB9Rv6erhFmqVnvg"],"address":{"@id":"https:\/\/candas365.es\/noticias\/#postaladdress","@type":"PostalAddress","streetAddress":"san antonio 4, san antonio 4","postalCode":"33430","addressLocality":"Cand\u00e1s","addressRegion":"Asturias","addressCountry":"ES"}},{"@type":"Person","@id":"https:\/\/candas365.es\/noticias\/author\/admin\/#author","url":"https:\/\/candas365.es\/noticias\/author\/admin\/","name":"Cand\u00e1s 365","image":{"@type":"ImageObject","@id":"https:\/\/candas365.es\/noticias\/espana-rechazara-el-acuerdo-del-brexit-si-no-hay-cambios-con-gibraltar\/#authorImage","url":"https:\/\/secure.gravatar.com\/avatar\/496a8e03d0c493ede1718b7934145dbdf8d89be1036b0eec9544e1094c9de390?s=96&d=mm&r=g","width":96,"height":96,"caption":"Cand\u00e1s 365"},"sameAs":["https:\/\/www.facebook.com\/carrenoactualidad","https:\/\/twitter.com\/nbasturias","https:\/\/www.instagram.com\/nachofdezber\/","https:\/\/www.youtube.com\/channel\/UCZP-2wLEB9Rv6erhFmqVnvg"]},{"@type":"WebPage","@id":"https:\/\/candas365.es\/noticias\/espana-rechazara-el-acuerdo-del-brexit-si-no-hay-cambios-con-gibraltar\/#webpage","url":"https:\/\/candas365.es\/noticias\/espana-rechazara-el-acuerdo-del-brexit-si-no-hay-cambios-con-gibraltar\/","name":"Espa\u00f1a rechazar\u00e1 el acuerdo del Brexit si no hay \u00abcambios\u00bb con Gibraltar | Cand\u00e1s 365","description":"Madrid, 20 nov (dpa) - Espa\u00f1a votar\u00e1 \"no\" al acuerdo sobre el \"Brexit\" si no se modifica la situaci\u00f3n que establece para el futuro de Gibraltar, avis\u00f3 hoy el jefe del Gobierno en Madrid, Pedro S\u00e1nchez. \"A d\u00eda de hoy, lamento decir que un Gobierno proeuropeo como es el Gobierno de Espa\u00f1a votar\u00e1, si no","inLanguage":"es-ES","isPartOf":{"@id":"https:\/\/candas365.es\/noticias\/#website"},"breadcrumb":{"@id":"https:\/\/candas365.es\/noticias\/espana-rechazara-el-acuerdo-del-brexit-si-no-hay-cambios-con-gibraltar\/#breadcrumblist"},"author":{"@id":"https:\/\/candas365.es\/noticias\/author\/admin\/#author"},"creator":{"@id":"https:\/\/candas365.es\/noticias\/author\/admin\/#author"},"image":{"@type":"ImageObject","url":"https:\/\/candas365.es\/noticias\/wp-content\/uploads\/2018\/05\/spain-379535_960_720.jpg","@id":"https:\/\/candas365.es\/noticias\/espana-rechazara-el-acuerdo-del-brexit-si-no-hay-cambios-con-gibraltar\/#mainImage","width":960,"height":720},"primaryImageOfPage":{"@id":"https:\/\/candas365.es\/noticias\/espana-rechazara-el-acuerdo-del-brexit-si-no-hay-cambios-con-gibraltar\/#mainImage"},"datePublished":"2018-11-20T21:57:35+01:00","dateModified":"2018-11-20T21:57:35+01:00"},{"@type":"WebSite","@id":"https:\/\/candas365.es\/noticias\/#website","url":"https:\/\/candas365.es\/noticias\/","name":"Cand\u00e1s 365","alternateName":"Cand\u00e1s 365 Noticias","description":"Actualidad desde Carre\u00f1o para el mundo","inLanguage":"es-ES","publisher":{"@id":"https:\/\/candas365.es\/noticias\/#organization"}}]},"og:locale":"es_ES","og:site_name":"Cand\u00e1s 365","og:type":"article","og:title":"Espa\u00f1a rechazar\u00e1 el acuerdo del Brexit si no hay \u00abcambios\u00bb con Gibraltar | Cand\u00e1s 365","og:description":"Madrid, 20 nov (dpa) - Espa\u00f1a votar\u00e1 &quot;no&quot; al acuerdo sobre el &quot;Brexit&quot; si no se modifica la situaci\u00f3n que establece para el futuro de Gibraltar, avis\u00f3 hoy el jefe del Gobierno en Madrid, Pedro S\u00e1nchez. &quot;A d\u00eda de hoy, lamento decir que un Gobierno proeuropeo como es el Gobierno de Espa\u00f1a votar\u00e1, si no","og:url":"https:\/\/candas365.es\/noticias\/espana-rechazara-el-acuerdo-del-brexit-si-no-hay-cambios-con-gibraltar\/","og:image":"https:\/\/candas365.es\/noticias\/wp-content\/uploads\/2018\/05\/spain-379535_960_720.jpg","og:image:secure_url":"https:\/\/candas365.es\/noticias\/wp-content\/uploads\/2018\/05\/spain-379535_960_720.jpg","og:image:width":960,"og:image:height":720,"article:published_time":"2018-11-20T21:57:35+00:00","article:modified_time":"2018-11-20T21:57:35+00:00","article:publisher":"https:\/\/www.facebook.com\/Nachofdezber","article:author":"https:\/\/www.facebook.com\/carrenoactualidad","twitter:card":"summary_large_image","twitter:site":"@NabercoDigital","twitter:title":"Espa\u00f1a rechazar\u00e1 el acuerdo del Brexit si no hay \u00abcambios\u00bb con Gibraltar | Cand\u00e1s 365","twitter:description":"Madrid, 20 nov (dpa) - Espa\u00f1a votar\u00e1 &quot;no&quot; al acuerdo sobre el &quot;Brexit&quot; si no se modifica la situaci\u00f3n que establece para el futuro de Gibraltar, avis\u00f3 hoy el jefe del Gobierno en Madrid, Pedro S\u00e1nchez. &quot;A d\u00eda de hoy, lamento decir que un Gobierno proeuropeo como es el Gobierno de Espa\u00f1a votar\u00e1, si no","twitter:creator":"@nbasturias","twitter:image":"https:\/\/candas365.es\/noticias\/wp-content\/uploads\/2018\/05\/spain-379535_960_720.jpg","twitter:label1":"Escrito por","twitter:data1":"Cand\u00e1s 365","twitter:label2":"Tiempo de lectura estimado","twitter:data2":"1 minuto"},"aioseo_meta_data":{"post_id":"110314","title":null,"description":null,"keywords":null,"keyphrases":null,"primary_term":null,"canonical_url":null,"og_title":null,"og_description":null,"og_object_type":"default","og_image_type":"default","og_image_url":null,"og_image_width":null,"og_image_height":null,"og_image_custom_url":null,"og_image_custom_fields":null,"og_video":null,"og_custom_url":null,"og_article_section":null,"og_article_tags":null,"twitter_use_og":false,"twitter_card":"default","twitter_image_type":"default","twitter_image_url":null,"twitter_image_custom_url":null,"twitter_image_custom_fields":null,"twitter_title":null,"twitter_description":null,"schema":{"blockGraphs":[],"customGraphs":[],"default":{"data":{"Article":[],"Course":[],"Dataset":[],"FAQPage":[],"Movie":[],"Person":[],"Product":[],"ProductReview":[],"Car":[],"Recipe":[],"Service":[],"SoftwareApplication":[],"WebPage":[]},"graphName":"","isEnabled":true},"graphs":[]},"schema_type":null,"schema_type_options":null,"pillar_content":false,"robots_default":true,"robots_noindex":false,"robots_noarchive":false,"robots_nosnippet":false,"robots_nofollow":false,"robots_noimageindex":false,"robots_noodp":false,"robots_notranslate":false,"robots_max_snippet":null,"robots_max_videopreview":null,"robots_max_imagepreview":"large","priority":null,"frequency":null,"location":null,"local_seo":null,"seo_analyzer_scan_date":"2025-08-28 12:16:22","breadcrumb_settings":null,"limit_modified_date":false,"reviewed_by":null,"open_ai":null,"ai":null,"created":"2020-12-21 11:38:47","updated":"2025-08-28 12:16:22"},"aioseo_breadcrumb":"<div class=\"aioseo-breadcrumbs\"><span class=\"aioseo-breadcrumb\">\n\t<a href=\"https:\/\/candas365.es\/noticias\" title=\"Home\">Home<\/a>\n<\/span><span class=\"aioseo-breadcrumb-separator\">&ndash;<\/span><span class=\"aioseo-breadcrumb\">\n\t<a href=\"https:\/\/candas365.es\/noticias\/category\/actualidad\/\" title=\"Actualidad\">Actualidad<\/a>\n<\/span><span class=\"aioseo-breadcrumb-separator\">&ndash;<\/span><span class=\"aioseo-breadcrumb\">\n\tEspa\u00f1a rechazar\u00e1 el acuerdo del Brexit si no hay \u00abcambios\u00bb con Gibraltar\n<\/span><\/div>","aioseo_breadcrumb_json":[{"label":"Home","link":"https:\/\/candas365.es\/noticias"},{"label":"Actualidad","link":"https:\/\/candas365.es\/noticias\/category\/actualidad\/"},{"label":"Espa\u00f1a rechazar\u00e1 el acuerdo del Brexit si no hay \u00abcambios\u00bb con Gibraltar","link":"https:\/\/candas365.es\/noticias\/espana-rechazara-el-acuerdo-del-brexit-si-no-hay-cambios-con-gibraltar\/"}],"_links":{"self":[{"href":"https:\/\/candas365.es\/noticias\/wp-json\/wp\/v2\/posts\/110314","targetHints":{"allow":["GET"]}}],"collection":[{"href":"https:\/\/candas365.es\/noticias\/wp-json\/wp\/v2\/posts"}],"about":[{"href":"https:\/\/candas365.es\/noticias\/wp-json\/wp\/v2\/types\/post"}],"author":[{"embeddable":true,"href":"https:\/\/candas365.es\/noticias\/wp-json\/wp\/v2\/users\/1"}],"replies":[{"embeddable":true,"href":"https:\/\/candas365.es\/noticias\/wp-json\/wp\/v2\/comments?post=110314"}],"version-history":[{"count":0,"href":"https:\/\/candas365.es\/noticias\/wp-json\/wp\/v2\/posts\/110314\/revisions"}],"wp:featuredmedia":[{"embeddable":true,"href":"https:\/\/candas365.es\/noticias\/wp-json\/wp\/v2\/media\/96671"}],"wp:attachment":[{"href":"https:\/\/candas365.es\/noticias\/wp-json\/wp\/v2\/media?parent=110314"}],"wp:term":[{"taxonomy":"category","embeddable":true,"href":"https:\/\/candas365.es\/noticias\/wp-json\/wp\/v2\/categories?post=110314"},{"taxonomy":"post_tag","embeddable":true,"href":"https:\/\/candas365.es\/noticias\/wp-json\/wp\/v2\/tags?post=110314"}],"curies":[{"name":"wp","href":"https:\/\/api.w.org\/{rel}","templated":true}]}}